{"id":1156,"date":"2021-01-25T08:20:06","date_gmt":"2021-01-25T08:20:06","guid":{"rendered":"https:\/\/heshimardc.net\/v1\/?p=1156"},"modified":"2021-01-25T08:20:08","modified_gmt":"2021-01-25T08:20:08","slug":"vaccins-contre-la-covid-19-enfin-lespoir","status":"publish","type":"post","link":"https:\/\/heshimardc.net\/v1\/2021\/01\/25\/vaccins-contre-la-covid-19-enfin-lespoir\/","title":{"rendered":"Vaccins contre la Covid-19 : Enfin l\u2019espoir?"},"content":{"rendered":"\n<p><\/p>\n\n\n\n<p class=\"has-drop-cap\">Apr\u00e8s l\u2019apparition du coronavirus, l\u2019humanit\u00e9 s\u2019est, sans tarder, lanc\u00e9e dans une course effr\u00e9n\u00e9e en vue d\u2019obtenir le plus rapidement un vaccin. Des efforts ont \u00e9t\u00e9 fournis et des moyens financiers colossaux allou\u00e9s aux recherches, mais, plusieurs mois apr\u00e8s, la situation sanitaire \u00e9volue d\u2019une fa\u00e7on paradoxale \u00e0 travers le monde. N\u00e9anmoins, la campagne de vaccination a commenc\u00e9 en Europe et aux Etats-Unis et au 02 janvier 2021, environ 10 millions de personnes ont \u00e9t\u00e9 vaccin\u00e9es \u00e0 travers le monde. Au Royaume-Uni, la campagne avait commenc\u00e9 le 8 d\u00e9cembre et aux \u00c9tats-Unis le 14 d\u00e9cembre 2020.<\/p>\n\n\n\n<p><\/p>\n\n\n\n<p>\u00c0 ce jour, 2 000 Am\u00e9ricains ont \u00e9t\u00e9 vaccin\u00e9s fin d\u00e9cembre- l\u2019objectif ayant \u00e9t\u00e9 de vacciner 20 millions de personnes avant fin d\u00e9cembre 2021. En&nbsp;ce qui le concerne, l\u2019Espagne a commenc\u00e9 sa campagne de vaccination avec le vaccin mis au point par les laboratoires Pfizer et BioNTech, avec comme objectif de vacciner, d\u2019ici \u00e0 f\u00e9vrier 2021, 2,5 millions de personnes appartenant aux groupes prioritaires ou les plus vuln\u00e9rables. Par ailleurs il voudrait vacciner entre 15 \u00e0 20 millions des personnes d\u2019ici \u00e0 l\u2019\u00e9t\u00e9 prochain. En effet, l\u2019Espagne est parmi les pays les plus affect\u00e9s avec 50 000 d\u00e9c\u00e8s et plus de 1,8 millions de cas test\u00e9s positifs. En Afrique, il n\u2019y a que l\u2019Alg\u00e9rie qui s\u2019appr\u00eaterait \u00e0 commencer la vaccination de sa population en ce mois de janvier. Cela avait \u00e9t\u00e9 annonc\u00e9 le 20 d\u00e9cembre 2020 par le Pr\u00e9sident Abdelmadjid Tebboune.<\/p>\n\n\n\n<p class=\"has-text-color has-medium-font-size\" style=\"color:#444\"><strong>Peur bleue !<\/strong><\/p>\n\n\n\n<p>&nbsp;&nbsp;\u00c0 quelques jours du d\u00e9but de la campagne de vaccination contre le coronavirus en France, une certaine m\u00e9fiance cro\u00eet. Selon un sondage, moins&nbsp;de la moiti\u00e9 de la population fran\u00e7aise serait pr\u00eate \u00e0 se faire vacciner contre la Covid-19. Parmi les raisons \u00e9voqu\u00e9es, on parle des risques de changement du g\u00e9nome. Les gens craignent que ledit vaccin contienne une mauvaise substance ou qu\u2019il cause \u00e0 la longue des effets ind\u00e9sirables. En Espagne, le gouvernement a annonc\u00e9 son intention de recenser les personnes qui refusent de se faire vacciner dans un registre et qu\u2019il partagera avec d\u2019autres pays europ\u00e9ens. Un registre qui ne sera pas rendu public a-t-il dit. En Afrique, particuli\u00e8rement en R\u00e9publique D\u00e9mocratique du Congo, la population est allergique \u00e0 l\u2019id\u00e9e de se faire vacciner. Dans une vid\u00e9o circulant sur les r\u00e9seaux sociaux, le ministre congolais de la Sant\u00e9, Eteni Longondo dit se r\u00e9server d\u2019accepter le vaccin. La RDC, pays d\u2019Afrique centrale, n\u2019a enregistr\u00e9 depuis mars 2020 qu\u2019une quinzaine de mille cas et moins de 400 d\u00e9c\u00e8s. Les personnes test\u00e9es positives au coronavirus sont trait\u00e9es \u00e0 l\u2019aide des protocoles fabriqu\u00e9s localement comme Manacovid.<\/p>\n\n\n\n<p class=\"has-text-color has-medium-font-size\" style=\"color:#444\"><strong>Les ingr\u00e9dients du vaccin<\/strong><\/p>\n\n\n\n<p>&nbsp;Les vaccins fabriqu\u00e9s par Moderna et Pfizer \/BioNTech, indique-t-on, contiennent chacun des mati\u00e8res grasses, un principe actif, des sels et du sucre. En outre, des approches ont \u00e9t\u00e9 explor\u00e9es en vue de d\u00e9velopper une r\u00e9ponse immunitaire \u00e0 m\u00eame de d\u00e9truire le virus SARS-CoV-2. Le 9 novembre 2020, Pfizer avait annonc\u00e9 que son produit, qu\u2019il pr\u00e9parait avec BioNTech, \u00e9tait efficace \u00e0 90 %. Sans tarder, Moderna annoncera, le 17 novembre, que le sien \u00e9tait efficace \u00e0 94%.<\/p>\n\n\n\n<p class=\"has-text-color has-medium-font-size\" style=\"color:#444\"><strong>La ru\u00e9e vers le vaccin<\/strong><\/p>\n\n\n\n<p>L\u2019humanit\u00e9 s\u2019est lanc\u00e9e dans la recherche effr\u00e9n\u00e9e, dans le but de produire un vaccin en moins d\u2019un an (conception, fabrication, livraison et vaccination de la population) une performance qualifi\u00e9e du plus grand d\u00e9fi du XXI\u00e8me si\u00e8cle. L\u2019OMS comptabilise plus de 139 projets de candidats vaccins en phase pr\u00e9-clinique d\u2019\u00e9laboration. Certains vaccins sont \u00e0 la phase 1, celle qui vise \u00e0 \u00e9valuer la s\u00e9curit\u00e9 du produit, d\u2019autres \u00e0 la phase 2, o\u00f9 on explore la question de l\u2019efficacit\u00e9 et d\u2019autres encore sont \u00e0 la&nbsp;phase 3, consid\u00e9r\u00e9e comme le stade le plus avanc\u00e9 et o\u00f9 l\u2019efficacit\u00e9 est mesur\u00e9e \u00e0 grande \u00e9chelle. Aux \u00c9tats-Unis, l\u2019administration Trump a investi plusieurs milliards de dollars dans diff\u00e9rents programmes. Depuis plusieurs mois, la firme allemande BioNTech et le laboratoire am\u00e9ricain Pfizer ont collabor\u00e9 afin de parvenir \u00e0 un vaccin, une collaboration qui a \u00e9t\u00e9 un succ\u00e8s. De leur c\u00f4t\u00e9, la Russie, la Chine et Cuba ont \u00e9t\u00e9 les premiers \u00e0 injecter en masse un vaccin et \u00e0 en commencer la commercialisation.<\/p>\n\n\n\n<p class=\"has-text-color has-medium-font-size\" style=\"color:#444\"><strong>Des vaccins sous plusieurs formes<\/strong><\/p>\n\n\n\n<p>&nbsp;Press\u00e9e d\u2019avoir le vaccin, l\u2019Union europ\u00e9enne a pass\u00e9 la pr\u00e9command\u00e9 \u00e0 plusieurs laboratoires. Outre les vaccins fabriqu\u00e9s par Moderna et par Pfizer et BioNTech, beaucoup d\u2019autres vaccins sont en d\u00e9veloppement : le vaccin Novavax ; le vaccin AstraZeneca, jug\u00e9 aussi efficace, mais \u00e0 70%. Quant au vaccin Sanofi, en fabrication dans le laboratoire britannique GSK, il sera pr\u00eat fin 2021. L\u2019Institut Pasteur de Lille, de son c\u00f4t\u00e9, est en train de fabriquer un vaccin sous forme de spray nasal au lieu d\u2019une injection.<\/p>\n\n\n\n<p class=\"has-text-color has-medium-font-size\" style=\"color:#444\"><strong>Beaucoup d\u2019appel\u00e9s, peu d\u2019\u00e9lus<\/strong><\/p>\n\n\n\n<p>&nbsp;Alors que certains refusent de se faire vacciner, la grande difficult\u00e9 r\u00e9side dans le fait que toute la population mondiale ne peut recevoir le vaccin en 2021, peut-\u00eatre pas aussi en 2022. Les chercheurs de la Johns Hopkins Bloomberg r\u00e9v\u00e8lent que le 1\/5 de la population mondiale devrait attendre 2022 pour avoir acc\u00e8s au vaccin contre le coronavirus. Selon leur \u00e9tude, la moiti\u00e9 des doses potentielles pour 2021 ont \u00e9t\u00e9 r\u00e9serv\u00e9es par les pays les plus riches. Selon l\u2019\u00e9ditorial de la revue m\u00e9dicale BMJ, \u00ab le d\u00e9fi op\u00e9rationnel que repr\u00e9sente un programme mondial de vaccination contre le coronavirus sera au moins aussi difficile \u00e0 relever que le d\u00e9fi scientifique de leur mise au point \u00bb. D\u2019apr\u00e8s les analyses des chiffres de pr\u00e9command\u00e9 des vaccins faites par diff\u00e9rents pays du monde, \u00e0 la date du 15 novembre, 7,48 milliards de doses ont \u00e9t\u00e9 r\u00e9serv\u00e9es aupr\u00e8s de 13 laboratoires fabricants, ce qui permettra de vacciner 3,7 milliards de personnes, \u00e9tant donn\u00e9 que la plupart de vaccins demandent deux injections. Les pays riches, repr\u00e9sentant 14% de la population mondiale, ont pr\u00e9command\u00e9 51% des doses du vaccin. Les pays pauvres ou \u00e0 faible et moyen revenu, repr\u00e9sentant 85 % de la population mondiale, vont se partager le reste. D\u2019o\u00f9, environ 1\/5 de la population mondiale n\u2019aurait pas acc\u00e8s aux vaccins avant 2022.<\/p>\n\n\n\n<p>Par ailleurs, beaucoup de pays ont adh\u00e9r\u00e9 \u00e0 une alliance cr\u00e9\u00e9e par l\u2019OMS, appel\u00e9e Covax Covid-19 Vaccine Global Access (acc\u00e8s mondial au vaccin contre la Covid-19), organisation qui n\u00e9gocie avec les laboratoires un acc\u00e8s \u00e9quitable aux vaccins, dans laquelle les \u00c9tats-Unis et la Russie ne figurent pas. L\u2019OMS et l\u2019Alliance pour les vaccins, qui ont mis en place un m\u00e9canisme pour distribuer des vaccins anti-Covid-19 aux pays d\u00e9favoris\u00e9s, pr\u00e9voient d\u2019envoyer les premi\u00e8res fioles au premier trimestre 2021.&nbsp;<\/p>\n\n\n\n<p class=\"has-text-color has-medium-font-size\" style=\"color:#444\"><strong>Coronavirus le grand d\u00e9vastateur<\/strong><\/p>\n\n\n\n<p>\u00a0\u00a0La maladie infectieuse appel\u00e9e maladie \u00e0 coronavirus ou Covid-19, caus\u00e9e par le coronavirus SARS-coV-2, a fait son apparition le 17 novembre 2019 \u00e0 Wuhan, en Chine, ce avant de se propager \u00e0 travers la plan\u00e8te. Le 30 janvier 2020,<a href=\"https:\/\/heshimardc.net\/v1\/2020\/09\/29\/oms-une-machine-a-contreverses\/\" target=\"_blank\" rel=\"noreferrer noopener\"> l\u2019OMS se prononcera sur l\u2019urgence de sant\u00e9 publique et en mars de la m\u00eame ann\u00e9e, elle parlera de la pand\u00e9mie. <\/a>Actuellement, des formes les plus s\u00e9v\u00e8res de la maladie commencent \u00e0 se d\u00e9velopper. Alors que les pays africains connaissent la deuxi\u00e8me vague, les \u00c9tats-Unis connaissent depuis d\u00e9but d\u00e9cembre une impitoyable troisi\u00e8me vague, avec plus de 3 000 morts par jour, ce qui \u00e9quivaut, selon le Washington Post, \u00e0 un mort toutes les trente-trois secondes. Au-del\u00e0 des cons\u00e9quences \u00e9conomiques et sociales qu\u2019il a provoqu\u00e9es partout au monde, le coronavirus a \u00e9t\u00e9 un grand d\u00e9vastateur en 2020. C\u2019est \u00e0 cause de ses effets cruels qu\u2019\u00e0 l\u2019occasion de la nouvelle ann\u00e9e 2021, le secr\u00e9taire g\u00e9n\u00e9ral de l\u2019ONU, Antonio Guterres, a affirm\u00e9 que 2020 a \u00e9t\u00e9 une ann\u00e9e d\u2019\u00e9preuves, de trag\u00e9dies et de larmes.<\/p>\n\n\n\n<p><\/p>\n\n\n\n<p>&nbsp;Hubert MWIPATAYI<\/p>\n","protected":false},"excerpt":{"rendered":"<p>L\u2019id\u00e9e de trouver un vaccin contre la Covid-19 \u00e9tait plus que s\u00e9duisante pour les chercheurs du monde entier. Dans un temps record, ils l\u2019ont trouv\u00e9 et la vaccination a m\u00eame commenc\u00e9 aux Etats-Unis, au Royaume-Uni et dans certains autres pays. Cependant, la probl\u00e9matique de sa production pour la vaccination de tout le monde se pose et nombreux refusent de se vacciner pour diverses raisons. <\/p>\n","protected":false},"author":1,"featured_media":1157,"comment_status":"open","ping_status":"open","sticky":false,"template":"","format":"standard","meta":{"footnotes":""},"categories":[174],"tags":[177],"class_list":["post-1156","post","type-post","status-publish","format-standard","has-post-thumbnail","hentry","category-sante","tag-international"],"yoast_head":"<!-- This site is optimized with the Yoast SEO plugin v23.3 - https:\/\/yoast.com\/wordpress\/plugins\/seo\/ -->\n<title>Vaccins contre la Covid-19 : Enfin l\u2019espoir? - HESHIMA MAGAZINE<\/title>\n<meta name=\"description\" content=\"\u00c0 quelques jours du d\u00e9but de la campagne de vaccination contre le coronavirus en France, une certaine m\u00e9fiance cro\u00eet. Selon un sondage, moins de la moiti\u00e9 de la population fran\u00e7aise serait pr\u00eate \u00e0 se faire vacciner contre la Covid-19. Parmi les raisons \u00e9voqu\u00e9es, on parle des risques de changement du g\u00e9nome. Les gens craignent que ledit vaccin contienne une mauvaise substance ou qu\u2019il cause \u00e0 la longue des effets ind\u00e9sirables.\" \/>\n<meta name=\"robots\" content=\"index, follow, max-snippet:-1, max-image-preview:large, max-video-preview:-1\" \/>\n<link rel=\"canonical\" href=\"https:\/\/heshimardc.net\/v1\/2021\/01\/25\/vaccins-contre-la-covid-19-enfin-lespoir\/\" \/>\n<meta property=\"og:locale\" content=\"fr_FR\" \/>\n<meta property=\"og:type\" content=\"article\" \/>\n<meta property=\"og:title\" content=\"Vaccins contre la Covid-19 : Enfin l\u2019espoir? - HESHIMA MAGAZINE\" \/>\n<meta property=\"og:description\" content=\"\u00c0 quelques jours du d\u00e9but de la campagne de vaccination contre le coronavirus en France, une certaine m\u00e9fiance cro\u00eet. Selon un sondage, moins de la moiti\u00e9 de la population fran\u00e7aise serait pr\u00eate \u00e0 se faire vacciner contre la Covid-19. Parmi les raisons \u00e9voqu\u00e9es, on parle des risques de changement du g\u00e9nome. Les gens craignent que ledit vaccin contienne une mauvaise substance ou qu\u2019il cause \u00e0 la longue des effets ind\u00e9sirables.\" \/>\n<meta property=\"og:url\" content=\"https:\/\/heshimardc.net\/v1\/2021\/01\/25\/vaccins-contre-la-covid-19-enfin-lespoir\/\" \/>\n<meta property=\"og:site_name\" content=\"HESHIMA MAGAZINE\" \/>\n<meta property=\"article:publisher\" content=\"https:\/\/www.facebook.com\/heshimamagazine\" \/>\n<meta property=\"article:published_time\" content=\"2021-01-25T08:20:06+00:00\" \/>\n<meta property=\"article:modified_time\" content=\"2021-01-25T08:20:08+00:00\" \/>\n<meta property=\"og:image\" content=\"https:\/\/heshimardc.net\/v1\/wp-content\/uploads\/2021\/01\/b64daad9ae5a921666e142cdb15c372df532baf5.jpg\" \/>\n\t<meta property=\"og:image:width\" content=\"512\" \/>\n\t<meta property=\"og:image:height\" content=\"299\" \/>\n\t<meta property=\"og:image:type\" content=\"image\/jpeg\" \/>\n<meta name=\"author\" content=\"La redaction\" \/>\n<meta name=\"twitter:card\" content=\"summary_large_image\" \/>\n<meta name=\"twitter:creator\" content=\"@HeshimaMag\" \/>\n<meta name=\"twitter:site\" content=\"@HeshimaMag\" \/>\n<meta name=\"twitter:label1\" content=\"\u00c9crit par\" \/>\n\t<meta name=\"twitter:data1\" content=\"La redaction\" \/>\n\t<meta name=\"twitter:label2\" content=\"Dur\u00e9e de lecture estim\u00e9e\" \/>\n\t<meta name=\"twitter:data2\" content=\"7 minutes\" \/>\n<script type=\"application\/ld+json\" class=\"yoast-schema-graph\">{\"@context\":\"https:\/\/schema.org\",\"@graph\":[{\"@type\":\"Article\",\"@id\":\"https:\/\/heshimardc.net\/v1\/2021\/01\/25\/vaccins-contre-la-covid-19-enfin-lespoir\/#article\",\"isPartOf\":{\"@id\":\"https:\/\/heshimardc.net\/v1\/2021\/01\/25\/vaccins-contre-la-covid-19-enfin-lespoir\/\"},\"author\":{\"name\":\"La redaction\",\"@id\":\"https:\/\/heshimardc.net\/v1\/#\/schema\/person\/7188c0b9e770a370943576373b325f91\"},\"headline\":\"Vaccins contre la Covid-19 : Enfin l\u2019espoir?\",\"datePublished\":\"2021-01-25T08:20:06+00:00\",\"dateModified\":\"2021-01-25T08:20:08+00:00\",\"mainEntityOfPage\":{\"@id\":\"https:\/\/heshimardc.net\/v1\/2021\/01\/25\/vaccins-contre-la-covid-19-enfin-lespoir\/\"},\"wordCount\":1346,\"commentCount\":0,\"publisher\":{\"@id\":\"https:\/\/heshimardc.net\/v1\/#organization\"},\"image\":{\"@id\":\"https:\/\/heshimardc.net\/v1\/2021\/01\/25\/vaccins-contre-la-covid-19-enfin-lespoir\/#primaryimage\"},\"thumbnailUrl\":\"https:\/\/heshimardc.net\/v1\/wp-content\/uploads\/2021\/01\/b64daad9ae5a921666e142cdb15c372df532baf5.jpg\",\"keywords\":[\"International\"],\"articleSection\":[\"Sant\u00e9\"],\"inLanguage\":\"fr-FR\",\"potentialAction\":[{\"@type\":\"CommentAction\",\"name\":\"Comment\",\"target\":[\"https:\/\/heshimardc.net\/v1\/2021\/01\/25\/vaccins-contre-la-covid-19-enfin-lespoir\/#respond\"]}]},{\"@type\":\"WebPage\",\"@id\":\"https:\/\/heshimardc.net\/v1\/2021\/01\/25\/vaccins-contre-la-covid-19-enfin-lespoir\/\",\"url\":\"https:\/\/heshimardc.net\/v1\/2021\/01\/25\/vaccins-contre-la-covid-19-enfin-lespoir\/\",\"name\":\"Vaccins contre la Covid-19 : Enfin l\u2019espoir? - HESHIMA MAGAZINE\",\"isPartOf\":{\"@id\":\"https:\/\/heshimardc.net\/v1\/#website\"},\"primaryImageOfPage\":{\"@id\":\"https:\/\/heshimardc.net\/v1\/2021\/01\/25\/vaccins-contre-la-covid-19-enfin-lespoir\/#primaryimage\"},\"image\":{\"@id\":\"https:\/\/heshimardc.net\/v1\/2021\/01\/25\/vaccins-contre-la-covid-19-enfin-lespoir\/#primaryimage\"},\"thumbnailUrl\":\"https:\/\/heshimardc.net\/v1\/wp-content\/uploads\/2021\/01\/b64daad9ae5a921666e142cdb15c372df532baf5.jpg\",\"datePublished\":\"2021-01-25T08:20:06+00:00\",\"dateModified\":\"2021-01-25T08:20:08+00:00\",\"description\":\"\u00c0 quelques jours du d\u00e9but de la campagne de vaccination contre le coronavirus en France, une certaine m\u00e9fiance cro\u00eet. Selon un sondage, moins de la moiti\u00e9 de la population fran\u00e7aise serait pr\u00eate \u00e0 se faire vacciner contre la Covid-19. Parmi les raisons \u00e9voqu\u00e9es, on parle des risques de changement du g\u00e9nome. Les gens craignent que ledit vaccin contienne une mauvaise substance ou qu\u2019il cause \u00e0 la longue des effets ind\u00e9sirables.\",\"breadcrumb\":{\"@id\":\"https:\/\/heshimardc.net\/v1\/2021\/01\/25\/vaccins-contre-la-covid-19-enfin-lespoir\/#breadcrumb\"},\"inLanguage\":\"fr-FR\",\"potentialAction\":[{\"@type\":\"ReadAction\",\"target\":[\"https:\/\/heshimardc.net\/v1\/2021\/01\/25\/vaccins-contre-la-covid-19-enfin-lespoir\/\"]}]},{\"@type\":\"ImageObject\",\"inLanguage\":\"fr-FR\",\"@id\":\"https:\/\/heshimardc.net\/v1\/2021\/01\/25\/vaccins-contre-la-covid-19-enfin-lespoir\/#primaryimage\",\"url\":\"https:\/\/heshimardc.net\/v1\/wp-content\/uploads\/2021\/01\/b64daad9ae5a921666e142cdb15c372df532baf5.jpg\",\"contentUrl\":\"https:\/\/heshimardc.net\/v1\/wp-content\/uploads\/2021\/01\/b64daad9ae5a921666e142cdb15c372df532baf5.jpg\",\"width\":512,\"height\":299},{\"@type\":\"BreadcrumbList\",\"@id\":\"https:\/\/heshimardc.net\/v1\/2021\/01\/25\/vaccins-contre-la-covid-19-enfin-lespoir\/#breadcrumb\",\"itemListElement\":[{\"@type\":\"ListItem\",\"position\":1,\"name\":\"Accueil\",\"item\":\"https:\/\/heshimardc.net\/v1\/\"},{\"@type\":\"ListItem\",\"position\":2,\"name\":\"Vaccins contre la Covid-19 : Enfin l\u2019espoir?\"}]},{\"@type\":\"WebSite\",\"@id\":\"https:\/\/heshimardc.net\/v1\/#website\",\"url\":\"https:\/\/heshimardc.net\/v1\/\",\"name\":\"HESHIMA MAGAZINE\",\"description\":\"Le magazine Congolais qui bat au rythme de l&#039;actualit\u00e9\",\"publisher\":{\"@id\":\"https:\/\/heshimardc.net\/v1\/#organization\"},\"potentialAction\":[{\"@type\":\"SearchAction\",\"target\":{\"@type\":\"EntryPoint\",\"urlTemplate\":\"https:\/\/heshimardc.net\/v1\/?s={search_term_string}\"},\"query-input\":\"required name=search_term_string\"}],\"inLanguage\":\"fr-FR\"},{\"@type\":\"Organization\",\"@id\":\"https:\/\/heshimardc.net\/v1\/#organization\",\"name\":\"HESHIMA MAGAZINE\",\"url\":\"https:\/\/heshimardc.net\/v1\/\",\"logo\":{\"@type\":\"ImageObject\",\"inLanguage\":\"fr-FR\",\"@id\":\"https:\/\/heshimardc.net\/v1\/#\/schema\/logo\/image\/\",\"url\":\"https:\/\/heshimardc.net\/v1\/wp-content\/uploads\/2020\/09\/logo.png\",\"contentUrl\":\"https:\/\/heshimardc.net\/v1\/wp-content\/uploads\/2020\/09\/logo.png\",\"width\":99,\"height\":130,\"caption\":\"HESHIMA MAGAZINE\"},\"image\":{\"@id\":\"https:\/\/heshimardc.net\/v1\/#\/schema\/logo\/image\/\"},\"sameAs\":[\"https:\/\/www.facebook.com\/heshimamagazine\",\"https:\/\/x.com\/HeshimaMag\"]},{\"@type\":\"Person\",\"@id\":\"https:\/\/heshimardc.net\/v1\/#\/schema\/person\/7188c0b9e770a370943576373b325f91\",\"name\":\"La redaction\",\"image\":{\"@type\":\"ImageObject\",\"inLanguage\":\"fr-FR\",\"@id\":\"https:\/\/heshimardc.net\/v1\/#\/schema\/person\/image\/\",\"url\":\"https:\/\/secure.gravatar.com\/avatar\/b53b1a4a434346e76d3ea6c9ecf19fc8?s=96&d=mm&r=g\",\"contentUrl\":\"https:\/\/secure.gravatar.com\/avatar\/b53b1a4a434346e76d3ea6c9ecf19fc8?s=96&d=mm&r=g\",\"caption\":\"La redaction\"},\"sameAs\":[\"https:\/\/heshimardc.net\/v1\",\"La redaction\"],\"url\":\"https:\/\/heshimardc.net\/v1\/author\/la-redaction\/\"}]}<\/script>\n<!-- \/ Yoast SEO plugin. -->","yoast_head_json":{"title":"Vaccins contre la Covid-19 : Enfin l\u2019espoir? - HESHIMA MAGAZINE","description":"\u00c0 quelques jours du d\u00e9but de la campagne de vaccination contre le coronavirus en France, une certaine m\u00e9fiance cro\u00eet. Selon un sondage, moins de la moiti\u00e9 de la population fran\u00e7aise serait pr\u00eate \u00e0 se faire vacciner contre la Covid-19. Parmi les raisons \u00e9voqu\u00e9es, on parle des risques de changement du g\u00e9nome. Les gens craignent que ledit vaccin contienne une mauvaise substance ou qu\u2019il cause \u00e0 la longue des effets ind\u00e9sirables.","robots":{"index":"index","follow":"follow","max-snippet":"max-snippet:-1","max-image-preview":"max-image-preview:large","max-video-preview":"max-video-preview:-1"},"canonical":"https:\/\/heshimardc.net\/v1\/2021\/01\/25\/vaccins-contre-la-covid-19-enfin-lespoir\/","og_locale":"fr_FR","og_type":"article","og_title":"Vaccins contre la Covid-19 : Enfin l\u2019espoir? - HESHIMA MAGAZINE","og_description":"\u00c0 quelques jours du d\u00e9but de la campagne de vaccination contre le coronavirus en France, une certaine m\u00e9fiance cro\u00eet. Selon un sondage, moins de la moiti\u00e9 de la population fran\u00e7aise serait pr\u00eate \u00e0 se faire vacciner contre la Covid-19. Parmi les raisons \u00e9voqu\u00e9es, on parle des risques de changement du g\u00e9nome. Les gens craignent que ledit vaccin contienne une mauvaise substance ou qu\u2019il cause \u00e0 la longue des effets ind\u00e9sirables.","og_url":"https:\/\/heshimardc.net\/v1\/2021\/01\/25\/vaccins-contre-la-covid-19-enfin-lespoir\/","og_site_name":"HESHIMA MAGAZINE","article_publisher":"https:\/\/www.facebook.com\/heshimamagazine","article_published_time":"2021-01-25T08:20:06+00:00","article_modified_time":"2021-01-25T08:20:08+00:00","og_image":[{"width":512,"height":299,"url":"https:\/\/heshimardc.net\/v1\/wp-content\/uploads\/2021\/01\/b64daad9ae5a921666e142cdb15c372df532baf5.jpg","type":"image\/jpeg"}],"author":"La redaction","twitter_card":"summary_large_image","twitter_creator":"@HeshimaMag","twitter_site":"@HeshimaMag","twitter_misc":{"\u00c9crit par":"La redaction","Dur\u00e9e de lecture estim\u00e9e":"7 minutes"},"schema":{"@context":"https:\/\/schema.org","@graph":[{"@type":"Article","@id":"https:\/\/heshimardc.net\/v1\/2021\/01\/25\/vaccins-contre-la-covid-19-enfin-lespoir\/#article","isPartOf":{"@id":"https:\/\/heshimardc.net\/v1\/2021\/01\/25\/vaccins-contre-la-covid-19-enfin-lespoir\/"},"author":{"name":"La redaction","@id":"https:\/\/heshimardc.net\/v1\/#\/schema\/person\/7188c0b9e770a370943576373b325f91"},"headline":"Vaccins contre la Covid-19 : Enfin l\u2019espoir?","datePublished":"2021-01-25T08:20:06+00:00","dateModified":"2021-01-25T08:20:08+00:00","mainEntityOfPage":{"@id":"https:\/\/heshimardc.net\/v1\/2021\/01\/25\/vaccins-contre-la-covid-19-enfin-lespoir\/"},"wordCount":1346,"commentCount":0,"publisher":{"@id":"https:\/\/heshimardc.net\/v1\/#organization"},"image":{"@id":"https:\/\/heshimardc.net\/v1\/2021\/01\/25\/vaccins-contre-la-covid-19-enfin-lespoir\/#primaryimage"},"thumbnailUrl":"https:\/\/heshimardc.net\/v1\/wp-content\/uploads\/2021\/01\/b64daad9ae5a921666e142cdb15c372df532baf5.jpg","keywords":["International"],"articleSection":["Sant\u00e9"],"inLanguage":"fr-FR","potentialAction":[{"@type":"CommentAction","name":"Comment","target":["https:\/\/heshimardc.net\/v1\/2021\/01\/25\/vaccins-contre-la-covid-19-enfin-lespoir\/#respond"]}]},{"@type":"WebPage","@id":"https:\/\/heshimardc.net\/v1\/2021\/01\/25\/vaccins-contre-la-covid-19-enfin-lespoir\/","url":"https:\/\/heshimardc.net\/v1\/2021\/01\/25\/vaccins-contre-la-covid-19-enfin-lespoir\/","name":"Vaccins contre la Covid-19 : Enfin l\u2019espoir? - HESHIMA MAGAZINE","isPartOf":{"@id":"https:\/\/heshimardc.net\/v1\/#website"},"primaryImageOfPage":{"@id":"https:\/\/heshimardc.net\/v1\/2021\/01\/25\/vaccins-contre-la-covid-19-enfin-lespoir\/#primaryimage"},"image":{"@id":"https:\/\/heshimardc.net\/v1\/2021\/01\/25\/vaccins-contre-la-covid-19-enfin-lespoir\/#primaryimage"},"thumbnailUrl":"https:\/\/heshimardc.net\/v1\/wp-content\/uploads\/2021\/01\/b64daad9ae5a921666e142cdb15c372df532baf5.jpg","datePublished":"2021-01-25T08:20:06+00:00","dateModified":"2021-01-25T08:20:08+00:00","description":"\u00c0 quelques jours du d\u00e9but de la campagne de vaccination contre le coronavirus en France, une certaine m\u00e9fiance cro\u00eet. Selon un sondage, moins de la moiti\u00e9 de la population fran\u00e7aise serait pr\u00eate \u00e0 se faire vacciner contre la Covid-19. Parmi les raisons \u00e9voqu\u00e9es, on parle des risques de changement du g\u00e9nome. Les gens craignent que ledit vaccin contienne une mauvaise substance ou qu\u2019il cause \u00e0 la longue des effets ind\u00e9sirables.","breadcrumb":{"@id":"https:\/\/heshimardc.net\/v1\/2021\/01\/25\/vaccins-contre-la-covid-19-enfin-lespoir\/#breadcrumb"},"inLanguage":"fr-FR","potentialAction":[{"@type":"ReadAction","target":["https:\/\/heshimardc.net\/v1\/2021\/01\/25\/vaccins-contre-la-covid-19-enfin-lespoir\/"]}]},{"@type":"ImageObject","inLanguage":"fr-FR","@id":"https:\/\/heshimardc.net\/v1\/2021\/01\/25\/vaccins-contre-la-covid-19-enfin-lespoir\/#primaryimage","url":"https:\/\/heshimardc.net\/v1\/wp-content\/uploads\/2021\/01\/b64daad9ae5a921666e142cdb15c372df532baf5.jpg","contentUrl":"https:\/\/heshimardc.net\/v1\/wp-content\/uploads\/2021\/01\/b64daad9ae5a921666e142cdb15c372df532baf5.jpg","width":512,"height":299},{"@type":"BreadcrumbList","@id":"https:\/\/heshimardc.net\/v1\/2021\/01\/25\/vaccins-contre-la-covid-19-enfin-lespoir\/#breadcrumb","itemListElement":[{"@type":"ListItem","position":1,"name":"Accueil","item":"https:\/\/heshimardc.net\/v1\/"},{"@type":"ListItem","position":2,"name":"Vaccins contre la Covid-19 : Enfin l\u2019espoir?"}]},{"@type":"WebSite","@id":"https:\/\/heshimardc.net\/v1\/#website","url":"https:\/\/heshimardc.net\/v1\/","name":"HESHIMA MAGAZINE","description":"Le magazine Congolais qui bat au rythme de l&#039;actualit\u00e9","publisher":{"@id":"https:\/\/heshimardc.net\/v1\/#organization"},"potentialAction":[{"@type":"SearchAction","target":{"@type":"EntryPoint","urlTemplate":"https:\/\/heshimardc.net\/v1\/?s={search_term_string}"},"query-input":"required name=search_term_string"}],"inLanguage":"fr-FR"},{"@type":"Organization","@id":"https:\/\/heshimardc.net\/v1\/#organization","name":"HESHIMA MAGAZINE","url":"https:\/\/heshimardc.net\/v1\/","logo":{"@type":"ImageObject","inLanguage":"fr-FR","@id":"https:\/\/heshimardc.net\/v1\/#\/schema\/logo\/image\/","url":"https:\/\/heshimardc.net\/v1\/wp-content\/uploads\/2020\/09\/logo.png","contentUrl":"https:\/\/heshimardc.net\/v1\/wp-content\/uploads\/2020\/09\/logo.png","width":99,"height":130,"caption":"HESHIMA MAGAZINE"},"image":{"@id":"https:\/\/heshimardc.net\/v1\/#\/schema\/logo\/image\/"},"sameAs":["https:\/\/www.facebook.com\/heshimamagazine","https:\/\/x.com\/HeshimaMag"]},{"@type":"Person","@id":"https:\/\/heshimardc.net\/v1\/#\/schema\/person\/7188c0b9e770a370943576373b325f91","name":"La redaction","image":{"@type":"ImageObject","inLanguage":"fr-FR","@id":"https:\/\/heshimardc.net\/v1\/#\/schema\/person\/image\/","url":"https:\/\/secure.gravatar.com\/avatar\/b53b1a4a434346e76d3ea6c9ecf19fc8?s=96&d=mm&r=g","contentUrl":"https:\/\/secure.gravatar.com\/avatar\/b53b1a4a434346e76d3ea6c9ecf19fc8?s=96&d=mm&r=g","caption":"La redaction"},"sameAs":["https:\/\/heshimardc.net\/v1","La redaction"],"url":"https:\/\/heshimardc.net\/v1\/author\/la-redaction\/"}]}},"amp_enabled":true,"_links":{"self":[{"href":"https:\/\/heshimardc.net\/v1\/wp-json\/wp\/v2\/posts\/1156"}],"collection":[{"href":"https:\/\/heshimardc.net\/v1\/wp-json\/wp\/v2\/posts"}],"about":[{"href":"https:\/\/heshimardc.net\/v1\/wp-json\/wp\/v2\/types\/post"}],"author":[{"embeddable":true,"href":"https:\/\/heshimardc.net\/v1\/wp-json\/wp\/v2\/users\/1"}],"replies":[{"embeddable":true,"href":"https:\/\/heshimardc.net\/v1\/wp-json\/wp\/v2\/comments?post=1156"}],"version-history":[{"count":2,"href":"https:\/\/heshimardc.net\/v1\/wp-json\/wp\/v2\/posts\/1156\/revisions"}],"predecessor-version":[{"id":1209,"href":"https:\/\/heshimardc.net\/v1\/wp-json\/wp\/v2\/posts\/1156\/revisions\/1209"}],"wp:featuredmedia":[{"embeddable":true,"href":"https:\/\/heshimardc.net\/v1\/wp-json\/wp\/v2\/media\/1157"}],"wp:attachment":[{"href":"https:\/\/heshimardc.net\/v1\/wp-json\/wp\/v2\/media?parent=1156"}],"wp:term":[{"taxonomy":"category","embeddable":true,"href":"https:\/\/heshimardc.net\/v1\/wp-json\/wp\/v2\/categories?post=1156"},{"taxonomy":"post_tag","embeddable":true,"href":"https:\/\/heshimardc.net\/v1\/wp-json\/wp\/v2\/tags?post=1156"}],"curies":[{"name":"wp","href":"https:\/\/api.w.org\/{rel}","templated":true}]}}