{"id":1253,"date":"2021-02-24T08:33:32","date_gmt":"2021-02-24T08:33:32","guid":{"rendered":"https:\/\/heshimardc.net\/v1\/?p=1253"},"modified":"2021-02-24T08:33:34","modified_gmt":"2021-02-24T08:33:34","slug":"jean-michel-sama-lukonde-loiseau-rare-en-harmonie-avec-la-vision-de-fatshi","status":"publish","type":"post","link":"https:\/\/heshimardc.net\/v1\/2021\/02\/24\/jean-michel-sama-lukonde-loiseau-rare-en-harmonie-avec-la-vision-de-fatshi\/","title":{"rendered":"Jean-Michel Sama Lukonde, l\u2019oiseau rare en harmonie avec la vision de Fatshi"},"content":{"rendered":"\n<p>De toute \u00e9vidence, F\u00e9lix Tshisekedi a actionn\u00e9 la machine de renouvellement de la classe politique. De tous les noms qui ont circul\u00e9 dans la presse tablo\u00efd, en ligne ou sur les r\u00e9seaux sociaux, notamment de ceux qui pensent \u00eatre connus comme le loup blanc dans le s\u00e9rail politique, celui de Sama Lukonde \u00e9tait le plus cit\u00e9. Sinon, ils \u00e9taient plus de dix qui faisaient l\u2019objet des supputations, parmi lesquels Mo\u00efse Katumbi et Modeste Bahati qui ont occup\u00e9 le haut de l\u2019affiche.<\/p>\n\n\n\n<p class=\"has-medium-font-size\"><strong>&nbsp;Pr\u00e9par\u00e9 pour assumer de responsabilit\u00e9s<\/strong><\/p>\n\n\n\n<p>N\u00e9 le 4 ao\u00fbt 1977 \u00e0 Paris, en France, Sama Lukonde est le fils de St\u00e9phane Lukonde Kyenge et de Faustine Mwansa, tous d\u00e9c\u00e9d\u00e9s \u00e0 ce jour. Gar\u00e7on unique d\u2019une fratrie de huit enfants, tout petit, son p\u00e8re le&nbsp;&nbsp;pr\u00e9parait pour des hautes responsabilit\u00e9s. \u00c0 12 ans, il l\u2019envoya \u00e0 l\u2019internat en vue de fa\u00e7onner sa personnalit\u00e9. Le jeune homme passera par la suite un examen s\u00e9lectif pour \u00eatre admis \u00e0 l\u2019Institut technique de Mutoshi o\u00f9 il finira ses humanit\u00e9s en chimie-industrielle. Ce mari\u00e9 et p\u00e8re de trois enfants venait de f\u00eater ses 43 ans.<\/p>\n\n\n\n<p class=\"has-medium-font-size\"><strong>Une \u00e2me bien n\u00e9e\u2026<\/strong><\/p>\n\n\n\n<p>&nbsp;&nbsp;La particularit\u00e9 du parcours de Jean-Michel Sama r\u00e9side aussi dans sa jeunesse. L\u2019homme a plus d\u2019une corde \u00e0 son arc et il est de ceux pour qui Pierre Corneille a dit : \u00ab aux \u00e2mes bien n\u00e9es, la valeur n\u2019attend point le nombre des ann\u00e9es \u00bb. Il a \u00e9t\u00e9 d\u00e9put\u00e9 national, ministre de la Jeunesse et des Sports, directeur g\u00e9n\u00e9ral de la G\u00e9camines\u2026 En 2006, Jean-Michel Sama fait son entr\u00e9e en politique comme d\u00e9put\u00e9 national, \u00e9lu de Likasi. \u00c0 cette \u00e9poque, il avait 29 ans et \u00e9tait le plus jeune d\u00e9put\u00e9 de l\u2019h\u00e9micycle. \u00ab J\u2019ai \u00e9t\u00e9 ministre de la Jeunesse et des Sports, c\u2019\u00e9tait en 2015 \u00bb, indique-t-il avant d\u2019ajouter \u00ab Et l\u00e0, je dois encore le mentionner, j\u2019avais 37 ans, j\u2019\u00e9tais le plus jeune ministre qui avait \u00e9t\u00e9 nomm\u00e9 \u00bb. Sama Lukonde est en effet le plus jeune chef du gouvernement des derni\u00e8res d\u00e9cennies. Augustin Matata avait \u00e9t\u00e9 nomm\u00e9 \u00e0 ce poste \u00e0 48 ans, et Adolphe Muzito \u00e0 51 ans.<\/p>\n\n\n\n<p>Le nouveau locataire de l\u2019H\u00f4tel du gouvernement connait mieux le secteur minier congolais pour y avoir \u0153uvr\u00e9 et occup\u00e9 plusieurs postes \u00e0 responsabilit\u00e9. Cela lui donne l\u2019avantage de conna\u00eetre tr\u00e8s bien les engrenages de la G\u00e9camines \u00e0 la t\u00eate de laquelle il a \u00e9t\u00e9 plac\u00e9 en juin 2020. Son cursus l\u2019y a pr\u00e9par\u00e9.<\/p>\n\n\n\n<p>En 2006 \u00e0 Lubumbashi avant de s\u2019envoler pour Kinshasa, il avait d\u00e9croch\u00e9 son dipl\u00f4me en chimie, option inorganique et m\u00e9tallurgie. Bien avant cela, il avait obtenu son dipl\u00f4me en chimie industrielle \u00e0 l\u2019Institut technique de Mutoshi et un autre en informatique (technique de l\u2019information), en Afrique du Sud.<\/p>\n\n\n\n<p><\/p>\n\n\n\n<figure class=\"wp-block-image size-large is-resized\"><img loading=\"lazy\" decoding=\"async\" src=\"https:\/\/heshimardc.net\/v1\/wp-content\/uploads\/2021\/02\/20210215_190529-1024x683.jpg\" alt=\"\" class=\"wp-image-1255\" width=\"676\" height=\"450\" srcset=\"https:\/\/heshimardc.net\/v1\/wp-content\/uploads\/2021\/02\/20210215_190529-1024x683.jpg 1024w, https:\/\/heshimardc.net\/v1\/wp-content\/uploads\/2021\/02\/20210215_190529-300x200.jpg 300w, https:\/\/heshimardc.net\/v1\/wp-content\/uploads\/2021\/02\/20210215_190529-768x512.jpg 768w, https:\/\/heshimardc.net\/v1\/wp-content\/uploads\/2021\/02\/20210215_190529.jpg 1044w\" sizes=\"(max-width: 676px) 100vw, 676px\" \/><\/figure>\n\n\n\n<p class=\"has-medium-font-size\"><strong>&nbsp;L\u2019homme fid\u00e8le et constant de Fatshi<\/strong><\/p>\n\n\n\n<p>Sama est un mod\u00e8le de constance politique et de probit\u00e9 morale. Alors que le r\u00eave de nombreux est de s\u2019accrocher \u00e0 leurs postes, il d\u00e9missionnera de son poste minist\u00e9riel au gouvernement Matata neuf mois apr\u00e8s sa nomination. \u00ab C\u2019\u00e9tait une d\u00e9cision assez difficile et inattendue, mais c\u2019\u00e9tait une d\u00e9cision que j\u2019avais prise par conviction , explique-t-il. Sa d\u00e9mission \u00e9tait cons\u00e9cutive \u00e0 la position prise par son parti politique. En effet, l\u2019Avenir du Congo (ACO) aile de Dany Banza dont il est membre avait protest\u00e9 contre un \u00e9ventuel troisi\u00e8me mandat de Joseph Kabila, ce qui lui avait valu l\u2019exclusion de la Majorit\u00e9 pr\u00e9sidentielle. Toutefois, le peu de temps pass\u00e9 au gouvernement ne l\u2019a pas emp\u00each\u00e9 de d\u00e9montrer son dynamisme et ses prouesses en termes de gouvernance. C\u2019est lui qui lan\u00e7a les travaux de construction des stades municipaux dans la ville de Kinshasa. Il fut aussi d\u00e9sign\u00e9 pr\u00e9sident de la Conf\u00e9rence des ministres de la Jeunesse des pays membres de la Francophonie. Par la suite, Sama Lukonde militera au sein de l\u2019opposition, sous l\u2019autorit\u00e9 de Mo\u00efse Katumbi, dans la coalition G7. Finalement, lui et Dany Banza quitteront M. Katumbi peu avant les \u00e9lections du 30 d\u00e9cembre 2018, pour se joindre \u00e0 F\u00e9lix Tshisekedi. Dany Banza Maloba, le pr\u00e9sident de son parti politique, est aujourd\u2019hui ambassadeur itin\u00e9rant du Pr\u00e9sident Tshisekedi.<\/p>\n\n\n\n<p>Hubert MWIPATAYI<\/p>\n","protected":false},"excerpt":{"rendered":"<p>Le nouveau chef du gouvernement qui s\u00fbrement travaillera en harmonie avec le pr\u00e9sident F\u00e9lix Antoine Tshisekedi dans le cadre de l\u2019Union sacr\u00e9e de la nation est enfin l\u00e0. Ag\u00e9 de 43 ans, c\u2019est sur les \u00e9paules de ce jeune formateur que repose la lourde responsabilit\u00e9 de la mise en \u0153uvre des r\u00e9formes issues des consultations pr\u00e9sidentielles. L\u2019homme et son parcours\u2026 <\/p>\n","protected":false},"author":1,"featured_media":1254,"comment_status":"open","ping_status":"open","sticky":false,"template":"","format":"standard","meta":{"footnotes":""},"categories":[2],"tags":[182],"class_list":["post-1253","post","type-post","status-publish","format-standard","has-post-thumbnail","hentry","category-decouverte","tag-rdc"],"yoast_head":"<!-- This site is optimized with the Yoast SEO plugin v23.3 - https:\/\/yoast.com\/wordpress\/plugins\/seo\/ -->\n<title>Jean-Michel Sama Lukonde, l\u2019oiseau rare en harmonie avec la vision de Fatshi - HESHIMA MAGAZINE<\/title>\n<meta name=\"description\" content=\"N\u00e9 le 4 ao\u00fbt 1977 \u00e0 Paris, en France, Sama Lukonde est le fils de St\u00e9phane Lukonde Kyenge et de Faustine Mwansa, tous d\u00e9c\u00e9d\u00e9s \u00e0 ce jour. Gar\u00e7on unique d\u2019une fratrie de huit enfants, tout petit, son p\u00e8re le pr\u00e9parait pour des hautes responsabilit\u00e9s. \u00c0 12 ans, il l\u2019envoya \u00e0 l\u2019internat en vue de fa\u00e7onner sa personnalit\u00e9. Le jeune homme passera par la suite un examen s\u00e9lectif pour \u00eatre admis \u00e0 l\u2019Institut technique de Mutoshi o\u00f9 il finira ses humanit\u00e9s en chimie-industrielle. Ce mari\u00e9 et p\u00e8re de trois enfants venait de f\u00eater ses 43 ans.\" \/>\n<meta name=\"robots\" content=\"index, follow, max-snippet:-1, max-image-preview:large, max-video-preview:-1\" \/>\n<link rel=\"canonical\" href=\"https:\/\/heshimardc.net\/v1\/2021\/02\/24\/jean-michel-sama-lukonde-loiseau-rare-en-harmonie-avec-la-vision-de-fatshi\/\" \/>\n<meta property=\"og:locale\" content=\"fr_FR\" \/>\n<meta property=\"og:type\" content=\"article\" \/>\n<meta property=\"og:title\" content=\"Jean-Michel Sama Lukonde, l\u2019oiseau rare en harmonie avec la vision de Fatshi - HESHIMA MAGAZINE\" \/>\n<meta property=\"og:description\" content=\"N\u00e9 le 4 ao\u00fbt 1977 \u00e0 Paris, en France, Sama Lukonde est le fils de St\u00e9phane Lukonde Kyenge et de Faustine Mwansa, tous d\u00e9c\u00e9d\u00e9s \u00e0 ce jour. Gar\u00e7on unique d\u2019une fratrie de huit enfants, tout petit, son p\u00e8re le pr\u00e9parait pour des hautes responsabilit\u00e9s. \u00c0 12 ans, il l\u2019envoya \u00e0 l\u2019internat en vue de fa\u00e7onner sa personnalit\u00e9. Le jeune homme passera par la suite un examen s\u00e9lectif pour \u00eatre admis \u00e0 l\u2019Institut technique de Mutoshi o\u00f9 il finira ses humanit\u00e9s en chimie-industrielle. Ce mari\u00e9 et p\u00e8re de trois enfants venait de f\u00eater ses 43 ans.\" \/>\n<meta property=\"og:url\" content=\"https:\/\/heshimardc.net\/v1\/2021\/02\/24\/jean-michel-sama-lukonde-loiseau-rare-en-harmonie-avec-la-vision-de-fatshi\/\" \/>\n<meta property=\"og:site_name\" content=\"HESHIMA MAGAZINE\" \/>\n<meta property=\"article:publisher\" content=\"https:\/\/www.facebook.com\/heshimamagazine\" \/>\n<meta property=\"article:published_time\" content=\"2021-02-24T08:33:32+00:00\" \/>\n<meta property=\"article:modified_time\" content=\"2021-02-24T08:33:34+00:00\" \/>\n<meta property=\"og:image\" content=\"https:\/\/heshimardc.net\/v1\/wp-content\/uploads\/2021\/02\/GECAMINES-3.png\" \/>\n\t<meta property=\"og:image:width\" content=\"758\" \/>\n\t<meta property=\"og:image:height\" content=\"511\" \/>\n\t<meta property=\"og:image:type\" content=\"image\/png\" \/>\n<meta name=\"author\" content=\"La redaction\" \/>\n<meta name=\"twitter:card\" content=\"summary_large_image\" \/>\n<meta name=\"twitter:creator\" content=\"@HeshimaMag\" \/>\n<meta name=\"twitter:site\" content=\"@HeshimaMag\" \/>\n<meta name=\"twitter:label1\" content=\"\u00c9crit par\" \/>\n\t<meta name=\"twitter:data1\" content=\"La redaction\" \/>\n\t<meta name=\"twitter:label2\" content=\"Dur\u00e9e de lecture estim\u00e9e\" \/>\n\t<meta name=\"twitter:data2\" content=\"4 minutes\" \/>\n<script type=\"application\/ld+json\" class=\"yoast-schema-graph\">{\"@context\":\"https:\/\/schema.org\",\"@graph\":[{\"@type\":\"Article\",\"@id\":\"https:\/\/heshimardc.net\/v1\/2021\/02\/24\/jean-michel-sama-lukonde-loiseau-rare-en-harmonie-avec-la-vision-de-fatshi\/#article\",\"isPartOf\":{\"@id\":\"https:\/\/heshimardc.net\/v1\/2021\/02\/24\/jean-michel-sama-lukonde-loiseau-rare-en-harmonie-avec-la-vision-de-fatshi\/\"},\"author\":{\"name\":\"La redaction\",\"@id\":\"https:\/\/heshimardc.net\/v1\/#\/schema\/person\/7188c0b9e770a370943576373b325f91\"},\"headline\":\"Jean-Michel Sama Lukonde, l\u2019oiseau rare en harmonie avec la vision de Fatshi\",\"datePublished\":\"2021-02-24T08:33:32+00:00\",\"dateModified\":\"2021-02-24T08:33:34+00:00\",\"mainEntityOfPage\":{\"@id\":\"https:\/\/heshimardc.net\/v1\/2021\/02\/24\/jean-michel-sama-lukonde-loiseau-rare-en-harmonie-avec-la-vision-de-fatshi\/\"},\"wordCount\":754,\"commentCount\":0,\"publisher\":{\"@id\":\"https:\/\/heshimardc.net\/v1\/#organization\"},\"image\":{\"@id\":\"https:\/\/heshimardc.net\/v1\/2021\/02\/24\/jean-michel-sama-lukonde-loiseau-rare-en-harmonie-avec-la-vision-de-fatshi\/#primaryimage\"},\"thumbnailUrl\":\"https:\/\/heshimardc.net\/v1\/wp-content\/uploads\/2021\/02\/GECAMINES-3.png\",\"keywords\":[\"RDC\"],\"articleSection\":[\"Decouverte\"],\"inLanguage\":\"fr-FR\",\"potentialAction\":[{\"@type\":\"CommentAction\",\"name\":\"Comment\",\"target\":[\"https:\/\/heshimardc.net\/v1\/2021\/02\/24\/jean-michel-sama-lukonde-loiseau-rare-en-harmonie-avec-la-vision-de-fatshi\/#respond\"]}]},{\"@type\":\"WebPage\",\"@id\":\"https:\/\/heshimardc.net\/v1\/2021\/02\/24\/jean-michel-sama-lukonde-loiseau-rare-en-harmonie-avec-la-vision-de-fatshi\/\",\"url\":\"https:\/\/heshimardc.net\/v1\/2021\/02\/24\/jean-michel-sama-lukonde-loiseau-rare-en-harmonie-avec-la-vision-de-fatshi\/\",\"name\":\"Jean-Michel Sama Lukonde, l\u2019oiseau rare en harmonie avec la vision de Fatshi - HESHIMA MAGAZINE\",\"isPartOf\":{\"@id\":\"https:\/\/heshimardc.net\/v1\/#website\"},\"primaryImageOfPage\":{\"@id\":\"https:\/\/heshimardc.net\/v1\/2021\/02\/24\/jean-michel-sama-lukonde-loiseau-rare-en-harmonie-avec-la-vision-de-fatshi\/#primaryimage\"},\"image\":{\"@id\":\"https:\/\/heshimardc.net\/v1\/2021\/02\/24\/jean-michel-sama-lukonde-loiseau-rare-en-harmonie-avec-la-vision-de-fatshi\/#primaryimage\"},\"thumbnailUrl\":\"https:\/\/heshimardc.net\/v1\/wp-content\/uploads\/2021\/02\/GECAMINES-3.png\",\"datePublished\":\"2021-02-24T08:33:32+00:00\",\"dateModified\":\"2021-02-24T08:33:34+00:00\",\"description\":\"N\u00e9 le 4 ao\u00fbt 1977 \u00e0 Paris, en France, Sama Lukonde est le fils de St\u00e9phane Lukonde Kyenge et de Faustine Mwansa, tous d\u00e9c\u00e9d\u00e9s \u00e0 ce jour. Gar\u00e7on unique d\u2019une fratrie de huit enfants, tout petit, son p\u00e8re le pr\u00e9parait pour des hautes responsabilit\u00e9s. \u00c0 12 ans, il l\u2019envoya \u00e0 l\u2019internat en vue de fa\u00e7onner sa personnalit\u00e9. Le jeune homme passera par la suite un examen s\u00e9lectif pour \u00eatre admis \u00e0 l\u2019Institut technique de Mutoshi o\u00f9 il finira ses humanit\u00e9s en chimie-industrielle. Ce mari\u00e9 et p\u00e8re de trois enfants venait de f\u00eater ses 43 ans.\",\"breadcrumb\":{\"@id\":\"https:\/\/heshimardc.net\/v1\/2021\/02\/24\/jean-michel-sama-lukonde-loiseau-rare-en-harmonie-avec-la-vision-de-fatshi\/#breadcrumb\"},\"inLanguage\":\"fr-FR\",\"potentialAction\":[{\"@type\":\"ReadAction\",\"target\":[\"https:\/\/heshimardc.net\/v1\/2021\/02\/24\/jean-michel-sama-lukonde-loiseau-rare-en-harmonie-avec-la-vision-de-fatshi\/\"]}]},{\"@type\":\"ImageObject\",\"inLanguage\":\"fr-FR\",\"@id\":\"https:\/\/heshimardc.net\/v1\/2021\/02\/24\/jean-michel-sama-lukonde-loiseau-rare-en-harmonie-avec-la-vision-de-fatshi\/#primaryimage\",\"url\":\"https:\/\/heshimardc.net\/v1\/wp-content\/uploads\/2021\/02\/GECAMINES-3.png\",\"contentUrl\":\"https:\/\/heshimardc.net\/v1\/wp-content\/uploads\/2021\/02\/GECAMINES-3.png\",\"width\":758,\"height\":511},{\"@type\":\"BreadcrumbList\",\"@id\":\"https:\/\/heshimardc.net\/v1\/2021\/02\/24\/jean-michel-sama-lukonde-loiseau-rare-en-harmonie-avec-la-vision-de-fatshi\/#breadcrumb\",\"itemListElement\":[{\"@type\":\"ListItem\",\"position\":1,\"name\":\"Accueil\",\"item\":\"https:\/\/heshimardc.net\/v1\/\"},{\"@type\":\"ListItem\",\"position\":2,\"name\":\"Jean-Michel Sama Lukonde, l\u2019oiseau rare en harmonie avec la vision de Fatshi\"}]},{\"@type\":\"WebSite\",\"@id\":\"https:\/\/heshimardc.net\/v1\/#website\",\"url\":\"https:\/\/heshimardc.net\/v1\/\",\"name\":\"HESHIMA MAGAZINE\",\"description\":\"Le magazine Congolais qui bat au rythme de l&#039;actualit\u00e9\",\"publisher\":{\"@id\":\"https:\/\/heshimardc.net\/v1\/#organization\"},\"potentialAction\":[{\"@type\":\"SearchAction\",\"target\":{\"@type\":\"EntryPoint\",\"urlTemplate\":\"https:\/\/heshimardc.net\/v1\/?s={search_term_string}\"},\"query-input\":\"required name=search_term_string\"}],\"inLanguage\":\"fr-FR\"},{\"@type\":\"Organization\",\"@id\":\"https:\/\/heshimardc.net\/v1\/#organization\",\"name\":\"HESHIMA MAGAZINE\",\"url\":\"https:\/\/heshimardc.net\/v1\/\",\"logo\":{\"@type\":\"ImageObject\",\"inLanguage\":\"fr-FR\",\"@id\":\"https:\/\/heshimardc.net\/v1\/#\/schema\/logo\/image\/\",\"url\":\"https:\/\/heshimardc.net\/v1\/wp-content\/uploads\/2020\/09\/logo.png\",\"contentUrl\":\"https:\/\/heshimardc.net\/v1\/wp-content\/uploads\/2020\/09\/logo.png\",\"width\":99,\"height\":130,\"caption\":\"HESHIMA MAGAZINE\"},\"image\":{\"@id\":\"https:\/\/heshimardc.net\/v1\/#\/schema\/logo\/image\/\"},\"sameAs\":[\"https:\/\/www.facebook.com\/heshimamagazine\",\"https:\/\/x.com\/HeshimaMag\"]},{\"@type\":\"Person\",\"@id\":\"https:\/\/heshimardc.net\/v1\/#\/schema\/person\/7188c0b9e770a370943576373b325f91\",\"name\":\"La redaction\",\"image\":{\"@type\":\"ImageObject\",\"inLanguage\":\"fr-FR\",\"@id\":\"https:\/\/heshimardc.net\/v1\/#\/schema\/person\/image\/\",\"url\":\"https:\/\/secure.gravatar.com\/avatar\/b53b1a4a434346e76d3ea6c9ecf19fc8?s=96&d=mm&r=g\",\"contentUrl\":\"https:\/\/secure.gravatar.com\/avatar\/b53b1a4a434346e76d3ea6c9ecf19fc8?s=96&d=mm&r=g\",\"caption\":\"La redaction\"},\"sameAs\":[\"https:\/\/heshimardc.net\/v1\",\"La redaction\"],\"url\":\"https:\/\/heshimardc.net\/v1\/author\/la-redaction\/\"}]}<\/script>\n<!-- \/ Yoast SEO plugin. -->","yoast_head_json":{"title":"Jean-Michel Sama Lukonde, l\u2019oiseau rare en harmonie avec la vision de Fatshi - HESHIMA MAGAZINE","description":"N\u00e9 le 4 ao\u00fbt 1977 \u00e0 Paris, en France, Sama Lukonde est le fils de St\u00e9phane Lukonde Kyenge et de Faustine Mwansa, tous d\u00e9c\u00e9d\u00e9s \u00e0 ce jour. Gar\u00e7on unique d\u2019une fratrie de huit enfants, tout petit, son p\u00e8re le pr\u00e9parait pour des hautes responsabilit\u00e9s. \u00c0 12 ans, il l\u2019envoya \u00e0 l\u2019internat en vue de fa\u00e7onner sa personnalit\u00e9. Le jeune homme passera par la suite un examen s\u00e9lectif pour \u00eatre admis \u00e0 l\u2019Institut technique de Mutoshi o\u00f9 il finira ses humanit\u00e9s en chimie-industrielle. Ce mari\u00e9 et p\u00e8re de trois enfants venait de f\u00eater ses 43 ans.","robots":{"index":"index","follow":"follow","max-snippet":"max-snippet:-1","max-image-preview":"max-image-preview:large","max-video-preview":"max-video-preview:-1"},"canonical":"https:\/\/heshimardc.net\/v1\/2021\/02\/24\/jean-michel-sama-lukonde-loiseau-rare-en-harmonie-avec-la-vision-de-fatshi\/","og_locale":"fr_FR","og_type":"article","og_title":"Jean-Michel Sama Lukonde, l\u2019oiseau rare en harmonie avec la vision de Fatshi - HESHIMA MAGAZINE","og_description":"N\u00e9 le 4 ao\u00fbt 1977 \u00e0 Paris, en France, Sama Lukonde est le fils de St\u00e9phane Lukonde Kyenge et de Faustine Mwansa, tous d\u00e9c\u00e9d\u00e9s \u00e0 ce jour. Gar\u00e7on unique d\u2019une fratrie de huit enfants, tout petit, son p\u00e8re le pr\u00e9parait pour des hautes responsabilit\u00e9s. \u00c0 12 ans, il l\u2019envoya \u00e0 l\u2019internat en vue de fa\u00e7onner sa personnalit\u00e9. Le jeune homme passera par la suite un examen s\u00e9lectif pour \u00eatre admis \u00e0 l\u2019Institut technique de Mutoshi o\u00f9 il finira ses humanit\u00e9s en chimie-industrielle. Ce mari\u00e9 et p\u00e8re de trois enfants venait de f\u00eater ses 43 ans.","og_url":"https:\/\/heshimardc.net\/v1\/2021\/02\/24\/jean-michel-sama-lukonde-loiseau-rare-en-harmonie-avec-la-vision-de-fatshi\/","og_site_name":"HESHIMA MAGAZINE","article_publisher":"https:\/\/www.facebook.com\/heshimamagazine","article_published_time":"2021-02-24T08:33:32+00:00","article_modified_time":"2021-02-24T08:33:34+00:00","og_image":[{"width":758,"height":511,"url":"https:\/\/heshimardc.net\/v1\/wp-content\/uploads\/2021\/02\/GECAMINES-3.png","type":"image\/png"}],"author":"La redaction","twitter_card":"summary_large_image","twitter_creator":"@HeshimaMag","twitter_site":"@HeshimaMag","twitter_misc":{"\u00c9crit par":"La redaction","Dur\u00e9e de lecture estim\u00e9e":"4 minutes"},"schema":{"@context":"https:\/\/schema.org","@graph":[{"@type":"Article","@id":"https:\/\/heshimardc.net\/v1\/2021\/02\/24\/jean-michel-sama-lukonde-loiseau-rare-en-harmonie-avec-la-vision-de-fatshi\/#article","isPartOf":{"@id":"https:\/\/heshimardc.net\/v1\/2021\/02\/24\/jean-michel-sama-lukonde-loiseau-rare-en-harmonie-avec-la-vision-de-fatshi\/"},"author":{"name":"La redaction","@id":"https:\/\/heshimardc.net\/v1\/#\/schema\/person\/7188c0b9e770a370943576373b325f91"},"headline":"Jean-Michel Sama Lukonde, l\u2019oiseau rare en harmonie avec la vision de Fatshi","datePublished":"2021-02-24T08:33:32+00:00","dateModified":"2021-02-24T08:33:34+00:00","mainEntityOfPage":{"@id":"https:\/\/heshimardc.net\/v1\/2021\/02\/24\/jean-michel-sama-lukonde-loiseau-rare-en-harmonie-avec-la-vision-de-fatshi\/"},"wordCount":754,"commentCount":0,"publisher":{"@id":"https:\/\/heshimardc.net\/v1\/#organization"},"image":{"@id":"https:\/\/heshimardc.net\/v1\/2021\/02\/24\/jean-michel-sama-lukonde-loiseau-rare-en-harmonie-avec-la-vision-de-fatshi\/#primaryimage"},"thumbnailUrl":"https:\/\/heshimardc.net\/v1\/wp-content\/uploads\/2021\/02\/GECAMINES-3.png","keywords":["RDC"],"articleSection":["Decouverte"],"inLanguage":"fr-FR","potentialAction":[{"@type":"CommentAction","name":"Comment","target":["https:\/\/heshimardc.net\/v1\/2021\/02\/24\/jean-michel-sama-lukonde-loiseau-rare-en-harmonie-avec-la-vision-de-fatshi\/#respond"]}]},{"@type":"WebPage","@id":"https:\/\/heshimardc.net\/v1\/2021\/02\/24\/jean-michel-sama-lukonde-loiseau-rare-en-harmonie-avec-la-vision-de-fatshi\/","url":"https:\/\/heshimardc.net\/v1\/2021\/02\/24\/jean-michel-sama-lukonde-loiseau-rare-en-harmonie-avec-la-vision-de-fatshi\/","name":"Jean-Michel Sama Lukonde, l\u2019oiseau rare en harmonie avec la vision de Fatshi - HESHIMA MAGAZINE","isPartOf":{"@id":"https:\/\/heshimardc.net\/v1\/#website"},"primaryImageOfPage":{"@id":"https:\/\/heshimardc.net\/v1\/2021\/02\/24\/jean-michel-sama-lukonde-loiseau-rare-en-harmonie-avec-la-vision-de-fatshi\/#primaryimage"},"image":{"@id":"https:\/\/heshimardc.net\/v1\/2021\/02\/24\/jean-michel-sama-lukonde-loiseau-rare-en-harmonie-avec-la-vision-de-fatshi\/#primaryimage"},"thumbnailUrl":"https:\/\/heshimardc.net\/v1\/wp-content\/uploads\/2021\/02\/GECAMINES-3.png","datePublished":"2021-02-24T08:33:32+00:00","dateModified":"2021-02-24T08:33:34+00:00","description":"N\u00e9 le 4 ao\u00fbt 1977 \u00e0 Paris, en France, Sama Lukonde est le fils de St\u00e9phane Lukonde Kyenge et de Faustine Mwansa, tous d\u00e9c\u00e9d\u00e9s \u00e0 ce jour. Gar\u00e7on unique d\u2019une fratrie de huit enfants, tout petit, son p\u00e8re le pr\u00e9parait pour des hautes responsabilit\u00e9s. \u00c0 12 ans, il l\u2019envoya \u00e0 l\u2019internat en vue de fa\u00e7onner sa personnalit\u00e9. Le jeune homme passera par la suite un examen s\u00e9lectif pour \u00eatre admis \u00e0 l\u2019Institut technique de Mutoshi o\u00f9 il finira ses humanit\u00e9s en chimie-industrielle. Ce mari\u00e9 et p\u00e8re de trois enfants venait de f\u00eater ses 43 ans.","breadcrumb":{"@id":"https:\/\/heshimardc.net\/v1\/2021\/02\/24\/jean-michel-sama-lukonde-loiseau-rare-en-harmonie-avec-la-vision-de-fatshi\/#breadcrumb"},"inLanguage":"fr-FR","potentialAction":[{"@type":"ReadAction","target":["https:\/\/heshimardc.net\/v1\/2021\/02\/24\/jean-michel-sama-lukonde-loiseau-rare-en-harmonie-avec-la-vision-de-fatshi\/"]}]},{"@type":"ImageObject","inLanguage":"fr-FR","@id":"https:\/\/heshimardc.net\/v1\/2021\/02\/24\/jean-michel-sama-lukonde-loiseau-rare-en-harmonie-avec-la-vision-de-fatshi\/#primaryimage","url":"https:\/\/heshimardc.net\/v1\/wp-content\/uploads\/2021\/02\/GECAMINES-3.png","contentUrl":"https:\/\/heshimardc.net\/v1\/wp-content\/uploads\/2021\/02\/GECAMINES-3.png","width":758,"height":511},{"@type":"BreadcrumbList","@id":"https:\/\/heshimardc.net\/v1\/2021\/02\/24\/jean-michel-sama-lukonde-loiseau-rare-en-harmonie-avec-la-vision-de-fatshi\/#breadcrumb","itemListElement":[{"@type":"ListItem","position":1,"name":"Accueil","item":"https:\/\/heshimardc.net\/v1\/"},{"@type":"ListItem","position":2,"name":"Jean-Michel Sama Lukonde, l\u2019oiseau rare en harmonie avec la vision de Fatshi"}]},{"@type":"WebSite","@id":"https:\/\/heshimardc.net\/v1\/#website","url":"https:\/\/heshimardc.net\/v1\/","name":"HESHIMA MAGAZINE","description":"Le magazine Congolais qui bat au rythme de l&#039;actualit\u00e9","publisher":{"@id":"https:\/\/heshimardc.net\/v1\/#organization"},"potentialAction":[{"@type":"SearchAction","target":{"@type":"EntryPoint","urlTemplate":"https:\/\/heshimardc.net\/v1\/?s={search_term_string}"},"query-input":"required name=search_term_string"}],"inLanguage":"fr-FR"},{"@type":"Organization","@id":"https:\/\/heshimardc.net\/v1\/#organization","name":"HESHIMA MAGAZINE","url":"https:\/\/heshimardc.net\/v1\/","logo":{"@type":"ImageObject","inLanguage":"fr-FR","@id":"https:\/\/heshimardc.net\/v1\/#\/schema\/logo\/image\/","url":"https:\/\/heshimardc.net\/v1\/wp-content\/uploads\/2020\/09\/logo.png","contentUrl":"https:\/\/heshimardc.net\/v1\/wp-content\/uploads\/2020\/09\/logo.png","width":99,"height":130,"caption":"HESHIMA MAGAZINE"},"image":{"@id":"https:\/\/heshimardc.net\/v1\/#\/schema\/logo\/image\/"},"sameAs":["https:\/\/www.facebook.com\/heshimamagazine","https:\/\/x.com\/HeshimaMag"]},{"@type":"Person","@id":"https:\/\/heshimardc.net\/v1\/#\/schema\/person\/7188c0b9e770a370943576373b325f91","name":"La redaction","image":{"@type":"ImageObject","inLanguage":"fr-FR","@id":"https:\/\/heshimardc.net\/v1\/#\/schema\/person\/image\/","url":"https:\/\/secure.gravatar.com\/avatar\/b53b1a4a434346e76d3ea6c9ecf19fc8?s=96&d=mm&r=g","contentUrl":"https:\/\/secure.gravatar.com\/avatar\/b53b1a4a434346e76d3ea6c9ecf19fc8?s=96&d=mm&r=g","caption":"La redaction"},"sameAs":["https:\/\/heshimardc.net\/v1","La redaction"],"url":"https:\/\/heshimardc.net\/v1\/author\/la-redaction\/"}]}},"amp_enabled":true,"_links":{"self":[{"href":"https:\/\/heshimardc.net\/v1\/wp-json\/wp\/v2\/posts\/1253"}],"collection":[{"href":"https:\/\/heshimardc.net\/v1\/wp-json\/wp\/v2\/posts"}],"about":[{"href":"https:\/\/heshimardc.net\/v1\/wp-json\/wp\/v2\/types\/post"}],"author":[{"embeddable":true,"href":"https:\/\/heshimardc.net\/v1\/wp-json\/wp\/v2\/users\/1"}],"replies":[{"embeddable":true,"href":"https:\/\/heshimardc.net\/v1\/wp-json\/wp\/v2\/comments?post=1253"}],"version-history":[{"count":2,"href":"https:\/\/heshimardc.net\/v1\/wp-json\/wp\/v2\/posts\/1253\/revisions"}],"predecessor-version":[{"id":1284,"href":"https:\/\/heshimardc.net\/v1\/wp-json\/wp\/v2\/posts\/1253\/revisions\/1284"}],"wp:featuredmedia":[{"embeddable":true,"href":"https:\/\/heshimardc.net\/v1\/wp-json\/wp\/v2\/media\/1254"}],"wp:attachment":[{"href":"https:\/\/heshimardc.net\/v1\/wp-json\/wp\/v2\/media?parent=1253"}],"wp:term":[{"taxonomy":"category","embeddable":true,"href":"https:\/\/heshimardc.net\/v1\/wp-json\/wp\/v2\/categories?post=1253"},{"taxonomy":"post_tag","embeddable":true,"href":"https:\/\/heshimardc.net\/v1\/wp-json\/wp\/v2\/tags?post=1253"}],"curies":[{"name":"wp","href":"https:\/\/api.w.org\/{rel}","templated":true}]}}