{"id":1626,"date":"2021-05-26T05:52:57","date_gmt":"2021-05-26T05:52:57","guid":{"rendered":"https:\/\/heshimardc.net\/v1\/?p=1626"},"modified":"2021-05-26T05:52:59","modified_gmt":"2021-05-26T05:52:59","slug":"zlecaf-que-gagnerait-la-rdc","status":"publish","type":"post","link":"https:\/\/heshimardc.net\/v1\/2021\/05\/26\/zlecaf-que-gagnerait-la-rdc\/","title":{"rendered":"ZLECAF :que gagnerait la RDC?"},"content":{"rendered":"\n<p><\/p>\n\n\n\n<p class=\"has-drop-cap\">D\u00e9sormais l\u2019Afrique sera sans fronti\u00e8res. Cette ambition qui s\u2019inscrit dans l\u2019agenda 2063 de l\u2019Union africaine a atteint un tournant d\u00e9cisif. Celui de la ratification par les diff\u00e9rents pays de l\u2019accord cr\u00e9ant la ZLECAF. En RDC, le parlement a adopt\u00e9 la loi relative \u00e0 cette ratification. Il ne reste plus que sa promulgation par le pr\u00e9sident de la R\u00e9publique, F\u00e9lix Tshisekedi.<\/p>\n\n\n\n<p>&nbsp;Mais cette adh\u00e9sion suscite des vives inqui\u00e9tudes chez la plupart des sp\u00e9cialistes et entrepreneurs. \u00ab Notre parlement en autorisant la ratification par le gouvernement de l\u2019adh\u00e9sion de la RDC \u00e0 cette zone, signe la fin de l\u2019entrepreneuriat congolais\u00bb, a estim\u00e9 Patrick Mundeke, un entrepreneur congolais originaire du Kivu. Ce dernier pense que ce libre-\u00e9change apportera des concurrents sur le plan local alors que le pays ne s\u2019est pas pr\u00e9par\u00e9 \u00e0 y faire face.<\/p>\n\n\n\n<p>Pour Aristote Gwandey, analyste financier, les cons\u00e9quences de cette adh\u00e9sion va se faire sentir sur l\u2019exportation, l\u2019importation, le march\u00e9 local et il y a m\u00eame un d\u00e9ficit budg\u00e9taire. Dans une tribune de r\u00e9flexion, cet analyste&nbsp;financier note que le march\u00e9 unique africain devrait avoir un impact n\u00e9gatif sur la production locale congolaise \u00e9tant donn\u00e9 que les biens import\u00e9s co\u00fbteraient moins chers que ceux produits en R\u00e9publique d\u00e9mocratique du Congo.<\/p>\n\n\n\n<p class=\"has-text-color has-medium-font-size\" style=\"color:#dd6306\"><strong>Avantages \u00e0 capitaliser<\/strong><\/p>\n\n\n\n<p>&nbsp;Le premier avantage que la RDC tire de cette zone de libre-\u00e9change, c\u2019est sa propre participation. Rester hors syst\u00e8me constitue en soi un risque \u00e9conomique. Si le pays refuse et \u00ab se barricade \u00bb, il subira l\u2019effet contraire, pr\u00e9vient le professeur Henry Gerendawele, directeur de cabinet adjoint au minist\u00e8re du Commerce ext\u00e9rieur. Pour lui, la RDC deviendra \u00ab un d\u00e9versoir\u00bb des produits vendus moins chers par des voisins, membres de la ZLECAF. Et la production locale, tax\u00e9e plus ch\u00e8re, aura du mal \u00e0 \u00eatre vendue ni localement ni \u00e0 l\u2019ext\u00e9rieur du pays. Ce qui n\u00e9cessite la pr\u00e9sence du pays dans ce grand march\u00e9.<\/p>\n\n\n\n<p>Et le pays ne va pas \u00e0 t\u00e2tons dans ce march\u00e9. Devant les s\u00e9nateurs, le ministre du Commerce ext\u00e9rieur, Jean-Lucien Bussa a assur\u00e9 que \u00ab180 lignes tarifaires ou produits\u00bb sur les 6049 r\u00e9pertori\u00e9s ont \u00e9t\u00e9&nbsp;exclus de la douane. Et d\u2019autres produits vont connaitre une suppression progressive dans 10 ans, voire 13 ans pour d\u2019autres.<\/p>\n\n\n\n<p>En clair, les pays les moins avanc\u00e9s, entre autres la RDC, b\u00e9n\u00e9ficient d\u2019une p\u00e9riode de 10 ans pour la lib\u00e9ration progressive des droits de douane des produits non sensibles et 13 ans pour la lib\u00e9ration progressive des droits de douane des produits sensibles.<\/p>\n\n\n\n<p>Avec la ZLECAF, la RDC peut mettre en place des avantages comparatifs au niveau du march\u00e9 africain. Des avantages qui vont permettre au pays de se sp\u00e9cialiser dans les biens qu\u2019ils produisent. Cela donnera l\u2019avantage \u00e0 plus de cr\u00e9ation des produits labellis\u00e9s capables de concurrencer le march\u00e9 africain. Et enfin, la RDC, de part sa position de hub entre l\u2019Afrique du Nord et l\u2019Afrique australe peut constituer un centre commercial o\u00f9 des produits pourront circuler \u00e0 bas co\u00fbt.<\/p>\n\n\n\n<p>&nbsp;Dido NSAPU<\/p>\n","protected":false},"excerpt":{"rendered":"<p>L\u2019entr\u00e9e du pays dans la Zone de libre-\u00e9change continentale (ZLECAF) suscite des vives inqui\u00e9tudes chez la plupart des sp\u00e9cialistes. Avec son \u00e9conomie extravertie, la RDC y va quasiment sans produits d\u2019\u00e9change dans ce grand march\u00e9 continental. Mais l\u2019Etat peut toujours tirer son \u00e9pingle du jeu. <\/p>\n","protected":false},"author":2,"featured_media":1627,"comment_status":"closed","ping_status":"closed","sticky":false,"template":"","format":"standard","meta":{"footnotes":""},"categories":[172],"tags":[],"class_list":["post-1626","post","type-post","status-publish","format-standard","has-post-thumbnail","hentry","category-international"],"yoast_head":"<!-- This site is optimized with the Yoast SEO plugin v23.3 - https:\/\/yoast.com\/wordpress\/plugins\/seo\/ -->\n<title>ZLECAF :que gagnerait la RDC? - HESHIMA MAGAZINE<\/title>\n<meta name=\"description\" content=\"Le premier avantage que la RDC tire de cette zone de libre-\u00e9change, c\u2019est sa propre participation. Rester hors syst\u00e8me constitue en soi un risque \u00e9conomique. Si le pays refuse et \u00ab se barricade \u00bb, il subira l\u2019effet contraire, pr\u00e9vient le professeur Henry Gerendawele, directeur de cabinet adjoint au minist\u00e8re du Commerce ext\u00e9rieur. Pour lui, la RDC deviendra \u00ab un d\u00e9versoir\u00bb des produits vendus moins chers par des voisins, membres de la ZLECAF. Et la production locale, tax\u00e9e plus ch\u00e8re, aura du mal \u00e0 \u00eatre vendue ni localement ni \u00e0 l\u2019ext\u00e9rieur du pays. Ce qui n\u00e9cessite la pr\u00e9sence du pays dans ce grand march\u00e9.\" \/>\n<meta name=\"robots\" content=\"index, follow, max-snippet:-1, max-image-preview:large, max-video-preview:-1\" \/>\n<link rel=\"canonical\" href=\"https:\/\/heshimardc.net\/v1\/2021\/05\/26\/zlecaf-que-gagnerait-la-rdc\/\" \/>\n<meta property=\"og:locale\" content=\"fr_FR\" \/>\n<meta property=\"og:type\" content=\"article\" \/>\n<meta property=\"og:title\" content=\"ZLECAF :que gagnerait la RDC? - HESHIMA MAGAZINE\" \/>\n<meta property=\"og:description\" content=\"Le premier avantage que la RDC tire de cette zone de libre-\u00e9change, c\u2019est sa propre participation. Rester hors syst\u00e8me constitue en soi un risque \u00e9conomique. Si le pays refuse et \u00ab se barricade \u00bb, il subira l\u2019effet contraire, pr\u00e9vient le professeur Henry Gerendawele, directeur de cabinet adjoint au minist\u00e8re du Commerce ext\u00e9rieur. Pour lui, la RDC deviendra \u00ab un d\u00e9versoir\u00bb des produits vendus moins chers par des voisins, membres de la ZLECAF. Et la production locale, tax\u00e9e plus ch\u00e8re, aura du mal \u00e0 \u00eatre vendue ni localement ni \u00e0 l\u2019ext\u00e9rieur du pays. Ce qui n\u00e9cessite la pr\u00e9sence du pays dans ce grand march\u00e9.\" \/>\n<meta property=\"og:url\" content=\"https:\/\/heshimardc.net\/v1\/2021\/05\/26\/zlecaf-que-gagnerait-la-rdc\/\" \/>\n<meta property=\"og:site_name\" content=\"HESHIMA MAGAZINE\" \/>\n<meta property=\"article:publisher\" content=\"https:\/\/www.facebook.com\/heshimamagazine\" \/>\n<meta property=\"article:published_time\" content=\"2021-05-26T05:52:57+00:00\" \/>\n<meta property=\"article:modified_time\" content=\"2021-05-26T05:52:59+00:00\" \/>\n<meta property=\"og:image\" content=\"https:\/\/heshimardc.net\/v1\/wp-content\/uploads\/2021\/05\/84cb57c446e29dbe9201878988c3ca8c_M.jpg\" \/>\n\t<meta property=\"og:image:width\" content=\"580\" \/>\n\t<meta property=\"og:image:height\" content=\"350\" \/>\n\t<meta property=\"og:image:type\" content=\"image\/jpeg\" \/>\n<meta name=\"author\" content=\"RedactionH\" \/>\n<meta name=\"twitter:card\" content=\"summary_large_image\" \/>\n<meta name=\"twitter:creator\" content=\"@HeshimaMag\" \/>\n<meta name=\"twitter:site\" content=\"@HeshimaMag\" \/>\n<meta name=\"twitter:label1\" content=\"\u00c9crit par\" \/>\n\t<meta name=\"twitter:data1\" content=\"RedactionH\" \/>\n\t<meta name=\"twitter:label2\" content=\"Dur\u00e9e de lecture estim\u00e9e\" \/>\n\t<meta name=\"twitter:data2\" content=\"3 minutes\" \/>\n<script type=\"application\/ld+json\" class=\"yoast-schema-graph\">{\"@context\":\"https:\/\/schema.org\",\"@graph\":[{\"@type\":\"Article\",\"@id\":\"https:\/\/heshimardc.net\/v1\/2021\/05\/26\/zlecaf-que-gagnerait-la-rdc\/#article\",\"isPartOf\":{\"@id\":\"https:\/\/heshimardc.net\/v1\/2021\/05\/26\/zlecaf-que-gagnerait-la-rdc\/\"},\"author\":{\"name\":\"RedactionH\",\"@id\":\"https:\/\/heshimardc.net\/v1\/#\/schema\/person\/c74a2d47650131f158dc4a027547a532\"},\"headline\":\"ZLECAF :que gagnerait la RDC?\",\"datePublished\":\"2021-05-26T05:52:57+00:00\",\"dateModified\":\"2021-05-26T05:52:59+00:00\",\"mainEntityOfPage\":{\"@id\":\"https:\/\/heshimardc.net\/v1\/2021\/05\/26\/zlecaf-que-gagnerait-la-rdc\/\"},\"wordCount\":547,\"publisher\":{\"@id\":\"https:\/\/heshimardc.net\/v1\/#organization\"},\"image\":{\"@id\":\"https:\/\/heshimardc.net\/v1\/2021\/05\/26\/zlecaf-que-gagnerait-la-rdc\/#primaryimage\"},\"thumbnailUrl\":\"https:\/\/heshimardc.net\/v1\/wp-content\/uploads\/2021\/05\/84cb57c446e29dbe9201878988c3ca8c_M.jpg\",\"articleSection\":[\"International\"],\"inLanguage\":\"fr-FR\"},{\"@type\":\"WebPage\",\"@id\":\"https:\/\/heshimardc.net\/v1\/2021\/05\/26\/zlecaf-que-gagnerait-la-rdc\/\",\"url\":\"https:\/\/heshimardc.net\/v1\/2021\/05\/26\/zlecaf-que-gagnerait-la-rdc\/\",\"name\":\"ZLECAF :que gagnerait la RDC? - HESHIMA MAGAZINE\",\"isPartOf\":{\"@id\":\"https:\/\/heshimardc.net\/v1\/#website\"},\"primaryImageOfPage\":{\"@id\":\"https:\/\/heshimardc.net\/v1\/2021\/05\/26\/zlecaf-que-gagnerait-la-rdc\/#primaryimage\"},\"image\":{\"@id\":\"https:\/\/heshimardc.net\/v1\/2021\/05\/26\/zlecaf-que-gagnerait-la-rdc\/#primaryimage\"},\"thumbnailUrl\":\"https:\/\/heshimardc.net\/v1\/wp-content\/uploads\/2021\/05\/84cb57c446e29dbe9201878988c3ca8c_M.jpg\",\"datePublished\":\"2021-05-26T05:52:57+00:00\",\"dateModified\":\"2021-05-26T05:52:59+00:00\",\"description\":\"Le premier avantage que la RDC tire de cette zone de libre-\u00e9change, c\u2019est sa propre participation. Rester hors syst\u00e8me constitue en soi un risque \u00e9conomique. Si le pays refuse et \u00ab se barricade \u00bb, il subira l\u2019effet contraire, pr\u00e9vient le professeur Henry Gerendawele, directeur de cabinet adjoint au minist\u00e8re du Commerce ext\u00e9rieur. Pour lui, la RDC deviendra \u00ab un d\u00e9versoir\u00bb des produits vendus moins chers par des voisins, membres de la ZLECAF. Et la production locale, tax\u00e9e plus ch\u00e8re, aura du mal \u00e0 \u00eatre vendue ni localement ni \u00e0 l\u2019ext\u00e9rieur du pays. Ce qui n\u00e9cessite la pr\u00e9sence du pays dans ce grand march\u00e9.\",\"breadcrumb\":{\"@id\":\"https:\/\/heshimardc.net\/v1\/2021\/05\/26\/zlecaf-que-gagnerait-la-rdc\/#breadcrumb\"},\"inLanguage\":\"fr-FR\",\"potentialAction\":[{\"@type\":\"ReadAction\",\"target\":[\"https:\/\/heshimardc.net\/v1\/2021\/05\/26\/zlecaf-que-gagnerait-la-rdc\/\"]}]},{\"@type\":\"ImageObject\",\"inLanguage\":\"fr-FR\",\"@id\":\"https:\/\/heshimardc.net\/v1\/2021\/05\/26\/zlecaf-que-gagnerait-la-rdc\/#primaryimage\",\"url\":\"https:\/\/heshimardc.net\/v1\/wp-content\/uploads\/2021\/05\/84cb57c446e29dbe9201878988c3ca8c_M.jpg\",\"contentUrl\":\"https:\/\/heshimardc.net\/v1\/wp-content\/uploads\/2021\/05\/84cb57c446e29dbe9201878988c3ca8c_M.jpg\",\"width\":580,\"height\":350},{\"@type\":\"BreadcrumbList\",\"@id\":\"https:\/\/heshimardc.net\/v1\/2021\/05\/26\/zlecaf-que-gagnerait-la-rdc\/#breadcrumb\",\"itemListElement\":[{\"@type\":\"ListItem\",\"position\":1,\"name\":\"Accueil\",\"item\":\"https:\/\/heshimardc.net\/v1\/\"},{\"@type\":\"ListItem\",\"position\":2,\"name\":\"ZLECAF :que gagnerait la RDC?\"}]},{\"@type\":\"WebSite\",\"@id\":\"https:\/\/heshimardc.net\/v1\/#website\",\"url\":\"https:\/\/heshimardc.net\/v1\/\",\"name\":\"HESHIMA MAGAZINE\",\"description\":\"Le magazine Congolais qui bat au rythme de l&#039;actualit\u00e9\",\"publisher\":{\"@id\":\"https:\/\/heshimardc.net\/v1\/#organization\"},\"potentialAction\":[{\"@type\":\"SearchAction\",\"target\":{\"@type\":\"EntryPoint\",\"urlTemplate\":\"https:\/\/heshimardc.net\/v1\/?s={search_term_string}\"},\"query-input\":\"required name=search_term_string\"}],\"inLanguage\":\"fr-FR\"},{\"@type\":\"Organization\",\"@id\":\"https:\/\/heshimardc.net\/v1\/#organization\",\"name\":\"HESHIMA MAGAZINE\",\"url\":\"https:\/\/heshimardc.net\/v1\/\",\"logo\":{\"@type\":\"ImageObject\",\"inLanguage\":\"fr-FR\",\"@id\":\"https:\/\/heshimardc.net\/v1\/#\/schema\/logo\/image\/\",\"url\":\"https:\/\/heshimardc.net\/v1\/wp-content\/uploads\/2020\/09\/logo.png\",\"contentUrl\":\"https:\/\/heshimardc.net\/v1\/wp-content\/uploads\/2020\/09\/logo.png\",\"width\":99,\"height\":130,\"caption\":\"HESHIMA MAGAZINE\"},\"image\":{\"@id\":\"https:\/\/heshimardc.net\/v1\/#\/schema\/logo\/image\/\"},\"sameAs\":[\"https:\/\/www.facebook.com\/heshimamagazine\",\"https:\/\/x.com\/HeshimaMag\"]},{\"@type\":\"Person\",\"@id\":\"https:\/\/heshimardc.net\/v1\/#\/schema\/person\/c74a2d47650131f158dc4a027547a532\",\"name\":\"RedactionH\",\"image\":{\"@type\":\"ImageObject\",\"inLanguage\":\"fr-FR\",\"@id\":\"https:\/\/heshimardc.net\/v1\/#\/schema\/person\/image\/\",\"url\":\"https:\/\/secure.gravatar.com\/avatar\/a52112f8496f362a38bf46c70ca9e956?s=96&d=mm&r=g\",\"contentUrl\":\"https:\/\/secure.gravatar.com\/avatar\/a52112f8496f362a38bf46c70ca9e956?s=96&d=mm&r=g\",\"caption\":\"RedactionH\"},\"sameAs\":[\"http:\/\/www.heshimardc.net\"],\"url\":\"https:\/\/heshimardc.net\/v1\/author\/redactionh\/\"}]}<\/script>\n<!-- \/ Yoast SEO plugin. -->","yoast_head_json":{"title":"ZLECAF :que gagnerait la RDC? - HESHIMA MAGAZINE","description":"Le premier avantage que la RDC tire de cette zone de libre-\u00e9change, c\u2019est sa propre participation. Rester hors syst\u00e8me constitue en soi un risque \u00e9conomique. Si le pays refuse et \u00ab se barricade \u00bb, il subira l\u2019effet contraire, pr\u00e9vient le professeur Henry Gerendawele, directeur de cabinet adjoint au minist\u00e8re du Commerce ext\u00e9rieur. Pour lui, la RDC deviendra \u00ab un d\u00e9versoir\u00bb des produits vendus moins chers par des voisins, membres de la ZLECAF. Et la production locale, tax\u00e9e plus ch\u00e8re, aura du mal \u00e0 \u00eatre vendue ni localement ni \u00e0 l\u2019ext\u00e9rieur du pays. Ce qui n\u00e9cessite la pr\u00e9sence du pays dans ce grand march\u00e9.","robots":{"index":"index","follow":"follow","max-snippet":"max-snippet:-1","max-image-preview":"max-image-preview:large","max-video-preview":"max-video-preview:-1"},"canonical":"https:\/\/heshimardc.net\/v1\/2021\/05\/26\/zlecaf-que-gagnerait-la-rdc\/","og_locale":"fr_FR","og_type":"article","og_title":"ZLECAF :que gagnerait la RDC? - HESHIMA MAGAZINE","og_description":"Le premier avantage que la RDC tire de cette zone de libre-\u00e9change, c\u2019est sa propre participation. Rester hors syst\u00e8me constitue en soi un risque \u00e9conomique. Si le pays refuse et \u00ab se barricade \u00bb, il subira l\u2019effet contraire, pr\u00e9vient le professeur Henry Gerendawele, directeur de cabinet adjoint au minist\u00e8re du Commerce ext\u00e9rieur. Pour lui, la RDC deviendra \u00ab un d\u00e9versoir\u00bb des produits vendus moins chers par des voisins, membres de la ZLECAF. Et la production locale, tax\u00e9e plus ch\u00e8re, aura du mal \u00e0 \u00eatre vendue ni localement ni \u00e0 l\u2019ext\u00e9rieur du pays. Ce qui n\u00e9cessite la pr\u00e9sence du pays dans ce grand march\u00e9.","og_url":"https:\/\/heshimardc.net\/v1\/2021\/05\/26\/zlecaf-que-gagnerait-la-rdc\/","og_site_name":"HESHIMA MAGAZINE","article_publisher":"https:\/\/www.facebook.com\/heshimamagazine","article_published_time":"2021-05-26T05:52:57+00:00","article_modified_time":"2021-05-26T05:52:59+00:00","og_image":[{"width":580,"height":350,"url":"https:\/\/heshimardc.net\/v1\/wp-content\/uploads\/2021\/05\/84cb57c446e29dbe9201878988c3ca8c_M.jpg","type":"image\/jpeg"}],"author":"RedactionH","twitter_card":"summary_large_image","twitter_creator":"@HeshimaMag","twitter_site":"@HeshimaMag","twitter_misc":{"\u00c9crit par":"RedactionH","Dur\u00e9e de lecture estim\u00e9e":"3 minutes"},"schema":{"@context":"https:\/\/schema.org","@graph":[{"@type":"Article","@id":"https:\/\/heshimardc.net\/v1\/2021\/05\/26\/zlecaf-que-gagnerait-la-rdc\/#article","isPartOf":{"@id":"https:\/\/heshimardc.net\/v1\/2021\/05\/26\/zlecaf-que-gagnerait-la-rdc\/"},"author":{"name":"RedactionH","@id":"https:\/\/heshimardc.net\/v1\/#\/schema\/person\/c74a2d47650131f158dc4a027547a532"},"headline":"ZLECAF :que gagnerait la RDC?","datePublished":"2021-05-26T05:52:57+00:00","dateModified":"2021-05-26T05:52:59+00:00","mainEntityOfPage":{"@id":"https:\/\/heshimardc.net\/v1\/2021\/05\/26\/zlecaf-que-gagnerait-la-rdc\/"},"wordCount":547,"publisher":{"@id":"https:\/\/heshimardc.net\/v1\/#organization"},"image":{"@id":"https:\/\/heshimardc.net\/v1\/2021\/05\/26\/zlecaf-que-gagnerait-la-rdc\/#primaryimage"},"thumbnailUrl":"https:\/\/heshimardc.net\/v1\/wp-content\/uploads\/2021\/05\/84cb57c446e29dbe9201878988c3ca8c_M.jpg","articleSection":["International"],"inLanguage":"fr-FR"},{"@type":"WebPage","@id":"https:\/\/heshimardc.net\/v1\/2021\/05\/26\/zlecaf-que-gagnerait-la-rdc\/","url":"https:\/\/heshimardc.net\/v1\/2021\/05\/26\/zlecaf-que-gagnerait-la-rdc\/","name":"ZLECAF :que gagnerait la RDC? - HESHIMA MAGAZINE","isPartOf":{"@id":"https:\/\/heshimardc.net\/v1\/#website"},"primaryImageOfPage":{"@id":"https:\/\/heshimardc.net\/v1\/2021\/05\/26\/zlecaf-que-gagnerait-la-rdc\/#primaryimage"},"image":{"@id":"https:\/\/heshimardc.net\/v1\/2021\/05\/26\/zlecaf-que-gagnerait-la-rdc\/#primaryimage"},"thumbnailUrl":"https:\/\/heshimardc.net\/v1\/wp-content\/uploads\/2021\/05\/84cb57c446e29dbe9201878988c3ca8c_M.jpg","datePublished":"2021-05-26T05:52:57+00:00","dateModified":"2021-05-26T05:52:59+00:00","description":"Le premier avantage que la RDC tire de cette zone de libre-\u00e9change, c\u2019est sa propre participation. Rester hors syst\u00e8me constitue en soi un risque \u00e9conomique. Si le pays refuse et \u00ab se barricade \u00bb, il subira l\u2019effet contraire, pr\u00e9vient le professeur Henry Gerendawele, directeur de cabinet adjoint au minist\u00e8re du Commerce ext\u00e9rieur. Pour lui, la RDC deviendra \u00ab un d\u00e9versoir\u00bb des produits vendus moins chers par des voisins, membres de la ZLECAF. Et la production locale, tax\u00e9e plus ch\u00e8re, aura du mal \u00e0 \u00eatre vendue ni localement ni \u00e0 l\u2019ext\u00e9rieur du pays. Ce qui n\u00e9cessite la pr\u00e9sence du pays dans ce grand march\u00e9.","breadcrumb":{"@id":"https:\/\/heshimardc.net\/v1\/2021\/05\/26\/zlecaf-que-gagnerait-la-rdc\/#breadcrumb"},"inLanguage":"fr-FR","potentialAction":[{"@type":"ReadAction","target":["https:\/\/heshimardc.net\/v1\/2021\/05\/26\/zlecaf-que-gagnerait-la-rdc\/"]}]},{"@type":"ImageObject","inLanguage":"fr-FR","@id":"https:\/\/heshimardc.net\/v1\/2021\/05\/26\/zlecaf-que-gagnerait-la-rdc\/#primaryimage","url":"https:\/\/heshimardc.net\/v1\/wp-content\/uploads\/2021\/05\/84cb57c446e29dbe9201878988c3ca8c_M.jpg","contentUrl":"https:\/\/heshimardc.net\/v1\/wp-content\/uploads\/2021\/05\/84cb57c446e29dbe9201878988c3ca8c_M.jpg","width":580,"height":350},{"@type":"BreadcrumbList","@id":"https:\/\/heshimardc.net\/v1\/2021\/05\/26\/zlecaf-que-gagnerait-la-rdc\/#breadcrumb","itemListElement":[{"@type":"ListItem","position":1,"name":"Accueil","item":"https:\/\/heshimardc.net\/v1\/"},{"@type":"ListItem","position":2,"name":"ZLECAF :que gagnerait la RDC?"}]},{"@type":"WebSite","@id":"https:\/\/heshimardc.net\/v1\/#website","url":"https:\/\/heshimardc.net\/v1\/","name":"HESHIMA MAGAZINE","description":"Le magazine Congolais qui bat au rythme de l&#039;actualit\u00e9","publisher":{"@id":"https:\/\/heshimardc.net\/v1\/#organization"},"potentialAction":[{"@type":"SearchAction","target":{"@type":"EntryPoint","urlTemplate":"https:\/\/heshimardc.net\/v1\/?s={search_term_string}"},"query-input":"required name=search_term_string"}],"inLanguage":"fr-FR"},{"@type":"Organization","@id":"https:\/\/heshimardc.net\/v1\/#organization","name":"HESHIMA MAGAZINE","url":"https:\/\/heshimardc.net\/v1\/","logo":{"@type":"ImageObject","inLanguage":"fr-FR","@id":"https:\/\/heshimardc.net\/v1\/#\/schema\/logo\/image\/","url":"https:\/\/heshimardc.net\/v1\/wp-content\/uploads\/2020\/09\/logo.png","contentUrl":"https:\/\/heshimardc.net\/v1\/wp-content\/uploads\/2020\/09\/logo.png","width":99,"height":130,"caption":"HESHIMA MAGAZINE"},"image":{"@id":"https:\/\/heshimardc.net\/v1\/#\/schema\/logo\/image\/"},"sameAs":["https:\/\/www.facebook.com\/heshimamagazine","https:\/\/x.com\/HeshimaMag"]},{"@type":"Person","@id":"https:\/\/heshimardc.net\/v1\/#\/schema\/person\/c74a2d47650131f158dc4a027547a532","name":"RedactionH","image":{"@type":"ImageObject","inLanguage":"fr-FR","@id":"https:\/\/heshimardc.net\/v1\/#\/schema\/person\/image\/","url":"https:\/\/secure.gravatar.com\/avatar\/a52112f8496f362a38bf46c70ca9e956?s=96&d=mm&r=g","contentUrl":"https:\/\/secure.gravatar.com\/avatar\/a52112f8496f362a38bf46c70ca9e956?s=96&d=mm&r=g","caption":"RedactionH"},"sameAs":["http:\/\/www.heshimardc.net"],"url":"https:\/\/heshimardc.net\/v1\/author\/redactionh\/"}]}},"amp_enabled":true,"_links":{"self":[{"href":"https:\/\/heshimardc.net\/v1\/wp-json\/wp\/v2\/posts\/1626"}],"collection":[{"href":"https:\/\/heshimardc.net\/v1\/wp-json\/wp\/v2\/posts"}],"about":[{"href":"https:\/\/heshimardc.net\/v1\/wp-json\/wp\/v2\/types\/post"}],"author":[{"embeddable":true,"href":"https:\/\/heshimardc.net\/v1\/wp-json\/wp\/v2\/users\/2"}],"replies":[{"embeddable":true,"href":"https:\/\/heshimardc.net\/v1\/wp-json\/wp\/v2\/comments?post=1626"}],"version-history":[{"count":1,"href":"https:\/\/heshimardc.net\/v1\/wp-json\/wp\/v2\/posts\/1626\/revisions"}],"predecessor-version":[{"id":1628,"href":"https:\/\/heshimardc.net\/v1\/wp-json\/wp\/v2\/posts\/1626\/revisions\/1628"}],"wp:featuredmedia":[{"embeddable":true,"href":"https:\/\/heshimardc.net\/v1\/wp-json\/wp\/v2\/media\/1627"}],"wp:attachment":[{"href":"https:\/\/heshimardc.net\/v1\/wp-json\/wp\/v2\/media?parent=1626"}],"wp:term":[{"taxonomy":"category","embeddable":true,"href":"https:\/\/heshimardc.net\/v1\/wp-json\/wp\/v2\/categories?post=1626"},{"taxonomy":"post_tag","embeddable":true,"href":"https:\/\/heshimardc.net\/v1\/wp-json\/wp\/v2\/tags?post=1626"}],"curies":[{"name":"wp","href":"https:\/\/api.w.org\/{rel}","templated":true}]}}