{"id":1690,"date":"2021-06-04T05:34:05","date_gmt":"2021-06-04T05:34:05","guid":{"rendered":"https:\/\/heshimardc.net\/v1\/?p=1690"},"modified":"2021-06-04T05:34:08","modified_gmt":"2021-06-04T05:34:08","slug":"etat-de-siege-strategie-de-felix-tshisekedi-contre-la-guerre","status":"publish","type":"post","link":"https:\/\/heshimardc.net\/v1\/2021\/06\/04\/etat-de-siege-strategie-de-felix-tshisekedi-contre-la-guerre\/","title":{"rendered":"Etat de si\u00e8ge, strat\u00e9gie de F\u00e9lix Tshisekedi contre la guerre"},"content":{"rendered":"\n<p><\/p>\n\n\n\n<p class=\"has-drop-cap\">Depuis le 6 mai 2021, l\u2019Ituri et le N o r d &#8211; K i v u sont sous administration militaire. En vue de mettre fin \u00e0 l\u2019ins\u00e9curit\u00e9 qui r\u00e8gne dans les deux provinces, le pr\u00e9sident de la R\u00e9publique, <em><a href=\"https:\/\/heshimardc.net\/v1\/2021\/01\/20\/2021-annee-de-tous-les-enjeux\/\" target=\"_blank\" rel=\"noreferrer noopener\">F\u00e9lix-Antoine Tshisekedi, <\/a><\/em>se basant sur l\u2019article 85 de la constitution, a sign\u00e9 les ordonnances d\u00e9cr\u00e9tant l\u2019\u00e9tat de si\u00e8ge. Frappant du poing sur la table, Fatshi veut mettre d\u00e9finitivement un terme au cycle des violences et \u00e0 la terreur que s\u00e8ment les groupes arm\u00e9s dans cette contr\u00e9e de la R\u00e9publique. Du coup, il a plac\u00e9 \u00e0 la t\u00eate de l\u2019Ituri Luboya Nkashama Johnny, avec comme vice-gouverneur le commissaire divisionnaire Alonga Boni. Au Nord-Kivu, il remplace momentan\u00e9ment Carly Nzanzu \u00e0 la t\u00eate de l\u2019ex\u00e9cutif provincial par Constant Ndima Kongba. Ce dernier a comme vice-gouverneur le commissaire divisionnaire Ekuka Lipopo. Ce sont ces deux lieutenants g\u00e9n\u00e9raux et leurs adjoints de la Police nationale congolaise ( PNC) qui ont la charge d\u2019appliquer les mesures d\u2019exception dans les deux provinces.<\/p>\n\n\n\n<figure class=\"wp-block-gallery columns-1 is-cropped wp-block-gallery-1 is-layout-flex wp-block-gallery-is-layout-flex\"><ul class=\"blocks-gallery-grid\"><li class=\"blocks-gallery-item\"><figure><img loading=\"lazy\" decoding=\"async\" width=\"761\" height=\"582\" src=\"https:\/\/heshimardc.net\/v1\/wp-content\/uploads\/2021\/06\/Snapshot_458.jpeg\" alt=\"\" data-id=\"1698\" data-full-url=\"https:\/\/heshimardc.net\/v1\/wp-content\/uploads\/2021\/06\/Snapshot_458.jpeg\" data-link=\"https:\/\/heshimardc.net\/v1\/?attachment_id=1698\" class=\"wp-image-1698\" srcset=\"https:\/\/heshimardc.net\/v1\/wp-content\/uploads\/2021\/06\/Snapshot_458.jpeg 761w, https:\/\/heshimardc.net\/v1\/wp-content\/uploads\/2021\/06\/Snapshot_458-300x229.jpeg 300w, https:\/\/heshimardc.net\/v1\/wp-content\/uploads\/2021\/06\/Snapshot_458-16x12.jpeg 16w\" sizes=\"(max-width: 761px) 100vw, 761px\" \/><\/figure><\/li><\/ul><\/figure>\n\n\n\n<p>Dans sa strat\u00e9gie, F\u00e9lix-Antoine Tshisekedi les envoie&nbsp;en mission commando pour l&rsquo;\u00e9radication de l\u2019ins\u00e9curit\u00e9 dans les deux provinces, pour une dur\u00e9e de trente jours, renouvelable plusieurs fois pendant quinze jours. Les provinces de l\u2019Est de la RDC, partageant la fronti\u00e8re avec le Rwanda, l\u2019Ouganda et le Burundi, sont en guerre depuis 1996 et beaucoup de groupes arm\u00e9s y pullulent. L\u2019administration militaire va ainsi mener des offensives de grande envergure contre eux. Pour le chef de l\u2019Etat congolais, l\u2019heure est grave. \u00ab Aucun Congolais digne de ce nom ne devrait rester indiff\u00e9rent \u00bb, a-t-il d\u00e9clar\u00e9. \u00ab L\u2019Est de la RDC est devenu \u00ab le point d\u2019implosion&nbsp;des mouvements rebelles et des groupes arm\u00e9s, le point d\u2019entr\u00e9e des forces n\u00e9gatives \u00e9trang\u00e8res, qui y s\u00e8ment la d\u00e9solation \u00bb, d\u00e9plore-t-il.<\/p>\n\n\n\n<p class=\"has-text-color has-medium-font-size\" style=\"color:#000e14\"><strong>Une strat\u00e9gie applaudie<\/strong><\/p>\n\n\n\n<div class=\"wp-block-image\"><figure class=\"alignright size-large\"><img loading=\"lazy\" decoding=\"async\" width=\"426\" height=\"439\" src=\"https:\/\/heshimardc.net\/v1\/wp-content\/uploads\/2021\/06\/Snapshot_453.jpeg\" alt=\"\" class=\"wp-image-1691\" srcset=\"https:\/\/heshimardc.net\/v1\/wp-content\/uploads\/2021\/06\/Snapshot_453.jpeg 426w, https:\/\/heshimardc.net\/v1\/wp-content\/uploads\/2021\/06\/Snapshot_453-291x300.jpeg 291w, https:\/\/heshimardc.net\/v1\/wp-content\/uploads\/2021\/06\/Snapshot_453-12x12.jpeg 12w\" sizes=\"(max-width: 426px) 100vw, 426px\" \/><\/figure><\/div>\n\n\n\n<p>Certains sont satisfaits car souhaitant le retour rapide de la paix dans la r\u00e9gion. Pour Jean Bamanisa, gouverneur civil de l\u2019Ituri mis de c\u00f4t\u00e9, la population a trop souffert. \u2018\u2019Nous avons eu plus de 1,6 million de personnes d\u00e9plac\u00e9es, plus de 250 000 personnes dans les camps de r\u00e9fugi\u00e9s et des groupes arm\u00e9s qui occupent des espaces et imposent leur loi \u2018\u2019, fustige t-il. Soucieux d\u2019apporter son soutien aux FARDC engag\u00e9s au front, le d\u00e9put\u00e9 national Nsingi Pululu a m\u00eame propos\u00e9 la cr\u00e9ation d\u2019une caisse nationale en leur faveur. D\u2019apr\u00e8s lui, les ressources collect\u00e9es dans le cadre de l\u2019\u00e9tat de si\u00e8ge devraient \u00eatre g\u00e9r\u00e9es par des religieux.&nbsp;<\/p>\n\n\n\n<p>De mani\u00e8re g\u00e9n\u00e9rale, les d\u00e9put\u00e9s et gouvernements provinciaux soutiennent l\u2019\u00e9tat de si\u00e8ge. Le gouvernement de la R\u00e9publique de m\u00eame. Le Premier ministre Jean-Michel Sama Lukonde a invit\u00e9 tous ceux qui ont pris des armes \u00e0 revenir \u00e0 la raison et a promis de soutenir leur r\u00e9insertion dans la vie normale. Il a lanc\u00e9 officiellement la campagne \u00ab Tolonga na mapinga. Bendele Ekweya te (Vaincre avec les forces arm\u00e9es tout en maintenant haut le drapeau de la RDC )\u00bb, dans le but de soutenir les militaires et les policiers.<\/p>\n\n\n\n<p>En Afrique et ailleurs, certains chefs d\u2019Etat encouragent l\u2019initiative du pr\u00e9sident F\u00e9lix Tshisekedi. Paul Kagame, pr\u00e9sident du Rwanda, l\u2019a salu\u00e9. \u00ab Nous saluons cette initiative prise par les autorit\u00e9s de la RDC et nous ferons ce qui est en notre pouvoir pour qu\u2019elle soit fructueuse \u00bb, a-t-il indiqu\u00e9. Avec Bintou Keita, Repr\u00e9sentante sp\u00e9ciale du secr\u00e9taire g\u00e9n\u00e9ral de l\u2019ONU, F\u00e9lix Tshisekedi a parl\u00e9 de la motivation de sa strat\u00e9gie.<\/p>\n\n\n\n<p class=\"has-text-color has-medium-font-size\" style=\"color:#00070a\"><strong>&nbsp;Scepticisme et pol\u00e9mique au sujet des gouverneurs militaires<\/strong><\/p>\n\n\n\n<p>Cependant, ils sont nombreux, ceux qui manifestent leurs inqui\u00e9tudes. Lamuka, par exemple, craint que l\u2019\u00e9tat de si\u00e8ge soit une strat\u00e9gie adopt\u00e9e pour la balkanisation.&nbsp;&nbsp;<\/p>\n\n\n\n<p>La soci\u00e9t\u00e9 civile s\u2019inqui\u00e8te parce qu\u2019avec l\u2019\u00e9tat de si\u00e8ge, les militaires voient leurs droits \u00e9largis : ils peuvent perquisitionner \u00e0 tout moment ou interdire la circulation ou la publication et les r\u00e9unions capables d\u2019exciter les populations.<\/p>\n\n\n\n<p>La crainte de certains notables de l\u2019Ituri et du Nord-Kivu porte sur le comportement des militaires, notamment \u00e0 cause du passif de certains officiers d\u00e9ploy\u00e9s(les deux g\u00e9n\u00e9raux sont des anciens rebelles). Luboya est point\u00e9 du doigt par certaines organisations de la soci\u00e9t\u00e9 civile, parce qu\u2019\u00e9tant un ancien du RCD Goma. Toutefois, cela remonte \u00e0 fin 90 et tout r\u00e9cemment, il a \u00e9t\u00e9 patron de la premi\u00e8re zone de d\u00e9fense et commandant de la 13\u00e8me r\u00e9gion militaire de l\u2019Equateur. Quant \u00e0 Constant Ndima, il est un ancien du Mouvement de lib\u00e9ration du Congo ( MLC) de Jean-Pierre Bemba. Il a \u00e9t\u00e9 commandant de la 3\u00e8me zone de d\u00e9fense (couvrant les deux Kivu, le Maniema et la Tshopo), et jusqu&rsquo; avant sa nomination en tant que gouverneur il \u00e9tait chef d\u2019\u00e9tat-major g\u00e9n\u00e9ral charg\u00e9 de l\u2019administration et de la logistique.<\/p>\n\n\n\n<div class=\"wp-block-image\"><figure class=\"aligncenter size-large\"><img loading=\"lazy\" decoding=\"async\" width=\"652\" height=\"435\" src=\"https:\/\/heshimardc.net\/v1\/wp-content\/uploads\/2021\/06\/Snapshot_454.jpeg\" alt=\"\" class=\"wp-image-1692\" srcset=\"https:\/\/heshimardc.net\/v1\/wp-content\/uploads\/2021\/06\/Snapshot_454.jpeg 652w, https:\/\/heshimardc.net\/v1\/wp-content\/uploads\/2021\/06\/Snapshot_454-300x200.jpeg 300w, https:\/\/heshimardc.net\/v1\/wp-content\/uploads\/2021\/06\/Snapshot_454-16x12.jpeg 16w\" sizes=\"(max-width: 652px) 100vw, 652px\" \/><\/figure><\/div>\n\n\n\n<p>Pour sa part, la Lucha s\u2019oppose carr\u00e9ment \u00e0 l\u2019\u00e9tat de si\u00e8ge. Ce mouvement citoyen demande au chef de l\u2019Etat de convoquer plut\u00f4t un dialogue tripartite entre le gouvernement, la MONUSCO et les principales organisations de la soci\u00e9t\u00e9 civile de la r\u00e9gion. Le collectif \u00ab le Congo que nous voulons \u00bb estime qu\u2019il existe d\u2019autres solutions, plus simples et facilement applicables. L\u00e0-dessus, la&nbsp;Dynamique Congo 2060 formule plusieurs propositions alternatives, \u00e0 savoir faire de la s\u00e9curit\u00e9 de l\u2019Est du pays une cause nationale ; mettre Beni au centre des pr\u00e9occupations de tous les Congolais ; renforcer le commandement et le contr\u00f4le des FARDC d\u00e9ploy\u00e9es \u00e0 Beni ; \u00e9carter les officiers se trouvant sur le terrain et qui s\u2019adonnent \u00e0 l\u2019exploitation des ressources naturelles\u2026 Toutefois, lors de son voyage \u00e0 Lubumbashi, F\u00e9lix Tshisekedi a qualifi\u00e9 de sorciers ceux qui critiquent ses choix concernant les gouverneurs militaires. \u00ab Nous ne pouvons pas nous r\u00e9jouir pendant que les fr\u00e8res de l\u2019Est souffrent. C\u2019est pour cela que j\u2019avais d\u00e9cid\u00e9 d\u2019installer l\u2019\u00e9tat de si\u00e8ge. Rendez-vous compte que ceux qui \u00e9crivaient sur les massacres dans cette partie du pays en donnant&nbsp;des chiffres divers sont ces m\u00eames sorciers qui critiquent le choix port\u00e9 sur ces gouverneurs militaires \u00bb, a-t-il indiqu\u00e9.<\/p>\n\n\n\n<p>En vue d\u2019apaiser la crainte des uns et des autres, les porte-parole du gouvernement, des FARDC et de la police ont rassur\u00e9 l\u2019opinion sur l\u2019\u00e9tat de si\u00e8ge et sur les gouverneurs militaires. Patrick Muyaya, porte-parole du gouvernement a rassur\u00e9 quant \u00e0 lui sur le respect des lois et des droits fondamentaux, droit \u00e0 la vie, \u00e0 la libert\u00e9 de penser .<\/p>\n\n\n\n<p>Hubert MWIPATAY<\/p>\n\n\n\n<p><\/p>\n","protected":false},"excerpt":{"rendered":"<p>F\u00e9lix-Antoine Tshisekedi a d\u00e9cr\u00e9t\u00e9 l\u2019\u00e9tat de si\u00e8ge comme strat\u00e9gie d\u2019\u00e9radication des groupes arm\u00e9s qui, depuis des ann\u00e9es, massacrent la population civile \u00e0 l\u2019est de la RDC. Si cette mesure suscite des inqui\u00e9tudes aupr\u00e8s des uns, elle est applaudie par d\u2019autres. D\u2019autres encore pensent qu\u2019il existe davantage des mesures plus efficaces que l\u2019\u00e9tat de si\u00e8ge. N\u00e9anmoins, le plus important reste la volont\u00e9 de tous de voir une paix durable revenir en Ituri et au Nord-Kivu. <\/p>\n","protected":false},"author":2,"featured_media":1693,"comment_status":"closed","ping_status":"closed","sticky":false,"template":"","format":"standard","meta":{"footnotes":""},"categories":[173],"tags":[182,204],"class_list":["post-1690","post","type-post","status-publish","format-standard","has-post-thumbnail","hentry","category-dossier","tag-rdc","tag-societe"],"yoast_head":"<!-- This site is optimized with the Yoast SEO plugin v23.3 - https:\/\/yoast.com\/wordpress\/plugins\/seo\/ -->\n<title>Etat de si\u00e8ge, strat\u00e9gie de F\u00e9lix Tshisekedi contre la guerre - HESHIMA MAGAZINE<\/title>\n<meta name=\"description\" content=\"Depuis le 6 mai 2021, l\u2019Ituri et le N o r d - K i v u sont sous administration militaire. En vue de mettre fin \u00e0 l\u2019ins\u00e9curit\u00e9 qui r\u00e8gne dans les deux provinces, le pr\u00e9sident de la R\u00e9publique, F\u00e9lix-Antoine Tshisekedi, se basant sur l\u2019article 85 de la constitution, a sign\u00e9 les ordonnances d\u00e9cr\u00e9tant l\u2019\u00e9tat de si\u00e8ge. Frappant du poing sur la table, Fatshi veut mettre d\u00e9finitivement un terme au cycle des violences et \u00e0 la terreur que s\u00e8ment les groupes arm\u00e9s dans cette contr\u00e9e de la R\u00e9publique. Du coup, il a plac\u00e9 \u00e0 la t\u00eate de l\u2019Ituri Luboya Nkashama Johnny, avec comme vice-gouverneur le commissaire divisionnaire Alonga Boni. Au Nord-Kivu, il remplace momentan\u00e9ment Carly Nzanzu \u00e0 la t\u00eate de l\u2019ex\u00e9cutif provincial par Constant Ndima Kongba. Ce dernier a comme vice-gouverneur le commissaire divisionnaire Ekuka Lipopo. Ce sont ces deux lieutenants g\u00e9n\u00e9raux et leurs adjoints de la Police nationale congolaise ( PNC) qui ont la charge d\u2019appliquer les mesures d\u2019exception dans les deux provinces.\" \/>\n<meta name=\"robots\" content=\"index, follow, max-snippet:-1, max-image-preview:large, max-video-preview:-1\" \/>\n<link rel=\"canonical\" href=\"https:\/\/heshimardc.net\/v1\/2021\/06\/04\/etat-de-siege-strategie-de-felix-tshisekedi-contre-la-guerre\/\" \/>\n<meta property=\"og:locale\" content=\"fr_FR\" \/>\n<meta property=\"og:type\" content=\"article\" \/>\n<meta property=\"og:title\" content=\"Etat de si\u00e8ge, strat\u00e9gie de F\u00e9lix Tshisekedi contre la guerre - HESHIMA MAGAZINE\" \/>\n<meta property=\"og:description\" content=\"Depuis le 6 mai 2021, l\u2019Ituri et le N o r d - K i v u sont sous administration militaire. En vue de mettre fin \u00e0 l\u2019ins\u00e9curit\u00e9 qui r\u00e8gne dans les deux provinces, le pr\u00e9sident de la R\u00e9publique, F\u00e9lix-Antoine Tshisekedi, se basant sur l\u2019article 85 de la constitution, a sign\u00e9 les ordonnances d\u00e9cr\u00e9tant l\u2019\u00e9tat de si\u00e8ge. Frappant du poing sur la table, Fatshi veut mettre d\u00e9finitivement un terme au cycle des violences et \u00e0 la terreur que s\u00e8ment les groupes arm\u00e9s dans cette contr\u00e9e de la R\u00e9publique. Du coup, il a plac\u00e9 \u00e0 la t\u00eate de l\u2019Ituri Luboya Nkashama Johnny, avec comme vice-gouverneur le commissaire divisionnaire Alonga Boni. Au Nord-Kivu, il remplace momentan\u00e9ment Carly Nzanzu \u00e0 la t\u00eate de l\u2019ex\u00e9cutif provincial par Constant Ndima Kongba. Ce dernier a comme vice-gouverneur le commissaire divisionnaire Ekuka Lipopo. Ce sont ces deux lieutenants g\u00e9n\u00e9raux et leurs adjoints de la Police nationale congolaise ( PNC) qui ont la charge d\u2019appliquer les mesures d\u2019exception dans les deux provinces.\" \/>\n<meta property=\"og:url\" content=\"https:\/\/heshimardc.net\/v1\/2021\/06\/04\/etat-de-siege-strategie-de-felix-tshisekedi-contre-la-guerre\/\" \/>\n<meta property=\"og:site_name\" content=\"HESHIMA MAGAZINE\" \/>\n<meta property=\"article:publisher\" content=\"https:\/\/www.facebook.com\/heshimamagazine\" \/>\n<meta property=\"article:published_time\" content=\"2021-06-04T05:34:05+00:00\" \/>\n<meta property=\"article:modified_time\" content=\"2021-06-04T05:34:08+00:00\" \/>\n<meta property=\"og:image\" content=\"https:\/\/heshimardc.net\/v1\/wp-content\/uploads\/2021\/06\/Snapshot_456.jpeg\" \/>\n\t<meta property=\"og:image:width\" content=\"791\" \/>\n\t<meta property=\"og:image:height\" content=\"546\" \/>\n\t<meta property=\"og:image:type\" content=\"image\/jpeg\" \/>\n<meta name=\"author\" content=\"RedactionH\" \/>\n<meta name=\"twitter:card\" content=\"summary_large_image\" \/>\n<meta name=\"twitter:creator\" content=\"@HeshimaMag\" \/>\n<meta name=\"twitter:site\" content=\"@HeshimaMag\" \/>\n<meta name=\"twitter:label1\" content=\"\u00c9crit par\" \/>\n\t<meta name=\"twitter:data1\" content=\"RedactionH\" \/>\n\t<meta name=\"twitter:label2\" content=\"Dur\u00e9e de lecture estim\u00e9e\" \/>\n\t<meta name=\"twitter:data2\" content=\"5 minutes\" \/>\n<script type=\"application\/ld+json\" class=\"yoast-schema-graph\">{\"@context\":\"https:\/\/schema.org\",\"@graph\":[{\"@type\":\"Article\",\"@id\":\"https:\/\/heshimardc.net\/v1\/2021\/06\/04\/etat-de-siege-strategie-de-felix-tshisekedi-contre-la-guerre\/#article\",\"isPartOf\":{\"@id\":\"https:\/\/heshimardc.net\/v1\/2021\/06\/04\/etat-de-siege-strategie-de-felix-tshisekedi-contre-la-guerre\/\"},\"author\":{\"name\":\"RedactionH\",\"@id\":\"https:\/\/heshimardc.net\/v1\/#\/schema\/person\/c74a2d47650131f158dc4a027547a532\"},\"headline\":\"Etat de si\u00e8ge, strat\u00e9gie de F\u00e9lix Tshisekedi contre la guerre\",\"datePublished\":\"2021-06-04T05:34:05+00:00\",\"dateModified\":\"2021-06-04T05:34:08+00:00\",\"mainEntityOfPage\":{\"@id\":\"https:\/\/heshimardc.net\/v1\/2021\/06\/04\/etat-de-siege-strategie-de-felix-tshisekedi-contre-la-guerre\/\"},\"wordCount\":1168,\"publisher\":{\"@id\":\"https:\/\/heshimardc.net\/v1\/#organization\"},\"image\":{\"@id\":\"https:\/\/heshimardc.net\/v1\/2021\/06\/04\/etat-de-siege-strategie-de-felix-tshisekedi-contre-la-guerre\/#primaryimage\"},\"thumbnailUrl\":\"https:\/\/heshimardc.net\/v1\/wp-content\/uploads\/2021\/06\/Snapshot_456.jpeg\",\"keywords\":[\"RDC\",\"Societ\u00e9\"],\"articleSection\":[\"Dossier\"],\"inLanguage\":\"fr-FR\"},{\"@type\":\"WebPage\",\"@id\":\"https:\/\/heshimardc.net\/v1\/2021\/06\/04\/etat-de-siege-strategie-de-felix-tshisekedi-contre-la-guerre\/\",\"url\":\"https:\/\/heshimardc.net\/v1\/2021\/06\/04\/etat-de-siege-strategie-de-felix-tshisekedi-contre-la-guerre\/\",\"name\":\"Etat de si\u00e8ge, strat\u00e9gie de F\u00e9lix Tshisekedi contre la guerre - HESHIMA MAGAZINE\",\"isPartOf\":{\"@id\":\"https:\/\/heshimardc.net\/v1\/#website\"},\"primaryImageOfPage\":{\"@id\":\"https:\/\/heshimardc.net\/v1\/2021\/06\/04\/etat-de-siege-strategie-de-felix-tshisekedi-contre-la-guerre\/#primaryimage\"},\"image\":{\"@id\":\"https:\/\/heshimardc.net\/v1\/2021\/06\/04\/etat-de-siege-strategie-de-felix-tshisekedi-contre-la-guerre\/#primaryimage\"},\"thumbnailUrl\":\"https:\/\/heshimardc.net\/v1\/wp-content\/uploads\/2021\/06\/Snapshot_456.jpeg\",\"datePublished\":\"2021-06-04T05:34:05+00:00\",\"dateModified\":\"2021-06-04T05:34:08+00:00\",\"description\":\"Depuis le 6 mai 2021, l\u2019Ituri et le N o r d - K i v u sont sous administration militaire. En vue de mettre fin \u00e0 l\u2019ins\u00e9curit\u00e9 qui r\u00e8gne dans les deux provinces, le pr\u00e9sident de la R\u00e9publique, F\u00e9lix-Antoine Tshisekedi, se basant sur l\u2019article 85 de la constitution, a sign\u00e9 les ordonnances d\u00e9cr\u00e9tant l\u2019\u00e9tat de si\u00e8ge. Frappant du poing sur la table, Fatshi veut mettre d\u00e9finitivement un terme au cycle des violences et \u00e0 la terreur que s\u00e8ment les groupes arm\u00e9s dans cette contr\u00e9e de la R\u00e9publique. Du coup, il a plac\u00e9 \u00e0 la t\u00eate de l\u2019Ituri Luboya Nkashama Johnny, avec comme vice-gouverneur le commissaire divisionnaire Alonga Boni. Au Nord-Kivu, il remplace momentan\u00e9ment Carly Nzanzu \u00e0 la t\u00eate de l\u2019ex\u00e9cutif provincial par Constant Ndima Kongba. Ce dernier a comme vice-gouverneur le commissaire divisionnaire Ekuka Lipopo. Ce sont ces deux lieutenants g\u00e9n\u00e9raux et leurs adjoints de la Police nationale congolaise ( PNC) qui ont la charge d\u2019appliquer les mesures d\u2019exception dans les deux provinces.\",\"breadcrumb\":{\"@id\":\"https:\/\/heshimardc.net\/v1\/2021\/06\/04\/etat-de-siege-strategie-de-felix-tshisekedi-contre-la-guerre\/#breadcrumb\"},\"inLanguage\":\"fr-FR\",\"potentialAction\":[{\"@type\":\"ReadAction\",\"target\":[\"https:\/\/heshimardc.net\/v1\/2021\/06\/04\/etat-de-siege-strategie-de-felix-tshisekedi-contre-la-guerre\/\"]}]},{\"@type\":\"ImageObject\",\"inLanguage\":\"fr-FR\",\"@id\":\"https:\/\/heshimardc.net\/v1\/2021\/06\/04\/etat-de-siege-strategie-de-felix-tshisekedi-contre-la-guerre\/#primaryimage\",\"url\":\"https:\/\/heshimardc.net\/v1\/wp-content\/uploads\/2021\/06\/Snapshot_456.jpeg\",\"contentUrl\":\"https:\/\/heshimardc.net\/v1\/wp-content\/uploads\/2021\/06\/Snapshot_456.jpeg\",\"width\":791,\"height\":546},{\"@type\":\"BreadcrumbList\",\"@id\":\"https:\/\/heshimardc.net\/v1\/2021\/06\/04\/etat-de-siege-strategie-de-felix-tshisekedi-contre-la-guerre\/#breadcrumb\",\"itemListElement\":[{\"@type\":\"ListItem\",\"position\":1,\"name\":\"Accueil\",\"item\":\"https:\/\/heshimardc.net\/v1\/\"},{\"@type\":\"ListItem\",\"position\":2,\"name\":\"Etat de si\u00e8ge, strat\u00e9gie de F\u00e9lix Tshisekedi contre la guerre\"}]},{\"@type\":\"WebSite\",\"@id\":\"https:\/\/heshimardc.net\/v1\/#website\",\"url\":\"https:\/\/heshimardc.net\/v1\/\",\"name\":\"HESHIMA MAGAZINE\",\"description\":\"Le magazine Congolais qui bat au rythme de l&#039;actualit\u00e9\",\"publisher\":{\"@id\":\"https:\/\/heshimardc.net\/v1\/#organization\"},\"potentialAction\":[{\"@type\":\"SearchAction\",\"target\":{\"@type\":\"EntryPoint\",\"urlTemplate\":\"https:\/\/heshimardc.net\/v1\/?s={search_term_string}\"},\"query-input\":\"required name=search_term_string\"}],\"inLanguage\":\"fr-FR\"},{\"@type\":\"Organization\",\"@id\":\"https:\/\/heshimardc.net\/v1\/#organization\",\"name\":\"HESHIMA MAGAZINE\",\"url\":\"https:\/\/heshimardc.net\/v1\/\",\"logo\":{\"@type\":\"ImageObject\",\"inLanguage\":\"fr-FR\",\"@id\":\"https:\/\/heshimardc.net\/v1\/#\/schema\/logo\/image\/\",\"url\":\"https:\/\/heshimardc.net\/v1\/wp-content\/uploads\/2020\/09\/logo.png\",\"contentUrl\":\"https:\/\/heshimardc.net\/v1\/wp-content\/uploads\/2020\/09\/logo.png\",\"width\":99,\"height\":130,\"caption\":\"HESHIMA MAGAZINE\"},\"image\":{\"@id\":\"https:\/\/heshimardc.net\/v1\/#\/schema\/logo\/image\/\"},\"sameAs\":[\"https:\/\/www.facebook.com\/heshimamagazine\",\"https:\/\/x.com\/HeshimaMag\"]},{\"@type\":\"Person\",\"@id\":\"https:\/\/heshimardc.net\/v1\/#\/schema\/person\/c74a2d47650131f158dc4a027547a532\",\"name\":\"RedactionH\",\"image\":{\"@type\":\"ImageObject\",\"inLanguage\":\"fr-FR\",\"@id\":\"https:\/\/heshimardc.net\/v1\/#\/schema\/person\/image\/\",\"url\":\"https:\/\/secure.gravatar.com\/avatar\/a52112f8496f362a38bf46c70ca9e956?s=96&d=mm&r=g\",\"contentUrl\":\"https:\/\/secure.gravatar.com\/avatar\/a52112f8496f362a38bf46c70ca9e956?s=96&d=mm&r=g\",\"caption\":\"RedactionH\"},\"sameAs\":[\"http:\/\/www.heshimardc.net\"],\"url\":\"https:\/\/heshimardc.net\/v1\/author\/redactionh\/\"}]}<\/script>\n<!-- \/ Yoast SEO plugin. -->","yoast_head_json":{"title":"Etat de si\u00e8ge, strat\u00e9gie de F\u00e9lix Tshisekedi contre la guerre - HESHIMA MAGAZINE","description":"Depuis le 6 mai 2021, l\u2019Ituri et le N o r d - K i v u sont sous administration militaire. En vue de mettre fin \u00e0 l\u2019ins\u00e9curit\u00e9 qui r\u00e8gne dans les deux provinces, le pr\u00e9sident de la R\u00e9publique, F\u00e9lix-Antoine Tshisekedi, se basant sur l\u2019article 85 de la constitution, a sign\u00e9 les ordonnances d\u00e9cr\u00e9tant l\u2019\u00e9tat de si\u00e8ge. Frappant du poing sur la table, Fatshi veut mettre d\u00e9finitivement un terme au cycle des violences et \u00e0 la terreur que s\u00e8ment les groupes arm\u00e9s dans cette contr\u00e9e de la R\u00e9publique. Du coup, il a plac\u00e9 \u00e0 la t\u00eate de l\u2019Ituri Luboya Nkashama Johnny, avec comme vice-gouverneur le commissaire divisionnaire Alonga Boni. Au Nord-Kivu, il remplace momentan\u00e9ment Carly Nzanzu \u00e0 la t\u00eate de l\u2019ex\u00e9cutif provincial par Constant Ndima Kongba. Ce dernier a comme vice-gouverneur le commissaire divisionnaire Ekuka Lipopo. Ce sont ces deux lieutenants g\u00e9n\u00e9raux et leurs adjoints de la Police nationale congolaise ( PNC) qui ont la charge d\u2019appliquer les mesures d\u2019exception dans les deux provinces.","robots":{"index":"index","follow":"follow","max-snippet":"max-snippet:-1","max-image-preview":"max-image-preview:large","max-video-preview":"max-video-preview:-1"},"canonical":"https:\/\/heshimardc.net\/v1\/2021\/06\/04\/etat-de-siege-strategie-de-felix-tshisekedi-contre-la-guerre\/","og_locale":"fr_FR","og_type":"article","og_title":"Etat de si\u00e8ge, strat\u00e9gie de F\u00e9lix Tshisekedi contre la guerre - HESHIMA MAGAZINE","og_description":"Depuis le 6 mai 2021, l\u2019Ituri et le N o r d - K i v u sont sous administration militaire. En vue de mettre fin \u00e0 l\u2019ins\u00e9curit\u00e9 qui r\u00e8gne dans les deux provinces, le pr\u00e9sident de la R\u00e9publique, F\u00e9lix-Antoine Tshisekedi, se basant sur l\u2019article 85 de la constitution, a sign\u00e9 les ordonnances d\u00e9cr\u00e9tant l\u2019\u00e9tat de si\u00e8ge. Frappant du poing sur la table, Fatshi veut mettre d\u00e9finitivement un terme au cycle des violences et \u00e0 la terreur que s\u00e8ment les groupes arm\u00e9s dans cette contr\u00e9e de la R\u00e9publique. Du coup, il a plac\u00e9 \u00e0 la t\u00eate de l\u2019Ituri Luboya Nkashama Johnny, avec comme vice-gouverneur le commissaire divisionnaire Alonga Boni. Au Nord-Kivu, il remplace momentan\u00e9ment Carly Nzanzu \u00e0 la t\u00eate de l\u2019ex\u00e9cutif provincial par Constant Ndima Kongba. Ce dernier a comme vice-gouverneur le commissaire divisionnaire Ekuka Lipopo. Ce sont ces deux lieutenants g\u00e9n\u00e9raux et leurs adjoints de la Police nationale congolaise ( PNC) qui ont la charge d\u2019appliquer les mesures d\u2019exception dans les deux provinces.","og_url":"https:\/\/heshimardc.net\/v1\/2021\/06\/04\/etat-de-siege-strategie-de-felix-tshisekedi-contre-la-guerre\/","og_site_name":"HESHIMA MAGAZINE","article_publisher":"https:\/\/www.facebook.com\/heshimamagazine","article_published_time":"2021-06-04T05:34:05+00:00","article_modified_time":"2021-06-04T05:34:08+00:00","og_image":[{"width":791,"height":546,"url":"https:\/\/heshimardc.net\/v1\/wp-content\/uploads\/2021\/06\/Snapshot_456.jpeg","type":"image\/jpeg"}],"author":"RedactionH","twitter_card":"summary_large_image","twitter_creator":"@HeshimaMag","twitter_site":"@HeshimaMag","twitter_misc":{"\u00c9crit par":"RedactionH","Dur\u00e9e de lecture estim\u00e9e":"5 minutes"},"schema":{"@context":"https:\/\/schema.org","@graph":[{"@type":"Article","@id":"https:\/\/heshimardc.net\/v1\/2021\/06\/04\/etat-de-siege-strategie-de-felix-tshisekedi-contre-la-guerre\/#article","isPartOf":{"@id":"https:\/\/heshimardc.net\/v1\/2021\/06\/04\/etat-de-siege-strategie-de-felix-tshisekedi-contre-la-guerre\/"},"author":{"name":"RedactionH","@id":"https:\/\/heshimardc.net\/v1\/#\/schema\/person\/c74a2d47650131f158dc4a027547a532"},"headline":"Etat de si\u00e8ge, strat\u00e9gie de F\u00e9lix Tshisekedi contre la guerre","datePublished":"2021-06-04T05:34:05+00:00","dateModified":"2021-06-04T05:34:08+00:00","mainEntityOfPage":{"@id":"https:\/\/heshimardc.net\/v1\/2021\/06\/04\/etat-de-siege-strategie-de-felix-tshisekedi-contre-la-guerre\/"},"wordCount":1168,"publisher":{"@id":"https:\/\/heshimardc.net\/v1\/#organization"},"image":{"@id":"https:\/\/heshimardc.net\/v1\/2021\/06\/04\/etat-de-siege-strategie-de-felix-tshisekedi-contre-la-guerre\/#primaryimage"},"thumbnailUrl":"https:\/\/heshimardc.net\/v1\/wp-content\/uploads\/2021\/06\/Snapshot_456.jpeg","keywords":["RDC","Societ\u00e9"],"articleSection":["Dossier"],"inLanguage":"fr-FR"},{"@type":"WebPage","@id":"https:\/\/heshimardc.net\/v1\/2021\/06\/04\/etat-de-siege-strategie-de-felix-tshisekedi-contre-la-guerre\/","url":"https:\/\/heshimardc.net\/v1\/2021\/06\/04\/etat-de-siege-strategie-de-felix-tshisekedi-contre-la-guerre\/","name":"Etat de si\u00e8ge, strat\u00e9gie de F\u00e9lix Tshisekedi contre la guerre - HESHIMA MAGAZINE","isPartOf":{"@id":"https:\/\/heshimardc.net\/v1\/#website"},"primaryImageOfPage":{"@id":"https:\/\/heshimardc.net\/v1\/2021\/06\/04\/etat-de-siege-strategie-de-felix-tshisekedi-contre-la-guerre\/#primaryimage"},"image":{"@id":"https:\/\/heshimardc.net\/v1\/2021\/06\/04\/etat-de-siege-strategie-de-felix-tshisekedi-contre-la-guerre\/#primaryimage"},"thumbnailUrl":"https:\/\/heshimardc.net\/v1\/wp-content\/uploads\/2021\/06\/Snapshot_456.jpeg","datePublished":"2021-06-04T05:34:05+00:00","dateModified":"2021-06-04T05:34:08+00:00","description":"Depuis le 6 mai 2021, l\u2019Ituri et le N o r d - K i v u sont sous administration militaire. En vue de mettre fin \u00e0 l\u2019ins\u00e9curit\u00e9 qui r\u00e8gne dans les deux provinces, le pr\u00e9sident de la R\u00e9publique, F\u00e9lix-Antoine Tshisekedi, se basant sur l\u2019article 85 de la constitution, a sign\u00e9 les ordonnances d\u00e9cr\u00e9tant l\u2019\u00e9tat de si\u00e8ge. Frappant du poing sur la table, Fatshi veut mettre d\u00e9finitivement un terme au cycle des violences et \u00e0 la terreur que s\u00e8ment les groupes arm\u00e9s dans cette contr\u00e9e de la R\u00e9publique. Du coup, il a plac\u00e9 \u00e0 la t\u00eate de l\u2019Ituri Luboya Nkashama Johnny, avec comme vice-gouverneur le commissaire divisionnaire Alonga Boni. Au Nord-Kivu, il remplace momentan\u00e9ment Carly Nzanzu \u00e0 la t\u00eate de l\u2019ex\u00e9cutif provincial par Constant Ndima Kongba. Ce dernier a comme vice-gouverneur le commissaire divisionnaire Ekuka Lipopo. Ce sont ces deux lieutenants g\u00e9n\u00e9raux et leurs adjoints de la Police nationale congolaise ( PNC) qui ont la charge d\u2019appliquer les mesures d\u2019exception dans les deux provinces.","breadcrumb":{"@id":"https:\/\/heshimardc.net\/v1\/2021\/06\/04\/etat-de-siege-strategie-de-felix-tshisekedi-contre-la-guerre\/#breadcrumb"},"inLanguage":"fr-FR","potentialAction":[{"@type":"ReadAction","target":["https:\/\/heshimardc.net\/v1\/2021\/06\/04\/etat-de-siege-strategie-de-felix-tshisekedi-contre-la-guerre\/"]}]},{"@type":"ImageObject","inLanguage":"fr-FR","@id":"https:\/\/heshimardc.net\/v1\/2021\/06\/04\/etat-de-siege-strategie-de-felix-tshisekedi-contre-la-guerre\/#primaryimage","url":"https:\/\/heshimardc.net\/v1\/wp-content\/uploads\/2021\/06\/Snapshot_456.jpeg","contentUrl":"https:\/\/heshimardc.net\/v1\/wp-content\/uploads\/2021\/06\/Snapshot_456.jpeg","width":791,"height":546},{"@type":"BreadcrumbList","@id":"https:\/\/heshimardc.net\/v1\/2021\/06\/04\/etat-de-siege-strategie-de-felix-tshisekedi-contre-la-guerre\/#breadcrumb","itemListElement":[{"@type":"ListItem","position":1,"name":"Accueil","item":"https:\/\/heshimardc.net\/v1\/"},{"@type":"ListItem","position":2,"name":"Etat de si\u00e8ge, strat\u00e9gie de F\u00e9lix Tshisekedi contre la guerre"}]},{"@type":"WebSite","@id":"https:\/\/heshimardc.net\/v1\/#website","url":"https:\/\/heshimardc.net\/v1\/","name":"HESHIMA MAGAZINE","description":"Le magazine Congolais qui bat au rythme de l&#039;actualit\u00e9","publisher":{"@id":"https:\/\/heshimardc.net\/v1\/#organization"},"potentialAction":[{"@type":"SearchAction","target":{"@type":"EntryPoint","urlTemplate":"https:\/\/heshimardc.net\/v1\/?s={search_term_string}"},"query-input":"required name=search_term_string"}],"inLanguage":"fr-FR"},{"@type":"Organization","@id":"https:\/\/heshimardc.net\/v1\/#organization","name":"HESHIMA MAGAZINE","url":"https:\/\/heshimardc.net\/v1\/","logo":{"@type":"ImageObject","inLanguage":"fr-FR","@id":"https:\/\/heshimardc.net\/v1\/#\/schema\/logo\/image\/","url":"https:\/\/heshimardc.net\/v1\/wp-content\/uploads\/2020\/09\/logo.png","contentUrl":"https:\/\/heshimardc.net\/v1\/wp-content\/uploads\/2020\/09\/logo.png","width":99,"height":130,"caption":"HESHIMA MAGAZINE"},"image":{"@id":"https:\/\/heshimardc.net\/v1\/#\/schema\/logo\/image\/"},"sameAs":["https:\/\/www.facebook.com\/heshimamagazine","https:\/\/x.com\/HeshimaMag"]},{"@type":"Person","@id":"https:\/\/heshimardc.net\/v1\/#\/schema\/person\/c74a2d47650131f158dc4a027547a532","name":"RedactionH","image":{"@type":"ImageObject","inLanguage":"fr-FR","@id":"https:\/\/heshimardc.net\/v1\/#\/schema\/person\/image\/","url":"https:\/\/secure.gravatar.com\/avatar\/a52112f8496f362a38bf46c70ca9e956?s=96&d=mm&r=g","contentUrl":"https:\/\/secure.gravatar.com\/avatar\/a52112f8496f362a38bf46c70ca9e956?s=96&d=mm&r=g","caption":"RedactionH"},"sameAs":["http:\/\/www.heshimardc.net"],"url":"https:\/\/heshimardc.net\/v1\/author\/redactionh\/"}]}},"amp_enabled":true,"_links":{"self":[{"href":"https:\/\/heshimardc.net\/v1\/wp-json\/wp\/v2\/posts\/1690"}],"collection":[{"href":"https:\/\/heshimardc.net\/v1\/wp-json\/wp\/v2\/posts"}],"about":[{"href":"https:\/\/heshimardc.net\/v1\/wp-json\/wp\/v2\/types\/post"}],"author":[{"embeddable":true,"href":"https:\/\/heshimardc.net\/v1\/wp-json\/wp\/v2\/users\/2"}],"replies":[{"embeddable":true,"href":"https:\/\/heshimardc.net\/v1\/wp-json\/wp\/v2\/comments?post=1690"}],"version-history":[{"count":4,"href":"https:\/\/heshimardc.net\/v1\/wp-json\/wp\/v2\/posts\/1690\/revisions"}],"predecessor-version":[{"id":1699,"href":"https:\/\/heshimardc.net\/v1\/wp-json\/wp\/v2\/posts\/1690\/revisions\/1699"}],"wp:featuredmedia":[{"embeddable":true,"href":"https:\/\/heshimardc.net\/v1\/wp-json\/wp\/v2\/media\/1693"}],"wp:attachment":[{"href":"https:\/\/heshimardc.net\/v1\/wp-json\/wp\/v2\/media?parent=1690"}],"wp:term":[{"taxonomy":"category","embeddable":true,"href":"https:\/\/heshimardc.net\/v1\/wp-json\/wp\/v2\/categories?post=1690"},{"taxonomy":"post_tag","embeddable":true,"href":"https:\/\/heshimardc.net\/v1\/wp-json\/wp\/v2\/tags?post=1690"}],"curies":[{"name":"wp","href":"https:\/\/api.w.org\/{rel}","templated":true}]}}