{"id":1748,"date":"2021-06-22T05:20:47","date_gmt":"2021-06-22T05:20:47","guid":{"rendered":"https:\/\/heshimardc.net\/v1\/?p=1748"},"modified":"2021-06-22T05:20:50","modified_gmt":"2021-06-22T05:20:50","slug":"dr-jean-jacques-mbungani-mbanda-un-medecin-experimente-pour-relever-les-defis-sanitaires-de-la-rdc","status":"publish","type":"post","link":"https:\/\/heshimardc.net\/v1\/2021\/06\/22\/dr-jean-jacques-mbungani-mbanda-un-medecin-experimente-pour-relever-les-defis-sanitaires-de-la-rdc\/","title":{"rendered":"Dr Jean-Jacques Mbungani Mbanda un m\u00e9decin exp\u00e9riment\u00e9 pour relever les d\u00e9fis sanitaires de la RDC !"},"content":{"rendered":"\n<p class=\"has-drop-cap\">L e Dr Jean-Jacques Mbungani Mbanda est un m\u00e9decin congolais bien connu du monde m\u00e9dical bruxellois et congolais. Dipl\u00f4m\u00e9 de l\u2019Universit\u00e9 Libre de Bruxelles, l\u2019actuel Ministre RD.Congolais de la Sant\u00e9 Publique, Hygi\u00e8ne et Pr\u00e9vention poss\u00e8de un cursus professionnel d\u2019une trentaine d\u2019ann\u00e9e d\u2019exp\u00e9rience dans le monde m\u00e9dical.<\/p>\n\n\n\n<p>De 1999 \u00e0 ce jour, il excelle dans le domaine de sant\u00e9 publique qui est le couronnement de sa formation acad\u00e9mique \u00e0 L\u2019Universit\u00e9 Notre Dame de la Paix \u00e0 Namur et \u00e0 L\u2019ULB en Belgique.<\/p>\n\n\n\n<p>N\u00e9 en 1967 dans le territoire de Budjala, dans la province du Sud-Ubangi (ex-Equateur), Dr Jean-Jacques Mbungani Mbanda est mari\u00e9 et p\u00e8re de 5 enfants. Professionnel et expert en sant\u00e9 publique, il est l\u2019un des premiers m\u00e9decins congolais \u00e0 ouvrir un cabinet m\u00e9dical priv\u00e9 \u00e0 Ixelles, dans le quartier Matonge \u00e0 Bruxelles.<\/p>\n\n\n\n<p>&nbsp;Son exp\u00e9rience, son respect au serment d\u2019Hippocrate et surtout la qualit\u00e9 des soins de sant\u00e9 propos\u00e9s aux malades ont fait que son cabinet m\u00e9dical devienne une r\u00e9f\u00e9rence pour la communaut\u00e9 africaine, mais aussi europ\u00e9enne.<\/p>\n\n\n\n<p>&nbsp;Evidemment, la majorit\u00e9 des familles africaines viennent y prendre soins gr\u00e2ce \u00e0 une politique sociale adapt\u00e9e aux patients.<\/p>\n\n\n\n<p>Dans son pays, la R\u00e9publique D\u00e9mocratique du Congo, ses comp\u00e9tences et son expertise irr\u00e9futables en mati\u00e8re de sant\u00e9 n\u2019ont pas laiss\u00e9 indiff\u00e9rent <a href=\"https:\/\/heshimardc.net\/v1\/2020\/12\/19\/consultations-presidentielles-fatshi-deboulonne\/\" target=\"_blank\" rel=\"noreferrer noopener\">le Chef de l\u2019Etat, F\u00e9lix Antoine Tshisekedi Tshilombo.&nbsp;<\/a><\/p>\n\n\n\n<p>Vu sa vision verticale sur le Congo, le Pr\u00e9sident de la R\u00e9publique a trouv\u00e9 que le Dr Jean-Jacques Mbungani Mbanda est non seulement ministrable, mais surtout l\u2019homme id\u00e9al qu\u2019il faut pour mat\u00e9rialiser avec perspicacit\u00e9 son projet de soci\u00e9t\u00e9 qui se r\u00e9sume dans : \u00ab Le Peuple d\u2019abord \u00bb.&nbsp;<\/p>\n\n\n\n<p>Raison pour laquelle, sur proposition de son parti politique le Mouvement de Lib\u00e9ration du Congo (MLC), le parti de l&rsquo;ancien vice-pr\u00e9sident de la R\u00e9publique Jean-Pierre Bemba Gombo, Fatshi a port\u00e9 son choix sur la personne de ce technicien de sant\u00e9 pour conduire principalement le projet de \u00ab Couverture Sant\u00e9 Universelle \u00bb au sein du gouvernement de l\u2019Union sacr\u00e9e de la nation.&nbsp;<\/p>\n\n\n\n<p>Ainsi, il a \u00e9t\u00e9 nomm\u00e9 \u00e0 la t\u00eate du minist\u00e8re de la Sant\u00e9 Publique, Hygi\u00e8ne et Pr\u00e9vention dans la deuxi\u00e8me \u00e9quipe gouvernementale de l\u2019\u00e8re Tshisekedi Tshilombo.&nbsp;<\/p>\n\n\n\n<p>\u00abJe pr\u00e9sente toute ma gratitude et reconnaissance \u00e0 son Excellence monsieur le Pr\u00e9sident de la R\u00e9publique et au Premier Ministre Jean-Michel SAMA LUKONDE pour cette marque de confiance qu\u2019ils ont manifest\u00e9e \u00e0 mon endroit, en confiant la responsabilit\u00e9 de conduire ce m\u00e9ga minist\u00e8re \u00bb, a-t-il r\u00e9agi, \u00e0 travers un message post\u00e9 sur sa page Facebook.<\/p>\n\n\n\n<p>Si les autres ont jubil\u00e9 pour avoir \u00e9t\u00e9 nomm\u00e9s aux postes minist\u00e9riels du pays, il faut dire que ce n\u2019est pas le cas pour le Dr Jean-Jacques Mbungani Mbanda, qui est tr\u00e8s conscient de cette lourde mission lui confi\u00e9e par le Chef de l\u2019Etat. Face aux d\u00e9ficits que la RDC a connus depuis plusieurs d\u00e9cennies en mati\u00e8re de sa politique sanitaire, le nouveau patron de la Sant\u00e9 envisage d\u2019engager plusieurs r\u00e9formes afin de renforcer le syst\u00e8me de sant\u00e9 \u00e0 tous les niveaux. Offrir un plateau technique adapt\u00e9 avec des infrastructures et \u00e9quipements m\u00e9dico-sanitaires modernes, garantir des soins de sant\u00e9 primaires de qualit\u00e9 \u00e0 la population, assurer la protection des groupes vuln\u00e9rables, renforcer les capacit\u00e9s techniques et op\u00e9rationnelles de formations sanitaires et approvisionner r\u00e9guli\u00e8rement en m\u00e9dicaments,&nbsp;vaccins constituent le cr\u00e9do du Ministre MBUNGANI.&nbsp;<\/p>\n\n\n\n<p>M\u00e9decin et intellectuel engag\u00e9 avant tout, Jean-Jacques Mbungani Mbanda est un homme d\u2019Etat vou\u00e9 d\u2019un amour particulier pour sa patrie la RDC.<\/p>\n\n\n\n<p>&nbsp;Sur le plan politique, il est haut cadre et militant de premi\u00e8re heure du Mouvement pour la Lib\u00e9ration du Congo (MLC), parti cher \u00e0 Jean-Pierre BEMBA GOMBO. En 2003, il a \u00e9t\u00e9 nomm\u00e9 au poste de repr\u00e9sentant du MLC pour la zone du BENELUX, puis secr\u00e9taire national adjoint MLC Ext\u00e9rieur, avant d\u2019en devenir le titulaire en 2013 jusqu\u2019\u00e0 ce jour.<\/p>\n\n\n\n<p>&nbsp;Ce fid\u00e8le lieutenant de JP Bemba a exerc\u00e9 entre 2005-2007 les fonctions de Consul g\u00e9n\u00e9ral de la RDC en r\u00e9gion Flamande \u00e0 l\u2019\u00e9poque de la transition&nbsp;1+4. De d\u00e9cembre 2018 \u00e0 juin 2019 il a \u00e9t\u00e9 coordonnateur des relations ext\u00e9rieures de la coalition LAMUKA en Europe.<\/p>\n\n\n\n<p>&nbsp;Par ailleurs, plusieurs partenaires nationaux et internationaux du minist\u00e8re de la sant\u00e9 ont salu\u00e9 sa nomination comme Ministre de la Sant\u00e9 Publique, Hygi\u00e8ne et Pr\u00e9vention.<\/p>\n\n\n\n<p>\u00ab Nous sommes tr\u00e8s heureux d\u2019avoir un interlocuteur professionnel, sympas et r\u00e9ceptif. Le nouveau ministre de la sant\u00e9 est un partenaire qui maitrise bien son domaine. C\u2019est un ami de la Chine. Il est tr\u00e8s ouvert en mati\u00e8re de coop\u00e9ration internationale \u00bb, avait t\u00e9moign\u00e9 Zhu JING, Ambassadeur de Chine en RDC, au sortir d\u2019une audience avec le Dr MBUNGANI.&nbsp;<\/p>\n\n\n\n<p>Il faut noter que depuis sa prise de fonction \u00e0 la t\u00eate de ce minist\u00e8re, Dr Jean-Jacques Mbungani fait d\u00e9j\u00e0 preuve d&rsquo;un leadership av\u00e9r\u00e9, ma\u00eetrisant bien son secteur d&rsquo;activit\u00e9s et les diff\u00e9rents probl\u00e8mes. Aussit\u00f4t arriv\u00e9, il a d\u00e9clar\u00e9 la fin de l&rsquo;\u00e9pid\u00e9mie d&rsquo;Ebola dans le Nord &#8211; Kivu.&nbsp;&nbsp;<\/p>\n\n\n\n<p>\u00c0 la t\u00eate d&rsquo;une mission gouvernementale dans le Nord -Kivu suite \u00e0 l&rsquo;\u00e9ruption volcanique de Nyiragongo, Jean-Jacques Mbungani Mbanda est d&rsquo;autant pr\u00e9occup\u00e9 de marquer son passage au minist\u00e8re de la Sant\u00e9 Publique, Hygi\u00e8ne et Pr\u00e9vention. L&rsquo;homme qui passe r\u00e9guli\u00e8rement plus de 12 heures dans sont cabinet en train de traiter les dossiers et d&rsquo;\u00e9couter les diff\u00e9rents partenaires et prestataires de sant\u00e9, envisage une s\u00e9rie d&rsquo;activit\u00e9s sur le terrain en vue de palper du doigt les r\u00e9alit\u00e9s des infrastructures sanitaires et des conditions de travail afin d&rsquo;y apporter des solutions ad\u00e9quates , sous la conduite du Premier ministre et conform\u00e9ment \u00e0 la vision du pr\u00e9sident de la R\u00e9publique.<\/p>\n\n\n\n<p>&nbsp;Service de communication\/ Minist\u00e8re de la Sant\u00e9&nbsp;<\/p>\n","protected":false},"excerpt":{"rendered":"<p> Le Dr Jean-Jacques Mbungani Mbanda est un m\u00e9decin congolais bien connu du monde m\u00e9dical bruxellois et congolais. Dipl\u00f4m\u00e9 de l\u2019Universit\u00e9 Libre de Bruxelles, l\u2019actuel Ministre RD.Congolais de la Sant\u00e9 Publique, Hygi\u00e8ne et Pr\u00e9vention poss\u00e8de un cursus professionnel d\u2019une trentaine d\u2019ann\u00e9e d\u2019exp\u00e9rience dans le monde m\u00e9dical.<\/p>\n","protected":false},"author":2,"featured_media":1749,"comment_status":"closed","ping_status":"closed","sticky":false,"template":"","format":"standard","meta":{"footnotes":""},"categories":[3],"tags":[182],"class_list":["post-1748","post","type-post","status-publish","format-standard","has-post-thumbnail","hentry","category-nation","tag-rdc"],"yoast_head":"<!-- This site is optimized with the Yoast SEO plugin v23.3 - https:\/\/yoast.com\/wordpress\/plugins\/seo\/ -->\n<title>Dr Jean-Jacques Mbungani Mbanda un m\u00e9decin exp\u00e9riment\u00e9 pour relever les d\u00e9fis sanitaires de la RDC ! - HESHIMA MAGAZINE<\/title>\n<meta name=\"description\" content=\"L e Dr Jean-Jacques Mbungani Mbanda est un m\u00e9decin congolais bien connu du monde m\u00e9dical bruxellois et congolais. Dipl\u00f4m\u00e9 de l\u2019Universit\u00e9 Libre de Bruxelles, l\u2019actuel Ministre RD.Congolais de la Sant\u00e9 Publique, Hygi\u00e8ne et Pr\u00e9vention poss\u00e8de un cursus professionnel d\u2019une trentaine d\u2019ann\u00e9e d\u2019exp\u00e9rience dans le monde m\u00e9dical.\" \/>\n<meta name=\"robots\" content=\"index, follow, max-snippet:-1, max-image-preview:large, max-video-preview:-1\" \/>\n<link rel=\"canonical\" href=\"https:\/\/heshimardc.net\/v1\/2021\/06\/22\/dr-jean-jacques-mbungani-mbanda-un-medecin-experimente-pour-relever-les-defis-sanitaires-de-la-rdc\/\" \/>\n<meta property=\"og:locale\" content=\"fr_FR\" \/>\n<meta property=\"og:type\" content=\"article\" \/>\n<meta property=\"og:title\" content=\"Dr Jean-Jacques Mbungani Mbanda un m\u00e9decin exp\u00e9riment\u00e9 pour relever les d\u00e9fis sanitaires de la RDC ! - HESHIMA MAGAZINE\" \/>\n<meta property=\"og:description\" content=\"L e Dr Jean-Jacques Mbungani Mbanda est un m\u00e9decin congolais bien connu du monde m\u00e9dical bruxellois et congolais. Dipl\u00f4m\u00e9 de l\u2019Universit\u00e9 Libre de Bruxelles, l\u2019actuel Ministre RD.Congolais de la Sant\u00e9 Publique, Hygi\u00e8ne et Pr\u00e9vention poss\u00e8de un cursus professionnel d\u2019une trentaine d\u2019ann\u00e9e d\u2019exp\u00e9rience dans le monde m\u00e9dical.\" \/>\n<meta property=\"og:url\" content=\"https:\/\/heshimardc.net\/v1\/2021\/06\/22\/dr-jean-jacques-mbungani-mbanda-un-medecin-experimente-pour-relever-les-defis-sanitaires-de-la-rdc\/\" \/>\n<meta property=\"og:site_name\" content=\"HESHIMA MAGAZINE\" \/>\n<meta property=\"article:publisher\" content=\"https:\/\/www.facebook.com\/heshimamagazine\" \/>\n<meta property=\"article:published_time\" content=\"2021-06-22T05:20:47+00:00\" \/>\n<meta property=\"article:modified_time\" content=\"2021-06-22T05:20:50+00:00\" \/>\n<meta property=\"og:image\" content=\"https:\/\/heshimardc.net\/v1\/wp-content\/uploads\/2021\/06\/Snapshot_481.jpeg\" \/>\n\t<meta property=\"og:image:width\" content=\"429\" \/>\n\t<meta property=\"og:image:height\" content=\"564\" \/>\n\t<meta property=\"og:image:type\" content=\"image\/jpeg\" \/>\n<meta name=\"author\" content=\"RedactionH\" \/>\n<meta name=\"twitter:card\" content=\"summary_large_image\" \/>\n<meta name=\"twitter:creator\" content=\"@HeshimaMag\" \/>\n<meta name=\"twitter:site\" content=\"@HeshimaMag\" \/>\n<meta name=\"twitter:label1\" content=\"\u00c9crit par\" \/>\n\t<meta name=\"twitter:data1\" content=\"RedactionH\" \/>\n\t<meta name=\"twitter:label2\" content=\"Dur\u00e9e de lecture estim\u00e9e\" \/>\n\t<meta name=\"twitter:data2\" content=\"4 minutes\" \/>\n<script type=\"application\/ld+json\" class=\"yoast-schema-graph\">{\"@context\":\"https:\/\/schema.org\",\"@graph\":[{\"@type\":\"Article\",\"@id\":\"https:\/\/heshimardc.net\/v1\/2021\/06\/22\/dr-jean-jacques-mbungani-mbanda-un-medecin-experimente-pour-relever-les-defis-sanitaires-de-la-rdc\/#article\",\"isPartOf\":{\"@id\":\"https:\/\/heshimardc.net\/v1\/2021\/06\/22\/dr-jean-jacques-mbungani-mbanda-un-medecin-experimente-pour-relever-les-defis-sanitaires-de-la-rdc\/\"},\"author\":{\"name\":\"RedactionH\",\"@id\":\"https:\/\/heshimardc.net\/v1\/#\/schema\/person\/c74a2d47650131f158dc4a027547a532\"},\"headline\":\"Dr Jean-Jacques Mbungani Mbanda un m\u00e9decin exp\u00e9riment\u00e9 pour relever les d\u00e9fis sanitaires de la RDC !\",\"datePublished\":\"2021-06-22T05:20:47+00:00\",\"dateModified\":\"2021-06-22T05:20:50+00:00\",\"mainEntityOfPage\":{\"@id\":\"https:\/\/heshimardc.net\/v1\/2021\/06\/22\/dr-jean-jacques-mbungani-mbanda-un-medecin-experimente-pour-relever-les-defis-sanitaires-de-la-rdc\/\"},\"wordCount\":1054,\"publisher\":{\"@id\":\"https:\/\/heshimardc.net\/v1\/#organization\"},\"image\":{\"@id\":\"https:\/\/heshimardc.net\/v1\/2021\/06\/22\/dr-jean-jacques-mbungani-mbanda-un-medecin-experimente-pour-relever-les-defis-sanitaires-de-la-rdc\/#primaryimage\"},\"thumbnailUrl\":\"https:\/\/heshimardc.net\/v1\/wp-content\/uploads\/2021\/06\/Snapshot_481.jpeg\",\"keywords\":[\"RDC\"],\"articleSection\":[\"Nation\"],\"inLanguage\":\"fr-FR\"},{\"@type\":\"WebPage\",\"@id\":\"https:\/\/heshimardc.net\/v1\/2021\/06\/22\/dr-jean-jacques-mbungani-mbanda-un-medecin-experimente-pour-relever-les-defis-sanitaires-de-la-rdc\/\",\"url\":\"https:\/\/heshimardc.net\/v1\/2021\/06\/22\/dr-jean-jacques-mbungani-mbanda-un-medecin-experimente-pour-relever-les-defis-sanitaires-de-la-rdc\/\",\"name\":\"Dr Jean-Jacques Mbungani Mbanda un m\u00e9decin exp\u00e9riment\u00e9 pour relever les d\u00e9fis sanitaires de la RDC ! - HESHIMA MAGAZINE\",\"isPartOf\":{\"@id\":\"https:\/\/heshimardc.net\/v1\/#website\"},\"primaryImageOfPage\":{\"@id\":\"https:\/\/heshimardc.net\/v1\/2021\/06\/22\/dr-jean-jacques-mbungani-mbanda-un-medecin-experimente-pour-relever-les-defis-sanitaires-de-la-rdc\/#primaryimage\"},\"image\":{\"@id\":\"https:\/\/heshimardc.net\/v1\/2021\/06\/22\/dr-jean-jacques-mbungani-mbanda-un-medecin-experimente-pour-relever-les-defis-sanitaires-de-la-rdc\/#primaryimage\"},\"thumbnailUrl\":\"https:\/\/heshimardc.net\/v1\/wp-content\/uploads\/2021\/06\/Snapshot_481.jpeg\",\"datePublished\":\"2021-06-22T05:20:47+00:00\",\"dateModified\":\"2021-06-22T05:20:50+00:00\",\"description\":\"L e Dr Jean-Jacques Mbungani Mbanda est un m\u00e9decin congolais bien connu du monde m\u00e9dical bruxellois et congolais. Dipl\u00f4m\u00e9 de l\u2019Universit\u00e9 Libre de Bruxelles, l\u2019actuel Ministre RD.Congolais de la Sant\u00e9 Publique, Hygi\u00e8ne et Pr\u00e9vention poss\u00e8de un cursus professionnel d\u2019une trentaine d\u2019ann\u00e9e d\u2019exp\u00e9rience dans le monde m\u00e9dical.\",\"breadcrumb\":{\"@id\":\"https:\/\/heshimardc.net\/v1\/2021\/06\/22\/dr-jean-jacques-mbungani-mbanda-un-medecin-experimente-pour-relever-les-defis-sanitaires-de-la-rdc\/#breadcrumb\"},\"inLanguage\":\"fr-FR\",\"potentialAction\":[{\"@type\":\"ReadAction\",\"target\":[\"https:\/\/heshimardc.net\/v1\/2021\/06\/22\/dr-jean-jacques-mbungani-mbanda-un-medecin-experimente-pour-relever-les-defis-sanitaires-de-la-rdc\/\"]}]},{\"@type\":\"ImageObject\",\"inLanguage\":\"fr-FR\",\"@id\":\"https:\/\/heshimardc.net\/v1\/2021\/06\/22\/dr-jean-jacques-mbungani-mbanda-un-medecin-experimente-pour-relever-les-defis-sanitaires-de-la-rdc\/#primaryimage\",\"url\":\"https:\/\/heshimardc.net\/v1\/wp-content\/uploads\/2021\/06\/Snapshot_481.jpeg\",\"contentUrl\":\"https:\/\/heshimardc.net\/v1\/wp-content\/uploads\/2021\/06\/Snapshot_481.jpeg\",\"width\":429,\"height\":564},{\"@type\":\"BreadcrumbList\",\"@id\":\"https:\/\/heshimardc.net\/v1\/2021\/06\/22\/dr-jean-jacques-mbungani-mbanda-un-medecin-experimente-pour-relever-les-defis-sanitaires-de-la-rdc\/#breadcrumb\",\"itemListElement\":[{\"@type\":\"ListItem\",\"position\":1,\"name\":\"Accueil\",\"item\":\"https:\/\/heshimardc.net\/v1\/\"},{\"@type\":\"ListItem\",\"position\":2,\"name\":\"Dr Jean-Jacques Mbungani Mbanda un m\u00e9decin exp\u00e9riment\u00e9 pour relever les d\u00e9fis sanitaires de la RDC !\"}]},{\"@type\":\"WebSite\",\"@id\":\"https:\/\/heshimardc.net\/v1\/#website\",\"url\":\"https:\/\/heshimardc.net\/v1\/\",\"name\":\"HESHIMA MAGAZINE\",\"description\":\"Le magazine Congolais qui bat au rythme de l&#039;actualit\u00e9\",\"publisher\":{\"@id\":\"https:\/\/heshimardc.net\/v1\/#organization\"},\"potentialAction\":[{\"@type\":\"SearchAction\",\"target\":{\"@type\":\"EntryPoint\",\"urlTemplate\":\"https:\/\/heshimardc.net\/v1\/?s={search_term_string}\"},\"query-input\":\"required name=search_term_string\"}],\"inLanguage\":\"fr-FR\"},{\"@type\":\"Organization\",\"@id\":\"https:\/\/heshimardc.net\/v1\/#organization\",\"name\":\"HESHIMA MAGAZINE\",\"url\":\"https:\/\/heshimardc.net\/v1\/\",\"logo\":{\"@type\":\"ImageObject\",\"inLanguage\":\"fr-FR\",\"@id\":\"https:\/\/heshimardc.net\/v1\/#\/schema\/logo\/image\/\",\"url\":\"https:\/\/heshimardc.net\/v1\/wp-content\/uploads\/2020\/09\/logo.png\",\"contentUrl\":\"https:\/\/heshimardc.net\/v1\/wp-content\/uploads\/2020\/09\/logo.png\",\"width\":99,\"height\":130,\"caption\":\"HESHIMA MAGAZINE\"},\"image\":{\"@id\":\"https:\/\/heshimardc.net\/v1\/#\/schema\/logo\/image\/\"},\"sameAs\":[\"https:\/\/www.facebook.com\/heshimamagazine\",\"https:\/\/x.com\/HeshimaMag\"]},{\"@type\":\"Person\",\"@id\":\"https:\/\/heshimardc.net\/v1\/#\/schema\/person\/c74a2d47650131f158dc4a027547a532\",\"name\":\"RedactionH\",\"image\":{\"@type\":\"ImageObject\",\"inLanguage\":\"fr-FR\",\"@id\":\"https:\/\/heshimardc.net\/v1\/#\/schema\/person\/image\/\",\"url\":\"https:\/\/secure.gravatar.com\/avatar\/a52112f8496f362a38bf46c70ca9e956?s=96&d=mm&r=g\",\"contentUrl\":\"https:\/\/secure.gravatar.com\/avatar\/a52112f8496f362a38bf46c70ca9e956?s=96&d=mm&r=g\",\"caption\":\"RedactionH\"},\"sameAs\":[\"http:\/\/www.heshimardc.net\"],\"url\":\"https:\/\/heshimardc.net\/v1\/author\/redactionh\/\"}]}<\/script>\n<!-- \/ Yoast SEO plugin. -->","yoast_head_json":{"title":"Dr Jean-Jacques Mbungani Mbanda un m\u00e9decin exp\u00e9riment\u00e9 pour relever les d\u00e9fis sanitaires de la RDC ! - HESHIMA MAGAZINE","description":"L e Dr Jean-Jacques Mbungani Mbanda est un m\u00e9decin congolais bien connu du monde m\u00e9dical bruxellois et congolais. Dipl\u00f4m\u00e9 de l\u2019Universit\u00e9 Libre de Bruxelles, l\u2019actuel Ministre RD.Congolais de la Sant\u00e9 Publique, Hygi\u00e8ne et Pr\u00e9vention poss\u00e8de un cursus professionnel d\u2019une trentaine d\u2019ann\u00e9e d\u2019exp\u00e9rience dans le monde m\u00e9dical.","robots":{"index":"index","follow":"follow","max-snippet":"max-snippet:-1","max-image-preview":"max-image-preview:large","max-video-preview":"max-video-preview:-1"},"canonical":"https:\/\/heshimardc.net\/v1\/2021\/06\/22\/dr-jean-jacques-mbungani-mbanda-un-medecin-experimente-pour-relever-les-defis-sanitaires-de-la-rdc\/","og_locale":"fr_FR","og_type":"article","og_title":"Dr Jean-Jacques Mbungani Mbanda un m\u00e9decin exp\u00e9riment\u00e9 pour relever les d\u00e9fis sanitaires de la RDC ! - HESHIMA MAGAZINE","og_description":"L e Dr Jean-Jacques Mbungani Mbanda est un m\u00e9decin congolais bien connu du monde m\u00e9dical bruxellois et congolais. Dipl\u00f4m\u00e9 de l\u2019Universit\u00e9 Libre de Bruxelles, l\u2019actuel Ministre RD.Congolais de la Sant\u00e9 Publique, Hygi\u00e8ne et Pr\u00e9vention poss\u00e8de un cursus professionnel d\u2019une trentaine d\u2019ann\u00e9e d\u2019exp\u00e9rience dans le monde m\u00e9dical.","og_url":"https:\/\/heshimardc.net\/v1\/2021\/06\/22\/dr-jean-jacques-mbungani-mbanda-un-medecin-experimente-pour-relever-les-defis-sanitaires-de-la-rdc\/","og_site_name":"HESHIMA MAGAZINE","article_publisher":"https:\/\/www.facebook.com\/heshimamagazine","article_published_time":"2021-06-22T05:20:47+00:00","article_modified_time":"2021-06-22T05:20:50+00:00","og_image":[{"width":429,"height":564,"url":"https:\/\/heshimardc.net\/v1\/wp-content\/uploads\/2021\/06\/Snapshot_481.jpeg","type":"image\/jpeg"}],"author":"RedactionH","twitter_card":"summary_large_image","twitter_creator":"@HeshimaMag","twitter_site":"@HeshimaMag","twitter_misc":{"\u00c9crit par":"RedactionH","Dur\u00e9e de lecture estim\u00e9e":"4 minutes"},"schema":{"@context":"https:\/\/schema.org","@graph":[{"@type":"Article","@id":"https:\/\/heshimardc.net\/v1\/2021\/06\/22\/dr-jean-jacques-mbungani-mbanda-un-medecin-experimente-pour-relever-les-defis-sanitaires-de-la-rdc\/#article","isPartOf":{"@id":"https:\/\/heshimardc.net\/v1\/2021\/06\/22\/dr-jean-jacques-mbungani-mbanda-un-medecin-experimente-pour-relever-les-defis-sanitaires-de-la-rdc\/"},"author":{"name":"RedactionH","@id":"https:\/\/heshimardc.net\/v1\/#\/schema\/person\/c74a2d47650131f158dc4a027547a532"},"headline":"Dr Jean-Jacques Mbungani Mbanda un m\u00e9decin exp\u00e9riment\u00e9 pour relever les d\u00e9fis sanitaires de la RDC !","datePublished":"2021-06-22T05:20:47+00:00","dateModified":"2021-06-22T05:20:50+00:00","mainEntityOfPage":{"@id":"https:\/\/heshimardc.net\/v1\/2021\/06\/22\/dr-jean-jacques-mbungani-mbanda-un-medecin-experimente-pour-relever-les-defis-sanitaires-de-la-rdc\/"},"wordCount":1054,"publisher":{"@id":"https:\/\/heshimardc.net\/v1\/#organization"},"image":{"@id":"https:\/\/heshimardc.net\/v1\/2021\/06\/22\/dr-jean-jacques-mbungani-mbanda-un-medecin-experimente-pour-relever-les-defis-sanitaires-de-la-rdc\/#primaryimage"},"thumbnailUrl":"https:\/\/heshimardc.net\/v1\/wp-content\/uploads\/2021\/06\/Snapshot_481.jpeg","keywords":["RDC"],"articleSection":["Nation"],"inLanguage":"fr-FR"},{"@type":"WebPage","@id":"https:\/\/heshimardc.net\/v1\/2021\/06\/22\/dr-jean-jacques-mbungani-mbanda-un-medecin-experimente-pour-relever-les-defis-sanitaires-de-la-rdc\/","url":"https:\/\/heshimardc.net\/v1\/2021\/06\/22\/dr-jean-jacques-mbungani-mbanda-un-medecin-experimente-pour-relever-les-defis-sanitaires-de-la-rdc\/","name":"Dr Jean-Jacques Mbungani Mbanda un m\u00e9decin exp\u00e9riment\u00e9 pour relever les d\u00e9fis sanitaires de la RDC ! - HESHIMA MAGAZINE","isPartOf":{"@id":"https:\/\/heshimardc.net\/v1\/#website"},"primaryImageOfPage":{"@id":"https:\/\/heshimardc.net\/v1\/2021\/06\/22\/dr-jean-jacques-mbungani-mbanda-un-medecin-experimente-pour-relever-les-defis-sanitaires-de-la-rdc\/#primaryimage"},"image":{"@id":"https:\/\/heshimardc.net\/v1\/2021\/06\/22\/dr-jean-jacques-mbungani-mbanda-un-medecin-experimente-pour-relever-les-defis-sanitaires-de-la-rdc\/#primaryimage"},"thumbnailUrl":"https:\/\/heshimardc.net\/v1\/wp-content\/uploads\/2021\/06\/Snapshot_481.jpeg","datePublished":"2021-06-22T05:20:47+00:00","dateModified":"2021-06-22T05:20:50+00:00","description":"L e Dr Jean-Jacques Mbungani Mbanda est un m\u00e9decin congolais bien connu du monde m\u00e9dical bruxellois et congolais. Dipl\u00f4m\u00e9 de l\u2019Universit\u00e9 Libre de Bruxelles, l\u2019actuel Ministre RD.Congolais de la Sant\u00e9 Publique, Hygi\u00e8ne et Pr\u00e9vention poss\u00e8de un cursus professionnel d\u2019une trentaine d\u2019ann\u00e9e d\u2019exp\u00e9rience dans le monde m\u00e9dical.","breadcrumb":{"@id":"https:\/\/heshimardc.net\/v1\/2021\/06\/22\/dr-jean-jacques-mbungani-mbanda-un-medecin-experimente-pour-relever-les-defis-sanitaires-de-la-rdc\/#breadcrumb"},"inLanguage":"fr-FR","potentialAction":[{"@type":"ReadAction","target":["https:\/\/heshimardc.net\/v1\/2021\/06\/22\/dr-jean-jacques-mbungani-mbanda-un-medecin-experimente-pour-relever-les-defis-sanitaires-de-la-rdc\/"]}]},{"@type":"ImageObject","inLanguage":"fr-FR","@id":"https:\/\/heshimardc.net\/v1\/2021\/06\/22\/dr-jean-jacques-mbungani-mbanda-un-medecin-experimente-pour-relever-les-defis-sanitaires-de-la-rdc\/#primaryimage","url":"https:\/\/heshimardc.net\/v1\/wp-content\/uploads\/2021\/06\/Snapshot_481.jpeg","contentUrl":"https:\/\/heshimardc.net\/v1\/wp-content\/uploads\/2021\/06\/Snapshot_481.jpeg","width":429,"height":564},{"@type":"BreadcrumbList","@id":"https:\/\/heshimardc.net\/v1\/2021\/06\/22\/dr-jean-jacques-mbungani-mbanda-un-medecin-experimente-pour-relever-les-defis-sanitaires-de-la-rdc\/#breadcrumb","itemListElement":[{"@type":"ListItem","position":1,"name":"Accueil","item":"https:\/\/heshimardc.net\/v1\/"},{"@type":"ListItem","position":2,"name":"Dr Jean-Jacques Mbungani Mbanda un m\u00e9decin exp\u00e9riment\u00e9 pour relever les d\u00e9fis sanitaires de la RDC !"}]},{"@type":"WebSite","@id":"https:\/\/heshimardc.net\/v1\/#website","url":"https:\/\/heshimardc.net\/v1\/","name":"HESHIMA MAGAZINE","description":"Le magazine Congolais qui bat au rythme de l&#039;actualit\u00e9","publisher":{"@id":"https:\/\/heshimardc.net\/v1\/#organization"},"potentialAction":[{"@type":"SearchAction","target":{"@type":"EntryPoint","urlTemplate":"https:\/\/heshimardc.net\/v1\/?s={search_term_string}"},"query-input":"required name=search_term_string"}],"inLanguage":"fr-FR"},{"@type":"Organization","@id":"https:\/\/heshimardc.net\/v1\/#organization","name":"HESHIMA MAGAZINE","url":"https:\/\/heshimardc.net\/v1\/","logo":{"@type":"ImageObject","inLanguage":"fr-FR","@id":"https:\/\/heshimardc.net\/v1\/#\/schema\/logo\/image\/","url":"https:\/\/heshimardc.net\/v1\/wp-content\/uploads\/2020\/09\/logo.png","contentUrl":"https:\/\/heshimardc.net\/v1\/wp-content\/uploads\/2020\/09\/logo.png","width":99,"height":130,"caption":"HESHIMA MAGAZINE"},"image":{"@id":"https:\/\/heshimardc.net\/v1\/#\/schema\/logo\/image\/"},"sameAs":["https:\/\/www.facebook.com\/heshimamagazine","https:\/\/x.com\/HeshimaMag"]},{"@type":"Person","@id":"https:\/\/heshimardc.net\/v1\/#\/schema\/person\/c74a2d47650131f158dc4a027547a532","name":"RedactionH","image":{"@type":"ImageObject","inLanguage":"fr-FR","@id":"https:\/\/heshimardc.net\/v1\/#\/schema\/person\/image\/","url":"https:\/\/secure.gravatar.com\/avatar\/a52112f8496f362a38bf46c70ca9e956?s=96&d=mm&r=g","contentUrl":"https:\/\/secure.gravatar.com\/avatar\/a52112f8496f362a38bf46c70ca9e956?s=96&d=mm&r=g","caption":"RedactionH"},"sameAs":["http:\/\/www.heshimardc.net"],"url":"https:\/\/heshimardc.net\/v1\/author\/redactionh\/"}]}},"amp_enabled":true,"_links":{"self":[{"href":"https:\/\/heshimardc.net\/v1\/wp-json\/wp\/v2\/posts\/1748"}],"collection":[{"href":"https:\/\/heshimardc.net\/v1\/wp-json\/wp\/v2\/posts"}],"about":[{"href":"https:\/\/heshimardc.net\/v1\/wp-json\/wp\/v2\/types\/post"}],"author":[{"embeddable":true,"href":"https:\/\/heshimardc.net\/v1\/wp-json\/wp\/v2\/users\/2"}],"replies":[{"embeddable":true,"href":"https:\/\/heshimardc.net\/v1\/wp-json\/wp\/v2\/comments?post=1748"}],"version-history":[{"count":2,"href":"https:\/\/heshimardc.net\/v1\/wp-json\/wp\/v2\/posts\/1748\/revisions"}],"predecessor-version":[{"id":1751,"href":"https:\/\/heshimardc.net\/v1\/wp-json\/wp\/v2\/posts\/1748\/revisions\/1751"}],"wp:featuredmedia":[{"embeddable":true,"href":"https:\/\/heshimardc.net\/v1\/wp-json\/wp\/v2\/media\/1749"}],"wp:attachment":[{"href":"https:\/\/heshimardc.net\/v1\/wp-json\/wp\/v2\/media?parent=1748"}],"wp:term":[{"taxonomy":"category","embeddable":true,"href":"https:\/\/heshimardc.net\/v1\/wp-json\/wp\/v2\/categories?post=1748"},{"taxonomy":"post_tag","embeddable":true,"href":"https:\/\/heshimardc.net\/v1\/wp-json\/wp\/v2\/tags?post=1748"}],"curies":[{"name":"wp","href":"https:\/\/api.w.org\/{rel}","templated":true}]}}