{"id":1896,"date":"2021-08-23T07:02:12","date_gmt":"2021-08-23T07:02:12","guid":{"rendered":"https:\/\/heshimardc.net\/v1\/?p=1896"},"modified":"2021-08-23T07:02:15","modified_gmt":"2021-08-23T07:02:15","slug":"100-jours-du-gouvernement-sama-lukonde-les-bons-chiffres-aux-cotes-des-attentes-colossales","status":"publish","type":"post","link":"https:\/\/heshimardc.net\/v1\/2021\/08\/23\/100-jours-du-gouvernement-sama-lukonde-les-bons-chiffres-aux-cotes-des-attentes-colossales\/","title":{"rendered":"100 JOURS DU GOUVERNEMENT  Sama Lukonde : les bons chiffres aux c\u00f4t\u00e9s des attentes colossales\u2026"},"content":{"rendered":"\n<p><\/p>\n\n\n\n<p class=\"has-drop-cap\">&nbsp;C\u2019est dans un contexte particuli\u00e8rement difficile de la pand\u00e9mie \u00e0 coronavirus que Sama Lukonde Kyenge prend les manettes de commande le 26 avril 2021. L\u2019\u00e9tat de si\u00e8ge est d\u00e9cr\u00e9t\u00e9 d\u00e9but mai, soit moins d\u2019une semaine apr\u00e8s l\u2019investiture de son Gouvernement. Comme si cela ne suffisait pas, le 22 du m\u00eame mois, Nyiragongo entre en \u00e9ruption. Tout pour perturber le programme.<\/p>\n\n\n\n<p>Contre toute attente, comme le d\u00e9montrent les agr\u00e9gats macro\u00e9conomiques, le premier Gouvernement de l\u2019Union sacr\u00e9e de la nation a plut\u00f4t bien travaill\u00e9, surtout \u00e9conomiquement, m\u00eame si du point de vue social on en est encore aux intentions.&nbsp;<\/p>\n\n\n\n<p>E<a href=\"https:\/\/heshimardc.net\/v1\/2021\/04\/12\/liste-du-gouvernement-des-warriors-sama-lukonde-est-desormais-connu\/\" target=\"_blank\" rel=\"noreferrer noopener\">n 100 jours, le chef du Gouvernement a r\u00e9alis\u00e9 des grandes prouesses : il a maitris\u00e9 l\u2019inflation, stabilis\u00e9 le taux de change,&nbsp;accru les r\u00e9serves strat\u00e9giques, impuls\u00e9 la reprise des activit\u00e9s \u00e9conomiques<\/a>\u2026 Avec son arriv\u00e9e aux commandes, les r\u00e9formes en vue de l\u2019am\u00e9lioration du climat des affaires sont engag\u00e9es et la lutte contre la corruption et les crimes \u00e9conomiques est lanc\u00e9e \u00e0 fond. Dans le secteur minier, Sama Lukonde a mis en \u0153uvre le Plan directeur de l\u2019industrialisation, en relan\u00e7ant le plan triennal de l\u2019ITIE RDC.<\/p>\n\n\n\n<div class=\"wp-block-image\"><figure class=\"aligncenter size-large is-resized\"><img loading=\"lazy\" decoding=\"async\" src=\"https:\/\/heshimardc.net\/v1\/wp-content\/uploads\/2021\/08\/Sama-Lukonde-1.jpg\" alt=\"\" class=\"wp-image-1897\" width=\"590\" height=\"435\" srcset=\"https:\/\/heshimardc.net\/v1\/wp-content\/uploads\/2021\/08\/Sama-Lukonde-1.jpg 713w, https:\/\/heshimardc.net\/v1\/wp-content\/uploads\/2021\/08\/Sama-Lukonde-1-300x221.jpg 300w, https:\/\/heshimardc.net\/v1\/wp-content\/uploads\/2021\/08\/Sama-Lukonde-1-16x12.jpg 16w\" sizes=\"(max-width: 590px) 100vw, 590px\" \/><\/figure><\/div>\n\n\n\n<p><\/p>\n\n\n\n<p class=\"has-text-color has-medium-font-size\" style=\"color:#0094d3\"><strong>Les chiffres qui en disent long<\/strong><\/p>\n\n\n\n<p>Concernant le taux de change, moyennant un tableau, le Premier ministre a d\u00e9montr\u00e9 l\u2019\u00e9volution positive de la situation. En juillet 2019, 1 dollar s\u2019\u00e9changeait \u00e0 1650 FC, en juillet 2020 il s\u2019est \u00e9chang\u00e9 \u00e0 1977 FC et en 2021 il s\u2019\u00e9change autour de 1989 FC au taux officiel. Si le taux d\u2019inflation \u00e9tait de 14,2 % en juillet 2020, celui-ci a connu un glissement jusqu\u2019\u00e0 7,2 %. De m\u00eame, le taux de croissance qui \u00e9tait de 4,4% en 2019, de 1,7 % en 2020, il est de 4,9 % en 2021. Quant aux r\u00e9serves de change, elles sont pass\u00e9es de de 783,7 millions de dollars en&nbsp;avril 2021 \u00e0 1,631 milliard de dollars. Par ailleurs, des statistiques indiquent que la RDC est sortie de son d\u00e9ficit qui \u00e9tait de -212 milliards de Francs Congolais au deuxi\u00e8me trimestre de 2020 et est pass\u00e9e \u00e0 +763 milliards de Francs au deuxi\u00e8me trimestre de 2021. C\u2019est aussi le cas de souligner que pendant les cent jours, il y a eu une forte mobilisation des recettes. Le Gouvernement a mobilis\u00e9 plus de 945 millions de dollars rien qu\u2019en mai et juin 2021.<\/p>\n\n\n\n<p>L\u2019exploit de la signature avec le FMIParmi les vaillances r\u00e9alis\u00e9es en temps record par le Gouvernement figure la signature de l\u2019Accord avec le Fonds mon\u00e9taire international. Le FMI a octroy\u00e9 \u00e0 la RD Congo une facilit\u00e9 \u00e9largie de cr\u00e9dit \u00e0 hauteur de 1,5 milliard de dollars, ce qui est une avanc\u00e9e significative qui va permettre d\u2019appuyer les r\u00e9formes visant \u00e0 maintenir la stabilit\u00e9 macro\u00e9conomique. Le premier d\u00e9caissement de plus de 200 millions de dollars n\u2019a pas tard\u00e9.<\/p>\n\n\n\n<p><br>Ce programme, assorti des exigences, a \u00e9t\u00e9 conclu apr\u00e8s de longues n\u00e9gociations. Le pr\u00e9c\u00e9dent avait \u00e9t\u00e9 arr\u00eat\u00e9 brusquement fin 2012, \u00e0 cause du refus de publier les contrats de cession des parts de l\u2019Etat dans les entreprises mini\u00e8res. Cette fois-ci, outre la transparence dans le secteur minier, le Gouvernement a pris l\u2019engagement de mobiliser les recettes et d\u2019ex\u00e9cuter les d\u00e9penses essentielles et d\u2019investissement, en am\u00e9liorant sa politique mon\u00e9taire et en luttant contre la corruption. Ce programme, a-t-on indiqu\u00e9,&nbsp;va catalyser d\u2019autres financements des bailleurs bi et multilat\u00e9raux et attirer des investissements priv\u00e9s.<\/p>\n\n\n\n<p class=\"has-text-color has-medium-font-size\" style=\"color:#0094d3\"><br><strong>Les d\u00e9penses rationnelles<\/strong><br><\/p>\n\n\n\n<p><a href=\"https:\/\/heshimardc.net\/v1\/2021\/02\/24\/jean-michel-sama-lukonde-loiseau-rare-en-harmonie-avec-la-vision-de-fatshi\/\" target=\"_blank\" rel=\"noreferrer noopener\">&nbsp;Jean-Michel Sama Lukonde Kyenge pr\u00e9conise la qualit\u00e9 dans la d\u00e9pense en donnant priorit\u00e9 aux secteurs sociaux.<\/a> C\u2019est dans ce souci que le fonds venant du FMI sera affect\u00e9 surtout dans les secteurs de l\u2019\u00e9nergie, des infrastructures, de la sant\u00e9 et dans la gratuit\u00e9 de l\u2019\u00e9ducation de base.<br>Les infrastructures \u00ab acceptables \u00bb<\/p>\n\n\n\n<p><br>&nbsp;Le Premier ministre a promis de doter la RDC des infrastructures modernes acceptables. En annon\u00e7ant des actions d\u2019une grande envergure. Il a rappel\u00e9 qu\u2019il y a des projets qu\u2019il a trouv\u00e9s en cours, qu\u2019il va parachever. D\u2019autres sont initi\u00e9s par son Gouvernement : r\u00e9alisation d\u2019un plan triennal \u00e9valu\u00e9 \u00e0 36 milliards de dollars. Il a entre autres cit\u00e9 la r\u00e9habilitation du pont Kasa\u00ef \u00e0 Tshikapa, le lancement des travaux de bitumage des routes Kasindi-Beni-Butembo et Bunagana-Rutshuru-Goma. En plus, son Gouvernement va acqu\u00e9rir 30 ponts m\u00e9talliques modulaires,&nbsp;financer l\u2019entretien des pistes rurales, entretenir les routes dans le cadre du FONER et financer un projet de 300 \u00e9coles pr\u00e9fabriqu\u00e9es \u00e0 travers le pays. Il assure que des chantiers sont ouverts \u00e0 travers les provinces pour assurer l\u2019int\u00e9gration nationale. Aussi a-t-il affirm\u00e9 que des jalons sont pos\u00e9s dans le secteur de l\u2019\u00e9nergie (eau et \u00e9lectricit\u00e9) dans le but d\u2019accroitre la fourniture.<br><\/p>\n\n\n\n<p class=\"has-text-color has-medium-font-size\" style=\"color:#0086bf\"><strong>Situation s\u00e9curitaire<\/strong><\/p>\n\n\n\n<p><br>La restauration de l\u2019autorit\u00e9 de l\u2019Etat et le r\u00e9tablissement de la paix dans les zones de l\u2019Est o\u00f9 les groupes arm\u00e9s massacrent r\u00e9guli\u00e8rement les populations pr\u00e9occupe le Premier ministre Sama. L\u2019\u00e9tat de si\u00e8ges d\u00e9cr\u00e9t\u00e9 d\u00e9but mai en Ituri et au Nord-Kivu n\u2019a pas encore donn\u00e9 des fruits, notamment \u00e0 cause des magouilles qui minent les forces de s\u00e9curit\u00e9, mais des efforts sont consentis en vue des r\u00e9sultats positifs. Entretemps le chef de l\u2019Ex\u00e9cutif appelle les Congolais \u00e0 se ranger derri\u00e8re les FARDC.<\/p>\n\n\n\n<p class=\"has-text-color has-medium-font-size\" style=\"color:#0097d8\"><strong><br>L\u2019am\u00e9lioration du social&nbsp;<\/strong><br><\/p>\n\n\n\n<p>Du point de vue social, rien n\u2019est encore visible, alors&nbsp;&nbsp;que les attentes de la population sont colossales. Le Gouvernement se bat mais la situation est difficile sur tous les fronts. Si d\u2019une part il est parvenu \u00e0 un accord avec les m\u00e9decins des h\u00f4pitaux publics qui ont suspendu leur mouvement de gr\u00e8ve le 4 ao\u00fbt, d\u2019autre part les professeurs grondent face \u00e0 leur ministre de tutelle et les travailleurs de la soci\u00e9t\u00e9 des Transports du Congo (TRANSCO) ont tout perturb\u00e9 avec leur gr\u00e8ve. C\u2019est \u00e0 juste titre que lors d\u2019une messe organis\u00e9e le 4 ao\u00fbt \u00e0 la Primature, qu\u2019il a appel\u00e9 la population \u00e0 l\u2019espoir et \u00e0 la coh\u00e9sion. Il a promis d\u2019\u00eatre \u00e0 l\u2019\u00e9coute des Congolais qui souffrent, en indiquant que le gouvernement a mis en place des m\u00e9canismes pour appliquer son programme&nbsp;bas\u00e9 sur la vision du Pr\u00e9sident de la R\u00e9publique. <\/p>\n\n\n\n<p>Concernant l\u2019am\u00e9lioration de la vie prosa\u00efque de la population, le Premier ministre dit agir pour revoir \u00e0 la baisse les prix des billets d\u2019avion et ceux des produits surgel\u00e9s. Le billet d\u2019avion Kinshasa-Goma qui est de 340 dollars jusque-l\u00e0 pourrait \u00eatre r\u00e9duit \u00e0 200 dollars si les prix baissent.<\/p>\n\n\n\n<div class=\"wp-block-image\"><figure class=\"aligncenter size-large is-resized\"><img loading=\"lazy\" decoding=\"async\" src=\"https:\/\/heshimardc.net\/v1\/wp-content\/uploads\/2021\/08\/rgsrfg-1.jpg\" alt=\"\" class=\"wp-image-1898\" width=\"517\" height=\"338\" srcset=\"https:\/\/heshimardc.net\/v1\/wp-content\/uploads\/2021\/08\/rgsrfg-1.jpg 600w, https:\/\/heshimardc.net\/v1\/wp-content\/uploads\/2021\/08\/rgsrfg-1-300x196.jpg 300w, https:\/\/heshimardc.net\/v1\/wp-content\/uploads\/2021\/08\/rgsrfg-1-16x10.jpg 16w\" sizes=\"(max-width: 517px) 100vw, 517px\" \/><\/figure><\/div>\n\n\n\n<p>Le Gouvernement, par ailleurs, a d\u00e9j\u00e0 mis en \u0153uvre sa politique concernant le secteur productif. Celle-ci concerne la mise en \u0153uvre du Fonds de garantie de l\u2019entreprenariat au Congo, la validation du programme de d\u00e9veloppement et d\u2019innovation pour l\u2019entreprenariat des jeunes en RDC, ainsi que la mise \u00e0 la disposition des subventions&nbsp; &nbsp;financi\u00e8res pour les PME, dans le cadre des projets d\u2019appui au d\u00e9veloppement des micro, petites et moyennes entreprises.<\/p>\n\n\n\n<p>Au regard des efforts fournis par le Gouvernement, les \u00e9v\u00eaques de la CENCO reconnaissent qu\u2019il y a des bonnes initiatives visant l\u2019am\u00e9lioration des conditions de vie des Congolais. Invit\u00e9 \u00e0 assister \u00e0 la messe organis\u00e9e le 04 ao\u00fbt, l\u2019abb\u00e9 Donatien N\u2019Shole l\u2019a reconnu. Toutefois, concernant les \u00e9lections en 2023, Sama Lukonde dit que son Gouvernement travaille durement dans la maximisation des recettes en vue de les organiser.<\/p>\n\n\n\n<p>&nbsp;Hubert MWIPATAYI&nbsp;<\/p>\n","protected":false},"excerpt":{"rendered":"<p>Le Premier ministre Jean-Michel Sama Lukonde Kyenge a dress\u00e9 le bilan de ses cent premiers jours de gestion le mardi 3 ao\u00fbt 2021. Si en trois mois, le Gouvernement des \u00ab Warriors \u00bb qu\u2019il dirige, a r\u00e9alis\u00e9 des exploits du point de vue \u00e9conomico-financier, il doit cependant fournir de gros efforts sur le plan s\u00e9curitaire, mais aussi agir pour relever le social dont la population vit encore dans la grande mis\u00e8re.<\/p>\n","protected":false},"author":2,"featured_media":1899,"comment_status":"closed","ping_status":"closed","sticky":false,"template":"","format":"standard","meta":{"footnotes":""},"categories":[3],"tags":[182,228],"class_list":["post-1896","post","type-post","status-publish","format-standard","has-post-thumbnail","hentry","category-nation","tag-rdc","tag-samalukonde"],"yoast_head":"<!-- This site is optimized with the Yoast SEO plugin v23.3 - https:\/\/yoast.com\/wordpress\/plugins\/seo\/ -->\n<title>100 JOURS DU GOUVERNEMENT Sama Lukonde : les bons chiffres aux c\u00f4t\u00e9s des attentes colossales\u2026 - HESHIMA MAGAZINE<\/title>\n<meta name=\"description\" content=\"C\u2019est dans un contexte particuli\u00e8rement difficile de la pand\u00e9mie \u00e0 coronavirus que Sama Lukonde Kyenge prend les manettes de commande le 26 avril 2021. L\u2019\u00e9tat de si\u00e8ge est d\u00e9cr\u00e9t\u00e9 d\u00e9but mai, soit moins d\u2019une semaine apr\u00e8s l\u2019investiture de son Gouvernement. Comme si cela ne suffisait pas, le 22 du m\u00eame mois, Nyiragongo entre en \u00e9ruption. Tout pour perturber le programme.\" \/>\n<meta name=\"robots\" content=\"index, follow, max-snippet:-1, max-image-preview:large, max-video-preview:-1\" \/>\n<link rel=\"canonical\" href=\"https:\/\/heshimardc.net\/v1\/2021\/08\/23\/100-jours-du-gouvernement-sama-lukonde-les-bons-chiffres-aux-cotes-des-attentes-colossales\/\" \/>\n<meta property=\"og:locale\" content=\"fr_FR\" \/>\n<meta property=\"og:type\" content=\"article\" \/>\n<meta property=\"og:title\" content=\"100 JOURS DU GOUVERNEMENT Sama Lukonde : les bons chiffres aux c\u00f4t\u00e9s des attentes colossales\u2026 - HESHIMA MAGAZINE\" \/>\n<meta property=\"og:description\" content=\"C\u2019est dans un contexte particuli\u00e8rement difficile de la pand\u00e9mie \u00e0 coronavirus que Sama Lukonde Kyenge prend les manettes de commande le 26 avril 2021. L\u2019\u00e9tat de si\u00e8ge est d\u00e9cr\u00e9t\u00e9 d\u00e9but mai, soit moins d\u2019une semaine apr\u00e8s l\u2019investiture de son Gouvernement. Comme si cela ne suffisait pas, le 22 du m\u00eame mois, Nyiragongo entre en \u00e9ruption. Tout pour perturber le programme.\" \/>\n<meta property=\"og:url\" content=\"https:\/\/heshimardc.net\/v1\/2021\/08\/23\/100-jours-du-gouvernement-sama-lukonde-les-bons-chiffres-aux-cotes-des-attentes-colossales\/\" \/>\n<meta property=\"og:site_name\" content=\"HESHIMA MAGAZINE\" \/>\n<meta property=\"article:publisher\" content=\"https:\/\/www.facebook.com\/heshimamagazine\" \/>\n<meta property=\"article:published_time\" content=\"2021-08-23T07:02:12+00:00\" \/>\n<meta property=\"article:modified_time\" content=\"2021-08-23T07:02:15+00:00\" \/>\n<meta property=\"og:image\" content=\"https:\/\/heshimardc.net\/v1\/wp-content\/uploads\/2021\/08\/unnamed-25.jpg\" \/>\n\t<meta property=\"og:image:width\" content=\"512\" \/>\n\t<meta property=\"og:image:height\" content=\"340\" \/>\n\t<meta property=\"og:image:type\" content=\"image\/jpeg\" \/>\n<meta name=\"author\" content=\"RedactionH\" \/>\n<meta name=\"twitter:card\" content=\"summary_large_image\" \/>\n<meta name=\"twitter:creator\" content=\"@HeshimaMag\" \/>\n<meta name=\"twitter:site\" content=\"@HeshimaMag\" \/>\n<meta name=\"twitter:label1\" content=\"\u00c9crit par\" \/>\n\t<meta name=\"twitter:data1\" content=\"RedactionH\" \/>\n\t<meta name=\"twitter:label2\" content=\"Dur\u00e9e de lecture estim\u00e9e\" \/>\n\t<meta name=\"twitter:data2\" content=\"6 minutes\" \/>\n<script type=\"application\/ld+json\" class=\"yoast-schema-graph\">{\"@context\":\"https:\/\/schema.org\",\"@graph\":[{\"@type\":\"Article\",\"@id\":\"https:\/\/heshimardc.net\/v1\/2021\/08\/23\/100-jours-du-gouvernement-sama-lukonde-les-bons-chiffres-aux-cotes-des-attentes-colossales\/#article\",\"isPartOf\":{\"@id\":\"https:\/\/heshimardc.net\/v1\/2021\/08\/23\/100-jours-du-gouvernement-sama-lukonde-les-bons-chiffres-aux-cotes-des-attentes-colossales\/\"},\"author\":{\"name\":\"RedactionH\",\"@id\":\"https:\/\/heshimardc.net\/v1\/#\/schema\/person\/c74a2d47650131f158dc4a027547a532\"},\"headline\":\"100 JOURS DU GOUVERNEMENT Sama Lukonde : les bons chiffres aux c\u00f4t\u00e9s des attentes colossales\u2026\",\"datePublished\":\"2021-08-23T07:02:12+00:00\",\"dateModified\":\"2021-08-23T07:02:15+00:00\",\"mainEntityOfPage\":{\"@id\":\"https:\/\/heshimardc.net\/v1\/2021\/08\/23\/100-jours-du-gouvernement-sama-lukonde-les-bons-chiffres-aux-cotes-des-attentes-colossales\/\"},\"wordCount\":1294,\"publisher\":{\"@id\":\"https:\/\/heshimardc.net\/v1\/#organization\"},\"image\":{\"@id\":\"https:\/\/heshimardc.net\/v1\/2021\/08\/23\/100-jours-du-gouvernement-sama-lukonde-les-bons-chiffres-aux-cotes-des-attentes-colossales\/#primaryimage\"},\"thumbnailUrl\":\"https:\/\/heshimardc.net\/v1\/wp-content\/uploads\/2021\/08\/unnamed-25.jpg\",\"keywords\":[\"RDC\",\"SamaLukonde\"],\"articleSection\":[\"Nation\"],\"inLanguage\":\"fr-FR\"},{\"@type\":\"WebPage\",\"@id\":\"https:\/\/heshimardc.net\/v1\/2021\/08\/23\/100-jours-du-gouvernement-sama-lukonde-les-bons-chiffres-aux-cotes-des-attentes-colossales\/\",\"url\":\"https:\/\/heshimardc.net\/v1\/2021\/08\/23\/100-jours-du-gouvernement-sama-lukonde-les-bons-chiffres-aux-cotes-des-attentes-colossales\/\",\"name\":\"100 JOURS DU GOUVERNEMENT Sama Lukonde : les bons chiffres aux c\u00f4t\u00e9s des attentes colossales\u2026 - HESHIMA MAGAZINE\",\"isPartOf\":{\"@id\":\"https:\/\/heshimardc.net\/v1\/#website\"},\"primaryImageOfPage\":{\"@id\":\"https:\/\/heshimardc.net\/v1\/2021\/08\/23\/100-jours-du-gouvernement-sama-lukonde-les-bons-chiffres-aux-cotes-des-attentes-colossales\/#primaryimage\"},\"image\":{\"@id\":\"https:\/\/heshimardc.net\/v1\/2021\/08\/23\/100-jours-du-gouvernement-sama-lukonde-les-bons-chiffres-aux-cotes-des-attentes-colossales\/#primaryimage\"},\"thumbnailUrl\":\"https:\/\/heshimardc.net\/v1\/wp-content\/uploads\/2021\/08\/unnamed-25.jpg\",\"datePublished\":\"2021-08-23T07:02:12+00:00\",\"dateModified\":\"2021-08-23T07:02:15+00:00\",\"description\":\"C\u2019est dans un contexte particuli\u00e8rement difficile de la pand\u00e9mie \u00e0 coronavirus que Sama Lukonde Kyenge prend les manettes de commande le 26 avril 2021. L\u2019\u00e9tat de si\u00e8ge est d\u00e9cr\u00e9t\u00e9 d\u00e9but mai, soit moins d\u2019une semaine apr\u00e8s l\u2019investiture de son Gouvernement. Comme si cela ne suffisait pas, le 22 du m\u00eame mois, Nyiragongo entre en \u00e9ruption. Tout pour perturber le programme.\",\"breadcrumb\":{\"@id\":\"https:\/\/heshimardc.net\/v1\/2021\/08\/23\/100-jours-du-gouvernement-sama-lukonde-les-bons-chiffres-aux-cotes-des-attentes-colossales\/#breadcrumb\"},\"inLanguage\":\"fr-FR\",\"potentialAction\":[{\"@type\":\"ReadAction\",\"target\":[\"https:\/\/heshimardc.net\/v1\/2021\/08\/23\/100-jours-du-gouvernement-sama-lukonde-les-bons-chiffres-aux-cotes-des-attentes-colossales\/\"]}]},{\"@type\":\"ImageObject\",\"inLanguage\":\"fr-FR\",\"@id\":\"https:\/\/heshimardc.net\/v1\/2021\/08\/23\/100-jours-du-gouvernement-sama-lukonde-les-bons-chiffres-aux-cotes-des-attentes-colossales\/#primaryimage\",\"url\":\"https:\/\/heshimardc.net\/v1\/wp-content\/uploads\/2021\/08\/unnamed-25.jpg\",\"contentUrl\":\"https:\/\/heshimardc.net\/v1\/wp-content\/uploads\/2021\/08\/unnamed-25.jpg\",\"width\":512,\"height\":340},{\"@type\":\"BreadcrumbList\",\"@id\":\"https:\/\/heshimardc.net\/v1\/2021\/08\/23\/100-jours-du-gouvernement-sama-lukonde-les-bons-chiffres-aux-cotes-des-attentes-colossales\/#breadcrumb\",\"itemListElement\":[{\"@type\":\"ListItem\",\"position\":1,\"name\":\"Accueil\",\"item\":\"https:\/\/heshimardc.net\/v1\/\"},{\"@type\":\"ListItem\",\"position\":2,\"name\":\"100 JOURS DU GOUVERNEMENT Sama Lukonde : les bons chiffres aux c\u00f4t\u00e9s des attentes colossales\u2026\"}]},{\"@type\":\"WebSite\",\"@id\":\"https:\/\/heshimardc.net\/v1\/#website\",\"url\":\"https:\/\/heshimardc.net\/v1\/\",\"name\":\"HESHIMA MAGAZINE\",\"description\":\"Le magazine Congolais qui bat au rythme de l&#039;actualit\u00e9\",\"publisher\":{\"@id\":\"https:\/\/heshimardc.net\/v1\/#organization\"},\"potentialAction\":[{\"@type\":\"SearchAction\",\"target\":{\"@type\":\"EntryPoint\",\"urlTemplate\":\"https:\/\/heshimardc.net\/v1\/?s={search_term_string}\"},\"query-input\":\"required name=search_term_string\"}],\"inLanguage\":\"fr-FR\"},{\"@type\":\"Organization\",\"@id\":\"https:\/\/heshimardc.net\/v1\/#organization\",\"name\":\"HESHIMA MAGAZINE\",\"url\":\"https:\/\/heshimardc.net\/v1\/\",\"logo\":{\"@type\":\"ImageObject\",\"inLanguage\":\"fr-FR\",\"@id\":\"https:\/\/heshimardc.net\/v1\/#\/schema\/logo\/image\/\",\"url\":\"https:\/\/heshimardc.net\/v1\/wp-content\/uploads\/2020\/09\/logo.png\",\"contentUrl\":\"https:\/\/heshimardc.net\/v1\/wp-content\/uploads\/2020\/09\/logo.png\",\"width\":99,\"height\":130,\"caption\":\"HESHIMA MAGAZINE\"},\"image\":{\"@id\":\"https:\/\/heshimardc.net\/v1\/#\/schema\/logo\/image\/\"},\"sameAs\":[\"https:\/\/www.facebook.com\/heshimamagazine\",\"https:\/\/x.com\/HeshimaMag\"]},{\"@type\":\"Person\",\"@id\":\"https:\/\/heshimardc.net\/v1\/#\/schema\/person\/c74a2d47650131f158dc4a027547a532\",\"name\":\"RedactionH\",\"image\":{\"@type\":\"ImageObject\",\"inLanguage\":\"fr-FR\",\"@id\":\"https:\/\/heshimardc.net\/v1\/#\/schema\/person\/image\/\",\"url\":\"https:\/\/secure.gravatar.com\/avatar\/a52112f8496f362a38bf46c70ca9e956?s=96&d=mm&r=g\",\"contentUrl\":\"https:\/\/secure.gravatar.com\/avatar\/a52112f8496f362a38bf46c70ca9e956?s=96&d=mm&r=g\",\"caption\":\"RedactionH\"},\"sameAs\":[\"http:\/\/www.heshimardc.net\"],\"url\":\"https:\/\/heshimardc.net\/v1\/author\/redactionh\/\"}]}<\/script>\n<!-- \/ Yoast SEO plugin. -->","yoast_head_json":{"title":"100 JOURS DU GOUVERNEMENT Sama Lukonde : les bons chiffres aux c\u00f4t\u00e9s des attentes colossales\u2026 - HESHIMA MAGAZINE","description":"C\u2019est dans un contexte particuli\u00e8rement difficile de la pand\u00e9mie \u00e0 coronavirus que Sama Lukonde Kyenge prend les manettes de commande le 26 avril 2021. L\u2019\u00e9tat de si\u00e8ge est d\u00e9cr\u00e9t\u00e9 d\u00e9but mai, soit moins d\u2019une semaine apr\u00e8s l\u2019investiture de son Gouvernement. Comme si cela ne suffisait pas, le 22 du m\u00eame mois, Nyiragongo entre en \u00e9ruption. Tout pour perturber le programme.","robots":{"index":"index","follow":"follow","max-snippet":"max-snippet:-1","max-image-preview":"max-image-preview:large","max-video-preview":"max-video-preview:-1"},"canonical":"https:\/\/heshimardc.net\/v1\/2021\/08\/23\/100-jours-du-gouvernement-sama-lukonde-les-bons-chiffres-aux-cotes-des-attentes-colossales\/","og_locale":"fr_FR","og_type":"article","og_title":"100 JOURS DU GOUVERNEMENT Sama Lukonde : les bons chiffres aux c\u00f4t\u00e9s des attentes colossales\u2026 - HESHIMA MAGAZINE","og_description":"C\u2019est dans un contexte particuli\u00e8rement difficile de la pand\u00e9mie \u00e0 coronavirus que Sama Lukonde Kyenge prend les manettes de commande le 26 avril 2021. L\u2019\u00e9tat de si\u00e8ge est d\u00e9cr\u00e9t\u00e9 d\u00e9but mai, soit moins d\u2019une semaine apr\u00e8s l\u2019investiture de son Gouvernement. Comme si cela ne suffisait pas, le 22 du m\u00eame mois, Nyiragongo entre en \u00e9ruption. Tout pour perturber le programme.","og_url":"https:\/\/heshimardc.net\/v1\/2021\/08\/23\/100-jours-du-gouvernement-sama-lukonde-les-bons-chiffres-aux-cotes-des-attentes-colossales\/","og_site_name":"HESHIMA MAGAZINE","article_publisher":"https:\/\/www.facebook.com\/heshimamagazine","article_published_time":"2021-08-23T07:02:12+00:00","article_modified_time":"2021-08-23T07:02:15+00:00","og_image":[{"width":512,"height":340,"url":"https:\/\/heshimardc.net\/v1\/wp-content\/uploads\/2021\/08\/unnamed-25.jpg","type":"image\/jpeg"}],"author":"RedactionH","twitter_card":"summary_large_image","twitter_creator":"@HeshimaMag","twitter_site":"@HeshimaMag","twitter_misc":{"\u00c9crit par":"RedactionH","Dur\u00e9e de lecture estim\u00e9e":"6 minutes"},"schema":{"@context":"https:\/\/schema.org","@graph":[{"@type":"Article","@id":"https:\/\/heshimardc.net\/v1\/2021\/08\/23\/100-jours-du-gouvernement-sama-lukonde-les-bons-chiffres-aux-cotes-des-attentes-colossales\/#article","isPartOf":{"@id":"https:\/\/heshimardc.net\/v1\/2021\/08\/23\/100-jours-du-gouvernement-sama-lukonde-les-bons-chiffres-aux-cotes-des-attentes-colossales\/"},"author":{"name":"RedactionH","@id":"https:\/\/heshimardc.net\/v1\/#\/schema\/person\/c74a2d47650131f158dc4a027547a532"},"headline":"100 JOURS DU GOUVERNEMENT Sama Lukonde : les bons chiffres aux c\u00f4t\u00e9s des attentes colossales\u2026","datePublished":"2021-08-23T07:02:12+00:00","dateModified":"2021-08-23T07:02:15+00:00","mainEntityOfPage":{"@id":"https:\/\/heshimardc.net\/v1\/2021\/08\/23\/100-jours-du-gouvernement-sama-lukonde-les-bons-chiffres-aux-cotes-des-attentes-colossales\/"},"wordCount":1294,"publisher":{"@id":"https:\/\/heshimardc.net\/v1\/#organization"},"image":{"@id":"https:\/\/heshimardc.net\/v1\/2021\/08\/23\/100-jours-du-gouvernement-sama-lukonde-les-bons-chiffres-aux-cotes-des-attentes-colossales\/#primaryimage"},"thumbnailUrl":"https:\/\/heshimardc.net\/v1\/wp-content\/uploads\/2021\/08\/unnamed-25.jpg","keywords":["RDC","SamaLukonde"],"articleSection":["Nation"],"inLanguage":"fr-FR"},{"@type":"WebPage","@id":"https:\/\/heshimardc.net\/v1\/2021\/08\/23\/100-jours-du-gouvernement-sama-lukonde-les-bons-chiffres-aux-cotes-des-attentes-colossales\/","url":"https:\/\/heshimardc.net\/v1\/2021\/08\/23\/100-jours-du-gouvernement-sama-lukonde-les-bons-chiffres-aux-cotes-des-attentes-colossales\/","name":"100 JOURS DU GOUVERNEMENT Sama Lukonde : les bons chiffres aux c\u00f4t\u00e9s des attentes colossales\u2026 - HESHIMA MAGAZINE","isPartOf":{"@id":"https:\/\/heshimardc.net\/v1\/#website"},"primaryImageOfPage":{"@id":"https:\/\/heshimardc.net\/v1\/2021\/08\/23\/100-jours-du-gouvernement-sama-lukonde-les-bons-chiffres-aux-cotes-des-attentes-colossales\/#primaryimage"},"image":{"@id":"https:\/\/heshimardc.net\/v1\/2021\/08\/23\/100-jours-du-gouvernement-sama-lukonde-les-bons-chiffres-aux-cotes-des-attentes-colossales\/#primaryimage"},"thumbnailUrl":"https:\/\/heshimardc.net\/v1\/wp-content\/uploads\/2021\/08\/unnamed-25.jpg","datePublished":"2021-08-23T07:02:12+00:00","dateModified":"2021-08-23T07:02:15+00:00","description":"C\u2019est dans un contexte particuli\u00e8rement difficile de la pand\u00e9mie \u00e0 coronavirus que Sama Lukonde Kyenge prend les manettes de commande le 26 avril 2021. L\u2019\u00e9tat de si\u00e8ge est d\u00e9cr\u00e9t\u00e9 d\u00e9but mai, soit moins d\u2019une semaine apr\u00e8s l\u2019investiture de son Gouvernement. Comme si cela ne suffisait pas, le 22 du m\u00eame mois, Nyiragongo entre en \u00e9ruption. Tout pour perturber le programme.","breadcrumb":{"@id":"https:\/\/heshimardc.net\/v1\/2021\/08\/23\/100-jours-du-gouvernement-sama-lukonde-les-bons-chiffres-aux-cotes-des-attentes-colossales\/#breadcrumb"},"inLanguage":"fr-FR","potentialAction":[{"@type":"ReadAction","target":["https:\/\/heshimardc.net\/v1\/2021\/08\/23\/100-jours-du-gouvernement-sama-lukonde-les-bons-chiffres-aux-cotes-des-attentes-colossales\/"]}]},{"@type":"ImageObject","inLanguage":"fr-FR","@id":"https:\/\/heshimardc.net\/v1\/2021\/08\/23\/100-jours-du-gouvernement-sama-lukonde-les-bons-chiffres-aux-cotes-des-attentes-colossales\/#primaryimage","url":"https:\/\/heshimardc.net\/v1\/wp-content\/uploads\/2021\/08\/unnamed-25.jpg","contentUrl":"https:\/\/heshimardc.net\/v1\/wp-content\/uploads\/2021\/08\/unnamed-25.jpg","width":512,"height":340},{"@type":"BreadcrumbList","@id":"https:\/\/heshimardc.net\/v1\/2021\/08\/23\/100-jours-du-gouvernement-sama-lukonde-les-bons-chiffres-aux-cotes-des-attentes-colossales\/#breadcrumb","itemListElement":[{"@type":"ListItem","position":1,"name":"Accueil","item":"https:\/\/heshimardc.net\/v1\/"},{"@type":"ListItem","position":2,"name":"100 JOURS DU GOUVERNEMENT Sama Lukonde : les bons chiffres aux c\u00f4t\u00e9s des attentes colossales\u2026"}]},{"@type":"WebSite","@id":"https:\/\/heshimardc.net\/v1\/#website","url":"https:\/\/heshimardc.net\/v1\/","name":"HESHIMA MAGAZINE","description":"Le magazine Congolais qui bat au rythme de l&#039;actualit\u00e9","publisher":{"@id":"https:\/\/heshimardc.net\/v1\/#organization"},"potentialAction":[{"@type":"SearchAction","target":{"@type":"EntryPoint","urlTemplate":"https:\/\/heshimardc.net\/v1\/?s={search_term_string}"},"query-input":"required name=search_term_string"}],"inLanguage":"fr-FR"},{"@type":"Organization","@id":"https:\/\/heshimardc.net\/v1\/#organization","name":"HESHIMA MAGAZINE","url":"https:\/\/heshimardc.net\/v1\/","logo":{"@type":"ImageObject","inLanguage":"fr-FR","@id":"https:\/\/heshimardc.net\/v1\/#\/schema\/logo\/image\/","url":"https:\/\/heshimardc.net\/v1\/wp-content\/uploads\/2020\/09\/logo.png","contentUrl":"https:\/\/heshimardc.net\/v1\/wp-content\/uploads\/2020\/09\/logo.png","width":99,"height":130,"caption":"HESHIMA MAGAZINE"},"image":{"@id":"https:\/\/heshimardc.net\/v1\/#\/schema\/logo\/image\/"},"sameAs":["https:\/\/www.facebook.com\/heshimamagazine","https:\/\/x.com\/HeshimaMag"]},{"@type":"Person","@id":"https:\/\/heshimardc.net\/v1\/#\/schema\/person\/c74a2d47650131f158dc4a027547a532","name":"RedactionH","image":{"@type":"ImageObject","inLanguage":"fr-FR","@id":"https:\/\/heshimardc.net\/v1\/#\/schema\/person\/image\/","url":"https:\/\/secure.gravatar.com\/avatar\/a52112f8496f362a38bf46c70ca9e956?s=96&d=mm&r=g","contentUrl":"https:\/\/secure.gravatar.com\/avatar\/a52112f8496f362a38bf46c70ca9e956?s=96&d=mm&r=g","caption":"RedactionH"},"sameAs":["http:\/\/www.heshimardc.net"],"url":"https:\/\/heshimardc.net\/v1\/author\/redactionh\/"}]}},"amp_enabled":true,"_links":{"self":[{"href":"https:\/\/heshimardc.net\/v1\/wp-json\/wp\/v2\/posts\/1896"}],"collection":[{"href":"https:\/\/heshimardc.net\/v1\/wp-json\/wp\/v2\/posts"}],"about":[{"href":"https:\/\/heshimardc.net\/v1\/wp-json\/wp\/v2\/types\/post"}],"author":[{"embeddable":true,"href":"https:\/\/heshimardc.net\/v1\/wp-json\/wp\/v2\/users\/2"}],"replies":[{"embeddable":true,"href":"https:\/\/heshimardc.net\/v1\/wp-json\/wp\/v2\/comments?post=1896"}],"version-history":[{"count":2,"href":"https:\/\/heshimardc.net\/v1\/wp-json\/wp\/v2\/posts\/1896\/revisions"}],"predecessor-version":[{"id":1925,"href":"https:\/\/heshimardc.net\/v1\/wp-json\/wp\/v2\/posts\/1896\/revisions\/1925"}],"wp:featuredmedia":[{"embeddable":true,"href":"https:\/\/heshimardc.net\/v1\/wp-json\/wp\/v2\/media\/1899"}],"wp:attachment":[{"href":"https:\/\/heshimardc.net\/v1\/wp-json\/wp\/v2\/media?parent=1896"}],"wp:term":[{"taxonomy":"category","embeddable":true,"href":"https:\/\/heshimardc.net\/v1\/wp-json\/wp\/v2\/categories?post=1896"},{"taxonomy":"post_tag","embeddable":true,"href":"https:\/\/heshimardc.net\/v1\/wp-json\/wp\/v2\/tags?post=1896"}],"curies":[{"name":"wp","href":"https:\/\/api.w.org\/{rel}","templated":true}]}}