{"id":1945,"date":"2021-08-30T09:04:28","date_gmt":"2021-08-30T09:04:28","guid":{"rendered":"https:\/\/heshimardc.net\/v1\/?p=1945"},"modified":"2021-08-30T09:04:31","modified_gmt":"2021-08-30T09:04:31","slug":"legalite-devant-la-loi-un-voeu-pieux","status":"publish","type":"post","link":"https:\/\/heshimardc.net\/v1\/2021\/08\/30\/legalite-devant-la-loi-un-voeu-pieux\/","title":{"rendered":"L\u2019EGALITE DEVANT LA LOI : UN VOEU PIEUX ?"},"content":{"rendered":"\n<p class=\"has-drop-cap\">Aussi bien \u00e0 travers le monde qu\u2019en R\u00e9publique d\u00e9mocratique du Congo, le terme \u00ab \u00e9galit\u00e9 \u00bb est repris dans plusieurs lois. En commen\u00e7ant par la loi fondamentale, la constitution du 18 f\u00e9vrier 2006. Ce plus grand instrument juridique du pays \u00e9voque le principe d\u2019\u00e9galit\u00e9 de droits, de chance et m\u00eame de sexe. Il existe m\u00eame une loi organique, la loi du 1er ao\u00fbt 2015 relative aux modalit\u00e9s d\u2019application des droits de la femme et de la parit\u00e9.<\/p>\n\n\n\n<p>&nbsp;Le pays a ratifi\u00e9, en amont, toute une batterie d\u2019instruments juridiques internationaux pour asseoir sa l\u00e9gislation interne, notamment la D\u00e9claration universelle des droits de l\u2019homme. Mais force est de constater que cette \u00e9galit\u00e9 voulue sur papier ne fait toujours pas le quotidien des Congolais. Encore moins d\u2019autres citoyens du monde dans plusieurs pays, pour la grande majorit\u00e9.<\/p>\n\n\n\n<p>En RDC, par exemple, la parit\u00e9 voulue par le constituant n\u2019a jamais \u00e9t\u00e9 respect\u00e9e en r\u00e9alit\u00e9. Dans plusieurs postes de responsabilit\u00e9, l\u2019autorit\u00e9 ayant comp\u00e9tence de nomination devait observer cet \u00e9tat de chose.<\/p>\n\n\n\n<p>Ce qui ne se fait toujours pas, poussant de femmes \u00e0 r\u00e9clamer, apr\u00e8s chaque nomination. M\u00eame le quota de 30 % voulu obligatoire au sein du gouvernement n\u2019est jamais atteint depuis l\u2019instauration dudit quota. Seul, le gouvernement Sama Lukonde l\u2019a fr\u00f4l\u00e9 en faisant 27 % de pr\u00e9sence f\u00e9minine au sein de l\u2019\u00e9quipe gouvernementale.<\/p>\n\n\n\n<p>&nbsp;Cette loi a pourtant eu pour but la promotion de l\u2019\u00e9quit\u00e9 de genre et de l\u2019\u00e9galit\u00e9 des droits, de chances et de sexes, dans toute la vie nationale, notamment la participation \u00e9quitable de la femme et de l\u2019homme dans la gestion des affaires de l\u2019Etat. Un v\u0153u qui reste pieux depuis 2015 ann\u00e9e de la promulgation de la loi jusqu\u2019\u00e0 ce jour.<\/p>\n\n\n\n<p class=\"has-text-color has-medium-font-size\" style=\"color:#0087c1\"><strong>Face \u00e0 la justice\u2026<\/strong><\/p>\n\n\n\n<p>&nbsp;L\u2019\u00e9galit\u00e9 devant la loi ou l\u2019\u00e9galit\u00e9 en droit est le principe selon lequel tout \u00eatre humain doit \u00eatre trait\u00e9 de la m\u00eame fa\u00e7on par la loi. Ce qui rel\u00e8ve du principe d\u2019isonomie. Autrement dit, aucun individu ou groupe d\u2019individus ne doit donc avoir de privil\u00e8ges garantis par la loi. En effet, tous les textes de constitutionnalit\u00e9&nbsp;s\u2019accordent sur le fait que tous les citoyens sont \u00e9gaux en droits. Ainsi, aucune distinction non fond\u00e9e ne peut avoir lieu et ce, particuli\u00e8rement, devant la loi et la justice. Cependant, certaines particularit\u00e9s d\u2019ordres pratique et social compromettent ce principe d\u2019\u00e9galit\u00e9. Des exemples sont l\u00e9gions !<\/p>\n\n\n\n<p>A Kinshasa, un slogan en lingala est devenu culte : \u00ab Ba sambaka na mutu ya mbongo t\u00e9 \u00bb, (on ne va pas en proc\u00e8s contre un riche). Cette phrase, \u00e0 elle seule, passe pour un symbole de l\u2019in\u00e9galit\u00e9 (en pratique) devant la justice. Ou encore, cette autre phrase chant\u00e9e par l\u2019artiste Koffi Olomid\u00e9 : \u00ab Mwana mokonzi akotaka boloko t\u00e9 \u00bb, (le fils d\u2019un chef ne fait pas de prison. Ces \u00e9nonc\u00e9s constituent un reflet de l\u2019in\u00e9galit\u00e9 de la soci\u00e9t\u00e9 face \u00e0 la loi ou \u00e0 la justice. Quand bien m\u00eame, sur papier, les textes peuvent \u00e9voquer cette pseudo \u00e9galit\u00e9.<\/p>\n\n\n\n<p class=\"has-text-color has-medium-font-size\" style=\"color:#0086bf\"><strong>&nbsp;Ailleurs, on n\u2019y \u00e9chappe\u2026<\/strong><\/p>\n\n\n\n<p>Au-del\u00e0 des fronti\u00e8res africaines, ailleurs, on n\u2019y \u00e9chappe pas ! M\u00eame si, outre-m\u00e9diterran\u00e9e, la situation est moins dramatique que dans des&nbsp;pays en voie de d\u00e9veloppement. En France, par exemple, les cas des in\u00e9galit\u00e9s face \u00e0 la loi sont aussi observables. Devant une affaire d\u2019injustice, plusieurs Fran\u00e7ais n\u2019h\u00e9sitent \u00e0 remettre en doute la capacit\u00e9 de l\u2019Etat \u00e0 \u00eatre en phase avec la devise qu\u2019ils lisent devant les frontons de leurs institutions : \u00ab Libert\u00e9, \u00e9galit\u00e9, fraternit\u00e9 \u00bb.<\/p>\n\n\n\n<div class=\"wp-block-image\"><figure class=\"aligncenter size-large\"><img loading=\"lazy\" decoding=\"async\" width=\"657\" height=\"244\" src=\"https:\/\/heshimardc.net\/v1\/wp-content\/uploads\/2021\/08\/Snapshot_533.jpeg\" alt=\"\" class=\"wp-image-1946\" srcset=\"https:\/\/heshimardc.net\/v1\/wp-content\/uploads\/2021\/08\/Snapshot_533.jpeg 657w, https:\/\/heshimardc.net\/v1\/wp-content\/uploads\/2021\/08\/Snapshot_533-300x111.jpeg 300w, https:\/\/heshimardc.net\/v1\/wp-content\/uploads\/2021\/08\/Snapshot_533-16x6.jpeg 16w\" sizes=\"(max-width: 657px) 100vw, 657px\" \/><\/figure><\/div>\n\n\n\n<p>On pourra penser \u00e0 l\u2019affaire Polanski, ce r\u00e9alisateur franco-polonais, accus\u00e9 de viol sur une fille de 13 ans en 1977 mais dont l\u2019affaire a ressurgi en 2009. Et des artistes, n\u00e9o-philosophes, et surtout deux ministres dont celui de la Culture de l\u2019\u00e9poque, Fr\u00e9d\u00e9ric Mitterrand, sont venus en reflexe au secours du cin\u00e9aste devenu francoam\u00e9ricain au seul pr\u00e9texte qu\u2019il est un grand artiste.<\/p>\n\n\n\n<p>&nbsp;&nbsp;Et qu\u2019il ne rel\u00e8verait pas du droit commun du p\u00e9dophile, que la justice passe son chemin.<\/p>\n\n\n\n<p>Et la justice fran\u00e7aise a eu toute la peine pour arr\u00eater le cin\u00e9aste, encore moins pour poursuivre cette affaire o\u00f9 la victime a rappel\u00e9 qu\u2019elle avait \u00e9t\u00e9 drogu\u00e9e et sodomis\u00e9e \u00e0 13 ans et demi. L\u2019opinion fran\u00e7aise a eu la vague impression que la justice n\u2019est pas arriv\u00e9e \u00e0 bout de Roman Polanski \u00e0 cause de sa carrure, r\u00e9alisateur talentueux de grand renom qu\u2019il fallait prot\u00e9ger !<\/p>\n\n\n\n<p class=\"has-text-color has-medium-font-size\" style=\"color:#026f9e\"><strong>&nbsp;Egalit\u00e9, juste id\u00e9aliste ?<\/strong><\/p>\n\n\n\n<p>Face aux r\u00e9alit\u00e9s des in\u00e9galit\u00e9s quotidiennes, l\u2019\u00e9galit\u00e9 devant la loi devrait-elle \u00eatre consid\u00e9r\u00e9e comme juste id\u00e9aliste ? L\u2019on est tent\u00e9 d\u2019y croire, tant que les hommes ne seront pas&nbsp;&nbsp;mat\u00e9riellement \u00e9gaux. Pour l\u2019\u00e9conomiste et philosophe autrichien Friedrich Hayek, l\u2019\u00e9galit\u00e9 mat\u00e9rielle et l\u2019\u00e9galit\u00e9 en droit sont incompatibles. Or, l\u2019\u00e9galit\u00e9 mat\u00e9rielle est difficile \u00e0 obtenir, car l\u2019in\u00e9galit\u00e9 des conditions mat\u00e9rielles est une cons\u00e9quence directe de l\u2019\u00e9galit\u00e9 devant la loi, en raison \u00ab des aptitudes diff\u00e9rentes \u00bb des individus.<\/p>\n\n\n\n<p>Donc, \u00e0 bien d\u2019\u00e9gards, l\u2019\u00e9galit\u00e9 devant la loi reste, \u00e0 ces jours, un v\u0153u pieu. Tant que des disparit\u00e9s subsisteront dans la soci\u00e9t\u00e9 et qu\u2019il n\u2019y aura pas des mesures contraignantes pour faire plier tout le monde devant la loi, ce foss\u00e9 subsistera.<\/p>\n\n\n\n<p>Dido NSAPU<\/p>\n","protected":false},"excerpt":{"rendered":"<p>L\u2019\u00e9galit\u00e9 devant la loi ou l\u2019\u00e9galit\u00e9 en droit est le principe selon lequel tout \u00eatre humain doit \u00eatre trait\u00e9 de la m\u00eame fa\u00e7on par la loi. Cette d\u00e9finition, nantie des bonnes intentions, tient-elle le coup face au poids de la r\u00e9alit\u00e9 quotidienne ? Analyse. <\/p>\n","protected":false},"author":2,"featured_media":1947,"comment_status":"closed","ping_status":"closed","sticky":false,"template":"","format":"standard","meta":{"footnotes":""},"categories":[172],"tags":[234],"class_list":["post-1945","post","type-post","status-publish","format-standard","has-post-thumbnail","hentry","category-international","tag-loi"],"yoast_head":"<!-- This site is optimized with the Yoast SEO plugin v23.3 - https:\/\/yoast.com\/wordpress\/plugins\/seo\/ -->\n<title>L\u2019EGALITE DEVANT LA LOI : UN VOEU PIEUX ? - HESHIMA MAGAZINE<\/title>\n<meta name=\"description\" content=\"Aussi bien \u00e0 travers le monde qu\u2019en R\u00e9publique d\u00e9mocratique du Congo, le terme \u00ab \u00e9galit\u00e9 \u00bb est repris dans plusieurs lois. En commen\u00e7ant par la loi fondamentale, la constitution du 18 f\u00e9vrier 2006. Ce plus grand instrument juridique du pays \u00e9voque le principe d\u2019\u00e9galit\u00e9 de droits, de chance et m\u00eame de sexe. Il existe m\u00eame une loi organique, la loi du 1er ao\u00fbt 2015 relative aux modalit\u00e9s d\u2019application des droits de la femme et de la parit\u00e9.\" \/>\n<meta name=\"robots\" content=\"index, follow, max-snippet:-1, max-image-preview:large, max-video-preview:-1\" \/>\n<link rel=\"canonical\" href=\"https:\/\/heshimardc.net\/v1\/2021\/08\/30\/legalite-devant-la-loi-un-voeu-pieux\/\" \/>\n<meta property=\"og:locale\" content=\"fr_FR\" \/>\n<meta property=\"og:type\" content=\"article\" \/>\n<meta property=\"og:title\" content=\"L\u2019EGALITE DEVANT LA LOI : UN VOEU PIEUX ? - HESHIMA MAGAZINE\" \/>\n<meta property=\"og:description\" content=\"Aussi bien \u00e0 travers le monde qu\u2019en R\u00e9publique d\u00e9mocratique du Congo, le terme \u00ab \u00e9galit\u00e9 \u00bb est repris dans plusieurs lois. En commen\u00e7ant par la loi fondamentale, la constitution du 18 f\u00e9vrier 2006. Ce plus grand instrument juridique du pays \u00e9voque le principe d\u2019\u00e9galit\u00e9 de droits, de chance et m\u00eame de sexe. Il existe m\u00eame une loi organique, la loi du 1er ao\u00fbt 2015 relative aux modalit\u00e9s d\u2019application des droits de la femme et de la parit\u00e9.\" \/>\n<meta property=\"og:url\" content=\"https:\/\/heshimardc.net\/v1\/2021\/08\/30\/legalite-devant-la-loi-un-voeu-pieux\/\" \/>\n<meta property=\"og:site_name\" content=\"HESHIMA MAGAZINE\" \/>\n<meta property=\"article:publisher\" content=\"https:\/\/www.facebook.com\/heshimamagazine\" \/>\n<meta property=\"article:published_time\" content=\"2021-08-30T09:04:28+00:00\" \/>\n<meta property=\"article:modified_time\" content=\"2021-08-30T09:04:31+00:00\" \/>\n<meta property=\"og:image\" content=\"https:\/\/heshimardc.net\/v1\/wp-content\/uploads\/2021\/08\/Snapshot_532.jpeg\" \/>\n\t<meta property=\"og:image:width\" content=\"657\" \/>\n\t<meta property=\"og:image:height\" content=\"303\" \/>\n\t<meta property=\"og:image:type\" content=\"image\/jpeg\" \/>\n<meta name=\"author\" content=\"RedactionH\" \/>\n<meta name=\"twitter:card\" content=\"summary_large_image\" \/>\n<meta name=\"twitter:creator\" content=\"@HeshimaMag\" \/>\n<meta name=\"twitter:site\" content=\"@HeshimaMag\" \/>\n<meta name=\"twitter:label1\" content=\"\u00c9crit par\" \/>\n\t<meta name=\"twitter:data1\" content=\"RedactionH\" \/>\n\t<meta name=\"twitter:label2\" content=\"Dur\u00e9e de lecture estim\u00e9e\" \/>\n\t<meta name=\"twitter:data2\" content=\"4 minutes\" \/>\n<script type=\"application\/ld+json\" class=\"yoast-schema-graph\">{\"@context\":\"https:\/\/schema.org\",\"@graph\":[{\"@type\":\"Article\",\"@id\":\"https:\/\/heshimardc.net\/v1\/2021\/08\/30\/legalite-devant-la-loi-un-voeu-pieux\/#article\",\"isPartOf\":{\"@id\":\"https:\/\/heshimardc.net\/v1\/2021\/08\/30\/legalite-devant-la-loi-un-voeu-pieux\/\"},\"author\":{\"name\":\"RedactionH\",\"@id\":\"https:\/\/heshimardc.net\/v1\/#\/schema\/person\/c74a2d47650131f158dc4a027547a532\"},\"headline\":\"L\u2019EGALITE DEVANT LA LOI : UN VOEU PIEUX ?\",\"datePublished\":\"2021-08-30T09:04:28+00:00\",\"dateModified\":\"2021-08-30T09:04:31+00:00\",\"mainEntityOfPage\":{\"@id\":\"https:\/\/heshimardc.net\/v1\/2021\/08\/30\/legalite-devant-la-loi-un-voeu-pieux\/\"},\"wordCount\":948,\"publisher\":{\"@id\":\"https:\/\/heshimardc.net\/v1\/#organization\"},\"image\":{\"@id\":\"https:\/\/heshimardc.net\/v1\/2021\/08\/30\/legalite-devant-la-loi-un-voeu-pieux\/#primaryimage\"},\"thumbnailUrl\":\"https:\/\/heshimardc.net\/v1\/wp-content\/uploads\/2021\/08\/Snapshot_532.jpeg\",\"keywords\":[\"Loi\"],\"articleSection\":[\"International\"],\"inLanguage\":\"fr-FR\"},{\"@type\":\"WebPage\",\"@id\":\"https:\/\/heshimardc.net\/v1\/2021\/08\/30\/legalite-devant-la-loi-un-voeu-pieux\/\",\"url\":\"https:\/\/heshimardc.net\/v1\/2021\/08\/30\/legalite-devant-la-loi-un-voeu-pieux\/\",\"name\":\"L\u2019EGALITE DEVANT LA LOI : UN VOEU PIEUX ? - HESHIMA MAGAZINE\",\"isPartOf\":{\"@id\":\"https:\/\/heshimardc.net\/v1\/#website\"},\"primaryImageOfPage\":{\"@id\":\"https:\/\/heshimardc.net\/v1\/2021\/08\/30\/legalite-devant-la-loi-un-voeu-pieux\/#primaryimage\"},\"image\":{\"@id\":\"https:\/\/heshimardc.net\/v1\/2021\/08\/30\/legalite-devant-la-loi-un-voeu-pieux\/#primaryimage\"},\"thumbnailUrl\":\"https:\/\/heshimardc.net\/v1\/wp-content\/uploads\/2021\/08\/Snapshot_532.jpeg\",\"datePublished\":\"2021-08-30T09:04:28+00:00\",\"dateModified\":\"2021-08-30T09:04:31+00:00\",\"description\":\"Aussi bien \u00e0 travers le monde qu\u2019en R\u00e9publique d\u00e9mocratique du Congo, le terme \u00ab \u00e9galit\u00e9 \u00bb est repris dans plusieurs lois. En commen\u00e7ant par la loi fondamentale, la constitution du 18 f\u00e9vrier 2006. Ce plus grand instrument juridique du pays \u00e9voque le principe d\u2019\u00e9galit\u00e9 de droits, de chance et m\u00eame de sexe. Il existe m\u00eame une loi organique, la loi du 1er ao\u00fbt 2015 relative aux modalit\u00e9s d\u2019application des droits de la femme et de la parit\u00e9.\",\"breadcrumb\":{\"@id\":\"https:\/\/heshimardc.net\/v1\/2021\/08\/30\/legalite-devant-la-loi-un-voeu-pieux\/#breadcrumb\"},\"inLanguage\":\"fr-FR\",\"potentialAction\":[{\"@type\":\"ReadAction\",\"target\":[\"https:\/\/heshimardc.net\/v1\/2021\/08\/30\/legalite-devant-la-loi-un-voeu-pieux\/\"]}]},{\"@type\":\"ImageObject\",\"inLanguage\":\"fr-FR\",\"@id\":\"https:\/\/heshimardc.net\/v1\/2021\/08\/30\/legalite-devant-la-loi-un-voeu-pieux\/#primaryimage\",\"url\":\"https:\/\/heshimardc.net\/v1\/wp-content\/uploads\/2021\/08\/Snapshot_532.jpeg\",\"contentUrl\":\"https:\/\/heshimardc.net\/v1\/wp-content\/uploads\/2021\/08\/Snapshot_532.jpeg\",\"width\":657,\"height\":303},{\"@type\":\"BreadcrumbList\",\"@id\":\"https:\/\/heshimardc.net\/v1\/2021\/08\/30\/legalite-devant-la-loi-un-voeu-pieux\/#breadcrumb\",\"itemListElement\":[{\"@type\":\"ListItem\",\"position\":1,\"name\":\"Accueil\",\"item\":\"https:\/\/heshimardc.net\/v1\/\"},{\"@type\":\"ListItem\",\"position\":2,\"name\":\"L\u2019EGALITE DEVANT LA LOI : UN VOEU PIEUX ?\"}]},{\"@type\":\"WebSite\",\"@id\":\"https:\/\/heshimardc.net\/v1\/#website\",\"url\":\"https:\/\/heshimardc.net\/v1\/\",\"name\":\"HESHIMA MAGAZINE\",\"description\":\"Le magazine Congolais qui bat au rythme de l&#039;actualit\u00e9\",\"publisher\":{\"@id\":\"https:\/\/heshimardc.net\/v1\/#organization\"},\"potentialAction\":[{\"@type\":\"SearchAction\",\"target\":{\"@type\":\"EntryPoint\",\"urlTemplate\":\"https:\/\/heshimardc.net\/v1\/?s={search_term_string}\"},\"query-input\":\"required name=search_term_string\"}],\"inLanguage\":\"fr-FR\"},{\"@type\":\"Organization\",\"@id\":\"https:\/\/heshimardc.net\/v1\/#organization\",\"name\":\"HESHIMA MAGAZINE\",\"url\":\"https:\/\/heshimardc.net\/v1\/\",\"logo\":{\"@type\":\"ImageObject\",\"inLanguage\":\"fr-FR\",\"@id\":\"https:\/\/heshimardc.net\/v1\/#\/schema\/logo\/image\/\",\"url\":\"https:\/\/heshimardc.net\/v1\/wp-content\/uploads\/2020\/09\/logo.png\",\"contentUrl\":\"https:\/\/heshimardc.net\/v1\/wp-content\/uploads\/2020\/09\/logo.png\",\"width\":99,\"height\":130,\"caption\":\"HESHIMA MAGAZINE\"},\"image\":{\"@id\":\"https:\/\/heshimardc.net\/v1\/#\/schema\/logo\/image\/\"},\"sameAs\":[\"https:\/\/www.facebook.com\/heshimamagazine\",\"https:\/\/x.com\/HeshimaMag\"]},{\"@type\":\"Person\",\"@id\":\"https:\/\/heshimardc.net\/v1\/#\/schema\/person\/c74a2d47650131f158dc4a027547a532\",\"name\":\"RedactionH\",\"image\":{\"@type\":\"ImageObject\",\"inLanguage\":\"fr-FR\",\"@id\":\"https:\/\/heshimardc.net\/v1\/#\/schema\/person\/image\/\",\"url\":\"https:\/\/secure.gravatar.com\/avatar\/a52112f8496f362a38bf46c70ca9e956?s=96&d=mm&r=g\",\"contentUrl\":\"https:\/\/secure.gravatar.com\/avatar\/a52112f8496f362a38bf46c70ca9e956?s=96&d=mm&r=g\",\"caption\":\"RedactionH\"},\"sameAs\":[\"http:\/\/www.heshimardc.net\"],\"url\":\"https:\/\/heshimardc.net\/v1\/author\/redactionh\/\"}]}<\/script>\n<!-- \/ Yoast SEO plugin. -->","yoast_head_json":{"title":"L\u2019EGALITE DEVANT LA LOI : UN VOEU PIEUX ? - HESHIMA MAGAZINE","description":"Aussi bien \u00e0 travers le monde qu\u2019en R\u00e9publique d\u00e9mocratique du Congo, le terme \u00ab \u00e9galit\u00e9 \u00bb est repris dans plusieurs lois. En commen\u00e7ant par la loi fondamentale, la constitution du 18 f\u00e9vrier 2006. Ce plus grand instrument juridique du pays \u00e9voque le principe d\u2019\u00e9galit\u00e9 de droits, de chance et m\u00eame de sexe. Il existe m\u00eame une loi organique, la loi du 1er ao\u00fbt 2015 relative aux modalit\u00e9s d\u2019application des droits de la femme et de la parit\u00e9.","robots":{"index":"index","follow":"follow","max-snippet":"max-snippet:-1","max-image-preview":"max-image-preview:large","max-video-preview":"max-video-preview:-1"},"canonical":"https:\/\/heshimardc.net\/v1\/2021\/08\/30\/legalite-devant-la-loi-un-voeu-pieux\/","og_locale":"fr_FR","og_type":"article","og_title":"L\u2019EGALITE DEVANT LA LOI : UN VOEU PIEUX ? - HESHIMA MAGAZINE","og_description":"Aussi bien \u00e0 travers le monde qu\u2019en R\u00e9publique d\u00e9mocratique du Congo, le terme \u00ab \u00e9galit\u00e9 \u00bb est repris dans plusieurs lois. En commen\u00e7ant par la loi fondamentale, la constitution du 18 f\u00e9vrier 2006. Ce plus grand instrument juridique du pays \u00e9voque le principe d\u2019\u00e9galit\u00e9 de droits, de chance et m\u00eame de sexe. Il existe m\u00eame une loi organique, la loi du 1er ao\u00fbt 2015 relative aux modalit\u00e9s d\u2019application des droits de la femme et de la parit\u00e9.","og_url":"https:\/\/heshimardc.net\/v1\/2021\/08\/30\/legalite-devant-la-loi-un-voeu-pieux\/","og_site_name":"HESHIMA MAGAZINE","article_publisher":"https:\/\/www.facebook.com\/heshimamagazine","article_published_time":"2021-08-30T09:04:28+00:00","article_modified_time":"2021-08-30T09:04:31+00:00","og_image":[{"width":657,"height":303,"url":"https:\/\/heshimardc.net\/v1\/wp-content\/uploads\/2021\/08\/Snapshot_532.jpeg","type":"image\/jpeg"}],"author":"RedactionH","twitter_card":"summary_large_image","twitter_creator":"@HeshimaMag","twitter_site":"@HeshimaMag","twitter_misc":{"\u00c9crit par":"RedactionH","Dur\u00e9e de lecture estim\u00e9e":"4 minutes"},"schema":{"@context":"https:\/\/schema.org","@graph":[{"@type":"Article","@id":"https:\/\/heshimardc.net\/v1\/2021\/08\/30\/legalite-devant-la-loi-un-voeu-pieux\/#article","isPartOf":{"@id":"https:\/\/heshimardc.net\/v1\/2021\/08\/30\/legalite-devant-la-loi-un-voeu-pieux\/"},"author":{"name":"RedactionH","@id":"https:\/\/heshimardc.net\/v1\/#\/schema\/person\/c74a2d47650131f158dc4a027547a532"},"headline":"L\u2019EGALITE DEVANT LA LOI : UN VOEU PIEUX ?","datePublished":"2021-08-30T09:04:28+00:00","dateModified":"2021-08-30T09:04:31+00:00","mainEntityOfPage":{"@id":"https:\/\/heshimardc.net\/v1\/2021\/08\/30\/legalite-devant-la-loi-un-voeu-pieux\/"},"wordCount":948,"publisher":{"@id":"https:\/\/heshimardc.net\/v1\/#organization"},"image":{"@id":"https:\/\/heshimardc.net\/v1\/2021\/08\/30\/legalite-devant-la-loi-un-voeu-pieux\/#primaryimage"},"thumbnailUrl":"https:\/\/heshimardc.net\/v1\/wp-content\/uploads\/2021\/08\/Snapshot_532.jpeg","keywords":["Loi"],"articleSection":["International"],"inLanguage":"fr-FR"},{"@type":"WebPage","@id":"https:\/\/heshimardc.net\/v1\/2021\/08\/30\/legalite-devant-la-loi-un-voeu-pieux\/","url":"https:\/\/heshimardc.net\/v1\/2021\/08\/30\/legalite-devant-la-loi-un-voeu-pieux\/","name":"L\u2019EGALITE DEVANT LA LOI : UN VOEU PIEUX ? - HESHIMA MAGAZINE","isPartOf":{"@id":"https:\/\/heshimardc.net\/v1\/#website"},"primaryImageOfPage":{"@id":"https:\/\/heshimardc.net\/v1\/2021\/08\/30\/legalite-devant-la-loi-un-voeu-pieux\/#primaryimage"},"image":{"@id":"https:\/\/heshimardc.net\/v1\/2021\/08\/30\/legalite-devant-la-loi-un-voeu-pieux\/#primaryimage"},"thumbnailUrl":"https:\/\/heshimardc.net\/v1\/wp-content\/uploads\/2021\/08\/Snapshot_532.jpeg","datePublished":"2021-08-30T09:04:28+00:00","dateModified":"2021-08-30T09:04:31+00:00","description":"Aussi bien \u00e0 travers le monde qu\u2019en R\u00e9publique d\u00e9mocratique du Congo, le terme \u00ab \u00e9galit\u00e9 \u00bb est repris dans plusieurs lois. En commen\u00e7ant par la loi fondamentale, la constitution du 18 f\u00e9vrier 2006. Ce plus grand instrument juridique du pays \u00e9voque le principe d\u2019\u00e9galit\u00e9 de droits, de chance et m\u00eame de sexe. Il existe m\u00eame une loi organique, la loi du 1er ao\u00fbt 2015 relative aux modalit\u00e9s d\u2019application des droits de la femme et de la parit\u00e9.","breadcrumb":{"@id":"https:\/\/heshimardc.net\/v1\/2021\/08\/30\/legalite-devant-la-loi-un-voeu-pieux\/#breadcrumb"},"inLanguage":"fr-FR","potentialAction":[{"@type":"ReadAction","target":["https:\/\/heshimardc.net\/v1\/2021\/08\/30\/legalite-devant-la-loi-un-voeu-pieux\/"]}]},{"@type":"ImageObject","inLanguage":"fr-FR","@id":"https:\/\/heshimardc.net\/v1\/2021\/08\/30\/legalite-devant-la-loi-un-voeu-pieux\/#primaryimage","url":"https:\/\/heshimardc.net\/v1\/wp-content\/uploads\/2021\/08\/Snapshot_532.jpeg","contentUrl":"https:\/\/heshimardc.net\/v1\/wp-content\/uploads\/2021\/08\/Snapshot_532.jpeg","width":657,"height":303},{"@type":"BreadcrumbList","@id":"https:\/\/heshimardc.net\/v1\/2021\/08\/30\/legalite-devant-la-loi-un-voeu-pieux\/#breadcrumb","itemListElement":[{"@type":"ListItem","position":1,"name":"Accueil","item":"https:\/\/heshimardc.net\/v1\/"},{"@type":"ListItem","position":2,"name":"L\u2019EGALITE DEVANT LA LOI : UN VOEU PIEUX ?"}]},{"@type":"WebSite","@id":"https:\/\/heshimardc.net\/v1\/#website","url":"https:\/\/heshimardc.net\/v1\/","name":"HESHIMA MAGAZINE","description":"Le magazine Congolais qui bat au rythme de l&#039;actualit\u00e9","publisher":{"@id":"https:\/\/heshimardc.net\/v1\/#organization"},"potentialAction":[{"@type":"SearchAction","target":{"@type":"EntryPoint","urlTemplate":"https:\/\/heshimardc.net\/v1\/?s={search_term_string}"},"query-input":"required name=search_term_string"}],"inLanguage":"fr-FR"},{"@type":"Organization","@id":"https:\/\/heshimardc.net\/v1\/#organization","name":"HESHIMA MAGAZINE","url":"https:\/\/heshimardc.net\/v1\/","logo":{"@type":"ImageObject","inLanguage":"fr-FR","@id":"https:\/\/heshimardc.net\/v1\/#\/schema\/logo\/image\/","url":"https:\/\/heshimardc.net\/v1\/wp-content\/uploads\/2020\/09\/logo.png","contentUrl":"https:\/\/heshimardc.net\/v1\/wp-content\/uploads\/2020\/09\/logo.png","width":99,"height":130,"caption":"HESHIMA MAGAZINE"},"image":{"@id":"https:\/\/heshimardc.net\/v1\/#\/schema\/logo\/image\/"},"sameAs":["https:\/\/www.facebook.com\/heshimamagazine","https:\/\/x.com\/HeshimaMag"]},{"@type":"Person","@id":"https:\/\/heshimardc.net\/v1\/#\/schema\/person\/c74a2d47650131f158dc4a027547a532","name":"RedactionH","image":{"@type":"ImageObject","inLanguage":"fr-FR","@id":"https:\/\/heshimardc.net\/v1\/#\/schema\/person\/image\/","url":"https:\/\/secure.gravatar.com\/avatar\/a52112f8496f362a38bf46c70ca9e956?s=96&d=mm&r=g","contentUrl":"https:\/\/secure.gravatar.com\/avatar\/a52112f8496f362a38bf46c70ca9e956?s=96&d=mm&r=g","caption":"RedactionH"},"sameAs":["http:\/\/www.heshimardc.net"],"url":"https:\/\/heshimardc.net\/v1\/author\/redactionh\/"}]}},"amp_enabled":true,"_links":{"self":[{"href":"https:\/\/heshimardc.net\/v1\/wp-json\/wp\/v2\/posts\/1945"}],"collection":[{"href":"https:\/\/heshimardc.net\/v1\/wp-json\/wp\/v2\/posts"}],"about":[{"href":"https:\/\/heshimardc.net\/v1\/wp-json\/wp\/v2\/types\/post"}],"author":[{"embeddable":true,"href":"https:\/\/heshimardc.net\/v1\/wp-json\/wp\/v2\/users\/2"}],"replies":[{"embeddable":true,"href":"https:\/\/heshimardc.net\/v1\/wp-json\/wp\/v2\/comments?post=1945"}],"version-history":[{"count":3,"href":"https:\/\/heshimardc.net\/v1\/wp-json\/wp\/v2\/posts\/1945\/revisions"}],"predecessor-version":[{"id":1971,"href":"https:\/\/heshimardc.net\/v1\/wp-json\/wp\/v2\/posts\/1945\/revisions\/1971"}],"wp:featuredmedia":[{"embeddable":true,"href":"https:\/\/heshimardc.net\/v1\/wp-json\/wp\/v2\/media\/1947"}],"wp:attachment":[{"href":"https:\/\/heshimardc.net\/v1\/wp-json\/wp\/v2\/media?parent=1945"}],"wp:term":[{"taxonomy":"category","embeddable":true,"href":"https:\/\/heshimardc.net\/v1\/wp-json\/wp\/v2\/categories?post=1945"},{"taxonomy":"post_tag","embeddable":true,"href":"https:\/\/heshimardc.net\/v1\/wp-json\/wp\/v2\/tags?post=1945"}],"curies":[{"name":"wp","href":"https:\/\/api.w.org\/{rel}","templated":true}]}}