{"id":2206,"date":"2021-12-07T11:26:29","date_gmt":"2021-12-07T11:26:29","guid":{"rendered":"https:\/\/heshimardc.net\/v1\/?p=2206"},"modified":"2021-12-07T11:26:33","modified_gmt":"2021-12-07T11:26:33","slug":"igf-lambert-mende-omalanga-laction-de-ligf-doit-etre-completee-par-une-action-tout-aussi-determinee-au-niveau-des-cours-et-tribunaux","status":"publish","type":"post","link":"https:\/\/heshimardc.net\/v1\/2021\/12\/07\/igf-lambert-mende-omalanga-laction-de-ligf-doit-etre-completee-par-une-action-tout-aussi-determinee-au-niveau-des-cours-et-tribunaux\/","title":{"rendered":"IGF-Lambert Mende Omalanga:  l\u2019action de l\u2019IGF doit \u00eatre compl\u00e9t\u00e9e par une action tout aussi d\u00e9termin\u00e9e au niveau des cours et tribunaux"},"content":{"rendered":"\n<p class=\"has-text-color has-medium-font-size\" style=\"color:#9b4b00\"><strong>HM:&nbsp;Quelles sont les raisons pour lesquelles vous avez estim\u00e9 n\u00e9cessaire l\u2019expertise de l\u2019IGF ?<\/strong><\/p>\n\n\n\n<p>Nous avons d\u00e9cid\u00e9 en Conseil d\u2019administration de consulter l\u2019expertise de l\u2019Inspection G\u00e9n\u00e9rale des Finances \u00e0 c\u00f4t\u00e9 d\u2019autres expertises. Nous avons eu le conseil sup\u00e9rieur du Portefeuille, nous avons eu Madame la Ministre d\u2019Etat en charge du Portefeuille, nous nous appr\u00eatons \u00e0 voir monsieur le ministre des Finances et naturellement l\u2019Inspecteur G\u00e9n\u00e9ral des Finances qui d\u00e9fraye la chronique ces jours-ci par la rigueur de son travail, parce que nous sommes \u00e0 l\u2019aube d\u2019un programme extr\u00eamement ambitieux pour les Lignes Maritimes Congolaises qui consiste en l\u2019acquisition de nouveaux moyens d\u2019action, c\u2019est-\u00e0-dire des navires. Parce que nous sommes une soci\u00e9t\u00e9 de transport maritime, mais en m\u00eame temps de collecte des droits de trafic maritime sur des ports de transit situ\u00e9s en dehors du territoire congolais. Jusqu\u2019\u00e0 pr\u00e9sent, nous collectons les droits de trafic maritime uniquement dans les ports nationaux de Boma et Matadi, alors que la loi nous donne l\u2019autorisation de collecter ces droits de trafic maritime sur tout le flux commercial \u00e0 destination ou en provenance de la RDC m\u00eame lorsqu\u2019il passe par des ports de transit situ\u00e9s en territoire \u00e9tranger. C\u2019est pour cela que nous \u00e9tions avec le Directeur G\u00e9n\u00e9ral et d\u2019autres. Certains de nos experts ont \u00e9t\u00e9 en mission derni\u00e8rement, \u00e0 Mombasa, \u00e0 DarEs-Salam ; avant cela nous avons \u00e9t\u00e9 \u00e0 Wavisbay en Namibie, nous&nbsp;avons \u00e9t\u00e9 \u00e0 Durban en Afrique du Sud, parce qu\u2019il s\u2019agit des ports qui donnent acc\u00e8s \u00e0 nos populations, \u00e0 nos op\u00e9rateurs \u00e9conomiques qui sont situ\u00e9s dans la partie Est et Sud de notre pays. Donc, c\u2019est un renouveau en termes d\u2019encadrement des ressources de cette soci\u00e9t\u00e9 qui appartient \u00e0 100% \u00e0 l\u2019Etat congolais, et pour lequel nous avons besoin de nous entourer de toutes les pr\u00e9cautions en prenant des conseils avis\u00e9s des experts comme l\u2019Inspecteur G\u00e9n\u00e9ral des finances ou des ministres comme celle du Portefeuille qui repr\u00e9sente l\u2019Etat, actionnaire unique des Lignes Maritimes Congolaises ou d\u2019autres ministres comme le Ministre des Finances.<\/p>\n\n\n\n<p class=\"has-text-color has-medium-font-size\" style=\"color:#a33e00\"><strong>HM: Vous avez \u00e9galement parl\u00e9 des performances de votre \u00e9quipe. Quelle est la ligne de d\u00e9marcation entre le r\u00e9sultat des performances de votre \u00e9quipe et le travail de l\u2019IGF ?<\/strong><\/p>\n\n\n\n<p>&nbsp;&nbsp;Naturellement, nous avons un personnel que nous avons trouv\u00e9 puisque nous sommes l\u00e0 depuis le mois de Juin 2020. Nous avons trouv\u00e9 un personnel qui est l\u00e0 puisqu\u2019il n\u2019y a que le Conseil d\u2019Administration qui a \u00e9t\u00e9 chang\u00e9. Nous avons trouv\u00e9 des coll\u00e8gues qui travaillent, des Congolais, des compatriotes qui \u00e9taient plus ou moins immerg\u00e9s dans certaines pratiques pas toujours orthodoxes et nous avons senti l\u2019impact du nouveau style de travail imprim\u00e9 \u00e0 l\u2019Inspection G\u00e9n\u00e9rale des Finances par Monsieur Alingete et par le Pr\u00e9sident de la R\u00e9publique qui a donn\u00e9 \u00e0 Monsieur Alingete les moyens de son action et qui ont fait&nbsp;que la peur du gendarme financier a pu se manifester \u00e0 travers un peu plus de discipline dans la gestion, dans l\u2019encadrement des finances de l\u2019Etat. Il y a un lien presque direct, on va dire, entre cette am\u00e9lioration de la sant\u00e9 financi\u00e8re de notre entreprise qui est une entreprise propri\u00e9t\u00e9 de l\u2019Etat et l\u2019action de rigueur impos\u00e9e par le style de l\u2019Inspection G\u00e9n\u00e9rale des Finances depuis quelques mois, depuis l\u2019arriv\u00e9e \u00e0 la t\u00eate de l\u2019Etat du pr\u00e9sident Felix-Antoine Tshisekedi qui a donn\u00e9 \u00e0 ce service qui rel\u00e8ve de la pr\u00e9sidence les moyens de son action.<\/p>\n\n\n\n<p class=\"has-text-color has-medium-font-size\" style=\"color:#8c4d00\"><strong>HM:&nbsp;Des audits, des missions de v\u00e9rification et de contre-v\u00e9rification produisent des fruits aujourd\u2019hui. Comment expliquez-vous que les pr\u00e9d\u00e9cesseurs de Jules Alingete n\u2019aient pas pu obtenir les m\u00eames r\u00e9sultats ?<\/strong><\/p>\n\n\n\n<p>Tout est question de volont\u00e9 politique. Je pense que les pr\u00e9d\u00e9cesseurs de Monsieur Alingete n\u2019ont pas peut-\u00eatre b\u00e9n\u00e9fici\u00e9 de cette forte volont\u00e9 qui \u00e9manait de l\u2019autorit\u00e9 supr\u00eame de l\u2019Etat, la premi\u00e8re institution \u00e0 laquelle l\u2019Inspecteur G\u00e9n\u00e9rale des Finances est attach\u00e9e, le pr\u00e9sident de la R\u00e9publique. Peut-\u00eatre qu\u2019il n\u2019y a pas eu ce souci de donner les moyens de son action \u00e0 ce service qui est charg\u00e9 d\u2019imposer un peu plus d\u2019orthodoxie dans la gestion des recettes de l\u2019Etat, dans leur encadrement, dans leur collecte. Il y a plus aujourd\u2019hui de volont\u00e9 politique dans le chef du Pr\u00e9sident&nbsp;&nbsp;Tshisekedi qui a trouv\u00e9 en Monsieur Alingete une sorte d\u2019oiseau rare auquel il a fait confiance et auquel il a donn\u00e9 les moyens juridiques et les moyens politiques de son action. Encore que cette action ne se termine pas \u00e0 son niveau, il faut qu\u2019il am\u00e8ne tout ceci devant les instances judiciaires qui doivent faire chacune leur part. Tout cela est un travail d\u2019\u00e9quipe, mais tout commence par la volont\u00e9 politique du tuteur de l\u2019Inspection G\u00e9n\u00e9rale des Finances qu\u2019est le Pr\u00e9sident de la R\u00e9publique qui, \u00e0 lui tout seul, est une institution, la premi\u00e8re d\u2019ailleurs de notre pays.<\/p>\n\n\n\n<p class=\"has-text-color has-medium-font-size\" style=\"color:#975300\"><strong>HM:&nbsp;Un dernier mot sur le travail de l\u2019IGF Chef de Service Jules Alingete et quel serait, par rapport \u00e0 vous, votre ressorti ou les perspectives \u00e0 venir que devraient avoir l\u2019IGF de mani\u00e8re g\u00e9n\u00e9rale ?<\/strong><\/p>\n\n\n\n<p>Je conseillerai \u00e0 l\u2019Inspection G\u00e9n\u00e9rale des Finances de maintenir le cap. Je pense qu\u2019il est suffisamment rare de voir des cadres congolais qui prennent au s\u00e9rieux les responsabilit\u00e9s qui sont les leurs pour que nous puissions nous sentir, moi personnellement comme parlementaire, encourag\u00e9s \u00e0 lui dire de maintenir le cap, de poursuivre sur cette lanc\u00e9e. Parce que c\u2019est de \u00e7a que nous avons besoin aujourd\u2019hui. Des gens qui savent pourquoi ils sont \u00e0 la t\u00eate d\u2019un service comme celui-l\u00e0 et qui d\u00e9veloppent dans leur gestion quotidienne de ce service des principes de rigueur, des principes de non tol\u00e9rance \u00e0 l\u2019\u00e9gard de ces \u00e9carts que nous avons pris l\u2019habitude de&nbsp;prendre avec les moyens financiers de l\u2019Etat.<\/p>\n\n\n\n<div class=\"wp-block-image\"><figure class=\"alignright size-large is-resized\"><img loading=\"lazy\" decoding=\"async\" src=\"https:\/\/heshimardc.net\/v1\/wp-content\/uploads\/2021\/12\/d8bd4dea-8425-448a-b459-ca16955651cc.jpg\" alt=\"\" class=\"wp-image-2207\" width=\"170\" height=\"333\" srcset=\"https:\/\/heshimardc.net\/v1\/wp-content\/uploads\/2021\/12\/d8bd4dea-8425-448a-b459-ca16955651cc.jpg 150w, https:\/\/heshimardc.net\/v1\/wp-content\/uploads\/2021\/12\/d8bd4dea-8425-448a-b459-ca16955651cc-6x12.jpg 6w\" sizes=\"(max-width: 170px) 100vw, 170px\" \/><\/figure><\/div>\n\n\n\n<p class=\"has-text-color has-medium-font-size\" style=\"color:#703d00\"><strong>HM: Qu\u2019est-ce qui aurait-pu \u00eatre compl\u00e9t\u00e9 par rapport \u00e0 son travail, par rapport \u00e0 la justice, comment peut-on sanctionner davantage les conclusions de ces audits ?<\/strong><\/p>\n\n\n\n<p>Il y a des coll\u00e8gues au Parlement qui pensent de plus en plus \u00e0 la cr\u00e9ation d\u2019une sorte de Parquet financier au niveau de la R\u00e9publique D\u00e9mocratique du Congo. Je ne sais pas si nous en avons les moyens, mais je pense qu\u2019au niveau des instances judiciaires, du conseil sup\u00e9rieur de la magistrature, il est temps que l\u2019on puisse faire preuve d\u2019un peu plus de dynamisme vis-\u00e0-vis des magistrats qui doivent donner suite aux rapports qui viennent d\u2019un service comme l\u2019Inspection G\u00e9n\u00e9rale des Finances. Il ne peut que mettre \u00e0 la disposition de nos magistrats les r\u00e9sultats de ses enqu\u00eates et si ces r\u00e9sultats ne sont pas pleinement suivis des faits qui puissent d\u00e9courager les mauvais gestionnaires, ce sera un peu de la peine perdue. <\/p>\n\n\n\n<p>Je ne peux que souhaiter que le Conseil sup\u00e9rieur de la magistrature fasse preuve d\u2019un peu plus de v\u00e9locit\u00e9, un peu plus de sagacit\u00e9 dans les instructions qui sont donn\u00e9es aux magistrats vis-\u00e0-vis de ces moyens de l\u2019Etat qui \u00e9taient l\u2019objet d\u2019un coulage syst\u00e9matique puisqu\u2019il n\u2019y a pas de raison qu\u2019aujourd\u2019hui on puisse nous pr\u00e9senter un collectif budg\u00e9taire qui nous am\u00e8ne au cours d\u2019un m\u00eame exercice budg\u00e9taire 40% plus que nous avions vot\u00e9 auparavant. C\u2019est que quelque part un coulage&nbsp;s\u2019op\u00e9rait, cela a \u00e9t\u00e9 d\u00e9nonc\u00e9 dans le temps, mais sans suite significative. Pour l\u2019instant je pense que l\u2019action de l\u2019Inspection G\u00e9n\u00e9rale des Finances doit \u00eatre compl\u00e9t\u00e9e par une action tout aussi d\u00e9termin\u00e9e au niveau des cours et tribunaux pour qu\u2019on d\u00e9passe les 40% d\u2019am\u00e9lioration de ce qui est pr\u00e9vu comme recettes publiques.<\/p>\n\n\n\n<p>&nbsp;Heshima Magazine<\/p>\n","protected":false},"excerpt":{"rendered":"<p>&#8230; l\u2019action de l\u2019Inspection G\u00e9n\u00e9rale des Finances doit \u00eatre compl\u00e9t\u00e9e par une action tout aussi d\u00e9termin\u00e9e au niveau des cours et tribunaux pour qu\u2019on d\u00e9passe les 40% d\u2019am\u00e9lioration de ce qui est pr\u00e9vu comme recettes publiques&#8230;<\/p>\n","protected":false},"author":2,"featured_media":2208,"comment_status":"closed","ping_status":"closed","sticky":false,"template":"","format":"standard","meta":{"footnotes":""},"categories":[1],"tags":[182],"class_list":["post-2206","post","type-post","status-publish","format-standard","has-post-thumbnail","hentry","category-interview","tag-rdc"],"yoast_head":"<!-- This site is optimized with the Yoast SEO plugin v23.3 - https:\/\/yoast.com\/wordpress\/plugins\/seo\/ -->\n<title>IGF-Lambert Mende Omalanga: l\u2019action de l\u2019IGF doit \u00eatre compl\u00e9t\u00e9e par une action tout aussi d\u00e9termin\u00e9e au niveau des cours et tribunaux - HESHIMA MAGAZINE<\/title>\n<meta name=\"description\" content=\"Nous avons d\u00e9cid\u00e9 en Conseil d\u2019administration de consulter l\u2019expertise de l\u2019Inspection G\u00e9n\u00e9rale des Finances \u00e0 c\u00f4t\u00e9 d\u2019autres expertises. Nous avons eu le conseil sup\u00e9rieur du Portefeuille, nous avons eu Madame la Ministre d\u2019Etat en charge du Portefeuille, nous nous appr\u00eatons \u00e0 voir monsieur le ministre des Finances et naturellement l\u2019Inspecteur G\u00e9n\u00e9ral des Finances qui d\u00e9fraye la chronique ces jours-ci par la rigueur de son travail, parce que nous sommes \u00e0 l\u2019aube d\u2019un programme extr\u00eamement ambitieux pour les Lignes Maritimes Congolaises qui consiste en l\u2019acquisition de nouveaux moyens d\u2019action, c\u2019est-\u00e0-dire des navires. Parce que nous sommes une soci\u00e9t\u00e9 de transport maritime, mais en m\u00eame temps de collecte des droits de trafic maritime sur des ports de transit situ\u00e9s en dehors du territoire congolais. Jusqu\u2019\u00e0 pr\u00e9sent, nous collectons les droits de trafic maritime uniquement dans les ports nationaux de Boma et Matadi, alors que la loi nous donne l\u2019autorisation de collecter ces droits de trafic maritime sur tout le flux commercial \u00e0 destination ou en provenance de la RDC m\u00eame lorsqu\u2019il passe par des ports de transit situ\u00e9s en territoire \u00e9tranger.\" \/>\n<meta name=\"robots\" content=\"index, follow, max-snippet:-1, max-image-preview:large, max-video-preview:-1\" \/>\n<link rel=\"canonical\" href=\"https:\/\/heshimardc.net\/v1\/2021\/12\/07\/igf-lambert-mende-omalanga-laction-de-ligf-doit-etre-completee-par-une-action-tout-aussi-determinee-au-niveau-des-cours-et-tribunaux\/\" \/>\n<meta property=\"og:locale\" content=\"fr_FR\" \/>\n<meta property=\"og:type\" content=\"article\" \/>\n<meta property=\"og:title\" content=\"IGF-Lambert Mende Omalanga: l\u2019action de l\u2019IGF doit \u00eatre compl\u00e9t\u00e9e par une action tout aussi d\u00e9termin\u00e9e au niveau des cours et tribunaux - HESHIMA MAGAZINE\" \/>\n<meta property=\"og:description\" content=\"Nous avons d\u00e9cid\u00e9 en Conseil d\u2019administration de consulter l\u2019expertise de l\u2019Inspection G\u00e9n\u00e9rale des Finances \u00e0 c\u00f4t\u00e9 d\u2019autres expertises. Nous avons eu le conseil sup\u00e9rieur du Portefeuille, nous avons eu Madame la Ministre d\u2019Etat en charge du Portefeuille, nous nous appr\u00eatons \u00e0 voir monsieur le ministre des Finances et naturellement l\u2019Inspecteur G\u00e9n\u00e9ral des Finances qui d\u00e9fraye la chronique ces jours-ci par la rigueur de son travail, parce que nous sommes \u00e0 l\u2019aube d\u2019un programme extr\u00eamement ambitieux pour les Lignes Maritimes Congolaises qui consiste en l\u2019acquisition de nouveaux moyens d\u2019action, c\u2019est-\u00e0-dire des navires. Parce que nous sommes une soci\u00e9t\u00e9 de transport maritime, mais en m\u00eame temps de collecte des droits de trafic maritime sur des ports de transit situ\u00e9s en dehors du territoire congolais. Jusqu\u2019\u00e0 pr\u00e9sent, nous collectons les droits de trafic maritime uniquement dans les ports nationaux de Boma et Matadi, alors que la loi nous donne l\u2019autorisation de collecter ces droits de trafic maritime sur tout le flux commercial \u00e0 destination ou en provenance de la RDC m\u00eame lorsqu\u2019il passe par des ports de transit situ\u00e9s en territoire \u00e9tranger.\" \/>\n<meta property=\"og:url\" content=\"https:\/\/heshimardc.net\/v1\/2021\/12\/07\/igf-lambert-mende-omalanga-laction-de-ligf-doit-etre-completee-par-une-action-tout-aussi-determinee-au-niveau-des-cours-et-tribunaux\/\" \/>\n<meta property=\"og:site_name\" content=\"HESHIMA MAGAZINE\" \/>\n<meta property=\"article:publisher\" content=\"https:\/\/www.facebook.com\/heshimamagazine\" \/>\n<meta property=\"article:published_time\" content=\"2021-12-07T11:26:29+00:00\" \/>\n<meta property=\"article:modified_time\" content=\"2021-12-07T11:26:33+00:00\" \/>\n<meta property=\"og:image\" content=\"https:\/\/heshimardc.net\/v1\/wp-content\/uploads\/2021\/12\/fa847855-0631-405e-9fba-a203f391fda6.jpg\" \/>\n\t<meta property=\"og:image:width\" content=\"482\" \/>\n\t<meta property=\"og:image:height\" content=\"405\" \/>\n\t<meta property=\"og:image:type\" content=\"image\/jpeg\" \/>\n<meta name=\"author\" content=\"RedactionH\" \/>\n<meta name=\"twitter:card\" content=\"summary_large_image\" \/>\n<meta name=\"twitter:creator\" content=\"@HeshimaMag\" \/>\n<meta name=\"twitter:site\" content=\"@HeshimaMag\" \/>\n<meta name=\"twitter:label1\" content=\"\u00c9crit par\" \/>\n\t<meta name=\"twitter:data1\" content=\"RedactionH\" \/>\n\t<meta name=\"twitter:label2\" content=\"Dur\u00e9e de lecture estim\u00e9e\" \/>\n\t<meta name=\"twitter:data2\" content=\"6 minutes\" \/>\n<script type=\"application\/ld+json\" class=\"yoast-schema-graph\">{\"@context\":\"https:\/\/schema.org\",\"@graph\":[{\"@type\":\"Article\",\"@id\":\"https:\/\/heshimardc.net\/v1\/2021\/12\/07\/igf-lambert-mende-omalanga-laction-de-ligf-doit-etre-completee-par-une-action-tout-aussi-determinee-au-niveau-des-cours-et-tribunaux\/#article\",\"isPartOf\":{\"@id\":\"https:\/\/heshimardc.net\/v1\/2021\/12\/07\/igf-lambert-mende-omalanga-laction-de-ligf-doit-etre-completee-par-une-action-tout-aussi-determinee-au-niveau-des-cours-et-tribunaux\/\"},\"author\":{\"name\":\"RedactionH\",\"@id\":\"https:\/\/heshimardc.net\/v1\/#\/schema\/person\/c74a2d47650131f158dc4a027547a532\"},\"headline\":\"IGF-Lambert Mende Omalanga: l\u2019action de l\u2019IGF doit \u00eatre compl\u00e9t\u00e9e par une action tout aussi d\u00e9termin\u00e9e au niveau des cours et tribunaux\",\"datePublished\":\"2021-12-07T11:26:29+00:00\",\"dateModified\":\"2021-12-07T11:26:33+00:00\",\"mainEntityOfPage\":{\"@id\":\"https:\/\/heshimardc.net\/v1\/2021\/12\/07\/igf-lambert-mende-omalanga-laction-de-ligf-doit-etre-completee-par-une-action-tout-aussi-determinee-au-niveau-des-cours-et-tribunaux\/\"},\"wordCount\":1431,\"publisher\":{\"@id\":\"https:\/\/heshimardc.net\/v1\/#organization\"},\"image\":{\"@id\":\"https:\/\/heshimardc.net\/v1\/2021\/12\/07\/igf-lambert-mende-omalanga-laction-de-ligf-doit-etre-completee-par-une-action-tout-aussi-determinee-au-niveau-des-cours-et-tribunaux\/#primaryimage\"},\"thumbnailUrl\":\"https:\/\/heshimardc.net\/v1\/wp-content\/uploads\/2021\/12\/fa847855-0631-405e-9fba-a203f391fda6.jpg\",\"keywords\":[\"RDC\"],\"articleSection\":[\"Interview\"],\"inLanguage\":\"fr-FR\"},{\"@type\":\"WebPage\",\"@id\":\"https:\/\/heshimardc.net\/v1\/2021\/12\/07\/igf-lambert-mende-omalanga-laction-de-ligf-doit-etre-completee-par-une-action-tout-aussi-determinee-au-niveau-des-cours-et-tribunaux\/\",\"url\":\"https:\/\/heshimardc.net\/v1\/2021\/12\/07\/igf-lambert-mende-omalanga-laction-de-ligf-doit-etre-completee-par-une-action-tout-aussi-determinee-au-niveau-des-cours-et-tribunaux\/\",\"name\":\"IGF-Lambert Mende Omalanga: l\u2019action de l\u2019IGF doit \u00eatre compl\u00e9t\u00e9e par une action tout aussi d\u00e9termin\u00e9e au niveau des cours et tribunaux - HESHIMA MAGAZINE\",\"isPartOf\":{\"@id\":\"https:\/\/heshimardc.net\/v1\/#website\"},\"primaryImageOfPage\":{\"@id\":\"https:\/\/heshimardc.net\/v1\/2021\/12\/07\/igf-lambert-mende-omalanga-laction-de-ligf-doit-etre-completee-par-une-action-tout-aussi-determinee-au-niveau-des-cours-et-tribunaux\/#primaryimage\"},\"image\":{\"@id\":\"https:\/\/heshimardc.net\/v1\/2021\/12\/07\/igf-lambert-mende-omalanga-laction-de-ligf-doit-etre-completee-par-une-action-tout-aussi-determinee-au-niveau-des-cours-et-tribunaux\/#primaryimage\"},\"thumbnailUrl\":\"https:\/\/heshimardc.net\/v1\/wp-content\/uploads\/2021\/12\/fa847855-0631-405e-9fba-a203f391fda6.jpg\",\"datePublished\":\"2021-12-07T11:26:29+00:00\",\"dateModified\":\"2021-12-07T11:26:33+00:00\",\"description\":\"Nous avons d\u00e9cid\u00e9 en Conseil d\u2019administration de consulter l\u2019expertise de l\u2019Inspection G\u00e9n\u00e9rale des Finances \u00e0 c\u00f4t\u00e9 d\u2019autres expertises. Nous avons eu le conseil sup\u00e9rieur du Portefeuille, nous avons eu Madame la Ministre d\u2019Etat en charge du Portefeuille, nous nous appr\u00eatons \u00e0 voir monsieur le ministre des Finances et naturellement l\u2019Inspecteur G\u00e9n\u00e9ral des Finances qui d\u00e9fraye la chronique ces jours-ci par la rigueur de son travail, parce que nous sommes \u00e0 l\u2019aube d\u2019un programme extr\u00eamement ambitieux pour les Lignes Maritimes Congolaises qui consiste en l\u2019acquisition de nouveaux moyens d\u2019action, c\u2019est-\u00e0-dire des navires. Parce que nous sommes une soci\u00e9t\u00e9 de transport maritime, mais en m\u00eame temps de collecte des droits de trafic maritime sur des ports de transit situ\u00e9s en dehors du territoire congolais. Jusqu\u2019\u00e0 pr\u00e9sent, nous collectons les droits de trafic maritime uniquement dans les ports nationaux de Boma et Matadi, alors que la loi nous donne l\u2019autorisation de collecter ces droits de trafic maritime sur tout le flux commercial \u00e0 destination ou en provenance de la RDC m\u00eame lorsqu\u2019il passe par des ports de transit situ\u00e9s en territoire \u00e9tranger.\",\"breadcrumb\":{\"@id\":\"https:\/\/heshimardc.net\/v1\/2021\/12\/07\/igf-lambert-mende-omalanga-laction-de-ligf-doit-etre-completee-par-une-action-tout-aussi-determinee-au-niveau-des-cours-et-tribunaux\/#breadcrumb\"},\"inLanguage\":\"fr-FR\",\"potentialAction\":[{\"@type\":\"ReadAction\",\"target\":[\"https:\/\/heshimardc.net\/v1\/2021\/12\/07\/igf-lambert-mende-omalanga-laction-de-ligf-doit-etre-completee-par-une-action-tout-aussi-determinee-au-niveau-des-cours-et-tribunaux\/\"]}]},{\"@type\":\"ImageObject\",\"inLanguage\":\"fr-FR\",\"@id\":\"https:\/\/heshimardc.net\/v1\/2021\/12\/07\/igf-lambert-mende-omalanga-laction-de-ligf-doit-etre-completee-par-une-action-tout-aussi-determinee-au-niveau-des-cours-et-tribunaux\/#primaryimage\",\"url\":\"https:\/\/heshimardc.net\/v1\/wp-content\/uploads\/2021\/12\/fa847855-0631-405e-9fba-a203f391fda6.jpg\",\"contentUrl\":\"https:\/\/heshimardc.net\/v1\/wp-content\/uploads\/2021\/12\/fa847855-0631-405e-9fba-a203f391fda6.jpg\",\"width\":482,\"height\":405},{\"@type\":\"BreadcrumbList\",\"@id\":\"https:\/\/heshimardc.net\/v1\/2021\/12\/07\/igf-lambert-mende-omalanga-laction-de-ligf-doit-etre-completee-par-une-action-tout-aussi-determinee-au-niveau-des-cours-et-tribunaux\/#breadcrumb\",\"itemListElement\":[{\"@type\":\"ListItem\",\"position\":1,\"name\":\"Accueil\",\"item\":\"https:\/\/heshimardc.net\/v1\/\"},{\"@type\":\"ListItem\",\"position\":2,\"name\":\"IGF-Lambert Mende Omalanga: l\u2019action de l\u2019IGF doit \u00eatre compl\u00e9t\u00e9e par une action tout aussi d\u00e9termin\u00e9e au niveau des cours et tribunaux\"}]},{\"@type\":\"WebSite\",\"@id\":\"https:\/\/heshimardc.net\/v1\/#website\",\"url\":\"https:\/\/heshimardc.net\/v1\/\",\"name\":\"HESHIMA MAGAZINE\",\"description\":\"Le magazine Congolais qui bat au rythme de l&#039;actualit\u00e9\",\"publisher\":{\"@id\":\"https:\/\/heshimardc.net\/v1\/#organization\"},\"potentialAction\":[{\"@type\":\"SearchAction\",\"target\":{\"@type\":\"EntryPoint\",\"urlTemplate\":\"https:\/\/heshimardc.net\/v1\/?s={search_term_string}\"},\"query-input\":\"required name=search_term_string\"}],\"inLanguage\":\"fr-FR\"},{\"@type\":\"Organization\",\"@id\":\"https:\/\/heshimardc.net\/v1\/#organization\",\"name\":\"HESHIMA MAGAZINE\",\"url\":\"https:\/\/heshimardc.net\/v1\/\",\"logo\":{\"@type\":\"ImageObject\",\"inLanguage\":\"fr-FR\",\"@id\":\"https:\/\/heshimardc.net\/v1\/#\/schema\/logo\/image\/\",\"url\":\"https:\/\/heshimardc.net\/v1\/wp-content\/uploads\/2020\/09\/logo.png\",\"contentUrl\":\"https:\/\/heshimardc.net\/v1\/wp-content\/uploads\/2020\/09\/logo.png\",\"width\":99,\"height\":130,\"caption\":\"HESHIMA MAGAZINE\"},\"image\":{\"@id\":\"https:\/\/heshimardc.net\/v1\/#\/schema\/logo\/image\/\"},\"sameAs\":[\"https:\/\/www.facebook.com\/heshimamagazine\",\"https:\/\/x.com\/HeshimaMag\"]},{\"@type\":\"Person\",\"@id\":\"https:\/\/heshimardc.net\/v1\/#\/schema\/person\/c74a2d47650131f158dc4a027547a532\",\"name\":\"RedactionH\",\"image\":{\"@type\":\"ImageObject\",\"inLanguage\":\"fr-FR\",\"@id\":\"https:\/\/heshimardc.net\/v1\/#\/schema\/person\/image\/\",\"url\":\"https:\/\/secure.gravatar.com\/avatar\/a52112f8496f362a38bf46c70ca9e956?s=96&d=mm&r=g\",\"contentUrl\":\"https:\/\/secure.gravatar.com\/avatar\/a52112f8496f362a38bf46c70ca9e956?s=96&d=mm&r=g\",\"caption\":\"RedactionH\"},\"sameAs\":[\"http:\/\/www.heshimardc.net\"],\"url\":\"https:\/\/heshimardc.net\/v1\/author\/redactionh\/\"}]}<\/script>\n<!-- \/ Yoast SEO plugin. -->","yoast_head_json":{"title":"IGF-Lambert Mende Omalanga: l\u2019action de l\u2019IGF doit \u00eatre compl\u00e9t\u00e9e par une action tout aussi d\u00e9termin\u00e9e au niveau des cours et tribunaux - HESHIMA MAGAZINE","description":"Nous avons d\u00e9cid\u00e9 en Conseil d\u2019administration de consulter l\u2019expertise de l\u2019Inspection G\u00e9n\u00e9rale des Finances \u00e0 c\u00f4t\u00e9 d\u2019autres expertises. Nous avons eu le conseil sup\u00e9rieur du Portefeuille, nous avons eu Madame la Ministre d\u2019Etat en charge du Portefeuille, nous nous appr\u00eatons \u00e0 voir monsieur le ministre des Finances et naturellement l\u2019Inspecteur G\u00e9n\u00e9ral des Finances qui d\u00e9fraye la chronique ces jours-ci par la rigueur de son travail, parce que nous sommes \u00e0 l\u2019aube d\u2019un programme extr\u00eamement ambitieux pour les Lignes Maritimes Congolaises qui consiste en l\u2019acquisition de nouveaux moyens d\u2019action, c\u2019est-\u00e0-dire des navires. Parce que nous sommes une soci\u00e9t\u00e9 de transport maritime, mais en m\u00eame temps de collecte des droits de trafic maritime sur des ports de transit situ\u00e9s en dehors du territoire congolais. Jusqu\u2019\u00e0 pr\u00e9sent, nous collectons les droits de trafic maritime uniquement dans les ports nationaux de Boma et Matadi, alors que la loi nous donne l\u2019autorisation de collecter ces droits de trafic maritime sur tout le flux commercial \u00e0 destination ou en provenance de la RDC m\u00eame lorsqu\u2019il passe par des ports de transit situ\u00e9s en territoire \u00e9tranger.","robots":{"index":"index","follow":"follow","max-snippet":"max-snippet:-1","max-image-preview":"max-image-preview:large","max-video-preview":"max-video-preview:-1"},"canonical":"https:\/\/heshimardc.net\/v1\/2021\/12\/07\/igf-lambert-mende-omalanga-laction-de-ligf-doit-etre-completee-par-une-action-tout-aussi-determinee-au-niveau-des-cours-et-tribunaux\/","og_locale":"fr_FR","og_type":"article","og_title":"IGF-Lambert Mende Omalanga: l\u2019action de l\u2019IGF doit \u00eatre compl\u00e9t\u00e9e par une action tout aussi d\u00e9termin\u00e9e au niveau des cours et tribunaux - HESHIMA MAGAZINE","og_description":"Nous avons d\u00e9cid\u00e9 en Conseil d\u2019administration de consulter l\u2019expertise de l\u2019Inspection G\u00e9n\u00e9rale des Finances \u00e0 c\u00f4t\u00e9 d\u2019autres expertises. Nous avons eu le conseil sup\u00e9rieur du Portefeuille, nous avons eu Madame la Ministre d\u2019Etat en charge du Portefeuille, nous nous appr\u00eatons \u00e0 voir monsieur le ministre des Finances et naturellement l\u2019Inspecteur G\u00e9n\u00e9ral des Finances qui d\u00e9fraye la chronique ces jours-ci par la rigueur de son travail, parce que nous sommes \u00e0 l\u2019aube d\u2019un programme extr\u00eamement ambitieux pour les Lignes Maritimes Congolaises qui consiste en l\u2019acquisition de nouveaux moyens d\u2019action, c\u2019est-\u00e0-dire des navires. Parce que nous sommes une soci\u00e9t\u00e9 de transport maritime, mais en m\u00eame temps de collecte des droits de trafic maritime sur des ports de transit situ\u00e9s en dehors du territoire congolais. Jusqu\u2019\u00e0 pr\u00e9sent, nous collectons les droits de trafic maritime uniquement dans les ports nationaux de Boma et Matadi, alors que la loi nous donne l\u2019autorisation de collecter ces droits de trafic maritime sur tout le flux commercial \u00e0 destination ou en provenance de la RDC m\u00eame lorsqu\u2019il passe par des ports de transit situ\u00e9s en territoire \u00e9tranger.","og_url":"https:\/\/heshimardc.net\/v1\/2021\/12\/07\/igf-lambert-mende-omalanga-laction-de-ligf-doit-etre-completee-par-une-action-tout-aussi-determinee-au-niveau-des-cours-et-tribunaux\/","og_site_name":"HESHIMA MAGAZINE","article_publisher":"https:\/\/www.facebook.com\/heshimamagazine","article_published_time":"2021-12-07T11:26:29+00:00","article_modified_time":"2021-12-07T11:26:33+00:00","og_image":[{"width":482,"height":405,"url":"https:\/\/heshimardc.net\/v1\/wp-content\/uploads\/2021\/12\/fa847855-0631-405e-9fba-a203f391fda6.jpg","type":"image\/jpeg"}],"author":"RedactionH","twitter_card":"summary_large_image","twitter_creator":"@HeshimaMag","twitter_site":"@HeshimaMag","twitter_misc":{"\u00c9crit par":"RedactionH","Dur\u00e9e de lecture estim\u00e9e":"6 minutes"},"schema":{"@context":"https:\/\/schema.org","@graph":[{"@type":"Article","@id":"https:\/\/heshimardc.net\/v1\/2021\/12\/07\/igf-lambert-mende-omalanga-laction-de-ligf-doit-etre-completee-par-une-action-tout-aussi-determinee-au-niveau-des-cours-et-tribunaux\/#article","isPartOf":{"@id":"https:\/\/heshimardc.net\/v1\/2021\/12\/07\/igf-lambert-mende-omalanga-laction-de-ligf-doit-etre-completee-par-une-action-tout-aussi-determinee-au-niveau-des-cours-et-tribunaux\/"},"author":{"name":"RedactionH","@id":"https:\/\/heshimardc.net\/v1\/#\/schema\/person\/c74a2d47650131f158dc4a027547a532"},"headline":"IGF-Lambert Mende Omalanga: l\u2019action de l\u2019IGF doit \u00eatre compl\u00e9t\u00e9e par une action tout aussi d\u00e9termin\u00e9e au niveau des cours et tribunaux","datePublished":"2021-12-07T11:26:29+00:00","dateModified":"2021-12-07T11:26:33+00:00","mainEntityOfPage":{"@id":"https:\/\/heshimardc.net\/v1\/2021\/12\/07\/igf-lambert-mende-omalanga-laction-de-ligf-doit-etre-completee-par-une-action-tout-aussi-determinee-au-niveau-des-cours-et-tribunaux\/"},"wordCount":1431,"publisher":{"@id":"https:\/\/heshimardc.net\/v1\/#organization"},"image":{"@id":"https:\/\/heshimardc.net\/v1\/2021\/12\/07\/igf-lambert-mende-omalanga-laction-de-ligf-doit-etre-completee-par-une-action-tout-aussi-determinee-au-niveau-des-cours-et-tribunaux\/#primaryimage"},"thumbnailUrl":"https:\/\/heshimardc.net\/v1\/wp-content\/uploads\/2021\/12\/fa847855-0631-405e-9fba-a203f391fda6.jpg","keywords":["RDC"],"articleSection":["Interview"],"inLanguage":"fr-FR"},{"@type":"WebPage","@id":"https:\/\/heshimardc.net\/v1\/2021\/12\/07\/igf-lambert-mende-omalanga-laction-de-ligf-doit-etre-completee-par-une-action-tout-aussi-determinee-au-niveau-des-cours-et-tribunaux\/","url":"https:\/\/heshimardc.net\/v1\/2021\/12\/07\/igf-lambert-mende-omalanga-laction-de-ligf-doit-etre-completee-par-une-action-tout-aussi-determinee-au-niveau-des-cours-et-tribunaux\/","name":"IGF-Lambert Mende Omalanga: l\u2019action de l\u2019IGF doit \u00eatre compl\u00e9t\u00e9e par une action tout aussi d\u00e9termin\u00e9e au niveau des cours et tribunaux - HESHIMA MAGAZINE","isPartOf":{"@id":"https:\/\/heshimardc.net\/v1\/#website"},"primaryImageOfPage":{"@id":"https:\/\/heshimardc.net\/v1\/2021\/12\/07\/igf-lambert-mende-omalanga-laction-de-ligf-doit-etre-completee-par-une-action-tout-aussi-determinee-au-niveau-des-cours-et-tribunaux\/#primaryimage"},"image":{"@id":"https:\/\/heshimardc.net\/v1\/2021\/12\/07\/igf-lambert-mende-omalanga-laction-de-ligf-doit-etre-completee-par-une-action-tout-aussi-determinee-au-niveau-des-cours-et-tribunaux\/#primaryimage"},"thumbnailUrl":"https:\/\/heshimardc.net\/v1\/wp-content\/uploads\/2021\/12\/fa847855-0631-405e-9fba-a203f391fda6.jpg","datePublished":"2021-12-07T11:26:29+00:00","dateModified":"2021-12-07T11:26:33+00:00","description":"Nous avons d\u00e9cid\u00e9 en Conseil d\u2019administration de consulter l\u2019expertise de l\u2019Inspection G\u00e9n\u00e9rale des Finances \u00e0 c\u00f4t\u00e9 d\u2019autres expertises. Nous avons eu le conseil sup\u00e9rieur du Portefeuille, nous avons eu Madame la Ministre d\u2019Etat en charge du Portefeuille, nous nous appr\u00eatons \u00e0 voir monsieur le ministre des Finances et naturellement l\u2019Inspecteur G\u00e9n\u00e9ral des Finances qui d\u00e9fraye la chronique ces jours-ci par la rigueur de son travail, parce que nous sommes \u00e0 l\u2019aube d\u2019un programme extr\u00eamement ambitieux pour les Lignes Maritimes Congolaises qui consiste en l\u2019acquisition de nouveaux moyens d\u2019action, c\u2019est-\u00e0-dire des navires. Parce que nous sommes une soci\u00e9t\u00e9 de transport maritime, mais en m\u00eame temps de collecte des droits de trafic maritime sur des ports de transit situ\u00e9s en dehors du territoire congolais. Jusqu\u2019\u00e0 pr\u00e9sent, nous collectons les droits de trafic maritime uniquement dans les ports nationaux de Boma et Matadi, alors que la loi nous donne l\u2019autorisation de collecter ces droits de trafic maritime sur tout le flux commercial \u00e0 destination ou en provenance de la RDC m\u00eame lorsqu\u2019il passe par des ports de transit situ\u00e9s en territoire \u00e9tranger.","breadcrumb":{"@id":"https:\/\/heshimardc.net\/v1\/2021\/12\/07\/igf-lambert-mende-omalanga-laction-de-ligf-doit-etre-completee-par-une-action-tout-aussi-determinee-au-niveau-des-cours-et-tribunaux\/#breadcrumb"},"inLanguage":"fr-FR","potentialAction":[{"@type":"ReadAction","target":["https:\/\/heshimardc.net\/v1\/2021\/12\/07\/igf-lambert-mende-omalanga-laction-de-ligf-doit-etre-completee-par-une-action-tout-aussi-determinee-au-niveau-des-cours-et-tribunaux\/"]}]},{"@type":"ImageObject","inLanguage":"fr-FR","@id":"https:\/\/heshimardc.net\/v1\/2021\/12\/07\/igf-lambert-mende-omalanga-laction-de-ligf-doit-etre-completee-par-une-action-tout-aussi-determinee-au-niveau-des-cours-et-tribunaux\/#primaryimage","url":"https:\/\/heshimardc.net\/v1\/wp-content\/uploads\/2021\/12\/fa847855-0631-405e-9fba-a203f391fda6.jpg","contentUrl":"https:\/\/heshimardc.net\/v1\/wp-content\/uploads\/2021\/12\/fa847855-0631-405e-9fba-a203f391fda6.jpg","width":482,"height":405},{"@type":"BreadcrumbList","@id":"https:\/\/heshimardc.net\/v1\/2021\/12\/07\/igf-lambert-mende-omalanga-laction-de-ligf-doit-etre-completee-par-une-action-tout-aussi-determinee-au-niveau-des-cours-et-tribunaux\/#breadcrumb","itemListElement":[{"@type":"ListItem","position":1,"name":"Accueil","item":"https:\/\/heshimardc.net\/v1\/"},{"@type":"ListItem","position":2,"name":"IGF-Lambert Mende Omalanga: l\u2019action de l\u2019IGF doit \u00eatre compl\u00e9t\u00e9e par une action tout aussi d\u00e9termin\u00e9e au niveau des cours et tribunaux"}]},{"@type":"WebSite","@id":"https:\/\/heshimardc.net\/v1\/#website","url":"https:\/\/heshimardc.net\/v1\/","name":"HESHIMA MAGAZINE","description":"Le magazine Congolais qui bat au rythme de l&#039;actualit\u00e9","publisher":{"@id":"https:\/\/heshimardc.net\/v1\/#organization"},"potentialAction":[{"@type":"SearchAction","target":{"@type":"EntryPoint","urlTemplate":"https:\/\/heshimardc.net\/v1\/?s={search_term_string}"},"query-input":"required name=search_term_string"}],"inLanguage":"fr-FR"},{"@type":"Organization","@id":"https:\/\/heshimardc.net\/v1\/#organization","name":"HESHIMA MAGAZINE","url":"https:\/\/heshimardc.net\/v1\/","logo":{"@type":"ImageObject","inLanguage":"fr-FR","@id":"https:\/\/heshimardc.net\/v1\/#\/schema\/logo\/image\/","url":"https:\/\/heshimardc.net\/v1\/wp-content\/uploads\/2020\/09\/logo.png","contentUrl":"https:\/\/heshimardc.net\/v1\/wp-content\/uploads\/2020\/09\/logo.png","width":99,"height":130,"caption":"HESHIMA MAGAZINE"},"image":{"@id":"https:\/\/heshimardc.net\/v1\/#\/schema\/logo\/image\/"},"sameAs":["https:\/\/www.facebook.com\/heshimamagazine","https:\/\/x.com\/HeshimaMag"]},{"@type":"Person","@id":"https:\/\/heshimardc.net\/v1\/#\/schema\/person\/c74a2d47650131f158dc4a027547a532","name":"RedactionH","image":{"@type":"ImageObject","inLanguage":"fr-FR","@id":"https:\/\/heshimardc.net\/v1\/#\/schema\/person\/image\/","url":"https:\/\/secure.gravatar.com\/avatar\/a52112f8496f362a38bf46c70ca9e956?s=96&d=mm&r=g","contentUrl":"https:\/\/secure.gravatar.com\/avatar\/a52112f8496f362a38bf46c70ca9e956?s=96&d=mm&r=g","caption":"RedactionH"},"sameAs":["http:\/\/www.heshimardc.net"],"url":"https:\/\/heshimardc.net\/v1\/author\/redactionh\/"}]}},"amp_enabled":true,"_links":{"self":[{"href":"https:\/\/heshimardc.net\/v1\/wp-json\/wp\/v2\/posts\/2206"}],"collection":[{"href":"https:\/\/heshimardc.net\/v1\/wp-json\/wp\/v2\/posts"}],"about":[{"href":"https:\/\/heshimardc.net\/v1\/wp-json\/wp\/v2\/types\/post"}],"author":[{"embeddable":true,"href":"https:\/\/heshimardc.net\/v1\/wp-json\/wp\/v2\/users\/2"}],"replies":[{"embeddable":true,"href":"https:\/\/heshimardc.net\/v1\/wp-json\/wp\/v2\/comments?post=2206"}],"version-history":[{"count":4,"href":"https:\/\/heshimardc.net\/v1\/wp-json\/wp\/v2\/posts\/2206\/revisions"}],"predecessor-version":[{"id":2219,"href":"https:\/\/heshimardc.net\/v1\/wp-json\/wp\/v2\/posts\/2206\/revisions\/2219"}],"wp:featuredmedia":[{"embeddable":true,"href":"https:\/\/heshimardc.net\/v1\/wp-json\/wp\/v2\/media\/2208"}],"wp:attachment":[{"href":"https:\/\/heshimardc.net\/v1\/wp-json\/wp\/v2\/media?parent=2206"}],"wp:term":[{"taxonomy":"category","embeddable":true,"href":"https:\/\/heshimardc.net\/v1\/wp-json\/wp\/v2\/categories?post=2206"},{"taxonomy":"post_tag","embeddable":true,"href":"https:\/\/heshimardc.net\/v1\/wp-json\/wp\/v2\/tags?post=2206"}],"curies":[{"name":"wp","href":"https:\/\/api.w.org\/{rel}","templated":true}]}}