{"id":2213,"date":"2021-12-07T07:49:04","date_gmt":"2021-12-07T07:49:04","guid":{"rendered":"https:\/\/heshimardc.net\/v1\/?p=2213"},"modified":"2021-12-07T07:49:06","modified_gmt":"2021-12-07T07:49:06","slug":"igf-jules-alingete-si-la-justice-ne-fait-pas-son-travail-ce-nest-pas-a-moi-de-la-juger","status":"publish","type":"post","link":"https:\/\/heshimardc.net\/v1\/2021\/12\/07\/igf-jules-alingete-si-la-justice-ne-fait-pas-son-travail-ce-nest-pas-a-moi-de-la-juger\/","title":{"rendered":"IGF- Jules ALINGETE: Si la Justice ne fait pas son travail, ce n\u2019est pas \u00e0 moi de la juger."},"content":{"rendered":"\n<p><br><strong>HM: Concernant le travail que vous avez r\u00e9alis\u00e9 en provinces. O\u00f9 en est-t-on aujourd\u2019hui, puisque vous avez d\u00e9ploy\u00e9 du personnel un peu partout pour enqu\u00eater sur la gestion de diff\u00e9rentes provinces et le premier rapport que vous avez publi\u00e9 \u00e9tait plut\u00f4t alarmant ?<\/strong><\/p>\n\n\n\n<p>Pour le contr\u00f4le dans les provinces, nous avions eu \u00e0 contr\u00f4ler la province de l\u2019Equateur, la ville-province de Kinshasa, la province du Bandundu, du Kwango, Kongo central, Lualaba, Haut-Katanga, Haut-Lomami, Tanganyika. Telles sont les provinces jusque-l\u00e0 contr\u00f4l\u00e9es. Il y a des provinces dont vous connaissez d\u00e9j\u00e0 les r\u00e9sultats, et dans d\u2019autres nous sommes en train de tout finaliser pour que les conclusions soient rendues publiques. Nous avons d\u00e9j\u00e0 les conclusions, on est vraiment en phase finale et bient\u00f4t certaines conclusions seront transmises \u00e0 la Justice.<\/p>\n\n\n\n<div class=\"wp-block-image\"><figure class=\"alignleft size-large is-resized\"><img loading=\"lazy\" decoding=\"async\" src=\"https:\/\/heshimardc.net\/v1\/wp-content\/uploads\/2021\/12\/WhatsApp-Image-2021-12-03-at-00.19.06-1.jpeg\" alt=\"\" class=\"wp-image-2214\" width=\"343\" height=\"365\" srcset=\"https:\/\/heshimardc.net\/v1\/wp-content\/uploads\/2021\/12\/WhatsApp-Image-2021-12-03-at-00.19.06-1.jpeg 393w, https:\/\/heshimardc.net\/v1\/wp-content\/uploads\/2021\/12\/WhatsApp-Image-2021-12-03-at-00.19.06-1-282x300.jpeg 282w, https:\/\/heshimardc.net\/v1\/wp-content\/uploads\/2021\/12\/WhatsApp-Image-2021-12-03-at-00.19.06-1-11x12.jpeg 11w\" sizes=\"(max-width: 343px) 100vw, 343px\" \/><\/figure><\/div>\n\n\n\n<p><strong>HM:\u00a0\u00a0Mais, les choses ne semblent pas bouger. Vous avez d\u00e9j\u00e0 rendu publiques les conclusions, les m\u00eames dirigeants \u00e0 qui vous avez reproch\u00e9 la mauvaise gestion sont toujours l\u00e0. Cela ne vous d\u00e9range-t-il pas ?<\/strong><\/p>\n\n\n\n<p>Non. Pourquoi \u00e7a doit nous d\u00e9ranger ? Chacun doit faire son travail. Si l\u2019Inspection G\u00e9n\u00e9rale des Finances fait le contr\u00f4le, elle \u00e9tablit les conclusions pour telle ou telle province, s\u2019il y a des faits infractionnels, nous transf\u00e9rons \u00e0 la Justice et c\u2019est \u00e0 la Justice de faire son travail. S\u2019il n\u2019y a pas de faits infractionnels, nous les transf\u00e9rons \u00e0 qui de droit.<\/p>\n\n\n\n<p><strong>HM:\u00a0Si la Justice ne fait pas son travail, \u00e7a veut dire que le travail de l\u2019IGF n\u2019aura servi \u00e0 rien ?<\/strong><\/p>\n\n\n\n<p>Si la Justice ne fait pas son travail, ce n\u2019est pas \u00e0 moi de la juger. Que faites-vous alors, vous l\u2019organe de presse ou la population ? L\u2019Inspection G\u00e9n\u00e9rale des Finances ne doit pas tout faire. Nous avons des limites dans nos comp\u00e9tences. Ce n\u2019est pas \u00e0 l\u2019IGF de juger les d\u00e9tourneurs des fonds, mais \u00e0 la Justice.<\/p>\n\n\n\n<p><strong>\u00a0HM: On vous entendait de temps en temps faire un coup de gueule parce que certains dossiers trainaient. Aujourd\u2019hui, apparemment, Jules Alingete s\u2019en est lass\u00e9 ?<\/strong><\/p>\n\n\n\n<p>Ce n\u2019est pas \u00e7a. Nous ne nous sommes pas lass\u00e9s, nous n\u2019avons pas abdiqu\u00e9, et nous ne sommes pas fatigu\u00e9s. Il faut comprendre que dans la Justice, il y a deux parties, c\u2019est\u00e0-dire, quand nous terminons, nous envoyons le dossier dans les parquets. Sur ce plan, il faut dire que les parquets font leur travail. Nous travaillons avec le Parquet G\u00e9n\u00e9ral Pr\u00e8s la Cour d\u2019Appel Gombe. Tous les dossiers que nous envoyons \u00e0 la Cour d\u2019appel de la Gombe, le travail se fait tr\u00e8s bien.<\/p>\n\n\n\n<p><strong>HM:\u00a0\u00a0Mais \u00e7a n\u2019avance pas ?<\/strong><\/p>\n\n\n\n<p>Non, \u00e7a avance. Tous les dossiers sont transmis \u00e0 la justice. Mais la Justice aussi a ses proc\u00e9dures. Je peux parler du Parquet G\u00e9n\u00e9ral Pr\u00e8s&nbsp;la Cour d\u2019Appel de la Gombe. Si par exemple nous avions envoy\u00e9 20 dossiers, il y a au moins 15 dossiers que le Parquet a trait\u00e9s, les personnes concern\u00e9es ont \u00e9t\u00e9 interpell\u00e9es et d\u2019autres sont en prison. Ensuite, que fait le parquet ? Le Parquet fixe devant la Cour et c\u2019est \u00e0 la Cour d\u2019en juger. Nous avons commenc\u00e9 et nous saisissons le parquet, parce que nous sommes auxiliaires du Parquet. Apr\u00e8s avoir fini avec le Parquet, vous voulez que nous puissions aller aussi \u00e0 la Cour ?<\/p>\n\n\n\n<p><strong>HM:\u00a0Ceux qui sont en prison constituent le menu fretin. On arr\u00eate les collaborateurs d\u2019un Gouverneur pour d\u00e9tournement mais lui-m\u00eame le titulaire vaque librement et il continue \u00e0 g\u00e9rer sa province. A quoi sert alors le travail de l\u2019IGF si la suite n\u2019est pas bien assur\u00e9e ?<\/strong><\/p>\n\n\n\n<p>Non, la suite n\u2019est pas le probl\u00e8me de l\u2019Inspection G\u00e9n\u00e9rale des Finances. Nous faisons notre travail. Au d\u00e9but, il y avait de la lenteur au niveau de la Justice. Il faut quand-m\u00eame reconnaitre que nous sommes all\u00e9s vers des proc\u00e8s \u00e0 la suite des rapports de l\u2019Inspection G\u00e9n\u00e9rale des Finances.<\/p>\n\n\n\n<p><strong>HM:\u00a0\u00a0De quel proc\u00e8s parlez-vous ? Pouvez-vous nous en citer quelques-uns ?<\/strong><\/p>\n\n\n\n<p>N\u2019avez-vous pas suivi le proc\u00e8s SECOPE, BCECO, et le tout dernier au Tribunal de Grande Instance de la Gombe avec le d\u00e9tournement des fonds au minist\u00e8re de la Formation professionnelle ? Il y a plein de proc\u00e8s.<\/p>\n\n\n\n<p><strong>HM:\u00a0Par rapport aux provinces, n\u2019y a-t-il aucun proc\u00e8s ? Je prends notamment le cas du Kongo Central. L\u2019ancien gouverneur a \u00e9t\u00e9 invit\u00e9 et nous ne l\u2019avons pas vu.<\/strong><\/p>\n\n\n\n<p>Ne me donnez pas le r\u00f4le de tout faire. Moi je suis Inspecteur G\u00e9n\u00e9ral des Finances. Je vous ai cit\u00e9 des proc\u00e8s parce que vous dites qu\u2019il n\u2019y a pas de proc\u00e8s.<\/p>\n\n\n\n<p><strong>HM:\u00a0\u00a0Mais par rapport aux provinces, voudriez-vous nous citer un seul cas de proc\u00e8s ?<\/strong><\/p>\n\n\n\n<p>Moi, je vous indique les proc\u00e8s qui ont eu lieu. Le reste, par exemple quand nous avions fait le contr\u00f4le de la province de l\u2019Equateur, nous avions envoy\u00e9 les dossiers au Parquet G\u00e9n\u00e9ral pr\u00e8s la Cour de Cassation, mais c\u2019est en instruction. Le Parquet invite les inspecteurs de temps en temps pour travailler ensemble, pour avancer dans le dossier. Dans ce cas, moi qu\u2019est-ce que je vais faire ? Je ne peux pas aller vers le Procureur G\u00e9n\u00e9ral pour lui dire que je fais tel ou tel dossier, on ne travaille pas comme \u00e7a. C\u2019est un professionnel, c\u2019est un magistrat de carri\u00e8re. Il connait son m\u00e9tier et il sait ce qu\u2019il fait. Moi je lui donne juste la mati\u00e8re.<\/p>\n\n\n\n<p><strong>HM:\u00a0\u00a0C\u2019est parce que vous dites que la justice est en train de travailler, je vous ai juste montr\u00e9 qu\u2019il y a des provinces que vous avez cit\u00e9es, o\u00f9 vous avez travaill\u00e9 sans aucun proc\u00e8s.<\/strong><\/p>\n\n\n\n<p>Vous savez, vous \u00eates press\u00e9s. Ailleurs, un proc\u00e8s ou une instruction peut prendre 2 ou 3 ans. Il faut y aller avec pr\u00e9cision, petit \u00e0 petit, r\u00e9unir tous les \u00e9l\u00e9ments. Ne pensez pas qu\u2019on transmet le dossier au mois de janvier et au mois de f\u00e9vrier il y a proc\u00e8s ainsi qu\u2019au mois de mars.<\/p>\n\n\n\n<p>\u00a0<a href=\"https:\/\/heshimardc.net\/v1\/2021\/05\/30\/interview-exclusive-de-jules-alingete-verites-sur-bukangalonzo-et-les-detournements-en-rdc\/\" target=\"_blank\" rel=\"noreferrer noopener\">Le Parquet doit parfaire le travail de l\u2019Inspection G\u00e9n\u00e9rale des Finances parce que lorsque nous envoyons le dossier au Parquet, si cela aboutit au proc\u00e8s, ce n\u2019est plus l\u2019affaire de l\u2019Inspection. C\u2019est le Parquet qui devient l\u2019accusateur<\/a>, donc il doit avoir tous les \u00e9l\u00e9ments et surtout que nous sommes dans un domaine particulier qui est le domaine des finances publiques. \u00c7a nous pose parfois certains probl\u00e8mes avec le Parquet puisqu\u2019il faut aller et expliquer afin que le dossier dont il devra endosser la responsabilit\u00e9, l\u2019amener devant le Tribunal, qu\u2019il puisse le maitriser et qu\u2019il soit convaincu. C\u2019est pour cela que \u00e7a traine.<\/p>\n\n\n\n<p>Tout cela pour justifier pourquoi dans les provinces aucun dossier n\u2019est trait\u00e9 ?<\/p>\n\n\n\n<p>&nbsp;Non, je ne dis pas \u00e7a. Le dossier de la Province de l\u2019Equateur est en pleine instruction.<\/p>\n\n\n\n<p><strong>HM:\u00a0Mais \u00e7a commence quand ?<\/strong><\/p>\n\n\n\n<p>\u00c7a va bient\u00f4t commencer.<\/p>\n\n\n\n<p><strong>HM:\u00a0Il y a des rapports que vous avez \u00e9tablis depuis 2020. 2021 touche \u00e0 sa fin et aucun proc\u00e8s n\u2019est encore rendu ?<\/strong><\/p>\n\n\n\n<p>\u00c7a ne fait qu\u2019une ann\u00e9e. C\u2019est fin 2020 que nous avions pr\u00e9sent\u00e9.<\/p>\n\n\n\n<p><strong>HM:\u00a0Pourquoi ne voulez-vous pas accepter que cela a pris du temps, le contr\u00f4le que vous menez pour les provinces. Et vous aviez d\u00e9couvert&#8230; Laissez-moi vous rappeler une de vos phrases d\u2019interviews faites pr\u00e9c\u00e9demment. Vous aviez dit que toutes les provinces sont mal g\u00e9r\u00e9es. Mais si rien n\u2019est fait, pourquoi prot\u00e9gez-vous la justice ?<\/strong><\/p>\n\n\n\n<p>Je ne peux pas prot\u00e9ger la Justice. Sachez que la Justice a tout son temps et toutes les proc\u00e9dures pour y arriver. Ne pensez pas que si vous envoyez un dossier aujourd\u2019hui, et demain c\u2019est fini. M\u00eame lorsque vous-m\u00eames vous sollicitez la justice, est-ce que \u00e7a se fait le m\u00eame mois, on fixe et vous avez la solution ? Parce qu\u2019il s\u2019agit soit de condamner ou de ne pas condamner les gens, la Justice doit faire son travail selon les r\u00e8gles de l\u2019art.<\/p>\n\n\n\n<p>Je vous dis que le dossier de la province de l\u2019Equateur est en instruction. Celui du Kongo Central, parce que vous avez voulu en parler, vous savez que le Procureur de la Cour de Cassation a pos\u00e9 des actes, a \u00e9mis des mandats d\u2019arr\u00eat, et vous \u00eates au courant de ce qui se passe aujourd\u2019hui. On ne peut pas condamner le Parquet G\u00e9n\u00e9ral pour \u00e7a. Sur le dossier du S\u00e9nat, le Procureur G\u00e9n\u00e9ral pr\u00e8s la Cour de Cassation a demand\u00e9 de lever les immunit\u00e9s.<\/p>\n\n\n\n<p>Les dossiers des membres du Parlement, des gouverneurs, etc. ont de longues proc\u00e9dures. Il faut solliciter des autorisations de poursuites, des lev\u00e9es des immunit\u00e9s, et ces immunit\u00e9s sont des obstacles dans la proc\u00e9dure. \u00c7a cr\u00e9e beaucoup de probl\u00e8mes. Je sens aujourd\u2019hui que la Justice congolaise s\u2019active sur presque la totalit\u00e9 des dossiers, mais c\u2019est un probl\u00e8me des proc\u00e9dures. Le plus important aujourd\u2019hui est que les pr\u00e9dateurs savent qu\u2019on ne s\u2019amuse plus, et l\u2019Inspection et la Justice, tous ensemble.<\/p>\n\n\n\n<p>&nbsp;Comme je vous ai dit, sur tous les dossiers que nous avons envoy\u00e9s au Parquet de la Gombe, 80% de ces dossiers sont bien trait\u00e9s. Il y a des gens qui sont encore en d\u00e9tention pr\u00e9ventive \u00e0 Makala, qui attendent le proc\u00e8s. Il y a des proc\u00e8s qui ont abouti. Je pense que le travail \u00e9volue bien.<\/p>\n\n\n\n<p><strong>HM:\u00a0Si dans 6 mois ou une ann\u00e9e, il n\u2019y a toujours pas d\u2019avanc\u00e9es, vous tiendrez le m\u00eame langage ?<\/strong><\/p>\n\n\n\n<p>Une instruction ou un dossier peut prendre deux ou trois ans. Il faut prendre votre mal en patience. L\u2019Inspection G\u00e9n\u00e9rale des Finances travaille, la Justice s\u2019active. Nous aurons \u00e0 faire avancer les choses.<\/p>\n\n\n\n<p><strong>HM:\u00a0Evoquons les entreprises du Plusieurs entreprises du portefeuille de l\u2019\u00c9tat ont vu leurs mandataires \u00eatre mis de c\u00f4t\u00e9, mais beaucoup qui ont \u00e9t\u00e9 incrimin\u00e9s par les rapports de\u00a0l\u2019IGF sont encore l\u00e0. Le cas de la REGIDESO, de la SNEL, de la DGDA, de l\u2019ARCA. Comment expliquez-vous cela ?<\/strong><\/p>\n\n\n\n<div class=\"wp-block-image\"><figure class=\"alignright size-large\"><img loading=\"lazy\" decoding=\"async\" width=\"338\" height=\"430\" src=\"https:\/\/heshimardc.net\/v1\/wp-content\/uploads\/2021\/12\/WhatsApp-Image-2021-12-03-at-00.19.06.jpeg\" alt=\"\" class=\"wp-image-2216\" srcset=\"https:\/\/heshimardc.net\/v1\/wp-content\/uploads\/2021\/12\/WhatsApp-Image-2021-12-03-at-00.19.06.jpeg 338w, https:\/\/heshimardc.net\/v1\/wp-content\/uploads\/2021\/12\/WhatsApp-Image-2021-12-03-at-00.19.06-236x300.jpeg 236w, https:\/\/heshimardc.net\/v1\/wp-content\/uploads\/2021\/12\/WhatsApp-Image-2021-12-03-at-00.19.06-9x12.jpeg 9w\" sizes=\"(max-width: 338px) 100vw, 338px\" \/><\/figure><\/div>\n\n\n\n<p>Je n\u2019ai pas connaissance d\u2019un rapport incriminant la DGDA, La SNEL. Non, parce qu\u2019elles sont encore sous contr\u00f4le de gestion au moment o\u00f9 nous parlons.<\/p>\n\n\n\n<p>Nous sommes en phase finale. Avec la REGIDESO, nous avons termin\u00e9 et le rapport se trouve entre les mains de Madame la Ministre d\u2019Etat, Ministre du Portefeuille. Nous avions transmis pour disposition utile et notre travail se limite l\u00e0.<\/p>\n\n\n\n<p><strong>HM:\u00a0Ce rapport n\u2019incriminait-il pas le dirigeant actuel de la REGIDESO ?<\/strong><\/p>\n\n\n\n<p>Nous avions transmis \u00e0 qui de droit. Vous devez savoir ceci, dans le contr\u00f4le, il y a deux directions \u00e0 prendre ou deux conclusions \u00e0 prendre. Un contr\u00f4le peut aboutir \u00e0 des faits de mauvaise gestion mais qui ne sont pas des d\u00e9tournements des deniers publics. Si mauvaise gestion il y a, on demande \u00e0 l\u2019autorit\u00e9 administrative de prendre des dispositions. Que peut faire l\u2019autorit\u00e9 administrative en cas de mauvaise gestion ? Il pourra appr\u00e9cier s\u2019il faut rappeler \u00e0 l\u2019ordre, suspendre ou r\u00e9voquer. S\u2019il y a des faits de d\u00e9tournement, il y a deux volets : soit on consulte l\u2019autorit\u00e9 administrative, soit la justice.<\/p>\n\n\n\n<p>&nbsp;Pour la REGIDESO, nous avions fait rapport au Gouvernement par son Excellence Madame la Ministre&nbsp;d\u2019Etat, Ministre du Portefeuille.<\/p>\n\n\n\n<p><strong>HM: Pour d\u00e9couvrir le contenu de ce rapport, y a-t-il eu des faits de d\u00e9tournement ou pas ?<\/strong><\/p>\n\n\n\n<p>Je me suis d\u00e9j\u00e0 dessaisi de ce rapport en remettant cela au Gouvernement. Je peux vous garantir comme vous pouvez vous y attendre, s\u2019il n\u2019y a pas de faits de d\u00e9tournements, il n\u2019y a pas non plus de bonne gestion. Je ne peux vous affirmer que la REGIDESO a \u00e9t\u00e9 bien g\u00e9r\u00e9e.<\/p>\n\n\n\n<div class=\"wp-block-image\"><figure class=\"alignleft size-large\"><img loading=\"lazy\" decoding=\"async\" width=\"220\" height=\"740\" src=\"https:\/\/heshimardc.net\/v1\/wp-content\/uploads\/2021\/12\/WhatsApp-Image-2021-12-03-at-00.19.07.jpeg\" alt=\"\" class=\"wp-image-2215\" srcset=\"https:\/\/heshimardc.net\/v1\/wp-content\/uploads\/2021\/12\/WhatsApp-Image-2021-12-03-at-00.19.07.jpeg 220w, https:\/\/heshimardc.net\/v1\/wp-content\/uploads\/2021\/12\/WhatsApp-Image-2021-12-03-at-00.19.07-89x300.jpeg 89w, https:\/\/heshimardc.net\/v1\/wp-content\/uploads\/2021\/12\/WhatsApp-Image-2021-12-03-at-00.19.07-4x12.jpeg 4w\" sizes=\"(max-width: 220px) 100vw, 220px\" \/><\/figure><\/div>\n\n\n\n<p><strong>HM:\u00a0\u00a0N\u2019\u00eates-vous pas mal \u00e0 l\u2019aise du fait que ce rapport semble toujours \u00eatre dans les tiroirs de\u00a0Madame la Ministre ?<\/strong><\/p>\n\n\n\n<p>Pourquoi dois-je \u00eatre mal \u00e0 l\u2019aise ? Ce n\u2019est pas un probl\u00e8me personnel. Moi j\u2019ai fait mon travail et je le lui ai remis. Le Gouvernement sait pourquoi jusque-l\u00e0 il n\u2019y a pas encore de sanctions ou \u00e0 quel moment il va prendre des mesures. Je ne peux pas \u00eatre mal \u00e0 l\u2019aise.<\/p>\n\n\n\n<p><strong>HM:\u00a0\u00a0\u00c7a ne vous fait rien lorsque l\u2019IGF rend un travail de fond alors que derri\u00e8re, une autorit\u00e9 le garde ?<\/strong><\/p>\n\n\n\n<p>\u00c7a me fait une fiert\u00e9 que l\u2019Inspection G\u00e9n\u00e9rale des Finances ait contr\u00f4l\u00e9 et encadr\u00e9 la REGIDESO. Etablir que la REGIDESO doit prendre une autre direction dans sa gestion et faire rapport au Gouvernement et demander au Gouvernement de prendre des mesures. Nous sommes fiers de ce que nous avions fait.<\/p>\n\n\n\n<p><strong>HM:\u00a0A quoi \u00e7a sert de r\u00e9aliser un travail d\u2019un tel calibre si derri\u00e8re des mesures ne sont pas prises ? Finalement on ne prendra plus l\u2019IGF au s\u00e9rieux ?<\/strong><\/p>\n\n\n\n<p>Je suis convaincu que les mesures vont arriver parce que nous en avions discut\u00e9.<\/p>\n\n\n\n<p><strong>HM:\u00a0On a chang\u00e9 partout sauf \u00e0 la REGIDESO ?<\/strong><\/p>\n\n\n\n<p>Les conclusions de la REGIDESO sont arriv\u00e9es bien apr\u00e8s. Je crois deux mois apr\u00e8s toutes les autres entreprises.<\/p>\n\n\n\n<p><strong>HM:\u00a0Et l\u2019ARCA ?<\/strong><\/p>\n\n\n\n<p>\u00a0L\u00e0 il faut reconnaitre qu\u2019il n\u2019y avait pas de faits graves de m\u00e9gestion ni de d\u00e9tournement. Le Gouvernement a estim\u00e9 face \u00e0 la situation d\u2019ARCA, d\u2019adresser une lettre de bl\u00e2me \u00e0 la Direction de l\u2019ARCA. C\u2019est ce qui a \u00e9t\u00e9 fait. Peut-\u00eatre que les gens ne sont pas au courant.<\/p>\n\n\n\n<p><\/p>\n\n\n\n<p>Propos recueillis par<br>Thierry KAMBUNDI<\/p>\n","protected":false},"excerpt":{"rendered":"<p>HM: Concernant le travail que vous avez r\u00e9alis\u00e9 en provinces. O\u00f9 en est-t-on aujourd\u2019hui, puisque vous avez d\u00e9ploy\u00e9 du personnel un peu partout pour enqu\u00eater sur la gestion de diff\u00e9rentes provinces et le premier rapport que vous avez publi\u00e9 \u00e9tait plut\u00f4t alarmant ? Pour le contr\u00f4le dans les provinces, nous avions eu \u00e0 contr\u00f4ler la [&hellip;]<\/p>\n","protected":false},"author":2,"featured_media":2217,"comment_status":"closed","ping_status":"closed","sticky":false,"template":"","format":"standard","meta":{"footnotes":""},"categories":[1],"tags":[202,182],"class_list":["post-2213","post","type-post","status-publish","format-standard","has-post-thumbnail","hentry","category-interview","tag-igf","tag-rdc"],"yoast_head":"<!-- This site is optimized with the Yoast SEO plugin v23.3 - https:\/\/yoast.com\/wordpress\/plugins\/seo\/ -->\n<title>IGF- Jules ALINGETE: Si la Justice ne fait pas son travail, ce n\u2019est pas \u00e0 moi de la juger. - HESHIMA MAGAZINE<\/title>\n<meta name=\"description\" content=\"Pour le contr\u00f4le dans les provinces, nous avions eu \u00e0 contr\u00f4ler la province de l\u2019Equateur, la ville-province de Kinshasa, la province du Bandundu, du Kwango, Kongo central, Lualaba, Haut-Katanga, Haut-Lomami, Tanganyika. Telles sont les provinces jusque-l\u00e0 contr\u00f4l\u00e9es. Il y a des provinces dont vous connaissez d\u00e9j\u00e0 les r\u00e9sultats, et dans d\u2019autres nous sommes en train de tout finaliser pour que les conclusions soient rendues publiques. Nous avons d\u00e9j\u00e0 les conclusions, on est vraiment en phase finale et bient\u00f4t certaines conclusions seront transmises \u00e0 la Justice.\" \/>\n<meta name=\"robots\" content=\"index, follow, max-snippet:-1, max-image-preview:large, max-video-preview:-1\" \/>\n<link rel=\"canonical\" href=\"https:\/\/heshimardc.net\/v1\/2021\/12\/07\/igf-jules-alingete-si-la-justice-ne-fait-pas-son-travail-ce-nest-pas-a-moi-de-la-juger\/\" \/>\n<meta property=\"og:locale\" content=\"fr_FR\" \/>\n<meta property=\"og:type\" content=\"article\" \/>\n<meta property=\"og:title\" content=\"IGF- Jules ALINGETE: Si la Justice ne fait pas son travail, ce n\u2019est pas \u00e0 moi de la juger. - HESHIMA MAGAZINE\" \/>\n<meta property=\"og:description\" content=\"Pour le contr\u00f4le dans les provinces, nous avions eu \u00e0 contr\u00f4ler la province de l\u2019Equateur, la ville-province de Kinshasa, la province du Bandundu, du Kwango, Kongo central, Lualaba, Haut-Katanga, Haut-Lomami, Tanganyika. Telles sont les provinces jusque-l\u00e0 contr\u00f4l\u00e9es. Il y a des provinces dont vous connaissez d\u00e9j\u00e0 les r\u00e9sultats, et dans d\u2019autres nous sommes en train de tout finaliser pour que les conclusions soient rendues publiques. Nous avons d\u00e9j\u00e0 les conclusions, on est vraiment en phase finale et bient\u00f4t certaines conclusions seront transmises \u00e0 la Justice.\" \/>\n<meta property=\"og:url\" content=\"https:\/\/heshimardc.net\/v1\/2021\/12\/07\/igf-jules-alingete-si-la-justice-ne-fait-pas-son-travail-ce-nest-pas-a-moi-de-la-juger\/\" \/>\n<meta property=\"og:site_name\" content=\"HESHIMA MAGAZINE\" \/>\n<meta property=\"article:publisher\" content=\"https:\/\/www.facebook.com\/heshimamagazine\" \/>\n<meta property=\"article:published_time\" content=\"2021-12-07T07:49:04+00:00\" \/>\n<meta property=\"article:modified_time\" content=\"2021-12-07T07:49:06+00:00\" \/>\n<meta property=\"og:image\" content=\"https:\/\/heshimardc.net\/v1\/wp-content\/uploads\/2021\/12\/WhatsApp-Image-2021-12-07-at-08.41.11.jpeg\" \/>\n\t<meta property=\"og:image:width\" content=\"2048\" \/>\n\t<meta property=\"og:image:height\" content=\"2048\" \/>\n\t<meta property=\"og:image:type\" content=\"image\/jpeg\" \/>\n<meta name=\"author\" content=\"RedactionH\" \/>\n<meta name=\"twitter:card\" content=\"summary_large_image\" \/>\n<meta name=\"twitter:creator\" content=\"@HeshimaMag\" \/>\n<meta name=\"twitter:site\" content=\"@HeshimaMag\" \/>\n<meta name=\"twitter:label1\" content=\"\u00c9crit par\" \/>\n\t<meta name=\"twitter:data1\" content=\"RedactionH\" \/>\n\t<meta name=\"twitter:label2\" content=\"Dur\u00e9e de lecture estim\u00e9e\" \/>\n\t<meta name=\"twitter:data2\" content=\"10 minutes\" \/>\n<script type=\"application\/ld+json\" class=\"yoast-schema-graph\">{\"@context\":\"https:\/\/schema.org\",\"@graph\":[{\"@type\":\"Article\",\"@id\":\"https:\/\/heshimardc.net\/v1\/2021\/12\/07\/igf-jules-alingete-si-la-justice-ne-fait-pas-son-travail-ce-nest-pas-a-moi-de-la-juger\/#article\",\"isPartOf\":{\"@id\":\"https:\/\/heshimardc.net\/v1\/2021\/12\/07\/igf-jules-alingete-si-la-justice-ne-fait-pas-son-travail-ce-nest-pas-a-moi-de-la-juger\/\"},\"author\":{\"name\":\"RedactionH\",\"@id\":\"https:\/\/heshimardc.net\/v1\/#\/schema\/person\/c74a2d47650131f158dc4a027547a532\"},\"headline\":\"IGF- Jules ALINGETE: Si la Justice ne fait pas son travail, ce n\u2019est pas \u00e0 moi de la juger.\",\"datePublished\":\"2021-12-07T07:49:04+00:00\",\"dateModified\":\"2021-12-07T07:49:06+00:00\",\"mainEntityOfPage\":{\"@id\":\"https:\/\/heshimardc.net\/v1\/2021\/12\/07\/igf-jules-alingete-si-la-justice-ne-fait-pas-son-travail-ce-nest-pas-a-moi-de-la-juger\/\"},\"wordCount\":2386,\"publisher\":{\"@id\":\"https:\/\/heshimardc.net\/v1\/#organization\"},\"image\":{\"@id\":\"https:\/\/heshimardc.net\/v1\/2021\/12\/07\/igf-jules-alingete-si-la-justice-ne-fait-pas-son-travail-ce-nest-pas-a-moi-de-la-juger\/#primaryimage\"},\"thumbnailUrl\":\"https:\/\/heshimardc.net\/v1\/wp-content\/uploads\/2021\/12\/WhatsApp-Image-2021-12-07-at-08.41.11.jpeg\",\"keywords\":[\"IGF\",\"RDC\"],\"articleSection\":[\"Interview\"],\"inLanguage\":\"fr-FR\"},{\"@type\":\"WebPage\",\"@id\":\"https:\/\/heshimardc.net\/v1\/2021\/12\/07\/igf-jules-alingete-si-la-justice-ne-fait-pas-son-travail-ce-nest-pas-a-moi-de-la-juger\/\",\"url\":\"https:\/\/heshimardc.net\/v1\/2021\/12\/07\/igf-jules-alingete-si-la-justice-ne-fait-pas-son-travail-ce-nest-pas-a-moi-de-la-juger\/\",\"name\":\"IGF- Jules ALINGETE: Si la Justice ne fait pas son travail, ce n\u2019est pas \u00e0 moi de la juger. - HESHIMA MAGAZINE\",\"isPartOf\":{\"@id\":\"https:\/\/heshimardc.net\/v1\/#website\"},\"primaryImageOfPage\":{\"@id\":\"https:\/\/heshimardc.net\/v1\/2021\/12\/07\/igf-jules-alingete-si-la-justice-ne-fait-pas-son-travail-ce-nest-pas-a-moi-de-la-juger\/#primaryimage\"},\"image\":{\"@id\":\"https:\/\/heshimardc.net\/v1\/2021\/12\/07\/igf-jules-alingete-si-la-justice-ne-fait-pas-son-travail-ce-nest-pas-a-moi-de-la-juger\/#primaryimage\"},\"thumbnailUrl\":\"https:\/\/heshimardc.net\/v1\/wp-content\/uploads\/2021\/12\/WhatsApp-Image-2021-12-07-at-08.41.11.jpeg\",\"datePublished\":\"2021-12-07T07:49:04+00:00\",\"dateModified\":\"2021-12-07T07:49:06+00:00\",\"description\":\"Pour le contr\u00f4le dans les provinces, nous avions eu \u00e0 contr\u00f4ler la province de l\u2019Equateur, la ville-province de Kinshasa, la province du Bandundu, du Kwango, Kongo central, Lualaba, Haut-Katanga, Haut-Lomami, Tanganyika. Telles sont les provinces jusque-l\u00e0 contr\u00f4l\u00e9es. Il y a des provinces dont vous connaissez d\u00e9j\u00e0 les r\u00e9sultats, et dans d\u2019autres nous sommes en train de tout finaliser pour que les conclusions soient rendues publiques. Nous avons d\u00e9j\u00e0 les conclusions, on est vraiment en phase finale et bient\u00f4t certaines conclusions seront transmises \u00e0 la Justice.\",\"breadcrumb\":{\"@id\":\"https:\/\/heshimardc.net\/v1\/2021\/12\/07\/igf-jules-alingete-si-la-justice-ne-fait-pas-son-travail-ce-nest-pas-a-moi-de-la-juger\/#breadcrumb\"},\"inLanguage\":\"fr-FR\",\"potentialAction\":[{\"@type\":\"ReadAction\",\"target\":[\"https:\/\/heshimardc.net\/v1\/2021\/12\/07\/igf-jules-alingete-si-la-justice-ne-fait-pas-son-travail-ce-nest-pas-a-moi-de-la-juger\/\"]}]},{\"@type\":\"ImageObject\",\"inLanguage\":\"fr-FR\",\"@id\":\"https:\/\/heshimardc.net\/v1\/2021\/12\/07\/igf-jules-alingete-si-la-justice-ne-fait-pas-son-travail-ce-nest-pas-a-moi-de-la-juger\/#primaryimage\",\"url\":\"https:\/\/heshimardc.net\/v1\/wp-content\/uploads\/2021\/12\/WhatsApp-Image-2021-12-07-at-08.41.11.jpeg\",\"contentUrl\":\"https:\/\/heshimardc.net\/v1\/wp-content\/uploads\/2021\/12\/WhatsApp-Image-2021-12-07-at-08.41.11.jpeg\",\"width\":2048,\"height\":2048},{\"@type\":\"BreadcrumbList\",\"@id\":\"https:\/\/heshimardc.net\/v1\/2021\/12\/07\/igf-jules-alingete-si-la-justice-ne-fait-pas-son-travail-ce-nest-pas-a-moi-de-la-juger\/#breadcrumb\",\"itemListElement\":[{\"@type\":\"ListItem\",\"position\":1,\"name\":\"Accueil\",\"item\":\"https:\/\/heshimardc.net\/v1\/\"},{\"@type\":\"ListItem\",\"position\":2,\"name\":\"IGF- Jules ALINGETE: Si la Justice ne fait pas son travail, ce n\u2019est pas \u00e0 moi de la juger.\"}]},{\"@type\":\"WebSite\",\"@id\":\"https:\/\/heshimardc.net\/v1\/#website\",\"url\":\"https:\/\/heshimardc.net\/v1\/\",\"name\":\"HESHIMA MAGAZINE\",\"description\":\"Le magazine Congolais qui bat au rythme de l&#039;actualit\u00e9\",\"publisher\":{\"@id\":\"https:\/\/heshimardc.net\/v1\/#organization\"},\"potentialAction\":[{\"@type\":\"SearchAction\",\"target\":{\"@type\":\"EntryPoint\",\"urlTemplate\":\"https:\/\/heshimardc.net\/v1\/?s={search_term_string}\"},\"query-input\":\"required name=search_term_string\"}],\"inLanguage\":\"fr-FR\"},{\"@type\":\"Organization\",\"@id\":\"https:\/\/heshimardc.net\/v1\/#organization\",\"name\":\"HESHIMA MAGAZINE\",\"url\":\"https:\/\/heshimardc.net\/v1\/\",\"logo\":{\"@type\":\"ImageObject\",\"inLanguage\":\"fr-FR\",\"@id\":\"https:\/\/heshimardc.net\/v1\/#\/schema\/logo\/image\/\",\"url\":\"https:\/\/heshimardc.net\/v1\/wp-content\/uploads\/2020\/09\/logo.png\",\"contentUrl\":\"https:\/\/heshimardc.net\/v1\/wp-content\/uploads\/2020\/09\/logo.png\",\"width\":99,\"height\":130,\"caption\":\"HESHIMA MAGAZINE\"},\"image\":{\"@id\":\"https:\/\/heshimardc.net\/v1\/#\/schema\/logo\/image\/\"},\"sameAs\":[\"https:\/\/www.facebook.com\/heshimamagazine\",\"https:\/\/x.com\/HeshimaMag\"]},{\"@type\":\"Person\",\"@id\":\"https:\/\/heshimardc.net\/v1\/#\/schema\/person\/c74a2d47650131f158dc4a027547a532\",\"name\":\"RedactionH\",\"image\":{\"@type\":\"ImageObject\",\"inLanguage\":\"fr-FR\",\"@id\":\"https:\/\/heshimardc.net\/v1\/#\/schema\/person\/image\/\",\"url\":\"https:\/\/secure.gravatar.com\/avatar\/a52112f8496f362a38bf46c70ca9e956?s=96&d=mm&r=g\",\"contentUrl\":\"https:\/\/secure.gravatar.com\/avatar\/a52112f8496f362a38bf46c70ca9e956?s=96&d=mm&r=g\",\"caption\":\"RedactionH\"},\"sameAs\":[\"http:\/\/www.heshimardc.net\"],\"url\":\"https:\/\/heshimardc.net\/v1\/author\/redactionh\/\"}]}<\/script>\n<!-- \/ Yoast SEO plugin. -->","yoast_head_json":{"title":"IGF- Jules ALINGETE: Si la Justice ne fait pas son travail, ce n\u2019est pas \u00e0 moi de la juger. - HESHIMA MAGAZINE","description":"Pour le contr\u00f4le dans les provinces, nous avions eu \u00e0 contr\u00f4ler la province de l\u2019Equateur, la ville-province de Kinshasa, la province du Bandundu, du Kwango, Kongo central, Lualaba, Haut-Katanga, Haut-Lomami, Tanganyika. Telles sont les provinces jusque-l\u00e0 contr\u00f4l\u00e9es. Il y a des provinces dont vous connaissez d\u00e9j\u00e0 les r\u00e9sultats, et dans d\u2019autres nous sommes en train de tout finaliser pour que les conclusions soient rendues publiques. Nous avons d\u00e9j\u00e0 les conclusions, on est vraiment en phase finale et bient\u00f4t certaines conclusions seront transmises \u00e0 la Justice.","robots":{"index":"index","follow":"follow","max-snippet":"max-snippet:-1","max-image-preview":"max-image-preview:large","max-video-preview":"max-video-preview:-1"},"canonical":"https:\/\/heshimardc.net\/v1\/2021\/12\/07\/igf-jules-alingete-si-la-justice-ne-fait-pas-son-travail-ce-nest-pas-a-moi-de-la-juger\/","og_locale":"fr_FR","og_type":"article","og_title":"IGF- Jules ALINGETE: Si la Justice ne fait pas son travail, ce n\u2019est pas \u00e0 moi de la juger. - HESHIMA MAGAZINE","og_description":"Pour le contr\u00f4le dans les provinces, nous avions eu \u00e0 contr\u00f4ler la province de l\u2019Equateur, la ville-province de Kinshasa, la province du Bandundu, du Kwango, Kongo central, Lualaba, Haut-Katanga, Haut-Lomami, Tanganyika. Telles sont les provinces jusque-l\u00e0 contr\u00f4l\u00e9es. Il y a des provinces dont vous connaissez d\u00e9j\u00e0 les r\u00e9sultats, et dans d\u2019autres nous sommes en train de tout finaliser pour que les conclusions soient rendues publiques. Nous avons d\u00e9j\u00e0 les conclusions, on est vraiment en phase finale et bient\u00f4t certaines conclusions seront transmises \u00e0 la Justice.","og_url":"https:\/\/heshimardc.net\/v1\/2021\/12\/07\/igf-jules-alingete-si-la-justice-ne-fait-pas-son-travail-ce-nest-pas-a-moi-de-la-juger\/","og_site_name":"HESHIMA MAGAZINE","article_publisher":"https:\/\/www.facebook.com\/heshimamagazine","article_published_time":"2021-12-07T07:49:04+00:00","article_modified_time":"2021-12-07T07:49:06+00:00","og_image":[{"width":2048,"height":2048,"url":"https:\/\/heshimardc.net\/v1\/wp-content\/uploads\/2021\/12\/WhatsApp-Image-2021-12-07-at-08.41.11.jpeg","type":"image\/jpeg"}],"author":"RedactionH","twitter_card":"summary_large_image","twitter_creator":"@HeshimaMag","twitter_site":"@HeshimaMag","twitter_misc":{"\u00c9crit par":"RedactionH","Dur\u00e9e de lecture estim\u00e9e":"10 minutes"},"schema":{"@context":"https:\/\/schema.org","@graph":[{"@type":"Article","@id":"https:\/\/heshimardc.net\/v1\/2021\/12\/07\/igf-jules-alingete-si-la-justice-ne-fait-pas-son-travail-ce-nest-pas-a-moi-de-la-juger\/#article","isPartOf":{"@id":"https:\/\/heshimardc.net\/v1\/2021\/12\/07\/igf-jules-alingete-si-la-justice-ne-fait-pas-son-travail-ce-nest-pas-a-moi-de-la-juger\/"},"author":{"name":"RedactionH","@id":"https:\/\/heshimardc.net\/v1\/#\/schema\/person\/c74a2d47650131f158dc4a027547a532"},"headline":"IGF- Jules ALINGETE: Si la Justice ne fait pas son travail, ce n\u2019est pas \u00e0 moi de la juger.","datePublished":"2021-12-07T07:49:04+00:00","dateModified":"2021-12-07T07:49:06+00:00","mainEntityOfPage":{"@id":"https:\/\/heshimardc.net\/v1\/2021\/12\/07\/igf-jules-alingete-si-la-justice-ne-fait-pas-son-travail-ce-nest-pas-a-moi-de-la-juger\/"},"wordCount":2386,"publisher":{"@id":"https:\/\/heshimardc.net\/v1\/#organization"},"image":{"@id":"https:\/\/heshimardc.net\/v1\/2021\/12\/07\/igf-jules-alingete-si-la-justice-ne-fait-pas-son-travail-ce-nest-pas-a-moi-de-la-juger\/#primaryimage"},"thumbnailUrl":"https:\/\/heshimardc.net\/v1\/wp-content\/uploads\/2021\/12\/WhatsApp-Image-2021-12-07-at-08.41.11.jpeg","keywords":["IGF","RDC"],"articleSection":["Interview"],"inLanguage":"fr-FR"},{"@type":"WebPage","@id":"https:\/\/heshimardc.net\/v1\/2021\/12\/07\/igf-jules-alingete-si-la-justice-ne-fait-pas-son-travail-ce-nest-pas-a-moi-de-la-juger\/","url":"https:\/\/heshimardc.net\/v1\/2021\/12\/07\/igf-jules-alingete-si-la-justice-ne-fait-pas-son-travail-ce-nest-pas-a-moi-de-la-juger\/","name":"IGF- Jules ALINGETE: Si la Justice ne fait pas son travail, ce n\u2019est pas \u00e0 moi de la juger. - HESHIMA MAGAZINE","isPartOf":{"@id":"https:\/\/heshimardc.net\/v1\/#website"},"primaryImageOfPage":{"@id":"https:\/\/heshimardc.net\/v1\/2021\/12\/07\/igf-jules-alingete-si-la-justice-ne-fait-pas-son-travail-ce-nest-pas-a-moi-de-la-juger\/#primaryimage"},"image":{"@id":"https:\/\/heshimardc.net\/v1\/2021\/12\/07\/igf-jules-alingete-si-la-justice-ne-fait-pas-son-travail-ce-nest-pas-a-moi-de-la-juger\/#primaryimage"},"thumbnailUrl":"https:\/\/heshimardc.net\/v1\/wp-content\/uploads\/2021\/12\/WhatsApp-Image-2021-12-07-at-08.41.11.jpeg","datePublished":"2021-12-07T07:49:04+00:00","dateModified":"2021-12-07T07:49:06+00:00","description":"Pour le contr\u00f4le dans les provinces, nous avions eu \u00e0 contr\u00f4ler la province de l\u2019Equateur, la ville-province de Kinshasa, la province du Bandundu, du Kwango, Kongo central, Lualaba, Haut-Katanga, Haut-Lomami, Tanganyika. Telles sont les provinces jusque-l\u00e0 contr\u00f4l\u00e9es. Il y a des provinces dont vous connaissez d\u00e9j\u00e0 les r\u00e9sultats, et dans d\u2019autres nous sommes en train de tout finaliser pour que les conclusions soient rendues publiques. Nous avons d\u00e9j\u00e0 les conclusions, on est vraiment en phase finale et bient\u00f4t certaines conclusions seront transmises \u00e0 la Justice.","breadcrumb":{"@id":"https:\/\/heshimardc.net\/v1\/2021\/12\/07\/igf-jules-alingete-si-la-justice-ne-fait-pas-son-travail-ce-nest-pas-a-moi-de-la-juger\/#breadcrumb"},"inLanguage":"fr-FR","potentialAction":[{"@type":"ReadAction","target":["https:\/\/heshimardc.net\/v1\/2021\/12\/07\/igf-jules-alingete-si-la-justice-ne-fait-pas-son-travail-ce-nest-pas-a-moi-de-la-juger\/"]}]},{"@type":"ImageObject","inLanguage":"fr-FR","@id":"https:\/\/heshimardc.net\/v1\/2021\/12\/07\/igf-jules-alingete-si-la-justice-ne-fait-pas-son-travail-ce-nest-pas-a-moi-de-la-juger\/#primaryimage","url":"https:\/\/heshimardc.net\/v1\/wp-content\/uploads\/2021\/12\/WhatsApp-Image-2021-12-07-at-08.41.11.jpeg","contentUrl":"https:\/\/heshimardc.net\/v1\/wp-content\/uploads\/2021\/12\/WhatsApp-Image-2021-12-07-at-08.41.11.jpeg","width":2048,"height":2048},{"@type":"BreadcrumbList","@id":"https:\/\/heshimardc.net\/v1\/2021\/12\/07\/igf-jules-alingete-si-la-justice-ne-fait-pas-son-travail-ce-nest-pas-a-moi-de-la-juger\/#breadcrumb","itemListElement":[{"@type":"ListItem","position":1,"name":"Accueil","item":"https:\/\/heshimardc.net\/v1\/"},{"@type":"ListItem","position":2,"name":"IGF- Jules ALINGETE: Si la Justice ne fait pas son travail, ce n\u2019est pas \u00e0 moi de la juger."}]},{"@type":"WebSite","@id":"https:\/\/heshimardc.net\/v1\/#website","url":"https:\/\/heshimardc.net\/v1\/","name":"HESHIMA MAGAZINE","description":"Le magazine Congolais qui bat au rythme de l&#039;actualit\u00e9","publisher":{"@id":"https:\/\/heshimardc.net\/v1\/#organization"},"potentialAction":[{"@type":"SearchAction","target":{"@type":"EntryPoint","urlTemplate":"https:\/\/heshimardc.net\/v1\/?s={search_term_string}"},"query-input":"required name=search_term_string"}],"inLanguage":"fr-FR"},{"@type":"Organization","@id":"https:\/\/heshimardc.net\/v1\/#organization","name":"HESHIMA MAGAZINE","url":"https:\/\/heshimardc.net\/v1\/","logo":{"@type":"ImageObject","inLanguage":"fr-FR","@id":"https:\/\/heshimardc.net\/v1\/#\/schema\/logo\/image\/","url":"https:\/\/heshimardc.net\/v1\/wp-content\/uploads\/2020\/09\/logo.png","contentUrl":"https:\/\/heshimardc.net\/v1\/wp-content\/uploads\/2020\/09\/logo.png","width":99,"height":130,"caption":"HESHIMA MAGAZINE"},"image":{"@id":"https:\/\/heshimardc.net\/v1\/#\/schema\/logo\/image\/"},"sameAs":["https:\/\/www.facebook.com\/heshimamagazine","https:\/\/x.com\/HeshimaMag"]},{"@type":"Person","@id":"https:\/\/heshimardc.net\/v1\/#\/schema\/person\/c74a2d47650131f158dc4a027547a532","name":"RedactionH","image":{"@type":"ImageObject","inLanguage":"fr-FR","@id":"https:\/\/heshimardc.net\/v1\/#\/schema\/person\/image\/","url":"https:\/\/secure.gravatar.com\/avatar\/a52112f8496f362a38bf46c70ca9e956?s=96&d=mm&r=g","contentUrl":"https:\/\/secure.gravatar.com\/avatar\/a52112f8496f362a38bf46c70ca9e956?s=96&d=mm&r=g","caption":"RedactionH"},"sameAs":["http:\/\/www.heshimardc.net"],"url":"https:\/\/heshimardc.net\/v1\/author\/redactionh\/"}]}},"amp_enabled":true,"_links":{"self":[{"href":"https:\/\/heshimardc.net\/v1\/wp-json\/wp\/v2\/posts\/2213"}],"collection":[{"href":"https:\/\/heshimardc.net\/v1\/wp-json\/wp\/v2\/posts"}],"about":[{"href":"https:\/\/heshimardc.net\/v1\/wp-json\/wp\/v2\/types\/post"}],"author":[{"embeddable":true,"href":"https:\/\/heshimardc.net\/v1\/wp-json\/wp\/v2\/users\/2"}],"replies":[{"embeddable":true,"href":"https:\/\/heshimardc.net\/v1\/wp-json\/wp\/v2\/comments?post=2213"}],"version-history":[{"count":1,"href":"https:\/\/heshimardc.net\/v1\/wp-json\/wp\/v2\/posts\/2213\/revisions"}],"predecessor-version":[{"id":2218,"href":"https:\/\/heshimardc.net\/v1\/wp-json\/wp\/v2\/posts\/2213\/revisions\/2218"}],"wp:featuredmedia":[{"embeddable":true,"href":"https:\/\/heshimardc.net\/v1\/wp-json\/wp\/v2\/media\/2217"}],"wp:attachment":[{"href":"https:\/\/heshimardc.net\/v1\/wp-json\/wp\/v2\/media?parent=2213"}],"wp:term":[{"taxonomy":"category","embeddable":true,"href":"https:\/\/heshimardc.net\/v1\/wp-json\/wp\/v2\/categories?post=2213"},{"taxonomy":"post_tag","embeddable":true,"href":"https:\/\/heshimardc.net\/v1\/wp-json\/wp\/v2\/tags?post=2213"}],"curies":[{"name":"wp","href":"https:\/\/api.w.org\/{rel}","templated":true}]}}