{"id":2220,"date":"2021-12-10T07:38:30","date_gmt":"2021-12-10T07:38:30","guid":{"rendered":"https:\/\/heshimardc.net\/v1\/?p=2220"},"modified":"2021-12-10T07:52:18","modified_gmt":"2021-12-10T07:52:18","slug":"interview-exclusive-claude-ibalanky-ekolomba-coordonnateur-du-comite-executif-du-mecanisme-national-du-suivi-de-laccord-cadre-daddis-abeba","status":"publish","type":"post","link":"https:\/\/heshimardc.net\/v1\/2021\/12\/10\/interview-exclusive-claude-ibalanky-ekolomba-coordonnateur-du-comite-executif-du-mecanisme-national-du-suivi-de-laccord-cadre-daddis-abeba\/","title":{"rendered":"INTERVIEW EXCLUSIVE :Claude IBALANKY EKOLOMBA Coordonnateur du Comit\u00e9 Ex\u00e9cutif du M\u00e9canisme National du Suivi de l\u2019Accord-cadre d\u2019Addis-Abeba"},"content":{"rendered":"\n<p class=\"has-text-color has-medium-font-size\" style=\"color:#444\"><strong>HM: Actualit\u00e9 oblige. Le sommet des chefs d\u2019Etat et de Gouvernement des pays signataires de l\u2019Accord-cadre d\u2019Addis-Abeba pr\u00e9vu, apr\u00e8s plusieurs reports, le 08 d\u00e9cembre prochain, a de nouveau \u00e9t\u00e9 repouss\u00e9. Quelle est la situation \u00e0 ce jour ?<\/strong><\/p>\n\n\n\n<p>IBALANKY EKOLOMBA Claude : Effectivement, apr\u00e8s des reports du Sommet en 2019 d\u00fbs \u00e0 l\u2019attente de la mise en place du nouveau Gouvernement issu de l\u2019alternance d\u00e9mocratique pour marquer ce grand \u00e9v\u00e9nement, en 2020 suite \u00e0 la pand\u00e9mie de Covid-19, en 2021 \u00e0 cause de cette \u00e9pid\u00e9mie et de l\u2019imp\u00e9ratif d\u2019harmoniser les agendas aux niveaux sous-r\u00e9gional, r\u00e9gional et international, il s\u2019est d\u00e9gag\u00e9, avec l\u2019accompagnement des Institutions garantes de&nbsp;l\u2019Accord-cadre d\u2019Addis-Abeba, un consensus sur la tenue de la R\u00e9union de haut niveau des Chefs d\u2019Etat et de Gouvernement des pays signataires de l\u2019Accord-cadre d\u2019Addis-Abeba le 24 f\u00e9vrier 2022 en mode hybride \u00e0 Kinshasa. Cette date marque le neuvi\u00e8me anniversaire de la signature de l\u2019Accord-cadre. Il sera donc symbolique pour donner un nouvel \u00e9lan \u00e0 la dynamique de la recherche de la paix et de la stabilit\u00e9 dans la R\u00e9gion menac\u00e9e non plus seulement par les groupes arm\u00e9s locaux et \u00e9trangers mais aussi par le terrorisme islamiste qui ignore les fronti\u00e8res nationales.<\/p>\n\n\n\n<p class=\"has-text-color has-medium-font-size\" style=\"color:#444\"><strong>HM:&nbsp;En quoi l\u2019Accord-cadre d\u2019Addis-Abeba est-il encore opportun plus de huit ans apr\u00e8s sa signature ?<\/strong><\/p>\n\n\n\n<p>IEC: L\u2019accord-cadre a \u00e9t\u00e9 ent\u00e9rin\u00e9 par le Conseil de s\u00e9curit\u00e9 des Nations Unies par sa R\u00e9solution 2098 du 28 mars 2013. Depuis, le Conseil&nbsp;&nbsp;de s\u00e9curit\u00e9 ne cesse d\u2019affirmer que l\u2019Accord-cadre est un outil essentiel pour une paix durable et la stabilit\u00e9 en RDC et dans la R\u00e9gion. C\u2019est \u00e0 ce titre qu\u2019il examine annuellement la situation en RDC et dans la R\u00e9gion \u00e0 la lumi\u00e8re de l\u2019Accord-cadre. Il nous revient, malgr\u00e9 les faiblesses dudit Accord-cadre, d\u2019en capitaliser les opportunit\u00e9s. N\u2019oublions pas que, fondamentalement, l\u2019Accord-cadre pose un probl\u00e8me : la stabilit\u00e9 de la R\u00e9gion est fonction du remodelage de la RDC appel\u00e9e \u00e0 jouer pleinement sa vocation d\u2019Etat pivot. Il nous revient de nous interroger sur notre mani\u00e8re de r\u00e9pondre en tant que communaut\u00e9 de destin \u00e0 cette responsabilit\u00e9. Ceci reste d\u2019actualit\u00e9.<\/p>\n\n\n\n<p class=\"has-text-color\" style=\"color:#444\"><strong>HM: De quoi le pays a-t-il b\u00e9n\u00e9fici\u00e9 de l\u2019Accord-cadre d\u2019Addis-Abeba huit ans apr\u00e8s ?<\/strong><\/p>\n\n\n\n<p>IEC: L\u2019Accord-cadre a imm\u00e9diatement donn\u00e9 lieu \u00e0 la cr\u00e9ation, \u00e0 titre exceptionnel, par le Conseil de s\u00e9curit\u00e9 d\u2019une Brigade d\u2019intervention pour appuyer les Forces Arm\u00e9es de la RDC dans leurs efforts de neutralisation des groupes arm\u00e9s. L\u2019arm\u00e9e a d\u00e9fait le M23. Cette victoire est tr\u00e8s significative dans l\u2019histoire de la RDC.<\/p>\n\n\n\n<p>En outre, suite \u00e0 l\u2019Accord-cadre, il y a eu une forte mobilisation internationale sur la RDC. Ceci a aussi particip\u00e9 \u00e0 renforcer la dynamique interne pour la tenue des \u00e9lections en 2018.<\/p>\n\n\n\n<p>&nbsp;L\u2019Accord-cadre demeure avant tout de port\u00e9e infrastructurelle c\u2019est-\u00e0-dire se situe au niveau du soubassement de r\u00e9formes \u00e0 engager et \u00e0 poursuivre pour remodeler l\u2019\u00c9tat et l\u2019inscrire dans une normalit\u00e9 fonctionnelle qui participe de sa puissance. Ces r\u00e9formes sont plurielles et concernent tous les secteurs de la vie nationale, y compris les Finances publiques qui enregistrent aujourd\u2019hui un niveau d\u2019assainissement sans pr\u00e9c\u00e9dent.<\/p>\n\n\n\n<p class=\"has-text-color has-medium-font-size\" style=\"color:#444\"><strong>HM:&nbsp;Dans l\u2019Est du pays, la situation s\u00e9curitaire demeure pr\u00e9occupante. Des attaques attribu\u00e9es au M23 n\u2019attestent-elles pas la duplicit\u00e9 de certains pays voisins, signataires de l\u2019Accord-cadre d\u2019Addis-Abeba ?<\/strong><\/p>\n\n\n\n<p>IEC: Le M23 n\u2019existe plus en tant que groupe arm\u00e9. Nous sommes dans un processus de rapatriement des ex-combattants n\u2019ayant pas commis des crimes. Ceux qui ont commis des crimes tentent des vell\u00e9it\u00e9s d\u00e9stabilisatrices vou\u00e9es \u00e0 l\u2019\u00e9chec.<a href=\"https:\/\/heshimardc.net\/v1\/2020\/12\/19\/consultations-presidentielles-fatshi-deboulonne\/\" target=\"_blank\" rel=\"noreferrer noopener\"> Sous l\u2019impulsion du Pr\u00e9sident de la R\u00e9publique, Son Excellence Monsieur F\u00e9lix Antoine TSHISEKEDI TSHILOMBO<\/a>, la diplomatie congolaise est dans une dynamique de rapprochement et de dialogue avec tous les pays de la R\u00e9gion en vue de r\u00e9soudre les probl\u00e8mes aux fronti\u00e8res communes. Les services de renseignement et de s\u00e9curit\u00e9 restent en alerte pour d\u00e9jouer et faire subir la loi de la force \u00e0 toute aventure de mauvais go\u00fbt. C\u2019est un processus qui devrait rassurer toute la R\u00e9gion de la n\u00e9cessit\u00e9 de favoriser la coop\u00e9ration pour l\u2019int\u00e9r\u00eat de tous et surtout des populations de tous les Etats.<\/p>\n\n\n\n<p>Cette strat\u00e9gie paie et fait avancer les efforts de paix dont les r\u00e9sultats seront plus perceptibles au fil du temps. Car, l\u2019objectif n\u2019est pas d\u2019ordre conjoncturel mais plut\u00f4t structurel.<\/p>\n\n\n\n<p class=\"has-text-color has-medium-font-size\" style=\"color:#444\"><strong>HM:&nbsp;A quand l\u2019\u00e9valuation de l\u2019Accord-cadre d\u2019Addis-Abeba \u00e9voqu\u00e9e par le Premier Ministre dans le Programme du Gouvernement soumis \u00e0 l\u2019Assembl\u00e9e nationale ?<\/strong><\/p>\n\n\n\n<p>IEC: L\u2019\u00e9valuation est un exercice normal de bonne gouvernance. Il convient de temps en temps de faire le point sur les avanc\u00e9es, les pi\u00e9tinements et les reculs pour voir comment rectifier les tirs et favoriser un progr\u00e8s \u00e9vident.<\/p>\n\n\n\n<p>&nbsp;Par ailleurs, il s\u2019agit ici d\u2019un accord international dont la philosophie sugg\u00e8re des convergences de vues et l\u2019affermissement de la confiance entre les parties prenantes pour faire avancer le chantier de la paix et de la stabilit\u00e9 dans R\u00e9gion. Sur ce point, il faut souligner que les pratiques sortent du commun. Il convient de capitaliser les points positifs et, dans la diplomatie s\u00e9cr\u00e8te, de lutter contre les pesanteurs de partout pour maintenir la R\u00e9gion vers le cap de la coop\u00e9ration importante pour la paix, la s\u00e9curit\u00e9 et la stabilit\u00e9 en RDC et dans la R\u00e9gion. Ce travail est en cours et m\u00e9rite d\u2019\u00eatre soutenu.<\/p>\n\n\n\n<p class=\"has-text-color has-medium-font-size\" style=\"color:#444\"><strong>HM:&nbsp;Quelle est aujourd\u2019hui l\u2019impact de la conf\u00e9rence sur la paix et les investissements en RDC et dans la R\u00e9gion que&nbsp;vous aviez organis\u00e9e en septembre 2019 \u00e0 New York ?<\/strong><\/p>\n\n\n\n<div class=\"wp-block-image\"><figure class=\"aligncenter size-large is-resized\"><img loading=\"lazy\" decoding=\"async\" src=\"https:\/\/heshimardc.net\/v1\/wp-content\/uploads\/2021\/12\/Snapshot_593.jpeg\" alt=\"\" class=\"wp-image-2221\" width=\"558\" height=\"228\" srcset=\"https:\/\/heshimardc.net\/v1\/wp-content\/uploads\/2021\/12\/Snapshot_593.jpeg 680w, https:\/\/heshimardc.net\/v1\/wp-content\/uploads\/2021\/12\/Snapshot_593-300x123.jpeg 300w, https:\/\/heshimardc.net\/v1\/wp-content\/uploads\/2021\/12\/Snapshot_593-16x7.jpeg 16w\" sizes=\"(max-width: 558px) 100vw, 558px\" \/><\/figure><\/div>\n\n\n\n<p>IEC: Nous avons profit\u00e9 de la session ordinaire de l\u2019Assembl\u00e9e g\u00e9n\u00e9rale des Nations Unies pour faire la promotion du pays, parler des opportunit\u00e9s d\u2019affaires dans le pays et mettre sur le tapis l\u2019approche d\u2019incitation \u00e9conomique de la paix. En effet, les jeunes gens s\u2019enr\u00f4lent souvent dans les groupes arm\u00e9s faute d\u2019alternative heureuse et non violente. Un des moyens pour lutter durablement contre l\u2019ins\u00e9curit\u00e9 est d\u2019offrir \u00e0 la population, surtout aux jeunes, les possibilit\u00e9s \u00e9conomiques d\u2019\u00e9panouissement individuel et collectif.&nbsp;<\/p>\n\n\n\n<p>Nous avons r\u00e9ussi \u00e0 attirer l\u2019attention des investisseurs, dont certains sont venus au pays. Nous les avions orient\u00e9s vers les services comp\u00e9tents pour les informer davantage et les soumettre aux formalit\u00e9s en vigueur. Concr\u00e8tement, \u00e0 ce stade, le M\u00e9canisme National de Suivi n\u2019intervient pas. A titre d\u2019information, je puis vous rassurer qu\u2019il est des investisseurs qui ont particip\u00e9 \u00e0 cette Conf\u00e9rence de New York, et qui se sont implant\u00e9s dans l\u2019Est du pays. Je me r\u00e9serve de citer ici leurs noms.<\/p>\n\n\n\n<p class=\"has-text-color has-medium-font-size\" style=\"color:#444\"><strong>HM: Vous aviez \u00e9galement initi\u00e9 une Revue des \u00e9lections de 2018. Quelle est la suite du travail r\u00e9alis\u00e9 jadis sur cette \u00e9pineuse question ?<\/strong><\/p>\n\n\n\n<p>IEC: Nous avons pr\u00e9sent\u00e9 au Pr\u00e9sident de la R\u00e9publique, et Pr\u00e9sident du Comit\u00e9 de pilotage du M\u00e9canisme National de Suivi, le r\u00e9sultat de cette \u00e9tude de diagnostic assortie d\u2019une batterie de propositions sur les r\u00e9formes \u00e9lectorales. Ce document pourrait \u00eatre examin\u00e9 par le Comit\u00e9 de pilotage dont d\u00e9pend le Comit\u00e9 ex\u00e9cutif.<\/p>\n\n\n\n<p class=\"has-text-color has-medium-font-size\" style=\"color:#444\"><strong>&nbsp;HM: Quelles sont vos perspectives pour le M\u00e9canisme National de Suivi ?<\/strong><\/p>\n\n\n\n<p>IEC: Le Comit\u00e9 ex\u00e9cutif du M\u00e9canisme National de Suivi a \u00e9labor\u00e9 le projet de Programme de pacification et stabilisation de l\u2019Est de la R\u00e9publique D\u00e9mocratique du Congo et de la R\u00e9gion. Nous attendons son examen et son approbation par le Comit\u00e9 de pilotage pour renforcer la dynamique en cours pour la paix, la s\u00e9curit\u00e9 et la stabilit\u00e9.<\/p>\n\n\n\n<p>&nbsp;Le Comit\u00e9 ex\u00e9cutif suit de tr\u00e8s pr\u00e8s le processus \u00e9lectoral, et entend jouer son r\u00f4le dans la promotion des objectifs de r\u00e9conciliation nationale, de tol\u00e9rance et de d\u00e9mocratisation constituant l\u2019Engagement national 6 souscrit par le pays aux termes de l\u2019Accord-cadre. Nous sommes dans la poursuite de notre travail de monitoring de la mise en \u0153uvre des Engagements nationaux et de dialogue continu avec les partenaires r\u00e9gionaux et internationaux.<\/p>\n\n\n\n<p>&nbsp;Heshima Magazine<\/p>\n","protected":false},"excerpt":{"rendered":"<p>Le MNS \u2018\u2018 a \u00e9labor\u00e9 le projet de Programme de pacification et stabilisation de l\u2019Est de la RDC et de la R\u00e9gion \u2019\u2019. <\/p>\n","protected":false},"author":2,"featured_media":2223,"comment_status":"closed","ping_status":"closed","sticky":false,"template":"","format":"standard","meta":{"footnotes":""},"categories":[1,200],"tags":[182],"class_list":["post-2220","post","type-post","status-publish","format-standard","has-post-thumbnail","hentry","category-interview","category-non-classe-en","tag-rdc"],"yoast_head":"<!-- This site is optimized with the Yoast SEO plugin v23.3 - https:\/\/yoast.com\/wordpress\/plugins\/seo\/ -->\n<title>INTERVIEW EXCLUSIVE :Claude IBALANKY EKOLOMBA Coordonnateur du Comit\u00e9 Ex\u00e9cutif du M\u00e9canisme National du Suivi de l\u2019Accord-cadre d\u2019Addis-Abeba - HESHIMA MAGAZINE<\/title>\n<meta name=\"description\" content=\"IBALANKY EKOLOMBA Claude : Effectivement, apr\u00e8s des reports du Sommet en 2019 d\u00fbs \u00e0 l\u2019attente de la mise en place du nouveau Gouvernement issu de l\u2019alternance d\u00e9mocratique pour marquer ce grand \u00e9v\u00e9nement, en 2020 suite \u00e0 la pand\u00e9mie de Covid-19, en 2021 \u00e0 cause de cette \u00e9pid\u00e9mie et de l\u2019imp\u00e9ratif d\u2019harmoniser les agendas aux niveaux sous-r\u00e9gional, r\u00e9gional et international, il s\u2019est d\u00e9gag\u00e9, avec l\u2019accompagnement des Institutions garantes de l\u2019Accord-cadre d\u2019Addis-Abeba, un consensus sur la tenue de la R\u00e9union de haut niveau des Chefs d\u2019Etat et de Gouvernement des pays signataires de l\u2019Accord-cadre d\u2019Addis-Abeba le 24 f\u00e9vrier 2022 en mode hybride \u00e0 Kinshasa.\" \/>\n<meta name=\"robots\" content=\"index, follow, max-snippet:-1, max-image-preview:large, max-video-preview:-1\" \/>\n<link rel=\"canonical\" href=\"https:\/\/heshimardc.net\/v1\/2021\/12\/10\/interview-exclusive-claude-ibalanky-ekolomba-coordonnateur-du-comite-executif-du-mecanisme-national-du-suivi-de-laccord-cadre-daddis-abeba\/\" \/>\n<meta property=\"og:locale\" content=\"fr_FR\" \/>\n<meta property=\"og:type\" content=\"article\" \/>\n<meta property=\"og:title\" content=\"INTERVIEW EXCLUSIVE :Claude IBALANKY EKOLOMBA Coordonnateur du Comit\u00e9 Ex\u00e9cutif du M\u00e9canisme National du Suivi de l\u2019Accord-cadre d\u2019Addis-Abeba - HESHIMA MAGAZINE\" \/>\n<meta property=\"og:description\" content=\"IBALANKY EKOLOMBA Claude : Effectivement, apr\u00e8s des reports du Sommet en 2019 d\u00fbs \u00e0 l\u2019attente de la mise en place du nouveau Gouvernement issu de l\u2019alternance d\u00e9mocratique pour marquer ce grand \u00e9v\u00e9nement, en 2020 suite \u00e0 la pand\u00e9mie de Covid-19, en 2021 \u00e0 cause de cette \u00e9pid\u00e9mie et de l\u2019imp\u00e9ratif d\u2019harmoniser les agendas aux niveaux sous-r\u00e9gional, r\u00e9gional et international, il s\u2019est d\u00e9gag\u00e9, avec l\u2019accompagnement des Institutions garantes de l\u2019Accord-cadre d\u2019Addis-Abeba, un consensus sur la tenue de la R\u00e9union de haut niveau des Chefs d\u2019Etat et de Gouvernement des pays signataires de l\u2019Accord-cadre d\u2019Addis-Abeba le 24 f\u00e9vrier 2022 en mode hybride \u00e0 Kinshasa.\" \/>\n<meta property=\"og:url\" content=\"https:\/\/heshimardc.net\/v1\/2021\/12\/10\/interview-exclusive-claude-ibalanky-ekolomba-coordonnateur-du-comite-executif-du-mecanisme-national-du-suivi-de-laccord-cadre-daddis-abeba\/\" \/>\n<meta property=\"og:site_name\" content=\"HESHIMA MAGAZINE\" \/>\n<meta property=\"article:publisher\" content=\"https:\/\/www.facebook.com\/heshimamagazine\" \/>\n<meta property=\"article:published_time\" content=\"2021-12-10T07:38:30+00:00\" \/>\n<meta property=\"article:modified_time\" content=\"2021-12-10T07:52:18+00:00\" \/>\n<meta property=\"og:image\" content=\"https:\/\/heshimardc.net\/v1\/wp-content\/uploads\/2021\/12\/0f09ebf5-ad70-45b9-818f-eda108ecc7cf.jpg\" \/>\n\t<meta property=\"og:image:width\" content=\"2048\" \/>\n\t<meta property=\"og:image:height\" content=\"2048\" \/>\n\t<meta property=\"og:image:type\" content=\"image\/jpeg\" \/>\n<meta name=\"author\" content=\"RedactionH\" \/>\n<meta name=\"twitter:card\" content=\"summary_large_image\" \/>\n<meta name=\"twitter:creator\" content=\"@HeshimaMag\" \/>\n<meta name=\"twitter:site\" content=\"@HeshimaMag\" \/>\n<meta name=\"twitter:label1\" content=\"\u00c9crit par\" \/>\n\t<meta name=\"twitter:data1\" content=\"RedactionH\" \/>\n\t<meta name=\"twitter:label2\" content=\"Dur\u00e9e de lecture estim\u00e9e\" \/>\n\t<meta name=\"twitter:data2\" content=\"6 minutes\" \/>\n<script type=\"application\/ld+json\" class=\"yoast-schema-graph\">{\"@context\":\"https:\/\/schema.org\",\"@graph\":[{\"@type\":\"Article\",\"@id\":\"https:\/\/heshimardc.net\/v1\/2021\/12\/10\/interview-exclusive-claude-ibalanky-ekolomba-coordonnateur-du-comite-executif-du-mecanisme-national-du-suivi-de-laccord-cadre-daddis-abeba\/#article\",\"isPartOf\":{\"@id\":\"https:\/\/heshimardc.net\/v1\/2021\/12\/10\/interview-exclusive-claude-ibalanky-ekolomba-coordonnateur-du-comite-executif-du-mecanisme-national-du-suivi-de-laccord-cadre-daddis-abeba\/\"},\"author\":{\"name\":\"RedactionH\",\"@id\":\"https:\/\/heshimardc.net\/v1\/#\/schema\/person\/c74a2d47650131f158dc4a027547a532\"},\"headline\":\"INTERVIEW EXCLUSIVE :Claude IBALANKY EKOLOMBA Coordonnateur du Comit\u00e9 Ex\u00e9cutif du M\u00e9canisme National du Suivi de l\u2019Accord-cadre d\u2019Addis-Abeba\",\"datePublished\":\"2021-12-10T07:38:30+00:00\",\"dateModified\":\"2021-12-10T07:52:18+00:00\",\"mainEntityOfPage\":{\"@id\":\"https:\/\/heshimardc.net\/v1\/2021\/12\/10\/interview-exclusive-claude-ibalanky-ekolomba-coordonnateur-du-comite-executif-du-mecanisme-national-du-suivi-de-laccord-cadre-daddis-abeba\/\"},\"wordCount\":1469,\"publisher\":{\"@id\":\"https:\/\/heshimardc.net\/v1\/#organization\"},\"image\":{\"@id\":\"https:\/\/heshimardc.net\/v1\/2021\/12\/10\/interview-exclusive-claude-ibalanky-ekolomba-coordonnateur-du-comite-executif-du-mecanisme-national-du-suivi-de-laccord-cadre-daddis-abeba\/#primaryimage\"},\"thumbnailUrl\":\"https:\/\/heshimardc.net\/v1\/wp-content\/uploads\/2021\/12\/0f09ebf5-ad70-45b9-818f-eda108ecc7cf.jpg\",\"keywords\":[\"RDC\"],\"articleSection\":[\"Interview\"],\"inLanguage\":\"fr-FR\"},{\"@type\":\"WebPage\",\"@id\":\"https:\/\/heshimardc.net\/v1\/2021\/12\/10\/interview-exclusive-claude-ibalanky-ekolomba-coordonnateur-du-comite-executif-du-mecanisme-national-du-suivi-de-laccord-cadre-daddis-abeba\/\",\"url\":\"https:\/\/heshimardc.net\/v1\/2021\/12\/10\/interview-exclusive-claude-ibalanky-ekolomba-coordonnateur-du-comite-executif-du-mecanisme-national-du-suivi-de-laccord-cadre-daddis-abeba\/\",\"name\":\"INTERVIEW EXCLUSIVE :Claude IBALANKY EKOLOMBA Coordonnateur du Comit\u00e9 Ex\u00e9cutif du M\u00e9canisme National du Suivi de l\u2019Accord-cadre d\u2019Addis-Abeba - HESHIMA MAGAZINE\",\"isPartOf\":{\"@id\":\"https:\/\/heshimardc.net\/v1\/#website\"},\"primaryImageOfPage\":{\"@id\":\"https:\/\/heshimardc.net\/v1\/2021\/12\/10\/interview-exclusive-claude-ibalanky-ekolomba-coordonnateur-du-comite-executif-du-mecanisme-national-du-suivi-de-laccord-cadre-daddis-abeba\/#primaryimage\"},\"image\":{\"@id\":\"https:\/\/heshimardc.net\/v1\/2021\/12\/10\/interview-exclusive-claude-ibalanky-ekolomba-coordonnateur-du-comite-executif-du-mecanisme-national-du-suivi-de-laccord-cadre-daddis-abeba\/#primaryimage\"},\"thumbnailUrl\":\"https:\/\/heshimardc.net\/v1\/wp-content\/uploads\/2021\/12\/0f09ebf5-ad70-45b9-818f-eda108ecc7cf.jpg\",\"datePublished\":\"2021-12-10T07:38:30+00:00\",\"dateModified\":\"2021-12-10T07:52:18+00:00\",\"description\":\"IBALANKY EKOLOMBA Claude : Effectivement, apr\u00e8s des reports du Sommet en 2019 d\u00fbs \u00e0 l\u2019attente de la mise en place du nouveau Gouvernement issu de l\u2019alternance d\u00e9mocratique pour marquer ce grand \u00e9v\u00e9nement, en 2020 suite \u00e0 la pand\u00e9mie de Covid-19, en 2021 \u00e0 cause de cette \u00e9pid\u00e9mie et de l\u2019imp\u00e9ratif d\u2019harmoniser les agendas aux niveaux sous-r\u00e9gional, r\u00e9gional et international, il s\u2019est d\u00e9gag\u00e9, avec l\u2019accompagnement des Institutions garantes de l\u2019Accord-cadre d\u2019Addis-Abeba, un consensus sur la tenue de la R\u00e9union de haut niveau des Chefs d\u2019Etat et de Gouvernement des pays signataires de l\u2019Accord-cadre d\u2019Addis-Abeba le 24 f\u00e9vrier 2022 en mode hybride \u00e0 Kinshasa.\",\"breadcrumb\":{\"@id\":\"https:\/\/heshimardc.net\/v1\/2021\/12\/10\/interview-exclusive-claude-ibalanky-ekolomba-coordonnateur-du-comite-executif-du-mecanisme-national-du-suivi-de-laccord-cadre-daddis-abeba\/#breadcrumb\"},\"inLanguage\":\"fr-FR\",\"potentialAction\":[{\"@type\":\"ReadAction\",\"target\":[\"https:\/\/heshimardc.net\/v1\/2021\/12\/10\/interview-exclusive-claude-ibalanky-ekolomba-coordonnateur-du-comite-executif-du-mecanisme-national-du-suivi-de-laccord-cadre-daddis-abeba\/\"]}]},{\"@type\":\"ImageObject\",\"inLanguage\":\"fr-FR\",\"@id\":\"https:\/\/heshimardc.net\/v1\/2021\/12\/10\/interview-exclusive-claude-ibalanky-ekolomba-coordonnateur-du-comite-executif-du-mecanisme-national-du-suivi-de-laccord-cadre-daddis-abeba\/#primaryimage\",\"url\":\"https:\/\/heshimardc.net\/v1\/wp-content\/uploads\/2021\/12\/0f09ebf5-ad70-45b9-818f-eda108ecc7cf.jpg\",\"contentUrl\":\"https:\/\/heshimardc.net\/v1\/wp-content\/uploads\/2021\/12\/0f09ebf5-ad70-45b9-818f-eda108ecc7cf.jpg\",\"width\":2048,\"height\":2048},{\"@type\":\"BreadcrumbList\",\"@id\":\"https:\/\/heshimardc.net\/v1\/2021\/12\/10\/interview-exclusive-claude-ibalanky-ekolomba-coordonnateur-du-comite-executif-du-mecanisme-national-du-suivi-de-laccord-cadre-daddis-abeba\/#breadcrumb\",\"itemListElement\":[{\"@type\":\"ListItem\",\"position\":1,\"name\":\"Accueil\",\"item\":\"https:\/\/heshimardc.net\/v1\/\"},{\"@type\":\"ListItem\",\"position\":2,\"name\":\"INTERVIEW EXCLUSIVE :Claude IBALANKY EKOLOMBA Coordonnateur du Comit\u00e9 Ex\u00e9cutif du M\u00e9canisme National du Suivi de l\u2019Accord-cadre d\u2019Addis-Abeba\"}]},{\"@type\":\"WebSite\",\"@id\":\"https:\/\/heshimardc.net\/v1\/#website\",\"url\":\"https:\/\/heshimardc.net\/v1\/\",\"name\":\"HESHIMA MAGAZINE\",\"description\":\"Le magazine Congolais qui bat au rythme de l&#039;actualit\u00e9\",\"publisher\":{\"@id\":\"https:\/\/heshimardc.net\/v1\/#organization\"},\"potentialAction\":[{\"@type\":\"SearchAction\",\"target\":{\"@type\":\"EntryPoint\",\"urlTemplate\":\"https:\/\/heshimardc.net\/v1\/?s={search_term_string}\"},\"query-input\":\"required name=search_term_string\"}],\"inLanguage\":\"fr-FR\"},{\"@type\":\"Organization\",\"@id\":\"https:\/\/heshimardc.net\/v1\/#organization\",\"name\":\"HESHIMA MAGAZINE\",\"url\":\"https:\/\/heshimardc.net\/v1\/\",\"logo\":{\"@type\":\"ImageObject\",\"inLanguage\":\"fr-FR\",\"@id\":\"https:\/\/heshimardc.net\/v1\/#\/schema\/logo\/image\/\",\"url\":\"https:\/\/heshimardc.net\/v1\/wp-content\/uploads\/2020\/09\/logo.png\",\"contentUrl\":\"https:\/\/heshimardc.net\/v1\/wp-content\/uploads\/2020\/09\/logo.png\",\"width\":99,\"height\":130,\"caption\":\"HESHIMA MAGAZINE\"},\"image\":{\"@id\":\"https:\/\/heshimardc.net\/v1\/#\/schema\/logo\/image\/\"},\"sameAs\":[\"https:\/\/www.facebook.com\/heshimamagazine\",\"https:\/\/x.com\/HeshimaMag\"]},{\"@type\":\"Person\",\"@id\":\"https:\/\/heshimardc.net\/v1\/#\/schema\/person\/c74a2d47650131f158dc4a027547a532\",\"name\":\"RedactionH\",\"image\":{\"@type\":\"ImageObject\",\"inLanguage\":\"fr-FR\",\"@id\":\"https:\/\/heshimardc.net\/v1\/#\/schema\/person\/image\/\",\"url\":\"https:\/\/secure.gravatar.com\/avatar\/a52112f8496f362a38bf46c70ca9e956?s=96&d=mm&r=g\",\"contentUrl\":\"https:\/\/secure.gravatar.com\/avatar\/a52112f8496f362a38bf46c70ca9e956?s=96&d=mm&r=g\",\"caption\":\"RedactionH\"},\"sameAs\":[\"http:\/\/www.heshimardc.net\"],\"url\":\"https:\/\/heshimardc.net\/v1\/author\/redactionh\/\"}]}<\/script>\n<!-- \/ Yoast SEO plugin. -->","yoast_head_json":{"title":"INTERVIEW EXCLUSIVE :Claude IBALANKY EKOLOMBA Coordonnateur du Comit\u00e9 Ex\u00e9cutif du M\u00e9canisme National du Suivi de l\u2019Accord-cadre d\u2019Addis-Abeba - HESHIMA MAGAZINE","description":"IBALANKY EKOLOMBA Claude : Effectivement, apr\u00e8s des reports du Sommet en 2019 d\u00fbs \u00e0 l\u2019attente de la mise en place du nouveau Gouvernement issu de l\u2019alternance d\u00e9mocratique pour marquer ce grand \u00e9v\u00e9nement, en 2020 suite \u00e0 la pand\u00e9mie de Covid-19, en 2021 \u00e0 cause de cette \u00e9pid\u00e9mie et de l\u2019imp\u00e9ratif d\u2019harmoniser les agendas aux niveaux sous-r\u00e9gional, r\u00e9gional et international, il s\u2019est d\u00e9gag\u00e9, avec l\u2019accompagnement des Institutions garantes de l\u2019Accord-cadre d\u2019Addis-Abeba, un consensus sur la tenue de la R\u00e9union de haut niveau des Chefs d\u2019Etat et de Gouvernement des pays signataires de l\u2019Accord-cadre d\u2019Addis-Abeba le 24 f\u00e9vrier 2022 en mode hybride \u00e0 Kinshasa.","robots":{"index":"index","follow":"follow","max-snippet":"max-snippet:-1","max-image-preview":"max-image-preview:large","max-video-preview":"max-video-preview:-1"},"canonical":"https:\/\/heshimardc.net\/v1\/2021\/12\/10\/interview-exclusive-claude-ibalanky-ekolomba-coordonnateur-du-comite-executif-du-mecanisme-national-du-suivi-de-laccord-cadre-daddis-abeba\/","og_locale":"fr_FR","og_type":"article","og_title":"INTERVIEW EXCLUSIVE :Claude IBALANKY EKOLOMBA Coordonnateur du Comit\u00e9 Ex\u00e9cutif du M\u00e9canisme National du Suivi de l\u2019Accord-cadre d\u2019Addis-Abeba - HESHIMA MAGAZINE","og_description":"IBALANKY EKOLOMBA Claude : Effectivement, apr\u00e8s des reports du Sommet en 2019 d\u00fbs \u00e0 l\u2019attente de la mise en place du nouveau Gouvernement issu de l\u2019alternance d\u00e9mocratique pour marquer ce grand \u00e9v\u00e9nement, en 2020 suite \u00e0 la pand\u00e9mie de Covid-19, en 2021 \u00e0 cause de cette \u00e9pid\u00e9mie et de l\u2019imp\u00e9ratif d\u2019harmoniser les agendas aux niveaux sous-r\u00e9gional, r\u00e9gional et international, il s\u2019est d\u00e9gag\u00e9, avec l\u2019accompagnement des Institutions garantes de l\u2019Accord-cadre d\u2019Addis-Abeba, un consensus sur la tenue de la R\u00e9union de haut niveau des Chefs d\u2019Etat et de Gouvernement des pays signataires de l\u2019Accord-cadre d\u2019Addis-Abeba le 24 f\u00e9vrier 2022 en mode hybride \u00e0 Kinshasa.","og_url":"https:\/\/heshimardc.net\/v1\/2021\/12\/10\/interview-exclusive-claude-ibalanky-ekolomba-coordonnateur-du-comite-executif-du-mecanisme-national-du-suivi-de-laccord-cadre-daddis-abeba\/","og_site_name":"HESHIMA MAGAZINE","article_publisher":"https:\/\/www.facebook.com\/heshimamagazine","article_published_time":"2021-12-10T07:38:30+00:00","article_modified_time":"2021-12-10T07:52:18+00:00","og_image":[{"width":2048,"height":2048,"url":"https:\/\/heshimardc.net\/v1\/wp-content\/uploads\/2021\/12\/0f09ebf5-ad70-45b9-818f-eda108ecc7cf.jpg","type":"image\/jpeg"}],"author":"RedactionH","twitter_card":"summary_large_image","twitter_creator":"@HeshimaMag","twitter_site":"@HeshimaMag","twitter_misc":{"\u00c9crit par":"RedactionH","Dur\u00e9e de lecture estim\u00e9e":"6 minutes"},"schema":{"@context":"https:\/\/schema.org","@graph":[{"@type":"Article","@id":"https:\/\/heshimardc.net\/v1\/2021\/12\/10\/interview-exclusive-claude-ibalanky-ekolomba-coordonnateur-du-comite-executif-du-mecanisme-national-du-suivi-de-laccord-cadre-daddis-abeba\/#article","isPartOf":{"@id":"https:\/\/heshimardc.net\/v1\/2021\/12\/10\/interview-exclusive-claude-ibalanky-ekolomba-coordonnateur-du-comite-executif-du-mecanisme-national-du-suivi-de-laccord-cadre-daddis-abeba\/"},"author":{"name":"RedactionH","@id":"https:\/\/heshimardc.net\/v1\/#\/schema\/person\/c74a2d47650131f158dc4a027547a532"},"headline":"INTERVIEW EXCLUSIVE :Claude IBALANKY EKOLOMBA Coordonnateur du Comit\u00e9 Ex\u00e9cutif du M\u00e9canisme National du Suivi de l\u2019Accord-cadre d\u2019Addis-Abeba","datePublished":"2021-12-10T07:38:30+00:00","dateModified":"2021-12-10T07:52:18+00:00","mainEntityOfPage":{"@id":"https:\/\/heshimardc.net\/v1\/2021\/12\/10\/interview-exclusive-claude-ibalanky-ekolomba-coordonnateur-du-comite-executif-du-mecanisme-national-du-suivi-de-laccord-cadre-daddis-abeba\/"},"wordCount":1469,"publisher":{"@id":"https:\/\/heshimardc.net\/v1\/#organization"},"image":{"@id":"https:\/\/heshimardc.net\/v1\/2021\/12\/10\/interview-exclusive-claude-ibalanky-ekolomba-coordonnateur-du-comite-executif-du-mecanisme-national-du-suivi-de-laccord-cadre-daddis-abeba\/#primaryimage"},"thumbnailUrl":"https:\/\/heshimardc.net\/v1\/wp-content\/uploads\/2021\/12\/0f09ebf5-ad70-45b9-818f-eda108ecc7cf.jpg","keywords":["RDC"],"articleSection":["Interview"],"inLanguage":"fr-FR"},{"@type":"WebPage","@id":"https:\/\/heshimardc.net\/v1\/2021\/12\/10\/interview-exclusive-claude-ibalanky-ekolomba-coordonnateur-du-comite-executif-du-mecanisme-national-du-suivi-de-laccord-cadre-daddis-abeba\/","url":"https:\/\/heshimardc.net\/v1\/2021\/12\/10\/interview-exclusive-claude-ibalanky-ekolomba-coordonnateur-du-comite-executif-du-mecanisme-national-du-suivi-de-laccord-cadre-daddis-abeba\/","name":"INTERVIEW EXCLUSIVE :Claude IBALANKY EKOLOMBA Coordonnateur du Comit\u00e9 Ex\u00e9cutif du M\u00e9canisme National du Suivi de l\u2019Accord-cadre d\u2019Addis-Abeba - HESHIMA MAGAZINE","isPartOf":{"@id":"https:\/\/heshimardc.net\/v1\/#website"},"primaryImageOfPage":{"@id":"https:\/\/heshimardc.net\/v1\/2021\/12\/10\/interview-exclusive-claude-ibalanky-ekolomba-coordonnateur-du-comite-executif-du-mecanisme-national-du-suivi-de-laccord-cadre-daddis-abeba\/#primaryimage"},"image":{"@id":"https:\/\/heshimardc.net\/v1\/2021\/12\/10\/interview-exclusive-claude-ibalanky-ekolomba-coordonnateur-du-comite-executif-du-mecanisme-national-du-suivi-de-laccord-cadre-daddis-abeba\/#primaryimage"},"thumbnailUrl":"https:\/\/heshimardc.net\/v1\/wp-content\/uploads\/2021\/12\/0f09ebf5-ad70-45b9-818f-eda108ecc7cf.jpg","datePublished":"2021-12-10T07:38:30+00:00","dateModified":"2021-12-10T07:52:18+00:00","description":"IBALANKY EKOLOMBA Claude : Effectivement, apr\u00e8s des reports du Sommet en 2019 d\u00fbs \u00e0 l\u2019attente de la mise en place du nouveau Gouvernement issu de l\u2019alternance d\u00e9mocratique pour marquer ce grand \u00e9v\u00e9nement, en 2020 suite \u00e0 la pand\u00e9mie de Covid-19, en 2021 \u00e0 cause de cette \u00e9pid\u00e9mie et de l\u2019imp\u00e9ratif d\u2019harmoniser les agendas aux niveaux sous-r\u00e9gional, r\u00e9gional et international, il s\u2019est d\u00e9gag\u00e9, avec l\u2019accompagnement des Institutions garantes de l\u2019Accord-cadre d\u2019Addis-Abeba, un consensus sur la tenue de la R\u00e9union de haut niveau des Chefs d\u2019Etat et de Gouvernement des pays signataires de l\u2019Accord-cadre d\u2019Addis-Abeba le 24 f\u00e9vrier 2022 en mode hybride \u00e0 Kinshasa.","breadcrumb":{"@id":"https:\/\/heshimardc.net\/v1\/2021\/12\/10\/interview-exclusive-claude-ibalanky-ekolomba-coordonnateur-du-comite-executif-du-mecanisme-national-du-suivi-de-laccord-cadre-daddis-abeba\/#breadcrumb"},"inLanguage":"fr-FR","potentialAction":[{"@type":"ReadAction","target":["https:\/\/heshimardc.net\/v1\/2021\/12\/10\/interview-exclusive-claude-ibalanky-ekolomba-coordonnateur-du-comite-executif-du-mecanisme-national-du-suivi-de-laccord-cadre-daddis-abeba\/"]}]},{"@type":"ImageObject","inLanguage":"fr-FR","@id":"https:\/\/heshimardc.net\/v1\/2021\/12\/10\/interview-exclusive-claude-ibalanky-ekolomba-coordonnateur-du-comite-executif-du-mecanisme-national-du-suivi-de-laccord-cadre-daddis-abeba\/#primaryimage","url":"https:\/\/heshimardc.net\/v1\/wp-content\/uploads\/2021\/12\/0f09ebf5-ad70-45b9-818f-eda108ecc7cf.jpg","contentUrl":"https:\/\/heshimardc.net\/v1\/wp-content\/uploads\/2021\/12\/0f09ebf5-ad70-45b9-818f-eda108ecc7cf.jpg","width":2048,"height":2048},{"@type":"BreadcrumbList","@id":"https:\/\/heshimardc.net\/v1\/2021\/12\/10\/interview-exclusive-claude-ibalanky-ekolomba-coordonnateur-du-comite-executif-du-mecanisme-national-du-suivi-de-laccord-cadre-daddis-abeba\/#breadcrumb","itemListElement":[{"@type":"ListItem","position":1,"name":"Accueil","item":"https:\/\/heshimardc.net\/v1\/"},{"@type":"ListItem","position":2,"name":"INTERVIEW EXCLUSIVE :Claude IBALANKY EKOLOMBA Coordonnateur du Comit\u00e9 Ex\u00e9cutif du M\u00e9canisme National du Suivi de l\u2019Accord-cadre d\u2019Addis-Abeba"}]},{"@type":"WebSite","@id":"https:\/\/heshimardc.net\/v1\/#website","url":"https:\/\/heshimardc.net\/v1\/","name":"HESHIMA MAGAZINE","description":"Le magazine Congolais qui bat au rythme de l&#039;actualit\u00e9","publisher":{"@id":"https:\/\/heshimardc.net\/v1\/#organization"},"potentialAction":[{"@type":"SearchAction","target":{"@type":"EntryPoint","urlTemplate":"https:\/\/heshimardc.net\/v1\/?s={search_term_string}"},"query-input":"required name=search_term_string"}],"inLanguage":"fr-FR"},{"@type":"Organization","@id":"https:\/\/heshimardc.net\/v1\/#organization","name":"HESHIMA MAGAZINE","url":"https:\/\/heshimardc.net\/v1\/","logo":{"@type":"ImageObject","inLanguage":"fr-FR","@id":"https:\/\/heshimardc.net\/v1\/#\/schema\/logo\/image\/","url":"https:\/\/heshimardc.net\/v1\/wp-content\/uploads\/2020\/09\/logo.png","contentUrl":"https:\/\/heshimardc.net\/v1\/wp-content\/uploads\/2020\/09\/logo.png","width":99,"height":130,"caption":"HESHIMA MAGAZINE"},"image":{"@id":"https:\/\/heshimardc.net\/v1\/#\/schema\/logo\/image\/"},"sameAs":["https:\/\/www.facebook.com\/heshimamagazine","https:\/\/x.com\/HeshimaMag"]},{"@type":"Person","@id":"https:\/\/heshimardc.net\/v1\/#\/schema\/person\/c74a2d47650131f158dc4a027547a532","name":"RedactionH","image":{"@type":"ImageObject","inLanguage":"fr-FR","@id":"https:\/\/heshimardc.net\/v1\/#\/schema\/person\/image\/","url":"https:\/\/secure.gravatar.com\/avatar\/a52112f8496f362a38bf46c70ca9e956?s=96&d=mm&r=g","contentUrl":"https:\/\/secure.gravatar.com\/avatar\/a52112f8496f362a38bf46c70ca9e956?s=96&d=mm&r=g","caption":"RedactionH"},"sameAs":["http:\/\/www.heshimardc.net"],"url":"https:\/\/heshimardc.net\/v1\/author\/redactionh\/"}]}},"amp_enabled":true,"_links":{"self":[{"href":"https:\/\/heshimardc.net\/v1\/wp-json\/wp\/v2\/posts\/2220"}],"collection":[{"href":"https:\/\/heshimardc.net\/v1\/wp-json\/wp\/v2\/posts"}],"about":[{"href":"https:\/\/heshimardc.net\/v1\/wp-json\/wp\/v2\/types\/post"}],"author":[{"embeddable":true,"href":"https:\/\/heshimardc.net\/v1\/wp-json\/wp\/v2\/users\/2"}],"replies":[{"embeddable":true,"href":"https:\/\/heshimardc.net\/v1\/wp-json\/wp\/v2\/comments?post=2220"}],"version-history":[{"count":2,"href":"https:\/\/heshimardc.net\/v1\/wp-json\/wp\/v2\/posts\/2220\/revisions"}],"predecessor-version":[{"id":2236,"href":"https:\/\/heshimardc.net\/v1\/wp-json\/wp\/v2\/posts\/2220\/revisions\/2236"}],"wp:featuredmedia":[{"embeddable":true,"href":"https:\/\/heshimardc.net\/v1\/wp-json\/wp\/v2\/media\/2223"}],"wp:attachment":[{"href":"https:\/\/heshimardc.net\/v1\/wp-json\/wp\/v2\/media?parent=2220"}],"wp:term":[{"taxonomy":"category","embeddable":true,"href":"https:\/\/heshimardc.net\/v1\/wp-json\/wp\/v2\/categories?post=2220"},{"taxonomy":"post_tag","embeddable":true,"href":"https:\/\/heshimardc.net\/v1\/wp-json\/wp\/v2\/tags?post=2220"}],"curies":[{"name":"wp","href":"https:\/\/api.w.org\/{rel}","templated":true}]}}