{"id":2342,"date":"2022-01-26T07:57:24","date_gmt":"2022-01-26T07:57:24","guid":{"rendered":"https:\/\/heshimardc.net\/v1\/?p=2342"},"modified":"2022-01-26T07:57:27","modified_gmt":"2022-01-26T07:57:27","slug":"fcc-retour-sur-la-chute-dun-clan","status":"publish","type":"post","link":"https:\/\/heshimardc.net\/v1\/2022\/01\/26\/fcc-retour-sur-la-chute-dun-clan\/","title":{"rendered":"FCC : retour sur la chute d\u2019un clan"},"content":{"rendered":"\n<p><\/p>\n\n\n\n<p>\u00ab J\u2019ai d\u00e9j\u00e0 gagn\u00e9. Vous avez vu comment j\u2019ai battu campagne ? Tout s\u2019est bien pass\u00e9. Je serai \u00e9lu, c\u2019est moi le pr\u00e9sident \u00e0 partir de ce soir \u00bb. Ces phrases pleines d\u2019orgueil prononc\u00e9es par Emmanuel Ramazani Shadary, le 30 d\u00e9cembre 2018, avaient \u00e0 la fois intrigu\u00e9 l\u2019opinion et fait penser \u00e0 un match \u00e9lectoral jou\u00e9 d\u2019avance. Mais les faits qui ont suivi ont, \u00e0 contrario, d\u00e9montr\u00e9 une vraie d\u00e9confiture du clan Kabila.<\/p>\n\n\n\n<p class=\"has-text-color has-medium-font-size\" style=\"color:#f4ca0b\"><strong>&nbsp;Mauvais casting du dauphin<\/strong><\/p>\n\n\n\n<p>Devant l\u2019impossibilit\u00e9 de contourner la Constitution pour briguer un troisi\u00e8me mandat, Joseph Kabila avait, \u00e0 la surprise g\u00e9n\u00e9rale, port\u00e9 son choix sur Emmanuel Ramazani Shadary comme candidat \u00e0 sa succession \u00e0 la t\u00eate du pays. A quelques heures seulement de la fin du d\u00e9lai de d\u00e9p\u00f4ts des candidatures pour la pr\u00e9sidentielle, l\u2019ex-chef d&rsquo;Etat, alors en fonction, a d\u00e9voil\u00e9, le 8 ao\u00fbt 2018, le nom du candidat du Front commun pour le Congo (FCC), pour le scrutin du 23 d\u00e9cembre de la m\u00eame ann\u00e9e.<\/p>\n\n\n\n<p>Ce dauphin, choisi in extremis, n\u2019a malheureusement pas fait l\u2019unanimit\u00e9 au sein du clan Kabila. Puisque lors de sa pr\u00e9sentation au stade Tata Rapha\u00ebl, \u00e0 Kinshasa, plusieurs caciques du Front commun pour le Congo n\u2019ont pas daign\u00e9 arborer des chemises frapp\u00e9es&nbsp;\u00e0 l\u2019effigie de Ramazani Shadary. Ils ont, pour la plupart, pr\u00e9f\u00e9r\u00e9 porter l\u2019effigie de Joseph Kabila. Rien de surprenant car, avant ce casting, plusieurs noms \u00e9taient cit\u00e9s comme dauphin potentiel de l\u2019exRa\u00efs, sans vraiment s\u2019attendre \u00e0 un certain Shadary dont le pedigree \u2013 au-del\u00e0 du FCC \u2013 d\u00e9rangeait aussi au sein de l\u2019opinion congolaise. Du coup, ses phrases peu honorables prononc\u00e9es lors des meetings du Parti du peuple pour la reconstruction et la d\u00e9mocratie (PPRD) refont surface. Des propos parfois emprunts de brutalit\u00e9 et qui l\u2019ont \u00e9galement desservi tout au long de la campagne \u00e9lectorale.<\/p>\n\n\n\n<p class=\"has-text-color has-medium-font-size\" style=\"color:#f7c100\"><strong>Strat\u00e9gie de campagne critiqu\u00e9e !<\/strong><\/p>\n\n\n\n<p>L\u2019organisation et la strat\u00e9gie de campagne mises en place par Ramazani Shadary ont \u00e9t\u00e9 tr\u00e8s critiqu\u00e9es par certains caciques du FCC. Au niveau interne, cette campagne \u00e9lectorale n\u2019\u00e9tait pas port\u00e9e \u00e0 bout de bras par tous les caciques du clan Kabila. Tout au long de cette p\u00e9riode \u00e9lectorale, l\u2019on a vu certains caciques partir en campagne pour la d\u00e9putation nationale mais sans faire allusion \u00e0 leur candidat pr\u00e9sident de la R\u00e9publique. C\u2019est le cas de Modeste Bahati qui n\u2019a pas vraiment insist\u00e9 sur son candidat pr\u00e9sident de la R\u00e9publique qui \u00e9tait Ramazani Shadary. Dans beaucoup de fiefs acquis&nbsp;\u00e0 l\u2019opposition, les candidats d\u00e9put\u00e9s FCC ont eu du mal \u00e0 vendre Shadary aupr\u00e8s de leur \u00e9lectorat local, notamment des cadres qui ont battu campagne dans le grand Bandundu.<\/p>\n\n\n\n<p class=\"has-text-color has-medium-font-size\" style=\"color:#f1a500\"><strong>Une d\u00e9faite sans tirer des le\u00e7ons !<\/strong><\/p>\n\n\n\n<p>Pendant que d\u2019aucuns pensaient que Joseph Kabila allait forcer le passage de son dauphin \u00e0 la pr\u00e9sidentielle, les Congolais ont appris \u2013 stup\u00e9faits \u2013 la victoire d\u2019un opposant \u00e0 la t\u00eate du pays. F\u00e9lix Tshisekedi est donc pass\u00e9 devant son principal challenger, Martin Fayulu mais aussi devant le candidat du pouvoir, Ramazani Shadary, arriv\u00e9 troisi\u00e8me au classement.<\/p>\n\n\n\n<p>Apr\u00e8s cette d\u00e9faite \u00e0 la pr\u00e9sidentielle, aucune sanction n\u2019a \u00e9t\u00e9 prise, ni aucune le\u00e7on n\u2019a \u00e9t\u00e9 tir\u00e9e dans l\u2019organisation du FCC, alors que plusieurs voix appelaient notamment au remplacement et \u00e0 la redynamisation de la coordination de cette plateforme politique. A la place d\u2019une introspection, le FCC va se lancer imm\u00e9diatement dans la coalition dite FCC-CACH avec le nouveau pouvoir. Il s\u2019observera frustration, d\u00e9ception, m\u00e9contentements de plusieurs partis membres et personnalit\u00e9s du FCC suite au partage jug\u00e9 non \u00e9quitable des postes au sein du premier gouvernement dirig\u00e9 par le Premier ministre Sylvestre Ilunga Ilunkamba. Cela, sans que la plateforme n\u2019implose.<\/p>\n\n\n\n<figure class=\"wp-block-image size-large is-resized\"><img loading=\"lazy\" decoding=\"async\" src=\"https:\/\/heshimardc.net\/v1\/wp-content\/uploads\/2022\/01\/images-18-1.jpeg\" alt=\"\" class=\"wp-image-2343\" width=\"448\" height=\"306\" srcset=\"https:\/\/heshimardc.net\/v1\/wp-content\/uploads\/2022\/01\/images-18-1.jpeg 670w, https:\/\/heshimardc.net\/v1\/wp-content\/uploads\/2022\/01\/images-18-1-300x205.jpeg 300w, https:\/\/heshimardc.net\/v1\/wp-content\/uploads\/2022\/01\/images-18-1-16x12.jpeg 16w\" sizes=\"(max-width: 448px) 100vw, 448px\" \/><\/figure>\n\n\n\n<p class=\"has-text-color has-medium-font-size\" style=\"color:#f9cb01\"><strong>Probl\u00e8mes au FCC-CACH<\/strong><\/p>\n\n\n\n<p>Malgr\u00e9 les critiques de l\u2019opinion, les deux nouveaux alli\u00e9s ont mis en place une coalition pour \u00e9viter, r\u00e9p\u00e8tent-ils, une cohabitation jug\u00e9e trop conflictuelle. Mais cette aventure in\u00e9dite en R\u00e9publique d\u00e9mocratique du Congo va faire long feu. Tout au long de cette exp\u00e9rience, plusieurs comportements et attitudes vis-\u00e0-vis du nouveau pouvoir vont \u00eatre \u00e0 la base des conflits qui ont fini par tuer la coalition FCC-CACH.<\/p>\n\n\n\n<p><a href=\"https:\/\/heshimardc.net\/v1\/2022\/01\/19\/rdc-tshisekedi-va-t-il-lacher-kabund\/\" target=\"_blank\" rel=\"noreferrer noopener\">En septembre 2019, F\u00e9lix Tshisekedi d\u00e9ploie des efforts pour mettre en place la gratuit\u00e9 de l\u2019enseignement de base. Une mesure constitutionnelle mais qui n\u2019a pas \u00e9t\u00e9 appliqu\u00e9e sous le r\u00e9gime de Joseph Kabila. <\/a>Curieusement, son ex-dauphin, Shadary, va faire une descente \u00e0 Lubumbashi pour une matin\u00e9e du PPRD au cours de laquelle il va crier urbi et orbi : \u00ab Le programme de la gratuit\u00e9, c&rsquo;est \u00e0 nous. Qu&rsquo;on ne nous l&rsquo;arrache pas ! \u00bb Une sortie m\u00e9diatique qui a \u00e9tonn\u00e9 m\u00eame dans les rangs de l\u2019Union pour la d\u00e9mocratie et le progr\u00e8s social (UDPS), parti pr\u00e9sidentiel.<\/p>\n\n\n\n<p class=\"has-text-color has-medium-font-size\" style=\"color:#f0d000\"><strong>Les erreurs de Mabunda<\/strong><\/p>\n\n\n\n<p>Bien avant cette sortie de Shadary, d\u00e9j\u00e0 au mois de juin 2019, un d\u00e9put\u00e9 du FCC avait pouss\u00e9 trop loin son bouchon. Alors que Jeanine Mabunda s\u2019est emport\u00e9e en autorisant le d\u00e9bat sur un acte du chef de l\u2019Etat en pleine pl\u00e9ni\u00e8re du 7 juin 2019, le d\u00e9put\u00e9 national Charles Nawej Mundele a m\u00eame trait\u00e9 le pr\u00e9sident de la R\u00e9publique d\u2019\u00ab inconscient \u00bb pour avoir sign\u00e9 les ordonnances de nominations des mandataires de la G\u00e9camines et de la SNCC. Sid\u00e9r\u00e9, le d\u00e9put\u00e9 Christophe Lutundula r\u00e9plique en insistant sur le fait que la chambre basse du Parlement n\u2019avait pas qualit\u00e9 pour juger les actes pos\u00e9s par le pr\u00e9sident de la R\u00e9publique.<a href=\"https:\/\/heshimardc.net\/v1\/2022\/01\/14\/ludps-boude-la-demission-de-kabundsa-residence-assiegee-par-des-combattants\/\" target=\"_blank\" rel=\"noreferrer noopener\"> Les propos de Nawej avaient d\u00e9clench\u00e9 la col\u00e8re des d\u00e9put\u00e9s du CACH ainsi que celle des militants de l\u2019UDPS<\/a>.<\/p>\n\n\n\n<p>Autre fait, c\u2019est la menace de Tshisekedi, devant la diaspora congolaise de Londres, de \u00ab virer \u00bb des ministres, voire de dissoudre l\u2019Assembl\u00e9e nationale, si ses partenaires de la coalition fid\u00e8les \u00e0 son pr\u00e9d\u00e9cesseur Joseph Kabila sapaient son pouvoir. \u00ab Les Congolais m\u2019ont confi\u00e9 une mission et je dois rendre compte \u00e0 ce peuple. Et celui qui ne va pas suivre mes instructions et qui s\u2019attachera aux instructions de sa famille politique, il sera vir\u00e9. Je ne peux pas dissoudre l\u2019Assembl\u00e9e nationale tant qu\u2019il n\u2019y&nbsp;&nbsp;a pas crise. Mais en cas d\u2019obstruction, je serai contraint, en fin de compte, de prendre la d\u00e9cision de dissoudre l\u2019Assembl\u00e9e nationale \u00bb.<\/p>\n\n\n\n<figure class=\"wp-block-image size-large is-resized\"><img loading=\"lazy\" decoding=\"async\" src=\"https:\/\/heshimardc.net\/v1\/wp-content\/uploads\/2022\/01\/freddy-mulongo-jeanine-mabunda-7.jpg\" alt=\"\" class=\"wp-image-2344\" width=\"436\" height=\"218\" srcset=\"https:\/\/heshimardc.net\/v1\/wp-content\/uploads\/2022\/01\/freddy-mulongo-jeanine-mabunda-7.jpg 661w, https:\/\/heshimardc.net\/v1\/wp-content\/uploads\/2022\/01\/freddy-mulongo-jeanine-mabunda-7-300x150.jpg 300w, https:\/\/heshimardc.net\/v1\/wp-content\/uploads\/2022\/01\/freddy-mulongo-jeanine-mabunda-7-16x8.jpg 16w\" sizes=\"(max-width: 436px) 100vw, 436px\" \/><\/figure>\n\n\n\n<p>Une menace qui n\u2019a pas manqu\u00e9 de r\u00e9plique dans les rangs du FCC. Et c\u2019est Jeanine Mabunda, alors pr\u00e9sidente de l\u2019Assembl\u00e9e nationale, qui s\u2019est occup\u00e9e de F\u00e9lix Tshisekedi. Elle avait convoqu\u00e9 une conf\u00e9rence de presse o\u00f9 elle a r\u00e9pondu \u00e0 cette menace demandant d\u2019\u00e9viter les \u00ab malentendus \u00bb et les risques de \u00ab haute trahison \u00bb, \u00e9voquant au passage l\u2019article 165 de la Constitution. \u00ab Toute personne qui m\u00e9conna\u00eet notre loi fondamentale peut \u00eatre expos\u00e9e au cas de haute trahison pour violation intentionnelle de la Constitution \u00bb a-t-elle d\u00e9clar\u00e9 devant la presse et des \u00e9lus nationaux pr\u00e9sents. Des menaces \u00e0 peine voil\u00e9es de destitution de F\u00e9lix Tshisekedi.<\/p>\n\n\n\n<p>Au lendemain de cette sortie tr\u00e8s m\u00e9diatis\u00e9e, le d\u00e9put\u00e9 national Crispin Mbindule a reproch\u00e9 \u00e0 Mabunda de n\u2019avoir pas consult\u00e9 la conf\u00e9rence des pr\u00e9sidents ni soumis la question \u00e0 la pl\u00e9ni\u00e8re souveraine avant de r\u00e9pondre aux propos de F\u00e9lix Tshisekedi. \u00ab Si elle ne retire pas ses propos, nous, d\u00e9put\u00e9s acquis au bon sens, nous allons aider madame la pr\u00e9sidente \u00e0 ne pas chaque fois s\u2019attaquer aux messages du chef de l\u2019\u00c9tat \u00bb, a-t-il rench\u00e9ri. L\u2019erreur fatale de Mabunda est de vouloir \u00e0 tout prix montrer les biceps, s\u2019exclamaient quelques analystes politiques. Un congr\u00e8s avort\u00e9 ! La prise de position de Jeanine Mabunda sur l\u2019ordonnance du chef de l\u2019Etat proclamant l\u2019\u00e9tat d\u2019urgence sanitaire en tenant en haleine l\u2019opinion nationale et internationale a aussi contribu\u00e9 dans l\u2019\u00e9clatement du FCC-CACH. Le pr\u00e9sident du S\u00e9nat Alexis Thambwe Mwamba (FCC) et la pr\u00e9sidente de l\u2019Assembl\u00e9e nationale avaient pris la d\u00e9cision de convoquer un congr\u00e8s afin de corriger ce qu\u2019ils ont qualifi\u00e9 de \u00ab faute \u00bb, accusant le pr\u00e9sident Tshisekedi d\u2019avoir viol\u00e9 la Constitution en proclamant l\u2019\u00e9tat d\u2019urgence sanitaire. Le Pr\u00e9sident de la R\u00e9publique a pris une ordonnance de fait proclamant l\u2019\u00e9tat d\u2019urgence sanitaire en violation de l\u2019article 119.2 de la Constitution, avait d\u00e9clar\u00e9 Alexis Thambwe sur une radio locale.<\/p>\n\n\n\n<p>Le congr\u00e8s qu\u2019ils s\u2019appr\u00eataient \u00e0 convoquer avec sa coll\u00e8gue de l\u2019Assembl\u00e9e afin de r\u00e9gulariser cette pr\u00e9tendue violation de la constitution et l\u00e9gif\u00e9rer sur l\u2019\u00e9tat d\u2019urgence en RD Congo n\u2019a jamais eu lieu, car d\u00e9truit par un argumentaire de JeanMarc Kabund qui a d\u00e9nonc\u00e9 un complot contre le chef de l\u2019Etat. Quelques jours apr\u00e8s, le FCC punira Kabund par une destitution de son poste de premier vice-pr\u00e9sident de&nbsp;&nbsp;l\u2019Assembl\u00e9e nationale.<\/p>\n\n\n\n<p class=\"has-text-color has-medium-font-size\" style=\"color:#f3c600\"><strong>Ent\u00e9rinement de Malonda et Lois Minaku-Sakata<\/strong><\/p>\n\n\n\n<p>L\u2019autre probl\u00e8me ayant concouru \u00e0 la chute de la coalition, c\u2019est l\u2019ent\u00e9rinement forc\u00e9 de Ronsard Malonda pour pr\u00e9sider la Commission \u00e9lectorale nationale ind\u00e9pendante (CENI). Ce technicien \u00e9lectoral dont le nom a \u00e9t\u00e9 choisi par six des huit confessions religieuses charg\u00e9es de d\u00e9signer le prochain pr\u00e9sident de la centrale \u00e9lectorale, a \u00e9t\u00e9 confirm\u00e9 en pl\u00e9ni\u00e8re \u00e0 l\u2019issue d\u2019une s\u00e9ance tendue. L\u2019opposition, la soci\u00e9t\u00e9 civile et m\u00eame le parti au pouvoir ont d\u00e9nonc\u00e9 ce choix, accusant Ronsard Malonda d\u2019avoir jou\u00e9 un r\u00f4le majeur lors du scrutin controvers\u00e9 de d\u00e9cembre 2018. La CENCO et l\u2019ECC ont notamment d\u00e9nonc\u00e9 un \u00ab passage en force \u00bb de la majorit\u00e9. Cette d\u00e9cision est intervenue alors que cette question ne figurait pas \u00e0 l\u2019ordre du jour de la pl\u00e9ni\u00e8re au sein de l\u2019Assembl\u00e9e nationale accusaient certains \u00e9lus nationaux. Le matin m\u00eame, plusieurs d\u00e9put\u00e9s affirmaient ne pas en avoir \u00e9t\u00e9 inform\u00e9s. Refusant de revenir sur sa d\u00e9cision, Jeanine Mabunda a appel\u00e9 plut\u00f4t les confessions religieuses \u00e0 s\u2019appr\u00eater \u00e0 d\u00e9signer les autres animateurs. Toujours dans l\u2019Assembl\u00e9e nationale dirig\u00e9e par Jeanine Mabunda, trois propositions de lois vont faire grand bruit.<\/p>\n\n\n\n<p>L\u2019examen de ces trois propositions de lois dites \u00ab Minaku-Sakata \u00bb sur la r\u00e9forme du syst\u00e8me judiciaire congolais a rencontr\u00e9 une forte opposition aussi bien du CACH, Lamuka que des militants de l\u2019UDPS en dehors de l\u2019h\u00e9micycle. Les d\u00e9put\u00e9s du Cap pour le Changement (CACH) et de l\u2019opposition parlementaire Lamuka avaient d\u00e9nonc\u00e9 \u00ab l\u2019obstination du FCC \u00e0 op\u00e9rer un passage en force \u00bb. Ils avaient, \u00e0 cet effet, d\u00e9cid\u00e9 de suspendre leur participation \u00e0 ces travaux, vu \u00ab l\u2019inconstitutionnalit\u00e9 et l\u2019inopportunit\u00e9 \u00bb de ces trois propositions de loi. Les d\u00e9put\u00e9s du CACH affirmaient avoir quitt\u00e9 la salle des travaux pour ne pas \u00eatre complices du complot de \u00ab caporalisation de la justice \u00bb, selon l\u2019un d\u2019eux, Tony Mwaba. Une \u00e9preuve qui a renforc\u00e9 le clivage entre les alli\u00e9s au point que le ministre de la Justice d\u2019alors, C\u00e9lestin Tunda ya Kasende, issu des rangs du FCC, a failli aider l\u2019Assembl\u00e9e nationale en donnant l\u2019avis du gouvernement sur ces propositions de lois \u00e0 l\u2019insu de l\u2019ex\u00e9cutif national.<\/p>\n\n\n\n<p class=\"has-text-color has-medium-font-size\" style=\"color:#e9a300\"><strong>&nbsp;On ne peut pas nous intimider !<\/strong><\/p>\n\n\n\n<p>Apr\u00e8s cette b\u00e9vue, le ministre de la Justice sera interpel\u00e9 par le parquet pr\u00e8s la Cour de cassation. Avant d\u2019\u00eatre rel\u00e2ch\u00e9 dans la soir\u00e9e, apr\u00e8s avoir, selon lui, t\u00e9l\u00e9phon\u00e9 pr\u00e9c\u00e9demment \u00e0 \u00ab Ye me\u00ef \u00bb ( Joseph Kabila). R\u00e9unis pour la circonstance avec les caciques du PPRD qui sont partis le soutenir au parquet, Tunda a fait le rapport de sa chaude journ\u00e9e. Et dans la foul\u00e9e, Shadary va tenter de galvaniser ses troupes en criant : \u00ab on ne peut pas nous intimider ! \u00bb Phrase devenue ironique dans les r\u00e9seaux sociaux \u00e0 chaque fois que le FCC subissait des revers politiques.<\/p>\n\n\n\n<p>Boycott du serment des juges ! En octobre 2020, Jeanine Mabunda, Alexis Thambwe Mwamba ainsi que plusieurs ministres du FCC avaient boycott\u00e9 la c\u00e9r\u00e9monie de prestation de serment des trois juges de la Cour constitutionnelle, \u00e0 savoir Dieudonn\u00e9 Kaluba Dibwa, Kalume Yasengo et Kamulete Badibanga. Les pr\u00e9sidents du S\u00e9nat, Alexis Thambwe, et la pr\u00e9sidente de l\u2019Assembl\u00e9e nationale, Jeanine Mabunda, avaient d\u00e9j\u00e0 annonc\u00e9, dans une correspondance adress\u00e9e la veille au chef de l\u2019Etat, qu\u2019ils boycotteraient cette c\u00e9r\u00e9monie. Pourtant charg\u00e9 par le dernier Conseil des ministres d\u2019organiser cette c\u00e9r\u00e9monie, le Premier ministre, Sylvestre Ilunga, avait \u00e9t\u00e9 aussi absent du Palais du Peuple. Les trois responsables sont membres du FCC qui contestait la l\u00e9galit\u00e9 des ordonnances pr\u00e9sidentielles de juin 2020 nommant ces juges. Apr\u00e8s cette \u00e9tape, Tshisekedi suspendra les conseils des ministres jusqu\u2019\u00e0 ce que la&nbsp;&nbsp;chute du bureau Mabunda intervienne le 10 d\u00e9cembre 2020 ainsi que celle du Bureau Thambwe Mwamba. Puis, plus tard, en janvier 2021, celle du gouvernement Ilunkamba. Ainsi, sonna le glas de la coalition FCC-CACH.<\/p>\n\n\n\n<p>En marge de toutes ces p\u00e9rip\u00e9ties, le FCC a poursuivi sa chute. N\u00e9h\u00e9mie Mwilanya a \u00e9t\u00e9 tardivement d\u00e9mis de ses fonctions de coordonnateur de la plateforme. Il a \u00e9t\u00e9 remplac\u00e9 par un comit\u00e9 de crise dirig\u00e9 par Raymond Tshibanda. En d\u00e9pit de ce changement, une fronde s\u2019est ouvertement cr\u00e9\u00e9e, demandant la mise \u00e0 l\u2019\u00e9cart de plusieurs caciques. Face \u00e0 ce remous, Joseph Kabila, lui, est rest\u00e9 \u00e9loign\u00e9 du FCC, se contentant des rapports d\u2019un groupe r\u00e9duit, du reste contest\u00e9. Des responsables qui disaient parler en son nom et tout ramener vers lui. Ce manque de contact direct avec les partis et regroupements composant le FCC lui a \u00e9t\u00e9 tr\u00e8s d\u00e9favorable. Aujourd\u2019hui, l\u2019homme vit retranch\u00e9 dans sa ferme situ\u00e9e dans la p\u00e9riph\u00e9rie Est de la ville de Kinshasa comme s\u2019il n\u2019avait pas de plateforme politique. Peut\u00eatre qu\u2019il m\u00e9dite sur une possible \u00ab remontada \u00bb en 2023 !&nbsp;<\/p>\n\n\n\n<p>&nbsp;Heshima<\/p>\n","protected":false},"excerpt":{"rendered":"<p>Face aux verrous constitutionnels contre un troisi\u00e8me mandat, Joseph Kabila \u00e9tait oblig\u00e9 de passer la main \u00e0 un autre. Pour que le pouvoir reste dans son s\u00e9rail, le pr\u00e9d\u00e9cesseur de F\u00e9lix Tshisekedi s\u2019\u00e9tait choisi un dauphin. Un casting qui a, en r\u00e9alit\u00e9, sonn\u00e9 le glas du clan.<\/p>\n","protected":false},"author":2,"featured_media":2345,"comment_status":"closed","ping_status":"closed","sticky":false,"template":"","format":"standard","meta":{"footnotes":""},"categories":[5],"tags":[250,182],"class_list":["post-2342","post","type-post","status-publish","format-standard","has-post-thumbnail","hentry","category-politique","tag-fcc","tag-rdc"],"yoast_head":"<!-- This site is optimized with the Yoast SEO plugin v23.3 - https:\/\/yoast.com\/wordpress\/plugins\/seo\/ -->\n<title>FCC : retour sur la chute d\u2019un clan - HESHIMA MAGAZINE<\/title>\n<meta name=\"description\" content=\"Devant l\u2019impossibilit\u00e9 de contourner la Constitution pour briguer un troisi\u00e8me mandat, Joseph Kabila avait, \u00e0 la surprise g\u00e9n\u00e9rale, port\u00e9 son choix sur Emmanuel Ramazani Shadary comme candidat \u00e0 sa succession \u00e0 la t\u00eate du pays. A quelques heures seulement de la fin du d\u00e9lai de d\u00e9p\u00f4ts des candidatures pour la pr\u00e9sidentielle, l\u2019ex-chef d&#039;Etat, alors en fonction, a d\u00e9voil\u00e9, le 8 ao\u00fbt 2018, le nom du candidat du Front commun pour le Congo (FCC), pour le scrutin du 23 d\u00e9cembre de la m\u00eame ann\u00e9e.\" \/>\n<meta name=\"robots\" content=\"index, follow, max-snippet:-1, max-image-preview:large, max-video-preview:-1\" \/>\n<link rel=\"canonical\" href=\"https:\/\/heshimardc.net\/v1\/2022\/01\/26\/fcc-retour-sur-la-chute-dun-clan\/\" \/>\n<meta property=\"og:locale\" content=\"fr_FR\" \/>\n<meta property=\"og:type\" content=\"article\" \/>\n<meta property=\"og:title\" content=\"FCC : retour sur la chute d\u2019un clan - HESHIMA MAGAZINE\" \/>\n<meta property=\"og:description\" content=\"Devant l\u2019impossibilit\u00e9 de contourner la Constitution pour briguer un troisi\u00e8me mandat, Joseph Kabila avait, \u00e0 la surprise g\u00e9n\u00e9rale, port\u00e9 son choix sur Emmanuel Ramazani Shadary comme candidat \u00e0 sa succession \u00e0 la t\u00eate du pays. A quelques heures seulement de la fin du d\u00e9lai de d\u00e9p\u00f4ts des candidatures pour la pr\u00e9sidentielle, l\u2019ex-chef d&#039;Etat, alors en fonction, a d\u00e9voil\u00e9, le 8 ao\u00fbt 2018, le nom du candidat du Front commun pour le Congo (FCC), pour le scrutin du 23 d\u00e9cembre de la m\u00eame ann\u00e9e.\" \/>\n<meta property=\"og:url\" content=\"https:\/\/heshimardc.net\/v1\/2022\/01\/26\/fcc-retour-sur-la-chute-dun-clan\/\" \/>\n<meta property=\"og:site_name\" content=\"HESHIMA MAGAZINE\" \/>\n<meta property=\"article:publisher\" content=\"https:\/\/www.facebook.com\/heshimamagazine\" \/>\n<meta property=\"article:published_time\" content=\"2022-01-26T07:57:24+00:00\" \/>\n<meta property=\"article:modified_time\" content=\"2022-01-26T07:57:27+00:00\" \/>\n<meta property=\"og:image\" content=\"https:\/\/heshimardc.net\/v1\/wp-content\/uploads\/2022\/01\/ElSxgCNWMAAcsyG.jpg\" \/>\n\t<meta property=\"og:image:width\" content=\"640\" \/>\n\t<meta property=\"og:image:height\" content=\"350\" \/>\n\t<meta property=\"og:image:type\" content=\"image\/jpeg\" \/>\n<meta name=\"author\" content=\"RedactionH\" \/>\n<meta name=\"twitter:card\" content=\"summary_large_image\" \/>\n<meta name=\"twitter:creator\" content=\"@HeshimaMag\" \/>\n<meta name=\"twitter:site\" content=\"@HeshimaMag\" \/>\n<meta name=\"twitter:label1\" content=\"\u00c9crit par\" \/>\n\t<meta name=\"twitter:data1\" content=\"RedactionH\" \/>\n\t<meta name=\"twitter:label2\" content=\"Dur\u00e9e de lecture estim\u00e9e\" \/>\n\t<meta name=\"twitter:data2\" content=\"10 minutes\" \/>\n<script type=\"application\/ld+json\" class=\"yoast-schema-graph\">{\"@context\":\"https:\/\/schema.org\",\"@graph\":[{\"@type\":\"Article\",\"@id\":\"https:\/\/heshimardc.net\/v1\/2022\/01\/26\/fcc-retour-sur-la-chute-dun-clan\/#article\",\"isPartOf\":{\"@id\":\"https:\/\/heshimardc.net\/v1\/2022\/01\/26\/fcc-retour-sur-la-chute-dun-clan\/\"},\"author\":{\"name\":\"RedactionH\",\"@id\":\"https:\/\/heshimardc.net\/v1\/#\/schema\/person\/c74a2d47650131f158dc4a027547a532\"},\"headline\":\"FCC : retour sur la chute d\u2019un clan\",\"datePublished\":\"2022-01-26T07:57:24+00:00\",\"dateModified\":\"2022-01-26T07:57:27+00:00\",\"mainEntityOfPage\":{\"@id\":\"https:\/\/heshimardc.net\/v1\/2022\/01\/26\/fcc-retour-sur-la-chute-dun-clan\/\"},\"wordCount\":2433,\"publisher\":{\"@id\":\"https:\/\/heshimardc.net\/v1\/#organization\"},\"image\":{\"@id\":\"https:\/\/heshimardc.net\/v1\/2022\/01\/26\/fcc-retour-sur-la-chute-dun-clan\/#primaryimage\"},\"thumbnailUrl\":\"https:\/\/heshimardc.net\/v1\/wp-content\/uploads\/2022\/01\/ElSxgCNWMAAcsyG.jpg\",\"keywords\":[\"FCC\",\"RDC\"],\"articleSection\":[\"Politique\"],\"inLanguage\":\"fr-FR\"},{\"@type\":\"WebPage\",\"@id\":\"https:\/\/heshimardc.net\/v1\/2022\/01\/26\/fcc-retour-sur-la-chute-dun-clan\/\",\"url\":\"https:\/\/heshimardc.net\/v1\/2022\/01\/26\/fcc-retour-sur-la-chute-dun-clan\/\",\"name\":\"FCC : retour sur la chute d\u2019un clan - HESHIMA MAGAZINE\",\"isPartOf\":{\"@id\":\"https:\/\/heshimardc.net\/v1\/#website\"},\"primaryImageOfPage\":{\"@id\":\"https:\/\/heshimardc.net\/v1\/2022\/01\/26\/fcc-retour-sur-la-chute-dun-clan\/#primaryimage\"},\"image\":{\"@id\":\"https:\/\/heshimardc.net\/v1\/2022\/01\/26\/fcc-retour-sur-la-chute-dun-clan\/#primaryimage\"},\"thumbnailUrl\":\"https:\/\/heshimardc.net\/v1\/wp-content\/uploads\/2022\/01\/ElSxgCNWMAAcsyG.jpg\",\"datePublished\":\"2022-01-26T07:57:24+00:00\",\"dateModified\":\"2022-01-26T07:57:27+00:00\",\"description\":\"Devant l\u2019impossibilit\u00e9 de contourner la Constitution pour briguer un troisi\u00e8me mandat, Joseph Kabila avait, \u00e0 la surprise g\u00e9n\u00e9rale, port\u00e9 son choix sur Emmanuel Ramazani Shadary comme candidat \u00e0 sa succession \u00e0 la t\u00eate du pays. A quelques heures seulement de la fin du d\u00e9lai de d\u00e9p\u00f4ts des candidatures pour la pr\u00e9sidentielle, l\u2019ex-chef d'Etat, alors en fonction, a d\u00e9voil\u00e9, le 8 ao\u00fbt 2018, le nom du candidat du Front commun pour le Congo (FCC), pour le scrutin du 23 d\u00e9cembre de la m\u00eame ann\u00e9e.\",\"breadcrumb\":{\"@id\":\"https:\/\/heshimardc.net\/v1\/2022\/01\/26\/fcc-retour-sur-la-chute-dun-clan\/#breadcrumb\"},\"inLanguage\":\"fr-FR\",\"potentialAction\":[{\"@type\":\"ReadAction\",\"target\":[\"https:\/\/heshimardc.net\/v1\/2022\/01\/26\/fcc-retour-sur-la-chute-dun-clan\/\"]}]},{\"@type\":\"ImageObject\",\"inLanguage\":\"fr-FR\",\"@id\":\"https:\/\/heshimardc.net\/v1\/2022\/01\/26\/fcc-retour-sur-la-chute-dun-clan\/#primaryimage\",\"url\":\"https:\/\/heshimardc.net\/v1\/wp-content\/uploads\/2022\/01\/ElSxgCNWMAAcsyG.jpg\",\"contentUrl\":\"https:\/\/heshimardc.net\/v1\/wp-content\/uploads\/2022\/01\/ElSxgCNWMAAcsyG.jpg\",\"width\":640,\"height\":350},{\"@type\":\"BreadcrumbList\",\"@id\":\"https:\/\/heshimardc.net\/v1\/2022\/01\/26\/fcc-retour-sur-la-chute-dun-clan\/#breadcrumb\",\"itemListElement\":[{\"@type\":\"ListItem\",\"position\":1,\"name\":\"Accueil\",\"item\":\"https:\/\/heshimardc.net\/v1\/\"},{\"@type\":\"ListItem\",\"position\":2,\"name\":\"FCC : retour sur la chute d\u2019un clan\"}]},{\"@type\":\"WebSite\",\"@id\":\"https:\/\/heshimardc.net\/v1\/#website\",\"url\":\"https:\/\/heshimardc.net\/v1\/\",\"name\":\"HESHIMA MAGAZINE\",\"description\":\"Le magazine Congolais qui bat au rythme de l&#039;actualit\u00e9\",\"publisher\":{\"@id\":\"https:\/\/heshimardc.net\/v1\/#organization\"},\"potentialAction\":[{\"@type\":\"SearchAction\",\"target\":{\"@type\":\"EntryPoint\",\"urlTemplate\":\"https:\/\/heshimardc.net\/v1\/?s={search_term_string}\"},\"query-input\":\"required name=search_term_string\"}],\"inLanguage\":\"fr-FR\"},{\"@type\":\"Organization\",\"@id\":\"https:\/\/heshimardc.net\/v1\/#organization\",\"name\":\"HESHIMA MAGAZINE\",\"url\":\"https:\/\/heshimardc.net\/v1\/\",\"logo\":{\"@type\":\"ImageObject\",\"inLanguage\":\"fr-FR\",\"@id\":\"https:\/\/heshimardc.net\/v1\/#\/schema\/logo\/image\/\",\"url\":\"https:\/\/heshimardc.net\/v1\/wp-content\/uploads\/2020\/09\/logo.png\",\"contentUrl\":\"https:\/\/heshimardc.net\/v1\/wp-content\/uploads\/2020\/09\/logo.png\",\"width\":99,\"height\":130,\"caption\":\"HESHIMA MAGAZINE\"},\"image\":{\"@id\":\"https:\/\/heshimardc.net\/v1\/#\/schema\/logo\/image\/\"},\"sameAs\":[\"https:\/\/www.facebook.com\/heshimamagazine\",\"https:\/\/x.com\/HeshimaMag\"]},{\"@type\":\"Person\",\"@id\":\"https:\/\/heshimardc.net\/v1\/#\/schema\/person\/c74a2d47650131f158dc4a027547a532\",\"name\":\"RedactionH\",\"image\":{\"@type\":\"ImageObject\",\"inLanguage\":\"fr-FR\",\"@id\":\"https:\/\/heshimardc.net\/v1\/#\/schema\/person\/image\/\",\"url\":\"https:\/\/secure.gravatar.com\/avatar\/a52112f8496f362a38bf46c70ca9e956?s=96&d=mm&r=g\",\"contentUrl\":\"https:\/\/secure.gravatar.com\/avatar\/a52112f8496f362a38bf46c70ca9e956?s=96&d=mm&r=g\",\"caption\":\"RedactionH\"},\"sameAs\":[\"http:\/\/www.heshimardc.net\"],\"url\":\"https:\/\/heshimardc.net\/v1\/author\/redactionh\/\"}]}<\/script>\n<!-- \/ Yoast SEO plugin. -->","yoast_head_json":{"title":"FCC : retour sur la chute d\u2019un clan - HESHIMA MAGAZINE","description":"Devant l\u2019impossibilit\u00e9 de contourner la Constitution pour briguer un troisi\u00e8me mandat, Joseph Kabila avait, \u00e0 la surprise g\u00e9n\u00e9rale, port\u00e9 son choix sur Emmanuel Ramazani Shadary comme candidat \u00e0 sa succession \u00e0 la t\u00eate du pays. A quelques heures seulement de la fin du d\u00e9lai de d\u00e9p\u00f4ts des candidatures pour la pr\u00e9sidentielle, l\u2019ex-chef d'Etat, alors en fonction, a d\u00e9voil\u00e9, le 8 ao\u00fbt 2018, le nom du candidat du Front commun pour le Congo (FCC), pour le scrutin du 23 d\u00e9cembre de la m\u00eame ann\u00e9e.","robots":{"index":"index","follow":"follow","max-snippet":"max-snippet:-1","max-image-preview":"max-image-preview:large","max-video-preview":"max-video-preview:-1"},"canonical":"https:\/\/heshimardc.net\/v1\/2022\/01\/26\/fcc-retour-sur-la-chute-dun-clan\/","og_locale":"fr_FR","og_type":"article","og_title":"FCC : retour sur la chute d\u2019un clan - HESHIMA MAGAZINE","og_description":"Devant l\u2019impossibilit\u00e9 de contourner la Constitution pour briguer un troisi\u00e8me mandat, Joseph Kabila avait, \u00e0 la surprise g\u00e9n\u00e9rale, port\u00e9 son choix sur Emmanuel Ramazani Shadary comme candidat \u00e0 sa succession \u00e0 la t\u00eate du pays. A quelques heures seulement de la fin du d\u00e9lai de d\u00e9p\u00f4ts des candidatures pour la pr\u00e9sidentielle, l\u2019ex-chef d'Etat, alors en fonction, a d\u00e9voil\u00e9, le 8 ao\u00fbt 2018, le nom du candidat du Front commun pour le Congo (FCC), pour le scrutin du 23 d\u00e9cembre de la m\u00eame ann\u00e9e.","og_url":"https:\/\/heshimardc.net\/v1\/2022\/01\/26\/fcc-retour-sur-la-chute-dun-clan\/","og_site_name":"HESHIMA MAGAZINE","article_publisher":"https:\/\/www.facebook.com\/heshimamagazine","article_published_time":"2022-01-26T07:57:24+00:00","article_modified_time":"2022-01-26T07:57:27+00:00","og_image":[{"width":640,"height":350,"url":"https:\/\/heshimardc.net\/v1\/wp-content\/uploads\/2022\/01\/ElSxgCNWMAAcsyG.jpg","type":"image\/jpeg"}],"author":"RedactionH","twitter_card":"summary_large_image","twitter_creator":"@HeshimaMag","twitter_site":"@HeshimaMag","twitter_misc":{"\u00c9crit par":"RedactionH","Dur\u00e9e de lecture estim\u00e9e":"10 minutes"},"schema":{"@context":"https:\/\/schema.org","@graph":[{"@type":"Article","@id":"https:\/\/heshimardc.net\/v1\/2022\/01\/26\/fcc-retour-sur-la-chute-dun-clan\/#article","isPartOf":{"@id":"https:\/\/heshimardc.net\/v1\/2022\/01\/26\/fcc-retour-sur-la-chute-dun-clan\/"},"author":{"name":"RedactionH","@id":"https:\/\/heshimardc.net\/v1\/#\/schema\/person\/c74a2d47650131f158dc4a027547a532"},"headline":"FCC : retour sur la chute d\u2019un clan","datePublished":"2022-01-26T07:57:24+00:00","dateModified":"2022-01-26T07:57:27+00:00","mainEntityOfPage":{"@id":"https:\/\/heshimardc.net\/v1\/2022\/01\/26\/fcc-retour-sur-la-chute-dun-clan\/"},"wordCount":2433,"publisher":{"@id":"https:\/\/heshimardc.net\/v1\/#organization"},"image":{"@id":"https:\/\/heshimardc.net\/v1\/2022\/01\/26\/fcc-retour-sur-la-chute-dun-clan\/#primaryimage"},"thumbnailUrl":"https:\/\/heshimardc.net\/v1\/wp-content\/uploads\/2022\/01\/ElSxgCNWMAAcsyG.jpg","keywords":["FCC","RDC"],"articleSection":["Politique"],"inLanguage":"fr-FR"},{"@type":"WebPage","@id":"https:\/\/heshimardc.net\/v1\/2022\/01\/26\/fcc-retour-sur-la-chute-dun-clan\/","url":"https:\/\/heshimardc.net\/v1\/2022\/01\/26\/fcc-retour-sur-la-chute-dun-clan\/","name":"FCC : retour sur la chute d\u2019un clan - HESHIMA MAGAZINE","isPartOf":{"@id":"https:\/\/heshimardc.net\/v1\/#website"},"primaryImageOfPage":{"@id":"https:\/\/heshimardc.net\/v1\/2022\/01\/26\/fcc-retour-sur-la-chute-dun-clan\/#primaryimage"},"image":{"@id":"https:\/\/heshimardc.net\/v1\/2022\/01\/26\/fcc-retour-sur-la-chute-dun-clan\/#primaryimage"},"thumbnailUrl":"https:\/\/heshimardc.net\/v1\/wp-content\/uploads\/2022\/01\/ElSxgCNWMAAcsyG.jpg","datePublished":"2022-01-26T07:57:24+00:00","dateModified":"2022-01-26T07:57:27+00:00","description":"Devant l\u2019impossibilit\u00e9 de contourner la Constitution pour briguer un troisi\u00e8me mandat, Joseph Kabila avait, \u00e0 la surprise g\u00e9n\u00e9rale, port\u00e9 son choix sur Emmanuel Ramazani Shadary comme candidat \u00e0 sa succession \u00e0 la t\u00eate du pays. A quelques heures seulement de la fin du d\u00e9lai de d\u00e9p\u00f4ts des candidatures pour la pr\u00e9sidentielle, l\u2019ex-chef d'Etat, alors en fonction, a d\u00e9voil\u00e9, le 8 ao\u00fbt 2018, le nom du candidat du Front commun pour le Congo (FCC), pour le scrutin du 23 d\u00e9cembre de la m\u00eame ann\u00e9e.","breadcrumb":{"@id":"https:\/\/heshimardc.net\/v1\/2022\/01\/26\/fcc-retour-sur-la-chute-dun-clan\/#breadcrumb"},"inLanguage":"fr-FR","potentialAction":[{"@type":"ReadAction","target":["https:\/\/heshimardc.net\/v1\/2022\/01\/26\/fcc-retour-sur-la-chute-dun-clan\/"]}]},{"@type":"ImageObject","inLanguage":"fr-FR","@id":"https:\/\/heshimardc.net\/v1\/2022\/01\/26\/fcc-retour-sur-la-chute-dun-clan\/#primaryimage","url":"https:\/\/heshimardc.net\/v1\/wp-content\/uploads\/2022\/01\/ElSxgCNWMAAcsyG.jpg","contentUrl":"https:\/\/heshimardc.net\/v1\/wp-content\/uploads\/2022\/01\/ElSxgCNWMAAcsyG.jpg","width":640,"height":350},{"@type":"BreadcrumbList","@id":"https:\/\/heshimardc.net\/v1\/2022\/01\/26\/fcc-retour-sur-la-chute-dun-clan\/#breadcrumb","itemListElement":[{"@type":"ListItem","position":1,"name":"Accueil","item":"https:\/\/heshimardc.net\/v1\/"},{"@type":"ListItem","position":2,"name":"FCC : retour sur la chute d\u2019un clan"}]},{"@type":"WebSite","@id":"https:\/\/heshimardc.net\/v1\/#website","url":"https:\/\/heshimardc.net\/v1\/","name":"HESHIMA MAGAZINE","description":"Le magazine Congolais qui bat au rythme de l&#039;actualit\u00e9","publisher":{"@id":"https:\/\/heshimardc.net\/v1\/#organization"},"potentialAction":[{"@type":"SearchAction","target":{"@type":"EntryPoint","urlTemplate":"https:\/\/heshimardc.net\/v1\/?s={search_term_string}"},"query-input":"required name=search_term_string"}],"inLanguage":"fr-FR"},{"@type":"Organization","@id":"https:\/\/heshimardc.net\/v1\/#organization","name":"HESHIMA MAGAZINE","url":"https:\/\/heshimardc.net\/v1\/","logo":{"@type":"ImageObject","inLanguage":"fr-FR","@id":"https:\/\/heshimardc.net\/v1\/#\/schema\/logo\/image\/","url":"https:\/\/heshimardc.net\/v1\/wp-content\/uploads\/2020\/09\/logo.png","contentUrl":"https:\/\/heshimardc.net\/v1\/wp-content\/uploads\/2020\/09\/logo.png","width":99,"height":130,"caption":"HESHIMA MAGAZINE"},"image":{"@id":"https:\/\/heshimardc.net\/v1\/#\/schema\/logo\/image\/"},"sameAs":["https:\/\/www.facebook.com\/heshimamagazine","https:\/\/x.com\/HeshimaMag"]},{"@type":"Person","@id":"https:\/\/heshimardc.net\/v1\/#\/schema\/person\/c74a2d47650131f158dc4a027547a532","name":"RedactionH","image":{"@type":"ImageObject","inLanguage":"fr-FR","@id":"https:\/\/heshimardc.net\/v1\/#\/schema\/person\/image\/","url":"https:\/\/secure.gravatar.com\/avatar\/a52112f8496f362a38bf46c70ca9e956?s=96&d=mm&r=g","contentUrl":"https:\/\/secure.gravatar.com\/avatar\/a52112f8496f362a38bf46c70ca9e956?s=96&d=mm&r=g","caption":"RedactionH"},"sameAs":["http:\/\/www.heshimardc.net"],"url":"https:\/\/heshimardc.net\/v1\/author\/redactionh\/"}]}},"amp_enabled":true,"_links":{"self":[{"href":"https:\/\/heshimardc.net\/v1\/wp-json\/wp\/v2\/posts\/2342"}],"collection":[{"href":"https:\/\/heshimardc.net\/v1\/wp-json\/wp\/v2\/posts"}],"about":[{"href":"https:\/\/heshimardc.net\/v1\/wp-json\/wp\/v2\/types\/post"}],"author":[{"embeddable":true,"href":"https:\/\/heshimardc.net\/v1\/wp-json\/wp\/v2\/users\/2"}],"replies":[{"embeddable":true,"href":"https:\/\/heshimardc.net\/v1\/wp-json\/wp\/v2\/comments?post=2342"}],"version-history":[{"count":3,"href":"https:\/\/heshimardc.net\/v1\/wp-json\/wp\/v2\/posts\/2342\/revisions"}],"predecessor-version":[{"id":2348,"href":"https:\/\/heshimardc.net\/v1\/wp-json\/wp\/v2\/posts\/2342\/revisions\/2348"}],"wp:featuredmedia":[{"embeddable":true,"href":"https:\/\/heshimardc.net\/v1\/wp-json\/wp\/v2\/media\/2345"}],"wp:attachment":[{"href":"https:\/\/heshimardc.net\/v1\/wp-json\/wp\/v2\/media?parent=2342"}],"wp:term":[{"taxonomy":"category","embeddable":true,"href":"https:\/\/heshimardc.net\/v1\/wp-json\/wp\/v2\/categories?post=2342"},{"taxonomy":"post_tag","embeddable":true,"href":"https:\/\/heshimardc.net\/v1\/wp-json\/wp\/v2\/tags?post=2342"}],"curies":[{"name":"wp","href":"https:\/\/api.w.org\/{rel}","templated":true}]}}