{"id":2586,"date":"2022-03-31T17:33:30","date_gmt":"2022-03-31T17:33:30","guid":{"rendered":"https:\/\/heshimardc.net\/v1\/?p=2586"},"modified":"2022-03-31T17:33:33","modified_gmt":"2022-03-31T17:33:33","slug":"rose-masala-la-lutte-pour-les-droits-de-la-femme-par-et-dans-les-medias-concerne-toutes-les-communicatrices","status":"publish","type":"post","link":"https:\/\/heshimardc.net\/v1\/2022\/03\/31\/rose-masala-la-lutte-pour-les-droits-de-la-femme-par-et-dans-les-medias-concerne-toutes-les-communicatrices\/","title":{"rendered":"Rose Masala: La lutte pour les droits de la femme par et dans les m\u00e9dias concerne toutes les communicatrices"},"content":{"rendered":"\n<p><\/p>\n\n\n\n<p class=\"has-drop-cap\">Journaliste de formation, fruit de l\u2019Institut facultaire des sciences de l\u2019information et communication (IFASIC exISTI), Mme Masala est licenci\u00e9e en Sciences de l\u2019Information et de la Communication en 2001. Ancienne du journal \u00ab La R\u00e9f\u00e9rence Plus \u00bb (1991 \u00e0 1996) et de la chaine de t\u00e9l\u00e9vision \u00ab T\u00e9l\u00e9 Kin Malebo \u00bb, TKM (1996 \u00e0 2004) et Observateur- Analyste au CSAC depuis l\u2019\u00e9poque de la Haute Autorit\u00e9 des M\u00e9dias, HAM, la directrice nationale ex\u00e9cutive de l\u2019UCOFEM a b\u00e9n\u00e9fici\u00e9 de plusieurs formations dans le cadre professionnel au pays, en Afrique comme en dehors du continent \u00e0 travers des colloques, des s\u00e9minaires et autres ateliers auxquels elle a particip\u00e9.<\/p>\n\n\n\n<p>Elle est l\u2019une des co-fondatrices de l\u2019Ucofem, cr\u00e9\u00e9e il y a 23 ans d\u00e9j\u00e0. Mme Masala a \u00e9mis le v\u0153u de voir cette organisation revivre ses plus belles ann\u00e9es, car ces \u00e9lections ont apport\u00e9 \u00ab\u00a0une nouvelle \u00e8re\u00a0\u00bb. En cette ann\u00e9e 2022, elle entend prendre une part active au forum qui va r\u00e9unir pendant trois jours non seulement les professionnels des m\u00e9dias mais aussi des activistes des droits humains qui vont axer leurs r\u00e9flexions autour de l\u2019autonomisation et la promotion des droits des femmes et des filles et aussi le r\u00f4le de la femme professionnelle des m\u00e9dias dans la r\u00e9ponse \u00e0 la lutte contre le changement climatique.<\/p>\n\n\n\n<div class=\"wp-block-image\"><figure class=\"alignright size-large is-resized\"><img loading=\"lazy\" decoding=\"async\" src=\"https:\/\/heshimardc.net\/v1\/wp-content\/uploads\/2022\/03\/2e441956-f228-477e-a61e-43958bde9b3e-614x1024.jpg\" alt=\"\" class=\"wp-image-2587\" width=\"241\" height=\"403\" srcset=\"https:\/\/heshimardc.net\/v1\/wp-content\/uploads\/2022\/03\/2e441956-f228-477e-a61e-43958bde9b3e-614x1024.jpg 614w, https:\/\/heshimardc.net\/v1\/wp-content\/uploads\/2022\/03\/2e441956-f228-477e-a61e-43958bde9b3e-180x300.jpg 180w, https:\/\/heshimardc.net\/v1\/wp-content\/uploads\/2022\/03\/2e441956-f228-477e-a61e-43958bde9b3e-7x12.jpg 7w, https:\/\/heshimardc.net\/v1\/wp-content\/uploads\/2022\/03\/2e441956-f228-477e-a61e-43958bde9b3e.jpg 648w\" sizes=\"(max-width: 241px) 100vw, 241px\" \/><\/figure><\/div>\n\n\n\n<p>Dans son escarcelle, il y a la c\u00e9l\u00e9bration de la libert\u00e9 de la presse, \u2026 autant de questions&nbsp;qui lui ont permis de donner \u00e0 la femme voix au chapitre \u00e0 travers le concept genre, et comment les gens per\u00e7oivent ce concept, comment est per\u00e7u l\u2019image des femmes des m\u00e9dias au sein de la soci\u00e9t\u00e9, la promotion de la femme dans et par les m\u00e9dias dans le souci de lutter contre les st\u00e9r\u00e9otypes li\u00e9s aux femmes journalistes. L\u2019image des femmes dans les m\u00e9dias de la RDC est encore n\u00e9gative. Elle continue d\u2019\u00eatre st\u00e9r\u00e9otyp\u00e9e et sexiste.<\/p>\n\n\n\n<p>\u00a0Souvent, les m\u00e9dias pr\u00e9sentent la femme comme un d\u00e9cor, un objet sexuel, un \u00eatre inf\u00e9rieur, une immature, sans ambition, incapable, etc. Cette image n\u00e9gative de la femme est diffus\u00e9e \u00e0 travers la publicit\u00e9, les reportages de terrain, dans les journaux, les magazines et dans les autres productions m\u00e9diatiques. Ce qui donne l\u2019impression que la valeur et le pouvoir d\u2019une femme r\u00e9sident dans sa jeunesse, dans sa beaut\u00e9, dans sa sexualit\u00e9 et non dans son aptitude \u00e0 diriger. Que faire pour am\u00e9liorer l\u2019image des femmes dans les m\u00e9dias de la RDC ?<\/p>\n\n\n\n<p>Pour Rose Masala, l\u2019Ucofem ne peut continuer \u00e0 compter sur l\u2019appui des partenaires mais, elle doit \u00eatre capable d\u2019avoir des ressources propres pour organiser ses activit\u00e9s afin de poursuivre sa lutte, celle de promouvoir les femmes dans et par les m\u00e9dias. Par son combat, elle vise la r\u00e9alisation du bon d\u00e9roulement de l&rsquo;exercice de la libert\u00e9 de la presse en RDC au cours des dix prochaines&nbsp;&nbsp;ann\u00e9es. Elle a r\u00e9affirm\u00e9 que le pays a un niveau de libert\u00e9 de la presse suffisamment avanc\u00e9 et satisfaisant tenant compte du niveau de d\u00e9veloppement et en comparaison \u00e0 certains pays voisins. Cependant, des progr\u00e8s restent \u00e0 faire quant au respect du code de d\u00e9ontologie et de l&rsquo;\u00e9thique.&nbsp;<\/p>\n\n\n\n<p>Pour ce faire, Mme Masala a lou\u00e9 le r\u00f4le des femmes des m\u00e9dias en RDC. Tant les femmes congolaises interviennent dans tous les secteurs de la vie. Elles sont pr\u00e9sentes pour donner au public des informations de premi\u00e8re importance sur la vie sociale et l&rsquo;\u00e9conomie du pays. Certaines d\u2019entre elles ont m\u00eame \u00e9t\u00e9 r\u00e9compens\u00e9es pour avoir brav\u00e9 la pand\u00e9mie de la Covid-19 au nom du devoir d&rsquo;informer le public.<\/p>\n\n\n\n<p>Raymond Okeseleke<\/p>\n","protected":false},"excerpt":{"rendered":"<p>Elue le 20 mars 2021 \u00e0 l\u2019issue d\u2019une assembl\u00e9e g\u00e9n\u00e9rale \u00e9lective, Mme Rose Masala Ndarabu, actuelle directrice nationale ex\u00e9cutive et cofondatrice de l\u2019Union Congolaise des Femmes des M\u00e9dias (Ucofem), a r\u00e9affirm\u00e9 son engagement \u00e0 poursuivre la lutte pour la promotion des femmes dans et par les m\u00e9dias. Cette ann\u00e9e, elle a engag\u00e9 sa structure \u00e0 promouvoir les activit\u00e9s pr\u00e9vues, pendant 3 jours, dans le cadre de la c\u00e9l\u00e9bration de la journ\u00e9e internationale des droits des femmes et du mois de mars consacr\u00e9 aux plaidoyers pour les droits des femmes.<\/p>\n","protected":false},"author":2,"featured_media":2588,"comment_status":"closed","ping_status":"closed","sticky":false,"template":"","format":"standard","meta":{"footnotes":""},"categories":[2],"tags":[182],"class_list":["post-2586","post","type-post","status-publish","format-standard","has-post-thumbnail","hentry","category-decouverte","tag-rdc"],"yoast_head":"<!-- This site is optimized with the Yoast SEO plugin v23.3 - https:\/\/yoast.com\/wordpress\/plugins\/seo\/ -->\n<title>Rose Masala: La lutte pour les droits de la femme par et dans les m\u00e9dias concerne toutes les communicatrices - HESHIMA MAGAZINE<\/title>\n<meta name=\"description\" content=\"Elue le 20 mars 2021 \u00e0 l\u2019issue d\u2019une assembl\u00e9e g\u00e9n\u00e9rale \u00e9lective, Mme Rose Masala Ndarabu, actuelle directrice nationale ex\u00e9cutive et cofondatrice de l\u2019Union Congolaise des Femmes des M\u00e9dias (Ucofem), a r\u00e9affirm\u00e9 son engagement \u00e0 poursuivre la lutte pour la promotion des femmes dans et par les m\u00e9dias. Cette ann\u00e9e, elle a engag\u00e9 sa structure \u00e0 promouvoir les activit\u00e9s pr\u00e9vues, pendant 3 jours, dans le cadre de la c\u00e9l\u00e9bration de la journ\u00e9e internationale des droits des femmes et du mois de mars consacr\u00e9 aux plaidoyers pour les droits des femmes.\" \/>\n<meta name=\"robots\" content=\"index, follow, max-snippet:-1, max-image-preview:large, max-video-preview:-1\" \/>\n<link rel=\"canonical\" href=\"https:\/\/heshimardc.net\/v1\/2022\/03\/31\/rose-masala-la-lutte-pour-les-droits-de-la-femme-par-et-dans-les-medias-concerne-toutes-les-communicatrices\/\" \/>\n<meta property=\"og:locale\" content=\"fr_FR\" \/>\n<meta property=\"og:type\" content=\"article\" \/>\n<meta property=\"og:title\" content=\"Rose Masala: La lutte pour les droits de la femme par et dans les m\u00e9dias concerne toutes les communicatrices - HESHIMA MAGAZINE\" \/>\n<meta property=\"og:description\" content=\"Elue le 20 mars 2021 \u00e0 l\u2019issue d\u2019une assembl\u00e9e g\u00e9n\u00e9rale \u00e9lective, Mme Rose Masala Ndarabu, actuelle directrice nationale ex\u00e9cutive et cofondatrice de l\u2019Union Congolaise des Femmes des M\u00e9dias (Ucofem), a r\u00e9affirm\u00e9 son engagement \u00e0 poursuivre la lutte pour la promotion des femmes dans et par les m\u00e9dias. Cette ann\u00e9e, elle a engag\u00e9 sa structure \u00e0 promouvoir les activit\u00e9s pr\u00e9vues, pendant 3 jours, dans le cadre de la c\u00e9l\u00e9bration de la journ\u00e9e internationale des droits des femmes et du mois de mars consacr\u00e9 aux plaidoyers pour les droits des femmes.\" \/>\n<meta property=\"og:url\" content=\"https:\/\/heshimardc.net\/v1\/2022\/03\/31\/rose-masala-la-lutte-pour-les-droits-de-la-femme-par-et-dans-les-medias-concerne-toutes-les-communicatrices\/\" \/>\n<meta property=\"og:site_name\" content=\"HESHIMA MAGAZINE\" \/>\n<meta property=\"article:publisher\" content=\"https:\/\/www.facebook.com\/heshimamagazine\" \/>\n<meta property=\"article:published_time\" content=\"2022-03-31T17:33:30+00:00\" \/>\n<meta property=\"article:modified_time\" content=\"2022-03-31T17:33:33+00:00\" \/>\n<meta property=\"og:image\" content=\"https:\/\/heshimardc.net\/v1\/wp-content\/uploads\/2022\/03\/63fa6711-4ae2-4a47-aa53-2fa886a52960.jpg\" \/>\n\t<meta property=\"og:image:width\" content=\"1080\" \/>\n\t<meta property=\"og:image:height\" content=\"514\" \/>\n\t<meta property=\"og:image:type\" content=\"image\/jpeg\" \/>\n<meta name=\"author\" content=\"RedactionH\" \/>\n<meta name=\"twitter:card\" content=\"summary_large_image\" \/>\n<meta name=\"twitter:creator\" content=\"@HeshimaMag\" \/>\n<meta name=\"twitter:site\" content=\"@HeshimaMag\" \/>\n<meta name=\"twitter:label1\" content=\"\u00c9crit par\" \/>\n\t<meta name=\"twitter:data1\" content=\"RedactionH\" \/>\n\t<meta name=\"twitter:label2\" content=\"Dur\u00e9e de lecture estim\u00e9e\" \/>\n\t<meta name=\"twitter:data2\" content=\"4 minutes\" \/>\n<script type=\"application\/ld+json\" class=\"yoast-schema-graph\">{\"@context\":\"https:\/\/schema.org\",\"@graph\":[{\"@type\":\"Article\",\"@id\":\"https:\/\/heshimardc.net\/v1\/2022\/03\/31\/rose-masala-la-lutte-pour-les-droits-de-la-femme-par-et-dans-les-medias-concerne-toutes-les-communicatrices\/#article\",\"isPartOf\":{\"@id\":\"https:\/\/heshimardc.net\/v1\/2022\/03\/31\/rose-masala-la-lutte-pour-les-droits-de-la-femme-par-et-dans-les-medias-concerne-toutes-les-communicatrices\/\"},\"author\":{\"name\":\"RedactionH\",\"@id\":\"https:\/\/heshimardc.net\/v1\/#\/schema\/person\/c74a2d47650131f158dc4a027547a532\"},\"headline\":\"Rose Masala: La lutte pour les droits de la femme par et dans les m\u00e9dias concerne toutes les communicatrices\",\"datePublished\":\"2022-03-31T17:33:30+00:00\",\"dateModified\":\"2022-03-31T17:33:33+00:00\",\"mainEntityOfPage\":{\"@id\":\"https:\/\/heshimardc.net\/v1\/2022\/03\/31\/rose-masala-la-lutte-pour-les-droits-de-la-femme-par-et-dans-les-medias-concerne-toutes-les-communicatrices\/\"},\"wordCount\":667,\"publisher\":{\"@id\":\"https:\/\/heshimardc.net\/v1\/#organization\"},\"image\":{\"@id\":\"https:\/\/heshimardc.net\/v1\/2022\/03\/31\/rose-masala-la-lutte-pour-les-droits-de-la-femme-par-et-dans-les-medias-concerne-toutes-les-communicatrices\/#primaryimage\"},\"thumbnailUrl\":\"https:\/\/heshimardc.net\/v1\/wp-content\/uploads\/2022\/03\/63fa6711-4ae2-4a47-aa53-2fa886a52960.jpg\",\"keywords\":[\"RDC\"],\"articleSection\":[\"Decouverte\"],\"inLanguage\":\"fr-FR\"},{\"@type\":\"WebPage\",\"@id\":\"https:\/\/heshimardc.net\/v1\/2022\/03\/31\/rose-masala-la-lutte-pour-les-droits-de-la-femme-par-et-dans-les-medias-concerne-toutes-les-communicatrices\/\",\"url\":\"https:\/\/heshimardc.net\/v1\/2022\/03\/31\/rose-masala-la-lutte-pour-les-droits-de-la-femme-par-et-dans-les-medias-concerne-toutes-les-communicatrices\/\",\"name\":\"Rose Masala: La lutte pour les droits de la femme par et dans les m\u00e9dias concerne toutes les communicatrices - HESHIMA MAGAZINE\",\"isPartOf\":{\"@id\":\"https:\/\/heshimardc.net\/v1\/#website\"},\"primaryImageOfPage\":{\"@id\":\"https:\/\/heshimardc.net\/v1\/2022\/03\/31\/rose-masala-la-lutte-pour-les-droits-de-la-femme-par-et-dans-les-medias-concerne-toutes-les-communicatrices\/#primaryimage\"},\"image\":{\"@id\":\"https:\/\/heshimardc.net\/v1\/2022\/03\/31\/rose-masala-la-lutte-pour-les-droits-de-la-femme-par-et-dans-les-medias-concerne-toutes-les-communicatrices\/#primaryimage\"},\"thumbnailUrl\":\"https:\/\/heshimardc.net\/v1\/wp-content\/uploads\/2022\/03\/63fa6711-4ae2-4a47-aa53-2fa886a52960.jpg\",\"datePublished\":\"2022-03-31T17:33:30+00:00\",\"dateModified\":\"2022-03-31T17:33:33+00:00\",\"description\":\"Elue le 20 mars 2021 \u00e0 l\u2019issue d\u2019une assembl\u00e9e g\u00e9n\u00e9rale \u00e9lective, Mme Rose Masala Ndarabu, actuelle directrice nationale ex\u00e9cutive et cofondatrice de l\u2019Union Congolaise des Femmes des M\u00e9dias (Ucofem), a r\u00e9affirm\u00e9 son engagement \u00e0 poursuivre la lutte pour la promotion des femmes dans et par les m\u00e9dias. Cette ann\u00e9e, elle a engag\u00e9 sa structure \u00e0 promouvoir les activit\u00e9s pr\u00e9vues, pendant 3 jours, dans le cadre de la c\u00e9l\u00e9bration de la journ\u00e9e internationale des droits des femmes et du mois de mars consacr\u00e9 aux plaidoyers pour les droits des femmes.\",\"breadcrumb\":{\"@id\":\"https:\/\/heshimardc.net\/v1\/2022\/03\/31\/rose-masala-la-lutte-pour-les-droits-de-la-femme-par-et-dans-les-medias-concerne-toutes-les-communicatrices\/#breadcrumb\"},\"inLanguage\":\"fr-FR\",\"potentialAction\":[{\"@type\":\"ReadAction\",\"target\":[\"https:\/\/heshimardc.net\/v1\/2022\/03\/31\/rose-masala-la-lutte-pour-les-droits-de-la-femme-par-et-dans-les-medias-concerne-toutes-les-communicatrices\/\"]}]},{\"@type\":\"ImageObject\",\"inLanguage\":\"fr-FR\",\"@id\":\"https:\/\/heshimardc.net\/v1\/2022\/03\/31\/rose-masala-la-lutte-pour-les-droits-de-la-femme-par-et-dans-les-medias-concerne-toutes-les-communicatrices\/#primaryimage\",\"url\":\"https:\/\/heshimardc.net\/v1\/wp-content\/uploads\/2022\/03\/63fa6711-4ae2-4a47-aa53-2fa886a52960.jpg\",\"contentUrl\":\"https:\/\/heshimardc.net\/v1\/wp-content\/uploads\/2022\/03\/63fa6711-4ae2-4a47-aa53-2fa886a52960.jpg\",\"width\":1080,\"height\":514},{\"@type\":\"BreadcrumbList\",\"@id\":\"https:\/\/heshimardc.net\/v1\/2022\/03\/31\/rose-masala-la-lutte-pour-les-droits-de-la-femme-par-et-dans-les-medias-concerne-toutes-les-communicatrices\/#breadcrumb\",\"itemListElement\":[{\"@type\":\"ListItem\",\"position\":1,\"name\":\"Accueil\",\"item\":\"https:\/\/heshimardc.net\/v1\/\"},{\"@type\":\"ListItem\",\"position\":2,\"name\":\"Rose Masala: La lutte pour les droits de la femme par et dans les m\u00e9dias concerne toutes les communicatrices\"}]},{\"@type\":\"WebSite\",\"@id\":\"https:\/\/heshimardc.net\/v1\/#website\",\"url\":\"https:\/\/heshimardc.net\/v1\/\",\"name\":\"HESHIMA MAGAZINE\",\"description\":\"Le magazine Congolais qui bat au rythme de l&#039;actualit\u00e9\",\"publisher\":{\"@id\":\"https:\/\/heshimardc.net\/v1\/#organization\"},\"potentialAction\":[{\"@type\":\"SearchAction\",\"target\":{\"@type\":\"EntryPoint\",\"urlTemplate\":\"https:\/\/heshimardc.net\/v1\/?s={search_term_string}\"},\"query-input\":\"required name=search_term_string\"}],\"inLanguage\":\"fr-FR\"},{\"@type\":\"Organization\",\"@id\":\"https:\/\/heshimardc.net\/v1\/#organization\",\"name\":\"HESHIMA MAGAZINE\",\"url\":\"https:\/\/heshimardc.net\/v1\/\",\"logo\":{\"@type\":\"ImageObject\",\"inLanguage\":\"fr-FR\",\"@id\":\"https:\/\/heshimardc.net\/v1\/#\/schema\/logo\/image\/\",\"url\":\"https:\/\/heshimardc.net\/v1\/wp-content\/uploads\/2020\/09\/logo.png\",\"contentUrl\":\"https:\/\/heshimardc.net\/v1\/wp-content\/uploads\/2020\/09\/logo.png\",\"width\":99,\"height\":130,\"caption\":\"HESHIMA MAGAZINE\"},\"image\":{\"@id\":\"https:\/\/heshimardc.net\/v1\/#\/schema\/logo\/image\/\"},\"sameAs\":[\"https:\/\/www.facebook.com\/heshimamagazine\",\"https:\/\/x.com\/HeshimaMag\"]},{\"@type\":\"Person\",\"@id\":\"https:\/\/heshimardc.net\/v1\/#\/schema\/person\/c74a2d47650131f158dc4a027547a532\",\"name\":\"RedactionH\",\"image\":{\"@type\":\"ImageObject\",\"inLanguage\":\"fr-FR\",\"@id\":\"https:\/\/heshimardc.net\/v1\/#\/schema\/person\/image\/\",\"url\":\"https:\/\/secure.gravatar.com\/avatar\/a52112f8496f362a38bf46c70ca9e956?s=96&d=mm&r=g\",\"contentUrl\":\"https:\/\/secure.gravatar.com\/avatar\/a52112f8496f362a38bf46c70ca9e956?s=96&d=mm&r=g\",\"caption\":\"RedactionH\"},\"sameAs\":[\"http:\/\/www.heshimardc.net\"],\"url\":\"https:\/\/heshimardc.net\/v1\/author\/redactionh\/\"}]}<\/script>\n<!-- \/ Yoast SEO plugin. -->","yoast_head_json":{"title":"Rose Masala: La lutte pour les droits de la femme par et dans les m\u00e9dias concerne toutes les communicatrices - HESHIMA MAGAZINE","description":"Elue le 20 mars 2021 \u00e0 l\u2019issue d\u2019une assembl\u00e9e g\u00e9n\u00e9rale \u00e9lective, Mme Rose Masala Ndarabu, actuelle directrice nationale ex\u00e9cutive et cofondatrice de l\u2019Union Congolaise des Femmes des M\u00e9dias (Ucofem), a r\u00e9affirm\u00e9 son engagement \u00e0 poursuivre la lutte pour la promotion des femmes dans et par les m\u00e9dias. Cette ann\u00e9e, elle a engag\u00e9 sa structure \u00e0 promouvoir les activit\u00e9s pr\u00e9vues, pendant 3 jours, dans le cadre de la c\u00e9l\u00e9bration de la journ\u00e9e internationale des droits des femmes et du mois de mars consacr\u00e9 aux plaidoyers pour les droits des femmes.","robots":{"index":"index","follow":"follow","max-snippet":"max-snippet:-1","max-image-preview":"max-image-preview:large","max-video-preview":"max-video-preview:-1"},"canonical":"https:\/\/heshimardc.net\/v1\/2022\/03\/31\/rose-masala-la-lutte-pour-les-droits-de-la-femme-par-et-dans-les-medias-concerne-toutes-les-communicatrices\/","og_locale":"fr_FR","og_type":"article","og_title":"Rose Masala: La lutte pour les droits de la femme par et dans les m\u00e9dias concerne toutes les communicatrices - HESHIMA MAGAZINE","og_description":"Elue le 20 mars 2021 \u00e0 l\u2019issue d\u2019une assembl\u00e9e g\u00e9n\u00e9rale \u00e9lective, Mme Rose Masala Ndarabu, actuelle directrice nationale ex\u00e9cutive et cofondatrice de l\u2019Union Congolaise des Femmes des M\u00e9dias (Ucofem), a r\u00e9affirm\u00e9 son engagement \u00e0 poursuivre la lutte pour la promotion des femmes dans et par les m\u00e9dias. Cette ann\u00e9e, elle a engag\u00e9 sa structure \u00e0 promouvoir les activit\u00e9s pr\u00e9vues, pendant 3 jours, dans le cadre de la c\u00e9l\u00e9bration de la journ\u00e9e internationale des droits des femmes et du mois de mars consacr\u00e9 aux plaidoyers pour les droits des femmes.","og_url":"https:\/\/heshimardc.net\/v1\/2022\/03\/31\/rose-masala-la-lutte-pour-les-droits-de-la-femme-par-et-dans-les-medias-concerne-toutes-les-communicatrices\/","og_site_name":"HESHIMA MAGAZINE","article_publisher":"https:\/\/www.facebook.com\/heshimamagazine","article_published_time":"2022-03-31T17:33:30+00:00","article_modified_time":"2022-03-31T17:33:33+00:00","og_image":[{"width":1080,"height":514,"url":"https:\/\/heshimardc.net\/v1\/wp-content\/uploads\/2022\/03\/63fa6711-4ae2-4a47-aa53-2fa886a52960.jpg","type":"image\/jpeg"}],"author":"RedactionH","twitter_card":"summary_large_image","twitter_creator":"@HeshimaMag","twitter_site":"@HeshimaMag","twitter_misc":{"\u00c9crit par":"RedactionH","Dur\u00e9e de lecture estim\u00e9e":"4 minutes"},"schema":{"@context":"https:\/\/schema.org","@graph":[{"@type":"Article","@id":"https:\/\/heshimardc.net\/v1\/2022\/03\/31\/rose-masala-la-lutte-pour-les-droits-de-la-femme-par-et-dans-les-medias-concerne-toutes-les-communicatrices\/#article","isPartOf":{"@id":"https:\/\/heshimardc.net\/v1\/2022\/03\/31\/rose-masala-la-lutte-pour-les-droits-de-la-femme-par-et-dans-les-medias-concerne-toutes-les-communicatrices\/"},"author":{"name":"RedactionH","@id":"https:\/\/heshimardc.net\/v1\/#\/schema\/person\/c74a2d47650131f158dc4a027547a532"},"headline":"Rose Masala: La lutte pour les droits de la femme par et dans les m\u00e9dias concerne toutes les communicatrices","datePublished":"2022-03-31T17:33:30+00:00","dateModified":"2022-03-31T17:33:33+00:00","mainEntityOfPage":{"@id":"https:\/\/heshimardc.net\/v1\/2022\/03\/31\/rose-masala-la-lutte-pour-les-droits-de-la-femme-par-et-dans-les-medias-concerne-toutes-les-communicatrices\/"},"wordCount":667,"publisher":{"@id":"https:\/\/heshimardc.net\/v1\/#organization"},"image":{"@id":"https:\/\/heshimardc.net\/v1\/2022\/03\/31\/rose-masala-la-lutte-pour-les-droits-de-la-femme-par-et-dans-les-medias-concerne-toutes-les-communicatrices\/#primaryimage"},"thumbnailUrl":"https:\/\/heshimardc.net\/v1\/wp-content\/uploads\/2022\/03\/63fa6711-4ae2-4a47-aa53-2fa886a52960.jpg","keywords":["RDC"],"articleSection":["Decouverte"],"inLanguage":"fr-FR"},{"@type":"WebPage","@id":"https:\/\/heshimardc.net\/v1\/2022\/03\/31\/rose-masala-la-lutte-pour-les-droits-de-la-femme-par-et-dans-les-medias-concerne-toutes-les-communicatrices\/","url":"https:\/\/heshimardc.net\/v1\/2022\/03\/31\/rose-masala-la-lutte-pour-les-droits-de-la-femme-par-et-dans-les-medias-concerne-toutes-les-communicatrices\/","name":"Rose Masala: La lutte pour les droits de la femme par et dans les m\u00e9dias concerne toutes les communicatrices - HESHIMA MAGAZINE","isPartOf":{"@id":"https:\/\/heshimardc.net\/v1\/#website"},"primaryImageOfPage":{"@id":"https:\/\/heshimardc.net\/v1\/2022\/03\/31\/rose-masala-la-lutte-pour-les-droits-de-la-femme-par-et-dans-les-medias-concerne-toutes-les-communicatrices\/#primaryimage"},"image":{"@id":"https:\/\/heshimardc.net\/v1\/2022\/03\/31\/rose-masala-la-lutte-pour-les-droits-de-la-femme-par-et-dans-les-medias-concerne-toutes-les-communicatrices\/#primaryimage"},"thumbnailUrl":"https:\/\/heshimardc.net\/v1\/wp-content\/uploads\/2022\/03\/63fa6711-4ae2-4a47-aa53-2fa886a52960.jpg","datePublished":"2022-03-31T17:33:30+00:00","dateModified":"2022-03-31T17:33:33+00:00","description":"Elue le 20 mars 2021 \u00e0 l\u2019issue d\u2019une assembl\u00e9e g\u00e9n\u00e9rale \u00e9lective, Mme Rose Masala Ndarabu, actuelle directrice nationale ex\u00e9cutive et cofondatrice de l\u2019Union Congolaise des Femmes des M\u00e9dias (Ucofem), a r\u00e9affirm\u00e9 son engagement \u00e0 poursuivre la lutte pour la promotion des femmes dans et par les m\u00e9dias. Cette ann\u00e9e, elle a engag\u00e9 sa structure \u00e0 promouvoir les activit\u00e9s pr\u00e9vues, pendant 3 jours, dans le cadre de la c\u00e9l\u00e9bration de la journ\u00e9e internationale des droits des femmes et du mois de mars consacr\u00e9 aux plaidoyers pour les droits des femmes.","breadcrumb":{"@id":"https:\/\/heshimardc.net\/v1\/2022\/03\/31\/rose-masala-la-lutte-pour-les-droits-de-la-femme-par-et-dans-les-medias-concerne-toutes-les-communicatrices\/#breadcrumb"},"inLanguage":"fr-FR","potentialAction":[{"@type":"ReadAction","target":["https:\/\/heshimardc.net\/v1\/2022\/03\/31\/rose-masala-la-lutte-pour-les-droits-de-la-femme-par-et-dans-les-medias-concerne-toutes-les-communicatrices\/"]}]},{"@type":"ImageObject","inLanguage":"fr-FR","@id":"https:\/\/heshimardc.net\/v1\/2022\/03\/31\/rose-masala-la-lutte-pour-les-droits-de-la-femme-par-et-dans-les-medias-concerne-toutes-les-communicatrices\/#primaryimage","url":"https:\/\/heshimardc.net\/v1\/wp-content\/uploads\/2022\/03\/63fa6711-4ae2-4a47-aa53-2fa886a52960.jpg","contentUrl":"https:\/\/heshimardc.net\/v1\/wp-content\/uploads\/2022\/03\/63fa6711-4ae2-4a47-aa53-2fa886a52960.jpg","width":1080,"height":514},{"@type":"BreadcrumbList","@id":"https:\/\/heshimardc.net\/v1\/2022\/03\/31\/rose-masala-la-lutte-pour-les-droits-de-la-femme-par-et-dans-les-medias-concerne-toutes-les-communicatrices\/#breadcrumb","itemListElement":[{"@type":"ListItem","position":1,"name":"Accueil","item":"https:\/\/heshimardc.net\/v1\/"},{"@type":"ListItem","position":2,"name":"Rose Masala: La lutte pour les droits de la femme par et dans les m\u00e9dias concerne toutes les communicatrices"}]},{"@type":"WebSite","@id":"https:\/\/heshimardc.net\/v1\/#website","url":"https:\/\/heshimardc.net\/v1\/","name":"HESHIMA MAGAZINE","description":"Le magazine Congolais qui bat au rythme de l&#039;actualit\u00e9","publisher":{"@id":"https:\/\/heshimardc.net\/v1\/#organization"},"potentialAction":[{"@type":"SearchAction","target":{"@type":"EntryPoint","urlTemplate":"https:\/\/heshimardc.net\/v1\/?s={search_term_string}"},"query-input":"required name=search_term_string"}],"inLanguage":"fr-FR"},{"@type":"Organization","@id":"https:\/\/heshimardc.net\/v1\/#organization","name":"HESHIMA MAGAZINE","url":"https:\/\/heshimardc.net\/v1\/","logo":{"@type":"ImageObject","inLanguage":"fr-FR","@id":"https:\/\/heshimardc.net\/v1\/#\/schema\/logo\/image\/","url":"https:\/\/heshimardc.net\/v1\/wp-content\/uploads\/2020\/09\/logo.png","contentUrl":"https:\/\/heshimardc.net\/v1\/wp-content\/uploads\/2020\/09\/logo.png","width":99,"height":130,"caption":"HESHIMA MAGAZINE"},"image":{"@id":"https:\/\/heshimardc.net\/v1\/#\/schema\/logo\/image\/"},"sameAs":["https:\/\/www.facebook.com\/heshimamagazine","https:\/\/x.com\/HeshimaMag"]},{"@type":"Person","@id":"https:\/\/heshimardc.net\/v1\/#\/schema\/person\/c74a2d47650131f158dc4a027547a532","name":"RedactionH","image":{"@type":"ImageObject","inLanguage":"fr-FR","@id":"https:\/\/heshimardc.net\/v1\/#\/schema\/person\/image\/","url":"https:\/\/secure.gravatar.com\/avatar\/a52112f8496f362a38bf46c70ca9e956?s=96&d=mm&r=g","contentUrl":"https:\/\/secure.gravatar.com\/avatar\/a52112f8496f362a38bf46c70ca9e956?s=96&d=mm&r=g","caption":"RedactionH"},"sameAs":["http:\/\/www.heshimardc.net"],"url":"https:\/\/heshimardc.net\/v1\/author\/redactionh\/"}]}},"amp_enabled":true,"_links":{"self":[{"href":"https:\/\/heshimardc.net\/v1\/wp-json\/wp\/v2\/posts\/2586"}],"collection":[{"href":"https:\/\/heshimardc.net\/v1\/wp-json\/wp\/v2\/posts"}],"about":[{"href":"https:\/\/heshimardc.net\/v1\/wp-json\/wp\/v2\/types\/post"}],"author":[{"embeddable":true,"href":"https:\/\/heshimardc.net\/v1\/wp-json\/wp\/v2\/users\/2"}],"replies":[{"embeddable":true,"href":"https:\/\/heshimardc.net\/v1\/wp-json\/wp\/v2\/comments?post=2586"}],"version-history":[{"count":2,"href":"https:\/\/heshimardc.net\/v1\/wp-json\/wp\/v2\/posts\/2586\/revisions"}],"predecessor-version":[{"id":2590,"href":"https:\/\/heshimardc.net\/v1\/wp-json\/wp\/v2\/posts\/2586\/revisions\/2590"}],"wp:featuredmedia":[{"embeddable":true,"href":"https:\/\/heshimardc.net\/v1\/wp-json\/wp\/v2\/media\/2588"}],"wp:attachment":[{"href":"https:\/\/heshimardc.net\/v1\/wp-json\/wp\/v2\/media?parent=2586"}],"wp:term":[{"taxonomy":"category","embeddable":true,"href":"https:\/\/heshimardc.net\/v1\/wp-json\/wp\/v2\/categories?post=2586"},{"taxonomy":"post_tag","embeddable":true,"href":"https:\/\/heshimardc.net\/v1\/wp-json\/wp\/v2\/tags?post=2586"}],"curies":[{"name":"wp","href":"https:\/\/api.w.org\/{rel}","templated":true}]}}