{"id":2781,"date":"2022-05-24T07:12:35","date_gmt":"2022-05-24T07:12:35","guid":{"rendered":"https:\/\/heshimardc.net\/v1\/?p=2781"},"modified":"2022-05-24T07:12:37","modified_gmt":"2022-05-24T07:12:37","slug":"acquisition-dun-satellite-dobservation-de-la-terre-un-defi-a-relever-pour-la-rdc","status":"publish","type":"post","link":"https:\/\/heshimardc.net\/v1\/2022\/05\/24\/acquisition-dun-satellite-dobservation-de-la-terre-un-defi-a-relever-pour-la-rdc\/","title":{"rendered":"Acquisition d\u2019un satellite d\u2019observation de la terre Un d\u00e9fi \u00e0 relever pour la RDC"},"content":{"rendered":"\n<p class=\"has-drop-cap\">Le 19 avril 2022, dans le cadre de la \u00ab Semaine de la Science et des Technologies \u00bb tenue au Mus\u00e9e national de Kinshasa, Jos\u00e9 Mpanda Kabangu, ministre de la Recherche scientifique, a affirm\u00e9 que la RDC va bient\u00f4t se doter d\u2019un satellite d\u2019observation de la terre. Ce satellite qui pourra s\u2019appeler \u2018\u2019RDC-SAT\u2019\u2019, assurera la surveillance et la maitrise de la vaste \u00e9tendue de la R\u00e9publique d\u00e9mocratique du Congo.<br>\u00a0En date du 11 f\u00e9vrier 2022, Me Jos\u00e9 Mpanda avait pr\u00e9sent\u00e9 le projet de son acquisition \u00e0 la r\u00e9union du conseil des ministres, en expliquant son bien-fond\u00e9.<\/p>\n\n\n\n<p> Le projet \u00e9tait adopt\u00e9 par les membres du gouvernement et le feu-vert\u00a0lui \u00e9tait accord\u00e9. Cette acquisition, d\u2019apr\u00e8s les propos de Patrick Muyaya, ministre de la Communication et porte-parole du gouvernement, qui avait fait le compte-rendu, se fera par le biais d\u2019un Etablissement public \u00e0 caract\u00e8re scientifique et technologique d\u00e9nomm\u00e9 \u00ab Centre national de t\u00e9l\u00e9d\u00e9tection (CNT) \u00bb\u2019. Il s\u2019agit d\u2019un dossier datant de 2016 et que le ministre Mpanda Kabangu a trouv\u00e9 dans le tiroir, \u00e0 sa prise des fonctions le 09 septembre 2019, dans le gouvernement Ilunkamba : Acquisition d\u2019un satellite d\u2019observation de la terre par la RDC en faveur du Centre national de t\u00e9l\u00e9d\u00e9tection (CNT), un march\u00e9 propos\u00e9 par la firme belge Spacebel.<\/p>\n\n\n\n<p class=\"has-text-color has-medium-font-size\" style=\"color:#444\"><br><strong>Un satellite \u00e0 acqu\u00e9rir sur fonds propre<br><\/strong><\/p>\n\n\n\n<p>Le 28 mars 2022, Me Jos\u00e9 Mpanda s\u2019est rendu au si\u00e8ge de Spacebel, \u00e0 Bruxelles, en Belgique. Sur place, le patron de la Recherche scientifique et de l\u2019innovation technologique a eu des fructueuses discussions avec les responsables de cette soci\u00e9t\u00e9 belge sp\u00e9cialis\u00e9e dans la conception des satellites et d\u00e9veloppement des programmes. Spacebel est partenaire de l\u2019Agence spatiale europ\u00e9enne (ESA). \u00ab Le gouvernement congolais a accept\u00e9 de s\u2019approprier le projet d\u2019acquisition d\u2019un satellite d\u2019observation de la terre qui \u00e9tait jusque-l\u00e0 port\u00e9 seulement par mon minist\u00e8re. <\/p>\n\n\n\n<div class=\"wp-block-image\"><figure class=\"alignright size-large is-resized\"><img loading=\"lazy\" decoding=\"async\" src=\"https:\/\/heshimardc.net\/v1\/wp-content\/uploads\/2022\/05\/7c1034a0-bc93-4444-8ca4-5b691c24e448-503x1024.jpg\" alt=\"\" class=\"wp-image-2783\" width=\"222\" height=\"452\" srcset=\"https:\/\/heshimardc.net\/v1\/wp-content\/uploads\/2022\/05\/7c1034a0-bc93-4444-8ca4-5b691c24e448-503x1024.jpg 503w, https:\/\/heshimardc.net\/v1\/wp-content\/uploads\/2022\/05\/7c1034a0-bc93-4444-8ca4-5b691c24e448-147x300.jpg 147w, https:\/\/heshimardc.net\/v1\/wp-content\/uploads\/2022\/05\/7c1034a0-bc93-4444-8ca4-5b691c24e448-6x12.jpg 6w, https:\/\/heshimardc.net\/v1\/wp-content\/uploads\/2022\/05\/7c1034a0-bc93-4444-8ca4-5b691c24e448.jpg 530w\" sizes=\"(max-width: 222px) 100vw, 222px\" \/><\/figure><\/div>\n\n\n\n<p>Aussi, contrairement \u00e0 votre proposition de le financer \u00e0 40% et nous \u00e0 60 %, le gouvernement congolais a d\u00e9cid\u00e9 de le financer seul \u00e0 100%, \u00e9tant donn\u00e9 qu\u2019il s\u2019agit d\u2019une question de souverainet\u00e9 \u00bb, a-t-il expliqu\u00e9 aux responsables de Spacebel. Avant cela, le ministre Jos\u00e9 Mpanda avait visit\u00e9, du 9 au 10 ao\u00fbt 2021, les installations de l\u2019Agence spatiale europ\u00e9enne et le site des infrastructures de la soci\u00e9t\u00e9 Spacebel, \u00e0 Li\u00e8ge, toujours en Belgique. Pour le m\u00eame projet, il avait \u00e9t\u00e9 au si\u00e8ge de la m\u00eame firme le 10 ao\u00fbt 2020.<\/p>\n\n\n\n<p class=\"has-text-color has-medium-font-size\" style=\"color:#444\"><br><strong>\u00a0Le pr\u00e9alable\u00a0<\/strong><\/p>\n\n\n\n<p><br>D\u2019apr\u00e8s Thierry du Pr\u00e9-Werson, directeur de Spacebel, la construction du satellite apr\u00e8s sp\u00e9cificit\u00e9 technique fournie par chaque minist\u00e8re, prendra trois ans et demi. Seulement, avant cela, les experts de Spacebel devront proc\u00e9der \u00e0 la r\u00e9colte des donn\u00e9es sp\u00e9cifiques, pendant six mois, aupr\u00e8s des minist\u00e8res impliqu\u00e9s dans ce projet, pour recueillir leurs besoins sp\u00e9cifiques. Les deux parties se sont entendues de se rencontrer dans la capitale congolaise pour une r\u00e9union scientifique qui mettra face \u00e0 face leurs experts respectifs, pour parler des aspects techniques du projet. C\u2019est justement apr\u00e8s cette \u00e9tape que la signature du contrat, d\u2019une hauteur de 100 millions de dollars, interviendra entre le ministre congolais des Finances et Spacebel. \u00a0<br><\/p>\n\n\n\n<p class=\"has-text-color has-medium-font-size\" style=\"color:#444\"><strong>Les avantages qu\u2019en tirera la RDC<\/strong><\/p>\n\n\n\n<p><br>\u00a0En effet, un satellite d\u2019observation de la terre est un satellite utilis\u00e9 pour effectuer des observations g\u00e9ophysiques et g\u00e9ographiques de la terre depuis l\u2019orbite terrestre. Il est utilis\u00e9 notamment \u00e0 des fins m\u00e9t\u00e9orologiques, pour l\u2019inventaire des ressources naturelles, la g\u00e9od\u00e9sie, la reconnaissance militaire\u2026\u00a0Sur le plan \u00e9conomique et financier, la RDC pourra attirer des investissements qui devront se traduire par la cr\u00e9ation des emplois et une contribution significative au budget de l\u2019Etat au moyen de diverses taxes li\u00e9es auxdits investissements. \u00ab Pendant sa vie, le satellite d\u2019observation de la terre peut produire jusqu\u2019\u00e0 2 milliards de dollars am\u00e9ricains au profit de l\u2019Etat congolais, rien que dans le secteur minier \u00bb, indique le ministre Jos\u00e9 Mpanda. <\/p>\n\n\n\n<div class=\"wp-block-image\"><figure class=\"alignleft size-large is-resized\"><img loading=\"lazy\" decoding=\"async\" src=\"https:\/\/heshimardc.net\/v1\/wp-content\/uploads\/2022\/05\/18d6713e-288f-4ee1-91ac-ad87d44498e4.jpg\" alt=\"\" class=\"wp-image-2782\" width=\"317\" height=\"294\" srcset=\"https:\/\/heshimardc.net\/v1\/wp-content\/uploads\/2022\/05\/18d6713e-288f-4ee1-91ac-ad87d44498e4.jpg 685w, https:\/\/heshimardc.net\/v1\/wp-content\/uploads\/2022\/05\/18d6713e-288f-4ee1-91ac-ad87d44498e4-300x278.jpg 300w, https:\/\/heshimardc.net\/v1\/wp-content\/uploads\/2022\/05\/18d6713e-288f-4ee1-91ac-ad87d44498e4-13x12.jpg 13w\" sizes=\"(max-width: 317px) 100vw, 317px\" \/><\/figure><\/div>\n\n\n\n<p><\/p>\n\n\n\n<p>D\u2019o\u00f9, le satellite d\u2019observation de la terre servira particuli\u00e8rement \u00e0 la surveillance et \u00e0 l\u2019\u00e9valuation du secteur minier congolais. D\u2019apr\u00e8s le ministre, les fonds qui vont permettre l\u2019acquisition dudit satellite seront ponctionn\u00e9s sur la redevance mini\u00e8re, pr\u00e9cis\u00e9ment dans le Fonds minier pour les g\u00e9n\u00e9rations futures (FOMIN). Du point de vue s\u00e9curitaire, le projet d\u2019acquisition de ce satellite aidera la RDC dans la gestion efficiente de ses fronti\u00e8res, en particulier celles de la partie Est envahie depuis plusieurs d\u00e9cennies par des forces n\u00e9gatives et des groupes arm\u00e9s \u00e9trangers.<\/p>\n\n\n\n<p><\/p>\n\n\n\n<p> Hubert MWIPATAYI<\/p>\n","protected":false},"excerpt":{"rendered":"<p>Le passage de Jos\u00e9 Mpanda \u00e0 la t\u00eate du minist\u00e8re de la Recherche scientifique et Innovation technologique devrait \u00eatre grav\u00e9 en lettres d\u2019or, avec l\u2019acquisition, sur fonds propre, d\u2019un satellite dont la d\u00e9marche est en cours.<\/p>\n","protected":false},"author":2,"featured_media":2784,"comment_status":"closed","ping_status":"closed","sticky":true,"template":"","format":"standard","meta":{"footnotes":""},"categories":[3],"tags":[59,182],"class_list":["post-2781","post","type-post","status-publish","format-standard","has-post-thumbnail","hentry","category-nation","tag-featured","tag-rdc"],"yoast_head":"<!-- This site is optimized with the Yoast SEO plugin v23.3 - https:\/\/yoast.com\/wordpress\/plugins\/seo\/ -->\n<title>Acquisition d\u2019un satellite d\u2019observation de la terre Un d\u00e9fi \u00e0 relever pour la RDC - HESHIMA MAGAZINE<\/title>\n<meta name=\"description\" content=\"Le passage de Jos\u00e9 Mpanda \u00e0 la t\u00eate du minist\u00e8re de la Recherche scientifique et Innovation technologique devrait \u00eatre grav\u00e9 en lettres d\u2019or, avec l\u2019acquisition, sur fonds propre, d\u2019un satellite dont la d\u00e9marche est en cours.\" \/>\n<meta name=\"robots\" content=\"index, follow, max-snippet:-1, max-image-preview:large, max-video-preview:-1\" \/>\n<link rel=\"canonical\" href=\"https:\/\/heshimardc.net\/v1\/2022\/05\/24\/acquisition-dun-satellite-dobservation-de-la-terre-un-defi-a-relever-pour-la-rdc\/\" \/>\n<meta property=\"og:locale\" content=\"fr_FR\" \/>\n<meta property=\"og:type\" content=\"article\" \/>\n<meta property=\"og:title\" content=\"Acquisition d\u2019un satellite d\u2019observation de la terre Un d\u00e9fi \u00e0 relever pour la RDC - HESHIMA MAGAZINE\" \/>\n<meta property=\"og:description\" content=\"Le passage de Jos\u00e9 Mpanda \u00e0 la t\u00eate du minist\u00e8re de la Recherche scientifique et Innovation technologique devrait \u00eatre grav\u00e9 en lettres d\u2019or, avec l\u2019acquisition, sur fonds propre, d\u2019un satellite dont la d\u00e9marche est en cours.\" \/>\n<meta property=\"og:url\" content=\"https:\/\/heshimardc.net\/v1\/2022\/05\/24\/acquisition-dun-satellite-dobservation-de-la-terre-un-defi-a-relever-pour-la-rdc\/\" \/>\n<meta property=\"og:site_name\" content=\"HESHIMA MAGAZINE\" \/>\n<meta property=\"article:publisher\" content=\"https:\/\/www.facebook.com\/heshimamagazine\" \/>\n<meta property=\"article:published_time\" content=\"2022-05-24T07:12:35+00:00\" \/>\n<meta property=\"article:modified_time\" content=\"2022-05-24T07:12:37+00:00\" \/>\n<meta property=\"og:image\" content=\"https:\/\/heshimardc.net\/v1\/wp-content\/uploads\/2022\/05\/WhatsApp-Image-2022-05-24-at-07.35.13.jpeg\" \/>\n\t<meta property=\"og:image:width\" content=\"1080\" \/>\n\t<meta property=\"og:image:height\" content=\"1080\" \/>\n\t<meta property=\"og:image:type\" content=\"image\/jpeg\" \/>\n<meta name=\"author\" content=\"RedactionH\" \/>\n<meta name=\"twitter:card\" content=\"summary_large_image\" \/>\n<meta name=\"twitter:creator\" content=\"@HeshimaMag\" \/>\n<meta name=\"twitter:site\" content=\"@HeshimaMag\" \/>\n<meta name=\"twitter:label1\" content=\"\u00c9crit par\" \/>\n\t<meta name=\"twitter:data1\" content=\"RedactionH\" \/>\n\t<meta name=\"twitter:label2\" content=\"Dur\u00e9e de lecture estim\u00e9e\" \/>\n\t<meta name=\"twitter:data2\" content=\"5 minutes\" \/>\n<script type=\"application\/ld+json\" class=\"yoast-schema-graph\">{\"@context\":\"https:\/\/schema.org\",\"@graph\":[{\"@type\":\"Article\",\"@id\":\"https:\/\/heshimardc.net\/v1\/2022\/05\/24\/acquisition-dun-satellite-dobservation-de-la-terre-un-defi-a-relever-pour-la-rdc\/#article\",\"isPartOf\":{\"@id\":\"https:\/\/heshimardc.net\/v1\/2022\/05\/24\/acquisition-dun-satellite-dobservation-de-la-terre-un-defi-a-relever-pour-la-rdc\/\"},\"author\":{\"name\":\"RedactionH\",\"@id\":\"https:\/\/heshimardc.net\/v1\/#\/schema\/person\/c74a2d47650131f158dc4a027547a532\"},\"headline\":\"Acquisition d\u2019un satellite d\u2019observation de la terre Un d\u00e9fi \u00e0 relever pour la RDC\",\"datePublished\":\"2022-05-24T07:12:35+00:00\",\"dateModified\":\"2022-05-24T07:12:37+00:00\",\"mainEntityOfPage\":{\"@id\":\"https:\/\/heshimardc.net\/v1\/2022\/05\/24\/acquisition-dun-satellite-dobservation-de-la-terre-un-defi-a-relever-pour-la-rdc\/\"},\"wordCount\":796,\"publisher\":{\"@id\":\"https:\/\/heshimardc.net\/v1\/#organization\"},\"image\":{\"@id\":\"https:\/\/heshimardc.net\/v1\/2022\/05\/24\/acquisition-dun-satellite-dobservation-de-la-terre-un-defi-a-relever-pour-la-rdc\/#primaryimage\"},\"thumbnailUrl\":\"https:\/\/heshimardc.net\/v1\/wp-content\/uploads\/2022\/05\/WhatsApp-Image-2022-05-24-at-07.35.13.jpeg\",\"keywords\":[\"Featured\",\"RDC\"],\"articleSection\":[\"Nation\"],\"inLanguage\":\"fr-FR\"},{\"@type\":\"WebPage\",\"@id\":\"https:\/\/heshimardc.net\/v1\/2022\/05\/24\/acquisition-dun-satellite-dobservation-de-la-terre-un-defi-a-relever-pour-la-rdc\/\",\"url\":\"https:\/\/heshimardc.net\/v1\/2022\/05\/24\/acquisition-dun-satellite-dobservation-de-la-terre-un-defi-a-relever-pour-la-rdc\/\",\"name\":\"Acquisition d\u2019un satellite d\u2019observation de la terre Un d\u00e9fi \u00e0 relever pour la RDC - HESHIMA MAGAZINE\",\"isPartOf\":{\"@id\":\"https:\/\/heshimardc.net\/v1\/#website\"},\"primaryImageOfPage\":{\"@id\":\"https:\/\/heshimardc.net\/v1\/2022\/05\/24\/acquisition-dun-satellite-dobservation-de-la-terre-un-defi-a-relever-pour-la-rdc\/#primaryimage\"},\"image\":{\"@id\":\"https:\/\/heshimardc.net\/v1\/2022\/05\/24\/acquisition-dun-satellite-dobservation-de-la-terre-un-defi-a-relever-pour-la-rdc\/#primaryimage\"},\"thumbnailUrl\":\"https:\/\/heshimardc.net\/v1\/wp-content\/uploads\/2022\/05\/WhatsApp-Image-2022-05-24-at-07.35.13.jpeg\",\"datePublished\":\"2022-05-24T07:12:35+00:00\",\"dateModified\":\"2022-05-24T07:12:37+00:00\",\"description\":\"Le passage de Jos\u00e9 Mpanda \u00e0 la t\u00eate du minist\u00e8re de la Recherche scientifique et Innovation technologique devrait \u00eatre grav\u00e9 en lettres d\u2019or, avec l\u2019acquisition, sur fonds propre, d\u2019un satellite dont la d\u00e9marche est en cours.\",\"breadcrumb\":{\"@id\":\"https:\/\/heshimardc.net\/v1\/2022\/05\/24\/acquisition-dun-satellite-dobservation-de-la-terre-un-defi-a-relever-pour-la-rdc\/#breadcrumb\"},\"inLanguage\":\"fr-FR\",\"potentialAction\":[{\"@type\":\"ReadAction\",\"target\":[\"https:\/\/heshimardc.net\/v1\/2022\/05\/24\/acquisition-dun-satellite-dobservation-de-la-terre-un-defi-a-relever-pour-la-rdc\/\"]}]},{\"@type\":\"ImageObject\",\"inLanguage\":\"fr-FR\",\"@id\":\"https:\/\/heshimardc.net\/v1\/2022\/05\/24\/acquisition-dun-satellite-dobservation-de-la-terre-un-defi-a-relever-pour-la-rdc\/#primaryimage\",\"url\":\"https:\/\/heshimardc.net\/v1\/wp-content\/uploads\/2022\/05\/WhatsApp-Image-2022-05-24-at-07.35.13.jpeg\",\"contentUrl\":\"https:\/\/heshimardc.net\/v1\/wp-content\/uploads\/2022\/05\/WhatsApp-Image-2022-05-24-at-07.35.13.jpeg\",\"width\":1080,\"height\":1080},{\"@type\":\"BreadcrumbList\",\"@id\":\"https:\/\/heshimardc.net\/v1\/2022\/05\/24\/acquisition-dun-satellite-dobservation-de-la-terre-un-defi-a-relever-pour-la-rdc\/#breadcrumb\",\"itemListElement\":[{\"@type\":\"ListItem\",\"position\":1,\"name\":\"Accueil\",\"item\":\"https:\/\/heshimardc.net\/v1\/\"},{\"@type\":\"ListItem\",\"position\":2,\"name\":\"Acquisition d\u2019un satellite d\u2019observation de la terre Un d\u00e9fi \u00e0 relever pour la RDC\"}]},{\"@type\":\"WebSite\",\"@id\":\"https:\/\/heshimardc.net\/v1\/#website\",\"url\":\"https:\/\/heshimardc.net\/v1\/\",\"name\":\"HESHIMA MAGAZINE\",\"description\":\"Le magazine Congolais qui bat au rythme de l&#039;actualit\u00e9\",\"publisher\":{\"@id\":\"https:\/\/heshimardc.net\/v1\/#organization\"},\"potentialAction\":[{\"@type\":\"SearchAction\",\"target\":{\"@type\":\"EntryPoint\",\"urlTemplate\":\"https:\/\/heshimardc.net\/v1\/?s={search_term_string}\"},\"query-input\":\"required name=search_term_string\"}],\"inLanguage\":\"fr-FR\"},{\"@type\":\"Organization\",\"@id\":\"https:\/\/heshimardc.net\/v1\/#organization\",\"name\":\"HESHIMA MAGAZINE\",\"url\":\"https:\/\/heshimardc.net\/v1\/\",\"logo\":{\"@type\":\"ImageObject\",\"inLanguage\":\"fr-FR\",\"@id\":\"https:\/\/heshimardc.net\/v1\/#\/schema\/logo\/image\/\",\"url\":\"https:\/\/heshimardc.net\/v1\/wp-content\/uploads\/2020\/09\/logo.png\",\"contentUrl\":\"https:\/\/heshimardc.net\/v1\/wp-content\/uploads\/2020\/09\/logo.png\",\"width\":99,\"height\":130,\"caption\":\"HESHIMA MAGAZINE\"},\"image\":{\"@id\":\"https:\/\/heshimardc.net\/v1\/#\/schema\/logo\/image\/\"},\"sameAs\":[\"https:\/\/www.facebook.com\/heshimamagazine\",\"https:\/\/x.com\/HeshimaMag\"]},{\"@type\":\"Person\",\"@id\":\"https:\/\/heshimardc.net\/v1\/#\/schema\/person\/c74a2d47650131f158dc4a027547a532\",\"name\":\"RedactionH\",\"image\":{\"@type\":\"ImageObject\",\"inLanguage\":\"fr-FR\",\"@id\":\"https:\/\/heshimardc.net\/v1\/#\/schema\/person\/image\/\",\"url\":\"https:\/\/secure.gravatar.com\/avatar\/a52112f8496f362a38bf46c70ca9e956?s=96&d=mm&r=g\",\"contentUrl\":\"https:\/\/secure.gravatar.com\/avatar\/a52112f8496f362a38bf46c70ca9e956?s=96&d=mm&r=g\",\"caption\":\"RedactionH\"},\"sameAs\":[\"http:\/\/www.heshimardc.net\"],\"url\":\"https:\/\/heshimardc.net\/v1\/author\/redactionh\/\"}]}<\/script>\n<!-- \/ Yoast SEO plugin. -->","yoast_head_json":{"title":"Acquisition d\u2019un satellite d\u2019observation de la terre Un d\u00e9fi \u00e0 relever pour la RDC - HESHIMA MAGAZINE","description":"Le passage de Jos\u00e9 Mpanda \u00e0 la t\u00eate du minist\u00e8re de la Recherche scientifique et Innovation technologique devrait \u00eatre grav\u00e9 en lettres d\u2019or, avec l\u2019acquisition, sur fonds propre, d\u2019un satellite dont la d\u00e9marche est en cours.","robots":{"index":"index","follow":"follow","max-snippet":"max-snippet:-1","max-image-preview":"max-image-preview:large","max-video-preview":"max-video-preview:-1"},"canonical":"https:\/\/heshimardc.net\/v1\/2022\/05\/24\/acquisition-dun-satellite-dobservation-de-la-terre-un-defi-a-relever-pour-la-rdc\/","og_locale":"fr_FR","og_type":"article","og_title":"Acquisition d\u2019un satellite d\u2019observation de la terre Un d\u00e9fi \u00e0 relever pour la RDC - HESHIMA MAGAZINE","og_description":"Le passage de Jos\u00e9 Mpanda \u00e0 la t\u00eate du minist\u00e8re de la Recherche scientifique et Innovation technologique devrait \u00eatre grav\u00e9 en lettres d\u2019or, avec l\u2019acquisition, sur fonds propre, d\u2019un satellite dont la d\u00e9marche est en cours.","og_url":"https:\/\/heshimardc.net\/v1\/2022\/05\/24\/acquisition-dun-satellite-dobservation-de-la-terre-un-defi-a-relever-pour-la-rdc\/","og_site_name":"HESHIMA MAGAZINE","article_publisher":"https:\/\/www.facebook.com\/heshimamagazine","article_published_time":"2022-05-24T07:12:35+00:00","article_modified_time":"2022-05-24T07:12:37+00:00","og_image":[{"width":1080,"height":1080,"url":"https:\/\/heshimardc.net\/v1\/wp-content\/uploads\/2022\/05\/WhatsApp-Image-2022-05-24-at-07.35.13.jpeg","type":"image\/jpeg"}],"author":"RedactionH","twitter_card":"summary_large_image","twitter_creator":"@HeshimaMag","twitter_site":"@HeshimaMag","twitter_misc":{"\u00c9crit par":"RedactionH","Dur\u00e9e de lecture estim\u00e9e":"5 minutes"},"schema":{"@context":"https:\/\/schema.org","@graph":[{"@type":"Article","@id":"https:\/\/heshimardc.net\/v1\/2022\/05\/24\/acquisition-dun-satellite-dobservation-de-la-terre-un-defi-a-relever-pour-la-rdc\/#article","isPartOf":{"@id":"https:\/\/heshimardc.net\/v1\/2022\/05\/24\/acquisition-dun-satellite-dobservation-de-la-terre-un-defi-a-relever-pour-la-rdc\/"},"author":{"name":"RedactionH","@id":"https:\/\/heshimardc.net\/v1\/#\/schema\/person\/c74a2d47650131f158dc4a027547a532"},"headline":"Acquisition d\u2019un satellite d\u2019observation de la terre Un d\u00e9fi \u00e0 relever pour la RDC","datePublished":"2022-05-24T07:12:35+00:00","dateModified":"2022-05-24T07:12:37+00:00","mainEntityOfPage":{"@id":"https:\/\/heshimardc.net\/v1\/2022\/05\/24\/acquisition-dun-satellite-dobservation-de-la-terre-un-defi-a-relever-pour-la-rdc\/"},"wordCount":796,"publisher":{"@id":"https:\/\/heshimardc.net\/v1\/#organization"},"image":{"@id":"https:\/\/heshimardc.net\/v1\/2022\/05\/24\/acquisition-dun-satellite-dobservation-de-la-terre-un-defi-a-relever-pour-la-rdc\/#primaryimage"},"thumbnailUrl":"https:\/\/heshimardc.net\/v1\/wp-content\/uploads\/2022\/05\/WhatsApp-Image-2022-05-24-at-07.35.13.jpeg","keywords":["Featured","RDC"],"articleSection":["Nation"],"inLanguage":"fr-FR"},{"@type":"WebPage","@id":"https:\/\/heshimardc.net\/v1\/2022\/05\/24\/acquisition-dun-satellite-dobservation-de-la-terre-un-defi-a-relever-pour-la-rdc\/","url":"https:\/\/heshimardc.net\/v1\/2022\/05\/24\/acquisition-dun-satellite-dobservation-de-la-terre-un-defi-a-relever-pour-la-rdc\/","name":"Acquisition d\u2019un satellite d\u2019observation de la terre Un d\u00e9fi \u00e0 relever pour la RDC - HESHIMA MAGAZINE","isPartOf":{"@id":"https:\/\/heshimardc.net\/v1\/#website"},"primaryImageOfPage":{"@id":"https:\/\/heshimardc.net\/v1\/2022\/05\/24\/acquisition-dun-satellite-dobservation-de-la-terre-un-defi-a-relever-pour-la-rdc\/#primaryimage"},"image":{"@id":"https:\/\/heshimardc.net\/v1\/2022\/05\/24\/acquisition-dun-satellite-dobservation-de-la-terre-un-defi-a-relever-pour-la-rdc\/#primaryimage"},"thumbnailUrl":"https:\/\/heshimardc.net\/v1\/wp-content\/uploads\/2022\/05\/WhatsApp-Image-2022-05-24-at-07.35.13.jpeg","datePublished":"2022-05-24T07:12:35+00:00","dateModified":"2022-05-24T07:12:37+00:00","description":"Le passage de Jos\u00e9 Mpanda \u00e0 la t\u00eate du minist\u00e8re de la Recherche scientifique et Innovation technologique devrait \u00eatre grav\u00e9 en lettres d\u2019or, avec l\u2019acquisition, sur fonds propre, d\u2019un satellite dont la d\u00e9marche est en cours.","breadcrumb":{"@id":"https:\/\/heshimardc.net\/v1\/2022\/05\/24\/acquisition-dun-satellite-dobservation-de-la-terre-un-defi-a-relever-pour-la-rdc\/#breadcrumb"},"inLanguage":"fr-FR","potentialAction":[{"@type":"ReadAction","target":["https:\/\/heshimardc.net\/v1\/2022\/05\/24\/acquisition-dun-satellite-dobservation-de-la-terre-un-defi-a-relever-pour-la-rdc\/"]}]},{"@type":"ImageObject","inLanguage":"fr-FR","@id":"https:\/\/heshimardc.net\/v1\/2022\/05\/24\/acquisition-dun-satellite-dobservation-de-la-terre-un-defi-a-relever-pour-la-rdc\/#primaryimage","url":"https:\/\/heshimardc.net\/v1\/wp-content\/uploads\/2022\/05\/WhatsApp-Image-2022-05-24-at-07.35.13.jpeg","contentUrl":"https:\/\/heshimardc.net\/v1\/wp-content\/uploads\/2022\/05\/WhatsApp-Image-2022-05-24-at-07.35.13.jpeg","width":1080,"height":1080},{"@type":"BreadcrumbList","@id":"https:\/\/heshimardc.net\/v1\/2022\/05\/24\/acquisition-dun-satellite-dobservation-de-la-terre-un-defi-a-relever-pour-la-rdc\/#breadcrumb","itemListElement":[{"@type":"ListItem","position":1,"name":"Accueil","item":"https:\/\/heshimardc.net\/v1\/"},{"@type":"ListItem","position":2,"name":"Acquisition d\u2019un satellite d\u2019observation de la terre Un d\u00e9fi \u00e0 relever pour la RDC"}]},{"@type":"WebSite","@id":"https:\/\/heshimardc.net\/v1\/#website","url":"https:\/\/heshimardc.net\/v1\/","name":"HESHIMA MAGAZINE","description":"Le magazine Congolais qui bat au rythme de l&#039;actualit\u00e9","publisher":{"@id":"https:\/\/heshimardc.net\/v1\/#organization"},"potentialAction":[{"@type":"SearchAction","target":{"@type":"EntryPoint","urlTemplate":"https:\/\/heshimardc.net\/v1\/?s={search_term_string}"},"query-input":"required name=search_term_string"}],"inLanguage":"fr-FR"},{"@type":"Organization","@id":"https:\/\/heshimardc.net\/v1\/#organization","name":"HESHIMA MAGAZINE","url":"https:\/\/heshimardc.net\/v1\/","logo":{"@type":"ImageObject","inLanguage":"fr-FR","@id":"https:\/\/heshimardc.net\/v1\/#\/schema\/logo\/image\/","url":"https:\/\/heshimardc.net\/v1\/wp-content\/uploads\/2020\/09\/logo.png","contentUrl":"https:\/\/heshimardc.net\/v1\/wp-content\/uploads\/2020\/09\/logo.png","width":99,"height":130,"caption":"HESHIMA MAGAZINE"},"image":{"@id":"https:\/\/heshimardc.net\/v1\/#\/schema\/logo\/image\/"},"sameAs":["https:\/\/www.facebook.com\/heshimamagazine","https:\/\/x.com\/HeshimaMag"]},{"@type":"Person","@id":"https:\/\/heshimardc.net\/v1\/#\/schema\/person\/c74a2d47650131f158dc4a027547a532","name":"RedactionH","image":{"@type":"ImageObject","inLanguage":"fr-FR","@id":"https:\/\/heshimardc.net\/v1\/#\/schema\/person\/image\/","url":"https:\/\/secure.gravatar.com\/avatar\/a52112f8496f362a38bf46c70ca9e956?s=96&d=mm&r=g","contentUrl":"https:\/\/secure.gravatar.com\/avatar\/a52112f8496f362a38bf46c70ca9e956?s=96&d=mm&r=g","caption":"RedactionH"},"sameAs":["http:\/\/www.heshimardc.net"],"url":"https:\/\/heshimardc.net\/v1\/author\/redactionh\/"}]}},"amp_enabled":true,"_links":{"self":[{"href":"https:\/\/heshimardc.net\/v1\/wp-json\/wp\/v2\/posts\/2781"}],"collection":[{"href":"https:\/\/heshimardc.net\/v1\/wp-json\/wp\/v2\/posts"}],"about":[{"href":"https:\/\/heshimardc.net\/v1\/wp-json\/wp\/v2\/types\/post"}],"author":[{"embeddable":true,"href":"https:\/\/heshimardc.net\/v1\/wp-json\/wp\/v2\/users\/2"}],"replies":[{"embeddable":true,"href":"https:\/\/heshimardc.net\/v1\/wp-json\/wp\/v2\/comments?post=2781"}],"version-history":[{"count":1,"href":"https:\/\/heshimardc.net\/v1\/wp-json\/wp\/v2\/posts\/2781\/revisions"}],"predecessor-version":[{"id":2788,"href":"https:\/\/heshimardc.net\/v1\/wp-json\/wp\/v2\/posts\/2781\/revisions\/2788"}],"wp:featuredmedia":[{"embeddable":true,"href":"https:\/\/heshimardc.net\/v1\/wp-json\/wp\/v2\/media\/2784"}],"wp:attachment":[{"href":"https:\/\/heshimardc.net\/v1\/wp-json\/wp\/v2\/media?parent=2781"}],"wp:term":[{"taxonomy":"category","embeddable":true,"href":"https:\/\/heshimardc.net\/v1\/wp-json\/wp\/v2\/categories?post=2781"},{"taxonomy":"post_tag","embeddable":true,"href":"https:\/\/heshimardc.net\/v1\/wp-json\/wp\/v2\/tags?post=2781"}],"curies":[{"name":"wp","href":"https:\/\/api.w.org\/{rel}","templated":true}]}}