{"id":2942,"date":"2022-07-25T07:46:59","date_gmt":"2022-07-25T07:46:59","guid":{"rendered":"https:\/\/heshimardc.net\/v1\/?p=2942"},"modified":"2022-07-25T07:47:02","modified_gmt":"2022-07-25T07:47:02","slug":"21eme-sommet-de-la-ceeac-tshisekedi-preside-une-session-centree-sur-la-securite","status":"publish","type":"post","link":"https:\/\/heshimardc.net\/v1\/2022\/07\/25\/21eme-sommet-de-la-ceeac-tshisekedi-preside-une-session-centree-sur-la-securite\/","title":{"rendered":"21\u00e8me sommet de la CEEAC : Tshisekedi pr\u00e9side une session centr\u00e9e sur la s\u00e9curit\u00e9"},"content":{"rendered":"\n<p><\/p>\n\n\n\n<p class=\"has-drop-cap\">Le Pr\u00e9sident de la R\u00e9publique d\u00e9mocratique du Congo, F\u00e9lix-Antoine Tshisekedi&nbsp;pr\u00e9side, ce lundi&nbsp;\u00e0 Kinshasa, la 21<sup>\u00e8me<\/sup>session ordinaire des chefs d\u2019Etat et de gouvernement&nbsp;de cette communaut\u00e9 r\u00e9gionale.&nbsp;Trois chefs d\u2019Etat sont attendus ainsi que des chefs de d\u00e9l\u00e9gations des pays membres.&nbsp;Le chef d\u2019Etat du Tchad,&nbsp;Mahamat&nbsp;Idriss&nbsp;D\u00e9by&nbsp;est d\u00e9j\u00e0 \u00e0 Kinshasa depuis&nbsp;le&nbsp;24 juillet.&nbsp;Contrairement \u00e0 sa d\u00e9nomination qui veut qu\u2019elle soit \u00e9minemment \u00e9conomique, la CEEAC&nbsp;va tabler sur la s\u00e9curit\u00e9 \u00e0 Kinshasa. Un th\u00e8me qui tombe \u00e0 point nomm\u00e9 au regard de l\u2019agression dont la R\u00e9publique d\u00e9mocratique du Congo est victime de la part du Rwanda&nbsp;sous couvert du M23, selon le gouvernement congolais.&nbsp;Des accusations que Kigali d\u00e9ment toujours. &nbsp;<\/p>\n\n\n\n<p>Ces assises&nbsp;ont \u00e9t\u00e9 pr\u00e9c\u00e9d\u00e9es par la r\u00e9union des chefs d\u2019Etats-majors g\u00e9n\u00e9raux, commandants en chef, directeurs g\u00e9n\u00e9raux de police,&nbsp;gendarmerie,&nbsp;Hauts fonctionnaires des minist\u00e8res de la r\u00e9gion, Hauts cadres du secteur&nbsp;de la s\u00e9curit\u00e9 et les ministres du Comit\u00e9 Technique Sp\u00e9cialis\u00e9 D\u00e9fense, Suret\u00e9 et S\u00e9curit\u00e9,&nbsp;Conseil de Paix et de S\u00e9curit\u00e9 de l\u2019Afrique Centrale, afin de statuer sur les questions s\u00e9curitaires majeures et deformuler les propositions aux chefs d\u2019Etat et de gouvernement.&nbsp;Ces responsables de la s\u00e9curit\u00e9&nbsp;vont pr\u00e9senter aux chefs d\u2019Etat les r\u00e9sultats de leurs travaux,&nbsp;notamment sur l\u2019examen de la situation politique et s\u00e9curitaire en Afrique centrale.&nbsp;<\/p>\n\n\n\n<p>Ces autorit\u00e9s militaires vont \u00e9galement soumettre&nbsp;les conclusions du rapport sur l\u2019arrimage des textes de la Force Multinationale de l\u2019Afrique Centrale (FOMAC) et de la structure de l\u2019Etat-major&nbsp;(EMR) au Trait\u00e9 r\u00e9vis\u00e9 et autres textes l\u00e9gaux r\u00e9vis\u00e9s (protocole relatif au COPAX, cadre organique de la Commission et statut du personnel). Il y a aussi l\u2019examen du projet d\u2019organigramme de l\u2019Etat-major r\u00e9gional compl\u00e9mentaire au cadre organique approuv\u00e9 par la r\u00e9forme institutionnelle de la CEEAC.&nbsp;<\/p>\n\n\n\n<p><strong>Agress\u00e9e par un pays membre&nbsp;<\/strong><\/p>\n\n\n\n<p>En pr\u00e9lude de la tenue&nbsp;du sommet de ce&nbsp;25 juillet, \u00e0 Kinshasa,le ministre&nbsp;congolais&nbsp;de l\u2019Int\u00e9gration r\u00e9gionale et Francophonie, Didier&nbsp;Mazenga&nbsp;Mukanzu, a&nbsp;pr\u00e9sid\u00e9,&nbsp;le&nbsp;22 juillet 2022, un Conseil des ministres de cette organisation sous r\u00e9gionale. Dans son discours, le ministre a mis l\u2019accent sur la solidarit\u00e9 et la paix, des facteurs n\u00e9cessaires au d\u00e9veloppement de toute r\u00e9gion. Didier&nbsp;Mazenga&nbsp;a salu\u00e9 le leadership du pr\u00e9sident en exercice de la CEEAC, F\u00e9lix-Antoine Tshisekedi, qui a accept\u00e9 de convoquer le sommet ordinaire&nbsp;dans la capitale congolaise.<br><br>Mais cet officiel congolais n\u2019a pas loup\u00e9 la question de l\u2019heure : l\u2019agression de la RDC par un pays voisin, sous couvert d\u2019une r\u00e9bellion.&nbsp;Sur ce point, le ministre Didier&nbsp;Mazenga&nbsp;a rappel\u00e9 que cette 21\u00e8me session de la communaut\u00e9 r\u00e9gionale se tient dans \u00ab un environnement s\u00e9curitaire pr\u00e9occupant,&nbsp;principalement en R\u00e9publique D\u00e9mocratique du Congo, qui subit malheureusement l\u2019agression d\u2019un pays membre \u00bb de la communaut\u00e9. Une&nbsp;allusion \u00e0&nbsp;l\u2019agression rwandaise contre la RD.&nbsp;Congo sous couvert des&nbsp;\u00ab&nbsp;terroristes&nbsp;\u00bb&nbsp;du Mouvement du&nbsp;23&nbsp;mars (M23).&nbsp;&nbsp;&nbsp; &nbsp;<\/p>\n\n\n\n<p><strong>Centrafrique au menu&nbsp;<\/strong><\/p>\n\n\n\n<p>Les participants \u00e0 cette&nbsp;XXI\u00e8me session ordinaire \u00e9voqueront \u00e9galement la question du respect des processus \u00e9lectoraux. Concernant la RCA, ils vont&nbsp;tabler&nbsp;sur l\u2019appui de la r\u00e9gion au processus de D\u00e9mobilisation, d\u00e9sarmement, r\u00e9insertion et rapatriement dans ce pays.<\/p>\n\n\n\n<p>Ce sommet connait la participation de&nbsp;la Centrafrique,&nbsp;de&nbsp;Sao Tom\u00e9 (et Principe) et&nbsp;du&nbsp;Tchad. Ces trois pays pourraient \u00eatre&nbsp;repr\u00e9sent\u00e9s par leurs Pr\u00e9sidents&nbsp;tandis que&nbsp;le Burundi et la Guin\u00e9e \u00c9quatoriale&nbsp;sont repr\u00e9sent\u00e9s&nbsp;par leurs vice-pr\u00e9sidents, le Congo et&nbsp;le&nbsp;Gabon par les Premiers ministres, l\u2019Angola par son ministre des&nbsp;Affaires \u00e9trang\u00e8res&nbsp;et,&nbsp;enfin,&nbsp;le Rwanda par son ambassadeur&nbsp;en RDC, Vincent&nbsp;Karega.<\/p>\n\n\n\n<p>Pour rappel, le pr\u00e9sident de la R\u00e9publique d\u00e9mocratique du Congo, F\u00e9lix-Antoine&nbsp;Tshisekedi, avait&nbsp;pris officiellement les commandes de&nbsp;cette organisation r\u00e9gionale en janvier 2019, \u00e0 Brazzaville.&nbsp;La passation du pouvoir entre lui et le pr\u00e9sident sortant, Denis&nbsp;Sasou&nbsp;N\u2019guesso, a eu lieu \u00e0&nbsp;Kintele, en R\u00e9publique du Congo, o\u00f9 s\u2019\u00e9taient&nbsp;tenus les travaux de la 20<sup>\u00e8me<\/sup>&nbsp;session de la conf\u00e9rence des chefs d\u2019\u00c9tat et de gouvernement de cette&nbsp;communaut\u00e9 r\u00e9gionale.<\/p>\n\n\n\n<p><strong>Heshima&nbsp;<\/strong><\/p>\n","protected":false},"excerpt":{"rendered":"<p>La R\u00e9publique d\u00e9mocratique du Congo qui, depuis un temps a sign\u00e9 son retour dans plusieurs organisations r\u00e9gionales, organise, du 25 au 27 juillet 2022, la XXI\u00e8me session ordinaire de la Conf\u00e9rence des chefs d\u2019Etat et de gouvernement de la Communaut\u00e9 Economique des Etats de l\u2019Afrique Centrale (CEEAC). Un sommet qui rentre dans la th\u00e9matique s\u00e9curitaire de l\u2019heure.<\/p>\n","protected":false},"author":2,"featured_media":2943,"comment_status":"closed","ping_status":"closed","sticky":false,"template":"","format":"standard","meta":{"footnotes":""},"categories":[172,3],"tags":[182],"class_list":["post-2942","post","type-post","status-publish","format-standard","has-post-thumbnail","hentry","category-international","category-nation","tag-rdc"],"yoast_head":"<!-- This site is optimized with the Yoast SEO plugin v23.3 - https:\/\/yoast.com\/wordpress\/plugins\/seo\/ -->\n<title>21\u00e8me sommet de la CEEAC : Tshisekedi pr\u00e9side une session centr\u00e9e sur la s\u00e9curit\u00e9 - HESHIMA MAGAZINE<\/title>\n<meta name=\"description\" content=\"La R\u00e9publique d\u00e9mocratique du Congo qui, depuis un temps a sign\u00e9 son retour dans plusieurs organisations r\u00e9gionales, organise, du 25 au 27 juillet 2022, la XXI\u00e8me session ordinaire de la Conf\u00e9rence des chefs d\u2019Etat et de gouvernement de la Communaut\u00e9 Economique des Etats de l\u2019Afrique Centrale (CEEAC). Un sommet qui rentre dans la th\u00e9matique s\u00e9curitaire de l\u2019heure.\" \/>\n<meta name=\"robots\" content=\"index, follow, max-snippet:-1, max-image-preview:large, max-video-preview:-1\" \/>\n<link rel=\"canonical\" href=\"https:\/\/heshimardc.net\/v1\/2022\/07\/25\/21eme-sommet-de-la-ceeac-tshisekedi-preside-une-session-centree-sur-la-securite\/\" \/>\n<meta property=\"og:locale\" content=\"fr_FR\" \/>\n<meta property=\"og:type\" content=\"article\" \/>\n<meta property=\"og:title\" content=\"21\u00e8me sommet de la CEEAC : Tshisekedi pr\u00e9side une session centr\u00e9e sur la s\u00e9curit\u00e9 - HESHIMA MAGAZINE\" \/>\n<meta property=\"og:description\" content=\"La R\u00e9publique d\u00e9mocratique du Congo qui, depuis un temps a sign\u00e9 son retour dans plusieurs organisations r\u00e9gionales, organise, du 25 au 27 juillet 2022, la XXI\u00e8me session ordinaire de la Conf\u00e9rence des chefs d\u2019Etat et de gouvernement de la Communaut\u00e9 Economique des Etats de l\u2019Afrique Centrale (CEEAC). Un sommet qui rentre dans la th\u00e9matique s\u00e9curitaire de l\u2019heure.\" \/>\n<meta property=\"og:url\" content=\"https:\/\/heshimardc.net\/v1\/2022\/07\/25\/21eme-sommet-de-la-ceeac-tshisekedi-preside-une-session-centree-sur-la-securite\/\" \/>\n<meta property=\"og:site_name\" content=\"HESHIMA MAGAZINE\" \/>\n<meta property=\"article:publisher\" content=\"https:\/\/www.facebook.com\/heshimamagazine\" \/>\n<meta property=\"article:published_time\" content=\"2022-07-25T07:46:59+00:00\" \/>\n<meta property=\"article:modified_time\" content=\"2022-07-25T07:47:02+00:00\" \/>\n<meta property=\"og:image\" content=\"https:\/\/heshimardc.net\/v1\/wp-content\/uploads\/2022\/07\/B2090A81-105A-48C2-B2FF-27A4B96ED884.jpeg\" \/>\n\t<meta property=\"og:image:width\" content=\"1080\" \/>\n\t<meta property=\"og:image:height\" content=\"720\" \/>\n\t<meta property=\"og:image:type\" content=\"image\/jpeg\" \/>\n<meta name=\"author\" content=\"RedactionH\" \/>\n<meta name=\"twitter:card\" content=\"summary_large_image\" \/>\n<meta name=\"twitter:creator\" content=\"@HeshimaMag\" \/>\n<meta name=\"twitter:site\" content=\"@HeshimaMag\" \/>\n<meta name=\"twitter:label1\" content=\"\u00c9crit par\" \/>\n\t<meta name=\"twitter:data1\" content=\"RedactionH\" \/>\n\t<meta name=\"twitter:label2\" content=\"Dur\u00e9e de lecture estim\u00e9e\" \/>\n\t<meta name=\"twitter:data2\" content=\"3 minutes\" \/>\n<script type=\"application\/ld+json\" class=\"yoast-schema-graph\">{\"@context\":\"https:\/\/schema.org\",\"@graph\":[{\"@type\":\"Article\",\"@id\":\"https:\/\/heshimardc.net\/v1\/2022\/07\/25\/21eme-sommet-de-la-ceeac-tshisekedi-preside-une-session-centree-sur-la-securite\/#article\",\"isPartOf\":{\"@id\":\"https:\/\/heshimardc.net\/v1\/2022\/07\/25\/21eme-sommet-de-la-ceeac-tshisekedi-preside-une-session-centree-sur-la-securite\/\"},\"author\":{\"name\":\"RedactionH\",\"@id\":\"https:\/\/heshimardc.net\/v1\/#\/schema\/person\/c74a2d47650131f158dc4a027547a532\"},\"headline\":\"21\u00e8me sommet de la CEEAC : Tshisekedi pr\u00e9side une session centr\u00e9e sur la s\u00e9curit\u00e9\",\"datePublished\":\"2022-07-25T07:46:59+00:00\",\"dateModified\":\"2022-07-25T07:47:02+00:00\",\"mainEntityOfPage\":{\"@id\":\"https:\/\/heshimardc.net\/v1\/2022\/07\/25\/21eme-sommet-de-la-ceeac-tshisekedi-preside-une-session-centree-sur-la-securite\/\"},\"wordCount\":843,\"publisher\":{\"@id\":\"https:\/\/heshimardc.net\/v1\/#organization\"},\"image\":{\"@id\":\"https:\/\/heshimardc.net\/v1\/2022\/07\/25\/21eme-sommet-de-la-ceeac-tshisekedi-preside-une-session-centree-sur-la-securite\/#primaryimage\"},\"thumbnailUrl\":\"https:\/\/heshimardc.net\/v1\/wp-content\/uploads\/2022\/07\/B2090A81-105A-48C2-B2FF-27A4B96ED884.jpeg\",\"keywords\":[\"RDC\"],\"articleSection\":[\"International\",\"Nation\"],\"inLanguage\":\"fr-FR\"},{\"@type\":\"WebPage\",\"@id\":\"https:\/\/heshimardc.net\/v1\/2022\/07\/25\/21eme-sommet-de-la-ceeac-tshisekedi-preside-une-session-centree-sur-la-securite\/\",\"url\":\"https:\/\/heshimardc.net\/v1\/2022\/07\/25\/21eme-sommet-de-la-ceeac-tshisekedi-preside-une-session-centree-sur-la-securite\/\",\"name\":\"21\u00e8me sommet de la CEEAC : Tshisekedi pr\u00e9side une session centr\u00e9e sur la s\u00e9curit\u00e9 - HESHIMA MAGAZINE\",\"isPartOf\":{\"@id\":\"https:\/\/heshimardc.net\/v1\/#website\"},\"primaryImageOfPage\":{\"@id\":\"https:\/\/heshimardc.net\/v1\/2022\/07\/25\/21eme-sommet-de-la-ceeac-tshisekedi-preside-une-session-centree-sur-la-securite\/#primaryimage\"},\"image\":{\"@id\":\"https:\/\/heshimardc.net\/v1\/2022\/07\/25\/21eme-sommet-de-la-ceeac-tshisekedi-preside-une-session-centree-sur-la-securite\/#primaryimage\"},\"thumbnailUrl\":\"https:\/\/heshimardc.net\/v1\/wp-content\/uploads\/2022\/07\/B2090A81-105A-48C2-B2FF-27A4B96ED884.jpeg\",\"datePublished\":\"2022-07-25T07:46:59+00:00\",\"dateModified\":\"2022-07-25T07:47:02+00:00\",\"description\":\"La R\u00e9publique d\u00e9mocratique du Congo qui, depuis un temps a sign\u00e9 son retour dans plusieurs organisations r\u00e9gionales, organise, du 25 au 27 juillet 2022, la XXI\u00e8me session ordinaire de la Conf\u00e9rence des chefs d\u2019Etat et de gouvernement de la Communaut\u00e9 Economique des Etats de l\u2019Afrique Centrale (CEEAC). Un sommet qui rentre dans la th\u00e9matique s\u00e9curitaire de l\u2019heure.\",\"breadcrumb\":{\"@id\":\"https:\/\/heshimardc.net\/v1\/2022\/07\/25\/21eme-sommet-de-la-ceeac-tshisekedi-preside-une-session-centree-sur-la-securite\/#breadcrumb\"},\"inLanguage\":\"fr-FR\",\"potentialAction\":[{\"@type\":\"ReadAction\",\"target\":[\"https:\/\/heshimardc.net\/v1\/2022\/07\/25\/21eme-sommet-de-la-ceeac-tshisekedi-preside-une-session-centree-sur-la-securite\/\"]}]},{\"@type\":\"ImageObject\",\"inLanguage\":\"fr-FR\",\"@id\":\"https:\/\/heshimardc.net\/v1\/2022\/07\/25\/21eme-sommet-de-la-ceeac-tshisekedi-preside-une-session-centree-sur-la-securite\/#primaryimage\",\"url\":\"https:\/\/heshimardc.net\/v1\/wp-content\/uploads\/2022\/07\/B2090A81-105A-48C2-B2FF-27A4B96ED884.jpeg\",\"contentUrl\":\"https:\/\/heshimardc.net\/v1\/wp-content\/uploads\/2022\/07\/B2090A81-105A-48C2-B2FF-27A4B96ED884.jpeg\",\"width\":1080,\"height\":720},{\"@type\":\"BreadcrumbList\",\"@id\":\"https:\/\/heshimardc.net\/v1\/2022\/07\/25\/21eme-sommet-de-la-ceeac-tshisekedi-preside-une-session-centree-sur-la-securite\/#breadcrumb\",\"itemListElement\":[{\"@type\":\"ListItem\",\"position\":1,\"name\":\"Accueil\",\"item\":\"https:\/\/heshimardc.net\/v1\/\"},{\"@type\":\"ListItem\",\"position\":2,\"name\":\"21\u00e8me sommet de la CEEAC : Tshisekedi pr\u00e9side une session centr\u00e9e sur la s\u00e9curit\u00e9\"}]},{\"@type\":\"WebSite\",\"@id\":\"https:\/\/heshimardc.net\/v1\/#website\",\"url\":\"https:\/\/heshimardc.net\/v1\/\",\"name\":\"HESHIMA MAGAZINE\",\"description\":\"Le magazine Congolais qui bat au rythme de l&#039;actualit\u00e9\",\"publisher\":{\"@id\":\"https:\/\/heshimardc.net\/v1\/#organization\"},\"potentialAction\":[{\"@type\":\"SearchAction\",\"target\":{\"@type\":\"EntryPoint\",\"urlTemplate\":\"https:\/\/heshimardc.net\/v1\/?s={search_term_string}\"},\"query-input\":\"required name=search_term_string\"}],\"inLanguage\":\"fr-FR\"},{\"@type\":\"Organization\",\"@id\":\"https:\/\/heshimardc.net\/v1\/#organization\",\"name\":\"HESHIMA MAGAZINE\",\"url\":\"https:\/\/heshimardc.net\/v1\/\",\"logo\":{\"@type\":\"ImageObject\",\"inLanguage\":\"fr-FR\",\"@id\":\"https:\/\/heshimardc.net\/v1\/#\/schema\/logo\/image\/\",\"url\":\"https:\/\/heshimardc.net\/v1\/wp-content\/uploads\/2020\/09\/logo.png\",\"contentUrl\":\"https:\/\/heshimardc.net\/v1\/wp-content\/uploads\/2020\/09\/logo.png\",\"width\":99,\"height\":130,\"caption\":\"HESHIMA MAGAZINE\"},\"image\":{\"@id\":\"https:\/\/heshimardc.net\/v1\/#\/schema\/logo\/image\/\"},\"sameAs\":[\"https:\/\/www.facebook.com\/heshimamagazine\",\"https:\/\/x.com\/HeshimaMag\"]},{\"@type\":\"Person\",\"@id\":\"https:\/\/heshimardc.net\/v1\/#\/schema\/person\/c74a2d47650131f158dc4a027547a532\",\"name\":\"RedactionH\",\"image\":{\"@type\":\"ImageObject\",\"inLanguage\":\"fr-FR\",\"@id\":\"https:\/\/heshimardc.net\/v1\/#\/schema\/person\/image\/\",\"url\":\"https:\/\/secure.gravatar.com\/avatar\/a52112f8496f362a38bf46c70ca9e956?s=96&d=mm&r=g\",\"contentUrl\":\"https:\/\/secure.gravatar.com\/avatar\/a52112f8496f362a38bf46c70ca9e956?s=96&d=mm&r=g\",\"caption\":\"RedactionH\"},\"sameAs\":[\"http:\/\/www.heshimardc.net\"],\"url\":\"https:\/\/heshimardc.net\/v1\/author\/redactionh\/\"}]}<\/script>\n<!-- \/ Yoast SEO plugin. -->","yoast_head_json":{"title":"21\u00e8me sommet de la CEEAC : Tshisekedi pr\u00e9side une session centr\u00e9e sur la s\u00e9curit\u00e9 - HESHIMA MAGAZINE","description":"La R\u00e9publique d\u00e9mocratique du Congo qui, depuis un temps a sign\u00e9 son retour dans plusieurs organisations r\u00e9gionales, organise, du 25 au 27 juillet 2022, la XXI\u00e8me session ordinaire de la Conf\u00e9rence des chefs d\u2019Etat et de gouvernement de la Communaut\u00e9 Economique des Etats de l\u2019Afrique Centrale (CEEAC). Un sommet qui rentre dans la th\u00e9matique s\u00e9curitaire de l\u2019heure.","robots":{"index":"index","follow":"follow","max-snippet":"max-snippet:-1","max-image-preview":"max-image-preview:large","max-video-preview":"max-video-preview:-1"},"canonical":"https:\/\/heshimardc.net\/v1\/2022\/07\/25\/21eme-sommet-de-la-ceeac-tshisekedi-preside-une-session-centree-sur-la-securite\/","og_locale":"fr_FR","og_type":"article","og_title":"21\u00e8me sommet de la CEEAC : Tshisekedi pr\u00e9side une session centr\u00e9e sur la s\u00e9curit\u00e9 - HESHIMA MAGAZINE","og_description":"La R\u00e9publique d\u00e9mocratique du Congo qui, depuis un temps a sign\u00e9 son retour dans plusieurs organisations r\u00e9gionales, organise, du 25 au 27 juillet 2022, la XXI\u00e8me session ordinaire de la Conf\u00e9rence des chefs d\u2019Etat et de gouvernement de la Communaut\u00e9 Economique des Etats de l\u2019Afrique Centrale (CEEAC). Un sommet qui rentre dans la th\u00e9matique s\u00e9curitaire de l\u2019heure.","og_url":"https:\/\/heshimardc.net\/v1\/2022\/07\/25\/21eme-sommet-de-la-ceeac-tshisekedi-preside-une-session-centree-sur-la-securite\/","og_site_name":"HESHIMA MAGAZINE","article_publisher":"https:\/\/www.facebook.com\/heshimamagazine","article_published_time":"2022-07-25T07:46:59+00:00","article_modified_time":"2022-07-25T07:47:02+00:00","og_image":[{"width":1080,"height":720,"url":"https:\/\/heshimardc.net\/v1\/wp-content\/uploads\/2022\/07\/B2090A81-105A-48C2-B2FF-27A4B96ED884.jpeg","type":"image\/jpeg"}],"author":"RedactionH","twitter_card":"summary_large_image","twitter_creator":"@HeshimaMag","twitter_site":"@HeshimaMag","twitter_misc":{"\u00c9crit par":"RedactionH","Dur\u00e9e de lecture estim\u00e9e":"3 minutes"},"schema":{"@context":"https:\/\/schema.org","@graph":[{"@type":"Article","@id":"https:\/\/heshimardc.net\/v1\/2022\/07\/25\/21eme-sommet-de-la-ceeac-tshisekedi-preside-une-session-centree-sur-la-securite\/#article","isPartOf":{"@id":"https:\/\/heshimardc.net\/v1\/2022\/07\/25\/21eme-sommet-de-la-ceeac-tshisekedi-preside-une-session-centree-sur-la-securite\/"},"author":{"name":"RedactionH","@id":"https:\/\/heshimardc.net\/v1\/#\/schema\/person\/c74a2d47650131f158dc4a027547a532"},"headline":"21\u00e8me sommet de la CEEAC : Tshisekedi pr\u00e9side une session centr\u00e9e sur la s\u00e9curit\u00e9","datePublished":"2022-07-25T07:46:59+00:00","dateModified":"2022-07-25T07:47:02+00:00","mainEntityOfPage":{"@id":"https:\/\/heshimardc.net\/v1\/2022\/07\/25\/21eme-sommet-de-la-ceeac-tshisekedi-preside-une-session-centree-sur-la-securite\/"},"wordCount":843,"publisher":{"@id":"https:\/\/heshimardc.net\/v1\/#organization"},"image":{"@id":"https:\/\/heshimardc.net\/v1\/2022\/07\/25\/21eme-sommet-de-la-ceeac-tshisekedi-preside-une-session-centree-sur-la-securite\/#primaryimage"},"thumbnailUrl":"https:\/\/heshimardc.net\/v1\/wp-content\/uploads\/2022\/07\/B2090A81-105A-48C2-B2FF-27A4B96ED884.jpeg","keywords":["RDC"],"articleSection":["International","Nation"],"inLanguage":"fr-FR"},{"@type":"WebPage","@id":"https:\/\/heshimardc.net\/v1\/2022\/07\/25\/21eme-sommet-de-la-ceeac-tshisekedi-preside-une-session-centree-sur-la-securite\/","url":"https:\/\/heshimardc.net\/v1\/2022\/07\/25\/21eme-sommet-de-la-ceeac-tshisekedi-preside-une-session-centree-sur-la-securite\/","name":"21\u00e8me sommet de la CEEAC : Tshisekedi pr\u00e9side une session centr\u00e9e sur la s\u00e9curit\u00e9 - HESHIMA MAGAZINE","isPartOf":{"@id":"https:\/\/heshimardc.net\/v1\/#website"},"primaryImageOfPage":{"@id":"https:\/\/heshimardc.net\/v1\/2022\/07\/25\/21eme-sommet-de-la-ceeac-tshisekedi-preside-une-session-centree-sur-la-securite\/#primaryimage"},"image":{"@id":"https:\/\/heshimardc.net\/v1\/2022\/07\/25\/21eme-sommet-de-la-ceeac-tshisekedi-preside-une-session-centree-sur-la-securite\/#primaryimage"},"thumbnailUrl":"https:\/\/heshimardc.net\/v1\/wp-content\/uploads\/2022\/07\/B2090A81-105A-48C2-B2FF-27A4B96ED884.jpeg","datePublished":"2022-07-25T07:46:59+00:00","dateModified":"2022-07-25T07:47:02+00:00","description":"La R\u00e9publique d\u00e9mocratique du Congo qui, depuis un temps a sign\u00e9 son retour dans plusieurs organisations r\u00e9gionales, organise, du 25 au 27 juillet 2022, la XXI\u00e8me session ordinaire de la Conf\u00e9rence des chefs d\u2019Etat et de gouvernement de la Communaut\u00e9 Economique des Etats de l\u2019Afrique Centrale (CEEAC). Un sommet qui rentre dans la th\u00e9matique s\u00e9curitaire de l\u2019heure.","breadcrumb":{"@id":"https:\/\/heshimardc.net\/v1\/2022\/07\/25\/21eme-sommet-de-la-ceeac-tshisekedi-preside-une-session-centree-sur-la-securite\/#breadcrumb"},"inLanguage":"fr-FR","potentialAction":[{"@type":"ReadAction","target":["https:\/\/heshimardc.net\/v1\/2022\/07\/25\/21eme-sommet-de-la-ceeac-tshisekedi-preside-une-session-centree-sur-la-securite\/"]}]},{"@type":"ImageObject","inLanguage":"fr-FR","@id":"https:\/\/heshimardc.net\/v1\/2022\/07\/25\/21eme-sommet-de-la-ceeac-tshisekedi-preside-une-session-centree-sur-la-securite\/#primaryimage","url":"https:\/\/heshimardc.net\/v1\/wp-content\/uploads\/2022\/07\/B2090A81-105A-48C2-B2FF-27A4B96ED884.jpeg","contentUrl":"https:\/\/heshimardc.net\/v1\/wp-content\/uploads\/2022\/07\/B2090A81-105A-48C2-B2FF-27A4B96ED884.jpeg","width":1080,"height":720},{"@type":"BreadcrumbList","@id":"https:\/\/heshimardc.net\/v1\/2022\/07\/25\/21eme-sommet-de-la-ceeac-tshisekedi-preside-une-session-centree-sur-la-securite\/#breadcrumb","itemListElement":[{"@type":"ListItem","position":1,"name":"Accueil","item":"https:\/\/heshimardc.net\/v1\/"},{"@type":"ListItem","position":2,"name":"21\u00e8me sommet de la CEEAC : Tshisekedi pr\u00e9side une session centr\u00e9e sur la s\u00e9curit\u00e9"}]},{"@type":"WebSite","@id":"https:\/\/heshimardc.net\/v1\/#website","url":"https:\/\/heshimardc.net\/v1\/","name":"HESHIMA MAGAZINE","description":"Le magazine Congolais qui bat au rythme de l&#039;actualit\u00e9","publisher":{"@id":"https:\/\/heshimardc.net\/v1\/#organization"},"potentialAction":[{"@type":"SearchAction","target":{"@type":"EntryPoint","urlTemplate":"https:\/\/heshimardc.net\/v1\/?s={search_term_string}"},"query-input":"required name=search_term_string"}],"inLanguage":"fr-FR"},{"@type":"Organization","@id":"https:\/\/heshimardc.net\/v1\/#organization","name":"HESHIMA MAGAZINE","url":"https:\/\/heshimardc.net\/v1\/","logo":{"@type":"ImageObject","inLanguage":"fr-FR","@id":"https:\/\/heshimardc.net\/v1\/#\/schema\/logo\/image\/","url":"https:\/\/heshimardc.net\/v1\/wp-content\/uploads\/2020\/09\/logo.png","contentUrl":"https:\/\/heshimardc.net\/v1\/wp-content\/uploads\/2020\/09\/logo.png","width":99,"height":130,"caption":"HESHIMA MAGAZINE"},"image":{"@id":"https:\/\/heshimardc.net\/v1\/#\/schema\/logo\/image\/"},"sameAs":["https:\/\/www.facebook.com\/heshimamagazine","https:\/\/x.com\/HeshimaMag"]},{"@type":"Person","@id":"https:\/\/heshimardc.net\/v1\/#\/schema\/person\/c74a2d47650131f158dc4a027547a532","name":"RedactionH","image":{"@type":"ImageObject","inLanguage":"fr-FR","@id":"https:\/\/heshimardc.net\/v1\/#\/schema\/person\/image\/","url":"https:\/\/secure.gravatar.com\/avatar\/a52112f8496f362a38bf46c70ca9e956?s=96&d=mm&r=g","contentUrl":"https:\/\/secure.gravatar.com\/avatar\/a52112f8496f362a38bf46c70ca9e956?s=96&d=mm&r=g","caption":"RedactionH"},"sameAs":["http:\/\/www.heshimardc.net"],"url":"https:\/\/heshimardc.net\/v1\/author\/redactionh\/"}]}},"amp_enabled":true,"_links":{"self":[{"href":"https:\/\/heshimardc.net\/v1\/wp-json\/wp\/v2\/posts\/2942"}],"collection":[{"href":"https:\/\/heshimardc.net\/v1\/wp-json\/wp\/v2\/posts"}],"about":[{"href":"https:\/\/heshimardc.net\/v1\/wp-json\/wp\/v2\/types\/post"}],"author":[{"embeddable":true,"href":"https:\/\/heshimardc.net\/v1\/wp-json\/wp\/v2\/users\/2"}],"replies":[{"embeddable":true,"href":"https:\/\/heshimardc.net\/v1\/wp-json\/wp\/v2\/comments?post=2942"}],"version-history":[{"count":1,"href":"https:\/\/heshimardc.net\/v1\/wp-json\/wp\/v2\/posts\/2942\/revisions"}],"predecessor-version":[{"id":2944,"href":"https:\/\/heshimardc.net\/v1\/wp-json\/wp\/v2\/posts\/2942\/revisions\/2944"}],"wp:featuredmedia":[{"embeddable":true,"href":"https:\/\/heshimardc.net\/v1\/wp-json\/wp\/v2\/media\/2943"}],"wp:attachment":[{"href":"https:\/\/heshimardc.net\/v1\/wp-json\/wp\/v2\/media?parent=2942"}],"wp:term":[{"taxonomy":"category","embeddable":true,"href":"https:\/\/heshimardc.net\/v1\/wp-json\/wp\/v2\/categories?post=2942"},{"taxonomy":"post_tag","embeddable":true,"href":"https:\/\/heshimardc.net\/v1\/wp-json\/wp\/v2\/tags?post=2942"}],"curies":[{"name":"wp","href":"https:\/\/api.w.org\/{rel}","templated":true}]}}