{"id":3007,"date":"2022-08-27T15:17:23","date_gmt":"2022-08-27T15:17:23","guid":{"rendered":"https:\/\/heshimardc.net\/v1\/?p=3007"},"modified":"2022-08-27T15:17:25","modified_gmt":"2022-08-27T15:17:25","slug":"congo-airways-il-y-a-risque-de-cessation-des-vols-faute-daeronefs","status":"publish","type":"post","link":"https:\/\/heshimardc.net\/v1\/2022\/08\/27\/congo-airways-il-y-a-risque-de-cessation-des-vols-faute-daeronefs\/","title":{"rendered":"Congo Airways : il y a risque de cessation des vols, faute d\u2019a\u00e9ronefs\u2026"},"content":{"rendered":"\n<p class=\"has-drop-cap\">Le gouvernement est appel\u00e9 \u00e0 trouver une solution palliative pour la soci\u00e9t\u00e9 nationale Congo Airways. Cette compagnie a\u00e9rienne pourrait&nbsp;entrer en cessation de&nbsp;vols suite au d\u00e9part \u2013 pr\u00e9vu dans deux mois \u2013 de&nbsp;ses deux&nbsp;a\u00e9ronefs encore en service,&nbsp;pour un entretien \u00e0 l\u2019\u00e9tranger.&nbsp;<\/p>\n\n\n\n<p>\u00ab&nbsp;Pour \u00e9viter l\u2019interruption momentan\u00e9e des activit\u00e9s de cette compagnie a\u00e9rienne nationale&nbsp;(\u2026), le Pr\u00e9sident de la R\u00e9publique a diligemment charg\u00e9 le ministre ayant en charge le&nbsp;Budget, les&nbsp;Finances ainsi que les&nbsp;Transports, Voies de communication et de&nbsp;D\u00e9senclavement sous la coordination du Premier ministre, de se pencher&nbsp;(\u2026)&nbsp;pour permettre \u00e0 Congo Airways de d\u00e9gager,&nbsp;dans un meilleur d\u00e9lai,&nbsp;les pistes de solution&nbsp;\u00bb, a rapport\u00e9 la ministre de la Culture, Arts et Patrimoines,&nbsp;Catherine&nbsp;Kathungu&nbsp;Furaha, qui a fait le compte-rendu de cette r\u00e9union du gouvernement.&nbsp;&nbsp; &nbsp; &nbsp; &nbsp;&nbsp;<\/p>\n\n\n\n<p>Congo Airways,&nbsp;qui poss\u00e8de une flotte a\u00e9rienne de 4 a\u00e9ronefs, \u00e0 savoir deux Airbus et deux Bombardiers Q400, n\u2019a que ses 2 Airbus en activit\u00e9. Ce sont ces deux avions baptis\u00e9s \u00ab&nbsp;Patrice Lumumba&nbsp;\u00bb et \u00ab&nbsp;Laurent-D\u00e9sir\u00e9 Kabila&nbsp;\u00bb que l\u2019entreprise compte \u00ab&nbsp;imp\u00e9rativement&nbsp;\u00bb envoyer en entretien.&nbsp;Les deux Bombardiers Q400 n\u2019ont vraiment pas&nbsp;connu d\u2019activit\u00e9s intenses&nbsp;dans les airs du pays&nbsp;depuis leur acquisition par le gouvernement de l\u2019ancien Premier ministre, Augustin&nbsp;MatataPonyo. Surnomm\u00e9s&nbsp;Kimpa&nbsp;Vita et&nbsp;Anuarite&nbsp;Nengapeta, ce dernier n\u2019a presque pas&nbsp;r\u00e9guli\u00e8rement&nbsp;vol\u00e9 en RDC&nbsp;depuis son acquisition. &nbsp;&nbsp;&nbsp; &nbsp;&nbsp;<\/p>\n\n\n\n<p><strong>Le probl\u00e8me de k\u00e9ros\u00e8ne\u2026<\/strong><\/p>\n\n\n\n<p>D\u00e9j\u00e0 depuis plusieurs jours, Congo Airways&nbsp;ainsi que&nbsp;CAA connaissent des difficult\u00e9s dans la desserte du pays. La compagnie nationale&nbsp;a&nbsp;annonc\u00e9&nbsp;la r\u00e9duction des fr\u00e9quences de vols sur certaines destinations et le d\u00e9calage de certains autres.\u00ab Suite \u00e0 la situation de p\u00e9nurie de carburant Jet A1 observ\u00e9e sur toute l\u2019\u00e9tendue de la R\u00e9publique d\u00e9mocratique du Congo et mieux expliqu\u00e9e dans la lettre de SEP SEPCONGO\/067\/DCS\/BIM\/2022 adress\u00e9e au ministre des Hydrocarbures, la compagnie a\u00e9rienne nationale Congo Airways se voit contrainte de r\u00e9duire ses fr\u00e9quences sur certaines destinations, d\u2019annuler un certain nombre de vols et de d\u00e9caler les heures de vols \u00bb, peut-on lire&nbsp;dans un communiqu\u00e9 officiel sign\u00e9 par le directeur g\u00e9n\u00e9ral int\u00e9rimaire de Congo Airways, Pascal&nbsp;Kasongo&nbsp;Mwema.&nbsp;<\/p>\n\n\n\n<p>Il en est de m\u00eame pour la Compagnie africaine d\u2019aviation (CAA). Celle-ci, dans un message de sa direction commerciale, a inform\u00e9 ses partenaires de la m\u00eame situation de p\u00e9nurie de carburant. \u00ab Suite \u00e0 la p\u00e9nurie du Carburant Aviation, CAA a le regret de devoir r\u00e9duire les fr\u00e9quences, ou annuler carr\u00e9ment d\u2019autres lignes. CAA pr\u00e9sente toutes ses excuses aux passagers affect\u00e9s pour ce d\u00e9sagr\u00e9ment temporaire ind\u00e9pendant de sa bonne volont\u00e9 \u00bb, a \u00e9crit la direction commerciale de cette entreprise.<\/p>\n\n\n\n<p>Cette p\u00e9nurie de carburant Jet A1&nbsp;est observ\u00e9e sur toute l&rsquo;\u00e9tendue du pays depuis quelques jours. Une r\u00e9union s\u2019est tenue, le 24 ao\u00fbt dernier, au minist\u00e8re des Hydrocarbures avec les responsables des entreprises p\u00e9troli\u00e8res qui ravitaillent les compagnies d\u2019aviation op\u00e9rant en R\u00e9publique d\u00e9mocratique du Congo. En attendant l\u2019arriv\u00e9e, au mois de septembre, du&nbsp;nouveau stock de k\u00e9ros\u00e8ne, un plan de contingence a \u00e9t\u00e9 mis en place pour permettre \u00e0 ces entreprises de tenir le coup.Mais au-del\u00e0 de cette question de carburant, Congo Airways doit faire face au manque momentan\u00e9 d\u2019avions. &nbsp; &nbsp;&nbsp;<\/p>\n\n\n\n<p><strong>Dido<\/strong><strong>&nbsp;<\/strong><strong>Nsapu<\/strong><strong>&nbsp;&nbsp;<\/strong><\/p>\n","protected":false},"excerpt":{"rendered":"<p>Lors de la 66\u00e8me r\u00e9union du Conseil des ministres tenue, vendredi 26 ao\u00fbt 2022, le chef de l\u2019Etat congolais, F\u00e9lix Tshisekedi, a fait part au gouvernement que les deux derniers avions encore en service doivent partir \u00ab imp\u00e9rativement \u00bb en entretien dans deux mois.<\/p>\n","protected":false},"author":2,"featured_media":3008,"comment_status":"closed","ping_status":"closed","sticky":false,"template":"","format":"standard","meta":{"footnotes":""},"categories":[3],"tags":[182],"class_list":["post-3007","post","type-post","status-publish","format-standard","has-post-thumbnail","hentry","category-nation","tag-rdc"],"yoast_head":"<!-- This site is optimized with the Yoast SEO plugin v23.3 - https:\/\/yoast.com\/wordpress\/plugins\/seo\/ -->\n<title>Congo Airways : il y a risque de cessation des vols, faute d\u2019a\u00e9ronefs\u2026 - HESHIMA MAGAZINE<\/title>\n<meta name=\"description\" content=\"Lors de la 66\u00e8me r\u00e9union du Conseil des ministres tenue, vendredi 26 ao\u00fbt 2022, le chef de l\u2019Etat congolais, F\u00e9lix Tshisekedi, a fait part au gouvernement que les deux derniers avions encore en service doivent partir \u00ab imp\u00e9rativement \u00bb en entretien dans deux mois.\" \/>\n<meta name=\"robots\" content=\"index, follow, max-snippet:-1, max-image-preview:large, max-video-preview:-1\" \/>\n<link rel=\"canonical\" href=\"https:\/\/heshimardc.net\/v1\/2022\/08\/27\/congo-airways-il-y-a-risque-de-cessation-des-vols-faute-daeronefs\/\" \/>\n<meta property=\"og:locale\" content=\"fr_FR\" \/>\n<meta property=\"og:type\" content=\"article\" \/>\n<meta property=\"og:title\" content=\"Congo Airways : il y a risque de cessation des vols, faute d\u2019a\u00e9ronefs\u2026 - HESHIMA MAGAZINE\" \/>\n<meta property=\"og:description\" content=\"Lors de la 66\u00e8me r\u00e9union du Conseil des ministres tenue, vendredi 26 ao\u00fbt 2022, le chef de l\u2019Etat congolais, F\u00e9lix Tshisekedi, a fait part au gouvernement que les deux derniers avions encore en service doivent partir \u00ab imp\u00e9rativement \u00bb en entretien dans deux mois.\" \/>\n<meta property=\"og:url\" content=\"https:\/\/heshimardc.net\/v1\/2022\/08\/27\/congo-airways-il-y-a-risque-de-cessation-des-vols-faute-daeronefs\/\" \/>\n<meta property=\"og:site_name\" content=\"HESHIMA MAGAZINE\" \/>\n<meta property=\"article:publisher\" content=\"https:\/\/www.facebook.com\/heshimamagazine\" \/>\n<meta property=\"article:published_time\" content=\"2022-08-27T15:17:23+00:00\" \/>\n<meta property=\"article:modified_time\" content=\"2022-08-27T15:17:25+00:00\" \/>\n<meta property=\"og:image\" content=\"https:\/\/heshimardc.net\/v1\/wp-content\/uploads\/2022\/08\/35741A5F-25B0-43E6-813A-81BBBB785426.jpeg\" \/>\n\t<meta property=\"og:image:width\" content=\"640\" \/>\n\t<meta property=\"og:image:height\" content=\"350\" \/>\n\t<meta property=\"og:image:type\" content=\"image\/jpeg\" \/>\n<meta name=\"author\" content=\"RedactionH\" \/>\n<meta name=\"twitter:card\" content=\"summary_large_image\" \/>\n<meta name=\"twitter:creator\" content=\"@HeshimaMag\" \/>\n<meta name=\"twitter:site\" content=\"@HeshimaMag\" \/>\n<meta name=\"twitter:label1\" content=\"\u00c9crit par\" \/>\n\t<meta name=\"twitter:data1\" content=\"RedactionH\" \/>\n\t<meta name=\"twitter:label2\" content=\"Dur\u00e9e de lecture estim\u00e9e\" \/>\n\t<meta name=\"twitter:data2\" content=\"3 minutes\" \/>\n<script type=\"application\/ld+json\" class=\"yoast-schema-graph\">{\"@context\":\"https:\/\/schema.org\",\"@graph\":[{\"@type\":\"Article\",\"@id\":\"https:\/\/heshimardc.net\/v1\/2022\/08\/27\/congo-airways-il-y-a-risque-de-cessation-des-vols-faute-daeronefs\/#article\",\"isPartOf\":{\"@id\":\"https:\/\/heshimardc.net\/v1\/2022\/08\/27\/congo-airways-il-y-a-risque-de-cessation-des-vols-faute-daeronefs\/\"},\"author\":{\"name\":\"RedactionH\",\"@id\":\"https:\/\/heshimardc.net\/v1\/#\/schema\/person\/c74a2d47650131f158dc4a027547a532\"},\"headline\":\"Congo Airways : il y a risque de cessation des vols, faute d\u2019a\u00e9ronefs\u2026\",\"datePublished\":\"2022-08-27T15:17:23+00:00\",\"dateModified\":\"2022-08-27T15:17:25+00:00\",\"mainEntityOfPage\":{\"@id\":\"https:\/\/heshimardc.net\/v1\/2022\/08\/27\/congo-airways-il-y-a-risque-de-cessation-des-vols-faute-daeronefs\/\"},\"wordCount\":668,\"publisher\":{\"@id\":\"https:\/\/heshimardc.net\/v1\/#organization\"},\"image\":{\"@id\":\"https:\/\/heshimardc.net\/v1\/2022\/08\/27\/congo-airways-il-y-a-risque-de-cessation-des-vols-faute-daeronefs\/#primaryimage\"},\"thumbnailUrl\":\"https:\/\/heshimardc.net\/v1\/wp-content\/uploads\/2022\/08\/35741A5F-25B0-43E6-813A-81BBBB785426.jpeg\",\"keywords\":[\"RDC\"],\"articleSection\":[\"Nation\"],\"inLanguage\":\"fr-FR\"},{\"@type\":\"WebPage\",\"@id\":\"https:\/\/heshimardc.net\/v1\/2022\/08\/27\/congo-airways-il-y-a-risque-de-cessation-des-vols-faute-daeronefs\/\",\"url\":\"https:\/\/heshimardc.net\/v1\/2022\/08\/27\/congo-airways-il-y-a-risque-de-cessation-des-vols-faute-daeronefs\/\",\"name\":\"Congo Airways : il y a risque de cessation des vols, faute d\u2019a\u00e9ronefs\u2026 - HESHIMA MAGAZINE\",\"isPartOf\":{\"@id\":\"https:\/\/heshimardc.net\/v1\/#website\"},\"primaryImageOfPage\":{\"@id\":\"https:\/\/heshimardc.net\/v1\/2022\/08\/27\/congo-airways-il-y-a-risque-de-cessation-des-vols-faute-daeronefs\/#primaryimage\"},\"image\":{\"@id\":\"https:\/\/heshimardc.net\/v1\/2022\/08\/27\/congo-airways-il-y-a-risque-de-cessation-des-vols-faute-daeronefs\/#primaryimage\"},\"thumbnailUrl\":\"https:\/\/heshimardc.net\/v1\/wp-content\/uploads\/2022\/08\/35741A5F-25B0-43E6-813A-81BBBB785426.jpeg\",\"datePublished\":\"2022-08-27T15:17:23+00:00\",\"dateModified\":\"2022-08-27T15:17:25+00:00\",\"description\":\"Lors de la 66\u00e8me r\u00e9union du Conseil des ministres tenue, vendredi 26 ao\u00fbt 2022, le chef de l\u2019Etat congolais, F\u00e9lix Tshisekedi, a fait part au gouvernement que les deux derniers avions encore en service doivent partir \u00ab imp\u00e9rativement \u00bb en entretien dans deux mois.\",\"breadcrumb\":{\"@id\":\"https:\/\/heshimardc.net\/v1\/2022\/08\/27\/congo-airways-il-y-a-risque-de-cessation-des-vols-faute-daeronefs\/#breadcrumb\"},\"inLanguage\":\"fr-FR\",\"potentialAction\":[{\"@type\":\"ReadAction\",\"target\":[\"https:\/\/heshimardc.net\/v1\/2022\/08\/27\/congo-airways-il-y-a-risque-de-cessation-des-vols-faute-daeronefs\/\"]}]},{\"@type\":\"ImageObject\",\"inLanguage\":\"fr-FR\",\"@id\":\"https:\/\/heshimardc.net\/v1\/2022\/08\/27\/congo-airways-il-y-a-risque-de-cessation-des-vols-faute-daeronefs\/#primaryimage\",\"url\":\"https:\/\/heshimardc.net\/v1\/wp-content\/uploads\/2022\/08\/35741A5F-25B0-43E6-813A-81BBBB785426.jpeg\",\"contentUrl\":\"https:\/\/heshimardc.net\/v1\/wp-content\/uploads\/2022\/08\/35741A5F-25B0-43E6-813A-81BBBB785426.jpeg\",\"width\":640,\"height\":350},{\"@type\":\"BreadcrumbList\",\"@id\":\"https:\/\/heshimardc.net\/v1\/2022\/08\/27\/congo-airways-il-y-a-risque-de-cessation-des-vols-faute-daeronefs\/#breadcrumb\",\"itemListElement\":[{\"@type\":\"ListItem\",\"position\":1,\"name\":\"Accueil\",\"item\":\"https:\/\/heshimardc.net\/v1\/\"},{\"@type\":\"ListItem\",\"position\":2,\"name\":\"Congo Airways : il y a risque de cessation des vols, faute d\u2019a\u00e9ronefs\u2026\"}]},{\"@type\":\"WebSite\",\"@id\":\"https:\/\/heshimardc.net\/v1\/#website\",\"url\":\"https:\/\/heshimardc.net\/v1\/\",\"name\":\"HESHIMA MAGAZINE\",\"description\":\"Le magazine Congolais qui bat au rythme de l&#039;actualit\u00e9\",\"publisher\":{\"@id\":\"https:\/\/heshimardc.net\/v1\/#organization\"},\"potentialAction\":[{\"@type\":\"SearchAction\",\"target\":{\"@type\":\"EntryPoint\",\"urlTemplate\":\"https:\/\/heshimardc.net\/v1\/?s={search_term_string}\"},\"query-input\":\"required name=search_term_string\"}],\"inLanguage\":\"fr-FR\"},{\"@type\":\"Organization\",\"@id\":\"https:\/\/heshimardc.net\/v1\/#organization\",\"name\":\"HESHIMA MAGAZINE\",\"url\":\"https:\/\/heshimardc.net\/v1\/\",\"logo\":{\"@type\":\"ImageObject\",\"inLanguage\":\"fr-FR\",\"@id\":\"https:\/\/heshimardc.net\/v1\/#\/schema\/logo\/image\/\",\"url\":\"https:\/\/heshimardc.net\/v1\/wp-content\/uploads\/2020\/09\/logo.png\",\"contentUrl\":\"https:\/\/heshimardc.net\/v1\/wp-content\/uploads\/2020\/09\/logo.png\",\"width\":99,\"height\":130,\"caption\":\"HESHIMA MAGAZINE\"},\"image\":{\"@id\":\"https:\/\/heshimardc.net\/v1\/#\/schema\/logo\/image\/\"},\"sameAs\":[\"https:\/\/www.facebook.com\/heshimamagazine\",\"https:\/\/x.com\/HeshimaMag\"]},{\"@type\":\"Person\",\"@id\":\"https:\/\/heshimardc.net\/v1\/#\/schema\/person\/c74a2d47650131f158dc4a027547a532\",\"name\":\"RedactionH\",\"image\":{\"@type\":\"ImageObject\",\"inLanguage\":\"fr-FR\",\"@id\":\"https:\/\/heshimardc.net\/v1\/#\/schema\/person\/image\/\",\"url\":\"https:\/\/secure.gravatar.com\/avatar\/a52112f8496f362a38bf46c70ca9e956?s=96&d=mm&r=g\",\"contentUrl\":\"https:\/\/secure.gravatar.com\/avatar\/a52112f8496f362a38bf46c70ca9e956?s=96&d=mm&r=g\",\"caption\":\"RedactionH\"},\"sameAs\":[\"http:\/\/www.heshimardc.net\"],\"url\":\"https:\/\/heshimardc.net\/v1\/author\/redactionh\/\"}]}<\/script>\n<!-- \/ Yoast SEO plugin. -->","yoast_head_json":{"title":"Congo Airways : il y a risque de cessation des vols, faute d\u2019a\u00e9ronefs\u2026 - HESHIMA MAGAZINE","description":"Lors de la 66\u00e8me r\u00e9union du Conseil des ministres tenue, vendredi 26 ao\u00fbt 2022, le chef de l\u2019Etat congolais, F\u00e9lix Tshisekedi, a fait part au gouvernement que les deux derniers avions encore en service doivent partir \u00ab imp\u00e9rativement \u00bb en entretien dans deux mois.","robots":{"index":"index","follow":"follow","max-snippet":"max-snippet:-1","max-image-preview":"max-image-preview:large","max-video-preview":"max-video-preview:-1"},"canonical":"https:\/\/heshimardc.net\/v1\/2022\/08\/27\/congo-airways-il-y-a-risque-de-cessation-des-vols-faute-daeronefs\/","og_locale":"fr_FR","og_type":"article","og_title":"Congo Airways : il y a risque de cessation des vols, faute d\u2019a\u00e9ronefs\u2026 - HESHIMA MAGAZINE","og_description":"Lors de la 66\u00e8me r\u00e9union du Conseil des ministres tenue, vendredi 26 ao\u00fbt 2022, le chef de l\u2019Etat congolais, F\u00e9lix Tshisekedi, a fait part au gouvernement que les deux derniers avions encore en service doivent partir \u00ab imp\u00e9rativement \u00bb en entretien dans deux mois.","og_url":"https:\/\/heshimardc.net\/v1\/2022\/08\/27\/congo-airways-il-y-a-risque-de-cessation-des-vols-faute-daeronefs\/","og_site_name":"HESHIMA MAGAZINE","article_publisher":"https:\/\/www.facebook.com\/heshimamagazine","article_published_time":"2022-08-27T15:17:23+00:00","article_modified_time":"2022-08-27T15:17:25+00:00","og_image":[{"width":640,"height":350,"url":"https:\/\/heshimardc.net\/v1\/wp-content\/uploads\/2022\/08\/35741A5F-25B0-43E6-813A-81BBBB785426.jpeg","type":"image\/jpeg"}],"author":"RedactionH","twitter_card":"summary_large_image","twitter_creator":"@HeshimaMag","twitter_site":"@HeshimaMag","twitter_misc":{"\u00c9crit par":"RedactionH","Dur\u00e9e de lecture estim\u00e9e":"3 minutes"},"schema":{"@context":"https:\/\/schema.org","@graph":[{"@type":"Article","@id":"https:\/\/heshimardc.net\/v1\/2022\/08\/27\/congo-airways-il-y-a-risque-de-cessation-des-vols-faute-daeronefs\/#article","isPartOf":{"@id":"https:\/\/heshimardc.net\/v1\/2022\/08\/27\/congo-airways-il-y-a-risque-de-cessation-des-vols-faute-daeronefs\/"},"author":{"name":"RedactionH","@id":"https:\/\/heshimardc.net\/v1\/#\/schema\/person\/c74a2d47650131f158dc4a027547a532"},"headline":"Congo Airways : il y a risque de cessation des vols, faute d\u2019a\u00e9ronefs\u2026","datePublished":"2022-08-27T15:17:23+00:00","dateModified":"2022-08-27T15:17:25+00:00","mainEntityOfPage":{"@id":"https:\/\/heshimardc.net\/v1\/2022\/08\/27\/congo-airways-il-y-a-risque-de-cessation-des-vols-faute-daeronefs\/"},"wordCount":668,"publisher":{"@id":"https:\/\/heshimardc.net\/v1\/#organization"},"image":{"@id":"https:\/\/heshimardc.net\/v1\/2022\/08\/27\/congo-airways-il-y-a-risque-de-cessation-des-vols-faute-daeronefs\/#primaryimage"},"thumbnailUrl":"https:\/\/heshimardc.net\/v1\/wp-content\/uploads\/2022\/08\/35741A5F-25B0-43E6-813A-81BBBB785426.jpeg","keywords":["RDC"],"articleSection":["Nation"],"inLanguage":"fr-FR"},{"@type":"WebPage","@id":"https:\/\/heshimardc.net\/v1\/2022\/08\/27\/congo-airways-il-y-a-risque-de-cessation-des-vols-faute-daeronefs\/","url":"https:\/\/heshimardc.net\/v1\/2022\/08\/27\/congo-airways-il-y-a-risque-de-cessation-des-vols-faute-daeronefs\/","name":"Congo Airways : il y a risque de cessation des vols, faute d\u2019a\u00e9ronefs\u2026 - HESHIMA MAGAZINE","isPartOf":{"@id":"https:\/\/heshimardc.net\/v1\/#website"},"primaryImageOfPage":{"@id":"https:\/\/heshimardc.net\/v1\/2022\/08\/27\/congo-airways-il-y-a-risque-de-cessation-des-vols-faute-daeronefs\/#primaryimage"},"image":{"@id":"https:\/\/heshimardc.net\/v1\/2022\/08\/27\/congo-airways-il-y-a-risque-de-cessation-des-vols-faute-daeronefs\/#primaryimage"},"thumbnailUrl":"https:\/\/heshimardc.net\/v1\/wp-content\/uploads\/2022\/08\/35741A5F-25B0-43E6-813A-81BBBB785426.jpeg","datePublished":"2022-08-27T15:17:23+00:00","dateModified":"2022-08-27T15:17:25+00:00","description":"Lors de la 66\u00e8me r\u00e9union du Conseil des ministres tenue, vendredi 26 ao\u00fbt 2022, le chef de l\u2019Etat congolais, F\u00e9lix Tshisekedi, a fait part au gouvernement que les deux derniers avions encore en service doivent partir \u00ab imp\u00e9rativement \u00bb en entretien dans deux mois.","breadcrumb":{"@id":"https:\/\/heshimardc.net\/v1\/2022\/08\/27\/congo-airways-il-y-a-risque-de-cessation-des-vols-faute-daeronefs\/#breadcrumb"},"inLanguage":"fr-FR","potentialAction":[{"@type":"ReadAction","target":["https:\/\/heshimardc.net\/v1\/2022\/08\/27\/congo-airways-il-y-a-risque-de-cessation-des-vols-faute-daeronefs\/"]}]},{"@type":"ImageObject","inLanguage":"fr-FR","@id":"https:\/\/heshimardc.net\/v1\/2022\/08\/27\/congo-airways-il-y-a-risque-de-cessation-des-vols-faute-daeronefs\/#primaryimage","url":"https:\/\/heshimardc.net\/v1\/wp-content\/uploads\/2022\/08\/35741A5F-25B0-43E6-813A-81BBBB785426.jpeg","contentUrl":"https:\/\/heshimardc.net\/v1\/wp-content\/uploads\/2022\/08\/35741A5F-25B0-43E6-813A-81BBBB785426.jpeg","width":640,"height":350},{"@type":"BreadcrumbList","@id":"https:\/\/heshimardc.net\/v1\/2022\/08\/27\/congo-airways-il-y-a-risque-de-cessation-des-vols-faute-daeronefs\/#breadcrumb","itemListElement":[{"@type":"ListItem","position":1,"name":"Accueil","item":"https:\/\/heshimardc.net\/v1\/"},{"@type":"ListItem","position":2,"name":"Congo Airways : il y a risque de cessation des vols, faute d\u2019a\u00e9ronefs\u2026"}]},{"@type":"WebSite","@id":"https:\/\/heshimardc.net\/v1\/#website","url":"https:\/\/heshimardc.net\/v1\/","name":"HESHIMA MAGAZINE","description":"Le magazine Congolais qui bat au rythme de l&#039;actualit\u00e9","publisher":{"@id":"https:\/\/heshimardc.net\/v1\/#organization"},"potentialAction":[{"@type":"SearchAction","target":{"@type":"EntryPoint","urlTemplate":"https:\/\/heshimardc.net\/v1\/?s={search_term_string}"},"query-input":"required name=search_term_string"}],"inLanguage":"fr-FR"},{"@type":"Organization","@id":"https:\/\/heshimardc.net\/v1\/#organization","name":"HESHIMA MAGAZINE","url":"https:\/\/heshimardc.net\/v1\/","logo":{"@type":"ImageObject","inLanguage":"fr-FR","@id":"https:\/\/heshimardc.net\/v1\/#\/schema\/logo\/image\/","url":"https:\/\/heshimardc.net\/v1\/wp-content\/uploads\/2020\/09\/logo.png","contentUrl":"https:\/\/heshimardc.net\/v1\/wp-content\/uploads\/2020\/09\/logo.png","width":99,"height":130,"caption":"HESHIMA MAGAZINE"},"image":{"@id":"https:\/\/heshimardc.net\/v1\/#\/schema\/logo\/image\/"},"sameAs":["https:\/\/www.facebook.com\/heshimamagazine","https:\/\/x.com\/HeshimaMag"]},{"@type":"Person","@id":"https:\/\/heshimardc.net\/v1\/#\/schema\/person\/c74a2d47650131f158dc4a027547a532","name":"RedactionH","image":{"@type":"ImageObject","inLanguage":"fr-FR","@id":"https:\/\/heshimardc.net\/v1\/#\/schema\/person\/image\/","url":"https:\/\/secure.gravatar.com\/avatar\/a52112f8496f362a38bf46c70ca9e956?s=96&d=mm&r=g","contentUrl":"https:\/\/secure.gravatar.com\/avatar\/a52112f8496f362a38bf46c70ca9e956?s=96&d=mm&r=g","caption":"RedactionH"},"sameAs":["http:\/\/www.heshimardc.net"],"url":"https:\/\/heshimardc.net\/v1\/author\/redactionh\/"}]}},"amp_enabled":true,"_links":{"self":[{"href":"https:\/\/heshimardc.net\/v1\/wp-json\/wp\/v2\/posts\/3007"}],"collection":[{"href":"https:\/\/heshimardc.net\/v1\/wp-json\/wp\/v2\/posts"}],"about":[{"href":"https:\/\/heshimardc.net\/v1\/wp-json\/wp\/v2\/types\/post"}],"author":[{"embeddable":true,"href":"https:\/\/heshimardc.net\/v1\/wp-json\/wp\/v2\/users\/2"}],"replies":[{"embeddable":true,"href":"https:\/\/heshimardc.net\/v1\/wp-json\/wp\/v2\/comments?post=3007"}],"version-history":[{"count":1,"href":"https:\/\/heshimardc.net\/v1\/wp-json\/wp\/v2\/posts\/3007\/revisions"}],"predecessor-version":[{"id":3009,"href":"https:\/\/heshimardc.net\/v1\/wp-json\/wp\/v2\/posts\/3007\/revisions\/3009"}],"wp:featuredmedia":[{"embeddable":true,"href":"https:\/\/heshimardc.net\/v1\/wp-json\/wp\/v2\/media\/3008"}],"wp:attachment":[{"href":"https:\/\/heshimardc.net\/v1\/wp-json\/wp\/v2\/media?parent=3007"}],"wp:term":[{"taxonomy":"category","embeddable":true,"href":"https:\/\/heshimardc.net\/v1\/wp-json\/wp\/v2\/categories?post=3007"},{"taxonomy":"post_tag","embeddable":true,"href":"https:\/\/heshimardc.net\/v1\/wp-json\/wp\/v2\/tags?post=3007"}],"curies":[{"name":"wp","href":"https:\/\/api.w.org\/{rel}","templated":true}]}}