{"id":3072,"date":"2022-10-02T17:49:01","date_gmt":"2022-10-02T17:49:01","guid":{"rendered":"https:\/\/heshimardc.net\/v1\/?p=3072"},"modified":"2022-10-03T19:59:16","modified_gmt":"2022-10-03T19:59:16","slug":"fmi-parlement-europeen-senat-francais-le-travail-de-ligf-salue-a-linternational","status":"publish","type":"post","link":"https:\/\/heshimardc.net\/v1\/2022\/10\/02\/fmi-parlement-europeen-senat-francais-le-travail-de-ligf-salue-a-linternational\/","title":{"rendered":"FMI, PARLEMENT EUROP\u00c9EN, S\u00c9NAT FRAN\u00c7AIS&#8230; LE TRAVAIL DE L\u2019IGF SALU\u00c9 \u00c0 L\u2019INTERNATIONAL"},"content":{"rendered":"\n<p class=\"has-drop-cap\">Le travail qu\u2019abat l\u2019IGF dans la lutte contre le d\u00e9tournement des deniers publics en R\u00e9publique d\u00e9mocratique du Congo cr\u00e9e un climat de confiance au niveau des institutions financi\u00e8res internationales et m\u00eame des partenaires ext\u00e9rieurs. L\u2019inspecteur g\u00e9n\u00e9ral des finances-chef de service, Jules Alingete est depuis un temps sollicit\u00e9 \u00e0 l\u2019\u00e9tranger pour promouvoir les r\u00e9sul- tats du travail de lutte contre la pr\u00e9dation des finances publiques d\u00e9clench\u00e9e par le Pr\u00e9sident de la R\u00e9publique, F\u00e9lix-Antoine Tshisekedi. Une vision que Jules Alingete et ses inspecteurs s\u2019em- ploient \u00e0 r\u00e9aliser au quotidien.<\/p>\n\n\n\n<p>Ainsi, le mois de septembre 2022, s\u2019inscrit d\u00e9sormais en lettres d\u2019or dans les annales de l\u2019IGF : elle marque une \u00e9tape majeure de la cons\u00e9cration des efforts de lutte contre la mauvaise gouvernance men\u00e9e sous le Pr\u00e9sident Tshisekedi. Le pa tron de l\u2019IGF est en effet invi- t\u00e9 aux \u00c9tats-Unis d\u2019Am\u00e9rique<\/p>\n\n\n\n<div class=\"wp-block-image\"><figure class=\"aligncenter size-large is-resized\"><img loading=\"lazy\" decoding=\"async\" src=\"https:\/\/heshimardc.net\/v1\/wp-content\/uploads\/2022\/10\/WhatsApp-Image-2022-10-03-at-20.57.06-1024x768.jpeg\" alt=\"\" class=\"wp-image-3105\" width=\"376\" height=\"282\" srcset=\"https:\/\/heshimardc.net\/v1\/wp-content\/uploads\/2022\/10\/WhatsApp-Image-2022-10-03-at-20.57.06-1024x768.jpeg 1024w, https:\/\/heshimardc.net\/v1\/wp-content\/uploads\/2022\/10\/WhatsApp-Image-2022-10-03-at-20.57.06-300x225.jpeg 300w, https:\/\/heshimardc.net\/v1\/wp-content\/uploads\/2022\/10\/WhatsApp-Image-2022-10-03-at-20.57.06-768x576.jpeg 768w, https:\/\/heshimardc.net\/v1\/wp-content\/uploads\/2022\/10\/WhatsApp-Image-2022-10-03-at-20.57.06-16x12.jpeg 16w, https:\/\/heshimardc.net\/v1\/wp-content\/uploads\/2022\/10\/WhatsApp-Image-2022-10-03-at-20.57.06.jpeg 1280w\" sizes=\"(max-width: 376px) 100vw, 376px\" \/><\/figure><\/div>\n\n\n\n<blockquote class=\"wp-block-quote is-layout-flow wp-block-quote-is-layout-flow\"><p>Elle est appel\u00e9e \u00e0 renforcer ses capacit\u00e9s de contr\u00f4le dans tous les volets pr\u00e9vus dans cet appui, notamment combattre les exon\u00e9rations fantaisistes, contribuer \u00e0 la r\u00e9duction des d\u00e9penses d\u2019urgence, maitriser la masse salariale dans le secteur public .<\/p><\/blockquote>\n\n\n\n<p>pour recevoir un prix qui en est le t\u00e9moignage. En escale sur le vieux continent, \u00e7a sera au tour du Parlement europ\u00e9en de lui en d\u00e9cerner un autre dans la m\u00eame optique. D\u00e9j\u00e0 \u00e0 Kinshasa, une d\u00e9l\u00e9gation de la Ligue universelle du bien public avait, en avril dernier, nomin\u00e9 Jules Alingete pour la m\u00e9daille d\u2019or de lutte contre la corrup- tion en R\u00e9publique d\u00e9mocratique du Congo. La remise de cette r\u00e9compense est pr\u00e9vue au S\u00e9nat fran\u00e7ais en octobre 2022. Lors de l\u2019annonce de ce m\u00e9rite, le gendarme financier de l\u2019Etat avait imm\u00e9diatement renvoy\u00e9 l\u2019ascenseur \u00e0 \u00ab l\u2019artisan principal \u00bb de cette lutte contre l\u2019impunit\u00e9, le Pr\u00e9sident de la R\u00e9publique, F\u00e9lix-An toine Tshisekedi.<\/p>\n\n\n\n<p>\u00ab Au nom de son Excellence Monsieur le Pr\u00e9sident de la R\u00e9- publique, Chef de l\u2019Etat, l\u2019artisan principal, le planificateur et le strat\u00e8ge de la lutte contre l\u2019impunit\u00e9 d\u00e9clench\u00e9e en RD Congo, nous leur disons merci. \u00bb, avait dit Jules Alingete \u00e0 cette d\u00e9l\u00e9gation. Pour cette struc- ture, le travail de l\u2019IGF avait chang\u00e9 l\u2019image ext\u00e9rieure de la RDC. \u00ab Ce choix, c\u2019est le travail et l\u2019image ext\u00e9rieure du pays qui nous a s\u00e9duit dans cette d\u00e9marche et le courage qui a \u00e9t\u00e9 fait par le Congo d\u2019impliquer et de mettre en place cette politique anti-corruption et pour donner une image de l\u2019Afrique \u00e0 l\u2019ext\u00e9rieur, une vraie image autre que celle qu\u2019on entend chez nous en France \u00bb, a avou\u00e9 St\u00e9phane Meterfi, pr\u00e9sident de la d\u00e9l\u00e9gation fran\u00e7aise de cette ligue.<\/p>\n\n\n\n<p class=\"has-text-color\" style=\"color:#003b55\"><strong>L\u2019IGF et le projet des 145 territoires<\/strong><\/p>\n\n\n\n<p>Une d\u00e9l\u00e9gation du FMI a \u00e9t\u00e9 re\u00e7ue le 7 septembre 2022 par l\u2019inspecteur g\u00e9n\u00e9ral des finances-chef de service, Jules Alingete Key. Au menu des \u00e9changes, cette d\u00e9l\u00e9gation tenait \u00e0 s\u2019informer sur le point de vue de ce service quant \u00e0 la qualit\u00e9 des investissements en R\u00e9publique d\u00e9mocratique du Congo.<\/p>\n\n\n\n<p>Face au s\u00e9rieux d\u00e9montr\u00e9 par l\u2019IGF dans le contr\u00f4le des finances publiques, le FMI souhaitait vivement voir cette institution s\u2019impliquer \u00e9galement dans le contr\u00f4le de l\u2019ex\u00e9cution des travaux du projet de d\u00e9veloppement \u00e0 la base des 145 territoires.<\/p>\n\n\n\n<p>D\u2019apr\u00e8s M. Jean Luc Helis du D\u00e9partement des finances publiques au FMI, il \u00e9tait question de voir de quelle mani\u00e8re organiser davantage le processus de gestion de ce projet. \u00ab De notre c\u00f4t\u00e9, nous essayons d\u2019aider le gouvernement \u00e0 b\u00e2 tir des outils qui permettraient d\u2019avoir les informations plus exhaustives et fiables \u00bb, a-t-il fait savoir.<\/p>\n\n\n\n<p class=\"has-text-color\" style=\"color:#014562\"><strong>Un appui du FMI \u00e0 l\u2019IGF<\/strong><\/p>\n\n\n\n<p>Pour permettre \u00e0 l\u2019IGF de mieux accomplir son travail de contr\u00f4le, le FMI avait apport\u00e9 en ao\u00fbt 2021 un appui financier de l\u2019ordre de 1,5 million de dollars am\u00e9ricains, \u00e9tal\u00e9 sur une p\u00e9riode de trois ans. Globale- ment, l\u2019objectif recherch\u00e9 est d\u2019am\u00e9liorer la qualit\u00e9 de la d\u00e9- pense publique en R\u00e9publique d\u00e9mocratique du Congo. Or le projet de d\u00e9veloppement \u00e0 la base des 145 territoires va b\u00e9n\u00e9ficier de centaines de millions de dollars pour sa r\u00e9alisation. Ce qui requiert un contr\u00f4le de l\u2019IGF pour mener \u00e0 bien ce projet. En qu\u00eate de r\u00e9sultats palpables, le FMI avait insist\u00e9 sur les points cruciaux ayant conduit \u00e0 cet appui financier. Ses objectifs ont trait \u00e0 la mobilisation des recettes, \u00e0 l\u2019am\u00e9lioration de la qualit\u00e9 de la d\u00e9pense et de reconstitution de la marge de man\u0153uvre pour les d\u00e9penses les plus essentielles. Pour les atteindre, l\u2019IGF semble \u00eatre un passage oblig\u00e9 : \u00ab Il s\u2019agit des objectifs majeurs auxquels l\u2019IGF ne peut qu\u2019\u00eatre associ\u00e9e \u00bb.<\/p>\n\n\n\n<p>Pour parvenir \u00e0 un meilleur contr\u00f4le, l\u2019IGF devra peser de tout son poids. \u00ab Elle est appel\u00e9e \u00e0 renforcer ses capacit\u00e9s<\/p>\n\n\n\n<p>de contr\u00f4le dans tous les volets pr\u00e9vus dans cet appui, notamment combattre les exon\u00e9rations fantaisistes, contribuer \u00e0 la r\u00e9duction des d\u00e9penses d\u2019urgence, maitriser la masse salariale dans le secteur public \u00bb, avait&nbsp;&nbsp;d\u00e9clar\u00e9 Jules Alingete.<\/p>\n\n\n\n<p class=\"has-text-color\" style=\"color:#004562\"><strong>La Banque mondiale jette des fleurs&#8230;<\/strong><\/p>\n\n\n\n<p>La Banque mondiale a aussi jet\u00e9 des fleurs \u00e0 l\u2019IGF pour son travail dans le contr\u00f4le des finances publiques. Le directeur r\u00e9gional du D\u00e9partement des programmes croissances \u00e9quitables, finances et institution de la r\u00e9gion de l\u2019Afrique du sud et de l\u2019Est, Assad Alam \u00e9tait re\u00e7u le 10 juin dernier \u00e0 l\u2019IGF. Cette d\u00e9l\u00e9gation de la Banque mondiale a bien voulu comprendre le plan d\u2019engagement de l\u2019IGF dans l\u2019impl\u00e9mentation de la bonne gouvernance pr\u00f4n\u00e9e par le Chef de l\u2019\u00c9tat, F\u00e9lix-Antoine Tshisekedi. Le chef de la d\u00e9l\u00e9gation, Assad Alam, a lou\u00e9 par la suite l\u2019initiative de l\u2019\u00e9change citoyen au- quel se livre l\u2019IGF avec toutes les couches sociales de la RDC tout en promettant de renforcer la collaboration entre les deux institutions. \u00ab Le travail que vous faites s\u2019av\u00e8re tr\u00e8s important, m\u00eame pour l\u2019efficacit\u00e9 et l\u2019efficience des projets que nous sommes en train d\u2019ap- puyer, ce qui nous permettrait d\u2019atteindre les r\u00e9sultats que nous voulons tous obtenir \u00e0 travers nos projets. Nous avons vraiment h\u00e2te de continuer \u00e0 travailler avec vous, de continuer \u00e0 renforcer notre collaboration pour le bien-\u00eatre de la population congolaise \u00bb, a reconnu ce responsable de la Banque mondiale.<\/p>\n\n\n\n<blockquote class=\"wp-block-quote is-layout-flow wp-block-quote-is-layout-flow\"><p>Il s\u2019agit des objectifs majeurs auxquels l\u2019IGF ne peut qu\u2019\u00eatre associ\u00e9e .<\/p><\/blockquote>\n\n\n\n<p class=\"has-text-color\" style=\"color:#00415d\"><strong>Patrouille financi\u00e8re r\u00e9confort\u00e9e<\/strong><\/p>\n\n\n\n<p>En visite en RDC, C\u00e9dric Halin, bourgmestre de la commune d\u2019Olne, \u00e0 Bruxelles, en Belgique, a rencontr\u00e9 Jules Alingete pour saluer le travail de l\u2019IGF et appuyer la patrouille financi\u00e8re. Ce bourgmestre qui est aussi inspecteur des finances, a appr\u00e9ci\u00e9 la pratique du contr\u00f4le a priori exerc\u00e9 par l\u2019IGF sur les finances publiques. \u00ab L\u2019Inspection des finances souhaiterait intervenir avant la d\u00e9pense parce que si on intervient apr\u00e8s la d\u00e9pense, c\u2019est trop tard ! L\u2019argent est parti, et c\u2019est tr\u00e8s compliqu\u00e9 de le r\u00e9cup\u00e9rer. Et nous, en Belgique, l\u2019Inspection des finances intervient avant la d\u00e9pense. C\u2019est-\u00e0-dire que nous avons la capacit\u00e9 de bloquer un processus de d\u00e9pense m\u00eame vis-\u00e0-vis d\u2019un ministre ou d\u2019un gouvernement (&#8230;) \u00bb, a soutenu C\u00e9dric Halin.<\/p>\n\n\n\n<p><\/p>\n\n\n\n<figure class=\"wp-block-image size-large\"><img loading=\"lazy\" decoding=\"async\" width=\"1024\" height=\"826\" src=\"https:\/\/heshimardc.net\/v1\/wp-content\/uploads\/2022\/10\/0244753D-B092-441F-89D6-EE517C1E68EB-1024x826.jpeg\" alt=\"\" class=\"wp-image-3076\" srcset=\"https:\/\/heshimardc.net\/v1\/wp-content\/uploads\/2022\/10\/0244753D-B092-441F-89D6-EE517C1E68EB-1024x826.jpeg 1024w, https:\/\/heshimardc.net\/v1\/wp-content\/uploads\/2022\/10\/0244753D-B092-441F-89D6-EE517C1E68EB-300x242.jpeg 300w, https:\/\/heshimardc.net\/v1\/wp-content\/uploads\/2022\/10\/0244753D-B092-441F-89D6-EE517C1E68EB-768x619.jpeg 768w, https:\/\/heshimardc.net\/v1\/wp-content\/uploads\/2022\/10\/0244753D-B092-441F-89D6-EE517C1E68EB-1536x1238.jpeg 1536w, https:\/\/heshimardc.net\/v1\/wp-content\/uploads\/2022\/10\/0244753D-B092-441F-89D6-EE517C1E68EB-2048x1651.jpeg 2048w, https:\/\/heshimardc.net\/v1\/wp-content\/uploads\/2022\/10\/0244753D-B092-441F-89D6-EE517C1E68EB-15x12.jpeg 15w\" sizes=\"(max-width: 1024px) 100vw, 1024px\" \/><\/figure>\n\n\n\n<p>Le Japon, \u00e0 travers son ambassadeur en RDC, Hiro Minami, avait aussi f\u00e9licit\u00e9 en octobre 2021 le travail de l\u2019IGF. \u00ab Vous savez, c\u2019est tr\u00e8s important avec les partenaires internationaux, ils sont tr\u00e8s int\u00e9ress\u00e9s sur tout ce qui se fait en termes de bonne gouvernance. Personne ne peut accepter de vous accompagner en mati\u00e8re de conseil et de moyens si vous-m\u00eame vous ne voulez pas impl\u00e9menter la bonne gouvernance \u00bb, avait reconnu Jules Alingete au sortir de l\u2019entretien avec cet ambassadeur.<\/p>\n\n\n\n<p>Le diplomate nippon avait promis tout le soutien de son pays : \u00ab Le Japon restera aux c\u00f4t\u00e9s de l\u2019Inspection g\u00e9n\u00e9rale des finances pour lutter contre le d\u00e9tournement des deniers publics et la corruption \u00bb, avait indiqu\u00e9 Hiro Minami.<\/p>\n\n\n\n<p>Dido Nsapu<\/p>\n\n\n\n<p>&nbsp;<\/p>\n","protected":false},"excerpt":{"rendered":"<p>Apr\u00e8s un travail appr\u00e9ci\u00e9 au niveau local, la lutte que m\u00e8ne le Pr\u00e9sident de la R\u00e9publique \u00e0 travers l\u2019Inspection g\u00e9n\u00e9rale des finances (IGF) est aussi salu\u00e9e par des partenaires internationaux. Au FMI, \u00e0 la Banque mondiale, aux Etats-Unis et bient\u00f4t au Parlement europ\u00e9en, l\u2019IGF vend positivement les r\u00e9sultats de la lutte contre la pr\u00e9dation des finances publiques.<\/p>\n","protected":false},"author":2,"featured_media":3103,"comment_status":"closed","ping_status":"closed","sticky":true,"template":"","format":"standard","meta":{"footnotes":""},"categories":[4,3],"tags":[59,202,182],"class_list":["post-3072","post","type-post","status-publish","format-standard","has-post-thumbnail","hentry","category-economie","category-nation","tag-featured","tag-igf","tag-rdc"],"yoast_head":"<!-- This site is optimized with the Yoast SEO plugin v23.3 - https:\/\/yoast.com\/wordpress\/plugins\/seo\/ -->\n<title>FMI, PARLEMENT EUROP\u00c9EN, S\u00c9NAT FRAN\u00c7AIS... LE TRAVAIL DE L\u2019IGF SALU\u00c9 \u00c0 L\u2019INTERNATIONAL - HESHIMA MAGAZINE<\/title>\n<meta name=\"description\" content=\"Apr\u00e8s un travail appr\u00e9ci\u00e9 au niveau local, la lutte que m\u00e8ne le Pr\u00e9sident de la R\u00e9publique \u00e0 travers l\u2019Inspection g\u00e9n\u00e9rale des finances (IGF) est aussi salu\u00e9e par des partenaires internationaux. Au FMI, \u00e0 la Banque mondiale, aux Etats-Unis et bient\u00f4t au Parlement europ\u00e9en, l\u2019IGF vend positivement les r\u00e9sultats de la lutte contre la pr\u00e9dation des finances publiques.\" \/>\n<meta name=\"robots\" content=\"index, follow, max-snippet:-1, max-image-preview:large, max-video-preview:-1\" \/>\n<link rel=\"canonical\" href=\"https:\/\/heshimardc.net\/v1\/2022\/10\/02\/fmi-parlement-europeen-senat-francais-le-travail-de-ligf-salue-a-linternational\/\" \/>\n<meta property=\"og:locale\" content=\"fr_FR\" \/>\n<meta property=\"og:type\" content=\"article\" \/>\n<meta property=\"og:title\" content=\"FMI, PARLEMENT EUROP\u00c9EN, S\u00c9NAT FRAN\u00c7AIS... LE TRAVAIL DE L\u2019IGF SALU\u00c9 \u00c0 L\u2019INTERNATIONAL - HESHIMA MAGAZINE\" \/>\n<meta property=\"og:description\" content=\"Apr\u00e8s un travail appr\u00e9ci\u00e9 au niveau local, la lutte que m\u00e8ne le Pr\u00e9sident de la R\u00e9publique \u00e0 travers l\u2019Inspection g\u00e9n\u00e9rale des finances (IGF) est aussi salu\u00e9e par des partenaires internationaux. Au FMI, \u00e0 la Banque mondiale, aux Etats-Unis et bient\u00f4t au Parlement europ\u00e9en, l\u2019IGF vend positivement les r\u00e9sultats de la lutte contre la pr\u00e9dation des finances publiques.\" \/>\n<meta property=\"og:url\" content=\"https:\/\/heshimardc.net\/v1\/2022\/10\/02\/fmi-parlement-europeen-senat-francais-le-travail-de-ligf-salue-a-linternational\/\" \/>\n<meta property=\"og:site_name\" content=\"HESHIMA MAGAZINE\" \/>\n<meta property=\"article:publisher\" content=\"https:\/\/www.facebook.com\/heshimamagazine\" \/>\n<meta property=\"article:published_time\" content=\"2022-10-02T17:49:01+00:00\" \/>\n<meta property=\"article:modified_time\" content=\"2022-10-03T19:59:16+00:00\" \/>\n<meta property=\"og:image\" content=\"https:\/\/heshimardc.net\/v1\/wp-content\/uploads\/2022\/10\/WhatsApp-Image-2022-10-03-at-20.54.37.jpeg\" \/>\n\t<meta property=\"og:image:width\" content=\"1280\" \/>\n\t<meta property=\"og:image:height\" content=\"960\" \/>\n\t<meta property=\"og:image:type\" content=\"image\/jpeg\" \/>\n<meta name=\"author\" content=\"RedactionH\" \/>\n<meta name=\"twitter:card\" content=\"summary_large_image\" \/>\n<meta name=\"twitter:creator\" content=\"@HeshimaMag\" \/>\n<meta name=\"twitter:site\" content=\"@HeshimaMag\" \/>\n<meta name=\"twitter:label1\" content=\"\u00c9crit par\" \/>\n\t<meta name=\"twitter:data1\" content=\"RedactionH\" \/>\n\t<meta name=\"twitter:label2\" content=\"Dur\u00e9e de lecture estim\u00e9e\" \/>\n\t<meta name=\"twitter:data2\" content=\"7 minutes\" \/>\n<script type=\"application\/ld+json\" class=\"yoast-schema-graph\">{\"@context\":\"https:\/\/schema.org\",\"@graph\":[{\"@type\":\"Article\",\"@id\":\"https:\/\/heshimardc.net\/v1\/2022\/10\/02\/fmi-parlement-europeen-senat-francais-le-travail-de-ligf-salue-a-linternational\/#article\",\"isPartOf\":{\"@id\":\"https:\/\/heshimardc.net\/v1\/2022\/10\/02\/fmi-parlement-europeen-senat-francais-le-travail-de-ligf-salue-a-linternational\/\"},\"author\":{\"name\":\"RedactionH\",\"@id\":\"https:\/\/heshimardc.net\/v1\/#\/schema\/person\/c74a2d47650131f158dc4a027547a532\"},\"headline\":\"FMI, PARLEMENT EUROP\u00c9EN, S\u00c9NAT FRAN\u00c7AIS&#8230; LE TRAVAIL DE L\u2019IGF SALU\u00c9 \u00c0 L\u2019INTERNATIONAL\",\"datePublished\":\"2022-10-02T17:49:01+00:00\",\"dateModified\":\"2022-10-03T19:59:16+00:00\",\"mainEntityOfPage\":{\"@id\":\"https:\/\/heshimardc.net\/v1\/2022\/10\/02\/fmi-parlement-europeen-senat-francais-le-travail-de-ligf-salue-a-linternational\/\"},\"wordCount\":1447,\"publisher\":{\"@id\":\"https:\/\/heshimardc.net\/v1\/#organization\"},\"image\":{\"@id\":\"https:\/\/heshimardc.net\/v1\/2022\/10\/02\/fmi-parlement-europeen-senat-francais-le-travail-de-ligf-salue-a-linternational\/#primaryimage\"},\"thumbnailUrl\":\"https:\/\/heshimardc.net\/v1\/wp-content\/uploads\/2022\/10\/WhatsApp-Image-2022-10-03-at-20.54.37.jpeg\",\"keywords\":[\"Featured\",\"IGF\",\"RDC\"],\"articleSection\":[\"Economie\",\"Nation\"],\"inLanguage\":\"fr-FR\"},{\"@type\":\"WebPage\",\"@id\":\"https:\/\/heshimardc.net\/v1\/2022\/10\/02\/fmi-parlement-europeen-senat-francais-le-travail-de-ligf-salue-a-linternational\/\",\"url\":\"https:\/\/heshimardc.net\/v1\/2022\/10\/02\/fmi-parlement-europeen-senat-francais-le-travail-de-ligf-salue-a-linternational\/\",\"name\":\"FMI, PARLEMENT EUROP\u00c9EN, S\u00c9NAT FRAN\u00c7AIS... LE TRAVAIL DE L\u2019IGF SALU\u00c9 \u00c0 L\u2019INTERNATIONAL - HESHIMA MAGAZINE\",\"isPartOf\":{\"@id\":\"https:\/\/heshimardc.net\/v1\/#website\"},\"primaryImageOfPage\":{\"@id\":\"https:\/\/heshimardc.net\/v1\/2022\/10\/02\/fmi-parlement-europeen-senat-francais-le-travail-de-ligf-salue-a-linternational\/#primaryimage\"},\"image\":{\"@id\":\"https:\/\/heshimardc.net\/v1\/2022\/10\/02\/fmi-parlement-europeen-senat-francais-le-travail-de-ligf-salue-a-linternational\/#primaryimage\"},\"thumbnailUrl\":\"https:\/\/heshimardc.net\/v1\/wp-content\/uploads\/2022\/10\/WhatsApp-Image-2022-10-03-at-20.54.37.jpeg\",\"datePublished\":\"2022-10-02T17:49:01+00:00\",\"dateModified\":\"2022-10-03T19:59:16+00:00\",\"description\":\"Apr\u00e8s un travail appr\u00e9ci\u00e9 au niveau local, la lutte que m\u00e8ne le Pr\u00e9sident de la R\u00e9publique \u00e0 travers l\u2019Inspection g\u00e9n\u00e9rale des finances (IGF) est aussi salu\u00e9e par des partenaires internationaux. Au FMI, \u00e0 la Banque mondiale, aux Etats-Unis et bient\u00f4t au Parlement europ\u00e9en, l\u2019IGF vend positivement les r\u00e9sultats de la lutte contre la pr\u00e9dation des finances publiques.\",\"breadcrumb\":{\"@id\":\"https:\/\/heshimardc.net\/v1\/2022\/10\/02\/fmi-parlement-europeen-senat-francais-le-travail-de-ligf-salue-a-linternational\/#breadcrumb\"},\"inLanguage\":\"fr-FR\",\"potentialAction\":[{\"@type\":\"ReadAction\",\"target\":[\"https:\/\/heshimardc.net\/v1\/2022\/10\/02\/fmi-parlement-europeen-senat-francais-le-travail-de-ligf-salue-a-linternational\/\"]}]},{\"@type\":\"ImageObject\",\"inLanguage\":\"fr-FR\",\"@id\":\"https:\/\/heshimardc.net\/v1\/2022\/10\/02\/fmi-parlement-europeen-senat-francais-le-travail-de-ligf-salue-a-linternational\/#primaryimage\",\"url\":\"https:\/\/heshimardc.net\/v1\/wp-content\/uploads\/2022\/10\/WhatsApp-Image-2022-10-03-at-20.54.37.jpeg\",\"contentUrl\":\"https:\/\/heshimardc.net\/v1\/wp-content\/uploads\/2022\/10\/WhatsApp-Image-2022-10-03-at-20.54.37.jpeg\",\"width\":1280,\"height\":960},{\"@type\":\"BreadcrumbList\",\"@id\":\"https:\/\/heshimardc.net\/v1\/2022\/10\/02\/fmi-parlement-europeen-senat-francais-le-travail-de-ligf-salue-a-linternational\/#breadcrumb\",\"itemListElement\":[{\"@type\":\"ListItem\",\"position\":1,\"name\":\"Accueil\",\"item\":\"https:\/\/heshimardc.net\/v1\/\"},{\"@type\":\"ListItem\",\"position\":2,\"name\":\"FMI, PARLEMENT EUROP\u00c9EN, S\u00c9NAT FRAN\u00c7AIS&#8230; LE TRAVAIL DE L\u2019IGF SALU\u00c9 \u00c0 L\u2019INTERNATIONAL\"}]},{\"@type\":\"WebSite\",\"@id\":\"https:\/\/heshimardc.net\/v1\/#website\",\"url\":\"https:\/\/heshimardc.net\/v1\/\",\"name\":\"HESHIMA MAGAZINE\",\"description\":\"Le magazine Congolais qui bat au rythme de l&#039;actualit\u00e9\",\"publisher\":{\"@id\":\"https:\/\/heshimardc.net\/v1\/#organization\"},\"potentialAction\":[{\"@type\":\"SearchAction\",\"target\":{\"@type\":\"EntryPoint\",\"urlTemplate\":\"https:\/\/heshimardc.net\/v1\/?s={search_term_string}\"},\"query-input\":\"required name=search_term_string\"}],\"inLanguage\":\"fr-FR\"},{\"@type\":\"Organization\",\"@id\":\"https:\/\/heshimardc.net\/v1\/#organization\",\"name\":\"HESHIMA MAGAZINE\",\"url\":\"https:\/\/heshimardc.net\/v1\/\",\"logo\":{\"@type\":\"ImageObject\",\"inLanguage\":\"fr-FR\",\"@id\":\"https:\/\/heshimardc.net\/v1\/#\/schema\/logo\/image\/\",\"url\":\"https:\/\/heshimardc.net\/v1\/wp-content\/uploads\/2020\/09\/logo.png\",\"contentUrl\":\"https:\/\/heshimardc.net\/v1\/wp-content\/uploads\/2020\/09\/logo.png\",\"width\":99,\"height\":130,\"caption\":\"HESHIMA MAGAZINE\"},\"image\":{\"@id\":\"https:\/\/heshimardc.net\/v1\/#\/schema\/logo\/image\/\"},\"sameAs\":[\"https:\/\/www.facebook.com\/heshimamagazine\",\"https:\/\/x.com\/HeshimaMag\"]},{\"@type\":\"Person\",\"@id\":\"https:\/\/heshimardc.net\/v1\/#\/schema\/person\/c74a2d47650131f158dc4a027547a532\",\"name\":\"RedactionH\",\"image\":{\"@type\":\"ImageObject\",\"inLanguage\":\"fr-FR\",\"@id\":\"https:\/\/heshimardc.net\/v1\/#\/schema\/person\/image\/\",\"url\":\"https:\/\/secure.gravatar.com\/avatar\/a52112f8496f362a38bf46c70ca9e956?s=96&d=mm&r=g\",\"contentUrl\":\"https:\/\/secure.gravatar.com\/avatar\/a52112f8496f362a38bf46c70ca9e956?s=96&d=mm&r=g\",\"caption\":\"RedactionH\"},\"sameAs\":[\"http:\/\/www.heshimardc.net\"],\"url\":\"https:\/\/heshimardc.net\/v1\/author\/redactionh\/\"}]}<\/script>\n<!-- \/ Yoast SEO plugin. -->","yoast_head_json":{"title":"FMI, PARLEMENT EUROP\u00c9EN, S\u00c9NAT FRAN\u00c7AIS... LE TRAVAIL DE L\u2019IGF SALU\u00c9 \u00c0 L\u2019INTERNATIONAL - HESHIMA MAGAZINE","description":"Apr\u00e8s un travail appr\u00e9ci\u00e9 au niveau local, la lutte que m\u00e8ne le Pr\u00e9sident de la R\u00e9publique \u00e0 travers l\u2019Inspection g\u00e9n\u00e9rale des finances (IGF) est aussi salu\u00e9e par des partenaires internationaux. Au FMI, \u00e0 la Banque mondiale, aux Etats-Unis et bient\u00f4t au Parlement europ\u00e9en, l\u2019IGF vend positivement les r\u00e9sultats de la lutte contre la pr\u00e9dation des finances publiques.","robots":{"index":"index","follow":"follow","max-snippet":"max-snippet:-1","max-image-preview":"max-image-preview:large","max-video-preview":"max-video-preview:-1"},"canonical":"https:\/\/heshimardc.net\/v1\/2022\/10\/02\/fmi-parlement-europeen-senat-francais-le-travail-de-ligf-salue-a-linternational\/","og_locale":"fr_FR","og_type":"article","og_title":"FMI, PARLEMENT EUROP\u00c9EN, S\u00c9NAT FRAN\u00c7AIS... LE TRAVAIL DE L\u2019IGF SALU\u00c9 \u00c0 L\u2019INTERNATIONAL - HESHIMA MAGAZINE","og_description":"Apr\u00e8s un travail appr\u00e9ci\u00e9 au niveau local, la lutte que m\u00e8ne le Pr\u00e9sident de la R\u00e9publique \u00e0 travers l\u2019Inspection g\u00e9n\u00e9rale des finances (IGF) est aussi salu\u00e9e par des partenaires internationaux. Au FMI, \u00e0 la Banque mondiale, aux Etats-Unis et bient\u00f4t au Parlement europ\u00e9en, l\u2019IGF vend positivement les r\u00e9sultats de la lutte contre la pr\u00e9dation des finances publiques.","og_url":"https:\/\/heshimardc.net\/v1\/2022\/10\/02\/fmi-parlement-europeen-senat-francais-le-travail-de-ligf-salue-a-linternational\/","og_site_name":"HESHIMA MAGAZINE","article_publisher":"https:\/\/www.facebook.com\/heshimamagazine","article_published_time":"2022-10-02T17:49:01+00:00","article_modified_time":"2022-10-03T19:59:16+00:00","og_image":[{"width":1280,"height":960,"url":"https:\/\/heshimardc.net\/v1\/wp-content\/uploads\/2022\/10\/WhatsApp-Image-2022-10-03-at-20.54.37.jpeg","type":"image\/jpeg"}],"author":"RedactionH","twitter_card":"summary_large_image","twitter_creator":"@HeshimaMag","twitter_site":"@HeshimaMag","twitter_misc":{"\u00c9crit par":"RedactionH","Dur\u00e9e de lecture estim\u00e9e":"7 minutes"},"schema":{"@context":"https:\/\/schema.org","@graph":[{"@type":"Article","@id":"https:\/\/heshimardc.net\/v1\/2022\/10\/02\/fmi-parlement-europeen-senat-francais-le-travail-de-ligf-salue-a-linternational\/#article","isPartOf":{"@id":"https:\/\/heshimardc.net\/v1\/2022\/10\/02\/fmi-parlement-europeen-senat-francais-le-travail-de-ligf-salue-a-linternational\/"},"author":{"name":"RedactionH","@id":"https:\/\/heshimardc.net\/v1\/#\/schema\/person\/c74a2d47650131f158dc4a027547a532"},"headline":"FMI, PARLEMENT EUROP\u00c9EN, S\u00c9NAT FRAN\u00c7AIS&#8230; LE TRAVAIL DE L\u2019IGF SALU\u00c9 \u00c0 L\u2019INTERNATIONAL","datePublished":"2022-10-02T17:49:01+00:00","dateModified":"2022-10-03T19:59:16+00:00","mainEntityOfPage":{"@id":"https:\/\/heshimardc.net\/v1\/2022\/10\/02\/fmi-parlement-europeen-senat-francais-le-travail-de-ligf-salue-a-linternational\/"},"wordCount":1447,"publisher":{"@id":"https:\/\/heshimardc.net\/v1\/#organization"},"image":{"@id":"https:\/\/heshimardc.net\/v1\/2022\/10\/02\/fmi-parlement-europeen-senat-francais-le-travail-de-ligf-salue-a-linternational\/#primaryimage"},"thumbnailUrl":"https:\/\/heshimardc.net\/v1\/wp-content\/uploads\/2022\/10\/WhatsApp-Image-2022-10-03-at-20.54.37.jpeg","keywords":["Featured","IGF","RDC"],"articleSection":["Economie","Nation"],"inLanguage":"fr-FR"},{"@type":"WebPage","@id":"https:\/\/heshimardc.net\/v1\/2022\/10\/02\/fmi-parlement-europeen-senat-francais-le-travail-de-ligf-salue-a-linternational\/","url":"https:\/\/heshimardc.net\/v1\/2022\/10\/02\/fmi-parlement-europeen-senat-francais-le-travail-de-ligf-salue-a-linternational\/","name":"FMI, PARLEMENT EUROP\u00c9EN, S\u00c9NAT FRAN\u00c7AIS... LE TRAVAIL DE L\u2019IGF SALU\u00c9 \u00c0 L\u2019INTERNATIONAL - HESHIMA MAGAZINE","isPartOf":{"@id":"https:\/\/heshimardc.net\/v1\/#website"},"primaryImageOfPage":{"@id":"https:\/\/heshimardc.net\/v1\/2022\/10\/02\/fmi-parlement-europeen-senat-francais-le-travail-de-ligf-salue-a-linternational\/#primaryimage"},"image":{"@id":"https:\/\/heshimardc.net\/v1\/2022\/10\/02\/fmi-parlement-europeen-senat-francais-le-travail-de-ligf-salue-a-linternational\/#primaryimage"},"thumbnailUrl":"https:\/\/heshimardc.net\/v1\/wp-content\/uploads\/2022\/10\/WhatsApp-Image-2022-10-03-at-20.54.37.jpeg","datePublished":"2022-10-02T17:49:01+00:00","dateModified":"2022-10-03T19:59:16+00:00","description":"Apr\u00e8s un travail appr\u00e9ci\u00e9 au niveau local, la lutte que m\u00e8ne le Pr\u00e9sident de la R\u00e9publique \u00e0 travers l\u2019Inspection g\u00e9n\u00e9rale des finances (IGF) est aussi salu\u00e9e par des partenaires internationaux. Au FMI, \u00e0 la Banque mondiale, aux Etats-Unis et bient\u00f4t au Parlement europ\u00e9en, l\u2019IGF vend positivement les r\u00e9sultats de la lutte contre la pr\u00e9dation des finances publiques.","breadcrumb":{"@id":"https:\/\/heshimardc.net\/v1\/2022\/10\/02\/fmi-parlement-europeen-senat-francais-le-travail-de-ligf-salue-a-linternational\/#breadcrumb"},"inLanguage":"fr-FR","potentialAction":[{"@type":"ReadAction","target":["https:\/\/heshimardc.net\/v1\/2022\/10\/02\/fmi-parlement-europeen-senat-francais-le-travail-de-ligf-salue-a-linternational\/"]}]},{"@type":"ImageObject","inLanguage":"fr-FR","@id":"https:\/\/heshimardc.net\/v1\/2022\/10\/02\/fmi-parlement-europeen-senat-francais-le-travail-de-ligf-salue-a-linternational\/#primaryimage","url":"https:\/\/heshimardc.net\/v1\/wp-content\/uploads\/2022\/10\/WhatsApp-Image-2022-10-03-at-20.54.37.jpeg","contentUrl":"https:\/\/heshimardc.net\/v1\/wp-content\/uploads\/2022\/10\/WhatsApp-Image-2022-10-03-at-20.54.37.jpeg","width":1280,"height":960},{"@type":"BreadcrumbList","@id":"https:\/\/heshimardc.net\/v1\/2022\/10\/02\/fmi-parlement-europeen-senat-francais-le-travail-de-ligf-salue-a-linternational\/#breadcrumb","itemListElement":[{"@type":"ListItem","position":1,"name":"Accueil","item":"https:\/\/heshimardc.net\/v1\/"},{"@type":"ListItem","position":2,"name":"FMI, PARLEMENT EUROP\u00c9EN, S\u00c9NAT FRAN\u00c7AIS&#8230; LE TRAVAIL DE L\u2019IGF SALU\u00c9 \u00c0 L\u2019INTERNATIONAL"}]},{"@type":"WebSite","@id":"https:\/\/heshimardc.net\/v1\/#website","url":"https:\/\/heshimardc.net\/v1\/","name":"HESHIMA MAGAZINE","description":"Le magazine Congolais qui bat au rythme de l&#039;actualit\u00e9","publisher":{"@id":"https:\/\/heshimardc.net\/v1\/#organization"},"potentialAction":[{"@type":"SearchAction","target":{"@type":"EntryPoint","urlTemplate":"https:\/\/heshimardc.net\/v1\/?s={search_term_string}"},"query-input":"required name=search_term_string"}],"inLanguage":"fr-FR"},{"@type":"Organization","@id":"https:\/\/heshimardc.net\/v1\/#organization","name":"HESHIMA MAGAZINE","url":"https:\/\/heshimardc.net\/v1\/","logo":{"@type":"ImageObject","inLanguage":"fr-FR","@id":"https:\/\/heshimardc.net\/v1\/#\/schema\/logo\/image\/","url":"https:\/\/heshimardc.net\/v1\/wp-content\/uploads\/2020\/09\/logo.png","contentUrl":"https:\/\/heshimardc.net\/v1\/wp-content\/uploads\/2020\/09\/logo.png","width":99,"height":130,"caption":"HESHIMA MAGAZINE"},"image":{"@id":"https:\/\/heshimardc.net\/v1\/#\/schema\/logo\/image\/"},"sameAs":["https:\/\/www.facebook.com\/heshimamagazine","https:\/\/x.com\/HeshimaMag"]},{"@type":"Person","@id":"https:\/\/heshimardc.net\/v1\/#\/schema\/person\/c74a2d47650131f158dc4a027547a532","name":"RedactionH","image":{"@type":"ImageObject","inLanguage":"fr-FR","@id":"https:\/\/heshimardc.net\/v1\/#\/schema\/person\/image\/","url":"https:\/\/secure.gravatar.com\/avatar\/a52112f8496f362a38bf46c70ca9e956?s=96&d=mm&r=g","contentUrl":"https:\/\/secure.gravatar.com\/avatar\/a52112f8496f362a38bf46c70ca9e956?s=96&d=mm&r=g","caption":"RedactionH"},"sameAs":["http:\/\/www.heshimardc.net"],"url":"https:\/\/heshimardc.net\/v1\/author\/redactionh\/"}]}},"amp_enabled":true,"_links":{"self":[{"href":"https:\/\/heshimardc.net\/v1\/wp-json\/wp\/v2\/posts\/3072"}],"collection":[{"href":"https:\/\/heshimardc.net\/v1\/wp-json\/wp\/v2\/posts"}],"about":[{"href":"https:\/\/heshimardc.net\/v1\/wp-json\/wp\/v2\/types\/post"}],"author":[{"embeddable":true,"href":"https:\/\/heshimardc.net\/v1\/wp-json\/wp\/v2\/users\/2"}],"replies":[{"embeddable":true,"href":"https:\/\/heshimardc.net\/v1\/wp-json\/wp\/v2\/comments?post=3072"}],"version-history":[{"count":3,"href":"https:\/\/heshimardc.net\/v1\/wp-json\/wp\/v2\/posts\/3072\/revisions"}],"predecessor-version":[{"id":3106,"href":"https:\/\/heshimardc.net\/v1\/wp-json\/wp\/v2\/posts\/3072\/revisions\/3106"}],"wp:featuredmedia":[{"embeddable":true,"href":"https:\/\/heshimardc.net\/v1\/wp-json\/wp\/v2\/media\/3103"}],"wp:attachment":[{"href":"https:\/\/heshimardc.net\/v1\/wp-json\/wp\/v2\/media?parent=3072"}],"wp:term":[{"taxonomy":"category","embeddable":true,"href":"https:\/\/heshimardc.net\/v1\/wp-json\/wp\/v2\/categories?post=3072"},{"taxonomy":"post_tag","embeddable":true,"href":"https:\/\/heshimardc.net\/v1\/wp-json\/wp\/v2\/tags?post=3072"}],"curies":[{"name":"wp","href":"https:\/\/api.w.org\/{rel}","templated":true}]}}