{"id":3155,"date":"2022-10-14T06:47:07","date_gmt":"2022-10-14T06:47:07","guid":{"rendered":"https:\/\/heshimardc.net\/v1\/?p=3155"},"modified":"2022-10-14T06:47:20","modified_gmt":"2022-10-14T06:47:20","slug":"conflits-teke-yaka-un-chef-coutumier-veut-rapprocher-les-deux-camps","status":"publish","type":"post","link":"https:\/\/heshimardc.net\/v1\/2022\/10\/14\/conflits-teke-yaka-un-chef-coutumier-veut-rapprocher-les-deux-camps\/","title":{"rendered":"Conflits Teke-Yaka : un chef coutumier veut rapprocher les deux camps"},"content":{"rendered":"\n<p>Comme en t\u00e9moignent des sources proches de la&nbsp;Pr\u00e9sidencede la R\u00e9publique, apr\u00e8s avoir condamn\u00e9 les exactions commises&nbsp;dans ce territoire, lesquelles&nbsp;ont heurt\u00e9&nbsp;les sensibilit\u00e9s au niveau national, le&nbsp;chef de l&rsquo;\u00c9tat, F\u00e9lix Tshisekedi,&nbsp;a instruit les ministres de l&rsquo;Int\u00e9rieur, de la Justice et de la D\u00e9fense, \u00e0 travers leurs services sp\u00e9cialis\u00e9s sous la coordination du Premier ministre, de documenter&nbsp;les&nbsp;faits infractionnels sur l&rsquo;ensemble du p\u00e9rim\u00e8tre concern\u00e9 de la zone de conflit.<\/p>\n\n\n\n<p>Sur la table du&nbsp;Pr\u00e9sident de la R\u00e9publique,&nbsp;un ordre de mission&nbsp;a&nbsp;\u00e9galement&nbsp;\u00e9t\u00e9 \u00e9mis&nbsp;au nom du&nbsp;chef coutumier&nbsp;Suku,&nbsp;Fabrice Zombi&nbsp;Kavabioko. Intronis\u00e9&nbsp;grand-chef coutumier Minikongo,&nbsp;ce dernier a men\u00e9&nbsp;une d\u00e9l\u00e9gation&nbsp;charg\u00e9e&nbsp;de&nbsp;s\u2019enqu\u00e9rir de la situation dans&nbsp;le territoire&nbsp;de Kwamouth. Invit\u00e9 de l\u2019\u00e9mission Parlons-en sur Top Congo Fm,&nbsp;le grand-chef coutumier Minikongo&nbsp;a relev\u00e9 sur terrain des faits&nbsp;d\u2019atrocit\u00e9s commises&nbsp;entre d\u2019une part, les Yaka et,&nbsp;d\u2019autre part, les Teke.&nbsp;Port\u00e9 par l\u2019espoir et la conviction&nbsp;que&nbsp;les parties en conflit, apr\u00e8s avoir \u00e9cout\u00e9 les principaux acteurs, parviendront&nbsp;\u00e0&nbsp;trouver un terrain d\u2019entente, le Mfumu Minikongo&nbsp;a proc\u00e9d\u00e9 par deux d\u00e9marches&nbsp;:&nbsp;s\u2019enqu\u00e9rir de la situation g\u00e9n\u00e9rale des conflits et&nbsp;rassembler les leaders concern\u00e9s&nbsp;en vue de la r\u00e9cup\u00e9ration des armes dont ils d\u00e9tiennent.&nbsp;<\/p>\n\n\n\n<p>De ce fait, pr\u00e8s de 90 armes dont&nbsp;au moins&nbsp;5&nbsp;AK-47&nbsp;ont \u00e9t\u00e9 r\u00e9cup\u00e9r\u00e9es chez les Yaka. Selon les Teke, les Yaka se sont empar\u00e9s des armes de guerre gr\u00e2ce \u00e0 leurs&nbsp;gris-gris&nbsp;qui les rendent invuln\u00e9rables&nbsp;\u00e0 savoir,&nbsp;le Mobondo. A l\u2019aide des fl\u00e8ches empoisonn\u00e9es, les Yaka se sont&nbsp;empar\u00e9s&nbsp;des armes abandonn\u00e9es par des assaillants&nbsp;tu\u00e9s ou&nbsp;en fuite. A en croire&nbsp;Fabrice Zombi,&nbsp;une \u00e9norme quantit\u00e9 d\u2019armes et munitions&nbsp;est&nbsp;encore&nbsp;\u00e0 r\u00e9cup\u00e9rer aupr\u00e8s des protagonistes.&nbsp;Mais environ 200 machettes ont \u00e9t\u00e9 remises \u00e0 sa d\u00e9l\u00e9gation.<\/p>\n\n\n\n<p>\u00ab&nbsp;Dans la localit\u00e9 de Kisili, le chef du village a r\u00e9clam\u00e9 au \u00ab Nkiavu \u00bb&nbsp;en face&nbsp;le versement d\u2019une amende \u00e9valu\u00e9e \u00e0 30 000 (francs congolais) afin que la terre leur&nbsp;accorde le pardon&nbsp;pour des atrocit\u00e9s caus\u00e9es&nbsp;\u00bb, a indiqu\u00e9 Minikongo sur Top CongoFM. Pour lui, la solution \u00e0 la crise est \u00e0 trouver&nbsp;dans&nbsp;la&nbsp;voie coutumi\u00e8re. On&nbsp;ne peut pas encore&nbsp;engager&nbsp;un&nbsp;dialogue sans trouver la solution \u00e0 la paix, a-t-il indiqu\u00e9.<\/p>\n\n\n\n<p>Le&nbsp;bilan&nbsp;pr\u00e9sent\u00e9&nbsp;par Minikongo fait \u00e9tat de 42 sujets Yaka tu\u00e9s dans les affrontements de mardi 11 octobre. Il&nbsp;dit par ailleurs&nbsp;attendre&nbsp;du&nbsp;pr\u00e9sident de la R\u00e9publique la d\u00e9cision&nbsp;d\u2019initier une deuxi\u00e8me exp\u00e9dition dans le territoire. La&nbsp;deuxi\u00e8me mission des&nbsp;chefs traditionnels&nbsp;aura alors pour but de&nbsp;trouver la solution&nbsp;\u00e0 travers le&nbsp;dialogue.<\/p>\n\n\n\n<p><strong>La part&nbsp;<\/strong><strong>du gouvernement<\/strong><\/p>\n\n\n\n<p>L\u2019objectif de cette d\u00e9marche est d\u2019acc\u00e9l\u00e9rer le r\u00e9tablissement de l\u2019ordre public dans le Grand-Bandundu,puisque le conflit affecte aussi d\u2019autres provinces d\u00e9membr\u00e9es telle que le Kwilu. A l\u2019issue de la r\u00e9union du Conseil des ministres tenu le 7 octobre 2022, F\u00e9lix Tshisekedi a reconnu que les&nbsp;conflits Teke-Yaka ont pris des allures inqui\u00e9tantes avec des pertes en vies humaines et d\u00e9g\u00e2ts mat\u00e9riels \u00e9normes.<\/p>\n\n\n\n<p>Il a regrett\u00e9 que cette situation ait troubl\u00e9 la paix entre communaut\u00e9s qui&nbsp;ont toujours v\u00e9cu en harmonie. \u00ab Au-del\u00e0 des efforts louables d\u00e9ploy\u00e9s \u00e0 la fois par les autorit\u00e9s provinciales et celles du gouvernement central, d\u2019autres d\u00e9fis demeurent, notamment la s\u00e9curisation de la route nationale num\u00e9ro 17 \u00bb, a assur\u00e9 chef de l\u2019Etat.&nbsp;<\/p>\n\n\n\n<p>A cet effet, F\u00e9lix Tshisekedi a lanc\u00e9 un appel au calme \u00e0 l\u2019ensemble de la population du Grand Bandundu et lui demande de redoubler de vigilance afin de d\u00e9noncer tout acte susceptible d\u2019exacerber le conflit. Il a par ailleurs encourag\u00e9 le minist\u00e8re des Affaires sociales, Action humanitaire et Solidarit\u00e9 nationale, \u00e0 activer rapidement un plan de gestion des flux migratoires \u00e0 impact social, comme r\u00e9ponse rapide et efficace pour une prise en charge des personnes affect\u00e9es.<\/p>\n\n\n\n<p>Le pr\u00e9sident de la R\u00e9publique a,&nbsp;en outre,&nbsp;instruit le ministre des Affaires sociales de lancer sans d\u00e9lai une campagne de solidarit\u00e9 nationale en mettant \u00e0 contribution la soci\u00e9t\u00e9 civile pour la sensibilisation de la population \u00e0 cultiver la paix dans ce coin du pays.&nbsp;C&rsquo;est depuis le mois d&rsquo;ao\u00fbt que ces tensions perdurent. Plus de 40 personnes ont \u00e9t\u00e9 tu\u00e9es et plus de 200 maisons incendi\u00e9es.<\/p>\n\n\n\n<p><strong>Indig\u00e8nes et allog\u00e8nes<\/strong><\/p>\n\n\n\n<p>D\u00e9but ao\u00fbt, les membres des communaut\u00e9s Teke et Yaka se sont affront\u00e9s \u00e0 l&rsquo;arme blanche, notamment dans la cit\u00e9 de Kwamouth, \u00e0 une centaine de kilom\u00e8tres de la capitale, Kinshasa.&nbsp;Les Teke se consid\u00e8rent comme originaires et propri\u00e9taires des villages situ\u00e9s le long du fleuve Congo sur une distance d&rsquo;environ 200 kilom\u00e8tres. Les Yaka sont venus s&rsquo;installer apr\u00e8s.<\/p>\n\n\n\n<p>Pour Fid\u00e8le Lizorongo, membre de la soci\u00e9t\u00e9 civile de la province de Ma\u00ef-Ndombe, le recours \u00e0 la justice aurait \u00e9t\u00e9 plus efficace que le recours \u00e0 la force.<\/p>\n\n\n\n<p><strong>Tout&nbsp;<\/strong><strong>est&nbsp;<\/strong><strong>part<\/strong><strong>i<\/strong><strong>&nbsp;de mesurettes de ma\u00efs<\/strong><\/p>\n\n\n\n<p>\u00ab\u00a0Le vrai conflit entre les Teke et les Yaka est n\u00e9 d&rsquo;une brutale exigence de redevance que les Teke ont demand\u00e9e aux Yaka\u00a0\u00bb, explique-t-il. \u00ab\u00a0Cela est pass\u00e9 de cinquante mesurettes de ma\u00efs \u00e0 150 mesurettes et d&rsquo;un sac de cossette de manioc \u00e0 cinq sacs. Mais du moins, il me semble que les Yaka n&rsquo;auraient pas d\u00fb faire la guerre mais ils devaient en principe saisir la justice pour qu&rsquo;elle puisse les d\u00e9partager.\u00a0\u00bb, estime-t-il.&nbsp;La situation entre les Teke et les Yaka est complexe et difficile \u00e0 d\u00e9cortiquer, estime pour sa part le d\u00e9put\u00e9 Guy Mosomo. Cet \u00e9lu du territoire de Kwamouth, o\u00f9 se d\u00e9roulent les conflits, soup\u00e7onne une instrumentalisation du conflit.<\/p>\n\n\n\n<p><strong>Cohabitation pacifique<\/strong><\/p>\n\n\n\n<p>\u00ab\u00a0Lorsque nous sommes all\u00e9s \u00e0 Kwamouth avec la d\u00e9l\u00e9gation gouvernementale, raconte Guy Mosomo, dans le groupe que nous avons re\u00e7u, ils nous ont tous dit qu&rsquo;ils ne comprenaient pas la situation parce que les Teke et les Yaka ont toujours v\u00e9cu ensemble, il y a eu des mariages entre les deux communaut\u00e9s. Mais le fait que certains prennent des armes pour s&rsquo;attaquer aux Teke, ils ne le comprennent pas.&nbsp;<\/p>\n\n\n\n<p>La situation s&rsquo;est enlis\u00e9e \u00e0 un moment mais maintenant il y a une certaine stabilit\u00e9 parce que les auteurs des massacres sont en train d&rsquo;\u00eatre arr\u00eat\u00e9s. Aujourd&rsquo;hui par exemple, on en a arr\u00eat\u00e9 quelques-uns vers le village Mibe, ils sont \u00e0 la police de Mashambio.\u00a0\u00bb<\/p>\n\n\n\n<p><strong>Faire agir les autorit\u00e9s centrales<\/strong><\/p>\n\n\n\n<p>Sur place, Rita Bola, fra\u00eechement \u00e9lue gouverneure,&nbsp;est&nbsp;revenue&nbsp;sur les probl\u00e8mes auxquels elle a d\u00fb faire face depuis sa prise de fonction :&nbsp;\u00ab\u00a0Pour moi la premi\u00e8re des choses c&rsquo;\u00e9tait d&rsquo;entendre les vraies causes et de faire agir le gouvernement central. Nous ne sommes ni la police ni l&rsquo;arm\u00e9e. Politiquement, nous venons r\u00e9tabli la paix pour qu&rsquo;elle puisse perdurer. A l&rsquo;heure actuelle, les gens sont en train de retourner dans leurs villages. Personnellement, je suis all\u00e9e les rassurer. Il y a des vivres qui sont venus du gouvernement central et nous aussi au niveau de la province, nous avons contribu\u00e9 en donnant plusieurs centaines de t\u00f4les pour que ceux dont les maisons ont \u00e9t\u00e9 br\u00fbl\u00e9es puissent y retourner.\u00a0\u00bb, a d\u00e9clar\u00e9 la gouverneure de Ma\u00ef-Ndombe. &nbsp;<\/p>\n\n\n\n<p>Raymond OKESELEKE<\/p>\n","protected":false},"excerpt":{"rendered":"<p>Les violents affrontements interethniques entre les T\u00e9k\u00e9 et les Yaka dans le territoire de Kwamouth, en province du Ma\u00ef-Ndombe, ont \u00e9t\u00e9 port\u00e9s au sommet de l\u2019Etat. Parmi des solutions envisag\u00e9es, un dialogue entre les deux communaut\u00e9s.  Sur une radio \u00e0 Kinshasa, un chef coutumier de la contr\u00e9e dit avoir re\u00e7u la mission de rapprocher les deux protagonistes.<\/p>\n","protected":false},"author":2,"featured_media":3156,"comment_status":"closed","ping_status":"closed","sticky":false,"template":"","format":"standard","meta":{"footnotes":""},"categories":[175],"tags":[],"class_list":["post-3155","post","type-post","status-publish","format-standard","has-post-thumbnail","hentry","category-societe"],"yoast_head":"<!-- This site is optimized with the Yoast SEO plugin v23.3 - https:\/\/yoast.com\/wordpress\/plugins\/seo\/ -->\n<title>Conflits Teke-Yaka : un chef coutumier veut rapprocher les deux camps - HESHIMA MAGAZINE<\/title>\n<meta name=\"description\" content=\"Les violents affrontements interethniques entre les T\u00e9k\u00e9 et les Yaka dans le territoire de Kwamouth, en province du Ma\u00ef-Ndombe, ont \u00e9t\u00e9 port\u00e9s au sommet de l\u2019Etat. Parmi des solutions envisag\u00e9es, un dialogue entre les deux communaut\u00e9s. Sur une radio \u00e0 Kinshasa, un chef coutumier de la contr\u00e9e dit avoir re\u00e7u la mission de rapprocher les deux protagonistes.\" \/>\n<meta name=\"robots\" content=\"index, follow, max-snippet:-1, max-image-preview:large, max-video-preview:-1\" \/>\n<link rel=\"canonical\" href=\"https:\/\/heshimardc.net\/v1\/2022\/10\/14\/conflits-teke-yaka-un-chef-coutumier-veut-rapprocher-les-deux-camps\/\" \/>\n<meta property=\"og:locale\" content=\"fr_FR\" \/>\n<meta property=\"og:type\" content=\"article\" \/>\n<meta property=\"og:title\" content=\"Conflits Teke-Yaka : un chef coutumier veut rapprocher les deux camps - HESHIMA MAGAZINE\" \/>\n<meta property=\"og:description\" content=\"Les violents affrontements interethniques entre les T\u00e9k\u00e9 et les Yaka dans le territoire de Kwamouth, en province du Ma\u00ef-Ndombe, ont \u00e9t\u00e9 port\u00e9s au sommet de l\u2019Etat. Parmi des solutions envisag\u00e9es, un dialogue entre les deux communaut\u00e9s. Sur une radio \u00e0 Kinshasa, un chef coutumier de la contr\u00e9e dit avoir re\u00e7u la mission de rapprocher les deux protagonistes.\" \/>\n<meta property=\"og:url\" content=\"https:\/\/heshimardc.net\/v1\/2022\/10\/14\/conflits-teke-yaka-un-chef-coutumier-veut-rapprocher-les-deux-camps\/\" \/>\n<meta property=\"og:site_name\" content=\"HESHIMA MAGAZINE\" \/>\n<meta property=\"article:publisher\" content=\"https:\/\/www.facebook.com\/heshimamagazine\" \/>\n<meta property=\"article:published_time\" content=\"2022-10-14T06:47:07+00:00\" \/>\n<meta property=\"article:modified_time\" content=\"2022-10-14T06:47:20+00:00\" \/>\n<meta property=\"og:image\" content=\"https:\/\/heshimardc.net\/v1\/wp-content\/uploads\/2022\/10\/0C4B928D-E654-4EF1-8E82-3149F54D242B.jpeg\" \/>\n\t<meta property=\"og:image:width\" content=\"500\" \/>\n\t<meta property=\"og:image:height\" content=\"428\" \/>\n\t<meta property=\"og:image:type\" content=\"image\/jpeg\" \/>\n<meta name=\"author\" content=\"RedactionH\" \/>\n<meta name=\"twitter:card\" content=\"summary_large_image\" \/>\n<meta name=\"twitter:creator\" content=\"@HeshimaMag\" \/>\n<meta name=\"twitter:site\" content=\"@HeshimaMag\" \/>\n<meta name=\"twitter:label1\" content=\"\u00c9crit par\" \/>\n\t<meta name=\"twitter:data1\" content=\"RedactionH\" \/>\n\t<meta name=\"twitter:label2\" content=\"Dur\u00e9e de lecture estim\u00e9e\" \/>\n\t<meta name=\"twitter:data2\" content=\"6 minutes\" \/>\n<script type=\"application\/ld+json\" class=\"yoast-schema-graph\">{\"@context\":\"https:\/\/schema.org\",\"@graph\":[{\"@type\":\"Article\",\"@id\":\"https:\/\/heshimardc.net\/v1\/2022\/10\/14\/conflits-teke-yaka-un-chef-coutumier-veut-rapprocher-les-deux-camps\/#article\",\"isPartOf\":{\"@id\":\"https:\/\/heshimardc.net\/v1\/2022\/10\/14\/conflits-teke-yaka-un-chef-coutumier-veut-rapprocher-les-deux-camps\/\"},\"author\":{\"name\":\"RedactionH\",\"@id\":\"https:\/\/heshimardc.net\/v1\/#\/schema\/person\/c74a2d47650131f158dc4a027547a532\"},\"headline\":\"Conflits Teke-Yaka : un chef coutumier veut rapprocher les deux camps\",\"datePublished\":\"2022-10-14T06:47:07+00:00\",\"dateModified\":\"2022-10-14T06:47:20+00:00\",\"mainEntityOfPage\":{\"@id\":\"https:\/\/heshimardc.net\/v1\/2022\/10\/14\/conflits-teke-yaka-un-chef-coutumier-veut-rapprocher-les-deux-camps\/\"},\"wordCount\":1374,\"publisher\":{\"@id\":\"https:\/\/heshimardc.net\/v1\/#organization\"},\"image\":{\"@id\":\"https:\/\/heshimardc.net\/v1\/2022\/10\/14\/conflits-teke-yaka-un-chef-coutumier-veut-rapprocher-les-deux-camps\/#primaryimage\"},\"thumbnailUrl\":\"https:\/\/heshimardc.net\/v1\/wp-content\/uploads\/2022\/10\/0C4B928D-E654-4EF1-8E82-3149F54D242B.jpeg\",\"articleSection\":[\"Soci\u00e9t\u00e9\"],\"inLanguage\":\"fr-FR\"},{\"@type\":\"WebPage\",\"@id\":\"https:\/\/heshimardc.net\/v1\/2022\/10\/14\/conflits-teke-yaka-un-chef-coutumier-veut-rapprocher-les-deux-camps\/\",\"url\":\"https:\/\/heshimardc.net\/v1\/2022\/10\/14\/conflits-teke-yaka-un-chef-coutumier-veut-rapprocher-les-deux-camps\/\",\"name\":\"Conflits Teke-Yaka : un chef coutumier veut rapprocher les deux camps - HESHIMA MAGAZINE\",\"isPartOf\":{\"@id\":\"https:\/\/heshimardc.net\/v1\/#website\"},\"primaryImageOfPage\":{\"@id\":\"https:\/\/heshimardc.net\/v1\/2022\/10\/14\/conflits-teke-yaka-un-chef-coutumier-veut-rapprocher-les-deux-camps\/#primaryimage\"},\"image\":{\"@id\":\"https:\/\/heshimardc.net\/v1\/2022\/10\/14\/conflits-teke-yaka-un-chef-coutumier-veut-rapprocher-les-deux-camps\/#primaryimage\"},\"thumbnailUrl\":\"https:\/\/heshimardc.net\/v1\/wp-content\/uploads\/2022\/10\/0C4B928D-E654-4EF1-8E82-3149F54D242B.jpeg\",\"datePublished\":\"2022-10-14T06:47:07+00:00\",\"dateModified\":\"2022-10-14T06:47:20+00:00\",\"description\":\"Les violents affrontements interethniques entre les T\u00e9k\u00e9 et les Yaka dans le territoire de Kwamouth, en province du Ma\u00ef-Ndombe, ont \u00e9t\u00e9 port\u00e9s au sommet de l\u2019Etat. Parmi des solutions envisag\u00e9es, un dialogue entre les deux communaut\u00e9s. Sur une radio \u00e0 Kinshasa, un chef coutumier de la contr\u00e9e dit avoir re\u00e7u la mission de rapprocher les deux protagonistes.\",\"breadcrumb\":{\"@id\":\"https:\/\/heshimardc.net\/v1\/2022\/10\/14\/conflits-teke-yaka-un-chef-coutumier-veut-rapprocher-les-deux-camps\/#breadcrumb\"},\"inLanguage\":\"fr-FR\",\"potentialAction\":[{\"@type\":\"ReadAction\",\"target\":[\"https:\/\/heshimardc.net\/v1\/2022\/10\/14\/conflits-teke-yaka-un-chef-coutumier-veut-rapprocher-les-deux-camps\/\"]}]},{\"@type\":\"ImageObject\",\"inLanguage\":\"fr-FR\",\"@id\":\"https:\/\/heshimardc.net\/v1\/2022\/10\/14\/conflits-teke-yaka-un-chef-coutumier-veut-rapprocher-les-deux-camps\/#primaryimage\",\"url\":\"https:\/\/heshimardc.net\/v1\/wp-content\/uploads\/2022\/10\/0C4B928D-E654-4EF1-8E82-3149F54D242B.jpeg\",\"contentUrl\":\"https:\/\/heshimardc.net\/v1\/wp-content\/uploads\/2022\/10\/0C4B928D-E654-4EF1-8E82-3149F54D242B.jpeg\",\"width\":500,\"height\":428},{\"@type\":\"BreadcrumbList\",\"@id\":\"https:\/\/heshimardc.net\/v1\/2022\/10\/14\/conflits-teke-yaka-un-chef-coutumier-veut-rapprocher-les-deux-camps\/#breadcrumb\",\"itemListElement\":[{\"@type\":\"ListItem\",\"position\":1,\"name\":\"Accueil\",\"item\":\"https:\/\/heshimardc.net\/v1\/\"},{\"@type\":\"ListItem\",\"position\":2,\"name\":\"Conflits Teke-Yaka : un chef coutumier veut rapprocher les deux camps\"}]},{\"@type\":\"WebSite\",\"@id\":\"https:\/\/heshimardc.net\/v1\/#website\",\"url\":\"https:\/\/heshimardc.net\/v1\/\",\"name\":\"HESHIMA MAGAZINE\",\"description\":\"Le magazine Congolais qui bat au rythme de l&#039;actualit\u00e9\",\"publisher\":{\"@id\":\"https:\/\/heshimardc.net\/v1\/#organization\"},\"potentialAction\":[{\"@type\":\"SearchAction\",\"target\":{\"@type\":\"EntryPoint\",\"urlTemplate\":\"https:\/\/heshimardc.net\/v1\/?s={search_term_string}\"},\"query-input\":\"required name=search_term_string\"}],\"inLanguage\":\"fr-FR\"},{\"@type\":\"Organization\",\"@id\":\"https:\/\/heshimardc.net\/v1\/#organization\",\"name\":\"HESHIMA MAGAZINE\",\"url\":\"https:\/\/heshimardc.net\/v1\/\",\"logo\":{\"@type\":\"ImageObject\",\"inLanguage\":\"fr-FR\",\"@id\":\"https:\/\/heshimardc.net\/v1\/#\/schema\/logo\/image\/\",\"url\":\"https:\/\/heshimardc.net\/v1\/wp-content\/uploads\/2020\/09\/logo.png\",\"contentUrl\":\"https:\/\/heshimardc.net\/v1\/wp-content\/uploads\/2020\/09\/logo.png\",\"width\":99,\"height\":130,\"caption\":\"HESHIMA MAGAZINE\"},\"image\":{\"@id\":\"https:\/\/heshimardc.net\/v1\/#\/schema\/logo\/image\/\"},\"sameAs\":[\"https:\/\/www.facebook.com\/heshimamagazine\",\"https:\/\/x.com\/HeshimaMag\"]},{\"@type\":\"Person\",\"@id\":\"https:\/\/heshimardc.net\/v1\/#\/schema\/person\/c74a2d47650131f158dc4a027547a532\",\"name\":\"RedactionH\",\"image\":{\"@type\":\"ImageObject\",\"inLanguage\":\"fr-FR\",\"@id\":\"https:\/\/heshimardc.net\/v1\/#\/schema\/person\/image\/\",\"url\":\"https:\/\/secure.gravatar.com\/avatar\/a52112f8496f362a38bf46c70ca9e956?s=96&d=mm&r=g\",\"contentUrl\":\"https:\/\/secure.gravatar.com\/avatar\/a52112f8496f362a38bf46c70ca9e956?s=96&d=mm&r=g\",\"caption\":\"RedactionH\"},\"sameAs\":[\"http:\/\/www.heshimardc.net\"],\"url\":\"https:\/\/heshimardc.net\/v1\/author\/redactionh\/\"}]}<\/script>\n<!-- \/ Yoast SEO plugin. -->","yoast_head_json":{"title":"Conflits Teke-Yaka : un chef coutumier veut rapprocher les deux camps - HESHIMA MAGAZINE","description":"Les violents affrontements interethniques entre les T\u00e9k\u00e9 et les Yaka dans le territoire de Kwamouth, en province du Ma\u00ef-Ndombe, ont \u00e9t\u00e9 port\u00e9s au sommet de l\u2019Etat. Parmi des solutions envisag\u00e9es, un dialogue entre les deux communaut\u00e9s. Sur une radio \u00e0 Kinshasa, un chef coutumier de la contr\u00e9e dit avoir re\u00e7u la mission de rapprocher les deux protagonistes.","robots":{"index":"index","follow":"follow","max-snippet":"max-snippet:-1","max-image-preview":"max-image-preview:large","max-video-preview":"max-video-preview:-1"},"canonical":"https:\/\/heshimardc.net\/v1\/2022\/10\/14\/conflits-teke-yaka-un-chef-coutumier-veut-rapprocher-les-deux-camps\/","og_locale":"fr_FR","og_type":"article","og_title":"Conflits Teke-Yaka : un chef coutumier veut rapprocher les deux camps - HESHIMA MAGAZINE","og_description":"Les violents affrontements interethniques entre les T\u00e9k\u00e9 et les Yaka dans le territoire de Kwamouth, en province du Ma\u00ef-Ndombe, ont \u00e9t\u00e9 port\u00e9s au sommet de l\u2019Etat. Parmi des solutions envisag\u00e9es, un dialogue entre les deux communaut\u00e9s. Sur une radio \u00e0 Kinshasa, un chef coutumier de la contr\u00e9e dit avoir re\u00e7u la mission de rapprocher les deux protagonistes.","og_url":"https:\/\/heshimardc.net\/v1\/2022\/10\/14\/conflits-teke-yaka-un-chef-coutumier-veut-rapprocher-les-deux-camps\/","og_site_name":"HESHIMA MAGAZINE","article_publisher":"https:\/\/www.facebook.com\/heshimamagazine","article_published_time":"2022-10-14T06:47:07+00:00","article_modified_time":"2022-10-14T06:47:20+00:00","og_image":[{"width":500,"height":428,"url":"https:\/\/heshimardc.net\/v1\/wp-content\/uploads\/2022\/10\/0C4B928D-E654-4EF1-8E82-3149F54D242B.jpeg","type":"image\/jpeg"}],"author":"RedactionH","twitter_card":"summary_large_image","twitter_creator":"@HeshimaMag","twitter_site":"@HeshimaMag","twitter_misc":{"\u00c9crit par":"RedactionH","Dur\u00e9e de lecture estim\u00e9e":"6 minutes"},"schema":{"@context":"https:\/\/schema.org","@graph":[{"@type":"Article","@id":"https:\/\/heshimardc.net\/v1\/2022\/10\/14\/conflits-teke-yaka-un-chef-coutumier-veut-rapprocher-les-deux-camps\/#article","isPartOf":{"@id":"https:\/\/heshimardc.net\/v1\/2022\/10\/14\/conflits-teke-yaka-un-chef-coutumier-veut-rapprocher-les-deux-camps\/"},"author":{"name":"RedactionH","@id":"https:\/\/heshimardc.net\/v1\/#\/schema\/person\/c74a2d47650131f158dc4a027547a532"},"headline":"Conflits Teke-Yaka : un chef coutumier veut rapprocher les deux camps","datePublished":"2022-10-14T06:47:07+00:00","dateModified":"2022-10-14T06:47:20+00:00","mainEntityOfPage":{"@id":"https:\/\/heshimardc.net\/v1\/2022\/10\/14\/conflits-teke-yaka-un-chef-coutumier-veut-rapprocher-les-deux-camps\/"},"wordCount":1374,"publisher":{"@id":"https:\/\/heshimardc.net\/v1\/#organization"},"image":{"@id":"https:\/\/heshimardc.net\/v1\/2022\/10\/14\/conflits-teke-yaka-un-chef-coutumier-veut-rapprocher-les-deux-camps\/#primaryimage"},"thumbnailUrl":"https:\/\/heshimardc.net\/v1\/wp-content\/uploads\/2022\/10\/0C4B928D-E654-4EF1-8E82-3149F54D242B.jpeg","articleSection":["Soci\u00e9t\u00e9"],"inLanguage":"fr-FR"},{"@type":"WebPage","@id":"https:\/\/heshimardc.net\/v1\/2022\/10\/14\/conflits-teke-yaka-un-chef-coutumier-veut-rapprocher-les-deux-camps\/","url":"https:\/\/heshimardc.net\/v1\/2022\/10\/14\/conflits-teke-yaka-un-chef-coutumier-veut-rapprocher-les-deux-camps\/","name":"Conflits Teke-Yaka : un chef coutumier veut rapprocher les deux camps - HESHIMA MAGAZINE","isPartOf":{"@id":"https:\/\/heshimardc.net\/v1\/#website"},"primaryImageOfPage":{"@id":"https:\/\/heshimardc.net\/v1\/2022\/10\/14\/conflits-teke-yaka-un-chef-coutumier-veut-rapprocher-les-deux-camps\/#primaryimage"},"image":{"@id":"https:\/\/heshimardc.net\/v1\/2022\/10\/14\/conflits-teke-yaka-un-chef-coutumier-veut-rapprocher-les-deux-camps\/#primaryimage"},"thumbnailUrl":"https:\/\/heshimardc.net\/v1\/wp-content\/uploads\/2022\/10\/0C4B928D-E654-4EF1-8E82-3149F54D242B.jpeg","datePublished":"2022-10-14T06:47:07+00:00","dateModified":"2022-10-14T06:47:20+00:00","description":"Les violents affrontements interethniques entre les T\u00e9k\u00e9 et les Yaka dans le territoire de Kwamouth, en province du Ma\u00ef-Ndombe, ont \u00e9t\u00e9 port\u00e9s au sommet de l\u2019Etat. Parmi des solutions envisag\u00e9es, un dialogue entre les deux communaut\u00e9s. Sur une radio \u00e0 Kinshasa, un chef coutumier de la contr\u00e9e dit avoir re\u00e7u la mission de rapprocher les deux protagonistes.","breadcrumb":{"@id":"https:\/\/heshimardc.net\/v1\/2022\/10\/14\/conflits-teke-yaka-un-chef-coutumier-veut-rapprocher-les-deux-camps\/#breadcrumb"},"inLanguage":"fr-FR","potentialAction":[{"@type":"ReadAction","target":["https:\/\/heshimardc.net\/v1\/2022\/10\/14\/conflits-teke-yaka-un-chef-coutumier-veut-rapprocher-les-deux-camps\/"]}]},{"@type":"ImageObject","inLanguage":"fr-FR","@id":"https:\/\/heshimardc.net\/v1\/2022\/10\/14\/conflits-teke-yaka-un-chef-coutumier-veut-rapprocher-les-deux-camps\/#primaryimage","url":"https:\/\/heshimardc.net\/v1\/wp-content\/uploads\/2022\/10\/0C4B928D-E654-4EF1-8E82-3149F54D242B.jpeg","contentUrl":"https:\/\/heshimardc.net\/v1\/wp-content\/uploads\/2022\/10\/0C4B928D-E654-4EF1-8E82-3149F54D242B.jpeg","width":500,"height":428},{"@type":"BreadcrumbList","@id":"https:\/\/heshimardc.net\/v1\/2022\/10\/14\/conflits-teke-yaka-un-chef-coutumier-veut-rapprocher-les-deux-camps\/#breadcrumb","itemListElement":[{"@type":"ListItem","position":1,"name":"Accueil","item":"https:\/\/heshimardc.net\/v1\/"},{"@type":"ListItem","position":2,"name":"Conflits Teke-Yaka : un chef coutumier veut rapprocher les deux camps"}]},{"@type":"WebSite","@id":"https:\/\/heshimardc.net\/v1\/#website","url":"https:\/\/heshimardc.net\/v1\/","name":"HESHIMA MAGAZINE","description":"Le magazine Congolais qui bat au rythme de l&#039;actualit\u00e9","publisher":{"@id":"https:\/\/heshimardc.net\/v1\/#organization"},"potentialAction":[{"@type":"SearchAction","target":{"@type":"EntryPoint","urlTemplate":"https:\/\/heshimardc.net\/v1\/?s={search_term_string}"},"query-input":"required name=search_term_string"}],"inLanguage":"fr-FR"},{"@type":"Organization","@id":"https:\/\/heshimardc.net\/v1\/#organization","name":"HESHIMA MAGAZINE","url":"https:\/\/heshimardc.net\/v1\/","logo":{"@type":"ImageObject","inLanguage":"fr-FR","@id":"https:\/\/heshimardc.net\/v1\/#\/schema\/logo\/image\/","url":"https:\/\/heshimardc.net\/v1\/wp-content\/uploads\/2020\/09\/logo.png","contentUrl":"https:\/\/heshimardc.net\/v1\/wp-content\/uploads\/2020\/09\/logo.png","width":99,"height":130,"caption":"HESHIMA MAGAZINE"},"image":{"@id":"https:\/\/heshimardc.net\/v1\/#\/schema\/logo\/image\/"},"sameAs":["https:\/\/www.facebook.com\/heshimamagazine","https:\/\/x.com\/HeshimaMag"]},{"@type":"Person","@id":"https:\/\/heshimardc.net\/v1\/#\/schema\/person\/c74a2d47650131f158dc4a027547a532","name":"RedactionH","image":{"@type":"ImageObject","inLanguage":"fr-FR","@id":"https:\/\/heshimardc.net\/v1\/#\/schema\/person\/image\/","url":"https:\/\/secure.gravatar.com\/avatar\/a52112f8496f362a38bf46c70ca9e956?s=96&d=mm&r=g","contentUrl":"https:\/\/secure.gravatar.com\/avatar\/a52112f8496f362a38bf46c70ca9e956?s=96&d=mm&r=g","caption":"RedactionH"},"sameAs":["http:\/\/www.heshimardc.net"],"url":"https:\/\/heshimardc.net\/v1\/author\/redactionh\/"}]}},"amp_enabled":true,"_links":{"self":[{"href":"https:\/\/heshimardc.net\/v1\/wp-json\/wp\/v2\/posts\/3155"}],"collection":[{"href":"https:\/\/heshimardc.net\/v1\/wp-json\/wp\/v2\/posts"}],"about":[{"href":"https:\/\/heshimardc.net\/v1\/wp-json\/wp\/v2\/types\/post"}],"author":[{"embeddable":true,"href":"https:\/\/heshimardc.net\/v1\/wp-json\/wp\/v2\/users\/2"}],"replies":[{"embeddable":true,"href":"https:\/\/heshimardc.net\/v1\/wp-json\/wp\/v2\/comments?post=3155"}],"version-history":[{"count":1,"href":"https:\/\/heshimardc.net\/v1\/wp-json\/wp\/v2\/posts\/3155\/revisions"}],"predecessor-version":[{"id":3157,"href":"https:\/\/heshimardc.net\/v1\/wp-json\/wp\/v2\/posts\/3155\/revisions\/3157"}],"wp:featuredmedia":[{"embeddable":true,"href":"https:\/\/heshimardc.net\/v1\/wp-json\/wp\/v2\/media\/3156"}],"wp:attachment":[{"href":"https:\/\/heshimardc.net\/v1\/wp-json\/wp\/v2\/media?parent=3155"}],"wp:term":[{"taxonomy":"category","embeddable":true,"href":"https:\/\/heshimardc.net\/v1\/wp-json\/wp\/v2\/categories?post=3155"},{"taxonomy":"post_tag","embeddable":true,"href":"https:\/\/heshimardc.net\/v1\/wp-json\/wp\/v2\/tags?post=3155"}],"curies":[{"name":"wp","href":"https:\/\/api.w.org\/{rel}","templated":true}]}}