{"id":3281,"date":"2023-01-26T20:53:24","date_gmt":"2023-01-26T20:53:24","guid":{"rendered":"https:\/\/heshimardc.net\/v1\/?p=3281"},"modified":"2023-01-26T20:53:27","modified_gmt":"2023-01-26T20:53:27","slug":"un-homme-discret-et-efficace","status":"publish","type":"post","link":"https:\/\/heshimardc.net\/v1\/2023\/01\/26\/un-homme-discret-et-efficace\/","title":{"rendered":"Un homme discret et efficace !"},"content":{"rendered":"\n<p><\/p>\n\n\n\n<p class=\"has-drop-cap\">Effac\u00e9 \u00e0 dessein, croyant plus aux \u0153uvres qu\u2019aux discours, p\u00e8re d\u2019une famille croyante et chr\u00e9tienne, l\u2019homme fait la cinquantaine r\u00e9volue \u2013 55 ans exactement. Ancien du Petit S\u00e9minaire de Katudwe Cibimbi \u00e0 Nyangezi et du tr\u00e8s c\u00e9l\u00e8bre coll\u00e8ge&nbsp;Alfajiri des P\u00e8res J\u00e9suites de Bukavu, il y entreprit et y acheva ses \u00e9tudes secondaires en Chimie-Biologie. La suite de son parcours d\u00e9montre \u00e0 quel point l\u2019homme \u00e9tait et est aussi curieux que studieux, aussi insatisfait que friand de connaissance. En&nbsp;effet, ayant successivement fr\u00e9quent\u00e9 l\u2019Universit\u00e9 de Kinshasa, l\u2019Universit\u00e9 Protestante du Congo essentiellement, Monsieur Mubembe a fait des \u00e9tudes de Pharmacie, puis de Droit et m\u00eame de D\u00e9veloppement, dans lesquelles il justifie tous ses dipl\u00f4mes universitaires cons\u00e9quents.<\/p>\n\n\n\n<p>Tour \u00e0 tour, Chef de D\u00e9partement M\u00e9dico-Pharmaceutique de la Police Nationale puis Directeur G\u00e9n\u00e9ral du Fonds de Promotion Culturelle, celui qui se d\u00e9finit parfois comme un \u00ab homme hautement culturel \u00bb a \u00e9galement \u00e9t\u00e9 Conseiller dans quelques Cabinets politiques au niveau national. Proche collaborateur de celui que d\u2019aucuns appellent \u00ab Mwalimu \u00bb, Vital Kamerhe, Eustache est l\u2019un des piliers et pionniers de l\u2019Union pour la Nation Congolaise (UNC), qui lui est ch\u00e8re.<\/p>\n\n\n\n<div class=\"wp-block-image\"><figure class=\"aligncenter size-large is-resized\"><img loading=\"lazy\" decoding=\"async\" src=\"https:\/\/heshimardc.net\/v1\/wp-content\/uploads\/2023\/01\/WhatsApp-Image-2023-01-26-at-21.00.06-1024x768.jpeg\" alt=\"\" class=\"wp-image-3288\" width=\"605\" height=\"454\" srcset=\"https:\/\/heshimardc.net\/v1\/wp-content\/uploads\/2023\/01\/WhatsApp-Image-2023-01-26-at-21.00.06-1024x768.jpeg 1024w, https:\/\/heshimardc.net\/v1\/wp-content\/uploads\/2023\/01\/WhatsApp-Image-2023-01-26-at-21.00.06-300x225.jpeg 300w, https:\/\/heshimardc.net\/v1\/wp-content\/uploads\/2023\/01\/WhatsApp-Image-2023-01-26-at-21.00.06-768x576.jpeg 768w, https:\/\/heshimardc.net\/v1\/wp-content\/uploads\/2023\/01\/WhatsApp-Image-2023-01-26-at-21.00.06-16x12.jpeg 16w, https:\/\/heshimardc.net\/v1\/wp-content\/uploads\/2023\/01\/WhatsApp-Image-2023-01-26-at-21.00.06.jpeg 1280w\" sizes=\"(max-width: 605px) 100vw, 605px\" \/><\/figure><\/div>\n\n\n\n<p> Il en a \u00e9t\u00e9 successivement, d\u00e8s sa cr\u00e9ation, le Secr\u00e9taire Politique National Adjoint charg\u00e9 de l\u2019Organisation, pour devenir, au plus fort des enjeux, Coordonnateur de la Cellule Nationale des \u00c9lections. Sa touche personnelle s\u2019y est vite fait remarquer. Comment en aurait-il d\u2019ailleurs \u00e9t\u00e9 autrement quand on connait la m\u00e9ticulosit\u00e9, le volontarisme et l\u2019amour du travail bien fait qui sont quelques traits dominants de sa personnalit\u00e9.<\/p>\n\n\n\n<p class=\"has-text-color\" style=\"color:#bf0003\"><strong>Exploits \u00e0 la t\u00eate de l\u2019EPME<\/strong><\/p>\n\n\n\n<p>Par rapport \u00e0 ce qu\u2019il a accompli, Eustache Muhanzi demeure depuis trois ans l\u2019un des membres du gouvernement de la R\u00e9publique les plus actifs. Le 27 avril 2021, lorsqu\u2019il proc\u00e9dait \u00e0 la remise\u00a0grandes r\u00e9formes. Il avait indiqu\u00e9 que son action serait ax\u00e9e sur cinq objectifs principaux, \u00e0 savoir mettre en \u0153uvre le Programme national de d\u00e9veloppement de l\u2019Entrepreneuriat au Congo pour promouvoir l\u2019\u00e9mergence des classes moyennes congolaises, doter le pays d\u2019un cadre l\u00e9gal et r\u00e9glementaire sur l\u2019entrepreneuriat, l\u2019artisanat et les startups&#8230;<\/p>\n\n\n\n<p>&nbsp;Depuis, le travail qu\u2019il abat avec les structures d\u00e9pendant de sa tutelle, parmi lesquelles l\u2019Autorit\u00e9 de r\u00e9gulation de la sous-traitance dans le secteur priv\u00e9 (ARSP), le Projet d\u2019appui au d\u00e9veloppement &nbsp;i c r o s , petites et moyennes entreprises (PDMPME), le Fonds de garantie pour l\u2019entrepreneuriat au Congo (FOGEC), et l\u2019Agence nationale pour le d\u00e9veloppement des entreprises du Congo (ANADEC), ne passe pas inaper\u00e7u. Il a r\u00e9alis\u00e9 une kyrielle d\u2019actions notamment le programme de l\u2019impl\u00e9mentation des incubateurs des PME et des startups lanc\u00e9 dans 17 provinces, l\u2019obtention des financements pour plus d\u2019une centaine de PME&#8230;<\/p>\n\n\n\n<div class=\"wp-block-image\"><figure class=\"aligncenter size-large is-resized\"><img loading=\"lazy\" decoding=\"async\" src=\"https:\/\/heshimardc.net\/v1\/wp-content\/uploads\/2023\/01\/WhatsApp-Image-2023-01-26-at-21.00.06-1-1024x768.jpeg\" alt=\"\" class=\"wp-image-3287\" width=\"463\" height=\"347\" srcset=\"https:\/\/heshimardc.net\/v1\/wp-content\/uploads\/2023\/01\/WhatsApp-Image-2023-01-26-at-21.00.06-1-1024x768.jpeg 1024w, https:\/\/heshimardc.net\/v1\/wp-content\/uploads\/2023\/01\/WhatsApp-Image-2023-01-26-at-21.00.06-1-300x225.jpeg 300w, https:\/\/heshimardc.net\/v1\/wp-content\/uploads\/2023\/01\/WhatsApp-Image-2023-01-26-at-21.00.06-1-768x576.jpeg 768w, https:\/\/heshimardc.net\/v1\/wp-content\/uploads\/2023\/01\/WhatsApp-Image-2023-01-26-at-21.00.06-1-16x12.jpeg 16w, https:\/\/heshimardc.net\/v1\/wp-content\/uploads\/2023\/01\/WhatsApp-Image-2023-01-26-at-21.00.06-1.jpeg 1280w\" sizes=\"(max-width: 463px) 100vw, 463px\" \/><\/figure><\/div>\n\n\n\n<p class=\"has-text-color\" style=\"color:#c20003\"><strong>Des empreintes ind\u00e9l\u00e9biles \u00e0 l\u2019Energie<\/strong><\/p>\n\n\n\n<p>Le ministre d\u2019Etat Eustache Muhanzi n\u2019est pas \u00e0 sa premi\u00e8re exp\u00e9rience. A l\u2019instar de l\u2019EPME, il avait d\u00e9j\u00e0 marqu\u00e9 d\u2019une empreinte ind\u00e9l\u00e9bile le minist\u00e8re des Ressources Hydrauliques, portefeuille qu\u2019il avait occup\u00e9 au sein du premier gouvernement de l\u2019alternance politique pacifique. En 2020, alors que la pand\u00e9mie \u00e0 Coronavirus s\u00e9vissait, il avait veill\u00e9 sur la stricte application de toutes les mesures ou d\u00e9cisions prises par le chef de l\u2019Etat relative \u00e0 la pand\u00e9mie de coronavirus, consistant \u00e0 desservir la population en eau potable et en \u00e9lectricit\u00e9 gratuitement pendant deux mois.<\/p>\n\n\n\n<p>&nbsp;Il avait contribu\u00e9 dans l\u2019am\u00e9lioration de la production et de la distribution d\u2019eau potable, dans le cadre du projet d\u2019alimentation d\u2019eau en milieu urbain (PEMU), financ\u00e9s par la Banque mondiale en partenariat avec la soci\u00e9t\u00e9 chinoise WTC. Sous sa f\u00e9rule, la construction de deux nouvelles usines de production d\u2019eau potable \u00e9tait lanc\u00e9e dans le but de r\u00e9sorber le d\u00e9ficit, \u00e0 savoir l\u2019usine de Lemba Imbu et celle de Binza-Ozone. D\u2019une capacit\u00e9 de production finale de 220 000 m3\/jour, l\u2019usine de Lemba Imbu a \u00e9t\u00e9 inaugur\u00e9e le 23 ao\u00fbt 2022. Quant \u00e0 celle de Binza-Ozone, qui produira au finish 300 000 m3\/jour, les travaux continuent.&nbsp;<\/p>\n\n\n\n<p>Concernant la lib\u00e9ralisation du secteur de l\u2019\u00e9lectricit\u00e9, il est le premier ministre qui avait facilit\u00e9 la mise en \u0153uvre de l\u2019Autorit\u00e9 de r\u00e9gulation du secteur de l\u2019\u00e9lectricit\u00e9 et de l\u2019Agence nationale de l\u2019\u00e9lectrification et des services \u00e9nerg\u00e9tiques en milieux rural et p\u00e9riurbain (ANSER), deux \u00e9tablissements cr\u00e9\u00e9s dans le cadre de la lib\u00e9ralisation du secteur de l\u2019\u00e9lectricit\u00e9, dont le travail est aujourd\u2019hui remarquable sur le terrain.&nbsp;<\/p>\n\n\n\n<p>En f\u00e9vrier 2020, le ministre d\u2019Etat Muhanzi avait \u00e9t\u00e9 parmi les signataires d\u2019un protocole d\u2019accord entre le gouvernement congolais et General Electric, dans lequel la soci\u00e9t\u00e9 am\u00e9ricaine s\u2019\u00e9tait engag\u00e9e \u00e0 investir plus d\u2019un milliard de dollars en RDC, particuli\u00e8rement dans les barrages d\u2019Inga. Aussi avaitil pr\u00e9sent\u00e9 le 08 f\u00e9vrier 2021, avec le concours de l\u2019Agence Nationale de la Promotion des Investissements (ANAPI), un recueil des textes l\u00e9gaux et r\u00e9glementaires de mise en \u0153uvre des activit\u00e9s du secteur de l\u2019\u00e9lectricit\u00e9&#8230;&nbsp;<\/p>\n\n\n\n<p>&nbsp;Heshima<\/p>\n","protected":false},"excerpt":{"rendered":"<p>Discret, peu connu du grand public, et cela en partie volontairement. Il se pourrait qu\u2019il soit temps de savoir finalement qui est Eustache Muhanzi Mubembe, celui-l\u00e0 m\u00eame \u00e0 qui le Pr\u00e9sident de la R\u00e9publique a fait confiance en lui accordant la gestion du portefeuille des Ressources Hydrauliques et \u00c9lectricit\u00e9 dans le premier Gouvernement de l\u2019alternance pacifique puis le portefeuille de l\u2019Entrepreneuriat, Petites et Moyennes entreprises dans l\u2019actuel gouvernement Sama Lukonde.<\/p>\n","protected":false},"author":2,"featured_media":3286,"comment_status":"closed","ping_status":"closed","sticky":true,"template":"","format":"standard","meta":{"footnotes":""},"categories":[6],"tags":[59,240],"class_list":["post-3281","post","type-post","status-publish","format-standard","has-post-thumbnail","hentry","category-focus","tag-featured","tag-pme"],"yoast_head":"<!-- This site is optimized with the Yoast SEO plugin v23.3 - https:\/\/yoast.com\/wordpress\/plugins\/seo\/ -->\n<title>Un homme discret et efficace ! - HESHIMA MAGAZINE<\/title>\n<meta name=\"description\" content=\"Discret, peu connu du grand public, et cela en partie volontairement. Il se pourrait qu\u2019il soit temps de savoir finalement qui est Eustache Muhanzi Mubembe, celui-l\u00e0 m\u00eame \u00e0 qui le Pr\u00e9sident de la R\u00e9publique a fait confiance en lui accordant la gestion du portefeuille des Ressources Hydrauliques et \u00c9lectricit\u00e9 dans le premier Gouvernement de l\u2019alternance pacifique puis le portefeuille de l\u2019Entrepreneuriat, Petites et Moyennes entreprises dans l\u2019actuel gouvernement Sama Lukonde.\" \/>\n<meta name=\"robots\" content=\"index, follow, max-snippet:-1, max-image-preview:large, max-video-preview:-1\" \/>\n<link rel=\"canonical\" href=\"https:\/\/heshimardc.net\/v1\/2023\/01\/26\/un-homme-discret-et-efficace\/\" \/>\n<meta property=\"og:locale\" content=\"fr_FR\" \/>\n<meta property=\"og:type\" content=\"article\" \/>\n<meta property=\"og:title\" content=\"Un homme discret et efficace ! - HESHIMA MAGAZINE\" \/>\n<meta property=\"og:description\" content=\"Discret, peu connu du grand public, et cela en partie volontairement. Il se pourrait qu\u2019il soit temps de savoir finalement qui est Eustache Muhanzi Mubembe, celui-l\u00e0 m\u00eame \u00e0 qui le Pr\u00e9sident de la R\u00e9publique a fait confiance en lui accordant la gestion du portefeuille des Ressources Hydrauliques et \u00c9lectricit\u00e9 dans le premier Gouvernement de l\u2019alternance pacifique puis le portefeuille de l\u2019Entrepreneuriat, Petites et Moyennes entreprises dans l\u2019actuel gouvernement Sama Lukonde.\" \/>\n<meta property=\"og:url\" content=\"https:\/\/heshimardc.net\/v1\/2023\/01\/26\/un-homme-discret-et-efficace\/\" \/>\n<meta property=\"og:site_name\" content=\"HESHIMA MAGAZINE\" \/>\n<meta property=\"article:publisher\" content=\"https:\/\/www.facebook.com\/heshimamagazine\" \/>\n<meta property=\"article:published_time\" content=\"2023-01-26T20:53:24+00:00\" \/>\n<meta property=\"article:modified_time\" content=\"2023-01-26T20:53:27+00:00\" \/>\n<meta property=\"og:image\" content=\"https:\/\/heshimardc.net\/v1\/wp-content\/uploads\/2023\/01\/WhatsApp-Image-2023-01-26-at-21.00.05.jpeg\" \/>\n\t<meta property=\"og:image:width\" content=\"1280\" \/>\n\t<meta property=\"og:image:height\" content=\"960\" \/>\n\t<meta property=\"og:image:type\" content=\"image\/jpeg\" \/>\n<meta name=\"author\" content=\"RedactionH\" \/>\n<meta name=\"twitter:card\" content=\"summary_large_image\" \/>\n<meta name=\"twitter:creator\" content=\"@HeshimaMag\" \/>\n<meta name=\"twitter:site\" content=\"@HeshimaMag\" \/>\n<meta name=\"twitter:label1\" content=\"\u00c9crit par\" \/>\n\t<meta name=\"twitter:data1\" content=\"RedactionH\" \/>\n\t<meta name=\"twitter:label2\" content=\"Dur\u00e9e de lecture estim\u00e9e\" \/>\n\t<meta name=\"twitter:data2\" content=\"5 minutes\" \/>\n<script type=\"application\/ld+json\" class=\"yoast-schema-graph\">{\"@context\":\"https:\/\/schema.org\",\"@graph\":[{\"@type\":\"Article\",\"@id\":\"https:\/\/heshimardc.net\/v1\/2023\/01\/26\/un-homme-discret-et-efficace\/#article\",\"isPartOf\":{\"@id\":\"https:\/\/heshimardc.net\/v1\/2023\/01\/26\/un-homme-discret-et-efficace\/\"},\"author\":{\"name\":\"RedactionH\",\"@id\":\"https:\/\/heshimardc.net\/v1\/#\/schema\/person\/c74a2d47650131f158dc4a027547a532\"},\"headline\":\"Un homme discret et efficace !\",\"datePublished\":\"2023-01-26T20:53:24+00:00\",\"dateModified\":\"2023-01-26T20:53:27+00:00\",\"mainEntityOfPage\":{\"@id\":\"https:\/\/heshimardc.net\/v1\/2023\/01\/26\/un-homme-discret-et-efficace\/\"},\"wordCount\":900,\"publisher\":{\"@id\":\"https:\/\/heshimardc.net\/v1\/#organization\"},\"image\":{\"@id\":\"https:\/\/heshimardc.net\/v1\/2023\/01\/26\/un-homme-discret-et-efficace\/#primaryimage\"},\"thumbnailUrl\":\"https:\/\/heshimardc.net\/v1\/wp-content\/uploads\/2023\/01\/WhatsApp-Image-2023-01-26-at-21.00.05.jpeg\",\"keywords\":[\"Featured\",\"PME\"],\"articleSection\":[\"Focus\"],\"inLanguage\":\"fr-FR\"},{\"@type\":\"WebPage\",\"@id\":\"https:\/\/heshimardc.net\/v1\/2023\/01\/26\/un-homme-discret-et-efficace\/\",\"url\":\"https:\/\/heshimardc.net\/v1\/2023\/01\/26\/un-homme-discret-et-efficace\/\",\"name\":\"Un homme discret et efficace ! - HESHIMA MAGAZINE\",\"isPartOf\":{\"@id\":\"https:\/\/heshimardc.net\/v1\/#website\"},\"primaryImageOfPage\":{\"@id\":\"https:\/\/heshimardc.net\/v1\/2023\/01\/26\/un-homme-discret-et-efficace\/#primaryimage\"},\"image\":{\"@id\":\"https:\/\/heshimardc.net\/v1\/2023\/01\/26\/un-homme-discret-et-efficace\/#primaryimage\"},\"thumbnailUrl\":\"https:\/\/heshimardc.net\/v1\/wp-content\/uploads\/2023\/01\/WhatsApp-Image-2023-01-26-at-21.00.05.jpeg\",\"datePublished\":\"2023-01-26T20:53:24+00:00\",\"dateModified\":\"2023-01-26T20:53:27+00:00\",\"description\":\"Discret, peu connu du grand public, et cela en partie volontairement. Il se pourrait qu\u2019il soit temps de savoir finalement qui est Eustache Muhanzi Mubembe, celui-l\u00e0 m\u00eame \u00e0 qui le Pr\u00e9sident de la R\u00e9publique a fait confiance en lui accordant la gestion du portefeuille des Ressources Hydrauliques et \u00c9lectricit\u00e9 dans le premier Gouvernement de l\u2019alternance pacifique puis le portefeuille de l\u2019Entrepreneuriat, Petites et Moyennes entreprises dans l\u2019actuel gouvernement Sama Lukonde.\",\"breadcrumb\":{\"@id\":\"https:\/\/heshimardc.net\/v1\/2023\/01\/26\/un-homme-discret-et-efficace\/#breadcrumb\"},\"inLanguage\":\"fr-FR\",\"potentialAction\":[{\"@type\":\"ReadAction\",\"target\":[\"https:\/\/heshimardc.net\/v1\/2023\/01\/26\/un-homme-discret-et-efficace\/\"]}]},{\"@type\":\"ImageObject\",\"inLanguage\":\"fr-FR\",\"@id\":\"https:\/\/heshimardc.net\/v1\/2023\/01\/26\/un-homme-discret-et-efficace\/#primaryimage\",\"url\":\"https:\/\/heshimardc.net\/v1\/wp-content\/uploads\/2023\/01\/WhatsApp-Image-2023-01-26-at-21.00.05.jpeg\",\"contentUrl\":\"https:\/\/heshimardc.net\/v1\/wp-content\/uploads\/2023\/01\/WhatsApp-Image-2023-01-26-at-21.00.05.jpeg\",\"width\":1280,\"height\":960},{\"@type\":\"BreadcrumbList\",\"@id\":\"https:\/\/heshimardc.net\/v1\/2023\/01\/26\/un-homme-discret-et-efficace\/#breadcrumb\",\"itemListElement\":[{\"@type\":\"ListItem\",\"position\":1,\"name\":\"Accueil\",\"item\":\"https:\/\/heshimardc.net\/v1\/\"},{\"@type\":\"ListItem\",\"position\":2,\"name\":\"Un homme discret et efficace !\"}]},{\"@type\":\"WebSite\",\"@id\":\"https:\/\/heshimardc.net\/v1\/#website\",\"url\":\"https:\/\/heshimardc.net\/v1\/\",\"name\":\"HESHIMA MAGAZINE\",\"description\":\"Le magazine Congolais qui bat au rythme de l&#039;actualit\u00e9\",\"publisher\":{\"@id\":\"https:\/\/heshimardc.net\/v1\/#organization\"},\"potentialAction\":[{\"@type\":\"SearchAction\",\"target\":{\"@type\":\"EntryPoint\",\"urlTemplate\":\"https:\/\/heshimardc.net\/v1\/?s={search_term_string}\"},\"query-input\":\"required name=search_term_string\"}],\"inLanguage\":\"fr-FR\"},{\"@type\":\"Organization\",\"@id\":\"https:\/\/heshimardc.net\/v1\/#organization\",\"name\":\"HESHIMA MAGAZINE\",\"url\":\"https:\/\/heshimardc.net\/v1\/\",\"logo\":{\"@type\":\"ImageObject\",\"inLanguage\":\"fr-FR\",\"@id\":\"https:\/\/heshimardc.net\/v1\/#\/schema\/logo\/image\/\",\"url\":\"https:\/\/heshimardc.net\/v1\/wp-content\/uploads\/2020\/09\/logo.png\",\"contentUrl\":\"https:\/\/heshimardc.net\/v1\/wp-content\/uploads\/2020\/09\/logo.png\",\"width\":99,\"height\":130,\"caption\":\"HESHIMA MAGAZINE\"},\"image\":{\"@id\":\"https:\/\/heshimardc.net\/v1\/#\/schema\/logo\/image\/\"},\"sameAs\":[\"https:\/\/www.facebook.com\/heshimamagazine\",\"https:\/\/x.com\/HeshimaMag\"]},{\"@type\":\"Person\",\"@id\":\"https:\/\/heshimardc.net\/v1\/#\/schema\/person\/c74a2d47650131f158dc4a027547a532\",\"name\":\"RedactionH\",\"image\":{\"@type\":\"ImageObject\",\"inLanguage\":\"fr-FR\",\"@id\":\"https:\/\/heshimardc.net\/v1\/#\/schema\/person\/image\/\",\"url\":\"https:\/\/secure.gravatar.com\/avatar\/a52112f8496f362a38bf46c70ca9e956?s=96&d=mm&r=g\",\"contentUrl\":\"https:\/\/secure.gravatar.com\/avatar\/a52112f8496f362a38bf46c70ca9e956?s=96&d=mm&r=g\",\"caption\":\"RedactionH\"},\"sameAs\":[\"http:\/\/www.heshimardc.net\"],\"url\":\"https:\/\/heshimardc.net\/v1\/author\/redactionh\/\"}]}<\/script>\n<!-- \/ Yoast SEO plugin. -->","yoast_head_json":{"title":"Un homme discret et efficace ! - HESHIMA MAGAZINE","description":"Discret, peu connu du grand public, et cela en partie volontairement. Il se pourrait qu\u2019il soit temps de savoir finalement qui est Eustache Muhanzi Mubembe, celui-l\u00e0 m\u00eame \u00e0 qui le Pr\u00e9sident de la R\u00e9publique a fait confiance en lui accordant la gestion du portefeuille des Ressources Hydrauliques et \u00c9lectricit\u00e9 dans le premier Gouvernement de l\u2019alternance pacifique puis le portefeuille de l\u2019Entrepreneuriat, Petites et Moyennes entreprises dans l\u2019actuel gouvernement Sama Lukonde.","robots":{"index":"index","follow":"follow","max-snippet":"max-snippet:-1","max-image-preview":"max-image-preview:large","max-video-preview":"max-video-preview:-1"},"canonical":"https:\/\/heshimardc.net\/v1\/2023\/01\/26\/un-homme-discret-et-efficace\/","og_locale":"fr_FR","og_type":"article","og_title":"Un homme discret et efficace ! - HESHIMA MAGAZINE","og_description":"Discret, peu connu du grand public, et cela en partie volontairement. Il se pourrait qu\u2019il soit temps de savoir finalement qui est Eustache Muhanzi Mubembe, celui-l\u00e0 m\u00eame \u00e0 qui le Pr\u00e9sident de la R\u00e9publique a fait confiance en lui accordant la gestion du portefeuille des Ressources Hydrauliques et \u00c9lectricit\u00e9 dans le premier Gouvernement de l\u2019alternance pacifique puis le portefeuille de l\u2019Entrepreneuriat, Petites et Moyennes entreprises dans l\u2019actuel gouvernement Sama Lukonde.","og_url":"https:\/\/heshimardc.net\/v1\/2023\/01\/26\/un-homme-discret-et-efficace\/","og_site_name":"HESHIMA MAGAZINE","article_publisher":"https:\/\/www.facebook.com\/heshimamagazine","article_published_time":"2023-01-26T20:53:24+00:00","article_modified_time":"2023-01-26T20:53:27+00:00","og_image":[{"width":1280,"height":960,"url":"https:\/\/heshimardc.net\/v1\/wp-content\/uploads\/2023\/01\/WhatsApp-Image-2023-01-26-at-21.00.05.jpeg","type":"image\/jpeg"}],"author":"RedactionH","twitter_card":"summary_large_image","twitter_creator":"@HeshimaMag","twitter_site":"@HeshimaMag","twitter_misc":{"\u00c9crit par":"RedactionH","Dur\u00e9e de lecture estim\u00e9e":"5 minutes"},"schema":{"@context":"https:\/\/schema.org","@graph":[{"@type":"Article","@id":"https:\/\/heshimardc.net\/v1\/2023\/01\/26\/un-homme-discret-et-efficace\/#article","isPartOf":{"@id":"https:\/\/heshimardc.net\/v1\/2023\/01\/26\/un-homme-discret-et-efficace\/"},"author":{"name":"RedactionH","@id":"https:\/\/heshimardc.net\/v1\/#\/schema\/person\/c74a2d47650131f158dc4a027547a532"},"headline":"Un homme discret et efficace !","datePublished":"2023-01-26T20:53:24+00:00","dateModified":"2023-01-26T20:53:27+00:00","mainEntityOfPage":{"@id":"https:\/\/heshimardc.net\/v1\/2023\/01\/26\/un-homme-discret-et-efficace\/"},"wordCount":900,"publisher":{"@id":"https:\/\/heshimardc.net\/v1\/#organization"},"image":{"@id":"https:\/\/heshimardc.net\/v1\/2023\/01\/26\/un-homme-discret-et-efficace\/#primaryimage"},"thumbnailUrl":"https:\/\/heshimardc.net\/v1\/wp-content\/uploads\/2023\/01\/WhatsApp-Image-2023-01-26-at-21.00.05.jpeg","keywords":["Featured","PME"],"articleSection":["Focus"],"inLanguage":"fr-FR"},{"@type":"WebPage","@id":"https:\/\/heshimardc.net\/v1\/2023\/01\/26\/un-homme-discret-et-efficace\/","url":"https:\/\/heshimardc.net\/v1\/2023\/01\/26\/un-homme-discret-et-efficace\/","name":"Un homme discret et efficace ! - HESHIMA MAGAZINE","isPartOf":{"@id":"https:\/\/heshimardc.net\/v1\/#website"},"primaryImageOfPage":{"@id":"https:\/\/heshimardc.net\/v1\/2023\/01\/26\/un-homme-discret-et-efficace\/#primaryimage"},"image":{"@id":"https:\/\/heshimardc.net\/v1\/2023\/01\/26\/un-homme-discret-et-efficace\/#primaryimage"},"thumbnailUrl":"https:\/\/heshimardc.net\/v1\/wp-content\/uploads\/2023\/01\/WhatsApp-Image-2023-01-26-at-21.00.05.jpeg","datePublished":"2023-01-26T20:53:24+00:00","dateModified":"2023-01-26T20:53:27+00:00","description":"Discret, peu connu du grand public, et cela en partie volontairement. Il se pourrait qu\u2019il soit temps de savoir finalement qui est Eustache Muhanzi Mubembe, celui-l\u00e0 m\u00eame \u00e0 qui le Pr\u00e9sident de la R\u00e9publique a fait confiance en lui accordant la gestion du portefeuille des Ressources Hydrauliques et \u00c9lectricit\u00e9 dans le premier Gouvernement de l\u2019alternance pacifique puis le portefeuille de l\u2019Entrepreneuriat, Petites et Moyennes entreprises dans l\u2019actuel gouvernement Sama Lukonde.","breadcrumb":{"@id":"https:\/\/heshimardc.net\/v1\/2023\/01\/26\/un-homme-discret-et-efficace\/#breadcrumb"},"inLanguage":"fr-FR","potentialAction":[{"@type":"ReadAction","target":["https:\/\/heshimardc.net\/v1\/2023\/01\/26\/un-homme-discret-et-efficace\/"]}]},{"@type":"ImageObject","inLanguage":"fr-FR","@id":"https:\/\/heshimardc.net\/v1\/2023\/01\/26\/un-homme-discret-et-efficace\/#primaryimage","url":"https:\/\/heshimardc.net\/v1\/wp-content\/uploads\/2023\/01\/WhatsApp-Image-2023-01-26-at-21.00.05.jpeg","contentUrl":"https:\/\/heshimardc.net\/v1\/wp-content\/uploads\/2023\/01\/WhatsApp-Image-2023-01-26-at-21.00.05.jpeg","width":1280,"height":960},{"@type":"BreadcrumbList","@id":"https:\/\/heshimardc.net\/v1\/2023\/01\/26\/un-homme-discret-et-efficace\/#breadcrumb","itemListElement":[{"@type":"ListItem","position":1,"name":"Accueil","item":"https:\/\/heshimardc.net\/v1\/"},{"@type":"ListItem","position":2,"name":"Un homme discret et efficace !"}]},{"@type":"WebSite","@id":"https:\/\/heshimardc.net\/v1\/#website","url":"https:\/\/heshimardc.net\/v1\/","name":"HESHIMA MAGAZINE","description":"Le magazine Congolais qui bat au rythme de l&#039;actualit\u00e9","publisher":{"@id":"https:\/\/heshimardc.net\/v1\/#organization"},"potentialAction":[{"@type":"SearchAction","target":{"@type":"EntryPoint","urlTemplate":"https:\/\/heshimardc.net\/v1\/?s={search_term_string}"},"query-input":"required name=search_term_string"}],"inLanguage":"fr-FR"},{"@type":"Organization","@id":"https:\/\/heshimardc.net\/v1\/#organization","name":"HESHIMA MAGAZINE","url":"https:\/\/heshimardc.net\/v1\/","logo":{"@type":"ImageObject","inLanguage":"fr-FR","@id":"https:\/\/heshimardc.net\/v1\/#\/schema\/logo\/image\/","url":"https:\/\/heshimardc.net\/v1\/wp-content\/uploads\/2020\/09\/logo.png","contentUrl":"https:\/\/heshimardc.net\/v1\/wp-content\/uploads\/2020\/09\/logo.png","width":99,"height":130,"caption":"HESHIMA MAGAZINE"},"image":{"@id":"https:\/\/heshimardc.net\/v1\/#\/schema\/logo\/image\/"},"sameAs":["https:\/\/www.facebook.com\/heshimamagazine","https:\/\/x.com\/HeshimaMag"]},{"@type":"Person","@id":"https:\/\/heshimardc.net\/v1\/#\/schema\/person\/c74a2d47650131f158dc4a027547a532","name":"RedactionH","image":{"@type":"ImageObject","inLanguage":"fr-FR","@id":"https:\/\/heshimardc.net\/v1\/#\/schema\/person\/image\/","url":"https:\/\/secure.gravatar.com\/avatar\/a52112f8496f362a38bf46c70ca9e956?s=96&d=mm&r=g","contentUrl":"https:\/\/secure.gravatar.com\/avatar\/a52112f8496f362a38bf46c70ca9e956?s=96&d=mm&r=g","caption":"RedactionH"},"sameAs":["http:\/\/www.heshimardc.net"],"url":"https:\/\/heshimardc.net\/v1\/author\/redactionh\/"}]}},"amp_enabled":true,"_links":{"self":[{"href":"https:\/\/heshimardc.net\/v1\/wp-json\/wp\/v2\/posts\/3281"}],"collection":[{"href":"https:\/\/heshimardc.net\/v1\/wp-json\/wp\/v2\/posts"}],"about":[{"href":"https:\/\/heshimardc.net\/v1\/wp-json\/wp\/v2\/types\/post"}],"author":[{"embeddable":true,"href":"https:\/\/heshimardc.net\/v1\/wp-json\/wp\/v2\/users\/2"}],"replies":[{"embeddable":true,"href":"https:\/\/heshimardc.net\/v1\/wp-json\/wp\/v2\/comments?post=3281"}],"version-history":[{"count":1,"href":"https:\/\/heshimardc.net\/v1\/wp-json\/wp\/v2\/posts\/3281\/revisions"}],"predecessor-version":[{"id":3289,"href":"https:\/\/heshimardc.net\/v1\/wp-json\/wp\/v2\/posts\/3281\/revisions\/3289"}],"wp:featuredmedia":[{"embeddable":true,"href":"https:\/\/heshimardc.net\/v1\/wp-json\/wp\/v2\/media\/3286"}],"wp:attachment":[{"href":"https:\/\/heshimardc.net\/v1\/wp-json\/wp\/v2\/media?parent=3281"}],"wp:term":[{"taxonomy":"category","embeddable":true,"href":"https:\/\/heshimardc.net\/v1\/wp-json\/wp\/v2\/categories?post=3281"},{"taxonomy":"post_tag","embeddable":true,"href":"https:\/\/heshimardc.net\/v1\/wp-json\/wp\/v2\/tags?post=3281"}],"curies":[{"name":"wp","href":"https:\/\/api.w.org\/{rel}","templated":true}]}}