{"id":3473,"date":"2023-05-31T21:11:14","date_gmt":"2023-05-31T21:11:14","guid":{"rendered":"https:\/\/heshimardc.net\/v1\/?p=3473"},"modified":"2023-05-31T21:11:16","modified_gmt":"2023-05-31T21:11:16","slug":"avec-ses-nombreuses-realisations-sociales-aime-boji-veritablement-a-pied-doeuvre-pour-le-developpement-du-sud-kivu","status":"publish","type":"post","link":"https:\/\/heshimardc.net\/v1\/2023\/05\/31\/avec-ses-nombreuses-realisations-sociales-aime-boji-veritablement-a-pied-doeuvre-pour-le-developpement-du-sud-kivu\/","title":{"rendered":"Avec ses nombreuses r\u00e9alisations sociales ,  AIM\u00c9 BOJI v\u00e9ritablement \u00e0 pied d\u2019\u0153uvre pour le d\u00e9veloppement du Sud-Kivu"},"content":{"rendered":"\n<p class=\"has-drop-cap\">A u nombre des personnalit\u00e9s m a r q u a n t e s de la province, Aim\u00e9 Boji Sangara a su, au fil des ann\u00e9es, forger son image&nbsp;politique et s\u2019imposer sur l\u2019\u00e9chiquier socio-politique kivutien. A son actif, se comptent de multiples r\u00e9alisations d\u2019int\u00e9r\u00eat communautaire dans les 8 territoires de la province du&nbsp;Sud-Kivu, sans oublier la ville de Bukavu. Parmi les plus visibles, figure la construction d\u2019un micro barrage hydro\u00e9lectrique \u00e0 Walungu qui se distingue par son impact significatif.<\/p>\n\n\n\n<div class=\"wp-block-image\"><figure class=\"aligncenter size-large is-resized\"><img loading=\"lazy\" decoding=\"async\" src=\"https:\/\/heshimardc.net\/v1\/wp-content\/uploads\/2023\/05\/WhatsApp-Image-2023-05-31-at-20.52.12-1024x496.jpeg\" alt=\"\" class=\"wp-image-3482\" width=\"554\" height=\"268\" srcset=\"https:\/\/heshimardc.net\/v1\/wp-content\/uploads\/2023\/05\/WhatsApp-Image-2023-05-31-at-20.52.12-1024x496.jpeg 1024w, https:\/\/heshimardc.net\/v1\/wp-content\/uploads\/2023\/05\/WhatsApp-Image-2023-05-31-at-20.52.12-300x145.jpeg 300w, https:\/\/heshimardc.net\/v1\/wp-content\/uploads\/2023\/05\/WhatsApp-Image-2023-05-31-at-20.52.12-768x372.jpeg 768w, https:\/\/heshimardc.net\/v1\/wp-content\/uploads\/2023\/05\/WhatsApp-Image-2023-05-31-at-20.52.12-18x9.jpeg 18w, https:\/\/heshimardc.net\/v1\/wp-content\/uploads\/2023\/05\/WhatsApp-Image-2023-05-31-at-20.52.12.jpeg 1261w\" sizes=\"(max-width: 554px) 100vw, 554px\" \/><\/figure><\/div>\n\n\n\n<p>Cette centrale vise, \u00e0 alimenter en \u00e9lectricit\u00e9 huit groupements dans cette partie de la province. Dans le secteur de l\u2019\u00e9ducation, Aim\u00e9 Boji a fait \u00e9riger deux \u00e9coles primaires \u00e0 Nyangezi Karhongo, dont l\u2019EP Itara Nyangezi. Quant aux infrastructures routi\u00e8res dans ce territoire, Aim\u00e9 Boji a commandit\u00e9 un projet de r\u00e9habilitation des routes de desserte agricole en 5 phases.<\/p>\n\n\n\n<div class=\"wp-block-image\"><figure class=\"alignright size-large is-resized\"><img loading=\"lazy\" decoding=\"async\" src=\"https:\/\/heshimardc.net\/v1\/wp-content\/uploads\/2023\/05\/WhatsApp-Image-2023-05-31-at-20.52.12-1.jpeg\" alt=\"\" class=\"wp-image-3481\" width=\"324\" height=\"250\" srcset=\"https:\/\/heshimardc.net\/v1\/wp-content\/uploads\/2023\/05\/WhatsApp-Image-2023-05-31-at-20.52.12-1.jpeg 809w, https:\/\/heshimardc.net\/v1\/wp-content\/uploads\/2023\/05\/WhatsApp-Image-2023-05-31-at-20.52.12-1-300x232.jpeg 300w, https:\/\/heshimardc.net\/v1\/wp-content\/uploads\/2023\/05\/WhatsApp-Image-2023-05-31-at-20.52.12-1-768x593.jpeg 768w, https:\/\/heshimardc.net\/v1\/wp-content\/uploads\/2023\/05\/WhatsApp-Image-2023-05-31-at-20.52.12-1-16x12.jpeg 16w\" sizes=\"(max-width: 324px) 100vw, 324px\" \/><\/figure><\/div>\n\n\n\n<p> En m\u00eame temps, il a \u00e9t\u00e9 am\u00e9nag\u00e9 une route secondaire longue de 7 Km pour faciliter le&nbsp;d\u00e9placement des usagers passant par le village de Kabumbiro. Par ses soins, 21 ponts ont \u00e9t\u00e9 jet\u00e9s dans le groupement de Luciga en vue de faciliter la mobilit\u00e9 de la population. Gr\u00e2ce \u00e0 son intervention, un pont localis\u00e9 \u00e0 Kadugo relie d\u00e9sormais le territoire de Walungu \u00e0 celui de Mwenga.<\/p>\n\n\n\n<p>En mati\u00e8re de desserte en eau, \u00e0 Makwale, toujours \u00e0 Walungu, un r\u00e9servoir d\u2019eau de 20 m\u00e8tres cubes de hauteur a \u00e9t\u00e9 \u00e9difi\u00e9 pour r\u00e9pondre aux besoins de la population. Il a \u00e9galement soutenu plusieurs projets d\u2019adduction d\u2019eau potable dans le territoire. Aussi, l\u2019am\u00e9nagement de plus de cent sources d\u2019eau potable est signal\u00e9 dans diff\u00e9rents groupements de Walungu, am\u00e9liorant&nbsp;&nbsp;l\u2019acc\u00e8s \u00e0 l\u2019eau potable pour de nombreuses communaut\u00e9s locales. Dans le territoire de Kalehe, parmi les actions entreprises, figure en bonne place celle li\u00e9e \u00e0 la construction d\u2019un r\u00e9servoir d\u2019eau de 40.000 litres associ\u00e9 \u00e0 120 bornes fontaines. La disponibilit\u00e9 de l\u2019eau est assur\u00e9e \u00e0 la population.<\/p>\n\n\n\n<figure class=\"wp-block-image size-large\"><img loading=\"lazy\" decoding=\"async\" width=\"1024\" height=\"273\" src=\"https:\/\/heshimardc.net\/v1\/wp-content\/uploads\/2023\/05\/WhatsApp-Image-2023-05-31-at-20.52.13-1024x273.jpeg\" alt=\"\" class=\"wp-image-3483\" srcset=\"https:\/\/heshimardc.net\/v1\/wp-content\/uploads\/2023\/05\/WhatsApp-Image-2023-05-31-at-20.52.13-1024x273.jpeg 1024w, https:\/\/heshimardc.net\/v1\/wp-content\/uploads\/2023\/05\/WhatsApp-Image-2023-05-31-at-20.52.13-300x80.jpeg 300w, https:\/\/heshimardc.net\/v1\/wp-content\/uploads\/2023\/05\/WhatsApp-Image-2023-05-31-at-20.52.13-768x205.jpeg 768w, https:\/\/heshimardc.net\/v1\/wp-content\/uploads\/2023\/05\/WhatsApp-Image-2023-05-31-at-20.52.13-18x5.jpeg 18w, https:\/\/heshimardc.net\/v1\/wp-content\/uploads\/2023\/05\/WhatsApp-Image-2023-05-31-at-20.52.13.jpeg 1200w\" sizes=\"(max-width: 1024px) 100vw, 1024px\" \/><\/figure>\n\n\n\n<p>Dans le territoire de Mwenga, un projet d\u2019\u00e9clairage public a vu le jour, pr\u00e9cis\u00e9ment \u00e0 Kamituga. Dans ce territoire, Aim\u00e9 Boji a supervis\u00e9 la r\u00e9habilitation du pont Kamala sur la Route nationale N\u00b02, assurant la jonction de Mwenga \u00e0 Shabunda ainsi que la construction du pont Kadugo reliant le territoire de Walungu \u00e0 celui de Mwenga. Toutes ces initiatives ont consid\u00e9rablement revitalis\u00e9 la vie socio-\u00e9conomique de la contr\u00e9e.<\/p>\n\n\n\n<div class=\"wp-block-image\"><figure class=\"aligncenter size-large is-resized\"><img loading=\"lazy\" decoding=\"async\" src=\"https:\/\/heshimardc.net\/v1\/wp-content\/uploads\/2023\/05\/WhatsApp-Image-2023-05-31-at-20.52.13-1-1024x733.jpeg\" alt=\"\" class=\"wp-image-3479\" width=\"420\" height=\"300\" srcset=\"https:\/\/heshimardc.net\/v1\/wp-content\/uploads\/2023\/05\/WhatsApp-Image-2023-05-31-at-20.52.13-1-1024x733.jpeg 1024w, https:\/\/heshimardc.net\/v1\/wp-content\/uploads\/2023\/05\/WhatsApp-Image-2023-05-31-at-20.52.13-1-300x215.jpeg 300w, https:\/\/heshimardc.net\/v1\/wp-content\/uploads\/2023\/05\/WhatsApp-Image-2023-05-31-at-20.52.13-1-768x550.jpeg 768w, https:\/\/heshimardc.net\/v1\/wp-content\/uploads\/2023\/05\/WhatsApp-Image-2023-05-31-at-20.52.13-1-18x12.jpeg 18w, https:\/\/heshimardc.net\/v1\/wp-content\/uploads\/2023\/05\/WhatsApp-Image-2023-05-31-at-20.52.13-1.jpeg 1280w\" sizes=\"(max-width: 420px) 100vw, 420px\" \/><\/figure><\/div>\n\n\n\n<p> Dans la ville de Bukavu, cheflieu de la province, il a financ\u00e9 un projet d\u2019\u00e9clairage public couvrant les trois communes de la ville. Le territoire de Fizi n\u2019est pas en reste dans les pr\u00e9occupations d\u2019Aim\u00e9 Boji. Au titre des infrastructures sportives, il a fait b\u00e2tir des tribunes modernes au stade Mboko. Un ouvrage qui a \u00e9t\u00e9 fortement appr\u00e9ci\u00e9e par nombreux sportifs, particuli\u00e8rement ceux de ce coin du pays.<\/p>\n\n\n\n<p><\/p>\n\n\n\n<div class=\"wp-block-image\"><figure class=\"aligncenter size-large is-resized\"><img loading=\"lazy\" decoding=\"async\" src=\"https:\/\/heshimardc.net\/v1\/wp-content\/uploads\/2023\/05\/WhatsApp-Image-2023-05-31-at-20.52.14-1024x418.jpeg\" alt=\"\" class=\"wp-image-3478\" width=\"610\" height=\"249\" srcset=\"https:\/\/heshimardc.net\/v1\/wp-content\/uploads\/2023\/05\/WhatsApp-Image-2023-05-31-at-20.52.14-1024x418.jpeg 1024w, https:\/\/heshimardc.net\/v1\/wp-content\/uploads\/2023\/05\/WhatsApp-Image-2023-05-31-at-20.52.14-300x122.jpeg 300w, https:\/\/heshimardc.net\/v1\/wp-content\/uploads\/2023\/05\/WhatsApp-Image-2023-05-31-at-20.52.14-768x313.jpeg 768w, https:\/\/heshimardc.net\/v1\/wp-content\/uploads\/2023\/05\/WhatsApp-Image-2023-05-31-at-20.52.14-18x7.jpeg 18w, https:\/\/heshimardc.net\/v1\/wp-content\/uploads\/2023\/05\/WhatsApp-Image-2023-05-31-at-20.52.14.jpeg 1216w\" sizes=\"(max-width: 610px) 100vw, 610px\" \/><\/figure><\/div>\n\n\n\n<p>&nbsp;Des lampadaires solaires ont \u00e9t\u00e9 mont\u00e9s pour l\u2019\u00e9clairage public \u00e0 Mukolwe. Au march\u00e9 central de Baraka, ce fils du terroir a construit des latrines publiques pour les usagers de ce lieu de n\u00e9goce. Aim\u00e9 Boji a notamment r\u00e9gl\u00e9 le co\u00fbt d\u2019un projet d\u2019agencement&nbsp;d\u2019escaliers dans la commune de Mulongwe, quartier Shisha. <\/p>\n\n\n\n<p><\/p>\n\n\n\n<p>\u00c0 Rhubimbi, chefferie de Ngweshe, il a aussi construit un march\u00e9 central compos\u00e9 de deux hangars, avec une capacit\u00e9 d\u2019accueil de 3000 personnes, dot\u00e9s de six toilettes modernes. Un autre march\u00e9 moderne compos\u00e9 aussi de deux hangars, avec la m\u00eame capacit\u00e9 d\u2019accueil de 3000 personnes, et avec \u00e9galement six toilettes modernes, a \u00e9t\u00e9 construit.<\/p>\n\n\n\n<div class=\"wp-block-image\"><figure class=\"aligncenter size-large is-resized\"><img loading=\"lazy\" decoding=\"async\" src=\"https:\/\/heshimardc.net\/v1\/wp-content\/uploads\/2023\/05\/WhatsApp-Image-2023-05-31-at-20.52.14-1-1024x427.jpeg\" alt=\"\" class=\"wp-image-3477\" width=\"523\" height=\"216\" srcset=\"https:\/\/heshimardc.net\/v1\/wp-content\/uploads\/2023\/05\/WhatsApp-Image-2023-05-31-at-20.52.14-1-300x125.jpeg 300w, https:\/\/heshimardc.net\/v1\/wp-content\/uploads\/2023\/05\/WhatsApp-Image-2023-05-31-at-20.52.14-1-18x8.jpeg 18w\" sizes=\"(max-width: 523px) 100vw, 523px\" \/><\/figure><\/div>\n\n\n\n<p>&nbsp;Par ailleurs, il a apport\u00e9 un soutien sans faille aux jeunes entrepreneurs de la province ainsi qu\u2019aux personnes de troisi\u00e8me \u00e2ge. Dans tous les cas, le dynamisme d\u2019Aim\u00e9 Boji t\u00e9moigne, de l\u2019avis des observateurs, de son engagement ind\u00e9fectible en faveur du d\u00e9veloppement socio-\u00e9conomique du Sud-Kivu.<\/p>\n\n\n\n<p>Heshima<\/p>\n","protected":false},"excerpt":{"rendered":"<p>Au-del\u00e0 de ses performances au sein du gouvernement central, le ministre d\u2019Etat en charge du Budget consacre toute son \u00e9nergie \u00e0 mener plusieurs actions sociales dans la province du Sud-Kivu, son terroir. Sa volont\u00e9 manifeste \u00e0 \u0153uvrer pour le d\u00e9veloppement de la province lui a valu une reconnaissance sans \u00e9quivoque, comme en t\u00e9moignent les r\u00e9sultats des r\u00e9cents sondages effectu\u00e9s aupr\u00e8s des Kivutiens. Retour sur quelques projets ex\u00e9cut\u00e9s sous sa houlette.<\/p>\n","protected":false},"author":2,"featured_media":0,"comment_status":"closed","ping_status":"closed","sticky":false,"template":"","format":"standard","meta":{"footnotes":""},"categories":[200],"tags":[],"class_list":["post-3473","post","type-post","status-publish","format-standard","hentry","category-non-classe-en"],"yoast_head":"<!-- This site is optimized with the Yoast SEO plugin v23.3 - https:\/\/yoast.com\/wordpress\/plugins\/seo\/ -->\n<title>Avec ses nombreuses r\u00e9alisations sociales , AIM\u00c9 BOJI v\u00e9ritablement \u00e0 pied d\u2019\u0153uvre pour le d\u00e9veloppement du Sud-Kivu - HESHIMA MAGAZINE<\/title>\n<meta name=\"robots\" content=\"index, follow, max-snippet:-1, max-image-preview:large, max-video-preview:-1\" \/>\n<link rel=\"canonical\" href=\"https:\/\/heshimardc.net\/v1\/2023\/05\/31\/avec-ses-nombreuses-realisations-sociales-aime-boji-veritablement-a-pied-doeuvre-pour-le-developpement-du-sud-kivu\/\" \/>\n<meta property=\"og:locale\" content=\"fr_FR\" \/>\n<meta property=\"og:type\" content=\"article\" \/>\n<meta property=\"og:title\" content=\"Avec ses nombreuses r\u00e9alisations sociales , AIM\u00c9 BOJI v\u00e9ritablement \u00e0 pied d\u2019\u0153uvre pour le d\u00e9veloppement du Sud-Kivu - HESHIMA MAGAZINE\" \/>\n<meta property=\"og:description\" content=\"Au-del\u00e0 de ses performances au sein du gouvernement central, le ministre d\u2019Etat en charge du Budget consacre toute son \u00e9nergie \u00e0 mener plusieurs actions sociales dans la province du Sud-Kivu, son terroir. Sa volont\u00e9 manifeste \u00e0 \u0153uvrer pour le d\u00e9veloppement de la province lui a valu une reconnaissance sans \u00e9quivoque, comme en t\u00e9moignent les r\u00e9sultats des r\u00e9cents sondages effectu\u00e9s aupr\u00e8s des Kivutiens. Retour sur quelques projets ex\u00e9cut\u00e9s sous sa houlette.\" \/>\n<meta property=\"og:url\" content=\"https:\/\/heshimardc.net\/v1\/2023\/05\/31\/avec-ses-nombreuses-realisations-sociales-aime-boji-veritablement-a-pied-doeuvre-pour-le-developpement-du-sud-kivu\/\" \/>\n<meta property=\"og:site_name\" content=\"HESHIMA MAGAZINE\" \/>\n<meta property=\"article:publisher\" content=\"https:\/\/www.facebook.com\/heshimamagazine\" \/>\n<meta property=\"article:published_time\" content=\"2023-05-31T21:11:14+00:00\" \/>\n<meta property=\"article:modified_time\" content=\"2023-05-31T21:11:16+00:00\" \/>\n<meta property=\"og:image\" content=\"https:\/\/heshimardc.net\/v1\/wp-content\/uploads\/2023\/05\/WhatsApp-Image-2023-05-31-at-20.52.12-1024x496.jpeg\" \/>\n<meta name=\"author\" content=\"RedactionH\" \/>\n<meta name=\"twitter:card\" content=\"summary_large_image\" \/>\n<meta name=\"twitter:creator\" content=\"@HeshimaMag\" \/>\n<meta name=\"twitter:site\" content=\"@HeshimaMag\" \/>\n<meta name=\"twitter:label1\" content=\"\u00c9crit par\" \/>\n\t<meta name=\"twitter:data1\" content=\"RedactionH\" \/>\n\t<meta name=\"twitter:label2\" content=\"Dur\u00e9e de lecture estim\u00e9e\" \/>\n\t<meta name=\"twitter:data2\" content=\"5 minutes\" \/>\n<script type=\"application\/ld+json\" class=\"yoast-schema-graph\">{\"@context\":\"https:\/\/schema.org\",\"@graph\":[{\"@type\":\"Article\",\"@id\":\"https:\/\/heshimardc.net\/v1\/2023\/05\/31\/avec-ses-nombreuses-realisations-sociales-aime-boji-veritablement-a-pied-doeuvre-pour-le-developpement-du-sud-kivu\/#article\",\"isPartOf\":{\"@id\":\"https:\/\/heshimardc.net\/v1\/2023\/05\/31\/avec-ses-nombreuses-realisations-sociales-aime-boji-veritablement-a-pied-doeuvre-pour-le-developpement-du-sud-kivu\/\"},\"author\":{\"name\":\"RedactionH\",\"@id\":\"https:\/\/heshimardc.net\/v1\/#\/schema\/person\/c74a2d47650131f158dc4a027547a532\"},\"headline\":\"Avec ses nombreuses r\u00e9alisations sociales , AIM\u00c9 BOJI v\u00e9ritablement \u00e0 pied d\u2019\u0153uvre pour le d\u00e9veloppement du Sud-Kivu\",\"datePublished\":\"2023-05-31T21:11:14+00:00\",\"dateModified\":\"2023-05-31T21:11:16+00:00\",\"mainEntityOfPage\":{\"@id\":\"https:\/\/heshimardc.net\/v1\/2023\/05\/31\/avec-ses-nombreuses-realisations-sociales-aime-boji-veritablement-a-pied-doeuvre-pour-le-developpement-du-sud-kivu\/\"},\"wordCount\":678,\"publisher\":{\"@id\":\"https:\/\/heshimardc.net\/v1\/#organization\"},\"image\":{\"@id\":\"https:\/\/heshimardc.net\/v1\/2023\/05\/31\/avec-ses-nombreuses-realisations-sociales-aime-boji-veritablement-a-pied-doeuvre-pour-le-developpement-du-sud-kivu\/#primaryimage\"},\"thumbnailUrl\":\"https:\/\/heshimardc.net\/v1\/wp-content\/uploads\/2023\/05\/WhatsApp-Image-2023-05-31-at-20.52.12-1024x496.jpeg\",\"inLanguage\":\"fr-FR\"},{\"@type\":\"WebPage\",\"@id\":\"https:\/\/heshimardc.net\/v1\/2023\/05\/31\/avec-ses-nombreuses-realisations-sociales-aime-boji-veritablement-a-pied-doeuvre-pour-le-developpement-du-sud-kivu\/\",\"url\":\"https:\/\/heshimardc.net\/v1\/2023\/05\/31\/avec-ses-nombreuses-realisations-sociales-aime-boji-veritablement-a-pied-doeuvre-pour-le-developpement-du-sud-kivu\/\",\"name\":\"Avec ses nombreuses r\u00e9alisations sociales , AIM\u00c9 BOJI v\u00e9ritablement \u00e0 pied d\u2019\u0153uvre pour le d\u00e9veloppement du Sud-Kivu - HESHIMA MAGAZINE\",\"isPartOf\":{\"@id\":\"https:\/\/heshimardc.net\/v1\/#website\"},\"primaryImageOfPage\":{\"@id\":\"https:\/\/heshimardc.net\/v1\/2023\/05\/31\/avec-ses-nombreuses-realisations-sociales-aime-boji-veritablement-a-pied-doeuvre-pour-le-developpement-du-sud-kivu\/#primaryimage\"},\"image\":{\"@id\":\"https:\/\/heshimardc.net\/v1\/2023\/05\/31\/avec-ses-nombreuses-realisations-sociales-aime-boji-veritablement-a-pied-doeuvre-pour-le-developpement-du-sud-kivu\/#primaryimage\"},\"thumbnailUrl\":\"https:\/\/heshimardc.net\/v1\/wp-content\/uploads\/2023\/05\/WhatsApp-Image-2023-05-31-at-20.52.12-1024x496.jpeg\",\"datePublished\":\"2023-05-31T21:11:14+00:00\",\"dateModified\":\"2023-05-31T21:11:16+00:00\",\"breadcrumb\":{\"@id\":\"https:\/\/heshimardc.net\/v1\/2023\/05\/31\/avec-ses-nombreuses-realisations-sociales-aime-boji-veritablement-a-pied-doeuvre-pour-le-developpement-du-sud-kivu\/#breadcrumb\"},\"inLanguage\":\"fr-FR\",\"potentialAction\":[{\"@type\":\"ReadAction\",\"target\":[\"https:\/\/heshimardc.net\/v1\/2023\/05\/31\/avec-ses-nombreuses-realisations-sociales-aime-boji-veritablement-a-pied-doeuvre-pour-le-developpement-du-sud-kivu\/\"]}]},{\"@type\":\"ImageObject\",\"inLanguage\":\"fr-FR\",\"@id\":\"https:\/\/heshimardc.net\/v1\/2023\/05\/31\/avec-ses-nombreuses-realisations-sociales-aime-boji-veritablement-a-pied-doeuvre-pour-le-developpement-du-sud-kivu\/#primaryimage\",\"url\":\"https:\/\/heshimardc.net\/v1\/wp-content\/uploads\/2023\/05\/WhatsApp-Image-2023-05-31-at-20.52.12.jpeg\",\"contentUrl\":\"https:\/\/heshimardc.net\/v1\/wp-content\/uploads\/2023\/05\/WhatsApp-Image-2023-05-31-at-20.52.12.jpeg\",\"width\":1261,\"height\":611},{\"@type\":\"BreadcrumbList\",\"@id\":\"https:\/\/heshimardc.net\/v1\/2023\/05\/31\/avec-ses-nombreuses-realisations-sociales-aime-boji-veritablement-a-pied-doeuvre-pour-le-developpement-du-sud-kivu\/#breadcrumb\",\"itemListElement\":[{\"@type\":\"ListItem\",\"position\":1,\"name\":\"Accueil\",\"item\":\"https:\/\/heshimardc.net\/v1\/\"},{\"@type\":\"ListItem\",\"position\":2,\"name\":\"Avec ses nombreuses r\u00e9alisations sociales , AIM\u00c9 BOJI v\u00e9ritablement \u00e0 pied d\u2019\u0153uvre pour le d\u00e9veloppement du Sud-Kivu\"}]},{\"@type\":\"WebSite\",\"@id\":\"https:\/\/heshimardc.net\/v1\/#website\",\"url\":\"https:\/\/heshimardc.net\/v1\/\",\"name\":\"HESHIMA MAGAZINE\",\"description\":\"Le magazine Congolais qui bat au rythme de l&#039;actualit\u00e9\",\"publisher\":{\"@id\":\"https:\/\/heshimardc.net\/v1\/#organization\"},\"potentialAction\":[{\"@type\":\"SearchAction\",\"target\":{\"@type\":\"EntryPoint\",\"urlTemplate\":\"https:\/\/heshimardc.net\/v1\/?s={search_term_string}\"},\"query-input\":\"required name=search_term_string\"}],\"inLanguage\":\"fr-FR\"},{\"@type\":\"Organization\",\"@id\":\"https:\/\/heshimardc.net\/v1\/#organization\",\"name\":\"HESHIMA MAGAZINE\",\"url\":\"https:\/\/heshimardc.net\/v1\/\",\"logo\":{\"@type\":\"ImageObject\",\"inLanguage\":\"fr-FR\",\"@id\":\"https:\/\/heshimardc.net\/v1\/#\/schema\/logo\/image\/\",\"url\":\"https:\/\/heshimardc.net\/v1\/wp-content\/uploads\/2020\/09\/logo.png\",\"contentUrl\":\"https:\/\/heshimardc.net\/v1\/wp-content\/uploads\/2020\/09\/logo.png\",\"width\":99,\"height\":130,\"caption\":\"HESHIMA MAGAZINE\"},\"image\":{\"@id\":\"https:\/\/heshimardc.net\/v1\/#\/schema\/logo\/image\/\"},\"sameAs\":[\"https:\/\/www.facebook.com\/heshimamagazine\",\"https:\/\/x.com\/HeshimaMag\"]},{\"@type\":\"Person\",\"@id\":\"https:\/\/heshimardc.net\/v1\/#\/schema\/person\/c74a2d47650131f158dc4a027547a532\",\"name\":\"RedactionH\",\"image\":{\"@type\":\"ImageObject\",\"inLanguage\":\"fr-FR\",\"@id\":\"https:\/\/heshimardc.net\/v1\/#\/schema\/person\/image\/\",\"url\":\"https:\/\/secure.gravatar.com\/avatar\/a52112f8496f362a38bf46c70ca9e956?s=96&d=mm&r=g\",\"contentUrl\":\"https:\/\/secure.gravatar.com\/avatar\/a52112f8496f362a38bf46c70ca9e956?s=96&d=mm&r=g\",\"caption\":\"RedactionH\"},\"sameAs\":[\"http:\/\/www.heshimardc.net\"],\"url\":\"https:\/\/heshimardc.net\/v1\/author\/redactionh\/\"}]}<\/script>\n<!-- \/ Yoast SEO plugin. -->","yoast_head_json":{"title":"Avec ses nombreuses r\u00e9alisations sociales , AIM\u00c9 BOJI v\u00e9ritablement \u00e0 pied d\u2019\u0153uvre pour le d\u00e9veloppement du Sud-Kivu - HESHIMA MAGAZINE","robots":{"index":"index","follow":"follow","max-snippet":"max-snippet:-1","max-image-preview":"max-image-preview:large","max-video-preview":"max-video-preview:-1"},"canonical":"https:\/\/heshimardc.net\/v1\/2023\/05\/31\/avec-ses-nombreuses-realisations-sociales-aime-boji-veritablement-a-pied-doeuvre-pour-le-developpement-du-sud-kivu\/","og_locale":"fr_FR","og_type":"article","og_title":"Avec ses nombreuses r\u00e9alisations sociales , AIM\u00c9 BOJI v\u00e9ritablement \u00e0 pied d\u2019\u0153uvre pour le d\u00e9veloppement du Sud-Kivu - HESHIMA MAGAZINE","og_description":"Au-del\u00e0 de ses performances au sein du gouvernement central, le ministre d\u2019Etat en charge du Budget consacre toute son \u00e9nergie \u00e0 mener plusieurs actions sociales dans la province du Sud-Kivu, son terroir. Sa volont\u00e9 manifeste \u00e0 \u0153uvrer pour le d\u00e9veloppement de la province lui a valu une reconnaissance sans \u00e9quivoque, comme en t\u00e9moignent les r\u00e9sultats des r\u00e9cents sondages effectu\u00e9s aupr\u00e8s des Kivutiens. Retour sur quelques projets ex\u00e9cut\u00e9s sous sa houlette.","og_url":"https:\/\/heshimardc.net\/v1\/2023\/05\/31\/avec-ses-nombreuses-realisations-sociales-aime-boji-veritablement-a-pied-doeuvre-pour-le-developpement-du-sud-kivu\/","og_site_name":"HESHIMA MAGAZINE","article_publisher":"https:\/\/www.facebook.com\/heshimamagazine","article_published_time":"2023-05-31T21:11:14+00:00","article_modified_time":"2023-05-31T21:11:16+00:00","og_image":[{"url":"https:\/\/heshimardc.net\/v1\/wp-content\/uploads\/2023\/05\/WhatsApp-Image-2023-05-31-at-20.52.12-1024x496.jpeg"}],"author":"RedactionH","twitter_card":"summary_large_image","twitter_creator":"@HeshimaMag","twitter_site":"@HeshimaMag","twitter_misc":{"\u00c9crit par":"RedactionH","Dur\u00e9e de lecture estim\u00e9e":"5 minutes"},"schema":{"@context":"https:\/\/schema.org","@graph":[{"@type":"Article","@id":"https:\/\/heshimardc.net\/v1\/2023\/05\/31\/avec-ses-nombreuses-realisations-sociales-aime-boji-veritablement-a-pied-doeuvre-pour-le-developpement-du-sud-kivu\/#article","isPartOf":{"@id":"https:\/\/heshimardc.net\/v1\/2023\/05\/31\/avec-ses-nombreuses-realisations-sociales-aime-boji-veritablement-a-pied-doeuvre-pour-le-developpement-du-sud-kivu\/"},"author":{"name":"RedactionH","@id":"https:\/\/heshimardc.net\/v1\/#\/schema\/person\/c74a2d47650131f158dc4a027547a532"},"headline":"Avec ses nombreuses r\u00e9alisations sociales , AIM\u00c9 BOJI v\u00e9ritablement \u00e0 pied d\u2019\u0153uvre pour le d\u00e9veloppement du Sud-Kivu","datePublished":"2023-05-31T21:11:14+00:00","dateModified":"2023-05-31T21:11:16+00:00","mainEntityOfPage":{"@id":"https:\/\/heshimardc.net\/v1\/2023\/05\/31\/avec-ses-nombreuses-realisations-sociales-aime-boji-veritablement-a-pied-doeuvre-pour-le-developpement-du-sud-kivu\/"},"wordCount":678,"publisher":{"@id":"https:\/\/heshimardc.net\/v1\/#organization"},"image":{"@id":"https:\/\/heshimardc.net\/v1\/2023\/05\/31\/avec-ses-nombreuses-realisations-sociales-aime-boji-veritablement-a-pied-doeuvre-pour-le-developpement-du-sud-kivu\/#primaryimage"},"thumbnailUrl":"https:\/\/heshimardc.net\/v1\/wp-content\/uploads\/2023\/05\/WhatsApp-Image-2023-05-31-at-20.52.12-1024x496.jpeg","inLanguage":"fr-FR"},{"@type":"WebPage","@id":"https:\/\/heshimardc.net\/v1\/2023\/05\/31\/avec-ses-nombreuses-realisations-sociales-aime-boji-veritablement-a-pied-doeuvre-pour-le-developpement-du-sud-kivu\/","url":"https:\/\/heshimardc.net\/v1\/2023\/05\/31\/avec-ses-nombreuses-realisations-sociales-aime-boji-veritablement-a-pied-doeuvre-pour-le-developpement-du-sud-kivu\/","name":"Avec ses nombreuses r\u00e9alisations sociales , AIM\u00c9 BOJI v\u00e9ritablement \u00e0 pied d\u2019\u0153uvre pour le d\u00e9veloppement du Sud-Kivu - HESHIMA MAGAZINE","isPartOf":{"@id":"https:\/\/heshimardc.net\/v1\/#website"},"primaryImageOfPage":{"@id":"https:\/\/heshimardc.net\/v1\/2023\/05\/31\/avec-ses-nombreuses-realisations-sociales-aime-boji-veritablement-a-pied-doeuvre-pour-le-developpement-du-sud-kivu\/#primaryimage"},"image":{"@id":"https:\/\/heshimardc.net\/v1\/2023\/05\/31\/avec-ses-nombreuses-realisations-sociales-aime-boji-veritablement-a-pied-doeuvre-pour-le-developpement-du-sud-kivu\/#primaryimage"},"thumbnailUrl":"https:\/\/heshimardc.net\/v1\/wp-content\/uploads\/2023\/05\/WhatsApp-Image-2023-05-31-at-20.52.12-1024x496.jpeg","datePublished":"2023-05-31T21:11:14+00:00","dateModified":"2023-05-31T21:11:16+00:00","breadcrumb":{"@id":"https:\/\/heshimardc.net\/v1\/2023\/05\/31\/avec-ses-nombreuses-realisations-sociales-aime-boji-veritablement-a-pied-doeuvre-pour-le-developpement-du-sud-kivu\/#breadcrumb"},"inLanguage":"fr-FR","potentialAction":[{"@type":"ReadAction","target":["https:\/\/heshimardc.net\/v1\/2023\/05\/31\/avec-ses-nombreuses-realisations-sociales-aime-boji-veritablement-a-pied-doeuvre-pour-le-developpement-du-sud-kivu\/"]}]},{"@type":"ImageObject","inLanguage":"fr-FR","@id":"https:\/\/heshimardc.net\/v1\/2023\/05\/31\/avec-ses-nombreuses-realisations-sociales-aime-boji-veritablement-a-pied-doeuvre-pour-le-developpement-du-sud-kivu\/#primaryimage","url":"https:\/\/heshimardc.net\/v1\/wp-content\/uploads\/2023\/05\/WhatsApp-Image-2023-05-31-at-20.52.12.jpeg","contentUrl":"https:\/\/heshimardc.net\/v1\/wp-content\/uploads\/2023\/05\/WhatsApp-Image-2023-05-31-at-20.52.12.jpeg","width":1261,"height":611},{"@type":"BreadcrumbList","@id":"https:\/\/heshimardc.net\/v1\/2023\/05\/31\/avec-ses-nombreuses-realisations-sociales-aime-boji-veritablement-a-pied-doeuvre-pour-le-developpement-du-sud-kivu\/#breadcrumb","itemListElement":[{"@type":"ListItem","position":1,"name":"Accueil","item":"https:\/\/heshimardc.net\/v1\/"},{"@type":"ListItem","position":2,"name":"Avec ses nombreuses r\u00e9alisations sociales , AIM\u00c9 BOJI v\u00e9ritablement \u00e0 pied d\u2019\u0153uvre pour le d\u00e9veloppement du Sud-Kivu"}]},{"@type":"WebSite","@id":"https:\/\/heshimardc.net\/v1\/#website","url":"https:\/\/heshimardc.net\/v1\/","name":"HESHIMA MAGAZINE","description":"Le magazine Congolais qui bat au rythme de l&#039;actualit\u00e9","publisher":{"@id":"https:\/\/heshimardc.net\/v1\/#organization"},"potentialAction":[{"@type":"SearchAction","target":{"@type":"EntryPoint","urlTemplate":"https:\/\/heshimardc.net\/v1\/?s={search_term_string}"},"query-input":"required name=search_term_string"}],"inLanguage":"fr-FR"},{"@type":"Organization","@id":"https:\/\/heshimardc.net\/v1\/#organization","name":"HESHIMA MAGAZINE","url":"https:\/\/heshimardc.net\/v1\/","logo":{"@type":"ImageObject","inLanguage":"fr-FR","@id":"https:\/\/heshimardc.net\/v1\/#\/schema\/logo\/image\/","url":"https:\/\/heshimardc.net\/v1\/wp-content\/uploads\/2020\/09\/logo.png","contentUrl":"https:\/\/heshimardc.net\/v1\/wp-content\/uploads\/2020\/09\/logo.png","width":99,"height":130,"caption":"HESHIMA MAGAZINE"},"image":{"@id":"https:\/\/heshimardc.net\/v1\/#\/schema\/logo\/image\/"},"sameAs":["https:\/\/www.facebook.com\/heshimamagazine","https:\/\/x.com\/HeshimaMag"]},{"@type":"Person","@id":"https:\/\/heshimardc.net\/v1\/#\/schema\/person\/c74a2d47650131f158dc4a027547a532","name":"RedactionH","image":{"@type":"ImageObject","inLanguage":"fr-FR","@id":"https:\/\/heshimardc.net\/v1\/#\/schema\/person\/image\/","url":"https:\/\/secure.gravatar.com\/avatar\/a52112f8496f362a38bf46c70ca9e956?s=96&d=mm&r=g","contentUrl":"https:\/\/secure.gravatar.com\/avatar\/a52112f8496f362a38bf46c70ca9e956?s=96&d=mm&r=g","caption":"RedactionH"},"sameAs":["http:\/\/www.heshimardc.net"],"url":"https:\/\/heshimardc.net\/v1\/author\/redactionh\/"}]}},"amp_enabled":true,"_links":{"self":[{"href":"https:\/\/heshimardc.net\/v1\/wp-json\/wp\/v2\/posts\/3473"}],"collection":[{"href":"https:\/\/heshimardc.net\/v1\/wp-json\/wp\/v2\/posts"}],"about":[{"href":"https:\/\/heshimardc.net\/v1\/wp-json\/wp\/v2\/types\/post"}],"author":[{"embeddable":true,"href":"https:\/\/heshimardc.net\/v1\/wp-json\/wp\/v2\/users\/2"}],"replies":[{"embeddable":true,"href":"https:\/\/heshimardc.net\/v1\/wp-json\/wp\/v2\/comments?post=3473"}],"version-history":[{"count":1,"href":"https:\/\/heshimardc.net\/v1\/wp-json\/wp\/v2\/posts\/3473\/revisions"}],"predecessor-version":[{"id":3493,"href":"https:\/\/heshimardc.net\/v1\/wp-json\/wp\/v2\/posts\/3473\/revisions\/3493"}],"wp:attachment":[{"href":"https:\/\/heshimardc.net\/v1\/wp-json\/wp\/v2\/media?parent=3473"}],"wp:term":[{"taxonomy":"category","embeddable":true,"href":"https:\/\/heshimardc.net\/v1\/wp-json\/wp\/v2\/categories?post=3473"},{"taxonomy":"post_tag","embeddable":true,"href":"https:\/\/heshimardc.net\/v1\/wp-json\/wp\/v2\/tags?post=3473"}],"curies":[{"name":"wp","href":"https:\/\/api.w.org\/{rel}","templated":true}]}}