{"id":3533,"date":"2023-06-05T13:48:43","date_gmt":"2023-06-05T13:48:43","guid":{"rendered":"https:\/\/heshimardc.net\/v1\/?p=3533"},"modified":"2023-06-05T13:48:45","modified_gmt":"2023-06-05T13:48:45","slug":"kinshasa-lasses-par-les-tracasseries-policieres-des-taximen-paralysent-la-ville","status":"publish","type":"post","link":"https:\/\/heshimardc.net\/v1\/2023\/06\/05\/kinshasa-lasses-par-les-tracasseries-policieres-des-taximen-paralysent-la-ville\/","title":{"rendered":"Kinshasa : lass\u00e9s par les tracasseries polici\u00e8res, des taximen paralysent la ville"},"content":{"rendered":"\n<p>\u00ab&nbsp;Op\u00e9ration Kinshasa sans&nbsp;Mokumbi&nbsp;\u00bb, c\u2019est l\u2019intitul\u00e9 de l\u2019arr\u00eat de travail de trois jours qu\u2019envisagent de&nbsp;poursuivre&nbsp;les conducteurs des taxis et taxi-bus priv\u00e9s dans la capitale congolaise. Les organisateurs de cette gr\u00e8ve avaient d\u00e9j\u00e0 avis\u00e9 par \u00e9crit le gouverneur de la ville de Kinshasa,&nbsp;GentinyNgobila. La Synergie des associations pour la d\u00e9fense des droits des chauffeurs et pour la promotion du civisme routier en RDC (SADCPCR\/RDC) qui conteste des \u00ab multiples tracasseries \u00bb dans les parkings publics, demande aux autorit\u00e9s urbaines de ne laisser que la Police de circulation routi\u00e8re (PCR) qualifi\u00e9e sur la voie publique.&nbsp;<\/p>\n\n\n\n<p>Cette synergie d\u00e9nonce la pr\u00e9sence \u00ab&nbsp;ill\u00e9gale&nbsp;\u00bb d\u2019autres agents de l\u2019Etat et des chargeurs des v\u00e9hicules qui s\u2019adonnent aux tracasseries&nbsp;contre des conducteurs des taxis. Il s\u2019agit entre autres des chargeurs de l\u2019ACHACO (Association des chargeurs du Congo), des agents de la Police nationale congolaise&nbsp;(PNC) issus des unit\u00e9s PP&nbsp;(Police de police), Bureau 2, GMI et autres. Ces agents per\u00e7oivent des taxes et amendes ind\u00fbment en l\u2019absence de la Direction g\u00e9n\u00e9rale des recettes administratives, judiciaires,&nbsp;domaniales&nbsp;et de participations (DGRAD).&nbsp;<\/p>\n\n\n\n<p>Pour le premier jour de gr\u00e8ve, Kinshasa a \u00e9t\u00e9 paralys\u00e9. Le lundi, plusieurs Congolais vivant dans la capitale n\u2019ont pas pu rejoindre leur lieu de travail. Une mar\u00e9e humaine marchait \u00e0 pied le long des grandes art\u00e8res, lass\u00e9e d\u2019attendre un moyen de transport qui n\u2019arrivait pas. Des \u00e9l\u00e8ves qui ont quitt\u00e9 \u00e0 6 heures leur domicile \u00e9taient oblig\u00e9s pour la plupart de rebrousser chemin.&nbsp;Il en est de m\u00eame pour plusieurs travailleurs et commer\u00e7ants. D\u2019autres ont carr\u00e9ment march\u00e9 pour rejoindre leur&nbsp;destination.<\/p>\n\n\n\n<p>Si rien n\u2019est fait, cette gr\u00e8ve va se poursuivre le mardi 6 et mercredi 7 juin 2023. \u00ab&nbsp;Notre combat se poursuit. Le mercredi 7 juin, nous allons porter nos pr\u00e9occupations aupr\u00e8s du chef de l\u2019Etat\u2026 Si il y aura un dialogue avec les autorit\u00e9s, nous r\u00e9pondrons pr\u00e9sents&nbsp;\u00bb, a d\u00e9clar\u00e9 Chardin&nbsp;Ngoyi, coordonateur de la Synergie des associations pour la d\u00e9fense des droits des chauffeurs et pour la promotion du civisme routier en RDC. Ce dernier a expliqu\u00e9 que les conducteurs des taxis&nbsp;ne&nbsp;souhaitent voir que des agents de la Police de&nbsp;circulation routi\u00e8re et ceux de la DGARD pour des taxes reconnues&nbsp;officiellement par l\u2019Etat. &nbsp; &nbsp; &nbsp; &nbsp;<\/p>\n\n\n\n<p><strong>Heshima<\/strong><\/p>\n","protected":false},"excerpt":{"rendered":"<p>La ville de Kinshasa a connu une paralysie le lundi 5 juin 2023 suite \u00e0 une gr\u00e8ve des conducteurs des taxis et certains mototaxis. Ce mouvement a p\u00e9nalis\u00e9 plusieurs Kinois, notamment des \u00e9l\u00e8ves, fonctionnaires et commer\u00e7ants. Si rien n\u2019est fait, la gr\u00e8ve peut durer 3 jours. <\/p>\n","protected":false},"author":2,"featured_media":3534,"comment_status":"closed","ping_status":"closed","sticky":false,"template":"","format":"standard","meta":{"footnotes":""},"categories":[175],"tags":[],"class_list":["post-3533","post","type-post","status-publish","format-standard","has-post-thumbnail","hentry","category-societe"],"yoast_head":"<!-- This site is optimized with the Yoast SEO plugin v23.3 - https:\/\/yoast.com\/wordpress\/plugins\/seo\/ -->\n<title>Kinshasa : lass\u00e9s par les tracasseries polici\u00e8res, des taximen paralysent la ville - HESHIMA MAGAZINE<\/title>\n<meta name=\"description\" content=\"La ville de Kinshasa a connu une paralysie le lundi 5 juin 2023 suite \u00e0 une gr\u00e8ve des conducteurs des taxis et certains mototaxis. Ce mouvement a p\u00e9nalis\u00e9 plusieurs Kinois, notamment des \u00e9l\u00e8ves, fonctionnaires et commer\u00e7ants. Si rien n\u2019est fait, la gr\u00e8ve peut durer 3 jours.\" \/>\n<meta name=\"robots\" content=\"index, follow, max-snippet:-1, max-image-preview:large, max-video-preview:-1\" \/>\n<link rel=\"canonical\" href=\"https:\/\/heshimardc.net\/v1\/2023\/06\/05\/kinshasa-lasses-par-les-tracasseries-policieres-des-taximen-paralysent-la-ville\/\" \/>\n<meta property=\"og:locale\" content=\"fr_FR\" \/>\n<meta property=\"og:type\" content=\"article\" \/>\n<meta property=\"og:title\" content=\"Kinshasa : lass\u00e9s par les tracasseries polici\u00e8res, des taximen paralysent la ville - HESHIMA MAGAZINE\" \/>\n<meta property=\"og:description\" content=\"La ville de Kinshasa a connu une paralysie le lundi 5 juin 2023 suite \u00e0 une gr\u00e8ve des conducteurs des taxis et certains mototaxis. Ce mouvement a p\u00e9nalis\u00e9 plusieurs Kinois, notamment des \u00e9l\u00e8ves, fonctionnaires et commer\u00e7ants. Si rien n\u2019est fait, la gr\u00e8ve peut durer 3 jours.\" \/>\n<meta property=\"og:url\" content=\"https:\/\/heshimardc.net\/v1\/2023\/06\/05\/kinshasa-lasses-par-les-tracasseries-policieres-des-taximen-paralysent-la-ville\/\" \/>\n<meta property=\"og:site_name\" content=\"HESHIMA MAGAZINE\" \/>\n<meta property=\"article:publisher\" content=\"https:\/\/www.facebook.com\/heshimamagazine\" \/>\n<meta property=\"article:published_time\" content=\"2023-06-05T13:48:43+00:00\" \/>\n<meta property=\"article:modified_time\" content=\"2023-06-05T13:48:45+00:00\" \/>\n<meta property=\"og:image\" content=\"https:\/\/heshimardc.net\/v1\/wp-content\/uploads\/2023\/06\/IMG_2956.jpeg\" \/>\n\t<meta property=\"og:image:width\" content=\"1024\" \/>\n\t<meta property=\"og:image:height\" content=\"578\" \/>\n\t<meta property=\"og:image:type\" content=\"image\/jpeg\" \/>\n<meta name=\"author\" content=\"RedactionH\" \/>\n<meta name=\"twitter:card\" content=\"summary_large_image\" \/>\n<meta name=\"twitter:creator\" content=\"@HeshimaMag\" \/>\n<meta name=\"twitter:site\" content=\"@HeshimaMag\" \/>\n<meta name=\"twitter:label1\" content=\"\u00c9crit par\" \/>\n\t<meta name=\"twitter:data1\" content=\"RedactionH\" \/>\n\t<meta name=\"twitter:label2\" content=\"Dur\u00e9e de lecture estim\u00e9e\" \/>\n\t<meta name=\"twitter:data2\" content=\"2 minutes\" \/>\n<script type=\"application\/ld+json\" class=\"yoast-schema-graph\">{\"@context\":\"https:\/\/schema.org\",\"@graph\":[{\"@type\":\"Article\",\"@id\":\"https:\/\/heshimardc.net\/v1\/2023\/06\/05\/kinshasa-lasses-par-les-tracasseries-policieres-des-taximen-paralysent-la-ville\/#article\",\"isPartOf\":{\"@id\":\"https:\/\/heshimardc.net\/v1\/2023\/06\/05\/kinshasa-lasses-par-les-tracasseries-policieres-des-taximen-paralysent-la-ville\/\"},\"author\":{\"name\":\"RedactionH\",\"@id\":\"https:\/\/heshimardc.net\/v1\/#\/schema\/person\/c74a2d47650131f158dc4a027547a532\"},\"headline\":\"Kinshasa : lass\u00e9s par les tracasseries polici\u00e8res, des taximen paralysent la ville\",\"datePublished\":\"2023-06-05T13:48:43+00:00\",\"dateModified\":\"2023-06-05T13:48:45+00:00\",\"mainEntityOfPage\":{\"@id\":\"https:\/\/heshimardc.net\/v1\/2023\/06\/05\/kinshasa-lasses-par-les-tracasseries-policieres-des-taximen-paralysent-la-ville\/\"},\"wordCount\":450,\"publisher\":{\"@id\":\"https:\/\/heshimardc.net\/v1\/#organization\"},\"image\":{\"@id\":\"https:\/\/heshimardc.net\/v1\/2023\/06\/05\/kinshasa-lasses-par-les-tracasseries-policieres-des-taximen-paralysent-la-ville\/#primaryimage\"},\"thumbnailUrl\":\"https:\/\/heshimardc.net\/v1\/wp-content\/uploads\/2023\/06\/IMG_2956.jpeg\",\"articleSection\":[\"Soci\u00e9t\u00e9\"],\"inLanguage\":\"fr-FR\"},{\"@type\":\"WebPage\",\"@id\":\"https:\/\/heshimardc.net\/v1\/2023\/06\/05\/kinshasa-lasses-par-les-tracasseries-policieres-des-taximen-paralysent-la-ville\/\",\"url\":\"https:\/\/heshimardc.net\/v1\/2023\/06\/05\/kinshasa-lasses-par-les-tracasseries-policieres-des-taximen-paralysent-la-ville\/\",\"name\":\"Kinshasa : lass\u00e9s par les tracasseries polici\u00e8res, des taximen paralysent la ville - HESHIMA MAGAZINE\",\"isPartOf\":{\"@id\":\"https:\/\/heshimardc.net\/v1\/#website\"},\"primaryImageOfPage\":{\"@id\":\"https:\/\/heshimardc.net\/v1\/2023\/06\/05\/kinshasa-lasses-par-les-tracasseries-policieres-des-taximen-paralysent-la-ville\/#primaryimage\"},\"image\":{\"@id\":\"https:\/\/heshimardc.net\/v1\/2023\/06\/05\/kinshasa-lasses-par-les-tracasseries-policieres-des-taximen-paralysent-la-ville\/#primaryimage\"},\"thumbnailUrl\":\"https:\/\/heshimardc.net\/v1\/wp-content\/uploads\/2023\/06\/IMG_2956.jpeg\",\"datePublished\":\"2023-06-05T13:48:43+00:00\",\"dateModified\":\"2023-06-05T13:48:45+00:00\",\"description\":\"La ville de Kinshasa a connu une paralysie le lundi 5 juin 2023 suite \u00e0 une gr\u00e8ve des conducteurs des taxis et certains mototaxis. Ce mouvement a p\u00e9nalis\u00e9 plusieurs Kinois, notamment des \u00e9l\u00e8ves, fonctionnaires et commer\u00e7ants. Si rien n\u2019est fait, la gr\u00e8ve peut durer 3 jours.\",\"breadcrumb\":{\"@id\":\"https:\/\/heshimardc.net\/v1\/2023\/06\/05\/kinshasa-lasses-par-les-tracasseries-policieres-des-taximen-paralysent-la-ville\/#breadcrumb\"},\"inLanguage\":\"fr-FR\",\"potentialAction\":[{\"@type\":\"ReadAction\",\"target\":[\"https:\/\/heshimardc.net\/v1\/2023\/06\/05\/kinshasa-lasses-par-les-tracasseries-policieres-des-taximen-paralysent-la-ville\/\"]}]},{\"@type\":\"ImageObject\",\"inLanguage\":\"fr-FR\",\"@id\":\"https:\/\/heshimardc.net\/v1\/2023\/06\/05\/kinshasa-lasses-par-les-tracasseries-policieres-des-taximen-paralysent-la-ville\/#primaryimage\",\"url\":\"https:\/\/heshimardc.net\/v1\/wp-content\/uploads\/2023\/06\/IMG_2956.jpeg\",\"contentUrl\":\"https:\/\/heshimardc.net\/v1\/wp-content\/uploads\/2023\/06\/IMG_2956.jpeg\",\"width\":1024,\"height\":578},{\"@type\":\"BreadcrumbList\",\"@id\":\"https:\/\/heshimardc.net\/v1\/2023\/06\/05\/kinshasa-lasses-par-les-tracasseries-policieres-des-taximen-paralysent-la-ville\/#breadcrumb\",\"itemListElement\":[{\"@type\":\"ListItem\",\"position\":1,\"name\":\"Accueil\",\"item\":\"https:\/\/heshimardc.net\/v1\/\"},{\"@type\":\"ListItem\",\"position\":2,\"name\":\"Kinshasa : lass\u00e9s par les tracasseries polici\u00e8res, des taximen paralysent la ville\"}]},{\"@type\":\"WebSite\",\"@id\":\"https:\/\/heshimardc.net\/v1\/#website\",\"url\":\"https:\/\/heshimardc.net\/v1\/\",\"name\":\"HESHIMA MAGAZINE\",\"description\":\"Le magazine Congolais qui bat au rythme de l&#039;actualit\u00e9\",\"publisher\":{\"@id\":\"https:\/\/heshimardc.net\/v1\/#organization\"},\"potentialAction\":[{\"@type\":\"SearchAction\",\"target\":{\"@type\":\"EntryPoint\",\"urlTemplate\":\"https:\/\/heshimardc.net\/v1\/?s={search_term_string}\"},\"query-input\":\"required name=search_term_string\"}],\"inLanguage\":\"fr-FR\"},{\"@type\":\"Organization\",\"@id\":\"https:\/\/heshimardc.net\/v1\/#organization\",\"name\":\"HESHIMA MAGAZINE\",\"url\":\"https:\/\/heshimardc.net\/v1\/\",\"logo\":{\"@type\":\"ImageObject\",\"inLanguage\":\"fr-FR\",\"@id\":\"https:\/\/heshimardc.net\/v1\/#\/schema\/logo\/image\/\",\"url\":\"https:\/\/heshimardc.net\/v1\/wp-content\/uploads\/2020\/09\/logo.png\",\"contentUrl\":\"https:\/\/heshimardc.net\/v1\/wp-content\/uploads\/2020\/09\/logo.png\",\"width\":99,\"height\":130,\"caption\":\"HESHIMA MAGAZINE\"},\"image\":{\"@id\":\"https:\/\/heshimardc.net\/v1\/#\/schema\/logo\/image\/\"},\"sameAs\":[\"https:\/\/www.facebook.com\/heshimamagazine\",\"https:\/\/x.com\/HeshimaMag\"]},{\"@type\":\"Person\",\"@id\":\"https:\/\/heshimardc.net\/v1\/#\/schema\/person\/c74a2d47650131f158dc4a027547a532\",\"name\":\"RedactionH\",\"image\":{\"@type\":\"ImageObject\",\"inLanguage\":\"fr-FR\",\"@id\":\"https:\/\/heshimardc.net\/v1\/#\/schema\/person\/image\/\",\"url\":\"https:\/\/secure.gravatar.com\/avatar\/a52112f8496f362a38bf46c70ca9e956?s=96&d=mm&r=g\",\"contentUrl\":\"https:\/\/secure.gravatar.com\/avatar\/a52112f8496f362a38bf46c70ca9e956?s=96&d=mm&r=g\",\"caption\":\"RedactionH\"},\"sameAs\":[\"http:\/\/www.heshimardc.net\"],\"url\":\"https:\/\/heshimardc.net\/v1\/author\/redactionh\/\"}]}<\/script>\n<!-- \/ Yoast SEO plugin. -->","yoast_head_json":{"title":"Kinshasa : lass\u00e9s par les tracasseries polici\u00e8res, des taximen paralysent la ville - HESHIMA MAGAZINE","description":"La ville de Kinshasa a connu une paralysie le lundi 5 juin 2023 suite \u00e0 une gr\u00e8ve des conducteurs des taxis et certains mototaxis. Ce mouvement a p\u00e9nalis\u00e9 plusieurs Kinois, notamment des \u00e9l\u00e8ves, fonctionnaires et commer\u00e7ants. Si rien n\u2019est fait, la gr\u00e8ve peut durer 3 jours.","robots":{"index":"index","follow":"follow","max-snippet":"max-snippet:-1","max-image-preview":"max-image-preview:large","max-video-preview":"max-video-preview:-1"},"canonical":"https:\/\/heshimardc.net\/v1\/2023\/06\/05\/kinshasa-lasses-par-les-tracasseries-policieres-des-taximen-paralysent-la-ville\/","og_locale":"fr_FR","og_type":"article","og_title":"Kinshasa : lass\u00e9s par les tracasseries polici\u00e8res, des taximen paralysent la ville - HESHIMA MAGAZINE","og_description":"La ville de Kinshasa a connu une paralysie le lundi 5 juin 2023 suite \u00e0 une gr\u00e8ve des conducteurs des taxis et certains mototaxis. Ce mouvement a p\u00e9nalis\u00e9 plusieurs Kinois, notamment des \u00e9l\u00e8ves, fonctionnaires et commer\u00e7ants. Si rien n\u2019est fait, la gr\u00e8ve peut durer 3 jours.","og_url":"https:\/\/heshimardc.net\/v1\/2023\/06\/05\/kinshasa-lasses-par-les-tracasseries-policieres-des-taximen-paralysent-la-ville\/","og_site_name":"HESHIMA MAGAZINE","article_publisher":"https:\/\/www.facebook.com\/heshimamagazine","article_published_time":"2023-06-05T13:48:43+00:00","article_modified_time":"2023-06-05T13:48:45+00:00","og_image":[{"width":1024,"height":578,"url":"https:\/\/heshimardc.net\/v1\/wp-content\/uploads\/2023\/06\/IMG_2956.jpeg","type":"image\/jpeg"}],"author":"RedactionH","twitter_card":"summary_large_image","twitter_creator":"@HeshimaMag","twitter_site":"@HeshimaMag","twitter_misc":{"\u00c9crit par":"RedactionH","Dur\u00e9e de lecture estim\u00e9e":"2 minutes"},"schema":{"@context":"https:\/\/schema.org","@graph":[{"@type":"Article","@id":"https:\/\/heshimardc.net\/v1\/2023\/06\/05\/kinshasa-lasses-par-les-tracasseries-policieres-des-taximen-paralysent-la-ville\/#article","isPartOf":{"@id":"https:\/\/heshimardc.net\/v1\/2023\/06\/05\/kinshasa-lasses-par-les-tracasseries-policieres-des-taximen-paralysent-la-ville\/"},"author":{"name":"RedactionH","@id":"https:\/\/heshimardc.net\/v1\/#\/schema\/person\/c74a2d47650131f158dc4a027547a532"},"headline":"Kinshasa : lass\u00e9s par les tracasseries polici\u00e8res, des taximen paralysent la ville","datePublished":"2023-06-05T13:48:43+00:00","dateModified":"2023-06-05T13:48:45+00:00","mainEntityOfPage":{"@id":"https:\/\/heshimardc.net\/v1\/2023\/06\/05\/kinshasa-lasses-par-les-tracasseries-policieres-des-taximen-paralysent-la-ville\/"},"wordCount":450,"publisher":{"@id":"https:\/\/heshimardc.net\/v1\/#organization"},"image":{"@id":"https:\/\/heshimardc.net\/v1\/2023\/06\/05\/kinshasa-lasses-par-les-tracasseries-policieres-des-taximen-paralysent-la-ville\/#primaryimage"},"thumbnailUrl":"https:\/\/heshimardc.net\/v1\/wp-content\/uploads\/2023\/06\/IMG_2956.jpeg","articleSection":["Soci\u00e9t\u00e9"],"inLanguage":"fr-FR"},{"@type":"WebPage","@id":"https:\/\/heshimardc.net\/v1\/2023\/06\/05\/kinshasa-lasses-par-les-tracasseries-policieres-des-taximen-paralysent-la-ville\/","url":"https:\/\/heshimardc.net\/v1\/2023\/06\/05\/kinshasa-lasses-par-les-tracasseries-policieres-des-taximen-paralysent-la-ville\/","name":"Kinshasa : lass\u00e9s par les tracasseries polici\u00e8res, des taximen paralysent la ville - HESHIMA MAGAZINE","isPartOf":{"@id":"https:\/\/heshimardc.net\/v1\/#website"},"primaryImageOfPage":{"@id":"https:\/\/heshimardc.net\/v1\/2023\/06\/05\/kinshasa-lasses-par-les-tracasseries-policieres-des-taximen-paralysent-la-ville\/#primaryimage"},"image":{"@id":"https:\/\/heshimardc.net\/v1\/2023\/06\/05\/kinshasa-lasses-par-les-tracasseries-policieres-des-taximen-paralysent-la-ville\/#primaryimage"},"thumbnailUrl":"https:\/\/heshimardc.net\/v1\/wp-content\/uploads\/2023\/06\/IMG_2956.jpeg","datePublished":"2023-06-05T13:48:43+00:00","dateModified":"2023-06-05T13:48:45+00:00","description":"La ville de Kinshasa a connu une paralysie le lundi 5 juin 2023 suite \u00e0 une gr\u00e8ve des conducteurs des taxis et certains mototaxis. Ce mouvement a p\u00e9nalis\u00e9 plusieurs Kinois, notamment des \u00e9l\u00e8ves, fonctionnaires et commer\u00e7ants. Si rien n\u2019est fait, la gr\u00e8ve peut durer 3 jours.","breadcrumb":{"@id":"https:\/\/heshimardc.net\/v1\/2023\/06\/05\/kinshasa-lasses-par-les-tracasseries-policieres-des-taximen-paralysent-la-ville\/#breadcrumb"},"inLanguage":"fr-FR","potentialAction":[{"@type":"ReadAction","target":["https:\/\/heshimardc.net\/v1\/2023\/06\/05\/kinshasa-lasses-par-les-tracasseries-policieres-des-taximen-paralysent-la-ville\/"]}]},{"@type":"ImageObject","inLanguage":"fr-FR","@id":"https:\/\/heshimardc.net\/v1\/2023\/06\/05\/kinshasa-lasses-par-les-tracasseries-policieres-des-taximen-paralysent-la-ville\/#primaryimage","url":"https:\/\/heshimardc.net\/v1\/wp-content\/uploads\/2023\/06\/IMG_2956.jpeg","contentUrl":"https:\/\/heshimardc.net\/v1\/wp-content\/uploads\/2023\/06\/IMG_2956.jpeg","width":1024,"height":578},{"@type":"BreadcrumbList","@id":"https:\/\/heshimardc.net\/v1\/2023\/06\/05\/kinshasa-lasses-par-les-tracasseries-policieres-des-taximen-paralysent-la-ville\/#breadcrumb","itemListElement":[{"@type":"ListItem","position":1,"name":"Accueil","item":"https:\/\/heshimardc.net\/v1\/"},{"@type":"ListItem","position":2,"name":"Kinshasa : lass\u00e9s par les tracasseries polici\u00e8res, des taximen paralysent la ville"}]},{"@type":"WebSite","@id":"https:\/\/heshimardc.net\/v1\/#website","url":"https:\/\/heshimardc.net\/v1\/","name":"HESHIMA MAGAZINE","description":"Le magazine Congolais qui bat au rythme de l&#039;actualit\u00e9","publisher":{"@id":"https:\/\/heshimardc.net\/v1\/#organization"},"potentialAction":[{"@type":"SearchAction","target":{"@type":"EntryPoint","urlTemplate":"https:\/\/heshimardc.net\/v1\/?s={search_term_string}"},"query-input":"required name=search_term_string"}],"inLanguage":"fr-FR"},{"@type":"Organization","@id":"https:\/\/heshimardc.net\/v1\/#organization","name":"HESHIMA MAGAZINE","url":"https:\/\/heshimardc.net\/v1\/","logo":{"@type":"ImageObject","inLanguage":"fr-FR","@id":"https:\/\/heshimardc.net\/v1\/#\/schema\/logo\/image\/","url":"https:\/\/heshimardc.net\/v1\/wp-content\/uploads\/2020\/09\/logo.png","contentUrl":"https:\/\/heshimardc.net\/v1\/wp-content\/uploads\/2020\/09\/logo.png","width":99,"height":130,"caption":"HESHIMA MAGAZINE"},"image":{"@id":"https:\/\/heshimardc.net\/v1\/#\/schema\/logo\/image\/"},"sameAs":["https:\/\/www.facebook.com\/heshimamagazine","https:\/\/x.com\/HeshimaMag"]},{"@type":"Person","@id":"https:\/\/heshimardc.net\/v1\/#\/schema\/person\/c74a2d47650131f158dc4a027547a532","name":"RedactionH","image":{"@type":"ImageObject","inLanguage":"fr-FR","@id":"https:\/\/heshimardc.net\/v1\/#\/schema\/person\/image\/","url":"https:\/\/secure.gravatar.com\/avatar\/a52112f8496f362a38bf46c70ca9e956?s=96&d=mm&r=g","contentUrl":"https:\/\/secure.gravatar.com\/avatar\/a52112f8496f362a38bf46c70ca9e956?s=96&d=mm&r=g","caption":"RedactionH"},"sameAs":["http:\/\/www.heshimardc.net"],"url":"https:\/\/heshimardc.net\/v1\/author\/redactionh\/"}]}},"amp_enabled":true,"_links":{"self":[{"href":"https:\/\/heshimardc.net\/v1\/wp-json\/wp\/v2\/posts\/3533"}],"collection":[{"href":"https:\/\/heshimardc.net\/v1\/wp-json\/wp\/v2\/posts"}],"about":[{"href":"https:\/\/heshimardc.net\/v1\/wp-json\/wp\/v2\/types\/post"}],"author":[{"embeddable":true,"href":"https:\/\/heshimardc.net\/v1\/wp-json\/wp\/v2\/users\/2"}],"replies":[{"embeddable":true,"href":"https:\/\/heshimardc.net\/v1\/wp-json\/wp\/v2\/comments?post=3533"}],"version-history":[{"count":1,"href":"https:\/\/heshimardc.net\/v1\/wp-json\/wp\/v2\/posts\/3533\/revisions"}],"predecessor-version":[{"id":3535,"href":"https:\/\/heshimardc.net\/v1\/wp-json\/wp\/v2\/posts\/3533\/revisions\/3535"}],"wp:featuredmedia":[{"embeddable":true,"href":"https:\/\/heshimardc.net\/v1\/wp-json\/wp\/v2\/media\/3534"}],"wp:attachment":[{"href":"https:\/\/heshimardc.net\/v1\/wp-json\/wp\/v2\/media?parent=3533"}],"wp:term":[{"taxonomy":"category","embeddable":true,"href":"https:\/\/heshimardc.net\/v1\/wp-json\/wp\/v2\/categories?post=3533"},{"taxonomy":"post_tag","embeddable":true,"href":"https:\/\/heshimardc.net\/v1\/wp-json\/wp\/v2\/tags?post=3533"}],"curies":[{"name":"wp","href":"https:\/\/api.w.org\/{rel}","templated":true}]}}