{"id":3543,"date":"2023-06-08T09:24:06","date_gmt":"2023-06-08T09:24:06","guid":{"rendered":"https:\/\/heshimardc.net\/v1\/?p=3543"},"modified":"2023-06-08T09:24:08","modified_gmt":"2023-06-08T09:24:08","slug":"lholocauste-au-congo-de-charles-onana-la-rdc-trahie-pour-sa-generosite","status":"publish","type":"post","link":"https:\/\/heshimardc.net\/v1\/2023\/06\/08\/lholocauste-au-congo-de-charles-onana-la-rdc-trahie-pour-sa-generosite\/","title":{"rendered":"L\u2019holocauste au Congo de Charles ONANA, la RDC trahie pour sa g\u00e9n\u00e9rosit\u00e9 !"},"content":{"rendered":"\n<p>L\u2019\u00e9diteur franco-camerounais&nbsp;et sp\u00e9cialiste de l\u2019Afrique des Grands Lacs et des conflits arm\u00e9s,&nbsp;Charles&nbsp;Onana, a exhum\u00e9 des archives contenant des preuves de nature \u00e0 renseigner sur les circonstances&nbsp;des atrocit\u00e9s&nbsp;commises par le Rwanda sur le sol congolais et qui ont pris une ampleur d\u00e9mesur\u00e9e depuis 1994. Auteur du livre \u00ab&nbsp;Holocauste au Congo,<strong><em>&nbsp;<\/em><\/strong><strong><em>l\u2019omerta&nbsp;<\/em><\/strong><em>de<\/em><em>&nbsp;la Communaut\u00e9 internationale ?&nbsp;\u00bb<\/em>,&nbsp;Charles&nbsp;Onana&nbsp;qui s\u2019est fait pr\u00e9facer par Charles Millon, ancien ministre fran\u00e7ais de la D\u00e9fense, fait savoir dans son ouvrage pour r\u00e9habiliter la v\u00e9rit\u00e9 historique et pour mieux faire conna\u00eetre les faits ou soulever les responsabilit\u00e9s,&nbsp;que le but de son ouvrage \u00e9tait d\u2019abord de rompre le silence qui entoure les millions de morts au Congo et ce silence est assourdissant parce que depuis 30 ans, le Congo est rest\u00e9 submerg\u00e9 par un afflux de r\u00e9fugi\u00e9s venant du Rwanda sur son territoire.<\/p>\n\n\n\n<p>Dans son analyse, il dit se rendre compte qu\u2019il n\u2019en \u00e9tait rien en termes de d\u00e9g\u00e2t collat\u00e9ral. \u00ab&nbsp;Ce n\u2019\u00e9tait pas du tout un d\u00e9g\u00e2t collat\u00e9ral que subissait le Congo avec cet afflux des r\u00e9fugi\u00e9s. C\u2019\u00e9tait tout simplement un plan de d\u00e9stabilisation du Congo et une volont\u00e9 de prendre contr\u00f4le, non seulement des richesses du Congo mais \u00e9galement du pouvoir \u00e0 Kinshasa&nbsp;\u00bb.<\/p>\n\n\n\n<p>C\u2019\u00e9tait sans compter qu\u2019un plan a \u00e9t\u00e9 con\u00e7u par de grandes puissances, notamment les Etats-Unis, le Rwanda et l\u2019Ouganda. Puisque la crise a commenc\u00e9 par le Rwanda et ceux qui ont pris le pouvoir au Rwanda venaient de l\u2019Ouganda. Paul Kagame et ses troupes \u00e9taient des \u00e9l\u00e9ments de l\u2019arm\u00e9e r\u00e9guli\u00e8re ougandaise. Ils avaient aid\u00e9&nbsp;Museveni&nbsp;\u00e0 prendre le pouvoir en 1986. Apr\u00e8s cette p\u00e9riode, ils ont d\u00e9cid\u00e9 de prendre le pouvoir, de renverser le pr\u00e9sident Habyarimana en 1994. Deux ans apr\u00e8s, ils ont d\u00e9cid\u00e9 de rentrer sur le territoire congolais pour renverser le mar\u00e9chal Mobutu. Tout cela \u00e9tait organis\u00e9, programm\u00e9.&nbsp;<\/p>\n\n\n\n<p><strong>El\u00e9ments de preuves<\/strong><\/p>\n\n\n\n<p>Plus de 10 millions de morts, 500 000 femmes congolaises viol\u00e9es&#8230; et toujours le silence. Entre avril et juillet 1994, la R\u00e9publique D\u00e9mocratique du Congo alors Za\u00efre, a \u00e9t\u00e9 envahie par un afflux de r\u00e9fugi\u00e9s rwandais et depuis lors, elle est constamment attaqu\u00e9e et pill\u00e9e par des troupes venues du Rwanda et de l\u2019Ouganda.<\/p>\n\n\n\n<p>Les morts se comptent d\u00e9sormais par millions et les viols par centaines de milliers. Charles&nbsp;Onana&nbsp;d\u00e9montre que l\u2019on assiste, depuis 1994, \u00e0 l\u2019invasion masqu\u00e9e du Congo par des milices et des troupes de Paul Kagame, le chef de l\u2019Etat rwandais soutenu au d\u00e9part par&nbsp;l\u2019administration Clinton et ensuite par la France de Nicolas Sarkozy. A partir des t\u00e9moignages exclusifs et de documents de la CIA, des archives de la Maison Blanche, de l\u2019Elys\u00e9e et de l\u2019Union Europ\u00e9enne, l\u2019auteur d\u00e9voile comment les Etats-Unis ont form\u00e9 cet homme sans foi ni loi, pour servir leurs int\u00e9r\u00eats en RDC, en R\u00e9publique Centrafricaine, au Congo-Brazzaville, et dans d\u2019autres \u00e9tats d\u2019Afrique Centrale o\u00f9 la guerre entre l\u2019Occident, la Chine et la Russie est f\u00e9roce pour le contr\u00f4le des ressources mini\u00e8res strat\u00e9giques. Insatiables, les pr\u00e9dateurs d\u00e9p\u00e8cent la RDC et pillent ses richesses. Apr\u00e8s 20 ann\u00e9es de recherches, l\u2019auteur alerte l\u2019opinion sur l\u2019extermination programm\u00e9e des populations locales alors que plusieurs chefs d\u2019Etats de la r\u00e9gion et un ambassadeur europ\u00e9en ont d\u00e9j\u00e0 \u00e9t\u00e9 assassin\u00e9s. Charles&nbsp;Onana&nbsp;explique surtout comment la mise \u00e0 mort de la RDC est organis\u00e9e en utilisant la terreur et le mensonge dans le dessein de faire main basse sur des minerais indispensables \u00e0 l\u2019industrie mondiale de l\u2019armement, de la t\u00e9l\u00e9phonie mobile et de la transition \u00e9nerg\u00e9tique.<\/p>\n\n\n\n<p><strong>Gen\u00e8se africaine du conflit&nbsp;<\/strong><\/p>\n\n\n\n<p>Cit\u00e9 par Charles&nbsp;Onana, le Pr. Bernard Debr\u00e9, ancien ministre de la Coop\u00e9ration a soulev\u00e9 cette question \u00e0 l\u2019h\u00f4pital Goshen \u00e0 Paris. Dans ses explications, Bernard Debr\u00e9&nbsp;renseigne qu\u2019un groupe ethnique tutsi au Rwanda ambitionnait de cr\u00e9er un empire&nbsp;Hima et&nbsp;avait vocation \u00e0&nbsp;placer dans un moulel\u2019Ouganda, le Rwanda,&nbsp;le Burundi et la R\u00e9publique d\u00e9mocratique du Congo o\u00f9 cette minorit\u00e9 aurait le pouvoir sur toute cette r\u00e9gion. Leur ambition ne s\u2019arr\u00eaterait pas l\u00e0.&nbsp;Le groupe faisait ses projections sur&nbsp;la R\u00e9publique centrafricaine, le Congo Brazzaville voire le Gabon. Dans les archives de l\u2019Elys\u00e9e, le chef d\u2019Etat-major particulier du pr\u00e9sident Mitterrand, le g\u00e9n\u00e9ral Guenon, \u00e9voquait \u00e9galement la question. Le plus stup\u00e9fiant, selon Charles&nbsp;Onana, a \u00e9t\u00e9 de constater que dans les archives du pr\u00e9sident Clinton, l\u2019ambassade des Etats Unis au Rwanda avait r\u00e9dig\u00e9 en novembre 1994 un rapport sur ce projet. La Maison Blanche comme l\u2019Elys\u00e9e \u00e9taient au courant que la minorit\u00e9 tutsi&nbsp;avaitvocation \u00e0 dominer l\u2019Afrique centrale mais personne n\u2019a&nbsp;os\u00e9 le d\u00e9noncer. On a laiss\u00e9 faire tout cela jusqu\u2019\u00e0 pr\u00e9sent.<\/p>\n\n\n\n<p>Petit pays pauvre tr\u00e8s enclav\u00e9 en r\u00e9alit\u00e9 qui ne se suffit pas en lui-m\u00eame. Manifestement, ceux qui ont aid\u00e9 le pouvoir de Kagame au Rwanda en 1994 l\u2019avait pr\u00e9alablement soutenu \u00e0 occuper les postes de responsabilit\u00e9 en Ouganda. Ceux qui ont pris le pouvoir au Rwanda en 1994, c\u2019est-\u00e0-dire, Paul Kagame et ses troupes, \u00e9taient des responsables de services de s\u00e9curit\u00e9 militaire en Ouganda. Ils ne pouvaient pas venir au Rwanda pour occuper des postes subalternes. Ce qui s\u2019est r\u00e9ellement pass\u00e9, c\u2019est que le Congo \u00e9tait l\u2019objectif final de cette op\u00e9ration et le Rwanda \u00e9tait la principale porte d\u2019entr\u00e9e. Pour occuper le Congo et s\u2019emparer de ses ressources, il fallait avoir une vraie porte d\u2019entr\u00e9e et la vraie porte d\u2019entr\u00e9e \u00e9tait le Rwanda.<\/p>\n\n\n\n<p>Peu de gens l\u2019ont compris \u00e0 cette \u00e9poque-l\u00e0. M\u00eame le mar\u00e9chal Mobutu ne l\u2019avait pas compris tr\u00e8s rapidement. Il pensait simplement que la communaut\u00e9 internationale, bien qu\u2019ayant exerc\u00e9 des pressions sur lui depuis 1993, o\u00f9 il avait \u00e9t\u00e9 interdit de s\u00e9jours aux Etats-Unis, Mobutu avait l\u2019impression que c\u2019\u00e9tait un d\u00e9saccord entre lui et les grandes puissances parce qu\u2019apr\u00e8s avoir \u00e9t\u00e9 soutenu pendant 32 ans, il n\u2019imaginait pas qu\u2019il allait \u00eatre l\u00e2ch\u00e9 de cette mani\u00e8re-l\u00e0 sans \u00e9l\u00e9gance.<\/p>\n\n\n\n<p>Dans les archives de l\u2019Elys\u00e9e auxquelles Charles&nbsp;Onana&nbsp;a pu avoir acc\u00e8s, o\u00f9 il a consult\u00e9 \u00e9galement les archives du pr\u00e9sident Bill Clinton, les archives confidentielles de l\u2019Union europ\u00e9enne, c\u2019est d\u00e9j\u00e0 en la mesure d\u2019un cocktail suffisamment explosif. Le pr\u00e9sident Bill&nbsp;Clinton avait sign\u00e9 un arr\u00eat\u00e9 en 1994 dans lequel il consid\u00e9rait que la trag\u00e9die du Rwanda \u00e9tait extr\u00eamement grave et m\u00e9ritait une mission humanitaire. Sauf que les Nations unies avaient cr\u00e9\u00e9 l\u2019op\u00e9ration turquoise qui \u00e9tait une mission humanitaire dans laquelle tous les pays du monde pourraient participer et les Etats-Unis \u00e0 l\u2019\u00e9poque ont refus\u00e9 d\u2019y participer. On n\u2019a pas bien compris pourquoi. Sauf qu\u2019au mois de juillet, c\u2019est l\u00e0 que le pr\u00e9sident Bill Clinton publie son d\u00e9cret, qui parle d\u2019une mission humanitaire, il n\u2019y a plus personne au Rwanda. C\u2019est-\u00e0-dire que Paul Kagame a pris le pouvoir le 12 juillet 1994. Donc, l\u2019ensemble des r\u00e9fugi\u00e9s ou des populations ind\u00e9sirables au Rwanda avait travers\u00e9 la fronti\u00e8re et s\u2019est retrouv\u00e9 \u00e0 l\u2019est de la fronti\u00e8re za\u00efroise, et qu\u2019il s\u2019av\u00e9rait malencontreux d\u2019aller faire une op\u00e9ration humanitaire dans ces conditions au Rwanda.<\/p>\n\n\n\n<p>Le but de cette mission \u00e9tait d\u2019aller faire une mission humanitaire. En consultant les documents d\u2019archives, notamment le Pentagone sur cette mission qui avait pour nom de code, l\u2019op\u00e9ration \u00ab&nbsp;soutenir l\u2019espoir&nbsp;\u00bb, Charles&nbsp;Onana&nbsp;dit se rendre compte que l\u2019op\u00e9ration Super&nbsp;Howk&nbsp;dirig\u00e9e par l\u2019arm\u00e9e am\u00e9ricaine par le Pentagone se d\u00e9ployait en Ouganda. Pendant plusieurs mois, cette op\u00e9ration avait envoy\u00e9 effectivement des forces sp\u00e9ciales, des gens qui participaient \u00e0 la lutte anti-insurrectionnelle et, il y avait tout un dispositif qui avait des \u00e9l\u00e9ments de service de renseignements&nbsp;qui \u00e9taient tr\u00e8s important.<\/p>\n\n\n\n<p>Au bout de quelques mois, ces hommes sont renvoy\u00e9s au Rwanda, c\u2019est dire il y avait un arsenal militaire tr\u00e8s impressionnant compos\u00e9 des forces sp\u00e9ciales, forces de services de renseignements&nbsp;sont repartis au Rwanda.&nbsp;L\u2019attach\u00e9 militaire qui \u00e9tait bas\u00e9 \u00e0 Kinshasa a quitt\u00e9 son poste pour aller au Rwanda. Le rapport du Pentagone donnait les dates que pendant plusieurs mois, les membres de service de renseignement am\u00e9ricain ont form\u00e9 les officiers rwandais. Lorsque les membres du Congr\u00e8s am\u00e9ricain&nbsp;demandaient au pr\u00e9sident Clinton quelles \u00e9taient les raisons de cette pr\u00e9sence au Rwanda, est-ce que les troupes am\u00e9ricaines avaient quelque chose \u00e0 voir avec ce qui se passait au Congo, le pr\u00e9sident Clinton n\u2019a jamais r\u00e9pondu \u00e0 cette question. Parce que dans le rapport du Pentagone et surtout, ce sont les lettres duSecr\u00e9taire d\u2019Etat \u00e0 la d\u00e9fense&nbsp;adress\u00e9es \u00e0 Paul Kagame,&nbsp;M. William Perry,&nbsp;affirme avoir mis les paquets.&nbsp;Il ajoute avoir mis \u00e0 contribution d\u2019autres experts militaires neutres,&nbsp;ceux&nbsp;qui ne se sont pas m\u00eal\u00e9s&nbsp;de&nbsp;ces affaires&nbsp;et r\u00e9ussir \u00e0 pr\u00e9cipiter la chute du Marchal Mobutu, ce qui&nbsp;correspond exactement au temps suffisant&nbsp;de pr\u00e9paration de&nbsp;1994&nbsp;\u00e0&nbsp;1997.<\/p>\n\n\n\n<p>Monsieur Honor\u00e9&nbsp;Ngbanda&nbsp;qui \u00e9tait le conseiller sp\u00e9cial de Mar\u00e9chal Mobutu, a expliqu\u00e9 la teneur du<strong>&nbsp;<\/strong>message. Le pr\u00e9sident Clinton avait adress\u00e9 au mar\u00e9chal Mobutu \u00e0 travers son envoy\u00e9 sp\u00e9cial M. Bill Richardson&nbsp;que s\u2019il ne&nbsp;quittait&nbsp;pas le pouvoir,&nbsp;son&nbsp;cadavre risquait&nbsp;de tra\u00eener dans les rues de Kinshasa.<\/p>\n\n\n\n<p>Dans sa lettre adress\u00e9e au pr\u00e9sident Bill Clinton en 1996, le mar\u00e9chal Mobutu&nbsp;ne comprenait&nbsp;pas que le pr\u00e9sident Bill Clinton pr\u00e9parerait&nbsp;sa chute. Il pensait&nbsp;peut \u00eatre qu\u2019il pourrait discuter ou n\u00e9gocier, puisqu\u2019il demandait&nbsp;au pr\u00e9sident Bill Clinton&nbsp;de&nbsp;l\u2019aide pour ce qui se passait&nbsp;\u00e0 l\u2019est du pays.&nbsp;Par ailleurs, la position de la France est tr\u00e8s curieuse dans cette histoire&nbsp;apr\u00e8s s\u2019\u00eatre fortement&nbsp;mise en cause par Paul Kagame, pour un pr\u00e9tendu soutien aux g\u00e9nocidaires.&nbsp;<\/p>\n\n\n\n<p>Charles&nbsp;Onana&nbsp;fait r\u00e9f\u00e9rence \u00e0 un autre&nbsp;livre&nbsp;\u00e9pinglantclairement les accusations port\u00e9es contre la France sur la question d\u2019op\u00e9ration turquoise.&nbsp;Des fausset\u00e9s av\u00e9r\u00e9es&nbsp;parce que m\u00eame le gouvernement am\u00e9ricain \u00e0 l\u2019\u00e9poque, avait&nbsp;diligent\u00e9&nbsp;des enqu\u00eates&nbsp;sur la livraison&nbsp;des armes aux g\u00e9nocidaires&nbsp;par la France.&nbsp;Le&nbsp;terme g\u00e9nocidaire est un terme globalisant et ne veut rien&nbsp;dire, en fin, ce discours g\u00e9n\u00e9rique qui a consist\u00e9 \u00e0 culpabiliser&nbsp;l\u2019ensemble des populations hutu du Rwanda est reconnu aujourd\u2019hui comme une&nbsp;fake&nbsp;news, c\u2019est-\u00e0-dire une fosse information.<\/p>\n\n\n\n<p>Ce serai na\u00eff pour la RDC de compter sur la France, sur la communaut\u00e9 internationale ou sur l\u2019Union europ\u00e9enne. L\u2019Union europ\u00e9enne est l\u2019institution la mieux inform\u00e9e de ce qui se passe au Congo puisque elle&nbsp;envoi&nbsp;depuis plusieurs ann\u00e9es des \u00e9missaires, des experts,<strong>&nbsp;<\/strong>des sp\u00e9cialistes du renseignement, mais aussi l\u2019envoy\u00e9 sp\u00e9cial de l\u2019Union europ\u00e9enne Aldo&nbsp;Ajello.&nbsp;\u00ab&nbsp;Je rends public un certain nombre de rapports confidentiel de M. Ado&nbsp;Ajello&nbsp;apr\u00e8s ses missions \u00e0 Kinshasa et on constate que ce qui est&nbsp;dit dans le rapport confidentiel n\u2019a rien avoir avec ce qui est rendu public. Lorsque par exemple le repr\u00e9sentant sp\u00e9cial M. Aldo&nbsp;Ajellodit que Laurent&nbsp;Nkunda&nbsp;est quelqu\u2019un qui doit \u00eatre arr\u00eat\u00e9 et poursuivi pour avoir commis les crimes contre l\u2019humanit\u00e9 au Rwanda, mais, vous n\u2019avez pas vu une mobilisation de l\u2019union europ\u00e9enne de mani\u00e8re g\u00e9n\u00e9rale ou des m\u00e9dias europ\u00e9ens contre Laurent&nbsp;Nkunda. On a plut\u00f4t vu M. Louis Michel aller quasiment s\u2019accroupir \u00e0 c\u00f4t\u00e9 de Laurent&nbsp;Nkunda&nbsp;pour lui parler, comme si Laurent&nbsp;Nkunda&nbsp;\u00e9tait le chef de l\u2019Etat congolais.<\/p>\n\n\n\n<p><strong>Victime de sa g\u00e9n\u00e9rosit\u00e9<\/strong><\/p>\n\n\n\n<p>Charles&nbsp;Onana&nbsp;a constat\u00e9 une&nbsp;double posture&nbsp;en Paul Kagame.La premi\u00e8re&nbsp;porte sur le soutien que&nbsp;tout le monde apporte \u00e0Paul Kagame en 94. Le pr\u00e9sident rwandais&nbsp;se&nbsp;retrouve victime de g\u00e9nocide contre les tutsi au Rwanda,<strong>&nbsp;<\/strong>sauf que l\u00e0, du coup, ce sont les&nbsp;Tutsi&nbsp;de l\u2019arm\u00e9e de Paul Kagame qui vont envahir le Congo. Ils&nbsp;massacrent les populations civiles au Congo,&nbsp;ils commettent des&nbsp;actes de&nbsp;viols massifs contre les femmes congolaises, alors que les Congolais n\u2019ont jamais rien fait&nbsp;aux Rwandais.&nbsp;Au contraire, les Congolais ont accueilli les Rwandais \u00e0 la suite de leur guerre en 1959. Ils ont accueilli les&nbsp;Tutsi&nbsp;sans aucun probl\u00e8me. En 94 ils encore&nbsp;l\u2019accueilli, malgr\u00e9 les difficult\u00e9s de capacit\u00e9 d\u2019accueil qui \u00e9taient insuffisantes au Congo.&nbsp;Les&nbsp;Congolais ont accueilli des millions des Rwandais chez eux. Donc,&nbsp;l\u2019explication se r\u00e9v\u00e8le&nbsp;aujourd\u2019hui qu\u2019on vient&nbsp;faire payer tr\u00e8s ch\u00e8re aux Congolais leur g\u00e9n\u00e9rosit\u00e9.&nbsp;Quelque chose que la communaut\u00e9 internationale ou les&nbsp;Europ\u00e9ens&nbsp;doivent expliquer.&nbsp;<\/p>\n\n\n\n<p>Deuxi\u00e8mement, Paul Kagame allait \u00eatre celui qui&nbsp;devraitadministrer le Congo apr\u00e8s la chute du Mar\u00e9chal Mobutu.\u00ab&nbsp;Personne&nbsp;n\u2019a envie de dire \u00e0 Paul Kagame que ce que vous faites au Congo est d\u2019abord une violation des conventions internationales, il n\u2019y a aucune loi qui dit que vous devez envahir le pays voisin, cela est contraire \u00e0 ce qu\u2019on appelle aujourd\u2019hui la notion d\u2019intangibilit\u00e9&nbsp;des&nbsp;fronti\u00e8res&nbsp;a \u00e9t\u00e9 un principe cher \u00e0 l\u2019Union africaine. Mais il est all\u00e8grement viol\u00e9&nbsp;\u00bb. Tous les jours, personne ne veut parler de \u00e7a. On a entendu Paul Kagame dire r\u00e9cemment au B\u00e9nin qu\u2019il revendique des terres au Congo. Personne, ni&nbsp;la communaut\u00e9internationale, ni au niveau europ\u00e9en, n\u2019a consid\u00e9r\u00e9 qu\u2019il y a une attaque claire contre la souverainet\u00e9 du Congo. Cette attitude vis-\u00e0-vis du Rwanda vient de&nbsp;la&nbsp;double<strong>&nbsp;<\/strong>posture de l\u2019Union europ\u00e9enne qui, d\u2019un c\u00f4t\u00e9, a soutenu Paul Kagame pour la cr\u00e9ation d\u2019un&nbsp;Tribunal&nbsp;p\u00e9nal international pour des crimes commis au Rwanda en 1994. Aujourd\u2019hui, c\u2019est le m\u00eame Paul Kagame qu\u2019ils ont soutenu en 1994 qui&nbsp;commet des troubles avec des atrocit\u00e9s&nbsp;macabres&nbsp;en R\u00e9publique d\u00e9mocratique du Congo. Ils sont embarrass\u00e9s de voir d\u00e9poser des plaintes contre lui ou de le stigmatiser et le pointer du doigt alors que plusieurs rapports des Nations Unies attestent que Paul Kagame et ses troupes s\u00e8ment la mort et la terreur&nbsp;en R\u00e9publique d\u00e9mocratique du Congo.<\/p>\n\n\n\n<p>R. O.<\/p>\n","protected":false},"excerpt":{"rendered":"<p>L\u2019holocauste au Congo, pourquoi la Communaut\u00e9 internationale n\u2019en parle pas ? Des questions surprenantes, touchantes ou d\u00e9sarmantes fusent pour essayer de comprendre l\u2019omerta qui entoure les massacres au Congo depuis le g\u00e9nocide rwandais. Ce questionnement am\u00e8ne Charles Onana, l\u2019auteur du livre et invit\u00e9 sp\u00e9cial sur Top Congo Fm, \u00e0 se livrer sans fard et en toute transparence au jeu de questions-r\u00e9ponses. Dans son ouvrage, l\u2019\u00e9crivain franco-camerounais s\u2019appuie sur des sources officielles, notamment des documents de la CIA, du Pentagone, de la Maison Blanche, de l\u2019Elys\u00e9e et de l\u2019Union europ\u00e9enne. Dans cette \u00e9dition, Heshima vous propose de d\u00e9couvrir les grandes lignes de cet entretien.  <\/p>\n","protected":false},"author":2,"featured_media":3544,"comment_status":"closed","ping_status":"closed","sticky":false,"template":"","format":"standard","meta":{"footnotes":""},"categories":[173],"tags":[],"class_list":["post-3543","post","type-post","status-publish","format-standard","has-post-thumbnail","hentry","category-dossier"],"yoast_head":"<!-- This site is optimized with the Yoast SEO plugin v23.3 - https:\/\/yoast.com\/wordpress\/plugins\/seo\/ -->\n<title>L\u2019holocauste au Congo de Charles ONANA, la RDC trahie pour sa g\u00e9n\u00e9rosit\u00e9 ! - HESHIMA MAGAZINE<\/title>\n<meta name=\"description\" content=\"L\u2019holocauste au Congo, pourquoi la Communaut\u00e9 internationale n\u2019en parle pas ? Des questions surprenantes, touchantes ou d\u00e9sarmantes fusent pour essayer de comprendre l\u2019omerta qui entoure les massacres au Congo depuis le g\u00e9nocide rwandais. Ce questionnement am\u00e8ne Charles Onana, l\u2019auteur du livre et invit\u00e9 sp\u00e9cial sur Top Congo Fm, \u00e0 se livrer sans fard et en toute transparence au jeu de questions-r\u00e9ponses. Dans son ouvrage, l\u2019\u00e9crivain franco-camerounais s\u2019appuie sur des sources officielles, notamment des documents de la CIA, du Pentagone, de la Maison Blanche, de l\u2019Elys\u00e9e et de l\u2019Union europ\u00e9enne. Dans cette \u00e9dition, Heshima vous propose de d\u00e9couvrir les grandes lignes de cet entretien.\" \/>\n<meta name=\"robots\" content=\"index, follow, max-snippet:-1, max-image-preview:large, max-video-preview:-1\" \/>\n<link rel=\"canonical\" href=\"https:\/\/heshimardc.net\/v1\/2023\/06\/08\/lholocauste-au-congo-de-charles-onana-la-rdc-trahie-pour-sa-generosite\/\" \/>\n<meta property=\"og:locale\" content=\"fr_FR\" \/>\n<meta property=\"og:type\" content=\"article\" \/>\n<meta property=\"og:title\" content=\"L\u2019holocauste au Congo de Charles ONANA, la RDC trahie pour sa g\u00e9n\u00e9rosit\u00e9 ! - HESHIMA MAGAZINE\" \/>\n<meta property=\"og:description\" content=\"L\u2019holocauste au Congo, pourquoi la Communaut\u00e9 internationale n\u2019en parle pas ? Des questions surprenantes, touchantes ou d\u00e9sarmantes fusent pour essayer de comprendre l\u2019omerta qui entoure les massacres au Congo depuis le g\u00e9nocide rwandais. Ce questionnement am\u00e8ne Charles Onana, l\u2019auteur du livre et invit\u00e9 sp\u00e9cial sur Top Congo Fm, \u00e0 se livrer sans fard et en toute transparence au jeu de questions-r\u00e9ponses. Dans son ouvrage, l\u2019\u00e9crivain franco-camerounais s\u2019appuie sur des sources officielles, notamment des documents de la CIA, du Pentagone, de la Maison Blanche, de l\u2019Elys\u00e9e et de l\u2019Union europ\u00e9enne. Dans cette \u00e9dition, Heshima vous propose de d\u00e9couvrir les grandes lignes de cet entretien.\" \/>\n<meta property=\"og:url\" content=\"https:\/\/heshimardc.net\/v1\/2023\/06\/08\/lholocauste-au-congo-de-charles-onana-la-rdc-trahie-pour-sa-generosite\/\" \/>\n<meta property=\"og:site_name\" content=\"HESHIMA MAGAZINE\" \/>\n<meta property=\"article:publisher\" content=\"https:\/\/www.facebook.com\/heshimamagazine\" \/>\n<meta property=\"article:published_time\" content=\"2023-06-08T09:24:06+00:00\" \/>\n<meta property=\"article:modified_time\" content=\"2023-06-08T09:24:08+00:00\" \/>\n<meta property=\"og:image\" content=\"https:\/\/heshimardc.net\/v1\/wp-content\/uploads\/2023\/06\/8af71895-9d79-4ce8-af61-d072ff87dc91.jpeg\" \/>\n\t<meta property=\"og:image:width\" content=\"520\" \/>\n\t<meta property=\"og:image:height\" content=\"439\" \/>\n\t<meta property=\"og:image:type\" content=\"image\/jpeg\" \/>\n<meta name=\"author\" content=\"RedactionH\" \/>\n<meta name=\"twitter:card\" content=\"summary_large_image\" \/>\n<meta name=\"twitter:creator\" content=\"@HeshimaMag\" \/>\n<meta name=\"twitter:site\" content=\"@HeshimaMag\" \/>\n<meta name=\"twitter:label1\" content=\"\u00c9crit par\" \/>\n\t<meta name=\"twitter:data1\" content=\"RedactionH\" \/>\n\t<meta name=\"twitter:label2\" content=\"Dur\u00e9e de lecture estim\u00e9e\" \/>\n\t<meta name=\"twitter:data2\" content=\"11 minutes\" \/>\n<script type=\"application\/ld+json\" class=\"yoast-schema-graph\">{\"@context\":\"https:\/\/schema.org\",\"@graph\":[{\"@type\":\"Article\",\"@id\":\"https:\/\/heshimardc.net\/v1\/2023\/06\/08\/lholocauste-au-congo-de-charles-onana-la-rdc-trahie-pour-sa-generosite\/#article\",\"isPartOf\":{\"@id\":\"https:\/\/heshimardc.net\/v1\/2023\/06\/08\/lholocauste-au-congo-de-charles-onana-la-rdc-trahie-pour-sa-generosite\/\"},\"author\":{\"name\":\"RedactionH\",\"@id\":\"https:\/\/heshimardc.net\/v1\/#\/schema\/person\/c74a2d47650131f158dc4a027547a532\"},\"headline\":\"L\u2019holocauste au Congo de Charles ONANA, la RDC trahie pour sa g\u00e9n\u00e9rosit\u00e9 !\",\"datePublished\":\"2023-06-08T09:24:06+00:00\",\"dateModified\":\"2023-06-08T09:24:08+00:00\",\"mainEntityOfPage\":{\"@id\":\"https:\/\/heshimardc.net\/v1\/2023\/06\/08\/lholocauste-au-congo-de-charles-onana-la-rdc-trahie-pour-sa-generosite\/\"},\"wordCount\":2691,\"publisher\":{\"@id\":\"https:\/\/heshimardc.net\/v1\/#organization\"},\"image\":{\"@id\":\"https:\/\/heshimardc.net\/v1\/2023\/06\/08\/lholocauste-au-congo-de-charles-onana-la-rdc-trahie-pour-sa-generosite\/#primaryimage\"},\"thumbnailUrl\":\"https:\/\/heshimardc.net\/v1\/wp-content\/uploads\/2023\/06\/8af71895-9d79-4ce8-af61-d072ff87dc91.jpeg\",\"articleSection\":[\"Dossier\"],\"inLanguage\":\"fr-FR\"},{\"@type\":\"WebPage\",\"@id\":\"https:\/\/heshimardc.net\/v1\/2023\/06\/08\/lholocauste-au-congo-de-charles-onana-la-rdc-trahie-pour-sa-generosite\/\",\"url\":\"https:\/\/heshimardc.net\/v1\/2023\/06\/08\/lholocauste-au-congo-de-charles-onana-la-rdc-trahie-pour-sa-generosite\/\",\"name\":\"L\u2019holocauste au Congo de Charles ONANA, la RDC trahie pour sa g\u00e9n\u00e9rosit\u00e9 ! - HESHIMA MAGAZINE\",\"isPartOf\":{\"@id\":\"https:\/\/heshimardc.net\/v1\/#website\"},\"primaryImageOfPage\":{\"@id\":\"https:\/\/heshimardc.net\/v1\/2023\/06\/08\/lholocauste-au-congo-de-charles-onana-la-rdc-trahie-pour-sa-generosite\/#primaryimage\"},\"image\":{\"@id\":\"https:\/\/heshimardc.net\/v1\/2023\/06\/08\/lholocauste-au-congo-de-charles-onana-la-rdc-trahie-pour-sa-generosite\/#primaryimage\"},\"thumbnailUrl\":\"https:\/\/heshimardc.net\/v1\/wp-content\/uploads\/2023\/06\/8af71895-9d79-4ce8-af61-d072ff87dc91.jpeg\",\"datePublished\":\"2023-06-08T09:24:06+00:00\",\"dateModified\":\"2023-06-08T09:24:08+00:00\",\"description\":\"L\u2019holocauste au Congo, pourquoi la Communaut\u00e9 internationale n\u2019en parle pas ? Des questions surprenantes, touchantes ou d\u00e9sarmantes fusent pour essayer de comprendre l\u2019omerta qui entoure les massacres au Congo depuis le g\u00e9nocide rwandais. Ce questionnement am\u00e8ne Charles Onana, l\u2019auteur du livre et invit\u00e9 sp\u00e9cial sur Top Congo Fm, \u00e0 se livrer sans fard et en toute transparence au jeu de questions-r\u00e9ponses. Dans son ouvrage, l\u2019\u00e9crivain franco-camerounais s\u2019appuie sur des sources officielles, notamment des documents de la CIA, du Pentagone, de la Maison Blanche, de l\u2019Elys\u00e9e et de l\u2019Union europ\u00e9enne. Dans cette \u00e9dition, Heshima vous propose de d\u00e9couvrir les grandes lignes de cet entretien.\",\"breadcrumb\":{\"@id\":\"https:\/\/heshimardc.net\/v1\/2023\/06\/08\/lholocauste-au-congo-de-charles-onana-la-rdc-trahie-pour-sa-generosite\/#breadcrumb\"},\"inLanguage\":\"fr-FR\",\"potentialAction\":[{\"@type\":\"ReadAction\",\"target\":[\"https:\/\/heshimardc.net\/v1\/2023\/06\/08\/lholocauste-au-congo-de-charles-onana-la-rdc-trahie-pour-sa-generosite\/\"]}]},{\"@type\":\"ImageObject\",\"inLanguage\":\"fr-FR\",\"@id\":\"https:\/\/heshimardc.net\/v1\/2023\/06\/08\/lholocauste-au-congo-de-charles-onana-la-rdc-trahie-pour-sa-generosite\/#primaryimage\",\"url\":\"https:\/\/heshimardc.net\/v1\/wp-content\/uploads\/2023\/06\/8af71895-9d79-4ce8-af61-d072ff87dc91.jpeg\",\"contentUrl\":\"https:\/\/heshimardc.net\/v1\/wp-content\/uploads\/2023\/06\/8af71895-9d79-4ce8-af61-d072ff87dc91.jpeg\",\"width\":520,\"height\":439},{\"@type\":\"BreadcrumbList\",\"@id\":\"https:\/\/heshimardc.net\/v1\/2023\/06\/08\/lholocauste-au-congo-de-charles-onana-la-rdc-trahie-pour-sa-generosite\/#breadcrumb\",\"itemListElement\":[{\"@type\":\"ListItem\",\"position\":1,\"name\":\"Accueil\",\"item\":\"https:\/\/heshimardc.net\/v1\/\"},{\"@type\":\"ListItem\",\"position\":2,\"name\":\"L\u2019holocauste au Congo de Charles ONANA, la RDC trahie pour sa g\u00e9n\u00e9rosit\u00e9 !\"}]},{\"@type\":\"WebSite\",\"@id\":\"https:\/\/heshimardc.net\/v1\/#website\",\"url\":\"https:\/\/heshimardc.net\/v1\/\",\"name\":\"HESHIMA MAGAZINE\",\"description\":\"Le magazine Congolais qui bat au rythme de l&#039;actualit\u00e9\",\"publisher\":{\"@id\":\"https:\/\/heshimardc.net\/v1\/#organization\"},\"potentialAction\":[{\"@type\":\"SearchAction\",\"target\":{\"@type\":\"EntryPoint\",\"urlTemplate\":\"https:\/\/heshimardc.net\/v1\/?s={search_term_string}\"},\"query-input\":\"required name=search_term_string\"}],\"inLanguage\":\"fr-FR\"},{\"@type\":\"Organization\",\"@id\":\"https:\/\/heshimardc.net\/v1\/#organization\",\"name\":\"HESHIMA MAGAZINE\",\"url\":\"https:\/\/heshimardc.net\/v1\/\",\"logo\":{\"@type\":\"ImageObject\",\"inLanguage\":\"fr-FR\",\"@id\":\"https:\/\/heshimardc.net\/v1\/#\/schema\/logo\/image\/\",\"url\":\"https:\/\/heshimardc.net\/v1\/wp-content\/uploads\/2020\/09\/logo.png\",\"contentUrl\":\"https:\/\/heshimardc.net\/v1\/wp-content\/uploads\/2020\/09\/logo.png\",\"width\":99,\"height\":130,\"caption\":\"HESHIMA MAGAZINE\"},\"image\":{\"@id\":\"https:\/\/heshimardc.net\/v1\/#\/schema\/logo\/image\/\"},\"sameAs\":[\"https:\/\/www.facebook.com\/heshimamagazine\",\"https:\/\/x.com\/HeshimaMag\"]},{\"@type\":\"Person\",\"@id\":\"https:\/\/heshimardc.net\/v1\/#\/schema\/person\/c74a2d47650131f158dc4a027547a532\",\"name\":\"RedactionH\",\"image\":{\"@type\":\"ImageObject\",\"inLanguage\":\"fr-FR\",\"@id\":\"https:\/\/heshimardc.net\/v1\/#\/schema\/person\/image\/\",\"url\":\"https:\/\/secure.gravatar.com\/avatar\/a52112f8496f362a38bf46c70ca9e956?s=96&d=mm&r=g\",\"contentUrl\":\"https:\/\/secure.gravatar.com\/avatar\/a52112f8496f362a38bf46c70ca9e956?s=96&d=mm&r=g\",\"caption\":\"RedactionH\"},\"sameAs\":[\"http:\/\/www.heshimardc.net\"],\"url\":\"https:\/\/heshimardc.net\/v1\/author\/redactionh\/\"}]}<\/script>\n<!-- \/ Yoast SEO plugin. -->","yoast_head_json":{"title":"L\u2019holocauste au Congo de Charles ONANA, la RDC trahie pour sa g\u00e9n\u00e9rosit\u00e9 ! - HESHIMA MAGAZINE","description":"L\u2019holocauste au Congo, pourquoi la Communaut\u00e9 internationale n\u2019en parle pas ? Des questions surprenantes, touchantes ou d\u00e9sarmantes fusent pour essayer de comprendre l\u2019omerta qui entoure les massacres au Congo depuis le g\u00e9nocide rwandais. Ce questionnement am\u00e8ne Charles Onana, l\u2019auteur du livre et invit\u00e9 sp\u00e9cial sur Top Congo Fm, \u00e0 se livrer sans fard et en toute transparence au jeu de questions-r\u00e9ponses. Dans son ouvrage, l\u2019\u00e9crivain franco-camerounais s\u2019appuie sur des sources officielles, notamment des documents de la CIA, du Pentagone, de la Maison Blanche, de l\u2019Elys\u00e9e et de l\u2019Union europ\u00e9enne. Dans cette \u00e9dition, Heshima vous propose de d\u00e9couvrir les grandes lignes de cet entretien.","robots":{"index":"index","follow":"follow","max-snippet":"max-snippet:-1","max-image-preview":"max-image-preview:large","max-video-preview":"max-video-preview:-1"},"canonical":"https:\/\/heshimardc.net\/v1\/2023\/06\/08\/lholocauste-au-congo-de-charles-onana-la-rdc-trahie-pour-sa-generosite\/","og_locale":"fr_FR","og_type":"article","og_title":"L\u2019holocauste au Congo de Charles ONANA, la RDC trahie pour sa g\u00e9n\u00e9rosit\u00e9 ! - HESHIMA MAGAZINE","og_description":"L\u2019holocauste au Congo, pourquoi la Communaut\u00e9 internationale n\u2019en parle pas ? Des questions surprenantes, touchantes ou d\u00e9sarmantes fusent pour essayer de comprendre l\u2019omerta qui entoure les massacres au Congo depuis le g\u00e9nocide rwandais. Ce questionnement am\u00e8ne Charles Onana, l\u2019auteur du livre et invit\u00e9 sp\u00e9cial sur Top Congo Fm, \u00e0 se livrer sans fard et en toute transparence au jeu de questions-r\u00e9ponses. Dans son ouvrage, l\u2019\u00e9crivain franco-camerounais s\u2019appuie sur des sources officielles, notamment des documents de la CIA, du Pentagone, de la Maison Blanche, de l\u2019Elys\u00e9e et de l\u2019Union europ\u00e9enne. Dans cette \u00e9dition, Heshima vous propose de d\u00e9couvrir les grandes lignes de cet entretien.","og_url":"https:\/\/heshimardc.net\/v1\/2023\/06\/08\/lholocauste-au-congo-de-charles-onana-la-rdc-trahie-pour-sa-generosite\/","og_site_name":"HESHIMA MAGAZINE","article_publisher":"https:\/\/www.facebook.com\/heshimamagazine","article_published_time":"2023-06-08T09:24:06+00:00","article_modified_time":"2023-06-08T09:24:08+00:00","og_image":[{"width":520,"height":439,"url":"https:\/\/heshimardc.net\/v1\/wp-content\/uploads\/2023\/06\/8af71895-9d79-4ce8-af61-d072ff87dc91.jpeg","type":"image\/jpeg"}],"author":"RedactionH","twitter_card":"summary_large_image","twitter_creator":"@HeshimaMag","twitter_site":"@HeshimaMag","twitter_misc":{"\u00c9crit par":"RedactionH","Dur\u00e9e de lecture estim\u00e9e":"11 minutes"},"schema":{"@context":"https:\/\/schema.org","@graph":[{"@type":"Article","@id":"https:\/\/heshimardc.net\/v1\/2023\/06\/08\/lholocauste-au-congo-de-charles-onana-la-rdc-trahie-pour-sa-generosite\/#article","isPartOf":{"@id":"https:\/\/heshimardc.net\/v1\/2023\/06\/08\/lholocauste-au-congo-de-charles-onana-la-rdc-trahie-pour-sa-generosite\/"},"author":{"name":"RedactionH","@id":"https:\/\/heshimardc.net\/v1\/#\/schema\/person\/c74a2d47650131f158dc4a027547a532"},"headline":"L\u2019holocauste au Congo de Charles ONANA, la RDC trahie pour sa g\u00e9n\u00e9rosit\u00e9 !","datePublished":"2023-06-08T09:24:06+00:00","dateModified":"2023-06-08T09:24:08+00:00","mainEntityOfPage":{"@id":"https:\/\/heshimardc.net\/v1\/2023\/06\/08\/lholocauste-au-congo-de-charles-onana-la-rdc-trahie-pour-sa-generosite\/"},"wordCount":2691,"publisher":{"@id":"https:\/\/heshimardc.net\/v1\/#organization"},"image":{"@id":"https:\/\/heshimardc.net\/v1\/2023\/06\/08\/lholocauste-au-congo-de-charles-onana-la-rdc-trahie-pour-sa-generosite\/#primaryimage"},"thumbnailUrl":"https:\/\/heshimardc.net\/v1\/wp-content\/uploads\/2023\/06\/8af71895-9d79-4ce8-af61-d072ff87dc91.jpeg","articleSection":["Dossier"],"inLanguage":"fr-FR"},{"@type":"WebPage","@id":"https:\/\/heshimardc.net\/v1\/2023\/06\/08\/lholocauste-au-congo-de-charles-onana-la-rdc-trahie-pour-sa-generosite\/","url":"https:\/\/heshimardc.net\/v1\/2023\/06\/08\/lholocauste-au-congo-de-charles-onana-la-rdc-trahie-pour-sa-generosite\/","name":"L\u2019holocauste au Congo de Charles ONANA, la RDC trahie pour sa g\u00e9n\u00e9rosit\u00e9 ! - HESHIMA MAGAZINE","isPartOf":{"@id":"https:\/\/heshimardc.net\/v1\/#website"},"primaryImageOfPage":{"@id":"https:\/\/heshimardc.net\/v1\/2023\/06\/08\/lholocauste-au-congo-de-charles-onana-la-rdc-trahie-pour-sa-generosite\/#primaryimage"},"image":{"@id":"https:\/\/heshimardc.net\/v1\/2023\/06\/08\/lholocauste-au-congo-de-charles-onana-la-rdc-trahie-pour-sa-generosite\/#primaryimage"},"thumbnailUrl":"https:\/\/heshimardc.net\/v1\/wp-content\/uploads\/2023\/06\/8af71895-9d79-4ce8-af61-d072ff87dc91.jpeg","datePublished":"2023-06-08T09:24:06+00:00","dateModified":"2023-06-08T09:24:08+00:00","description":"L\u2019holocauste au Congo, pourquoi la Communaut\u00e9 internationale n\u2019en parle pas ? Des questions surprenantes, touchantes ou d\u00e9sarmantes fusent pour essayer de comprendre l\u2019omerta qui entoure les massacres au Congo depuis le g\u00e9nocide rwandais. Ce questionnement am\u00e8ne Charles Onana, l\u2019auteur du livre et invit\u00e9 sp\u00e9cial sur Top Congo Fm, \u00e0 se livrer sans fard et en toute transparence au jeu de questions-r\u00e9ponses. Dans son ouvrage, l\u2019\u00e9crivain franco-camerounais s\u2019appuie sur des sources officielles, notamment des documents de la CIA, du Pentagone, de la Maison Blanche, de l\u2019Elys\u00e9e et de l\u2019Union europ\u00e9enne. Dans cette \u00e9dition, Heshima vous propose de d\u00e9couvrir les grandes lignes de cet entretien.","breadcrumb":{"@id":"https:\/\/heshimardc.net\/v1\/2023\/06\/08\/lholocauste-au-congo-de-charles-onana-la-rdc-trahie-pour-sa-generosite\/#breadcrumb"},"inLanguage":"fr-FR","potentialAction":[{"@type":"ReadAction","target":["https:\/\/heshimardc.net\/v1\/2023\/06\/08\/lholocauste-au-congo-de-charles-onana-la-rdc-trahie-pour-sa-generosite\/"]}]},{"@type":"ImageObject","inLanguage":"fr-FR","@id":"https:\/\/heshimardc.net\/v1\/2023\/06\/08\/lholocauste-au-congo-de-charles-onana-la-rdc-trahie-pour-sa-generosite\/#primaryimage","url":"https:\/\/heshimardc.net\/v1\/wp-content\/uploads\/2023\/06\/8af71895-9d79-4ce8-af61-d072ff87dc91.jpeg","contentUrl":"https:\/\/heshimardc.net\/v1\/wp-content\/uploads\/2023\/06\/8af71895-9d79-4ce8-af61-d072ff87dc91.jpeg","width":520,"height":439},{"@type":"BreadcrumbList","@id":"https:\/\/heshimardc.net\/v1\/2023\/06\/08\/lholocauste-au-congo-de-charles-onana-la-rdc-trahie-pour-sa-generosite\/#breadcrumb","itemListElement":[{"@type":"ListItem","position":1,"name":"Accueil","item":"https:\/\/heshimardc.net\/v1\/"},{"@type":"ListItem","position":2,"name":"L\u2019holocauste au Congo de Charles ONANA, la RDC trahie pour sa g\u00e9n\u00e9rosit\u00e9 !"}]},{"@type":"WebSite","@id":"https:\/\/heshimardc.net\/v1\/#website","url":"https:\/\/heshimardc.net\/v1\/","name":"HESHIMA MAGAZINE","description":"Le magazine Congolais qui bat au rythme de l&#039;actualit\u00e9","publisher":{"@id":"https:\/\/heshimardc.net\/v1\/#organization"},"potentialAction":[{"@type":"SearchAction","target":{"@type":"EntryPoint","urlTemplate":"https:\/\/heshimardc.net\/v1\/?s={search_term_string}"},"query-input":"required name=search_term_string"}],"inLanguage":"fr-FR"},{"@type":"Organization","@id":"https:\/\/heshimardc.net\/v1\/#organization","name":"HESHIMA MAGAZINE","url":"https:\/\/heshimardc.net\/v1\/","logo":{"@type":"ImageObject","inLanguage":"fr-FR","@id":"https:\/\/heshimardc.net\/v1\/#\/schema\/logo\/image\/","url":"https:\/\/heshimardc.net\/v1\/wp-content\/uploads\/2020\/09\/logo.png","contentUrl":"https:\/\/heshimardc.net\/v1\/wp-content\/uploads\/2020\/09\/logo.png","width":99,"height":130,"caption":"HESHIMA MAGAZINE"},"image":{"@id":"https:\/\/heshimardc.net\/v1\/#\/schema\/logo\/image\/"},"sameAs":["https:\/\/www.facebook.com\/heshimamagazine","https:\/\/x.com\/HeshimaMag"]},{"@type":"Person","@id":"https:\/\/heshimardc.net\/v1\/#\/schema\/person\/c74a2d47650131f158dc4a027547a532","name":"RedactionH","image":{"@type":"ImageObject","inLanguage":"fr-FR","@id":"https:\/\/heshimardc.net\/v1\/#\/schema\/person\/image\/","url":"https:\/\/secure.gravatar.com\/avatar\/a52112f8496f362a38bf46c70ca9e956?s=96&d=mm&r=g","contentUrl":"https:\/\/secure.gravatar.com\/avatar\/a52112f8496f362a38bf46c70ca9e956?s=96&d=mm&r=g","caption":"RedactionH"},"sameAs":["http:\/\/www.heshimardc.net"],"url":"https:\/\/heshimardc.net\/v1\/author\/redactionh\/"}]}},"amp_enabled":true,"_links":{"self":[{"href":"https:\/\/heshimardc.net\/v1\/wp-json\/wp\/v2\/posts\/3543"}],"collection":[{"href":"https:\/\/heshimardc.net\/v1\/wp-json\/wp\/v2\/posts"}],"about":[{"href":"https:\/\/heshimardc.net\/v1\/wp-json\/wp\/v2\/types\/post"}],"author":[{"embeddable":true,"href":"https:\/\/heshimardc.net\/v1\/wp-json\/wp\/v2\/users\/2"}],"replies":[{"embeddable":true,"href":"https:\/\/heshimardc.net\/v1\/wp-json\/wp\/v2\/comments?post=3543"}],"version-history":[{"count":1,"href":"https:\/\/heshimardc.net\/v1\/wp-json\/wp\/v2\/posts\/3543\/revisions"}],"predecessor-version":[{"id":3545,"href":"https:\/\/heshimardc.net\/v1\/wp-json\/wp\/v2\/posts\/3543\/revisions\/3545"}],"wp:featuredmedia":[{"embeddable":true,"href":"https:\/\/heshimardc.net\/v1\/wp-json\/wp\/v2\/media\/3544"}],"wp:attachment":[{"href":"https:\/\/heshimardc.net\/v1\/wp-json\/wp\/v2\/media?parent=3543"}],"wp:term":[{"taxonomy":"category","embeddable":true,"href":"https:\/\/heshimardc.net\/v1\/wp-json\/wp\/v2\/categories?post=3543"},{"taxonomy":"post_tag","embeddable":true,"href":"https:\/\/heshimardc.net\/v1\/wp-json\/wp\/v2\/tags?post=3543"}],"curies":[{"name":"wp","href":"https:\/\/api.w.org\/{rel}","templated":true}]}}