{"id":3729,"date":"2023-12-05T21:33:08","date_gmt":"2023-12-05T21:33:08","guid":{"rendered":"https:\/\/heshimardc.net\/v1\/?p=3729"},"modified":"2023-12-05T21:33:11","modified_gmt":"2023-12-05T21:33:11","slug":"nous-travaillons-fortement-pour-realiser-la-vision-du-chef-de-letat-fifi-masuka-gouverneure-interimaire-du-lualaba","status":"publish","type":"post","link":"https:\/\/heshimardc.net\/v1\/2023\/12\/05\/nous-travaillons-fortement-pour-realiser-la-vision-du-chef-de-letat-fifi-masuka-gouverneure-interimaire-du-lualaba\/","title":{"rendered":"\u00ab Nous travaillons fortement pour r\u00e9aliser la vision du chef de l\u2019\u00c9tat \u00bbFIFI MASUKA Gouverneure int\u00e9rimaire du Lualaba"},"content":{"rendered":"\n<p><\/p>\n\n\n\n<p class=\"has-text-color\" style=\"color:#5e0278\"><strong>Heshima Magazine : Madame le Gouverneur Fifi Masuka, comment se porte la province du Lualaba ?<\/strong><\/p>\n\n\n\n<p>Fifi Masuka : Le Lualaba se porte tr\u00e8s bien gr\u00e2ce \u00e0 Dieu tout d\u2019abord, lui qui est le ma\u00eetre de tout. C\u2019est Dieu qui fait que cette province soit toujours ce havre de paix d\u00e9sir\u00e9 par tout le monde. Mais aussi nous dirons que le Pr\u00e9sident de la R\u00e9publique est cet artisan qui nous a permis de mat\u00e9rialiser sa vision pour le b\u00e9n\u00e9fice de tous les Lualabais.<\/p>\n\n\n\n<div class=\"wp-block-image\"><figure class=\"alignright size-large is-resized\"><img loading=\"lazy\" decoding=\"async\" src=\"https:\/\/heshimardc.net\/v1\/wp-content\/uploads\/2023\/12\/WhatsApp-Image-2023-12-04-at-21.39.51-1.jpeg\" alt=\"\" class=\"wp-image-3731\" width=\"257\" height=\"428\" srcset=\"https:\/\/heshimardc.net\/v1\/wp-content\/uploads\/2023\/12\/WhatsApp-Image-2023-12-04-at-21.39.51-1.jpeg 446w, https:\/\/heshimardc.net\/v1\/wp-content\/uploads\/2023\/12\/WhatsApp-Image-2023-12-04-at-21.39.51-1-180x300.jpeg 180w, https:\/\/heshimardc.net\/v1\/wp-content\/uploads\/2023\/12\/WhatsApp-Image-2023-12-04-at-21.39.51-1-7x12.jpeg 7w\" sizes=\"(max-width: 257px) 100vw, 257px\" \/><\/figure><\/div>\n\n\n\n<p class=\"has-text-color\" style=\"color:#67025d\"><strong>&nbsp;Depuis 2020, ann\u00e9e du d\u00e9but de votre int\u00e9rim, qu\u2019est-ce qui a \u00e9t\u00e9 fait au Lualaba ? Quel bilan pouvez-vous dresser de votre gouvernance sur le plan \u00e9conomique ?<\/strong><\/p>\n\n\n\n<p>&nbsp;C\u2019est souvent difficile de parler de soi, surtout quand il s\u2019agit de ce qu\u2019on fait dans l\u2019exercice de ses fonctions pour l\u2019int\u00e9r\u00eat public. Vous avez vos cam\u00e9ras, vos appareils photo, vous \u00eates libres et autoris\u00e9s de frapper \u00e0 n\u2019importe quelle porte institutionnelle, interroger la population et surtout de parcourir tous les coins de la province pour voir ce qu\u2019on a \u00e9t\u00e9 capable de faire seulement en deux ans. N\u00e9anmoins, nous nous f\u00e9licitons d\u2019avoir fait ce peu qui de montre notre souci de faire rayonner cette&nbsp;province de la RDC avec les moyens g\u00e9n\u00e9r\u00e9s sur place et sans aucune dette comme le veut le chef de l\u2019\u00c9tat. Et parce qu\u2019il faut parler de l\u2019\u00e9conomie, je me dois de vous informer qu\u2019au-del\u00e0 des multiples perturbations \u00e9conomiques mondiales, nous ne baissons pas les bras.&nbsp;<\/p>\n\n\n\n<p class=\"has-text-color\" style=\"color:#5f0034\"><strong>Vous avez travaill\u00e9 par le pass\u00e9 avec l\u2019Inspection g\u00e9n\u00e9rale des finances. Quel&nbsp;\u00e9tat des lieux \u00e9tablissez-vous dans le cadre de la lutte contre la corruption dans votre province ? La gouvernance s\u2019est-elle am\u00e9lior\u00e9e ?<\/strong><\/p>\n\n\n\n<p>&nbsp;Nous avons travaill\u00e9 oui par le pass\u00e9 et nous continuons \u00e0 travailler avec l\u2019Inspection G\u00e9n\u00e9rale des Finances (IGF) dont nous saluons surtout l\u2019accompagnement. L\u2019IGF nous a permis moi et mon \u00e9quipe de maintenir de l\u2019ordre dans la cha\u00eene de d\u00e9penses et surtout d\u2019acqu\u00e9rir encore d\u2019autres connaissances y aff\u00e9rentes pour la bonne utilisation des ressources financi\u00e8res de l\u2019\u00c9tat.<\/p>\n\n\n\n<p>Il vous souviendra d\u2019ailleurs que lors de son passage dans notre province, Monsieur l\u2019Inspecteur chef de service de l\u2019IGF, Jules Alingete, avait f\u00e9licit\u00e9 notre gouvernance qui tient au respect des r\u00e8gles qui r\u00e9gissent les finances publiques dans notre pays.&nbsp;<\/p>\n\n\n\n<div class=\"wp-block-image\"><figure class=\"alignleft size-large is-resized\"><img loading=\"lazy\" decoding=\"async\" src=\"https:\/\/heshimardc.net\/v1\/wp-content\/uploads\/2023\/12\/WhatsApp-Image-2023-12-04-at-21.39.52.jpeg\" alt=\"\" class=\"wp-image-3730\" width=\"414\" height=\"220\" srcset=\"https:\/\/heshimardc.net\/v1\/wp-content\/uploads\/2023\/12\/WhatsApp-Image-2023-12-04-at-21.39.52.jpeg 801w, https:\/\/heshimardc.net\/v1\/wp-content\/uploads\/2023\/12\/WhatsApp-Image-2023-12-04-at-21.39.52-300x160.jpeg 300w, https:\/\/heshimardc.net\/v1\/wp-content\/uploads\/2023\/12\/WhatsApp-Image-2023-12-04-at-21.39.52-768x408.jpeg 768w, https:\/\/heshimardc.net\/v1\/wp-content\/uploads\/2023\/12\/WhatsApp-Image-2023-12-04-at-21.39.52-18x10.jpeg 18w\" sizes=\"(max-width: 414px) 100vw, 414px\" \/><\/figure><\/div>\n\n\n\n<p class=\"has-text-color\" style=\"color:#600151\"><strong>Quelles sont les difficult\u00e9s auxquelles votre gouvernement a d\u00fb faire face jusqu\u2019ici ?<\/strong><\/p>\n\n\n\n<p>&nbsp;Les difficult\u00e9s sont l\u00e9gions mais nous apprenons \u00e0 y faire face avec beaucoup de courage&nbsp;et d\u00e9termination. Le Chef de l\u2019\u00c9tat nous a toujours conseill\u00e9 d\u2019\u00eatre au-dessus des querelles politiques pour r\u00e9ussir \u00e0 servir notre peuple qui attend de nous mieux que les simples paroles qu\u2019il est fatigu\u00e9 d\u2019entendre depuis l\u2019accession de notre pays \u00e0 l\u2019ind\u00e9pendance.&nbsp;<\/p>\n\n\n\n<p>C\u2019est vrai, nous faisons face \u00e0 une forte haine confondue \u00e0 l\u2019opposition et de fois une diabolisation aliment\u00e9es par des gens que nous \u00e9tions oblig\u00e9s de sanctionner conform\u00e9ment \u00e0 la loi pour des faits de corruption et non-respect des lois. \u00c0 notre av\u00e8nement \u00e0 la t\u00eate de cette province, la lutte contre la corruption \u00e9tait un grand d\u00e9fi et notre premier souci.&nbsp;<\/p>\n\n\n\n<p>Nous avons trouv\u00e9 plusieurs r\u00e9alit\u00e9s tr\u00e8s d\u00e9plorables, nous ne saurons pas toutes les \u00e9taler ici, mais retenez que plusieurs services de l\u2019\u00c9tat \u00e9taient&nbsp;remplis des agents fictifs et pourtant pay\u00e9s chaque mois avec l\u2019argent du tr\u00e9sor public, la caporalisation des certaines institutions par ceux qui s\u2019estimaient homme fort pour des int\u00e9r\u00eats \u00e9go\u00efstes, le favoritisme.&nbsp;<\/p>\n\n\n\n<p>On pouvait trouver parfois des gens uniquement d\u2019une m\u00eame tribu dans une institution du sommet au bas de l\u2019\u00e9chelle. Nous avons connu des cas o\u00f9 un ministre provincial pouvait se permettre de cr\u00e9er des taxes et les percevoir sans les canaliser dans les caisses de l\u2019\u00c9tat.&nbsp;<\/p>\n\n\n\n<p>Dans d\u2019autres cas, nous avons d\u00e9couvert qu\u2019il y avait des institutions de l\u2019\u00c9tat dans lesquelles pour int\u00e9grer il fallait appartenir \u00e0 un parti politique donn\u00e9. \u00c7a n\u2019a pas \u00e9t\u00e9 facile Madame le Journaliste. Nous nous sommes attaqu\u00e9s sans rel\u00e2che \u00e0 toutes ces antivaleurs et avons su, gr\u00e2ce \u00e0 Dieu, remettre l\u2019\u00c9tat dans ses droits en bouchant tous les trous qui servaient \u00e0 la dilapidation de l\u2019argent de l\u2019\u00c9tat. Et gr\u00e2ce \u00e0 l\u2019encadrement de l\u2019IGF aussi nous avons su diminuer sensiblement le pouvoir de la corruption avec un suivi permanent et rigoureux dans tous les secteurs \u00e9tatiques de la province et la gouvernance s\u2019est sensiblement am\u00e9lior\u00e9e.<\/p>\n\n\n\n<div class=\"wp-block-image\"><figure class=\"aligncenter size-large is-resized\"><img loading=\"lazy\" decoding=\"async\" src=\"https:\/\/heshimardc.net\/v1\/wp-content\/uploads\/2023\/12\/WhatsApp-Image-2023-12-04-at-21.39.50-1.jpeg\" alt=\"\" class=\"wp-image-3733\" width=\"555\" height=\"304\" srcset=\"https:\/\/heshimardc.net\/v1\/wp-content\/uploads\/2023\/12\/WhatsApp-Image-2023-12-04-at-21.39.50-1.jpeg 782w, https:\/\/heshimardc.net\/v1\/wp-content\/uploads\/2023\/12\/WhatsApp-Image-2023-12-04-at-21.39.50-1-300x165.jpeg 300w, https:\/\/heshimardc.net\/v1\/wp-content\/uploads\/2023\/12\/WhatsApp-Image-2023-12-04-at-21.39.50-1-768x422.jpeg 768w, https:\/\/heshimardc.net\/v1\/wp-content\/uploads\/2023\/12\/WhatsApp-Image-2023-12-04-at-21.39.50-1-18x10.jpeg 18w\" sizes=\"(max-width: 555px) 100vw, 555px\" \/><\/figure><\/div>\n\n\n\n<p class=\"has-text-color\" style=\"color:#640041\"><strong>Vous avez pris part \u00e0 la conf\u00e9rence mini\u00e8re internationale d\u2019Indaba en f\u00e9vrier dernier en Afrique du Sud. Avec la transition \u00e9nerg\u00e9tique en cours, ce forum a-t-il g\u00e9n\u00e9r\u00e9 des retomb\u00e9es positives au profit de la province du Lualaba ?<\/strong><\/p>\n\n\n\n<p>La transition \u00e9nerg\u00e9tique \u00e9tant en cours, d\u00e8s notre retour en province, plusieurs potentiels investisseurs ont d\u00e9fil\u00e9 pour manifester l\u2019int\u00e9r\u00eat dans ce secteur.<\/p>\n\n\n\n<p class=\"has-text-color\" style=\"color:#530033\"><strong>En marge du forum d\u2019Indaba, vous avez estim\u00e9 que le Lualaba est encore \u00e0 81% non explor\u00e9. Depuis f\u00e9vrier 2023, quelles ont \u00e9t\u00e9 les nouvelles opportunit\u00e9s dans le secteur minier de votre province ?<\/strong><\/p>\n\n\n\n<p>Oui, il y a le lancement d\u2019une campagne de prospection mini\u00e8re de grande envergure dont l\u2019accent est mis sp\u00e9cialement sur les minerais strat\u00e9giques en l\u2019occurrence le cobalt, le cuivre, le lithium et autres.<\/p>\n\n\n\n<p class=\"has-text-color\" style=\"color:#780052\"><strong>Le Lualaba est incontestablement riche. Cependant, sa population croupit dans la pauvret\u00e9 et la plupart des m\u00e9nages vit sans \u00e9lectricit\u00e9. Comment expliquez-vous ce paradoxe ?<\/strong><\/p>\n\n\n\n<p>C\u2019est par l\u00e0 que vous allez comprendre que le Lualaba \u00e9tait victime de ses propres ressources pendant tout ce temps, Madame le journaliste. Certes, le Lualaba est extr\u00eamement riche mais il lui manquait des gens capables de faire profiter cela \u00e0 sa population. Notre souci majeur est de faire sortir la province des \u00e9loges figurant dans les livres de g\u00e9ographie et de g\u00e9ologie avec la c\u00e9l\u00e8bre qualification \u00abla RDC est un scandale g\u00e9ologique\u00bb.\u00a0<\/p>\n\n\n\n<div class=\"wp-block-image\"><figure class=\"alignleft size-large is-resized\"><img loading=\"lazy\" decoding=\"async\" src=\"https:\/\/heshimardc.net\/v1\/wp-content\/uploads\/2023\/12\/WhatsApp-Image-2023-12-04-at-21.39.50.jpeg\" alt=\"\" class=\"wp-image-3734\" width=\"396\" height=\"227\" srcset=\"https:\/\/heshimardc.net\/v1\/wp-content\/uploads\/2023\/12\/WhatsApp-Image-2023-12-04-at-21.39.50.jpeg 721w, https:\/\/heshimardc.net\/v1\/wp-content\/uploads\/2023\/12\/WhatsApp-Image-2023-12-04-at-21.39.50-300x172.jpeg 300w, https:\/\/heshimardc.net\/v1\/wp-content\/uploads\/2023\/12\/WhatsApp-Image-2023-12-04-at-21.39.50-18x10.jpeg 18w\" sizes=\"(max-width: 396px) 100vw, 396px\" \/><\/figure><\/div>\n\n\n\n<p>Nous voulons ramener ces richesses mini\u00e8res dans le quotidien de nos populations. C\u2019est cela m\u00eame la mission que le Pr\u00e9sident de la R\u00e9publique, F\u00e9lix-Antoine Tshisekedi Tshilombo nous a confi\u00e9. Nous travaillons fortement pour r\u00e9aliser ce souci du chef de l\u2019\u00c9tat qui veut que cette population puisse avoir des infrastructures et une vie semblable \u00e0 ses richesses. Et en parcourant le Lualaba, vous&nbsp;serez d\u2019accord avec nous qu\u2019il s\u2019agit d\u2019une question de temps pour le moment.<\/p>\n\n\n\n<p class=\"has-text-color\" style=\"color:#76002f\"><strong>En cette p\u00e9riode marqu\u00e9e par la p\u00e9nurie de ma\u00efs qui frappe notamment le grand Katanga, comment faites-vous pour g\u00e9rer la situation ?<\/strong><\/p>\n\n\n\n<p>&nbsp;S\u2019agissant de la p\u00e9nurie de la farine de ma\u00efs qui pr\u00e9vaut&nbsp;dans l\u2019espace Katanga plus particuli\u00e8rement dans la province du Lualaba, nous avions r\u00e9it\u00e9r\u00e9 notre d\u00e9termination d\u2019inonder le march\u00e9 avec cette denr\u00e9e de base pour la population en constituant une r\u00e9serve de deux ans. Nous les vendons \u00e0 un prix tr\u00e8s r\u00e9duit contrairement \u00e0 celui du march\u00e9 public pour que tout le monde s\u2019en approvisionne facilement. Et c\u2019est ce qui est fait, les points de vente sont dans plusieurs coins de la province.<\/p>\n\n\n\n<p class=\"has-text-color\" style=\"color:#6e0050\"><strong>Concernant le secteur agricole notamment, que pr\u00e9conisez-vous pour que le Lualaba ne connaisse pas de p\u00e9nurie ?&nbsp;<\/strong><\/p>\n\n\n\n<p>Nous avons initi\u00e9 le projet pilote du site agricole du village Mulomba vers Busanga.\u00a0Ce site va avoir la capacit\u00e9 de constituer une r\u00e9serve \u00e9norme de 50 000 tonnes de ma\u00efs. Les ouvriers travaillent nuit et jour sans rel\u00e2che sur cet espace de 5000 hectares. A part le projet de construction de 5 silos sur ce site agricole, pour arriver \u00e0 constituer la r\u00e9serve de ma\u00efs d\u2019au moins 50.000 tonnes, d\u2019autres projets importants sont en cours de r\u00e9alisation. C\u2019est entre autres l\u2019\u00e9tablissement d\u2019un centre de formation agricole, la pratique de l\u2019\u00e9levage et de la pisciculture \u00e0 grande \u00e9chelle sans oublier une immense p\u00e9pini\u00e8re pour le reboisement.<\/p>\n\n\n\n<div class=\"wp-block-image\"><figure class=\"alignright size-large is-resized\"><img loading=\"lazy\" decoding=\"async\" src=\"https:\/\/heshimardc.net\/v1\/wp-content\/uploads\/2023\/12\/WhatsApp-Image-2023-12-04-at-21.39.49-1.jpeg\" alt=\"\" class=\"wp-image-3738\" width=\"390\" height=\"219\" srcset=\"https:\/\/heshimardc.net\/v1\/wp-content\/uploads\/2023\/12\/WhatsApp-Image-2023-12-04-at-21.39.49-1.jpeg 676w, https:\/\/heshimardc.net\/v1\/wp-content\/uploads\/2023\/12\/WhatsApp-Image-2023-12-04-at-21.39.49-1-300x169.jpeg 300w, https:\/\/heshimardc.net\/v1\/wp-content\/uploads\/2023\/12\/WhatsApp-Image-2023-12-04-at-21.39.49-1-18x10.jpeg 18w\" sizes=\"(max-width: 390px) 100vw, 390px\" \/><\/figure><\/div>\n\n\n\n<p class=\"has-text-color\" style=\"color:#4e0041\"><strong>Les travaux de modernisation de l\u2019a\u00e9roport de Kolwezi touchent presque \u00e0 leur fin. Quelle est la date de son inauguration ?<\/strong><\/p>\n\n\n\n<p>&nbsp;L\u2019a\u00e9roport de Kolwezi sera inaugur\u00e9 dans un d\u00e9lai raisonnable, le temps de terminer les travaux d\u2019allongement de la piste d\u2019atterrissage qui devra passer de 2500 \u00e0 3000 m\u00e8tres, la tour de contr\u00f4le, la caserne anti-incendie, le tarmac, l\u2019a\u00e9rogare fret, l\u2019entrep\u00f4t de carburant et le pavillon pr\u00e9sidentiel.<\/p>\n\n\n\n<p class=\"has-text-color\" style=\"color:#640037\"><strong>Combien les travaux de l\u2019a\u00e9roport ont co\u00fbt\u00e9 au Tr\u00e9sor public ?<\/strong><\/p>\n\n\n\n<p>&nbsp;Le co\u00fbt que nous avons actuellement est juste pour l\u2019a\u00e9rogare et d\u2019ailleurs tout est d\u00e9j\u00e0 pay\u00e9. Pour le co\u00fbt global de l\u2019a\u00e9roport, il faut attendre, car certains dossiers y aff\u00e9rents sont encore en cours d\u2019\u00e9tude au sein de la direction de passation des march\u00e9s publics.<\/p>\n\n\n\n<div class=\"wp-block-image\"><figure class=\"alignright size-large is-resized\"><img loading=\"lazy\" decoding=\"async\" src=\"https:\/\/heshimardc.net\/v1\/wp-content\/uploads\/2023\/12\/WhatsApp-Image-2023-12-04-at-21.39.48-1.jpeg\" alt=\"\" class=\"wp-image-3736\" width=\"424\" height=\"286\" srcset=\"https:\/\/heshimardc.net\/v1\/wp-content\/uploads\/2023\/12\/WhatsApp-Image-2023-12-04-at-21.39.48-1.jpeg 780w, https:\/\/heshimardc.net\/v1\/wp-content\/uploads\/2023\/12\/WhatsApp-Image-2023-12-04-at-21.39.48-1-300x202.jpeg 300w, https:\/\/heshimardc.net\/v1\/wp-content\/uploads\/2023\/12\/WhatsApp-Image-2023-12-04-at-21.39.48-1-768x518.jpeg 768w, https:\/\/heshimardc.net\/v1\/wp-content\/uploads\/2023\/12\/WhatsApp-Image-2023-12-04-at-21.39.48-1-18x12.jpeg 18w\" sizes=\"(max-width: 424px) 100vw, 424px\" \/><\/figure><\/div>\n\n\n\n<p class=\"has-text-color\" style=\"color:#5d0038\"><strong>En mai dernier, le pays a v\u00e9cu un \u00e9v\u00e9nement tragique \u00e0 savoir l\u2019incendie du Lyc\u00e9e Mwanga, \u00e0 Kolwezi. A ce jour, quelle est l\u2019issue de ce drame apr\u00e8s le d\u00e9c\u00e8s d\u2019une lyc\u00e9enne qui \u00e9tait hospitalis\u00e9e ? Qu\u2019est-ce qui a \u00e9t\u00e9 envisag\u00e9 comme mesures pour \u00e9viter un tel incident dans l\u2019avenir ?<\/strong><\/p>\n\n\n\n<p>Tout en d\u00e9plorant, encore une fois, le drame du Lyc\u00e9e Mwanga et gardant une pens\u00e9e pieuse pour les \u00e2mes des deux illustres disparues, la prise en charge psychologique et m\u00e9dicale des autres victimes a \u00e9t\u00e9 effective avec l\u2019accompagnement de la cellule des psychologues de l\u2019universit\u00e9 de Kolwezi. Pour \u00e9viter un tel incident dans l\u2019avenir, nous avons envisag\u00e9 les mesures suivantes : avec l\u2019expertise de l\u2019entreprise KCC, les sensibilisations au sein des \u00e9coles de la province sur la lutte contre l\u2019incendie et autre risque en milieu scolaire sont envisag\u00e9es au d\u00e9but de l\u2019ann\u00e9e scolaire 2023-2024, la formation sur le plan d\u2019\u00e9vacuation en cas de danger. Au niveau de l\u2019Inspection Principale de l\u2019EPST, le contr\u00f4le effectif de viabilit\u00e9 des infrastructures scolaire a d\u00e9j\u00e0 commenc\u00e9 surtout dans les \u00e9coles en construction.<\/p>\n\n\n\n<div class=\"wp-block-image\"><figure class=\"aligncenter size-large is-resized\"><img loading=\"lazy\" decoding=\"async\" src=\"https:\/\/heshimardc.net\/v1\/wp-content\/uploads\/2023\/12\/WhatsApp-Image-2023-12-04-at-21.39.48-1024x353.jpeg\" alt=\"\" class=\"wp-image-3737\" width=\"548\" height=\"189\" srcset=\"https:\/\/heshimardc.net\/v1\/wp-content\/uploads\/2023\/12\/WhatsApp-Image-2023-12-04-at-21.39.48-1024x353.jpeg 1024w, https:\/\/heshimardc.net\/v1\/wp-content\/uploads\/2023\/12\/WhatsApp-Image-2023-12-04-at-21.39.48-300x104.jpeg 300w, https:\/\/heshimardc.net\/v1\/wp-content\/uploads\/2023\/12\/WhatsApp-Image-2023-12-04-at-21.39.48-768x265.jpeg 768w, https:\/\/heshimardc.net\/v1\/wp-content\/uploads\/2023\/12\/WhatsApp-Image-2023-12-04-at-21.39.48-18x6.jpeg 18w, https:\/\/heshimardc.net\/v1\/wp-content\/uploads\/2023\/12\/WhatsApp-Image-2023-12-04-at-21.39.48.jpeg 1240w\" sizes=\"(max-width: 548px) 100vw, 548px\" \/><\/figure><\/div>\n\n\n\n<p class=\"has-text-color\" style=\"color:#7b004c\"><strong>Qu\u2019en est-il de la r\u00e9habilitation du Lyc\u00e9e Mwanga ?<\/strong><\/p>\n\n\n\n<p>Nous avions sensibilis\u00e9 \u00e0 cet effet les op\u00e9rateurs miniers lors de notre voyage en Chine et ici localement en province sur leur apport dans la r\u00e9habilitation de cette \u00e9cole qui constitue un patrimoine de la province et une entreprise&nbsp;&nbsp;qui n\u2019attend que les fonds a \u00e9t\u00e9 choisie \u00e0 cet effet. Cependant, les entreprises telles que TFM, KCC et KAMOA se sont d\u00e9j\u00e0 prononc\u00e9es et n\u2019attendent que le devis de l\u2019entrepreneur. D\u2019autres en plus ont manifest\u00e9 la volont\u00e9 de nous soutenir.<\/p>\n\n\n\n<div class=\"wp-block-image\"><figure class=\"alignleft size-large is-resized\"><img loading=\"lazy\" decoding=\"async\" src=\"https:\/\/heshimardc.net\/v1\/wp-content\/uploads\/2023\/12\/WhatsApp-Image-2023-12-04-at-21.39.49.jpeg\" alt=\"\" class=\"wp-image-3739\" width=\"427\" height=\"229\" srcset=\"https:\/\/heshimardc.net\/v1\/wp-content\/uploads\/2023\/12\/WhatsApp-Image-2023-12-04-at-21.39.49.jpeg 737w, https:\/\/heshimardc.net\/v1\/wp-content\/uploads\/2023\/12\/WhatsApp-Image-2023-12-04-at-21.39.49-300x161.jpeg 300w, https:\/\/heshimardc.net\/v1\/wp-content\/uploads\/2023\/12\/WhatsApp-Image-2023-12-04-at-21.39.49-18x10.jpeg 18w\" sizes=\"(max-width: 427px) 100vw, 427px\" \/><\/figure><\/div>\n\n\n\n<p class=\"has-text-color\" style=\"color:#7d0158\"><strong>O\u00f9 en sommes-nous avec l\u2019\u00ab op\u00e9ration z\u00e9ro d\u00e9linquant \u00bb que vous avez lanc\u00e9e l\u2019ann\u00e9e derni\u00e8re ?<\/strong><\/p>\n\n\n\n<p>Avec l\u2019appui de toute la population, l\u2019op\u00e9ration z\u00e9ro d\u00e9linquant se porte bien, et nous nous f\u00e9licitons d\u2019avoir r\u00e9ussi \u00e0 r\u00e9duire tant soit peu le ph\u00e9nom\u00e8ne Kuluna et coupeurs des routes dans la province. Aujourd\u2019hui, la joie est pour \u00a0nous d\u2019apprendre que nos enfants qui sont au centre de r\u00e9insertion sociale de Kanyama Kasese s\u2019appliquent tr\u00e8s bien et sont \u00e0 ces jours des b\u00e2tisseurs capables de gagner leurs vies honn\u00eatement.<\/p>\n\n\n\n<p class=\"has-text-color\" style=\"color:#7d014b\"><strong>&nbsp;Le pays est \u00e0 quelques mois des \u00e9lections g\u00e9n\u00e9rales. FIDEC, votre parti, a fait alliance avec Congo Espoir du ministre Jos\u00e9 Mpanda. Qu\u2019est-ce que vous visez dans cette nouvelle alliance ?<\/strong><\/p>\n\n\n\n<p>A ce stade, notre int\u00e9r\u00eat et de soutenir les meilleurs d\u2019entre nous. Actuellement, nous nous\u00a0rallions aux efforts consentis par le Chef de l\u2019\u00c9tat qui est \u00e0 ce jour notre coach tous, pour un Congo toujours prosp\u00e8re et nous y travaillons tous les jours. D\u2019o\u00f9 nous croyons que notre choix des partenaires est r\u00e9fl\u00e9chi parce qu\u2019il vise un m\u00eame objectif.<\/p>\n\n\n\n<div class=\"wp-block-image\"><figure class=\"aligncenter size-large is-resized\"><img loading=\"lazy\" decoding=\"async\" src=\"https:\/\/heshimardc.net\/v1\/wp-content\/uploads\/2023\/12\/WhatsApp-Image-2023-12-04-at-21.39.46-1024x437.jpeg\" alt=\"\" class=\"wp-image-3735\" width=\"518\" height=\"220\" srcset=\"https:\/\/heshimardc.net\/v1\/wp-content\/uploads\/2023\/12\/WhatsApp-Image-2023-12-04-at-21.39.46-1024x437.jpeg 1024w, https:\/\/heshimardc.net\/v1\/wp-content\/uploads\/2023\/12\/WhatsApp-Image-2023-12-04-at-21.39.46-300x128.jpeg 300w, https:\/\/heshimardc.net\/v1\/wp-content\/uploads\/2023\/12\/WhatsApp-Image-2023-12-04-at-21.39.46-768x328.jpeg 768w, https:\/\/heshimardc.net\/v1\/wp-content\/uploads\/2023\/12\/WhatsApp-Image-2023-12-04-at-21.39.46-18x8.jpeg 18w, https:\/\/heshimardc.net\/v1\/wp-content\/uploads\/2023\/12\/WhatsApp-Image-2023-12-04-at-21.39.46.jpeg 1284w\" sizes=\"(max-width: 518px) 100vw, 518px\" \/><\/figure><\/div>\n\n\n\n<p class=\"has-text-color\" style=\"color:#650047\"><strong>Vous avez \u00e9t\u00e9 vice-gouverneur depuis 2016 et gouverneure int\u00e9rimaire en 2020. Avez-vous l\u2019ambition de revenir au Lualaba comme gouverneure titulaire pour le prochain quinquennat ?<\/strong><\/p>\n\n\n\n<p>&nbsp;\u00c9tant politique, c\u2019est normal&nbsp;que nous puissions avoir des ambitions, mais rien ne s\u2019acquiert gratuitement. Tout se m\u00e9rite. Raison pour laquelle nous travaillons jour et nuit pour nous d\u00e9marquer positivement afin de rencontrer les attentes de nos populations et m\u00e9riter davantage la confiance du Chef de l\u2019\u00c9tat. Tout d\u00e9pendra de son appr\u00e9ciation.<\/p>\n\n\n\n<p>Propos recueillis par Heshima.<\/p>\n","protected":false},"excerpt":{"rendered":"<p>Malgr\u00e9 des attaques politiques, la gouverneure int\u00e9rimaire du Lualaba tient la drag\u00e9e haute apr\u00e8s deux ans de gouvernance de la province. Dans cet entretien exclusif accord\u00e9 \u00e0 Heshima Magazine, Fifi Masuka Sa\u00efni revient sur les efforts fournis par son \u00e9quipe en vue de faire rayonner le Lualaba avec les moyens financiers g\u00e9n\u00e9r\u00e9s sur place, sans aucune dette comme le veut le pr\u00e9sident de la R\u00e9publique, F\u00e9lix Tshisekedi. Interview<\/p>\n","protected":false},"author":2,"featured_media":3741,"comment_status":"closed","ping_status":"closed","sticky":true,"template":"","format":"standard","meta":{"footnotes":""},"categories":[1],"tags":[59],"class_list":["post-3729","post","type-post","status-publish","format-standard","has-post-thumbnail","hentry","category-interview","tag-featured"],"yoast_head":"<!-- This site is optimized with the Yoast SEO plugin v23.3 - https:\/\/yoast.com\/wordpress\/plugins\/seo\/ -->\n<title>\u00ab Nous travaillons fortement pour r\u00e9aliser la vision du chef de l\u2019\u00c9tat \u00bbFIFI MASUKA Gouverneure int\u00e9rimaire du Lualaba - HESHIMA MAGAZINE<\/title>\n<meta name=\"description\" content=\"Malgr\u00e9 des attaques politiques, la gouverneure int\u00e9rimaire du Lualaba tient la drag\u00e9e haute apr\u00e8s deux ans de gouvernance de la province. Dans cet entretien exclusif accord\u00e9 \u00e0 Heshima Magazine, Fifi Masuka Sa\u00efni revient sur les efforts fournis par son \u00e9quipe en vue de faire rayonner le Lualaba avec les moyens financiers g\u00e9n\u00e9r\u00e9s sur place, sans aucune dette comme le veut le pr\u00e9sident de la R\u00e9publique, F\u00e9lix Tshisekedi. Interview\" \/>\n<meta name=\"robots\" content=\"index, follow, max-snippet:-1, max-image-preview:large, max-video-preview:-1\" \/>\n<link rel=\"canonical\" href=\"https:\/\/heshimardc.net\/v1\/2023\/12\/05\/nous-travaillons-fortement-pour-realiser-la-vision-du-chef-de-letat-fifi-masuka-gouverneure-interimaire-du-lualaba\/\" \/>\n<meta property=\"og:locale\" content=\"fr_FR\" \/>\n<meta property=\"og:type\" content=\"article\" \/>\n<meta property=\"og:title\" content=\"\u00ab Nous travaillons fortement pour r\u00e9aliser la vision du chef de l\u2019\u00c9tat \u00bbFIFI MASUKA Gouverneure int\u00e9rimaire du Lualaba - HESHIMA MAGAZINE\" \/>\n<meta property=\"og:description\" content=\"Malgr\u00e9 des attaques politiques, la gouverneure int\u00e9rimaire du Lualaba tient la drag\u00e9e haute apr\u00e8s deux ans de gouvernance de la province. Dans cet entretien exclusif accord\u00e9 \u00e0 Heshima Magazine, Fifi Masuka Sa\u00efni revient sur les efforts fournis par son \u00e9quipe en vue de faire rayonner le Lualaba avec les moyens financiers g\u00e9n\u00e9r\u00e9s sur place, sans aucune dette comme le veut le pr\u00e9sident de la R\u00e9publique, F\u00e9lix Tshisekedi. Interview\" \/>\n<meta property=\"og:url\" content=\"https:\/\/heshimardc.net\/v1\/2023\/12\/05\/nous-travaillons-fortement-pour-realiser-la-vision-du-chef-de-letat-fifi-masuka-gouverneure-interimaire-du-lualaba\/\" \/>\n<meta property=\"og:site_name\" content=\"HESHIMA MAGAZINE\" \/>\n<meta property=\"article:publisher\" content=\"https:\/\/www.facebook.com\/heshimamagazine\" \/>\n<meta property=\"article:published_time\" content=\"2023-12-05T21:33:08+00:00\" \/>\n<meta property=\"article:modified_time\" content=\"2023-12-05T21:33:11+00:00\" \/>\n<meta property=\"og:image\" content=\"https:\/\/heshimardc.net\/v1\/wp-content\/uploads\/2023\/12\/WhatsApp-Image-2023-12-04-at-21.39.51-2.jpeg\" \/>\n\t<meta property=\"og:image:width\" content=\"2048\" \/>\n\t<meta property=\"og:image:height\" content=\"2048\" \/>\n\t<meta property=\"og:image:type\" content=\"image\/jpeg\" \/>\n<meta name=\"author\" content=\"RedactionH\" \/>\n<meta name=\"twitter:card\" content=\"summary_large_image\" \/>\n<meta name=\"twitter:creator\" content=\"@HeshimaMag\" \/>\n<meta name=\"twitter:site\" content=\"@HeshimaMag\" \/>\n<meta name=\"twitter:label1\" content=\"\u00c9crit par\" \/>\n\t<meta name=\"twitter:data1\" content=\"RedactionH\" \/>\n\t<meta name=\"twitter:label2\" content=\"Dur\u00e9e de lecture estim\u00e9e\" \/>\n\t<meta name=\"twitter:data2\" content=\"12 minutes\" \/>\n<script type=\"application\/ld+json\" class=\"yoast-schema-graph\">{\"@context\":\"https:\/\/schema.org\",\"@graph\":[{\"@type\":\"Article\",\"@id\":\"https:\/\/heshimardc.net\/v1\/2023\/12\/05\/nous-travaillons-fortement-pour-realiser-la-vision-du-chef-de-letat-fifi-masuka-gouverneure-interimaire-du-lualaba\/#article\",\"isPartOf\":{\"@id\":\"https:\/\/heshimardc.net\/v1\/2023\/12\/05\/nous-travaillons-fortement-pour-realiser-la-vision-du-chef-de-letat-fifi-masuka-gouverneure-interimaire-du-lualaba\/\"},\"author\":{\"name\":\"RedactionH\",\"@id\":\"https:\/\/heshimardc.net\/v1\/#\/schema\/person\/c74a2d47650131f158dc4a027547a532\"},\"headline\":\"\u00ab Nous travaillons fortement pour r\u00e9aliser la vision du chef de l\u2019\u00c9tat \u00bbFIFI MASUKA Gouverneure int\u00e9rimaire du Lualaba\",\"datePublished\":\"2023-12-05T21:33:08+00:00\",\"dateModified\":\"2023-12-05T21:33:11+00:00\",\"mainEntityOfPage\":{\"@id\":\"https:\/\/heshimardc.net\/v1\/2023\/12\/05\/nous-travaillons-fortement-pour-realiser-la-vision-du-chef-de-letat-fifi-masuka-gouverneure-interimaire-du-lualaba\/\"},\"wordCount\":2178,\"publisher\":{\"@id\":\"https:\/\/heshimardc.net\/v1\/#organization\"},\"image\":{\"@id\":\"https:\/\/heshimardc.net\/v1\/2023\/12\/05\/nous-travaillons-fortement-pour-realiser-la-vision-du-chef-de-letat-fifi-masuka-gouverneure-interimaire-du-lualaba\/#primaryimage\"},\"thumbnailUrl\":\"https:\/\/heshimardc.net\/v1\/wp-content\/uploads\/2023\/12\/WhatsApp-Image-2023-12-04-at-21.39.51-2.jpeg\",\"keywords\":[\"Featured\"],\"articleSection\":[\"Interview\"],\"inLanguage\":\"fr-FR\"},{\"@type\":\"WebPage\",\"@id\":\"https:\/\/heshimardc.net\/v1\/2023\/12\/05\/nous-travaillons-fortement-pour-realiser-la-vision-du-chef-de-letat-fifi-masuka-gouverneure-interimaire-du-lualaba\/\",\"url\":\"https:\/\/heshimardc.net\/v1\/2023\/12\/05\/nous-travaillons-fortement-pour-realiser-la-vision-du-chef-de-letat-fifi-masuka-gouverneure-interimaire-du-lualaba\/\",\"name\":\"\u00ab Nous travaillons fortement pour r\u00e9aliser la vision du chef de l\u2019\u00c9tat \u00bbFIFI MASUKA Gouverneure int\u00e9rimaire du Lualaba - HESHIMA MAGAZINE\",\"isPartOf\":{\"@id\":\"https:\/\/heshimardc.net\/v1\/#website\"},\"primaryImageOfPage\":{\"@id\":\"https:\/\/heshimardc.net\/v1\/2023\/12\/05\/nous-travaillons-fortement-pour-realiser-la-vision-du-chef-de-letat-fifi-masuka-gouverneure-interimaire-du-lualaba\/#primaryimage\"},\"image\":{\"@id\":\"https:\/\/heshimardc.net\/v1\/2023\/12\/05\/nous-travaillons-fortement-pour-realiser-la-vision-du-chef-de-letat-fifi-masuka-gouverneure-interimaire-du-lualaba\/#primaryimage\"},\"thumbnailUrl\":\"https:\/\/heshimardc.net\/v1\/wp-content\/uploads\/2023\/12\/WhatsApp-Image-2023-12-04-at-21.39.51-2.jpeg\",\"datePublished\":\"2023-12-05T21:33:08+00:00\",\"dateModified\":\"2023-12-05T21:33:11+00:00\",\"description\":\"Malgr\u00e9 des attaques politiques, la gouverneure int\u00e9rimaire du Lualaba tient la drag\u00e9e haute apr\u00e8s deux ans de gouvernance de la province. Dans cet entretien exclusif accord\u00e9 \u00e0 Heshima Magazine, Fifi Masuka Sa\u00efni revient sur les efforts fournis par son \u00e9quipe en vue de faire rayonner le Lualaba avec les moyens financiers g\u00e9n\u00e9r\u00e9s sur place, sans aucune dette comme le veut le pr\u00e9sident de la R\u00e9publique, F\u00e9lix Tshisekedi. Interview\",\"breadcrumb\":{\"@id\":\"https:\/\/heshimardc.net\/v1\/2023\/12\/05\/nous-travaillons-fortement-pour-realiser-la-vision-du-chef-de-letat-fifi-masuka-gouverneure-interimaire-du-lualaba\/#breadcrumb\"},\"inLanguage\":\"fr-FR\",\"potentialAction\":[{\"@type\":\"ReadAction\",\"target\":[\"https:\/\/heshimardc.net\/v1\/2023\/12\/05\/nous-travaillons-fortement-pour-realiser-la-vision-du-chef-de-letat-fifi-masuka-gouverneure-interimaire-du-lualaba\/\"]}]},{\"@type\":\"ImageObject\",\"inLanguage\":\"fr-FR\",\"@id\":\"https:\/\/heshimardc.net\/v1\/2023\/12\/05\/nous-travaillons-fortement-pour-realiser-la-vision-du-chef-de-letat-fifi-masuka-gouverneure-interimaire-du-lualaba\/#primaryimage\",\"url\":\"https:\/\/heshimardc.net\/v1\/wp-content\/uploads\/2023\/12\/WhatsApp-Image-2023-12-04-at-21.39.51-2.jpeg\",\"contentUrl\":\"https:\/\/heshimardc.net\/v1\/wp-content\/uploads\/2023\/12\/WhatsApp-Image-2023-12-04-at-21.39.51-2.jpeg\",\"width\":2048,\"height\":2048},{\"@type\":\"BreadcrumbList\",\"@id\":\"https:\/\/heshimardc.net\/v1\/2023\/12\/05\/nous-travaillons-fortement-pour-realiser-la-vision-du-chef-de-letat-fifi-masuka-gouverneure-interimaire-du-lualaba\/#breadcrumb\",\"itemListElement\":[{\"@type\":\"ListItem\",\"position\":1,\"name\":\"Accueil\",\"item\":\"https:\/\/heshimardc.net\/v1\/\"},{\"@type\":\"ListItem\",\"position\":2,\"name\":\"\u00ab Nous travaillons fortement pour r\u00e9aliser la vision du chef de l\u2019\u00c9tat \u00bbFIFI MASUKA Gouverneure int\u00e9rimaire du Lualaba\"}]},{\"@type\":\"WebSite\",\"@id\":\"https:\/\/heshimardc.net\/v1\/#website\",\"url\":\"https:\/\/heshimardc.net\/v1\/\",\"name\":\"HESHIMA MAGAZINE\",\"description\":\"Le magazine Congolais qui bat au rythme de l&#039;actualit\u00e9\",\"publisher\":{\"@id\":\"https:\/\/heshimardc.net\/v1\/#organization\"},\"potentialAction\":[{\"@type\":\"SearchAction\",\"target\":{\"@type\":\"EntryPoint\",\"urlTemplate\":\"https:\/\/heshimardc.net\/v1\/?s={search_term_string}\"},\"query-input\":\"required name=search_term_string\"}],\"inLanguage\":\"fr-FR\"},{\"@type\":\"Organization\",\"@id\":\"https:\/\/heshimardc.net\/v1\/#organization\",\"name\":\"HESHIMA MAGAZINE\",\"url\":\"https:\/\/heshimardc.net\/v1\/\",\"logo\":{\"@type\":\"ImageObject\",\"inLanguage\":\"fr-FR\",\"@id\":\"https:\/\/heshimardc.net\/v1\/#\/schema\/logo\/image\/\",\"url\":\"https:\/\/heshimardc.net\/v1\/wp-content\/uploads\/2020\/09\/logo.png\",\"contentUrl\":\"https:\/\/heshimardc.net\/v1\/wp-content\/uploads\/2020\/09\/logo.png\",\"width\":99,\"height\":130,\"caption\":\"HESHIMA MAGAZINE\"},\"image\":{\"@id\":\"https:\/\/heshimardc.net\/v1\/#\/schema\/logo\/image\/\"},\"sameAs\":[\"https:\/\/www.facebook.com\/heshimamagazine\",\"https:\/\/x.com\/HeshimaMag\"]},{\"@type\":\"Person\",\"@id\":\"https:\/\/heshimardc.net\/v1\/#\/schema\/person\/c74a2d47650131f158dc4a027547a532\",\"name\":\"RedactionH\",\"image\":{\"@type\":\"ImageObject\",\"inLanguage\":\"fr-FR\",\"@id\":\"https:\/\/heshimardc.net\/v1\/#\/schema\/person\/image\/\",\"url\":\"https:\/\/secure.gravatar.com\/avatar\/a52112f8496f362a38bf46c70ca9e956?s=96&d=mm&r=g\",\"contentUrl\":\"https:\/\/secure.gravatar.com\/avatar\/a52112f8496f362a38bf46c70ca9e956?s=96&d=mm&r=g\",\"caption\":\"RedactionH\"},\"sameAs\":[\"http:\/\/www.heshimardc.net\"],\"url\":\"https:\/\/heshimardc.net\/v1\/author\/redactionh\/\"}]}<\/script>\n<!-- \/ Yoast SEO plugin. -->","yoast_head_json":{"title":"\u00ab Nous travaillons fortement pour r\u00e9aliser la vision du chef de l\u2019\u00c9tat \u00bbFIFI MASUKA Gouverneure int\u00e9rimaire du Lualaba - HESHIMA MAGAZINE","description":"Malgr\u00e9 des attaques politiques, la gouverneure int\u00e9rimaire du Lualaba tient la drag\u00e9e haute apr\u00e8s deux ans de gouvernance de la province. Dans cet entretien exclusif accord\u00e9 \u00e0 Heshima Magazine, Fifi Masuka Sa\u00efni revient sur les efforts fournis par son \u00e9quipe en vue de faire rayonner le Lualaba avec les moyens financiers g\u00e9n\u00e9r\u00e9s sur place, sans aucune dette comme le veut le pr\u00e9sident de la R\u00e9publique, F\u00e9lix Tshisekedi. Interview","robots":{"index":"index","follow":"follow","max-snippet":"max-snippet:-1","max-image-preview":"max-image-preview:large","max-video-preview":"max-video-preview:-1"},"canonical":"https:\/\/heshimardc.net\/v1\/2023\/12\/05\/nous-travaillons-fortement-pour-realiser-la-vision-du-chef-de-letat-fifi-masuka-gouverneure-interimaire-du-lualaba\/","og_locale":"fr_FR","og_type":"article","og_title":"\u00ab Nous travaillons fortement pour r\u00e9aliser la vision du chef de l\u2019\u00c9tat \u00bbFIFI MASUKA Gouverneure int\u00e9rimaire du Lualaba - HESHIMA MAGAZINE","og_description":"Malgr\u00e9 des attaques politiques, la gouverneure int\u00e9rimaire du Lualaba tient la drag\u00e9e haute apr\u00e8s deux ans de gouvernance de la province. Dans cet entretien exclusif accord\u00e9 \u00e0 Heshima Magazine, Fifi Masuka Sa\u00efni revient sur les efforts fournis par son \u00e9quipe en vue de faire rayonner le Lualaba avec les moyens financiers g\u00e9n\u00e9r\u00e9s sur place, sans aucune dette comme le veut le pr\u00e9sident de la R\u00e9publique, F\u00e9lix Tshisekedi. Interview","og_url":"https:\/\/heshimardc.net\/v1\/2023\/12\/05\/nous-travaillons-fortement-pour-realiser-la-vision-du-chef-de-letat-fifi-masuka-gouverneure-interimaire-du-lualaba\/","og_site_name":"HESHIMA MAGAZINE","article_publisher":"https:\/\/www.facebook.com\/heshimamagazine","article_published_time":"2023-12-05T21:33:08+00:00","article_modified_time":"2023-12-05T21:33:11+00:00","og_image":[{"width":2048,"height":2048,"url":"https:\/\/heshimardc.net\/v1\/wp-content\/uploads\/2023\/12\/WhatsApp-Image-2023-12-04-at-21.39.51-2.jpeg","type":"image\/jpeg"}],"author":"RedactionH","twitter_card":"summary_large_image","twitter_creator":"@HeshimaMag","twitter_site":"@HeshimaMag","twitter_misc":{"\u00c9crit par":"RedactionH","Dur\u00e9e de lecture estim\u00e9e":"12 minutes"},"schema":{"@context":"https:\/\/schema.org","@graph":[{"@type":"Article","@id":"https:\/\/heshimardc.net\/v1\/2023\/12\/05\/nous-travaillons-fortement-pour-realiser-la-vision-du-chef-de-letat-fifi-masuka-gouverneure-interimaire-du-lualaba\/#article","isPartOf":{"@id":"https:\/\/heshimardc.net\/v1\/2023\/12\/05\/nous-travaillons-fortement-pour-realiser-la-vision-du-chef-de-letat-fifi-masuka-gouverneure-interimaire-du-lualaba\/"},"author":{"name":"RedactionH","@id":"https:\/\/heshimardc.net\/v1\/#\/schema\/person\/c74a2d47650131f158dc4a027547a532"},"headline":"\u00ab Nous travaillons fortement pour r\u00e9aliser la vision du chef de l\u2019\u00c9tat \u00bbFIFI MASUKA Gouverneure int\u00e9rimaire du Lualaba","datePublished":"2023-12-05T21:33:08+00:00","dateModified":"2023-12-05T21:33:11+00:00","mainEntityOfPage":{"@id":"https:\/\/heshimardc.net\/v1\/2023\/12\/05\/nous-travaillons-fortement-pour-realiser-la-vision-du-chef-de-letat-fifi-masuka-gouverneure-interimaire-du-lualaba\/"},"wordCount":2178,"publisher":{"@id":"https:\/\/heshimardc.net\/v1\/#organization"},"image":{"@id":"https:\/\/heshimardc.net\/v1\/2023\/12\/05\/nous-travaillons-fortement-pour-realiser-la-vision-du-chef-de-letat-fifi-masuka-gouverneure-interimaire-du-lualaba\/#primaryimage"},"thumbnailUrl":"https:\/\/heshimardc.net\/v1\/wp-content\/uploads\/2023\/12\/WhatsApp-Image-2023-12-04-at-21.39.51-2.jpeg","keywords":["Featured"],"articleSection":["Interview"],"inLanguage":"fr-FR"},{"@type":"WebPage","@id":"https:\/\/heshimardc.net\/v1\/2023\/12\/05\/nous-travaillons-fortement-pour-realiser-la-vision-du-chef-de-letat-fifi-masuka-gouverneure-interimaire-du-lualaba\/","url":"https:\/\/heshimardc.net\/v1\/2023\/12\/05\/nous-travaillons-fortement-pour-realiser-la-vision-du-chef-de-letat-fifi-masuka-gouverneure-interimaire-du-lualaba\/","name":"\u00ab Nous travaillons fortement pour r\u00e9aliser la vision du chef de l\u2019\u00c9tat \u00bbFIFI MASUKA Gouverneure int\u00e9rimaire du Lualaba - HESHIMA MAGAZINE","isPartOf":{"@id":"https:\/\/heshimardc.net\/v1\/#website"},"primaryImageOfPage":{"@id":"https:\/\/heshimardc.net\/v1\/2023\/12\/05\/nous-travaillons-fortement-pour-realiser-la-vision-du-chef-de-letat-fifi-masuka-gouverneure-interimaire-du-lualaba\/#primaryimage"},"image":{"@id":"https:\/\/heshimardc.net\/v1\/2023\/12\/05\/nous-travaillons-fortement-pour-realiser-la-vision-du-chef-de-letat-fifi-masuka-gouverneure-interimaire-du-lualaba\/#primaryimage"},"thumbnailUrl":"https:\/\/heshimardc.net\/v1\/wp-content\/uploads\/2023\/12\/WhatsApp-Image-2023-12-04-at-21.39.51-2.jpeg","datePublished":"2023-12-05T21:33:08+00:00","dateModified":"2023-12-05T21:33:11+00:00","description":"Malgr\u00e9 des attaques politiques, la gouverneure int\u00e9rimaire du Lualaba tient la drag\u00e9e haute apr\u00e8s deux ans de gouvernance de la province. Dans cet entretien exclusif accord\u00e9 \u00e0 Heshima Magazine, Fifi Masuka Sa\u00efni revient sur les efforts fournis par son \u00e9quipe en vue de faire rayonner le Lualaba avec les moyens financiers g\u00e9n\u00e9r\u00e9s sur place, sans aucune dette comme le veut le pr\u00e9sident de la R\u00e9publique, F\u00e9lix Tshisekedi. Interview","breadcrumb":{"@id":"https:\/\/heshimardc.net\/v1\/2023\/12\/05\/nous-travaillons-fortement-pour-realiser-la-vision-du-chef-de-letat-fifi-masuka-gouverneure-interimaire-du-lualaba\/#breadcrumb"},"inLanguage":"fr-FR","potentialAction":[{"@type":"ReadAction","target":["https:\/\/heshimardc.net\/v1\/2023\/12\/05\/nous-travaillons-fortement-pour-realiser-la-vision-du-chef-de-letat-fifi-masuka-gouverneure-interimaire-du-lualaba\/"]}]},{"@type":"ImageObject","inLanguage":"fr-FR","@id":"https:\/\/heshimardc.net\/v1\/2023\/12\/05\/nous-travaillons-fortement-pour-realiser-la-vision-du-chef-de-letat-fifi-masuka-gouverneure-interimaire-du-lualaba\/#primaryimage","url":"https:\/\/heshimardc.net\/v1\/wp-content\/uploads\/2023\/12\/WhatsApp-Image-2023-12-04-at-21.39.51-2.jpeg","contentUrl":"https:\/\/heshimardc.net\/v1\/wp-content\/uploads\/2023\/12\/WhatsApp-Image-2023-12-04-at-21.39.51-2.jpeg","width":2048,"height":2048},{"@type":"BreadcrumbList","@id":"https:\/\/heshimardc.net\/v1\/2023\/12\/05\/nous-travaillons-fortement-pour-realiser-la-vision-du-chef-de-letat-fifi-masuka-gouverneure-interimaire-du-lualaba\/#breadcrumb","itemListElement":[{"@type":"ListItem","position":1,"name":"Accueil","item":"https:\/\/heshimardc.net\/v1\/"},{"@type":"ListItem","position":2,"name":"\u00ab Nous travaillons fortement pour r\u00e9aliser la vision du chef de l\u2019\u00c9tat \u00bbFIFI MASUKA Gouverneure int\u00e9rimaire du Lualaba"}]},{"@type":"WebSite","@id":"https:\/\/heshimardc.net\/v1\/#website","url":"https:\/\/heshimardc.net\/v1\/","name":"HESHIMA MAGAZINE","description":"Le magazine Congolais qui bat au rythme de l&#039;actualit\u00e9","publisher":{"@id":"https:\/\/heshimardc.net\/v1\/#organization"},"potentialAction":[{"@type":"SearchAction","target":{"@type":"EntryPoint","urlTemplate":"https:\/\/heshimardc.net\/v1\/?s={search_term_string}"},"query-input":"required name=search_term_string"}],"inLanguage":"fr-FR"},{"@type":"Organization","@id":"https:\/\/heshimardc.net\/v1\/#organization","name":"HESHIMA MAGAZINE","url":"https:\/\/heshimardc.net\/v1\/","logo":{"@type":"ImageObject","inLanguage":"fr-FR","@id":"https:\/\/heshimardc.net\/v1\/#\/schema\/logo\/image\/","url":"https:\/\/heshimardc.net\/v1\/wp-content\/uploads\/2020\/09\/logo.png","contentUrl":"https:\/\/heshimardc.net\/v1\/wp-content\/uploads\/2020\/09\/logo.png","width":99,"height":130,"caption":"HESHIMA MAGAZINE"},"image":{"@id":"https:\/\/heshimardc.net\/v1\/#\/schema\/logo\/image\/"},"sameAs":["https:\/\/www.facebook.com\/heshimamagazine","https:\/\/x.com\/HeshimaMag"]},{"@type":"Person","@id":"https:\/\/heshimardc.net\/v1\/#\/schema\/person\/c74a2d47650131f158dc4a027547a532","name":"RedactionH","image":{"@type":"ImageObject","inLanguage":"fr-FR","@id":"https:\/\/heshimardc.net\/v1\/#\/schema\/person\/image\/","url":"https:\/\/secure.gravatar.com\/avatar\/a52112f8496f362a38bf46c70ca9e956?s=96&d=mm&r=g","contentUrl":"https:\/\/secure.gravatar.com\/avatar\/a52112f8496f362a38bf46c70ca9e956?s=96&d=mm&r=g","caption":"RedactionH"},"sameAs":["http:\/\/www.heshimardc.net"],"url":"https:\/\/heshimardc.net\/v1\/author\/redactionh\/"}]}},"amp_enabled":true,"_links":{"self":[{"href":"https:\/\/heshimardc.net\/v1\/wp-json\/wp\/v2\/posts\/3729"}],"collection":[{"href":"https:\/\/heshimardc.net\/v1\/wp-json\/wp\/v2\/posts"}],"about":[{"href":"https:\/\/heshimardc.net\/v1\/wp-json\/wp\/v2\/types\/post"}],"author":[{"embeddable":true,"href":"https:\/\/heshimardc.net\/v1\/wp-json\/wp\/v2\/users\/2"}],"replies":[{"embeddable":true,"href":"https:\/\/heshimardc.net\/v1\/wp-json\/wp\/v2\/comments?post=3729"}],"version-history":[{"count":1,"href":"https:\/\/heshimardc.net\/v1\/wp-json\/wp\/v2\/posts\/3729\/revisions"}],"predecessor-version":[{"id":3742,"href":"https:\/\/heshimardc.net\/v1\/wp-json\/wp\/v2\/posts\/3729\/revisions\/3742"}],"wp:featuredmedia":[{"embeddable":true,"href":"https:\/\/heshimardc.net\/v1\/wp-json\/wp\/v2\/media\/3741"}],"wp:attachment":[{"href":"https:\/\/heshimardc.net\/v1\/wp-json\/wp\/v2\/media?parent=3729"}],"wp:term":[{"taxonomy":"category","embeddable":true,"href":"https:\/\/heshimardc.net\/v1\/wp-json\/wp\/v2\/categories?post=3729"},{"taxonomy":"post_tag","embeddable":true,"href":"https:\/\/heshimardc.net\/v1\/wp-json\/wp\/v2\/tags?post=3729"}],"curies":[{"name":"wp","href":"https:\/\/api.w.org\/{rel}","templated":true}]}}