{"id":4341,"date":"2024-10-11T15:04:35","date_gmt":"2024-10-11T15:04:35","guid":{"rendered":"https:\/\/heshimardc.net\/v1\/?p=4341"},"modified":"2024-10-11T15:04:36","modified_gmt":"2024-10-11T15:04:36","slug":"avant-ses-funerailles-aux-etats-unis-mutombo-dikembe-admis-dans-lordre-des-heros-nationaux-kabila-lumumba","status":"publish","type":"post","link":"https:\/\/heshimardc.net\/v1\/2024\/10\/11\/avant-ses-funerailles-aux-etats-unis-mutombo-dikembe-admis-dans-lordre-des-heros-nationaux-kabila-lumumba\/","title":{"rendered":"Avant ses fun\u00e9railles aux Etats-Unis, Mutombo Dikembe admis dans l\u2019ordre des \u00ab\u00a0H\u00e9ros nationaux\u00a0Kabila-Lumumba\u00a0\u00bb\u00a0\u00a0\u00a0"},"content":{"rendered":"\n<p><strong>L&rsquo;ancienne star de la NBA, d\u00e9c\u00e9d\u00e9e le 30 septembre aux \u00c9tats-Unis, a \u00e9t\u00e9 admise \u00e0 titre posthume dans l&rsquo;Ordre national des \u00ab H\u00e9ros nationaux Kabila-Lumumba \u00bb, au grade de \u00ab Grand Officier \u00bb. La R\u00e9publique d\u00e9mocratique du Congo (RDC) a tenu \u00e0 honorer les m\u00e9rites de Jean-Jacques Mutombo Dikembe, reconnu pour ses actions sociales en dehors de basketball.<\/strong><\/p>\n\n\n\n<p>N\u00e9 le 25 juin \u00e0 Kinshasa, Mutombo Dikembe a int\u00e9gr\u00e9 la NBA dans les ann\u00e9es 1980 et s&rsquo;y est rapidement impos\u00e9. Mais au-del\u00e0 de ses exploits sportifs, il a touch\u00e9 de nombreuses vies en Afrique, notamment en RDC. Dans une ordonnance lue le 10 octobre sur la t\u00e9l\u00e9vision nationale (RTNC), le pr\u00e9sident F\u00e9lix Tshisekedi a conf\u00e9r\u00e9 \u00e0 Mutombo cette distinction.<\/p>\n\n\n\n<p>Ses fun\u00e9railles auront lieu le 12 octobre \u00e0 Atlanta, aux \u00c9tats-Unis, tandis qu&rsquo;une veill\u00e9e mortuaire se tiendra \u00e0 Kinshasa, \u00e0 l&rsquo;esplanade du Palais du Peuple, le 11 octobre. Un livre d&rsquo;or sera ouvert lors de cette c\u00e9r\u00e9monie pour recueillir les t\u00e9moignages des personnes ayant suivi sa carri\u00e8re et ses \u0153uvres. Bethy Mbonda, du minist\u00e8re des Sports, a confirm\u00e9 cette initiative, tandis que le ministre des Sports, Didier Budimbu, a r\u00e9it\u00e9r\u00e9 la volont\u00e9 du gouvernement de perp\u00e9tuer sa m\u00e9moire. En hommage \u00e0 cette l\u00e9gende, l\u2019un des gymnases de basketball construits pour les IXe Jeux de la Francophonie \u00e0 Kinshasa portera d\u00e9sormais son nom.<\/p>\n\n\n\n<p><strong>Hommages \u00e0 l&rsquo;\u00e9chelle mondiale<\/strong><\/p>\n\n\n\n<p>La nouvelle du d\u00e9c\u00e8s de Mutombo Dikembe, des suites d\u2019un cancer du cerveau, a suscit\u00e9 des hommages plan\u00e9taires. D&rsquo;anciens pr\u00e9sidents am\u00e9ricains, comme Barack Obama et Bill Clinton, ont salu\u00e9 la m\u00e9moire de ce g\u00e9ant de 2,18 m\u00e8tres. Obama a notamment d\u00e9clar\u00e9 : <em>\u00ab Dikembe Mutombo \u00e9tait un joueur exceptionnel, l&rsquo;un des meilleurs contreurs et d\u00e9fenseurs de tous les temps. Il a inspir\u00e9 toute une g\u00e9n\u00e9ration \u00e0 travers l&rsquo;Afrique, et son travail en tant qu\u2019ambassadeur mondial de la NBA a red\u00e9fini le r\u00f4le des athl\u00e8tes en dehors du terrain. \u00bb<\/em><\/p>\n\n\n\n<p>Le pr\u00e9sident congolais F\u00e9lix Tshisekedi, en d\u00e9placement en Hongrie au moment de l\u2019annonce, a exprim\u00e9 sa tristesse face \u00e0 la perte de ce <em>\u00ab digne fils du pays, philanthrope dans l\u2019\u00e2me, qui a \u0153uvr\u00e9 pour le bien commun, particuli\u00e8rement dans les domaines de la sant\u00e9 et de l\u2019\u00e9ducation \u00bb.<\/em> <\/p>\n\n\n\n<p>Les hommages se sont \u00e9galement multipli\u00e9s en R\u00e9publique d\u00e9mocratique du Congo. Des figures politiques telles que Mo\u00efse Katumbi et Martin Fayulu, ainsi que le ministre Didier Budimbu, ont tous rendu hommage \u00e0 celui qui fut aussi un joueur embl\u00e9matique du BC ONATRA \u00e0 Kinshasa. Dans le milieu sportif, la mort de Mutombo a \u00e9t\u00e9 v\u00e9cue comme un choc. Chancel Mbemba, capitaine des L\u00e9opards football, a \u00e9voqu\u00e9 une <em>\u00ab perte immense pour notre pays \u00bb<\/em>, tandis que l\u2019ancien basketteur Serge Ibaka a reconnu en Mutombo <em>\u00ab une ic\u00f4ne africaine qui inspirera les g\u00e9n\u00e9rations futures \u00bb<\/em>, se souvenant que c\u2019est ce dernier qui l\u2019a incit\u00e9 \u00e0 poursuivre une carri\u00e8re dans le basketball.<\/p>\n\n\n\n<p>Le monde de la culture n\u2019a pas \u00e9t\u00e9 en reste. L\u2019artiste malien Salif Keita a rendu hommage \u00e0 <em>\u00ab un homme g\u00e9n\u00e9reux et courageux dont l\u2019h\u00e9ritage vivra \u00e0 travers l\u2019Afrique \u00bb<\/em>, tandis que le chanteur congolais Ferr\u00e9 Gola a soulign\u00e9 <em>\u00ab l\u2019h\u00e9ritage tant sportif qu\u2019humain \u00bb <\/em>de Mutombo.<\/p>\n\n\n\n<p><strong>Une carri\u00e8re brillante en NBA<\/strong><\/p>\n\n\n\n<p>Mutombo Dikembe a quitt\u00e9 son Congo natal pour conna\u00eetre une carri\u00e8re florissante en NBA. S\u00e9lectionn\u00e9 par les Denver Nuggets en quatri\u00e8me position lors de la draft de 1991, il a jou\u00e9 pour cette \u00e9quipe jusqu\u2019en 1996 avant de rejoindre les Atlanta Hawks (1996-2001), les Philadelphia Sixers (2001-2002), les New Jersey Nets (2002-2003), les New York Knicks (2003-2004) et finalement les Houston Rockets (2004-2009), o\u00f9 il a achev\u00e9 sa carri\u00e8re.<\/p>\n\n\n\n<p>Bien qu&rsquo;il n&rsquo;ait jamais remport\u00e9 de titre NBA, il a atteint deux finales : en 2001 avec Philadelphie, battu par les Los Angeles Lakers, et en 2003 avec New Jersey, d\u00e9fait par les San Antonio Spurs. Individuellement, il s&rsquo;est impos\u00e9 comme l&rsquo;un des meilleurs d\u00e9fenseurs de l\u2019histoire de la ligue. Avec un total de 3 289 contres en carri\u00e8re, il est le deuxi\u00e8me meilleur contreur de tous les temps, derri\u00e8re Hakeem Olajuwon. Il a \u00e9galement inscrit 11 729 points et capt\u00e9 12 359 rebonds en pr\u00e8s de 1 200 matchs.<\/p>\n\n\n\n<p><strong>Au Panth\u00e9on du basketball<\/strong><\/p>\n\n\n\n<p>Apr\u00e8s une carri\u00e8re \u00e9blouissante de 1991 \u00e0 2009, Mutombo a \u00e9t\u00e9 intronis\u00e9 au Hall of Fame de la NBA en 2015, rejoignant ainsi l\u2019\u00e9lite du basketball mondial. Adam Silver, le commissaire de la NBA, a d\u00e9clar\u00e9 qu&rsquo;il n\u2019y avait \u00ab personne de mieux qualifi\u00e9 que Dikembe pour devenir le premier ambassadeur mondial de la NBA \u00bb.<\/p>\n\n\n\n<p><strong>Un humanitaire hors du commun<\/strong><\/p>\n\n\n\n<p>Hors des parquets, Mutombo Dikembe s\u2019est \u00e9galement distingu\u00e9 par son engagement humanitaire. Il a consacr\u00e9 une grande partie de sa vie \u00e0 aider les plus d\u00e9munis et \u00e0 d\u00e9velopper le basketball en Afrique. Silver a soulign\u00e9 que Mutombo avait mis son c\u0153ur et son \u00e2me au service des autres, utilisant le sport comme levier pour avoir un impact positif, notamment en R\u00e9publique d\u00e9mocratique du Congo.<\/p>\n\n\n\n<p>Son plus grand h\u00e9ritage en RDC reste la construction de l\u2019h\u00f4pital \u00ab Marie Biamba Mutombo \u00bb, situ\u00e9 dans la banlieue Est de Kinshasa, un hommage \u00e0 sa m\u00e8re. Il a \u00e9galement financ\u00e9 la construction d&rsquo;une \u00e9cole dans le village de Tshibombo, au Kasa\u00ef Oriental, en souvenir de son p\u00e8re. Ses actions philanthropiques se sont \u00e9tendues bien au-del\u00e0 du Congo, touchant \u00e9galement d&rsquo;autres r\u00e9gions d&rsquo;Afrique et du monde.<\/p>\n\n\n\n<p class=\"has-text-align-right\"><strong>Heshima<\/strong><\/p>\n","protected":false},"excerpt":{"rendered":"<p>L&rsquo;ancienne star de la NBA, d\u00e9c\u00e9d\u00e9e le 30 septembre aux \u00c9tats-Unis, a \u00e9t\u00e9 admise \u00e0 titre posthume dans l&rsquo;Ordre national des \u00ab H\u00e9ros nationaux Kabila-Lumumba \u00bb, au grade de \u00ab Grand Officier \u00bb. La R\u00e9publique d\u00e9mocratique du Congo (RDC) a tenu \u00e0 honorer les m\u00e9rites de Jean-Jacques Mutombo Dikembe, reconnu pour ses actions sociales en [&hellip;]<\/p>\n","protected":false},"author":1,"featured_media":4343,"comment_status":"closed","ping_status":"closed","sticky":false,"template":"","format":"standard","meta":{"footnotes":""},"categories":[3,200],"tags":[141],"class_list":["post-4341","post","type-post","status-publish","format-standard","has-post-thumbnail","hentry","category-nation","category-non-classe-en","tag-sports"],"yoast_head":"<!-- This site is optimized with the Yoast SEO plugin v23.3 - https:\/\/yoast.com\/wordpress\/plugins\/seo\/ -->\n<title>Avant ses fun\u00e9railles aux Etats-Unis, Mutombo Dikembe admis dans l\u2019ordre des \u00ab\u00a0H\u00e9ros nationaux\u00a0Kabila-Lumumba\u00a0\u00bb\u00a0\u00a0\u00a0 - HESHIMA MAGAZINE<\/title>\n<meta name=\"robots\" content=\"index, follow, max-snippet:-1, max-image-preview:large, max-video-preview:-1\" \/>\n<link rel=\"canonical\" href=\"https:\/\/heshimardc.net\/v1\/2024\/10\/11\/avant-ses-funerailles-aux-etats-unis-mutombo-dikembe-admis-dans-lordre-des-heros-nationaux-kabila-lumumba\/\" \/>\n<meta property=\"og:locale\" content=\"fr_FR\" \/>\n<meta property=\"og:type\" content=\"article\" \/>\n<meta property=\"og:title\" content=\"Avant ses fun\u00e9railles aux Etats-Unis, Mutombo Dikembe admis dans l\u2019ordre des \u00ab\u00a0H\u00e9ros nationaux\u00a0Kabila-Lumumba\u00a0\u00bb\u00a0\u00a0\u00a0 - HESHIMA MAGAZINE\" \/>\n<meta property=\"og:description\" content=\"L&rsquo;ancienne star de la NBA, d\u00e9c\u00e9d\u00e9e le 30 septembre aux \u00c9tats-Unis, a \u00e9t\u00e9 admise \u00e0 titre posthume dans l&rsquo;Ordre national des \u00ab H\u00e9ros nationaux Kabila-Lumumba \u00bb, au grade de \u00ab Grand Officier \u00bb. La R\u00e9publique d\u00e9mocratique du Congo (RDC) a tenu \u00e0 honorer les m\u00e9rites de Jean-Jacques Mutombo Dikembe, reconnu pour ses actions sociales en [&hellip;]\" \/>\n<meta property=\"og:url\" content=\"https:\/\/heshimardc.net\/v1\/2024\/10\/11\/avant-ses-funerailles-aux-etats-unis-mutombo-dikembe-admis-dans-lordre-des-heros-nationaux-kabila-lumumba\/\" \/>\n<meta property=\"og:site_name\" content=\"HESHIMA MAGAZINE\" \/>\n<meta property=\"article:publisher\" content=\"https:\/\/www.facebook.com\/heshimamagazine\" \/>\n<meta property=\"article:published_time\" content=\"2024-10-11T15:04:35+00:00\" \/>\n<meta property=\"article:modified_time\" content=\"2024-10-11T15:04:36+00:00\" \/>\n<meta property=\"og:image\" content=\"https:\/\/heshimardc.net\/v1\/wp-content\/uploads\/2024\/10\/Mutombo.jpg\" \/>\n\t<meta property=\"og:image:width\" content=\"661\" \/>\n\t<meta property=\"og:image:height\" content=\"786\" \/>\n\t<meta property=\"og:image:type\" content=\"image\/jpeg\" \/>\n<meta name=\"author\" content=\"La redaction\" \/>\n<meta name=\"twitter:card\" content=\"summary_large_image\" \/>\n<meta name=\"twitter:creator\" content=\"@HeshimaMag\" \/>\n<meta name=\"twitter:site\" content=\"@HeshimaMag\" \/>\n<meta name=\"twitter:label1\" content=\"\u00c9crit par\" \/>\n\t<meta name=\"twitter:data1\" content=\"La redaction\" \/>\n\t<meta name=\"twitter:label2\" content=\"Dur\u00e9e de lecture estim\u00e9e\" \/>\n\t<meta name=\"twitter:data2\" content=\"5 minutes\" \/>\n<script type=\"application\/ld+json\" class=\"yoast-schema-graph\">{\"@context\":\"https:\/\/schema.org\",\"@graph\":[{\"@type\":\"Article\",\"@id\":\"https:\/\/heshimardc.net\/v1\/2024\/10\/11\/avant-ses-funerailles-aux-etats-unis-mutombo-dikembe-admis-dans-lordre-des-heros-nationaux-kabila-lumumba\/#article\",\"isPartOf\":{\"@id\":\"https:\/\/heshimardc.net\/v1\/2024\/10\/11\/avant-ses-funerailles-aux-etats-unis-mutombo-dikembe-admis-dans-lordre-des-heros-nationaux-kabila-lumumba\/\"},\"author\":{\"name\":\"La redaction\",\"@id\":\"https:\/\/heshimardc.net\/v1\/#\/schema\/person\/7188c0b9e770a370943576373b325f91\"},\"headline\":\"Avant ses fun\u00e9railles aux Etats-Unis, Mutombo Dikembe admis dans l\u2019ordre des \u00ab\u00a0H\u00e9ros nationaux\u00a0Kabila-Lumumba\u00a0\u00bb\u00a0\u00a0\u00a0\",\"datePublished\":\"2024-10-11T15:04:35+00:00\",\"dateModified\":\"2024-10-11T15:04:36+00:00\",\"mainEntityOfPage\":{\"@id\":\"https:\/\/heshimardc.net\/v1\/2024\/10\/11\/avant-ses-funerailles-aux-etats-unis-mutombo-dikembe-admis-dans-lordre-des-heros-nationaux-kabila-lumumba\/\"},\"wordCount\":943,\"publisher\":{\"@id\":\"https:\/\/heshimardc.net\/v1\/#organization\"},\"image\":{\"@id\":\"https:\/\/heshimardc.net\/v1\/2024\/10\/11\/avant-ses-funerailles-aux-etats-unis-mutombo-dikembe-admis-dans-lordre-des-heros-nationaux-kabila-lumumba\/#primaryimage\"},\"thumbnailUrl\":\"https:\/\/heshimardc.net\/v1\/wp-content\/uploads\/2024\/10\/Mutombo.jpg\",\"keywords\":[\"Sports\"],\"articleSection\":[\"Nation\"],\"inLanguage\":\"fr-FR\"},{\"@type\":\"WebPage\",\"@id\":\"https:\/\/heshimardc.net\/v1\/2024\/10\/11\/avant-ses-funerailles-aux-etats-unis-mutombo-dikembe-admis-dans-lordre-des-heros-nationaux-kabila-lumumba\/\",\"url\":\"https:\/\/heshimardc.net\/v1\/2024\/10\/11\/avant-ses-funerailles-aux-etats-unis-mutombo-dikembe-admis-dans-lordre-des-heros-nationaux-kabila-lumumba\/\",\"name\":\"Avant ses fun\u00e9railles aux Etats-Unis, Mutombo Dikembe admis dans l\u2019ordre des \u00ab\u00a0H\u00e9ros nationaux\u00a0Kabila-Lumumba\u00a0\u00bb\u00a0\u00a0\u00a0 - HESHIMA MAGAZINE\",\"isPartOf\":{\"@id\":\"https:\/\/heshimardc.net\/v1\/#website\"},\"primaryImageOfPage\":{\"@id\":\"https:\/\/heshimardc.net\/v1\/2024\/10\/11\/avant-ses-funerailles-aux-etats-unis-mutombo-dikembe-admis-dans-lordre-des-heros-nationaux-kabila-lumumba\/#primaryimage\"},\"image\":{\"@id\":\"https:\/\/heshimardc.net\/v1\/2024\/10\/11\/avant-ses-funerailles-aux-etats-unis-mutombo-dikembe-admis-dans-lordre-des-heros-nationaux-kabila-lumumba\/#primaryimage\"},\"thumbnailUrl\":\"https:\/\/heshimardc.net\/v1\/wp-content\/uploads\/2024\/10\/Mutombo.jpg\",\"datePublished\":\"2024-10-11T15:04:35+00:00\",\"dateModified\":\"2024-10-11T15:04:36+00:00\",\"breadcrumb\":{\"@id\":\"https:\/\/heshimardc.net\/v1\/2024\/10\/11\/avant-ses-funerailles-aux-etats-unis-mutombo-dikembe-admis-dans-lordre-des-heros-nationaux-kabila-lumumba\/#breadcrumb\"},\"inLanguage\":\"fr-FR\",\"potentialAction\":[{\"@type\":\"ReadAction\",\"target\":[\"https:\/\/heshimardc.net\/v1\/2024\/10\/11\/avant-ses-funerailles-aux-etats-unis-mutombo-dikembe-admis-dans-lordre-des-heros-nationaux-kabila-lumumba\/\"]}]},{\"@type\":\"ImageObject\",\"inLanguage\":\"fr-FR\",\"@id\":\"https:\/\/heshimardc.net\/v1\/2024\/10\/11\/avant-ses-funerailles-aux-etats-unis-mutombo-dikembe-admis-dans-lordre-des-heros-nationaux-kabila-lumumba\/#primaryimage\",\"url\":\"https:\/\/heshimardc.net\/v1\/wp-content\/uploads\/2024\/10\/Mutombo.jpg\",\"contentUrl\":\"https:\/\/heshimardc.net\/v1\/wp-content\/uploads\/2024\/10\/Mutombo.jpg\",\"width\":661,\"height\":786},{\"@type\":\"BreadcrumbList\",\"@id\":\"https:\/\/heshimardc.net\/v1\/2024\/10\/11\/avant-ses-funerailles-aux-etats-unis-mutombo-dikembe-admis-dans-lordre-des-heros-nationaux-kabila-lumumba\/#breadcrumb\",\"itemListElement\":[{\"@type\":\"ListItem\",\"position\":1,\"name\":\"Accueil\",\"item\":\"https:\/\/heshimardc.net\/v1\/\"},{\"@type\":\"ListItem\",\"position\":2,\"name\":\"Avant ses fun\u00e9railles aux Etats-Unis, Mutombo Dikembe admis dans l\u2019ordre des \u00ab\u00a0H\u00e9ros nationaux\u00a0Kabila-Lumumba\u00a0\u00bb\u00a0\u00a0\u00a0\"}]},{\"@type\":\"WebSite\",\"@id\":\"https:\/\/heshimardc.net\/v1\/#website\",\"url\":\"https:\/\/heshimardc.net\/v1\/\",\"name\":\"HESHIMA MAGAZINE\",\"description\":\"Le magazine Congolais qui bat au rythme de l&#039;actualit\u00e9\",\"publisher\":{\"@id\":\"https:\/\/heshimardc.net\/v1\/#organization\"},\"potentialAction\":[{\"@type\":\"SearchAction\",\"target\":{\"@type\":\"EntryPoint\",\"urlTemplate\":\"https:\/\/heshimardc.net\/v1\/?s={search_term_string}\"},\"query-input\":\"required name=search_term_string\"}],\"inLanguage\":\"fr-FR\"},{\"@type\":\"Organization\",\"@id\":\"https:\/\/heshimardc.net\/v1\/#organization\",\"name\":\"HESHIMA MAGAZINE\",\"url\":\"https:\/\/heshimardc.net\/v1\/\",\"logo\":{\"@type\":\"ImageObject\",\"inLanguage\":\"fr-FR\",\"@id\":\"https:\/\/heshimardc.net\/v1\/#\/schema\/logo\/image\/\",\"url\":\"https:\/\/heshimardc.net\/v1\/wp-content\/uploads\/2020\/09\/logo.png\",\"contentUrl\":\"https:\/\/heshimardc.net\/v1\/wp-content\/uploads\/2020\/09\/logo.png\",\"width\":99,\"height\":130,\"caption\":\"HESHIMA MAGAZINE\"},\"image\":{\"@id\":\"https:\/\/heshimardc.net\/v1\/#\/schema\/logo\/image\/\"},\"sameAs\":[\"https:\/\/www.facebook.com\/heshimamagazine\",\"https:\/\/x.com\/HeshimaMag\"]},{\"@type\":\"Person\",\"@id\":\"https:\/\/heshimardc.net\/v1\/#\/schema\/person\/7188c0b9e770a370943576373b325f91\",\"name\":\"La redaction\",\"image\":{\"@type\":\"ImageObject\",\"inLanguage\":\"fr-FR\",\"@id\":\"https:\/\/heshimardc.net\/v1\/#\/schema\/person\/image\/\",\"url\":\"https:\/\/secure.gravatar.com\/avatar\/b53b1a4a434346e76d3ea6c9ecf19fc8?s=96&d=mm&r=g\",\"contentUrl\":\"https:\/\/secure.gravatar.com\/avatar\/b53b1a4a434346e76d3ea6c9ecf19fc8?s=96&d=mm&r=g\",\"caption\":\"La redaction\"},\"sameAs\":[\"https:\/\/heshimardc.net\/v1\",\"La redaction\"],\"url\":\"https:\/\/heshimardc.net\/v1\/author\/la-redaction\/\"}]}<\/script>\n<!-- \/ Yoast SEO plugin. -->","yoast_head_json":{"title":"Avant ses fun\u00e9railles aux Etats-Unis, Mutombo Dikembe admis dans l\u2019ordre des \u00ab\u00a0H\u00e9ros nationaux\u00a0Kabila-Lumumba\u00a0\u00bb\u00a0\u00a0\u00a0 - HESHIMA MAGAZINE","robots":{"index":"index","follow":"follow","max-snippet":"max-snippet:-1","max-image-preview":"max-image-preview:large","max-video-preview":"max-video-preview:-1"},"canonical":"https:\/\/heshimardc.net\/v1\/2024\/10\/11\/avant-ses-funerailles-aux-etats-unis-mutombo-dikembe-admis-dans-lordre-des-heros-nationaux-kabila-lumumba\/","og_locale":"fr_FR","og_type":"article","og_title":"Avant ses fun\u00e9railles aux Etats-Unis, Mutombo Dikembe admis dans l\u2019ordre des \u00ab\u00a0H\u00e9ros nationaux\u00a0Kabila-Lumumba\u00a0\u00bb\u00a0\u00a0\u00a0 - HESHIMA MAGAZINE","og_description":"L&rsquo;ancienne star de la NBA, d\u00e9c\u00e9d\u00e9e le 30 septembre aux \u00c9tats-Unis, a \u00e9t\u00e9 admise \u00e0 titre posthume dans l&rsquo;Ordre national des \u00ab H\u00e9ros nationaux Kabila-Lumumba \u00bb, au grade de \u00ab Grand Officier \u00bb. La R\u00e9publique d\u00e9mocratique du Congo (RDC) a tenu \u00e0 honorer les m\u00e9rites de Jean-Jacques Mutombo Dikembe, reconnu pour ses actions sociales en [&hellip;]","og_url":"https:\/\/heshimardc.net\/v1\/2024\/10\/11\/avant-ses-funerailles-aux-etats-unis-mutombo-dikembe-admis-dans-lordre-des-heros-nationaux-kabila-lumumba\/","og_site_name":"HESHIMA MAGAZINE","article_publisher":"https:\/\/www.facebook.com\/heshimamagazine","article_published_time":"2024-10-11T15:04:35+00:00","article_modified_time":"2024-10-11T15:04:36+00:00","og_image":[{"width":661,"height":786,"url":"https:\/\/heshimardc.net\/v1\/wp-content\/uploads\/2024\/10\/Mutombo.jpg","type":"image\/jpeg"}],"author":"La redaction","twitter_card":"summary_large_image","twitter_creator":"@HeshimaMag","twitter_site":"@HeshimaMag","twitter_misc":{"\u00c9crit par":"La redaction","Dur\u00e9e de lecture estim\u00e9e":"5 minutes"},"schema":{"@context":"https:\/\/schema.org","@graph":[{"@type":"Article","@id":"https:\/\/heshimardc.net\/v1\/2024\/10\/11\/avant-ses-funerailles-aux-etats-unis-mutombo-dikembe-admis-dans-lordre-des-heros-nationaux-kabila-lumumba\/#article","isPartOf":{"@id":"https:\/\/heshimardc.net\/v1\/2024\/10\/11\/avant-ses-funerailles-aux-etats-unis-mutombo-dikembe-admis-dans-lordre-des-heros-nationaux-kabila-lumumba\/"},"author":{"name":"La redaction","@id":"https:\/\/heshimardc.net\/v1\/#\/schema\/person\/7188c0b9e770a370943576373b325f91"},"headline":"Avant ses fun\u00e9railles aux Etats-Unis, Mutombo Dikembe admis dans l\u2019ordre des \u00ab\u00a0H\u00e9ros nationaux\u00a0Kabila-Lumumba\u00a0\u00bb\u00a0\u00a0\u00a0","datePublished":"2024-10-11T15:04:35+00:00","dateModified":"2024-10-11T15:04:36+00:00","mainEntityOfPage":{"@id":"https:\/\/heshimardc.net\/v1\/2024\/10\/11\/avant-ses-funerailles-aux-etats-unis-mutombo-dikembe-admis-dans-lordre-des-heros-nationaux-kabila-lumumba\/"},"wordCount":943,"publisher":{"@id":"https:\/\/heshimardc.net\/v1\/#organization"},"image":{"@id":"https:\/\/heshimardc.net\/v1\/2024\/10\/11\/avant-ses-funerailles-aux-etats-unis-mutombo-dikembe-admis-dans-lordre-des-heros-nationaux-kabila-lumumba\/#primaryimage"},"thumbnailUrl":"https:\/\/heshimardc.net\/v1\/wp-content\/uploads\/2024\/10\/Mutombo.jpg","keywords":["Sports"],"articleSection":["Nation"],"inLanguage":"fr-FR"},{"@type":"WebPage","@id":"https:\/\/heshimardc.net\/v1\/2024\/10\/11\/avant-ses-funerailles-aux-etats-unis-mutombo-dikembe-admis-dans-lordre-des-heros-nationaux-kabila-lumumba\/","url":"https:\/\/heshimardc.net\/v1\/2024\/10\/11\/avant-ses-funerailles-aux-etats-unis-mutombo-dikembe-admis-dans-lordre-des-heros-nationaux-kabila-lumumba\/","name":"Avant ses fun\u00e9railles aux Etats-Unis, Mutombo Dikembe admis dans l\u2019ordre des \u00ab\u00a0H\u00e9ros nationaux\u00a0Kabila-Lumumba\u00a0\u00bb\u00a0\u00a0\u00a0 - HESHIMA MAGAZINE","isPartOf":{"@id":"https:\/\/heshimardc.net\/v1\/#website"},"primaryImageOfPage":{"@id":"https:\/\/heshimardc.net\/v1\/2024\/10\/11\/avant-ses-funerailles-aux-etats-unis-mutombo-dikembe-admis-dans-lordre-des-heros-nationaux-kabila-lumumba\/#primaryimage"},"image":{"@id":"https:\/\/heshimardc.net\/v1\/2024\/10\/11\/avant-ses-funerailles-aux-etats-unis-mutombo-dikembe-admis-dans-lordre-des-heros-nationaux-kabila-lumumba\/#primaryimage"},"thumbnailUrl":"https:\/\/heshimardc.net\/v1\/wp-content\/uploads\/2024\/10\/Mutombo.jpg","datePublished":"2024-10-11T15:04:35+00:00","dateModified":"2024-10-11T15:04:36+00:00","breadcrumb":{"@id":"https:\/\/heshimardc.net\/v1\/2024\/10\/11\/avant-ses-funerailles-aux-etats-unis-mutombo-dikembe-admis-dans-lordre-des-heros-nationaux-kabila-lumumba\/#breadcrumb"},"inLanguage":"fr-FR","potentialAction":[{"@type":"ReadAction","target":["https:\/\/heshimardc.net\/v1\/2024\/10\/11\/avant-ses-funerailles-aux-etats-unis-mutombo-dikembe-admis-dans-lordre-des-heros-nationaux-kabila-lumumba\/"]}]},{"@type":"ImageObject","inLanguage":"fr-FR","@id":"https:\/\/heshimardc.net\/v1\/2024\/10\/11\/avant-ses-funerailles-aux-etats-unis-mutombo-dikembe-admis-dans-lordre-des-heros-nationaux-kabila-lumumba\/#primaryimage","url":"https:\/\/heshimardc.net\/v1\/wp-content\/uploads\/2024\/10\/Mutombo.jpg","contentUrl":"https:\/\/heshimardc.net\/v1\/wp-content\/uploads\/2024\/10\/Mutombo.jpg","width":661,"height":786},{"@type":"BreadcrumbList","@id":"https:\/\/heshimardc.net\/v1\/2024\/10\/11\/avant-ses-funerailles-aux-etats-unis-mutombo-dikembe-admis-dans-lordre-des-heros-nationaux-kabila-lumumba\/#breadcrumb","itemListElement":[{"@type":"ListItem","position":1,"name":"Accueil","item":"https:\/\/heshimardc.net\/v1\/"},{"@type":"ListItem","position":2,"name":"Avant ses fun\u00e9railles aux Etats-Unis, Mutombo Dikembe admis dans l\u2019ordre des \u00ab\u00a0H\u00e9ros nationaux\u00a0Kabila-Lumumba\u00a0\u00bb\u00a0\u00a0\u00a0"}]},{"@type":"WebSite","@id":"https:\/\/heshimardc.net\/v1\/#website","url":"https:\/\/heshimardc.net\/v1\/","name":"HESHIMA MAGAZINE","description":"Le magazine Congolais qui bat au rythme de l&#039;actualit\u00e9","publisher":{"@id":"https:\/\/heshimardc.net\/v1\/#organization"},"potentialAction":[{"@type":"SearchAction","target":{"@type":"EntryPoint","urlTemplate":"https:\/\/heshimardc.net\/v1\/?s={search_term_string}"},"query-input":"required name=search_term_string"}],"inLanguage":"fr-FR"},{"@type":"Organization","@id":"https:\/\/heshimardc.net\/v1\/#organization","name":"HESHIMA MAGAZINE","url":"https:\/\/heshimardc.net\/v1\/","logo":{"@type":"ImageObject","inLanguage":"fr-FR","@id":"https:\/\/heshimardc.net\/v1\/#\/schema\/logo\/image\/","url":"https:\/\/heshimardc.net\/v1\/wp-content\/uploads\/2020\/09\/logo.png","contentUrl":"https:\/\/heshimardc.net\/v1\/wp-content\/uploads\/2020\/09\/logo.png","width":99,"height":130,"caption":"HESHIMA MAGAZINE"},"image":{"@id":"https:\/\/heshimardc.net\/v1\/#\/schema\/logo\/image\/"},"sameAs":["https:\/\/www.facebook.com\/heshimamagazine","https:\/\/x.com\/HeshimaMag"]},{"@type":"Person","@id":"https:\/\/heshimardc.net\/v1\/#\/schema\/person\/7188c0b9e770a370943576373b325f91","name":"La redaction","image":{"@type":"ImageObject","inLanguage":"fr-FR","@id":"https:\/\/heshimardc.net\/v1\/#\/schema\/person\/image\/","url":"https:\/\/secure.gravatar.com\/avatar\/b53b1a4a434346e76d3ea6c9ecf19fc8?s=96&d=mm&r=g","contentUrl":"https:\/\/secure.gravatar.com\/avatar\/b53b1a4a434346e76d3ea6c9ecf19fc8?s=96&d=mm&r=g","caption":"La redaction"},"sameAs":["https:\/\/heshimardc.net\/v1","La redaction"],"url":"https:\/\/heshimardc.net\/v1\/author\/la-redaction\/"}]}},"amp_enabled":true,"_links":{"self":[{"href":"https:\/\/heshimardc.net\/v1\/wp-json\/wp\/v2\/posts\/4341"}],"collection":[{"href":"https:\/\/heshimardc.net\/v1\/wp-json\/wp\/v2\/posts"}],"about":[{"href":"https:\/\/heshimardc.net\/v1\/wp-json\/wp\/v2\/types\/post"}],"author":[{"embeddable":true,"href":"https:\/\/heshimardc.net\/v1\/wp-json\/wp\/v2\/users\/1"}],"replies":[{"embeddable":true,"href":"https:\/\/heshimardc.net\/v1\/wp-json\/wp\/v2\/comments?post=4341"}],"version-history":[{"count":1,"href":"https:\/\/heshimardc.net\/v1\/wp-json\/wp\/v2\/posts\/4341\/revisions"}],"predecessor-version":[{"id":4342,"href":"https:\/\/heshimardc.net\/v1\/wp-json\/wp\/v2\/posts\/4341\/revisions\/4342"}],"wp:featuredmedia":[{"embeddable":true,"href":"https:\/\/heshimardc.net\/v1\/wp-json\/wp\/v2\/media\/4343"}],"wp:attachment":[{"href":"https:\/\/heshimardc.net\/v1\/wp-json\/wp\/v2\/media?parent=4341"}],"wp:term":[{"taxonomy":"category","embeddable":true,"href":"https:\/\/heshimardc.net\/v1\/wp-json\/wp\/v2\/categories?post=4341"},{"taxonomy":"post_tag","embeddable":true,"href":"https:\/\/heshimardc.net\/v1\/wp-json\/wp\/v2\/tags?post=4341"}],"curies":[{"name":"wp","href":"https:\/\/api.w.org\/{rel}","templated":true}]}}