{"id":4611,"date":"2024-11-28T10:18:50","date_gmt":"2024-11-28T10:18:50","guid":{"rendered":"https:\/\/heshimardc.net\/v1\/?p=4611"},"modified":"2024-11-28T10:18:52","modified_gmt":"2024-11-28T10:18:52","slug":"produits-alimentaires-lenvolee-des-prix-se-poursuit-des-congolais-dans-le-desarroi","status":"publish","type":"post","link":"https:\/\/heshimardc.net\/v1\/2024\/11\/28\/produits-alimentaires-lenvolee-des-prix-se-poursuit-des-congolais-dans-le-desarroi\/","title":{"rendered":"Produits alimentaires : l\u2019envol\u00e9e des prix se poursuit, des Congolais dans le d\u00e9sarroi"},"content":{"rendered":"\n<p><strong>Alors que le Vice-Premier ministre, ministre de l\u2019\u00c9conomie nationale, avait pris des mesures contre la vie ch\u00e8re en R\u00e9publique D\u00e9mocratique du Congo (RDC), c\u2019est l\u2019effet contraire qui se produit depuis quelques jours sur les march\u00e9s des biens de consommation courante. Le lait en poudre, le poisson chinchard ou encore les viandes surgel\u00e9es connaissent une envol\u00e9e des prix.<\/strong><\/p>\n\n\n\n<p>Son panier en plastique soutenu par son avant-bras gauche, l\u2019index droit pos\u00e9 sur sa l\u00e8vre inf\u00e9rieure, Pierrette n\u2019en revient pas. Cette m\u00e8re de cinq enfants, la cinquantaine r\u00e9volue, \u00e9carquille les yeux devant les \u00e9talages d\u2019un petit march\u00e9 \u00e0 Mbundi-Terminus, un quartier situ\u00e9 \u00e0 l\u2019ouest de Kinshasa, dans la commune de Mont-Ngafula. <em>\u00ab Je reviens d\u2019une chambre froide \u00e0 quelques pas d\u2019ici, ce ne sont pas les prix que j\u2019avais laiss\u00e9s la semaine pass\u00e9e \u00bb,<\/em> d\u00e9clare-t-elle \u00e0 <em>Heshima Magazine<\/em>. Le poisson chinchard de \u00ab\u00a020 plus\u00a0\u00bb, qui se vendait \u00e0 7 000 francs le kilogramme, co\u00fbte d\u00e9sormais 11 000 francs. Un kilogramme de poisson sal\u00e9 passe de 18 000 \u00e0 22 000 francs.<\/p>\n\n\n\n<p>Cette surchauffe des prix est constat\u00e9e par plusieurs Congolais, aussi bien \u00e0 Kinshasa qu\u2019\u00e0 l\u2019int\u00e9rieur du pays. Certains, dont les revenus n\u2019arrivaient d\u00e9j\u00e0 pas \u00e0 joindre les deux bouts, sont dans le d\u00e9sarroi. <em>\u00ab C\u2019est une \u00e9rosion de mon pouvoir d\u2019achat. La hausse des prix des biens de consommation et celle des prix des transports en commun nous asphyxient compl\u00e8tement. Pourtant, mon salaire n\u2019a pas boug\u00e9 depuis plusieurs ann\u00e9es en d\u00e9pit d\u2019une telle inflation \u00bb<\/em>, d\u00e9clare Jean-Pierre Mukendi, un fonctionnaire de l\u2019\u00c9tat.<\/p>\n\n\n\n<p><strong>Une hausse vertigineuse des prix<\/strong><\/p>\n\n\n\n<p>Dans un communiqu\u00e9 sign\u00e9 le 25 novembre, le Mouvement national des consommateurs l\u00e9s\u00e9s (MNCL) constate \u00ab avec regret une hausse vertigineuse \u00bb des prix des produits alimentaires de premi\u00e8re n\u00e9cessit\u00e9 dans les provinces de Kinshasa, du Haut-Katanga et du Lualaba. Selon cette structure, il y a une augmentation de plus de 89 % sur les prix de certains produits de consommation courante. Le carton de chinchard est pass\u00e9 de 165 000 \u00e0 249 200 francs. Un sac de semoule qui co\u00fbtait 57 000 francs se vend aujourd\u2019hui \u00e0 60 000 francs. Le lait en poudre (Nido) de 2,5 kg passe de 67 800 \u00e0 79 680 francs. Les c\u00f4telettes de porc, dont le kilogramme se vendait \u00e0 10 000 francs, co\u00fbtent \u00e0 ce jour 14 000 francs. Un sac de riz de marque Lion, qui \u00e9tait fix\u00e9 \u00e0 46 000 francs il y a quelques mois, est vendu \u00e0 ce jour \u00e0 69 000 francs.<\/p>\n\n\n\n<p><strong>Le gouvernement peine \u00e0 baisser les prix<\/strong><\/p>\n\n\n\n<p>Asphyxi\u00e9 par la mont\u00e9e en fl\u00e8che des prix, le gouvernement peine \u00e0 gagner sa bataille contre la vie ch\u00e8re en RDC. En ao\u00fbt, le Vice-Premier ministre, ministre de l\u2019\u00c9conomie nationale, Daniel Mukoko Samba, avait annonc\u00e9 une batterie de mesures pour combattre la hausse des prix des produits de premi\u00e8re n\u00e9cessit\u00e9. Il avait annonc\u00e9 un all\u00e8gement fiscal sur les importations de ces denr\u00e9es pour r\u00e9duire le co\u00fbt de ces produits sur le march\u00e9. Ces mesures devraient permettre une r\u00e9duction des prix sur le march\u00e9 allant de 20 \u00e0 25 % en moyenne.<\/p>\n\n\n\n<p>Au moins neuf produits sont concern\u00e9s par ces mesures d\u2019all\u00e8gement fiscal, parmi lesquels le lait en poudre, la volaille, le poisson chinchard, l\u2019huile v\u00e9g\u00e9tale, l\u2019huile de palme, le ma\u00efs et le riz. Une autre mesure pr\u00e9voyait la suppression des barri\u00e8res illicites qui impactent n\u00e9gativement les prix des biens de premi\u00e8re n\u00e9cessit\u00e9, ainsi que l\u2019imposition de sanctions aux personnes \u00e0 l\u2019origine de ces barri\u00e8res. La Premi\u00e8re ministre avait pris un d\u00e9cret pour ces mesures fiscales. Trois mois apr\u00e8s, des Congolais constatent toujours la mont\u00e9e des prix sur le march\u00e9. Le gouvernement avait menac\u00e9 des sanctions contre certains hommes d\u2019affaires qui continuent \u00e0 pratiquer de tels prix malgr\u00e9 l\u2019all\u00e8gement fiscal. <em>\u00ab Il n\u2019est pas exclu que certains d\u2019entre eux soient expuls\u00e9s du territoire national si nous d\u00e9couvrons des personnes qui s\u2019att\u00e8lent \u00e0 des pratiques qui n\u2019ont pour finalit\u00e9 que de faire souffrir le m\u00e9nage congolais. C\u2019est une question de l\u2019\u00c9tat qui doit assumer son r\u00f4le \u00bb<\/em>, avait d\u00e9clar\u00e9 Daniel Mukoko Samba.<\/p>\n\n\n\n<p>Les marges de man\u0153uvre du gouvernement semblent \u00eatre r\u00e9duites, notamment en raison de la position du pays qui importe la quasi-totalit\u00e9 de ses produits de premi\u00e8re n\u00e9cessit\u00e9.<\/p>\n\n\n\n<p class=\"has-text-align-right\"><strong>Heshima<\/strong><\/p>\n\n\n\n<p><\/p>\n","protected":false},"excerpt":{"rendered":"<p>Alors que le Vice-Premier ministre, ministre de l\u2019\u00c9conomie nationale, avait pris des mesures contre la vie ch\u00e8re en R\u00e9publique D\u00e9mocratique du Congo (RDC), c\u2019est l\u2019effet contraire qui se produit depuis quelques jours sur les march\u00e9s des biens de consommation courante. Le lait en poudre, le poisson chinchard ou encore les viandes surgel\u00e9es connaissent une envol\u00e9e [&hellip;]<\/p>\n","protected":false},"author":1,"featured_media":4612,"comment_status":"closed","ping_status":"closed","sticky":false,"template":"","format":"standard","meta":{"footnotes":""},"categories":[4],"tags":[],"class_list":["post-4611","post","type-post","status-publish","format-standard","has-post-thumbnail","hentry","category-economie"],"yoast_head":"<!-- This site is optimized with the Yoast SEO plugin v23.3 - https:\/\/yoast.com\/wordpress\/plugins\/seo\/ -->\n<title>Produits alimentaires : l\u2019envol\u00e9e des prix se poursuit, des Congolais dans le d\u00e9sarroi - HESHIMA MAGAZINE<\/title>\n<meta name=\"robots\" content=\"index, follow, max-snippet:-1, max-image-preview:large, max-video-preview:-1\" \/>\n<link rel=\"canonical\" href=\"https:\/\/heshimardc.net\/v1\/2024\/11\/28\/produits-alimentaires-lenvolee-des-prix-se-poursuit-des-congolais-dans-le-desarroi\/\" \/>\n<meta property=\"og:locale\" content=\"fr_FR\" \/>\n<meta property=\"og:type\" content=\"article\" \/>\n<meta property=\"og:title\" content=\"Produits alimentaires : l\u2019envol\u00e9e des prix se poursuit, des Congolais dans le d\u00e9sarroi - HESHIMA MAGAZINE\" \/>\n<meta property=\"og:description\" content=\"Alors que le Vice-Premier ministre, ministre de l\u2019\u00c9conomie nationale, avait pris des mesures contre la vie ch\u00e8re en R\u00e9publique D\u00e9mocratique du Congo (RDC), c\u2019est l\u2019effet contraire qui se produit depuis quelques jours sur les march\u00e9s des biens de consommation courante. Le lait en poudre, le poisson chinchard ou encore les viandes surgel\u00e9es connaissent une envol\u00e9e [&hellip;]\" \/>\n<meta property=\"og:url\" content=\"https:\/\/heshimardc.net\/v1\/2024\/11\/28\/produits-alimentaires-lenvolee-des-prix-se-poursuit-des-congolais-dans-le-desarroi\/\" \/>\n<meta property=\"og:site_name\" content=\"HESHIMA MAGAZINE\" \/>\n<meta property=\"article:publisher\" content=\"https:\/\/www.facebook.com\/heshimamagazine\" \/>\n<meta property=\"article:published_time\" content=\"2024-11-28T10:18:50+00:00\" \/>\n<meta property=\"article:modified_time\" content=\"2024-11-28T10:18:52+00:00\" \/>\n<meta property=\"og:image\" content=\"https:\/\/heshimardc.net\/v1\/wp-content\/uploads\/2024\/11\/IMG_9691.jpg\" \/>\n\t<meta property=\"og:image:width\" content=\"500\" \/>\n\t<meta property=\"og:image:height\" content=\"355\" \/>\n\t<meta property=\"og:image:type\" content=\"image\/jpeg\" \/>\n<meta name=\"author\" content=\"La redaction\" \/>\n<meta name=\"twitter:card\" content=\"summary_large_image\" \/>\n<meta name=\"twitter:creator\" content=\"@HeshimaMag\" \/>\n<meta name=\"twitter:site\" content=\"@HeshimaMag\" \/>\n<meta name=\"twitter:label1\" content=\"\u00c9crit par\" \/>\n\t<meta name=\"twitter:data1\" content=\"La redaction\" \/>\n\t<meta name=\"twitter:label2\" content=\"Dur\u00e9e de lecture estim\u00e9e\" \/>\n\t<meta name=\"twitter:data2\" content=\"4 minutes\" \/>\n<script type=\"application\/ld+json\" class=\"yoast-schema-graph\">{\"@context\":\"https:\/\/schema.org\",\"@graph\":[{\"@type\":\"Article\",\"@id\":\"https:\/\/heshimardc.net\/v1\/2024\/11\/28\/produits-alimentaires-lenvolee-des-prix-se-poursuit-des-congolais-dans-le-desarroi\/#article\",\"isPartOf\":{\"@id\":\"https:\/\/heshimardc.net\/v1\/2024\/11\/28\/produits-alimentaires-lenvolee-des-prix-se-poursuit-des-congolais-dans-le-desarroi\/\"},\"author\":{\"name\":\"La redaction\",\"@id\":\"https:\/\/heshimardc.net\/v1\/#\/schema\/person\/7188c0b9e770a370943576373b325f91\"},\"headline\":\"Produits alimentaires : l\u2019envol\u00e9e des prix se poursuit, des Congolais dans le d\u00e9sarroi\",\"datePublished\":\"2024-11-28T10:18:50+00:00\",\"dateModified\":\"2024-11-28T10:18:52+00:00\",\"mainEntityOfPage\":{\"@id\":\"https:\/\/heshimardc.net\/v1\/2024\/11\/28\/produits-alimentaires-lenvolee-des-prix-se-poursuit-des-congolais-dans-le-desarroi\/\"},\"wordCount\":743,\"publisher\":{\"@id\":\"https:\/\/heshimardc.net\/v1\/#organization\"},\"image\":{\"@id\":\"https:\/\/heshimardc.net\/v1\/2024\/11\/28\/produits-alimentaires-lenvolee-des-prix-se-poursuit-des-congolais-dans-le-desarroi\/#primaryimage\"},\"thumbnailUrl\":\"https:\/\/heshimardc.net\/v1\/wp-content\/uploads\/2024\/11\/IMG_9691.jpg\",\"articleSection\":[\"Economie\"],\"inLanguage\":\"fr-FR\"},{\"@type\":\"WebPage\",\"@id\":\"https:\/\/heshimardc.net\/v1\/2024\/11\/28\/produits-alimentaires-lenvolee-des-prix-se-poursuit-des-congolais-dans-le-desarroi\/\",\"url\":\"https:\/\/heshimardc.net\/v1\/2024\/11\/28\/produits-alimentaires-lenvolee-des-prix-se-poursuit-des-congolais-dans-le-desarroi\/\",\"name\":\"Produits alimentaires : l\u2019envol\u00e9e des prix se poursuit, des Congolais dans le d\u00e9sarroi - HESHIMA MAGAZINE\",\"isPartOf\":{\"@id\":\"https:\/\/heshimardc.net\/v1\/#website\"},\"primaryImageOfPage\":{\"@id\":\"https:\/\/heshimardc.net\/v1\/2024\/11\/28\/produits-alimentaires-lenvolee-des-prix-se-poursuit-des-congolais-dans-le-desarroi\/#primaryimage\"},\"image\":{\"@id\":\"https:\/\/heshimardc.net\/v1\/2024\/11\/28\/produits-alimentaires-lenvolee-des-prix-se-poursuit-des-congolais-dans-le-desarroi\/#primaryimage\"},\"thumbnailUrl\":\"https:\/\/heshimardc.net\/v1\/wp-content\/uploads\/2024\/11\/IMG_9691.jpg\",\"datePublished\":\"2024-11-28T10:18:50+00:00\",\"dateModified\":\"2024-11-28T10:18:52+00:00\",\"breadcrumb\":{\"@id\":\"https:\/\/heshimardc.net\/v1\/2024\/11\/28\/produits-alimentaires-lenvolee-des-prix-se-poursuit-des-congolais-dans-le-desarroi\/#breadcrumb\"},\"inLanguage\":\"fr-FR\",\"potentialAction\":[{\"@type\":\"ReadAction\",\"target\":[\"https:\/\/heshimardc.net\/v1\/2024\/11\/28\/produits-alimentaires-lenvolee-des-prix-se-poursuit-des-congolais-dans-le-desarroi\/\"]}]},{\"@type\":\"ImageObject\",\"inLanguage\":\"fr-FR\",\"@id\":\"https:\/\/heshimardc.net\/v1\/2024\/11\/28\/produits-alimentaires-lenvolee-des-prix-se-poursuit-des-congolais-dans-le-desarroi\/#primaryimage\",\"url\":\"https:\/\/heshimardc.net\/v1\/wp-content\/uploads\/2024\/11\/IMG_9691.jpg\",\"contentUrl\":\"https:\/\/heshimardc.net\/v1\/wp-content\/uploads\/2024\/11\/IMG_9691.jpg\",\"width\":500,\"height\":355},{\"@type\":\"BreadcrumbList\",\"@id\":\"https:\/\/heshimardc.net\/v1\/2024\/11\/28\/produits-alimentaires-lenvolee-des-prix-se-poursuit-des-congolais-dans-le-desarroi\/#breadcrumb\",\"itemListElement\":[{\"@type\":\"ListItem\",\"position\":1,\"name\":\"Accueil\",\"item\":\"https:\/\/heshimardc.net\/v1\/\"},{\"@type\":\"ListItem\",\"position\":2,\"name\":\"Produits alimentaires : l\u2019envol\u00e9e des prix se poursuit, des Congolais dans le d\u00e9sarroi\"}]},{\"@type\":\"WebSite\",\"@id\":\"https:\/\/heshimardc.net\/v1\/#website\",\"url\":\"https:\/\/heshimardc.net\/v1\/\",\"name\":\"HESHIMA MAGAZINE\",\"description\":\"Le magazine Congolais qui bat au rythme de l&#039;actualit\u00e9\",\"publisher\":{\"@id\":\"https:\/\/heshimardc.net\/v1\/#organization\"},\"potentialAction\":[{\"@type\":\"SearchAction\",\"target\":{\"@type\":\"EntryPoint\",\"urlTemplate\":\"https:\/\/heshimardc.net\/v1\/?s={search_term_string}\"},\"query-input\":\"required name=search_term_string\"}],\"inLanguage\":\"fr-FR\"},{\"@type\":\"Organization\",\"@id\":\"https:\/\/heshimardc.net\/v1\/#organization\",\"name\":\"HESHIMA MAGAZINE\",\"url\":\"https:\/\/heshimardc.net\/v1\/\",\"logo\":{\"@type\":\"ImageObject\",\"inLanguage\":\"fr-FR\",\"@id\":\"https:\/\/heshimardc.net\/v1\/#\/schema\/logo\/image\/\",\"url\":\"https:\/\/heshimardc.net\/v1\/wp-content\/uploads\/2020\/09\/logo.png\",\"contentUrl\":\"https:\/\/heshimardc.net\/v1\/wp-content\/uploads\/2020\/09\/logo.png\",\"width\":99,\"height\":130,\"caption\":\"HESHIMA MAGAZINE\"},\"image\":{\"@id\":\"https:\/\/heshimardc.net\/v1\/#\/schema\/logo\/image\/\"},\"sameAs\":[\"https:\/\/www.facebook.com\/heshimamagazine\",\"https:\/\/x.com\/HeshimaMag\"]},{\"@type\":\"Person\",\"@id\":\"https:\/\/heshimardc.net\/v1\/#\/schema\/person\/7188c0b9e770a370943576373b325f91\",\"name\":\"La redaction\",\"image\":{\"@type\":\"ImageObject\",\"inLanguage\":\"fr-FR\",\"@id\":\"https:\/\/heshimardc.net\/v1\/#\/schema\/person\/image\/\",\"url\":\"https:\/\/secure.gravatar.com\/avatar\/b53b1a4a434346e76d3ea6c9ecf19fc8?s=96&d=mm&r=g\",\"contentUrl\":\"https:\/\/secure.gravatar.com\/avatar\/b53b1a4a434346e76d3ea6c9ecf19fc8?s=96&d=mm&r=g\",\"caption\":\"La redaction\"},\"sameAs\":[\"https:\/\/heshimardc.net\/v1\",\"La redaction\"],\"url\":\"https:\/\/heshimardc.net\/v1\/author\/la-redaction\/\"}]}<\/script>\n<!-- \/ Yoast SEO plugin. -->","yoast_head_json":{"title":"Produits alimentaires : l\u2019envol\u00e9e des prix se poursuit, des Congolais dans le d\u00e9sarroi - HESHIMA MAGAZINE","robots":{"index":"index","follow":"follow","max-snippet":"max-snippet:-1","max-image-preview":"max-image-preview:large","max-video-preview":"max-video-preview:-1"},"canonical":"https:\/\/heshimardc.net\/v1\/2024\/11\/28\/produits-alimentaires-lenvolee-des-prix-se-poursuit-des-congolais-dans-le-desarroi\/","og_locale":"fr_FR","og_type":"article","og_title":"Produits alimentaires : l\u2019envol\u00e9e des prix se poursuit, des Congolais dans le d\u00e9sarroi - HESHIMA MAGAZINE","og_description":"Alors que le Vice-Premier ministre, ministre de l\u2019\u00c9conomie nationale, avait pris des mesures contre la vie ch\u00e8re en R\u00e9publique D\u00e9mocratique du Congo (RDC), c\u2019est l\u2019effet contraire qui se produit depuis quelques jours sur les march\u00e9s des biens de consommation courante. Le lait en poudre, le poisson chinchard ou encore les viandes surgel\u00e9es connaissent une envol\u00e9e [&hellip;]","og_url":"https:\/\/heshimardc.net\/v1\/2024\/11\/28\/produits-alimentaires-lenvolee-des-prix-se-poursuit-des-congolais-dans-le-desarroi\/","og_site_name":"HESHIMA MAGAZINE","article_publisher":"https:\/\/www.facebook.com\/heshimamagazine","article_published_time":"2024-11-28T10:18:50+00:00","article_modified_time":"2024-11-28T10:18:52+00:00","og_image":[{"width":500,"height":355,"url":"https:\/\/heshimardc.net\/v1\/wp-content\/uploads\/2024\/11\/IMG_9691.jpg","type":"image\/jpeg"}],"author":"La redaction","twitter_card":"summary_large_image","twitter_creator":"@HeshimaMag","twitter_site":"@HeshimaMag","twitter_misc":{"\u00c9crit par":"La redaction","Dur\u00e9e de lecture estim\u00e9e":"4 minutes"},"schema":{"@context":"https:\/\/schema.org","@graph":[{"@type":"Article","@id":"https:\/\/heshimardc.net\/v1\/2024\/11\/28\/produits-alimentaires-lenvolee-des-prix-se-poursuit-des-congolais-dans-le-desarroi\/#article","isPartOf":{"@id":"https:\/\/heshimardc.net\/v1\/2024\/11\/28\/produits-alimentaires-lenvolee-des-prix-se-poursuit-des-congolais-dans-le-desarroi\/"},"author":{"name":"La redaction","@id":"https:\/\/heshimardc.net\/v1\/#\/schema\/person\/7188c0b9e770a370943576373b325f91"},"headline":"Produits alimentaires : l\u2019envol\u00e9e des prix se poursuit, des Congolais dans le d\u00e9sarroi","datePublished":"2024-11-28T10:18:50+00:00","dateModified":"2024-11-28T10:18:52+00:00","mainEntityOfPage":{"@id":"https:\/\/heshimardc.net\/v1\/2024\/11\/28\/produits-alimentaires-lenvolee-des-prix-se-poursuit-des-congolais-dans-le-desarroi\/"},"wordCount":743,"publisher":{"@id":"https:\/\/heshimardc.net\/v1\/#organization"},"image":{"@id":"https:\/\/heshimardc.net\/v1\/2024\/11\/28\/produits-alimentaires-lenvolee-des-prix-se-poursuit-des-congolais-dans-le-desarroi\/#primaryimage"},"thumbnailUrl":"https:\/\/heshimardc.net\/v1\/wp-content\/uploads\/2024\/11\/IMG_9691.jpg","articleSection":["Economie"],"inLanguage":"fr-FR"},{"@type":"WebPage","@id":"https:\/\/heshimardc.net\/v1\/2024\/11\/28\/produits-alimentaires-lenvolee-des-prix-se-poursuit-des-congolais-dans-le-desarroi\/","url":"https:\/\/heshimardc.net\/v1\/2024\/11\/28\/produits-alimentaires-lenvolee-des-prix-se-poursuit-des-congolais-dans-le-desarroi\/","name":"Produits alimentaires : l\u2019envol\u00e9e des prix se poursuit, des Congolais dans le d\u00e9sarroi - HESHIMA MAGAZINE","isPartOf":{"@id":"https:\/\/heshimardc.net\/v1\/#website"},"primaryImageOfPage":{"@id":"https:\/\/heshimardc.net\/v1\/2024\/11\/28\/produits-alimentaires-lenvolee-des-prix-se-poursuit-des-congolais-dans-le-desarroi\/#primaryimage"},"image":{"@id":"https:\/\/heshimardc.net\/v1\/2024\/11\/28\/produits-alimentaires-lenvolee-des-prix-se-poursuit-des-congolais-dans-le-desarroi\/#primaryimage"},"thumbnailUrl":"https:\/\/heshimardc.net\/v1\/wp-content\/uploads\/2024\/11\/IMG_9691.jpg","datePublished":"2024-11-28T10:18:50+00:00","dateModified":"2024-11-28T10:18:52+00:00","breadcrumb":{"@id":"https:\/\/heshimardc.net\/v1\/2024\/11\/28\/produits-alimentaires-lenvolee-des-prix-se-poursuit-des-congolais-dans-le-desarroi\/#breadcrumb"},"inLanguage":"fr-FR","potentialAction":[{"@type":"ReadAction","target":["https:\/\/heshimardc.net\/v1\/2024\/11\/28\/produits-alimentaires-lenvolee-des-prix-se-poursuit-des-congolais-dans-le-desarroi\/"]}]},{"@type":"ImageObject","inLanguage":"fr-FR","@id":"https:\/\/heshimardc.net\/v1\/2024\/11\/28\/produits-alimentaires-lenvolee-des-prix-se-poursuit-des-congolais-dans-le-desarroi\/#primaryimage","url":"https:\/\/heshimardc.net\/v1\/wp-content\/uploads\/2024\/11\/IMG_9691.jpg","contentUrl":"https:\/\/heshimardc.net\/v1\/wp-content\/uploads\/2024\/11\/IMG_9691.jpg","width":500,"height":355},{"@type":"BreadcrumbList","@id":"https:\/\/heshimardc.net\/v1\/2024\/11\/28\/produits-alimentaires-lenvolee-des-prix-se-poursuit-des-congolais-dans-le-desarroi\/#breadcrumb","itemListElement":[{"@type":"ListItem","position":1,"name":"Accueil","item":"https:\/\/heshimardc.net\/v1\/"},{"@type":"ListItem","position":2,"name":"Produits alimentaires : l\u2019envol\u00e9e des prix se poursuit, des Congolais dans le d\u00e9sarroi"}]},{"@type":"WebSite","@id":"https:\/\/heshimardc.net\/v1\/#website","url":"https:\/\/heshimardc.net\/v1\/","name":"HESHIMA MAGAZINE","description":"Le magazine Congolais qui bat au rythme de l&#039;actualit\u00e9","publisher":{"@id":"https:\/\/heshimardc.net\/v1\/#organization"},"potentialAction":[{"@type":"SearchAction","target":{"@type":"EntryPoint","urlTemplate":"https:\/\/heshimardc.net\/v1\/?s={search_term_string}"},"query-input":"required name=search_term_string"}],"inLanguage":"fr-FR"},{"@type":"Organization","@id":"https:\/\/heshimardc.net\/v1\/#organization","name":"HESHIMA MAGAZINE","url":"https:\/\/heshimardc.net\/v1\/","logo":{"@type":"ImageObject","inLanguage":"fr-FR","@id":"https:\/\/heshimardc.net\/v1\/#\/schema\/logo\/image\/","url":"https:\/\/heshimardc.net\/v1\/wp-content\/uploads\/2020\/09\/logo.png","contentUrl":"https:\/\/heshimardc.net\/v1\/wp-content\/uploads\/2020\/09\/logo.png","width":99,"height":130,"caption":"HESHIMA MAGAZINE"},"image":{"@id":"https:\/\/heshimardc.net\/v1\/#\/schema\/logo\/image\/"},"sameAs":["https:\/\/www.facebook.com\/heshimamagazine","https:\/\/x.com\/HeshimaMag"]},{"@type":"Person","@id":"https:\/\/heshimardc.net\/v1\/#\/schema\/person\/7188c0b9e770a370943576373b325f91","name":"La redaction","image":{"@type":"ImageObject","inLanguage":"fr-FR","@id":"https:\/\/heshimardc.net\/v1\/#\/schema\/person\/image\/","url":"https:\/\/secure.gravatar.com\/avatar\/b53b1a4a434346e76d3ea6c9ecf19fc8?s=96&d=mm&r=g","contentUrl":"https:\/\/secure.gravatar.com\/avatar\/b53b1a4a434346e76d3ea6c9ecf19fc8?s=96&d=mm&r=g","caption":"La redaction"},"sameAs":["https:\/\/heshimardc.net\/v1","La redaction"],"url":"https:\/\/heshimardc.net\/v1\/author\/la-redaction\/"}]}},"amp_enabled":true,"_links":{"self":[{"href":"https:\/\/heshimardc.net\/v1\/wp-json\/wp\/v2\/posts\/4611"}],"collection":[{"href":"https:\/\/heshimardc.net\/v1\/wp-json\/wp\/v2\/posts"}],"about":[{"href":"https:\/\/heshimardc.net\/v1\/wp-json\/wp\/v2\/types\/post"}],"author":[{"embeddable":true,"href":"https:\/\/heshimardc.net\/v1\/wp-json\/wp\/v2\/users\/1"}],"replies":[{"embeddable":true,"href":"https:\/\/heshimardc.net\/v1\/wp-json\/wp\/v2\/comments?post=4611"}],"version-history":[{"count":1,"href":"https:\/\/heshimardc.net\/v1\/wp-json\/wp\/v2\/posts\/4611\/revisions"}],"predecessor-version":[{"id":4613,"href":"https:\/\/heshimardc.net\/v1\/wp-json\/wp\/v2\/posts\/4611\/revisions\/4613"}],"wp:featuredmedia":[{"embeddable":true,"href":"https:\/\/heshimardc.net\/v1\/wp-json\/wp\/v2\/media\/4612"}],"wp:attachment":[{"href":"https:\/\/heshimardc.net\/v1\/wp-json\/wp\/v2\/media?parent=4611"}],"wp:term":[{"taxonomy":"category","embeddable":true,"href":"https:\/\/heshimardc.net\/v1\/wp-json\/wp\/v2\/categories?post=4611"},{"taxonomy":"post_tag","embeddable":true,"href":"https:\/\/heshimardc.net\/v1\/wp-json\/wp\/v2\/tags?post=4611"}],"curies":[{"name":"wp","href":"https:\/\/api.w.org\/{rel}","templated":true}]}}