{"id":4724,"date":"2024-12-23T13:29:29","date_gmt":"2024-12-23T13:29:29","guid":{"rendered":"https:\/\/heshimardc.net\/v1\/?p=4724"},"modified":"2024-12-23T13:29:31","modified_gmt":"2024-12-23T13:29:31","slug":"rdc-tshisekedi-pas-satisfait-de-lunion-sacree-4-ans-apres-la-fin-du-fcc-cach","status":"publish","type":"post","link":"https:\/\/heshimardc.net\/v1\/2024\/12\/23\/rdc-tshisekedi-pas-satisfait-de-lunion-sacree-4-ans-apres-la-fin-du-fcc-cach\/","title":{"rendered":"RDC : Tshisekedi pas satisfait de l\u2019Union sacr\u00e9e, 4 ans apr\u00e8s la fin du FCC-CACH"},"content":{"rendered":"\n<p><\/p>\n\n\n\n<p><strong>Le pr\u00e9sident de la R\u00e9publique, F\u00e9lix Tshisekedi, a r\u00e9uni, le 21 d\u00e9cembre 2024, les membres de sa famille politique au chapiteau pr\u00e9sidentiel de la cit\u00e9 de l&rsquo;OUA, \u00e0 l\u2019ouest de Kinshasa. Quatre ans apr\u00e8s la cr\u00e9ation de cette plateforme, le chef de l\u2019\u00c9tat semble constater un regroupement qui ne s\u2019est pas \u00e9cart\u00e9 des habitudes d\u00e9cri\u00e9es par le pass\u00e9.<\/strong><\/p>\n\n\n\n<p>Cette rencontre avait des allures de bilan. Face aux caciques de l\u2019Union sacr\u00e9e de la Nation, F\u00e9lix Tshisekedi n\u2019a pas cach\u00e9 sa d\u00e9ception et a rappel\u00e9 ce qu\u2019il attendait de cette plateforme n\u00e9e apr\u00e8s la fin de sa coalition avec l\u2019ancien pr\u00e9sident de la R\u00e9publique, Joseph Kabila. <em>\u00ab En cr\u00e9ant cette Union sacr\u00e9e, ma vision \u00e9tait qu\u2019elle ne se comporte pas comme tous les regroupements que nous avons connus dans l\u2019histoire de notre pays. Je voulais que nous nous distinguions, que nous ayons une attitude diff\u00e9rente, altruiste, tourn\u00e9e vers l\u2019int\u00e9r\u00eat de notre peuple \u00bb<\/em>, a d\u00e9clar\u00e9 le pr\u00e9sident de la R\u00e9publique.<\/p>\n\n\n\n<p>Il a rappel\u00e9 le risque qu\u2019il avait pris en se s\u00e9parant de Joseph Kabila dans le cadre de la coalition cr\u00e9\u00e9e entre le Front commun pour le Congo (FCC) de l\u2019ancien dirigeant et le Cap pour le changement (CACH), son propre regroupement politique. Selon lui, son appel \u00e0 la nation, lanc\u00e9 fin 2020, n\u2019\u00e9tait pas destin\u00e9 \u00e0 favoriser un \u00ab partage des privil\u00e8ges \u00bb mais \u00e0 construire ensemble le pays. <em><strong>\u00ab Celui qui estime que cette voie que j\u2019ai choisie ne lui pla\u00eet pas, n\u2019a qu\u2019\u00e0 aller ailleurs \u00bb<\/strong><\/em>, a-t-il lanc\u00e9.<\/p>\n\n\n\n<p>F\u00e9lix Tshisekedi s\u2019\u00e9tait s\u00e9par\u00e9 du regroupement politique de Joseph Kabila en d\u00e9cembre 2020, apr\u00e8s des consultations nationales men\u00e9es un mois plus t\u00f4t. Cette d\u00e9cision avait entra\u00een\u00e9 l\u2019effondrement de la majorit\u00e9 de l\u2019\u00e9poque, marqu\u00e9 par le renversement des bureaux de l\u2019Assembl\u00e9e nationale et du S\u00e9nat, dirig\u00e9s respectivement par Jeanine Mabunda et Alexis Thambwe, hauts cadres du FCC de Joseph Kabila, ainsi que la chute du gouvernement de Sylvestre Ilunga Ilunkamba, lui aussi membre influent du FCC.<\/p>\n\n\n\n<p><strong>Insatisfait du pr\u00e9sidium de la plateforme<\/strong><\/p>\n\n\n\n<p>Dans son discours, F\u00e9lix Tshisekedi s\u2019est \u00e9galement montr\u00e9 insatisfait du travail accompli par le pr\u00e9sidium de l\u2019Union sacr\u00e9e. Ce pr\u00e9sidium est compos\u00e9 de Vital Kamerhe, pr\u00e9sident de l\u2019Assembl\u00e9e nationale, Jean-Michel Sama Lukonde, pr\u00e9sident du S\u00e9nat, Christophe Mboso, 2\u1d49 vice-pr\u00e9sident de l\u2019Assembl\u00e9e nationale, Modeste Bahati, 2\u1d49 vice-pr\u00e9sident du S\u00e9nat, Jean-Pierre Bemba, vice-Premier ministre et ministre des Transports, et le d\u00e9put\u00e9 Augustin Kabuya, pr\u00e9sident int\u00e9rimaire de l\u2019Union pour la d\u00e9mocratie et le progr\u00e8s social (UDPS). Ces membres, issus de cinq partis ou regroupements influents de l\u2019Union sacr\u00e9e, se sont vus reprocher leur gestion.<\/p>\n\n\n\n<p>F\u00e9lix Tshisekedi a ordonn\u00e9 que la direction de cette plateforme soit \u00e9largie aux chefs des regroupements politiques et partis ayant des \u00e9lus. Cette d\u00e9cision r\u00e9pond \u00e0 de nombreuses plaintes \u00e9manant des membres de la plateforme qui se sentaient marginalis\u00e9s par le pr\u00e9sidium, malgr\u00e9 leur poids parlementaire.<\/p>\n\n\n\n<p><strong>Aux parlementaires, il conseille l\u2019apostolat<\/strong><\/p>\n\n\n\n<p>Par ailleurs, le chef de l\u2019\u00c9tat s\u2019est adress\u00e9 particuli\u00e8rement aux parlementaires de sa famille politique. Il leur a d\u00e9conseill\u00e9 de chercher \u00e0 satisfaire leurs int\u00e9r\u00eats personnels, estimant qu\u2019ils devraient adopter une posture d\u2019hommes de Dieu vou\u00e9s \u00e0 sauver les \u00e2mes. <em>\u00ab Consid\u00e9rez-vous comme des hommes et des femmes de Dieu qui sauvent des \u00e2mes. Vous n\u2019\u00eates pas l\u00e0 pour penser \u00e0 vous, \u00e0 votre bien-\u00eatre. M\u00eame quand on vous donne des voitures, ce n\u2019est pas pour vous corrompre ni pour obtenir vos applaudissements, non \u00bb<\/em>, a-t-il affirm\u00e9.<\/p>\n\n\n\n<p>Il leur a promis de nouveaux v\u00e9hicules (SUV) pour leur mobilit\u00e9. Au total, 608 v\u00e9hicules pourraient \u00eatre distribu\u00e9s \u00e0 tous les d\u00e9put\u00e9s et s\u00e9nateurs, ind\u00e9pendamment de leur appartenance politique.<\/p>\n\n\n\n<p><strong>Pas de n\u00e9gociation directe avec le M23<\/strong><\/p>\n\n\n\n<p>Une autre question br\u00fblante a \u00e9t\u00e9 abord\u00e9e : la guerre dans l\u2019Est du pays. <em>\u00ab Je ne me plierai pas au diktat du r\u00e9gime pr\u00e9dateur qui ne vit que du sang des Congolais et des pillages de nos ressources. Nous restons intransigeants : il n\u2019y aura aucune n\u00e9gociation avec le M23, qui n\u2019est autre que le Rwanda d\u00e9guis\u00e9 \u00bb<\/em>, a d\u00e9clar\u00e9 F\u00e9lix Tshisekedi.<\/p>\n\n\n\n<p>Il a ajout\u00e9 que, m\u00eame si les rebelles parvenaient \u00e0 conqu\u00e9rir l\u2019ensemble du territoire national <em>\u00ab jusqu\u2019\u00e0 arriver \u00e0 la porte de ma r\u00e9sidence de l\u2019OUA \u00bb<\/em>, il n\u2019y aurait aucune discussion directe avec eux.<\/p>\n\n\n\n<p>Pourtant, au Conseil de s\u00e9curit\u00e9 de l\u2019ONU, la repr\u00e9sentante des \u00c9tats-Unis aupr\u00e8s des Nations unies a sembl\u00e9 tenir un discours diff\u00e9rent. Washington pourrait encourager Kinshasa \u00e0 engager des discussions directes avec les rebelles et \u00e0 obtenir le retrait des troupes rwandaises du territoire congolais. <em>\u00ab Des solutions sont en cours pour neutraliser les FDLR, entamer le retrait des RDF [Forces arm\u00e9es rwandaises] et engager des discussions avec le M23 \u00bb<\/em>, a d\u00e9clar\u00e9 Mme Linda Thomas-Greenfield.<\/p>\n\n\n\n<p class=\"has-text-align-right\"><strong>Heshima<\/strong><\/p>\n","protected":false},"excerpt":{"rendered":"<p>Le pr\u00e9sident de la R\u00e9publique, F\u00e9lix Tshisekedi, a r\u00e9uni, le 21 d\u00e9cembre 2024, les membres de sa famille politique au chapiteau pr\u00e9sidentiel de la cit\u00e9 de l&rsquo;OUA, \u00e0 l\u2019ouest de Kinshasa. Quatre ans apr\u00e8s la cr\u00e9ation de cette plateforme, le chef de l\u2019\u00c9tat semble constater un regroupement qui ne s\u2019est pas \u00e9cart\u00e9 des habitudes d\u00e9cri\u00e9es [&hellip;]<\/p>\n","protected":false},"author":1,"featured_media":4725,"comment_status":"closed","ping_status":"closed","sticky":false,"template":"","format":"standard","meta":{"footnotes":""},"categories":[3],"tags":[177],"class_list":["post-4724","post","type-post","status-publish","format-standard","has-post-thumbnail","hentry","category-nation","tag-international"],"yoast_head":"<!-- This site is optimized with the Yoast SEO plugin v23.3 - https:\/\/yoast.com\/wordpress\/plugins\/seo\/ -->\n<title>RDC : Tshisekedi pas satisfait de l\u2019Union sacr\u00e9e, 4 ans apr\u00e8s la fin du FCC-CACH - HESHIMA MAGAZINE<\/title>\n<meta name=\"robots\" content=\"index, follow, max-snippet:-1, max-image-preview:large, max-video-preview:-1\" \/>\n<link rel=\"canonical\" href=\"https:\/\/heshimardc.net\/v1\/2024\/12\/23\/rdc-tshisekedi-pas-satisfait-de-lunion-sacree-4-ans-apres-la-fin-du-fcc-cach\/\" \/>\n<meta property=\"og:locale\" content=\"fr_FR\" \/>\n<meta property=\"og:type\" content=\"article\" \/>\n<meta property=\"og:title\" content=\"RDC : Tshisekedi pas satisfait de l\u2019Union sacr\u00e9e, 4 ans apr\u00e8s la fin du FCC-CACH - HESHIMA MAGAZINE\" \/>\n<meta property=\"og:description\" content=\"Le pr\u00e9sident de la R\u00e9publique, F\u00e9lix Tshisekedi, a r\u00e9uni, le 21 d\u00e9cembre 2024, les membres de sa famille politique au chapiteau pr\u00e9sidentiel de la cit\u00e9 de l&rsquo;OUA, \u00e0 l\u2019ouest de Kinshasa. Quatre ans apr\u00e8s la cr\u00e9ation de cette plateforme, le chef de l\u2019\u00c9tat semble constater un regroupement qui ne s\u2019est pas \u00e9cart\u00e9 des habitudes d\u00e9cri\u00e9es [&hellip;]\" \/>\n<meta property=\"og:url\" content=\"https:\/\/heshimardc.net\/v1\/2024\/12\/23\/rdc-tshisekedi-pas-satisfait-de-lunion-sacree-4-ans-apres-la-fin-du-fcc-cach\/\" \/>\n<meta property=\"og:site_name\" content=\"HESHIMA MAGAZINE\" \/>\n<meta property=\"article:publisher\" content=\"https:\/\/www.facebook.com\/heshimamagazine\" \/>\n<meta property=\"article:published_time\" content=\"2024-12-23T13:29:29+00:00\" \/>\n<meta property=\"article:modified_time\" content=\"2024-12-23T13:29:31+00:00\" \/>\n<meta property=\"og:image\" content=\"https:\/\/heshimardc.net\/v1\/wp-content\/uploads\/2024\/12\/cellcom-pr-us-priv.jpeg\" \/>\n\t<meta property=\"og:image:width\" content=\"1600\" \/>\n\t<meta property=\"og:image:height\" content=\"1067\" \/>\n\t<meta property=\"og:image:type\" content=\"image\/jpeg\" \/>\n<meta name=\"author\" content=\"La redaction\" \/>\n<meta name=\"twitter:card\" content=\"summary_large_image\" \/>\n<meta name=\"twitter:creator\" content=\"@HeshimaMag\" \/>\n<meta name=\"twitter:site\" content=\"@HeshimaMag\" \/>\n<meta name=\"twitter:label1\" content=\"\u00c9crit par\" \/>\n\t<meta name=\"twitter:data1\" content=\"La redaction\" \/>\n\t<meta name=\"twitter:label2\" content=\"Dur\u00e9e de lecture estim\u00e9e\" \/>\n\t<meta name=\"twitter:data2\" content=\"5 minutes\" \/>\n<script type=\"application\/ld+json\" class=\"yoast-schema-graph\">{\"@context\":\"https:\/\/schema.org\",\"@graph\":[{\"@type\":\"Article\",\"@id\":\"https:\/\/heshimardc.net\/v1\/2024\/12\/23\/rdc-tshisekedi-pas-satisfait-de-lunion-sacree-4-ans-apres-la-fin-du-fcc-cach\/#article\",\"isPartOf\":{\"@id\":\"https:\/\/heshimardc.net\/v1\/2024\/12\/23\/rdc-tshisekedi-pas-satisfait-de-lunion-sacree-4-ans-apres-la-fin-du-fcc-cach\/\"},\"author\":{\"name\":\"La redaction\",\"@id\":\"https:\/\/heshimardc.net\/v1\/#\/schema\/person\/7188c0b9e770a370943576373b325f91\"},\"headline\":\"RDC : Tshisekedi pas satisfait de l\u2019Union sacr\u00e9e, 4 ans apr\u00e8s la fin du FCC-CACH\",\"datePublished\":\"2024-12-23T13:29:29+00:00\",\"dateModified\":\"2024-12-23T13:29:31+00:00\",\"mainEntityOfPage\":{\"@id\":\"https:\/\/heshimardc.net\/v1\/2024\/12\/23\/rdc-tshisekedi-pas-satisfait-de-lunion-sacree-4-ans-apres-la-fin-du-fcc-cach\/\"},\"wordCount\":886,\"publisher\":{\"@id\":\"https:\/\/heshimardc.net\/v1\/#organization\"},\"image\":{\"@id\":\"https:\/\/heshimardc.net\/v1\/2024\/12\/23\/rdc-tshisekedi-pas-satisfait-de-lunion-sacree-4-ans-apres-la-fin-du-fcc-cach\/#primaryimage\"},\"thumbnailUrl\":\"https:\/\/heshimardc.net\/v1\/wp-content\/uploads\/2024\/12\/cellcom-pr-us-priv.jpeg\",\"keywords\":[\"International\"],\"articleSection\":[\"Nation\"],\"inLanguage\":\"fr-FR\"},{\"@type\":\"WebPage\",\"@id\":\"https:\/\/heshimardc.net\/v1\/2024\/12\/23\/rdc-tshisekedi-pas-satisfait-de-lunion-sacree-4-ans-apres-la-fin-du-fcc-cach\/\",\"url\":\"https:\/\/heshimardc.net\/v1\/2024\/12\/23\/rdc-tshisekedi-pas-satisfait-de-lunion-sacree-4-ans-apres-la-fin-du-fcc-cach\/\",\"name\":\"RDC : Tshisekedi pas satisfait de l\u2019Union sacr\u00e9e, 4 ans apr\u00e8s la fin du FCC-CACH - HESHIMA MAGAZINE\",\"isPartOf\":{\"@id\":\"https:\/\/heshimardc.net\/v1\/#website\"},\"primaryImageOfPage\":{\"@id\":\"https:\/\/heshimardc.net\/v1\/2024\/12\/23\/rdc-tshisekedi-pas-satisfait-de-lunion-sacree-4-ans-apres-la-fin-du-fcc-cach\/#primaryimage\"},\"image\":{\"@id\":\"https:\/\/heshimardc.net\/v1\/2024\/12\/23\/rdc-tshisekedi-pas-satisfait-de-lunion-sacree-4-ans-apres-la-fin-du-fcc-cach\/#primaryimage\"},\"thumbnailUrl\":\"https:\/\/heshimardc.net\/v1\/wp-content\/uploads\/2024\/12\/cellcom-pr-us-priv.jpeg\",\"datePublished\":\"2024-12-23T13:29:29+00:00\",\"dateModified\":\"2024-12-23T13:29:31+00:00\",\"breadcrumb\":{\"@id\":\"https:\/\/heshimardc.net\/v1\/2024\/12\/23\/rdc-tshisekedi-pas-satisfait-de-lunion-sacree-4-ans-apres-la-fin-du-fcc-cach\/#breadcrumb\"},\"inLanguage\":\"fr-FR\",\"potentialAction\":[{\"@type\":\"ReadAction\",\"target\":[\"https:\/\/heshimardc.net\/v1\/2024\/12\/23\/rdc-tshisekedi-pas-satisfait-de-lunion-sacree-4-ans-apres-la-fin-du-fcc-cach\/\"]}]},{\"@type\":\"ImageObject\",\"inLanguage\":\"fr-FR\",\"@id\":\"https:\/\/heshimardc.net\/v1\/2024\/12\/23\/rdc-tshisekedi-pas-satisfait-de-lunion-sacree-4-ans-apres-la-fin-du-fcc-cach\/#primaryimage\",\"url\":\"https:\/\/heshimardc.net\/v1\/wp-content\/uploads\/2024\/12\/cellcom-pr-us-priv.jpeg\",\"contentUrl\":\"https:\/\/heshimardc.net\/v1\/wp-content\/uploads\/2024\/12\/cellcom-pr-us-priv.jpeg\",\"width\":1600,\"height\":1067},{\"@type\":\"BreadcrumbList\",\"@id\":\"https:\/\/heshimardc.net\/v1\/2024\/12\/23\/rdc-tshisekedi-pas-satisfait-de-lunion-sacree-4-ans-apres-la-fin-du-fcc-cach\/#breadcrumb\",\"itemListElement\":[{\"@type\":\"ListItem\",\"position\":1,\"name\":\"Accueil\",\"item\":\"https:\/\/heshimardc.net\/v1\/\"},{\"@type\":\"ListItem\",\"position\":2,\"name\":\"RDC : Tshisekedi pas satisfait de l\u2019Union sacr\u00e9e, 4 ans apr\u00e8s la fin du FCC-CACH\"}]},{\"@type\":\"WebSite\",\"@id\":\"https:\/\/heshimardc.net\/v1\/#website\",\"url\":\"https:\/\/heshimardc.net\/v1\/\",\"name\":\"HESHIMA MAGAZINE\",\"description\":\"Le magazine Congolais qui bat au rythme de l&#039;actualit\u00e9\",\"publisher\":{\"@id\":\"https:\/\/heshimardc.net\/v1\/#organization\"},\"potentialAction\":[{\"@type\":\"SearchAction\",\"target\":{\"@type\":\"EntryPoint\",\"urlTemplate\":\"https:\/\/heshimardc.net\/v1\/?s={search_term_string}\"},\"query-input\":\"required name=search_term_string\"}],\"inLanguage\":\"fr-FR\"},{\"@type\":\"Organization\",\"@id\":\"https:\/\/heshimardc.net\/v1\/#organization\",\"name\":\"HESHIMA MAGAZINE\",\"url\":\"https:\/\/heshimardc.net\/v1\/\",\"logo\":{\"@type\":\"ImageObject\",\"inLanguage\":\"fr-FR\",\"@id\":\"https:\/\/heshimardc.net\/v1\/#\/schema\/logo\/image\/\",\"url\":\"https:\/\/heshimardc.net\/v1\/wp-content\/uploads\/2020\/09\/logo.png\",\"contentUrl\":\"https:\/\/heshimardc.net\/v1\/wp-content\/uploads\/2020\/09\/logo.png\",\"width\":99,\"height\":130,\"caption\":\"HESHIMA MAGAZINE\"},\"image\":{\"@id\":\"https:\/\/heshimardc.net\/v1\/#\/schema\/logo\/image\/\"},\"sameAs\":[\"https:\/\/www.facebook.com\/heshimamagazine\",\"https:\/\/x.com\/HeshimaMag\"]},{\"@type\":\"Person\",\"@id\":\"https:\/\/heshimardc.net\/v1\/#\/schema\/person\/7188c0b9e770a370943576373b325f91\",\"name\":\"La redaction\",\"image\":{\"@type\":\"ImageObject\",\"inLanguage\":\"fr-FR\",\"@id\":\"https:\/\/heshimardc.net\/v1\/#\/schema\/person\/image\/\",\"url\":\"https:\/\/secure.gravatar.com\/avatar\/b53b1a4a434346e76d3ea6c9ecf19fc8?s=96&d=mm&r=g\",\"contentUrl\":\"https:\/\/secure.gravatar.com\/avatar\/b53b1a4a434346e76d3ea6c9ecf19fc8?s=96&d=mm&r=g\",\"caption\":\"La redaction\"},\"sameAs\":[\"https:\/\/heshimardc.net\/v1\",\"La redaction\"],\"url\":\"https:\/\/heshimardc.net\/v1\/author\/la-redaction\/\"}]}<\/script>\n<!-- \/ Yoast SEO plugin. -->","yoast_head_json":{"title":"RDC : Tshisekedi pas satisfait de l\u2019Union sacr\u00e9e, 4 ans apr\u00e8s la fin du FCC-CACH - HESHIMA MAGAZINE","robots":{"index":"index","follow":"follow","max-snippet":"max-snippet:-1","max-image-preview":"max-image-preview:large","max-video-preview":"max-video-preview:-1"},"canonical":"https:\/\/heshimardc.net\/v1\/2024\/12\/23\/rdc-tshisekedi-pas-satisfait-de-lunion-sacree-4-ans-apres-la-fin-du-fcc-cach\/","og_locale":"fr_FR","og_type":"article","og_title":"RDC : Tshisekedi pas satisfait de l\u2019Union sacr\u00e9e, 4 ans apr\u00e8s la fin du FCC-CACH - HESHIMA MAGAZINE","og_description":"Le pr\u00e9sident de la R\u00e9publique, F\u00e9lix Tshisekedi, a r\u00e9uni, le 21 d\u00e9cembre 2024, les membres de sa famille politique au chapiteau pr\u00e9sidentiel de la cit\u00e9 de l&rsquo;OUA, \u00e0 l\u2019ouest de Kinshasa. Quatre ans apr\u00e8s la cr\u00e9ation de cette plateforme, le chef de l\u2019\u00c9tat semble constater un regroupement qui ne s\u2019est pas \u00e9cart\u00e9 des habitudes d\u00e9cri\u00e9es [&hellip;]","og_url":"https:\/\/heshimardc.net\/v1\/2024\/12\/23\/rdc-tshisekedi-pas-satisfait-de-lunion-sacree-4-ans-apres-la-fin-du-fcc-cach\/","og_site_name":"HESHIMA MAGAZINE","article_publisher":"https:\/\/www.facebook.com\/heshimamagazine","article_published_time":"2024-12-23T13:29:29+00:00","article_modified_time":"2024-12-23T13:29:31+00:00","og_image":[{"width":1600,"height":1067,"url":"https:\/\/heshimardc.net\/v1\/wp-content\/uploads\/2024\/12\/cellcom-pr-us-priv.jpeg","type":"image\/jpeg"}],"author":"La redaction","twitter_card":"summary_large_image","twitter_creator":"@HeshimaMag","twitter_site":"@HeshimaMag","twitter_misc":{"\u00c9crit par":"La redaction","Dur\u00e9e de lecture estim\u00e9e":"5 minutes"},"schema":{"@context":"https:\/\/schema.org","@graph":[{"@type":"Article","@id":"https:\/\/heshimardc.net\/v1\/2024\/12\/23\/rdc-tshisekedi-pas-satisfait-de-lunion-sacree-4-ans-apres-la-fin-du-fcc-cach\/#article","isPartOf":{"@id":"https:\/\/heshimardc.net\/v1\/2024\/12\/23\/rdc-tshisekedi-pas-satisfait-de-lunion-sacree-4-ans-apres-la-fin-du-fcc-cach\/"},"author":{"name":"La redaction","@id":"https:\/\/heshimardc.net\/v1\/#\/schema\/person\/7188c0b9e770a370943576373b325f91"},"headline":"RDC : Tshisekedi pas satisfait de l\u2019Union sacr\u00e9e, 4 ans apr\u00e8s la fin du FCC-CACH","datePublished":"2024-12-23T13:29:29+00:00","dateModified":"2024-12-23T13:29:31+00:00","mainEntityOfPage":{"@id":"https:\/\/heshimardc.net\/v1\/2024\/12\/23\/rdc-tshisekedi-pas-satisfait-de-lunion-sacree-4-ans-apres-la-fin-du-fcc-cach\/"},"wordCount":886,"publisher":{"@id":"https:\/\/heshimardc.net\/v1\/#organization"},"image":{"@id":"https:\/\/heshimardc.net\/v1\/2024\/12\/23\/rdc-tshisekedi-pas-satisfait-de-lunion-sacree-4-ans-apres-la-fin-du-fcc-cach\/#primaryimage"},"thumbnailUrl":"https:\/\/heshimardc.net\/v1\/wp-content\/uploads\/2024\/12\/cellcom-pr-us-priv.jpeg","keywords":["International"],"articleSection":["Nation"],"inLanguage":"fr-FR"},{"@type":"WebPage","@id":"https:\/\/heshimardc.net\/v1\/2024\/12\/23\/rdc-tshisekedi-pas-satisfait-de-lunion-sacree-4-ans-apres-la-fin-du-fcc-cach\/","url":"https:\/\/heshimardc.net\/v1\/2024\/12\/23\/rdc-tshisekedi-pas-satisfait-de-lunion-sacree-4-ans-apres-la-fin-du-fcc-cach\/","name":"RDC : Tshisekedi pas satisfait de l\u2019Union sacr\u00e9e, 4 ans apr\u00e8s la fin du FCC-CACH - HESHIMA MAGAZINE","isPartOf":{"@id":"https:\/\/heshimardc.net\/v1\/#website"},"primaryImageOfPage":{"@id":"https:\/\/heshimardc.net\/v1\/2024\/12\/23\/rdc-tshisekedi-pas-satisfait-de-lunion-sacree-4-ans-apres-la-fin-du-fcc-cach\/#primaryimage"},"image":{"@id":"https:\/\/heshimardc.net\/v1\/2024\/12\/23\/rdc-tshisekedi-pas-satisfait-de-lunion-sacree-4-ans-apres-la-fin-du-fcc-cach\/#primaryimage"},"thumbnailUrl":"https:\/\/heshimardc.net\/v1\/wp-content\/uploads\/2024\/12\/cellcom-pr-us-priv.jpeg","datePublished":"2024-12-23T13:29:29+00:00","dateModified":"2024-12-23T13:29:31+00:00","breadcrumb":{"@id":"https:\/\/heshimardc.net\/v1\/2024\/12\/23\/rdc-tshisekedi-pas-satisfait-de-lunion-sacree-4-ans-apres-la-fin-du-fcc-cach\/#breadcrumb"},"inLanguage":"fr-FR","potentialAction":[{"@type":"ReadAction","target":["https:\/\/heshimardc.net\/v1\/2024\/12\/23\/rdc-tshisekedi-pas-satisfait-de-lunion-sacree-4-ans-apres-la-fin-du-fcc-cach\/"]}]},{"@type":"ImageObject","inLanguage":"fr-FR","@id":"https:\/\/heshimardc.net\/v1\/2024\/12\/23\/rdc-tshisekedi-pas-satisfait-de-lunion-sacree-4-ans-apres-la-fin-du-fcc-cach\/#primaryimage","url":"https:\/\/heshimardc.net\/v1\/wp-content\/uploads\/2024\/12\/cellcom-pr-us-priv.jpeg","contentUrl":"https:\/\/heshimardc.net\/v1\/wp-content\/uploads\/2024\/12\/cellcom-pr-us-priv.jpeg","width":1600,"height":1067},{"@type":"BreadcrumbList","@id":"https:\/\/heshimardc.net\/v1\/2024\/12\/23\/rdc-tshisekedi-pas-satisfait-de-lunion-sacree-4-ans-apres-la-fin-du-fcc-cach\/#breadcrumb","itemListElement":[{"@type":"ListItem","position":1,"name":"Accueil","item":"https:\/\/heshimardc.net\/v1\/"},{"@type":"ListItem","position":2,"name":"RDC : Tshisekedi pas satisfait de l\u2019Union sacr\u00e9e, 4 ans apr\u00e8s la fin du FCC-CACH"}]},{"@type":"WebSite","@id":"https:\/\/heshimardc.net\/v1\/#website","url":"https:\/\/heshimardc.net\/v1\/","name":"HESHIMA MAGAZINE","description":"Le magazine Congolais qui bat au rythme de l&#039;actualit\u00e9","publisher":{"@id":"https:\/\/heshimardc.net\/v1\/#organization"},"potentialAction":[{"@type":"SearchAction","target":{"@type":"EntryPoint","urlTemplate":"https:\/\/heshimardc.net\/v1\/?s={search_term_string}"},"query-input":"required name=search_term_string"}],"inLanguage":"fr-FR"},{"@type":"Organization","@id":"https:\/\/heshimardc.net\/v1\/#organization","name":"HESHIMA MAGAZINE","url":"https:\/\/heshimardc.net\/v1\/","logo":{"@type":"ImageObject","inLanguage":"fr-FR","@id":"https:\/\/heshimardc.net\/v1\/#\/schema\/logo\/image\/","url":"https:\/\/heshimardc.net\/v1\/wp-content\/uploads\/2020\/09\/logo.png","contentUrl":"https:\/\/heshimardc.net\/v1\/wp-content\/uploads\/2020\/09\/logo.png","width":99,"height":130,"caption":"HESHIMA MAGAZINE"},"image":{"@id":"https:\/\/heshimardc.net\/v1\/#\/schema\/logo\/image\/"},"sameAs":["https:\/\/www.facebook.com\/heshimamagazine","https:\/\/x.com\/HeshimaMag"]},{"@type":"Person","@id":"https:\/\/heshimardc.net\/v1\/#\/schema\/person\/7188c0b9e770a370943576373b325f91","name":"La redaction","image":{"@type":"ImageObject","inLanguage":"fr-FR","@id":"https:\/\/heshimardc.net\/v1\/#\/schema\/person\/image\/","url":"https:\/\/secure.gravatar.com\/avatar\/b53b1a4a434346e76d3ea6c9ecf19fc8?s=96&d=mm&r=g","contentUrl":"https:\/\/secure.gravatar.com\/avatar\/b53b1a4a434346e76d3ea6c9ecf19fc8?s=96&d=mm&r=g","caption":"La redaction"},"sameAs":["https:\/\/heshimardc.net\/v1","La redaction"],"url":"https:\/\/heshimardc.net\/v1\/author\/la-redaction\/"}]}},"amp_enabled":true,"_links":{"self":[{"href":"https:\/\/heshimardc.net\/v1\/wp-json\/wp\/v2\/posts\/4724"}],"collection":[{"href":"https:\/\/heshimardc.net\/v1\/wp-json\/wp\/v2\/posts"}],"about":[{"href":"https:\/\/heshimardc.net\/v1\/wp-json\/wp\/v2\/types\/post"}],"author":[{"embeddable":true,"href":"https:\/\/heshimardc.net\/v1\/wp-json\/wp\/v2\/users\/1"}],"replies":[{"embeddable":true,"href":"https:\/\/heshimardc.net\/v1\/wp-json\/wp\/v2\/comments?post=4724"}],"version-history":[{"count":1,"href":"https:\/\/heshimardc.net\/v1\/wp-json\/wp\/v2\/posts\/4724\/revisions"}],"predecessor-version":[{"id":4726,"href":"https:\/\/heshimardc.net\/v1\/wp-json\/wp\/v2\/posts\/4724\/revisions\/4726"}],"wp:featuredmedia":[{"embeddable":true,"href":"https:\/\/heshimardc.net\/v1\/wp-json\/wp\/v2\/media\/4725"}],"wp:attachment":[{"href":"https:\/\/heshimardc.net\/v1\/wp-json\/wp\/v2\/media?parent=4724"}],"wp:term":[{"taxonomy":"category","embeddable":true,"href":"https:\/\/heshimardc.net\/v1\/wp-json\/wp\/v2\/categories?post=4724"},{"taxonomy":"post_tag","embeddable":true,"href":"https:\/\/heshimardc.net\/v1\/wp-json\/wp\/v2\/tags?post=4724"}],"curies":[{"name":"wp","href":"https:\/\/api.w.org\/{rel}","templated":true}]}}