{"id":4940,"date":"2025-02-21T11:44:31","date_gmt":"2025-02-21T11:44:31","guid":{"rendered":"https:\/\/heshimardc.net\/v1\/?p=4940"},"modified":"2025-02-21T11:44:33","modified_gmt":"2025-02-21T11:44:33","slug":"conflits-en-rdc-des-sanctions-individuelles-et-leur-inefficacite","status":"publish","type":"post","link":"https:\/\/heshimardc.net\/v1\/2025\/02\/21\/conflits-en-rdc-des-sanctions-individuelles-et-leur-inefficacite\/","title":{"rendered":"Conflits en RDC : des sanctions individuelles et leur inefficacit\u00e9"},"content":{"rendered":"\n<p><strong>Les \u00c9tats-Unis ont sanctionn\u00e9, jeudi 20 f\u00e9vrier, le ministre d\u2019\u00c9tat rwandais de l\u2019Int\u00e9gration r\u00e9gionale, James Kabarebe, mais aussi le porte-parole du Mouvement du 23 mars (M23), Lawrence Kanyuka, pour leur r\u00f4le dans la d\u00e9stabilisation de la R\u00e9publique d\u00e9mocratique du Congo (RDC) par la guerre d&rsquo;agression men\u00e9e par Kigali et ce groupe rebelle sur le sol congolais. Mais ces mesures individuelles n\u2019ont presque jamais r\u00e9ussi \u00e0 changer le cours des choses dans les conflits qui s\u00e9vissent au pays de Lumumba.<\/strong><\/p>\n\n\n\n<p>D&rsquo;apr\u00e8s le Tr\u00e9sor am\u00e9ricain, James Kabarebe est au centre du soutien du Rwanda au Mouvement du 23 mars (M23). Washington dit vouloir demander \u00ab des comptes \u00bb aux auteurs des activit\u00e9s d\u00e9stabilisatrices perp\u00e9tr\u00e9es par l\u2019arm\u00e9e rwandaise et les rebelles du M23 en RDC. \u00ab L\u2019action d\u2019aujourd\u2019hui souligne notre intention de demander des comptes aux responsables et dirigeants cl\u00e9s comme Kabarebe et Kanyuka, qui permettent les activit\u00e9s d\u00e9stabilisatrices des RDF et du M23 dans l\u2019est de la RDC \u00bb, a d\u00e9clar\u00e9 le sous-secr\u00e9taire int\u00e9rimaire du Tr\u00e9sor am\u00e9ricain charg\u00e9 du terrorisme et du renseignement financier, Bradley T. Smith.<\/p>\n\n\n\n<p>Malgr\u00e9 l\u2019annonce de ces sanctions, Washington reste conscient de la n\u00e9cessit\u00e9 d&rsquo;une issue pacifique \u00e0 cette crise, soulignant que \u00ab les \u00c9tats-Unis restent d\u00e9termin\u00e9s \u00e0 garantir une r\u00e9solution pacifique de ce conflit. \u00bb Ces sanctions comprennent g\u00e9n\u00e9ralement le gel des avoirs de ces individus aux \u00c9tats-Unis et l\u2019interdiction pour tout citoyen am\u00e9ricain de faire commerce avec eux.<\/p>\n\n\n\n<p><strong>Le Rwanda minimise les sanctions<\/strong><\/p>\n\n\n\n<p>Dans un communiqu\u00e9 du minist\u00e8re des Affaires \u00e9trang\u00e8res du Rwanda consult\u00e9 par le Magazine Heshima, Kigali interpr\u00e8te ces sanctions comme une ing\u00e9rence ext\u00e9rieure dans un processus de paix pris en charge par l\u2019Afrique. \u00ab Les mesures punitives, y compris les sanctions, ne contribuent en rien \u00e0 la s\u00e9curit\u00e9, \u00e0 la paix et \u00e0 la stabilit\u00e9 \u00e0 long terme dans la r\u00e9gion des Grands Lacs. De telles mesures ne peuvent \u00eatre interpr\u00e9t\u00e9es que comme une ing\u00e9rence ext\u00e9rieure injustifi\u00e9e, risquant de retarder la r\u00e9solution du conflit \u00bb, peut-on lire dans ce document. Le Rwanda pense que ces sanctions ne vont donc pas pr\u00e9cipiter l\u2019arriv\u00e9e de la paix dans la r\u00e9gion des Grands Lacs, ce qui sugg\u00e8re que Kigali poursuivra son agression sur le territoire congolais.<\/p>\n\n\n\n<p><strong>Des sanctions sans effet sur Nangaa<\/strong><\/p>\n\n\n\n<p>Sanctionn\u00e9 depuis 2019 pour corruption et entrave au processus d\u00e9mocratique en RDC, alors qu\u2019il dirigeait encore la Commission \u00e9lectorale nationale ind\u00e9pendante (CENI), Corneille Nangaa a toujours agi comme si de rien n\u2019\u00e9tait. Nangaa \u00e9tait accus\u00e9 \u00e9galement de surfacturation de plus de 100 millions de dollars pour l\u2019acquisition de machines \u00e0 voter, d\u00e9tournement de fonds op\u00e9rationnels de la CENI et financement de la campagne \u00e9lectorale d\u2019Emmanuel Ramazani Shadary, le candidat pr\u00e9sident de la R\u00e9publique d\u00e9sign\u00e9 par le camp du pr\u00e9sident sortant, Joseph Kabila.<\/p>\n\n\n\n<p>M\u00eame si ces sanctions peuvent r\u00e9duire sa marge de man\u0153uvre, l\u2019homme est devenu encore plus radical en cr\u00e9ant une r\u00e9bellion arm\u00e9e en d\u00e9cembre 2023 depuis Nairobi, au Kenya. Il est devenu le coordonnateur de l\u2019Alliance Fleuve Congo (AFC), une structure politico-militaire cr\u00e9\u00e9e avec le M23. Corneille Nangaa s\u2019est alli\u00e9 au Rwanda pour tenter de faire tomber le r\u00e9gime de F\u00e9lix Tshisekedi. \u00c0 ce jour, sa r\u00e9bellion, aid\u00e9e par les troupes rwandaises, occupe une grande partie des deux Kivus, mena\u00e7ant les provinces du Maniema, du Tanganyika et de l\u2019Ituri.<\/p>\n\n\n\n<p><strong>Aucun impact sur les ADF<\/strong><\/p>\n\n\n\n<p>Depuis 2019, cinq membres de la r\u00e9bellion ougandaise des ADF ont \u00e9t\u00e9 \u00e9galement vis\u00e9s par des sanctions am\u00e9ricaines, dont le leader du mouvement, Musa Baluku. Cette r\u00e9bellion ougandaise, qui a fait all\u00e9geance \u00e0 l\u2019Etat islamique, op\u00e8re dans l\u2019Est de la RDC depuis pr\u00e8s d\u2019un quart de si\u00e8cle. Elle est responsable de nombreux massacres de civils depuis 2014 dans les territoires de Beni, Lubero et dans la province de l\u2019Ituri, plus au nord-est de la RDC. Mais depuis 2019, Musa Baluku se pavane en RDC et multiplie des massacres contre des civils congolais qu\u2019il accuse d\u2019\u00eatre des \u00ab infid\u00e8les \u00bb. Dans le communiqu\u00e9 annon\u00e7ant ces sanctions en 2019, Washington accusait les ADF de commettre de graves violations des droits de l\u2019homme, dont l&rsquo;enl\u00e8vement et l\u2019utilisation d\u2019enfants soldats.<\/p>\n\n\n\n<p><strong>Il faut viser le porte-monnaie du Rwanda<\/strong><\/p>\n\n\n\n<p>Il est vrai que le peuple rwandais ne d\u00e9cide pas de la politique violente que m\u00e8ne le pr\u00e9sident Paul Kagame dans la r\u00e9gion, mais il est d\u00e9montr\u00e9 qu\u2019une fois que le porte-monnaie du Rwanda est vis\u00e9, Kigali a toujours recul\u00e9. James Kabarebe, qui a caus\u00e9 autant de tort \u00e0 la RDC depuis 1997-1998, ne va pas changer d\u2019attitude parce qu\u2019il est sanctionn\u00e9 par le Tr\u00e9sor am\u00e9ricain. Paul Kagame, son leader, avait d\u00e9j\u00e0 avis\u00e9 l\u2019opinion internationale qu\u2019entre les sanctions contre son r\u00e9gime et lutter contre une menace existentielle, il choisirait le second. Pour l\u2019infl\u00e9chir, il faudrait passer par des sanctions contre son \u00c9tat, en visant des secteurs comme la d\u00e9fense. Sous Barack Obama, Washington avait coup\u00e9 l\u2019aide militaire au Rwanda en 2013. Berlin et Londres avaient fait pareil. Ce qui avait pouss\u00e9 Kigali \u00e0 cesser son soutien au M23 et le mouvement avait fini par \u00eatre vaincu militairement par les Forces arm\u00e9es de la R\u00e9publique d\u00e9mocratique du Congo (FARDC), aid\u00e9es par une Brigade d\u2019intervention de l\u2019ONU (FIB).<\/p>\n\n\n\n<p>Actuellement, l\u2019Occident continue de m\u00e9nager Kigali, m\u00eame si des condamnations verbales existent. Par exemple, la France a laiss\u00e9 la libert\u00e9 sur son territoire qu\u2019un rebelle puisse \u00e9riger un cabinet de conseil minier alors que Lawrence Kanyuka et le M23 contr\u00f4lent des mines dans l\u2019Est de la RDC, notamment la mine de coltan de Rubaya. Ce cabinet, baptis\u00e9 \u00ab Kingston Holding \u00bb, fonctionne depuis 2017 sur l\u2019une des art\u00e8res les plus ch\u00e8res de la capitale fran\u00e7aise, rue Saint-Honor\u00e9. Cela d\u00e9montre le laxisme de Paris vis-\u00e0-vis de la r\u00e9bellion du M23 et de Kigali, son parrain direct. Si la communaut\u00e9 internationale campe uniquement sur des sanctions individuelles, cela n\u2019apportera pas l\u2019effet escompt\u00e9 sur le terrain.<\/p>\n\n\n\n<p class=\"has-text-align-right\"><strong>Heshima<\/strong><\/p>\n","protected":false},"excerpt":{"rendered":"<p>Les \u00c9tats-Unis ont sanctionn\u00e9, jeudi 20 f\u00e9vrier, le ministre d\u2019\u00c9tat rwandais de l\u2019Int\u00e9gration r\u00e9gionale, James Kabarebe, mais aussi le porte-parole du Mouvement du 23 mars (M23), Lawrence Kanyuka, pour leur r\u00f4le dans la d\u00e9stabilisation de la R\u00e9publique d\u00e9mocratique du Congo (RDC) par la guerre d&rsquo;agression men\u00e9e par Kigali et ce groupe rebelle sur le sol [&hellip;]<\/p>\n","protected":false},"author":1,"featured_media":4941,"comment_status":"closed","ping_status":"closed","sticky":false,"template":"","format":"standard","meta":{"footnotes":""},"categories":[172],"tags":[],"class_list":["post-4940","post","type-post","status-publish","format-standard","has-post-thumbnail","hentry","category-international"],"yoast_head":"<!-- This site is optimized with the Yoast SEO plugin v23.3 - https:\/\/yoast.com\/wordpress\/plugins\/seo\/ -->\n<title>Conflits en RDC : des sanctions individuelles et leur inefficacit\u00e9 - HESHIMA MAGAZINE<\/title>\n<meta name=\"robots\" content=\"index, follow, max-snippet:-1, max-image-preview:large, max-video-preview:-1\" \/>\n<link rel=\"canonical\" href=\"https:\/\/heshimardc.net\/v1\/2025\/02\/21\/conflits-en-rdc-des-sanctions-individuelles-et-leur-inefficacite\/\" \/>\n<meta property=\"og:locale\" content=\"fr_FR\" \/>\n<meta property=\"og:type\" content=\"article\" \/>\n<meta property=\"og:title\" content=\"Conflits en RDC : des sanctions individuelles et leur inefficacit\u00e9 - HESHIMA MAGAZINE\" \/>\n<meta property=\"og:description\" content=\"Les \u00c9tats-Unis ont sanctionn\u00e9, jeudi 20 f\u00e9vrier, le ministre d\u2019\u00c9tat rwandais de l\u2019Int\u00e9gration r\u00e9gionale, James Kabarebe, mais aussi le porte-parole du Mouvement du 23 mars (M23), Lawrence Kanyuka, pour leur r\u00f4le dans la d\u00e9stabilisation de la R\u00e9publique d\u00e9mocratique du Congo (RDC) par la guerre d&rsquo;agression men\u00e9e par Kigali et ce groupe rebelle sur le sol [&hellip;]\" \/>\n<meta property=\"og:url\" content=\"https:\/\/heshimardc.net\/v1\/2025\/02\/21\/conflits-en-rdc-des-sanctions-individuelles-et-leur-inefficacite\/\" \/>\n<meta property=\"og:site_name\" content=\"HESHIMA MAGAZINE\" \/>\n<meta property=\"article:publisher\" content=\"https:\/\/www.facebook.com\/heshimamagazine\" \/>\n<meta property=\"article:published_time\" content=\"2025-02-21T11:44:31+00:00\" \/>\n<meta property=\"article:modified_time\" content=\"2025-02-21T11:44:33+00:00\" \/>\n<meta property=\"og:image\" content=\"https:\/\/heshimardc.net\/v1\/wp-content\/uploads\/2025\/02\/James-Kabarebe.jpg\" \/>\n\t<meta property=\"og:image:width\" content=\"1220\" \/>\n\t<meta property=\"og:image:height\" content=\"827\" \/>\n\t<meta property=\"og:image:type\" content=\"image\/jpeg\" \/>\n<meta name=\"author\" content=\"La redaction\" \/>\n<meta name=\"twitter:card\" content=\"summary_large_image\" \/>\n<meta name=\"twitter:creator\" content=\"@HeshimaMag\" \/>\n<meta name=\"twitter:site\" content=\"@HeshimaMag\" \/>\n<meta name=\"twitter:label1\" content=\"\u00c9crit par\" \/>\n\t<meta name=\"twitter:data1\" content=\"La redaction\" \/>\n\t<meta name=\"twitter:label2\" content=\"Dur\u00e9e de lecture estim\u00e9e\" \/>\n\t<meta name=\"twitter:data2\" content=\"6 minutes\" \/>\n<script type=\"application\/ld+json\" class=\"yoast-schema-graph\">{\"@context\":\"https:\/\/schema.org\",\"@graph\":[{\"@type\":\"Article\",\"@id\":\"https:\/\/heshimardc.net\/v1\/2025\/02\/21\/conflits-en-rdc-des-sanctions-individuelles-et-leur-inefficacite\/#article\",\"isPartOf\":{\"@id\":\"https:\/\/heshimardc.net\/v1\/2025\/02\/21\/conflits-en-rdc-des-sanctions-individuelles-et-leur-inefficacite\/\"},\"author\":{\"name\":\"La redaction\",\"@id\":\"https:\/\/heshimardc.net\/v1\/#\/schema\/person\/7188c0b9e770a370943576373b325f91\"},\"headline\":\"Conflits en RDC : des sanctions individuelles et leur inefficacit\u00e9\",\"datePublished\":\"2025-02-21T11:44:31+00:00\",\"dateModified\":\"2025-02-21T11:44:33+00:00\",\"mainEntityOfPage\":{\"@id\":\"https:\/\/heshimardc.net\/v1\/2025\/02\/21\/conflits-en-rdc-des-sanctions-individuelles-et-leur-inefficacite\/\"},\"wordCount\":1077,\"publisher\":{\"@id\":\"https:\/\/heshimardc.net\/v1\/#organization\"},\"image\":{\"@id\":\"https:\/\/heshimardc.net\/v1\/2025\/02\/21\/conflits-en-rdc-des-sanctions-individuelles-et-leur-inefficacite\/#primaryimage\"},\"thumbnailUrl\":\"https:\/\/heshimardc.net\/v1\/wp-content\/uploads\/2025\/02\/James-Kabarebe.jpg\",\"articleSection\":[\"International\"],\"inLanguage\":\"fr-FR\"},{\"@type\":\"WebPage\",\"@id\":\"https:\/\/heshimardc.net\/v1\/2025\/02\/21\/conflits-en-rdc-des-sanctions-individuelles-et-leur-inefficacite\/\",\"url\":\"https:\/\/heshimardc.net\/v1\/2025\/02\/21\/conflits-en-rdc-des-sanctions-individuelles-et-leur-inefficacite\/\",\"name\":\"Conflits en RDC : des sanctions individuelles et leur inefficacit\u00e9 - HESHIMA MAGAZINE\",\"isPartOf\":{\"@id\":\"https:\/\/heshimardc.net\/v1\/#website\"},\"primaryImageOfPage\":{\"@id\":\"https:\/\/heshimardc.net\/v1\/2025\/02\/21\/conflits-en-rdc-des-sanctions-individuelles-et-leur-inefficacite\/#primaryimage\"},\"image\":{\"@id\":\"https:\/\/heshimardc.net\/v1\/2025\/02\/21\/conflits-en-rdc-des-sanctions-individuelles-et-leur-inefficacite\/#primaryimage\"},\"thumbnailUrl\":\"https:\/\/heshimardc.net\/v1\/wp-content\/uploads\/2025\/02\/James-Kabarebe.jpg\",\"datePublished\":\"2025-02-21T11:44:31+00:00\",\"dateModified\":\"2025-02-21T11:44:33+00:00\",\"breadcrumb\":{\"@id\":\"https:\/\/heshimardc.net\/v1\/2025\/02\/21\/conflits-en-rdc-des-sanctions-individuelles-et-leur-inefficacite\/#breadcrumb\"},\"inLanguage\":\"fr-FR\",\"potentialAction\":[{\"@type\":\"ReadAction\",\"target\":[\"https:\/\/heshimardc.net\/v1\/2025\/02\/21\/conflits-en-rdc-des-sanctions-individuelles-et-leur-inefficacite\/\"]}]},{\"@type\":\"ImageObject\",\"inLanguage\":\"fr-FR\",\"@id\":\"https:\/\/heshimardc.net\/v1\/2025\/02\/21\/conflits-en-rdc-des-sanctions-individuelles-et-leur-inefficacite\/#primaryimage\",\"url\":\"https:\/\/heshimardc.net\/v1\/wp-content\/uploads\/2025\/02\/James-Kabarebe.jpg\",\"contentUrl\":\"https:\/\/heshimardc.net\/v1\/wp-content\/uploads\/2025\/02\/James-Kabarebe.jpg\",\"width\":1220,\"height\":827},{\"@type\":\"BreadcrumbList\",\"@id\":\"https:\/\/heshimardc.net\/v1\/2025\/02\/21\/conflits-en-rdc-des-sanctions-individuelles-et-leur-inefficacite\/#breadcrumb\",\"itemListElement\":[{\"@type\":\"ListItem\",\"position\":1,\"name\":\"Accueil\",\"item\":\"https:\/\/heshimardc.net\/v1\/\"},{\"@type\":\"ListItem\",\"position\":2,\"name\":\"Conflits en RDC : des sanctions individuelles et leur inefficacit\u00e9\"}]},{\"@type\":\"WebSite\",\"@id\":\"https:\/\/heshimardc.net\/v1\/#website\",\"url\":\"https:\/\/heshimardc.net\/v1\/\",\"name\":\"HESHIMA MAGAZINE\",\"description\":\"Le magazine Congolais qui bat au rythme de l&#039;actualit\u00e9\",\"publisher\":{\"@id\":\"https:\/\/heshimardc.net\/v1\/#organization\"},\"potentialAction\":[{\"@type\":\"SearchAction\",\"target\":{\"@type\":\"EntryPoint\",\"urlTemplate\":\"https:\/\/heshimardc.net\/v1\/?s={search_term_string}\"},\"query-input\":\"required name=search_term_string\"}],\"inLanguage\":\"fr-FR\"},{\"@type\":\"Organization\",\"@id\":\"https:\/\/heshimardc.net\/v1\/#organization\",\"name\":\"HESHIMA MAGAZINE\",\"url\":\"https:\/\/heshimardc.net\/v1\/\",\"logo\":{\"@type\":\"ImageObject\",\"inLanguage\":\"fr-FR\",\"@id\":\"https:\/\/heshimardc.net\/v1\/#\/schema\/logo\/image\/\",\"url\":\"https:\/\/heshimardc.net\/v1\/wp-content\/uploads\/2020\/09\/logo.png\",\"contentUrl\":\"https:\/\/heshimardc.net\/v1\/wp-content\/uploads\/2020\/09\/logo.png\",\"width\":99,\"height\":130,\"caption\":\"HESHIMA MAGAZINE\"},\"image\":{\"@id\":\"https:\/\/heshimardc.net\/v1\/#\/schema\/logo\/image\/\"},\"sameAs\":[\"https:\/\/www.facebook.com\/heshimamagazine\",\"https:\/\/x.com\/HeshimaMag\"]},{\"@type\":\"Person\",\"@id\":\"https:\/\/heshimardc.net\/v1\/#\/schema\/person\/7188c0b9e770a370943576373b325f91\",\"name\":\"La redaction\",\"image\":{\"@type\":\"ImageObject\",\"inLanguage\":\"fr-FR\",\"@id\":\"https:\/\/heshimardc.net\/v1\/#\/schema\/person\/image\/\",\"url\":\"https:\/\/secure.gravatar.com\/avatar\/b53b1a4a434346e76d3ea6c9ecf19fc8?s=96&d=mm&r=g\",\"contentUrl\":\"https:\/\/secure.gravatar.com\/avatar\/b53b1a4a434346e76d3ea6c9ecf19fc8?s=96&d=mm&r=g\",\"caption\":\"La redaction\"},\"sameAs\":[\"https:\/\/heshimardc.net\/v1\",\"La redaction\"],\"url\":\"https:\/\/heshimardc.net\/v1\/author\/la-redaction\/\"}]}<\/script>\n<!-- \/ Yoast SEO plugin. -->","yoast_head_json":{"title":"Conflits en RDC : des sanctions individuelles et leur inefficacit\u00e9 - HESHIMA MAGAZINE","robots":{"index":"index","follow":"follow","max-snippet":"max-snippet:-1","max-image-preview":"max-image-preview:large","max-video-preview":"max-video-preview:-1"},"canonical":"https:\/\/heshimardc.net\/v1\/2025\/02\/21\/conflits-en-rdc-des-sanctions-individuelles-et-leur-inefficacite\/","og_locale":"fr_FR","og_type":"article","og_title":"Conflits en RDC : des sanctions individuelles et leur inefficacit\u00e9 - HESHIMA MAGAZINE","og_description":"Les \u00c9tats-Unis ont sanctionn\u00e9, jeudi 20 f\u00e9vrier, le ministre d\u2019\u00c9tat rwandais de l\u2019Int\u00e9gration r\u00e9gionale, James Kabarebe, mais aussi le porte-parole du Mouvement du 23 mars (M23), Lawrence Kanyuka, pour leur r\u00f4le dans la d\u00e9stabilisation de la R\u00e9publique d\u00e9mocratique du Congo (RDC) par la guerre d&rsquo;agression men\u00e9e par Kigali et ce groupe rebelle sur le sol [&hellip;]","og_url":"https:\/\/heshimardc.net\/v1\/2025\/02\/21\/conflits-en-rdc-des-sanctions-individuelles-et-leur-inefficacite\/","og_site_name":"HESHIMA MAGAZINE","article_publisher":"https:\/\/www.facebook.com\/heshimamagazine","article_published_time":"2025-02-21T11:44:31+00:00","article_modified_time":"2025-02-21T11:44:33+00:00","og_image":[{"width":1220,"height":827,"url":"https:\/\/heshimardc.net\/v1\/wp-content\/uploads\/2025\/02\/James-Kabarebe.jpg","type":"image\/jpeg"}],"author":"La redaction","twitter_card":"summary_large_image","twitter_creator":"@HeshimaMag","twitter_site":"@HeshimaMag","twitter_misc":{"\u00c9crit par":"La redaction","Dur\u00e9e de lecture estim\u00e9e":"6 minutes"},"schema":{"@context":"https:\/\/schema.org","@graph":[{"@type":"Article","@id":"https:\/\/heshimardc.net\/v1\/2025\/02\/21\/conflits-en-rdc-des-sanctions-individuelles-et-leur-inefficacite\/#article","isPartOf":{"@id":"https:\/\/heshimardc.net\/v1\/2025\/02\/21\/conflits-en-rdc-des-sanctions-individuelles-et-leur-inefficacite\/"},"author":{"name":"La redaction","@id":"https:\/\/heshimardc.net\/v1\/#\/schema\/person\/7188c0b9e770a370943576373b325f91"},"headline":"Conflits en RDC : des sanctions individuelles et leur inefficacit\u00e9","datePublished":"2025-02-21T11:44:31+00:00","dateModified":"2025-02-21T11:44:33+00:00","mainEntityOfPage":{"@id":"https:\/\/heshimardc.net\/v1\/2025\/02\/21\/conflits-en-rdc-des-sanctions-individuelles-et-leur-inefficacite\/"},"wordCount":1077,"publisher":{"@id":"https:\/\/heshimardc.net\/v1\/#organization"},"image":{"@id":"https:\/\/heshimardc.net\/v1\/2025\/02\/21\/conflits-en-rdc-des-sanctions-individuelles-et-leur-inefficacite\/#primaryimage"},"thumbnailUrl":"https:\/\/heshimardc.net\/v1\/wp-content\/uploads\/2025\/02\/James-Kabarebe.jpg","articleSection":["International"],"inLanguage":"fr-FR"},{"@type":"WebPage","@id":"https:\/\/heshimardc.net\/v1\/2025\/02\/21\/conflits-en-rdc-des-sanctions-individuelles-et-leur-inefficacite\/","url":"https:\/\/heshimardc.net\/v1\/2025\/02\/21\/conflits-en-rdc-des-sanctions-individuelles-et-leur-inefficacite\/","name":"Conflits en RDC : des sanctions individuelles et leur inefficacit\u00e9 - HESHIMA MAGAZINE","isPartOf":{"@id":"https:\/\/heshimardc.net\/v1\/#website"},"primaryImageOfPage":{"@id":"https:\/\/heshimardc.net\/v1\/2025\/02\/21\/conflits-en-rdc-des-sanctions-individuelles-et-leur-inefficacite\/#primaryimage"},"image":{"@id":"https:\/\/heshimardc.net\/v1\/2025\/02\/21\/conflits-en-rdc-des-sanctions-individuelles-et-leur-inefficacite\/#primaryimage"},"thumbnailUrl":"https:\/\/heshimardc.net\/v1\/wp-content\/uploads\/2025\/02\/James-Kabarebe.jpg","datePublished":"2025-02-21T11:44:31+00:00","dateModified":"2025-02-21T11:44:33+00:00","breadcrumb":{"@id":"https:\/\/heshimardc.net\/v1\/2025\/02\/21\/conflits-en-rdc-des-sanctions-individuelles-et-leur-inefficacite\/#breadcrumb"},"inLanguage":"fr-FR","potentialAction":[{"@type":"ReadAction","target":["https:\/\/heshimardc.net\/v1\/2025\/02\/21\/conflits-en-rdc-des-sanctions-individuelles-et-leur-inefficacite\/"]}]},{"@type":"ImageObject","inLanguage":"fr-FR","@id":"https:\/\/heshimardc.net\/v1\/2025\/02\/21\/conflits-en-rdc-des-sanctions-individuelles-et-leur-inefficacite\/#primaryimage","url":"https:\/\/heshimardc.net\/v1\/wp-content\/uploads\/2025\/02\/James-Kabarebe.jpg","contentUrl":"https:\/\/heshimardc.net\/v1\/wp-content\/uploads\/2025\/02\/James-Kabarebe.jpg","width":1220,"height":827},{"@type":"BreadcrumbList","@id":"https:\/\/heshimardc.net\/v1\/2025\/02\/21\/conflits-en-rdc-des-sanctions-individuelles-et-leur-inefficacite\/#breadcrumb","itemListElement":[{"@type":"ListItem","position":1,"name":"Accueil","item":"https:\/\/heshimardc.net\/v1\/"},{"@type":"ListItem","position":2,"name":"Conflits en RDC : des sanctions individuelles et leur inefficacit\u00e9"}]},{"@type":"WebSite","@id":"https:\/\/heshimardc.net\/v1\/#website","url":"https:\/\/heshimardc.net\/v1\/","name":"HESHIMA MAGAZINE","description":"Le magazine Congolais qui bat au rythme de l&#039;actualit\u00e9","publisher":{"@id":"https:\/\/heshimardc.net\/v1\/#organization"},"potentialAction":[{"@type":"SearchAction","target":{"@type":"EntryPoint","urlTemplate":"https:\/\/heshimardc.net\/v1\/?s={search_term_string}"},"query-input":"required name=search_term_string"}],"inLanguage":"fr-FR"},{"@type":"Organization","@id":"https:\/\/heshimardc.net\/v1\/#organization","name":"HESHIMA MAGAZINE","url":"https:\/\/heshimardc.net\/v1\/","logo":{"@type":"ImageObject","inLanguage":"fr-FR","@id":"https:\/\/heshimardc.net\/v1\/#\/schema\/logo\/image\/","url":"https:\/\/heshimardc.net\/v1\/wp-content\/uploads\/2020\/09\/logo.png","contentUrl":"https:\/\/heshimardc.net\/v1\/wp-content\/uploads\/2020\/09\/logo.png","width":99,"height":130,"caption":"HESHIMA MAGAZINE"},"image":{"@id":"https:\/\/heshimardc.net\/v1\/#\/schema\/logo\/image\/"},"sameAs":["https:\/\/www.facebook.com\/heshimamagazine","https:\/\/x.com\/HeshimaMag"]},{"@type":"Person","@id":"https:\/\/heshimardc.net\/v1\/#\/schema\/person\/7188c0b9e770a370943576373b325f91","name":"La redaction","image":{"@type":"ImageObject","inLanguage":"fr-FR","@id":"https:\/\/heshimardc.net\/v1\/#\/schema\/person\/image\/","url":"https:\/\/secure.gravatar.com\/avatar\/b53b1a4a434346e76d3ea6c9ecf19fc8?s=96&d=mm&r=g","contentUrl":"https:\/\/secure.gravatar.com\/avatar\/b53b1a4a434346e76d3ea6c9ecf19fc8?s=96&d=mm&r=g","caption":"La redaction"},"sameAs":["https:\/\/heshimardc.net\/v1","La redaction"],"url":"https:\/\/heshimardc.net\/v1\/author\/la-redaction\/"}]}},"amp_enabled":true,"_links":{"self":[{"href":"https:\/\/heshimardc.net\/v1\/wp-json\/wp\/v2\/posts\/4940"}],"collection":[{"href":"https:\/\/heshimardc.net\/v1\/wp-json\/wp\/v2\/posts"}],"about":[{"href":"https:\/\/heshimardc.net\/v1\/wp-json\/wp\/v2\/types\/post"}],"author":[{"embeddable":true,"href":"https:\/\/heshimardc.net\/v1\/wp-json\/wp\/v2\/users\/1"}],"replies":[{"embeddable":true,"href":"https:\/\/heshimardc.net\/v1\/wp-json\/wp\/v2\/comments?post=4940"}],"version-history":[{"count":1,"href":"https:\/\/heshimardc.net\/v1\/wp-json\/wp\/v2\/posts\/4940\/revisions"}],"predecessor-version":[{"id":4942,"href":"https:\/\/heshimardc.net\/v1\/wp-json\/wp\/v2\/posts\/4940\/revisions\/4942"}],"wp:featuredmedia":[{"embeddable":true,"href":"https:\/\/heshimardc.net\/v1\/wp-json\/wp\/v2\/media\/4941"}],"wp:attachment":[{"href":"https:\/\/heshimardc.net\/v1\/wp-json\/wp\/v2\/media?parent=4940"}],"wp:term":[{"taxonomy":"category","embeddable":true,"href":"https:\/\/heshimardc.net\/v1\/wp-json\/wp\/v2\/categories?post=4940"},{"taxonomy":"post_tag","embeddable":true,"href":"https:\/\/heshimardc.net\/v1\/wp-json\/wp\/v2\/tags?post=4940"}],"curies":[{"name":"wp","href":"https:\/\/api.w.org\/{rel}","templated":true}]}}