{"id":4967,"date":"2025-02-15T14:08:30","date_gmt":"2025-02-15T14:08:30","guid":{"rendered":"https:\/\/heshimardc.net\/v1\/?p=4967"},"modified":"2025-02-27T12:09:15","modified_gmt":"2025-02-27T12:09:15","slug":"sports-un-levier-de-la-politique-etrangere-de-felix-tshisekedi","status":"publish","type":"post","link":"https:\/\/heshimardc.net\/v1\/2025\/02\/15\/sports-un-levier-de-la-politique-etrangere-de-felix-tshisekedi\/","title":{"rendered":"Sports :\u00a0un levier de la politique \u00e9trang\u00e8re de F\u00e9lix Tshisekedi ?"},"content":{"rendered":"\n<p><strong>Si la Conf\u00e9d\u00e9ration africaine de football (CAF) retient la candidature de la RD Congo pour la co-organisation de la Coupe d\u2019Afrique des nations (CAN) 2029 avec le Congo-Brazzaville, ce serait un point gagn\u00e9 pour F\u00e9lix Tshisekedi, qui est d\u00e9termin\u00e9, dans sa politique \u00e9trang\u00e8re, \u00e0 redorer l\u2019image du pays \u00e0 travers le sport.\u00a0<\/strong><\/p>\n\n\n\n<p>C\u2019est en cette ann\u00e9e 2025 que le Comit\u00e9 ex\u00e9cutif de la CAF d\u00e9signera les pays qui accueilliront les phases finales des Coupes d\u2019Afrique des nations (CAN) 2029 et 2031. Le gouvernement congolais, dont la candidature conjointe avec le Congo-Brazzaville avait \u00e9t\u00e9 avanc\u00e9e en 2024, attend l\u2019ouverture officielle du processus d\u2019appel \u00e0 candidatures que la CAF lancera pour soumettre sa proposition. Didier Budimbu, ministre congolais du Sport, en avait d\u00e9j\u00e0 discut\u00e9 avec son homologue du Congo-Brazzaville, Hugues Ngou\u00e9lond\u00e9l\u00e9, et l\u2019avait confirm\u00e9 en novembre dernier.&nbsp;<\/p>\n\n\n\n<p>L\u2019organisation commune de cette prestigieuse comp\u00e9tition continentale viendrait certainement consolider les autres actions sportives entreprises par la RDC et attirerait les regards d\u2019autres nations sur Kinshasa. F\u00e9lix Tshisekedi, qui souhaite faire du football un outil de son soft power, s\u2019en f\u00e9licitera s\u00fbrement si la candidature commune de deux Congo est retenue.&nbsp;<\/p>\n\n\n\n<p>En f\u00e9vrier 2024, le pr\u00e9sident congolais annon\u00e7ait d\u00e9j\u00e0 que son \u00e9quipe r\u00e9fl\u00e9chissait \u00e0 la possibilit\u00e9 de postuler pour l\u2019organisation de cette comp\u00e9tition en 2029. \u00ab J\u2019ambitionne de d\u00e9poser la candidature de la RDC pour l\u2019organisation de la CAN 2029 en terre congolaise \u00bb, avait-il d\u00e9clar\u00e9.&nbsp;<\/p>\n\n\n\n<p>Deux pays qui n\u2019ont jamais organis\u00e9 la CAN, mais qui l\u2019ont d\u00e9j\u00e0 remport\u00e9e, la R\u00e9publique du Congo et la R\u00e9publique d\u00e9mocratique du Congo, souhaitent combler le vide laiss\u00e9 par la non-organisation de cette grande comp\u00e9tition que la CAF organise depuis 1957. &nbsp;<\/p>\n\n\n\n<p><strong>Briller par le sport que par le cobalt<\/strong><\/p>\n\n\n\n<p>D\u00e9termin\u00e9 \u00e0 faire du sport un levier de sa politique \u00e9trang\u00e8re, le pr\u00e9sident congolais et son gouvernement ne cessent de multiplier les partenariats sportifs dans le but de placer la RDC sur la sc\u00e8ne internationale. &nbsp;<\/p>\n\n\n\n<p>Dans le cadre de cette diplomatie sportive intense, l\u2019administration Tshisekedi a re\u00e7u l\u2019ancien basketteur international Tony Parker \u00e0 Kinshasa en septembre 2024. Avec cette ancienne gloire de la NBA et l\u00e9gende du basketball fran\u00e7ais, des discussions ont eu lieu sur les infrastructures, le transfert de savoir-faire et mise en place de coachs venus de l\u2019\u00e9tranger.&nbsp;<\/p>\n\n\n\n<p>Toujours en septembre 2024, le pays a annonc\u00e9 la signature d\u2019un contrat de trois ans avec l\u2019AC Milan dans le but de promouvoir le tourisme en RDC. Un autre contrat a \u00e9t\u00e9 sign\u00e9 avec l\u2019Olympique Lyonnais.&nbsp;<\/p>\n\n\n\n<p><strong>L\u2019organisation des\u00a0comp\u00e9titions<\/strong><\/p>\n\n\n\n<p>A l\u2019instar des jeux de la Francophonie de 2023, l\u2019organisation des championnats de boxe et de handball dans la capitale congolaise en 2024 a mis en lumi\u00e8re les prouesses des sportifs congolais au niveau africain et la capacit\u00e9 de la RDC \u00e0 organiser des comp\u00e9titions de grande envergure.&nbsp; Ainsi, du 27 novembre au 7 d\u00e9cembre 2024, le pays a accueilli la 26\u00e8me \u00e9dition du Championnat d\u2019Afrique f\u00e9minin de handball, apr\u00e8s avoir brillamment organis\u00e9 la 21\u00e8me \u00e9dition des Championnats d\u2019Afrique de boxe amateur, qui s\u2019est tenue au gymnase jumel\u00e9 du stade des Martyrs de Kinshasa, du 18 au 27 octobre 2024. Plus de 25 pays ont pris part \u00e0 l\u2019\u00e9v\u00e8nement et, en tant que 2\u00e8me au classement g\u00e9n\u00e9ral, les boxeurs congolais ont remport\u00e9 21 m\u00e9dailles, dont 9 en or.&nbsp;<\/p>\n\n\n\n<p>Concernant l\u2019organisation des comp\u00e9tions, les IX\u00e8me jeux de la Francophonie avaient constitu\u00e9 une grande vitrine : Kinshasa avait rassembl\u00e9 3500 participants, dont pr\u00e8s de 2000 concurrents, 37 d\u00e9l\u00e9gations et 600 journalistes accr\u00e9dit\u00e9s.&nbsp;<\/p>\n\n\n\n<p><strong>La place du sport dans la politique de Fatshi<\/strong><\/p>\n\n\n\n<p>Passionn\u00e9 du football, F\u00e9lix-Antoine Tshisekedi est souvent pr\u00e9sent au stade lors des matchs des L\u00e9opards. En d\u00e9cembre 2024, il a m\u00eame particip\u00e9 \u00e0 un match de la paix, organis\u00e9 en faveur des victimes de la guerre dans l\u2019Est du pays, o\u00f9 il jouait en tant que gardien de but.&nbsp;<\/p>\n\n\n\n<p>Dans sa vision sportive, le chef de l\u2019Etat congolais a toujours souhait\u00e9 inscrire la RDC sur la liste des pays capables d\u2019organiser des comp\u00e9titions sportives majeures. Non seulement des investissements cons\u00e9quents sont r\u00e9alis\u00e9s, mais le pays manifeste \u00e9galement une forte volont\u00e9 d\u2019organiser ces comp\u00e9titions. La r\u00e9habilitation du stade Tata Rapha\u00ebl et la construction de Kinshasa Arena, d\u2019une capacit\u00e9 de 20 000 places, dont les travaux ont \u00e9t\u00e9 lanc\u00e9s en octobre 2023, en sont des exemples concrets.<\/p>\n\n\n\n<p>En 2022, F\u00e9lix Tshisekedi avait recommand\u00e9 la tenue des \u00e9tats g\u00e9n\u00e9raux du sport pour doter le pays d\u2019une v\u00e9ritable strat\u00e9gie nationale, \u00e0 partir de laquelle les f\u00e9d\u00e9rations pourront d\u00e9velopper des politiques structurelles.\u00a0 Dans le discours sur l\u2019\u00e9tat de la nation, qu\u2019il a prononc\u00e9 le 11 d\u00e9cembre 2024, il a soulign\u00e9 que le sport occupe une place essentielle puisqu\u2019il contribue \u00e0 l\u2019\u00e9panouissement des citoyens et la valorisation des richesses du pays.<\/p>\n\n\n\n<p class=\"has-text-align-right\"><strong>Hubert MWIPATAYI<\/strong><\/p>\n\n\n\n<p><\/p>\n\n\n\n<p><\/p>\n","protected":false},"excerpt":{"rendered":"<p>Si la Conf\u00e9d\u00e9ration africaine de football (CAF) retient la candidature de la RD Congo pour la co-organisation de la Coupe d\u2019Afrique des nations (CAN) 2029 avec le Congo-Brazzaville, ce serait un point gagn\u00e9 pour F\u00e9lix Tshisekedi, qui est d\u00e9termin\u00e9, dans sa politique \u00e9trang\u00e8re, \u00e0 redorer l\u2019image du pays \u00e0 travers le sport.\u00a0 C\u2019est en cette [&hellip;]<\/p>\n","protected":false},"author":1,"featured_media":4968,"comment_status":"closed","ping_status":"closed","sticky":false,"template":"","format":"standard","meta":{"footnotes":""},"categories":[3],"tags":[],"class_list":["post-4967","post","type-post","status-publish","format-standard","has-post-thumbnail","hentry","category-nation"],"yoast_head":"<!-- This site is optimized with the Yoast SEO plugin v23.3 - https:\/\/yoast.com\/wordpress\/plugins\/seo\/ -->\n<title>Sports :\u00a0un levier de la politique \u00e9trang\u00e8re de F\u00e9lix Tshisekedi ? - HESHIMA MAGAZINE<\/title>\n<meta name=\"robots\" content=\"index, follow, max-snippet:-1, max-image-preview:large, max-video-preview:-1\" \/>\n<link rel=\"canonical\" href=\"https:\/\/heshimardc.net\/v1\/2025\/02\/15\/sports-un-levier-de-la-politique-etrangere-de-felix-tshisekedi\/\" \/>\n<meta property=\"og:locale\" content=\"fr_FR\" \/>\n<meta property=\"og:type\" content=\"article\" \/>\n<meta property=\"og:title\" content=\"Sports :\u00a0un levier de la politique \u00e9trang\u00e8re de F\u00e9lix Tshisekedi ? - HESHIMA MAGAZINE\" \/>\n<meta property=\"og:description\" content=\"Si la Conf\u00e9d\u00e9ration africaine de football (CAF) retient la candidature de la RD Congo pour la co-organisation de la Coupe d\u2019Afrique des nations (CAN) 2029 avec le Congo-Brazzaville, ce serait un point gagn\u00e9 pour F\u00e9lix Tshisekedi, qui est d\u00e9termin\u00e9, dans sa politique \u00e9trang\u00e8re, \u00e0 redorer l\u2019image du pays \u00e0 travers le sport.\u00a0 C\u2019est en cette [&hellip;]\" \/>\n<meta property=\"og:url\" content=\"https:\/\/heshimardc.net\/v1\/2025\/02\/15\/sports-un-levier-de-la-politique-etrangere-de-felix-tshisekedi\/\" \/>\n<meta property=\"og:site_name\" content=\"HESHIMA MAGAZINE\" \/>\n<meta property=\"article:publisher\" content=\"https:\/\/www.facebook.com\/heshimamagazine\" \/>\n<meta property=\"article:published_time\" content=\"2025-02-15T14:08:30+00:00\" \/>\n<meta property=\"article:modified_time\" content=\"2025-02-27T12:09:15+00:00\" \/>\n<meta property=\"og:image\" content=\"https:\/\/heshimardc.net\/v1\/wp-content\/uploads\/2025\/02\/1700124033-2-copie.jpg\" \/>\n\t<meta property=\"og:image:width\" content=\"720\" \/>\n\t<meta property=\"og:image:height\" content=\"501\" \/>\n\t<meta property=\"og:image:type\" content=\"image\/jpeg\" \/>\n<meta name=\"author\" content=\"La redaction\" \/>\n<meta name=\"twitter:card\" content=\"summary_large_image\" \/>\n<meta name=\"twitter:creator\" content=\"@HeshimaMag\" \/>\n<meta name=\"twitter:site\" content=\"@HeshimaMag\" \/>\n<meta name=\"twitter:label1\" content=\"\u00c9crit par\" \/>\n\t<meta name=\"twitter:data1\" content=\"La redaction\" \/>\n\t<meta name=\"twitter:label2\" content=\"Dur\u00e9e de lecture estim\u00e9e\" \/>\n\t<meta name=\"twitter:data2\" content=\"5 minutes\" \/>\n<script type=\"application\/ld+json\" class=\"yoast-schema-graph\">{\"@context\":\"https:\/\/schema.org\",\"@graph\":[{\"@type\":\"Article\",\"@id\":\"https:\/\/heshimardc.net\/v1\/2025\/02\/15\/sports-un-levier-de-la-politique-etrangere-de-felix-tshisekedi\/#article\",\"isPartOf\":{\"@id\":\"https:\/\/heshimardc.net\/v1\/2025\/02\/15\/sports-un-levier-de-la-politique-etrangere-de-felix-tshisekedi\/\"},\"author\":{\"name\":\"La redaction\",\"@id\":\"https:\/\/heshimardc.net\/v1\/#\/schema\/person\/7188c0b9e770a370943576373b325f91\"},\"headline\":\"Sports :\u00a0un levier de la politique \u00e9trang\u00e8re de F\u00e9lix Tshisekedi ?\",\"datePublished\":\"2025-02-15T14:08:30+00:00\",\"dateModified\":\"2025-02-27T12:09:15+00:00\",\"mainEntityOfPage\":{\"@id\":\"https:\/\/heshimardc.net\/v1\/2025\/02\/15\/sports-un-levier-de-la-politique-etrangere-de-felix-tshisekedi\/\"},\"wordCount\":867,\"publisher\":{\"@id\":\"https:\/\/heshimardc.net\/v1\/#organization\"},\"image\":{\"@id\":\"https:\/\/heshimardc.net\/v1\/2025\/02\/15\/sports-un-levier-de-la-politique-etrangere-de-felix-tshisekedi\/#primaryimage\"},\"thumbnailUrl\":\"https:\/\/heshimardc.net\/v1\/wp-content\/uploads\/2025\/02\/1700124033-2-copie.jpg\",\"articleSection\":[\"Nation\"],\"inLanguage\":\"fr-FR\"},{\"@type\":\"WebPage\",\"@id\":\"https:\/\/heshimardc.net\/v1\/2025\/02\/15\/sports-un-levier-de-la-politique-etrangere-de-felix-tshisekedi\/\",\"url\":\"https:\/\/heshimardc.net\/v1\/2025\/02\/15\/sports-un-levier-de-la-politique-etrangere-de-felix-tshisekedi\/\",\"name\":\"Sports :\u00a0un levier de la politique \u00e9trang\u00e8re de F\u00e9lix Tshisekedi ? - HESHIMA MAGAZINE\",\"isPartOf\":{\"@id\":\"https:\/\/heshimardc.net\/v1\/#website\"},\"primaryImageOfPage\":{\"@id\":\"https:\/\/heshimardc.net\/v1\/2025\/02\/15\/sports-un-levier-de-la-politique-etrangere-de-felix-tshisekedi\/#primaryimage\"},\"image\":{\"@id\":\"https:\/\/heshimardc.net\/v1\/2025\/02\/15\/sports-un-levier-de-la-politique-etrangere-de-felix-tshisekedi\/#primaryimage\"},\"thumbnailUrl\":\"https:\/\/heshimardc.net\/v1\/wp-content\/uploads\/2025\/02\/1700124033-2-copie.jpg\",\"datePublished\":\"2025-02-15T14:08:30+00:00\",\"dateModified\":\"2025-02-27T12:09:15+00:00\",\"breadcrumb\":{\"@id\":\"https:\/\/heshimardc.net\/v1\/2025\/02\/15\/sports-un-levier-de-la-politique-etrangere-de-felix-tshisekedi\/#breadcrumb\"},\"inLanguage\":\"fr-FR\",\"potentialAction\":[{\"@type\":\"ReadAction\",\"target\":[\"https:\/\/heshimardc.net\/v1\/2025\/02\/15\/sports-un-levier-de-la-politique-etrangere-de-felix-tshisekedi\/\"]}]},{\"@type\":\"ImageObject\",\"inLanguage\":\"fr-FR\",\"@id\":\"https:\/\/heshimardc.net\/v1\/2025\/02\/15\/sports-un-levier-de-la-politique-etrangere-de-felix-tshisekedi\/#primaryimage\",\"url\":\"https:\/\/heshimardc.net\/v1\/wp-content\/uploads\/2025\/02\/1700124033-2-copie.jpg\",\"contentUrl\":\"https:\/\/heshimardc.net\/v1\/wp-content\/uploads\/2025\/02\/1700124033-2-copie.jpg\",\"width\":720,\"height\":501},{\"@type\":\"BreadcrumbList\",\"@id\":\"https:\/\/heshimardc.net\/v1\/2025\/02\/15\/sports-un-levier-de-la-politique-etrangere-de-felix-tshisekedi\/#breadcrumb\",\"itemListElement\":[{\"@type\":\"ListItem\",\"position\":1,\"name\":\"Accueil\",\"item\":\"https:\/\/heshimardc.net\/v1\/\"},{\"@type\":\"ListItem\",\"position\":2,\"name\":\"Sports :\u00a0un levier de la politique \u00e9trang\u00e8re de F\u00e9lix Tshisekedi ?\"}]},{\"@type\":\"WebSite\",\"@id\":\"https:\/\/heshimardc.net\/v1\/#website\",\"url\":\"https:\/\/heshimardc.net\/v1\/\",\"name\":\"HESHIMA MAGAZINE\",\"description\":\"Le magazine Congolais qui bat au rythme de l&#039;actualit\u00e9\",\"publisher\":{\"@id\":\"https:\/\/heshimardc.net\/v1\/#organization\"},\"potentialAction\":[{\"@type\":\"SearchAction\",\"target\":{\"@type\":\"EntryPoint\",\"urlTemplate\":\"https:\/\/heshimardc.net\/v1\/?s={search_term_string}\"},\"query-input\":\"required name=search_term_string\"}],\"inLanguage\":\"fr-FR\"},{\"@type\":\"Organization\",\"@id\":\"https:\/\/heshimardc.net\/v1\/#organization\",\"name\":\"HESHIMA MAGAZINE\",\"url\":\"https:\/\/heshimardc.net\/v1\/\",\"logo\":{\"@type\":\"ImageObject\",\"inLanguage\":\"fr-FR\",\"@id\":\"https:\/\/heshimardc.net\/v1\/#\/schema\/logo\/image\/\",\"url\":\"https:\/\/heshimardc.net\/v1\/wp-content\/uploads\/2020\/09\/logo.png\",\"contentUrl\":\"https:\/\/heshimardc.net\/v1\/wp-content\/uploads\/2020\/09\/logo.png\",\"width\":99,\"height\":130,\"caption\":\"HESHIMA MAGAZINE\"},\"image\":{\"@id\":\"https:\/\/heshimardc.net\/v1\/#\/schema\/logo\/image\/\"},\"sameAs\":[\"https:\/\/www.facebook.com\/heshimamagazine\",\"https:\/\/x.com\/HeshimaMag\"]},{\"@type\":\"Person\",\"@id\":\"https:\/\/heshimardc.net\/v1\/#\/schema\/person\/7188c0b9e770a370943576373b325f91\",\"name\":\"La redaction\",\"image\":{\"@type\":\"ImageObject\",\"inLanguage\":\"fr-FR\",\"@id\":\"https:\/\/heshimardc.net\/v1\/#\/schema\/person\/image\/\",\"url\":\"https:\/\/secure.gravatar.com\/avatar\/b53b1a4a434346e76d3ea6c9ecf19fc8?s=96&d=mm&r=g\",\"contentUrl\":\"https:\/\/secure.gravatar.com\/avatar\/b53b1a4a434346e76d3ea6c9ecf19fc8?s=96&d=mm&r=g\",\"caption\":\"La redaction\"},\"sameAs\":[\"https:\/\/heshimardc.net\/v1\",\"La redaction\"],\"url\":\"https:\/\/heshimardc.net\/v1\/author\/la-redaction\/\"}]}<\/script>\n<!-- \/ Yoast SEO plugin. -->","yoast_head_json":{"title":"Sports :\u00a0un levier de la politique \u00e9trang\u00e8re de F\u00e9lix Tshisekedi ? - HESHIMA MAGAZINE","robots":{"index":"index","follow":"follow","max-snippet":"max-snippet:-1","max-image-preview":"max-image-preview:large","max-video-preview":"max-video-preview:-1"},"canonical":"https:\/\/heshimardc.net\/v1\/2025\/02\/15\/sports-un-levier-de-la-politique-etrangere-de-felix-tshisekedi\/","og_locale":"fr_FR","og_type":"article","og_title":"Sports :\u00a0un levier de la politique \u00e9trang\u00e8re de F\u00e9lix Tshisekedi ? - HESHIMA MAGAZINE","og_description":"Si la Conf\u00e9d\u00e9ration africaine de football (CAF) retient la candidature de la RD Congo pour la co-organisation de la Coupe d\u2019Afrique des nations (CAN) 2029 avec le Congo-Brazzaville, ce serait un point gagn\u00e9 pour F\u00e9lix Tshisekedi, qui est d\u00e9termin\u00e9, dans sa politique \u00e9trang\u00e8re, \u00e0 redorer l\u2019image du pays \u00e0 travers le sport.\u00a0 C\u2019est en cette [&hellip;]","og_url":"https:\/\/heshimardc.net\/v1\/2025\/02\/15\/sports-un-levier-de-la-politique-etrangere-de-felix-tshisekedi\/","og_site_name":"HESHIMA MAGAZINE","article_publisher":"https:\/\/www.facebook.com\/heshimamagazine","article_published_time":"2025-02-15T14:08:30+00:00","article_modified_time":"2025-02-27T12:09:15+00:00","og_image":[{"width":720,"height":501,"url":"https:\/\/heshimardc.net\/v1\/wp-content\/uploads\/2025\/02\/1700124033-2-copie.jpg","type":"image\/jpeg"}],"author":"La redaction","twitter_card":"summary_large_image","twitter_creator":"@HeshimaMag","twitter_site":"@HeshimaMag","twitter_misc":{"\u00c9crit par":"La redaction","Dur\u00e9e de lecture estim\u00e9e":"5 minutes"},"schema":{"@context":"https:\/\/schema.org","@graph":[{"@type":"Article","@id":"https:\/\/heshimardc.net\/v1\/2025\/02\/15\/sports-un-levier-de-la-politique-etrangere-de-felix-tshisekedi\/#article","isPartOf":{"@id":"https:\/\/heshimardc.net\/v1\/2025\/02\/15\/sports-un-levier-de-la-politique-etrangere-de-felix-tshisekedi\/"},"author":{"name":"La redaction","@id":"https:\/\/heshimardc.net\/v1\/#\/schema\/person\/7188c0b9e770a370943576373b325f91"},"headline":"Sports :\u00a0un levier de la politique \u00e9trang\u00e8re de F\u00e9lix Tshisekedi ?","datePublished":"2025-02-15T14:08:30+00:00","dateModified":"2025-02-27T12:09:15+00:00","mainEntityOfPage":{"@id":"https:\/\/heshimardc.net\/v1\/2025\/02\/15\/sports-un-levier-de-la-politique-etrangere-de-felix-tshisekedi\/"},"wordCount":867,"publisher":{"@id":"https:\/\/heshimardc.net\/v1\/#organization"},"image":{"@id":"https:\/\/heshimardc.net\/v1\/2025\/02\/15\/sports-un-levier-de-la-politique-etrangere-de-felix-tshisekedi\/#primaryimage"},"thumbnailUrl":"https:\/\/heshimardc.net\/v1\/wp-content\/uploads\/2025\/02\/1700124033-2-copie.jpg","articleSection":["Nation"],"inLanguage":"fr-FR"},{"@type":"WebPage","@id":"https:\/\/heshimardc.net\/v1\/2025\/02\/15\/sports-un-levier-de-la-politique-etrangere-de-felix-tshisekedi\/","url":"https:\/\/heshimardc.net\/v1\/2025\/02\/15\/sports-un-levier-de-la-politique-etrangere-de-felix-tshisekedi\/","name":"Sports :\u00a0un levier de la politique \u00e9trang\u00e8re de F\u00e9lix Tshisekedi ? - HESHIMA MAGAZINE","isPartOf":{"@id":"https:\/\/heshimardc.net\/v1\/#website"},"primaryImageOfPage":{"@id":"https:\/\/heshimardc.net\/v1\/2025\/02\/15\/sports-un-levier-de-la-politique-etrangere-de-felix-tshisekedi\/#primaryimage"},"image":{"@id":"https:\/\/heshimardc.net\/v1\/2025\/02\/15\/sports-un-levier-de-la-politique-etrangere-de-felix-tshisekedi\/#primaryimage"},"thumbnailUrl":"https:\/\/heshimardc.net\/v1\/wp-content\/uploads\/2025\/02\/1700124033-2-copie.jpg","datePublished":"2025-02-15T14:08:30+00:00","dateModified":"2025-02-27T12:09:15+00:00","breadcrumb":{"@id":"https:\/\/heshimardc.net\/v1\/2025\/02\/15\/sports-un-levier-de-la-politique-etrangere-de-felix-tshisekedi\/#breadcrumb"},"inLanguage":"fr-FR","potentialAction":[{"@type":"ReadAction","target":["https:\/\/heshimardc.net\/v1\/2025\/02\/15\/sports-un-levier-de-la-politique-etrangere-de-felix-tshisekedi\/"]}]},{"@type":"ImageObject","inLanguage":"fr-FR","@id":"https:\/\/heshimardc.net\/v1\/2025\/02\/15\/sports-un-levier-de-la-politique-etrangere-de-felix-tshisekedi\/#primaryimage","url":"https:\/\/heshimardc.net\/v1\/wp-content\/uploads\/2025\/02\/1700124033-2-copie.jpg","contentUrl":"https:\/\/heshimardc.net\/v1\/wp-content\/uploads\/2025\/02\/1700124033-2-copie.jpg","width":720,"height":501},{"@type":"BreadcrumbList","@id":"https:\/\/heshimardc.net\/v1\/2025\/02\/15\/sports-un-levier-de-la-politique-etrangere-de-felix-tshisekedi\/#breadcrumb","itemListElement":[{"@type":"ListItem","position":1,"name":"Accueil","item":"https:\/\/heshimardc.net\/v1\/"},{"@type":"ListItem","position":2,"name":"Sports :\u00a0un levier de la politique \u00e9trang\u00e8re de F\u00e9lix Tshisekedi ?"}]},{"@type":"WebSite","@id":"https:\/\/heshimardc.net\/v1\/#website","url":"https:\/\/heshimardc.net\/v1\/","name":"HESHIMA MAGAZINE","description":"Le magazine Congolais qui bat au rythme de l&#039;actualit\u00e9","publisher":{"@id":"https:\/\/heshimardc.net\/v1\/#organization"},"potentialAction":[{"@type":"SearchAction","target":{"@type":"EntryPoint","urlTemplate":"https:\/\/heshimardc.net\/v1\/?s={search_term_string}"},"query-input":"required name=search_term_string"}],"inLanguage":"fr-FR"},{"@type":"Organization","@id":"https:\/\/heshimardc.net\/v1\/#organization","name":"HESHIMA MAGAZINE","url":"https:\/\/heshimardc.net\/v1\/","logo":{"@type":"ImageObject","inLanguage":"fr-FR","@id":"https:\/\/heshimardc.net\/v1\/#\/schema\/logo\/image\/","url":"https:\/\/heshimardc.net\/v1\/wp-content\/uploads\/2020\/09\/logo.png","contentUrl":"https:\/\/heshimardc.net\/v1\/wp-content\/uploads\/2020\/09\/logo.png","width":99,"height":130,"caption":"HESHIMA MAGAZINE"},"image":{"@id":"https:\/\/heshimardc.net\/v1\/#\/schema\/logo\/image\/"},"sameAs":["https:\/\/www.facebook.com\/heshimamagazine","https:\/\/x.com\/HeshimaMag"]},{"@type":"Person","@id":"https:\/\/heshimardc.net\/v1\/#\/schema\/person\/7188c0b9e770a370943576373b325f91","name":"La redaction","image":{"@type":"ImageObject","inLanguage":"fr-FR","@id":"https:\/\/heshimardc.net\/v1\/#\/schema\/person\/image\/","url":"https:\/\/secure.gravatar.com\/avatar\/b53b1a4a434346e76d3ea6c9ecf19fc8?s=96&d=mm&r=g","contentUrl":"https:\/\/secure.gravatar.com\/avatar\/b53b1a4a434346e76d3ea6c9ecf19fc8?s=96&d=mm&r=g","caption":"La redaction"},"sameAs":["https:\/\/heshimardc.net\/v1","La redaction"],"url":"https:\/\/heshimardc.net\/v1\/author\/la-redaction\/"}]}},"amp_enabled":true,"_links":{"self":[{"href":"https:\/\/heshimardc.net\/v1\/wp-json\/wp\/v2\/posts\/4967"}],"collection":[{"href":"https:\/\/heshimardc.net\/v1\/wp-json\/wp\/v2\/posts"}],"about":[{"href":"https:\/\/heshimardc.net\/v1\/wp-json\/wp\/v2\/types\/post"}],"author":[{"embeddable":true,"href":"https:\/\/heshimardc.net\/v1\/wp-json\/wp\/v2\/users\/1"}],"replies":[{"embeddable":true,"href":"https:\/\/heshimardc.net\/v1\/wp-json\/wp\/v2\/comments?post=4967"}],"version-history":[{"count":1,"href":"https:\/\/heshimardc.net\/v1\/wp-json\/wp\/v2\/posts\/4967\/revisions"}],"predecessor-version":[{"id":4969,"href":"https:\/\/heshimardc.net\/v1\/wp-json\/wp\/v2\/posts\/4967\/revisions\/4969"}],"wp:featuredmedia":[{"embeddable":true,"href":"https:\/\/heshimardc.net\/v1\/wp-json\/wp\/v2\/media\/4968"}],"wp:attachment":[{"href":"https:\/\/heshimardc.net\/v1\/wp-json\/wp\/v2\/media?parent=4967"}],"wp:term":[{"taxonomy":"category","embeddable":true,"href":"https:\/\/heshimardc.net\/v1\/wp-json\/wp\/v2\/categories?post=4967"},{"taxonomy":"post_tag","embeddable":true,"href":"https:\/\/heshimardc.net\/v1\/wp-json\/wp\/v2\/tags?post=4967"}],"curies":[{"name":"wp","href":"https:\/\/api.w.org\/{rel}","templated":true}]}}