{"id":4970,"date":"2025-02-28T12:12:54","date_gmt":"2025-02-28T12:12:54","guid":{"rendered":"https:\/\/heshimardc.net\/v1\/?p=4970"},"modified":"2025-02-28T12:12:56","modified_gmt":"2025-02-28T12:12:56","slug":"explosion-au-meeting-du-m23-a-bukavu-un-pretexte-pour-violer-le-cessez-le-feu","status":"publish","type":"post","link":"https:\/\/heshimardc.net\/v1\/2025\/02\/28\/explosion-au-meeting-du-m23-a-bukavu-un-pretexte-pour-violer-le-cessez-le-feu\/","title":{"rendered":"Explosion au meeting du M23 \u00e0 Bukavu : un pr\u00e9texte pour violer le cessez-le-feu ?"},"content":{"rendered":"\n<p><strong>Un rassemblement organis\u00e9 par le groupe rebelle M23\/AFC \u00e0 Bukavu, chef-lieu de la province du Sud-Kivu dans l&rsquo;Est de la R\u00e9publique d\u00e9mocratique du Congo (RDC), a \u00e9t\u00e9 marqu\u00e9 par une explosion le 27 f\u00e9vrier 2025. La r\u00e9bellion, qui contr\u00f4le la ville, accuse cependant le gouvernement congolais d\u2019\u00eatre l\u2019auteur de cet acte, qui a caus\u00e9 la mort d\u2019au moins 11 personnes. Imm\u00e9diatement, Corneille Nangaa, coordonnateur des insurg\u00e9s, annonce des offensives contre l\u2019arm\u00e9e congolaise.<\/strong><\/p>\n\n\n\n<p>L&rsquo;incident a eu lieu sur la place de l&rsquo;Ind\u00e9pendance \u00e0 Bukavu, o\u00f9 des centaines de personnes \u00e9taient r\u00e9unies pour \u00e9couter le discours de Corneille Nangaa. Cette explosion a \u00e9galement bless\u00e9 65 autres personnes. Le pr\u00e9sident de la R\u00e9publique, F\u00e9lix Tshisekedi, a condamn\u00e9 l&rsquo;explosion, la qualifiant d&rsquo;acte terroriste perp\u00e9tr\u00e9 par une <em>\u00ab arm\u00e9e \u00e9trang\u00e8re pr\u00e9sente ill\u00e9galement \u00bb<\/em> en RDC. De son c\u00f4t\u00e9, le leader du M23\/AFC, Corneille Nangaa, a renvoy\u00e9 la balle dans le camp du gouvernement, accusant les autorit\u00e9s congolaises d&rsquo;avoir orchestr\u00e9 l&rsquo;attaque. Corneille Nangaa en profite pour rompre le fragile cessez-le-feu en annon\u00e7ant la conqu\u00eate d\u2019Uvira, la deuxi\u00e8me ville de la province du Sud-Kivu, apr\u00e8s Bukavu.<\/p>\n\n\n\n<p>Corneille Nangaa menace \u00e9galement de conqu\u00e9rir le reste des territoires sous la gouvernance de l\u2019\u00c9tat congolais. <em>\u00ab Ceux qui v\u00e9hiculent le message du genre \u00ab\u00a0ils vont rentrer\u00a0\u00bb, cela n\u2019engage qu\u2019eux. Bien au contraire, en s\u00e9curisant la ville de Bukavu, il faudra \u00e9carter la menace autant que possible et s\u00e9curiser totalement toute la province du Sud-Kivu \u00bb<\/em>, a-t-il d\u00e9clar\u00e9 lors d\u2019une conf\u00e9rence de presse tenue en marge du meeting, qui a termin\u00e9 dans un bain de sang.<\/p>\n\n\n\n<p><strong>Cr\u00e9er des pr\u00e9textes pour continuer la guerre<\/strong><\/p>\n\n\n\n<p>En dehors des trois derniers jours, d&rsquo;intenses combats avaient oppos\u00e9 les rebelles, appuy\u00e9s par l\u2019arm\u00e9e rwandaise, aux Forces arm\u00e9es de la R\u00e9publique d\u00e9mocratique du Congo (FARDC) dans la plaine de la Ruzizi, seule fronti\u00e8re terrestre entre le pays et son voisin le Burundi, au nord\u2010est du territoire d&rsquo;Uvira. Apr\u00e8s la conqu\u00eate de Kamanyola et Luvungi, ces rebelles seraient \u00e0 seulement 40 kilom\u00e8tres de la province du Tanganyika. Une entit\u00e9 r\u00eav\u00e9e par la r\u00e9bellion pour tenter de rallier le grand Katanga. Ils peuvent inventer toutes sortes de situations d\u00e9sastreuses pour se donner un pr\u00e9texte de poursuivre les offensives. C\u2019est notamment le sens de la propagande sur l\u2019attaque contre les Swahiliphones \u00e0 Kinshasa. Une histoire presque cr\u00e9\u00e9e de toutes pi\u00e8ces pour justifier leurs actions d\u00e9stabilisatrices.<\/p>\n\n\n\n<p><strong>Acc\u00e9l\u00e9rer les processus r\u00e9gionaux<\/strong><\/p>\n\n\n\n<p>Pour stopper la d\u00e9gradation de la situation s\u00e9curitaire, il faudrait acc\u00e9l\u00e9rer les initiatives r\u00e9gionales et locales. Une r\u00e9union minist\u00e9rielle conjointe de la Communaut\u00e9 de d\u00e9veloppement d&rsquo;Afrique australe (SADC) et de la Communaut\u00e9 d\u2019Afrique de l\u2019Est (EAC) devrait se tenir, ce vendredi 28 f\u00e9vrier, \u00e0 Harare, au Zimbabwe, sur la crise dans l\u2019Est de la RDC. Les dirigeants r\u00e9gionaux devraient rapidement prendre des mesures qui permettent un cessez-le-feu durable et entamer des discussions sur des voies de sortie de crise. Probablement, ces dirigeants \u00e9tudieront le plan qui recommande un cessez-le-feu et le d\u00e9ploiement d\u2019une force hybride EAC-SADC dans les zones occup\u00e9es par le M23. Cette zone b\u00e9n\u00e9ficierait alors d\u2019un \u00ab statut sp\u00e9cial \u00bb.<\/p>\n\n\n\n<p>Sur le plan local, la d\u00e9l\u00e9gation de la Conf\u00e9rence \u00e9piscopale nationale du Congo (CENCO) et de l&rsquo;\u00c9glise du Christ au Congo (ECC), conduite par l&rsquo;archev\u00eaque de Lubumbashi, Fulgence Muteba, et le R\u00e9v\u00e9rend Andr\u00e9 G\u00e9d\u00e9on Bokundoa, a \u00e9t\u00e9 re\u00e7ue le 27 f\u00e9vrier dernier par le pr\u00e9sident de la R\u00e9publique du Congo, Denis Sassou Nguesso, \u00e0 Brazzaville. La d\u00e9l\u00e9gation de ces pr\u00e9lats poursuit des consultations en vue d\u2019organiser un dialogue national pour la paix en RDC et dans la r\u00e9gion des Grands Lacs. Ces initiatives r\u00e9gionales et nationales devraient \u00eatre acc\u00e9l\u00e9r\u00e9es pour stopper l\u2019\u00e9lan d\u00e9stabilisateur qui semble s\u2019installer en RDC.<\/p>\n\n\n\n<p class=\"has-text-align-right\"><strong>Heshima<\/strong><\/p>\n","protected":false},"excerpt":{"rendered":"<p>Un rassemblement organis\u00e9 par le groupe rebelle M23\/AFC \u00e0 Bukavu, chef-lieu de la province du Sud-Kivu dans l&rsquo;Est de la R\u00e9publique d\u00e9mocratique du Congo (RDC), a \u00e9t\u00e9 marqu\u00e9 par une explosion le 27 f\u00e9vrier 2025. La r\u00e9bellion, qui contr\u00f4le la ville, accuse cependant le gouvernement congolais d\u2019\u00eatre l\u2019auteur de cet acte, qui a caus\u00e9 la [&hellip;]<\/p>\n","protected":false},"author":1,"featured_media":4971,"comment_status":"closed","ping_status":"closed","sticky":false,"template":"","format":"standard","meta":{"footnotes":""},"categories":[3],"tags":[],"class_list":["post-4970","post","type-post","status-publish","format-standard","has-post-thumbnail","hentry","category-nation"],"yoast_head":"<!-- This site is optimized with the Yoast SEO plugin v23.3 - https:\/\/yoast.com\/wordpress\/plugins\/seo\/ -->\n<title>Explosion au meeting du M23 \u00e0 Bukavu : un pr\u00e9texte pour violer le cessez-le-feu ? - HESHIMA MAGAZINE<\/title>\n<meta name=\"robots\" content=\"index, follow, max-snippet:-1, max-image-preview:large, max-video-preview:-1\" \/>\n<link rel=\"canonical\" href=\"https:\/\/heshimardc.net\/v1\/2025\/02\/28\/explosion-au-meeting-du-m23-a-bukavu-un-pretexte-pour-violer-le-cessez-le-feu\/\" \/>\n<meta property=\"og:locale\" content=\"fr_FR\" \/>\n<meta property=\"og:type\" content=\"article\" \/>\n<meta property=\"og:title\" content=\"Explosion au meeting du M23 \u00e0 Bukavu : un pr\u00e9texte pour violer le cessez-le-feu ? - HESHIMA MAGAZINE\" \/>\n<meta property=\"og:description\" content=\"Un rassemblement organis\u00e9 par le groupe rebelle M23\/AFC \u00e0 Bukavu, chef-lieu de la province du Sud-Kivu dans l&rsquo;Est de la R\u00e9publique d\u00e9mocratique du Congo (RDC), a \u00e9t\u00e9 marqu\u00e9 par une explosion le 27 f\u00e9vrier 2025. La r\u00e9bellion, qui contr\u00f4le la ville, accuse cependant le gouvernement congolais d\u2019\u00eatre l\u2019auteur de cet acte, qui a caus\u00e9 la [&hellip;]\" \/>\n<meta property=\"og:url\" content=\"https:\/\/heshimardc.net\/v1\/2025\/02\/28\/explosion-au-meeting-du-m23-a-bukavu-un-pretexte-pour-violer-le-cessez-le-feu\/\" \/>\n<meta property=\"og:site_name\" content=\"HESHIMA MAGAZINE\" \/>\n<meta property=\"article:publisher\" content=\"https:\/\/www.facebook.com\/heshimamagazine\" \/>\n<meta property=\"article:published_time\" content=\"2025-02-28T12:12:54+00:00\" \/>\n<meta property=\"article:modified_time\" content=\"2025-02-28T12:12:56+00:00\" \/>\n<meta property=\"og:image\" content=\"https:\/\/heshimardc.net\/v1\/wp-content\/uploads\/2025\/02\/Capture-decran-2025-02-28-a-13.10.05.png\" \/>\n\t<meta property=\"og:image:width\" content=\"782\" \/>\n\t<meta property=\"og:image:height\" content=\"442\" \/>\n\t<meta property=\"og:image:type\" content=\"image\/png\" \/>\n<meta name=\"author\" content=\"La redaction\" \/>\n<meta name=\"twitter:card\" content=\"summary_large_image\" \/>\n<meta name=\"twitter:creator\" content=\"@HeshimaMag\" \/>\n<meta name=\"twitter:site\" content=\"@HeshimaMag\" \/>\n<meta name=\"twitter:label1\" content=\"\u00c9crit par\" \/>\n\t<meta name=\"twitter:data1\" content=\"La redaction\" \/>\n\t<meta name=\"twitter:label2\" content=\"Dur\u00e9e de lecture estim\u00e9e\" \/>\n\t<meta name=\"twitter:data2\" content=\"4 minutes\" \/>\n<script type=\"application\/ld+json\" class=\"yoast-schema-graph\">{\"@context\":\"https:\/\/schema.org\",\"@graph\":[{\"@type\":\"Article\",\"@id\":\"https:\/\/heshimardc.net\/v1\/2025\/02\/28\/explosion-au-meeting-du-m23-a-bukavu-un-pretexte-pour-violer-le-cessez-le-feu\/#article\",\"isPartOf\":{\"@id\":\"https:\/\/heshimardc.net\/v1\/2025\/02\/28\/explosion-au-meeting-du-m23-a-bukavu-un-pretexte-pour-violer-le-cessez-le-feu\/\"},\"author\":{\"name\":\"La redaction\",\"@id\":\"https:\/\/heshimardc.net\/v1\/#\/schema\/person\/7188c0b9e770a370943576373b325f91\"},\"headline\":\"Explosion au meeting du M23 \u00e0 Bukavu : un pr\u00e9texte pour violer le cessez-le-feu ?\",\"datePublished\":\"2025-02-28T12:12:54+00:00\",\"dateModified\":\"2025-02-28T12:12:56+00:00\",\"mainEntityOfPage\":{\"@id\":\"https:\/\/heshimardc.net\/v1\/2025\/02\/28\/explosion-au-meeting-du-m23-a-bukavu-un-pretexte-pour-violer-le-cessez-le-feu\/\"},\"wordCount\":706,\"publisher\":{\"@id\":\"https:\/\/heshimardc.net\/v1\/#organization\"},\"image\":{\"@id\":\"https:\/\/heshimardc.net\/v1\/2025\/02\/28\/explosion-au-meeting-du-m23-a-bukavu-un-pretexte-pour-violer-le-cessez-le-feu\/#primaryimage\"},\"thumbnailUrl\":\"https:\/\/heshimardc.net\/v1\/wp-content\/uploads\/2025\/02\/Capture-decran-2025-02-28-a-13.10.05.png\",\"articleSection\":[\"Nation\"],\"inLanguage\":\"fr-FR\"},{\"@type\":\"WebPage\",\"@id\":\"https:\/\/heshimardc.net\/v1\/2025\/02\/28\/explosion-au-meeting-du-m23-a-bukavu-un-pretexte-pour-violer-le-cessez-le-feu\/\",\"url\":\"https:\/\/heshimardc.net\/v1\/2025\/02\/28\/explosion-au-meeting-du-m23-a-bukavu-un-pretexte-pour-violer-le-cessez-le-feu\/\",\"name\":\"Explosion au meeting du M23 \u00e0 Bukavu : un pr\u00e9texte pour violer le cessez-le-feu ? - HESHIMA MAGAZINE\",\"isPartOf\":{\"@id\":\"https:\/\/heshimardc.net\/v1\/#website\"},\"primaryImageOfPage\":{\"@id\":\"https:\/\/heshimardc.net\/v1\/2025\/02\/28\/explosion-au-meeting-du-m23-a-bukavu-un-pretexte-pour-violer-le-cessez-le-feu\/#primaryimage\"},\"image\":{\"@id\":\"https:\/\/heshimardc.net\/v1\/2025\/02\/28\/explosion-au-meeting-du-m23-a-bukavu-un-pretexte-pour-violer-le-cessez-le-feu\/#primaryimage\"},\"thumbnailUrl\":\"https:\/\/heshimardc.net\/v1\/wp-content\/uploads\/2025\/02\/Capture-decran-2025-02-28-a-13.10.05.png\",\"datePublished\":\"2025-02-28T12:12:54+00:00\",\"dateModified\":\"2025-02-28T12:12:56+00:00\",\"breadcrumb\":{\"@id\":\"https:\/\/heshimardc.net\/v1\/2025\/02\/28\/explosion-au-meeting-du-m23-a-bukavu-un-pretexte-pour-violer-le-cessez-le-feu\/#breadcrumb\"},\"inLanguage\":\"fr-FR\",\"potentialAction\":[{\"@type\":\"ReadAction\",\"target\":[\"https:\/\/heshimardc.net\/v1\/2025\/02\/28\/explosion-au-meeting-du-m23-a-bukavu-un-pretexte-pour-violer-le-cessez-le-feu\/\"]}]},{\"@type\":\"ImageObject\",\"inLanguage\":\"fr-FR\",\"@id\":\"https:\/\/heshimardc.net\/v1\/2025\/02\/28\/explosion-au-meeting-du-m23-a-bukavu-un-pretexte-pour-violer-le-cessez-le-feu\/#primaryimage\",\"url\":\"https:\/\/heshimardc.net\/v1\/wp-content\/uploads\/2025\/02\/Capture-decran-2025-02-28-a-13.10.05.png\",\"contentUrl\":\"https:\/\/heshimardc.net\/v1\/wp-content\/uploads\/2025\/02\/Capture-decran-2025-02-28-a-13.10.05.png\",\"width\":782,\"height\":442},{\"@type\":\"BreadcrumbList\",\"@id\":\"https:\/\/heshimardc.net\/v1\/2025\/02\/28\/explosion-au-meeting-du-m23-a-bukavu-un-pretexte-pour-violer-le-cessez-le-feu\/#breadcrumb\",\"itemListElement\":[{\"@type\":\"ListItem\",\"position\":1,\"name\":\"Accueil\",\"item\":\"https:\/\/heshimardc.net\/v1\/\"},{\"@type\":\"ListItem\",\"position\":2,\"name\":\"Explosion au meeting du M23 \u00e0 Bukavu : un pr\u00e9texte pour violer le cessez-le-feu ?\"}]},{\"@type\":\"WebSite\",\"@id\":\"https:\/\/heshimardc.net\/v1\/#website\",\"url\":\"https:\/\/heshimardc.net\/v1\/\",\"name\":\"HESHIMA MAGAZINE\",\"description\":\"Le magazine Congolais qui bat au rythme de l&#039;actualit\u00e9\",\"publisher\":{\"@id\":\"https:\/\/heshimardc.net\/v1\/#organization\"},\"potentialAction\":[{\"@type\":\"SearchAction\",\"target\":{\"@type\":\"EntryPoint\",\"urlTemplate\":\"https:\/\/heshimardc.net\/v1\/?s={search_term_string}\"},\"query-input\":\"required name=search_term_string\"}],\"inLanguage\":\"fr-FR\"},{\"@type\":\"Organization\",\"@id\":\"https:\/\/heshimardc.net\/v1\/#organization\",\"name\":\"HESHIMA MAGAZINE\",\"url\":\"https:\/\/heshimardc.net\/v1\/\",\"logo\":{\"@type\":\"ImageObject\",\"inLanguage\":\"fr-FR\",\"@id\":\"https:\/\/heshimardc.net\/v1\/#\/schema\/logo\/image\/\",\"url\":\"https:\/\/heshimardc.net\/v1\/wp-content\/uploads\/2020\/09\/logo.png\",\"contentUrl\":\"https:\/\/heshimardc.net\/v1\/wp-content\/uploads\/2020\/09\/logo.png\",\"width\":99,\"height\":130,\"caption\":\"HESHIMA MAGAZINE\"},\"image\":{\"@id\":\"https:\/\/heshimardc.net\/v1\/#\/schema\/logo\/image\/\"},\"sameAs\":[\"https:\/\/www.facebook.com\/heshimamagazine\",\"https:\/\/x.com\/HeshimaMag\"]},{\"@type\":\"Person\",\"@id\":\"https:\/\/heshimardc.net\/v1\/#\/schema\/person\/7188c0b9e770a370943576373b325f91\",\"name\":\"La redaction\",\"image\":{\"@type\":\"ImageObject\",\"inLanguage\":\"fr-FR\",\"@id\":\"https:\/\/heshimardc.net\/v1\/#\/schema\/person\/image\/\",\"url\":\"https:\/\/secure.gravatar.com\/avatar\/b53b1a4a434346e76d3ea6c9ecf19fc8?s=96&d=mm&r=g\",\"contentUrl\":\"https:\/\/secure.gravatar.com\/avatar\/b53b1a4a434346e76d3ea6c9ecf19fc8?s=96&d=mm&r=g\",\"caption\":\"La redaction\"},\"sameAs\":[\"https:\/\/heshimardc.net\/v1\",\"La redaction\"],\"url\":\"https:\/\/heshimardc.net\/v1\/author\/la-redaction\/\"}]}<\/script>\n<!-- \/ Yoast SEO plugin. -->","yoast_head_json":{"title":"Explosion au meeting du M23 \u00e0 Bukavu : un pr\u00e9texte pour violer le cessez-le-feu ? - HESHIMA MAGAZINE","robots":{"index":"index","follow":"follow","max-snippet":"max-snippet:-1","max-image-preview":"max-image-preview:large","max-video-preview":"max-video-preview:-1"},"canonical":"https:\/\/heshimardc.net\/v1\/2025\/02\/28\/explosion-au-meeting-du-m23-a-bukavu-un-pretexte-pour-violer-le-cessez-le-feu\/","og_locale":"fr_FR","og_type":"article","og_title":"Explosion au meeting du M23 \u00e0 Bukavu : un pr\u00e9texte pour violer le cessez-le-feu ? - HESHIMA MAGAZINE","og_description":"Un rassemblement organis\u00e9 par le groupe rebelle M23\/AFC \u00e0 Bukavu, chef-lieu de la province du Sud-Kivu dans l&rsquo;Est de la R\u00e9publique d\u00e9mocratique du Congo (RDC), a \u00e9t\u00e9 marqu\u00e9 par une explosion le 27 f\u00e9vrier 2025. La r\u00e9bellion, qui contr\u00f4le la ville, accuse cependant le gouvernement congolais d\u2019\u00eatre l\u2019auteur de cet acte, qui a caus\u00e9 la [&hellip;]","og_url":"https:\/\/heshimardc.net\/v1\/2025\/02\/28\/explosion-au-meeting-du-m23-a-bukavu-un-pretexte-pour-violer-le-cessez-le-feu\/","og_site_name":"HESHIMA MAGAZINE","article_publisher":"https:\/\/www.facebook.com\/heshimamagazine","article_published_time":"2025-02-28T12:12:54+00:00","article_modified_time":"2025-02-28T12:12:56+00:00","og_image":[{"width":782,"height":442,"url":"https:\/\/heshimardc.net\/v1\/wp-content\/uploads\/2025\/02\/Capture-decran-2025-02-28-a-13.10.05.png","type":"image\/png"}],"author":"La redaction","twitter_card":"summary_large_image","twitter_creator":"@HeshimaMag","twitter_site":"@HeshimaMag","twitter_misc":{"\u00c9crit par":"La redaction","Dur\u00e9e de lecture estim\u00e9e":"4 minutes"},"schema":{"@context":"https:\/\/schema.org","@graph":[{"@type":"Article","@id":"https:\/\/heshimardc.net\/v1\/2025\/02\/28\/explosion-au-meeting-du-m23-a-bukavu-un-pretexte-pour-violer-le-cessez-le-feu\/#article","isPartOf":{"@id":"https:\/\/heshimardc.net\/v1\/2025\/02\/28\/explosion-au-meeting-du-m23-a-bukavu-un-pretexte-pour-violer-le-cessez-le-feu\/"},"author":{"name":"La redaction","@id":"https:\/\/heshimardc.net\/v1\/#\/schema\/person\/7188c0b9e770a370943576373b325f91"},"headline":"Explosion au meeting du M23 \u00e0 Bukavu : un pr\u00e9texte pour violer le cessez-le-feu ?","datePublished":"2025-02-28T12:12:54+00:00","dateModified":"2025-02-28T12:12:56+00:00","mainEntityOfPage":{"@id":"https:\/\/heshimardc.net\/v1\/2025\/02\/28\/explosion-au-meeting-du-m23-a-bukavu-un-pretexte-pour-violer-le-cessez-le-feu\/"},"wordCount":706,"publisher":{"@id":"https:\/\/heshimardc.net\/v1\/#organization"},"image":{"@id":"https:\/\/heshimardc.net\/v1\/2025\/02\/28\/explosion-au-meeting-du-m23-a-bukavu-un-pretexte-pour-violer-le-cessez-le-feu\/#primaryimage"},"thumbnailUrl":"https:\/\/heshimardc.net\/v1\/wp-content\/uploads\/2025\/02\/Capture-decran-2025-02-28-a-13.10.05.png","articleSection":["Nation"],"inLanguage":"fr-FR"},{"@type":"WebPage","@id":"https:\/\/heshimardc.net\/v1\/2025\/02\/28\/explosion-au-meeting-du-m23-a-bukavu-un-pretexte-pour-violer-le-cessez-le-feu\/","url":"https:\/\/heshimardc.net\/v1\/2025\/02\/28\/explosion-au-meeting-du-m23-a-bukavu-un-pretexte-pour-violer-le-cessez-le-feu\/","name":"Explosion au meeting du M23 \u00e0 Bukavu : un pr\u00e9texte pour violer le cessez-le-feu ? - HESHIMA MAGAZINE","isPartOf":{"@id":"https:\/\/heshimardc.net\/v1\/#website"},"primaryImageOfPage":{"@id":"https:\/\/heshimardc.net\/v1\/2025\/02\/28\/explosion-au-meeting-du-m23-a-bukavu-un-pretexte-pour-violer-le-cessez-le-feu\/#primaryimage"},"image":{"@id":"https:\/\/heshimardc.net\/v1\/2025\/02\/28\/explosion-au-meeting-du-m23-a-bukavu-un-pretexte-pour-violer-le-cessez-le-feu\/#primaryimage"},"thumbnailUrl":"https:\/\/heshimardc.net\/v1\/wp-content\/uploads\/2025\/02\/Capture-decran-2025-02-28-a-13.10.05.png","datePublished":"2025-02-28T12:12:54+00:00","dateModified":"2025-02-28T12:12:56+00:00","breadcrumb":{"@id":"https:\/\/heshimardc.net\/v1\/2025\/02\/28\/explosion-au-meeting-du-m23-a-bukavu-un-pretexte-pour-violer-le-cessez-le-feu\/#breadcrumb"},"inLanguage":"fr-FR","potentialAction":[{"@type":"ReadAction","target":["https:\/\/heshimardc.net\/v1\/2025\/02\/28\/explosion-au-meeting-du-m23-a-bukavu-un-pretexte-pour-violer-le-cessez-le-feu\/"]}]},{"@type":"ImageObject","inLanguage":"fr-FR","@id":"https:\/\/heshimardc.net\/v1\/2025\/02\/28\/explosion-au-meeting-du-m23-a-bukavu-un-pretexte-pour-violer-le-cessez-le-feu\/#primaryimage","url":"https:\/\/heshimardc.net\/v1\/wp-content\/uploads\/2025\/02\/Capture-decran-2025-02-28-a-13.10.05.png","contentUrl":"https:\/\/heshimardc.net\/v1\/wp-content\/uploads\/2025\/02\/Capture-decran-2025-02-28-a-13.10.05.png","width":782,"height":442},{"@type":"BreadcrumbList","@id":"https:\/\/heshimardc.net\/v1\/2025\/02\/28\/explosion-au-meeting-du-m23-a-bukavu-un-pretexte-pour-violer-le-cessez-le-feu\/#breadcrumb","itemListElement":[{"@type":"ListItem","position":1,"name":"Accueil","item":"https:\/\/heshimardc.net\/v1\/"},{"@type":"ListItem","position":2,"name":"Explosion au meeting du M23 \u00e0 Bukavu : un pr\u00e9texte pour violer le cessez-le-feu ?"}]},{"@type":"WebSite","@id":"https:\/\/heshimardc.net\/v1\/#website","url":"https:\/\/heshimardc.net\/v1\/","name":"HESHIMA MAGAZINE","description":"Le magazine Congolais qui bat au rythme de l&#039;actualit\u00e9","publisher":{"@id":"https:\/\/heshimardc.net\/v1\/#organization"},"potentialAction":[{"@type":"SearchAction","target":{"@type":"EntryPoint","urlTemplate":"https:\/\/heshimardc.net\/v1\/?s={search_term_string}"},"query-input":"required name=search_term_string"}],"inLanguage":"fr-FR"},{"@type":"Organization","@id":"https:\/\/heshimardc.net\/v1\/#organization","name":"HESHIMA MAGAZINE","url":"https:\/\/heshimardc.net\/v1\/","logo":{"@type":"ImageObject","inLanguage":"fr-FR","@id":"https:\/\/heshimardc.net\/v1\/#\/schema\/logo\/image\/","url":"https:\/\/heshimardc.net\/v1\/wp-content\/uploads\/2020\/09\/logo.png","contentUrl":"https:\/\/heshimardc.net\/v1\/wp-content\/uploads\/2020\/09\/logo.png","width":99,"height":130,"caption":"HESHIMA MAGAZINE"},"image":{"@id":"https:\/\/heshimardc.net\/v1\/#\/schema\/logo\/image\/"},"sameAs":["https:\/\/www.facebook.com\/heshimamagazine","https:\/\/x.com\/HeshimaMag"]},{"@type":"Person","@id":"https:\/\/heshimardc.net\/v1\/#\/schema\/person\/7188c0b9e770a370943576373b325f91","name":"La redaction","image":{"@type":"ImageObject","inLanguage":"fr-FR","@id":"https:\/\/heshimardc.net\/v1\/#\/schema\/person\/image\/","url":"https:\/\/secure.gravatar.com\/avatar\/b53b1a4a434346e76d3ea6c9ecf19fc8?s=96&d=mm&r=g","contentUrl":"https:\/\/secure.gravatar.com\/avatar\/b53b1a4a434346e76d3ea6c9ecf19fc8?s=96&d=mm&r=g","caption":"La redaction"},"sameAs":["https:\/\/heshimardc.net\/v1","La redaction"],"url":"https:\/\/heshimardc.net\/v1\/author\/la-redaction\/"}]}},"amp_enabled":true,"_links":{"self":[{"href":"https:\/\/heshimardc.net\/v1\/wp-json\/wp\/v2\/posts\/4970"}],"collection":[{"href":"https:\/\/heshimardc.net\/v1\/wp-json\/wp\/v2\/posts"}],"about":[{"href":"https:\/\/heshimardc.net\/v1\/wp-json\/wp\/v2\/types\/post"}],"author":[{"embeddable":true,"href":"https:\/\/heshimardc.net\/v1\/wp-json\/wp\/v2\/users\/1"}],"replies":[{"embeddable":true,"href":"https:\/\/heshimardc.net\/v1\/wp-json\/wp\/v2\/comments?post=4970"}],"version-history":[{"count":1,"href":"https:\/\/heshimardc.net\/v1\/wp-json\/wp\/v2\/posts\/4970\/revisions"}],"predecessor-version":[{"id":4972,"href":"https:\/\/heshimardc.net\/v1\/wp-json\/wp\/v2\/posts\/4970\/revisions\/4972"}],"wp:featuredmedia":[{"embeddable":true,"href":"https:\/\/heshimardc.net\/v1\/wp-json\/wp\/v2\/media\/4971"}],"wp:attachment":[{"href":"https:\/\/heshimardc.net\/v1\/wp-json\/wp\/v2\/media?parent=4970"}],"wp:term":[{"taxonomy":"category","embeddable":true,"href":"https:\/\/heshimardc.net\/v1\/wp-json\/wp\/v2\/categories?post=4970"},{"taxonomy":"post_tag","embeddable":true,"href":"https:\/\/heshimardc.net\/v1\/wp-json\/wp\/v2\/tags?post=4970"}],"curies":[{"name":"wp","href":"https:\/\/api.w.org\/{rel}","templated":true}]}}