{"id":5212,"date":"2025-04-14T11:26:07","date_gmt":"2025-04-14T11:26:07","guid":{"rendered":"https:\/\/heshimardc.net\/v1\/?p=5212"},"modified":"2025-04-14T11:26:09","modified_gmt":"2025-04-14T11:26:09","slug":"est-de-la-rdc-les-wazalendo-signent-un-week-end-de-guerilla-contre-le-m23","status":"publish","type":"post","link":"https:\/\/heshimardc.net\/v1\/2025\/04\/14\/est-de-la-rdc-les-wazalendo-signent-un-week-end-de-guerilla-contre-le-m23\/","title":{"rendered":"Est de la RDC : Les Wazalendo signent un week-end de gu\u00e9rilla contre le M23"},"content":{"rendered":"\n<p><strong>Goma, Walikale, Nyiragongo, Kavumu, Walungu et Mwenga ont \u00e9t\u00e9 le th\u00e9\u00e2tre des affrontements entre les miliciens Wazalendo et les rebelles du Mouvement du 23 mars (AFC\/M23), depuis la nuit de vendredi jusqu&rsquo;au lundi 14 avril 2025. Il s&rsquo;agit d&rsquo;une action de gu\u00e9rilla men\u00e9e en solo, sans l&rsquo;appui des Forces arm\u00e9es de la R\u00e9publique D\u00e9mocratique du Congo (FARDC). Une rupture du cessez-le-feu, ce qui pourrait remettre en cause les discussions en cours au Qatar entre le gouvernement et l\u2019AFC\/M23.<\/strong><\/p>\n\n\n\n<p>Si le calme est revenu depuis le 12 avril dans la ville de Goma, chef-lieu de la province du Nord-Kivu, apr\u00e8s une nuit d&rsquo;affrontements entre les rebelles de l\u2019AFC\/M23 et les jeunes Wazalendo, les actions de gu\u00e9rilla continuent dans d&rsquo;autres territoires du Nord et du Sud-Kivu. Ce lundi 14 avril 2025, les miliciens ont pris le contr\u00f4le des villages de Kibanda et Kasopo, dans le territoire de Walikale, au Nord-Kivu. Dimanche, dans le village de Butondo, situ\u00e9 dans la chefferie de Luindi, groupement Ihanga, au territoire de Mwenga, Sud-Kivu, des groupes de Wazalendo ont ouvert un nouveau front contre les rebelles du M23.<\/p>\n\n\n\n<p><strong>Le M23 accuse les FARDC, MONUSCO et SADC<\/strong><\/p>\n\n\n\n<p>Dans un communiqu\u00e9 lu par l\u2019AFC\/M23 \u00e0 la Radio-t\u00e9l\u00e9vision nationale congolaise (RTNC\/Goma), le M23 accuse la coalition SAMIDRC, FARDC-Wazalendo et FDLR d\u2019avoir attaqu\u00e9 leurs positions, notamment \u00e0 Goma. Une accusation d\u00e9mentie par l&rsquo;arm\u00e9e congolaise. Selon le porte-parole des FARDC, le g\u00e9n\u00e9ral-major Sylvain Ekenge, l\u2019AFC\/M23 cherche \u00e0 faire capoter le processus de paix au Qatar en simulant ces attaques \u00e0 Goma. \u00ab Le communiqu\u00e9 de l&rsquo;AFC\/M23, taill\u00e9 de toutes pi\u00e8ces, est en r\u00e9alit\u00e9 un sc\u00e9nario sciemment mont\u00e9 non seulement pour camoufler et justifier les tueries quotidiennes des civils dans la ville de Goma mais aussi et surtout pour manipuler l&rsquo;opinion et \u00e9galement satisfaire leurs app\u00e9tits criminels. C&rsquo;est une man\u0153uvre dilatoire concoct\u00e9e pour tenter de faire capoter toutes les initiatives de paix en cours \u00bb, a d\u00e9clar\u00e9 Sylvain Ekenge, dimanche 13 avril.<\/p>\n\n\n\n<p><strong>Une strat\u00e9gie de harc\u00e8lement contre le M23 ?<\/strong><\/p>\n\n\n\n<p>D\u00e8s lors que l\u2019arm\u00e9e congolaise nie avoir foment\u00e9 ces attaques multiples contre l\u2019AFC\/M23, que pourrait alors cacher la d\u00e9marche en solo des Wazalendo ? Certains pensent qu\u2019il s\u2019agit d\u2019une strat\u00e9gie de harc\u00e8lement pour fatiguer les rebelles du M23. Les Wazalendo m\u00e8nent des actions dignes d\u2019une gu\u00e9rilla, parfois avec des hommes en tenue civile. Cela cr\u00e9e une confusion parmi les rebelles du M23, qui ont du mal \u00e0 dissocier ces combattants des autres civils. Avec cette strat\u00e9gie, les Wazalendo ont fait irruption dans la cit\u00e9 de Kavumu, pr\u00e8s de l\u2019a\u00e9roport, contr\u00f4lant pendant des heures cette cit\u00e9. \u00ab Il semble qu&rsquo;une sorte de strat\u00e9gie de harc\u00e8lement soit en place, qui n\u2019a pas commenc\u00e9 \u00e0 Goma. Cela a commenc\u00e9 au Sud-Kivu o\u00f9 on a vu beaucoup d&rsquo;attaques sur des positions du M23 \u00bb, estime Onesphore Sematumba, analyste des questions des Grands Lacs au sein de l\u2019ONG International Crisis Group.<\/p>\n\n\n\n<p><strong>Un pi\u00e8ge du M23 pour ravir d\u2019autres villes<\/strong><\/p>\n\n\n\n<p>D\u2019un autre point de vue, il est possible que le M23 soit lui-m\u00eame le metteur en sc\u00e8ne de ces \u00e9v\u00e9nements, afin de justifier des attaques de grande ampleur qui pourraient aboutir \u00e0 la prise de la ville de Kisangani, par exemple. \u00c9tant encore dans une position de faiblesse militaire apr\u00e8s la chute de Goma et Bukavu, la RDC ne devrait pas envisager une nouvelle confrontation militaire \u00e0 ce stade, o\u00f9 des discussions politiques sont engag\u00e9es au Qatar. \u00ab Quel int\u00e9r\u00eat la RDC aurait-elle \u00e0 relancer les hostilit\u00e9s alors que le rapport de forces sur le terrain ne lui est pas favorable ? \u00bb, s\u2019interroge Patrick Mbeko, auteur d\u2019un ouvrage sur la crise s\u00e9curitaire dans les Grands Lacs. Pour lui, le M23 semble avoir pi\u00e9g\u00e9 la coalition FARDC-Wazalendo avec ces attaques. Il existe un risque de rupture du cessez-le-feu en cours et de faire capoter les discussions de Doha.<\/p>\n\n\n\n<p class=\"has-text-align-right\"><strong>Heshima<\/strong><\/p>\n\n\n\n<p><\/p>\n","protected":false},"excerpt":{"rendered":"<p>Goma, Walikale, Nyiragongo, Kavumu, Walungu et Mwenga ont \u00e9t\u00e9 le th\u00e9\u00e2tre des affrontements entre les miliciens Wazalendo et les rebelles du Mouvement du 23 mars (AFC\/M23), depuis la nuit de vendredi jusqu&rsquo;au lundi 14 avril 2025. Il s&rsquo;agit d&rsquo;une action de gu\u00e9rilla men\u00e9e en solo, sans l&rsquo;appui des Forces arm\u00e9es de la R\u00e9publique D\u00e9mocratique du [&hellip;]<\/p>\n","protected":false},"author":1,"featured_media":5213,"comment_status":"closed","ping_status":"closed","sticky":false,"template":"","format":"standard","meta":{"footnotes":""},"categories":[3],"tags":[],"class_list":["post-5212","post","type-post","status-publish","format-standard","has-post-thumbnail","hentry","category-nation"],"yoast_head":"<!-- This site is optimized with the Yoast SEO plugin v23.3 - https:\/\/yoast.com\/wordpress\/plugins\/seo\/ -->\n<title>Est de la RDC : Les Wazalendo signent un week-end de gu\u00e9rilla contre le M23 - HESHIMA MAGAZINE<\/title>\n<meta name=\"robots\" content=\"index, follow, max-snippet:-1, max-image-preview:large, max-video-preview:-1\" \/>\n<link rel=\"canonical\" href=\"https:\/\/heshimardc.net\/v1\/2025\/04\/14\/est-de-la-rdc-les-wazalendo-signent-un-week-end-de-guerilla-contre-le-m23\/\" \/>\n<meta property=\"og:locale\" content=\"fr_FR\" \/>\n<meta property=\"og:type\" content=\"article\" \/>\n<meta property=\"og:title\" content=\"Est de la RDC : Les Wazalendo signent un week-end de gu\u00e9rilla contre le M23 - HESHIMA MAGAZINE\" \/>\n<meta property=\"og:description\" content=\"Goma, Walikale, Nyiragongo, Kavumu, Walungu et Mwenga ont \u00e9t\u00e9 le th\u00e9\u00e2tre des affrontements entre les miliciens Wazalendo et les rebelles du Mouvement du 23 mars (AFC\/M23), depuis la nuit de vendredi jusqu&rsquo;au lundi 14 avril 2025. Il s&rsquo;agit d&rsquo;une action de gu\u00e9rilla men\u00e9e en solo, sans l&rsquo;appui des Forces arm\u00e9es de la R\u00e9publique D\u00e9mocratique du [&hellip;]\" \/>\n<meta property=\"og:url\" content=\"https:\/\/heshimardc.net\/v1\/2025\/04\/14\/est-de-la-rdc-les-wazalendo-signent-un-week-end-de-guerilla-contre-le-m23\/\" \/>\n<meta property=\"og:site_name\" content=\"HESHIMA MAGAZINE\" \/>\n<meta property=\"article:publisher\" content=\"https:\/\/www.facebook.com\/heshimamagazine\" \/>\n<meta property=\"article:published_time\" content=\"2025-04-14T11:26:07+00:00\" \/>\n<meta property=\"article:modified_time\" content=\"2025-04-14T11:26:09+00:00\" \/>\n<meta property=\"og:image\" content=\"https:\/\/heshimardc.net\/v1\/wp-content\/uploads\/2025\/04\/AP24124431470330.jpg\" \/>\n\t<meta property=\"og:image:width\" content=\"1280\" \/>\n\t<meta property=\"og:image:height\" content=\"960\" \/>\n\t<meta property=\"og:image:type\" content=\"image\/jpeg\" \/>\n<meta name=\"author\" content=\"La redaction\" \/>\n<meta name=\"twitter:card\" content=\"summary_large_image\" \/>\n<meta name=\"twitter:creator\" content=\"@HeshimaMag\" \/>\n<meta name=\"twitter:site\" content=\"@HeshimaMag\" \/>\n<meta name=\"twitter:label1\" content=\"\u00c9crit par\" \/>\n\t<meta name=\"twitter:data1\" content=\"La redaction\" \/>\n\t<meta name=\"twitter:label2\" content=\"Dur\u00e9e de lecture estim\u00e9e\" \/>\n\t<meta name=\"twitter:data2\" content=\"4 minutes\" \/>\n<script type=\"application\/ld+json\" class=\"yoast-schema-graph\">{\"@context\":\"https:\/\/schema.org\",\"@graph\":[{\"@type\":\"Article\",\"@id\":\"https:\/\/heshimardc.net\/v1\/2025\/04\/14\/est-de-la-rdc-les-wazalendo-signent-un-week-end-de-guerilla-contre-le-m23\/#article\",\"isPartOf\":{\"@id\":\"https:\/\/heshimardc.net\/v1\/2025\/04\/14\/est-de-la-rdc-les-wazalendo-signent-un-week-end-de-guerilla-contre-le-m23\/\"},\"author\":{\"name\":\"La redaction\",\"@id\":\"https:\/\/heshimardc.net\/v1\/#\/schema\/person\/7188c0b9e770a370943576373b325f91\"},\"headline\":\"Est de la RDC : Les Wazalendo signent un week-end de gu\u00e9rilla contre le M23\",\"datePublished\":\"2025-04-14T11:26:07+00:00\",\"dateModified\":\"2025-04-14T11:26:09+00:00\",\"mainEntityOfPage\":{\"@id\":\"https:\/\/heshimardc.net\/v1\/2025\/04\/14\/est-de-la-rdc-les-wazalendo-signent-un-week-end-de-guerilla-contre-le-m23\/\"},\"wordCount\":695,\"publisher\":{\"@id\":\"https:\/\/heshimardc.net\/v1\/#organization\"},\"image\":{\"@id\":\"https:\/\/heshimardc.net\/v1\/2025\/04\/14\/est-de-la-rdc-les-wazalendo-signent-un-week-end-de-guerilla-contre-le-m23\/#primaryimage\"},\"thumbnailUrl\":\"https:\/\/heshimardc.net\/v1\/wp-content\/uploads\/2025\/04\/AP24124431470330.jpg\",\"articleSection\":[\"Nation\"],\"inLanguage\":\"fr-FR\"},{\"@type\":\"WebPage\",\"@id\":\"https:\/\/heshimardc.net\/v1\/2025\/04\/14\/est-de-la-rdc-les-wazalendo-signent-un-week-end-de-guerilla-contre-le-m23\/\",\"url\":\"https:\/\/heshimardc.net\/v1\/2025\/04\/14\/est-de-la-rdc-les-wazalendo-signent-un-week-end-de-guerilla-contre-le-m23\/\",\"name\":\"Est de la RDC : Les Wazalendo signent un week-end de gu\u00e9rilla contre le M23 - HESHIMA MAGAZINE\",\"isPartOf\":{\"@id\":\"https:\/\/heshimardc.net\/v1\/#website\"},\"primaryImageOfPage\":{\"@id\":\"https:\/\/heshimardc.net\/v1\/2025\/04\/14\/est-de-la-rdc-les-wazalendo-signent-un-week-end-de-guerilla-contre-le-m23\/#primaryimage\"},\"image\":{\"@id\":\"https:\/\/heshimardc.net\/v1\/2025\/04\/14\/est-de-la-rdc-les-wazalendo-signent-un-week-end-de-guerilla-contre-le-m23\/#primaryimage\"},\"thumbnailUrl\":\"https:\/\/heshimardc.net\/v1\/wp-content\/uploads\/2025\/04\/AP24124431470330.jpg\",\"datePublished\":\"2025-04-14T11:26:07+00:00\",\"dateModified\":\"2025-04-14T11:26:09+00:00\",\"breadcrumb\":{\"@id\":\"https:\/\/heshimardc.net\/v1\/2025\/04\/14\/est-de-la-rdc-les-wazalendo-signent-un-week-end-de-guerilla-contre-le-m23\/#breadcrumb\"},\"inLanguage\":\"fr-FR\",\"potentialAction\":[{\"@type\":\"ReadAction\",\"target\":[\"https:\/\/heshimardc.net\/v1\/2025\/04\/14\/est-de-la-rdc-les-wazalendo-signent-un-week-end-de-guerilla-contre-le-m23\/\"]}]},{\"@type\":\"ImageObject\",\"inLanguage\":\"fr-FR\",\"@id\":\"https:\/\/heshimardc.net\/v1\/2025\/04\/14\/est-de-la-rdc-les-wazalendo-signent-un-week-end-de-guerilla-contre-le-m23\/#primaryimage\",\"url\":\"https:\/\/heshimardc.net\/v1\/wp-content\/uploads\/2025\/04\/AP24124431470330.jpg\",\"contentUrl\":\"https:\/\/heshimardc.net\/v1\/wp-content\/uploads\/2025\/04\/AP24124431470330.jpg\",\"width\":1280,\"height\":960},{\"@type\":\"BreadcrumbList\",\"@id\":\"https:\/\/heshimardc.net\/v1\/2025\/04\/14\/est-de-la-rdc-les-wazalendo-signent-un-week-end-de-guerilla-contre-le-m23\/#breadcrumb\",\"itemListElement\":[{\"@type\":\"ListItem\",\"position\":1,\"name\":\"Accueil\",\"item\":\"https:\/\/heshimardc.net\/v1\/\"},{\"@type\":\"ListItem\",\"position\":2,\"name\":\"Est de la RDC : Les Wazalendo signent un week-end de gu\u00e9rilla contre le M23\"}]},{\"@type\":\"WebSite\",\"@id\":\"https:\/\/heshimardc.net\/v1\/#website\",\"url\":\"https:\/\/heshimardc.net\/v1\/\",\"name\":\"HESHIMA MAGAZINE\",\"description\":\"Le magazine Congolais qui bat au rythme de l&#039;actualit\u00e9\",\"publisher\":{\"@id\":\"https:\/\/heshimardc.net\/v1\/#organization\"},\"potentialAction\":[{\"@type\":\"SearchAction\",\"target\":{\"@type\":\"EntryPoint\",\"urlTemplate\":\"https:\/\/heshimardc.net\/v1\/?s={search_term_string}\"},\"query-input\":\"required name=search_term_string\"}],\"inLanguage\":\"fr-FR\"},{\"@type\":\"Organization\",\"@id\":\"https:\/\/heshimardc.net\/v1\/#organization\",\"name\":\"HESHIMA MAGAZINE\",\"url\":\"https:\/\/heshimardc.net\/v1\/\",\"logo\":{\"@type\":\"ImageObject\",\"inLanguage\":\"fr-FR\",\"@id\":\"https:\/\/heshimardc.net\/v1\/#\/schema\/logo\/image\/\",\"url\":\"https:\/\/heshimardc.net\/v1\/wp-content\/uploads\/2020\/09\/logo.png\",\"contentUrl\":\"https:\/\/heshimardc.net\/v1\/wp-content\/uploads\/2020\/09\/logo.png\",\"width\":99,\"height\":130,\"caption\":\"HESHIMA MAGAZINE\"},\"image\":{\"@id\":\"https:\/\/heshimardc.net\/v1\/#\/schema\/logo\/image\/\"},\"sameAs\":[\"https:\/\/www.facebook.com\/heshimamagazine\",\"https:\/\/x.com\/HeshimaMag\"]},{\"@type\":\"Person\",\"@id\":\"https:\/\/heshimardc.net\/v1\/#\/schema\/person\/7188c0b9e770a370943576373b325f91\",\"name\":\"La redaction\",\"image\":{\"@type\":\"ImageObject\",\"inLanguage\":\"fr-FR\",\"@id\":\"https:\/\/heshimardc.net\/v1\/#\/schema\/person\/image\/\",\"url\":\"https:\/\/secure.gravatar.com\/avatar\/b53b1a4a434346e76d3ea6c9ecf19fc8?s=96&d=mm&r=g\",\"contentUrl\":\"https:\/\/secure.gravatar.com\/avatar\/b53b1a4a434346e76d3ea6c9ecf19fc8?s=96&d=mm&r=g\",\"caption\":\"La redaction\"},\"sameAs\":[\"https:\/\/heshimardc.net\/v1\",\"La redaction\"],\"url\":\"https:\/\/heshimardc.net\/v1\/author\/la-redaction\/\"}]}<\/script>\n<!-- \/ Yoast SEO plugin. -->","yoast_head_json":{"title":"Est de la RDC : Les Wazalendo signent un week-end de gu\u00e9rilla contre le M23 - HESHIMA MAGAZINE","robots":{"index":"index","follow":"follow","max-snippet":"max-snippet:-1","max-image-preview":"max-image-preview:large","max-video-preview":"max-video-preview:-1"},"canonical":"https:\/\/heshimardc.net\/v1\/2025\/04\/14\/est-de-la-rdc-les-wazalendo-signent-un-week-end-de-guerilla-contre-le-m23\/","og_locale":"fr_FR","og_type":"article","og_title":"Est de la RDC : Les Wazalendo signent un week-end de gu\u00e9rilla contre le M23 - HESHIMA MAGAZINE","og_description":"Goma, Walikale, Nyiragongo, Kavumu, Walungu et Mwenga ont \u00e9t\u00e9 le th\u00e9\u00e2tre des affrontements entre les miliciens Wazalendo et les rebelles du Mouvement du 23 mars (AFC\/M23), depuis la nuit de vendredi jusqu&rsquo;au lundi 14 avril 2025. Il s&rsquo;agit d&rsquo;une action de gu\u00e9rilla men\u00e9e en solo, sans l&rsquo;appui des Forces arm\u00e9es de la R\u00e9publique D\u00e9mocratique du [&hellip;]","og_url":"https:\/\/heshimardc.net\/v1\/2025\/04\/14\/est-de-la-rdc-les-wazalendo-signent-un-week-end-de-guerilla-contre-le-m23\/","og_site_name":"HESHIMA MAGAZINE","article_publisher":"https:\/\/www.facebook.com\/heshimamagazine","article_published_time":"2025-04-14T11:26:07+00:00","article_modified_time":"2025-04-14T11:26:09+00:00","og_image":[{"width":1280,"height":960,"url":"https:\/\/heshimardc.net\/v1\/wp-content\/uploads\/2025\/04\/AP24124431470330.jpg","type":"image\/jpeg"}],"author":"La redaction","twitter_card":"summary_large_image","twitter_creator":"@HeshimaMag","twitter_site":"@HeshimaMag","twitter_misc":{"\u00c9crit par":"La redaction","Dur\u00e9e de lecture estim\u00e9e":"4 minutes"},"schema":{"@context":"https:\/\/schema.org","@graph":[{"@type":"Article","@id":"https:\/\/heshimardc.net\/v1\/2025\/04\/14\/est-de-la-rdc-les-wazalendo-signent-un-week-end-de-guerilla-contre-le-m23\/#article","isPartOf":{"@id":"https:\/\/heshimardc.net\/v1\/2025\/04\/14\/est-de-la-rdc-les-wazalendo-signent-un-week-end-de-guerilla-contre-le-m23\/"},"author":{"name":"La redaction","@id":"https:\/\/heshimardc.net\/v1\/#\/schema\/person\/7188c0b9e770a370943576373b325f91"},"headline":"Est de la RDC : Les Wazalendo signent un week-end de gu\u00e9rilla contre le M23","datePublished":"2025-04-14T11:26:07+00:00","dateModified":"2025-04-14T11:26:09+00:00","mainEntityOfPage":{"@id":"https:\/\/heshimardc.net\/v1\/2025\/04\/14\/est-de-la-rdc-les-wazalendo-signent-un-week-end-de-guerilla-contre-le-m23\/"},"wordCount":695,"publisher":{"@id":"https:\/\/heshimardc.net\/v1\/#organization"},"image":{"@id":"https:\/\/heshimardc.net\/v1\/2025\/04\/14\/est-de-la-rdc-les-wazalendo-signent-un-week-end-de-guerilla-contre-le-m23\/#primaryimage"},"thumbnailUrl":"https:\/\/heshimardc.net\/v1\/wp-content\/uploads\/2025\/04\/AP24124431470330.jpg","articleSection":["Nation"],"inLanguage":"fr-FR"},{"@type":"WebPage","@id":"https:\/\/heshimardc.net\/v1\/2025\/04\/14\/est-de-la-rdc-les-wazalendo-signent-un-week-end-de-guerilla-contre-le-m23\/","url":"https:\/\/heshimardc.net\/v1\/2025\/04\/14\/est-de-la-rdc-les-wazalendo-signent-un-week-end-de-guerilla-contre-le-m23\/","name":"Est de la RDC : Les Wazalendo signent un week-end de gu\u00e9rilla contre le M23 - HESHIMA MAGAZINE","isPartOf":{"@id":"https:\/\/heshimardc.net\/v1\/#website"},"primaryImageOfPage":{"@id":"https:\/\/heshimardc.net\/v1\/2025\/04\/14\/est-de-la-rdc-les-wazalendo-signent-un-week-end-de-guerilla-contre-le-m23\/#primaryimage"},"image":{"@id":"https:\/\/heshimardc.net\/v1\/2025\/04\/14\/est-de-la-rdc-les-wazalendo-signent-un-week-end-de-guerilla-contre-le-m23\/#primaryimage"},"thumbnailUrl":"https:\/\/heshimardc.net\/v1\/wp-content\/uploads\/2025\/04\/AP24124431470330.jpg","datePublished":"2025-04-14T11:26:07+00:00","dateModified":"2025-04-14T11:26:09+00:00","breadcrumb":{"@id":"https:\/\/heshimardc.net\/v1\/2025\/04\/14\/est-de-la-rdc-les-wazalendo-signent-un-week-end-de-guerilla-contre-le-m23\/#breadcrumb"},"inLanguage":"fr-FR","potentialAction":[{"@type":"ReadAction","target":["https:\/\/heshimardc.net\/v1\/2025\/04\/14\/est-de-la-rdc-les-wazalendo-signent-un-week-end-de-guerilla-contre-le-m23\/"]}]},{"@type":"ImageObject","inLanguage":"fr-FR","@id":"https:\/\/heshimardc.net\/v1\/2025\/04\/14\/est-de-la-rdc-les-wazalendo-signent-un-week-end-de-guerilla-contre-le-m23\/#primaryimage","url":"https:\/\/heshimardc.net\/v1\/wp-content\/uploads\/2025\/04\/AP24124431470330.jpg","contentUrl":"https:\/\/heshimardc.net\/v1\/wp-content\/uploads\/2025\/04\/AP24124431470330.jpg","width":1280,"height":960},{"@type":"BreadcrumbList","@id":"https:\/\/heshimardc.net\/v1\/2025\/04\/14\/est-de-la-rdc-les-wazalendo-signent-un-week-end-de-guerilla-contre-le-m23\/#breadcrumb","itemListElement":[{"@type":"ListItem","position":1,"name":"Accueil","item":"https:\/\/heshimardc.net\/v1\/"},{"@type":"ListItem","position":2,"name":"Est de la RDC : Les Wazalendo signent un week-end de gu\u00e9rilla contre le M23"}]},{"@type":"WebSite","@id":"https:\/\/heshimardc.net\/v1\/#website","url":"https:\/\/heshimardc.net\/v1\/","name":"HESHIMA MAGAZINE","description":"Le magazine Congolais qui bat au rythme de l&#039;actualit\u00e9","publisher":{"@id":"https:\/\/heshimardc.net\/v1\/#organization"},"potentialAction":[{"@type":"SearchAction","target":{"@type":"EntryPoint","urlTemplate":"https:\/\/heshimardc.net\/v1\/?s={search_term_string}"},"query-input":"required name=search_term_string"}],"inLanguage":"fr-FR"},{"@type":"Organization","@id":"https:\/\/heshimardc.net\/v1\/#organization","name":"HESHIMA MAGAZINE","url":"https:\/\/heshimardc.net\/v1\/","logo":{"@type":"ImageObject","inLanguage":"fr-FR","@id":"https:\/\/heshimardc.net\/v1\/#\/schema\/logo\/image\/","url":"https:\/\/heshimardc.net\/v1\/wp-content\/uploads\/2020\/09\/logo.png","contentUrl":"https:\/\/heshimardc.net\/v1\/wp-content\/uploads\/2020\/09\/logo.png","width":99,"height":130,"caption":"HESHIMA MAGAZINE"},"image":{"@id":"https:\/\/heshimardc.net\/v1\/#\/schema\/logo\/image\/"},"sameAs":["https:\/\/www.facebook.com\/heshimamagazine","https:\/\/x.com\/HeshimaMag"]},{"@type":"Person","@id":"https:\/\/heshimardc.net\/v1\/#\/schema\/person\/7188c0b9e770a370943576373b325f91","name":"La redaction","image":{"@type":"ImageObject","inLanguage":"fr-FR","@id":"https:\/\/heshimardc.net\/v1\/#\/schema\/person\/image\/","url":"https:\/\/secure.gravatar.com\/avatar\/b53b1a4a434346e76d3ea6c9ecf19fc8?s=96&d=mm&r=g","contentUrl":"https:\/\/secure.gravatar.com\/avatar\/b53b1a4a434346e76d3ea6c9ecf19fc8?s=96&d=mm&r=g","caption":"La redaction"},"sameAs":["https:\/\/heshimardc.net\/v1","La redaction"],"url":"https:\/\/heshimardc.net\/v1\/author\/la-redaction\/"}]}},"amp_enabled":true,"_links":{"self":[{"href":"https:\/\/heshimardc.net\/v1\/wp-json\/wp\/v2\/posts\/5212"}],"collection":[{"href":"https:\/\/heshimardc.net\/v1\/wp-json\/wp\/v2\/posts"}],"about":[{"href":"https:\/\/heshimardc.net\/v1\/wp-json\/wp\/v2\/types\/post"}],"author":[{"embeddable":true,"href":"https:\/\/heshimardc.net\/v1\/wp-json\/wp\/v2\/users\/1"}],"replies":[{"embeddable":true,"href":"https:\/\/heshimardc.net\/v1\/wp-json\/wp\/v2\/comments?post=5212"}],"version-history":[{"count":1,"href":"https:\/\/heshimardc.net\/v1\/wp-json\/wp\/v2\/posts\/5212\/revisions"}],"predecessor-version":[{"id":5214,"href":"https:\/\/heshimardc.net\/v1\/wp-json\/wp\/v2\/posts\/5212\/revisions\/5214"}],"wp:featuredmedia":[{"embeddable":true,"href":"https:\/\/heshimardc.net\/v1\/wp-json\/wp\/v2\/media\/5213"}],"wp:attachment":[{"href":"https:\/\/heshimardc.net\/v1\/wp-json\/wp\/v2\/media?parent=5212"}],"wp:term":[{"taxonomy":"category","embeddable":true,"href":"https:\/\/heshimardc.net\/v1\/wp-json\/wp\/v2\/categories?post=5212"},{"taxonomy":"post_tag","embeddable":true,"href":"https:\/\/heshimardc.net\/v1\/wp-json\/wp\/v2\/tags?post=5212"}],"curies":[{"name":"wp","href":"https:\/\/api.w.org\/{rel}","templated":true}]}}