{"id":5219,"date":"2025-04-15T15:07:34","date_gmt":"2025-04-15T15:07:34","guid":{"rendered":"https:\/\/heshimardc.net\/v1\/?p=5219"},"modified":"2025-04-15T15:07:36","modified_gmt":"2025-04-15T15:07:36","slug":"lawrence-kanyuka-le-masque-dune-rebellion-et-des-minerais-de-sang","status":"publish","type":"post","link":"https:\/\/heshimardc.net\/v1\/2025\/04\/15\/lawrence-kanyuka-le-masque-dune-rebellion-et-des-minerais-de-sang\/","title":{"rendered":"Lawrence Kanyuka : le masque d\u2019une r\u00e9bellion et des minerais de sang"},"content":{"rendered":"\n<p><strong>Figure de proue du Mouvement du 23 mars (M23), Lawrence Kanyuka incarne aujourd\u2019hui l\u2019une des voix les plus audibles d\u2019un groupe arm\u00e9 qui, depuis plus d\u2019une d\u00e9cennie, attise les tensions dans l\u2019Est de la R\u00e9publique d\u00e9mocratique du Congo (RDC). Sous l\u2019apparence d\u2019un porte-parole politique rompu \u00e0 l\u2019exercice diplomatique, Kanyuka se d\u00e9ploie sur plusieurs fronts, m\u00ealant strat\u00e9gie m\u00e9diatique, int\u00e9r\u00eats \u00e9conomiques occultes et r\u00e9seaux transnationaux. Mais derri\u00e8re cette posture polic\u00e9e se dessine le portrait d\u2019un homme au c\u0153ur d\u2019un syst\u00e8me complexe de pr\u00e9dation, de violence et de pillage des ressources, dont les ramifications s\u2019\u00e9tendent bien au-del\u00e0 des fronti\u00e8res congolaises.<\/strong><\/p>\n\n\n\n<p>Lawrence Kanyuka n\u2019a pas toujours \u00e9t\u00e9 l\u2019\u00e9tendard du M23. Avant de devenir une figure controvers\u00e9e, il fut membre actif de l\u2019Union pour la Nation Congolaise (UNC), le parti de Vital Kamerhe, alors per\u00e7u comme un pilier de l\u2019opposition d\u00e9mocratique en RDC. Son parcours au sein de l\u2019UNC, bien que relativement discret, t\u00e9moignait d\u2019une ambition politique dans un contexte congolais marqu\u00e9 par des luttes de pouvoir intenses. Cependant, en 2013, une rupture brutale intervient : accus\u00e9 de collusions avec des groupes arm\u00e9s, Kanyuka est exclu du parti. Ce moment charni\u00e8re marque un tournant d\u00e9cisif dans sa trajectoire.<\/p>\n\n\n\n<p>Plut\u00f4t que de chercher \u00e0 r\u00e9int\u00e9grer les cercles politiques conventionnels, Kanyuka choisit la voie de la r\u00e9bellion. Son ralliement au M23 co\u00efncide avec une p\u00e9riode de r\u00e9organisation du mouvement, qui, apr\u00e8s sa d\u00e9faite militaire face \u00e0 l\u2019arm\u00e9e congolaise et \u00e0 la Mission des Nations unies (MONUSCO) en 2013, maintient des r\u00e9seaux dormants soutenus par des appuis ext\u00e9rieurs, notamment du Rwanda. Selon les rapports des Nations unies et d\u2019ONG comme Human Rights Watch, le M23 n\u2019a jamais v\u00e9ritablement disparu, continuant \u00e0 op\u00e9rer \u00e0 travers des structures clandestines et des alliances transfrontali\u00e8res. Kanyuka, avec son profil d\u2019intellectuel et son aisance rh\u00e9torique, devient un atout strat\u00e9gique pour redonner une fa\u00e7ade politique \u00e0 un groupe per\u00e7u comme une milice brutale.<\/p>\n\n\n\n<p><strong>L\u2019homme des mots\u2026 et des non-dits<\/strong><\/p>\n\n\n\n<p>Promu porte-parole adjoint, puis porte-parole politique du M23 en 2022, Kanyuka s\u2019impose comme l\u2019architecte de la communication du mouvement. Sa mission : r\u00e9habiliter l\u2019image du M23 aupr\u00e8s de la communaut\u00e9 internationale. Dans ses prises de parole, souvent relay\u00e9es sur des plateformes comme X, il d\u00e9ploie une rh\u00e9torique savamment calibr\u00e9e, \u00e9voquant des cessez-le-feu, plaidant pour des dialogues inclusifs, et d\u00e9non\u00e7ant l\u2019\u00ab immobilisme \u00bb du gouvernement de Kinshasa. Il se pr\u00e9sente comme le d\u00e9fenseur des Tutsis congolais, qu\u2019il qualifie de marginalis\u00e9s, tout en minimisant le recours \u00e0 la violence par le M23.<\/p>\n\n\n\n<p>Pourtant, ce discours contraste violemment avec la r\u00e9alit\u00e9 du terrain. Selon le Haut-Commissariat des Nations unies pour les r\u00e9fugi\u00e9s (HCR) et le Bureau de la coordination des affaires humanitaires (OCHA), les offensives du M23 ont provoqu\u00e9 le d\u00e9placement de plus d\u2019un million de personnes depuis 2022. Les rapports onusiens, corrobor\u00e9s par Amnesty International et Human Rights Watch, documentent des exactions massives dans les zones sous contr\u00f4le du M23 : ex\u00e9cutions sommaires, viols, enr\u00f4lement forc\u00e9 d\u2019enfants, pillages syst\u00e9matiques et r\u00e9quisitions de terres. Dans les zones sous contr\u00f4le du mouvement, comme la cit\u00e9 de Bunagana, dans le territoire de Rutshuru ou encore Chengerero, le M23 impose une \u00ab gouvernance alternative \u00bb, un euph\u00e9misme pour masquer une occupation de facto qui viole la souverainet\u00e9 congolaise.<\/p>\n\n\n\n<p>Kanyuka, dans ses d\u00e9clarations, pr\u00e9sente cette mainmise comme une n\u00e9cessit\u00e9 pour prot\u00e9ger les populations locales. Mais, comme le souligne le site d\u2019enqu\u00eates \u00ab&nbsp;Off Investigation&nbsp;\u00bb, cette rh\u00e9torique sert \u00e0 dissimuler un projet territorial soutenu par des acteurs ext\u00e9rieurs, notamment le Rwanda, accus\u00e9 par l\u2019ONU de fournir armes, financements et m\u00eame soldats au M23. En f\u00e9vrier 2025, lors de la prise de Goma par le M23, Kanyuka s\u2019est adress\u00e9 \u00e0 la foule dans un discours retransmis par l\u2019AFP, vantant une \u00ab nouvelle \u00e8re de stabilit\u00e9 \u00bb. Cette mise en sc\u00e8ne, loin de refl\u00e9ter un consensus populaire, a exacerb\u00e9 les tensions et aliment\u00e9 les accusations de manipulation m\u00e9diatique.<\/p>\n\n\n\n<p><strong>Un acteur cl\u00e9 du commerce des \u00ab minerais de sang \u00bb<\/strong><\/p>\n\n\n\n<p>L\u2019histoire de Lawrence Kanyuka ne se limite pas \u00e0 la sph\u00e8re politique ou m\u00e9diatique. Elle est intimement li\u00e9e aux logiques \u00e9conomiques d\u2019un conflit enracin\u00e9 dans l\u2019exploitation des ressources naturelles de l\u2019Est congolais. Selon l\u2019enqu\u00eate d\u2019Off Investigation, Kanyuka est \u00e0 la t\u00eate d\u2019une soci\u00e9t\u00e9 de conseil minier bas\u00e9e \u00e0 Paris, Kingston Holding, cr\u00e9\u00e9e en 2017. Cette entreprise, enregistr\u00e9e dans un contexte o\u00f9 Kanyuka \u00e9tait d\u00e9j\u00e0 un membre actif du M23, n\u2019a jamais d\u00e9pos\u00e9 ses comptes, une irr\u00e9gularit\u00e9 qui n\u2019a curieusement pas attir\u00e9 l\u2019attention des autorit\u00e9s fiscales fran\u00e7aises. Par ailleurs, Kanyuka d\u00e9tient \u00e9galement Kingston Fresh Ltd, une entit\u00e9 enregistr\u00e9e au Royaume-Uni, soup\u00e7onn\u00e9e d\u2019\u00eatre impliqu\u00e9e dans l\u2019exportation de minerais.<\/p>\n\n\n\n<p>Ces structures op\u00e8rent dans des fili\u00e8res strat\u00e9giques, notamment le coltan, l\u2019or et le cobalt, des ressources abondantes dans les zones contr\u00f4l\u00e9es par le M23, comme Rubaya, o\u00f9 le groupe a instaur\u00e9 une administration parall\u00e8le pour taxer les mineurs artisanaux. Off Investigation r\u00e9v\u00e8le que Kingston Holding aurait servi de canal pour exfiltrer des \u00ab minerais de sang \u00bb, des ressources extraites dans des conditions de violence et de violation des droits humains vers les march\u00e9s occidentaux. Ce commerce illicite, qui transite souvent par le Rwanda voisin, alimente un syst\u00e8me de rente permettant au M23 de financer ses activit\u00e9s militaires.<\/p>\n\n\n\n<p>L\u2019enqu\u00eate pointe \u00e9galement des d\u00e9faillances troublantes du fisc fran\u00e7ais. Alors que Kanyuka, \u00e9galement d\u00e9tenteur de la nationalit\u00e9 britannique, disposait d\u2019un pied-\u00e0-terre \u00e0 Saint-Maur-des-Foss\u00e9s, en banlieue parisienne, aucune investigation s\u00e9rieuse n\u2019a \u00e9t\u00e9 men\u00e9e sur ses activit\u00e9s. Cette inaction contraste avec les sanctions impos\u00e9es en f\u00e9vrier 2025 par les \u00c9tats-Unis, via le d\u00e9partement du Tr\u00e9sor, qui ont cibl\u00e9 Kanyuka et ses entit\u00e9s pour leur r\u00f4le de \u00ab facilitateur financier \u00bb du M23. L\u2019Union europ\u00e9enne a embo\u00eet\u00e9 le pas, gelant les avoirs de plusieurs cadres du mouvement, dont Kanyuka. Pourtant, ces mesures, bien que symboliques, peinent \u00e0 d\u00e9manteler un r\u00e9seau qui prosp\u00e8re gr\u00e2ce \u00e0 des complicit\u00e9s internationales.<\/p>\n\n\n\n<p>Le conflit congolais, comme le note Off Investigation, ne peut \u00eatre r\u00e9duit \u00e0 une lutte pour les minerais. Les tensions ethniques, les s\u00e9quelles du g\u00e9nocide rwandais de 1994 et les faiblesses de l\u2019\u00c9tat congolais jouent un r\u00f4le central. Cependant, les ressources mini\u00e8res qualifi\u00e9es de \u00ab scandale g\u00e9ologique \u00bb par certains observateurs restent un moteur incontournable. Le coltan, essentiel \u00e0 la fabrication des smartphones, repr\u00e9sente \u00e0 lui seul un enjeu strat\u00e9gique mondial. La RDC, qui d\u00e9tient 80 % des r\u00e9serves mondiales, voit ses richesses pill\u00e9es par des groupes arm\u00e9s comme le M23, avec la complicit\u00e9 implicite de certains acteurs internationaux.<\/p>\n\n\n\n<p><strong>Instrumentalisation ethnique et ambitions personnelles<\/strong><\/p>\n\n\n\n<p>Dans ses discours, Kanyuka se pose en d\u00e9fenseur des Tutsis congolais, une communaut\u00e9 qu\u2019il d\u00e9crit comme victime de discriminations syst\u00e9matiques. Ce positionnement, s\u2019il trouve un \u00e9cho aupr\u00e8s de certains jeunes Tutsis d\u00e9sabus\u00e9s, est vivement critiqu\u00e9 par des leaders communautaires qui rejettent l\u2019instrumentalisation de leur identit\u00e9. En r\u00e9alit\u00e9, les actions du M23 ont exacerb\u00e9 les clivages ethniques, provoquant des repr\u00e9sailles contre les Tutsis dans d\u2019autres r\u00e9gions et alimentant une spirale de m\u00e9fiance.<\/p>\n\n\n\n<p>L\u2019enqu\u00eate d\u2019Off Investigation cite David Maenda Kithoko, un r\u00e9fugi\u00e9 politique congolais en France, qui d\u00e9nonce une \u00ab industrialisation de la mise \u00e0 mort des Congolais \u00bb orchestr\u00e9e par des acteurs comme Kanyuka. Ce dernier, en se pr\u00e9sentant comme un m\u00e9diateur, contribue \u00e0 brouiller les pistes d\u2019une r\u00e9conciliation v\u00e9ritable, tout en servant ses propres ambitions. Son aisance \u00e0 naviguer entre Kigali, Paris, Londres et Duba\u00ef t\u00e9moigne d\u2019une strat\u00e9gie personnelle qui transcende les revendications communautaires.<\/p>\n\n\n\n<p><strong>Complicit\u00e9s internationales et impunit\u00e9<\/strong><\/p>\n\n\n\n<p>L\u2019un des aspects les plus troublants r\u00e9v\u00e9l\u00e9s par Off Investigation est la passivit\u00e9 de certains \u00c9tats face aux activit\u00e9s de Kanyuka. En France, o\u00f9 il a v\u00e9cu plusieurs ann\u00e9es, aucune enqu\u00eate s\u00e9rieuse n\u2019a \u00e9t\u00e9 ouverte sur Kingston Holding, malgr\u00e9 les soup\u00e7ons de blanchiment de minerais. Cette inertie alimente les accusations de complaisance, voire de connivence, entre la France, le Rwanda et le M23. Le 28 janvier 2025, l\u2019ambassade de France \u00e0 Kinshasa a \u00e9t\u00e9 attaqu\u00e9e par des manifestants d\u00e9non\u00e7ant l\u2019inaction de Paris face \u00e0 l\u2019avanc\u00e9e du M23 sur Goma. Ces tensions refl\u00e8tent un sentiment d\u2019abandon parmi les Congolais, qui per\u00e7oivent la communaut\u00e9 internationale comme complice par son silence.<\/p>\n\n\n\n<p>Le r\u00f4le du Rwanda, accus\u00e9 par Kinshasa et l\u2019ONU de soutenir le M23, est un autre point de friction. Off Investigation mentionne la plainte d\u00e9pos\u00e9e par le pr\u00e9sident F\u00e9lix Tshisekedi contre Apple \u00e0 Paris et Bruxelles, accusant le g\u00e9ant am\u00e9ricain d\u2019exploiter des minerais extraits par le M23 et blanchis via le Rwanda. Bien que cette plainte ait \u00e9t\u00e9 class\u00e9e sans suite \u00e0 Paris en f\u00e9vrier 2025, elle illustre la complexit\u00e9 des r\u00e9seaux transnationaux impliquant des entreprises technologiques, des groupes arm\u00e9s et des \u00c9tats complices.<\/p>\n\n\n\n<p><strong>Quel avenir pour cet homme aux multiples visages ?<\/strong><\/p>\n\n\n\n<p>Lawrence Kanyuka n\u2019est ni un simple porte-voix du M23 ni un businessman isol\u00e9. Il incarne une figure hybride, \u00e0 la crois\u00e9e des sph\u00e8res politique, financi\u00e8re et m\u00e9diatique, au service d\u2019un projet de subversion de l\u2019\u00c9tat congolais. Son influence, bien que non \u00e9lective, s\u2019\u00e9tend gr\u00e2ce \u00e0 un r\u00e9seau savamment entretenu entre Kigali, Duba\u00ef, Paris et Londres. Comme le souligne Off Investigation, des figures comme Kanyuka prosp\u00e8rent dans un syst\u00e8me o\u00f9 le chaos devient une source de profit, et o\u00f9 la diplomatie se confond avec la propagande.<\/p>\n\n\n\n<p>La pacification de l\u2019Est congolais reste un mirage tant que les m\u00e9canismes permettant \u00e0 de tels acteurs d\u2019op\u00e9rer en toute impunit\u00e9 ne seront pas d\u00e9mantel\u00e9s. Cela n\u00e9cessite une strat\u00e9gie globale ciblant les t\u00eates politiques, les ramifications \u00e9conomiques et les complicit\u00e9s transfrontali\u00e8res. Les sanctions internationales, bien qu\u2019utiles, ne suffisent pas si elles ne s\u2019accompagnent pas d\u2019une volont\u00e9 politique de traquer les r\u00e9seaux financiers et de renforcer la gouvernance congolaise.<\/p>\n\n\n\n<p>Kanyuka n\u2019est pas un ph\u00e9nom\u00e8ne isol\u00e9. Il est le produit d\u2019un \u00e9cosyst\u00e8me o\u00f9 la guerre est un commerce, et o\u00f9 les ressources de la RDC qualifi\u00e9es par certains de \u00ab mal\u00e9diction \u00bb, attirent les convoitises du monde entier. La communaut\u00e9 internationale, si elle souhaite rompre avec des d\u00e9cennies d\u2019inaction, devra cesser de fermer les yeux sur les Kanyuka de ce monde et affronter la v\u00e9rit\u00e9 d\u2019un conflit qui, sous couvert de revendications locales, sert des int\u00e9r\u00eats globaux.<\/p>\n\n\n\n<p class=\"has-text-align-right\"><strong>Heshima Magazine<\/strong><\/p>\n\n\n\n<p><\/p>\n","protected":false},"excerpt":{"rendered":"<p>Figure de proue du Mouvement du 23 mars (M23), Lawrence Kanyuka incarne aujourd\u2019hui l\u2019une des voix les plus audibles d\u2019un groupe arm\u00e9 qui, depuis plus d\u2019une d\u00e9cennie, attise les tensions dans l\u2019Est de la R\u00e9publique d\u00e9mocratique du Congo (RDC). Sous l\u2019apparence d\u2019un porte-parole politique rompu \u00e0 l\u2019exercice diplomatique, Kanyuka se d\u00e9ploie sur plusieurs fronts, m\u00ealant [&hellip;]<\/p>\n","protected":false},"author":1,"featured_media":5220,"comment_status":"closed","ping_status":"closed","sticky":false,"template":"","format":"standard","meta":{"footnotes":""},"categories":[3],"tags":[],"class_list":["post-5219","post","type-post","status-publish","format-standard","has-post-thumbnail","hentry","category-nation"],"yoast_head":"<!-- This site is optimized with the Yoast SEO plugin v23.3 - https:\/\/yoast.com\/wordpress\/plugins\/seo\/ -->\n<title>Lawrence Kanyuka : le masque d\u2019une r\u00e9bellion et des minerais de sang - HESHIMA MAGAZINE<\/title>\n<meta name=\"robots\" content=\"index, follow, max-snippet:-1, max-image-preview:large, max-video-preview:-1\" \/>\n<link rel=\"canonical\" href=\"https:\/\/heshimardc.net\/v1\/2025\/04\/15\/lawrence-kanyuka-le-masque-dune-rebellion-et-des-minerais-de-sang\/\" \/>\n<meta property=\"og:locale\" content=\"fr_FR\" \/>\n<meta property=\"og:type\" content=\"article\" \/>\n<meta property=\"og:title\" content=\"Lawrence Kanyuka : le masque d\u2019une r\u00e9bellion et des minerais de sang - HESHIMA MAGAZINE\" \/>\n<meta property=\"og:description\" content=\"Figure de proue du Mouvement du 23 mars (M23), Lawrence Kanyuka incarne aujourd\u2019hui l\u2019une des voix les plus audibles d\u2019un groupe arm\u00e9 qui, depuis plus d\u2019une d\u00e9cennie, attise les tensions dans l\u2019Est de la R\u00e9publique d\u00e9mocratique du Congo (RDC). Sous l\u2019apparence d\u2019un porte-parole politique rompu \u00e0 l\u2019exercice diplomatique, Kanyuka se d\u00e9ploie sur plusieurs fronts, m\u00ealant [&hellip;]\" \/>\n<meta property=\"og:url\" content=\"https:\/\/heshimardc.net\/v1\/2025\/04\/15\/lawrence-kanyuka-le-masque-dune-rebellion-et-des-minerais-de-sang\/\" \/>\n<meta property=\"og:site_name\" content=\"HESHIMA MAGAZINE\" \/>\n<meta property=\"article:publisher\" content=\"https:\/\/www.facebook.com\/heshimamagazine\" \/>\n<meta property=\"article:published_time\" content=\"2025-04-15T15:07:34+00:00\" \/>\n<meta property=\"article:modified_time\" content=\"2025-04-15T15:07:36+00:00\" \/>\n<meta property=\"og:image\" content=\"https:\/\/heshimardc.net\/v1\/wp-content\/uploads\/2025\/04\/74912.jpg\" \/>\n\t<meta property=\"og:image:width\" content=\"1200\" \/>\n\t<meta property=\"og:image:height\" content=\"700\" \/>\n\t<meta property=\"og:image:type\" content=\"image\/jpeg\" \/>\n<meta name=\"author\" content=\"La redaction\" \/>\n<meta name=\"twitter:card\" content=\"summary_large_image\" \/>\n<meta name=\"twitter:creator\" content=\"@HeshimaMag\" \/>\n<meta name=\"twitter:site\" content=\"@HeshimaMag\" \/>\n<meta name=\"twitter:label1\" content=\"\u00c9crit par\" \/>\n\t<meta name=\"twitter:data1\" content=\"La redaction\" \/>\n\t<meta name=\"twitter:label2\" content=\"Dur\u00e9e de lecture estim\u00e9e\" \/>\n\t<meta name=\"twitter:data2\" content=\"9 minutes\" \/>\n<script type=\"application\/ld+json\" class=\"yoast-schema-graph\">{\"@context\":\"https:\/\/schema.org\",\"@graph\":[{\"@type\":\"Article\",\"@id\":\"https:\/\/heshimardc.net\/v1\/2025\/04\/15\/lawrence-kanyuka-le-masque-dune-rebellion-et-des-minerais-de-sang\/#article\",\"isPartOf\":{\"@id\":\"https:\/\/heshimardc.net\/v1\/2025\/04\/15\/lawrence-kanyuka-le-masque-dune-rebellion-et-des-minerais-de-sang\/\"},\"author\":{\"name\":\"La redaction\",\"@id\":\"https:\/\/heshimardc.net\/v1\/#\/schema\/person\/7188c0b9e770a370943576373b325f91\"},\"headline\":\"Lawrence Kanyuka : le masque d\u2019une r\u00e9bellion et des minerais de sang\",\"datePublished\":\"2025-04-15T15:07:34+00:00\",\"dateModified\":\"2025-04-15T15:07:36+00:00\",\"mainEntityOfPage\":{\"@id\":\"https:\/\/heshimardc.net\/v1\/2025\/04\/15\/lawrence-kanyuka-le-masque-dune-rebellion-et-des-minerais-de-sang\/\"},\"wordCount\":1882,\"publisher\":{\"@id\":\"https:\/\/heshimardc.net\/v1\/#organization\"},\"image\":{\"@id\":\"https:\/\/heshimardc.net\/v1\/2025\/04\/15\/lawrence-kanyuka-le-masque-dune-rebellion-et-des-minerais-de-sang\/#primaryimage\"},\"thumbnailUrl\":\"https:\/\/heshimardc.net\/v1\/wp-content\/uploads\/2025\/04\/74912.jpg\",\"articleSection\":[\"Nation\"],\"inLanguage\":\"fr-FR\"},{\"@type\":\"WebPage\",\"@id\":\"https:\/\/heshimardc.net\/v1\/2025\/04\/15\/lawrence-kanyuka-le-masque-dune-rebellion-et-des-minerais-de-sang\/\",\"url\":\"https:\/\/heshimardc.net\/v1\/2025\/04\/15\/lawrence-kanyuka-le-masque-dune-rebellion-et-des-minerais-de-sang\/\",\"name\":\"Lawrence Kanyuka : le masque d\u2019une r\u00e9bellion et des minerais de sang - HESHIMA MAGAZINE\",\"isPartOf\":{\"@id\":\"https:\/\/heshimardc.net\/v1\/#website\"},\"primaryImageOfPage\":{\"@id\":\"https:\/\/heshimardc.net\/v1\/2025\/04\/15\/lawrence-kanyuka-le-masque-dune-rebellion-et-des-minerais-de-sang\/#primaryimage\"},\"image\":{\"@id\":\"https:\/\/heshimardc.net\/v1\/2025\/04\/15\/lawrence-kanyuka-le-masque-dune-rebellion-et-des-minerais-de-sang\/#primaryimage\"},\"thumbnailUrl\":\"https:\/\/heshimardc.net\/v1\/wp-content\/uploads\/2025\/04\/74912.jpg\",\"datePublished\":\"2025-04-15T15:07:34+00:00\",\"dateModified\":\"2025-04-15T15:07:36+00:00\",\"breadcrumb\":{\"@id\":\"https:\/\/heshimardc.net\/v1\/2025\/04\/15\/lawrence-kanyuka-le-masque-dune-rebellion-et-des-minerais-de-sang\/#breadcrumb\"},\"inLanguage\":\"fr-FR\",\"potentialAction\":[{\"@type\":\"ReadAction\",\"target\":[\"https:\/\/heshimardc.net\/v1\/2025\/04\/15\/lawrence-kanyuka-le-masque-dune-rebellion-et-des-minerais-de-sang\/\"]}]},{\"@type\":\"ImageObject\",\"inLanguage\":\"fr-FR\",\"@id\":\"https:\/\/heshimardc.net\/v1\/2025\/04\/15\/lawrence-kanyuka-le-masque-dune-rebellion-et-des-minerais-de-sang\/#primaryimage\",\"url\":\"https:\/\/heshimardc.net\/v1\/wp-content\/uploads\/2025\/04\/74912.jpg\",\"contentUrl\":\"https:\/\/heshimardc.net\/v1\/wp-content\/uploads\/2025\/04\/74912.jpg\",\"width\":1200,\"height\":700},{\"@type\":\"BreadcrumbList\",\"@id\":\"https:\/\/heshimardc.net\/v1\/2025\/04\/15\/lawrence-kanyuka-le-masque-dune-rebellion-et-des-minerais-de-sang\/#breadcrumb\",\"itemListElement\":[{\"@type\":\"ListItem\",\"position\":1,\"name\":\"Accueil\",\"item\":\"https:\/\/heshimardc.net\/v1\/\"},{\"@type\":\"ListItem\",\"position\":2,\"name\":\"Lawrence Kanyuka : le masque d\u2019une r\u00e9bellion et des minerais de sang\"}]},{\"@type\":\"WebSite\",\"@id\":\"https:\/\/heshimardc.net\/v1\/#website\",\"url\":\"https:\/\/heshimardc.net\/v1\/\",\"name\":\"HESHIMA MAGAZINE\",\"description\":\"Le magazine Congolais qui bat au rythme de l&#039;actualit\u00e9\",\"publisher\":{\"@id\":\"https:\/\/heshimardc.net\/v1\/#organization\"},\"potentialAction\":[{\"@type\":\"SearchAction\",\"target\":{\"@type\":\"EntryPoint\",\"urlTemplate\":\"https:\/\/heshimardc.net\/v1\/?s={search_term_string}\"},\"query-input\":\"required name=search_term_string\"}],\"inLanguage\":\"fr-FR\"},{\"@type\":\"Organization\",\"@id\":\"https:\/\/heshimardc.net\/v1\/#organization\",\"name\":\"HESHIMA MAGAZINE\",\"url\":\"https:\/\/heshimardc.net\/v1\/\",\"logo\":{\"@type\":\"ImageObject\",\"inLanguage\":\"fr-FR\",\"@id\":\"https:\/\/heshimardc.net\/v1\/#\/schema\/logo\/image\/\",\"url\":\"https:\/\/heshimardc.net\/v1\/wp-content\/uploads\/2020\/09\/logo.png\",\"contentUrl\":\"https:\/\/heshimardc.net\/v1\/wp-content\/uploads\/2020\/09\/logo.png\",\"width\":99,\"height\":130,\"caption\":\"HESHIMA MAGAZINE\"},\"image\":{\"@id\":\"https:\/\/heshimardc.net\/v1\/#\/schema\/logo\/image\/\"},\"sameAs\":[\"https:\/\/www.facebook.com\/heshimamagazine\",\"https:\/\/x.com\/HeshimaMag\"]},{\"@type\":\"Person\",\"@id\":\"https:\/\/heshimardc.net\/v1\/#\/schema\/person\/7188c0b9e770a370943576373b325f91\",\"name\":\"La redaction\",\"image\":{\"@type\":\"ImageObject\",\"inLanguage\":\"fr-FR\",\"@id\":\"https:\/\/heshimardc.net\/v1\/#\/schema\/person\/image\/\",\"url\":\"https:\/\/secure.gravatar.com\/avatar\/b53b1a4a434346e76d3ea6c9ecf19fc8?s=96&d=mm&r=g\",\"contentUrl\":\"https:\/\/secure.gravatar.com\/avatar\/b53b1a4a434346e76d3ea6c9ecf19fc8?s=96&d=mm&r=g\",\"caption\":\"La redaction\"},\"sameAs\":[\"https:\/\/heshimardc.net\/v1\",\"La redaction\"],\"url\":\"https:\/\/heshimardc.net\/v1\/author\/la-redaction\/\"}]}<\/script>\n<!-- \/ Yoast SEO plugin. -->","yoast_head_json":{"title":"Lawrence Kanyuka : le masque d\u2019une r\u00e9bellion et des minerais de sang - HESHIMA MAGAZINE","robots":{"index":"index","follow":"follow","max-snippet":"max-snippet:-1","max-image-preview":"max-image-preview:large","max-video-preview":"max-video-preview:-1"},"canonical":"https:\/\/heshimardc.net\/v1\/2025\/04\/15\/lawrence-kanyuka-le-masque-dune-rebellion-et-des-minerais-de-sang\/","og_locale":"fr_FR","og_type":"article","og_title":"Lawrence Kanyuka : le masque d\u2019une r\u00e9bellion et des minerais de sang - HESHIMA MAGAZINE","og_description":"Figure de proue du Mouvement du 23 mars (M23), Lawrence Kanyuka incarne aujourd\u2019hui l\u2019une des voix les plus audibles d\u2019un groupe arm\u00e9 qui, depuis plus d\u2019une d\u00e9cennie, attise les tensions dans l\u2019Est de la R\u00e9publique d\u00e9mocratique du Congo (RDC). Sous l\u2019apparence d\u2019un porte-parole politique rompu \u00e0 l\u2019exercice diplomatique, Kanyuka se d\u00e9ploie sur plusieurs fronts, m\u00ealant [&hellip;]","og_url":"https:\/\/heshimardc.net\/v1\/2025\/04\/15\/lawrence-kanyuka-le-masque-dune-rebellion-et-des-minerais-de-sang\/","og_site_name":"HESHIMA MAGAZINE","article_publisher":"https:\/\/www.facebook.com\/heshimamagazine","article_published_time":"2025-04-15T15:07:34+00:00","article_modified_time":"2025-04-15T15:07:36+00:00","og_image":[{"width":1200,"height":700,"url":"https:\/\/heshimardc.net\/v1\/wp-content\/uploads\/2025\/04\/74912.jpg","type":"image\/jpeg"}],"author":"La redaction","twitter_card":"summary_large_image","twitter_creator":"@HeshimaMag","twitter_site":"@HeshimaMag","twitter_misc":{"\u00c9crit par":"La redaction","Dur\u00e9e de lecture estim\u00e9e":"9 minutes"},"schema":{"@context":"https:\/\/schema.org","@graph":[{"@type":"Article","@id":"https:\/\/heshimardc.net\/v1\/2025\/04\/15\/lawrence-kanyuka-le-masque-dune-rebellion-et-des-minerais-de-sang\/#article","isPartOf":{"@id":"https:\/\/heshimardc.net\/v1\/2025\/04\/15\/lawrence-kanyuka-le-masque-dune-rebellion-et-des-minerais-de-sang\/"},"author":{"name":"La redaction","@id":"https:\/\/heshimardc.net\/v1\/#\/schema\/person\/7188c0b9e770a370943576373b325f91"},"headline":"Lawrence Kanyuka : le masque d\u2019une r\u00e9bellion et des minerais de sang","datePublished":"2025-04-15T15:07:34+00:00","dateModified":"2025-04-15T15:07:36+00:00","mainEntityOfPage":{"@id":"https:\/\/heshimardc.net\/v1\/2025\/04\/15\/lawrence-kanyuka-le-masque-dune-rebellion-et-des-minerais-de-sang\/"},"wordCount":1882,"publisher":{"@id":"https:\/\/heshimardc.net\/v1\/#organization"},"image":{"@id":"https:\/\/heshimardc.net\/v1\/2025\/04\/15\/lawrence-kanyuka-le-masque-dune-rebellion-et-des-minerais-de-sang\/#primaryimage"},"thumbnailUrl":"https:\/\/heshimardc.net\/v1\/wp-content\/uploads\/2025\/04\/74912.jpg","articleSection":["Nation"],"inLanguage":"fr-FR"},{"@type":"WebPage","@id":"https:\/\/heshimardc.net\/v1\/2025\/04\/15\/lawrence-kanyuka-le-masque-dune-rebellion-et-des-minerais-de-sang\/","url":"https:\/\/heshimardc.net\/v1\/2025\/04\/15\/lawrence-kanyuka-le-masque-dune-rebellion-et-des-minerais-de-sang\/","name":"Lawrence Kanyuka : le masque d\u2019une r\u00e9bellion et des minerais de sang - HESHIMA MAGAZINE","isPartOf":{"@id":"https:\/\/heshimardc.net\/v1\/#website"},"primaryImageOfPage":{"@id":"https:\/\/heshimardc.net\/v1\/2025\/04\/15\/lawrence-kanyuka-le-masque-dune-rebellion-et-des-minerais-de-sang\/#primaryimage"},"image":{"@id":"https:\/\/heshimardc.net\/v1\/2025\/04\/15\/lawrence-kanyuka-le-masque-dune-rebellion-et-des-minerais-de-sang\/#primaryimage"},"thumbnailUrl":"https:\/\/heshimardc.net\/v1\/wp-content\/uploads\/2025\/04\/74912.jpg","datePublished":"2025-04-15T15:07:34+00:00","dateModified":"2025-04-15T15:07:36+00:00","breadcrumb":{"@id":"https:\/\/heshimardc.net\/v1\/2025\/04\/15\/lawrence-kanyuka-le-masque-dune-rebellion-et-des-minerais-de-sang\/#breadcrumb"},"inLanguage":"fr-FR","potentialAction":[{"@type":"ReadAction","target":["https:\/\/heshimardc.net\/v1\/2025\/04\/15\/lawrence-kanyuka-le-masque-dune-rebellion-et-des-minerais-de-sang\/"]}]},{"@type":"ImageObject","inLanguage":"fr-FR","@id":"https:\/\/heshimardc.net\/v1\/2025\/04\/15\/lawrence-kanyuka-le-masque-dune-rebellion-et-des-minerais-de-sang\/#primaryimage","url":"https:\/\/heshimardc.net\/v1\/wp-content\/uploads\/2025\/04\/74912.jpg","contentUrl":"https:\/\/heshimardc.net\/v1\/wp-content\/uploads\/2025\/04\/74912.jpg","width":1200,"height":700},{"@type":"BreadcrumbList","@id":"https:\/\/heshimardc.net\/v1\/2025\/04\/15\/lawrence-kanyuka-le-masque-dune-rebellion-et-des-minerais-de-sang\/#breadcrumb","itemListElement":[{"@type":"ListItem","position":1,"name":"Accueil","item":"https:\/\/heshimardc.net\/v1\/"},{"@type":"ListItem","position":2,"name":"Lawrence Kanyuka : le masque d\u2019une r\u00e9bellion et des minerais de sang"}]},{"@type":"WebSite","@id":"https:\/\/heshimardc.net\/v1\/#website","url":"https:\/\/heshimardc.net\/v1\/","name":"HESHIMA MAGAZINE","description":"Le magazine Congolais qui bat au rythme de l&#039;actualit\u00e9","publisher":{"@id":"https:\/\/heshimardc.net\/v1\/#organization"},"potentialAction":[{"@type":"SearchAction","target":{"@type":"EntryPoint","urlTemplate":"https:\/\/heshimardc.net\/v1\/?s={search_term_string}"},"query-input":"required name=search_term_string"}],"inLanguage":"fr-FR"},{"@type":"Organization","@id":"https:\/\/heshimardc.net\/v1\/#organization","name":"HESHIMA MAGAZINE","url":"https:\/\/heshimardc.net\/v1\/","logo":{"@type":"ImageObject","inLanguage":"fr-FR","@id":"https:\/\/heshimardc.net\/v1\/#\/schema\/logo\/image\/","url":"https:\/\/heshimardc.net\/v1\/wp-content\/uploads\/2020\/09\/logo.png","contentUrl":"https:\/\/heshimardc.net\/v1\/wp-content\/uploads\/2020\/09\/logo.png","width":99,"height":130,"caption":"HESHIMA MAGAZINE"},"image":{"@id":"https:\/\/heshimardc.net\/v1\/#\/schema\/logo\/image\/"},"sameAs":["https:\/\/www.facebook.com\/heshimamagazine","https:\/\/x.com\/HeshimaMag"]},{"@type":"Person","@id":"https:\/\/heshimardc.net\/v1\/#\/schema\/person\/7188c0b9e770a370943576373b325f91","name":"La redaction","image":{"@type":"ImageObject","inLanguage":"fr-FR","@id":"https:\/\/heshimardc.net\/v1\/#\/schema\/person\/image\/","url":"https:\/\/secure.gravatar.com\/avatar\/b53b1a4a434346e76d3ea6c9ecf19fc8?s=96&d=mm&r=g","contentUrl":"https:\/\/secure.gravatar.com\/avatar\/b53b1a4a434346e76d3ea6c9ecf19fc8?s=96&d=mm&r=g","caption":"La redaction"},"sameAs":["https:\/\/heshimardc.net\/v1","La redaction"],"url":"https:\/\/heshimardc.net\/v1\/author\/la-redaction\/"}]}},"amp_enabled":true,"_links":{"self":[{"href":"https:\/\/heshimardc.net\/v1\/wp-json\/wp\/v2\/posts\/5219"}],"collection":[{"href":"https:\/\/heshimardc.net\/v1\/wp-json\/wp\/v2\/posts"}],"about":[{"href":"https:\/\/heshimardc.net\/v1\/wp-json\/wp\/v2\/types\/post"}],"author":[{"embeddable":true,"href":"https:\/\/heshimardc.net\/v1\/wp-json\/wp\/v2\/users\/1"}],"replies":[{"embeddable":true,"href":"https:\/\/heshimardc.net\/v1\/wp-json\/wp\/v2\/comments?post=5219"}],"version-history":[{"count":1,"href":"https:\/\/heshimardc.net\/v1\/wp-json\/wp\/v2\/posts\/5219\/revisions"}],"predecessor-version":[{"id":5221,"href":"https:\/\/heshimardc.net\/v1\/wp-json\/wp\/v2\/posts\/5219\/revisions\/5221"}],"wp:featuredmedia":[{"embeddable":true,"href":"https:\/\/heshimardc.net\/v1\/wp-json\/wp\/v2\/media\/5220"}],"wp:attachment":[{"href":"https:\/\/heshimardc.net\/v1\/wp-json\/wp\/v2\/media?parent=5219"}],"wp:term":[{"taxonomy":"category","embeddable":true,"href":"https:\/\/heshimardc.net\/v1\/wp-json\/wp\/v2\/categories?post=5219"},{"taxonomy":"post_tag","embeddable":true,"href":"https:\/\/heshimardc.net\/v1\/wp-json\/wp\/v2\/tags?post=5219"}],"curies":[{"name":"wp","href":"https:\/\/api.w.org\/{rel}","templated":true}]}}