{"id":5225,"date":"2025-04-16T15:56:34","date_gmt":"2025-04-16T15:56:34","guid":{"rendered":"https:\/\/heshimardc.net\/v1\/?p=5225"},"modified":"2025-04-16T15:56:35","modified_gmt":"2025-04-16T15:56:35","slug":"conflit-rdc-rwanda-faure-gnassingbe-et-sa-delicate-mission-de-mediation","status":"publish","type":"post","link":"https:\/\/heshimardc.net\/v1\/2025\/04\/16\/conflit-rdc-rwanda-faure-gnassingbe-et-sa-delicate-mission-de-mediation\/","title":{"rendered":"Conflit RDC-Rwanda : Faure Gnassingb\u00e9 et sa d\u00e9licate mission de m\u00e9diation"},"content":{"rendered":"\n<p><strong>Sauf changement, le pr\u00e9sident togolais, Faure Gnassingb\u00e9, doit arriver en R\u00e9publique d\u00e9mocratique du Congo (RDC) cette semaine. Cette visite s&rsquo;inscrit dans le cadre de ses premiers contacts dans sa casquette de nouveau m\u00e9diateur dans la crise s\u00e9curitaire qui secoue l\u2019Est congolais. Mais le successeur du pr\u00e9sident angolais Jo\u00e3o Louren\u00e7o n\u2019a peu de marge de man\u0153uvre dans cette d\u00e9licate mission o\u00f9 le Qatar semble voler la vedette aux initiatives africaines. Ce m\u00e9diateur aura-t-il la pleine confiance des parties au conflit ? Analyse.<\/strong><\/p>\n\n\n\n<p>Depuis le week-end dernier, Faure Gnassingb\u00e9 a pris officiellement la t\u00eate de la m\u00e9diation entre la RDC et le Rwanda. Une d\u00e9cision annonc\u00e9e le 5 avril 2025 par Jo\u00e3o Louren\u00e7o, pr\u00e9sident angolais et pr\u00e9sident en exercice de l\u2019Union africaine (UA), lors d\u2019une r\u00e9union virtuelle du bureau de l\u2019organisation. L\u2019Angolais Jo\u00e3o Louren\u00e7o, qui occupait cette fonction depuis deux ans, s\u2019est retir\u00e9 apr\u00e8s avoir pris les commandes de l\u2019Union africaine. La grande question qui se pose reste celle de savoir si le Togolais aura les coud\u00e9es franches pour d\u00e9partager Kinshasa et Kigali dans ce conflit trentenaire.<\/p>\n\n\n\n<p>Dans l\u2019angle des diplomates, Faure Gnassingb\u00e9 est per\u00e7u comme une personnalit\u00e9 consensuelle, non directement impliqu\u00e9e dans la crise et dont le pays n\u2019est membre d\u2019aucune organisation r\u00e9gionale touch\u00e9e par ce conflit.<\/p>\n\n\n\n<p>Certains observateurs pr\u00e9sentent le pr\u00e9sident togolais comme un habitu\u00e9 du palais pr\u00e9sidentiel de Kigali. D\u2019autres, par contre, vantent ses liens avec F\u00e9lix Tshisekedi. \u00c0 Kinshasa, sa d\u00e9signation a \u00e9t\u00e9 accueillie sans un grand enthousiasme. \u00ab Ce qui compte aujourd\u2019hui, c\u2019est de pouvoir parler avec le Rwanda, un \u00c9tat qui a agress\u00e9 notre pays. Il faut absolument un facilitateur. Est-ce que Faure Gnassingb\u00e9 est le bon ? Est-il pertinent ? Notre chef de l\u2019\u00c9tat en jugera et nous tiendra inform\u00e9s. \u00bb, a estim\u00e9 Lambert Mende, membre de l\u2019Union sacr\u00e9e, la plateforme au pouvoir en RDC.<\/p>\n\n\n\n<p>Au sein de l\u2019opposition congolaise, les avis sont partag\u00e9s. Certains per\u00e7oivent cette initiative de l\u2019Union africaine comme \u00e9tant concurrente \u00e0 d\u2019autres initiatives r\u00e9gionales ou internationales. \u00ab Je salue toutes les initiatives de paix. Mais aujourd\u2019hui, elles sont dispers\u00e9es, parall\u00e8les, parfois concurrentes et simultan\u00e9es. Leur juxtaposition cr\u00e9e de la confusion et nous \u00e9loigne chaque jour de la solution que notre peuple attend. Il faut vite ramener de la clart\u00e9 et une meilleure coordination. \u00bb, a r\u00e9agi Andr\u00e9 Claudel Lubaya, opposant en exil.<\/p>\n\n\n\n<p>La d\u00e9signation du Togolais a cr\u00e9\u00e9 une controverse notamment chez un mouvement de la diaspora togolaise bas\u00e9 en France, \u00ab Freedom Togo \u00bb. Pour cette organisation, la nomination du pr\u00e9sident togolais est une insulte aux id\u00e9aux panafricains. Il est accus\u00e9 de d\u00e9rives autoritaires depuis son arriv\u00e9e au pouvoir en 2005. Cette organisation estime qu&rsquo;on ne peut pas confier une mission de paix \u00e0 un dirigeant qui r\u00e9prime l&rsquo;opposition dans son propre pays, muselle les m\u00e9dias et se positionne comme proche de Paul Kagame, l&rsquo;une des parties au conflit.<\/p>\n\n\n\n<p><strong>Doha prend de l\u2019avance<\/strong><\/p>\n\n\n\n<p>Pendant que les organisations r\u00e9gionales comme la Communaut\u00e9 d\u2019Afrique de l\u2019Est (EAC) et la Communaut\u00e9 de d\u00e9veloppement d\u2019Afrique australe (SADC) tra\u00eenent encore les pieds, le Qatar a r\u00e9ussi \u00e0 r\u00e9unir les deux dirigeants en conflit : F\u00e9lix Tshisekedi et Paul Kagame. Doha a pris de l\u2019avance en d\u00e9marrant un dialogue direct entre Kinshasa et les rebelles du Mouvement du 23 mars (AFC\/M23). Pendant ce temps, des initiatives parall\u00e8les sont prises \u00e0 Dar Es Salam ou \u00e0 Addis-Abeba. Lors d\u2019un sommet virtuel, les dirigeants de deux organisations sous-r\u00e9gionales ont d\u00e9cid\u00e9 d\u2019\u00e9largir le cadre de la m\u00e9diation en d\u00e9signant de nouvelles personnalit\u00e9s pour \u00e9pauler la m\u00e9diation des anciens pr\u00e9sidents Olusegun Obasanjo (Nigeria) et Uhuru Kenyatta (Kenya). Ce qui cr\u00e9e un panel de cinq facilitateurs. Parmi eux, l\u2019ancienne pr\u00e9sidente de transition centrafricaine, Catherine Samba Panza, ne s\u2019est jamais d\u00e9plac\u00e9e depuis sa d\u00e9signation.<\/p>\n\n\n\n<p>\u00c0 c\u00f4t\u00e9 de cette initiative r\u00e9gionale, se juxtapose celle de l\u2019Afrique avec le Togolais Faure Gnassingb\u00e9. Ce qui d\u00e9montre la d\u00e9licatesse de sa mission pendant que personne ne sait quelle initiative r\u00e9ussira \u00e0 r\u00e9unir les protagonistes autour de la table. Pour l\u2019instant, seul le Qatar a marqu\u00e9 les pas, contrastant avec la politique africaine qui veut que les probl\u00e8mes africains trouvent des solutions africaines.<\/p>\n\n\n\n<p class=\"has-text-align-right\"><strong>Heshima<\/strong><\/p>\n","protected":false},"excerpt":{"rendered":"<p>Sauf changement, le pr\u00e9sident togolais, Faure Gnassingb\u00e9, doit arriver en R\u00e9publique d\u00e9mocratique du Congo (RDC) cette semaine. Cette visite s&rsquo;inscrit dans le cadre de ses premiers contacts dans sa casquette de nouveau m\u00e9diateur dans la crise s\u00e9curitaire qui secoue l\u2019Est congolais. Mais le successeur du pr\u00e9sident angolais Jo\u00e3o Louren\u00e7o n\u2019a peu de marge de man\u0153uvre [&hellip;]<\/p>\n","protected":false},"author":1,"featured_media":5226,"comment_status":"closed","ping_status":"closed","sticky":false,"template":"","format":"standard","meta":{"footnotes":""},"categories":[3],"tags":[],"class_list":["post-5225","post","type-post","status-publish","format-standard","has-post-thumbnail","hentry","category-nation"],"yoast_head":"<!-- This site is optimized with the Yoast SEO plugin v23.3 - https:\/\/yoast.com\/wordpress\/plugins\/seo\/ -->\n<title>Conflit RDC-Rwanda : Faure Gnassingb\u00e9 et sa d\u00e9licate mission de m\u00e9diation - HESHIMA MAGAZINE<\/title>\n<meta name=\"robots\" content=\"index, follow, max-snippet:-1, max-image-preview:large, max-video-preview:-1\" \/>\n<link rel=\"canonical\" href=\"https:\/\/heshimardc.net\/v1\/2025\/04\/16\/conflit-rdc-rwanda-faure-gnassingbe-et-sa-delicate-mission-de-mediation\/\" \/>\n<meta property=\"og:locale\" content=\"fr_FR\" \/>\n<meta property=\"og:type\" content=\"article\" \/>\n<meta property=\"og:title\" content=\"Conflit RDC-Rwanda : Faure Gnassingb\u00e9 et sa d\u00e9licate mission de m\u00e9diation - HESHIMA MAGAZINE\" \/>\n<meta property=\"og:description\" content=\"Sauf changement, le pr\u00e9sident togolais, Faure Gnassingb\u00e9, doit arriver en R\u00e9publique d\u00e9mocratique du Congo (RDC) cette semaine. Cette visite s&rsquo;inscrit dans le cadre de ses premiers contacts dans sa casquette de nouveau m\u00e9diateur dans la crise s\u00e9curitaire qui secoue l\u2019Est congolais. Mais le successeur du pr\u00e9sident angolais Jo\u00e3o Louren\u00e7o n\u2019a peu de marge de man\u0153uvre [&hellip;]\" \/>\n<meta property=\"og:url\" content=\"https:\/\/heshimardc.net\/v1\/2025\/04\/16\/conflit-rdc-rwanda-faure-gnassingbe-et-sa-delicate-mission-de-mediation\/\" \/>\n<meta property=\"og:site_name\" content=\"HESHIMA MAGAZINE\" \/>\n<meta property=\"article:publisher\" content=\"https:\/\/www.facebook.com\/heshimamagazine\" \/>\n<meta property=\"article:published_time\" content=\"2025-04-16T15:56:34+00:00\" \/>\n<meta property=\"article:modified_time\" content=\"2025-04-16T15:56:35+00:00\" \/>\n<meta property=\"og:image\" content=\"https:\/\/heshimardc.net\/v1\/wp-content\/uploads\/2025\/04\/Capture-decran-2025-04-16-a-16.54.20.png\" \/>\n\t<meta property=\"og:image:width\" content=\"722\" \/>\n\t<meta property=\"og:image:height\" content=\"435\" \/>\n\t<meta property=\"og:image:type\" content=\"image\/png\" \/>\n<meta name=\"author\" content=\"La redaction\" \/>\n<meta name=\"twitter:card\" content=\"summary_large_image\" \/>\n<meta name=\"twitter:creator\" content=\"@HeshimaMag\" \/>\n<meta name=\"twitter:site\" content=\"@HeshimaMag\" \/>\n<meta name=\"twitter:label1\" content=\"\u00c9crit par\" \/>\n\t<meta name=\"twitter:data1\" content=\"La redaction\" \/>\n\t<meta name=\"twitter:label2\" content=\"Dur\u00e9e de lecture estim\u00e9e\" \/>\n\t<meta name=\"twitter:data2\" content=\"4 minutes\" \/>\n<script type=\"application\/ld+json\" class=\"yoast-schema-graph\">{\"@context\":\"https:\/\/schema.org\",\"@graph\":[{\"@type\":\"Article\",\"@id\":\"https:\/\/heshimardc.net\/v1\/2025\/04\/16\/conflit-rdc-rwanda-faure-gnassingbe-et-sa-delicate-mission-de-mediation\/#article\",\"isPartOf\":{\"@id\":\"https:\/\/heshimardc.net\/v1\/2025\/04\/16\/conflit-rdc-rwanda-faure-gnassingbe-et-sa-delicate-mission-de-mediation\/\"},\"author\":{\"name\":\"La redaction\",\"@id\":\"https:\/\/heshimardc.net\/v1\/#\/schema\/person\/7188c0b9e770a370943576373b325f91\"},\"headline\":\"Conflit RDC-Rwanda : Faure Gnassingb\u00e9 et sa d\u00e9licate mission de m\u00e9diation\",\"datePublished\":\"2025-04-16T15:56:34+00:00\",\"dateModified\":\"2025-04-16T15:56:35+00:00\",\"mainEntityOfPage\":{\"@id\":\"https:\/\/heshimardc.net\/v1\/2025\/04\/16\/conflit-rdc-rwanda-faure-gnassingbe-et-sa-delicate-mission-de-mediation\/\"},\"wordCount\":777,\"publisher\":{\"@id\":\"https:\/\/heshimardc.net\/v1\/#organization\"},\"image\":{\"@id\":\"https:\/\/heshimardc.net\/v1\/2025\/04\/16\/conflit-rdc-rwanda-faure-gnassingbe-et-sa-delicate-mission-de-mediation\/#primaryimage\"},\"thumbnailUrl\":\"https:\/\/heshimardc.net\/v1\/wp-content\/uploads\/2025\/04\/Capture-decran-2025-04-16-a-16.54.20.png\",\"articleSection\":[\"Nation\"],\"inLanguage\":\"fr-FR\"},{\"@type\":\"WebPage\",\"@id\":\"https:\/\/heshimardc.net\/v1\/2025\/04\/16\/conflit-rdc-rwanda-faure-gnassingbe-et-sa-delicate-mission-de-mediation\/\",\"url\":\"https:\/\/heshimardc.net\/v1\/2025\/04\/16\/conflit-rdc-rwanda-faure-gnassingbe-et-sa-delicate-mission-de-mediation\/\",\"name\":\"Conflit RDC-Rwanda : Faure Gnassingb\u00e9 et sa d\u00e9licate mission de m\u00e9diation - HESHIMA MAGAZINE\",\"isPartOf\":{\"@id\":\"https:\/\/heshimardc.net\/v1\/#website\"},\"primaryImageOfPage\":{\"@id\":\"https:\/\/heshimardc.net\/v1\/2025\/04\/16\/conflit-rdc-rwanda-faure-gnassingbe-et-sa-delicate-mission-de-mediation\/#primaryimage\"},\"image\":{\"@id\":\"https:\/\/heshimardc.net\/v1\/2025\/04\/16\/conflit-rdc-rwanda-faure-gnassingbe-et-sa-delicate-mission-de-mediation\/#primaryimage\"},\"thumbnailUrl\":\"https:\/\/heshimardc.net\/v1\/wp-content\/uploads\/2025\/04\/Capture-decran-2025-04-16-a-16.54.20.png\",\"datePublished\":\"2025-04-16T15:56:34+00:00\",\"dateModified\":\"2025-04-16T15:56:35+00:00\",\"breadcrumb\":{\"@id\":\"https:\/\/heshimardc.net\/v1\/2025\/04\/16\/conflit-rdc-rwanda-faure-gnassingbe-et-sa-delicate-mission-de-mediation\/#breadcrumb\"},\"inLanguage\":\"fr-FR\",\"potentialAction\":[{\"@type\":\"ReadAction\",\"target\":[\"https:\/\/heshimardc.net\/v1\/2025\/04\/16\/conflit-rdc-rwanda-faure-gnassingbe-et-sa-delicate-mission-de-mediation\/\"]}]},{\"@type\":\"ImageObject\",\"inLanguage\":\"fr-FR\",\"@id\":\"https:\/\/heshimardc.net\/v1\/2025\/04\/16\/conflit-rdc-rwanda-faure-gnassingbe-et-sa-delicate-mission-de-mediation\/#primaryimage\",\"url\":\"https:\/\/heshimardc.net\/v1\/wp-content\/uploads\/2025\/04\/Capture-decran-2025-04-16-a-16.54.20.png\",\"contentUrl\":\"https:\/\/heshimardc.net\/v1\/wp-content\/uploads\/2025\/04\/Capture-decran-2025-04-16-a-16.54.20.png\",\"width\":722,\"height\":435},{\"@type\":\"BreadcrumbList\",\"@id\":\"https:\/\/heshimardc.net\/v1\/2025\/04\/16\/conflit-rdc-rwanda-faure-gnassingbe-et-sa-delicate-mission-de-mediation\/#breadcrumb\",\"itemListElement\":[{\"@type\":\"ListItem\",\"position\":1,\"name\":\"Accueil\",\"item\":\"https:\/\/heshimardc.net\/v1\/\"},{\"@type\":\"ListItem\",\"position\":2,\"name\":\"Conflit RDC-Rwanda : Faure Gnassingb\u00e9 et sa d\u00e9licate mission de m\u00e9diation\"}]},{\"@type\":\"WebSite\",\"@id\":\"https:\/\/heshimardc.net\/v1\/#website\",\"url\":\"https:\/\/heshimardc.net\/v1\/\",\"name\":\"HESHIMA MAGAZINE\",\"description\":\"Le magazine Congolais qui bat au rythme de l&#039;actualit\u00e9\",\"publisher\":{\"@id\":\"https:\/\/heshimardc.net\/v1\/#organization\"},\"potentialAction\":[{\"@type\":\"SearchAction\",\"target\":{\"@type\":\"EntryPoint\",\"urlTemplate\":\"https:\/\/heshimardc.net\/v1\/?s={search_term_string}\"},\"query-input\":\"required name=search_term_string\"}],\"inLanguage\":\"fr-FR\"},{\"@type\":\"Organization\",\"@id\":\"https:\/\/heshimardc.net\/v1\/#organization\",\"name\":\"HESHIMA MAGAZINE\",\"url\":\"https:\/\/heshimardc.net\/v1\/\",\"logo\":{\"@type\":\"ImageObject\",\"inLanguage\":\"fr-FR\",\"@id\":\"https:\/\/heshimardc.net\/v1\/#\/schema\/logo\/image\/\",\"url\":\"https:\/\/heshimardc.net\/v1\/wp-content\/uploads\/2020\/09\/logo.png\",\"contentUrl\":\"https:\/\/heshimardc.net\/v1\/wp-content\/uploads\/2020\/09\/logo.png\",\"width\":99,\"height\":130,\"caption\":\"HESHIMA MAGAZINE\"},\"image\":{\"@id\":\"https:\/\/heshimardc.net\/v1\/#\/schema\/logo\/image\/\"},\"sameAs\":[\"https:\/\/www.facebook.com\/heshimamagazine\",\"https:\/\/x.com\/HeshimaMag\"]},{\"@type\":\"Person\",\"@id\":\"https:\/\/heshimardc.net\/v1\/#\/schema\/person\/7188c0b9e770a370943576373b325f91\",\"name\":\"La redaction\",\"image\":{\"@type\":\"ImageObject\",\"inLanguage\":\"fr-FR\",\"@id\":\"https:\/\/heshimardc.net\/v1\/#\/schema\/person\/image\/\",\"url\":\"https:\/\/secure.gravatar.com\/avatar\/b53b1a4a434346e76d3ea6c9ecf19fc8?s=96&d=mm&r=g\",\"contentUrl\":\"https:\/\/secure.gravatar.com\/avatar\/b53b1a4a434346e76d3ea6c9ecf19fc8?s=96&d=mm&r=g\",\"caption\":\"La redaction\"},\"sameAs\":[\"https:\/\/heshimardc.net\/v1\",\"La redaction\"],\"url\":\"https:\/\/heshimardc.net\/v1\/author\/la-redaction\/\"}]}<\/script>\n<!-- \/ Yoast SEO plugin. -->","yoast_head_json":{"title":"Conflit RDC-Rwanda : Faure Gnassingb\u00e9 et sa d\u00e9licate mission de m\u00e9diation - HESHIMA MAGAZINE","robots":{"index":"index","follow":"follow","max-snippet":"max-snippet:-1","max-image-preview":"max-image-preview:large","max-video-preview":"max-video-preview:-1"},"canonical":"https:\/\/heshimardc.net\/v1\/2025\/04\/16\/conflit-rdc-rwanda-faure-gnassingbe-et-sa-delicate-mission-de-mediation\/","og_locale":"fr_FR","og_type":"article","og_title":"Conflit RDC-Rwanda : Faure Gnassingb\u00e9 et sa d\u00e9licate mission de m\u00e9diation - HESHIMA MAGAZINE","og_description":"Sauf changement, le pr\u00e9sident togolais, Faure Gnassingb\u00e9, doit arriver en R\u00e9publique d\u00e9mocratique du Congo (RDC) cette semaine. Cette visite s&rsquo;inscrit dans le cadre de ses premiers contacts dans sa casquette de nouveau m\u00e9diateur dans la crise s\u00e9curitaire qui secoue l\u2019Est congolais. Mais le successeur du pr\u00e9sident angolais Jo\u00e3o Louren\u00e7o n\u2019a peu de marge de man\u0153uvre [&hellip;]","og_url":"https:\/\/heshimardc.net\/v1\/2025\/04\/16\/conflit-rdc-rwanda-faure-gnassingbe-et-sa-delicate-mission-de-mediation\/","og_site_name":"HESHIMA MAGAZINE","article_publisher":"https:\/\/www.facebook.com\/heshimamagazine","article_published_time":"2025-04-16T15:56:34+00:00","article_modified_time":"2025-04-16T15:56:35+00:00","og_image":[{"width":722,"height":435,"url":"https:\/\/heshimardc.net\/v1\/wp-content\/uploads\/2025\/04\/Capture-decran-2025-04-16-a-16.54.20.png","type":"image\/png"}],"author":"La redaction","twitter_card":"summary_large_image","twitter_creator":"@HeshimaMag","twitter_site":"@HeshimaMag","twitter_misc":{"\u00c9crit par":"La redaction","Dur\u00e9e de lecture estim\u00e9e":"4 minutes"},"schema":{"@context":"https:\/\/schema.org","@graph":[{"@type":"Article","@id":"https:\/\/heshimardc.net\/v1\/2025\/04\/16\/conflit-rdc-rwanda-faure-gnassingbe-et-sa-delicate-mission-de-mediation\/#article","isPartOf":{"@id":"https:\/\/heshimardc.net\/v1\/2025\/04\/16\/conflit-rdc-rwanda-faure-gnassingbe-et-sa-delicate-mission-de-mediation\/"},"author":{"name":"La redaction","@id":"https:\/\/heshimardc.net\/v1\/#\/schema\/person\/7188c0b9e770a370943576373b325f91"},"headline":"Conflit RDC-Rwanda : Faure Gnassingb\u00e9 et sa d\u00e9licate mission de m\u00e9diation","datePublished":"2025-04-16T15:56:34+00:00","dateModified":"2025-04-16T15:56:35+00:00","mainEntityOfPage":{"@id":"https:\/\/heshimardc.net\/v1\/2025\/04\/16\/conflit-rdc-rwanda-faure-gnassingbe-et-sa-delicate-mission-de-mediation\/"},"wordCount":777,"publisher":{"@id":"https:\/\/heshimardc.net\/v1\/#organization"},"image":{"@id":"https:\/\/heshimardc.net\/v1\/2025\/04\/16\/conflit-rdc-rwanda-faure-gnassingbe-et-sa-delicate-mission-de-mediation\/#primaryimage"},"thumbnailUrl":"https:\/\/heshimardc.net\/v1\/wp-content\/uploads\/2025\/04\/Capture-decran-2025-04-16-a-16.54.20.png","articleSection":["Nation"],"inLanguage":"fr-FR"},{"@type":"WebPage","@id":"https:\/\/heshimardc.net\/v1\/2025\/04\/16\/conflit-rdc-rwanda-faure-gnassingbe-et-sa-delicate-mission-de-mediation\/","url":"https:\/\/heshimardc.net\/v1\/2025\/04\/16\/conflit-rdc-rwanda-faure-gnassingbe-et-sa-delicate-mission-de-mediation\/","name":"Conflit RDC-Rwanda : Faure Gnassingb\u00e9 et sa d\u00e9licate mission de m\u00e9diation - HESHIMA MAGAZINE","isPartOf":{"@id":"https:\/\/heshimardc.net\/v1\/#website"},"primaryImageOfPage":{"@id":"https:\/\/heshimardc.net\/v1\/2025\/04\/16\/conflit-rdc-rwanda-faure-gnassingbe-et-sa-delicate-mission-de-mediation\/#primaryimage"},"image":{"@id":"https:\/\/heshimardc.net\/v1\/2025\/04\/16\/conflit-rdc-rwanda-faure-gnassingbe-et-sa-delicate-mission-de-mediation\/#primaryimage"},"thumbnailUrl":"https:\/\/heshimardc.net\/v1\/wp-content\/uploads\/2025\/04\/Capture-decran-2025-04-16-a-16.54.20.png","datePublished":"2025-04-16T15:56:34+00:00","dateModified":"2025-04-16T15:56:35+00:00","breadcrumb":{"@id":"https:\/\/heshimardc.net\/v1\/2025\/04\/16\/conflit-rdc-rwanda-faure-gnassingbe-et-sa-delicate-mission-de-mediation\/#breadcrumb"},"inLanguage":"fr-FR","potentialAction":[{"@type":"ReadAction","target":["https:\/\/heshimardc.net\/v1\/2025\/04\/16\/conflit-rdc-rwanda-faure-gnassingbe-et-sa-delicate-mission-de-mediation\/"]}]},{"@type":"ImageObject","inLanguage":"fr-FR","@id":"https:\/\/heshimardc.net\/v1\/2025\/04\/16\/conflit-rdc-rwanda-faure-gnassingbe-et-sa-delicate-mission-de-mediation\/#primaryimage","url":"https:\/\/heshimardc.net\/v1\/wp-content\/uploads\/2025\/04\/Capture-decran-2025-04-16-a-16.54.20.png","contentUrl":"https:\/\/heshimardc.net\/v1\/wp-content\/uploads\/2025\/04\/Capture-decran-2025-04-16-a-16.54.20.png","width":722,"height":435},{"@type":"BreadcrumbList","@id":"https:\/\/heshimardc.net\/v1\/2025\/04\/16\/conflit-rdc-rwanda-faure-gnassingbe-et-sa-delicate-mission-de-mediation\/#breadcrumb","itemListElement":[{"@type":"ListItem","position":1,"name":"Accueil","item":"https:\/\/heshimardc.net\/v1\/"},{"@type":"ListItem","position":2,"name":"Conflit RDC-Rwanda : Faure Gnassingb\u00e9 et sa d\u00e9licate mission de m\u00e9diation"}]},{"@type":"WebSite","@id":"https:\/\/heshimardc.net\/v1\/#website","url":"https:\/\/heshimardc.net\/v1\/","name":"HESHIMA MAGAZINE","description":"Le magazine Congolais qui bat au rythme de l&#039;actualit\u00e9","publisher":{"@id":"https:\/\/heshimardc.net\/v1\/#organization"},"potentialAction":[{"@type":"SearchAction","target":{"@type":"EntryPoint","urlTemplate":"https:\/\/heshimardc.net\/v1\/?s={search_term_string}"},"query-input":"required name=search_term_string"}],"inLanguage":"fr-FR"},{"@type":"Organization","@id":"https:\/\/heshimardc.net\/v1\/#organization","name":"HESHIMA MAGAZINE","url":"https:\/\/heshimardc.net\/v1\/","logo":{"@type":"ImageObject","inLanguage":"fr-FR","@id":"https:\/\/heshimardc.net\/v1\/#\/schema\/logo\/image\/","url":"https:\/\/heshimardc.net\/v1\/wp-content\/uploads\/2020\/09\/logo.png","contentUrl":"https:\/\/heshimardc.net\/v1\/wp-content\/uploads\/2020\/09\/logo.png","width":99,"height":130,"caption":"HESHIMA MAGAZINE"},"image":{"@id":"https:\/\/heshimardc.net\/v1\/#\/schema\/logo\/image\/"},"sameAs":["https:\/\/www.facebook.com\/heshimamagazine","https:\/\/x.com\/HeshimaMag"]},{"@type":"Person","@id":"https:\/\/heshimardc.net\/v1\/#\/schema\/person\/7188c0b9e770a370943576373b325f91","name":"La redaction","image":{"@type":"ImageObject","inLanguage":"fr-FR","@id":"https:\/\/heshimardc.net\/v1\/#\/schema\/person\/image\/","url":"https:\/\/secure.gravatar.com\/avatar\/b53b1a4a434346e76d3ea6c9ecf19fc8?s=96&d=mm&r=g","contentUrl":"https:\/\/secure.gravatar.com\/avatar\/b53b1a4a434346e76d3ea6c9ecf19fc8?s=96&d=mm&r=g","caption":"La redaction"},"sameAs":["https:\/\/heshimardc.net\/v1","La redaction"],"url":"https:\/\/heshimardc.net\/v1\/author\/la-redaction\/"}]}},"amp_enabled":true,"_links":{"self":[{"href":"https:\/\/heshimardc.net\/v1\/wp-json\/wp\/v2\/posts\/5225"}],"collection":[{"href":"https:\/\/heshimardc.net\/v1\/wp-json\/wp\/v2\/posts"}],"about":[{"href":"https:\/\/heshimardc.net\/v1\/wp-json\/wp\/v2\/types\/post"}],"author":[{"embeddable":true,"href":"https:\/\/heshimardc.net\/v1\/wp-json\/wp\/v2\/users\/1"}],"replies":[{"embeddable":true,"href":"https:\/\/heshimardc.net\/v1\/wp-json\/wp\/v2\/comments?post=5225"}],"version-history":[{"count":1,"href":"https:\/\/heshimardc.net\/v1\/wp-json\/wp\/v2\/posts\/5225\/revisions"}],"predecessor-version":[{"id":5227,"href":"https:\/\/heshimardc.net\/v1\/wp-json\/wp\/v2\/posts\/5225\/revisions\/5227"}],"wp:featuredmedia":[{"embeddable":true,"href":"https:\/\/heshimardc.net\/v1\/wp-json\/wp\/v2\/media\/5226"}],"wp:attachment":[{"href":"https:\/\/heshimardc.net\/v1\/wp-json\/wp\/v2\/media?parent=5225"}],"wp:term":[{"taxonomy":"category","embeddable":true,"href":"https:\/\/heshimardc.net\/v1\/wp-json\/wp\/v2\/categories?post=5225"},{"taxonomy":"post_tag","embeddable":true,"href":"https:\/\/heshimardc.net\/v1\/wp-json\/wp\/v2\/tags?post=5225"}],"curies":[{"name":"wp","href":"https:\/\/api.w.org\/{rel}","templated":true}]}}