{"id":5240,"date":"2025-04-21T11:53:55","date_gmt":"2025-04-21T11:53:55","guid":{"rendered":"https:\/\/heshimardc.net\/v1\/?p=5240"},"modified":"2025-04-21T11:53:57","modified_gmt":"2025-04-21T11:53:57","slug":"soutien-a-lafc-m23-letau-se-resserre-autour-de-joseph-kabila","status":"publish","type":"post","link":"https:\/\/heshimardc.net\/v1\/2025\/04\/21\/soutien-a-lafc-m23-letau-se-resserre-autour-de-joseph-kabila\/","title":{"rendered":"Soutien \u00e0 l\u2019AFC-M23 : l\u2019\u00e9tau se resserre autour de Joseph Kabila"},"content":{"rendered":"\n<p><strong>Les autorit\u00e9s de la R\u00e9publique d\u00e9mocratique du Congo (RDC) ont suspendu les activit\u00e9s du Parti du peuple pour la reconstruction et la d\u00e9mocratie (PPRD) de l&rsquo;ex-pr\u00e9sident Joseph Kabila, en raison de son \u00ab&nbsp;activisme av\u00e9r\u00e9&nbsp;\u00bb et le \u00ab silence complice \u00bb des autorit\u00e9s de ce parti face \u00e0 l\u2019agression rwandaise. Kinshasa a aussi enclench\u00e9 des poursuites judiciaires contre l\u2019ancien chef de l\u2019Etat apr\u00e8s l\u2019annonce controvers\u00e9e de son arriv\u00e9e \u00e0 Goma. Longtemps soup\u00e7onn\u00e9, l\u2019ancien pr\u00e9sident voit d\u00e9sormais l\u2019\u00e9tau judiciaire se resserrer autour de lui. Mais cette mise en accusation peut-elle aboutir ? Certains sp\u00e9cialistes du droit \u00e9voquent des vices dans la proc\u00e9dure.<\/strong><\/p>\n\n\n\n<p>Une grande controverse entoure la question du retour, le 18 avril 2025, de Joseph Kabila via la ville occup\u00e9e de Goma, chef-lieu de la province du Nord-Kivu. Plusieurs m\u00e9dias dont RFI ont annonc\u00e9 son arriv\u00e9e dans cette entit\u00e9 apr\u00e8s \u00eatre pass\u00e9 par le Rwanda. Une nouvelle qui a suscit\u00e9 d\u2019abord un triomphalisme dans les rangs de ceux qui soutiennent l\u2019ancien pr\u00e9sident, avant de d\u00e9chanter et de se raviser face aux lourdes sanctions annonc\u00e9es par le gouvernement. Certains partisans affirment que Joseph Kabila n\u2019est pas arriv\u00e9 \u00e0 Goma. Pourtant, RFI maintient que l\u2019ancien pr\u00e9sident \u00e9tait arriv\u00e9 dans la ville volcanique sous contr\u00f4le rebelle depuis fin janvier.<\/p>\n\n\n\n<p>Dans un communiqu\u00e9, le ministre de la Justice, Constant Mutamba, a ordonn\u00e9 l\u2019ouverture de poursuites judiciaires contre Joseph Kabila et ses complices soup\u00e7onn\u00e9s de soutenir le Mouvement du 23 mars (M23). Dans la foul\u00e9e, le ministre a donn\u00e9 instruction \u00e0 l\u2019auditeur g\u00e9n\u00e9ral des Forces arm\u00e9es de la R\u00e9publique d\u00e9mocratique du Congo (FARDC) et au procureur g\u00e9n\u00e9ral pr\u00e8s de la Cour de cassation d\u2019engager des poursuites contre l\u2019ex-chef de l\u2019\u00c9tat. Le garde des Sceaux a aussi ordonn\u00e9 la saisie de l\u2019ensemble des biens mobiliers et immobiliers appartenant \u00e0 Joseph Kabila.<\/p>\n\n\n\n<p>Parall\u00e8lement, son coll\u00e8gue du minist\u00e8re de l\u2019Int\u00e9rieur a, dans un autre communiqu\u00e9, suspendu les activit\u00e9s du PPRD sur l\u2019ensemble du territoire national. Le vice-Premier ministre, ministre de l\u2019Int\u00e9rieur a accus\u00e9 ce parti de Joseph Kabila d\u2019avoir gard\u00e9 un \u00ab silence complice \u00bb face \u00e0 l\u2019agression rwandaise et \u00ab des terroristes \u00bb de l\u2019Alliance Fleuve Congo (AFC) dont le M23 est alli\u00e9. Des mesures de restriction de mouvement ont \u00e9t\u00e9 prises \u00e9galement \u00e0 l\u2019encontre de tous les membres et responsables du PPRD, impliqu\u00e9s dans cette affaire qualifi\u00e9e de \u00ab haute trahison \u00bb. Ces mesures visent \u00e0 emp\u00eacher toute tentative de fuite ou de dissimulation de preuves.<\/p>\n\n\n\n<p><strong>Un proc\u00e8s contre Kabila peut-il aboutir ?<\/strong><\/p>\n\n\n\n<p>Un juriste proche de l\u2019opposition s\u2019interroge sur la l\u00e9galit\u00e9 de la proc\u00e9dure de mise en accusation. Il se pose des questions sur la base de l\u2019injonction donn\u00e9e au procureur de la Cour de cassation pour enclencher les poursuites contre l\u2019ex-Ra\u00efs. Selon lui, dans sa qualit\u00e9 d\u2019ancien pr\u00e9sident de la R\u00e9publique, la juridiction comp\u00e9tente pour juger Joseph Kabila est la Cour constitutionnelle et non la Cour de cassation. Au-del\u00e0 de cet aspect, fait-il remarquer, il faudrait aussi s\u2019adresser aux deux chambres du Parlement r\u00e9unies en Congr\u00e8s pour autoriser ou non les poursuites contre Joseph Kabila. Une d\u00e9marche qui a encore du chemin \u00e0 faire.<\/p>\n\n\n\n<p><strong>Y a-t-il des preuves suffisantes ?<\/strong><\/p>\n\n\n\n<p>L\u2019autre question qui taraude les esprits, c\u2019est celle des preuves de l\u2019implication directe ou indirecte de Joseph Kabila dans l\u2019insurrection men\u00e9e dans l\u2019Est du pays par des rebelles soutenus par le Rwanda. Son parti nie son implication dans la r\u00e9bellion, encore moins sa pr\u00e9sence \u00e0 Goma. <em>\u00ab L\u2019invention de la pr\u00e9sence de Kabila \u00e0 Goma est une affabulation du r\u00e9gime Tshisekedi \u00bb<\/em>, a r\u00e9agi Ferdinand Kambere, secr\u00e9taire permanent adjoint du PPRD.<\/p>\n\n\n\n<p>De son c\u00f4t\u00e9, le gouvernement, via Jacquemain Shabani, vante la possession d\u2019une multitude de preuves attestant la collusion de Joseph Kabila avec la r\u00e9bellion. Le vice-Premier ministre, ministre de l\u2019Int\u00e9rieur parle m\u00eame des liens entre l\u2019ancien chef de l\u2019\u00c9tat congolais et l\u2019arm\u00e9e rwandaise, mais aussi de plusieurs s\u00e9jours au Rwanda. <em>\u00ab Cette d\u00e9cision fait suite \u00e0 l&rsquo;activisme av\u00e9r\u00e9 \u00bb<\/em> de M. Kabila dans <em>\u00ab cette guerre d&rsquo;agression rwandaise ainsi qu&rsquo;au silence coupable voire complice \u00bb<\/em> de son parti. Pour le gouvernement, Joseph Kabila a fait un <em>\u00ab choix d\u00e9lib\u00e9r\u00e9 \u00bb <\/em>de <em>\u00ab rentrer au pays par la ville de Goma sous contr\u00f4le de l&rsquo;ennemi, alors m\u00eame qu\u2019elle assure curieusement sa s\u00e9curit\u00e9 \u00bb<\/em>.<\/p>\n\n\n\n<p><strong>Kabila pouss\u00e9 \u00e0 se d\u00e9couvrir<\/strong><\/p>\n\n\n\n<p>\u00c0 l\u2019instar de Corneille Nangaa, coordonnateur de l\u2019AFC et condamn\u00e9 \u00e0 mort notamment pour insurrection, Joseph Kabila pourrait \u00eatre forc\u00e9 \u00e0 op\u00e9rer \u00e0 visage d\u00e9couvert suite aux sanctions contre lui et son parti. Pris en \u00e9tau, il sera oblig\u00e9 de s\u2019afficher clairement avec les agresseurs de la RDC, n\u2019ayant plus rien \u00e0 perdre. Cette d\u00e9cision du gouvernement pourrait donc le radicaliser. M\u00eame ses partisans pourraient aussi se sentir coinc\u00e9s par la suspension de leurs activit\u00e9s politiques. <em>\u00ab Si le PPRD venait \u00e0 \u00eatre dissout, cela n\u2019apaiserait pas la crise, mais la rendrait encore plus complexe. De nombreuses personnes pourraient rejoindre la r\u00e9bellion ou partir en exil. Je crains que cette mesure ne r\u00e9solve pas directement le conflit \u00bb<\/em>, analyse \u00e0 Radio Okapi Josaphat Musamba, doctorant en sciences politiques \u00e0 l\u2019Universit\u00e9 de Gand (Belgique).<\/p>\n\n\n\n<p class=\"has-text-align-right\"><strong>Heshima<\/strong><\/p>\n\n\n\n<p><\/p>\n","protected":false},"excerpt":{"rendered":"<p>Les autorit\u00e9s de la R\u00e9publique d\u00e9mocratique du Congo (RDC) ont suspendu les activit\u00e9s du Parti du peuple pour la reconstruction et la d\u00e9mocratie (PPRD) de l&rsquo;ex-pr\u00e9sident Joseph Kabila, en raison de son \u00ab&nbsp;activisme av\u00e9r\u00e9&nbsp;\u00bb et le \u00ab silence complice \u00bb des autorit\u00e9s de ce parti face \u00e0 l\u2019agression rwandaise. Kinshasa a aussi enclench\u00e9 des poursuites [&hellip;]<\/p>\n","protected":false},"author":1,"featured_media":5241,"comment_status":"closed","ping_status":"closed","sticky":false,"template":"","format":"standard","meta":{"footnotes":""},"categories":[3],"tags":[],"class_list":["post-5240","post","type-post","status-publish","format-standard","has-post-thumbnail","hentry","category-nation"],"yoast_head":"<!-- This site is optimized with the Yoast SEO plugin v23.3 - https:\/\/yoast.com\/wordpress\/plugins\/seo\/ -->\n<title>Soutien \u00e0 l\u2019AFC-M23 : l\u2019\u00e9tau se resserre autour de Joseph Kabila - HESHIMA MAGAZINE<\/title>\n<meta name=\"robots\" content=\"index, follow, max-snippet:-1, max-image-preview:large, max-video-preview:-1\" \/>\n<link rel=\"canonical\" href=\"https:\/\/heshimardc.net\/v1\/2025\/04\/21\/soutien-a-lafc-m23-letau-se-resserre-autour-de-joseph-kabila\/\" \/>\n<meta property=\"og:locale\" content=\"fr_FR\" \/>\n<meta property=\"og:type\" content=\"article\" \/>\n<meta property=\"og:title\" content=\"Soutien \u00e0 l\u2019AFC-M23 : l\u2019\u00e9tau se resserre autour de Joseph Kabila - HESHIMA MAGAZINE\" \/>\n<meta property=\"og:description\" content=\"Les autorit\u00e9s de la R\u00e9publique d\u00e9mocratique du Congo (RDC) ont suspendu les activit\u00e9s du Parti du peuple pour la reconstruction et la d\u00e9mocratie (PPRD) de l&rsquo;ex-pr\u00e9sident Joseph Kabila, en raison de son \u00ab&nbsp;activisme av\u00e9r\u00e9&nbsp;\u00bb et le \u00ab silence complice \u00bb des autorit\u00e9s de ce parti face \u00e0 l\u2019agression rwandaise. Kinshasa a aussi enclench\u00e9 des poursuites [&hellip;]\" \/>\n<meta property=\"og:url\" content=\"https:\/\/heshimardc.net\/v1\/2025\/04\/21\/soutien-a-lafc-m23-letau-se-resserre-autour-de-joseph-kabila\/\" \/>\n<meta property=\"og:site_name\" content=\"HESHIMA MAGAZINE\" \/>\n<meta property=\"article:publisher\" content=\"https:\/\/www.facebook.com\/heshimamagazine\" \/>\n<meta property=\"article:published_time\" content=\"2025-04-21T11:53:55+00:00\" \/>\n<meta property=\"article:modified_time\" content=\"2025-04-21T11:53:57+00:00\" \/>\n<meta property=\"og:image\" content=\"https:\/\/heshimardc.net\/v1\/wp-content\/uploads\/2025\/04\/Capture-decran-2025-04-21-a-12.50.26.png\" \/>\n\t<meta property=\"og:image:width\" content=\"685\" \/>\n\t<meta property=\"og:image:height\" content=\"458\" \/>\n\t<meta property=\"og:image:type\" content=\"image\/png\" \/>\n<meta name=\"author\" content=\"La redaction\" \/>\n<meta name=\"twitter:card\" content=\"summary_large_image\" \/>\n<meta name=\"twitter:creator\" content=\"@HeshimaMag\" \/>\n<meta name=\"twitter:site\" content=\"@HeshimaMag\" \/>\n<meta name=\"twitter:label1\" content=\"\u00c9crit par\" \/>\n\t<meta name=\"twitter:data1\" content=\"La redaction\" \/>\n\t<meta name=\"twitter:label2\" content=\"Dur\u00e9e de lecture estim\u00e9e\" \/>\n\t<meta name=\"twitter:data2\" content=\"5 minutes\" \/>\n<script type=\"application\/ld+json\" class=\"yoast-schema-graph\">{\"@context\":\"https:\/\/schema.org\",\"@graph\":[{\"@type\":\"Article\",\"@id\":\"https:\/\/heshimardc.net\/v1\/2025\/04\/21\/soutien-a-lafc-m23-letau-se-resserre-autour-de-joseph-kabila\/#article\",\"isPartOf\":{\"@id\":\"https:\/\/heshimardc.net\/v1\/2025\/04\/21\/soutien-a-lafc-m23-letau-se-resserre-autour-de-joseph-kabila\/\"},\"author\":{\"name\":\"La redaction\",\"@id\":\"https:\/\/heshimardc.net\/v1\/#\/schema\/person\/7188c0b9e770a370943576373b325f91\"},\"headline\":\"Soutien \u00e0 l\u2019AFC-M23 : l\u2019\u00e9tau se resserre autour de Joseph Kabila\",\"datePublished\":\"2025-04-21T11:53:55+00:00\",\"dateModified\":\"2025-04-21T11:53:57+00:00\",\"mainEntityOfPage\":{\"@id\":\"https:\/\/heshimardc.net\/v1\/2025\/04\/21\/soutien-a-lafc-m23-letau-se-resserre-autour-de-joseph-kabila\/\"},\"wordCount\":935,\"publisher\":{\"@id\":\"https:\/\/heshimardc.net\/v1\/#organization\"},\"image\":{\"@id\":\"https:\/\/heshimardc.net\/v1\/2025\/04\/21\/soutien-a-lafc-m23-letau-se-resserre-autour-de-joseph-kabila\/#primaryimage\"},\"thumbnailUrl\":\"https:\/\/heshimardc.net\/v1\/wp-content\/uploads\/2025\/04\/Capture-decran-2025-04-21-a-12.50.26.png\",\"articleSection\":[\"Nation\"],\"inLanguage\":\"fr-FR\"},{\"@type\":\"WebPage\",\"@id\":\"https:\/\/heshimardc.net\/v1\/2025\/04\/21\/soutien-a-lafc-m23-letau-se-resserre-autour-de-joseph-kabila\/\",\"url\":\"https:\/\/heshimardc.net\/v1\/2025\/04\/21\/soutien-a-lafc-m23-letau-se-resserre-autour-de-joseph-kabila\/\",\"name\":\"Soutien \u00e0 l\u2019AFC-M23 : l\u2019\u00e9tau se resserre autour de Joseph Kabila - HESHIMA MAGAZINE\",\"isPartOf\":{\"@id\":\"https:\/\/heshimardc.net\/v1\/#website\"},\"primaryImageOfPage\":{\"@id\":\"https:\/\/heshimardc.net\/v1\/2025\/04\/21\/soutien-a-lafc-m23-letau-se-resserre-autour-de-joseph-kabila\/#primaryimage\"},\"image\":{\"@id\":\"https:\/\/heshimardc.net\/v1\/2025\/04\/21\/soutien-a-lafc-m23-letau-se-resserre-autour-de-joseph-kabila\/#primaryimage\"},\"thumbnailUrl\":\"https:\/\/heshimardc.net\/v1\/wp-content\/uploads\/2025\/04\/Capture-decran-2025-04-21-a-12.50.26.png\",\"datePublished\":\"2025-04-21T11:53:55+00:00\",\"dateModified\":\"2025-04-21T11:53:57+00:00\",\"breadcrumb\":{\"@id\":\"https:\/\/heshimardc.net\/v1\/2025\/04\/21\/soutien-a-lafc-m23-letau-se-resserre-autour-de-joseph-kabila\/#breadcrumb\"},\"inLanguage\":\"fr-FR\",\"potentialAction\":[{\"@type\":\"ReadAction\",\"target\":[\"https:\/\/heshimardc.net\/v1\/2025\/04\/21\/soutien-a-lafc-m23-letau-se-resserre-autour-de-joseph-kabila\/\"]}]},{\"@type\":\"ImageObject\",\"inLanguage\":\"fr-FR\",\"@id\":\"https:\/\/heshimardc.net\/v1\/2025\/04\/21\/soutien-a-lafc-m23-letau-se-resserre-autour-de-joseph-kabila\/#primaryimage\",\"url\":\"https:\/\/heshimardc.net\/v1\/wp-content\/uploads\/2025\/04\/Capture-decran-2025-04-21-a-12.50.26.png\",\"contentUrl\":\"https:\/\/heshimardc.net\/v1\/wp-content\/uploads\/2025\/04\/Capture-decran-2025-04-21-a-12.50.26.png\",\"width\":685,\"height\":458},{\"@type\":\"BreadcrumbList\",\"@id\":\"https:\/\/heshimardc.net\/v1\/2025\/04\/21\/soutien-a-lafc-m23-letau-se-resserre-autour-de-joseph-kabila\/#breadcrumb\",\"itemListElement\":[{\"@type\":\"ListItem\",\"position\":1,\"name\":\"Accueil\",\"item\":\"https:\/\/heshimardc.net\/v1\/\"},{\"@type\":\"ListItem\",\"position\":2,\"name\":\"Soutien \u00e0 l\u2019AFC-M23 : l\u2019\u00e9tau se resserre autour de Joseph Kabila\"}]},{\"@type\":\"WebSite\",\"@id\":\"https:\/\/heshimardc.net\/v1\/#website\",\"url\":\"https:\/\/heshimardc.net\/v1\/\",\"name\":\"HESHIMA MAGAZINE\",\"description\":\"Le magazine Congolais qui bat au rythme de l&#039;actualit\u00e9\",\"publisher\":{\"@id\":\"https:\/\/heshimardc.net\/v1\/#organization\"},\"potentialAction\":[{\"@type\":\"SearchAction\",\"target\":{\"@type\":\"EntryPoint\",\"urlTemplate\":\"https:\/\/heshimardc.net\/v1\/?s={search_term_string}\"},\"query-input\":\"required name=search_term_string\"}],\"inLanguage\":\"fr-FR\"},{\"@type\":\"Organization\",\"@id\":\"https:\/\/heshimardc.net\/v1\/#organization\",\"name\":\"HESHIMA MAGAZINE\",\"url\":\"https:\/\/heshimardc.net\/v1\/\",\"logo\":{\"@type\":\"ImageObject\",\"inLanguage\":\"fr-FR\",\"@id\":\"https:\/\/heshimardc.net\/v1\/#\/schema\/logo\/image\/\",\"url\":\"https:\/\/heshimardc.net\/v1\/wp-content\/uploads\/2020\/09\/logo.png\",\"contentUrl\":\"https:\/\/heshimardc.net\/v1\/wp-content\/uploads\/2020\/09\/logo.png\",\"width\":99,\"height\":130,\"caption\":\"HESHIMA MAGAZINE\"},\"image\":{\"@id\":\"https:\/\/heshimardc.net\/v1\/#\/schema\/logo\/image\/\"},\"sameAs\":[\"https:\/\/www.facebook.com\/heshimamagazine\",\"https:\/\/x.com\/HeshimaMag\"]},{\"@type\":\"Person\",\"@id\":\"https:\/\/heshimardc.net\/v1\/#\/schema\/person\/7188c0b9e770a370943576373b325f91\",\"name\":\"La redaction\",\"image\":{\"@type\":\"ImageObject\",\"inLanguage\":\"fr-FR\",\"@id\":\"https:\/\/heshimardc.net\/v1\/#\/schema\/person\/image\/\",\"url\":\"https:\/\/secure.gravatar.com\/avatar\/b53b1a4a434346e76d3ea6c9ecf19fc8?s=96&d=mm&r=g\",\"contentUrl\":\"https:\/\/secure.gravatar.com\/avatar\/b53b1a4a434346e76d3ea6c9ecf19fc8?s=96&d=mm&r=g\",\"caption\":\"La redaction\"},\"sameAs\":[\"https:\/\/heshimardc.net\/v1\",\"La redaction\"],\"url\":\"https:\/\/heshimardc.net\/v1\/author\/la-redaction\/\"}]}<\/script>\n<!-- \/ Yoast SEO plugin. -->","yoast_head_json":{"title":"Soutien \u00e0 l\u2019AFC-M23 : l\u2019\u00e9tau se resserre autour de Joseph Kabila - HESHIMA MAGAZINE","robots":{"index":"index","follow":"follow","max-snippet":"max-snippet:-1","max-image-preview":"max-image-preview:large","max-video-preview":"max-video-preview:-1"},"canonical":"https:\/\/heshimardc.net\/v1\/2025\/04\/21\/soutien-a-lafc-m23-letau-se-resserre-autour-de-joseph-kabila\/","og_locale":"fr_FR","og_type":"article","og_title":"Soutien \u00e0 l\u2019AFC-M23 : l\u2019\u00e9tau se resserre autour de Joseph Kabila - HESHIMA MAGAZINE","og_description":"Les autorit\u00e9s de la R\u00e9publique d\u00e9mocratique du Congo (RDC) ont suspendu les activit\u00e9s du Parti du peuple pour la reconstruction et la d\u00e9mocratie (PPRD) de l&rsquo;ex-pr\u00e9sident Joseph Kabila, en raison de son \u00ab&nbsp;activisme av\u00e9r\u00e9&nbsp;\u00bb et le \u00ab silence complice \u00bb des autorit\u00e9s de ce parti face \u00e0 l\u2019agression rwandaise. Kinshasa a aussi enclench\u00e9 des poursuites [&hellip;]","og_url":"https:\/\/heshimardc.net\/v1\/2025\/04\/21\/soutien-a-lafc-m23-letau-se-resserre-autour-de-joseph-kabila\/","og_site_name":"HESHIMA MAGAZINE","article_publisher":"https:\/\/www.facebook.com\/heshimamagazine","article_published_time":"2025-04-21T11:53:55+00:00","article_modified_time":"2025-04-21T11:53:57+00:00","og_image":[{"width":685,"height":458,"url":"https:\/\/heshimardc.net\/v1\/wp-content\/uploads\/2025\/04\/Capture-decran-2025-04-21-a-12.50.26.png","type":"image\/png"}],"author":"La redaction","twitter_card":"summary_large_image","twitter_creator":"@HeshimaMag","twitter_site":"@HeshimaMag","twitter_misc":{"\u00c9crit par":"La redaction","Dur\u00e9e de lecture estim\u00e9e":"5 minutes"},"schema":{"@context":"https:\/\/schema.org","@graph":[{"@type":"Article","@id":"https:\/\/heshimardc.net\/v1\/2025\/04\/21\/soutien-a-lafc-m23-letau-se-resserre-autour-de-joseph-kabila\/#article","isPartOf":{"@id":"https:\/\/heshimardc.net\/v1\/2025\/04\/21\/soutien-a-lafc-m23-letau-se-resserre-autour-de-joseph-kabila\/"},"author":{"name":"La redaction","@id":"https:\/\/heshimardc.net\/v1\/#\/schema\/person\/7188c0b9e770a370943576373b325f91"},"headline":"Soutien \u00e0 l\u2019AFC-M23 : l\u2019\u00e9tau se resserre autour de Joseph Kabila","datePublished":"2025-04-21T11:53:55+00:00","dateModified":"2025-04-21T11:53:57+00:00","mainEntityOfPage":{"@id":"https:\/\/heshimardc.net\/v1\/2025\/04\/21\/soutien-a-lafc-m23-letau-se-resserre-autour-de-joseph-kabila\/"},"wordCount":935,"publisher":{"@id":"https:\/\/heshimardc.net\/v1\/#organization"},"image":{"@id":"https:\/\/heshimardc.net\/v1\/2025\/04\/21\/soutien-a-lafc-m23-letau-se-resserre-autour-de-joseph-kabila\/#primaryimage"},"thumbnailUrl":"https:\/\/heshimardc.net\/v1\/wp-content\/uploads\/2025\/04\/Capture-decran-2025-04-21-a-12.50.26.png","articleSection":["Nation"],"inLanguage":"fr-FR"},{"@type":"WebPage","@id":"https:\/\/heshimardc.net\/v1\/2025\/04\/21\/soutien-a-lafc-m23-letau-se-resserre-autour-de-joseph-kabila\/","url":"https:\/\/heshimardc.net\/v1\/2025\/04\/21\/soutien-a-lafc-m23-letau-se-resserre-autour-de-joseph-kabila\/","name":"Soutien \u00e0 l\u2019AFC-M23 : l\u2019\u00e9tau se resserre autour de Joseph Kabila - HESHIMA MAGAZINE","isPartOf":{"@id":"https:\/\/heshimardc.net\/v1\/#website"},"primaryImageOfPage":{"@id":"https:\/\/heshimardc.net\/v1\/2025\/04\/21\/soutien-a-lafc-m23-letau-se-resserre-autour-de-joseph-kabila\/#primaryimage"},"image":{"@id":"https:\/\/heshimardc.net\/v1\/2025\/04\/21\/soutien-a-lafc-m23-letau-se-resserre-autour-de-joseph-kabila\/#primaryimage"},"thumbnailUrl":"https:\/\/heshimardc.net\/v1\/wp-content\/uploads\/2025\/04\/Capture-decran-2025-04-21-a-12.50.26.png","datePublished":"2025-04-21T11:53:55+00:00","dateModified":"2025-04-21T11:53:57+00:00","breadcrumb":{"@id":"https:\/\/heshimardc.net\/v1\/2025\/04\/21\/soutien-a-lafc-m23-letau-se-resserre-autour-de-joseph-kabila\/#breadcrumb"},"inLanguage":"fr-FR","potentialAction":[{"@type":"ReadAction","target":["https:\/\/heshimardc.net\/v1\/2025\/04\/21\/soutien-a-lafc-m23-letau-se-resserre-autour-de-joseph-kabila\/"]}]},{"@type":"ImageObject","inLanguage":"fr-FR","@id":"https:\/\/heshimardc.net\/v1\/2025\/04\/21\/soutien-a-lafc-m23-letau-se-resserre-autour-de-joseph-kabila\/#primaryimage","url":"https:\/\/heshimardc.net\/v1\/wp-content\/uploads\/2025\/04\/Capture-decran-2025-04-21-a-12.50.26.png","contentUrl":"https:\/\/heshimardc.net\/v1\/wp-content\/uploads\/2025\/04\/Capture-decran-2025-04-21-a-12.50.26.png","width":685,"height":458},{"@type":"BreadcrumbList","@id":"https:\/\/heshimardc.net\/v1\/2025\/04\/21\/soutien-a-lafc-m23-letau-se-resserre-autour-de-joseph-kabila\/#breadcrumb","itemListElement":[{"@type":"ListItem","position":1,"name":"Accueil","item":"https:\/\/heshimardc.net\/v1\/"},{"@type":"ListItem","position":2,"name":"Soutien \u00e0 l\u2019AFC-M23 : l\u2019\u00e9tau se resserre autour de Joseph Kabila"}]},{"@type":"WebSite","@id":"https:\/\/heshimardc.net\/v1\/#website","url":"https:\/\/heshimardc.net\/v1\/","name":"HESHIMA MAGAZINE","description":"Le magazine Congolais qui bat au rythme de l&#039;actualit\u00e9","publisher":{"@id":"https:\/\/heshimardc.net\/v1\/#organization"},"potentialAction":[{"@type":"SearchAction","target":{"@type":"EntryPoint","urlTemplate":"https:\/\/heshimardc.net\/v1\/?s={search_term_string}"},"query-input":"required name=search_term_string"}],"inLanguage":"fr-FR"},{"@type":"Organization","@id":"https:\/\/heshimardc.net\/v1\/#organization","name":"HESHIMA MAGAZINE","url":"https:\/\/heshimardc.net\/v1\/","logo":{"@type":"ImageObject","inLanguage":"fr-FR","@id":"https:\/\/heshimardc.net\/v1\/#\/schema\/logo\/image\/","url":"https:\/\/heshimardc.net\/v1\/wp-content\/uploads\/2020\/09\/logo.png","contentUrl":"https:\/\/heshimardc.net\/v1\/wp-content\/uploads\/2020\/09\/logo.png","width":99,"height":130,"caption":"HESHIMA MAGAZINE"},"image":{"@id":"https:\/\/heshimardc.net\/v1\/#\/schema\/logo\/image\/"},"sameAs":["https:\/\/www.facebook.com\/heshimamagazine","https:\/\/x.com\/HeshimaMag"]},{"@type":"Person","@id":"https:\/\/heshimardc.net\/v1\/#\/schema\/person\/7188c0b9e770a370943576373b325f91","name":"La redaction","image":{"@type":"ImageObject","inLanguage":"fr-FR","@id":"https:\/\/heshimardc.net\/v1\/#\/schema\/person\/image\/","url":"https:\/\/secure.gravatar.com\/avatar\/b53b1a4a434346e76d3ea6c9ecf19fc8?s=96&d=mm&r=g","contentUrl":"https:\/\/secure.gravatar.com\/avatar\/b53b1a4a434346e76d3ea6c9ecf19fc8?s=96&d=mm&r=g","caption":"La redaction"},"sameAs":["https:\/\/heshimardc.net\/v1","La redaction"],"url":"https:\/\/heshimardc.net\/v1\/author\/la-redaction\/"}]}},"amp_enabled":true,"_links":{"self":[{"href":"https:\/\/heshimardc.net\/v1\/wp-json\/wp\/v2\/posts\/5240"}],"collection":[{"href":"https:\/\/heshimardc.net\/v1\/wp-json\/wp\/v2\/posts"}],"about":[{"href":"https:\/\/heshimardc.net\/v1\/wp-json\/wp\/v2\/types\/post"}],"author":[{"embeddable":true,"href":"https:\/\/heshimardc.net\/v1\/wp-json\/wp\/v2\/users\/1"}],"replies":[{"embeddable":true,"href":"https:\/\/heshimardc.net\/v1\/wp-json\/wp\/v2\/comments?post=5240"}],"version-history":[{"count":1,"href":"https:\/\/heshimardc.net\/v1\/wp-json\/wp\/v2\/posts\/5240\/revisions"}],"predecessor-version":[{"id":5242,"href":"https:\/\/heshimardc.net\/v1\/wp-json\/wp\/v2\/posts\/5240\/revisions\/5242"}],"wp:featuredmedia":[{"embeddable":true,"href":"https:\/\/heshimardc.net\/v1\/wp-json\/wp\/v2\/media\/5241"}],"wp:attachment":[{"href":"https:\/\/heshimardc.net\/v1\/wp-json\/wp\/v2\/media?parent=5240"}],"wp:term":[{"taxonomy":"category","embeddable":true,"href":"https:\/\/heshimardc.net\/v1\/wp-json\/wp\/v2\/categories?post=5240"},{"taxonomy":"post_tag","embeddable":true,"href":"https:\/\/heshimardc.net\/v1\/wp-json\/wp\/v2\/tags?post=5240"}],"curies":[{"name":"wp","href":"https:\/\/api.w.org\/{rel}","templated":true}]}}