{"id":5540,"date":"2025-06-04T16:16:48","date_gmt":"2025-06-04T16:16:48","guid":{"rendered":"https:\/\/heshimardc.net\/v1\/?p=5540"},"modified":"2025-06-04T16:16:50","modified_gmt":"2025-06-04T16:16:50","slug":"conflit-en-rdc-le-rwanda-va-t-il-lacher-lafc-m23","status":"publish","type":"post","link":"https:\/\/heshimardc.net\/v1\/2025\/06\/04\/conflit-en-rdc-le-rwanda-va-t-il-lacher-lafc-m23\/","title":{"rendered":"Conflit en RDC : le Rwanda va-t-il l\u00e2cher l\u2019AFC\/M23 ?"},"content":{"rendered":"\n<p><strong>Ce mois de juin pourrait \u00eatre d\u00e9cisif dans le d\u00e9nouement du conflit entre la R\u00e9publique d\u00e9mocratique du Congo (RDC) et le Rwanda. En principe, les deux pays doivent signer un accord de paix au courant de ce mois apr\u00e8s avoir soumis chacun leurs projets d\u2019accord \u00e0 Washington en mai dernier. Une situation qui pourrait contraindre Kigali \u00e0 abandonner son soutien militaire aux rebelles du Mouvement du 23 mars (AFC\/M23). Ce qui aurait peut-\u00eatre pouss\u00e9 l\u2019ancien pr\u00e9sident congolais, Joseph Kabila, \u00e0 prendre le devant de la sc\u00e8ne \u00e0 Goma, une ville occup\u00e9e par cette r\u00e9bellion.<\/strong><\/p>\n\n\n\n<p>Depuis la r\u00e9surgence de cette crise s\u00e9curitaire, un signe peu habituel a \u00e9t\u00e9 observ\u00e9 \u00e0 Kampala, le 28 mai 2025, lors d&rsquo;une r\u00e9union de haut niveau du M\u00e9canisme de suivi de l\u2019Accord-cadre pour la paix, la s\u00e9curit\u00e9 et la coop\u00e9ration pour la RDC et la r\u00e9gion. Le d\u00e9l\u00e9gu\u00e9 de Kigali a sign\u00e9 un communiqu\u00e9 condamnant les avanc\u00e9es de l\u2019AFC\/M23 et l\u2019installation d\u2019administrations parall\u00e8les notamment \u00e0 Goma et Bukavu, ainsi que le soutien ext\u00e9rieur dont b\u00e9n\u00e9ficie ce mouvement. Toutefois, la note ne cite pas nomm\u00e9ment le pays concern\u00e9 mais appelle \u00e0 l\u2019application rapide et totale de la r\u00e9solution 2773 du Conseil de s\u00e9curit\u00e9 de l\u2019ONU, qui, elle, mentionne le Rwanda. Les participants \u00e0 ce sommet ont \u00e9galement appel\u00e9 au d\u00e9mant\u00e8lement du groupe arm\u00e9 FDLR (Forces d\u00e9mocratiques de lib\u00e9ration du Rwanda).<\/p>\n\n\n\n<p>Cette posture est une premi\u00e8re pour Kigali depuis le d\u00e9but du conflit. Ce qui peut augurer d\u2019un d\u00e9but de distance entre le r\u00e9gime de Paul Kagame et les rebelles de l\u2019AFC\/M23 qui ont b\u00e9n\u00e9fici\u00e9 d\u2019un soutien militaire inconditionnel du Rwanda. \u00ab Le Rwanda est d\u00e9sormais embarrass\u00e9 par son soutien au M23. Kigali cherche \u00e0 sous-traiter ce parrainage aupr\u00e8s des Congolais eux-m\u00eames afin de \u00ab congoliser \u00bb la crise \u00bb, estime Aaron Mayamba, chercheur sur des questions des Grands lacs africains. Ce sp\u00e9cialiste note que les n\u00e9gociations entre Kinshasa et Kigali \u00e0 Washington risquent d\u2019isoler l\u2019AFC\/M23 malgr\u00e9 l\u2019autre volet de discussion avec ces rebelles \u00e0 Doha, au Qatar. C\u2019est ce qui justifie \u00e9galement l\u2019hostilit\u00e9 de ce mouvement contre un possible deal minier entre Kinshasa et Washington. Un accord qui risquerait de sceller en quelque sorte la fin des hostilit\u00e9s sur le th\u00e9\u00e2tre des op\u00e9rations.<\/p>\n\n\n\n<p><strong>Maintenir une pression sur Kigali et r\u00e9ussir le deal minier avec Washington<\/strong><\/p>\n\n\n\n<p>La communaut\u00e9 internationale, y compris le Conseil de s\u00e9curit\u00e9 de l&rsquo;ONU, a exprim\u00e9 des pr\u00e9occupations croissantes concernant le r\u00f4le du Rwanda dans le soutien au M23. En f\u00e9vrier 2025, une r\u00e9solution a \u00e9t\u00e9 adopt\u00e9e appelant \u00e0 la cessation des hostilit\u00e9s et au retrait des forces rwandaises du territoire congolais. En dehors du cessez-le-feu n\u00e9goci\u00e9 \u00e0 Doha, le retrait des troupes rwandaises du territoire congolais reste encore un mirage. Pour faire plier Kigali, Kinshasa met la pression \u00e9galement sur Washington afin de conclure ce deal minier. Le chef de l\u2019\u00c9tat congolais, F\u00e9lix Tshisekedi et son \u00e9quipe tiennent particuli\u00e8rement \u00e0 la r\u00e9ussite de cet accord.<br>Pour cela, il a cr\u00e9\u00e9 une \u00ab cellule de coordination strat\u00e9gique \u00bb au sein de son cabinet pour mieux structurer les discussions avec Washington. Cette cellule va centraliser les actions et maximiser toutes les chances de succ\u00e8s pour ce \u00ab deal minier \u00bb qui para\u00eet comme un dernier rempart face \u00e0 l\u2019ins\u00e9curit\u00e9 cyclique dans l\u2019Est du pays. Aux commandes de cette cellule, on retrouve : Th\u00e9r\u00e8se Kayikwamba Wagner, ministre d\u2019\u00c9tat aux Affaires \u00e9trang\u00e8res, et Kizito Pakabomba Kapinga Mulume, ministre des Mines. Il y a aussi Guy-Robert Lukama Nkunzi, pr\u00e9sident du Conseil d\u2019administration de G\u00e9camines SA.<\/p>\n\n\n\n<p><strong>Joseph Kabila : Que fera-t-il des r\u00e9sultats de ses consultations ?<\/strong><\/p>\n\n\n\n<p>L&rsquo;ex-pr\u00e9sident de la R\u00e9publique, Joseph Kabila, s\u00e9journe \u00e0 Goma depuis le 25 mai dernier, une ville sous contr\u00f4le de l\u2019AFC\/M23. Sur place, il poursuit des consultations de diff\u00e9rentes couches socio-politiques. Ces \u00e9changes portent officiellement sur la restauration de la paix, la s\u00e9curit\u00e9, le d\u00e9veloppement local et le retour des populations d\u00e9plac\u00e9es. Il a parl\u00e9 avec des repr\u00e9sentants des confessions religieuses, des chefs traditionnels, des professeurs d\u2019universit\u00e9 ainsi que des associations de femmes. Mais ce retour \u00e0 Goma est tr\u00e8s controvers\u00e9. Kinshasa consid\u00e8re que cela mat\u00e9rialise les alertes du chef de l\u2019\u00c9tat F\u00e9lix Tshisekedi, qui affirmait que son pr\u00e9d\u00e9cesseur pr\u00e9parait une \u00ab insurrection \u00bb et que c\u2019est lui le leader de l\u2019Alliance Fleuve Congo (AFC), un mouvement politico-militaire coordonn\u00e9 par Corneille Nangaa, ancien pr\u00e9sident de la Commission \u00e9lectorale nationale ind\u00e9pendante (CENI). Joseph Kabila nie toute implication dans le soutien au M23 et se positionne comme un m\u00e9diateur potentiel. Cependant, son retour et ses rencontres avec des acteurs politiques et civils sont interpr\u00e9t\u00e9s par certains analystes comme une tentative de renforcer son influence face au gouvernement actuel de F\u00e9lix Tshisekedi.<\/p>\n\n\n\n<p>Ce retour sur la sc\u00e8ne politique intervient apr\u00e8s plusieurs mois de silence et d\u2019accusations de complicit\u00e9 avec le M23, p\u00e9riode durant laquelle l\u2019ancien chef de l\u2019\u00c9tat a pr\u00e9sent\u00e9 12 recommandations pour mettre fin \u00e0 la crise. Mais le d\u00e9put\u00e9 honoraire, Moise Nyarugabo, pense que Joseph Kabila pourra, apr\u00e8s ces consultations, annoncer des nouvelles recommandations \u00e0 prendre en compte dans un dialogue. Son r\u00f4le reste toutefois flou, son retour pouvant aussi bien contribuer \u00e0 une r\u00e9solution pacifique qu\u2019\u00e0 compliquer davantage les efforts de m\u00e9diation. La pression internationale exerc\u00e9e sur le Rwanda pourrait s\u2019av\u00e9rer d\u00e9terminante dans l\u2019\u00e9volution future de ce conflit.<\/p>\n\n\n\n<p class=\"has-text-align-right\"><strong>Heshima<\/strong><\/p>\n","protected":false},"excerpt":{"rendered":"<p>Ce mois de juin pourrait \u00eatre d\u00e9cisif dans le d\u00e9nouement du conflit entre la R\u00e9publique d\u00e9mocratique du Congo (RDC) et le Rwanda. En principe, les deux pays doivent signer un accord de paix au courant de ce mois apr\u00e8s avoir soumis chacun leurs projets d\u2019accord \u00e0 Washington en mai dernier. Une situation qui pourrait contraindre [&hellip;]<\/p>\n","protected":false},"author":1,"featured_media":5541,"comment_status":"closed","ping_status":"closed","sticky":false,"template":"","format":"standard","meta":{"footnotes":""},"categories":[172],"tags":[],"class_list":["post-5540","post","type-post","status-publish","format-standard","has-post-thumbnail","hentry","category-international"],"yoast_head":"<!-- This site is optimized with the Yoast SEO plugin v23.3 - https:\/\/yoast.com\/wordpress\/plugins\/seo\/ -->\n<title>Conflit en RDC : le Rwanda va-t-il l\u00e2cher l\u2019AFC\/M23 ? - HESHIMA MAGAZINE<\/title>\n<meta name=\"robots\" content=\"index, follow, max-snippet:-1, max-image-preview:large, max-video-preview:-1\" \/>\n<link rel=\"canonical\" href=\"https:\/\/heshimardc.net\/v1\/2025\/06\/04\/conflit-en-rdc-le-rwanda-va-t-il-lacher-lafc-m23\/\" \/>\n<meta property=\"og:locale\" content=\"fr_FR\" \/>\n<meta property=\"og:type\" content=\"article\" \/>\n<meta property=\"og:title\" content=\"Conflit en RDC : le Rwanda va-t-il l\u00e2cher l\u2019AFC\/M23 ? - HESHIMA MAGAZINE\" \/>\n<meta property=\"og:description\" content=\"Ce mois de juin pourrait \u00eatre d\u00e9cisif dans le d\u00e9nouement du conflit entre la R\u00e9publique d\u00e9mocratique du Congo (RDC) et le Rwanda. En principe, les deux pays doivent signer un accord de paix au courant de ce mois apr\u00e8s avoir soumis chacun leurs projets d\u2019accord \u00e0 Washington en mai dernier. Une situation qui pourrait contraindre [&hellip;]\" \/>\n<meta property=\"og:url\" content=\"https:\/\/heshimardc.net\/v1\/2025\/06\/04\/conflit-en-rdc-le-rwanda-va-t-il-lacher-lafc-m23\/\" \/>\n<meta property=\"og:site_name\" content=\"HESHIMA MAGAZINE\" \/>\n<meta property=\"article:publisher\" content=\"https:\/\/www.facebook.com\/heshimamagazine\" \/>\n<meta property=\"article:published_time\" content=\"2025-06-04T16:16:48+00:00\" \/>\n<meta property=\"article:modified_time\" content=\"2025-06-04T16:16:50+00:00\" \/>\n<meta property=\"og:image\" content=\"https:\/\/heshimardc.net\/v1\/wp-content\/uploads\/2025\/06\/1444x920_genocide-au-rwanda-la-france-a-fait-un-grand-pas-nous-devons-l-accepter-selon-le-president-paul.webp\" \/>\n\t<meta property=\"og:image:width\" content=\"1444\" \/>\n\t<meta property=\"og:image:height\" content=\"920\" \/>\n\t<meta property=\"og:image:type\" content=\"image\/webp\" \/>\n<meta name=\"author\" content=\"La redaction\" \/>\n<meta name=\"twitter:card\" content=\"summary_large_image\" \/>\n<meta name=\"twitter:creator\" content=\"@HeshimaMag\" \/>\n<meta name=\"twitter:site\" content=\"@HeshimaMag\" \/>\n<meta name=\"twitter:label1\" content=\"\u00c9crit par\" \/>\n\t<meta name=\"twitter:data1\" content=\"La redaction\" \/>\n\t<meta name=\"twitter:label2\" content=\"Dur\u00e9e de lecture estim\u00e9e\" \/>\n\t<meta name=\"twitter:data2\" content=\"5 minutes\" \/>\n<script type=\"application\/ld+json\" class=\"yoast-schema-graph\">{\"@context\":\"https:\/\/schema.org\",\"@graph\":[{\"@type\":\"Article\",\"@id\":\"https:\/\/heshimardc.net\/v1\/2025\/06\/04\/conflit-en-rdc-le-rwanda-va-t-il-lacher-lafc-m23\/#article\",\"isPartOf\":{\"@id\":\"https:\/\/heshimardc.net\/v1\/2025\/06\/04\/conflit-en-rdc-le-rwanda-va-t-il-lacher-lafc-m23\/\"},\"author\":{\"name\":\"La redaction\",\"@id\":\"https:\/\/heshimardc.net\/v1\/#\/schema\/person\/7188c0b9e770a370943576373b325f91\"},\"headline\":\"Conflit en RDC : le Rwanda va-t-il l\u00e2cher l\u2019AFC\/M23 ?\",\"datePublished\":\"2025-06-04T16:16:48+00:00\",\"dateModified\":\"2025-06-04T16:16:50+00:00\",\"mainEntityOfPage\":{\"@id\":\"https:\/\/heshimardc.net\/v1\/2025\/06\/04\/conflit-en-rdc-le-rwanda-va-t-il-lacher-lafc-m23\/\"},\"wordCount\":974,\"publisher\":{\"@id\":\"https:\/\/heshimardc.net\/v1\/#organization\"},\"image\":{\"@id\":\"https:\/\/heshimardc.net\/v1\/2025\/06\/04\/conflit-en-rdc-le-rwanda-va-t-il-lacher-lafc-m23\/#primaryimage\"},\"thumbnailUrl\":\"https:\/\/heshimardc.net\/v1\/wp-content\/uploads\/2025\/06\/1444x920_genocide-au-rwanda-la-france-a-fait-un-grand-pas-nous-devons-l-accepter-selon-le-president-paul.webp\",\"articleSection\":[\"International\"],\"inLanguage\":\"fr-FR\"},{\"@type\":\"WebPage\",\"@id\":\"https:\/\/heshimardc.net\/v1\/2025\/06\/04\/conflit-en-rdc-le-rwanda-va-t-il-lacher-lafc-m23\/\",\"url\":\"https:\/\/heshimardc.net\/v1\/2025\/06\/04\/conflit-en-rdc-le-rwanda-va-t-il-lacher-lafc-m23\/\",\"name\":\"Conflit en RDC : le Rwanda va-t-il l\u00e2cher l\u2019AFC\/M23 ? - HESHIMA MAGAZINE\",\"isPartOf\":{\"@id\":\"https:\/\/heshimardc.net\/v1\/#website\"},\"primaryImageOfPage\":{\"@id\":\"https:\/\/heshimardc.net\/v1\/2025\/06\/04\/conflit-en-rdc-le-rwanda-va-t-il-lacher-lafc-m23\/#primaryimage\"},\"image\":{\"@id\":\"https:\/\/heshimardc.net\/v1\/2025\/06\/04\/conflit-en-rdc-le-rwanda-va-t-il-lacher-lafc-m23\/#primaryimage\"},\"thumbnailUrl\":\"https:\/\/heshimardc.net\/v1\/wp-content\/uploads\/2025\/06\/1444x920_genocide-au-rwanda-la-france-a-fait-un-grand-pas-nous-devons-l-accepter-selon-le-president-paul.webp\",\"datePublished\":\"2025-06-04T16:16:48+00:00\",\"dateModified\":\"2025-06-04T16:16:50+00:00\",\"breadcrumb\":{\"@id\":\"https:\/\/heshimardc.net\/v1\/2025\/06\/04\/conflit-en-rdc-le-rwanda-va-t-il-lacher-lafc-m23\/#breadcrumb\"},\"inLanguage\":\"fr-FR\",\"potentialAction\":[{\"@type\":\"ReadAction\",\"target\":[\"https:\/\/heshimardc.net\/v1\/2025\/06\/04\/conflit-en-rdc-le-rwanda-va-t-il-lacher-lafc-m23\/\"]}]},{\"@type\":\"ImageObject\",\"inLanguage\":\"fr-FR\",\"@id\":\"https:\/\/heshimardc.net\/v1\/2025\/06\/04\/conflit-en-rdc-le-rwanda-va-t-il-lacher-lafc-m23\/#primaryimage\",\"url\":\"https:\/\/heshimardc.net\/v1\/wp-content\/uploads\/2025\/06\/1444x920_genocide-au-rwanda-la-france-a-fait-un-grand-pas-nous-devons-l-accepter-selon-le-president-paul.webp\",\"contentUrl\":\"https:\/\/heshimardc.net\/v1\/wp-content\/uploads\/2025\/06\/1444x920_genocide-au-rwanda-la-france-a-fait-un-grand-pas-nous-devons-l-accepter-selon-le-president-paul.webp\",\"width\":1444,\"height\":920},{\"@type\":\"BreadcrumbList\",\"@id\":\"https:\/\/heshimardc.net\/v1\/2025\/06\/04\/conflit-en-rdc-le-rwanda-va-t-il-lacher-lafc-m23\/#breadcrumb\",\"itemListElement\":[{\"@type\":\"ListItem\",\"position\":1,\"name\":\"Accueil\",\"item\":\"https:\/\/heshimardc.net\/v1\/\"},{\"@type\":\"ListItem\",\"position\":2,\"name\":\"Conflit en RDC : le Rwanda va-t-il l\u00e2cher l\u2019AFC\/M23 ?\"}]},{\"@type\":\"WebSite\",\"@id\":\"https:\/\/heshimardc.net\/v1\/#website\",\"url\":\"https:\/\/heshimardc.net\/v1\/\",\"name\":\"HESHIMA MAGAZINE\",\"description\":\"Le magazine Congolais qui bat au rythme de l&#039;actualit\u00e9\",\"publisher\":{\"@id\":\"https:\/\/heshimardc.net\/v1\/#organization\"},\"potentialAction\":[{\"@type\":\"SearchAction\",\"target\":{\"@type\":\"EntryPoint\",\"urlTemplate\":\"https:\/\/heshimardc.net\/v1\/?s={search_term_string}\"},\"query-input\":\"required name=search_term_string\"}],\"inLanguage\":\"fr-FR\"},{\"@type\":\"Organization\",\"@id\":\"https:\/\/heshimardc.net\/v1\/#organization\",\"name\":\"HESHIMA MAGAZINE\",\"url\":\"https:\/\/heshimardc.net\/v1\/\",\"logo\":{\"@type\":\"ImageObject\",\"inLanguage\":\"fr-FR\",\"@id\":\"https:\/\/heshimardc.net\/v1\/#\/schema\/logo\/image\/\",\"url\":\"https:\/\/heshimardc.net\/v1\/wp-content\/uploads\/2020\/09\/logo.png\",\"contentUrl\":\"https:\/\/heshimardc.net\/v1\/wp-content\/uploads\/2020\/09\/logo.png\",\"width\":99,\"height\":130,\"caption\":\"HESHIMA MAGAZINE\"},\"image\":{\"@id\":\"https:\/\/heshimardc.net\/v1\/#\/schema\/logo\/image\/\"},\"sameAs\":[\"https:\/\/www.facebook.com\/heshimamagazine\",\"https:\/\/x.com\/HeshimaMag\"]},{\"@type\":\"Person\",\"@id\":\"https:\/\/heshimardc.net\/v1\/#\/schema\/person\/7188c0b9e770a370943576373b325f91\",\"name\":\"La redaction\",\"image\":{\"@type\":\"ImageObject\",\"inLanguage\":\"fr-FR\",\"@id\":\"https:\/\/heshimardc.net\/v1\/#\/schema\/person\/image\/\",\"url\":\"https:\/\/secure.gravatar.com\/avatar\/b53b1a4a434346e76d3ea6c9ecf19fc8?s=96&d=mm&r=g\",\"contentUrl\":\"https:\/\/secure.gravatar.com\/avatar\/b53b1a4a434346e76d3ea6c9ecf19fc8?s=96&d=mm&r=g\",\"caption\":\"La redaction\"},\"sameAs\":[\"https:\/\/heshimardc.net\/v1\",\"La redaction\"],\"url\":\"https:\/\/heshimardc.net\/v1\/author\/la-redaction\/\"}]}<\/script>\n<!-- \/ Yoast SEO plugin. -->","yoast_head_json":{"title":"Conflit en RDC : le Rwanda va-t-il l\u00e2cher l\u2019AFC\/M23 ? - HESHIMA MAGAZINE","robots":{"index":"index","follow":"follow","max-snippet":"max-snippet:-1","max-image-preview":"max-image-preview:large","max-video-preview":"max-video-preview:-1"},"canonical":"https:\/\/heshimardc.net\/v1\/2025\/06\/04\/conflit-en-rdc-le-rwanda-va-t-il-lacher-lafc-m23\/","og_locale":"fr_FR","og_type":"article","og_title":"Conflit en RDC : le Rwanda va-t-il l\u00e2cher l\u2019AFC\/M23 ? - HESHIMA MAGAZINE","og_description":"Ce mois de juin pourrait \u00eatre d\u00e9cisif dans le d\u00e9nouement du conflit entre la R\u00e9publique d\u00e9mocratique du Congo (RDC) et le Rwanda. En principe, les deux pays doivent signer un accord de paix au courant de ce mois apr\u00e8s avoir soumis chacun leurs projets d\u2019accord \u00e0 Washington en mai dernier. Une situation qui pourrait contraindre [&hellip;]","og_url":"https:\/\/heshimardc.net\/v1\/2025\/06\/04\/conflit-en-rdc-le-rwanda-va-t-il-lacher-lafc-m23\/","og_site_name":"HESHIMA MAGAZINE","article_publisher":"https:\/\/www.facebook.com\/heshimamagazine","article_published_time":"2025-06-04T16:16:48+00:00","article_modified_time":"2025-06-04T16:16:50+00:00","og_image":[{"width":1444,"height":920,"url":"https:\/\/heshimardc.net\/v1\/wp-content\/uploads\/2025\/06\/1444x920_genocide-au-rwanda-la-france-a-fait-un-grand-pas-nous-devons-l-accepter-selon-le-president-paul.webp","type":"image\/webp"}],"author":"La redaction","twitter_card":"summary_large_image","twitter_creator":"@HeshimaMag","twitter_site":"@HeshimaMag","twitter_misc":{"\u00c9crit par":"La redaction","Dur\u00e9e de lecture estim\u00e9e":"5 minutes"},"schema":{"@context":"https:\/\/schema.org","@graph":[{"@type":"Article","@id":"https:\/\/heshimardc.net\/v1\/2025\/06\/04\/conflit-en-rdc-le-rwanda-va-t-il-lacher-lafc-m23\/#article","isPartOf":{"@id":"https:\/\/heshimardc.net\/v1\/2025\/06\/04\/conflit-en-rdc-le-rwanda-va-t-il-lacher-lafc-m23\/"},"author":{"name":"La redaction","@id":"https:\/\/heshimardc.net\/v1\/#\/schema\/person\/7188c0b9e770a370943576373b325f91"},"headline":"Conflit en RDC : le Rwanda va-t-il l\u00e2cher l\u2019AFC\/M23 ?","datePublished":"2025-06-04T16:16:48+00:00","dateModified":"2025-06-04T16:16:50+00:00","mainEntityOfPage":{"@id":"https:\/\/heshimardc.net\/v1\/2025\/06\/04\/conflit-en-rdc-le-rwanda-va-t-il-lacher-lafc-m23\/"},"wordCount":974,"publisher":{"@id":"https:\/\/heshimardc.net\/v1\/#organization"},"image":{"@id":"https:\/\/heshimardc.net\/v1\/2025\/06\/04\/conflit-en-rdc-le-rwanda-va-t-il-lacher-lafc-m23\/#primaryimage"},"thumbnailUrl":"https:\/\/heshimardc.net\/v1\/wp-content\/uploads\/2025\/06\/1444x920_genocide-au-rwanda-la-france-a-fait-un-grand-pas-nous-devons-l-accepter-selon-le-president-paul.webp","articleSection":["International"],"inLanguage":"fr-FR"},{"@type":"WebPage","@id":"https:\/\/heshimardc.net\/v1\/2025\/06\/04\/conflit-en-rdc-le-rwanda-va-t-il-lacher-lafc-m23\/","url":"https:\/\/heshimardc.net\/v1\/2025\/06\/04\/conflit-en-rdc-le-rwanda-va-t-il-lacher-lafc-m23\/","name":"Conflit en RDC : le Rwanda va-t-il l\u00e2cher l\u2019AFC\/M23 ? - HESHIMA MAGAZINE","isPartOf":{"@id":"https:\/\/heshimardc.net\/v1\/#website"},"primaryImageOfPage":{"@id":"https:\/\/heshimardc.net\/v1\/2025\/06\/04\/conflit-en-rdc-le-rwanda-va-t-il-lacher-lafc-m23\/#primaryimage"},"image":{"@id":"https:\/\/heshimardc.net\/v1\/2025\/06\/04\/conflit-en-rdc-le-rwanda-va-t-il-lacher-lafc-m23\/#primaryimage"},"thumbnailUrl":"https:\/\/heshimardc.net\/v1\/wp-content\/uploads\/2025\/06\/1444x920_genocide-au-rwanda-la-france-a-fait-un-grand-pas-nous-devons-l-accepter-selon-le-president-paul.webp","datePublished":"2025-06-04T16:16:48+00:00","dateModified":"2025-06-04T16:16:50+00:00","breadcrumb":{"@id":"https:\/\/heshimardc.net\/v1\/2025\/06\/04\/conflit-en-rdc-le-rwanda-va-t-il-lacher-lafc-m23\/#breadcrumb"},"inLanguage":"fr-FR","potentialAction":[{"@type":"ReadAction","target":["https:\/\/heshimardc.net\/v1\/2025\/06\/04\/conflit-en-rdc-le-rwanda-va-t-il-lacher-lafc-m23\/"]}]},{"@type":"ImageObject","inLanguage":"fr-FR","@id":"https:\/\/heshimardc.net\/v1\/2025\/06\/04\/conflit-en-rdc-le-rwanda-va-t-il-lacher-lafc-m23\/#primaryimage","url":"https:\/\/heshimardc.net\/v1\/wp-content\/uploads\/2025\/06\/1444x920_genocide-au-rwanda-la-france-a-fait-un-grand-pas-nous-devons-l-accepter-selon-le-president-paul.webp","contentUrl":"https:\/\/heshimardc.net\/v1\/wp-content\/uploads\/2025\/06\/1444x920_genocide-au-rwanda-la-france-a-fait-un-grand-pas-nous-devons-l-accepter-selon-le-president-paul.webp","width":1444,"height":920},{"@type":"BreadcrumbList","@id":"https:\/\/heshimardc.net\/v1\/2025\/06\/04\/conflit-en-rdc-le-rwanda-va-t-il-lacher-lafc-m23\/#breadcrumb","itemListElement":[{"@type":"ListItem","position":1,"name":"Accueil","item":"https:\/\/heshimardc.net\/v1\/"},{"@type":"ListItem","position":2,"name":"Conflit en RDC : le Rwanda va-t-il l\u00e2cher l\u2019AFC\/M23 ?"}]},{"@type":"WebSite","@id":"https:\/\/heshimardc.net\/v1\/#website","url":"https:\/\/heshimardc.net\/v1\/","name":"HESHIMA MAGAZINE","description":"Le magazine Congolais qui bat au rythme de l&#039;actualit\u00e9","publisher":{"@id":"https:\/\/heshimardc.net\/v1\/#organization"},"potentialAction":[{"@type":"SearchAction","target":{"@type":"EntryPoint","urlTemplate":"https:\/\/heshimardc.net\/v1\/?s={search_term_string}"},"query-input":"required name=search_term_string"}],"inLanguage":"fr-FR"},{"@type":"Organization","@id":"https:\/\/heshimardc.net\/v1\/#organization","name":"HESHIMA MAGAZINE","url":"https:\/\/heshimardc.net\/v1\/","logo":{"@type":"ImageObject","inLanguage":"fr-FR","@id":"https:\/\/heshimardc.net\/v1\/#\/schema\/logo\/image\/","url":"https:\/\/heshimardc.net\/v1\/wp-content\/uploads\/2020\/09\/logo.png","contentUrl":"https:\/\/heshimardc.net\/v1\/wp-content\/uploads\/2020\/09\/logo.png","width":99,"height":130,"caption":"HESHIMA MAGAZINE"},"image":{"@id":"https:\/\/heshimardc.net\/v1\/#\/schema\/logo\/image\/"},"sameAs":["https:\/\/www.facebook.com\/heshimamagazine","https:\/\/x.com\/HeshimaMag"]},{"@type":"Person","@id":"https:\/\/heshimardc.net\/v1\/#\/schema\/person\/7188c0b9e770a370943576373b325f91","name":"La redaction","image":{"@type":"ImageObject","inLanguage":"fr-FR","@id":"https:\/\/heshimardc.net\/v1\/#\/schema\/person\/image\/","url":"https:\/\/secure.gravatar.com\/avatar\/b53b1a4a434346e76d3ea6c9ecf19fc8?s=96&d=mm&r=g","contentUrl":"https:\/\/secure.gravatar.com\/avatar\/b53b1a4a434346e76d3ea6c9ecf19fc8?s=96&d=mm&r=g","caption":"La redaction"},"sameAs":["https:\/\/heshimardc.net\/v1","La redaction"],"url":"https:\/\/heshimardc.net\/v1\/author\/la-redaction\/"}]}},"amp_enabled":true,"_links":{"self":[{"href":"https:\/\/heshimardc.net\/v1\/wp-json\/wp\/v2\/posts\/5540"}],"collection":[{"href":"https:\/\/heshimardc.net\/v1\/wp-json\/wp\/v2\/posts"}],"about":[{"href":"https:\/\/heshimardc.net\/v1\/wp-json\/wp\/v2\/types\/post"}],"author":[{"embeddable":true,"href":"https:\/\/heshimardc.net\/v1\/wp-json\/wp\/v2\/users\/1"}],"replies":[{"embeddable":true,"href":"https:\/\/heshimardc.net\/v1\/wp-json\/wp\/v2\/comments?post=5540"}],"version-history":[{"count":1,"href":"https:\/\/heshimardc.net\/v1\/wp-json\/wp\/v2\/posts\/5540\/revisions"}],"predecessor-version":[{"id":5542,"href":"https:\/\/heshimardc.net\/v1\/wp-json\/wp\/v2\/posts\/5540\/revisions\/5542"}],"wp:featuredmedia":[{"embeddable":true,"href":"https:\/\/heshimardc.net\/v1\/wp-json\/wp\/v2\/media\/5541"}],"wp:attachment":[{"href":"https:\/\/heshimardc.net\/v1\/wp-json\/wp\/v2\/media?parent=5540"}],"wp:term":[{"taxonomy":"category","embeddable":true,"href":"https:\/\/heshimardc.net\/v1\/wp-json\/wp\/v2\/categories?post=5540"},{"taxonomy":"post_tag","embeddable":true,"href":"https:\/\/heshimardc.net\/v1\/wp-json\/wp\/v2\/tags?post=5540"}],"curies":[{"name":"wp","href":"https:\/\/api.w.org\/{rel}","templated":true}]}}