{"id":5668,"date":"2025-07-01T09:36:07","date_gmt":"2025-07-01T09:36:07","guid":{"rendered":"https:\/\/heshimardc.net\/v1\/?p=5668"},"modified":"2025-07-01T09:36:08","modified_gmt":"2025-07-01T09:36:08","slug":"du-papier-aux-projecteurs-heshima-ouvre-la-scene-aux-artistes-congolais","status":"publish","type":"post","link":"https:\/\/heshimardc.net\/v1\/2025\/07\/01\/du-papier-aux-projecteurs-heshima-ouvre-la-scene-aux-artistes-congolais\/","title":{"rendered":"Du papier aux projecteurs : HESHIMA ouvre la sc\u00e8ne aux artistes congolais\u00a0\u00a0"},"content":{"rendered":"\n<p>Depuis plusieurs ann\u00e9es, HESHIMA Magazine valorise les parcours inspirants des politiciens, \u00e9conomistes, b\u00e2tisseurs, artistes, entrepreneurs et penseurs congolais \u00e0 travers des portraits document\u00e9s et dossiers sp\u00e9ciaux.<strong><\/strong><\/p>\n\n\n\n<p>Aujourd\u2019hui, cette vision prend un nouveau souffle. HESHIMA passe de la plume \u00e0 la sc\u00e8ne, et ouvre un espace in\u00e9dit d\u2019expression et de r\u00e9v\u00e9lation avec le lancement de HESHIMA Talent \u2014 une t\u00e9l\u00e9-r\u00e9alit\u00e9 musicale in\u00e9dite, mais surtout, la porte d\u2019entr\u00e9e vers le tout nouveau label HESHIMA Music Group.<strong><\/strong><\/p>\n\n\n\n<p>Pour ce faire, HESHIMA annonce la premi\u00e8re \u00e9dition du concours de musique intitul\u00e9 \u00ab Heshima Talent \u00bb qui d\u00e9marre du 1<sup>er<\/sup> &nbsp;au 15 Juillet 2025. <strong><\/strong><\/p>\n\n\n\n<h2 class=\"wp-block-heading\">HESHIMA Talent : du m\u00e9dia au label, un projet de transmission et d&rsquo;\u00e9l\u00e9vation<strong><\/strong><\/h2>\n\n\n\n<p>HESHIMA Talent est bien plus qu\u2019une \u00e9mission musicale. C\u2019est une plateforme de d\u00e9tection des artistes de demain, un m\u00e9dia vivant, et surtout le canal de lancement officiel du label HESHIMA.<\/p>\n\n\n\n<p>Cr\u00e9\u00e9 pour propulser les jeunes talents congolais sur le devant de la sc\u00e8ne, le label HESHIMA incarne la volont\u00e9 de professionnaliser et structurer l\u2019industrie musicale locale, avec une vision moderne, ancr\u00e9e dans la culture urbaine et les valeurs panafricaines.<\/p>\n\n\n\n<p>Le casting HESHIMA Talent est donc une opportunit\u00e9 unique : celle de faire partie de la premi\u00e8re g\u00e9n\u00e9ration d\u2019artistes accompagn\u00e9s par le label HESHIMA.<\/p>\n\n\n\n<p>Cet \u00e9v\u00e9nement sans pr\u00e9c\u00e9dent au regard de son format vise \u00e0 promouvoir les jeunes talents musicaux \u00e0 travers la R\u00e9publique d\u00e9mocratique du Congo et sa diaspora en trasformant des destins dans ce secteur. Les candidats int\u00e9ress\u00e9s sont appel\u00e9s \u00e0 postuler en ligne du 1er au 15 juillet 2025. Ce concours, ouvert aux artistes amateurs et semi-professionnels entre 14 et 33 ans, se veut une vitrine de la richesse musicale congolaise, centr\u00e9e sur divers styles.<\/p>\n\n\n\n<h2 class=\"wp-block-heading\">Le label HESHIMA : produire, encadrer, faire rayonner<strong><\/strong><\/h2>\n\n\n\n<p>\u00c0 l\u2019issue du programme, le\/la gagnant(e) de HESHIMA Talent b\u00e9n\u00e9ficiera d\u2019un contrat de production complet au sein du label HESHIMA : enregistrement, clip, accompagnement artistique, strat\u00e9gie image et distribution, une tourn\u00e9e nationale et internationale.<\/p>\n\n\n\n<p>Mais au-del\u00e0 du gagnant, le label HESHIMA souhaite constituer une v\u00e9ritable p\u00e9pini\u00e8re de talents, incluant aussi des profils issus de la diaspora, afin de faire rayonner la musique congolaise au-del\u00e0 des fronti\u00e8res.<\/p>\n\n\n\n<h2 class=\"wp-block-heading\">Une vision 360\u00b0, fid\u00e8le \u00e0 l\u2019ADN HESHIMA<strong><\/strong><\/h2>\n\n\n\n<p>Du magazine au label, HESHIMA suit une seule ligne : valoriser ce que le Congo a de meilleur.<\/p>\n\n\n\n<p>Apr\u00e8s avoir mis en avant les d\u00e9cideurs, les cr\u00e9ateurs, les b\u00e2tisseurs, il est temps de r\u00e9v\u00e9ler ceux qui font vibrer le pays \u00e0 travers la musique.<\/p>\n\n\n\n<p>HESHIMA Talent est donc la continuit\u00e9 naturelle de cette mission, mais aussi un acte fondateur pour ce qui devient aujourd\u2019hui une marque culturelle \u00e0 part enti\u00e8re.<\/p>\n\n\n\n<h2 class=\"wp-block-heading\">Comment participer ?<strong><\/strong><\/h2>\n\n\n\n<p><strong>1. Suivre @heshima_mag et @heshima_talent2025 sur Instagram, TikTok, Facebook.<\/strong><\/p>\n\n\n\n<p><strong>2. Envoyer une vid\u00e9o a cappella (pr\u00e9nom + ville + \u00e2ge) \u00e0 : \ud83d\udcf1 WhatsApp : +243 81 081 82 83 <\/strong><\/p>\n\n\n\n<p><strong>\ud83d\udce7 Email : info@heshimardc.net.com<\/strong><\/p>\n\n\n\n<p><strong>3. Attendre la r\u00e9ponse du comit\u00e9. Si pr\u00e9s\u00e9lectionn\u00e9(e), une date pour se pr\u00e9senter au casting final \u00e0 Kinshasa sera communiqu\u00e9e.<\/strong><\/p>\n\n\n\n<p>Cl\u00f4ture des candidatures vid\u00e9os (RDC + diaspora) : <strong>15 juillet 2025.<\/strong><\/p>\n\n\n\n<p>Les artistes vont \u00eatre s\u00e9lectionn\u00e9s par des coachs vocaux et les diff\u00e9rentes primes conna\u00eetront la participation des grands noms de la musique congolaise. Ces primes seront \u00e9galement diffus\u00e9es en ligne (YouTube, TikTok Live, Facebook Watch) avec une large couverture assur\u00e9e par des cha\u00eenes de t\u00e9l\u00e9vision congolaises. Cet \u00e9v\u00e9nement, haut en couleur, consacrera \u00e9galement le lancement officiel du label \u00ab HESHIMA MUSIC GROUP \u00bb (HMG).<\/p>\n\n\n\n<h2 class=\"wp-block-heading\">Un appel aux sponsors et partenaires engag\u00e9s pour la culture<\/h2>\n\n\n\n<p>HESHIMA Talent est plus qu\u2019un programme t\u00e9l\u00e9vis\u00e9 : c\u2019est un projet culturel, social et entrepreneurial. Il vise \u00e0 valoriser les talents congolais, \u00e0 promouvoir une image positive de la jeunesse et \u00e0 renforcer les industries cr\u00e9atives locales.<\/p>\n\n\n\n<p>Nous lan\u00e7ons un appel \u00e0 tous les partenaires, marques, institutions ou m\u00e9c\u00e8nes d\u00e9sireux de s\u2019associer \u00e0 une initiative porteuse de sens, d\u2019impact et de visibilit\u00e9.<\/p>\n\n\n\n<p>Sponsoring, co-branding, soutien logistique, dotations ou diffusion : toutes les formes de partenariat sont les bienvenues.<\/p>\n\n\n\n<p>En rejoignant l\u2019aventure HESHIMA Talent, vous vous associez \u00e0 une vision moderne, panafricaine et ambitieuse du divertissement culturel.<\/p>\n\n\n\n<p><strong>Contact partenariat : info@heshimardc.net| \ud83d\udcf1 WhatsApp : +243 81 0818283<\/strong><\/p>\n\n\n\n<h2 class=\"wp-block-heading\">\ud83d\udccc Hashtag :<\/h2>\n\n\n\n<p>#heshimatalent2025<strong><\/strong><\/p>\n\n\n\n<p><\/p>\n","protected":false},"excerpt":{"rendered":"<p>Depuis plusieurs ann\u00e9es, HESHIMA Magazine valorise les parcours inspirants des politiciens, \u00e9conomistes, b\u00e2tisseurs, artistes, entrepreneurs et penseurs congolais \u00e0 travers des portraits document\u00e9s et dossiers sp\u00e9ciaux. Aujourd\u2019hui, cette vision prend un nouveau souffle. HESHIMA passe de la plume \u00e0 la sc\u00e8ne, et ouvre un espace in\u00e9dit d\u2019expression et de r\u00e9v\u00e9lation avec le lancement de HESHIMA [&hellip;]<\/p>\n","protected":false},"author":1,"featured_media":5669,"comment_status":"closed","ping_status":"closed","sticky":false,"template":"","format":"standard","meta":{"footnotes":""},"categories":[3,175],"tags":[59],"class_list":["post-5668","post","type-post","status-publish","format-standard","has-post-thumbnail","hentry","category-nation","category-societe","tag-featured"],"yoast_head":"<!-- This site is optimized with the Yoast SEO plugin v23.3 - https:\/\/yoast.com\/wordpress\/plugins\/seo\/ -->\n<title>Du papier aux projecteurs : HESHIMA ouvre la sc\u00e8ne aux artistes congolais\u00a0\u00a0 - HESHIMA MAGAZINE<\/title>\n<meta name=\"robots\" content=\"index, follow, max-snippet:-1, max-image-preview:large, max-video-preview:-1\" \/>\n<link rel=\"canonical\" href=\"https:\/\/heshimardc.net\/v1\/2025\/07\/01\/du-papier-aux-projecteurs-heshima-ouvre-la-scene-aux-artistes-congolais\/\" \/>\n<meta property=\"og:locale\" content=\"fr_FR\" \/>\n<meta property=\"og:type\" content=\"article\" \/>\n<meta property=\"og:title\" content=\"Du papier aux projecteurs : HESHIMA ouvre la sc\u00e8ne aux artistes congolais\u00a0\u00a0 - HESHIMA MAGAZINE\" \/>\n<meta property=\"og:description\" content=\"Depuis plusieurs ann\u00e9es, HESHIMA Magazine valorise les parcours inspirants des politiciens, \u00e9conomistes, b\u00e2tisseurs, artistes, entrepreneurs et penseurs congolais \u00e0 travers des portraits document\u00e9s et dossiers sp\u00e9ciaux. Aujourd\u2019hui, cette vision prend un nouveau souffle. HESHIMA passe de la plume \u00e0 la sc\u00e8ne, et ouvre un espace in\u00e9dit d\u2019expression et de r\u00e9v\u00e9lation avec le lancement de HESHIMA [&hellip;]\" \/>\n<meta property=\"og:url\" content=\"https:\/\/heshimardc.net\/v1\/2025\/07\/01\/du-papier-aux-projecteurs-heshima-ouvre-la-scene-aux-artistes-congolais\/\" \/>\n<meta property=\"og:site_name\" content=\"HESHIMA MAGAZINE\" \/>\n<meta property=\"article:publisher\" content=\"https:\/\/www.facebook.com\/heshimamagazine\" \/>\n<meta property=\"article:published_time\" content=\"2025-07-01T09:36:07+00:00\" \/>\n<meta property=\"article:modified_time\" content=\"2025-07-01T09:36:08+00:00\" \/>\n<meta property=\"og:image\" content=\"https:\/\/heshimardc.net\/v1\/wp-content\/uploads\/2025\/07\/AFFICHE-AUDITIONS-HESHIMA-TALENT-site_-scaled.jpg\" \/>\n\t<meta property=\"og:image:width\" content=\"2080\" \/>\n\t<meta property=\"og:image:height\" content=\"2560\" \/>\n\t<meta property=\"og:image:type\" content=\"image\/jpeg\" \/>\n<meta name=\"author\" content=\"La redaction\" \/>\n<meta name=\"twitter:card\" content=\"summary_large_image\" \/>\n<meta name=\"twitter:creator\" content=\"@HeshimaMag\" \/>\n<meta name=\"twitter:site\" content=\"@HeshimaMag\" \/>\n<meta name=\"twitter:label1\" content=\"\u00c9crit par\" \/>\n\t<meta name=\"twitter:data1\" content=\"La redaction\" \/>\n\t<meta name=\"twitter:label2\" content=\"Dur\u00e9e de lecture estim\u00e9e\" \/>\n\t<meta name=\"twitter:data2\" content=\"4 minutes\" \/>\n<script type=\"application\/ld+json\" class=\"yoast-schema-graph\">{\"@context\":\"https:\/\/schema.org\",\"@graph\":[{\"@type\":\"Article\",\"@id\":\"https:\/\/heshimardc.net\/v1\/2025\/07\/01\/du-papier-aux-projecteurs-heshima-ouvre-la-scene-aux-artistes-congolais\/#article\",\"isPartOf\":{\"@id\":\"https:\/\/heshimardc.net\/v1\/2025\/07\/01\/du-papier-aux-projecteurs-heshima-ouvre-la-scene-aux-artistes-congolais\/\"},\"author\":{\"name\":\"La redaction\",\"@id\":\"https:\/\/heshimardc.net\/v1\/#\/schema\/person\/7188c0b9e770a370943576373b325f91\"},\"headline\":\"Du papier aux projecteurs : HESHIMA ouvre la sc\u00e8ne aux artistes congolais\u00a0\u00a0\",\"datePublished\":\"2025-07-01T09:36:07+00:00\",\"dateModified\":\"2025-07-01T09:36:08+00:00\",\"mainEntityOfPage\":{\"@id\":\"https:\/\/heshimardc.net\/v1\/2025\/07\/01\/du-papier-aux-projecteurs-heshima-ouvre-la-scene-aux-artistes-congolais\/\"},\"wordCount\":735,\"publisher\":{\"@id\":\"https:\/\/heshimardc.net\/v1\/#organization\"},\"image\":{\"@id\":\"https:\/\/heshimardc.net\/v1\/2025\/07\/01\/du-papier-aux-projecteurs-heshima-ouvre-la-scene-aux-artistes-congolais\/#primaryimage\"},\"thumbnailUrl\":\"https:\/\/heshimardc.net\/v1\/wp-content\/uploads\/2025\/07\/AFFICHE-AUDITIONS-HESHIMA-TALENT-site_-scaled.jpg\",\"keywords\":[\"Featured\"],\"articleSection\":[\"Nation\",\"Soci\u00e9t\u00e9\"],\"inLanguage\":\"fr-FR\"},{\"@type\":\"WebPage\",\"@id\":\"https:\/\/heshimardc.net\/v1\/2025\/07\/01\/du-papier-aux-projecteurs-heshima-ouvre-la-scene-aux-artistes-congolais\/\",\"url\":\"https:\/\/heshimardc.net\/v1\/2025\/07\/01\/du-papier-aux-projecteurs-heshima-ouvre-la-scene-aux-artistes-congolais\/\",\"name\":\"Du papier aux projecteurs : HESHIMA ouvre la sc\u00e8ne aux artistes congolais\u00a0\u00a0 - HESHIMA MAGAZINE\",\"isPartOf\":{\"@id\":\"https:\/\/heshimardc.net\/v1\/#website\"},\"primaryImageOfPage\":{\"@id\":\"https:\/\/heshimardc.net\/v1\/2025\/07\/01\/du-papier-aux-projecteurs-heshima-ouvre-la-scene-aux-artistes-congolais\/#primaryimage\"},\"image\":{\"@id\":\"https:\/\/heshimardc.net\/v1\/2025\/07\/01\/du-papier-aux-projecteurs-heshima-ouvre-la-scene-aux-artistes-congolais\/#primaryimage\"},\"thumbnailUrl\":\"https:\/\/heshimardc.net\/v1\/wp-content\/uploads\/2025\/07\/AFFICHE-AUDITIONS-HESHIMA-TALENT-site_-scaled.jpg\",\"datePublished\":\"2025-07-01T09:36:07+00:00\",\"dateModified\":\"2025-07-01T09:36:08+00:00\",\"breadcrumb\":{\"@id\":\"https:\/\/heshimardc.net\/v1\/2025\/07\/01\/du-papier-aux-projecteurs-heshima-ouvre-la-scene-aux-artistes-congolais\/#breadcrumb\"},\"inLanguage\":\"fr-FR\",\"potentialAction\":[{\"@type\":\"ReadAction\",\"target\":[\"https:\/\/heshimardc.net\/v1\/2025\/07\/01\/du-papier-aux-projecteurs-heshima-ouvre-la-scene-aux-artistes-congolais\/\"]}]},{\"@type\":\"ImageObject\",\"inLanguage\":\"fr-FR\",\"@id\":\"https:\/\/heshimardc.net\/v1\/2025\/07\/01\/du-papier-aux-projecteurs-heshima-ouvre-la-scene-aux-artistes-congolais\/#primaryimage\",\"url\":\"https:\/\/heshimardc.net\/v1\/wp-content\/uploads\/2025\/07\/AFFICHE-AUDITIONS-HESHIMA-TALENT-site_-scaled.jpg\",\"contentUrl\":\"https:\/\/heshimardc.net\/v1\/wp-content\/uploads\/2025\/07\/AFFICHE-AUDITIONS-HESHIMA-TALENT-site_-scaled.jpg\",\"width\":2080,\"height\":2560},{\"@type\":\"BreadcrumbList\",\"@id\":\"https:\/\/heshimardc.net\/v1\/2025\/07\/01\/du-papier-aux-projecteurs-heshima-ouvre-la-scene-aux-artistes-congolais\/#breadcrumb\",\"itemListElement\":[{\"@type\":\"ListItem\",\"position\":1,\"name\":\"Accueil\",\"item\":\"https:\/\/heshimardc.net\/v1\/\"},{\"@type\":\"ListItem\",\"position\":2,\"name\":\"Du papier aux projecteurs : HESHIMA ouvre la sc\u00e8ne aux artistes congolais\u00a0\u00a0\"}]},{\"@type\":\"WebSite\",\"@id\":\"https:\/\/heshimardc.net\/v1\/#website\",\"url\":\"https:\/\/heshimardc.net\/v1\/\",\"name\":\"HESHIMA MAGAZINE\",\"description\":\"Le magazine Congolais qui bat au rythme de l&#039;actualit\u00e9\",\"publisher\":{\"@id\":\"https:\/\/heshimardc.net\/v1\/#organization\"},\"potentialAction\":[{\"@type\":\"SearchAction\",\"target\":{\"@type\":\"EntryPoint\",\"urlTemplate\":\"https:\/\/heshimardc.net\/v1\/?s={search_term_string}\"},\"query-input\":\"required name=search_term_string\"}],\"inLanguage\":\"fr-FR\"},{\"@type\":\"Organization\",\"@id\":\"https:\/\/heshimardc.net\/v1\/#organization\",\"name\":\"HESHIMA MAGAZINE\",\"url\":\"https:\/\/heshimardc.net\/v1\/\",\"logo\":{\"@type\":\"ImageObject\",\"inLanguage\":\"fr-FR\",\"@id\":\"https:\/\/heshimardc.net\/v1\/#\/schema\/logo\/image\/\",\"url\":\"https:\/\/heshimardc.net\/v1\/wp-content\/uploads\/2020\/09\/logo.png\",\"contentUrl\":\"https:\/\/heshimardc.net\/v1\/wp-content\/uploads\/2020\/09\/logo.png\",\"width\":99,\"height\":130,\"caption\":\"HESHIMA MAGAZINE\"},\"image\":{\"@id\":\"https:\/\/heshimardc.net\/v1\/#\/schema\/logo\/image\/\"},\"sameAs\":[\"https:\/\/www.facebook.com\/heshimamagazine\",\"https:\/\/x.com\/HeshimaMag\"]},{\"@type\":\"Person\",\"@id\":\"https:\/\/heshimardc.net\/v1\/#\/schema\/person\/7188c0b9e770a370943576373b325f91\",\"name\":\"La redaction\",\"image\":{\"@type\":\"ImageObject\",\"inLanguage\":\"fr-FR\",\"@id\":\"https:\/\/heshimardc.net\/v1\/#\/schema\/person\/image\/\",\"url\":\"https:\/\/secure.gravatar.com\/avatar\/b53b1a4a434346e76d3ea6c9ecf19fc8?s=96&d=mm&r=g\",\"contentUrl\":\"https:\/\/secure.gravatar.com\/avatar\/b53b1a4a434346e76d3ea6c9ecf19fc8?s=96&d=mm&r=g\",\"caption\":\"La redaction\"},\"sameAs\":[\"https:\/\/heshimardc.net\/v1\",\"La redaction\"],\"url\":\"https:\/\/heshimardc.net\/v1\/author\/la-redaction\/\"}]}<\/script>\n<!-- \/ Yoast SEO plugin. -->","yoast_head_json":{"title":"Du papier aux projecteurs : HESHIMA ouvre la sc\u00e8ne aux artistes congolais\u00a0\u00a0 - HESHIMA MAGAZINE","robots":{"index":"index","follow":"follow","max-snippet":"max-snippet:-1","max-image-preview":"max-image-preview:large","max-video-preview":"max-video-preview:-1"},"canonical":"https:\/\/heshimardc.net\/v1\/2025\/07\/01\/du-papier-aux-projecteurs-heshima-ouvre-la-scene-aux-artistes-congolais\/","og_locale":"fr_FR","og_type":"article","og_title":"Du papier aux projecteurs : HESHIMA ouvre la sc\u00e8ne aux artistes congolais\u00a0\u00a0 - HESHIMA MAGAZINE","og_description":"Depuis plusieurs ann\u00e9es, HESHIMA Magazine valorise les parcours inspirants des politiciens, \u00e9conomistes, b\u00e2tisseurs, artistes, entrepreneurs et penseurs congolais \u00e0 travers des portraits document\u00e9s et dossiers sp\u00e9ciaux. Aujourd\u2019hui, cette vision prend un nouveau souffle. HESHIMA passe de la plume \u00e0 la sc\u00e8ne, et ouvre un espace in\u00e9dit d\u2019expression et de r\u00e9v\u00e9lation avec le lancement de HESHIMA [&hellip;]","og_url":"https:\/\/heshimardc.net\/v1\/2025\/07\/01\/du-papier-aux-projecteurs-heshima-ouvre-la-scene-aux-artistes-congolais\/","og_site_name":"HESHIMA MAGAZINE","article_publisher":"https:\/\/www.facebook.com\/heshimamagazine","article_published_time":"2025-07-01T09:36:07+00:00","article_modified_time":"2025-07-01T09:36:08+00:00","og_image":[{"width":2080,"height":2560,"url":"https:\/\/heshimardc.net\/v1\/wp-content\/uploads\/2025\/07\/AFFICHE-AUDITIONS-HESHIMA-TALENT-site_-scaled.jpg","type":"image\/jpeg"}],"author":"La redaction","twitter_card":"summary_large_image","twitter_creator":"@HeshimaMag","twitter_site":"@HeshimaMag","twitter_misc":{"\u00c9crit par":"La redaction","Dur\u00e9e de lecture estim\u00e9e":"4 minutes"},"schema":{"@context":"https:\/\/schema.org","@graph":[{"@type":"Article","@id":"https:\/\/heshimardc.net\/v1\/2025\/07\/01\/du-papier-aux-projecteurs-heshima-ouvre-la-scene-aux-artistes-congolais\/#article","isPartOf":{"@id":"https:\/\/heshimardc.net\/v1\/2025\/07\/01\/du-papier-aux-projecteurs-heshima-ouvre-la-scene-aux-artistes-congolais\/"},"author":{"name":"La redaction","@id":"https:\/\/heshimardc.net\/v1\/#\/schema\/person\/7188c0b9e770a370943576373b325f91"},"headline":"Du papier aux projecteurs : HESHIMA ouvre la sc\u00e8ne aux artistes congolais\u00a0\u00a0","datePublished":"2025-07-01T09:36:07+00:00","dateModified":"2025-07-01T09:36:08+00:00","mainEntityOfPage":{"@id":"https:\/\/heshimardc.net\/v1\/2025\/07\/01\/du-papier-aux-projecteurs-heshima-ouvre-la-scene-aux-artistes-congolais\/"},"wordCount":735,"publisher":{"@id":"https:\/\/heshimardc.net\/v1\/#organization"},"image":{"@id":"https:\/\/heshimardc.net\/v1\/2025\/07\/01\/du-papier-aux-projecteurs-heshima-ouvre-la-scene-aux-artistes-congolais\/#primaryimage"},"thumbnailUrl":"https:\/\/heshimardc.net\/v1\/wp-content\/uploads\/2025\/07\/AFFICHE-AUDITIONS-HESHIMA-TALENT-site_-scaled.jpg","keywords":["Featured"],"articleSection":["Nation","Soci\u00e9t\u00e9"],"inLanguage":"fr-FR"},{"@type":"WebPage","@id":"https:\/\/heshimardc.net\/v1\/2025\/07\/01\/du-papier-aux-projecteurs-heshima-ouvre-la-scene-aux-artistes-congolais\/","url":"https:\/\/heshimardc.net\/v1\/2025\/07\/01\/du-papier-aux-projecteurs-heshima-ouvre-la-scene-aux-artistes-congolais\/","name":"Du papier aux projecteurs : HESHIMA ouvre la sc\u00e8ne aux artistes congolais\u00a0\u00a0 - HESHIMA MAGAZINE","isPartOf":{"@id":"https:\/\/heshimardc.net\/v1\/#website"},"primaryImageOfPage":{"@id":"https:\/\/heshimardc.net\/v1\/2025\/07\/01\/du-papier-aux-projecteurs-heshima-ouvre-la-scene-aux-artistes-congolais\/#primaryimage"},"image":{"@id":"https:\/\/heshimardc.net\/v1\/2025\/07\/01\/du-papier-aux-projecteurs-heshima-ouvre-la-scene-aux-artistes-congolais\/#primaryimage"},"thumbnailUrl":"https:\/\/heshimardc.net\/v1\/wp-content\/uploads\/2025\/07\/AFFICHE-AUDITIONS-HESHIMA-TALENT-site_-scaled.jpg","datePublished":"2025-07-01T09:36:07+00:00","dateModified":"2025-07-01T09:36:08+00:00","breadcrumb":{"@id":"https:\/\/heshimardc.net\/v1\/2025\/07\/01\/du-papier-aux-projecteurs-heshima-ouvre-la-scene-aux-artistes-congolais\/#breadcrumb"},"inLanguage":"fr-FR","potentialAction":[{"@type":"ReadAction","target":["https:\/\/heshimardc.net\/v1\/2025\/07\/01\/du-papier-aux-projecteurs-heshima-ouvre-la-scene-aux-artistes-congolais\/"]}]},{"@type":"ImageObject","inLanguage":"fr-FR","@id":"https:\/\/heshimardc.net\/v1\/2025\/07\/01\/du-papier-aux-projecteurs-heshima-ouvre-la-scene-aux-artistes-congolais\/#primaryimage","url":"https:\/\/heshimardc.net\/v1\/wp-content\/uploads\/2025\/07\/AFFICHE-AUDITIONS-HESHIMA-TALENT-site_-scaled.jpg","contentUrl":"https:\/\/heshimardc.net\/v1\/wp-content\/uploads\/2025\/07\/AFFICHE-AUDITIONS-HESHIMA-TALENT-site_-scaled.jpg","width":2080,"height":2560},{"@type":"BreadcrumbList","@id":"https:\/\/heshimardc.net\/v1\/2025\/07\/01\/du-papier-aux-projecteurs-heshima-ouvre-la-scene-aux-artistes-congolais\/#breadcrumb","itemListElement":[{"@type":"ListItem","position":1,"name":"Accueil","item":"https:\/\/heshimardc.net\/v1\/"},{"@type":"ListItem","position":2,"name":"Du papier aux projecteurs : HESHIMA ouvre la sc\u00e8ne aux artistes congolais\u00a0\u00a0"}]},{"@type":"WebSite","@id":"https:\/\/heshimardc.net\/v1\/#website","url":"https:\/\/heshimardc.net\/v1\/","name":"HESHIMA MAGAZINE","description":"Le magazine Congolais qui bat au rythme de l&#039;actualit\u00e9","publisher":{"@id":"https:\/\/heshimardc.net\/v1\/#organization"},"potentialAction":[{"@type":"SearchAction","target":{"@type":"EntryPoint","urlTemplate":"https:\/\/heshimardc.net\/v1\/?s={search_term_string}"},"query-input":"required name=search_term_string"}],"inLanguage":"fr-FR"},{"@type":"Organization","@id":"https:\/\/heshimardc.net\/v1\/#organization","name":"HESHIMA MAGAZINE","url":"https:\/\/heshimardc.net\/v1\/","logo":{"@type":"ImageObject","inLanguage":"fr-FR","@id":"https:\/\/heshimardc.net\/v1\/#\/schema\/logo\/image\/","url":"https:\/\/heshimardc.net\/v1\/wp-content\/uploads\/2020\/09\/logo.png","contentUrl":"https:\/\/heshimardc.net\/v1\/wp-content\/uploads\/2020\/09\/logo.png","width":99,"height":130,"caption":"HESHIMA MAGAZINE"},"image":{"@id":"https:\/\/heshimardc.net\/v1\/#\/schema\/logo\/image\/"},"sameAs":["https:\/\/www.facebook.com\/heshimamagazine","https:\/\/x.com\/HeshimaMag"]},{"@type":"Person","@id":"https:\/\/heshimardc.net\/v1\/#\/schema\/person\/7188c0b9e770a370943576373b325f91","name":"La redaction","image":{"@type":"ImageObject","inLanguage":"fr-FR","@id":"https:\/\/heshimardc.net\/v1\/#\/schema\/person\/image\/","url":"https:\/\/secure.gravatar.com\/avatar\/b53b1a4a434346e76d3ea6c9ecf19fc8?s=96&d=mm&r=g","contentUrl":"https:\/\/secure.gravatar.com\/avatar\/b53b1a4a434346e76d3ea6c9ecf19fc8?s=96&d=mm&r=g","caption":"La redaction"},"sameAs":["https:\/\/heshimardc.net\/v1","La redaction"],"url":"https:\/\/heshimardc.net\/v1\/author\/la-redaction\/"}]}},"amp_enabled":true,"_links":{"self":[{"href":"https:\/\/heshimardc.net\/v1\/wp-json\/wp\/v2\/posts\/5668"}],"collection":[{"href":"https:\/\/heshimardc.net\/v1\/wp-json\/wp\/v2\/posts"}],"about":[{"href":"https:\/\/heshimardc.net\/v1\/wp-json\/wp\/v2\/types\/post"}],"author":[{"embeddable":true,"href":"https:\/\/heshimardc.net\/v1\/wp-json\/wp\/v2\/users\/1"}],"replies":[{"embeddable":true,"href":"https:\/\/heshimardc.net\/v1\/wp-json\/wp\/v2\/comments?post=5668"}],"version-history":[{"count":1,"href":"https:\/\/heshimardc.net\/v1\/wp-json\/wp\/v2\/posts\/5668\/revisions"}],"predecessor-version":[{"id":5670,"href":"https:\/\/heshimardc.net\/v1\/wp-json\/wp\/v2\/posts\/5668\/revisions\/5670"}],"wp:featuredmedia":[{"embeddable":true,"href":"https:\/\/heshimardc.net\/v1\/wp-json\/wp\/v2\/media\/5669"}],"wp:attachment":[{"href":"https:\/\/heshimardc.net\/v1\/wp-json\/wp\/v2\/media?parent=5668"}],"wp:term":[{"taxonomy":"category","embeddable":true,"href":"https:\/\/heshimardc.net\/v1\/wp-json\/wp\/v2\/categories?post=5668"},{"taxonomy":"post_tag","embeddable":true,"href":"https:\/\/heshimardc.net\/v1\/wp-json\/wp\/v2\/tags?post=5668"}],"curies":[{"name":"wp","href":"https:\/\/api.w.org\/{rel}","templated":true}]}}