{"id":5734,"date":"2025-07-28T17:29:11","date_gmt":"2025-07-28T17:29:11","guid":{"rendered":"https:\/\/heshimardc.net\/v1\/?p=5734"},"modified":"2025-07-28T17:31:10","modified_gmt":"2025-07-28T17:31:10","slug":"5734","status":"publish","type":"post","link":"https:\/\/heshimardc.net\/v1\/2025\/07\/28\/5734\/","title":{"rendered":"RDC : Andr\u00e9 Wameso, un strat\u00e8ge \u00e9conomique \u00e0 la t\u00eate de la BCC"},"content":{"rendered":"\n<h1 class=\"wp-block-heading\"><\/h1>\n\n\n\n<p><strong>Le 23 juillet 2025, le pr\u00e9sident F\u00e9lix Tshisekedi a nomm\u00e9 Andr\u00e9 Wameso au poste de gouverneur de la Banque Centrale du Congo (BCC), succ\u00e9dant \u00e0 Malangu Kabedi Mbuyi. Cette nomination marque un tournant important pour l\u2019institution mon\u00e9taire du pays, alors que la R\u00e9publique d\u00e9mocratique du Congo (RDC) fait face \u00e0 des d\u00e9fis \u00e9conomiques persistants. Qui est Andr\u00e9 Wameso, et pourquoi Tshisekedi l\u2019a-t-il choisi pour cette position cl\u00e9 ? Heshima Magazine revient sur ce changement \u00e0 la t\u00eate de la plus grande institution financi\u00e8re du pays.&nbsp;<\/strong><\/p>\n\n\n\n<h2 class=\"wp-block-heading\">Un parcours riche en exp\u00e9rience<\/h2>\n\n\n\n<p>Andr\u00e9 Wameso, la cinquantaine r\u00e9volue, originaire de Songololo dans le Kongo-Central, est un \u00e9conomiste de formation. Il est dipl\u00f4m\u00e9 en ing\u00e9nierie commerciale avec une sp\u00e9cialisation en finance de l\u2019Universit\u00e9 Catholique de Louvain en Belgique, une institution r\u00e9put\u00e9e pour son excellence acad\u00e9mique. Sa carri\u00e8re professionnelle d\u00e9bute dans le secteur bancaire europ\u00e9en, o\u00f9 il occupe le poste de directeur de l\u2019audit interne chez Dexia (aujourd\u2019hui Belfius) en Belgique. \u00c0 ce titre, il supervise les contr\u00f4les internes, la conformit\u00e9 et l\u2019\u00e9valuation des risques \u00e0 l\u2019international, d\u00e9veloppant une expertise pointue en gestion financi\u00e8re. De retour en RDC, Wameso rejoint Rawbank, l\u2019une des principales banques commerciales du pays, en tant que directeur du risque, consolidant ainsi son exp\u00e9rience dans le secteur bancaire congolais.<\/p>\n\n\n\n<p>Au-del\u00e0 de ses r\u00e9alisations dans le priv\u00e9, Wameso s\u2019est distingu\u00e9 dans l\u2019administration publique. Avant sa nomination \u00e0 la BCC, il occupait depuis avril 2021 le poste de directeur de cabinet adjoint du pr\u00e9sident Tshisekedi, charg\u00e9 des questions \u00e9conomiques et financi\u00e8res. &nbsp;Auparavant, il \u00e9tait l\u2019un des cinq ambassadeurs itin\u00e9rants du chef de l\u2019\u00c9tat, charg\u00e9 de missions diplomatiques et \u00e9conomiques \u00e0 travers le monde. \u00c9lu d\u00e9put\u00e9 national lors des derni\u00e8res \u00e9lections l\u00e9gislatives, il choisit de ne pas si\u00e9ger \u00e0 l\u2019Assembl\u00e9e nationale pour conserver ses responsabilit\u00e9s au sein du cabinet pr\u00e9sidentiel, d\u00e9montrant son engagement envers les priorit\u00e9s \u00e9conomiques de Tshisekedi.<\/p>\n\n\n\n<p>Wameso a \u00e9galement jou\u00e9 un r\u00f4le dans la r\u00e9vision du contrat sino-congolais, un dossier strat\u00e9gique suivi par l\u2019Inspection g\u00e9n\u00e9rale des Finances, renfor\u00e7ant son image de technocrate rigoureux.<\/p>\n\n\n\n<h2 class=\"wp-block-heading\">Un choix strat\u00e9gique de F\u00e9lix Tshisekedi<\/h2>\n\n\n\n<p>La nomination de Wameso \u00e0 la t\u00eate de la BCC n\u2019est pas un simple changement de personnel, mais un signal politique fort, comme l\u2019a soulign\u00e9 un proche du s\u00e9rail du pouvoir dans un post sur le r\u00e9seau social X le 26 juillet 2025 : \u00ab Il ne s\u2019agit pas d\u2019un simple remplacement, mais d\u2019un signal politique fort. \u00bb Cette d\u00e9cision s\u2019inscrit dans un contexte o\u00f9 l\u2019\u00e9conomie congolaise est confront\u00e9e \u00e0 des enjeux complexes, m\u00ealant d\u00e9fis internes et engagements internationaux. Wameso est per\u00e7u comme un collaborateur de confiance du pr\u00e9sident, dot\u00e9 d\u2019une expertise technique et d\u2019une exp\u00e9rience diplomatique pr\u00e9cieuse.<\/p>\n\n\n\n<p>Un \u00e9l\u00e9ment central de son profil est son r\u00f4le cl\u00e9 dans la n\u00e9gociation de l\u2019accord historique entre la RDC, les \u00c9tats-Unis et le Rwanda, sign\u00e9 \u00e0 Washington le 27 juin 2025. Cet accord, visant \u00e0 promouvoir la paix et la coop\u00e9ration \u00e9conomique dans la r\u00e9gion des Grands Lacs, riche en min\u00e9raux critiques comme le coltan, positionne la RDC comme un acteur strat\u00e9gique sur la sc\u00e8ne internationale. Selon Reuters, cet accord \u00ab marque une perc\u00e9e dans les pourparlers et vise \u00e0 attirer des milliards de dollars d\u2019investissements occidentaux dans une r\u00e9gion riche en cobalt \u00bb. Wameso, d\u00e9crit comme un \u00ab n\u00e9gociateur central \u00bb par certaines sources, a d\u00e9montr\u00e9 sa capacit\u00e9 \u00e0 g\u00e9rer des dossiers sensibles impliquant des enjeux g\u00e9opolitiques et \u00e9conomiques.<\/p>\n\n\n\n<p>Sa proximit\u00e9 avec le pr\u00e9sident Tshisekedi, combin\u00e9e \u00e0 son exp\u00e9rience dans la coordination des politiques \u00e9conomiques nationales, fait de lui un choix logique pour traduire les engagements internationaux en r\u00e9sultats concrets au niveau national. Cette nomination refl\u00e8te \u00e9galement la volont\u00e9 de Tshisekedi de placer des figures de confiance \u00e0 la t\u00eate des institutions cl\u00e9s, comme le souligne Congoprofond.net, qui qualifie cette vague de nominations de \u00ab remaniement strat\u00e9gique \u00bb.<\/p>\n\n\n\n<h2 class=\"wp-block-heading\">Les d\u00e9fis de la BCC<\/h2>\n\n\n\n<p>La Banque Centrale du Congo fait face \u00e0 des d\u00e9fis colossaux pour assurer la stabilit\u00e9 mon\u00e9taire et financi\u00e8re de la RDC. Selon ses donn\u00e9es, le taux d\u2019inflation glissement annuel s\u2019\u00e9levait \u00e0 7,882 % le 26 juillet 2025, une am\u00e9lioration par rapport aux 11,3 % de fin 2024, mais toujours pr\u00e9occupante. Cette baisse, rapport\u00e9e par la Banque mondiale, r\u00e9sulte d\u2019une meilleure gestion des r\u00e9serves de change, port\u00e9es \u00e0 2,5 mois d\u2019importations en 2024 gr\u00e2ce aux investissements directs \u00e9trangers et aux financements ext\u00e9rieurs.<\/p>\n\n\n\n<p>La stabilisation du taux de change reste une priorit\u00e9. Le franc congolais (CDF) a subi une d\u00e9pr\u00e9ciation de 8,7 % en 2024, selon la Banque mondiale, et le taux de change s\u2019\u00e9tablissait \u00e0 1 USD = 2 874,8680 CDF le 25 juillet 2025, d\u2019apr\u00e8s la BCC. Cette volatilit\u00e9 affecte le pouvoir d\u2019achat des Congolais et la confiance dans la monnaie nationale. La dollarisation de l\u2019\u00e9conomie, o\u00f9 de nombreuses transactions sont effectu\u00e9es en dollars am\u00e9ricains, limite l\u2019efficacit\u00e9 de la politique mon\u00e9taire, comme le note Dac-presse.com : \u00ab Le franc congolais fait face \u00e0 de multiples d\u00e9fis \u00e9conomiques, notamment l\u2019inflation, le taux de change instable et la dollarisation de l\u2019\u00e9conomie \u00bb.<\/p>\n\n\n\n<p>Wameso devra \u00e9galement poursuivre les r\u00e9formes institutionnelles initi\u00e9es par sa pr\u00e9d\u00e9cesseure, Malangu Kabedi Mbuyi, qui ont permis de r\u00e9duire l\u2019inflation de 23,8 % en 2023 \u00e0 6,2 % en 2024, selon Infos27.cd. Ces r\u00e9formes incluent le renforcement de la gouvernance de la BCC et l\u2019assainissement du syst\u00e8me bancaire, des objectifs cruciaux pour r\u00e9pondre aux attentes du Fonds Mon\u00e9taire International (FMI). Un rapport du FMI publi\u00e9 le 2 juillet 2025 souligne que \u00ab la BCC a maintenu une orientation restrictive de la politique mon\u00e9taire, contribuant \u00e0 ramener l\u2019inflation \u00e0 un chiffre pour la premi\u00e8re fois en trois ans \u00bb.<\/p>\n\n\n\n<p>Enfin, la coordination avec la politique budg\u00e9taire est essentielle, dans un contexte o\u00f9 le budget national d\u00e9pend fortement du secteur minier (plus d\u2019un tiers des recettes) et de l\u2019aide ext\u00e9rieure, attendue \u00e0 hauteur de 27 % en 2025, selon le Tr\u00e9sor fran\u00e7ais.<\/p>\n\n\n\n<h2 class=\"wp-block-heading\">Wameso face aux attentes<\/h2>\n\n\n\n<p>Avec son bagage acad\u00e9mique et son exp\u00e9rience professionnelle, Andr\u00e9 Wameso semble bien \u00e9quip\u00e9 pour relever ces d\u00e9fis. Son expertise en gestion des risques et en audit interne, acquise chez Dexia et Rawbank, sera pr\u00e9cieuse pour renforcer la transparence et la cr\u00e9dibilit\u00e9 de la BCC. Sa participation \u00e0 des dossiers strat\u00e9giques, comme la r\u00e9vision du contrat sino-congolais et l\u2019accord RDC\u2013USA\u2013Rwanda, t\u00e9moigne de sa capacit\u00e9 \u00e0 naviguer dans des environnements complexes.<\/p>\n\n\n\n<p>Sa proximit\u00e9 avec le pouvoir ex\u00e9cutif pourrait faciliter la coordination entre la politique mon\u00e9taire et la politique budg\u00e9taire, un facteur cl\u00e9 pour maintenir la stabilit\u00e9 macro\u00e9conomique. Comme le note Zoom-eco.net, \u00ab la coordination entre les politiques budg\u00e9taires et mon\u00e9taires sera cruciale pour maintenir cette tendance positive \u00bb en mati\u00e8re de contr\u00f4le de l\u2019inflation.<\/p>\n\n\n\n<p>Cependant, des critiques \u00e9mergent, notamment sur les r\u00e9seaux sociaux, o\u00f9 certains Congolais, comme&nbsp; Wini Sadewa sur X, questionnent la valeur ajout\u00e9e de Wameso : \u00ab N\u2019\u00e9tait-il pas d\u00e9j\u00e0 dans le syst\u00e8me ? Quelle r\u00e9elle plus-value a-t-il apport\u00e9e, concr\u00e8tement ? Juste un poste ? \u00bb D\u2019autres, comme Patrick Santu, doutent de son expertise sp\u00e9cifique pour diriger une banque centrale. Ces r\u00e9serves refl\u00e8tent une m\u00e9fiance envers les nominations per\u00e7ues comme politiques, un sentiment r\u00e9pandu dans un pays marqu\u00e9 par des d\u00e9cennies de gouvernance contest\u00e9e.<\/p>\n\n\n\n<p>Malgr\u00e9 ces critiques, le parcours de Wameso et son implication dans des dossiers strat\u00e9giques sugg\u00e8rent qu\u2019il a les comp\u00e9tences n\u00e9cessaires pour diriger la BCC dans cette p\u00e9riode critique. Son succ\u00e8s d\u00e9pendra de sa capacit\u00e9 \u00e0 mettre en \u0153uvre des r\u00e9formes audacieuses tout en r\u00e9pondant aux attentes \u00e9lev\u00e9es des Congolais et des partenaires internationaux.<\/p>\n\n\n\n<p><strong>Un cap pour la stabilit\u00e9 mon\u00e9taire&nbsp;?<\/strong><\/p>\n\n\n\n<p>La nomination d\u2019Andr\u00e9 Wameso \u00e0 la t\u00eate de la BCC est un choix strat\u00e9gique de la part du pr\u00e9sident Tshisekedi, visant \u00e0 placer un expert de confiance pour g\u00e9rer les d\u00e9fis mon\u00e9taires et \u00e9conomiques de la RDC. Avec son parcours riche et diversifi\u00e9, Wameso est bien positionn\u00e9 pour stabiliser le franc congolais, contr\u00f4ler l\u2019inflation et renforcer le syst\u00e8me bancaire. Toutefois, il devra faire face \u00e0 des attentes \u00e9lev\u00e9es et \u00e0 des critiques, tout en naviguant dans un environnement \u00e9conomique et politique complexe. Dans un pays o\u00f9 la souverainet\u00e9 mon\u00e9taire est aussi un levier de souverainet\u00e9 politique, comme le souligne Daniel Kleber, Wameso a l\u2019opportunit\u00e9 de marquer l\u2019histoire de la BCC.<\/p>\n\n\n\n<p class=\"has-text-align-right\"><strong>Heshima Magazine<\/strong><\/p>\n","protected":false},"excerpt":{"rendered":"<p>Le 23 juillet 2025, le pr\u00e9sident F\u00e9lix Tshisekedi a nomm\u00e9 Andr\u00e9 Wameso au poste de gouverneur de la Banque Centrale du Congo (BCC), succ\u00e9dant \u00e0 Malangu Kabedi Mbuyi. Cette nomination marque un tournant important pour l\u2019institution mon\u00e9taire du pays, alors que la R\u00e9publique d\u00e9mocratique du Congo (RDC) fait face \u00e0 des d\u00e9fis \u00e9conomiques persistants. Qui [&hellip;]<\/p>\n","protected":false},"author":1,"featured_media":5736,"comment_status":"closed","ping_status":"closed","sticky":false,"template":"","format":"standard","meta":{"footnotes":""},"categories":[4],"tags":[],"class_list":["post-5734","post","type-post","status-publish","format-standard","has-post-thumbnail","hentry","category-economie"],"yoast_head":"<!-- This site is optimized with the Yoast SEO plugin v23.3 - https:\/\/yoast.com\/wordpress\/plugins\/seo\/ -->\n<title>RDC : Andr\u00e9 Wameso, un strat\u00e8ge \u00e9conomique \u00e0 la t\u00eate de la BCC - HESHIMA MAGAZINE<\/title>\n<meta name=\"robots\" content=\"index, follow, max-snippet:-1, max-image-preview:large, max-video-preview:-1\" \/>\n<link rel=\"canonical\" href=\"https:\/\/heshimardc.net\/v1\/2025\/07\/28\/5734\/\" \/>\n<meta property=\"og:locale\" content=\"fr_FR\" \/>\n<meta property=\"og:type\" content=\"article\" \/>\n<meta property=\"og:title\" content=\"RDC : Andr\u00e9 Wameso, un strat\u00e8ge \u00e9conomique \u00e0 la t\u00eate de la BCC - HESHIMA MAGAZINE\" \/>\n<meta property=\"og:description\" content=\"Le 23 juillet 2025, le pr\u00e9sident F\u00e9lix Tshisekedi a nomm\u00e9 Andr\u00e9 Wameso au poste de gouverneur de la Banque Centrale du Congo (BCC), succ\u00e9dant \u00e0 Malangu Kabedi Mbuyi. Cette nomination marque un tournant important pour l\u2019institution mon\u00e9taire du pays, alors que la R\u00e9publique d\u00e9mocratique du Congo (RDC) fait face \u00e0 des d\u00e9fis \u00e9conomiques persistants. Qui [&hellip;]\" \/>\n<meta property=\"og:url\" content=\"https:\/\/heshimardc.net\/v1\/2025\/07\/28\/5734\/\" \/>\n<meta property=\"og:site_name\" content=\"HESHIMA MAGAZINE\" \/>\n<meta property=\"article:publisher\" content=\"https:\/\/www.facebook.com\/heshimamagazine\" \/>\n<meta property=\"article:published_time\" content=\"2025-07-28T17:29:11+00:00\" \/>\n<meta property=\"article:modified_time\" content=\"2025-07-28T17:31:10+00:00\" \/>\n<meta property=\"og:image\" content=\"https:\/\/heshimardc.net\/v1\/wp-content\/uploads\/2025\/07\/1508A700-C596-40A5-8FB8-2B1957F4A706-1.jpeg\" \/>\n\t<meta property=\"og:image:width\" content=\"1024\" \/>\n\t<meta property=\"og:image:height\" content=\"768\" \/>\n\t<meta property=\"og:image:type\" content=\"image\/jpeg\" \/>\n<meta name=\"author\" content=\"La redaction\" \/>\n<meta name=\"twitter:card\" content=\"summary_large_image\" \/>\n<meta name=\"twitter:creator\" content=\"@HeshimaMag\" \/>\n<meta name=\"twitter:site\" content=\"@HeshimaMag\" \/>\n<meta name=\"twitter:label1\" content=\"\u00c9crit par\" \/>\n\t<meta name=\"twitter:data1\" content=\"La redaction\" \/>\n\t<meta name=\"twitter:label2\" content=\"Dur\u00e9e de lecture estim\u00e9e\" \/>\n\t<meta name=\"twitter:data2\" content=\"7 minutes\" \/>\n<script type=\"application\/ld+json\" class=\"yoast-schema-graph\">{\"@context\":\"https:\/\/schema.org\",\"@graph\":[{\"@type\":\"Article\",\"@id\":\"https:\/\/heshimardc.net\/v1\/2025\/07\/28\/5734\/#article\",\"isPartOf\":{\"@id\":\"https:\/\/heshimardc.net\/v1\/2025\/07\/28\/5734\/\"},\"author\":{\"name\":\"La redaction\",\"@id\":\"https:\/\/heshimardc.net\/v1\/#\/schema\/person\/7188c0b9e770a370943576373b325f91\"},\"headline\":\"RDC : Andr\u00e9 Wameso, un strat\u00e8ge \u00e9conomique \u00e0 la t\u00eate de la BCC\",\"datePublished\":\"2025-07-28T17:29:11+00:00\",\"dateModified\":\"2025-07-28T17:31:10+00:00\",\"mainEntityOfPage\":{\"@id\":\"https:\/\/heshimardc.net\/v1\/2025\/07\/28\/5734\/\"},\"wordCount\":1488,\"publisher\":{\"@id\":\"https:\/\/heshimardc.net\/v1\/#organization\"},\"image\":{\"@id\":\"https:\/\/heshimardc.net\/v1\/2025\/07\/28\/5734\/#primaryimage\"},\"thumbnailUrl\":\"https:\/\/heshimardc.net\/v1\/wp-content\/uploads\/2025\/07\/1508A700-C596-40A5-8FB8-2B1957F4A706-1.jpeg\",\"articleSection\":[\"Economie\"],\"inLanguage\":\"fr-FR\"},{\"@type\":\"WebPage\",\"@id\":\"https:\/\/heshimardc.net\/v1\/2025\/07\/28\/5734\/\",\"url\":\"https:\/\/heshimardc.net\/v1\/2025\/07\/28\/5734\/\",\"name\":\"RDC : Andr\u00e9 Wameso, un strat\u00e8ge \u00e9conomique \u00e0 la t\u00eate de la BCC - HESHIMA MAGAZINE\",\"isPartOf\":{\"@id\":\"https:\/\/heshimardc.net\/v1\/#website\"},\"primaryImageOfPage\":{\"@id\":\"https:\/\/heshimardc.net\/v1\/2025\/07\/28\/5734\/#primaryimage\"},\"image\":{\"@id\":\"https:\/\/heshimardc.net\/v1\/2025\/07\/28\/5734\/#primaryimage\"},\"thumbnailUrl\":\"https:\/\/heshimardc.net\/v1\/wp-content\/uploads\/2025\/07\/1508A700-C596-40A5-8FB8-2B1957F4A706-1.jpeg\",\"datePublished\":\"2025-07-28T17:29:11+00:00\",\"dateModified\":\"2025-07-28T17:31:10+00:00\",\"breadcrumb\":{\"@id\":\"https:\/\/heshimardc.net\/v1\/2025\/07\/28\/5734\/#breadcrumb\"},\"inLanguage\":\"fr-FR\",\"potentialAction\":[{\"@type\":\"ReadAction\",\"target\":[\"https:\/\/heshimardc.net\/v1\/2025\/07\/28\/5734\/\"]}]},{\"@type\":\"ImageObject\",\"inLanguage\":\"fr-FR\",\"@id\":\"https:\/\/heshimardc.net\/v1\/2025\/07\/28\/5734\/#primaryimage\",\"url\":\"https:\/\/heshimardc.net\/v1\/wp-content\/uploads\/2025\/07\/1508A700-C596-40A5-8FB8-2B1957F4A706-1.jpeg\",\"contentUrl\":\"https:\/\/heshimardc.net\/v1\/wp-content\/uploads\/2025\/07\/1508A700-C596-40A5-8FB8-2B1957F4A706-1.jpeg\",\"width\":1024,\"height\":768},{\"@type\":\"BreadcrumbList\",\"@id\":\"https:\/\/heshimardc.net\/v1\/2025\/07\/28\/5734\/#breadcrumb\",\"itemListElement\":[{\"@type\":\"ListItem\",\"position\":1,\"name\":\"Accueil\",\"item\":\"https:\/\/heshimardc.net\/v1\/\"},{\"@type\":\"ListItem\",\"position\":2,\"name\":\"RDC : Andr\u00e9 Wameso, un strat\u00e8ge \u00e9conomique \u00e0 la t\u00eate de la BCC\"}]},{\"@type\":\"WebSite\",\"@id\":\"https:\/\/heshimardc.net\/v1\/#website\",\"url\":\"https:\/\/heshimardc.net\/v1\/\",\"name\":\"HESHIMA MAGAZINE\",\"description\":\"Le magazine Congolais qui bat au rythme de l&#039;actualit\u00e9\",\"publisher\":{\"@id\":\"https:\/\/heshimardc.net\/v1\/#organization\"},\"potentialAction\":[{\"@type\":\"SearchAction\",\"target\":{\"@type\":\"EntryPoint\",\"urlTemplate\":\"https:\/\/heshimardc.net\/v1\/?s={search_term_string}\"},\"query-input\":\"required name=search_term_string\"}],\"inLanguage\":\"fr-FR\"},{\"@type\":\"Organization\",\"@id\":\"https:\/\/heshimardc.net\/v1\/#organization\",\"name\":\"HESHIMA MAGAZINE\",\"url\":\"https:\/\/heshimardc.net\/v1\/\",\"logo\":{\"@type\":\"ImageObject\",\"inLanguage\":\"fr-FR\",\"@id\":\"https:\/\/heshimardc.net\/v1\/#\/schema\/logo\/image\/\",\"url\":\"https:\/\/heshimardc.net\/v1\/wp-content\/uploads\/2020\/09\/logo.png\",\"contentUrl\":\"https:\/\/heshimardc.net\/v1\/wp-content\/uploads\/2020\/09\/logo.png\",\"width\":99,\"height\":130,\"caption\":\"HESHIMA MAGAZINE\"},\"image\":{\"@id\":\"https:\/\/heshimardc.net\/v1\/#\/schema\/logo\/image\/\"},\"sameAs\":[\"https:\/\/www.facebook.com\/heshimamagazine\",\"https:\/\/x.com\/HeshimaMag\"]},{\"@type\":\"Person\",\"@id\":\"https:\/\/heshimardc.net\/v1\/#\/schema\/person\/7188c0b9e770a370943576373b325f91\",\"name\":\"La redaction\",\"image\":{\"@type\":\"ImageObject\",\"inLanguage\":\"fr-FR\",\"@id\":\"https:\/\/heshimardc.net\/v1\/#\/schema\/person\/image\/\",\"url\":\"https:\/\/secure.gravatar.com\/avatar\/b53b1a4a434346e76d3ea6c9ecf19fc8?s=96&d=mm&r=g\",\"contentUrl\":\"https:\/\/secure.gravatar.com\/avatar\/b53b1a4a434346e76d3ea6c9ecf19fc8?s=96&d=mm&r=g\",\"caption\":\"La redaction\"},\"sameAs\":[\"https:\/\/heshimardc.net\/v1\",\"La redaction\"],\"url\":\"https:\/\/heshimardc.net\/v1\/author\/la-redaction\/\"}]}<\/script>\n<!-- \/ Yoast SEO plugin. -->","yoast_head_json":{"title":"RDC : Andr\u00e9 Wameso, un strat\u00e8ge \u00e9conomique \u00e0 la t\u00eate de la BCC - HESHIMA MAGAZINE","robots":{"index":"index","follow":"follow","max-snippet":"max-snippet:-1","max-image-preview":"max-image-preview:large","max-video-preview":"max-video-preview:-1"},"canonical":"https:\/\/heshimardc.net\/v1\/2025\/07\/28\/5734\/","og_locale":"fr_FR","og_type":"article","og_title":"RDC : Andr\u00e9 Wameso, un strat\u00e8ge \u00e9conomique \u00e0 la t\u00eate de la BCC - HESHIMA MAGAZINE","og_description":"Le 23 juillet 2025, le pr\u00e9sident F\u00e9lix Tshisekedi a nomm\u00e9 Andr\u00e9 Wameso au poste de gouverneur de la Banque Centrale du Congo (BCC), succ\u00e9dant \u00e0 Malangu Kabedi Mbuyi. Cette nomination marque un tournant important pour l\u2019institution mon\u00e9taire du pays, alors que la R\u00e9publique d\u00e9mocratique du Congo (RDC) fait face \u00e0 des d\u00e9fis \u00e9conomiques persistants. Qui [&hellip;]","og_url":"https:\/\/heshimardc.net\/v1\/2025\/07\/28\/5734\/","og_site_name":"HESHIMA MAGAZINE","article_publisher":"https:\/\/www.facebook.com\/heshimamagazine","article_published_time":"2025-07-28T17:29:11+00:00","article_modified_time":"2025-07-28T17:31:10+00:00","og_image":[{"width":1024,"height":768,"url":"https:\/\/heshimardc.net\/v1\/wp-content\/uploads\/2025\/07\/1508A700-C596-40A5-8FB8-2B1957F4A706-1.jpeg","type":"image\/jpeg"}],"author":"La redaction","twitter_card":"summary_large_image","twitter_creator":"@HeshimaMag","twitter_site":"@HeshimaMag","twitter_misc":{"\u00c9crit par":"La redaction","Dur\u00e9e de lecture estim\u00e9e":"7 minutes"},"schema":{"@context":"https:\/\/schema.org","@graph":[{"@type":"Article","@id":"https:\/\/heshimardc.net\/v1\/2025\/07\/28\/5734\/#article","isPartOf":{"@id":"https:\/\/heshimardc.net\/v1\/2025\/07\/28\/5734\/"},"author":{"name":"La redaction","@id":"https:\/\/heshimardc.net\/v1\/#\/schema\/person\/7188c0b9e770a370943576373b325f91"},"headline":"RDC : Andr\u00e9 Wameso, un strat\u00e8ge \u00e9conomique \u00e0 la t\u00eate de la BCC","datePublished":"2025-07-28T17:29:11+00:00","dateModified":"2025-07-28T17:31:10+00:00","mainEntityOfPage":{"@id":"https:\/\/heshimardc.net\/v1\/2025\/07\/28\/5734\/"},"wordCount":1488,"publisher":{"@id":"https:\/\/heshimardc.net\/v1\/#organization"},"image":{"@id":"https:\/\/heshimardc.net\/v1\/2025\/07\/28\/5734\/#primaryimage"},"thumbnailUrl":"https:\/\/heshimardc.net\/v1\/wp-content\/uploads\/2025\/07\/1508A700-C596-40A5-8FB8-2B1957F4A706-1.jpeg","articleSection":["Economie"],"inLanguage":"fr-FR"},{"@type":"WebPage","@id":"https:\/\/heshimardc.net\/v1\/2025\/07\/28\/5734\/","url":"https:\/\/heshimardc.net\/v1\/2025\/07\/28\/5734\/","name":"RDC : Andr\u00e9 Wameso, un strat\u00e8ge \u00e9conomique \u00e0 la t\u00eate de la BCC - HESHIMA MAGAZINE","isPartOf":{"@id":"https:\/\/heshimardc.net\/v1\/#website"},"primaryImageOfPage":{"@id":"https:\/\/heshimardc.net\/v1\/2025\/07\/28\/5734\/#primaryimage"},"image":{"@id":"https:\/\/heshimardc.net\/v1\/2025\/07\/28\/5734\/#primaryimage"},"thumbnailUrl":"https:\/\/heshimardc.net\/v1\/wp-content\/uploads\/2025\/07\/1508A700-C596-40A5-8FB8-2B1957F4A706-1.jpeg","datePublished":"2025-07-28T17:29:11+00:00","dateModified":"2025-07-28T17:31:10+00:00","breadcrumb":{"@id":"https:\/\/heshimardc.net\/v1\/2025\/07\/28\/5734\/#breadcrumb"},"inLanguage":"fr-FR","potentialAction":[{"@type":"ReadAction","target":["https:\/\/heshimardc.net\/v1\/2025\/07\/28\/5734\/"]}]},{"@type":"ImageObject","inLanguage":"fr-FR","@id":"https:\/\/heshimardc.net\/v1\/2025\/07\/28\/5734\/#primaryimage","url":"https:\/\/heshimardc.net\/v1\/wp-content\/uploads\/2025\/07\/1508A700-C596-40A5-8FB8-2B1957F4A706-1.jpeg","contentUrl":"https:\/\/heshimardc.net\/v1\/wp-content\/uploads\/2025\/07\/1508A700-C596-40A5-8FB8-2B1957F4A706-1.jpeg","width":1024,"height":768},{"@type":"BreadcrumbList","@id":"https:\/\/heshimardc.net\/v1\/2025\/07\/28\/5734\/#breadcrumb","itemListElement":[{"@type":"ListItem","position":1,"name":"Accueil","item":"https:\/\/heshimardc.net\/v1\/"},{"@type":"ListItem","position":2,"name":"RDC : Andr\u00e9 Wameso, un strat\u00e8ge \u00e9conomique \u00e0 la t\u00eate de la BCC"}]},{"@type":"WebSite","@id":"https:\/\/heshimardc.net\/v1\/#website","url":"https:\/\/heshimardc.net\/v1\/","name":"HESHIMA MAGAZINE","description":"Le magazine Congolais qui bat au rythme de l&#039;actualit\u00e9","publisher":{"@id":"https:\/\/heshimardc.net\/v1\/#organization"},"potentialAction":[{"@type":"SearchAction","target":{"@type":"EntryPoint","urlTemplate":"https:\/\/heshimardc.net\/v1\/?s={search_term_string}"},"query-input":"required name=search_term_string"}],"inLanguage":"fr-FR"},{"@type":"Organization","@id":"https:\/\/heshimardc.net\/v1\/#organization","name":"HESHIMA MAGAZINE","url":"https:\/\/heshimardc.net\/v1\/","logo":{"@type":"ImageObject","inLanguage":"fr-FR","@id":"https:\/\/heshimardc.net\/v1\/#\/schema\/logo\/image\/","url":"https:\/\/heshimardc.net\/v1\/wp-content\/uploads\/2020\/09\/logo.png","contentUrl":"https:\/\/heshimardc.net\/v1\/wp-content\/uploads\/2020\/09\/logo.png","width":99,"height":130,"caption":"HESHIMA MAGAZINE"},"image":{"@id":"https:\/\/heshimardc.net\/v1\/#\/schema\/logo\/image\/"},"sameAs":["https:\/\/www.facebook.com\/heshimamagazine","https:\/\/x.com\/HeshimaMag"]},{"@type":"Person","@id":"https:\/\/heshimardc.net\/v1\/#\/schema\/person\/7188c0b9e770a370943576373b325f91","name":"La redaction","image":{"@type":"ImageObject","inLanguage":"fr-FR","@id":"https:\/\/heshimardc.net\/v1\/#\/schema\/person\/image\/","url":"https:\/\/secure.gravatar.com\/avatar\/b53b1a4a434346e76d3ea6c9ecf19fc8?s=96&d=mm&r=g","contentUrl":"https:\/\/secure.gravatar.com\/avatar\/b53b1a4a434346e76d3ea6c9ecf19fc8?s=96&d=mm&r=g","caption":"La redaction"},"sameAs":["https:\/\/heshimardc.net\/v1","La redaction"],"url":"https:\/\/heshimardc.net\/v1\/author\/la-redaction\/"}]}},"amp_enabled":true,"_links":{"self":[{"href":"https:\/\/heshimardc.net\/v1\/wp-json\/wp\/v2\/posts\/5734"}],"collection":[{"href":"https:\/\/heshimardc.net\/v1\/wp-json\/wp\/v2\/posts"}],"about":[{"href":"https:\/\/heshimardc.net\/v1\/wp-json\/wp\/v2\/types\/post"}],"author":[{"embeddable":true,"href":"https:\/\/heshimardc.net\/v1\/wp-json\/wp\/v2\/users\/1"}],"replies":[{"embeddable":true,"href":"https:\/\/heshimardc.net\/v1\/wp-json\/wp\/v2\/comments?post=5734"}],"version-history":[{"count":2,"href":"https:\/\/heshimardc.net\/v1\/wp-json\/wp\/v2\/posts\/5734\/revisions"}],"predecessor-version":[{"id":5739,"href":"https:\/\/heshimardc.net\/v1\/wp-json\/wp\/v2\/posts\/5734\/revisions\/5739"}],"wp:featuredmedia":[{"embeddable":true,"href":"https:\/\/heshimardc.net\/v1\/wp-json\/wp\/v2\/media\/5736"}],"wp:attachment":[{"href":"https:\/\/heshimardc.net\/v1\/wp-json\/wp\/v2\/media?parent=5734"}],"wp:term":[{"taxonomy":"category","embeddable":true,"href":"https:\/\/heshimardc.net\/v1\/wp-json\/wp\/v2\/categories?post=5734"},{"taxonomy":"post_tag","embeddable":true,"href":"https:\/\/heshimardc.net\/v1\/wp-json\/wp\/v2\/tags?post=5734"}],"curies":[{"name":"wp","href":"https:\/\/api.w.org\/{rel}","templated":true}]}}