{"id":6070,"date":"2026-03-09T11:09:42","date_gmt":"2026-03-09T11:09:42","guid":{"rendered":"https:\/\/heshimardc.net\/v1\/?p=6070"},"modified":"2026-03-09T11:09:45","modified_gmt":"2026-03-09T11:09:45","slug":"30-ans-dinsecurite-dans-lest-de-la-rdc-des-solutions-envisagees-sont-elles-durables","status":"publish","type":"post","link":"https:\/\/heshimardc.net\/v1\/2026\/03\/09\/30-ans-dinsecurite-dans-lest-de-la-rdc-des-solutions-envisagees-sont-elles-durables\/","title":{"rendered":"30 ans d\u2019ins\u00e9curit\u00e9 dans l\u2019Est de la RDC : des solutions envisag\u00e9es sont-elles durables\u00a0?"},"content":{"rendered":"\n<p><strong>Depuis plusieurs d\u00e9cennies, l\u2019Est de la R\u00e9publique d\u00e9mocratique du Congo demeure le th\u00e9\u00e2tre de violences arm\u00e9es r\u00e9currentes. Entre rivalit\u00e9s pour le contr\u00f4le des ressources naturelles, pr\u00e9sence de groupes arm\u00e9s et tensions r\u00e9gionales, cette instabilit\u00e9 continue d\u2019avoir de lourdes cons\u00e9quences sur les populations civiles et le d\u00e9veloppement du pays. Les solutions envisag\u00e9es actuellement par le pr\u00e9sident de la R\u00e9publique, F\u00e9lix Tshisekedi, peuvent-elles mettre d\u00e9finitivement un terme \u00e0 ces trois d\u00e9cennies de violences&nbsp;? Tentative de r\u00e9ponse.<\/strong><\/p>\n\n\n\n<p>La situation s\u00e9curitaire dans l\u2019Est de la R\u00e9publique d\u00e9mocratique du Congo reste l\u2019une des crises les plus complexes et prolong\u00e9es du continent africain. Les provinces du Nord-Kivu, du Sud-Kivu et de l\u2019Ituri sont r\u00e9guli\u00e8rement secou\u00e9es par des affrontements entre groupes arm\u00e9s, forces gouvernementales et parfois des acteurs \u00e9trangers. Plusieurs facteurs expliquent cette ins\u00e9curit\u00e9 chronique. D\u2019abord, la pr\u00e9sence de nombreux groupes arm\u00e9s locaux et \u00e9trangers qui se disputent le contr\u00f4le des territoires et des ressources naturelles, notamment l\u2019or, le coltan et d\u2019autres minerais strat\u00e9giques. Ces ressources, essentielles pour l\u2019\u00e9conomie mondiale, alimentent souvent une \u00e9conomie de guerre et renforcent les capacit\u00e9s de ces groupes.<\/p>\n\n\n\n<p>Ensuite, les tensions communautaires et les conflits fonciers contribuent \u00e9galement \u00e0 l\u2019instabilit\u00e9. Dans certaines zones, les rivalit\u00e9s entre communaut\u00e9s pour l\u2019acc\u00e8s \u00e0 la terre et au pouvoir local exacerbent les violences. C\u2019est le cas de Hema et Lendu dans la province de l\u2019Ituri. \u00c0 cela s\u2019ajoute la faiblesse de l\u2019autorit\u00e9 de l\u2019\u00c9tat dans certaines r\u00e9gions, o\u00f9 les institutions publiques peinent \u00e0 assurer la s\u00e9curit\u00e9 et les services de base.<\/p>\n\n\n\n<p>Les cons\u00e9quences de cette situation sont dramatiques pour les populations. Des milliers de civils sont victimes de violences, tandis que des millions d\u2019autres sont contraints de fuir leurs villages pour se r\u00e9fugier dans des camps de d\u00e9plac\u00e9s. L\u2019ins\u00e9curit\u00e9 perturbe aussi l\u2019agriculture, le commerce et l\u2019\u00e9ducation, aggravant la pauvret\u00e9 et freinant le d\u00e9veloppement local.<\/p>\n\n\n\n<p><strong>Des solutions envisag\u00e9es sous Tshisekedi<\/strong><\/p>\n\n\n\n<p>La crise s\u00e9curitaire qui secoue l\u2019Est de la RDC demeure l\u2019un des d\u00e9fis majeurs pour les autorit\u00e9s congolaises et leurs partenaires internationaux. Pour de nombreux analystes de cette situation chronique, la premi\u00e8re solution passe par le renforcement des capacit\u00e9s des forces de d\u00e9fense et de s\u00e9curit\u00e9 de la RDC. Une arm\u00e9e mieux form\u00e9e, mieux \u00e9quip\u00e9e et mieux encadr\u00e9e pourrait jouer un r\u00f4le d\u00e9terminant dans la protection des populations et la restauration de l\u2019autorit\u00e9 de l\u2019\u00c9tat dans les zones sous influence des groupes arm\u00e9s. Sur ce point, F\u00e9lix Tshisekedi a mis en place \u00e0 travers le gouvernement et le parlement une loi de programmation militaire qui assure une mont\u00e9e en puissance des Forces arm\u00e9es de la R\u00e9publique d\u00e9mocratique du Congo (FARDC).<\/p>\n\n\n\n<p>Cette loi de programmation militaire pr\u00e9voit que 30 % du budget g\u00e9n\u00e9ral de l\u2019Etat soit allou\u00e9 aux forces de d\u00e9fense et de s\u00e9curit\u00e9. Ces cr\u00e9dits visent \u00e0 renforcer l\u2019\u00e9quipement militaire, am\u00e9liorer la logistique et assurer une meilleure prise en charge du personnel militaire et policier. Ces chiffres repr\u00e9sentent une progression par rapport au budget pr\u00e9c\u00e9dent qui consacrait 13,12 % pour l\u2019ensemble de d\u00e9fense, s\u00e9curit\u00e9 publique et justice.<\/p>\n\n\n\n<p><strong>Une pr\u00e9sence efficace de la police&nbsp;<\/strong><\/p>\n\n\n\n<p>La RDC a entam\u00e9 depuis quelques ann\u00e9es un processus de r\u00e9forme profonde du secteur de la s\u00e9curit\u00e9. Apr\u00e8s la loi de Programmation militaire, le gouvernement avait pr\u00e9sent\u00e9 en mai 2025 un projet de loi ambitieux au Parlement pour refonder la Police nationale congolaise (PNC) une institution souvent critiqu\u00e9e pour des d\u00e9rapages et divers abus. Pour r\u00e9former cette grosse machine de s\u00e9curit\u00e9, le gouvernement met des grands moyens : 2,3 milliards de dollars sont pr\u00e9vus sur cinq ans, soit de 2025 \u00e0 2029. Le 16 mai 2025, le vice-premier ministre, ministre de l\u2019Int\u00e9rieur et S\u00e9curit\u00e9 Jacquemain Shabani avait d\u00e9fendu ce projet de loi \u00e0 l\u2019Assembl\u00e9e nationale. Le texte pr\u00e9voit un programme de r\u00e9formes qui va n\u00e9cessiter la mobilisation de moyens consid\u00e9rables. Il pr\u00e9voit de former 90 000 policiers pour renforcer l\u2019effectif.<\/p>\n\n\n\n<p>En sous-effectif quasi permanent, la police a toujours du mal \u00e0 accomplir efficacement sa mission r\u00e9galienne. Il se constate une r\u00e9partition in\u00e9gale des effectifs sur le territoire national. Au Sud-Kivu, par exemple, apr\u00e8s le d\u00e9part des casques bleus pakistanais, la Police nationale congolaise n\u2019avait pas pu r\u00e9occuper pleinement la province. Fin avril 2024, plus de la moiti\u00e9 des 115 policiers cens\u00e9s occuper la base de Kamanyola l\u2019avaient d\u00e9sert\u00e9e, selon le constat d\u2019un journaliste de l\u2019Agence France-Presse (AFP). Le peu de policiers qui restaient se plaignaient de leurs conditions de vie et de l\u2019absence de r\u00e9mun\u00e9ration. \u00ab Un policier qui passe deux jours sans manger alors qu\u2019il a une arme, \u00e7a devient facile pour lui d\u2019attaquer de paisibles citoyens \u00bb pour se ravitailler, d\u00e9non\u00e7ait Joe Wendo, un acteur de la soci\u00e9t\u00e9 civile locale.<\/p>\n\n\n\n<p>Pour une paix durable, les provinces de l\u2019Ituri, du Nord et du Sud-Kivu devraient b\u00e9n\u00e9ficier d\u2019un nombre consid\u00e9rable de policiers pour assurer l\u2019autorit\u00e9 de l\u2019Etat dans les parties ayant subi l\u2019ins\u00e9curit\u00e9 des groupes arm\u00e9s.&nbsp; &nbsp;<\/p>\n\n\n\n<p><strong>Des programmes fonctionnels de d\u00e9mobilisation&nbsp;<\/strong><\/p>\n\n\n\n<p>La r\u00e9int\u00e9gration de certains combattants \u00e0 travers des programmes de d\u00e9sarmement, d\u00e9mobilisation et r\u00e9insertion (DDR) pourrait contribuer \u00e0 r\u00e9duire la violence sur le terrain. Ce processus doit cependant s\u2019accompagner d\u2019efforts de r\u00e9conciliation entre communaut\u00e9s, souvent divis\u00e9es par des rivalit\u00e9s anciennes li\u00e9es \u00e0 la terre, \u00e0 l\u2019identit\u00e9 ou au pouvoir local. Ces programmes de d\u00e9mobilisation doivent \u00eatre fonctionnels pour assurer que les combattants d\u00e9mobilis\u00e9s ne retourneront plus dans la brousse pour reprendre des activit\u00e9s subversives.&nbsp;&nbsp; &nbsp;&nbsp;&nbsp;&nbsp;<\/p>\n\n\n\n<p>En parall\u00e8le, plusieurs experts insistent aussi sur la n\u00e9cessit\u00e9 d\u2019un dialogue politique inclusif au niveau du pays mais aussi de la r\u00e9gion. La coop\u00e9ration r\u00e9gionale appara\u00eet \u00e9galement comme un levier essentiel. Les tensions et les accusations mutuelles entre pays voisins compliquent souvent la r\u00e9solution du conflit. Un dialogue sinc\u00e8re et une collaboration s\u00e9curitaire renforc\u00e9e entre les \u00c9tats de la r\u00e9gion pourraient permettre de limiter le soutien ou la circulation des groupes arm\u00e9s \u00e0 travers les fronti\u00e8res. C\u2019est aussi le sens de l\u2019Accord de Washington sign\u00e9 entre le Rwanda et la RDC le 27 juin et paraph\u00e9 le 4 d\u00e9cembre 2025 par les pr\u00e9sidents Paul Kagame du Rwanda et F\u00e9lix Tshisekedi.<\/p>\n\n\n\n<p>Par ailleurs, la gouvernance des ressources naturelles constitue un enjeu majeur. Une exploitation transparente et r\u00e9glement\u00e9e des minerais strat\u00e9giques, combin\u00e9e \u00e0 une lutte efficace contre les circuits ill\u00e9gaux, pourrait r\u00e9duire le financement des groupes arm\u00e9s et favoriser une meilleure redistribution des richesses au profit des populations locales. Il faut couper le pont du pillage des ressources naturelles effectu\u00e9 par le Rwanda et l\u2019Ouganda.&nbsp;&nbsp;&nbsp;<\/p>\n\n\n\n<p>Si la pacification de l\u2019Est de la RDC repr\u00e9sente un d\u00e9fi majeur, elle reste une condition essentielle pour garantir la s\u00e9curit\u00e9 des populations et ouvrir la voie \u00e0 un d\u00e9veloppement durable. Seule une approche combinant action militaire, dialogue politique et r\u00e9formes \u00e9conomiques permettra d\u2019esp\u00e9rer une paix durable dans cette r\u00e9gion meurtrie. Et Julien Paluku, ancien gouverneur du Nord-Kivu et ministre du Commerce ext\u00e9rieur, a pris le risque d\u2019annoncer que la r\u00e9bellion de l\u2019AFC\/M23 est la derni\u00e8re en RDC. \u00ab&nbsp;Le gouvernement et le pr\u00e9sident de la R\u00e9publique ont coup\u00e9 toutes les branches qui servaient de pr\u00e9texte au Rwanda&nbsp;\u00bb pour attaquer la RDC, a-t-il d\u00e9clar\u00e9. Les accords de Washington, qui ont un volet \u00e9conomique important, pourraient aussi changer l\u2019histoire de cette r\u00e9gion congolaise meurtrie depuis 30 ans.<\/p>\n\n\n\n<p class=\"has-text-align-right\"><strong>Heshima Magazine&nbsp;&nbsp; &nbsp;&nbsp;<\/strong><\/p>\n","protected":false},"excerpt":{"rendered":"<p>Depuis plusieurs d\u00e9cennies, l\u2019Est de la R\u00e9publique d\u00e9mocratique du Congo demeure le th\u00e9\u00e2tre de violences arm\u00e9es r\u00e9currentes. Entre rivalit\u00e9s pour le contr\u00f4le des ressources naturelles, pr\u00e9sence de groupes arm\u00e9s et tensions r\u00e9gionales, cette instabilit\u00e9 continue d\u2019avoir de lourdes cons\u00e9quences sur les populations civiles et le d\u00e9veloppement du pays. Les solutions envisag\u00e9es actuellement par le pr\u00e9sident [&hellip;]<\/p>\n","protected":false},"author":1,"featured_media":6071,"comment_status":"closed","ping_status":"closed","sticky":false,"template":"","format":"standard","meta":{"footnotes":""},"categories":[3],"tags":[],"class_list":["post-6070","post","type-post","status-publish","format-standard","has-post-thumbnail","hentry","category-nation"],"yoast_head":"<!-- This site is optimized with the Yoast SEO plugin v23.3 - https:\/\/yoast.com\/wordpress\/plugins\/seo\/ -->\n<title>30 ans d\u2019ins\u00e9curit\u00e9 dans l\u2019Est de la RDC : des solutions envisag\u00e9es sont-elles durables\u00a0? - HESHIMA MAGAZINE<\/title>\n<meta name=\"robots\" content=\"index, follow, max-snippet:-1, max-image-preview:large, max-video-preview:-1\" \/>\n<link rel=\"canonical\" href=\"https:\/\/heshimardc.net\/v1\/2026\/03\/09\/30-ans-dinsecurite-dans-lest-de-la-rdc-des-solutions-envisagees-sont-elles-durables\/\" \/>\n<meta property=\"og:locale\" content=\"fr_FR\" \/>\n<meta property=\"og:type\" content=\"article\" \/>\n<meta property=\"og:title\" content=\"30 ans d\u2019ins\u00e9curit\u00e9 dans l\u2019Est de la RDC : des solutions envisag\u00e9es sont-elles durables\u00a0? - HESHIMA MAGAZINE\" \/>\n<meta property=\"og:description\" content=\"Depuis plusieurs d\u00e9cennies, l\u2019Est de la R\u00e9publique d\u00e9mocratique du Congo demeure le th\u00e9\u00e2tre de violences arm\u00e9es r\u00e9currentes. Entre rivalit\u00e9s pour le contr\u00f4le des ressources naturelles, pr\u00e9sence de groupes arm\u00e9s et tensions r\u00e9gionales, cette instabilit\u00e9 continue d\u2019avoir de lourdes cons\u00e9quences sur les populations civiles et le d\u00e9veloppement du pays. Les solutions envisag\u00e9es actuellement par le pr\u00e9sident [&hellip;]\" \/>\n<meta property=\"og:url\" content=\"https:\/\/heshimardc.net\/v1\/2026\/03\/09\/30-ans-dinsecurite-dans-lest-de-la-rdc-des-solutions-envisagees-sont-elles-durables\/\" \/>\n<meta property=\"og:site_name\" content=\"HESHIMA MAGAZINE\" \/>\n<meta property=\"article:publisher\" content=\"https:\/\/www.facebook.com\/heshimamagazine\" \/>\n<meta property=\"article:published_time\" content=\"2026-03-09T11:09:42+00:00\" \/>\n<meta property=\"article:modified_time\" content=\"2026-03-09T11:09:45+00:00\" \/>\n<meta property=\"og:image\" content=\"https:\/\/heshimardc.net\/v1\/wp-content\/uploads\/2026\/03\/01000000-c0a8-0242-f2d2-08dbdfa8ff2c_cx0_cy10_cw0_w1080_h608-copie.jpg\" \/>\n\t<meta property=\"og:image:width\" content=\"1080\" \/>\n\t<meta property=\"og:image:height\" content=\"608\" \/>\n\t<meta property=\"og:image:type\" content=\"image\/jpeg\" \/>\n<meta name=\"author\" content=\"La redaction\" \/>\n<meta name=\"twitter:card\" content=\"summary_large_image\" \/>\n<meta name=\"twitter:creator\" content=\"@HeshimaMag\" \/>\n<meta name=\"twitter:site\" content=\"@HeshimaMag\" \/>\n<meta name=\"twitter:label1\" content=\"\u00c9crit par\" \/>\n\t<meta name=\"twitter:data1\" content=\"La redaction\" \/>\n\t<meta name=\"twitter:label2\" content=\"Dur\u00e9e de lecture estim\u00e9e\" \/>\n\t<meta name=\"twitter:data2\" content=\"7 minutes\" \/>\n<script type=\"application\/ld+json\" class=\"yoast-schema-graph\">{\"@context\":\"https:\/\/schema.org\",\"@graph\":[{\"@type\":\"Article\",\"@id\":\"https:\/\/heshimardc.net\/v1\/2026\/03\/09\/30-ans-dinsecurite-dans-lest-de-la-rdc-des-solutions-envisagees-sont-elles-durables\/#article\",\"isPartOf\":{\"@id\":\"https:\/\/heshimardc.net\/v1\/2026\/03\/09\/30-ans-dinsecurite-dans-lest-de-la-rdc-des-solutions-envisagees-sont-elles-durables\/\"},\"author\":{\"name\":\"La redaction\",\"@id\":\"https:\/\/heshimardc.net\/v1\/#\/schema\/person\/7188c0b9e770a370943576373b325f91\"},\"headline\":\"30 ans d\u2019ins\u00e9curit\u00e9 dans l\u2019Est de la RDC : des solutions envisag\u00e9es sont-elles durables\u00a0?\",\"datePublished\":\"2026-03-09T11:09:42+00:00\",\"dateModified\":\"2026-03-09T11:09:45+00:00\",\"mainEntityOfPage\":{\"@id\":\"https:\/\/heshimardc.net\/v1\/2026\/03\/09\/30-ans-dinsecurite-dans-lest-de-la-rdc-des-solutions-envisagees-sont-elles-durables\/\"},\"wordCount\":1394,\"publisher\":{\"@id\":\"https:\/\/heshimardc.net\/v1\/#organization\"},\"image\":{\"@id\":\"https:\/\/heshimardc.net\/v1\/2026\/03\/09\/30-ans-dinsecurite-dans-lest-de-la-rdc-des-solutions-envisagees-sont-elles-durables\/#primaryimage\"},\"thumbnailUrl\":\"https:\/\/heshimardc.net\/v1\/wp-content\/uploads\/2026\/03\/01000000-c0a8-0242-f2d2-08dbdfa8ff2c_cx0_cy10_cw0_w1080_h608-copie.jpg\",\"articleSection\":[\"Nation\"],\"inLanguage\":\"fr-FR\"},{\"@type\":\"WebPage\",\"@id\":\"https:\/\/heshimardc.net\/v1\/2026\/03\/09\/30-ans-dinsecurite-dans-lest-de-la-rdc-des-solutions-envisagees-sont-elles-durables\/\",\"url\":\"https:\/\/heshimardc.net\/v1\/2026\/03\/09\/30-ans-dinsecurite-dans-lest-de-la-rdc-des-solutions-envisagees-sont-elles-durables\/\",\"name\":\"30 ans d\u2019ins\u00e9curit\u00e9 dans l\u2019Est de la RDC : des solutions envisag\u00e9es sont-elles durables\u00a0? - HESHIMA MAGAZINE\",\"isPartOf\":{\"@id\":\"https:\/\/heshimardc.net\/v1\/#website\"},\"primaryImageOfPage\":{\"@id\":\"https:\/\/heshimardc.net\/v1\/2026\/03\/09\/30-ans-dinsecurite-dans-lest-de-la-rdc-des-solutions-envisagees-sont-elles-durables\/#primaryimage\"},\"image\":{\"@id\":\"https:\/\/heshimardc.net\/v1\/2026\/03\/09\/30-ans-dinsecurite-dans-lest-de-la-rdc-des-solutions-envisagees-sont-elles-durables\/#primaryimage\"},\"thumbnailUrl\":\"https:\/\/heshimardc.net\/v1\/wp-content\/uploads\/2026\/03\/01000000-c0a8-0242-f2d2-08dbdfa8ff2c_cx0_cy10_cw0_w1080_h608-copie.jpg\",\"datePublished\":\"2026-03-09T11:09:42+00:00\",\"dateModified\":\"2026-03-09T11:09:45+00:00\",\"breadcrumb\":{\"@id\":\"https:\/\/heshimardc.net\/v1\/2026\/03\/09\/30-ans-dinsecurite-dans-lest-de-la-rdc-des-solutions-envisagees-sont-elles-durables\/#breadcrumb\"},\"inLanguage\":\"fr-FR\",\"potentialAction\":[{\"@type\":\"ReadAction\",\"target\":[\"https:\/\/heshimardc.net\/v1\/2026\/03\/09\/30-ans-dinsecurite-dans-lest-de-la-rdc-des-solutions-envisagees-sont-elles-durables\/\"]}]},{\"@type\":\"ImageObject\",\"inLanguage\":\"fr-FR\",\"@id\":\"https:\/\/heshimardc.net\/v1\/2026\/03\/09\/30-ans-dinsecurite-dans-lest-de-la-rdc-des-solutions-envisagees-sont-elles-durables\/#primaryimage\",\"url\":\"https:\/\/heshimardc.net\/v1\/wp-content\/uploads\/2026\/03\/01000000-c0a8-0242-f2d2-08dbdfa8ff2c_cx0_cy10_cw0_w1080_h608-copie.jpg\",\"contentUrl\":\"https:\/\/heshimardc.net\/v1\/wp-content\/uploads\/2026\/03\/01000000-c0a8-0242-f2d2-08dbdfa8ff2c_cx0_cy10_cw0_w1080_h608-copie.jpg\",\"width\":1080,\"height\":608},{\"@type\":\"BreadcrumbList\",\"@id\":\"https:\/\/heshimardc.net\/v1\/2026\/03\/09\/30-ans-dinsecurite-dans-lest-de-la-rdc-des-solutions-envisagees-sont-elles-durables\/#breadcrumb\",\"itemListElement\":[{\"@type\":\"ListItem\",\"position\":1,\"name\":\"Accueil\",\"item\":\"https:\/\/heshimardc.net\/v1\/\"},{\"@type\":\"ListItem\",\"position\":2,\"name\":\"30 ans d\u2019ins\u00e9curit\u00e9 dans l\u2019Est de la RDC : des solutions envisag\u00e9es sont-elles durables\u00a0?\"}]},{\"@type\":\"WebSite\",\"@id\":\"https:\/\/heshimardc.net\/v1\/#website\",\"url\":\"https:\/\/heshimardc.net\/v1\/\",\"name\":\"HESHIMA MAGAZINE\",\"description\":\"Le magazine Congolais qui bat au rythme de l&#039;actualit\u00e9\",\"publisher\":{\"@id\":\"https:\/\/heshimardc.net\/v1\/#organization\"},\"potentialAction\":[{\"@type\":\"SearchAction\",\"target\":{\"@type\":\"EntryPoint\",\"urlTemplate\":\"https:\/\/heshimardc.net\/v1\/?s={search_term_string}\"},\"query-input\":\"required name=search_term_string\"}],\"inLanguage\":\"fr-FR\"},{\"@type\":\"Organization\",\"@id\":\"https:\/\/heshimardc.net\/v1\/#organization\",\"name\":\"HESHIMA MAGAZINE\",\"url\":\"https:\/\/heshimardc.net\/v1\/\",\"logo\":{\"@type\":\"ImageObject\",\"inLanguage\":\"fr-FR\",\"@id\":\"https:\/\/heshimardc.net\/v1\/#\/schema\/logo\/image\/\",\"url\":\"https:\/\/heshimardc.net\/v1\/wp-content\/uploads\/2020\/09\/logo.png\",\"contentUrl\":\"https:\/\/heshimardc.net\/v1\/wp-content\/uploads\/2020\/09\/logo.png\",\"width\":99,\"height\":130,\"caption\":\"HESHIMA MAGAZINE\"},\"image\":{\"@id\":\"https:\/\/heshimardc.net\/v1\/#\/schema\/logo\/image\/\"},\"sameAs\":[\"https:\/\/www.facebook.com\/heshimamagazine\",\"https:\/\/x.com\/HeshimaMag\"]},{\"@type\":\"Person\",\"@id\":\"https:\/\/heshimardc.net\/v1\/#\/schema\/person\/7188c0b9e770a370943576373b325f91\",\"name\":\"La redaction\",\"image\":{\"@type\":\"ImageObject\",\"inLanguage\":\"fr-FR\",\"@id\":\"https:\/\/heshimardc.net\/v1\/#\/schema\/person\/image\/\",\"url\":\"https:\/\/secure.gravatar.com\/avatar\/b53b1a4a434346e76d3ea6c9ecf19fc8?s=96&d=mm&r=g\",\"contentUrl\":\"https:\/\/secure.gravatar.com\/avatar\/b53b1a4a434346e76d3ea6c9ecf19fc8?s=96&d=mm&r=g\",\"caption\":\"La redaction\"},\"sameAs\":[\"https:\/\/heshimardc.net\/v1\",\"La redaction\"],\"url\":\"https:\/\/heshimardc.net\/v1\/author\/la-redaction\/\"}]}<\/script>\n<!-- \/ Yoast SEO plugin. -->","yoast_head_json":{"title":"30 ans d\u2019ins\u00e9curit\u00e9 dans l\u2019Est de la RDC : des solutions envisag\u00e9es sont-elles durables\u00a0? - HESHIMA MAGAZINE","robots":{"index":"index","follow":"follow","max-snippet":"max-snippet:-1","max-image-preview":"max-image-preview:large","max-video-preview":"max-video-preview:-1"},"canonical":"https:\/\/heshimardc.net\/v1\/2026\/03\/09\/30-ans-dinsecurite-dans-lest-de-la-rdc-des-solutions-envisagees-sont-elles-durables\/","og_locale":"fr_FR","og_type":"article","og_title":"30 ans d\u2019ins\u00e9curit\u00e9 dans l\u2019Est de la RDC : des solutions envisag\u00e9es sont-elles durables\u00a0? - HESHIMA MAGAZINE","og_description":"Depuis plusieurs d\u00e9cennies, l\u2019Est de la R\u00e9publique d\u00e9mocratique du Congo demeure le th\u00e9\u00e2tre de violences arm\u00e9es r\u00e9currentes. Entre rivalit\u00e9s pour le contr\u00f4le des ressources naturelles, pr\u00e9sence de groupes arm\u00e9s et tensions r\u00e9gionales, cette instabilit\u00e9 continue d\u2019avoir de lourdes cons\u00e9quences sur les populations civiles et le d\u00e9veloppement du pays. Les solutions envisag\u00e9es actuellement par le pr\u00e9sident [&hellip;]","og_url":"https:\/\/heshimardc.net\/v1\/2026\/03\/09\/30-ans-dinsecurite-dans-lest-de-la-rdc-des-solutions-envisagees-sont-elles-durables\/","og_site_name":"HESHIMA MAGAZINE","article_publisher":"https:\/\/www.facebook.com\/heshimamagazine","article_published_time":"2026-03-09T11:09:42+00:00","article_modified_time":"2026-03-09T11:09:45+00:00","og_image":[{"width":1080,"height":608,"url":"https:\/\/heshimardc.net\/v1\/wp-content\/uploads\/2026\/03\/01000000-c0a8-0242-f2d2-08dbdfa8ff2c_cx0_cy10_cw0_w1080_h608-copie.jpg","type":"image\/jpeg"}],"author":"La redaction","twitter_card":"summary_large_image","twitter_creator":"@HeshimaMag","twitter_site":"@HeshimaMag","twitter_misc":{"\u00c9crit par":"La redaction","Dur\u00e9e de lecture estim\u00e9e":"7 minutes"},"schema":{"@context":"https:\/\/schema.org","@graph":[{"@type":"Article","@id":"https:\/\/heshimardc.net\/v1\/2026\/03\/09\/30-ans-dinsecurite-dans-lest-de-la-rdc-des-solutions-envisagees-sont-elles-durables\/#article","isPartOf":{"@id":"https:\/\/heshimardc.net\/v1\/2026\/03\/09\/30-ans-dinsecurite-dans-lest-de-la-rdc-des-solutions-envisagees-sont-elles-durables\/"},"author":{"name":"La redaction","@id":"https:\/\/heshimardc.net\/v1\/#\/schema\/person\/7188c0b9e770a370943576373b325f91"},"headline":"30 ans d\u2019ins\u00e9curit\u00e9 dans l\u2019Est de la RDC : des solutions envisag\u00e9es sont-elles durables\u00a0?","datePublished":"2026-03-09T11:09:42+00:00","dateModified":"2026-03-09T11:09:45+00:00","mainEntityOfPage":{"@id":"https:\/\/heshimardc.net\/v1\/2026\/03\/09\/30-ans-dinsecurite-dans-lest-de-la-rdc-des-solutions-envisagees-sont-elles-durables\/"},"wordCount":1394,"publisher":{"@id":"https:\/\/heshimardc.net\/v1\/#organization"},"image":{"@id":"https:\/\/heshimardc.net\/v1\/2026\/03\/09\/30-ans-dinsecurite-dans-lest-de-la-rdc-des-solutions-envisagees-sont-elles-durables\/#primaryimage"},"thumbnailUrl":"https:\/\/heshimardc.net\/v1\/wp-content\/uploads\/2026\/03\/01000000-c0a8-0242-f2d2-08dbdfa8ff2c_cx0_cy10_cw0_w1080_h608-copie.jpg","articleSection":["Nation"],"inLanguage":"fr-FR"},{"@type":"WebPage","@id":"https:\/\/heshimardc.net\/v1\/2026\/03\/09\/30-ans-dinsecurite-dans-lest-de-la-rdc-des-solutions-envisagees-sont-elles-durables\/","url":"https:\/\/heshimardc.net\/v1\/2026\/03\/09\/30-ans-dinsecurite-dans-lest-de-la-rdc-des-solutions-envisagees-sont-elles-durables\/","name":"30 ans d\u2019ins\u00e9curit\u00e9 dans l\u2019Est de la RDC : des solutions envisag\u00e9es sont-elles durables\u00a0? - HESHIMA MAGAZINE","isPartOf":{"@id":"https:\/\/heshimardc.net\/v1\/#website"},"primaryImageOfPage":{"@id":"https:\/\/heshimardc.net\/v1\/2026\/03\/09\/30-ans-dinsecurite-dans-lest-de-la-rdc-des-solutions-envisagees-sont-elles-durables\/#primaryimage"},"image":{"@id":"https:\/\/heshimardc.net\/v1\/2026\/03\/09\/30-ans-dinsecurite-dans-lest-de-la-rdc-des-solutions-envisagees-sont-elles-durables\/#primaryimage"},"thumbnailUrl":"https:\/\/heshimardc.net\/v1\/wp-content\/uploads\/2026\/03\/01000000-c0a8-0242-f2d2-08dbdfa8ff2c_cx0_cy10_cw0_w1080_h608-copie.jpg","datePublished":"2026-03-09T11:09:42+00:00","dateModified":"2026-03-09T11:09:45+00:00","breadcrumb":{"@id":"https:\/\/heshimardc.net\/v1\/2026\/03\/09\/30-ans-dinsecurite-dans-lest-de-la-rdc-des-solutions-envisagees-sont-elles-durables\/#breadcrumb"},"inLanguage":"fr-FR","potentialAction":[{"@type":"ReadAction","target":["https:\/\/heshimardc.net\/v1\/2026\/03\/09\/30-ans-dinsecurite-dans-lest-de-la-rdc-des-solutions-envisagees-sont-elles-durables\/"]}]},{"@type":"ImageObject","inLanguage":"fr-FR","@id":"https:\/\/heshimardc.net\/v1\/2026\/03\/09\/30-ans-dinsecurite-dans-lest-de-la-rdc-des-solutions-envisagees-sont-elles-durables\/#primaryimage","url":"https:\/\/heshimardc.net\/v1\/wp-content\/uploads\/2026\/03\/01000000-c0a8-0242-f2d2-08dbdfa8ff2c_cx0_cy10_cw0_w1080_h608-copie.jpg","contentUrl":"https:\/\/heshimardc.net\/v1\/wp-content\/uploads\/2026\/03\/01000000-c0a8-0242-f2d2-08dbdfa8ff2c_cx0_cy10_cw0_w1080_h608-copie.jpg","width":1080,"height":608},{"@type":"BreadcrumbList","@id":"https:\/\/heshimardc.net\/v1\/2026\/03\/09\/30-ans-dinsecurite-dans-lest-de-la-rdc-des-solutions-envisagees-sont-elles-durables\/#breadcrumb","itemListElement":[{"@type":"ListItem","position":1,"name":"Accueil","item":"https:\/\/heshimardc.net\/v1\/"},{"@type":"ListItem","position":2,"name":"30 ans d\u2019ins\u00e9curit\u00e9 dans l\u2019Est de la RDC : des solutions envisag\u00e9es sont-elles durables\u00a0?"}]},{"@type":"WebSite","@id":"https:\/\/heshimardc.net\/v1\/#website","url":"https:\/\/heshimardc.net\/v1\/","name":"HESHIMA MAGAZINE","description":"Le magazine Congolais qui bat au rythme de l&#039;actualit\u00e9","publisher":{"@id":"https:\/\/heshimardc.net\/v1\/#organization"},"potentialAction":[{"@type":"SearchAction","target":{"@type":"EntryPoint","urlTemplate":"https:\/\/heshimardc.net\/v1\/?s={search_term_string}"},"query-input":"required name=search_term_string"}],"inLanguage":"fr-FR"},{"@type":"Organization","@id":"https:\/\/heshimardc.net\/v1\/#organization","name":"HESHIMA MAGAZINE","url":"https:\/\/heshimardc.net\/v1\/","logo":{"@type":"ImageObject","inLanguage":"fr-FR","@id":"https:\/\/heshimardc.net\/v1\/#\/schema\/logo\/image\/","url":"https:\/\/heshimardc.net\/v1\/wp-content\/uploads\/2020\/09\/logo.png","contentUrl":"https:\/\/heshimardc.net\/v1\/wp-content\/uploads\/2020\/09\/logo.png","width":99,"height":130,"caption":"HESHIMA MAGAZINE"},"image":{"@id":"https:\/\/heshimardc.net\/v1\/#\/schema\/logo\/image\/"},"sameAs":["https:\/\/www.facebook.com\/heshimamagazine","https:\/\/x.com\/HeshimaMag"]},{"@type":"Person","@id":"https:\/\/heshimardc.net\/v1\/#\/schema\/person\/7188c0b9e770a370943576373b325f91","name":"La redaction","image":{"@type":"ImageObject","inLanguage":"fr-FR","@id":"https:\/\/heshimardc.net\/v1\/#\/schema\/person\/image\/","url":"https:\/\/secure.gravatar.com\/avatar\/b53b1a4a434346e76d3ea6c9ecf19fc8?s=96&d=mm&r=g","contentUrl":"https:\/\/secure.gravatar.com\/avatar\/b53b1a4a434346e76d3ea6c9ecf19fc8?s=96&d=mm&r=g","caption":"La redaction"},"sameAs":["https:\/\/heshimardc.net\/v1","La redaction"],"url":"https:\/\/heshimardc.net\/v1\/author\/la-redaction\/"}]}},"amp_enabled":true,"_links":{"self":[{"href":"https:\/\/heshimardc.net\/v1\/wp-json\/wp\/v2\/posts\/6070"}],"collection":[{"href":"https:\/\/heshimardc.net\/v1\/wp-json\/wp\/v2\/posts"}],"about":[{"href":"https:\/\/heshimardc.net\/v1\/wp-json\/wp\/v2\/types\/post"}],"author":[{"embeddable":true,"href":"https:\/\/heshimardc.net\/v1\/wp-json\/wp\/v2\/users\/1"}],"replies":[{"embeddable":true,"href":"https:\/\/heshimardc.net\/v1\/wp-json\/wp\/v2\/comments?post=6070"}],"version-history":[{"count":1,"href":"https:\/\/heshimardc.net\/v1\/wp-json\/wp\/v2\/posts\/6070\/revisions"}],"predecessor-version":[{"id":6072,"href":"https:\/\/heshimardc.net\/v1\/wp-json\/wp\/v2\/posts\/6070\/revisions\/6072"}],"wp:featuredmedia":[{"embeddable":true,"href":"https:\/\/heshimardc.net\/v1\/wp-json\/wp\/v2\/media\/6071"}],"wp:attachment":[{"href":"https:\/\/heshimardc.net\/v1\/wp-json\/wp\/v2\/media?parent=6070"}],"wp:term":[{"taxonomy":"category","embeddable":true,"href":"https:\/\/heshimardc.net\/v1\/wp-json\/wp\/v2\/categories?post=6070"},{"taxonomy":"post_tag","embeddable":true,"href":"https:\/\/heshimardc.net\/v1\/wp-json\/wp\/v2\/tags?post=6070"}],"curies":[{"name":"wp","href":"https:\/\/api.w.org\/{rel}","templated":true}]}}