{"id":6073,"date":"2026-03-10T10:39:06","date_gmt":"2026-03-10T10:39:06","guid":{"rendered":"https:\/\/heshimardc.net\/v1\/?p=6073"},"modified":"2026-03-10T10:39:08","modified_gmt":"2026-03-10T10:39:08","slug":"guerre-dans-lest-de-la-rdc-les-femmes-premieres-victimes-dun-conflit-chronique","status":"publish","type":"post","link":"https:\/\/heshimardc.net\/v1\/2026\/03\/10\/guerre-dans-lest-de-la-rdc-les-femmes-premieres-victimes-dun-conflit-chronique\/","title":{"rendered":"Guerre dans l\u2019Est de la RDC : les femmes, premi\u00e8res victimes d\u2019un conflit chronique"},"content":{"rendered":"\n<p><strong>Depuis plus de trente ans, l\u2019Est de la R\u00e9publique d\u00e9mocratique du Congo (RDC) est le th\u00e9\u00e2tre de conflits arm\u00e9s r\u00e9currents. Au c\u0153ur de cette trag\u00e9die humanitaire, les femmes paient le prix le plus lourd : violences sexuelles, d\u00e9placements forc\u00e9s, perte des moyens de subsistance et traumatismes durables. En 2025, au moins 1 534 victimes, dont une majorit\u00e9 \u00e9crasante de femmes et de filles ont \u00e9t\u00e9 viol\u00e9es, selon l\u2019ONU. En t\u00eate de la liste des violeurs, la r\u00e9bellion de l\u2019AFC\/M23. <\/strong>&nbsp;&nbsp;&nbsp;<strong>&nbsp;<\/strong><\/p>\n\n\n\n<p>Dans les provinces du Nord-Kivu, du Sud-Kivu et de l\u2019Ituri, les affrontements entre groupes arm\u00e9s, milices locales et forces r\u00e9guli\u00e8res plongent les populations civiles dans une ins\u00e9curit\u00e9 chronique. Si toute la soci\u00e9t\u00e9 congolaise subit les cons\u00e9quences de cette guerre prolong\u00e9e, les femmes en sont incontestablement les principales victimes. Les violences sexuelles sont devenues une arme de guerre utilis\u00e9e pour terroriser les communaut\u00e9s et contr\u00f4ler les territoires. Des milliers de femmes et de jeunes filles sont chaque ann\u00e9e victimes de viols, d\u2019enl\u00e8vements et d\u2019esclavage sexuel. Ces crimes laissent des s\u00e9quelles physiques et psychologiques profondes, aggrav\u00e9es par la stigmatisation sociale qui frappe souvent les survivantes.<\/p>\n\n\n\n<p><strong>Plus de 1500 victimes de violences sexuelles en 2025<\/strong><\/p>\n\n\n\n<p>Le 9 mars 2026, le Bureau conjoint des Nations unies aux droits de l\u2019homme (BCNUDH) a tir\u00e9 la sonnette d\u2019alarme sur la persistance des violences sexuelles li\u00e9es au conflit dans l\u2019Est de la RDC. Selon son dernier rapport, au moins 1 534 personnes ont \u00e9t\u00e9 victimes de ces crimes en 2025, dont une majorit\u00e9 de femmes et de filles, dans un contexte marqu\u00e9 par l\u2019occupation de plusieurs zones par l\u2019AFC\/M23 et d\u2019autres groupes arm\u00e9s. Dans ce rapport, le BCNUDH d\u00e9nonce l\u2019usage persistant du viol comme arme de guerre et met en garde contre l\u2019\u00e9mergence d\u2019une g\u00e9n\u00e9ration d\u2019enfants n\u00e9s de ces violences et confront\u00e9s \u00e0 la stigmatisation. Selon les donn\u00e9es collect\u00e9es en 2025, cet organisme onusien a document\u00e9 887 cas de violences sexuelles ayant affect\u00e9 1 534 victimes, dont une majorit\u00e9 \u00e9crasante de femmes (854) et de filles (672). D\u2019apr\u00e8s ce document, les provinces du Nord-Kivu et du Sud-Kivu concentrent pr\u00e8s de 80 % des victimes, confirmant que l\u2019Est du pays demeure l\u2019\u00e9picentre de cette trag\u00e9die humanitaire dans un contexte de conflit arm\u00e9 persistant.<\/p>\n\n\n\n<p>Le BCNUDH accuse les groupes arm\u00e9s op\u00e9rant dans ces zones d\u2019\u00eatre impliqu\u00e9s dans environ 75 % des violences document\u00e9es, avec le Mouvement du 23 mars (M23) \u2013 aujourd\u2019hui int\u00e9gr\u00e9 \u00e0 la coalition AFC\/M23 \u2013 cit\u00e9 comme l\u2019un des principaux responsables, avec 439 victimes recens\u00e9es. D\u2019autres groupes arm\u00e9s sont \u00e9galement cit\u00e9s dans ce rapport, notamment les milices Wazalendo, la CODECO, les groupes Ma\u00ef-Ma\u00ef, les FDLR et les ADF. Au-del\u00e0 des chiffres, le rapport d\u00e9crit des crimes d\u2019une extr\u00eame gravit\u00e9. Des femmes et des jeunes filles seraient maintenues en captivit\u00e9 dans certaines zones contr\u00f4l\u00e9es par des groupes arm\u00e9s et soumises \u00e0 des viols r\u00e9p\u00e9t\u00e9s, \u00e0 l\u2019esclavage sexuel et \u00e0 des grossesses forc\u00e9es. Ces violences donnent \u00e9galement naissance \u00e0 des enfants souvent rejet\u00e9s par leurs familles et confront\u00e9s \u00e0 la stigmatisation sociale. Le BCNUDH souligne par ailleurs que si environ 70 % des survivantes re\u00e7oivent des soins m\u00e9dicaux d\u2019urgence, moins de 2 % b\u00e9n\u00e9ficient d\u2019une prise en charge compl\u00e8te, incluant l\u2019assistance psychologique, sociale et juridique.&nbsp;<\/p>\n\n\n\n<p><strong>Des femmes assument seules la survie des familles\u2026<\/strong><\/p>\n\n\n\n<p>\u00c0 ces violences s\u2019ajoutent les d\u00e9placements massifs de populations. Dans les camps de fortune, les femmes doivent assumer seules la survie de leurs familles, souvent apr\u00e8s la disparition ou la mort de leurs conjoints. Elles parcourent de longues distances pour chercher de l\u2019eau, du bois ou de la nourriture, s\u2019exposant encore aux agressions et aux abus. Le conflit a \u00e9galement d\u00e9truit une grande partie du tissu \u00e9conomique local. Dans une r\u00e9gion o\u00f9 l\u2019agriculture constitue la principale source de revenus, l\u2019ins\u00e9curit\u00e9 emp\u00eache les femmes d\u2019acc\u00e9der aux champs et aux march\u00e9s. Beaucoup perdent ainsi leur autonomie financi\u00e8re, ce qui accentue la pauvret\u00e9 et la d\u00e9pendance.<\/p>\n\n\n\n<p>Malgr\u00e9 ce contexte dramatique, de nombreuses Congolaises se mobilisent pour la paix. Associations locales, r\u00e9seaux de survivantes et organisations communautaires s\u2019engagent pour soutenir les victimes, promouvoir la justice et reconstruire le tissu social. Leur courage et leur r\u00e9silience sont devenus des piliers essentiels dans la qu\u00eate de stabilit\u00e9 dans la r\u00e9gion. Alors que la guerre continue de ravager l\u2019Est de la RDC, la situation des femmes rappelle l\u2019urgence d\u2019une r\u00e9ponse durable, \u00e0 la fois s\u00e9curitaire, humanitaire et judiciaire. Car au-del\u00e0 des statistiques et des rapports internationaux, ce sont des millions de vies bris\u00e9es qui attendent encore que la paix devienne enfin une r\u00e9alit\u00e9.<\/p>\n\n\n\n<p class=\"has-text-align-right\"><strong>Heshima<\/strong><\/p>\n","protected":false},"excerpt":{"rendered":"<p>Depuis plus de trente ans, l\u2019Est de la R\u00e9publique d\u00e9mocratique du Congo (RDC) est le th\u00e9\u00e2tre de conflits arm\u00e9s r\u00e9currents. Au c\u0153ur de cette trag\u00e9die humanitaire, les femmes paient le prix le plus lourd : violences sexuelles, d\u00e9placements forc\u00e9s, perte des moyens de subsistance et traumatismes durables. En 2025, au moins 1 534 victimes, dont [&hellip;]<\/p>\n","protected":false},"author":1,"featured_media":6074,"comment_status":"closed","ping_status":"closed","sticky":false,"template":"","format":"standard","meta":{"footnotes":""},"categories":[3],"tags":[],"class_list":["post-6073","post","type-post","status-publish","format-standard","has-post-thumbnail","hentry","category-nation"],"yoast_head":"<!-- This site is optimized with the Yoast SEO plugin v23.3 - https:\/\/yoast.com\/wordpress\/plugins\/seo\/ -->\n<title>Guerre dans l\u2019Est de la RDC : les femmes, premi\u00e8res victimes d\u2019un conflit chronique - HESHIMA MAGAZINE<\/title>\n<meta name=\"robots\" content=\"index, follow, max-snippet:-1, max-image-preview:large, max-video-preview:-1\" \/>\n<link rel=\"canonical\" href=\"https:\/\/heshimardc.net\/v1\/2026\/03\/10\/guerre-dans-lest-de-la-rdc-les-femmes-premieres-victimes-dun-conflit-chronique\/\" \/>\n<meta property=\"og:locale\" content=\"fr_FR\" \/>\n<meta property=\"og:type\" content=\"article\" \/>\n<meta property=\"og:title\" content=\"Guerre dans l\u2019Est de la RDC : les femmes, premi\u00e8res victimes d\u2019un conflit chronique - HESHIMA MAGAZINE\" \/>\n<meta property=\"og:description\" content=\"Depuis plus de trente ans, l\u2019Est de la R\u00e9publique d\u00e9mocratique du Congo (RDC) est le th\u00e9\u00e2tre de conflits arm\u00e9s r\u00e9currents. Au c\u0153ur de cette trag\u00e9die humanitaire, les femmes paient le prix le plus lourd : violences sexuelles, d\u00e9placements forc\u00e9s, perte des moyens de subsistance et traumatismes durables. En 2025, au moins 1 534 victimes, dont [&hellip;]\" \/>\n<meta property=\"og:url\" content=\"https:\/\/heshimardc.net\/v1\/2026\/03\/10\/guerre-dans-lest-de-la-rdc-les-femmes-premieres-victimes-dun-conflit-chronique\/\" \/>\n<meta property=\"og:site_name\" content=\"HESHIMA MAGAZINE\" \/>\n<meta property=\"article:publisher\" content=\"https:\/\/www.facebook.com\/heshimamagazine\" \/>\n<meta property=\"article:published_time\" content=\"2026-03-10T10:39:06+00:00\" \/>\n<meta property=\"article:modified_time\" content=\"2026-03-10T10:39:08+00:00\" \/>\n<meta property=\"og:image\" content=\"https:\/\/heshimardc.net\/v1\/wp-content\/uploads\/2026\/03\/MSB188039High_0-scaled.jpg\" \/>\n\t<meta property=\"og:image:width\" content=\"2560\" \/>\n\t<meta property=\"og:image:height\" content=\"1707\" \/>\n\t<meta property=\"og:image:type\" content=\"image\/jpeg\" \/>\n<meta name=\"author\" content=\"La redaction\" \/>\n<meta name=\"twitter:card\" content=\"summary_large_image\" \/>\n<meta name=\"twitter:creator\" content=\"@HeshimaMag\" \/>\n<meta name=\"twitter:site\" content=\"@HeshimaMag\" \/>\n<meta name=\"twitter:label1\" content=\"\u00c9crit par\" \/>\n\t<meta name=\"twitter:data1\" content=\"La redaction\" \/>\n\t<meta name=\"twitter:label2\" content=\"Dur\u00e9e de lecture estim\u00e9e\" \/>\n\t<meta name=\"twitter:data2\" content=\"4 minutes\" \/>\n<script type=\"application\/ld+json\" class=\"yoast-schema-graph\">{\"@context\":\"https:\/\/schema.org\",\"@graph\":[{\"@type\":\"Article\",\"@id\":\"https:\/\/heshimardc.net\/v1\/2026\/03\/10\/guerre-dans-lest-de-la-rdc-les-femmes-premieres-victimes-dun-conflit-chronique\/#article\",\"isPartOf\":{\"@id\":\"https:\/\/heshimardc.net\/v1\/2026\/03\/10\/guerre-dans-lest-de-la-rdc-les-femmes-premieres-victimes-dun-conflit-chronique\/\"},\"author\":{\"name\":\"La redaction\",\"@id\":\"https:\/\/heshimardc.net\/v1\/#\/schema\/person\/7188c0b9e770a370943576373b325f91\"},\"headline\":\"Guerre dans l\u2019Est de la RDC : les femmes, premi\u00e8res victimes d\u2019un conflit chronique\",\"datePublished\":\"2026-03-10T10:39:06+00:00\",\"dateModified\":\"2026-03-10T10:39:08+00:00\",\"mainEntityOfPage\":{\"@id\":\"https:\/\/heshimardc.net\/v1\/2026\/03\/10\/guerre-dans-lest-de-la-rdc-les-femmes-premieres-victimes-dun-conflit-chronique\/\"},\"wordCount\":846,\"publisher\":{\"@id\":\"https:\/\/heshimardc.net\/v1\/#organization\"},\"image\":{\"@id\":\"https:\/\/heshimardc.net\/v1\/2026\/03\/10\/guerre-dans-lest-de-la-rdc-les-femmes-premieres-victimes-dun-conflit-chronique\/#primaryimage\"},\"thumbnailUrl\":\"https:\/\/heshimardc.net\/v1\/wp-content\/uploads\/2026\/03\/MSB188039High_0-scaled.jpg\",\"articleSection\":[\"Nation\"],\"inLanguage\":\"fr-FR\"},{\"@type\":\"WebPage\",\"@id\":\"https:\/\/heshimardc.net\/v1\/2026\/03\/10\/guerre-dans-lest-de-la-rdc-les-femmes-premieres-victimes-dun-conflit-chronique\/\",\"url\":\"https:\/\/heshimardc.net\/v1\/2026\/03\/10\/guerre-dans-lest-de-la-rdc-les-femmes-premieres-victimes-dun-conflit-chronique\/\",\"name\":\"Guerre dans l\u2019Est de la RDC : les femmes, premi\u00e8res victimes d\u2019un conflit chronique - HESHIMA MAGAZINE\",\"isPartOf\":{\"@id\":\"https:\/\/heshimardc.net\/v1\/#website\"},\"primaryImageOfPage\":{\"@id\":\"https:\/\/heshimardc.net\/v1\/2026\/03\/10\/guerre-dans-lest-de-la-rdc-les-femmes-premieres-victimes-dun-conflit-chronique\/#primaryimage\"},\"image\":{\"@id\":\"https:\/\/heshimardc.net\/v1\/2026\/03\/10\/guerre-dans-lest-de-la-rdc-les-femmes-premieres-victimes-dun-conflit-chronique\/#primaryimage\"},\"thumbnailUrl\":\"https:\/\/heshimardc.net\/v1\/wp-content\/uploads\/2026\/03\/MSB188039High_0-scaled.jpg\",\"datePublished\":\"2026-03-10T10:39:06+00:00\",\"dateModified\":\"2026-03-10T10:39:08+00:00\",\"breadcrumb\":{\"@id\":\"https:\/\/heshimardc.net\/v1\/2026\/03\/10\/guerre-dans-lest-de-la-rdc-les-femmes-premieres-victimes-dun-conflit-chronique\/#breadcrumb\"},\"inLanguage\":\"fr-FR\",\"potentialAction\":[{\"@type\":\"ReadAction\",\"target\":[\"https:\/\/heshimardc.net\/v1\/2026\/03\/10\/guerre-dans-lest-de-la-rdc-les-femmes-premieres-victimes-dun-conflit-chronique\/\"]}]},{\"@type\":\"ImageObject\",\"inLanguage\":\"fr-FR\",\"@id\":\"https:\/\/heshimardc.net\/v1\/2026\/03\/10\/guerre-dans-lest-de-la-rdc-les-femmes-premieres-victimes-dun-conflit-chronique\/#primaryimage\",\"url\":\"https:\/\/heshimardc.net\/v1\/wp-content\/uploads\/2026\/03\/MSB188039High_0-scaled.jpg\",\"contentUrl\":\"https:\/\/heshimardc.net\/v1\/wp-content\/uploads\/2026\/03\/MSB188039High_0-scaled.jpg\",\"width\":2560,\"height\":1707,\"caption\":\"Alice Feza, 19, and Jeanne Nyirarwango, 64, the grandmother of her husband Elie Destin, sit near their tents in the Kanyaruchinya site for displaced people, north of Goma, North Kivu, in the Democratic Republic of Congo, on 6 January 2024.\"},{\"@type\":\"BreadcrumbList\",\"@id\":\"https:\/\/heshimardc.net\/v1\/2026\/03\/10\/guerre-dans-lest-de-la-rdc-les-femmes-premieres-victimes-dun-conflit-chronique\/#breadcrumb\",\"itemListElement\":[{\"@type\":\"ListItem\",\"position\":1,\"name\":\"Accueil\",\"item\":\"https:\/\/heshimardc.net\/v1\/\"},{\"@type\":\"ListItem\",\"position\":2,\"name\":\"Guerre dans l\u2019Est de la RDC : les femmes, premi\u00e8res victimes d\u2019un conflit chronique\"}]},{\"@type\":\"WebSite\",\"@id\":\"https:\/\/heshimardc.net\/v1\/#website\",\"url\":\"https:\/\/heshimardc.net\/v1\/\",\"name\":\"HESHIMA MAGAZINE\",\"description\":\"Le magazine Congolais qui bat au rythme de l&#039;actualit\u00e9\",\"publisher\":{\"@id\":\"https:\/\/heshimardc.net\/v1\/#organization\"},\"potentialAction\":[{\"@type\":\"SearchAction\",\"target\":{\"@type\":\"EntryPoint\",\"urlTemplate\":\"https:\/\/heshimardc.net\/v1\/?s={search_term_string}\"},\"query-input\":\"required name=search_term_string\"}],\"inLanguage\":\"fr-FR\"},{\"@type\":\"Organization\",\"@id\":\"https:\/\/heshimardc.net\/v1\/#organization\",\"name\":\"HESHIMA MAGAZINE\",\"url\":\"https:\/\/heshimardc.net\/v1\/\",\"logo\":{\"@type\":\"ImageObject\",\"inLanguage\":\"fr-FR\",\"@id\":\"https:\/\/heshimardc.net\/v1\/#\/schema\/logo\/image\/\",\"url\":\"https:\/\/heshimardc.net\/v1\/wp-content\/uploads\/2020\/09\/logo.png\",\"contentUrl\":\"https:\/\/heshimardc.net\/v1\/wp-content\/uploads\/2020\/09\/logo.png\",\"width\":99,\"height\":130,\"caption\":\"HESHIMA MAGAZINE\"},\"image\":{\"@id\":\"https:\/\/heshimardc.net\/v1\/#\/schema\/logo\/image\/\"},\"sameAs\":[\"https:\/\/www.facebook.com\/heshimamagazine\",\"https:\/\/x.com\/HeshimaMag\"]},{\"@type\":\"Person\",\"@id\":\"https:\/\/heshimardc.net\/v1\/#\/schema\/person\/7188c0b9e770a370943576373b325f91\",\"name\":\"La redaction\",\"image\":{\"@type\":\"ImageObject\",\"inLanguage\":\"fr-FR\",\"@id\":\"https:\/\/heshimardc.net\/v1\/#\/schema\/person\/image\/\",\"url\":\"https:\/\/secure.gravatar.com\/avatar\/b53b1a4a434346e76d3ea6c9ecf19fc8?s=96&d=mm&r=g\",\"contentUrl\":\"https:\/\/secure.gravatar.com\/avatar\/b53b1a4a434346e76d3ea6c9ecf19fc8?s=96&d=mm&r=g\",\"caption\":\"La redaction\"},\"sameAs\":[\"https:\/\/heshimardc.net\/v1\",\"La redaction\"],\"url\":\"https:\/\/heshimardc.net\/v1\/author\/la-redaction\/\"}]}<\/script>\n<!-- \/ Yoast SEO plugin. -->","yoast_head_json":{"title":"Guerre dans l\u2019Est de la RDC : les femmes, premi\u00e8res victimes d\u2019un conflit chronique - HESHIMA MAGAZINE","robots":{"index":"index","follow":"follow","max-snippet":"max-snippet:-1","max-image-preview":"max-image-preview:large","max-video-preview":"max-video-preview:-1"},"canonical":"https:\/\/heshimardc.net\/v1\/2026\/03\/10\/guerre-dans-lest-de-la-rdc-les-femmes-premieres-victimes-dun-conflit-chronique\/","og_locale":"fr_FR","og_type":"article","og_title":"Guerre dans l\u2019Est de la RDC : les femmes, premi\u00e8res victimes d\u2019un conflit chronique - HESHIMA MAGAZINE","og_description":"Depuis plus de trente ans, l\u2019Est de la R\u00e9publique d\u00e9mocratique du Congo (RDC) est le th\u00e9\u00e2tre de conflits arm\u00e9s r\u00e9currents. Au c\u0153ur de cette trag\u00e9die humanitaire, les femmes paient le prix le plus lourd : violences sexuelles, d\u00e9placements forc\u00e9s, perte des moyens de subsistance et traumatismes durables. En 2025, au moins 1 534 victimes, dont [&hellip;]","og_url":"https:\/\/heshimardc.net\/v1\/2026\/03\/10\/guerre-dans-lest-de-la-rdc-les-femmes-premieres-victimes-dun-conflit-chronique\/","og_site_name":"HESHIMA MAGAZINE","article_publisher":"https:\/\/www.facebook.com\/heshimamagazine","article_published_time":"2026-03-10T10:39:06+00:00","article_modified_time":"2026-03-10T10:39:08+00:00","og_image":[{"width":2560,"height":1707,"url":"https:\/\/heshimardc.net\/v1\/wp-content\/uploads\/2026\/03\/MSB188039High_0-scaled.jpg","type":"image\/jpeg"}],"author":"La redaction","twitter_card":"summary_large_image","twitter_creator":"@HeshimaMag","twitter_site":"@HeshimaMag","twitter_misc":{"\u00c9crit par":"La redaction","Dur\u00e9e de lecture estim\u00e9e":"4 minutes"},"schema":{"@context":"https:\/\/schema.org","@graph":[{"@type":"Article","@id":"https:\/\/heshimardc.net\/v1\/2026\/03\/10\/guerre-dans-lest-de-la-rdc-les-femmes-premieres-victimes-dun-conflit-chronique\/#article","isPartOf":{"@id":"https:\/\/heshimardc.net\/v1\/2026\/03\/10\/guerre-dans-lest-de-la-rdc-les-femmes-premieres-victimes-dun-conflit-chronique\/"},"author":{"name":"La redaction","@id":"https:\/\/heshimardc.net\/v1\/#\/schema\/person\/7188c0b9e770a370943576373b325f91"},"headline":"Guerre dans l\u2019Est de la RDC : les femmes, premi\u00e8res victimes d\u2019un conflit chronique","datePublished":"2026-03-10T10:39:06+00:00","dateModified":"2026-03-10T10:39:08+00:00","mainEntityOfPage":{"@id":"https:\/\/heshimardc.net\/v1\/2026\/03\/10\/guerre-dans-lest-de-la-rdc-les-femmes-premieres-victimes-dun-conflit-chronique\/"},"wordCount":846,"publisher":{"@id":"https:\/\/heshimardc.net\/v1\/#organization"},"image":{"@id":"https:\/\/heshimardc.net\/v1\/2026\/03\/10\/guerre-dans-lest-de-la-rdc-les-femmes-premieres-victimes-dun-conflit-chronique\/#primaryimage"},"thumbnailUrl":"https:\/\/heshimardc.net\/v1\/wp-content\/uploads\/2026\/03\/MSB188039High_0-scaled.jpg","articleSection":["Nation"],"inLanguage":"fr-FR"},{"@type":"WebPage","@id":"https:\/\/heshimardc.net\/v1\/2026\/03\/10\/guerre-dans-lest-de-la-rdc-les-femmes-premieres-victimes-dun-conflit-chronique\/","url":"https:\/\/heshimardc.net\/v1\/2026\/03\/10\/guerre-dans-lest-de-la-rdc-les-femmes-premieres-victimes-dun-conflit-chronique\/","name":"Guerre dans l\u2019Est de la RDC : les femmes, premi\u00e8res victimes d\u2019un conflit chronique - HESHIMA MAGAZINE","isPartOf":{"@id":"https:\/\/heshimardc.net\/v1\/#website"},"primaryImageOfPage":{"@id":"https:\/\/heshimardc.net\/v1\/2026\/03\/10\/guerre-dans-lest-de-la-rdc-les-femmes-premieres-victimes-dun-conflit-chronique\/#primaryimage"},"image":{"@id":"https:\/\/heshimardc.net\/v1\/2026\/03\/10\/guerre-dans-lest-de-la-rdc-les-femmes-premieres-victimes-dun-conflit-chronique\/#primaryimage"},"thumbnailUrl":"https:\/\/heshimardc.net\/v1\/wp-content\/uploads\/2026\/03\/MSB188039High_0-scaled.jpg","datePublished":"2026-03-10T10:39:06+00:00","dateModified":"2026-03-10T10:39:08+00:00","breadcrumb":{"@id":"https:\/\/heshimardc.net\/v1\/2026\/03\/10\/guerre-dans-lest-de-la-rdc-les-femmes-premieres-victimes-dun-conflit-chronique\/#breadcrumb"},"inLanguage":"fr-FR","potentialAction":[{"@type":"ReadAction","target":["https:\/\/heshimardc.net\/v1\/2026\/03\/10\/guerre-dans-lest-de-la-rdc-les-femmes-premieres-victimes-dun-conflit-chronique\/"]}]},{"@type":"ImageObject","inLanguage":"fr-FR","@id":"https:\/\/heshimardc.net\/v1\/2026\/03\/10\/guerre-dans-lest-de-la-rdc-les-femmes-premieres-victimes-dun-conflit-chronique\/#primaryimage","url":"https:\/\/heshimardc.net\/v1\/wp-content\/uploads\/2026\/03\/MSB188039High_0-scaled.jpg","contentUrl":"https:\/\/heshimardc.net\/v1\/wp-content\/uploads\/2026\/03\/MSB188039High_0-scaled.jpg","width":2560,"height":1707,"caption":"Alice Feza, 19, and Jeanne Nyirarwango, 64, the grandmother of her husband Elie Destin, sit near their tents in the Kanyaruchinya site for displaced people, north of Goma, North Kivu, in the Democratic Republic of Congo, on 6 January 2024."},{"@type":"BreadcrumbList","@id":"https:\/\/heshimardc.net\/v1\/2026\/03\/10\/guerre-dans-lest-de-la-rdc-les-femmes-premieres-victimes-dun-conflit-chronique\/#breadcrumb","itemListElement":[{"@type":"ListItem","position":1,"name":"Accueil","item":"https:\/\/heshimardc.net\/v1\/"},{"@type":"ListItem","position":2,"name":"Guerre dans l\u2019Est de la RDC : les femmes, premi\u00e8res victimes d\u2019un conflit chronique"}]},{"@type":"WebSite","@id":"https:\/\/heshimardc.net\/v1\/#website","url":"https:\/\/heshimardc.net\/v1\/","name":"HESHIMA MAGAZINE","description":"Le magazine Congolais qui bat au rythme de l&#039;actualit\u00e9","publisher":{"@id":"https:\/\/heshimardc.net\/v1\/#organization"},"potentialAction":[{"@type":"SearchAction","target":{"@type":"EntryPoint","urlTemplate":"https:\/\/heshimardc.net\/v1\/?s={search_term_string}"},"query-input":"required name=search_term_string"}],"inLanguage":"fr-FR"},{"@type":"Organization","@id":"https:\/\/heshimardc.net\/v1\/#organization","name":"HESHIMA MAGAZINE","url":"https:\/\/heshimardc.net\/v1\/","logo":{"@type":"ImageObject","inLanguage":"fr-FR","@id":"https:\/\/heshimardc.net\/v1\/#\/schema\/logo\/image\/","url":"https:\/\/heshimardc.net\/v1\/wp-content\/uploads\/2020\/09\/logo.png","contentUrl":"https:\/\/heshimardc.net\/v1\/wp-content\/uploads\/2020\/09\/logo.png","width":99,"height":130,"caption":"HESHIMA MAGAZINE"},"image":{"@id":"https:\/\/heshimardc.net\/v1\/#\/schema\/logo\/image\/"},"sameAs":["https:\/\/www.facebook.com\/heshimamagazine","https:\/\/x.com\/HeshimaMag"]},{"@type":"Person","@id":"https:\/\/heshimardc.net\/v1\/#\/schema\/person\/7188c0b9e770a370943576373b325f91","name":"La redaction","image":{"@type":"ImageObject","inLanguage":"fr-FR","@id":"https:\/\/heshimardc.net\/v1\/#\/schema\/person\/image\/","url":"https:\/\/secure.gravatar.com\/avatar\/b53b1a4a434346e76d3ea6c9ecf19fc8?s=96&d=mm&r=g","contentUrl":"https:\/\/secure.gravatar.com\/avatar\/b53b1a4a434346e76d3ea6c9ecf19fc8?s=96&d=mm&r=g","caption":"La redaction"},"sameAs":["https:\/\/heshimardc.net\/v1","La redaction"],"url":"https:\/\/heshimardc.net\/v1\/author\/la-redaction\/"}]}},"amp_enabled":true,"_links":{"self":[{"href":"https:\/\/heshimardc.net\/v1\/wp-json\/wp\/v2\/posts\/6073"}],"collection":[{"href":"https:\/\/heshimardc.net\/v1\/wp-json\/wp\/v2\/posts"}],"about":[{"href":"https:\/\/heshimardc.net\/v1\/wp-json\/wp\/v2\/types\/post"}],"author":[{"embeddable":true,"href":"https:\/\/heshimardc.net\/v1\/wp-json\/wp\/v2\/users\/1"}],"replies":[{"embeddable":true,"href":"https:\/\/heshimardc.net\/v1\/wp-json\/wp\/v2\/comments?post=6073"}],"version-history":[{"count":1,"href":"https:\/\/heshimardc.net\/v1\/wp-json\/wp\/v2\/posts\/6073\/revisions"}],"predecessor-version":[{"id":6075,"href":"https:\/\/heshimardc.net\/v1\/wp-json\/wp\/v2\/posts\/6073\/revisions\/6075"}],"wp:featuredmedia":[{"embeddable":true,"href":"https:\/\/heshimardc.net\/v1\/wp-json\/wp\/v2\/media\/6074"}],"wp:attachment":[{"href":"https:\/\/heshimardc.net\/v1\/wp-json\/wp\/v2\/media?parent=6073"}],"wp:term":[{"taxonomy":"category","embeddable":true,"href":"https:\/\/heshimardc.net\/v1\/wp-json\/wp\/v2\/categories?post=6073"},{"taxonomy":"post_tag","embeddable":true,"href":"https:\/\/heshimardc.net\/v1\/wp-json\/wp\/v2\/tags?post=6073"}],"curies":[{"name":"wp","href":"https:\/\/api.w.org\/{rel}","templated":true}]}}