{"id":6089,"date":"2026-03-16T09:02:37","date_gmt":"2026-03-16T09:02:37","guid":{"rendered":"https:\/\/heshimardc.net\/v1\/?p=6089"},"modified":"2026-03-16T09:02:39","modified_gmt":"2026-03-16T09:02:39","slug":"rentree-parlementaire-en-rdc-la-revision-budgetaire-au-coeur-de-la-session-de-mars","status":"publish","type":"post","link":"https:\/\/heshimardc.net\/v1\/2026\/03\/16\/rentree-parlementaire-en-rdc-la-revision-budgetaire-au-coeur-de-la-session-de-mars\/","title":{"rendered":"Rentr\u00e9e parlementaire en RDC\u00a0: la r\u00e9vision budg\u00e9taire au c\u0153ur de la session de mars"},"content":{"rendered":"\n<p><strong>Alors que la tr\u00e9sorerie publique traverse une p\u00e9riode de fortes tensions, les parlementaires congolais reprennent le chemin de l\u2019h\u00e9micycle ce 16 mars 2026. Au centre des attentes : une possible r\u00e9vision de la loi de finances afin d\u2019adapter les priorit\u00e9s de l\u2019\u00c9tat \u00e0 une conjoncture \u00e9conomique et budg\u00e9taire particuli\u00e8rement fragile. Les d\u00e9penses de s\u00e9curit\u00e9 et notamment la guerre au Moyen-Orient poussent le gouvernement \u00e0 revoir sa copie du budget nationale.&nbsp;&nbsp;<\/strong><\/p>\n\n\n\n<p>La session ordinaire de mars du Parlement s\u2019ouvre dans un contexte \u00e9conomique d\u00e9licat en R\u00e9publique d\u00e9mocratique du Congo. Les finances publiques sont soumises \u00e0 une pression croissante, aliment\u00e9e par des d\u00e9penses s\u00e9curitaires \u00e9lev\u00e9es, des engagements sociaux importants et un rythme de mobilisation des recettes jug\u00e9 insuffisant par certains analystes. Au Palais du peuple, d\u00e9put\u00e9s et s\u00e9nateurs retrouvent l\u2019h\u00e9micycle avec, \u00e0 l\u2019agenda implicite, la question de l\u2019\u00e9quilibre budg\u00e9taire. Au-del\u00e0 de la ratification par le parlement des Accords de Washington lors de cette session de mars, plusieurs sources parlementaires \u00e9voquent d\u00e9j\u00e0 la n\u00e9cessit\u00e9 d\u2019une r\u00e9vision de la loi de finances afin de r\u00e9aligner les pr\u00e9visions budg\u00e9taires avec les r\u00e9alit\u00e9s de la tr\u00e9sorerie de l\u2019\u00c9tat.<\/p>\n\n\n\n<p>Du c\u00f4t\u00e9 du gouvernement, cette question n\u2019est pas un myst\u00e8re. Les d\u00e9penses de s\u00e9curit\u00e9 et la guerre qui frappe le Moyen-Orient pourraient conduire l\u2019autorit\u00e9 budg\u00e9taire \u00e0 revoir les chiffres du budget national promulgu\u00e9 en d\u00e9cembre 2025. Un projet de loi de finances rectificative est en cours d\u2019\u00e9laboration au niveau du gouvernement. Des d\u00e9penses publiques seront r\u00e9ajust\u00e9es dans cette loi de finances rectificative pour les adapter aux r\u00e9alit\u00e9s de la tr\u00e9sorerie actuelle. \u00ab Vous savez bien dans quel contexte la loi de finances 2026 avait \u00e9t\u00e9 vot\u00e9e par le Parlement. Il y avait un accord entre le Parlement et le gouvernement pour qu\u2019\u00e0 la premi\u00e8re session de cette ann\u00e9e, donc \u00e0 la session de mars, le gouvernement puisse d\u00e9poser une loi rectificative de finances afin de mieux tenir compte de l\u2019\u00e9volution de certains param\u00e8tres \u00e9conomiques. Mais aussi, dans la situation dans laquelle nous nous trouvons depuis le d\u00e9clenchement de la guerre en Iran, de prendre en compte l\u2019impact de cette guerre sur l\u2019\u00e9conomie nationale \u00bb, avait d\u00e9clar\u00e9 Daniel Mukoko Samba en marge d\u2019une rencontre avec le vice-Premier ministre, ministre du Budget, Adolphe Muzito.<\/p>\n\n\n\n<p><strong>Possible r\u00e9vision \u00e0 la baisse du budget de 22 milliards USD &nbsp;&nbsp;&nbsp;&nbsp;&nbsp;&nbsp;&nbsp;<\/strong><\/p>\n\n\n\n<p>Le budget 2026, promulgu\u00e9 fin 2025, s&rsquo;\u00e9l\u00e8ve \u00e0 54 335,8 milliards de FC (environ 22 milliards USD), marquant une hausse de 17 % par rapport \u00e0 2025. Face \u00e0 un contexte s\u00e9curitaire toujours pr\u00e9occupant, notamment dans l\u2019Est de la R\u00e9publique d\u00e9mocratique du Congo, le gouvernement a consacr\u00e9 11.896 milliards de francs congolais, soit pr\u00e8s de 30% du budget g\u00e9n\u00e9ral, aux forces de d\u00e9fense et de s\u00e9curit\u00e9. Selon des \u00e9conomistes, la situation actuelle pourrait contraindre le gouvernement \u00e0 proc\u00e9der \u00e0 des ajustements. Ceux-ci pourraient concerner \u00e0 la fois la priorisation des d\u00e9penses publiques et la recherche de nouvelles marges de recettes, notamment \u00e0 travers un renforcement de la mobilisation fiscale et douani\u00e8re.<\/p>\n\n\n\n<p>Dans les couloirs du Parlement, certains \u00e9lus plaident \u00e9galement pour un contr\u00f4le plus strict de l\u2019ex\u00e9cution budg\u00e9taire. \u00ab Cette session doit permettre d\u2019\u00e9valuer l\u2019utilisation des ressources publiques et de corriger ce qui doit l\u2019\u00eatre \u00bb, confie un d\u00e9put\u00e9 de la majorit\u00e9, estimant qu\u2019une r\u00e9vision budg\u00e9taire pourrait devenir in\u00e9vitable si les tensions de tr\u00e9sorerie persistent.<\/p>\n\n\n\n<p><strong>Des difficult\u00e9s dans la paie des fonctionnaires<\/strong><\/p>\n\n\n\n<p>Depuis janvier 2026, les fonctionnaires de l&rsquo;\u00c9tat font face \u00e0 des retards r\u00e9currents dans le paiement de leurs salaires mensuels. Les causes de ces retards sont comment\u00e9es de diverses mani\u00e8res dans l\u2019environnement sociopolitique et \u00e9conomique congolais. God\u00e9 Mpoy, d\u00e9put\u00e9 national et professeur \u00e0 la facult\u00e9 des sciences \u00e9conomiques, estime que la cause serait plus profonde que certains semblent le minimiser. Lors de ses r\u00e9cents passages dans certains m\u00e9dias locaux, il a affirm\u00e9 que la question du taux de change se situe au c\u0153ur du probl\u00e8me, pr\u00e9cisant que la masse salariale avait \u00e9t\u00e9 calcul\u00e9e sur la base d\u2019un dollar \u00e0 environ 2 850 francs congolais. Avec l\u2019appr\u00e9ciation du franc congolais, les recettes en dollars, une fois converties en monnaie locale, rapporteraient moins que pr\u00e9vu. Ce d\u00e9calage cr\u00e9erait un manque \u00e0 gagner qui compliquerait le paiement r\u00e9gulier des agents.<\/p>\n\n\n\n<p>Mais, de son c\u00f4t\u00e9, le gouvernement avait justifi\u00e9 ces retards par des ajustements techniques dans le syst\u00e8me de paie. Le ministre des Finances, Doudou Fwamba, avait affirm\u00e9 que le gouvernement dispose des moyens n\u00e9cessaires et que tous les salaires seront pay\u00e9s, rejetant ainsi les all\u00e9gations li\u00e9es \u00e0 des difficult\u00e9s de tr\u00e9sorerie dans un contexte de d\u00e9penses croissantes, notamment celles li\u00e9es \u00e0 la s\u00e9curit\u00e9 et \u00e0 l\u2019agression rwandaise via la r\u00e9bellion de l\u2019AFC\/M23 dans l\u2019Est de la RDC.<\/p>\n\n\n\n<p>Par contre, le Fonds mon\u00e9taire international (FMI) qui est en programme avec le gouvernement, pointe l\u2019augmentation de la masse salariale publique comme un risque budg\u00e9taire majeur. La hausse rapide des r\u00e9mun\u00e9rations, notamment dans les secteurs de l\u2019\u00e9ducation, de la sant\u00e9 et de la justice, p\u00e8se sur l\u2019ex\u00e9cution du budget et r\u00e9duit l\u2019espace fiscal disponible, dans un contexte d\u00e9j\u00e0 contraint par l\u2019augmentation des d\u00e9penses de s\u00e9curit\u00e9, note le FMI.<\/p>\n\n\n\n<p><strong>Tshisekedi appelle \u00e0 des mesures de r\u00e9silience &nbsp;<\/strong><\/p>\n\n\n\n<p>Avec les pressions \u00e9conomiques ext\u00e9rieures li\u00e9es notamment \u00e0 la guerre au Moyen-Orient, les tensions \u00e9conomiques risquent de continuer. Lors du conseil des ministres du 13 mars 2026, le pr\u00e9sident de la R\u00e9publique, F\u00e9lix Tshisekedi a appel\u00e9 le gouvernement \u00e0 prendre des mesures face aux pressions \u00e9conomiques li\u00e9es au conflit en Iran qui affecte aussi d\u2019autres pays du Golfe. Bien que les fondamentaux \u00e9conomiques du pays demeurent globalement r\u00e9silients, fait remarquer F\u00e9lix Tshisekedi, cette conjoncture de guerre au Moyen-Orient exige vigilance, coh\u00e9sion et r\u00e9activit\u00e9. Le gouvernement est ainsi appel\u00e9 \u00e0 adopter une approche anticipative et coordonn\u00e9e pour att\u00e9nuer les effets de ces chocs externes, pr\u00e9server la stabilit\u00e9 macro\u00e9conomique et prot\u00e9ger le pouvoir d\u2019achat des citoyens.<\/p>\n\n\n\n<p>A ce sujet, il a charg\u00e9 la Premi\u00e8re ministre de veiller \u00e0 la mise en \u0153uvre diligente, par les membres du gouvernement concern\u00e9s, de plusieurs orientations, notamment d\u2019examiner, par le vice-premier ministre, ministre de l\u2019\u00c9conomie nationale, la possibilit\u00e9 de prendre, si les circonstances l\u2019exigent, des mesures temporaires relatives aux prix des denr\u00e9es de premi\u00e8re n\u00e9cessit\u00e9 ; engager, sous la coordination du vice-premier ministre, ministre de l\u2019\u00c9conomie nationale, et du vice-premier ministre, ministre des Transports, en collaboration avec le ministre de l\u2019Entrepreneuriat et du D\u00e9veloppement des PME, des consultations avec les organisations professionnelles afin d\u2019assurer une surveillance accrue des pratiques tarifaires dans le secteur des transports et d\u2019identifier des m\u00e9canismes d\u2019att\u00e9nuation pour les petites et moyennes entreprises ;<\/p>\n\n\n\n<p>garantir, sous la conduite de la ministre d\u2019\u00c9tat en charge des Hydrocarbures, en coordination avec les ministres de l\u2019\u00c9conomie, du Budget et des Finances, la R\u00e9serve Strat\u00e9gique g\u00e9n\u00e9rale la continuit\u00e9 de l\u2019approvisionnement en carburant et examiner le renforcement des stocks strat\u00e9giques nationaux ; Organiser, par le minist\u00e8re des Mines, en synergie avec les minist\u00e8res des hydrocarbures, des finances une concertation avec les op\u00e9rateurs miniers afin d\u2019\u00e9valuer l\u2019impact de la hausse des co\u00fbts \u00e9nerg\u00e9tiques et pr\u00e9server la stabilit\u00e9 des activit\u00e9s du secteur ; pr\u00e9parer, par le vice-premier ministre en charge du Budget et le ministre des Finances, des sc\u00e9narios budg\u00e9taires actualis\u00e9s pour l\u2019exercice 2026 int\u00e9grant diff\u00e9rentes hypoth\u00e8ses d\u2019\u00e9volution de la conjoncture internationale ; assurer une coordination \u00e9troite entre le gouvernement et la Banque centrale du Congo afin de pr\u00e9server la stabilit\u00e9 du taux de change et, le cas \u00e9ch\u00e9ant, prendre des mesures appropri\u00e9es pour une gestion optimale des r\u00e9serves de change.<\/p>\n\n\n\n<p>Par ailleurs, au-del\u00e0 de la question budg\u00e9taire, cette session parlementaire de mars s\u2019annonce dense. Elle devrait aussi \u00eatre marqu\u00e9e par l\u2019examen de plusieurs projets de loi \u00e9conomiques ainsi que par les traditionnelles missions de contr\u00f4le parlementaire, dans un climat politique o\u00f9 les attentes sociales restent fortes. Dans un pays o\u00f9 l\u2019\u00e9quilibre entre ambitions politiques et contraintes financi\u00e8res demeure fragile, la session parlementaire de mars pourrait ainsi devenir un moment cl\u00e9 pour red\u00e9finir les priorit\u00e9s budg\u00e9taires de l\u2019\u00c9tat et tenter de renforcer la stabilit\u00e9 dans la gestion des finances publiques.<\/p>\n\n\n\n<p class=\"has-text-align-right\"><strong>Heshima<\/strong><\/p>\n","protected":false},"excerpt":{"rendered":"<p>Alors que la tr\u00e9sorerie publique traverse une p\u00e9riode de fortes tensions, les parlementaires congolais reprennent le chemin de l\u2019h\u00e9micycle ce 16 mars 2026. Au centre des attentes : une possible r\u00e9vision de la loi de finances afin d\u2019adapter les priorit\u00e9s de l\u2019\u00c9tat \u00e0 une conjoncture \u00e9conomique et budg\u00e9taire particuli\u00e8rement fragile. Les d\u00e9penses de s\u00e9curit\u00e9 et [&hellip;]<\/p>\n","protected":false},"author":1,"featured_media":6090,"comment_status":"closed","ping_status":"closed","sticky":false,"template":"","format":"standard","meta":{"footnotes":""},"categories":[3],"tags":[],"class_list":["post-6089","post","type-post","status-publish","format-standard","has-post-thumbnail","hentry","category-nation"],"yoast_head":"<!-- This site is optimized with the Yoast SEO plugin v23.3 - https:\/\/yoast.com\/wordpress\/plugins\/seo\/ -->\n<title>Rentr\u00e9e parlementaire en RDC\u00a0: la r\u00e9vision budg\u00e9taire au c\u0153ur de la session de mars - HESHIMA MAGAZINE<\/title>\n<meta name=\"robots\" content=\"index, follow, max-snippet:-1, max-image-preview:large, max-video-preview:-1\" \/>\n<link rel=\"canonical\" href=\"https:\/\/heshimardc.net\/v1\/2026\/03\/16\/rentree-parlementaire-en-rdc-la-revision-budgetaire-au-coeur-de-la-session-de-mars\/\" \/>\n<meta property=\"og:locale\" content=\"fr_FR\" \/>\n<meta property=\"og:type\" content=\"article\" \/>\n<meta property=\"og:title\" content=\"Rentr\u00e9e parlementaire en RDC\u00a0: la r\u00e9vision budg\u00e9taire au c\u0153ur de la session de mars - HESHIMA MAGAZINE\" \/>\n<meta property=\"og:description\" content=\"Alors que la tr\u00e9sorerie publique traverse une p\u00e9riode de fortes tensions, les parlementaires congolais reprennent le chemin de l\u2019h\u00e9micycle ce 16 mars 2026. Au centre des attentes : une possible r\u00e9vision de la loi de finances afin d\u2019adapter les priorit\u00e9s de l\u2019\u00c9tat \u00e0 une conjoncture \u00e9conomique et budg\u00e9taire particuli\u00e8rement fragile. Les d\u00e9penses de s\u00e9curit\u00e9 et [&hellip;]\" \/>\n<meta property=\"og:url\" content=\"https:\/\/heshimardc.net\/v1\/2026\/03\/16\/rentree-parlementaire-en-rdc-la-revision-budgetaire-au-coeur-de-la-session-de-mars\/\" \/>\n<meta property=\"og:site_name\" content=\"HESHIMA MAGAZINE\" \/>\n<meta property=\"article:publisher\" content=\"https:\/\/www.facebook.com\/heshimamagazine\" \/>\n<meta property=\"article:published_time\" content=\"2026-03-16T09:02:37+00:00\" \/>\n<meta property=\"article:modified_time\" content=\"2026-03-16T09:02:39+00:00\" \/>\n<meta property=\"og:image\" content=\"https:\/\/heshimardc.net\/v1\/wp-content\/uploads\/2026\/03\/Palais_de_la_nation_Kinshasa_8756656913-scaled.jpg\" \/>\n\t<meta property=\"og:image:width\" content=\"2560\" \/>\n\t<meta property=\"og:image:height\" content=\"1714\" \/>\n\t<meta property=\"og:image:type\" content=\"image\/jpeg\" \/>\n<meta name=\"author\" content=\"La redaction\" \/>\n<meta name=\"twitter:card\" content=\"summary_large_image\" \/>\n<meta name=\"twitter:creator\" content=\"@HeshimaMag\" \/>\n<meta name=\"twitter:site\" content=\"@HeshimaMag\" \/>\n<meta name=\"twitter:label1\" content=\"\u00c9crit par\" \/>\n\t<meta name=\"twitter:data1\" content=\"La redaction\" \/>\n\t<meta name=\"twitter:label2\" content=\"Dur\u00e9e de lecture estim\u00e9e\" \/>\n\t<meta name=\"twitter:data2\" content=\"7 minutes\" \/>\n<script type=\"application\/ld+json\" class=\"yoast-schema-graph\">{\"@context\":\"https:\/\/schema.org\",\"@graph\":[{\"@type\":\"Article\",\"@id\":\"https:\/\/heshimardc.net\/v1\/2026\/03\/16\/rentree-parlementaire-en-rdc-la-revision-budgetaire-au-coeur-de-la-session-de-mars\/#article\",\"isPartOf\":{\"@id\":\"https:\/\/heshimardc.net\/v1\/2026\/03\/16\/rentree-parlementaire-en-rdc-la-revision-budgetaire-au-coeur-de-la-session-de-mars\/\"},\"author\":{\"name\":\"La redaction\",\"@id\":\"https:\/\/heshimardc.net\/v1\/#\/schema\/person\/7188c0b9e770a370943576373b325f91\"},\"headline\":\"Rentr\u00e9e parlementaire en RDC\u00a0: la r\u00e9vision budg\u00e9taire au c\u0153ur de la session de mars\",\"datePublished\":\"2026-03-16T09:02:37+00:00\",\"dateModified\":\"2026-03-16T09:02:39+00:00\",\"mainEntityOfPage\":{\"@id\":\"https:\/\/heshimardc.net\/v1\/2026\/03\/16\/rentree-parlementaire-en-rdc-la-revision-budgetaire-au-coeur-de-la-session-de-mars\/\"},\"wordCount\":1498,\"publisher\":{\"@id\":\"https:\/\/heshimardc.net\/v1\/#organization\"},\"image\":{\"@id\":\"https:\/\/heshimardc.net\/v1\/2026\/03\/16\/rentree-parlementaire-en-rdc-la-revision-budgetaire-au-coeur-de-la-session-de-mars\/#primaryimage\"},\"thumbnailUrl\":\"https:\/\/heshimardc.net\/v1\/wp-content\/uploads\/2026\/03\/Palais_de_la_nation_Kinshasa_8756656913-scaled.jpg\",\"articleSection\":[\"Nation\"],\"inLanguage\":\"fr-FR\"},{\"@type\":\"WebPage\",\"@id\":\"https:\/\/heshimardc.net\/v1\/2026\/03\/16\/rentree-parlementaire-en-rdc-la-revision-budgetaire-au-coeur-de-la-session-de-mars\/\",\"url\":\"https:\/\/heshimardc.net\/v1\/2026\/03\/16\/rentree-parlementaire-en-rdc-la-revision-budgetaire-au-coeur-de-la-session-de-mars\/\",\"name\":\"Rentr\u00e9e parlementaire en RDC\u00a0: la r\u00e9vision budg\u00e9taire au c\u0153ur de la session de mars - HESHIMA MAGAZINE\",\"isPartOf\":{\"@id\":\"https:\/\/heshimardc.net\/v1\/#website\"},\"primaryImageOfPage\":{\"@id\":\"https:\/\/heshimardc.net\/v1\/2026\/03\/16\/rentree-parlementaire-en-rdc-la-revision-budgetaire-au-coeur-de-la-session-de-mars\/#primaryimage\"},\"image\":{\"@id\":\"https:\/\/heshimardc.net\/v1\/2026\/03\/16\/rentree-parlementaire-en-rdc-la-revision-budgetaire-au-coeur-de-la-session-de-mars\/#primaryimage\"},\"thumbnailUrl\":\"https:\/\/heshimardc.net\/v1\/wp-content\/uploads\/2026\/03\/Palais_de_la_nation_Kinshasa_8756656913-scaled.jpg\",\"datePublished\":\"2026-03-16T09:02:37+00:00\",\"dateModified\":\"2026-03-16T09:02:39+00:00\",\"breadcrumb\":{\"@id\":\"https:\/\/heshimardc.net\/v1\/2026\/03\/16\/rentree-parlementaire-en-rdc-la-revision-budgetaire-au-coeur-de-la-session-de-mars\/#breadcrumb\"},\"inLanguage\":\"fr-FR\",\"potentialAction\":[{\"@type\":\"ReadAction\",\"target\":[\"https:\/\/heshimardc.net\/v1\/2026\/03\/16\/rentree-parlementaire-en-rdc-la-revision-budgetaire-au-coeur-de-la-session-de-mars\/\"]}]},{\"@type\":\"ImageObject\",\"inLanguage\":\"fr-FR\",\"@id\":\"https:\/\/heshimardc.net\/v1\/2026\/03\/16\/rentree-parlementaire-en-rdc-la-revision-budgetaire-au-coeur-de-la-session-de-mars\/#primaryimage\",\"url\":\"https:\/\/heshimardc.net\/v1\/wp-content\/uploads\/2026\/03\/Palais_de_la_nation_Kinshasa_8756656913-scaled.jpg\",\"contentUrl\":\"https:\/\/heshimardc.net\/v1\/wp-content\/uploads\/2026\/03\/Palais_de_la_nation_Kinshasa_8756656913-scaled.jpg\",\"width\":2560,\"height\":1714},{\"@type\":\"BreadcrumbList\",\"@id\":\"https:\/\/heshimardc.net\/v1\/2026\/03\/16\/rentree-parlementaire-en-rdc-la-revision-budgetaire-au-coeur-de-la-session-de-mars\/#breadcrumb\",\"itemListElement\":[{\"@type\":\"ListItem\",\"position\":1,\"name\":\"Accueil\",\"item\":\"https:\/\/heshimardc.net\/v1\/\"},{\"@type\":\"ListItem\",\"position\":2,\"name\":\"Rentr\u00e9e parlementaire en RDC\u00a0: la r\u00e9vision budg\u00e9taire au c\u0153ur de la session de mars\"}]},{\"@type\":\"WebSite\",\"@id\":\"https:\/\/heshimardc.net\/v1\/#website\",\"url\":\"https:\/\/heshimardc.net\/v1\/\",\"name\":\"HESHIMA MAGAZINE\",\"description\":\"Le magazine Congolais qui bat au rythme de l&#039;actualit\u00e9\",\"publisher\":{\"@id\":\"https:\/\/heshimardc.net\/v1\/#organization\"},\"potentialAction\":[{\"@type\":\"SearchAction\",\"target\":{\"@type\":\"EntryPoint\",\"urlTemplate\":\"https:\/\/heshimardc.net\/v1\/?s={search_term_string}\"},\"query-input\":\"required name=search_term_string\"}],\"inLanguage\":\"fr-FR\"},{\"@type\":\"Organization\",\"@id\":\"https:\/\/heshimardc.net\/v1\/#organization\",\"name\":\"HESHIMA MAGAZINE\",\"url\":\"https:\/\/heshimardc.net\/v1\/\",\"logo\":{\"@type\":\"ImageObject\",\"inLanguage\":\"fr-FR\",\"@id\":\"https:\/\/heshimardc.net\/v1\/#\/schema\/logo\/image\/\",\"url\":\"https:\/\/heshimardc.net\/v1\/wp-content\/uploads\/2020\/09\/logo.png\",\"contentUrl\":\"https:\/\/heshimardc.net\/v1\/wp-content\/uploads\/2020\/09\/logo.png\",\"width\":99,\"height\":130,\"caption\":\"HESHIMA MAGAZINE\"},\"image\":{\"@id\":\"https:\/\/heshimardc.net\/v1\/#\/schema\/logo\/image\/\"},\"sameAs\":[\"https:\/\/www.facebook.com\/heshimamagazine\",\"https:\/\/x.com\/HeshimaMag\"]},{\"@type\":\"Person\",\"@id\":\"https:\/\/heshimardc.net\/v1\/#\/schema\/person\/7188c0b9e770a370943576373b325f91\",\"name\":\"La redaction\",\"image\":{\"@type\":\"ImageObject\",\"inLanguage\":\"fr-FR\",\"@id\":\"https:\/\/heshimardc.net\/v1\/#\/schema\/person\/image\/\",\"url\":\"https:\/\/secure.gravatar.com\/avatar\/b53b1a4a434346e76d3ea6c9ecf19fc8?s=96&d=mm&r=g\",\"contentUrl\":\"https:\/\/secure.gravatar.com\/avatar\/b53b1a4a434346e76d3ea6c9ecf19fc8?s=96&d=mm&r=g\",\"caption\":\"La redaction\"},\"sameAs\":[\"https:\/\/heshimardc.net\/v1\",\"La redaction\"],\"url\":\"https:\/\/heshimardc.net\/v1\/author\/la-redaction\/\"}]}<\/script>\n<!-- \/ Yoast SEO plugin. -->","yoast_head_json":{"title":"Rentr\u00e9e parlementaire en RDC\u00a0: la r\u00e9vision budg\u00e9taire au c\u0153ur de la session de mars - HESHIMA MAGAZINE","robots":{"index":"index","follow":"follow","max-snippet":"max-snippet:-1","max-image-preview":"max-image-preview:large","max-video-preview":"max-video-preview:-1"},"canonical":"https:\/\/heshimardc.net\/v1\/2026\/03\/16\/rentree-parlementaire-en-rdc-la-revision-budgetaire-au-coeur-de-la-session-de-mars\/","og_locale":"fr_FR","og_type":"article","og_title":"Rentr\u00e9e parlementaire en RDC\u00a0: la r\u00e9vision budg\u00e9taire au c\u0153ur de la session de mars - HESHIMA MAGAZINE","og_description":"Alors que la tr\u00e9sorerie publique traverse une p\u00e9riode de fortes tensions, les parlementaires congolais reprennent le chemin de l\u2019h\u00e9micycle ce 16 mars 2026. Au centre des attentes : une possible r\u00e9vision de la loi de finances afin d\u2019adapter les priorit\u00e9s de l\u2019\u00c9tat \u00e0 une conjoncture \u00e9conomique et budg\u00e9taire particuli\u00e8rement fragile. Les d\u00e9penses de s\u00e9curit\u00e9 et [&hellip;]","og_url":"https:\/\/heshimardc.net\/v1\/2026\/03\/16\/rentree-parlementaire-en-rdc-la-revision-budgetaire-au-coeur-de-la-session-de-mars\/","og_site_name":"HESHIMA MAGAZINE","article_publisher":"https:\/\/www.facebook.com\/heshimamagazine","article_published_time":"2026-03-16T09:02:37+00:00","article_modified_time":"2026-03-16T09:02:39+00:00","og_image":[{"width":2560,"height":1714,"url":"https:\/\/heshimardc.net\/v1\/wp-content\/uploads\/2026\/03\/Palais_de_la_nation_Kinshasa_8756656913-scaled.jpg","type":"image\/jpeg"}],"author":"La redaction","twitter_card":"summary_large_image","twitter_creator":"@HeshimaMag","twitter_site":"@HeshimaMag","twitter_misc":{"\u00c9crit par":"La redaction","Dur\u00e9e de lecture estim\u00e9e":"7 minutes"},"schema":{"@context":"https:\/\/schema.org","@graph":[{"@type":"Article","@id":"https:\/\/heshimardc.net\/v1\/2026\/03\/16\/rentree-parlementaire-en-rdc-la-revision-budgetaire-au-coeur-de-la-session-de-mars\/#article","isPartOf":{"@id":"https:\/\/heshimardc.net\/v1\/2026\/03\/16\/rentree-parlementaire-en-rdc-la-revision-budgetaire-au-coeur-de-la-session-de-mars\/"},"author":{"name":"La redaction","@id":"https:\/\/heshimardc.net\/v1\/#\/schema\/person\/7188c0b9e770a370943576373b325f91"},"headline":"Rentr\u00e9e parlementaire en RDC\u00a0: la r\u00e9vision budg\u00e9taire au c\u0153ur de la session de mars","datePublished":"2026-03-16T09:02:37+00:00","dateModified":"2026-03-16T09:02:39+00:00","mainEntityOfPage":{"@id":"https:\/\/heshimardc.net\/v1\/2026\/03\/16\/rentree-parlementaire-en-rdc-la-revision-budgetaire-au-coeur-de-la-session-de-mars\/"},"wordCount":1498,"publisher":{"@id":"https:\/\/heshimardc.net\/v1\/#organization"},"image":{"@id":"https:\/\/heshimardc.net\/v1\/2026\/03\/16\/rentree-parlementaire-en-rdc-la-revision-budgetaire-au-coeur-de-la-session-de-mars\/#primaryimage"},"thumbnailUrl":"https:\/\/heshimardc.net\/v1\/wp-content\/uploads\/2026\/03\/Palais_de_la_nation_Kinshasa_8756656913-scaled.jpg","articleSection":["Nation"],"inLanguage":"fr-FR"},{"@type":"WebPage","@id":"https:\/\/heshimardc.net\/v1\/2026\/03\/16\/rentree-parlementaire-en-rdc-la-revision-budgetaire-au-coeur-de-la-session-de-mars\/","url":"https:\/\/heshimardc.net\/v1\/2026\/03\/16\/rentree-parlementaire-en-rdc-la-revision-budgetaire-au-coeur-de-la-session-de-mars\/","name":"Rentr\u00e9e parlementaire en RDC\u00a0: la r\u00e9vision budg\u00e9taire au c\u0153ur de la session de mars - HESHIMA MAGAZINE","isPartOf":{"@id":"https:\/\/heshimardc.net\/v1\/#website"},"primaryImageOfPage":{"@id":"https:\/\/heshimardc.net\/v1\/2026\/03\/16\/rentree-parlementaire-en-rdc-la-revision-budgetaire-au-coeur-de-la-session-de-mars\/#primaryimage"},"image":{"@id":"https:\/\/heshimardc.net\/v1\/2026\/03\/16\/rentree-parlementaire-en-rdc-la-revision-budgetaire-au-coeur-de-la-session-de-mars\/#primaryimage"},"thumbnailUrl":"https:\/\/heshimardc.net\/v1\/wp-content\/uploads\/2026\/03\/Palais_de_la_nation_Kinshasa_8756656913-scaled.jpg","datePublished":"2026-03-16T09:02:37+00:00","dateModified":"2026-03-16T09:02:39+00:00","breadcrumb":{"@id":"https:\/\/heshimardc.net\/v1\/2026\/03\/16\/rentree-parlementaire-en-rdc-la-revision-budgetaire-au-coeur-de-la-session-de-mars\/#breadcrumb"},"inLanguage":"fr-FR","potentialAction":[{"@type":"ReadAction","target":["https:\/\/heshimardc.net\/v1\/2026\/03\/16\/rentree-parlementaire-en-rdc-la-revision-budgetaire-au-coeur-de-la-session-de-mars\/"]}]},{"@type":"ImageObject","inLanguage":"fr-FR","@id":"https:\/\/heshimardc.net\/v1\/2026\/03\/16\/rentree-parlementaire-en-rdc-la-revision-budgetaire-au-coeur-de-la-session-de-mars\/#primaryimage","url":"https:\/\/heshimardc.net\/v1\/wp-content\/uploads\/2026\/03\/Palais_de_la_nation_Kinshasa_8756656913-scaled.jpg","contentUrl":"https:\/\/heshimardc.net\/v1\/wp-content\/uploads\/2026\/03\/Palais_de_la_nation_Kinshasa_8756656913-scaled.jpg","width":2560,"height":1714},{"@type":"BreadcrumbList","@id":"https:\/\/heshimardc.net\/v1\/2026\/03\/16\/rentree-parlementaire-en-rdc-la-revision-budgetaire-au-coeur-de-la-session-de-mars\/#breadcrumb","itemListElement":[{"@type":"ListItem","position":1,"name":"Accueil","item":"https:\/\/heshimardc.net\/v1\/"},{"@type":"ListItem","position":2,"name":"Rentr\u00e9e parlementaire en RDC\u00a0: la r\u00e9vision budg\u00e9taire au c\u0153ur de la session de mars"}]},{"@type":"WebSite","@id":"https:\/\/heshimardc.net\/v1\/#website","url":"https:\/\/heshimardc.net\/v1\/","name":"HESHIMA MAGAZINE","description":"Le magazine Congolais qui bat au rythme de l&#039;actualit\u00e9","publisher":{"@id":"https:\/\/heshimardc.net\/v1\/#organization"},"potentialAction":[{"@type":"SearchAction","target":{"@type":"EntryPoint","urlTemplate":"https:\/\/heshimardc.net\/v1\/?s={search_term_string}"},"query-input":"required name=search_term_string"}],"inLanguage":"fr-FR"},{"@type":"Organization","@id":"https:\/\/heshimardc.net\/v1\/#organization","name":"HESHIMA MAGAZINE","url":"https:\/\/heshimardc.net\/v1\/","logo":{"@type":"ImageObject","inLanguage":"fr-FR","@id":"https:\/\/heshimardc.net\/v1\/#\/schema\/logo\/image\/","url":"https:\/\/heshimardc.net\/v1\/wp-content\/uploads\/2020\/09\/logo.png","contentUrl":"https:\/\/heshimardc.net\/v1\/wp-content\/uploads\/2020\/09\/logo.png","width":99,"height":130,"caption":"HESHIMA MAGAZINE"},"image":{"@id":"https:\/\/heshimardc.net\/v1\/#\/schema\/logo\/image\/"},"sameAs":["https:\/\/www.facebook.com\/heshimamagazine","https:\/\/x.com\/HeshimaMag"]},{"@type":"Person","@id":"https:\/\/heshimardc.net\/v1\/#\/schema\/person\/7188c0b9e770a370943576373b325f91","name":"La redaction","image":{"@type":"ImageObject","inLanguage":"fr-FR","@id":"https:\/\/heshimardc.net\/v1\/#\/schema\/person\/image\/","url":"https:\/\/secure.gravatar.com\/avatar\/b53b1a4a434346e76d3ea6c9ecf19fc8?s=96&d=mm&r=g","contentUrl":"https:\/\/secure.gravatar.com\/avatar\/b53b1a4a434346e76d3ea6c9ecf19fc8?s=96&d=mm&r=g","caption":"La redaction"},"sameAs":["https:\/\/heshimardc.net\/v1","La redaction"],"url":"https:\/\/heshimardc.net\/v1\/author\/la-redaction\/"}]}},"amp_enabled":true,"_links":{"self":[{"href":"https:\/\/heshimardc.net\/v1\/wp-json\/wp\/v2\/posts\/6089"}],"collection":[{"href":"https:\/\/heshimardc.net\/v1\/wp-json\/wp\/v2\/posts"}],"about":[{"href":"https:\/\/heshimardc.net\/v1\/wp-json\/wp\/v2\/types\/post"}],"author":[{"embeddable":true,"href":"https:\/\/heshimardc.net\/v1\/wp-json\/wp\/v2\/users\/1"}],"replies":[{"embeddable":true,"href":"https:\/\/heshimardc.net\/v1\/wp-json\/wp\/v2\/comments?post=6089"}],"version-history":[{"count":1,"href":"https:\/\/heshimardc.net\/v1\/wp-json\/wp\/v2\/posts\/6089\/revisions"}],"predecessor-version":[{"id":6091,"href":"https:\/\/heshimardc.net\/v1\/wp-json\/wp\/v2\/posts\/6089\/revisions\/6091"}],"wp:featuredmedia":[{"embeddable":true,"href":"https:\/\/heshimardc.net\/v1\/wp-json\/wp\/v2\/media\/6090"}],"wp:attachment":[{"href":"https:\/\/heshimardc.net\/v1\/wp-json\/wp\/v2\/media?parent=6089"}],"wp:term":[{"taxonomy":"category","embeddable":true,"href":"https:\/\/heshimardc.net\/v1\/wp-json\/wp\/v2\/categories?post=6089"},{"taxonomy":"post_tag","embeddable":true,"href":"https:\/\/heshimardc.net\/v1\/wp-json\/wp\/v2\/tags?post=6089"}],"curies":[{"name":"wp","href":"https:\/\/api.w.org\/{rel}","templated":true}]}}