{"id":6094,"date":"2026-03-19T11:27:54","date_gmt":"2026-03-19T11:27:54","guid":{"rendered":"https:\/\/heshimardc.net\/v1\/?p=6094"},"modified":"2026-03-19T11:27:56","modified_gmt":"2026-03-19T11:27:56","slug":"crise-au-moyen-orient-en-rdc-le-gouvernement-prepare-sa-riposte-face-aux-repercussions-economiques","status":"publish","type":"post","link":"https:\/\/heshimardc.net\/v1\/2026\/03\/19\/crise-au-moyen-orient-en-rdc-le-gouvernement-prepare-sa-riposte-face-aux-repercussions-economiques\/","title":{"rendered":"Crise au Moyen-Orient :\u00a0en RDC,\u00a0le gouvernement\u00a0pr\u00e9pare\u00a0sa riposte face aux r\u00e9percussions \u00e9conomiques"},"content":{"rendered":"\n<p><strong>Face aux tensions s\u00e9curitaires au Moyen-Orient et \u00e0 leurs impacts sur les march\u00e9s mondiaux, le gouvernement de la R\u00e9publique d\u00e9mocratique du Congo (RDC) met en place des mesures pour limiter les effets&nbsp;<\/strong><strong>n\u00e9fastes&nbsp;<\/strong><strong>sur l\u2019\u00e9conomie nationale, notamment sur les prix des produits de base et l\u2019approvisionnement \u00e9nerg\u00e9tique.&nbsp;<\/strong><\/p>\n\n\n\n<p>Depuis l\u2019aggravation de la crise au Moyen-Orient, les \u00e9conomies africaines subissent de plein fouet les contrecoups de la volatilit\u00e9 des prix du p\u00e9trole et des perturbations des cha\u00eenes d\u2019approvisionnement. En R\u00e9publique d\u00e9mocratique du Congo, les autorit\u00e9s suivent de pr\u00e8s l\u2019\u00e9volution de la situation afin d\u2019anticiper ses impacts sur le quotidien des populations.&nbsp;Lors du conseil des ministres du&nbsp;13 mars 2026,&nbsp;le pr\u00e9sident F\u00e9lix Tshisekedi a annonc\u00e9 une s\u00e9rie de mesures&nbsp;pour parer \u00e0 toute \u00e9ventualit\u00e9. Le chef de l\u2019Etat&nbsp;a appel\u00e9 le gouvernement \u00e0 prendre des mesures face aux pressions \u00e9conomiques li\u00e9es au conflit en Iran qui affecte aussi d\u2019autres pays du Golfe.&nbsp;<\/p>\n\n\n\n<p>Bien que les fondamentaux \u00e9conomiques du pays demeurent&nbsp;encore&nbsp;globalement r\u00e9silients, fait remarquer F\u00e9lix Tshisekedi, cette conjoncture de guerre au Moyen-Orient exige vigilance, coh\u00e9sion et r\u00e9activit\u00e9. Le gouvernement est ainsi appel\u00e9 \u00e0 adopter une approche anticipative&nbsp;et&nbsp;coordonn\u00e9e pour att\u00e9nuer les effets de ces chocs externes, pr\u00e9server la stabilit\u00e9 macro\u00e9conomique et prot\u00e9ger le pouvoir d\u2019achat des citoyens.<\/p>\n\n\n\n<p><strong>Des orientations \u00e0 suivre\u2026&nbsp;<\/strong><\/p>\n\n\n\n<p>A ce sujet, il a charg\u00e9 la Premi\u00e8re ministre de veiller \u00e0 la mise en \u0153uvre diligente, par les membres du gouvernement concern\u00e9s, de plusieurs orientations, notamment d\u2019examiner, par le vice-premier ministre, ministre de l\u2019\u00c9conomie nationale, la possibilit\u00e9 de prendre, si les circonstances l\u2019exigent, des mesures temporaires relatives aux prix des denr\u00e9es de premi\u00e8re n\u00e9cessit\u00e9 ; engager, sous la coordination du vice-premier ministre, ministre de l\u2019\u00c9conomie nationale, et du vice-premier ministre, ministre des Transports, en collaboration avec le ministre de l\u2019Entrepreneuriat et du D\u00e9veloppement des PME, des consultations avec les organisations professionnelles afin d\u2019assurer une surveillance accrue des pratiques tarifaires dans le secteur des transports et d\u2019identifier des m\u00e9canismes d\u2019att\u00e9nuation pour les petites et moyennes entreprises ;&nbsp;garantir, sous la conduite de la ministre d\u2019\u00c9tat en charge des Hydrocarbures, en coordination avec les ministres de l\u2019\u00c9conomie, du Budget et des Finances, la R\u00e9serve Strat\u00e9gique g\u00e9n\u00e9rale la continuit\u00e9 de l\u2019approvisionnement en carburant et examiner le renforcement des stocks strat\u00e9giques nationaux ; Organiser, par le minist\u00e8re des Mines, en synergie avec les minist\u00e8res des hydrocarbures, des finances une concertation avec les op\u00e9rateurs miniers afin d\u2019\u00e9valuer l\u2019impact de la hausse des co\u00fbts \u00e9nerg\u00e9tiques et pr\u00e9server la stabilit\u00e9 des activit\u00e9s du secteur ; pr\u00e9parer, par le vice-premier ministre en charge du Budget et le ministre des Finances, des sc\u00e9narios budg\u00e9taires actualis\u00e9s pour l\u2019exercice 2026 int\u00e9grant diff\u00e9rentes hypoth\u00e8ses d\u2019\u00e9volution de la conjoncture internationale ; assurer une coordination \u00e9troite entre le gouvernement et la Banque centrale du Congo afin de pr\u00e9server la stabilit\u00e9 du taux de change et, le cas \u00e9ch\u00e9ant, prendre des mesures appropri\u00e9es pour une gestion optimale des r\u00e9serves de change.<\/p>\n\n\n\n<p><strong>R\u00e9duire la d\u00e9pendance aux circuits affect\u00e9s par la cri<\/strong><strong>s<\/strong><strong>e&nbsp;<\/strong><\/p>\n\n\n\n<p>Le gouvernement&nbsp;est conscient du risque de l\u2019envol\u00e9e des prix du p\u00e9trole mais aussi&nbsp;les risques li\u00e9s \u00e0 la hausse des co\u00fbts d\u2019importation&nbsp;des&nbsp;produits alimentaires. Cette flamb\u00e9e des prix, directement li\u00e9e aux tensions g\u00e9opolitiques, menace d\u2019accentuer la vie ch\u00e8re&nbsp;d\u00e9j\u00e0 ressentie dans plusieurs grandes villes du pays.&nbsp;L\u2019objectif&nbsp;de ces mesures est de r\u00e9duire la d\u00e9pendance aux circuits d\u2019approvisionnement affect\u00e9s par la crise internationale.<\/p>\n\n\n\n<p>Par ailleurs, des discussions sont en cours avec les acteurs du secteur p\u00e9trolier afin demaintenir&nbsp;stable&nbsp;les prix&nbsp;du carburant&nbsp;\u00e0 la pompe et \u00e9viter une hausse brutale du co\u00fbt du transport, qui aurait des r\u00e9percussions en cascade sur l\u2019ensemble de l\u2019\u00e9conomie&nbsp;du pays.Certains \u00e9conomistes saluent ces initiatives tout en appelant \u00e0 des r\u00e9formes plus structurelles, notamment dans les secteurs de l\u2019agriculture et de l\u2019\u00e9nergie, afin de renforcer la r\u00e9silience du pays face aux chocs ext\u00e9rieurs.<\/p>\n\n\n\n<p>Alors que l\u2019incertitude demeure sur l\u2019\u00e9volution de la crise au Moyen-Orient, la R\u00e9publique d\u00e9mocratique du Congo se trouve \u00e0 un tournant d\u00e9cisif : transformer cette pression \u00e9conomique en opportunit\u00e9 pour repenser son mod\u00e8le de d\u00e9veloppement et renforcer son autonomie \u00e9conomique.&nbsp;Plusieurs experts ne cessent de r\u00e9p\u00e9ter&nbsp;que la RDC reste trop d\u00e9pendante de produits d\u2019exportation. Ce&nbsp;qui l\u2019expose \u00e0 des fragilit\u00e9s \u00e9conomiques&nbsp;dans ce genre de situation. &nbsp;&nbsp;<\/p>\n\n\n\n<p class=\"has-text-align-right\"><strong>Heshima<\/strong><\/p>\n\n\n\n<p><\/p>\n","protected":false},"excerpt":{"rendered":"<p>Face aux tensions s\u00e9curitaires au Moyen-Orient et \u00e0 leurs impacts sur les march\u00e9s mondiaux, le gouvernement de la R\u00e9publique d\u00e9mocratique du Congo (RDC) met en place des mesures pour limiter les effets&nbsp;n\u00e9fastes&nbsp;sur l\u2019\u00e9conomie nationale, notamment sur les prix des produits de base et l\u2019approvisionnement \u00e9nerg\u00e9tique.&nbsp; Depuis l\u2019aggravation de la crise au Moyen-Orient, les \u00e9conomies africaines [&hellip;]<\/p>\n","protected":false},"author":1,"featured_media":6095,"comment_status":"closed","ping_status":"closed","sticky":false,"template":"","format":"standard","meta":{"footnotes":""},"categories":[3],"tags":[],"class_list":["post-6094","post","type-post","status-publish","format-standard","has-post-thumbnail","hentry","category-nation"],"yoast_head":"<!-- This site is optimized with the Yoast SEO plugin v23.3 - https:\/\/yoast.com\/wordpress\/plugins\/seo\/ -->\n<title>Crise au Moyen-Orient :\u00a0en RDC,\u00a0le gouvernement\u00a0pr\u00e9pare\u00a0sa riposte face aux r\u00e9percussions \u00e9conomiques - HESHIMA MAGAZINE<\/title>\n<meta name=\"robots\" content=\"index, follow, max-snippet:-1, max-image-preview:large, max-video-preview:-1\" \/>\n<link rel=\"canonical\" href=\"https:\/\/heshimardc.net\/v1\/2026\/03\/19\/crise-au-moyen-orient-en-rdc-le-gouvernement-prepare-sa-riposte-face-aux-repercussions-economiques\/\" \/>\n<meta property=\"og:locale\" content=\"fr_FR\" \/>\n<meta property=\"og:type\" content=\"article\" \/>\n<meta property=\"og:title\" content=\"Crise au Moyen-Orient :\u00a0en RDC,\u00a0le gouvernement\u00a0pr\u00e9pare\u00a0sa riposte face aux r\u00e9percussions \u00e9conomiques - HESHIMA MAGAZINE\" \/>\n<meta property=\"og:description\" content=\"Face aux tensions s\u00e9curitaires au Moyen-Orient et \u00e0 leurs impacts sur les march\u00e9s mondiaux, le gouvernement de la R\u00e9publique d\u00e9mocratique du Congo (RDC) met en place des mesures pour limiter les effets&nbsp;n\u00e9fastes&nbsp;sur l\u2019\u00e9conomie nationale, notamment sur les prix des produits de base et l\u2019approvisionnement \u00e9nerg\u00e9tique.&nbsp; Depuis l\u2019aggravation de la crise au Moyen-Orient, les \u00e9conomies africaines [&hellip;]\" \/>\n<meta property=\"og:url\" content=\"https:\/\/heshimardc.net\/v1\/2026\/03\/19\/crise-au-moyen-orient-en-rdc-le-gouvernement-prepare-sa-riposte-face-aux-repercussions-economiques\/\" \/>\n<meta property=\"og:site_name\" content=\"HESHIMA MAGAZINE\" \/>\n<meta property=\"article:publisher\" content=\"https:\/\/www.facebook.com\/heshimamagazine\" \/>\n<meta property=\"article:published_time\" content=\"2026-03-19T11:27:54+00:00\" \/>\n<meta property=\"article:modified_time\" content=\"2026-03-19T11:27:56+00:00\" \/>\n<meta property=\"og:image\" content=\"https:\/\/heshimardc.net\/v1\/wp-content\/uploads\/2026\/03\/cellcom-prcd-49-conseil-de-ministres-compressed-scaled.jpg\" \/>\n\t<meta property=\"og:image:width\" content=\"2560\" \/>\n\t<meta property=\"og:image:height\" content=\"1562\" \/>\n\t<meta property=\"og:image:type\" content=\"image\/jpeg\" \/>\n<meta name=\"author\" content=\"La redaction\" \/>\n<meta name=\"twitter:card\" content=\"summary_large_image\" \/>\n<meta name=\"twitter:creator\" content=\"@HeshimaMag\" \/>\n<meta name=\"twitter:site\" content=\"@HeshimaMag\" \/>\n<meta name=\"twitter:label1\" content=\"\u00c9crit par\" \/>\n\t<meta name=\"twitter:data1\" content=\"La redaction\" \/>\n\t<meta name=\"twitter:label2\" content=\"Dur\u00e9e de lecture estim\u00e9e\" \/>\n\t<meta name=\"twitter:data2\" content=\"4 minutes\" \/>\n<script type=\"application\/ld+json\" class=\"yoast-schema-graph\">{\"@context\":\"https:\/\/schema.org\",\"@graph\":[{\"@type\":\"Article\",\"@id\":\"https:\/\/heshimardc.net\/v1\/2026\/03\/19\/crise-au-moyen-orient-en-rdc-le-gouvernement-prepare-sa-riposte-face-aux-repercussions-economiques\/#article\",\"isPartOf\":{\"@id\":\"https:\/\/heshimardc.net\/v1\/2026\/03\/19\/crise-au-moyen-orient-en-rdc-le-gouvernement-prepare-sa-riposte-face-aux-repercussions-economiques\/\"},\"author\":{\"name\":\"La redaction\",\"@id\":\"https:\/\/heshimardc.net\/v1\/#\/schema\/person\/7188c0b9e770a370943576373b325f91\"},\"headline\":\"Crise au Moyen-Orient :\u00a0en RDC,\u00a0le gouvernement\u00a0pr\u00e9pare\u00a0sa riposte face aux r\u00e9percussions \u00e9conomiques\",\"datePublished\":\"2026-03-19T11:27:54+00:00\",\"dateModified\":\"2026-03-19T11:27:56+00:00\",\"mainEntityOfPage\":{\"@id\":\"https:\/\/heshimardc.net\/v1\/2026\/03\/19\/crise-au-moyen-orient-en-rdc-le-gouvernement-prepare-sa-riposte-face-aux-repercussions-economiques\/\"},\"wordCount\":853,\"publisher\":{\"@id\":\"https:\/\/heshimardc.net\/v1\/#organization\"},\"image\":{\"@id\":\"https:\/\/heshimardc.net\/v1\/2026\/03\/19\/crise-au-moyen-orient-en-rdc-le-gouvernement-prepare-sa-riposte-face-aux-repercussions-economiques\/#primaryimage\"},\"thumbnailUrl\":\"https:\/\/heshimardc.net\/v1\/wp-content\/uploads\/2026\/03\/cellcom-prcd-49-conseil-de-ministres-compressed-scaled.jpg\",\"articleSection\":[\"Nation\"],\"inLanguage\":\"fr-FR\"},{\"@type\":\"WebPage\",\"@id\":\"https:\/\/heshimardc.net\/v1\/2026\/03\/19\/crise-au-moyen-orient-en-rdc-le-gouvernement-prepare-sa-riposte-face-aux-repercussions-economiques\/\",\"url\":\"https:\/\/heshimardc.net\/v1\/2026\/03\/19\/crise-au-moyen-orient-en-rdc-le-gouvernement-prepare-sa-riposte-face-aux-repercussions-economiques\/\",\"name\":\"Crise au Moyen-Orient :\u00a0en RDC,\u00a0le gouvernement\u00a0pr\u00e9pare\u00a0sa riposte face aux r\u00e9percussions \u00e9conomiques - HESHIMA MAGAZINE\",\"isPartOf\":{\"@id\":\"https:\/\/heshimardc.net\/v1\/#website\"},\"primaryImageOfPage\":{\"@id\":\"https:\/\/heshimardc.net\/v1\/2026\/03\/19\/crise-au-moyen-orient-en-rdc-le-gouvernement-prepare-sa-riposte-face-aux-repercussions-economiques\/#primaryimage\"},\"image\":{\"@id\":\"https:\/\/heshimardc.net\/v1\/2026\/03\/19\/crise-au-moyen-orient-en-rdc-le-gouvernement-prepare-sa-riposte-face-aux-repercussions-economiques\/#primaryimage\"},\"thumbnailUrl\":\"https:\/\/heshimardc.net\/v1\/wp-content\/uploads\/2026\/03\/cellcom-prcd-49-conseil-de-ministres-compressed-scaled.jpg\",\"datePublished\":\"2026-03-19T11:27:54+00:00\",\"dateModified\":\"2026-03-19T11:27:56+00:00\",\"breadcrumb\":{\"@id\":\"https:\/\/heshimardc.net\/v1\/2026\/03\/19\/crise-au-moyen-orient-en-rdc-le-gouvernement-prepare-sa-riposte-face-aux-repercussions-economiques\/#breadcrumb\"},\"inLanguage\":\"fr-FR\",\"potentialAction\":[{\"@type\":\"ReadAction\",\"target\":[\"https:\/\/heshimardc.net\/v1\/2026\/03\/19\/crise-au-moyen-orient-en-rdc-le-gouvernement-prepare-sa-riposte-face-aux-repercussions-economiques\/\"]}]},{\"@type\":\"ImageObject\",\"inLanguage\":\"fr-FR\",\"@id\":\"https:\/\/heshimardc.net\/v1\/2026\/03\/19\/crise-au-moyen-orient-en-rdc-le-gouvernement-prepare-sa-riposte-face-aux-repercussions-economiques\/#primaryimage\",\"url\":\"https:\/\/heshimardc.net\/v1\/wp-content\/uploads\/2026\/03\/cellcom-prcd-49-conseil-de-ministres-compressed-scaled.jpg\",\"contentUrl\":\"https:\/\/heshimardc.net\/v1\/wp-content\/uploads\/2026\/03\/cellcom-prcd-49-conseil-de-ministres-compressed-scaled.jpg\",\"width\":2560,\"height\":1562},{\"@type\":\"BreadcrumbList\",\"@id\":\"https:\/\/heshimardc.net\/v1\/2026\/03\/19\/crise-au-moyen-orient-en-rdc-le-gouvernement-prepare-sa-riposte-face-aux-repercussions-economiques\/#breadcrumb\",\"itemListElement\":[{\"@type\":\"ListItem\",\"position\":1,\"name\":\"Accueil\",\"item\":\"https:\/\/heshimardc.net\/v1\/\"},{\"@type\":\"ListItem\",\"position\":2,\"name\":\"Crise au Moyen-Orient :\u00a0en RDC,\u00a0le gouvernement\u00a0pr\u00e9pare\u00a0sa riposte face aux r\u00e9percussions \u00e9conomiques\"}]},{\"@type\":\"WebSite\",\"@id\":\"https:\/\/heshimardc.net\/v1\/#website\",\"url\":\"https:\/\/heshimardc.net\/v1\/\",\"name\":\"HESHIMA MAGAZINE\",\"description\":\"Le magazine Congolais qui bat au rythme de l&#039;actualit\u00e9\",\"publisher\":{\"@id\":\"https:\/\/heshimardc.net\/v1\/#organization\"},\"potentialAction\":[{\"@type\":\"SearchAction\",\"target\":{\"@type\":\"EntryPoint\",\"urlTemplate\":\"https:\/\/heshimardc.net\/v1\/?s={search_term_string}\"},\"query-input\":\"required name=search_term_string\"}],\"inLanguage\":\"fr-FR\"},{\"@type\":\"Organization\",\"@id\":\"https:\/\/heshimardc.net\/v1\/#organization\",\"name\":\"HESHIMA MAGAZINE\",\"url\":\"https:\/\/heshimardc.net\/v1\/\",\"logo\":{\"@type\":\"ImageObject\",\"inLanguage\":\"fr-FR\",\"@id\":\"https:\/\/heshimardc.net\/v1\/#\/schema\/logo\/image\/\",\"url\":\"https:\/\/heshimardc.net\/v1\/wp-content\/uploads\/2020\/09\/logo.png\",\"contentUrl\":\"https:\/\/heshimardc.net\/v1\/wp-content\/uploads\/2020\/09\/logo.png\",\"width\":99,\"height\":130,\"caption\":\"HESHIMA MAGAZINE\"},\"image\":{\"@id\":\"https:\/\/heshimardc.net\/v1\/#\/schema\/logo\/image\/\"},\"sameAs\":[\"https:\/\/www.facebook.com\/heshimamagazine\",\"https:\/\/x.com\/HeshimaMag\"]},{\"@type\":\"Person\",\"@id\":\"https:\/\/heshimardc.net\/v1\/#\/schema\/person\/7188c0b9e770a370943576373b325f91\",\"name\":\"La redaction\",\"image\":{\"@type\":\"ImageObject\",\"inLanguage\":\"fr-FR\",\"@id\":\"https:\/\/heshimardc.net\/v1\/#\/schema\/person\/image\/\",\"url\":\"https:\/\/secure.gravatar.com\/avatar\/b53b1a4a434346e76d3ea6c9ecf19fc8?s=96&d=mm&r=g\",\"contentUrl\":\"https:\/\/secure.gravatar.com\/avatar\/b53b1a4a434346e76d3ea6c9ecf19fc8?s=96&d=mm&r=g\",\"caption\":\"La redaction\"},\"sameAs\":[\"https:\/\/heshimardc.net\/v1\",\"La redaction\"],\"url\":\"https:\/\/heshimardc.net\/v1\/author\/la-redaction\/\"}]}<\/script>\n<!-- \/ Yoast SEO plugin. -->","yoast_head_json":{"title":"Crise au Moyen-Orient :\u00a0en RDC,\u00a0le gouvernement\u00a0pr\u00e9pare\u00a0sa riposte face aux r\u00e9percussions \u00e9conomiques - HESHIMA MAGAZINE","robots":{"index":"index","follow":"follow","max-snippet":"max-snippet:-1","max-image-preview":"max-image-preview:large","max-video-preview":"max-video-preview:-1"},"canonical":"https:\/\/heshimardc.net\/v1\/2026\/03\/19\/crise-au-moyen-orient-en-rdc-le-gouvernement-prepare-sa-riposte-face-aux-repercussions-economiques\/","og_locale":"fr_FR","og_type":"article","og_title":"Crise au Moyen-Orient :\u00a0en RDC,\u00a0le gouvernement\u00a0pr\u00e9pare\u00a0sa riposte face aux r\u00e9percussions \u00e9conomiques - HESHIMA MAGAZINE","og_description":"Face aux tensions s\u00e9curitaires au Moyen-Orient et \u00e0 leurs impacts sur les march\u00e9s mondiaux, le gouvernement de la R\u00e9publique d\u00e9mocratique du Congo (RDC) met en place des mesures pour limiter les effets&nbsp;n\u00e9fastes&nbsp;sur l\u2019\u00e9conomie nationale, notamment sur les prix des produits de base et l\u2019approvisionnement \u00e9nerg\u00e9tique.&nbsp; Depuis l\u2019aggravation de la crise au Moyen-Orient, les \u00e9conomies africaines [&hellip;]","og_url":"https:\/\/heshimardc.net\/v1\/2026\/03\/19\/crise-au-moyen-orient-en-rdc-le-gouvernement-prepare-sa-riposte-face-aux-repercussions-economiques\/","og_site_name":"HESHIMA MAGAZINE","article_publisher":"https:\/\/www.facebook.com\/heshimamagazine","article_published_time":"2026-03-19T11:27:54+00:00","article_modified_time":"2026-03-19T11:27:56+00:00","og_image":[{"width":2560,"height":1562,"url":"https:\/\/heshimardc.net\/v1\/wp-content\/uploads\/2026\/03\/cellcom-prcd-49-conseil-de-ministres-compressed-scaled.jpg","type":"image\/jpeg"}],"author":"La redaction","twitter_card":"summary_large_image","twitter_creator":"@HeshimaMag","twitter_site":"@HeshimaMag","twitter_misc":{"\u00c9crit par":"La redaction","Dur\u00e9e de lecture estim\u00e9e":"4 minutes"},"schema":{"@context":"https:\/\/schema.org","@graph":[{"@type":"Article","@id":"https:\/\/heshimardc.net\/v1\/2026\/03\/19\/crise-au-moyen-orient-en-rdc-le-gouvernement-prepare-sa-riposte-face-aux-repercussions-economiques\/#article","isPartOf":{"@id":"https:\/\/heshimardc.net\/v1\/2026\/03\/19\/crise-au-moyen-orient-en-rdc-le-gouvernement-prepare-sa-riposte-face-aux-repercussions-economiques\/"},"author":{"name":"La redaction","@id":"https:\/\/heshimardc.net\/v1\/#\/schema\/person\/7188c0b9e770a370943576373b325f91"},"headline":"Crise au Moyen-Orient :\u00a0en RDC,\u00a0le gouvernement\u00a0pr\u00e9pare\u00a0sa riposte face aux r\u00e9percussions \u00e9conomiques","datePublished":"2026-03-19T11:27:54+00:00","dateModified":"2026-03-19T11:27:56+00:00","mainEntityOfPage":{"@id":"https:\/\/heshimardc.net\/v1\/2026\/03\/19\/crise-au-moyen-orient-en-rdc-le-gouvernement-prepare-sa-riposte-face-aux-repercussions-economiques\/"},"wordCount":853,"publisher":{"@id":"https:\/\/heshimardc.net\/v1\/#organization"},"image":{"@id":"https:\/\/heshimardc.net\/v1\/2026\/03\/19\/crise-au-moyen-orient-en-rdc-le-gouvernement-prepare-sa-riposte-face-aux-repercussions-economiques\/#primaryimage"},"thumbnailUrl":"https:\/\/heshimardc.net\/v1\/wp-content\/uploads\/2026\/03\/cellcom-prcd-49-conseil-de-ministres-compressed-scaled.jpg","articleSection":["Nation"],"inLanguage":"fr-FR"},{"@type":"WebPage","@id":"https:\/\/heshimardc.net\/v1\/2026\/03\/19\/crise-au-moyen-orient-en-rdc-le-gouvernement-prepare-sa-riposte-face-aux-repercussions-economiques\/","url":"https:\/\/heshimardc.net\/v1\/2026\/03\/19\/crise-au-moyen-orient-en-rdc-le-gouvernement-prepare-sa-riposte-face-aux-repercussions-economiques\/","name":"Crise au Moyen-Orient :\u00a0en RDC,\u00a0le gouvernement\u00a0pr\u00e9pare\u00a0sa riposte face aux r\u00e9percussions \u00e9conomiques - HESHIMA MAGAZINE","isPartOf":{"@id":"https:\/\/heshimardc.net\/v1\/#website"},"primaryImageOfPage":{"@id":"https:\/\/heshimardc.net\/v1\/2026\/03\/19\/crise-au-moyen-orient-en-rdc-le-gouvernement-prepare-sa-riposte-face-aux-repercussions-economiques\/#primaryimage"},"image":{"@id":"https:\/\/heshimardc.net\/v1\/2026\/03\/19\/crise-au-moyen-orient-en-rdc-le-gouvernement-prepare-sa-riposte-face-aux-repercussions-economiques\/#primaryimage"},"thumbnailUrl":"https:\/\/heshimardc.net\/v1\/wp-content\/uploads\/2026\/03\/cellcom-prcd-49-conseil-de-ministres-compressed-scaled.jpg","datePublished":"2026-03-19T11:27:54+00:00","dateModified":"2026-03-19T11:27:56+00:00","breadcrumb":{"@id":"https:\/\/heshimardc.net\/v1\/2026\/03\/19\/crise-au-moyen-orient-en-rdc-le-gouvernement-prepare-sa-riposte-face-aux-repercussions-economiques\/#breadcrumb"},"inLanguage":"fr-FR","potentialAction":[{"@type":"ReadAction","target":["https:\/\/heshimardc.net\/v1\/2026\/03\/19\/crise-au-moyen-orient-en-rdc-le-gouvernement-prepare-sa-riposte-face-aux-repercussions-economiques\/"]}]},{"@type":"ImageObject","inLanguage":"fr-FR","@id":"https:\/\/heshimardc.net\/v1\/2026\/03\/19\/crise-au-moyen-orient-en-rdc-le-gouvernement-prepare-sa-riposte-face-aux-repercussions-economiques\/#primaryimage","url":"https:\/\/heshimardc.net\/v1\/wp-content\/uploads\/2026\/03\/cellcom-prcd-49-conseil-de-ministres-compressed-scaled.jpg","contentUrl":"https:\/\/heshimardc.net\/v1\/wp-content\/uploads\/2026\/03\/cellcom-prcd-49-conseil-de-ministres-compressed-scaled.jpg","width":2560,"height":1562},{"@type":"BreadcrumbList","@id":"https:\/\/heshimardc.net\/v1\/2026\/03\/19\/crise-au-moyen-orient-en-rdc-le-gouvernement-prepare-sa-riposte-face-aux-repercussions-economiques\/#breadcrumb","itemListElement":[{"@type":"ListItem","position":1,"name":"Accueil","item":"https:\/\/heshimardc.net\/v1\/"},{"@type":"ListItem","position":2,"name":"Crise au Moyen-Orient :\u00a0en RDC,\u00a0le gouvernement\u00a0pr\u00e9pare\u00a0sa riposte face aux r\u00e9percussions \u00e9conomiques"}]},{"@type":"WebSite","@id":"https:\/\/heshimardc.net\/v1\/#website","url":"https:\/\/heshimardc.net\/v1\/","name":"HESHIMA MAGAZINE","description":"Le magazine Congolais qui bat au rythme de l&#039;actualit\u00e9","publisher":{"@id":"https:\/\/heshimardc.net\/v1\/#organization"},"potentialAction":[{"@type":"SearchAction","target":{"@type":"EntryPoint","urlTemplate":"https:\/\/heshimardc.net\/v1\/?s={search_term_string}"},"query-input":"required name=search_term_string"}],"inLanguage":"fr-FR"},{"@type":"Organization","@id":"https:\/\/heshimardc.net\/v1\/#organization","name":"HESHIMA MAGAZINE","url":"https:\/\/heshimardc.net\/v1\/","logo":{"@type":"ImageObject","inLanguage":"fr-FR","@id":"https:\/\/heshimardc.net\/v1\/#\/schema\/logo\/image\/","url":"https:\/\/heshimardc.net\/v1\/wp-content\/uploads\/2020\/09\/logo.png","contentUrl":"https:\/\/heshimardc.net\/v1\/wp-content\/uploads\/2020\/09\/logo.png","width":99,"height":130,"caption":"HESHIMA MAGAZINE"},"image":{"@id":"https:\/\/heshimardc.net\/v1\/#\/schema\/logo\/image\/"},"sameAs":["https:\/\/www.facebook.com\/heshimamagazine","https:\/\/x.com\/HeshimaMag"]},{"@type":"Person","@id":"https:\/\/heshimardc.net\/v1\/#\/schema\/person\/7188c0b9e770a370943576373b325f91","name":"La redaction","image":{"@type":"ImageObject","inLanguage":"fr-FR","@id":"https:\/\/heshimardc.net\/v1\/#\/schema\/person\/image\/","url":"https:\/\/secure.gravatar.com\/avatar\/b53b1a4a434346e76d3ea6c9ecf19fc8?s=96&d=mm&r=g","contentUrl":"https:\/\/secure.gravatar.com\/avatar\/b53b1a4a434346e76d3ea6c9ecf19fc8?s=96&d=mm&r=g","caption":"La redaction"},"sameAs":["https:\/\/heshimardc.net\/v1","La redaction"],"url":"https:\/\/heshimardc.net\/v1\/author\/la-redaction\/"}]}},"amp_enabled":true,"_links":{"self":[{"href":"https:\/\/heshimardc.net\/v1\/wp-json\/wp\/v2\/posts\/6094"}],"collection":[{"href":"https:\/\/heshimardc.net\/v1\/wp-json\/wp\/v2\/posts"}],"about":[{"href":"https:\/\/heshimardc.net\/v1\/wp-json\/wp\/v2\/types\/post"}],"author":[{"embeddable":true,"href":"https:\/\/heshimardc.net\/v1\/wp-json\/wp\/v2\/users\/1"}],"replies":[{"embeddable":true,"href":"https:\/\/heshimardc.net\/v1\/wp-json\/wp\/v2\/comments?post=6094"}],"version-history":[{"count":1,"href":"https:\/\/heshimardc.net\/v1\/wp-json\/wp\/v2\/posts\/6094\/revisions"}],"predecessor-version":[{"id":6096,"href":"https:\/\/heshimardc.net\/v1\/wp-json\/wp\/v2\/posts\/6094\/revisions\/6096"}],"wp:featuredmedia":[{"embeddable":true,"href":"https:\/\/heshimardc.net\/v1\/wp-json\/wp\/v2\/media\/6095"}],"wp:attachment":[{"href":"https:\/\/heshimardc.net\/v1\/wp-json\/wp\/v2\/media?parent=6094"}],"wp:term":[{"taxonomy":"category","embeddable":true,"href":"https:\/\/heshimardc.net\/v1\/wp-json\/wp\/v2\/categories?post=6094"},{"taxonomy":"post_tag","embeddable":true,"href":"https:\/\/heshimardc.net\/v1\/wp-json\/wp\/v2\/tags?post=6094"}],"curies":[{"name":"wp","href":"https:\/\/api.w.org\/{rel}","templated":true}]}}