{"id":6102,"date":"2026-03-23T09:40:10","date_gmt":"2026-03-23T09:40:10","guid":{"rendered":"https:\/\/heshimardc.net\/v1\/?p=6102"},"modified":"2026-03-23T11:02:11","modified_gmt":"2026-03-23T11:02:11","slug":"rdc-tshisekedi-veut-relacer-le-grand-inga-un-geant-energetique-freine-depuis-un-demi-siecle","status":"publish","type":"post","link":"https:\/\/heshimardc.net\/v1\/2026\/03\/23\/rdc-tshisekedi-veut-relacer-le-grand-inga-un-geant-energetique-freine-depuis-un-demi-siecle\/","title":{"rendered":"RDC\u00a0: Tshisekedi veut relacer le Grand Inga, un g\u00e9ant \u00e9nerg\u00e9tique frein\u00e9 depuis un demi-si\u00e8cle"},"content":{"rendered":"\n<p><strong>Lanc\u00e9 dans les ann\u00e9es 1970, le projet Grand Inga, cens\u00e9 faire de la <\/strong><strong>R\u00e9publique<\/strong><strong> d\u00e9mocratique du Congo (RDC) une puissance \u00e9nerg\u00e9tique mondiale, reste \u00e0 l\u2019\u00e9tat de promesse. Entre d\u00e9fis financiers, blocages politiques, contraintes techniques et r\u00e9sistances sociales, ce m\u00e9gaprojet accumule les retards. Le pr\u00e9sident F\u00e9lix Tshisekedi, qui a d\u00e9j\u00e0 r\u00e9ussi \u00e0 bouger les lignes dans un autre vieux projet&nbsp;: le port en eau profonde de Banana, veut r\u00e9activer ce projet \u00e9nerg\u00e9tique vieux d\u2019un demi-si\u00e8cle.&nbsp;&nbsp;&nbsp;&nbsp;<\/strong><\/p>\n\n\n\n<p>Avec un potentiel estim\u00e9 \u00e0 plus de 40 000 MW, le projet Grand Inga est souvent pr\u00e9sent\u00e9 comme le plus ambitieux complexe hydro\u00e9lectrique au monde. Situ\u00e9 sur le fleuve Congo, il pourrait alimenter une grande partie du continent africain en \u00e9lectricit\u00e9. Pourtant, plus de cinquante ans apr\u00e8s la mise en service d\u2019Inga I (1972) et d\u2019Inga II (1982), le r\u00eave d\u2019un Grand Inga pleinement op\u00e9rationnel reste lointain.<\/p>\n\n\n\n<p>Au cours de la 83<sup>\u00e8me<\/sup> r\u00e9union du Conseil des ministres tenue le vendredi 20 mars \u00e0 Kinshasa, le pr\u00e9sident de la R\u00e9publique, F\u00e9lix Tshisekedi, a r\u00e9affirm\u00e9 l\u2019ambition de la R\u00e9publique d\u00e9mocratique du Congo de devenir le poumon \u00e9nerg\u00e9tique de l\u2019Afrique, en pla\u00e7ant le projet Grand Inga au centre des priorit\u00e9s gouvernementales. D\u2019apr\u00e8s le compte-rendu de cette r\u00e9union gouvernementale, le chef de l\u2019\u00c9tat a insist\u00e9 sur le potentiel exceptionnel de ce m\u00e9gaprojet hydro\u00e9lectrique, estim\u00e9 \u00e0 42 000 m\u00e9gawatts, capable de transformer en profondeur le paysage \u00e9nerg\u00e9tique du continent. La mission strat\u00e9gique est confi\u00e9e \u00e0 l\u2019Agence pour le d\u00e9veloppement et la promotion du projet Grand Inga (ADPI-RDC), plac\u00e9e sous son autorit\u00e9 directe.<\/p>\n\n\n\n<p>Pour F\u00e9lix Tshisekedi, le site d\u2019Inga doit cesser d\u2019\u00eatre un simple gisement de promesses pour devenir un levier souverain d\u2019industrialisation, de transition \u00e9cologique et de dignit\u00e9 sociale pour le peuple congolais. \u00ab&nbsp;Le projet Grand Inga incarne un choix historique : \u00e9lectrifier durablement le pays, soutenir l\u2019emploi des jeunes, impulser une croissance verte adoss\u00e9e \u00e0 une industrie mini\u00e8re responsable et affirmer le leadership \u00e9nerg\u00e9tique de la RDC en Afrique&nbsp;\u00bb, a d\u00e9clar\u00e9 F\u00e9lix Tshisekedi dans des propos rapport\u00e9s par le compte rendu de cette r\u00e9union gouvernementale. Le pr\u00e9sident de la R\u00e9publique pense que la concr\u00e9tisation de cette ambition repose sur des partenariats de rang mondial. Sur ce point, il a rappel\u00e9 que l\u2019approbation, le 3 juin 2025, par la Banque mondiale d\u2019un cr\u00e9dit d\u2019un milliard de dollars am\u00e9ricains pour le programme de d\u00e9veloppement d\u2019Inga III, dont 250 millions d\u00e9j\u00e0 disponibles, constitue une avanc\u00e9e majeure pour structurer le site et cr\u00e9er un corridor de croissance au b\u00e9n\u00e9fice des communaut\u00e9s.<\/p>\n\n\n\n<p>Toutefois, il a soulign\u00e9 que l\u2019entr\u00e9e en vigueur des accords de financement, intervenue le 2 f\u00e9vrier 2026, impose l\u2019ach\u00e8vement urgent du cadre de gouvernance du projet. \u00c0 ce titre, les minist\u00e8res sectoriels et le gouvernement provincial du Kongo Central sont tenus de conclure, dans un d\u00e9lai de 60 jours, les protocoles d\u2019accord de collaboration avec l\u2019ADPI-RDC, cette \u00e9ch\u00e9ance \u00e9tant imminente.<\/p>\n\n\n\n<p>\u00ab&nbsp;Dans cette perspective, le Pr\u00e9sident de la R\u00e9publique a instruit plusieurs membres du gouvernement, notamment les ministres en charge de l\u2019Industrie, de l\u2019\u00c9ducation nationale, de la Formation professionnelle, de l\u2019Environnement et D\u00e9veloppement durable, de l\u2019Enseignement sup\u00e9rieur, de l\u2019Emploi, des Mines ainsi que des Ressources hydrauliques et \u00c9lectricit\u00e9, de s\u2019approprier sans d\u00e9lai les projets de protocoles transmis par l\u2019ADPI-RDC, de proc\u00e9der \u00e0 leur signature sous la supervision de la Premi\u00e8re ministre et d\u2019en transmettre les copies aux bailleurs au plus tard le 3 avril 2026&nbsp;\u00bb, a indiqu\u00e9 F\u00e9lix Tshisekedi.<\/p>\n\n\n\n<p><strong>Des obstacles qui freinaient ce projet\u2026&nbsp; <\/strong><strong><\/strong><\/p>\n\n\n\n<p>Ce projet, d&rsquo;une valeur de plusieurs milliards de dollars, produirait \u00e0 terme suffisamment d&rsquo;\u00e9lectricit\u00e9 renouvelable pour alimenter de vastes r\u00e9gions d&rsquo;Afrique. Cet ouvrage produirait deux fois plus d&rsquo;\u00e9lectricit\u00e9 que les Trois Gorges en Chine et serait donc la plus grande centrale hydro\u00e9lectrique du monde. Mais ce projet a rencontr\u00e9 une s\u00e9rie d\u2019obstacles jusqu\u2019\u00e0 ce jour. Le premier obstacle majeur est d\u2019ordre financier. Le co\u00fbt global du projet est estim\u00e9 entre 80 et 100 milliards de dollars, un montant colossal qui refroidit de nombreux investisseurs. Les incertitudes sur la rentabilit\u00e9 \u00e0 long terme, combin\u00e9es aux risques \u00e9conomiques et politiques, rendent les bailleurs prudents. D\u2019ailleurs, la Banque mondiale s\u2019\u00e9tait d\u00e9j\u00e0 (par le pass\u00e9) retir\u00e9e du financement en 2016, illustrant les tensions autour de la gouvernance du projet.<\/p>\n\n\n\n<p>\u00c0 ces difficult\u00e9s s\u2019ajoutent des probl\u00e8mes institutionnels et politiques. Le manque de transparence, les divergences entre autorit\u00e9s congolaises et partenaires internationaux, ainsi que les soup\u00e7ons de corruption entachent la cr\u00e9dibilit\u00e9 du projet. De plus, la stabilit\u00e9 politique et s\u00e9curitaire du pays, notamment les conflits dans certaines r\u00e9gions, p\u00e8se sur la confiance des investisseurs.<\/p>\n\n\n\n<p>Sur le plan technique, l\u2019ampleur m\u00eame du projet constitue un d\u00e9fi. Le transport de l\u2019\u00e9lectricit\u00e9 sur des milliers de kilom\u00e8tres vers d\u2019autres pays africains n\u00e9cessite des infrastructures lourdes et co\u00fbteuses, comme des lignes \u00e0 haute tension pouvant atteindre 15 000 km. Par ailleurs, le succ\u00e8s du projet d\u00e9pend de r\u00e9formes profondes du secteur \u00e9nerg\u00e9tique congolais, notamment en mati\u00e8re de gouvernance, de capacit\u00e9s techniques et d\u2019entretien des infrastructures existantes.<\/p>\n\n\n\n<p>Les enjeux environnementaux et sociaux repr\u00e9sentent un autre frein important. La construction du barrage pourrait entra\u00eener le d\u00e9placement de milliers de personnes et la submersion de vastes \u00e9tendues des villages habit\u00e9s. Des organisations et communaut\u00e9s locales d\u00e9noncent d\u00e9j\u00e0 les impacts potentiels sur les \u00e9cosyst\u00e8mes et les conditions de vie, certains habitants s\u2019opposant ouvertement au projet. Enfin, la faible implication des populations locales et les craintes de ne pas b\u00e9n\u00e9ficier directement de l\u2019\u00e9lectricit\u00e9 produite alimentent la contestation. Plusieurs critiques soulignent que l\u2019\u00e9nergie g\u00e9n\u00e9r\u00e9e pourrait \u00eatre prioritairement export\u00e9e, laissant une grande partie de la population congolaise sans acc\u00e8s \u00e0 l\u2019\u00e9lectricit\u00e9, alors que seulement une minorit\u00e9 y est connect\u00e9e aujourd\u2019hui. L\u2019Afrique du Sud fait partie des potentiels partenaires qui pourraient b\u00e9n\u00e9ficier de ce projet.<\/p>\n\n\n\n<p><strong>Un r\u00eave ancien et des promesses r\u00e9p\u00e9t\u00e9es<\/strong><\/p>\n\n\n\n<p>Le complexe hydro\u00e9lectrique d\u2019Inga ne date pas d\u2019hier. Les deux premiers barrages, Inga I (1972) et Inga II (1982), devaient d\u00e9j\u00e0 propulser la RDC dans l\u2019\u00e8re de l\u2019\u00e9lectrification continentale. Mais les ann\u00e9es de crise politique, de mauvaise gestion et de guerres successives ont frein\u00e9 toute expansion. L\u2019id\u00e9e d\u2019Inga III refait surface dans les ann\u00e9es 2000, sous Joseph Kabila, avec un objectif colossal : produire 11 000 m\u00e9gawatts d\u2019\u00e9lectricit\u00e9, soit de quoi alimenter non seulement la RDC, mais aussi une partie de l\u2019Afrique australe. Le projet est alors rebaptis\u00e9 \u201cGrand Inga\u201d, cens\u00e9 \u00e0 terme atteindre 40 000 MW, devenant ainsi le plus grand barrage du monde. \u00ab Sur le papier, c\u2019est un Eldorado \u00e9nerg\u00e9tique \u00bb, commente une chercheuse \u00e0 l\u2019Universit\u00e9 de Kinshasa. \u00ab Mais dans la r\u00e9alit\u00e9, note-t-elle, la gouvernance, les financements et la planification environnementale n\u2019ont jamais \u00e9t\u00e9 \u00e0 la hauteur des ambitions. \u00bb<\/p>\n\n\n\n<p>Le projet rencontre \u00e9galement deux types d\u2019opposition, sur le plan environnemental et deuxi\u00e8mement son int\u00e9r\u00eat semble limiter aux seuls miniers. D\u2019apr\u00e8s le reporter d\u2019Africanews t\u00e9l\u00e9vision, Chris Ocamringa, ce vaste projet hydro\u00e9lectrique a \u00e9t\u00e9 critiqu\u00e9 par certains militants de la soci\u00e9t\u00e9 civile qui pensent que ce projet r\u00e9pondra plus au besoin des investisseurs miniers que des Congolais de mani\u00e8re g\u00e9n\u00e9rale. Des populations riveraines craignes \u00e9galement des expropriations mais aussi pour leurs activit\u00e9s champ\u00eatres. Ben Munanga, <strong>pr\u00e9sident du conseil d&rsquo;administration du g\u00e9ant minier KAMOA Copper S.A, rejette les accusations selon lesquelles la production de l\u2019\u00e9lectricit\u00e9 du projet Inga 3 ira \u00e0 100% aux miniers. \u00ab&nbsp;Il est dit nulle part dans le projet que toute la production ira \u00e0 l\u2019op\u00e9rateur minier&nbsp;\u00bb, a-t-il r\u00e9fut\u00e9.&nbsp;&nbsp;&nbsp;&nbsp;&nbsp;<\/strong><\/p>\n\n\n\n<p><strong>Des partenaires nombreux, mais aucune mise en \u0153uvre concr\u00e8te<\/strong><\/p>\n\n\n\n<p>Au fil des ans, Inga III a vu d\u00e9filer les partenaires : Chine, Espagne, Afrique du Sud, Banque mondiale, Union africaine. Chaque accord semblait marquer un tournant, avant de retomber dans le flou. La Banque mondiale s\u2019est m\u00eame retir\u00e9e du projet en 2016, \u00e9voquant \u00ab&nbsp;un manque de transparence dans la conduite du dossier&nbsp;\u00bb. Sous F\u00e9lix Tshisekedi, les discussions ont repris avec un consortium sino-espagnol, mais les n\u00e9gociations patinent. En janvier 2026, la Banque mondiale a annonc\u00e9 un financement disponible de 250 millions de dollars.<\/p>\n\n\n\n<p>Derri\u00e8re les promesses, les critiques se multiplient. Les organisations \u00e9cologistes redoutent un d\u00e9sastre environnemental sur le fleuve Congo, le deuxi\u00e8me plus puissant du monde apr\u00e8s l\u2019Amazone. Les ONG locales, quant \u00e0 elles, d\u00e9noncent un manque de consultation des communaut\u00e9s affect\u00e9es par les expropriations pr\u00e9vues. \u00ab Le discours sur le d\u00e9veloppement masque souvent la r\u00e9alit\u00e9 : des familles d\u00e9plac\u00e9es, des \u00e9cosyst\u00e8mes d\u00e9truits et des contrats opaques \u00bb, d\u00e9nonce Marie-Louise Kebi, militante d\u2019un collectif pour la pr\u00e9servation des eaux du fleuve Congo.<\/p>\n\n\n\n<p>En 2026, Inga III n\u2019est encore qu\u2019un projet en attente de financement d\u00e9finitif, malgr\u00e9 des d\u00e9cennies d\u2019\u00e9tudes et de promesses politiques. Reste \u00e0 savoir si le nouveau coup d\u2019acc\u00e9l\u00e9rateur que le pr\u00e9sident F\u00e9lix Tshisekedi veut donner \u00e0 ce projet pharaonique pourrait l\u2019aider \u00e0 d\u00e9coller, comme ce fut le cas avec le port en eau profonde de Banana dont les travaux se poursuivent. Les premiers navires pourraient d\u2019ailleurs accoster d\u00e8s 2027. Le chef de l\u2019Etat actuel ne veut plus que le projet Grand Inga reste un symbole de promesses non tenues, mais devenir un instrument concret de d\u00e9veloppement de la RDC.<\/p>\n\n\n\n<p class=\"has-text-align-right\"><strong>Heshima<\/strong><\/p>\n","protected":false},"excerpt":{"rendered":"<p>Lanc\u00e9 dans les ann\u00e9es 1970, le projet Grand Inga, cens\u00e9 faire de la R\u00e9publique d\u00e9mocratique du Congo (RDC) une puissance \u00e9nerg\u00e9tique mondiale, reste \u00e0 l\u2019\u00e9tat de promesse. Entre d\u00e9fis financiers, blocages politiques, contraintes techniques et r\u00e9sistances sociales, ce m\u00e9gaprojet accumule les retards. Le pr\u00e9sident F\u00e9lix Tshisekedi, qui a d\u00e9j\u00e0 r\u00e9ussi \u00e0 bouger les lignes dans [&hellip;]<\/p>\n","protected":false},"author":1,"featured_media":6103,"comment_status":"closed","ping_status":"closed","sticky":false,"template":"","format":"standard","meta":{"footnotes":""},"categories":[3],"tags":[],"class_list":["post-6102","post","type-post","status-publish","format-standard","has-post-thumbnail","hentry","category-nation"],"yoast_head":"<!-- This site is optimized with the Yoast SEO plugin v23.3 - https:\/\/yoast.com\/wordpress\/plugins\/seo\/ -->\n<title>RDC\u00a0: Tshisekedi veut relacer le Grand Inga, un g\u00e9ant \u00e9nerg\u00e9tique frein\u00e9 depuis un demi-si\u00e8cle - HESHIMA MAGAZINE<\/title>\n<meta name=\"robots\" content=\"index, follow, max-snippet:-1, max-image-preview:large, max-video-preview:-1\" \/>\n<link rel=\"canonical\" href=\"https:\/\/heshimardc.net\/v1\/2026\/03\/23\/rdc-tshisekedi-veut-relacer-le-grand-inga-un-geant-energetique-freine-depuis-un-demi-siecle\/\" \/>\n<meta property=\"og:locale\" content=\"fr_FR\" \/>\n<meta property=\"og:type\" content=\"article\" \/>\n<meta property=\"og:title\" content=\"RDC\u00a0: Tshisekedi veut relacer le Grand Inga, un g\u00e9ant \u00e9nerg\u00e9tique frein\u00e9 depuis un demi-si\u00e8cle - HESHIMA MAGAZINE\" \/>\n<meta property=\"og:description\" content=\"Lanc\u00e9 dans les ann\u00e9es 1970, le projet Grand Inga, cens\u00e9 faire de la R\u00e9publique d\u00e9mocratique du Congo (RDC) une puissance \u00e9nerg\u00e9tique mondiale, reste \u00e0 l\u2019\u00e9tat de promesse. Entre d\u00e9fis financiers, blocages politiques, contraintes techniques et r\u00e9sistances sociales, ce m\u00e9gaprojet accumule les retards. Le pr\u00e9sident F\u00e9lix Tshisekedi, qui a d\u00e9j\u00e0 r\u00e9ussi \u00e0 bouger les lignes dans [&hellip;]\" \/>\n<meta property=\"og:url\" content=\"https:\/\/heshimardc.net\/v1\/2026\/03\/23\/rdc-tshisekedi-veut-relacer-le-grand-inga-un-geant-energetique-freine-depuis-un-demi-siecle\/\" \/>\n<meta property=\"og:site_name\" content=\"HESHIMA MAGAZINE\" \/>\n<meta property=\"article:publisher\" content=\"https:\/\/www.facebook.com\/heshimamagazine\" \/>\n<meta property=\"article:published_time\" content=\"2026-03-23T09:40:10+00:00\" \/>\n<meta property=\"article:modified_time\" content=\"2026-03-23T11:02:11+00:00\" \/>\n<meta property=\"og:image\" content=\"https:\/\/heshimardc.net\/v1\/wp-content\/uploads\/2026\/03\/ZBQBFU5IQZBGHCQFL2WW6UZ7PI-scaled.jpg\" \/>\n\t<meta property=\"og:image:width\" content=\"2560\" \/>\n\t<meta property=\"og:image:height\" content=\"1707\" \/>\n\t<meta property=\"og:image:type\" content=\"image\/jpeg\" \/>\n<meta name=\"author\" content=\"La redaction\" \/>\n<meta name=\"twitter:card\" content=\"summary_large_image\" \/>\n<meta name=\"twitter:creator\" content=\"@HeshimaMag\" \/>\n<meta name=\"twitter:site\" content=\"@HeshimaMag\" \/>\n<meta name=\"twitter:label1\" content=\"\u00c9crit par\" \/>\n\t<meta name=\"twitter:data1\" content=\"La redaction\" \/>\n\t<meta name=\"twitter:label2\" content=\"Dur\u00e9e de lecture estim\u00e9e\" \/>\n\t<meta name=\"twitter:data2\" content=\"8 minutes\" \/>\n<script type=\"application\/ld+json\" class=\"yoast-schema-graph\">{\"@context\":\"https:\/\/schema.org\",\"@graph\":[{\"@type\":\"Article\",\"@id\":\"https:\/\/heshimardc.net\/v1\/2026\/03\/23\/rdc-tshisekedi-veut-relacer-le-grand-inga-un-geant-energetique-freine-depuis-un-demi-siecle\/#article\",\"isPartOf\":{\"@id\":\"https:\/\/heshimardc.net\/v1\/2026\/03\/23\/rdc-tshisekedi-veut-relacer-le-grand-inga-un-geant-energetique-freine-depuis-un-demi-siecle\/\"},\"author\":{\"name\":\"La redaction\",\"@id\":\"https:\/\/heshimardc.net\/v1\/#\/schema\/person\/7188c0b9e770a370943576373b325f91\"},\"headline\":\"RDC\u00a0: Tshisekedi veut relacer le Grand Inga, un g\u00e9ant \u00e9nerg\u00e9tique frein\u00e9 depuis un demi-si\u00e8cle\",\"datePublished\":\"2026-03-23T09:40:10+00:00\",\"dateModified\":\"2026-03-23T11:02:11+00:00\",\"mainEntityOfPage\":{\"@id\":\"https:\/\/heshimardc.net\/v1\/2026\/03\/23\/rdc-tshisekedi-veut-relacer-le-grand-inga-un-geant-energetique-freine-depuis-un-demi-siecle\/\"},\"wordCount\":1693,\"publisher\":{\"@id\":\"https:\/\/heshimardc.net\/v1\/#organization\"},\"image\":{\"@id\":\"https:\/\/heshimardc.net\/v1\/2026\/03\/23\/rdc-tshisekedi-veut-relacer-le-grand-inga-un-geant-energetique-freine-depuis-un-demi-siecle\/#primaryimage\"},\"thumbnailUrl\":\"https:\/\/heshimardc.net\/v1\/wp-content\/uploads\/2026\/03\/ZBQBFU5IQZBGHCQFL2WW6UZ7PI-scaled.jpg\",\"articleSection\":[\"Nation\"],\"inLanguage\":\"fr-FR\"},{\"@type\":\"WebPage\",\"@id\":\"https:\/\/heshimardc.net\/v1\/2026\/03\/23\/rdc-tshisekedi-veut-relacer-le-grand-inga-un-geant-energetique-freine-depuis-un-demi-siecle\/\",\"url\":\"https:\/\/heshimardc.net\/v1\/2026\/03\/23\/rdc-tshisekedi-veut-relacer-le-grand-inga-un-geant-energetique-freine-depuis-un-demi-siecle\/\",\"name\":\"RDC\u00a0: Tshisekedi veut relacer le Grand Inga, un g\u00e9ant \u00e9nerg\u00e9tique frein\u00e9 depuis un demi-si\u00e8cle - HESHIMA MAGAZINE\",\"isPartOf\":{\"@id\":\"https:\/\/heshimardc.net\/v1\/#website\"},\"primaryImageOfPage\":{\"@id\":\"https:\/\/heshimardc.net\/v1\/2026\/03\/23\/rdc-tshisekedi-veut-relacer-le-grand-inga-un-geant-energetique-freine-depuis-un-demi-siecle\/#primaryimage\"},\"image\":{\"@id\":\"https:\/\/heshimardc.net\/v1\/2026\/03\/23\/rdc-tshisekedi-veut-relacer-le-grand-inga-un-geant-energetique-freine-depuis-un-demi-siecle\/#primaryimage\"},\"thumbnailUrl\":\"https:\/\/heshimardc.net\/v1\/wp-content\/uploads\/2026\/03\/ZBQBFU5IQZBGHCQFL2WW6UZ7PI-scaled.jpg\",\"datePublished\":\"2026-03-23T09:40:10+00:00\",\"dateModified\":\"2026-03-23T11:02:11+00:00\",\"breadcrumb\":{\"@id\":\"https:\/\/heshimardc.net\/v1\/2026\/03\/23\/rdc-tshisekedi-veut-relacer-le-grand-inga-un-geant-energetique-freine-depuis-un-demi-siecle\/#breadcrumb\"},\"inLanguage\":\"fr-FR\",\"potentialAction\":[{\"@type\":\"ReadAction\",\"target\":[\"https:\/\/heshimardc.net\/v1\/2026\/03\/23\/rdc-tshisekedi-veut-relacer-le-grand-inga-un-geant-energetique-freine-depuis-un-demi-siecle\/\"]}]},{\"@type\":\"ImageObject\",\"inLanguage\":\"fr-FR\",\"@id\":\"https:\/\/heshimardc.net\/v1\/2026\/03\/23\/rdc-tshisekedi-veut-relacer-le-grand-inga-un-geant-energetique-freine-depuis-un-demi-siecle\/#primaryimage\",\"url\":\"https:\/\/heshimardc.net\/v1\/wp-content\/uploads\/2026\/03\/ZBQBFU5IQZBGHCQFL2WW6UZ7PI-scaled.jpg\",\"contentUrl\":\"https:\/\/heshimardc.net\/v1\/wp-content\/uploads\/2026\/03\/ZBQBFU5IQZBGHCQFL2WW6UZ7PI-scaled.jpg\",\"width\":2560,\"height\":1707},{\"@type\":\"BreadcrumbList\",\"@id\":\"https:\/\/heshimardc.net\/v1\/2026\/03\/23\/rdc-tshisekedi-veut-relacer-le-grand-inga-un-geant-energetique-freine-depuis-un-demi-siecle\/#breadcrumb\",\"itemListElement\":[{\"@type\":\"ListItem\",\"position\":1,\"name\":\"Accueil\",\"item\":\"https:\/\/heshimardc.net\/v1\/\"},{\"@type\":\"ListItem\",\"position\":2,\"name\":\"RDC\u00a0: Tshisekedi veut relacer le Grand Inga, un g\u00e9ant \u00e9nerg\u00e9tique frein\u00e9 depuis un demi-si\u00e8cle\"}]},{\"@type\":\"WebSite\",\"@id\":\"https:\/\/heshimardc.net\/v1\/#website\",\"url\":\"https:\/\/heshimardc.net\/v1\/\",\"name\":\"HESHIMA MAGAZINE\",\"description\":\"Le magazine Congolais qui bat au rythme de l&#039;actualit\u00e9\",\"publisher\":{\"@id\":\"https:\/\/heshimardc.net\/v1\/#organization\"},\"potentialAction\":[{\"@type\":\"SearchAction\",\"target\":{\"@type\":\"EntryPoint\",\"urlTemplate\":\"https:\/\/heshimardc.net\/v1\/?s={search_term_string}\"},\"query-input\":\"required name=search_term_string\"}],\"inLanguage\":\"fr-FR\"},{\"@type\":\"Organization\",\"@id\":\"https:\/\/heshimardc.net\/v1\/#organization\",\"name\":\"HESHIMA MAGAZINE\",\"url\":\"https:\/\/heshimardc.net\/v1\/\",\"logo\":{\"@type\":\"ImageObject\",\"inLanguage\":\"fr-FR\",\"@id\":\"https:\/\/heshimardc.net\/v1\/#\/schema\/logo\/image\/\",\"url\":\"https:\/\/heshimardc.net\/v1\/wp-content\/uploads\/2020\/09\/logo.png\",\"contentUrl\":\"https:\/\/heshimardc.net\/v1\/wp-content\/uploads\/2020\/09\/logo.png\",\"width\":99,\"height\":130,\"caption\":\"HESHIMA MAGAZINE\"},\"image\":{\"@id\":\"https:\/\/heshimardc.net\/v1\/#\/schema\/logo\/image\/\"},\"sameAs\":[\"https:\/\/www.facebook.com\/heshimamagazine\",\"https:\/\/x.com\/HeshimaMag\"]},{\"@type\":\"Person\",\"@id\":\"https:\/\/heshimardc.net\/v1\/#\/schema\/person\/7188c0b9e770a370943576373b325f91\",\"name\":\"La redaction\",\"image\":{\"@type\":\"ImageObject\",\"inLanguage\":\"fr-FR\",\"@id\":\"https:\/\/heshimardc.net\/v1\/#\/schema\/person\/image\/\",\"url\":\"https:\/\/secure.gravatar.com\/avatar\/b53b1a4a434346e76d3ea6c9ecf19fc8?s=96&d=mm&r=g\",\"contentUrl\":\"https:\/\/secure.gravatar.com\/avatar\/b53b1a4a434346e76d3ea6c9ecf19fc8?s=96&d=mm&r=g\",\"caption\":\"La redaction\"},\"sameAs\":[\"https:\/\/heshimardc.net\/v1\",\"La redaction\"],\"url\":\"https:\/\/heshimardc.net\/v1\/author\/la-redaction\/\"}]}<\/script>\n<!-- \/ Yoast SEO plugin. -->","yoast_head_json":{"title":"RDC\u00a0: Tshisekedi veut relacer le Grand Inga, un g\u00e9ant \u00e9nerg\u00e9tique frein\u00e9 depuis un demi-si\u00e8cle - HESHIMA MAGAZINE","robots":{"index":"index","follow":"follow","max-snippet":"max-snippet:-1","max-image-preview":"max-image-preview:large","max-video-preview":"max-video-preview:-1"},"canonical":"https:\/\/heshimardc.net\/v1\/2026\/03\/23\/rdc-tshisekedi-veut-relacer-le-grand-inga-un-geant-energetique-freine-depuis-un-demi-siecle\/","og_locale":"fr_FR","og_type":"article","og_title":"RDC\u00a0: Tshisekedi veut relacer le Grand Inga, un g\u00e9ant \u00e9nerg\u00e9tique frein\u00e9 depuis un demi-si\u00e8cle - HESHIMA MAGAZINE","og_description":"Lanc\u00e9 dans les ann\u00e9es 1970, le projet Grand Inga, cens\u00e9 faire de la R\u00e9publique d\u00e9mocratique du Congo (RDC) une puissance \u00e9nerg\u00e9tique mondiale, reste \u00e0 l\u2019\u00e9tat de promesse. Entre d\u00e9fis financiers, blocages politiques, contraintes techniques et r\u00e9sistances sociales, ce m\u00e9gaprojet accumule les retards. Le pr\u00e9sident F\u00e9lix Tshisekedi, qui a d\u00e9j\u00e0 r\u00e9ussi \u00e0 bouger les lignes dans [&hellip;]","og_url":"https:\/\/heshimardc.net\/v1\/2026\/03\/23\/rdc-tshisekedi-veut-relacer-le-grand-inga-un-geant-energetique-freine-depuis-un-demi-siecle\/","og_site_name":"HESHIMA MAGAZINE","article_publisher":"https:\/\/www.facebook.com\/heshimamagazine","article_published_time":"2026-03-23T09:40:10+00:00","article_modified_time":"2026-03-23T11:02:11+00:00","og_image":[{"width":2560,"height":1707,"url":"https:\/\/heshimardc.net\/v1\/wp-content\/uploads\/2026\/03\/ZBQBFU5IQZBGHCQFL2WW6UZ7PI-scaled.jpg","type":"image\/jpeg"}],"author":"La redaction","twitter_card":"summary_large_image","twitter_creator":"@HeshimaMag","twitter_site":"@HeshimaMag","twitter_misc":{"\u00c9crit par":"La redaction","Dur\u00e9e de lecture estim\u00e9e":"8 minutes"},"schema":{"@context":"https:\/\/schema.org","@graph":[{"@type":"Article","@id":"https:\/\/heshimardc.net\/v1\/2026\/03\/23\/rdc-tshisekedi-veut-relacer-le-grand-inga-un-geant-energetique-freine-depuis-un-demi-siecle\/#article","isPartOf":{"@id":"https:\/\/heshimardc.net\/v1\/2026\/03\/23\/rdc-tshisekedi-veut-relacer-le-grand-inga-un-geant-energetique-freine-depuis-un-demi-siecle\/"},"author":{"name":"La redaction","@id":"https:\/\/heshimardc.net\/v1\/#\/schema\/person\/7188c0b9e770a370943576373b325f91"},"headline":"RDC\u00a0: Tshisekedi veut relacer le Grand Inga, un g\u00e9ant \u00e9nerg\u00e9tique frein\u00e9 depuis un demi-si\u00e8cle","datePublished":"2026-03-23T09:40:10+00:00","dateModified":"2026-03-23T11:02:11+00:00","mainEntityOfPage":{"@id":"https:\/\/heshimardc.net\/v1\/2026\/03\/23\/rdc-tshisekedi-veut-relacer-le-grand-inga-un-geant-energetique-freine-depuis-un-demi-siecle\/"},"wordCount":1693,"publisher":{"@id":"https:\/\/heshimardc.net\/v1\/#organization"},"image":{"@id":"https:\/\/heshimardc.net\/v1\/2026\/03\/23\/rdc-tshisekedi-veut-relacer-le-grand-inga-un-geant-energetique-freine-depuis-un-demi-siecle\/#primaryimage"},"thumbnailUrl":"https:\/\/heshimardc.net\/v1\/wp-content\/uploads\/2026\/03\/ZBQBFU5IQZBGHCQFL2WW6UZ7PI-scaled.jpg","articleSection":["Nation"],"inLanguage":"fr-FR"},{"@type":"WebPage","@id":"https:\/\/heshimardc.net\/v1\/2026\/03\/23\/rdc-tshisekedi-veut-relacer-le-grand-inga-un-geant-energetique-freine-depuis-un-demi-siecle\/","url":"https:\/\/heshimardc.net\/v1\/2026\/03\/23\/rdc-tshisekedi-veut-relacer-le-grand-inga-un-geant-energetique-freine-depuis-un-demi-siecle\/","name":"RDC\u00a0: Tshisekedi veut relacer le Grand Inga, un g\u00e9ant \u00e9nerg\u00e9tique frein\u00e9 depuis un demi-si\u00e8cle - HESHIMA MAGAZINE","isPartOf":{"@id":"https:\/\/heshimardc.net\/v1\/#website"},"primaryImageOfPage":{"@id":"https:\/\/heshimardc.net\/v1\/2026\/03\/23\/rdc-tshisekedi-veut-relacer-le-grand-inga-un-geant-energetique-freine-depuis-un-demi-siecle\/#primaryimage"},"image":{"@id":"https:\/\/heshimardc.net\/v1\/2026\/03\/23\/rdc-tshisekedi-veut-relacer-le-grand-inga-un-geant-energetique-freine-depuis-un-demi-siecle\/#primaryimage"},"thumbnailUrl":"https:\/\/heshimardc.net\/v1\/wp-content\/uploads\/2026\/03\/ZBQBFU5IQZBGHCQFL2WW6UZ7PI-scaled.jpg","datePublished":"2026-03-23T09:40:10+00:00","dateModified":"2026-03-23T11:02:11+00:00","breadcrumb":{"@id":"https:\/\/heshimardc.net\/v1\/2026\/03\/23\/rdc-tshisekedi-veut-relacer-le-grand-inga-un-geant-energetique-freine-depuis-un-demi-siecle\/#breadcrumb"},"inLanguage":"fr-FR","potentialAction":[{"@type":"ReadAction","target":["https:\/\/heshimardc.net\/v1\/2026\/03\/23\/rdc-tshisekedi-veut-relacer-le-grand-inga-un-geant-energetique-freine-depuis-un-demi-siecle\/"]}]},{"@type":"ImageObject","inLanguage":"fr-FR","@id":"https:\/\/heshimardc.net\/v1\/2026\/03\/23\/rdc-tshisekedi-veut-relacer-le-grand-inga-un-geant-energetique-freine-depuis-un-demi-siecle\/#primaryimage","url":"https:\/\/heshimardc.net\/v1\/wp-content\/uploads\/2026\/03\/ZBQBFU5IQZBGHCQFL2WW6UZ7PI-scaled.jpg","contentUrl":"https:\/\/heshimardc.net\/v1\/wp-content\/uploads\/2026\/03\/ZBQBFU5IQZBGHCQFL2WW6UZ7PI-scaled.jpg","width":2560,"height":1707},{"@type":"BreadcrumbList","@id":"https:\/\/heshimardc.net\/v1\/2026\/03\/23\/rdc-tshisekedi-veut-relacer-le-grand-inga-un-geant-energetique-freine-depuis-un-demi-siecle\/#breadcrumb","itemListElement":[{"@type":"ListItem","position":1,"name":"Accueil","item":"https:\/\/heshimardc.net\/v1\/"},{"@type":"ListItem","position":2,"name":"RDC\u00a0: Tshisekedi veut relacer le Grand Inga, un g\u00e9ant \u00e9nerg\u00e9tique frein\u00e9 depuis un demi-si\u00e8cle"}]},{"@type":"WebSite","@id":"https:\/\/heshimardc.net\/v1\/#website","url":"https:\/\/heshimardc.net\/v1\/","name":"HESHIMA MAGAZINE","description":"Le magazine Congolais qui bat au rythme de l&#039;actualit\u00e9","publisher":{"@id":"https:\/\/heshimardc.net\/v1\/#organization"},"potentialAction":[{"@type":"SearchAction","target":{"@type":"EntryPoint","urlTemplate":"https:\/\/heshimardc.net\/v1\/?s={search_term_string}"},"query-input":"required name=search_term_string"}],"inLanguage":"fr-FR"},{"@type":"Organization","@id":"https:\/\/heshimardc.net\/v1\/#organization","name":"HESHIMA MAGAZINE","url":"https:\/\/heshimardc.net\/v1\/","logo":{"@type":"ImageObject","inLanguage":"fr-FR","@id":"https:\/\/heshimardc.net\/v1\/#\/schema\/logo\/image\/","url":"https:\/\/heshimardc.net\/v1\/wp-content\/uploads\/2020\/09\/logo.png","contentUrl":"https:\/\/heshimardc.net\/v1\/wp-content\/uploads\/2020\/09\/logo.png","width":99,"height":130,"caption":"HESHIMA MAGAZINE"},"image":{"@id":"https:\/\/heshimardc.net\/v1\/#\/schema\/logo\/image\/"},"sameAs":["https:\/\/www.facebook.com\/heshimamagazine","https:\/\/x.com\/HeshimaMag"]},{"@type":"Person","@id":"https:\/\/heshimardc.net\/v1\/#\/schema\/person\/7188c0b9e770a370943576373b325f91","name":"La redaction","image":{"@type":"ImageObject","inLanguage":"fr-FR","@id":"https:\/\/heshimardc.net\/v1\/#\/schema\/person\/image\/","url":"https:\/\/secure.gravatar.com\/avatar\/b53b1a4a434346e76d3ea6c9ecf19fc8?s=96&d=mm&r=g","contentUrl":"https:\/\/secure.gravatar.com\/avatar\/b53b1a4a434346e76d3ea6c9ecf19fc8?s=96&d=mm&r=g","caption":"La redaction"},"sameAs":["https:\/\/heshimardc.net\/v1","La redaction"],"url":"https:\/\/heshimardc.net\/v1\/author\/la-redaction\/"}]}},"amp_enabled":true,"_links":{"self":[{"href":"https:\/\/heshimardc.net\/v1\/wp-json\/wp\/v2\/posts\/6102"}],"collection":[{"href":"https:\/\/heshimardc.net\/v1\/wp-json\/wp\/v2\/posts"}],"about":[{"href":"https:\/\/heshimardc.net\/v1\/wp-json\/wp\/v2\/types\/post"}],"author":[{"embeddable":true,"href":"https:\/\/heshimardc.net\/v1\/wp-json\/wp\/v2\/users\/1"}],"replies":[{"embeddable":true,"href":"https:\/\/heshimardc.net\/v1\/wp-json\/wp\/v2\/comments?post=6102"}],"version-history":[{"count":1,"href":"https:\/\/heshimardc.net\/v1\/wp-json\/wp\/v2\/posts\/6102\/revisions"}],"predecessor-version":[{"id":6104,"href":"https:\/\/heshimardc.net\/v1\/wp-json\/wp\/v2\/posts\/6102\/revisions\/6104"}],"wp:featuredmedia":[{"embeddable":true,"href":"https:\/\/heshimardc.net\/v1\/wp-json\/wp\/v2\/media\/6103"}],"wp:attachment":[{"href":"https:\/\/heshimardc.net\/v1\/wp-json\/wp\/v2\/media?parent=6102"}],"wp:term":[{"taxonomy":"category","embeddable":true,"href":"https:\/\/heshimardc.net\/v1\/wp-json\/wp\/v2\/categories?post=6102"},{"taxonomy":"post_tag","embeddable":true,"href":"https:\/\/heshimardc.net\/v1\/wp-json\/wp\/v2\/tags?post=6102"}],"curies":[{"name":"wp","href":"https:\/\/api.w.org\/{rel}","templated":true}]}}