{"id":6121,"date":"2026-04-01T15:48:46","date_gmt":"2026-04-01T15:48:46","guid":{"rendered":"https:\/\/heshimardc.net\/v1\/?p=6121"},"modified":"2026-04-01T15:48:48","modified_gmt":"2026-04-01T15:48:48","slug":"mondial-2026-ce-passe-sombre-de-1974-que-les-leopards-devraient-corriger-en-juin-prochain","status":"publish","type":"post","link":"https:\/\/heshimardc.net\/v1\/2026\/04\/01\/mondial-2026-ce-passe-sombre-de-1974-que-les-leopards-devraient-corriger-en-juin-prochain\/","title":{"rendered":"Mondial 2026 : Ce pass\u00e9 sombre de 1974 que les L\u00e9opards devraient corriger en juin prochain\u00a0\u00a0"},"content":{"rendered":"\n<p><strong>Apr\u00e8s une qualification historique pour la Coupe du monde 2026, les L\u00e9opards de la R\u00e9publique d\u00e9mocratique du Congo (RDC) peuvent se projeter d\u00e9j\u00e0 vers une phase de groupes relev\u00e9e, domin\u00e9e par l\u2019\u00e9quipe du Portugal. Malgr\u00e9 ses sacres aux Coupes d&rsquo;Afrique des Nations 1968 et 1974, le Za\u00efre de l\u2019\u00e9poque a connu une Coupe du monde difficile organis\u00e9e en Allemagne en juin 1974. Le pays avait conc\u00e9d\u00e9 14 buts sans en marquer un seul et a r\u00e9colt\u00e9 un carton jaune assez in\u00e9dit contre le Br\u00e9sil. Apr\u00e8s avoir \u00e9crit l\u2019histoire en se qualifiant 52 ans apr\u00e8s, les fauves congolais ont un deuxi\u00e8me d\u00e9fi \u00e0 relever : soigner l\u2019image sombre laiss\u00e9e par la g\u00e9n\u00e9ration d\u2019Emanuel Kakoko Etepe et Pierre Ndaye Mulumba. Et pourquoi pas sortir de la phase de poules ?&nbsp;&nbsp;&nbsp;&nbsp;&nbsp;&nbsp;&nbsp;&nbsp;&nbsp;<\/strong><\/p>\n\n\n\n<p>Vainqueure de la Jama\u00efque (1-0) en finale des barrages intercontinentaux apr\u00e8s avoir \u00e9t\u00e9 pouss\u00e9e en prolongation, la R\u00e9publique d\u00e9mocratique du Congo arrache une qualification historique pour la Coupe du monde 2026.&nbsp; Pouss\u00e9s en prolongation malgr\u00e9 leur domination dans le jeu, les hommes de S\u00e9bastien Desabres ont fait la diff\u00e9rence sur corner gr\u00e2ce \u00e0 Axel Tuanzebe (1-0, 101e) qui a inscrit le seul et unique but de cette partie, malgr\u00e9 les deux buts refus\u00e9s dans le temps r\u00e9glementaire \u00e0 cause des positions litigieuses des attaquants congolais.<\/p>\n\n\n\n<p>Avec cette qualification, les Congolais rejoignent le groupe K de la Coupe du monde 2026, co-organis\u00e9e par les Etats-Unis, le Mexique et le Canada du 11 juin au 19 juillet. Dans ce groupe, la RDC devra batailler avec la Colombie, le Portugal et l&rsquo;Ouzb\u00e9kistan. En battant la Jama\u00efque, la RDC, qui avait \u00e9limin\u00e9 lors des barrages africains les g\u00e9ants camerounais et nig\u00e9rians, qualifie ainsi une dixi\u00e8me \u00e9quipe du continent pour la premi\u00e8re \u00e9dition de la Coupe du monde \u00e0 48 participants.&nbsp;<\/p>\n\n\n\n<p><strong>Soigner l\u2019image de 1974\u2026<\/strong><\/p>\n\n\n\n<p>Malgr\u00e9 ses sacres aux Coupes d&rsquo;Afrique des Nations 1968 et 1974, le Za\u00efre de l\u2019\u00e9poque a connu une Coupe du monde plut\u00f4t difficile en juin 1974. Il a conc\u00e9d\u00e9 14 buts sans en marquer un seul et a r\u00e9colt\u00e9 un carton jaune assez in\u00e9dit contre le Br\u00e9sil, le 22 juin 1974. Port\u00e9s par un s\u00e9lectionneur yougoslave exp\u00e9riment\u00e9, Blagoje Vidinic, les L\u00e9opards n\u2019ont pas fait bonne figure lors de cette \u00e9dition du mondial. Pourtant, l\u2019entraineur Blagoje Vidinic, m\u00e9daill\u00e9 d&rsquo;argent et d&rsquo;or avec la Yougoslavie aux Jeux Olympiques 1956 et 1960, avait d\u00e9j\u00e0 emmen\u00e9 le Maroc \u00e0 la Coupe du Monde Mexico 1970.<\/p>\n\n\n\n<p>Quand il arrive au Za\u00efre, au d\u00e9part, c&rsquo;est pour entra\u00eener le TP Englebert (actuel Tout-Puissant Mazembe). Le journaliste Lucien Tshimpumpu parle de lui au pr\u00e9sident de la F\u00e9d\u00e9ration en des termes flatteurs, rapporte un autre journaliste congolais, Didier Mbu\u2019y. Le Yougoslave se contente de quelques semaines avec les englebertois, avant d&rsquo;atterrir dans le rectangle technique des L\u00e9opards. On conna\u00eet la suite : une CAN (1974) avec \u00e0 la cl\u00e9 une qualification pour le Mondial allemand&#8230; \u00ab Nous irons \u00e0 Munich! \u00bb, scandait la pub de campagne de l\u2019\u00e9poque.<\/p>\n\n\n\n<p>Une fois \u00e0 Munich, l&rsquo;ancien gardien international yougoslave n&rsquo;a pas su r\u00e9\u00e9diter les bons r\u00e9sultats des Lions de l&rsquo;Atlas, rappelle nos conf\u00e8res de Inside FIFA. Battu 2-0 par l&rsquo;\u00c9cosse lors de son entr\u00e9e en lice, le Za\u00efre allait ensuite subir un cinglant 9-0 face \u00e0 la Yougoslavie puis une d\u00e9faite 3-0 face au Br\u00e9sil. C&rsquo;est \u00e0 l&rsquo;occasion de cette rencontre que Mwepu Ilunga a jailli de son mur pour d\u00e9gager le ballon sous les yeux de Jairzinho, de Rivelino et de l&rsquo;arbitre, tous trois m\u00e9dus\u00e9s. \u00ab Ils [le tireur br\u00e9silien et ses co\u00e9quipiers] taillent bavette au lieu de tirer une bonne fois ce coup franc \u00bb, se serait-il justifi\u00e9 d\u2019apr\u00e8s Tumba Pouce, son co-\u00e9quipier. \u00ab Je n&rsquo;ai aucune id\u00e9e de ce qui lui est pass\u00e9 par la t\u00eate. Il a sans doute pens\u00e9 que le ballon \u00e9tait en jeu, mais il ne s&rsquo;est jamais vraiment expliqu\u00e9 et \u00e7a reste un myst\u00e8re pour nous tous\u00a0\u00bb, avoue Kakoko Etepe interrog\u00e9 par les confr\u00e8res de Inside FIFA. Ilunga Mwepu fera modifier le r\u00e8glement FIFA en cette mati\u00e8re.<\/p>\n\n\n\n<p>Ce pass\u00e9 sera constamment \u00e9voqu\u00e9 par les m\u00e9dias internationaux \u00e0 l\u2019approche de la phase finale de cette Coupe du monde 2026. La seule fa\u00e7on de corriger cet \u00e9pisode sombre, c\u2019est de mieux se comporter lors de la phase de poules de ce mondial. Plusieurs choses ont chang\u00e9 en 52 ans. Si l\u2019\u00e9quipe du Za\u00efre d\u2019alors n\u2019\u00e9tait compos\u00e9e que des joueurs \u00e9voluant au pays pour la plupart, celle de S\u00e9bastien Desabre est meubl\u00e9e par des footballeurs qui jouent dans les m\u00eames championnats que le reste des joueurs. Ils aborderont cette Coupe du monde de mani\u00e8re d\u00e9complex\u00e9e. Ils l\u2019ont prouv\u00e9 en sortant le Cameroun et le Nigeria de la course \u00e0 la Coupe du Monde. Cette qualification a fait \u00e9norm\u00e9ment du bien aux Congolais qui n\u2019ont plus v\u00e9cu ce moment depuis 52 ans. \u00ab Les h\u00e9ros, ce sont les joueurs, mais aussi tous ceux qui nous ont soutenus. Je suis toutefois particuli\u00e8rement fier pour toute une g\u00e9n\u00e9ration qui n\u2019avait jamais vu son \u00e9quipe nationale se qualifier pour la Coupe du monde et qui va d\u00e9sormais avoir cette chance. Cela faisait 52 ans \u00bb, a rappel\u00e9 le s\u00e9lectionneur des L\u00e9opards, S\u00e9bastien Desabre. Au Mondial 2026, les L\u00e9opards ne viendront pas seulement apprendre, ils viendront d\u00e9fier.<\/p>\n\n\n\n<p class=\"has-text-align-right\"><strong>Heshima &nbsp;<\/strong><\/p>\n","protected":false},"excerpt":{"rendered":"<p>Apr\u00e8s une qualification historique pour la Coupe du monde 2026, les L\u00e9opards de la R\u00e9publique d\u00e9mocratique du Congo (RDC) peuvent se projeter d\u00e9j\u00e0 vers une phase de groupes relev\u00e9e, domin\u00e9e par l\u2019\u00e9quipe du Portugal. Malgr\u00e9 ses sacres aux Coupes d&rsquo;Afrique des Nations 1968 et 1974, le Za\u00efre de l\u2019\u00e9poque a connu une Coupe du monde [&hellip;]<\/p>\n","protected":false},"author":1,"featured_media":6122,"comment_status":"closed","ping_status":"closed","sticky":false,"template":"","format":"standard","meta":{"footnotes":""},"categories":[3],"tags":[],"class_list":["post-6121","post","type-post","status-publish","format-standard","has-post-thumbnail","hentry","category-nation"],"yoast_head":"<!-- This site is optimized with the Yoast SEO plugin v23.3 - https:\/\/yoast.com\/wordpress\/plugins\/seo\/ -->\n<title>Mondial 2026 : Ce pass\u00e9 sombre de 1974 que les L\u00e9opards devraient corriger en juin prochain\u00a0\u00a0 - HESHIMA MAGAZINE<\/title>\n<meta name=\"robots\" content=\"index, follow, max-snippet:-1, max-image-preview:large, max-video-preview:-1\" \/>\n<link rel=\"canonical\" href=\"https:\/\/heshimardc.net\/v1\/2026\/04\/01\/mondial-2026-ce-passe-sombre-de-1974-que-les-leopards-devraient-corriger-en-juin-prochain\/\" \/>\n<meta property=\"og:locale\" content=\"fr_FR\" \/>\n<meta property=\"og:type\" content=\"article\" \/>\n<meta property=\"og:title\" content=\"Mondial 2026 : Ce pass\u00e9 sombre de 1974 que les L\u00e9opards devraient corriger en juin prochain\u00a0\u00a0 - HESHIMA MAGAZINE\" \/>\n<meta property=\"og:description\" content=\"Apr\u00e8s une qualification historique pour la Coupe du monde 2026, les L\u00e9opards de la R\u00e9publique d\u00e9mocratique du Congo (RDC) peuvent se projeter d\u00e9j\u00e0 vers une phase de groupes relev\u00e9e, domin\u00e9e par l\u2019\u00e9quipe du Portugal. Malgr\u00e9 ses sacres aux Coupes d&rsquo;Afrique des Nations 1968 et 1974, le Za\u00efre de l\u2019\u00e9poque a connu une Coupe du monde [&hellip;]\" \/>\n<meta property=\"og:url\" content=\"https:\/\/heshimardc.net\/v1\/2026\/04\/01\/mondial-2026-ce-passe-sombre-de-1974-que-les-leopards-devraient-corriger-en-juin-prochain\/\" \/>\n<meta property=\"og:site_name\" content=\"HESHIMA MAGAZINE\" \/>\n<meta property=\"article:publisher\" content=\"https:\/\/www.facebook.com\/heshimamagazine\" \/>\n<meta property=\"article:published_time\" content=\"2026-04-01T15:48:46+00:00\" \/>\n<meta property=\"article:modified_time\" content=\"2026-04-01T15:48:48+00:00\" \/>\n<meta property=\"og:image\" content=\"https:\/\/heshimardc.net\/v1\/wp-content\/uploads\/2026\/04\/mondial-1024x865.jpg\" \/>\n\t<meta property=\"og:image:width\" content=\"1024\" \/>\n\t<meta property=\"og:image:height\" content=\"865\" \/>\n\t<meta property=\"og:image:type\" content=\"image\/jpeg\" \/>\n<meta name=\"author\" content=\"La redaction\" \/>\n<meta name=\"twitter:card\" content=\"summary_large_image\" \/>\n<meta name=\"twitter:creator\" content=\"@HeshimaMag\" \/>\n<meta name=\"twitter:site\" content=\"@HeshimaMag\" \/>\n<meta name=\"twitter:label1\" content=\"\u00c9crit par\" \/>\n\t<meta name=\"twitter:data1\" content=\"La redaction\" \/>\n\t<meta name=\"twitter:label2\" content=\"Dur\u00e9e de lecture estim\u00e9e\" \/>\n\t<meta name=\"twitter:data2\" content=\"5 minutes\" \/>\n<script type=\"application\/ld+json\" class=\"yoast-schema-graph\">{\"@context\":\"https:\/\/schema.org\",\"@graph\":[{\"@type\":\"Article\",\"@id\":\"https:\/\/heshimardc.net\/v1\/2026\/04\/01\/mondial-2026-ce-passe-sombre-de-1974-que-les-leopards-devraient-corriger-en-juin-prochain\/#article\",\"isPartOf\":{\"@id\":\"https:\/\/heshimardc.net\/v1\/2026\/04\/01\/mondial-2026-ce-passe-sombre-de-1974-que-les-leopards-devraient-corriger-en-juin-prochain\/\"},\"author\":{\"name\":\"La redaction\",\"@id\":\"https:\/\/heshimardc.net\/v1\/#\/schema\/person\/7188c0b9e770a370943576373b325f91\"},\"headline\":\"Mondial 2026 : Ce pass\u00e9 sombre de 1974 que les L\u00e9opards devraient corriger en juin prochain\u00a0\u00a0\",\"datePublished\":\"2026-04-01T15:48:46+00:00\",\"dateModified\":\"2026-04-01T15:48:48+00:00\",\"mainEntityOfPage\":{\"@id\":\"https:\/\/heshimardc.net\/v1\/2026\/04\/01\/mondial-2026-ce-passe-sombre-de-1974-que-les-leopards-devraient-corriger-en-juin-prochain\/\"},\"wordCount\":962,\"publisher\":{\"@id\":\"https:\/\/heshimardc.net\/v1\/#organization\"},\"image\":{\"@id\":\"https:\/\/heshimardc.net\/v1\/2026\/04\/01\/mondial-2026-ce-passe-sombre-de-1974-que-les-leopards-devraient-corriger-en-juin-prochain\/#primaryimage\"},\"thumbnailUrl\":\"https:\/\/heshimardc.net\/v1\/wp-content\/uploads\/2026\/04\/mondial.jpg\",\"articleSection\":[\"Nation\"],\"inLanguage\":\"fr-FR\"},{\"@type\":\"WebPage\",\"@id\":\"https:\/\/heshimardc.net\/v1\/2026\/04\/01\/mondial-2026-ce-passe-sombre-de-1974-que-les-leopards-devraient-corriger-en-juin-prochain\/\",\"url\":\"https:\/\/heshimardc.net\/v1\/2026\/04\/01\/mondial-2026-ce-passe-sombre-de-1974-que-les-leopards-devraient-corriger-en-juin-prochain\/\",\"name\":\"Mondial 2026 : Ce pass\u00e9 sombre de 1974 que les L\u00e9opards devraient corriger en juin prochain\u00a0\u00a0 - HESHIMA MAGAZINE\",\"isPartOf\":{\"@id\":\"https:\/\/heshimardc.net\/v1\/#website\"},\"primaryImageOfPage\":{\"@id\":\"https:\/\/heshimardc.net\/v1\/2026\/04\/01\/mondial-2026-ce-passe-sombre-de-1974-que-les-leopards-devraient-corriger-en-juin-prochain\/#primaryimage\"},\"image\":{\"@id\":\"https:\/\/heshimardc.net\/v1\/2026\/04\/01\/mondial-2026-ce-passe-sombre-de-1974-que-les-leopards-devraient-corriger-en-juin-prochain\/#primaryimage\"},\"thumbnailUrl\":\"https:\/\/heshimardc.net\/v1\/wp-content\/uploads\/2026\/04\/mondial.jpg\",\"datePublished\":\"2026-04-01T15:48:46+00:00\",\"dateModified\":\"2026-04-01T15:48:48+00:00\",\"breadcrumb\":{\"@id\":\"https:\/\/heshimardc.net\/v1\/2026\/04\/01\/mondial-2026-ce-passe-sombre-de-1974-que-les-leopards-devraient-corriger-en-juin-prochain\/#breadcrumb\"},\"inLanguage\":\"fr-FR\",\"potentialAction\":[{\"@type\":\"ReadAction\",\"target\":[\"https:\/\/heshimardc.net\/v1\/2026\/04\/01\/mondial-2026-ce-passe-sombre-de-1974-que-les-leopards-devraient-corriger-en-juin-prochain\/\"]}]},{\"@type\":\"ImageObject\",\"inLanguage\":\"fr-FR\",\"@id\":\"https:\/\/heshimardc.net\/v1\/2026\/04\/01\/mondial-2026-ce-passe-sombre-de-1974-que-les-leopards-devraient-corriger-en-juin-prochain\/#primaryimage\",\"url\":\"https:\/\/heshimardc.net\/v1\/wp-content\/uploads\/2026\/04\/mondial.jpg\",\"contentUrl\":\"https:\/\/heshimardc.net\/v1\/wp-content\/uploads\/2026\/04\/mondial.jpg\",\"width\":2480,\"height\":2096},{\"@type\":\"BreadcrumbList\",\"@id\":\"https:\/\/heshimardc.net\/v1\/2026\/04\/01\/mondial-2026-ce-passe-sombre-de-1974-que-les-leopards-devraient-corriger-en-juin-prochain\/#breadcrumb\",\"itemListElement\":[{\"@type\":\"ListItem\",\"position\":1,\"name\":\"Accueil\",\"item\":\"https:\/\/heshimardc.net\/v1\/\"},{\"@type\":\"ListItem\",\"position\":2,\"name\":\"Mondial 2026 : Ce pass\u00e9 sombre de 1974 que les L\u00e9opards devraient corriger en juin prochain\u00a0\u00a0\"}]},{\"@type\":\"WebSite\",\"@id\":\"https:\/\/heshimardc.net\/v1\/#website\",\"url\":\"https:\/\/heshimardc.net\/v1\/\",\"name\":\"HESHIMA MAGAZINE\",\"description\":\"Le magazine Congolais qui bat au rythme de l&#039;actualit\u00e9\",\"publisher\":{\"@id\":\"https:\/\/heshimardc.net\/v1\/#organization\"},\"potentialAction\":[{\"@type\":\"SearchAction\",\"target\":{\"@type\":\"EntryPoint\",\"urlTemplate\":\"https:\/\/heshimardc.net\/v1\/?s={search_term_string}\"},\"query-input\":\"required name=search_term_string\"}],\"inLanguage\":\"fr-FR\"},{\"@type\":\"Organization\",\"@id\":\"https:\/\/heshimardc.net\/v1\/#organization\",\"name\":\"HESHIMA MAGAZINE\",\"url\":\"https:\/\/heshimardc.net\/v1\/\",\"logo\":{\"@type\":\"ImageObject\",\"inLanguage\":\"fr-FR\",\"@id\":\"https:\/\/heshimardc.net\/v1\/#\/schema\/logo\/image\/\",\"url\":\"https:\/\/heshimardc.net\/v1\/wp-content\/uploads\/2020\/09\/logo.png\",\"contentUrl\":\"https:\/\/heshimardc.net\/v1\/wp-content\/uploads\/2020\/09\/logo.png\",\"width\":99,\"height\":130,\"caption\":\"HESHIMA MAGAZINE\"},\"image\":{\"@id\":\"https:\/\/heshimardc.net\/v1\/#\/schema\/logo\/image\/\"},\"sameAs\":[\"https:\/\/www.facebook.com\/heshimamagazine\",\"https:\/\/x.com\/HeshimaMag\"]},{\"@type\":\"Person\",\"@id\":\"https:\/\/heshimardc.net\/v1\/#\/schema\/person\/7188c0b9e770a370943576373b325f91\",\"name\":\"La redaction\",\"image\":{\"@type\":\"ImageObject\",\"inLanguage\":\"fr-FR\",\"@id\":\"https:\/\/heshimardc.net\/v1\/#\/schema\/person\/image\/\",\"url\":\"https:\/\/secure.gravatar.com\/avatar\/b53b1a4a434346e76d3ea6c9ecf19fc8?s=96&d=mm&r=g\",\"contentUrl\":\"https:\/\/secure.gravatar.com\/avatar\/b53b1a4a434346e76d3ea6c9ecf19fc8?s=96&d=mm&r=g\",\"caption\":\"La redaction\"},\"sameAs\":[\"https:\/\/heshimardc.net\/v1\",\"La redaction\"],\"url\":\"https:\/\/heshimardc.net\/v1\/author\/la-redaction\/\"}]}<\/script>\n<!-- \/ Yoast SEO plugin. -->","yoast_head_json":{"title":"Mondial 2026 : Ce pass\u00e9 sombre de 1974 que les L\u00e9opards devraient corriger en juin prochain\u00a0\u00a0 - HESHIMA MAGAZINE","robots":{"index":"index","follow":"follow","max-snippet":"max-snippet:-1","max-image-preview":"max-image-preview:large","max-video-preview":"max-video-preview:-1"},"canonical":"https:\/\/heshimardc.net\/v1\/2026\/04\/01\/mondial-2026-ce-passe-sombre-de-1974-que-les-leopards-devraient-corriger-en-juin-prochain\/","og_locale":"fr_FR","og_type":"article","og_title":"Mondial 2026 : Ce pass\u00e9 sombre de 1974 que les L\u00e9opards devraient corriger en juin prochain\u00a0\u00a0 - HESHIMA MAGAZINE","og_description":"Apr\u00e8s une qualification historique pour la Coupe du monde 2026, les L\u00e9opards de la R\u00e9publique d\u00e9mocratique du Congo (RDC) peuvent se projeter d\u00e9j\u00e0 vers une phase de groupes relev\u00e9e, domin\u00e9e par l\u2019\u00e9quipe du Portugal. Malgr\u00e9 ses sacres aux Coupes d&rsquo;Afrique des Nations 1968 et 1974, le Za\u00efre de l\u2019\u00e9poque a connu une Coupe du monde [&hellip;]","og_url":"https:\/\/heshimardc.net\/v1\/2026\/04\/01\/mondial-2026-ce-passe-sombre-de-1974-que-les-leopards-devraient-corriger-en-juin-prochain\/","og_site_name":"HESHIMA MAGAZINE","article_publisher":"https:\/\/www.facebook.com\/heshimamagazine","article_published_time":"2026-04-01T15:48:46+00:00","article_modified_time":"2026-04-01T15:48:48+00:00","og_image":[{"width":1024,"height":865,"url":"https:\/\/heshimardc.net\/v1\/wp-content\/uploads\/2026\/04\/mondial-1024x865.jpg","type":"image\/jpeg"}],"author":"La redaction","twitter_card":"summary_large_image","twitter_creator":"@HeshimaMag","twitter_site":"@HeshimaMag","twitter_misc":{"\u00c9crit par":"La redaction","Dur\u00e9e de lecture estim\u00e9e":"5 minutes"},"schema":{"@context":"https:\/\/schema.org","@graph":[{"@type":"Article","@id":"https:\/\/heshimardc.net\/v1\/2026\/04\/01\/mondial-2026-ce-passe-sombre-de-1974-que-les-leopards-devraient-corriger-en-juin-prochain\/#article","isPartOf":{"@id":"https:\/\/heshimardc.net\/v1\/2026\/04\/01\/mondial-2026-ce-passe-sombre-de-1974-que-les-leopards-devraient-corriger-en-juin-prochain\/"},"author":{"name":"La redaction","@id":"https:\/\/heshimardc.net\/v1\/#\/schema\/person\/7188c0b9e770a370943576373b325f91"},"headline":"Mondial 2026 : Ce pass\u00e9 sombre de 1974 que les L\u00e9opards devraient corriger en juin prochain\u00a0\u00a0","datePublished":"2026-04-01T15:48:46+00:00","dateModified":"2026-04-01T15:48:48+00:00","mainEntityOfPage":{"@id":"https:\/\/heshimardc.net\/v1\/2026\/04\/01\/mondial-2026-ce-passe-sombre-de-1974-que-les-leopards-devraient-corriger-en-juin-prochain\/"},"wordCount":962,"publisher":{"@id":"https:\/\/heshimardc.net\/v1\/#organization"},"image":{"@id":"https:\/\/heshimardc.net\/v1\/2026\/04\/01\/mondial-2026-ce-passe-sombre-de-1974-que-les-leopards-devraient-corriger-en-juin-prochain\/#primaryimage"},"thumbnailUrl":"https:\/\/heshimardc.net\/v1\/wp-content\/uploads\/2026\/04\/mondial.jpg","articleSection":["Nation"],"inLanguage":"fr-FR"},{"@type":"WebPage","@id":"https:\/\/heshimardc.net\/v1\/2026\/04\/01\/mondial-2026-ce-passe-sombre-de-1974-que-les-leopards-devraient-corriger-en-juin-prochain\/","url":"https:\/\/heshimardc.net\/v1\/2026\/04\/01\/mondial-2026-ce-passe-sombre-de-1974-que-les-leopards-devraient-corriger-en-juin-prochain\/","name":"Mondial 2026 : Ce pass\u00e9 sombre de 1974 que les L\u00e9opards devraient corriger en juin prochain\u00a0\u00a0 - HESHIMA MAGAZINE","isPartOf":{"@id":"https:\/\/heshimardc.net\/v1\/#website"},"primaryImageOfPage":{"@id":"https:\/\/heshimardc.net\/v1\/2026\/04\/01\/mondial-2026-ce-passe-sombre-de-1974-que-les-leopards-devraient-corriger-en-juin-prochain\/#primaryimage"},"image":{"@id":"https:\/\/heshimardc.net\/v1\/2026\/04\/01\/mondial-2026-ce-passe-sombre-de-1974-que-les-leopards-devraient-corriger-en-juin-prochain\/#primaryimage"},"thumbnailUrl":"https:\/\/heshimardc.net\/v1\/wp-content\/uploads\/2026\/04\/mondial.jpg","datePublished":"2026-04-01T15:48:46+00:00","dateModified":"2026-04-01T15:48:48+00:00","breadcrumb":{"@id":"https:\/\/heshimardc.net\/v1\/2026\/04\/01\/mondial-2026-ce-passe-sombre-de-1974-que-les-leopards-devraient-corriger-en-juin-prochain\/#breadcrumb"},"inLanguage":"fr-FR","potentialAction":[{"@type":"ReadAction","target":["https:\/\/heshimardc.net\/v1\/2026\/04\/01\/mondial-2026-ce-passe-sombre-de-1974-que-les-leopards-devraient-corriger-en-juin-prochain\/"]}]},{"@type":"ImageObject","inLanguage":"fr-FR","@id":"https:\/\/heshimardc.net\/v1\/2026\/04\/01\/mondial-2026-ce-passe-sombre-de-1974-que-les-leopards-devraient-corriger-en-juin-prochain\/#primaryimage","url":"https:\/\/heshimardc.net\/v1\/wp-content\/uploads\/2026\/04\/mondial.jpg","contentUrl":"https:\/\/heshimardc.net\/v1\/wp-content\/uploads\/2026\/04\/mondial.jpg","width":2480,"height":2096},{"@type":"BreadcrumbList","@id":"https:\/\/heshimardc.net\/v1\/2026\/04\/01\/mondial-2026-ce-passe-sombre-de-1974-que-les-leopards-devraient-corriger-en-juin-prochain\/#breadcrumb","itemListElement":[{"@type":"ListItem","position":1,"name":"Accueil","item":"https:\/\/heshimardc.net\/v1\/"},{"@type":"ListItem","position":2,"name":"Mondial 2026 : Ce pass\u00e9 sombre de 1974 que les L\u00e9opards devraient corriger en juin prochain\u00a0\u00a0"}]},{"@type":"WebSite","@id":"https:\/\/heshimardc.net\/v1\/#website","url":"https:\/\/heshimardc.net\/v1\/","name":"HESHIMA MAGAZINE","description":"Le magazine Congolais qui bat au rythme de l&#039;actualit\u00e9","publisher":{"@id":"https:\/\/heshimardc.net\/v1\/#organization"},"potentialAction":[{"@type":"SearchAction","target":{"@type":"EntryPoint","urlTemplate":"https:\/\/heshimardc.net\/v1\/?s={search_term_string}"},"query-input":"required name=search_term_string"}],"inLanguage":"fr-FR"},{"@type":"Organization","@id":"https:\/\/heshimardc.net\/v1\/#organization","name":"HESHIMA MAGAZINE","url":"https:\/\/heshimardc.net\/v1\/","logo":{"@type":"ImageObject","inLanguage":"fr-FR","@id":"https:\/\/heshimardc.net\/v1\/#\/schema\/logo\/image\/","url":"https:\/\/heshimardc.net\/v1\/wp-content\/uploads\/2020\/09\/logo.png","contentUrl":"https:\/\/heshimardc.net\/v1\/wp-content\/uploads\/2020\/09\/logo.png","width":99,"height":130,"caption":"HESHIMA MAGAZINE"},"image":{"@id":"https:\/\/heshimardc.net\/v1\/#\/schema\/logo\/image\/"},"sameAs":["https:\/\/www.facebook.com\/heshimamagazine","https:\/\/x.com\/HeshimaMag"]},{"@type":"Person","@id":"https:\/\/heshimardc.net\/v1\/#\/schema\/person\/7188c0b9e770a370943576373b325f91","name":"La redaction","image":{"@type":"ImageObject","inLanguage":"fr-FR","@id":"https:\/\/heshimardc.net\/v1\/#\/schema\/person\/image\/","url":"https:\/\/secure.gravatar.com\/avatar\/b53b1a4a434346e76d3ea6c9ecf19fc8?s=96&d=mm&r=g","contentUrl":"https:\/\/secure.gravatar.com\/avatar\/b53b1a4a434346e76d3ea6c9ecf19fc8?s=96&d=mm&r=g","caption":"La redaction"},"sameAs":["https:\/\/heshimardc.net\/v1","La redaction"],"url":"https:\/\/heshimardc.net\/v1\/author\/la-redaction\/"}]}},"amp_enabled":true,"_links":{"self":[{"href":"https:\/\/heshimardc.net\/v1\/wp-json\/wp\/v2\/posts\/6121"}],"collection":[{"href":"https:\/\/heshimardc.net\/v1\/wp-json\/wp\/v2\/posts"}],"about":[{"href":"https:\/\/heshimardc.net\/v1\/wp-json\/wp\/v2\/types\/post"}],"author":[{"embeddable":true,"href":"https:\/\/heshimardc.net\/v1\/wp-json\/wp\/v2\/users\/1"}],"replies":[{"embeddable":true,"href":"https:\/\/heshimardc.net\/v1\/wp-json\/wp\/v2\/comments?post=6121"}],"version-history":[{"count":1,"href":"https:\/\/heshimardc.net\/v1\/wp-json\/wp\/v2\/posts\/6121\/revisions"}],"predecessor-version":[{"id":6123,"href":"https:\/\/heshimardc.net\/v1\/wp-json\/wp\/v2\/posts\/6121\/revisions\/6123"}],"wp:featuredmedia":[{"embeddable":true,"href":"https:\/\/heshimardc.net\/v1\/wp-json\/wp\/v2\/media\/6122"}],"wp:attachment":[{"href":"https:\/\/heshimardc.net\/v1\/wp-json\/wp\/v2\/media?parent=6121"}],"wp:term":[{"taxonomy":"category","embeddable":true,"href":"https:\/\/heshimardc.net\/v1\/wp-json\/wp\/v2\/categories?post=6121"},{"taxonomy":"post_tag","embeddable":true,"href":"https:\/\/heshimardc.net\/v1\/wp-json\/wp\/v2\/tags?post=6121"}],"curies":[{"name":"wp","href":"https:\/\/api.w.org\/{rel}","templated":true}]}}