{"id":6128,"date":"2026-04-04T13:21:47","date_gmt":"2026-04-04T13:21:47","guid":{"rendered":"https:\/\/heshimardc.net\/v1\/?p=6128"},"modified":"2026-04-04T13:21:48","modified_gmt":"2026-04-04T13:21:48","slug":"debat-sur-le-changement-de-constitution-sous-tshisekedi-la-rue-peut-elle-encore-gronder","status":"publish","type":"post","link":"https:\/\/heshimardc.net\/v1\/2026\/04\/04\/debat-sur-le-changement-de-constitution-sous-tshisekedi-la-rue-peut-elle-encore-gronder\/","title":{"rendered":"D\u00e9bat sur le changement de Constitution\u00a0: sous Tshisekedi, la rue peut-elle encore gronder\u00a0?"},"content":{"rendered":"\n<p><strong>Entre 2015 et 2016, la R\u00e9publique d\u00e9mocratique du Congo (RDC) a \u00e9t\u00e9 le th\u00e9\u00e2tre de vastes mobilisations populaires contre toute tentative de modification de la Constitution visant \u00e0 prolonger le mandat du pr\u00e9sident Joseph Kabila. Ces manifestations, souvent violemment r\u00e9prim\u00e9es, ont contraint l\u2019ancien chef de l\u2019Etat \u00e0 passer le pouvoir \u00e0 son successeur, F\u00e9lix Tshisekedi, apr\u00e8s deux ann\u00e9es de retard. L\u2019actuel pr\u00e9sident congolais, exer\u00e7ant \u00e9galement son dernier mandat, nourrit visiblement l\u2019ambition de modifier la loi fondamentale. La rue va-t-elle r\u00e9agir comme par le pass\u00e9&nbsp;? Analyse.<\/strong><\/p>\n\n\n\n<p>Alors que le d\u00e9bat sur une possible modification ou changement de Constitution refait surface en R\u00e9publique d\u00e9mocratique du Congo, une question s\u2019impose : la mobilisation populaire peut-elle encore peser comme en 2016 sous Joseph Kabila, ou le rapport de force politique a-t-il profond\u00e9ment chang\u00e9 ?<\/p>\n\n\n\n<p><strong>Revenons en 2015, Kabila tente une r\u00e9vision de la loi \u00e9lectorale\u2026<\/strong><\/p>\n\n\n\n<p>Janvier 2015. Sans le dire explicitement, le r\u00e9gime de Joseph Kabila d\u00e9cide de modifier la loi \u00e9lectorale en liant la tenue des prochaines \u00e9lections l\u00e9gislatives et pr\u00e9sidentielle aux r\u00e9sultats du recensement g\u00e9n\u00e9ral de la population. Ce projet \u00e9tait susceptible d&rsquo;entra\u00eener un report des scrutins cens\u00e9s avoir lieu fin 2016 et le maintien au pouvoir du pr\u00e9sident Joseph Kabila, \u00e0 la t\u00eate de la RDC depuis 2001, au-del\u00e0 du terme de son mandat. Consciente du pi\u00e8ge de glissement du calendrier \u00e9lectoral, l\u2019opposition mobilise la rue. Au moins 42 personnes ont \u00e9t\u00e9 tu\u00e9es lors de manifestations contre ce projet de r\u00e9vision de la loi \u00e9lectorale, d\u2019apr\u00e8s la F\u00e9d\u00e9ration internationale des ligues des droits de l&rsquo;homme (FIDH). Le gouvernement de Kinshasa, pour sa part, faisait \u00e9tat d&rsquo;un bilan de 15 morts, pour la plupart \u00ab des pillards abattus par des vigiles priv\u00e9s \u00bb, d\u2019apr\u00e8s Lambert Mende, porte-parole du gouvernement de l\u2019\u00e9poque. Selon Paul Nsapu, secr\u00e9taire g\u00e9n\u00e9ral de la FIDH pour l&rsquo;Afrique \u00e0 l\u2019\u00e9poque, la majorit\u00e9 des victimes ont \u00e9t\u00e9 tu\u00e9es alors qu&rsquo;elles participaient aux manifestations politiques.<\/p>\n\n\n\n<p>Ces manifestations de quatre jours avaient contraint le r\u00e9gime de Joseph Kabila \u00e0 faire marche arri\u00e8re. Le S\u00e9nat avait d\u00e9cid\u00e9 de modifier l\u2019alin\u00e9a litigieux qui conditionnait la tenue d\u2019\u00e9lections au recensement g\u00e9n\u00e9ral de la population. Evariste Boshab \u2013 cadre du r\u00e9gime de l\u2019\u00e9poque \u2013 avait bien avant temporis\u00e9 devant les S\u00e9nateurs, en pr\u00e9cisant que l\u2019article 8 de ce projet de loi pouvait \u00eatre modifi\u00e9 et d\u00e9connecter le recensement de l\u2019organisation des \u00e9lections. Puis, L\u00e9on Kengo wa Dondo, le pr\u00e9sident du S\u00e9nat, avait pris les devants, en pr\u00e9cisant avoir \u00ab \u00e9cout\u00e9 la rue \u00bb. \u00ab Les amendements contenus dans cet article sur les donn\u00e9es d\u00e9mographiques ne parlent plus de recensement, car le recensement aurait peut-\u00eatre exc\u00e9d\u00e9 la limite de temps pr\u00e9vue par la Constitution \u00bb avait pr\u00e9cis\u00e9 L\u00e9on Kengo depuis son perchoir. Mais malgr\u00e9 cette pression populaire, Joseph Kabila a fini par d\u00e9passer son mandat de deux ans suppl\u00e9mentaires, moyennant un accord n\u00e9goci\u00e9 avec l\u2019opposition en 2016 lors du dialogue organis\u00e9 par les \u00e9v\u00eaques de la Conf\u00e9rence \u00e9piscopale nationale du Congo (CENCO).&nbsp;&nbsp;&nbsp; &nbsp;&nbsp;&nbsp;<\/p>\n\n\n\n<p><strong>Le risque d\u2019un 3<sup>\u00e8me<\/sup> mandat revient sous Tshisekedi<\/strong><\/p>\n\n\n\n<p>Depuis 2024, la question atour de la modification ou changement de constitution s\u2019impose \u00e0 nouveau dans le d\u00e9bat public congolais. Organisant des itin\u00e9rances en province, F\u00e9lix Tshisekedi avait fait de la modification ou changement de constitution son cheval de bataille. Le 17 novembre 2024, lors de son meeting \u00e0 la place de la Poste \u00e0 Lubumbashi, dans le Haut-Katanga, o\u00f9 il \u00e9tait arriv\u00e9 la veille dans la soir\u00e9e, F\u00e9lix Tshisekedi avait confirm\u00e9 sa d\u00e9termination de r\u00e9viser ou de changer la Constitution du pays, sortant une phrase qui avait suscit\u00e9 la pol\u00e9mique en RDC. \u00ab Qui est celui-l\u00e0 qui va m&rsquo;interdire moi, le garant de la Nation, de ne pas le faire ?&nbsp;\u00bb, avait-il interrog\u00e9 la foule pr\u00e9sente lors de ce meeting. Il avait en profit\u00e9 pour nier toute intention d\u2019obtenir un troisi\u00e8me mandat derri\u00e8re cette r\u00e9forme constitutionnelle. \u00ab&nbsp;Il y a eu d\u00e9sorientation sur ce que j&rsquo;avais dit \u00e0 Kisangani. Car, ce que j&rsquo;avais dit \u00e0 Kisangani n&rsquo;avait rien \u00e0 avoir avec un quelconque troisi\u00e8me mandat \u00bb, avait-il ajout\u00e9.<\/p>\n\n\n\n<p>La progression des rebelles de l\u2019Alliance Fleuve Congo\/Mouvement du 23 mars (AFC\/M23) en d\u00e9cembre 2024 et la prise de Goma et Bukavu d\u00e9but 2025 avaient temp\u00e9r\u00e9 momentan\u00e9ment les vell\u00e9it\u00e9s du r\u00e9gime Tshisekedi sur ce sujet. Mais en f\u00e9vrier et mars 2026, ce d\u00e9bat est revenu \u00e0 la surface avec des officiels comme Didier Budimbu, ministre des Sports, qui a \u00e9voqu\u00e9 carr\u00e9ment un troisi\u00e8me mandat en faveur de F\u00e9lix Tshisekedi. &nbsp;<\/p>\n\n\n\n<p><strong>La rue va-t-elle gronder&nbsp;comme en 2015 ?<\/strong><\/p>\n\n\n\n<p>Depuis quelques jours, des d\u00e9clarations et initiatives au sein du pouvoir \u00e9voquent encore l\u2019id\u00e9e d\u2019une r\u00e9vision, voire d\u2019un changement de la Constitution de 2006, suscitant inqui\u00e9tudes au niveau de l\u2019opposition. Mais cette opposition, dans sa forme actuelle, peut-elle mobiliser ? &nbsp;<\/p>\n\n\n\n<p>En 2015, la rue, soutenue par l\u2019opposition et la soci\u00e9t\u00e9 civile, avait contraint le r\u00e9gime \u00e0 renoncer \u00e0 toute modification constitutionnelle, y compris le fait de vouloir conditionner les \u00e9lections au recensement de la population. Aujourd\u2019hui, le contexte appara\u00eet sensiblement diff\u00e9rent. Le parti de l\u2019opposition qui manifestait avec \u00e9nergie en 2015 est maintenant au pouvoir&nbsp;: l\u2019UDPS. Ce parti n\u2019\u00e9tait pas le seul \u00e0 battre le pav\u00e9. Il y a aussi le MLC de Jean-Pierre Bemba et l\u2019UNC de Vital Kamerhe qui \u00e9taient aussi dans l\u2019opposition mais qui se retrouvent aujourd\u2019hui au sein du pouvoir de F\u00e9lix Tshisekedi. Seul Martin Fayulu peut mobiliser la rue \u00e0 ce jour. Mais l\u2019homme n\u2019a plus l\u2019\u00e9paisseur politique d\u2019antan. Il menait les manifestations politiques souvent en synergie avec des partis comme l\u2019UDPS, le MLC et l\u2019UNC qui se retrouvent aujourd\u2019hui au pouvoir.<\/p>\n\n\n\n<p>L\u2019opposition, longtemps fragment\u00e9e, tente de se recomposer autour de ce d\u00e9bat. Fayulu a rencontr\u00e9 Jean-Marc Kabund, ancien de l\u2019UDPS devenu opposant, pour \u00e9voquer notamment des manifestations \u00e0 venir en cas d\u2019une tentative de modification ou changement de constitution qui viserait \u00e0 accorder un troisi\u00e8me mandat \u00e0 F\u00e9lix Tshisekedi. La perspective d\u2019un changement de constitution a m\u00eame permis \u00e0 plusieurs figures politiques de se retrouver sur une ligne commune, d\u00e9non\u00e7ant un projet jug\u00e9 \u00ab dangereux \u00bb pour l\u2019alternance d\u00e9mocratique.<\/p>\n\n\n\n<p>Mais la capacit\u00e9 de mobilisation populaire reste incertaine. Contrairement \u00e0 2016, o\u00f9 la contestation s\u2019\u00e9tait structur\u00e9e autour d\u2019un objectif clair \u2013 le d\u00e9part de Kabila \u2013, le d\u00e9bat actuel demeure encore informel et divise profond\u00e9ment l\u2019opinion. Certains Congolais estiment que la priorit\u00e9 devrait \u00eatre donn\u00e9e \u00e0 la crise s\u00e9curitaire dans l\u2019Est ou aux d\u00e9fis socio-\u00e9conomiques, plut\u00f4t qu\u2019\u00e0 une r\u00e9forme institutionnelle.<\/p>\n\n\n\n<p class=\"has-text-align-right\"><strong>Heshima Magazine&nbsp;<\/strong><\/p>\n","protected":false},"excerpt":{"rendered":"<p>Entre 2015 et 2016, la R\u00e9publique d\u00e9mocratique du Congo (RDC) a \u00e9t\u00e9 le th\u00e9\u00e2tre de vastes mobilisations populaires contre toute tentative de modification de la Constitution visant \u00e0 prolonger le mandat du pr\u00e9sident Joseph Kabila. Ces manifestations, souvent violemment r\u00e9prim\u00e9es, ont contraint l\u2019ancien chef de l\u2019Etat \u00e0 passer le pouvoir \u00e0 son successeur, F\u00e9lix Tshisekedi, [&hellip;]<\/p>\n","protected":false},"author":1,"featured_media":6130,"comment_status":"closed","ping_status":"closed","sticky":false,"template":"","format":"standard","meta":{"footnotes":""},"categories":[3],"tags":[],"class_list":["post-6128","post","type-post","status-publish","format-standard","has-post-thumbnail","hentry","category-nation"],"yoast_head":"<!-- This site is optimized with the Yoast SEO plugin v23.3 - https:\/\/yoast.com\/wordpress\/plugins\/seo\/ -->\n<title>D\u00e9bat sur le changement de Constitution\u00a0: sous Tshisekedi, la rue peut-elle encore gronder\u00a0? - HESHIMA MAGAZINE<\/title>\n<meta name=\"robots\" content=\"index, follow, max-snippet:-1, max-image-preview:large, max-video-preview:-1\" \/>\n<link rel=\"canonical\" href=\"https:\/\/heshimardc.net\/v1\/2026\/04\/04\/debat-sur-le-changement-de-constitution-sous-tshisekedi-la-rue-peut-elle-encore-gronder\/\" \/>\n<meta property=\"og:locale\" content=\"fr_FR\" \/>\n<meta property=\"og:type\" content=\"article\" \/>\n<meta property=\"og:title\" content=\"D\u00e9bat sur le changement de Constitution\u00a0: sous Tshisekedi, la rue peut-elle encore gronder\u00a0? - HESHIMA MAGAZINE\" \/>\n<meta property=\"og:description\" content=\"Entre 2015 et 2016, la R\u00e9publique d\u00e9mocratique du Congo (RDC) a \u00e9t\u00e9 le th\u00e9\u00e2tre de vastes mobilisations populaires contre toute tentative de modification de la Constitution visant \u00e0 prolonger le mandat du pr\u00e9sident Joseph Kabila. Ces manifestations, souvent violemment r\u00e9prim\u00e9es, ont contraint l\u2019ancien chef de l\u2019Etat \u00e0 passer le pouvoir \u00e0 son successeur, F\u00e9lix Tshisekedi, [&hellip;]\" \/>\n<meta property=\"og:url\" content=\"https:\/\/heshimardc.net\/v1\/2026\/04\/04\/debat-sur-le-changement-de-constitution-sous-tshisekedi-la-rue-peut-elle-encore-gronder\/\" \/>\n<meta property=\"og:site_name\" content=\"HESHIMA MAGAZINE\" \/>\n<meta property=\"article:publisher\" content=\"https:\/\/www.facebook.com\/heshimamagazine\" \/>\n<meta property=\"article:published_time\" content=\"2026-04-04T13:21:47+00:00\" \/>\n<meta property=\"article:modified_time\" content=\"2026-04-04T13:21:48+00:00\" \/>\n<meta property=\"og:image\" content=\"https:\/\/heshimardc.net\/v1\/wp-content\/uploads\/2026\/04\/constituDRC-1.jpg\" \/>\n\t<meta property=\"og:image:width\" content=\"710\" \/>\n\t<meta property=\"og:image:height\" content=\"400\" \/>\n\t<meta property=\"og:image:type\" content=\"image\/jpeg\" \/>\n<meta name=\"author\" content=\"La redaction\" \/>\n<meta name=\"twitter:card\" content=\"summary_large_image\" \/>\n<meta name=\"twitter:creator\" content=\"@HeshimaMag\" \/>\n<meta name=\"twitter:site\" content=\"@HeshimaMag\" \/>\n<meta name=\"twitter:label1\" content=\"\u00c9crit par\" \/>\n\t<meta name=\"twitter:data1\" content=\"La redaction\" \/>\n\t<meta name=\"twitter:label2\" content=\"Dur\u00e9e de lecture estim\u00e9e\" \/>\n\t<meta name=\"twitter:data2\" content=\"6 minutes\" \/>\n<script type=\"application\/ld+json\" class=\"yoast-schema-graph\">{\"@context\":\"https:\/\/schema.org\",\"@graph\":[{\"@type\":\"Article\",\"@id\":\"https:\/\/heshimardc.net\/v1\/2026\/04\/04\/debat-sur-le-changement-de-constitution-sous-tshisekedi-la-rue-peut-elle-encore-gronder\/#article\",\"isPartOf\":{\"@id\":\"https:\/\/heshimardc.net\/v1\/2026\/04\/04\/debat-sur-le-changement-de-constitution-sous-tshisekedi-la-rue-peut-elle-encore-gronder\/\"},\"author\":{\"name\":\"La redaction\",\"@id\":\"https:\/\/heshimardc.net\/v1\/#\/schema\/person\/7188c0b9e770a370943576373b325f91\"},\"headline\":\"D\u00e9bat sur le changement de Constitution\u00a0: sous Tshisekedi, la rue peut-elle encore gronder\u00a0?\",\"datePublished\":\"2026-04-04T13:21:47+00:00\",\"dateModified\":\"2026-04-04T13:21:48+00:00\",\"mainEntityOfPage\":{\"@id\":\"https:\/\/heshimardc.net\/v1\/2026\/04\/04\/debat-sur-le-changement-de-constitution-sous-tshisekedi-la-rue-peut-elle-encore-gronder\/\"},\"wordCount\":1188,\"publisher\":{\"@id\":\"https:\/\/heshimardc.net\/v1\/#organization\"},\"image\":{\"@id\":\"https:\/\/heshimardc.net\/v1\/2026\/04\/04\/debat-sur-le-changement-de-constitution-sous-tshisekedi-la-rue-peut-elle-encore-gronder\/#primaryimage\"},\"thumbnailUrl\":\"https:\/\/heshimardc.net\/v1\/wp-content\/uploads\/2026\/04\/constituDRC-1.jpg\",\"articleSection\":[\"Nation\"],\"inLanguage\":\"fr-FR\"},{\"@type\":\"WebPage\",\"@id\":\"https:\/\/heshimardc.net\/v1\/2026\/04\/04\/debat-sur-le-changement-de-constitution-sous-tshisekedi-la-rue-peut-elle-encore-gronder\/\",\"url\":\"https:\/\/heshimardc.net\/v1\/2026\/04\/04\/debat-sur-le-changement-de-constitution-sous-tshisekedi-la-rue-peut-elle-encore-gronder\/\",\"name\":\"D\u00e9bat sur le changement de Constitution\u00a0: sous Tshisekedi, la rue peut-elle encore gronder\u00a0? - HESHIMA MAGAZINE\",\"isPartOf\":{\"@id\":\"https:\/\/heshimardc.net\/v1\/#website\"},\"primaryImageOfPage\":{\"@id\":\"https:\/\/heshimardc.net\/v1\/2026\/04\/04\/debat-sur-le-changement-de-constitution-sous-tshisekedi-la-rue-peut-elle-encore-gronder\/#primaryimage\"},\"image\":{\"@id\":\"https:\/\/heshimardc.net\/v1\/2026\/04\/04\/debat-sur-le-changement-de-constitution-sous-tshisekedi-la-rue-peut-elle-encore-gronder\/#primaryimage\"},\"thumbnailUrl\":\"https:\/\/heshimardc.net\/v1\/wp-content\/uploads\/2026\/04\/constituDRC-1.jpg\",\"datePublished\":\"2026-04-04T13:21:47+00:00\",\"dateModified\":\"2026-04-04T13:21:48+00:00\",\"breadcrumb\":{\"@id\":\"https:\/\/heshimardc.net\/v1\/2026\/04\/04\/debat-sur-le-changement-de-constitution-sous-tshisekedi-la-rue-peut-elle-encore-gronder\/#breadcrumb\"},\"inLanguage\":\"fr-FR\",\"potentialAction\":[{\"@type\":\"ReadAction\",\"target\":[\"https:\/\/heshimardc.net\/v1\/2026\/04\/04\/debat-sur-le-changement-de-constitution-sous-tshisekedi-la-rue-peut-elle-encore-gronder\/\"]}]},{\"@type\":\"ImageObject\",\"inLanguage\":\"fr-FR\",\"@id\":\"https:\/\/heshimardc.net\/v1\/2026\/04\/04\/debat-sur-le-changement-de-constitution-sous-tshisekedi-la-rue-peut-elle-encore-gronder\/#primaryimage\",\"url\":\"https:\/\/heshimardc.net\/v1\/wp-content\/uploads\/2026\/04\/constituDRC-1.jpg\",\"contentUrl\":\"https:\/\/heshimardc.net\/v1\/wp-content\/uploads\/2026\/04\/constituDRC-1.jpg\",\"width\":710,\"height\":400},{\"@type\":\"BreadcrumbList\",\"@id\":\"https:\/\/heshimardc.net\/v1\/2026\/04\/04\/debat-sur-le-changement-de-constitution-sous-tshisekedi-la-rue-peut-elle-encore-gronder\/#breadcrumb\",\"itemListElement\":[{\"@type\":\"ListItem\",\"position\":1,\"name\":\"Accueil\",\"item\":\"https:\/\/heshimardc.net\/v1\/\"},{\"@type\":\"ListItem\",\"position\":2,\"name\":\"D\u00e9bat sur le changement de Constitution\u00a0: sous Tshisekedi, la rue peut-elle encore gronder\u00a0?\"}]},{\"@type\":\"WebSite\",\"@id\":\"https:\/\/heshimardc.net\/v1\/#website\",\"url\":\"https:\/\/heshimardc.net\/v1\/\",\"name\":\"HESHIMA MAGAZINE\",\"description\":\"Le magazine Congolais qui bat au rythme de l&#039;actualit\u00e9\",\"publisher\":{\"@id\":\"https:\/\/heshimardc.net\/v1\/#organization\"},\"potentialAction\":[{\"@type\":\"SearchAction\",\"target\":{\"@type\":\"EntryPoint\",\"urlTemplate\":\"https:\/\/heshimardc.net\/v1\/?s={search_term_string}\"},\"query-input\":\"required name=search_term_string\"}],\"inLanguage\":\"fr-FR\"},{\"@type\":\"Organization\",\"@id\":\"https:\/\/heshimardc.net\/v1\/#organization\",\"name\":\"HESHIMA MAGAZINE\",\"url\":\"https:\/\/heshimardc.net\/v1\/\",\"logo\":{\"@type\":\"ImageObject\",\"inLanguage\":\"fr-FR\",\"@id\":\"https:\/\/heshimardc.net\/v1\/#\/schema\/logo\/image\/\",\"url\":\"https:\/\/heshimardc.net\/v1\/wp-content\/uploads\/2020\/09\/logo.png\",\"contentUrl\":\"https:\/\/heshimardc.net\/v1\/wp-content\/uploads\/2020\/09\/logo.png\",\"width\":99,\"height\":130,\"caption\":\"HESHIMA MAGAZINE\"},\"image\":{\"@id\":\"https:\/\/heshimardc.net\/v1\/#\/schema\/logo\/image\/\"},\"sameAs\":[\"https:\/\/www.facebook.com\/heshimamagazine\",\"https:\/\/x.com\/HeshimaMag\"]},{\"@type\":\"Person\",\"@id\":\"https:\/\/heshimardc.net\/v1\/#\/schema\/person\/7188c0b9e770a370943576373b325f91\",\"name\":\"La redaction\",\"image\":{\"@type\":\"ImageObject\",\"inLanguage\":\"fr-FR\",\"@id\":\"https:\/\/heshimardc.net\/v1\/#\/schema\/person\/image\/\",\"url\":\"https:\/\/secure.gravatar.com\/avatar\/b53b1a4a434346e76d3ea6c9ecf19fc8?s=96&d=mm&r=g\",\"contentUrl\":\"https:\/\/secure.gravatar.com\/avatar\/b53b1a4a434346e76d3ea6c9ecf19fc8?s=96&d=mm&r=g\",\"caption\":\"La redaction\"},\"sameAs\":[\"https:\/\/heshimardc.net\/v1\",\"La redaction\"],\"url\":\"https:\/\/heshimardc.net\/v1\/author\/la-redaction\/\"}]}<\/script>\n<!-- \/ Yoast SEO plugin. -->","yoast_head_json":{"title":"D\u00e9bat sur le changement de Constitution\u00a0: sous Tshisekedi, la rue peut-elle encore gronder\u00a0? - HESHIMA MAGAZINE","robots":{"index":"index","follow":"follow","max-snippet":"max-snippet:-1","max-image-preview":"max-image-preview:large","max-video-preview":"max-video-preview:-1"},"canonical":"https:\/\/heshimardc.net\/v1\/2026\/04\/04\/debat-sur-le-changement-de-constitution-sous-tshisekedi-la-rue-peut-elle-encore-gronder\/","og_locale":"fr_FR","og_type":"article","og_title":"D\u00e9bat sur le changement de Constitution\u00a0: sous Tshisekedi, la rue peut-elle encore gronder\u00a0? - HESHIMA MAGAZINE","og_description":"Entre 2015 et 2016, la R\u00e9publique d\u00e9mocratique du Congo (RDC) a \u00e9t\u00e9 le th\u00e9\u00e2tre de vastes mobilisations populaires contre toute tentative de modification de la Constitution visant \u00e0 prolonger le mandat du pr\u00e9sident Joseph Kabila. Ces manifestations, souvent violemment r\u00e9prim\u00e9es, ont contraint l\u2019ancien chef de l\u2019Etat \u00e0 passer le pouvoir \u00e0 son successeur, F\u00e9lix Tshisekedi, [&hellip;]","og_url":"https:\/\/heshimardc.net\/v1\/2026\/04\/04\/debat-sur-le-changement-de-constitution-sous-tshisekedi-la-rue-peut-elle-encore-gronder\/","og_site_name":"HESHIMA MAGAZINE","article_publisher":"https:\/\/www.facebook.com\/heshimamagazine","article_published_time":"2026-04-04T13:21:47+00:00","article_modified_time":"2026-04-04T13:21:48+00:00","og_image":[{"width":710,"height":400,"url":"https:\/\/heshimardc.net\/v1\/wp-content\/uploads\/2026\/04\/constituDRC-1.jpg","type":"image\/jpeg"}],"author":"La redaction","twitter_card":"summary_large_image","twitter_creator":"@HeshimaMag","twitter_site":"@HeshimaMag","twitter_misc":{"\u00c9crit par":"La redaction","Dur\u00e9e de lecture estim\u00e9e":"6 minutes"},"schema":{"@context":"https:\/\/schema.org","@graph":[{"@type":"Article","@id":"https:\/\/heshimardc.net\/v1\/2026\/04\/04\/debat-sur-le-changement-de-constitution-sous-tshisekedi-la-rue-peut-elle-encore-gronder\/#article","isPartOf":{"@id":"https:\/\/heshimardc.net\/v1\/2026\/04\/04\/debat-sur-le-changement-de-constitution-sous-tshisekedi-la-rue-peut-elle-encore-gronder\/"},"author":{"name":"La redaction","@id":"https:\/\/heshimardc.net\/v1\/#\/schema\/person\/7188c0b9e770a370943576373b325f91"},"headline":"D\u00e9bat sur le changement de Constitution\u00a0: sous Tshisekedi, la rue peut-elle encore gronder\u00a0?","datePublished":"2026-04-04T13:21:47+00:00","dateModified":"2026-04-04T13:21:48+00:00","mainEntityOfPage":{"@id":"https:\/\/heshimardc.net\/v1\/2026\/04\/04\/debat-sur-le-changement-de-constitution-sous-tshisekedi-la-rue-peut-elle-encore-gronder\/"},"wordCount":1188,"publisher":{"@id":"https:\/\/heshimardc.net\/v1\/#organization"},"image":{"@id":"https:\/\/heshimardc.net\/v1\/2026\/04\/04\/debat-sur-le-changement-de-constitution-sous-tshisekedi-la-rue-peut-elle-encore-gronder\/#primaryimage"},"thumbnailUrl":"https:\/\/heshimardc.net\/v1\/wp-content\/uploads\/2026\/04\/constituDRC-1.jpg","articleSection":["Nation"],"inLanguage":"fr-FR"},{"@type":"WebPage","@id":"https:\/\/heshimardc.net\/v1\/2026\/04\/04\/debat-sur-le-changement-de-constitution-sous-tshisekedi-la-rue-peut-elle-encore-gronder\/","url":"https:\/\/heshimardc.net\/v1\/2026\/04\/04\/debat-sur-le-changement-de-constitution-sous-tshisekedi-la-rue-peut-elle-encore-gronder\/","name":"D\u00e9bat sur le changement de Constitution\u00a0: sous Tshisekedi, la rue peut-elle encore gronder\u00a0? - HESHIMA MAGAZINE","isPartOf":{"@id":"https:\/\/heshimardc.net\/v1\/#website"},"primaryImageOfPage":{"@id":"https:\/\/heshimardc.net\/v1\/2026\/04\/04\/debat-sur-le-changement-de-constitution-sous-tshisekedi-la-rue-peut-elle-encore-gronder\/#primaryimage"},"image":{"@id":"https:\/\/heshimardc.net\/v1\/2026\/04\/04\/debat-sur-le-changement-de-constitution-sous-tshisekedi-la-rue-peut-elle-encore-gronder\/#primaryimage"},"thumbnailUrl":"https:\/\/heshimardc.net\/v1\/wp-content\/uploads\/2026\/04\/constituDRC-1.jpg","datePublished":"2026-04-04T13:21:47+00:00","dateModified":"2026-04-04T13:21:48+00:00","breadcrumb":{"@id":"https:\/\/heshimardc.net\/v1\/2026\/04\/04\/debat-sur-le-changement-de-constitution-sous-tshisekedi-la-rue-peut-elle-encore-gronder\/#breadcrumb"},"inLanguage":"fr-FR","potentialAction":[{"@type":"ReadAction","target":["https:\/\/heshimardc.net\/v1\/2026\/04\/04\/debat-sur-le-changement-de-constitution-sous-tshisekedi-la-rue-peut-elle-encore-gronder\/"]}]},{"@type":"ImageObject","inLanguage":"fr-FR","@id":"https:\/\/heshimardc.net\/v1\/2026\/04\/04\/debat-sur-le-changement-de-constitution-sous-tshisekedi-la-rue-peut-elle-encore-gronder\/#primaryimage","url":"https:\/\/heshimardc.net\/v1\/wp-content\/uploads\/2026\/04\/constituDRC-1.jpg","contentUrl":"https:\/\/heshimardc.net\/v1\/wp-content\/uploads\/2026\/04\/constituDRC-1.jpg","width":710,"height":400},{"@type":"BreadcrumbList","@id":"https:\/\/heshimardc.net\/v1\/2026\/04\/04\/debat-sur-le-changement-de-constitution-sous-tshisekedi-la-rue-peut-elle-encore-gronder\/#breadcrumb","itemListElement":[{"@type":"ListItem","position":1,"name":"Accueil","item":"https:\/\/heshimardc.net\/v1\/"},{"@type":"ListItem","position":2,"name":"D\u00e9bat sur le changement de Constitution\u00a0: sous Tshisekedi, la rue peut-elle encore gronder\u00a0?"}]},{"@type":"WebSite","@id":"https:\/\/heshimardc.net\/v1\/#website","url":"https:\/\/heshimardc.net\/v1\/","name":"HESHIMA MAGAZINE","description":"Le magazine Congolais qui bat au rythme de l&#039;actualit\u00e9","publisher":{"@id":"https:\/\/heshimardc.net\/v1\/#organization"},"potentialAction":[{"@type":"SearchAction","target":{"@type":"EntryPoint","urlTemplate":"https:\/\/heshimardc.net\/v1\/?s={search_term_string}"},"query-input":"required name=search_term_string"}],"inLanguage":"fr-FR"},{"@type":"Organization","@id":"https:\/\/heshimardc.net\/v1\/#organization","name":"HESHIMA MAGAZINE","url":"https:\/\/heshimardc.net\/v1\/","logo":{"@type":"ImageObject","inLanguage":"fr-FR","@id":"https:\/\/heshimardc.net\/v1\/#\/schema\/logo\/image\/","url":"https:\/\/heshimardc.net\/v1\/wp-content\/uploads\/2020\/09\/logo.png","contentUrl":"https:\/\/heshimardc.net\/v1\/wp-content\/uploads\/2020\/09\/logo.png","width":99,"height":130,"caption":"HESHIMA MAGAZINE"},"image":{"@id":"https:\/\/heshimardc.net\/v1\/#\/schema\/logo\/image\/"},"sameAs":["https:\/\/www.facebook.com\/heshimamagazine","https:\/\/x.com\/HeshimaMag"]},{"@type":"Person","@id":"https:\/\/heshimardc.net\/v1\/#\/schema\/person\/7188c0b9e770a370943576373b325f91","name":"La redaction","image":{"@type":"ImageObject","inLanguage":"fr-FR","@id":"https:\/\/heshimardc.net\/v1\/#\/schema\/person\/image\/","url":"https:\/\/secure.gravatar.com\/avatar\/b53b1a4a434346e76d3ea6c9ecf19fc8?s=96&d=mm&r=g","contentUrl":"https:\/\/secure.gravatar.com\/avatar\/b53b1a4a434346e76d3ea6c9ecf19fc8?s=96&d=mm&r=g","caption":"La redaction"},"sameAs":["https:\/\/heshimardc.net\/v1","La redaction"],"url":"https:\/\/heshimardc.net\/v1\/author\/la-redaction\/"}]}},"amp_enabled":true,"_links":{"self":[{"href":"https:\/\/heshimardc.net\/v1\/wp-json\/wp\/v2\/posts\/6128"}],"collection":[{"href":"https:\/\/heshimardc.net\/v1\/wp-json\/wp\/v2\/posts"}],"about":[{"href":"https:\/\/heshimardc.net\/v1\/wp-json\/wp\/v2\/types\/post"}],"author":[{"embeddable":true,"href":"https:\/\/heshimardc.net\/v1\/wp-json\/wp\/v2\/users\/1"}],"replies":[{"embeddable":true,"href":"https:\/\/heshimardc.net\/v1\/wp-json\/wp\/v2\/comments?post=6128"}],"version-history":[{"count":1,"href":"https:\/\/heshimardc.net\/v1\/wp-json\/wp\/v2\/posts\/6128\/revisions"}],"predecessor-version":[{"id":6131,"href":"https:\/\/heshimardc.net\/v1\/wp-json\/wp\/v2\/posts\/6128\/revisions\/6131"}],"wp:featuredmedia":[{"embeddable":true,"href":"https:\/\/heshimardc.net\/v1\/wp-json\/wp\/v2\/media\/6130"}],"wp:attachment":[{"href":"https:\/\/heshimardc.net\/v1\/wp-json\/wp\/v2\/media?parent=6128"}],"wp:term":[{"taxonomy":"category","embeddable":true,"href":"https:\/\/heshimardc.net\/v1\/wp-json\/wp\/v2\/categories?post=6128"},{"taxonomy":"post_tag","embeddable":true,"href":"https:\/\/heshimardc.net\/v1\/wp-json\/wp\/v2\/tags?post=6128"}],"curies":[{"name":"wp","href":"https:\/\/api.w.org\/{rel}","templated":true}]}}