{"id":6164,"date":"2026-04-27T08:46:51","date_gmt":"2026-04-27T08:46:51","guid":{"rendered":"https:\/\/heshimardc.net\/v1\/?p=6164"},"modified":"2026-04-27T08:46:53","modified_gmt":"2026-04-27T08:46:53","slug":"udps-a-quand-la-concorde-au-sein-du-parti-presidentiel","status":"publish","type":"post","link":"https:\/\/heshimardc.net\/v1\/2026\/04\/27\/udps-a-quand-la-concorde-au-sein-du-parti-presidentiel\/","title":{"rendered":"UDPS : \u00e0 quand la concorde au sein du parti pr\u00e9sidentiel ?"},"content":{"rendered":"\n<p><strong>Min\u00e9 par des querelles internes r\u00e9currentes, l\u2019Union pour la d\u00e9mocratie et le progr\u00e8s social (UDPS) peine \u00e0 afficher une unit\u00e9 durable, que ce soit dans l\u2019opposition hier ou au pouvoir aujourd\u2019hui. Entre rivalit\u00e9s de leadership, blocages organisationnels et tensions publiques, les divisions actuelles interrogent sur la capacit\u00e9 du parti \u00e0 survivre politiquement apr\u00e8s l\u2019exercice du pouvoir en 2028.<\/strong><\/p>\n\n\n\n<p>Au sein de l\u2019UDPS, les signes de crispation interne se multiplient, donnant l\u2019image d\u2019un parti en proie \u00e0 des luttes intestines constantes. Dernier \u00e9pisode en date : les tensions raviv\u00e9es entre cadres influents de la majorit\u00e9 au pouvoir, illustr\u00e9es par des attaques publiques entre responsables politiques lors de meetings r\u00e9cents. Le 18 avril, devant les militants de l\u2019UDPS, le secr\u00e9taire g\u00e9n\u00e9ral Augustin Kabuya a relanc\u00e9 ces tensions en diffusant des images d\u2019une ancienne intervention du secr\u00e9taire permanent de l\u2019Union sacr\u00e9e de la Nation, Andr\u00e9 Mbata, au si\u00e8ge de l\u2019UNC. A travers ces images, le secr\u00e9taire g\u00e9n\u00e9ral de l\u2019UDPS a voulu rappeler publiquement le parcours politique d\u2019Andr\u00e9 Mbata, sugg\u00e9rant qu\u2019il n\u2019est pas un membre historique de l\u2019actuel parti pr\u00e9sidentiel. Ces deux personnalit\u00e9s ont \u00e9tal\u00e9 leurs dissensions au grand jour apr\u00e8s l\u2019\u00e9lection du gouverneur de Sankuru. La victoire du candidat Lodi Emongo, port\u00e9 par Andr\u00e9 Mbata, au d\u00e9triment du ticket Lumu Akutu Joseph et Dambo Onayimbi Jos\u00e9, soutenu par Augustin Kabuya, a pouss\u00e9 Andr\u00e9 Mbata \u00e0 qualifier ses camarades comme \u00e9tant du mauvais c\u00f4t\u00e9 de l&rsquo;histoire.<\/p>\n\n\n\n<p>Dans son intervention lors d\u2019un meeting au si\u00e8ge du parti, Kabuya a insist\u00e9 sur sa propre anciennet\u00e9 au sein de l\u2019UDPS, mettant en avant son r\u00f4le dans l\u2019ascension de F\u00e9lix Tshisekedi \u00e0 la magistrature supr\u00eame. Il a ainsi cherch\u00e9 \u00e0 affirmer sa l\u00e9gitimit\u00e9 face \u00e0 Mbata, pr\u00e9sent\u00e9 comme un \u201cnouveau venu\u201d dans les rangs du parti. Ces frictions ne sont pas isol\u00e9es. Elles traduisent une rivalit\u00e9 croissante entre figures du parti et, plus largement, au sein de la plateforme au pouvoir, l\u2019Union sacr\u00e9e de la Nation. Derri\u00e8re ces passes d\u2019armes, se jouent des enjeux de positionnement politique, d\u2019influence et de contr\u00f4le de l\u2019appareil partisan.<\/p>\n\n\n\n<p><strong>Une crise interne assum\u00e9e et d\u00e9nonc\u00e9e de l\u2019int\u00e9rieur<\/strong><\/p>\n\n\n\n<p>Au-del\u00e0 des affrontements entre leaders, certaines voix internes d\u00e9noncent ouvertement une d\u00e9rive pr\u00e9occupante. Des cadres de la jeunesse du parti \u00e9voquent des comportements \u00ab immatures \u00bb et des \u00ab camps qui se forment \u00bb, r\u00e9v\u00e9lateurs d\u2019un profond malaise organisationnel. Ces critiques mettent en lumi\u00e8re une r\u00e9alit\u00e9 : l\u2019UDPS, longtemps structur\u00e9e autour d\u2019un combat commun dans l\u2019opposition, semble aujourd\u2019hui fragilis\u00e9e par l\u2019exercice du pouvoir et les ambitions individuelles. La discipline interne appara\u00eet de plus en plus difficile \u00e0 maintenir.<\/p>\n\n\n\n<p><strong>Le blocage du congr\u00e8s, symbole d\u2019un malaise plus profond<\/strong><\/p>\n\n\n\n<p>L\u2019incapacit\u00e9 du parti \u00e0 organiser son congr\u00e8s, pourtant annonc\u00e9 comme une \u00e9tape cl\u00e9 de restructuration, illustre ces divisions. Initialement pr\u00e9vu en d\u00e9cembre 2025 et con\u00e7u pour red\u00e9finir les orientations et renouveler les instances dirigeantes, ce rendez-vous est constamment report\u00e9 sur fond de d\u00e9saccords internes. Ce blocage nourrit les frustrations des militants et alimente les interrogations sur la gouvernance du parti. Il refl\u00e8te surtout des divergences profondes sur les questions de leadership et de gestion, qui peinent \u00e0 trouver une issue consensuelle.<\/p>\n\n\n\n<p><strong>Un parti historiquement travers\u00e9 par les divisions<\/strong><\/p>\n\n\n\n<p>Ces tensions ne sont pas nouvelles. D\u00e9j\u00e0 dans l\u2019opposition, l\u2019UDPS \u00e9tait r\u00e9guli\u00e8rement secou\u00e9e par des dissensions internes, li\u00e9es notamment \u00e0 des querelles de l\u00e9gitimit\u00e9 et de leadership. Aujourd\u2019hui, l\u2019accession au pouvoir n\u2019a pas att\u00e9nu\u00e9 ces fractures \u2013 elle semble au contraire les avoir exacerb\u00e9es. Des observateurs \u00e9voquent m\u00eame une \u00ab crise existentielle \u00bb, marqu\u00e9e par une perte de rep\u00e8res id\u00e9ologiques et une gestion jug\u00e9e contest\u00e9e en interne. Dans ce contexte, certains militants redoutent une dilution de l\u2019identit\u00e9 historique du parti, h\u00e9rit\u00e9e d\u2019\u00c9tienne Tshisekedi, au profit d\u2019alliances politiques jug\u00e9es opportunistes.<\/p>\n\n\n\n<p><strong>Le risque de l\u2019apr\u00e8s-pouvoir<\/strong><\/p>\n\n\n\n<p>Au-del\u00e0 des tensions actuelles, une question se pose avec insistance : que restera-t-il de l\u2019UDPS apr\u00e8s le pouvoir ? Pour plusieurs analystes, l\u2019incapacit\u00e9 \u00e0 consolider l\u2019unit\u00e9 interne pourrait fragiliser durablement le parti. Le risque est celui d\u2019un \u00e9clatement ou d\u2019un affaiblissement, notamment si les alliances qui soutiennent aujourd\u2019hui la majorit\u00e9 venaient \u00e0 se d\u00e9liter. Dans un syst\u00e8me politique congolais marqu\u00e9 par des recompositions rapides, l\u2019absence de coh\u00e9sion interne pourrait co\u00fbter cher \u00e0 une formation qui a longtemps incarn\u00e9 l\u2019opposition historique avant d\u2019acc\u00e9der au sommet de l\u2019\u00c9tat. Ces dissensions pourraient affecter l\u2019apr\u00e8s-pouvoir de l\u2019UDPS avec un risque d\u2019implosion du parti. Pourtant, certains militants \u2013 moins clivants \u2013 attendent une concorde au sein de ce grand parti de la sc\u00e8ne politique congolaise.<\/p>\n\n\n\n<p class=\"has-text-align-right\"><strong>Heshima Magazine &nbsp;&nbsp;&nbsp;&nbsp;&nbsp;&nbsp;<\/strong><\/p>\n","protected":false},"excerpt":{"rendered":"<p>Min\u00e9 par des querelles internes r\u00e9currentes, l\u2019Union pour la d\u00e9mocratie et le progr\u00e8s social (UDPS) peine \u00e0 afficher une unit\u00e9 durable, que ce soit dans l\u2019opposition hier ou au pouvoir aujourd\u2019hui. Entre rivalit\u00e9s de leadership, blocages organisationnels et tensions publiques, les divisions actuelles interrogent sur la capacit\u00e9 du parti \u00e0 survivre politiquement apr\u00e8s l\u2019exercice du [&hellip;]<\/p>\n","protected":false},"author":1,"featured_media":6165,"comment_status":"closed","ping_status":"closed","sticky":false,"template":"","format":"standard","meta":{"footnotes":""},"categories":[200],"tags":[],"class_list":["post-6164","post","type-post","status-publish","format-standard","has-post-thumbnail","hentry","category-non-classe-en"],"yoast_head":"<!-- This site is optimized with the Yoast SEO plugin v23.3 - https:\/\/yoast.com\/wordpress\/plugins\/seo\/ -->\n<title>UDPS : \u00e0 quand la concorde au sein du parti pr\u00e9sidentiel ? - HESHIMA MAGAZINE<\/title>\n<meta name=\"robots\" content=\"index, follow, max-snippet:-1, max-image-preview:large, max-video-preview:-1\" \/>\n<link rel=\"canonical\" href=\"https:\/\/heshimardc.net\/v1\/2026\/04\/27\/udps-a-quand-la-concorde-au-sein-du-parti-presidentiel\/\" \/>\n<meta property=\"og:locale\" content=\"fr_FR\" \/>\n<meta property=\"og:type\" content=\"article\" \/>\n<meta property=\"og:title\" content=\"UDPS : \u00e0 quand la concorde au sein du parti pr\u00e9sidentiel ? - HESHIMA MAGAZINE\" \/>\n<meta property=\"og:description\" content=\"Min\u00e9 par des querelles internes r\u00e9currentes, l\u2019Union pour la d\u00e9mocratie et le progr\u00e8s social (UDPS) peine \u00e0 afficher une unit\u00e9 durable, que ce soit dans l\u2019opposition hier ou au pouvoir aujourd\u2019hui. Entre rivalit\u00e9s de leadership, blocages organisationnels et tensions publiques, les divisions actuelles interrogent sur la capacit\u00e9 du parti \u00e0 survivre politiquement apr\u00e8s l\u2019exercice du [&hellip;]\" \/>\n<meta property=\"og:url\" content=\"https:\/\/heshimardc.net\/v1\/2026\/04\/27\/udps-a-quand-la-concorde-au-sein-du-parti-presidentiel\/\" \/>\n<meta property=\"og:site_name\" content=\"HESHIMA MAGAZINE\" \/>\n<meta property=\"article:publisher\" content=\"https:\/\/www.facebook.com\/heshimamagazine\" \/>\n<meta property=\"article:published_time\" content=\"2026-04-27T08:46:51+00:00\" \/>\n<meta property=\"article:modified_time\" content=\"2026-04-27T08:46:53+00:00\" \/>\n<meta property=\"og:image\" content=\"https:\/\/heshimardc.net\/v1\/wp-content\/uploads\/2026\/04\/bitmap_1200_nocrop_1_1_20200207162439762121-5.jpg\" \/>\n\t<meta property=\"og:image:width\" content=\"1200\" \/>\n\t<meta property=\"og:image:height\" content=\"800\" \/>\n\t<meta property=\"og:image:type\" content=\"image\/jpeg\" \/>\n<meta name=\"author\" content=\"La redaction\" \/>\n<meta name=\"twitter:card\" content=\"summary_large_image\" \/>\n<meta name=\"twitter:creator\" content=\"@HeshimaMag\" \/>\n<meta name=\"twitter:site\" content=\"@HeshimaMag\" \/>\n<meta name=\"twitter:label1\" content=\"\u00c9crit par\" \/>\n\t<meta name=\"twitter:data1\" content=\"La redaction\" \/>\n\t<meta name=\"twitter:label2\" content=\"Dur\u00e9e de lecture estim\u00e9e\" \/>\n\t<meta name=\"twitter:data2\" content=\"4 minutes\" \/>\n<script type=\"application\/ld+json\" class=\"yoast-schema-graph\">{\"@context\":\"https:\/\/schema.org\",\"@graph\":[{\"@type\":\"Article\",\"@id\":\"https:\/\/heshimardc.net\/v1\/2026\/04\/27\/udps-a-quand-la-concorde-au-sein-du-parti-presidentiel\/#article\",\"isPartOf\":{\"@id\":\"https:\/\/heshimardc.net\/v1\/2026\/04\/27\/udps-a-quand-la-concorde-au-sein-du-parti-presidentiel\/\"},\"author\":{\"name\":\"La redaction\",\"@id\":\"https:\/\/heshimardc.net\/v1\/#\/schema\/person\/7188c0b9e770a370943576373b325f91\"},\"headline\":\"UDPS : \u00e0 quand la concorde au sein du parti pr\u00e9sidentiel ?\",\"datePublished\":\"2026-04-27T08:46:51+00:00\",\"dateModified\":\"2026-04-27T08:46:53+00:00\",\"mainEntityOfPage\":{\"@id\":\"https:\/\/heshimardc.net\/v1\/2026\/04\/27\/udps-a-quand-la-concorde-au-sein-du-parti-presidentiel\/\"},\"wordCount\":856,\"publisher\":{\"@id\":\"https:\/\/heshimardc.net\/v1\/#organization\"},\"image\":{\"@id\":\"https:\/\/heshimardc.net\/v1\/2026\/04\/27\/udps-a-quand-la-concorde-au-sein-du-parti-presidentiel\/#primaryimage\"},\"thumbnailUrl\":\"https:\/\/heshimardc.net\/v1\/wp-content\/uploads\/2026\/04\/bitmap_1200_nocrop_1_1_20200207162439762121-5.jpg\",\"inLanguage\":\"fr-FR\"},{\"@type\":\"WebPage\",\"@id\":\"https:\/\/heshimardc.net\/v1\/2026\/04\/27\/udps-a-quand-la-concorde-au-sein-du-parti-presidentiel\/\",\"url\":\"https:\/\/heshimardc.net\/v1\/2026\/04\/27\/udps-a-quand-la-concorde-au-sein-du-parti-presidentiel\/\",\"name\":\"UDPS : \u00e0 quand la concorde au sein du parti pr\u00e9sidentiel ? - HESHIMA MAGAZINE\",\"isPartOf\":{\"@id\":\"https:\/\/heshimardc.net\/v1\/#website\"},\"primaryImageOfPage\":{\"@id\":\"https:\/\/heshimardc.net\/v1\/2026\/04\/27\/udps-a-quand-la-concorde-au-sein-du-parti-presidentiel\/#primaryimage\"},\"image\":{\"@id\":\"https:\/\/heshimardc.net\/v1\/2026\/04\/27\/udps-a-quand-la-concorde-au-sein-du-parti-presidentiel\/#primaryimage\"},\"thumbnailUrl\":\"https:\/\/heshimardc.net\/v1\/wp-content\/uploads\/2026\/04\/bitmap_1200_nocrop_1_1_20200207162439762121-5.jpg\",\"datePublished\":\"2026-04-27T08:46:51+00:00\",\"dateModified\":\"2026-04-27T08:46:53+00:00\",\"breadcrumb\":{\"@id\":\"https:\/\/heshimardc.net\/v1\/2026\/04\/27\/udps-a-quand-la-concorde-au-sein-du-parti-presidentiel\/#breadcrumb\"},\"inLanguage\":\"fr-FR\",\"potentialAction\":[{\"@type\":\"ReadAction\",\"target\":[\"https:\/\/heshimardc.net\/v1\/2026\/04\/27\/udps-a-quand-la-concorde-au-sein-du-parti-presidentiel\/\"]}]},{\"@type\":\"ImageObject\",\"inLanguage\":\"fr-FR\",\"@id\":\"https:\/\/heshimardc.net\/v1\/2026\/04\/27\/udps-a-quand-la-concorde-au-sein-du-parti-presidentiel\/#primaryimage\",\"url\":\"https:\/\/heshimardc.net\/v1\/wp-content\/uploads\/2026\/04\/bitmap_1200_nocrop_1_1_20200207162439762121-5.jpg\",\"contentUrl\":\"https:\/\/heshimardc.net\/v1\/wp-content\/uploads\/2026\/04\/bitmap_1200_nocrop_1_1_20200207162439762121-5.jpg\",\"width\":1200,\"height\":800},{\"@type\":\"BreadcrumbList\",\"@id\":\"https:\/\/heshimardc.net\/v1\/2026\/04\/27\/udps-a-quand-la-concorde-au-sein-du-parti-presidentiel\/#breadcrumb\",\"itemListElement\":[{\"@type\":\"ListItem\",\"position\":1,\"name\":\"Accueil\",\"item\":\"https:\/\/heshimardc.net\/v1\/\"},{\"@type\":\"ListItem\",\"position\":2,\"name\":\"UDPS : \u00e0 quand la concorde au sein du parti pr\u00e9sidentiel ?\"}]},{\"@type\":\"WebSite\",\"@id\":\"https:\/\/heshimardc.net\/v1\/#website\",\"url\":\"https:\/\/heshimardc.net\/v1\/\",\"name\":\"HESHIMA MAGAZINE\",\"description\":\"Le magazine Congolais qui bat au rythme de l&#039;actualit\u00e9\",\"publisher\":{\"@id\":\"https:\/\/heshimardc.net\/v1\/#organization\"},\"potentialAction\":[{\"@type\":\"SearchAction\",\"target\":{\"@type\":\"EntryPoint\",\"urlTemplate\":\"https:\/\/heshimardc.net\/v1\/?s={search_term_string}\"},\"query-input\":\"required name=search_term_string\"}],\"inLanguage\":\"fr-FR\"},{\"@type\":\"Organization\",\"@id\":\"https:\/\/heshimardc.net\/v1\/#organization\",\"name\":\"HESHIMA MAGAZINE\",\"url\":\"https:\/\/heshimardc.net\/v1\/\",\"logo\":{\"@type\":\"ImageObject\",\"inLanguage\":\"fr-FR\",\"@id\":\"https:\/\/heshimardc.net\/v1\/#\/schema\/logo\/image\/\",\"url\":\"https:\/\/heshimardc.net\/v1\/wp-content\/uploads\/2020\/09\/logo.png\",\"contentUrl\":\"https:\/\/heshimardc.net\/v1\/wp-content\/uploads\/2020\/09\/logo.png\",\"width\":99,\"height\":130,\"caption\":\"HESHIMA MAGAZINE\"},\"image\":{\"@id\":\"https:\/\/heshimardc.net\/v1\/#\/schema\/logo\/image\/\"},\"sameAs\":[\"https:\/\/www.facebook.com\/heshimamagazine\",\"https:\/\/x.com\/HeshimaMag\"]},{\"@type\":\"Person\",\"@id\":\"https:\/\/heshimardc.net\/v1\/#\/schema\/person\/7188c0b9e770a370943576373b325f91\",\"name\":\"La redaction\",\"image\":{\"@type\":\"ImageObject\",\"inLanguage\":\"fr-FR\",\"@id\":\"https:\/\/heshimardc.net\/v1\/#\/schema\/person\/image\/\",\"url\":\"https:\/\/secure.gravatar.com\/avatar\/b53b1a4a434346e76d3ea6c9ecf19fc8?s=96&d=mm&r=g\",\"contentUrl\":\"https:\/\/secure.gravatar.com\/avatar\/b53b1a4a434346e76d3ea6c9ecf19fc8?s=96&d=mm&r=g\",\"caption\":\"La redaction\"},\"sameAs\":[\"https:\/\/heshimardc.net\/v1\",\"La redaction\"],\"url\":\"https:\/\/heshimardc.net\/v1\/author\/la-redaction\/\"}]}<\/script>\n<!-- \/ Yoast SEO plugin. -->","yoast_head_json":{"title":"UDPS : \u00e0 quand la concorde au sein du parti pr\u00e9sidentiel ? - HESHIMA MAGAZINE","robots":{"index":"index","follow":"follow","max-snippet":"max-snippet:-1","max-image-preview":"max-image-preview:large","max-video-preview":"max-video-preview:-1"},"canonical":"https:\/\/heshimardc.net\/v1\/2026\/04\/27\/udps-a-quand-la-concorde-au-sein-du-parti-presidentiel\/","og_locale":"fr_FR","og_type":"article","og_title":"UDPS : \u00e0 quand la concorde au sein du parti pr\u00e9sidentiel ? - HESHIMA MAGAZINE","og_description":"Min\u00e9 par des querelles internes r\u00e9currentes, l\u2019Union pour la d\u00e9mocratie et le progr\u00e8s social (UDPS) peine \u00e0 afficher une unit\u00e9 durable, que ce soit dans l\u2019opposition hier ou au pouvoir aujourd\u2019hui. Entre rivalit\u00e9s de leadership, blocages organisationnels et tensions publiques, les divisions actuelles interrogent sur la capacit\u00e9 du parti \u00e0 survivre politiquement apr\u00e8s l\u2019exercice du [&hellip;]","og_url":"https:\/\/heshimardc.net\/v1\/2026\/04\/27\/udps-a-quand-la-concorde-au-sein-du-parti-presidentiel\/","og_site_name":"HESHIMA MAGAZINE","article_publisher":"https:\/\/www.facebook.com\/heshimamagazine","article_published_time":"2026-04-27T08:46:51+00:00","article_modified_time":"2026-04-27T08:46:53+00:00","og_image":[{"width":1200,"height":800,"url":"https:\/\/heshimardc.net\/v1\/wp-content\/uploads\/2026\/04\/bitmap_1200_nocrop_1_1_20200207162439762121-5.jpg","type":"image\/jpeg"}],"author":"La redaction","twitter_card":"summary_large_image","twitter_creator":"@HeshimaMag","twitter_site":"@HeshimaMag","twitter_misc":{"\u00c9crit par":"La redaction","Dur\u00e9e de lecture estim\u00e9e":"4 minutes"},"schema":{"@context":"https:\/\/schema.org","@graph":[{"@type":"Article","@id":"https:\/\/heshimardc.net\/v1\/2026\/04\/27\/udps-a-quand-la-concorde-au-sein-du-parti-presidentiel\/#article","isPartOf":{"@id":"https:\/\/heshimardc.net\/v1\/2026\/04\/27\/udps-a-quand-la-concorde-au-sein-du-parti-presidentiel\/"},"author":{"name":"La redaction","@id":"https:\/\/heshimardc.net\/v1\/#\/schema\/person\/7188c0b9e770a370943576373b325f91"},"headline":"UDPS : \u00e0 quand la concorde au sein du parti pr\u00e9sidentiel ?","datePublished":"2026-04-27T08:46:51+00:00","dateModified":"2026-04-27T08:46:53+00:00","mainEntityOfPage":{"@id":"https:\/\/heshimardc.net\/v1\/2026\/04\/27\/udps-a-quand-la-concorde-au-sein-du-parti-presidentiel\/"},"wordCount":856,"publisher":{"@id":"https:\/\/heshimardc.net\/v1\/#organization"},"image":{"@id":"https:\/\/heshimardc.net\/v1\/2026\/04\/27\/udps-a-quand-la-concorde-au-sein-du-parti-presidentiel\/#primaryimage"},"thumbnailUrl":"https:\/\/heshimardc.net\/v1\/wp-content\/uploads\/2026\/04\/bitmap_1200_nocrop_1_1_20200207162439762121-5.jpg","inLanguage":"fr-FR"},{"@type":"WebPage","@id":"https:\/\/heshimardc.net\/v1\/2026\/04\/27\/udps-a-quand-la-concorde-au-sein-du-parti-presidentiel\/","url":"https:\/\/heshimardc.net\/v1\/2026\/04\/27\/udps-a-quand-la-concorde-au-sein-du-parti-presidentiel\/","name":"UDPS : \u00e0 quand la concorde au sein du parti pr\u00e9sidentiel ? - HESHIMA MAGAZINE","isPartOf":{"@id":"https:\/\/heshimardc.net\/v1\/#website"},"primaryImageOfPage":{"@id":"https:\/\/heshimardc.net\/v1\/2026\/04\/27\/udps-a-quand-la-concorde-au-sein-du-parti-presidentiel\/#primaryimage"},"image":{"@id":"https:\/\/heshimardc.net\/v1\/2026\/04\/27\/udps-a-quand-la-concorde-au-sein-du-parti-presidentiel\/#primaryimage"},"thumbnailUrl":"https:\/\/heshimardc.net\/v1\/wp-content\/uploads\/2026\/04\/bitmap_1200_nocrop_1_1_20200207162439762121-5.jpg","datePublished":"2026-04-27T08:46:51+00:00","dateModified":"2026-04-27T08:46:53+00:00","breadcrumb":{"@id":"https:\/\/heshimardc.net\/v1\/2026\/04\/27\/udps-a-quand-la-concorde-au-sein-du-parti-presidentiel\/#breadcrumb"},"inLanguage":"fr-FR","potentialAction":[{"@type":"ReadAction","target":["https:\/\/heshimardc.net\/v1\/2026\/04\/27\/udps-a-quand-la-concorde-au-sein-du-parti-presidentiel\/"]}]},{"@type":"ImageObject","inLanguage":"fr-FR","@id":"https:\/\/heshimardc.net\/v1\/2026\/04\/27\/udps-a-quand-la-concorde-au-sein-du-parti-presidentiel\/#primaryimage","url":"https:\/\/heshimardc.net\/v1\/wp-content\/uploads\/2026\/04\/bitmap_1200_nocrop_1_1_20200207162439762121-5.jpg","contentUrl":"https:\/\/heshimardc.net\/v1\/wp-content\/uploads\/2026\/04\/bitmap_1200_nocrop_1_1_20200207162439762121-5.jpg","width":1200,"height":800},{"@type":"BreadcrumbList","@id":"https:\/\/heshimardc.net\/v1\/2026\/04\/27\/udps-a-quand-la-concorde-au-sein-du-parti-presidentiel\/#breadcrumb","itemListElement":[{"@type":"ListItem","position":1,"name":"Accueil","item":"https:\/\/heshimardc.net\/v1\/"},{"@type":"ListItem","position":2,"name":"UDPS : \u00e0 quand la concorde au sein du parti pr\u00e9sidentiel ?"}]},{"@type":"WebSite","@id":"https:\/\/heshimardc.net\/v1\/#website","url":"https:\/\/heshimardc.net\/v1\/","name":"HESHIMA MAGAZINE","description":"Le magazine Congolais qui bat au rythme de l&#039;actualit\u00e9","publisher":{"@id":"https:\/\/heshimardc.net\/v1\/#organization"},"potentialAction":[{"@type":"SearchAction","target":{"@type":"EntryPoint","urlTemplate":"https:\/\/heshimardc.net\/v1\/?s={search_term_string}"},"query-input":"required name=search_term_string"}],"inLanguage":"fr-FR"},{"@type":"Organization","@id":"https:\/\/heshimardc.net\/v1\/#organization","name":"HESHIMA MAGAZINE","url":"https:\/\/heshimardc.net\/v1\/","logo":{"@type":"ImageObject","inLanguage":"fr-FR","@id":"https:\/\/heshimardc.net\/v1\/#\/schema\/logo\/image\/","url":"https:\/\/heshimardc.net\/v1\/wp-content\/uploads\/2020\/09\/logo.png","contentUrl":"https:\/\/heshimardc.net\/v1\/wp-content\/uploads\/2020\/09\/logo.png","width":99,"height":130,"caption":"HESHIMA MAGAZINE"},"image":{"@id":"https:\/\/heshimardc.net\/v1\/#\/schema\/logo\/image\/"},"sameAs":["https:\/\/www.facebook.com\/heshimamagazine","https:\/\/x.com\/HeshimaMag"]},{"@type":"Person","@id":"https:\/\/heshimardc.net\/v1\/#\/schema\/person\/7188c0b9e770a370943576373b325f91","name":"La redaction","image":{"@type":"ImageObject","inLanguage":"fr-FR","@id":"https:\/\/heshimardc.net\/v1\/#\/schema\/person\/image\/","url":"https:\/\/secure.gravatar.com\/avatar\/b53b1a4a434346e76d3ea6c9ecf19fc8?s=96&d=mm&r=g","contentUrl":"https:\/\/secure.gravatar.com\/avatar\/b53b1a4a434346e76d3ea6c9ecf19fc8?s=96&d=mm&r=g","caption":"La redaction"},"sameAs":["https:\/\/heshimardc.net\/v1","La redaction"],"url":"https:\/\/heshimardc.net\/v1\/author\/la-redaction\/"}]}},"amp_enabled":true,"_links":{"self":[{"href":"https:\/\/heshimardc.net\/v1\/wp-json\/wp\/v2\/posts\/6164"}],"collection":[{"href":"https:\/\/heshimardc.net\/v1\/wp-json\/wp\/v2\/posts"}],"about":[{"href":"https:\/\/heshimardc.net\/v1\/wp-json\/wp\/v2\/types\/post"}],"author":[{"embeddable":true,"href":"https:\/\/heshimardc.net\/v1\/wp-json\/wp\/v2\/users\/1"}],"replies":[{"embeddable":true,"href":"https:\/\/heshimardc.net\/v1\/wp-json\/wp\/v2\/comments?post=6164"}],"version-history":[{"count":1,"href":"https:\/\/heshimardc.net\/v1\/wp-json\/wp\/v2\/posts\/6164\/revisions"}],"predecessor-version":[{"id":6166,"href":"https:\/\/heshimardc.net\/v1\/wp-json\/wp\/v2\/posts\/6164\/revisions\/6166"}],"wp:featuredmedia":[{"embeddable":true,"href":"https:\/\/heshimardc.net\/v1\/wp-json\/wp\/v2\/media\/6165"}],"wp:attachment":[{"href":"https:\/\/heshimardc.net\/v1\/wp-json\/wp\/v2\/media?parent=6164"}],"wp:term":[{"taxonomy":"category","embeddable":true,"href":"https:\/\/heshimardc.net\/v1\/wp-json\/wp\/v2\/categories?post=6164"},{"taxonomy":"post_tag","embeddable":true,"href":"https:\/\/heshimardc.net\/v1\/wp-json\/wp\/v2\/tags?post=6164"}],"curies":[{"name":"wp","href":"https:\/\/api.w.org\/{rel}","templated":true}]}}