{"id":6168,"date":"2026-04-29T15:11:23","date_gmt":"2026-04-29T15:11:23","guid":{"rendered":"https:\/\/heshimardc.net\/v1\/?p=6168"},"modified":"2026-04-29T15:11:24","modified_gmt":"2026-04-29T15:11:24","slug":"assemblee-nationale-la-motion-contre-jacquemain-shabani-fracture-la-majorite","status":"publish","type":"post","link":"https:\/\/heshimardc.net\/v1\/2026\/04\/29\/assemblee-nationale-la-motion-contre-jacquemain-shabani-fracture-la-majorite\/","title":{"rendered":"Assembl\u00e9e nationale : la motion contre Jacquemain Shabani fracture la majorit\u00e9"},"content":{"rendered":"\n<p><strong>\u00c0 l\u2019Assembl\u00e9e nationale de la R\u00e9publique d\u00e9mocratique du Congo, l\u2019examen annonc\u00e9 de la motion de d\u00e9fiance visant le vice-Premier ministre, ministre de l\u2019Int\u00e9rieur et S\u00e9curit\u00e9, Jacquemain Shabani, initialement pr\u00e9vu le 27 avril, cristallise les tensions politiques au sein de l\u2019Union sacr\u00e9e de la Nation. Cette motion pourrait \u00eatre examin\u00e9e ce 29 avril. Avant cette s\u00e9ance, la majorit\u00e9 pr\u00e9sidentielle essaie de cr\u00e9er une solidarit\u00e9 pour ne pas faire tomber son ministre.<\/strong><\/p>\n\n\n\n<p>D\u00e9pos\u00e9e le 13 avril par le d\u00e9put\u00e9 Laddy Yangotikala, la motion de d\u00e9fiance reproche \u00e0 Jacquemain Shabani une gestion jug\u00e9e d\u00e9faillante de la s\u00e9curit\u00e9 nationale, notamment dans les grandes villes du pays, ainsi que des entraves au contr\u00f4le parlementaire et des abus d\u2019autorit\u00e9. Apr\u00e8s plusieurs jours de tractations et de blocages au sein de la chambre basse, la Conf\u00e9rence des pr\u00e9sidents avait finalement act\u00e9 l\u2019inscription de cette motion \u00e0 l\u2019ordre du jour de la pl\u00e9ni\u00e8re du lundi 27 avril, dans un climat politique particuli\u00e8rement tendu. Cette s\u00e9quence a mis en lumi\u00e8re de profondes divisions au sein de la majorit\u00e9 parlementaire. Retraits de signatures, pressions politiques et rivalit\u00e9s internes ont jalonn\u00e9 le parcours de cette initiative, per\u00e7ue par certains comme un test du contr\u00f4le parlementaire et, par d\u2019autres, comme une man\u0153uvre politique visant \u00e0 fragiliser un membre cl\u00e9 du gouvernement.<\/p>\n\n\n\n<p><strong>Des pressions sur les initiateurs de la motion<\/strong><\/p>\n\n\n\n<p>Coup de th\u00e9\u00e2tre \u00e0 la veille de l\u2019\u00e9ch\u00e9ance : la motion ne figure finalement pas \u00e0 l\u2019ordre du jour officiel de la pl\u00e9ni\u00e8re du 27 avril, alors m\u00eame que son examen avait \u00e9t\u00e9 annonc\u00e9. Cette absence contraint les initiateurs \u00e0 patienter davantage, ravivant les accusations de blocage institutionnel. Des pressions auraient \u00e9t\u00e9 exerc\u00e9es sur certains d\u00e9put\u00e9s signataires de la motion, conduisant \u00e0 des retraits de soutien, d\u2019apr\u00e8s des informations glan\u00e9es dans les couloirs de l\u2019Assembl\u00e9e nationale.<\/p>\n\n\n\n<p>Depuis quelques jours, le d\u00e9put\u00e9 Laddy Yangotikala accuse le bureau de l\u2019Assembl\u00e9e nationale de blocage. Il a d\u00e9nonc\u00e9 une violation du R\u00e8glement int\u00e9rieur (article 235), qui pr\u00e9voit un d\u00e9lai de 48 heures apr\u00e8s le d\u00e9p\u00f4t pour le traitement d\u2019une motion. \u00ab Malgr\u00e9 les tentatives de dissuasion afin de pousser les uns et les autres \u00e0 retirer leurs signatures et nous autres \u00e0 nous retirer de cette initiative, nous restons sereins que la prochaine pl\u00e9ni\u00e8re sera consacr\u00e9e \u00e0 l&rsquo;alignement et au traitement de la motion visant le vice-Premier ministre pour qu&rsquo;il vienne expliquer \u00e0 notre chambre la situation s\u00e9curitaire des Kinoises et Kinois, des Congolaises et Congolais, de Boyomaises et Boyomais \u00bb, a d\u00e9clar\u00e9 l\u2019\u00e9lu de Kisangani la veille de la d\u00e9cision de la conf\u00e9rence des pr\u00e9sidents ayant annonc\u00e9 l\u2019alignement de sa motion.<\/p>\n\n\n\n<p>Parall\u00e8lement, des doutes ont \u00e9t\u00e9 soulev\u00e9s quant \u00e0 l\u2019authenticit\u00e9 de certaines signatures figurant sur le document de la motion. Ces tensions ont franchi un nouveau cap avec le d\u00e9p\u00f4t d\u2019une plainte pour faux devant le Parquet g\u00e9n\u00e9ral pr\u00e8s la Cour de cassation, visant l\u2019auteur de la motion, Laddy Yangotikala. Pr\u00e9sident int\u00e9rimaire du parti Action des volontaires pour la rel\u00e8ve patriotique (AVRP) du ministre Muhindo Nzangi, cet \u00e9lu \u00e9tait m\u00eame contraint de d\u00e9missionner suite \u00e0 son initiative parlementaire, avant d\u2019\u00eatre exclu du regroupement politique AB.&nbsp;<\/p>\n\n\n\n<p><strong>Shabani va-t-il devenir le second ministre \u00e9vinc\u00e9 par sa majorit\u00e9 ?<\/strong><\/p>\n\n\n\n<p>Sous le premier mandant du pr\u00e9sident de la R\u00e9publique, F\u00e9lix Tshisekedi, un ministre est entr\u00e9 dans l\u2019histoire pour avoir \u00e9t\u00e9 \u00e9vinc\u00e9 par sa propre majorit\u00e9 :&nbsp; Jean-Marie Kalumba Yuma. Ce dernier fut ministre de l\u2019Economie nationale en 2022 quand il a \u00e9t\u00e9 renvers\u00e9 par l\u2019Assembl\u00e9e nationale. Le 30 mars 2022, il fut d\u00e9chu par la pl\u00e9ni\u00e8re de l&rsquo;Assembl\u00e9e nationale \u00e0 la suite d&rsquo;une motion de d\u00e9fiance du d\u00e9put\u00e9 national Crispin Mbindule. Par un vote de 277 voix pour (199 contre et 12 abstentions), l\u2019Assembl\u00e9e nationale avait destitu\u00e9 le ministre de l\u2019\u00c9conomie nationale pourtant membre de la majorit\u00e9 au pouvoir. Une premi\u00e8re dans l\u2019histoire congolaise, qui n\u2019avait jamais vu une majorit\u00e9 s\u2019en prendre ainsi \u00e0 un membre du gouvernement. Ce qui fait craindre le pire \u00e0 Jacquemain Shabani. Si le patron de la territoriale arrivait \u00e0 se faire renverser, il serait le deuxi\u00e8me ministre sous l\u2019\u00e8re Tshisekedi \u00e0 tomber devant l\u2019Assembl\u00e9e nationale.&nbsp;&nbsp;&nbsp;<\/p>\n\n\n\n<p><strong>L\u2019Union sacr\u00e9e veut sauver Shabani<\/strong><\/p>\n\n\n\n<p>Avant cette \u00e9ch\u00e9ance, l\u2019Union Sacr\u00e9e de la Nation a r\u00e9uni ses d\u00e9put\u00e9s afin d\u2019exprimer sa solidarit\u00e9 au vice-premier ministre, ministre de l\u2019Int\u00e9rieur et membre \u00e9minent de la majorit\u00e9 parlementaire. Mais avant la d\u00e9monstration de ce soutien, Jacquemain Shabani devra pr\u00e9senter ses moyens de d\u00e9fense devant les d\u00e9put\u00e9s nationaux, conform\u00e9ment au r\u00e8glement int\u00e9rieur de l\u2019institution. Au terme de ce d\u00e9bat, les parlementaires proc\u00e9deront au vote pour d\u00e9cider de l\u2019adoption ou du rejet de la motion de d\u00e9fiance. En cas d\u2019adoption, le membre du gouvernement vis\u00e9 serait tenu de d\u00e9poser sa d\u00e9mission, conform\u00e9ment \u00e0 la proc\u00e9dure en vigueur. \u00ab La proc\u00e9dure est risqu\u00e9e. Voil\u00e0 pourquoi pour aligner la motion, il faut que la majorit\u00e9 se rassure de sa propre solidarit\u00e9 envers le ministre vis\u00e9, sinon, une surprise peut venir du vote \u00bb, explique une source au sein du parlement.<\/p>\n\n\n\n<p>La pl\u00e9ni\u00e8re du 29 avril pourrait \u00eatre fortement marqu\u00e9e par cette affaire, devenue embl\u00e9matique des tensions au sein de la majorit\u00e9 parlementaire. Cette motion de d\u00e9fiance contre Jacquemain Shabani s\u2019impose comme un r\u00e9v\u00e9lateur des rapports de force au sein de l\u2019Assembl\u00e9e nationale, laissant en suspens la question du contr\u00f4le effectif de l\u2019action gouvernementale en RDC.<\/p>\n\n\n\n<p class=\"has-text-align-right\"><strong>Heshima Magazine &nbsp;<\/strong><\/p>\n\n\n\n<p><\/p>\n","protected":false},"excerpt":{"rendered":"<p>\u00c0 l\u2019Assembl\u00e9e nationale de la R\u00e9publique d\u00e9mocratique du Congo, l\u2019examen annonc\u00e9 de la motion de d\u00e9fiance visant le vice-Premier ministre, ministre de l\u2019Int\u00e9rieur et S\u00e9curit\u00e9, Jacquemain Shabani, initialement pr\u00e9vu le 27 avril, cristallise les tensions politiques au sein de l\u2019Union sacr\u00e9e de la Nation. Cette motion pourrait \u00eatre examin\u00e9e ce 29 avril. Avant cette s\u00e9ance, [&hellip;]<\/p>\n","protected":false},"author":1,"featured_media":6169,"comment_status":"closed","ping_status":"closed","sticky":false,"template":"","format":"standard","meta":{"footnotes":""},"categories":[200],"tags":[],"class_list":["post-6168","post","type-post","status-publish","format-standard","has-post-thumbnail","hentry","category-non-classe-en"],"yoast_head":"<!-- This site is optimized with the Yoast SEO plugin v23.3 - https:\/\/yoast.com\/wordpress\/plugins\/seo\/ -->\n<title>Assembl\u00e9e nationale : la motion contre Jacquemain Shabani fracture la majorit\u00e9 - HESHIMA MAGAZINE<\/title>\n<meta name=\"robots\" content=\"index, follow, max-snippet:-1, max-image-preview:large, max-video-preview:-1\" \/>\n<link rel=\"canonical\" href=\"https:\/\/heshimardc.net\/v1\/2026\/04\/29\/assemblee-nationale-la-motion-contre-jacquemain-shabani-fracture-la-majorite\/\" \/>\n<meta property=\"og:locale\" content=\"fr_FR\" \/>\n<meta property=\"og:type\" content=\"article\" \/>\n<meta property=\"og:title\" content=\"Assembl\u00e9e nationale : la motion contre Jacquemain Shabani fracture la majorit\u00e9 - HESHIMA MAGAZINE\" \/>\n<meta property=\"og:description\" content=\"\u00c0 l\u2019Assembl\u00e9e nationale de la R\u00e9publique d\u00e9mocratique du Congo, l\u2019examen annonc\u00e9 de la motion de d\u00e9fiance visant le vice-Premier ministre, ministre de l\u2019Int\u00e9rieur et S\u00e9curit\u00e9, Jacquemain Shabani, initialement pr\u00e9vu le 27 avril, cristallise les tensions politiques au sein de l\u2019Union sacr\u00e9e de la Nation. Cette motion pourrait \u00eatre examin\u00e9e ce 29 avril. Avant cette s\u00e9ance, [&hellip;]\" \/>\n<meta property=\"og:url\" content=\"https:\/\/heshimardc.net\/v1\/2026\/04\/29\/assemblee-nationale-la-motion-contre-jacquemain-shabani-fracture-la-majorite\/\" \/>\n<meta property=\"og:site_name\" content=\"HESHIMA MAGAZINE\" \/>\n<meta property=\"article:publisher\" content=\"https:\/\/www.facebook.com\/heshimamagazine\" \/>\n<meta property=\"article:published_time\" content=\"2026-04-29T15:11:23+00:00\" \/>\n<meta property=\"article:modified_time\" content=\"2026-04-29T15:11:24+00:00\" \/>\n<meta property=\"og:image\" content=\"https:\/\/heshimardc.net\/v1\/wp-content\/uploads\/2026\/04\/Jacquemain-Shabani-RDC.jpg\" \/>\n\t<meta property=\"og:image:width\" content=\"1024\" \/>\n\t<meta property=\"og:image:height\" content=\"576\" \/>\n\t<meta property=\"og:image:type\" content=\"image\/jpeg\" \/>\n<meta name=\"author\" content=\"La redaction\" \/>\n<meta name=\"twitter:card\" content=\"summary_large_image\" \/>\n<meta name=\"twitter:creator\" content=\"@HeshimaMag\" \/>\n<meta name=\"twitter:site\" content=\"@HeshimaMag\" \/>\n<meta name=\"twitter:label1\" content=\"\u00c9crit par\" \/>\n\t<meta name=\"twitter:data1\" content=\"La redaction\" \/>\n\t<meta name=\"twitter:label2\" content=\"Dur\u00e9e de lecture estim\u00e9e\" \/>\n\t<meta name=\"twitter:data2\" content=\"5 minutes\" \/>\n<script type=\"application\/ld+json\" class=\"yoast-schema-graph\">{\"@context\":\"https:\/\/schema.org\",\"@graph\":[{\"@type\":\"Article\",\"@id\":\"https:\/\/heshimardc.net\/v1\/2026\/04\/29\/assemblee-nationale-la-motion-contre-jacquemain-shabani-fracture-la-majorite\/#article\",\"isPartOf\":{\"@id\":\"https:\/\/heshimardc.net\/v1\/2026\/04\/29\/assemblee-nationale-la-motion-contre-jacquemain-shabani-fracture-la-majorite\/\"},\"author\":{\"name\":\"La redaction\",\"@id\":\"https:\/\/heshimardc.net\/v1\/#\/schema\/person\/7188c0b9e770a370943576373b325f91\"},\"headline\":\"Assembl\u00e9e nationale : la motion contre Jacquemain Shabani fracture la majorit\u00e9\",\"datePublished\":\"2026-04-29T15:11:23+00:00\",\"dateModified\":\"2026-04-29T15:11:24+00:00\",\"mainEntityOfPage\":{\"@id\":\"https:\/\/heshimardc.net\/v1\/2026\/04\/29\/assemblee-nationale-la-motion-contre-jacquemain-shabani-fracture-la-majorite\/\"},\"wordCount\":1007,\"publisher\":{\"@id\":\"https:\/\/heshimardc.net\/v1\/#organization\"},\"image\":{\"@id\":\"https:\/\/heshimardc.net\/v1\/2026\/04\/29\/assemblee-nationale-la-motion-contre-jacquemain-shabani-fracture-la-majorite\/#primaryimage\"},\"thumbnailUrl\":\"https:\/\/heshimardc.net\/v1\/wp-content\/uploads\/2026\/04\/Jacquemain-Shabani-RDC.jpg\",\"inLanguage\":\"fr-FR\"},{\"@type\":\"WebPage\",\"@id\":\"https:\/\/heshimardc.net\/v1\/2026\/04\/29\/assemblee-nationale-la-motion-contre-jacquemain-shabani-fracture-la-majorite\/\",\"url\":\"https:\/\/heshimardc.net\/v1\/2026\/04\/29\/assemblee-nationale-la-motion-contre-jacquemain-shabani-fracture-la-majorite\/\",\"name\":\"Assembl\u00e9e nationale : la motion contre Jacquemain Shabani fracture la majorit\u00e9 - HESHIMA MAGAZINE\",\"isPartOf\":{\"@id\":\"https:\/\/heshimardc.net\/v1\/#website\"},\"primaryImageOfPage\":{\"@id\":\"https:\/\/heshimardc.net\/v1\/2026\/04\/29\/assemblee-nationale-la-motion-contre-jacquemain-shabani-fracture-la-majorite\/#primaryimage\"},\"image\":{\"@id\":\"https:\/\/heshimardc.net\/v1\/2026\/04\/29\/assemblee-nationale-la-motion-contre-jacquemain-shabani-fracture-la-majorite\/#primaryimage\"},\"thumbnailUrl\":\"https:\/\/heshimardc.net\/v1\/wp-content\/uploads\/2026\/04\/Jacquemain-Shabani-RDC.jpg\",\"datePublished\":\"2026-04-29T15:11:23+00:00\",\"dateModified\":\"2026-04-29T15:11:24+00:00\",\"breadcrumb\":{\"@id\":\"https:\/\/heshimardc.net\/v1\/2026\/04\/29\/assemblee-nationale-la-motion-contre-jacquemain-shabani-fracture-la-majorite\/#breadcrumb\"},\"inLanguage\":\"fr-FR\",\"potentialAction\":[{\"@type\":\"ReadAction\",\"target\":[\"https:\/\/heshimardc.net\/v1\/2026\/04\/29\/assemblee-nationale-la-motion-contre-jacquemain-shabani-fracture-la-majorite\/\"]}]},{\"@type\":\"ImageObject\",\"inLanguage\":\"fr-FR\",\"@id\":\"https:\/\/heshimardc.net\/v1\/2026\/04\/29\/assemblee-nationale-la-motion-contre-jacquemain-shabani-fracture-la-majorite\/#primaryimage\",\"url\":\"https:\/\/heshimardc.net\/v1\/wp-content\/uploads\/2026\/04\/Jacquemain-Shabani-RDC.jpg\",\"contentUrl\":\"https:\/\/heshimardc.net\/v1\/wp-content\/uploads\/2026\/04\/Jacquemain-Shabani-RDC.jpg\",\"width\":1024,\"height\":576},{\"@type\":\"BreadcrumbList\",\"@id\":\"https:\/\/heshimardc.net\/v1\/2026\/04\/29\/assemblee-nationale-la-motion-contre-jacquemain-shabani-fracture-la-majorite\/#breadcrumb\",\"itemListElement\":[{\"@type\":\"ListItem\",\"position\":1,\"name\":\"Accueil\",\"item\":\"https:\/\/heshimardc.net\/v1\/\"},{\"@type\":\"ListItem\",\"position\":2,\"name\":\"Assembl\u00e9e nationale : la motion contre Jacquemain Shabani fracture la majorit\u00e9\"}]},{\"@type\":\"WebSite\",\"@id\":\"https:\/\/heshimardc.net\/v1\/#website\",\"url\":\"https:\/\/heshimardc.net\/v1\/\",\"name\":\"HESHIMA MAGAZINE\",\"description\":\"Le magazine Congolais qui bat au rythme de l&#039;actualit\u00e9\",\"publisher\":{\"@id\":\"https:\/\/heshimardc.net\/v1\/#organization\"},\"potentialAction\":[{\"@type\":\"SearchAction\",\"target\":{\"@type\":\"EntryPoint\",\"urlTemplate\":\"https:\/\/heshimardc.net\/v1\/?s={search_term_string}\"},\"query-input\":\"required name=search_term_string\"}],\"inLanguage\":\"fr-FR\"},{\"@type\":\"Organization\",\"@id\":\"https:\/\/heshimardc.net\/v1\/#organization\",\"name\":\"HESHIMA MAGAZINE\",\"url\":\"https:\/\/heshimardc.net\/v1\/\",\"logo\":{\"@type\":\"ImageObject\",\"inLanguage\":\"fr-FR\",\"@id\":\"https:\/\/heshimardc.net\/v1\/#\/schema\/logo\/image\/\",\"url\":\"https:\/\/heshimardc.net\/v1\/wp-content\/uploads\/2020\/09\/logo.png\",\"contentUrl\":\"https:\/\/heshimardc.net\/v1\/wp-content\/uploads\/2020\/09\/logo.png\",\"width\":99,\"height\":130,\"caption\":\"HESHIMA MAGAZINE\"},\"image\":{\"@id\":\"https:\/\/heshimardc.net\/v1\/#\/schema\/logo\/image\/\"},\"sameAs\":[\"https:\/\/www.facebook.com\/heshimamagazine\",\"https:\/\/x.com\/HeshimaMag\"]},{\"@type\":\"Person\",\"@id\":\"https:\/\/heshimardc.net\/v1\/#\/schema\/person\/7188c0b9e770a370943576373b325f91\",\"name\":\"La redaction\",\"image\":{\"@type\":\"ImageObject\",\"inLanguage\":\"fr-FR\",\"@id\":\"https:\/\/heshimardc.net\/v1\/#\/schema\/person\/image\/\",\"url\":\"https:\/\/secure.gravatar.com\/avatar\/b53b1a4a434346e76d3ea6c9ecf19fc8?s=96&d=mm&r=g\",\"contentUrl\":\"https:\/\/secure.gravatar.com\/avatar\/b53b1a4a434346e76d3ea6c9ecf19fc8?s=96&d=mm&r=g\",\"caption\":\"La redaction\"},\"sameAs\":[\"https:\/\/heshimardc.net\/v1\",\"La redaction\"],\"url\":\"https:\/\/heshimardc.net\/v1\/author\/la-redaction\/\"}]}<\/script>\n<!-- \/ Yoast SEO plugin. -->","yoast_head_json":{"title":"Assembl\u00e9e nationale : la motion contre Jacquemain Shabani fracture la majorit\u00e9 - HESHIMA MAGAZINE","robots":{"index":"index","follow":"follow","max-snippet":"max-snippet:-1","max-image-preview":"max-image-preview:large","max-video-preview":"max-video-preview:-1"},"canonical":"https:\/\/heshimardc.net\/v1\/2026\/04\/29\/assemblee-nationale-la-motion-contre-jacquemain-shabani-fracture-la-majorite\/","og_locale":"fr_FR","og_type":"article","og_title":"Assembl\u00e9e nationale : la motion contre Jacquemain Shabani fracture la majorit\u00e9 - HESHIMA MAGAZINE","og_description":"\u00c0 l\u2019Assembl\u00e9e nationale de la R\u00e9publique d\u00e9mocratique du Congo, l\u2019examen annonc\u00e9 de la motion de d\u00e9fiance visant le vice-Premier ministre, ministre de l\u2019Int\u00e9rieur et S\u00e9curit\u00e9, Jacquemain Shabani, initialement pr\u00e9vu le 27 avril, cristallise les tensions politiques au sein de l\u2019Union sacr\u00e9e de la Nation. Cette motion pourrait \u00eatre examin\u00e9e ce 29 avril. Avant cette s\u00e9ance, [&hellip;]","og_url":"https:\/\/heshimardc.net\/v1\/2026\/04\/29\/assemblee-nationale-la-motion-contre-jacquemain-shabani-fracture-la-majorite\/","og_site_name":"HESHIMA MAGAZINE","article_publisher":"https:\/\/www.facebook.com\/heshimamagazine","article_published_time":"2026-04-29T15:11:23+00:00","article_modified_time":"2026-04-29T15:11:24+00:00","og_image":[{"width":1024,"height":576,"url":"https:\/\/heshimardc.net\/v1\/wp-content\/uploads\/2026\/04\/Jacquemain-Shabani-RDC.jpg","type":"image\/jpeg"}],"author":"La redaction","twitter_card":"summary_large_image","twitter_creator":"@HeshimaMag","twitter_site":"@HeshimaMag","twitter_misc":{"\u00c9crit par":"La redaction","Dur\u00e9e de lecture estim\u00e9e":"5 minutes"},"schema":{"@context":"https:\/\/schema.org","@graph":[{"@type":"Article","@id":"https:\/\/heshimardc.net\/v1\/2026\/04\/29\/assemblee-nationale-la-motion-contre-jacquemain-shabani-fracture-la-majorite\/#article","isPartOf":{"@id":"https:\/\/heshimardc.net\/v1\/2026\/04\/29\/assemblee-nationale-la-motion-contre-jacquemain-shabani-fracture-la-majorite\/"},"author":{"name":"La redaction","@id":"https:\/\/heshimardc.net\/v1\/#\/schema\/person\/7188c0b9e770a370943576373b325f91"},"headline":"Assembl\u00e9e nationale : la motion contre Jacquemain Shabani fracture la majorit\u00e9","datePublished":"2026-04-29T15:11:23+00:00","dateModified":"2026-04-29T15:11:24+00:00","mainEntityOfPage":{"@id":"https:\/\/heshimardc.net\/v1\/2026\/04\/29\/assemblee-nationale-la-motion-contre-jacquemain-shabani-fracture-la-majorite\/"},"wordCount":1007,"publisher":{"@id":"https:\/\/heshimardc.net\/v1\/#organization"},"image":{"@id":"https:\/\/heshimardc.net\/v1\/2026\/04\/29\/assemblee-nationale-la-motion-contre-jacquemain-shabani-fracture-la-majorite\/#primaryimage"},"thumbnailUrl":"https:\/\/heshimardc.net\/v1\/wp-content\/uploads\/2026\/04\/Jacquemain-Shabani-RDC.jpg","inLanguage":"fr-FR"},{"@type":"WebPage","@id":"https:\/\/heshimardc.net\/v1\/2026\/04\/29\/assemblee-nationale-la-motion-contre-jacquemain-shabani-fracture-la-majorite\/","url":"https:\/\/heshimardc.net\/v1\/2026\/04\/29\/assemblee-nationale-la-motion-contre-jacquemain-shabani-fracture-la-majorite\/","name":"Assembl\u00e9e nationale : la motion contre Jacquemain Shabani fracture la majorit\u00e9 - HESHIMA MAGAZINE","isPartOf":{"@id":"https:\/\/heshimardc.net\/v1\/#website"},"primaryImageOfPage":{"@id":"https:\/\/heshimardc.net\/v1\/2026\/04\/29\/assemblee-nationale-la-motion-contre-jacquemain-shabani-fracture-la-majorite\/#primaryimage"},"image":{"@id":"https:\/\/heshimardc.net\/v1\/2026\/04\/29\/assemblee-nationale-la-motion-contre-jacquemain-shabani-fracture-la-majorite\/#primaryimage"},"thumbnailUrl":"https:\/\/heshimardc.net\/v1\/wp-content\/uploads\/2026\/04\/Jacquemain-Shabani-RDC.jpg","datePublished":"2026-04-29T15:11:23+00:00","dateModified":"2026-04-29T15:11:24+00:00","breadcrumb":{"@id":"https:\/\/heshimardc.net\/v1\/2026\/04\/29\/assemblee-nationale-la-motion-contre-jacquemain-shabani-fracture-la-majorite\/#breadcrumb"},"inLanguage":"fr-FR","potentialAction":[{"@type":"ReadAction","target":["https:\/\/heshimardc.net\/v1\/2026\/04\/29\/assemblee-nationale-la-motion-contre-jacquemain-shabani-fracture-la-majorite\/"]}]},{"@type":"ImageObject","inLanguage":"fr-FR","@id":"https:\/\/heshimardc.net\/v1\/2026\/04\/29\/assemblee-nationale-la-motion-contre-jacquemain-shabani-fracture-la-majorite\/#primaryimage","url":"https:\/\/heshimardc.net\/v1\/wp-content\/uploads\/2026\/04\/Jacquemain-Shabani-RDC.jpg","contentUrl":"https:\/\/heshimardc.net\/v1\/wp-content\/uploads\/2026\/04\/Jacquemain-Shabani-RDC.jpg","width":1024,"height":576},{"@type":"BreadcrumbList","@id":"https:\/\/heshimardc.net\/v1\/2026\/04\/29\/assemblee-nationale-la-motion-contre-jacquemain-shabani-fracture-la-majorite\/#breadcrumb","itemListElement":[{"@type":"ListItem","position":1,"name":"Accueil","item":"https:\/\/heshimardc.net\/v1\/"},{"@type":"ListItem","position":2,"name":"Assembl\u00e9e nationale : la motion contre Jacquemain Shabani fracture la majorit\u00e9"}]},{"@type":"WebSite","@id":"https:\/\/heshimardc.net\/v1\/#website","url":"https:\/\/heshimardc.net\/v1\/","name":"HESHIMA MAGAZINE","description":"Le magazine Congolais qui bat au rythme de l&#039;actualit\u00e9","publisher":{"@id":"https:\/\/heshimardc.net\/v1\/#organization"},"potentialAction":[{"@type":"SearchAction","target":{"@type":"EntryPoint","urlTemplate":"https:\/\/heshimardc.net\/v1\/?s={search_term_string}"},"query-input":"required name=search_term_string"}],"inLanguage":"fr-FR"},{"@type":"Organization","@id":"https:\/\/heshimardc.net\/v1\/#organization","name":"HESHIMA MAGAZINE","url":"https:\/\/heshimardc.net\/v1\/","logo":{"@type":"ImageObject","inLanguage":"fr-FR","@id":"https:\/\/heshimardc.net\/v1\/#\/schema\/logo\/image\/","url":"https:\/\/heshimardc.net\/v1\/wp-content\/uploads\/2020\/09\/logo.png","contentUrl":"https:\/\/heshimardc.net\/v1\/wp-content\/uploads\/2020\/09\/logo.png","width":99,"height":130,"caption":"HESHIMA MAGAZINE"},"image":{"@id":"https:\/\/heshimardc.net\/v1\/#\/schema\/logo\/image\/"},"sameAs":["https:\/\/www.facebook.com\/heshimamagazine","https:\/\/x.com\/HeshimaMag"]},{"@type":"Person","@id":"https:\/\/heshimardc.net\/v1\/#\/schema\/person\/7188c0b9e770a370943576373b325f91","name":"La redaction","image":{"@type":"ImageObject","inLanguage":"fr-FR","@id":"https:\/\/heshimardc.net\/v1\/#\/schema\/person\/image\/","url":"https:\/\/secure.gravatar.com\/avatar\/b53b1a4a434346e76d3ea6c9ecf19fc8?s=96&d=mm&r=g","contentUrl":"https:\/\/secure.gravatar.com\/avatar\/b53b1a4a434346e76d3ea6c9ecf19fc8?s=96&d=mm&r=g","caption":"La redaction"},"sameAs":["https:\/\/heshimardc.net\/v1","La redaction"],"url":"https:\/\/heshimardc.net\/v1\/author\/la-redaction\/"}]}},"amp_enabled":true,"_links":{"self":[{"href":"https:\/\/heshimardc.net\/v1\/wp-json\/wp\/v2\/posts\/6168"}],"collection":[{"href":"https:\/\/heshimardc.net\/v1\/wp-json\/wp\/v2\/posts"}],"about":[{"href":"https:\/\/heshimardc.net\/v1\/wp-json\/wp\/v2\/types\/post"}],"author":[{"embeddable":true,"href":"https:\/\/heshimardc.net\/v1\/wp-json\/wp\/v2\/users\/1"}],"replies":[{"embeddable":true,"href":"https:\/\/heshimardc.net\/v1\/wp-json\/wp\/v2\/comments?post=6168"}],"version-history":[{"count":1,"href":"https:\/\/heshimardc.net\/v1\/wp-json\/wp\/v2\/posts\/6168\/revisions"}],"predecessor-version":[{"id":6170,"href":"https:\/\/heshimardc.net\/v1\/wp-json\/wp\/v2\/posts\/6168\/revisions\/6170"}],"wp:featuredmedia":[{"embeddable":true,"href":"https:\/\/heshimardc.net\/v1\/wp-json\/wp\/v2\/media\/6169"}],"wp:attachment":[{"href":"https:\/\/heshimardc.net\/v1\/wp-json\/wp\/v2\/media?parent=6168"}],"wp:term":[{"taxonomy":"category","embeddable":true,"href":"https:\/\/heshimardc.net\/v1\/wp-json\/wp\/v2\/categories?post=6168"},{"taxonomy":"post_tag","embeddable":true,"href":"https:\/\/heshimardc.net\/v1\/wp-json\/wp\/v2\/tags?post=6168"}],"curies":[{"name":"wp","href":"https:\/\/api.w.org\/{rel}","templated":true}]}}