{"id":970,"date":"2020-12-20T21:15:49","date_gmt":"2020-12-20T21:15:49","guid":{"rendered":"https:\/\/heshimardc.net\/v1\/?p=970"},"modified":"2021-01-13T13:52:18","modified_gmt":"2021-01-13T13:52:18","slug":"barbara-kanam","status":"publish","type":"post","link":"https:\/\/heshimardc.net\/v1\/2020\/12\/20\/barbara-kanam\/","title":{"rendered":"Barbara Kanam, Ce nom fait son effet dans les oreilles de ceux qui l\u2019entendent."},"content":{"rendered":"\n<p class=\"has-drop-cap\">Celle dont la naissance le 26 septembre \u00e0 Bukavu dans l\u2019actuelle province du Sud-Kivu en R\u00e9publique D\u00e9mocratique du Congo, Barbara Kanam avait certainement illumin\u00e9 la vie de ses parents, est devenue depuis plus d\u2019une d\u00e9cennie une v\u00e9ritable \u00e9toile pour son pays natal, le continent africain et le reste du monde.<\/p>\n\n\n\n<p>Auteure de nombreux tubes \u00e0 succ\u00e8s \u00e0 son compteur, comme Mokili (1999), Djarabi (Karibu 2009), la danse du Pr\u00e9sident, lisanga ya ba mbanda (Zawadi 2015), Fl\u00e8che, etc. ainsi que de nombreux autres en featuring comme Triple option avec Papa Wemba (Ma\u00eetre d\u2019Ecole 2014), 100%love (2006), noir et blanc (2009) avec Fally Ipupa, un peu de soleil (Jacob desvarieux, Jocelyn Labyle), la Diva de la musique qui marque son retour sur sc\u00e8ne avec l\u2019album Atcha, s\u2019est livr\u00e9e sans garde-fou \u00e0 Heshima Magazine dans une interview exclusive.<\/p>\n\n\n\n<div class=\"wp-block-image is-style-default\"><figure class=\"alignright size-large is-resized\"><img loading=\"lazy\" decoding=\"async\" src=\"https:\/\/heshimardc.net\/v1\/wp-content\/uploads\/2020\/12\/cf394c75dc51ea54b2455c3f69aa9b8deb32c341.jpg\" alt=\"\" class=\"wp-image-973\" width=\"356\" height=\"787\"\/><\/figure><\/div>\n\n\n\n<p><strong>Heshima Magazine : Diva, reine de la Rumba, barby&#8230; voil\u00e0 quelques-uns des surnoms qui se collent \u00e0 vous depuis le d\u00e9but de votre carri\u00e8re, comment vous pr\u00e9senteriez-vous \u00e0 ce jour ? En existe-t-il un que vous pr\u00e9f\u00e9rez sp\u00e9cialement ?<\/strong><\/p>\n\n\n\n<p>B. Kanam : \u00c0 cette question je voudrai bien que mes fans r\u00e9pondent \u00e0 ma place. Je n\u2019aime pas trop parler de moi-m\u00eame. Mais le plus important c\u2019est \u00eatre leur Diva de C\u0153ur.<\/p>\n\n\n\n<p><strong>H.M. : D\u2019aucuns affirment que vous \u00eates davantage connue au pays des \u00e9l\u00e9phants (C\u00f4te d\u2019Ivoire) qu\u2019en RDC votre terre natale. Qu\u2019en pensez-vous ?<\/strong><\/p>\n\n\n\n<p>B. Kanam : C\u2019est une opinion que je respecte. Du moins, je sais que je suis Africaine. Pour moi, que ce soit la C\u00f4te d\u2019Ivoire ou la R\u00e9publique D\u00e9mocratique du Congo, c\u2019est toujours l\u2019Afrique.<\/p>\n\n\n\n<p><strong>H.M. : A votre arriv\u00e9e dans l\u2019ar\u00e8ne de la musique congolaise, vous avez trouv\u00e9 des ic\u00f4nes f\u00e9minines notamment Mamu Tshala Muana et Mbilia Bel. En d\u00e9pit de cela, vous \u00eates tout de m\u00eame parvenue \u00e0 vous faire une place \u00e0 leurs c\u00f4t\u00e9s sans qu\u2019elles ne disparaissent. Face \u00e0 la nouvelle g\u00e9n\u00e9ration des musiciens tout aussi talentueux et ing\u00e9nieux, quelles sont les strat\u00e9gies que vous mettez en place pour ne pas dispara\u00eetre de la sc\u00e8ne musicale ?<\/strong><\/p>\n\n\n\n<p>B. Kanam : j\u2019aimerai juste \u00eatre clair sur un point : je ne me suis pas lanc\u00e9e dans la musique pour \u00e9craser celles qui m\u2019ont pr\u00e9c\u00e9d\u00e9e. Au contraire, elles font partie de ces artistes qui m\u2019ont inspir\u00e9e et que je prends pour exemple. Je pense que dans le domaine musical, personne ne disparait vraiment, car il y a de la place pour tous. Il faut juste la trouver.<\/p>\n\n\n\n<p><strong>H.M. : Apr\u00e8s des disques comme Mokili, Teti, Karibu, Zawadi, et une s\u00e9rie des tubes \u00e0 l\u2019exemple de Bouger et Fl\u00e8che, vous venez de lancer Atcha, un nouvel opus. Quelle en est la motivation ? Pensez-vous avoir encore des choses \u00e0 accomplir dans le monde musical ?<\/strong><\/p>\n\n\n\n<p>B. Kanam : Simplement l\u2019amour de la musique. Le monde musical est vaste et je n\u2019ai pas encore fini de l\u2019explorer. Oui, j\u2019ai des choses \u00e0 accomplir.<\/p>\n\n\n\n<p><strong>H.M. : Au stade actuel de votre carri\u00e8re, avez-vous plus de fiert\u00e9 que des regrets ? Ou c\u2019est l\u2019inverse ?&nbsp;<\/strong><\/p>\n\n\n\n<p>B. Kanam : Sans h\u00e9siter, plus de fiert\u00e9, car cela m\u2019a permis, entre autres, de rencontrer diverses personnes dans le monde, qui, n\u00e9cessairement je n\u2019aurais pas eu la gr\u00e2ce de conna\u00eetre.<\/p>\n\n\n\n<p><strong>H.M. : Vous avez \u00e9t\u00e9 candidate \u00e0 la d\u00e9putation nationale dans la province du Lualaba en d\u00e9cembre 2018. Doit-on comprendre qu\u2019\u00e0 part la musique, vous envisagez s\u00e9rieusement de vous orienter vers la politique ?<\/strong><\/p>\n\n\n\n<p>B. Kanam : Il y a un adage qui dit que si vous ne vous occupez pas de la politique, elle s\u2019occupera de vous. J\u2019ambitionne de changer les choses positivement pour mon pays. Mais chaque chose en son temps.&nbsp;<\/p>\n\n\n\n<p>Propos recueillis par Kashema<\/p>\n","protected":false},"excerpt":{"rendered":"<p>Barbara Kanam ! Ce nom fait son effet dans les oreilles de ceux qui l\u2019entendent, non seulement \u00e0 cause de la consonance rare de ce patronyme, mais surtout gr\u00e2ce au joyau qu\u2019il incarne dans la sph\u00e8re socioculturelle.<\/p>\n","protected":false},"author":1,"featured_media":974,"comment_status":"open","ping_status":"open","sticky":false,"template":"","format":"standard","meta":{"footnotes":""},"categories":[7,1],"tags":[],"class_list":["post-970","post","type-post","status-publish","format-standard","has-post-thumbnail","hentry","category-culture","category-interview"],"yoast_head":"<!-- This site is optimized with the Yoast SEO plugin v23.3 - https:\/\/yoast.com\/wordpress\/plugins\/seo\/ -->\n<title>Barbara Kanam, Ce nom fait son effet dans les oreilles de ceux qui l\u2019entendent. - HESHIMA MAGAZINE<\/title>\n<meta name=\"description\" content=\"Celle dont la naissance le 26 septembre \u00e0 Bukavu dans l\u2019actuelle province du Sud-Kivu en R\u00e9publique D\u00e9mocratique du Congo, Barbara Kanam avait certainement illumin\u00e9 la vie de ses parents, est devenue depuis plus d\u2019une d\u00e9cennie une v\u00e9ritable \u00e9toile pour son pays natal, le continent africain et le reste du monde.Auteure de nombreux tubes \u00e0 succ\u00e8s \u00e0 son compteur, comme Mokili (1999), Djarabi (Karibu 2009), la danse du Pr\u00e9sident, lisanga ya ba mbanda (Zawadi 2015), Fl\u00e8che, etc. ainsi que de nombreux autres en featuring comme Triple option avec Papa Wemba (Ma\u00eetre d\u2019Ecole 2014), 100%love (2006), noir et blanc (2009) avec Fally Ipupa, un peu de soleil (Jacob desvarieux, Jocelyn Labyle), la Diva de la musique qui marque son retour sur sc\u00e8ne avec l\u2019album Atcha, s\u2019est livr\u00e9e sans garde-fou \u00e0 Heshima Magazine dans une interview exclusive.\" \/>\n<meta name=\"robots\" content=\"index, follow, max-snippet:-1, max-image-preview:large, max-video-preview:-1\" \/>\n<link rel=\"canonical\" href=\"https:\/\/heshimardc.net\/v1\/2020\/12\/20\/barbara-kanam\/\" \/>\n<meta property=\"og:locale\" content=\"fr_FR\" \/>\n<meta property=\"og:type\" content=\"article\" \/>\n<meta property=\"og:title\" content=\"Barbara Kanam, Ce nom fait son effet dans les oreilles de ceux qui l\u2019entendent. - HESHIMA MAGAZINE\" \/>\n<meta property=\"og:description\" content=\"Celle dont la naissance le 26 septembre \u00e0 Bukavu dans l\u2019actuelle province du Sud-Kivu en R\u00e9publique D\u00e9mocratique du Congo, Barbara Kanam avait certainement illumin\u00e9 la vie de ses parents, est devenue depuis plus d\u2019une d\u00e9cennie une v\u00e9ritable \u00e9toile pour son pays natal, le continent africain et le reste du monde.Auteure de nombreux tubes \u00e0 succ\u00e8s \u00e0 son compteur, comme Mokili (1999), Djarabi (Karibu 2009), la danse du Pr\u00e9sident, lisanga ya ba mbanda (Zawadi 2015), Fl\u00e8che, etc. ainsi que de nombreux autres en featuring comme Triple option avec Papa Wemba (Ma\u00eetre d\u2019Ecole 2014), 100%love (2006), noir et blanc (2009) avec Fally Ipupa, un peu de soleil (Jacob desvarieux, Jocelyn Labyle), la Diva de la musique qui marque son retour sur sc\u00e8ne avec l\u2019album Atcha, s\u2019est livr\u00e9e sans garde-fou \u00e0 Heshima Magazine dans une interview exclusive.\" \/>\n<meta property=\"og:url\" content=\"https:\/\/heshimardc.net\/v1\/2020\/12\/20\/barbara-kanam\/\" \/>\n<meta property=\"og:site_name\" content=\"HESHIMA MAGAZINE\" \/>\n<meta property=\"article:publisher\" content=\"https:\/\/www.facebook.com\/heshimamagazine\" \/>\n<meta property=\"article:published_time\" content=\"2020-12-20T21:15:49+00:00\" \/>\n<meta property=\"article:modified_time\" content=\"2021-01-13T13:52:18+00:00\" \/>\n<meta property=\"og:image\" content=\"https:\/\/heshimardc.net\/v1\/wp-content\/uploads\/2020\/12\/e87984471affa705569eec05442f96688408a1d1.jpg\" \/>\n\t<meta property=\"og:image:width\" content=\"250\" \/>\n\t<meta property=\"og:image:height\" content=\"512\" \/>\n\t<meta property=\"og:image:type\" content=\"image\/jpeg\" \/>\n<meta name=\"author\" content=\"La redaction\" \/>\n<meta name=\"twitter:card\" content=\"summary_large_image\" \/>\n<meta name=\"twitter:creator\" content=\"@HeshimaMag\" \/>\n<meta name=\"twitter:site\" content=\"@HeshimaMag\" \/>\n<meta name=\"twitter:label1\" content=\"\u00c9crit par\" \/>\n\t<meta name=\"twitter:data1\" content=\"La redaction\" \/>\n\t<meta name=\"twitter:label2\" content=\"Dur\u00e9e de lecture estim\u00e9e\" \/>\n\t<meta name=\"twitter:data2\" content=\"3 minutes\" \/>\n<script type=\"application\/ld+json\" class=\"yoast-schema-graph\">{\"@context\":\"https:\/\/schema.org\",\"@graph\":[{\"@type\":\"Article\",\"@id\":\"https:\/\/heshimardc.net\/v1\/2020\/12\/20\/barbara-kanam\/#article\",\"isPartOf\":{\"@id\":\"https:\/\/heshimardc.net\/v1\/2020\/12\/20\/barbara-kanam\/\"},\"author\":{\"name\":\"La redaction\",\"@id\":\"https:\/\/heshimardc.net\/v1\/#\/schema\/person\/7188c0b9e770a370943576373b325f91\"},\"headline\":\"Barbara Kanam, Ce nom fait son effet dans les oreilles de ceux qui l\u2019entendent.\",\"datePublished\":\"2020-12-20T21:15:49+00:00\",\"dateModified\":\"2021-01-13T13:52:18+00:00\",\"mainEntityOfPage\":{\"@id\":\"https:\/\/heshimardc.net\/v1\/2020\/12\/20\/barbara-kanam\/\"},\"wordCount\":672,\"commentCount\":0,\"publisher\":{\"@id\":\"https:\/\/heshimardc.net\/v1\/#organization\"},\"image\":{\"@id\":\"https:\/\/heshimardc.net\/v1\/2020\/12\/20\/barbara-kanam\/#primaryimage\"},\"thumbnailUrl\":\"https:\/\/heshimardc.net\/v1\/wp-content\/uploads\/2020\/12\/e87984471affa705569eec05442f96688408a1d1.jpg\",\"articleSection\":[\"Culture\",\"Interview\"],\"inLanguage\":\"fr-FR\",\"potentialAction\":[{\"@type\":\"CommentAction\",\"name\":\"Comment\",\"target\":[\"https:\/\/heshimardc.net\/v1\/2020\/12\/20\/barbara-kanam\/#respond\"]}]},{\"@type\":\"WebPage\",\"@id\":\"https:\/\/heshimardc.net\/v1\/2020\/12\/20\/barbara-kanam\/\",\"url\":\"https:\/\/heshimardc.net\/v1\/2020\/12\/20\/barbara-kanam\/\",\"name\":\"Barbara Kanam, Ce nom fait son effet dans les oreilles de ceux qui l\u2019entendent. - HESHIMA MAGAZINE\",\"isPartOf\":{\"@id\":\"https:\/\/heshimardc.net\/v1\/#website\"},\"primaryImageOfPage\":{\"@id\":\"https:\/\/heshimardc.net\/v1\/2020\/12\/20\/barbara-kanam\/#primaryimage\"},\"image\":{\"@id\":\"https:\/\/heshimardc.net\/v1\/2020\/12\/20\/barbara-kanam\/#primaryimage\"},\"thumbnailUrl\":\"https:\/\/heshimardc.net\/v1\/wp-content\/uploads\/2020\/12\/e87984471affa705569eec05442f96688408a1d1.jpg\",\"datePublished\":\"2020-12-20T21:15:49+00:00\",\"dateModified\":\"2021-01-13T13:52:18+00:00\",\"description\":\"Celle dont la naissance le 26 septembre \u00e0 Bukavu dans l\u2019actuelle province du Sud-Kivu en R\u00e9publique D\u00e9mocratique du Congo, Barbara Kanam avait certainement illumin\u00e9 la vie de ses parents, est devenue depuis plus d\u2019une d\u00e9cennie une v\u00e9ritable \u00e9toile pour son pays natal, le continent africain et le reste du monde.Auteure de nombreux tubes \u00e0 succ\u00e8s \u00e0 son compteur, comme Mokili (1999), Djarabi (Karibu 2009), la danse du Pr\u00e9sident, lisanga ya ba mbanda (Zawadi 2015), Fl\u00e8che, etc. ainsi que de nombreux autres en featuring comme Triple option avec Papa Wemba (Ma\u00eetre d\u2019Ecole 2014), 100%love (2006), noir et blanc (2009) avec Fally Ipupa, un peu de soleil (Jacob desvarieux, Jocelyn Labyle), la Diva de la musique qui marque son retour sur sc\u00e8ne avec l\u2019album Atcha, s\u2019est livr\u00e9e sans garde-fou \u00e0 Heshima Magazine dans une interview exclusive.\",\"breadcrumb\":{\"@id\":\"https:\/\/heshimardc.net\/v1\/2020\/12\/20\/barbara-kanam\/#breadcrumb\"},\"inLanguage\":\"fr-FR\",\"potentialAction\":[{\"@type\":\"ReadAction\",\"target\":[\"https:\/\/heshimardc.net\/v1\/2020\/12\/20\/barbara-kanam\/\"]}]},{\"@type\":\"ImageObject\",\"inLanguage\":\"fr-FR\",\"@id\":\"https:\/\/heshimardc.net\/v1\/2020\/12\/20\/barbara-kanam\/#primaryimage\",\"url\":\"https:\/\/heshimardc.net\/v1\/wp-content\/uploads\/2020\/12\/e87984471affa705569eec05442f96688408a1d1.jpg\",\"contentUrl\":\"https:\/\/heshimardc.net\/v1\/wp-content\/uploads\/2020\/12\/e87984471affa705569eec05442f96688408a1d1.jpg\",\"width\":250,\"height\":512},{\"@type\":\"BreadcrumbList\",\"@id\":\"https:\/\/heshimardc.net\/v1\/2020\/12\/20\/barbara-kanam\/#breadcrumb\",\"itemListElement\":[{\"@type\":\"ListItem\",\"position\":1,\"name\":\"Accueil\",\"item\":\"https:\/\/heshimardc.net\/v1\/\"},{\"@type\":\"ListItem\",\"position\":2,\"name\":\"Barbara Kanam, Ce nom fait son effet dans les oreilles de ceux qui l\u2019entendent.\"}]},{\"@type\":\"WebSite\",\"@id\":\"https:\/\/heshimardc.net\/v1\/#website\",\"url\":\"https:\/\/heshimardc.net\/v1\/\",\"name\":\"HESHIMA MAGAZINE\",\"description\":\"Le magazine Congolais qui bat au rythme de l&#039;actualit\u00e9\",\"publisher\":{\"@id\":\"https:\/\/heshimardc.net\/v1\/#organization\"},\"potentialAction\":[{\"@type\":\"SearchAction\",\"target\":{\"@type\":\"EntryPoint\",\"urlTemplate\":\"https:\/\/heshimardc.net\/v1\/?s={search_term_string}\"},\"query-input\":\"required name=search_term_string\"}],\"inLanguage\":\"fr-FR\"},{\"@type\":\"Organization\",\"@id\":\"https:\/\/heshimardc.net\/v1\/#organization\",\"name\":\"HESHIMA MAGAZINE\",\"url\":\"https:\/\/heshimardc.net\/v1\/\",\"logo\":{\"@type\":\"ImageObject\",\"inLanguage\":\"fr-FR\",\"@id\":\"https:\/\/heshimardc.net\/v1\/#\/schema\/logo\/image\/\",\"url\":\"https:\/\/heshimardc.net\/v1\/wp-content\/uploads\/2020\/09\/logo.png\",\"contentUrl\":\"https:\/\/heshimardc.net\/v1\/wp-content\/uploads\/2020\/09\/logo.png\",\"width\":99,\"height\":130,\"caption\":\"HESHIMA MAGAZINE\"},\"image\":{\"@id\":\"https:\/\/heshimardc.net\/v1\/#\/schema\/logo\/image\/\"},\"sameAs\":[\"https:\/\/www.facebook.com\/heshimamagazine\",\"https:\/\/x.com\/HeshimaMag\"]},{\"@type\":\"Person\",\"@id\":\"https:\/\/heshimardc.net\/v1\/#\/schema\/person\/7188c0b9e770a370943576373b325f91\",\"name\":\"La redaction\",\"image\":{\"@type\":\"ImageObject\",\"inLanguage\":\"fr-FR\",\"@id\":\"https:\/\/heshimardc.net\/v1\/#\/schema\/person\/image\/\",\"url\":\"https:\/\/secure.gravatar.com\/avatar\/b53b1a4a434346e76d3ea6c9ecf19fc8?s=96&d=mm&r=g\",\"contentUrl\":\"https:\/\/secure.gravatar.com\/avatar\/b53b1a4a434346e76d3ea6c9ecf19fc8?s=96&d=mm&r=g\",\"caption\":\"La redaction\"},\"sameAs\":[\"https:\/\/heshimardc.net\/v1\",\"La redaction\"],\"url\":\"https:\/\/heshimardc.net\/v1\/author\/la-redaction\/\"}]}<\/script>\n<!-- \/ Yoast SEO plugin. -->","yoast_head_json":{"title":"Barbara Kanam, Ce nom fait son effet dans les oreilles de ceux qui l\u2019entendent. - HESHIMA MAGAZINE","description":"Celle dont la naissance le 26 septembre \u00e0 Bukavu dans l\u2019actuelle province du Sud-Kivu en R\u00e9publique D\u00e9mocratique du Congo, Barbara Kanam avait certainement illumin\u00e9 la vie de ses parents, est devenue depuis plus d\u2019une d\u00e9cennie une v\u00e9ritable \u00e9toile pour son pays natal, le continent africain et le reste du monde.Auteure de nombreux tubes \u00e0 succ\u00e8s \u00e0 son compteur, comme Mokili (1999), Djarabi (Karibu 2009), la danse du Pr\u00e9sident, lisanga ya ba mbanda (Zawadi 2015), Fl\u00e8che, etc. ainsi que de nombreux autres en featuring comme Triple option avec Papa Wemba (Ma\u00eetre d\u2019Ecole 2014), 100%love (2006), noir et blanc (2009) avec Fally Ipupa, un peu de soleil (Jacob desvarieux, Jocelyn Labyle), la Diva de la musique qui marque son retour sur sc\u00e8ne avec l\u2019album Atcha, s\u2019est livr\u00e9e sans garde-fou \u00e0 Heshima Magazine dans une interview exclusive.","robots":{"index":"index","follow":"follow","max-snippet":"max-snippet:-1","max-image-preview":"max-image-preview:large","max-video-preview":"max-video-preview:-1"},"canonical":"https:\/\/heshimardc.net\/v1\/2020\/12\/20\/barbara-kanam\/","og_locale":"fr_FR","og_type":"article","og_title":"Barbara Kanam, Ce nom fait son effet dans les oreilles de ceux qui l\u2019entendent. - HESHIMA MAGAZINE","og_description":"Celle dont la naissance le 26 septembre \u00e0 Bukavu dans l\u2019actuelle province du Sud-Kivu en R\u00e9publique D\u00e9mocratique du Congo, Barbara Kanam avait certainement illumin\u00e9 la vie de ses parents, est devenue depuis plus d\u2019une d\u00e9cennie une v\u00e9ritable \u00e9toile pour son pays natal, le continent africain et le reste du monde.Auteure de nombreux tubes \u00e0 succ\u00e8s \u00e0 son compteur, comme Mokili (1999), Djarabi (Karibu 2009), la danse du Pr\u00e9sident, lisanga ya ba mbanda (Zawadi 2015), Fl\u00e8che, etc. ainsi que de nombreux autres en featuring comme Triple option avec Papa Wemba (Ma\u00eetre d\u2019Ecole 2014), 100%love (2006), noir et blanc (2009) avec Fally Ipupa, un peu de soleil (Jacob desvarieux, Jocelyn Labyle), la Diva de la musique qui marque son retour sur sc\u00e8ne avec l\u2019album Atcha, s\u2019est livr\u00e9e sans garde-fou \u00e0 Heshima Magazine dans une interview exclusive.","og_url":"https:\/\/heshimardc.net\/v1\/2020\/12\/20\/barbara-kanam\/","og_site_name":"HESHIMA MAGAZINE","article_publisher":"https:\/\/www.facebook.com\/heshimamagazine","article_published_time":"2020-12-20T21:15:49+00:00","article_modified_time":"2021-01-13T13:52:18+00:00","og_image":[{"width":250,"height":512,"url":"https:\/\/heshimardc.net\/v1\/wp-content\/uploads\/2020\/12\/e87984471affa705569eec05442f96688408a1d1.jpg","type":"image\/jpeg"}],"author":"La redaction","twitter_card":"summary_large_image","twitter_creator":"@HeshimaMag","twitter_site":"@HeshimaMag","twitter_misc":{"\u00c9crit par":"La redaction","Dur\u00e9e de lecture estim\u00e9e":"3 minutes"},"schema":{"@context":"https:\/\/schema.org","@graph":[{"@type":"Article","@id":"https:\/\/heshimardc.net\/v1\/2020\/12\/20\/barbara-kanam\/#article","isPartOf":{"@id":"https:\/\/heshimardc.net\/v1\/2020\/12\/20\/barbara-kanam\/"},"author":{"name":"La redaction","@id":"https:\/\/heshimardc.net\/v1\/#\/schema\/person\/7188c0b9e770a370943576373b325f91"},"headline":"Barbara Kanam, Ce nom fait son effet dans les oreilles de ceux qui l\u2019entendent.","datePublished":"2020-12-20T21:15:49+00:00","dateModified":"2021-01-13T13:52:18+00:00","mainEntityOfPage":{"@id":"https:\/\/heshimardc.net\/v1\/2020\/12\/20\/barbara-kanam\/"},"wordCount":672,"commentCount":0,"publisher":{"@id":"https:\/\/heshimardc.net\/v1\/#organization"},"image":{"@id":"https:\/\/heshimardc.net\/v1\/2020\/12\/20\/barbara-kanam\/#primaryimage"},"thumbnailUrl":"https:\/\/heshimardc.net\/v1\/wp-content\/uploads\/2020\/12\/e87984471affa705569eec05442f96688408a1d1.jpg","articleSection":["Culture","Interview"],"inLanguage":"fr-FR","potentialAction":[{"@type":"CommentAction","name":"Comment","target":["https:\/\/heshimardc.net\/v1\/2020\/12\/20\/barbara-kanam\/#respond"]}]},{"@type":"WebPage","@id":"https:\/\/heshimardc.net\/v1\/2020\/12\/20\/barbara-kanam\/","url":"https:\/\/heshimardc.net\/v1\/2020\/12\/20\/barbara-kanam\/","name":"Barbara Kanam, Ce nom fait son effet dans les oreilles de ceux qui l\u2019entendent. - HESHIMA MAGAZINE","isPartOf":{"@id":"https:\/\/heshimardc.net\/v1\/#website"},"primaryImageOfPage":{"@id":"https:\/\/heshimardc.net\/v1\/2020\/12\/20\/barbara-kanam\/#primaryimage"},"image":{"@id":"https:\/\/heshimardc.net\/v1\/2020\/12\/20\/barbara-kanam\/#primaryimage"},"thumbnailUrl":"https:\/\/heshimardc.net\/v1\/wp-content\/uploads\/2020\/12\/e87984471affa705569eec05442f96688408a1d1.jpg","datePublished":"2020-12-20T21:15:49+00:00","dateModified":"2021-01-13T13:52:18+00:00","description":"Celle dont la naissance le 26 septembre \u00e0 Bukavu dans l\u2019actuelle province du Sud-Kivu en R\u00e9publique D\u00e9mocratique du Congo, Barbara Kanam avait certainement illumin\u00e9 la vie de ses parents, est devenue depuis plus d\u2019une d\u00e9cennie une v\u00e9ritable \u00e9toile pour son pays natal, le continent africain et le reste du monde.Auteure de nombreux tubes \u00e0 succ\u00e8s \u00e0 son compteur, comme Mokili (1999), Djarabi (Karibu 2009), la danse du Pr\u00e9sident, lisanga ya ba mbanda (Zawadi 2015), Fl\u00e8che, etc. ainsi que de nombreux autres en featuring comme Triple option avec Papa Wemba (Ma\u00eetre d\u2019Ecole 2014), 100%love (2006), noir et blanc (2009) avec Fally Ipupa, un peu de soleil (Jacob desvarieux, Jocelyn Labyle), la Diva de la musique qui marque son retour sur sc\u00e8ne avec l\u2019album Atcha, s\u2019est livr\u00e9e sans garde-fou \u00e0 Heshima Magazine dans une interview exclusive.","breadcrumb":{"@id":"https:\/\/heshimardc.net\/v1\/2020\/12\/20\/barbara-kanam\/#breadcrumb"},"inLanguage":"fr-FR","potentialAction":[{"@type":"ReadAction","target":["https:\/\/heshimardc.net\/v1\/2020\/12\/20\/barbara-kanam\/"]}]},{"@type":"ImageObject","inLanguage":"fr-FR","@id":"https:\/\/heshimardc.net\/v1\/2020\/12\/20\/barbara-kanam\/#primaryimage","url":"https:\/\/heshimardc.net\/v1\/wp-content\/uploads\/2020\/12\/e87984471affa705569eec05442f96688408a1d1.jpg","contentUrl":"https:\/\/heshimardc.net\/v1\/wp-content\/uploads\/2020\/12\/e87984471affa705569eec05442f96688408a1d1.jpg","width":250,"height":512},{"@type":"BreadcrumbList","@id":"https:\/\/heshimardc.net\/v1\/2020\/12\/20\/barbara-kanam\/#breadcrumb","itemListElement":[{"@type":"ListItem","position":1,"name":"Accueil","item":"https:\/\/heshimardc.net\/v1\/"},{"@type":"ListItem","position":2,"name":"Barbara Kanam, Ce nom fait son effet dans les oreilles de ceux qui l\u2019entendent."}]},{"@type":"WebSite","@id":"https:\/\/heshimardc.net\/v1\/#website","url":"https:\/\/heshimardc.net\/v1\/","name":"HESHIMA MAGAZINE","description":"Le magazine Congolais qui bat au rythme de l&#039;actualit\u00e9","publisher":{"@id":"https:\/\/heshimardc.net\/v1\/#organization"},"potentialAction":[{"@type":"SearchAction","target":{"@type":"EntryPoint","urlTemplate":"https:\/\/heshimardc.net\/v1\/?s={search_term_string}"},"query-input":"required name=search_term_string"}],"inLanguage":"fr-FR"},{"@type":"Organization","@id":"https:\/\/heshimardc.net\/v1\/#organization","name":"HESHIMA MAGAZINE","url":"https:\/\/heshimardc.net\/v1\/","logo":{"@type":"ImageObject","inLanguage":"fr-FR","@id":"https:\/\/heshimardc.net\/v1\/#\/schema\/logo\/image\/","url":"https:\/\/heshimardc.net\/v1\/wp-content\/uploads\/2020\/09\/logo.png","contentUrl":"https:\/\/heshimardc.net\/v1\/wp-content\/uploads\/2020\/09\/logo.png","width":99,"height":130,"caption":"HESHIMA MAGAZINE"},"image":{"@id":"https:\/\/heshimardc.net\/v1\/#\/schema\/logo\/image\/"},"sameAs":["https:\/\/www.facebook.com\/heshimamagazine","https:\/\/x.com\/HeshimaMag"]},{"@type":"Person","@id":"https:\/\/heshimardc.net\/v1\/#\/schema\/person\/7188c0b9e770a370943576373b325f91","name":"La redaction","image":{"@type":"ImageObject","inLanguage":"fr-FR","@id":"https:\/\/heshimardc.net\/v1\/#\/schema\/person\/image\/","url":"https:\/\/secure.gravatar.com\/avatar\/b53b1a4a434346e76d3ea6c9ecf19fc8?s=96&d=mm&r=g","contentUrl":"https:\/\/secure.gravatar.com\/avatar\/b53b1a4a434346e76d3ea6c9ecf19fc8?s=96&d=mm&r=g","caption":"La redaction"},"sameAs":["https:\/\/heshimardc.net\/v1","La redaction"],"url":"https:\/\/heshimardc.net\/v1\/author\/la-redaction\/"}]}},"amp_enabled":true,"_links":{"self":[{"href":"https:\/\/heshimardc.net\/v1\/wp-json\/wp\/v2\/posts\/970"}],"collection":[{"href":"https:\/\/heshimardc.net\/v1\/wp-json\/wp\/v2\/posts"}],"about":[{"href":"https:\/\/heshimardc.net\/v1\/wp-json\/wp\/v2\/types\/post"}],"author":[{"embeddable":true,"href":"https:\/\/heshimardc.net\/v1\/wp-json\/wp\/v2\/users\/1"}],"replies":[{"embeddable":true,"href":"https:\/\/heshimardc.net\/v1\/wp-json\/wp\/v2\/comments?post=970"}],"version-history":[{"count":3,"href":"https:\/\/heshimardc.net\/v1\/wp-json\/wp\/v2\/posts\/970\/revisions"}],"predecessor-version":[{"id":1067,"href":"https:\/\/heshimardc.net\/v1\/wp-json\/wp\/v2\/posts\/970\/revisions\/1067"}],"wp:featuredmedia":[{"embeddable":true,"href":"https:\/\/heshimardc.net\/v1\/wp-json\/wp\/v2\/media\/974"}],"wp:attachment":[{"href":"https:\/\/heshimardc.net\/v1\/wp-json\/wp\/v2\/media?parent=970"}],"wp:term":[{"taxonomy":"category","embeddable":true,"href":"https:\/\/heshimardc.net\/v1\/wp-json\/wp\/v2\/categories?post=970"},{"taxonomy":"post_tag","embeddable":true,"href":"https:\/\/heshimardc.net\/v1\/wp-json\/wp\/v2\/tags?post=970"}],"curies":[{"name":"wp","href":"https:\/\/api.w.org\/{rel}","templated":true}]}}